{"id":324877,"date":"2025-01-21T15:36:54","date_gmt":"2025-01-21T11:36:54","guid":{"rendered":"https:\/\/www.meydan.tv\/?p=324877"},"modified":"2025-01-21T16:09:25","modified_gmt":"2025-01-21T12:09:25","slug":"polis-cop29-a-gor%c9%99-m%c9%99ni-ogurlayib-13-gun-bolm%c9%99d%c9%99-saxladi-ail%c9%99m-morqlarda-axtardi","status":"publish","type":"post","link":"https:\/\/www.meydan.tv\/az\/article\/polis-cop29-a-gor%c9%99-m%c9%99ni-ogurlayib-13-gun-bolm%c9%99d%c9%99-saxladi-ail%c9%99m-morqlarda-axtardi\/","title":{"rendered":"\u201cPolis COP29-a g\u00f6r\u0259 m\u0259ni o\u011furlay\u0131b 13 g\u00fcn b\u00f6lm\u0259d\u0259 saxlad\u0131, ail\u0259m morqlarda axtard\u0131\u201d"},"content":{"rendered":"\n<p><strong><em>\u201cR\u0259is m\u00fcavini dedi ki, a\u011fsaqqal, s\u0259n\u0259 pis baxmam\u0131\u015f\u0131q, ictimail\u0259\u015fdirm\u0259\u201d<\/em><\/strong><\/p>\n\n\n\n<p><em>\u201cM\u0259ni metrodan o\u011furlay\u0131b 30-cu polis b\u00f6lm\u0259sin\u0259 apard\u0131lar. \u0130ki h\u0259ft\u0259 \u0259rzind\u0259 orada qeydiyyats\u0131z, gizli saxlad\u0131lar. Sonra da taksiy\u0259 mindirib evim\u0259 yola sald\u0131lar. \u0130ki h\u0259ft\u0259 \u0259rzind\u0259 ail\u0259m m\u0259ni morqlarda, x\u0259st\u0259xanalarda axtar\u0131b\u201d.<\/em><\/p>\n\n\n\n<p>58 ya\u015fl\u0131 Bak\u0131 sakini H\u0259s\u0259n H\u0259s\u0259nov Meydan TV-y\u0259 deyir ki, \u00f6t\u0259n il noyabr\u0131n 12-d\u0259 g\u00fcnorta saatlar\u0131nda \u201c28 May\u201c metrostansiyas\u0131nda m\u00fclki geyimli \u015f\u0259xsl\u0259r onu saxlayaraq Suraxan\u0131 Rayon Polis \u0130dar\u0259sinin 30-cu Polis B\u00f6lm\u0259sin\u0259 apar\u0131blar.<\/p>\n\n\n\n<p>Noyabr\u0131n 25-d\u0259 azad ed\u0259r\u0259k taksiyl\u0259 evin\u0259 yola sal\u0131blar.<\/p>\n\n\n\n<p>Dediyin\u0259 g\u00f6r\u0259, s\u0259b\u0259b \u00f6lk\u0259d\u0259 ke\u00e7iril\u0259n COP 29 t\u0259dbiri olub:<\/p>\n\n\n\n<p><em>\u201cM\u00fct\u0259madi olaraq sosial \u015f\u0259b\u0259k\u0259l\u0259rd\u0259, \u0259sas\u0259n d\u0259 \u201cTik-tok\u201cda canl\u0131 yay\u0131m a\u00e7\u0131ram, 2000-ci ild\u0259 istehsalat z\u0259d\u0259si ald\u0131\u011f\u0131ma g\u00f6r\u0259 t\u0259zminatla ba\u011fl\u0131 \u00e7\u0131xar\u0131lan m\u0259hk\u0259m\u0259 q\u0259rar\u0131n\u0131n 25 ildir ki, icra olunmamas\u0131ndan, 2010-cu ild\u0259 d\u0259r\u0259c\u0259min \u0259limd\u0259n al\u0131nmas\u0131ndan, 2018-ci ild\u0259 D\u00f6vl\u0259t Neft \u015eirk\u0259tind\u0259n qanunsuz i\u015fd\u0259n \u00e7\u0131xar\u0131lma\u011f\u0131mdan dan\u0131\u015f\u0131ram, Prezident\u0259 m\u00fcraci\u0259tl\u0259r edir\u0259m. Ona g\u00f6r\u0259 d\u0259 sifari\u015f edibl\u0259r ki, m\u0259ni tutub apar\u0131b COP 29 t\u0259dbiri ba\u015fa \u00e7atanad\u0259k polisd\u0259 saxlas\u0131nlar. Bununla da s\u0259simi k\u0259ssinl\u0259r, g\u0259l\u0259n qonaqlar\u0131n yan\u0131nda biab\u0131r olmas\u0131nlar\u201d.<\/em><\/p>\n\n\n\n<p>\u015eikay\u0259t\u00e7inin s\u00f6zl\u0259rin\u0259 g\u00f6r\u0259, noyabr\u0131n 12-d\u0259 polis b\u00f6lm\u0259sind\u0259 onu ilk qar\u015f\u0131layan r\u0259is m\u00fcavini olub:<\/p>\n\n\n\n<p><em>\u201cM\u00fclki geyimli \u00fc\u00e7 n\u0259f\u0259r apar\u0131b m\u0259ni r\u0259is m\u00fcavinin\u0259 t\u0259hvil verdil\u0259r, tap\u015f\u0131rd\u0131lar ki, t\u0259dbir ba\u015fa \u00e7atanad\u0259k burada qals\u0131n. M\u00fcavind\u0259n saxlanma\u011f\u0131m\u0131n s\u0259b\u0259bini soru\u015fanda dedi ki, yuxar\u0131dan tap\u015f\u0131r\u0131q var, a\u011fsaqqal, narahat olma, s\u0259ni bir ne\u00e7\u0259 g\u00fcn burda qonaq saxlay\u0131b, sa\u011f-salamat evin\u0259 yola salaca\u011f\u0131q. Dedim, ax\u0131 bir adam\u0131 polisd\u0259 saxlama\u011f\u0131n m\u00fcdd\u0259ti 48 saatd\u0131r, 48 saatdan sonra n\u0259 ed\u0259c\u0259ksiniz? Dedi, s\u0259n \u00fcr\u0259yini s\u0131xma, h\u0259r \u015fey yax\u015f\u0131 olacaq. 48 saat da ke\u00e7di, he\u00e7 bir inzibati q\u0259rar filan olmad\u0131, el\u0259 qeydiyyats\u0131z, q\u0259rars\u0131z 13 g\u00fcn orda saxlad\u0131lar. D\u00fczd\u00fcr, he\u00e7 bir t\u0259zyiq, kobud r\u0259ftar g\u00f6rm\u0259dim, ancaq m\u0259ni axtar\u0131b tapa bilm\u0259y\u0259n ail\u0259m, yax\u0131n qohumlar\u0131m \u00e7ox narahat\u00e7\u0131l\u0131q ke\u00e7irib, m\u0259ni morqlarda, x\u0259st\u0259xanalarda axtar\u0131blar, \u015f\u0259kill\u0259rimi \u00e7oxald\u0131b k\u00fc\u00e7\u0259l\u0259rd\u0259 itkin kimi divarlara yap\u0131\u015fd\u0131r\u0131blar. B\u00fct\u00fcn bunlar\u0131n n\u0259tic\u0259sind\u0259 onsuz da uzun ill\u0259rdir ki, qan azl\u0131\u011f\u0131ndan m\u00fcalic\u0259 olunan h\u0259yat yolda\u015f\u0131m m\u0259n tap\u0131landan sonra x\u0259st\u0259xanal\u0131q olub\u201d.<\/em><\/p>\n\n\n\n<p>Nazil\u0259 Quliyeva H\u0259s\u0259n H\u0259s\u0259novun h\u0259yat yolda\u015f\u0131d\u0131r.<\/p>\n\n\n\n<p>Dan\u0131\u015f\u0131r ki, h\u0259yat yolda\u015f\u0131 v\u0259 \u00f6z\u00fc i\u015fini itir\u0259nd\u0259n sonra neft\u00e7i kimi onlara verilmi\u015f \u00c7ilov adas\u0131ndak\u0131 evd\u0259n \u00e7\u0131xar\u0131l\u0131blar.<\/p>\n\n\n\n<p>Bin\u0259d\u0259 \u201cSovxoz\u201d deyil\u0259n \u0259razid\u0259 kiray\u0259d\u0259 ya\u015fama\u011fa davam edibl\u0259r. Bir t\u0259r\u0259fd\u0259n i\u015fsizlik, bir t\u0259r\u0259fd\u0259n evsizlik, bir t\u0259r\u0259fd\u0259n d\u0259 x\u0259st\u0259lik h\u0259yatlar\u0131n\u0131 \u00e7\u0259tinl\u0259\u015fdirib:<\/p>\n\n\n\n<p><em>\u201cM\u0259n uzun ill\u0259rdir ki, m\u00fcxt\u0259lif x\u0259st\u0259likl\u0259rd\u0259n \u0259ziyy\u0259t \u00e7\u0259kir\u0259m. H\u0259min g\u00fcn H\u0259s\u0259n bir tan\u0131\u015f\u0131yla g\u00f6r\u00fc\u015f\u00fcb 100 manat borc alacaqd\u0131 ki, n\u00f6vb\u0259ti g\u00fcn m\u0259ni h\u0259kim\u0259 apars\u0131n. Ax\u015fam oldu, gec\u0259 ke\u00e7di, g\u0259lib \u00e7\u0131xmad\u0131. Telefonu da s\u00f6nd\u00fcr\u00fclm\u00fc\u015fd\u00fc. Rayondak\u0131 yax\u0131n qohumlardan soru\u015fduq, g\u00fcman\u0131m\u0131z \u00e7atan h\u0259r k\u0259sd\u0259n soru\u015fduq, \u201cg\u00f6rd\u00fcm\u201d dey\u0259n olmad\u0131. Daxili \u0130\u015fl\u0259r Nazirliyinin \u201c102\u201c xidm\u0259tin\u0259 m\u00fcraci\u0259t etdik, bizi \u00f6z \u0259razimiz \u00fczr\u0259 30-cu polis b\u00f6lm\u0259sin\u0259 y\u00f6nl\u0259ndirdil\u0259r ki, m\u00fcraci\u0259timizi ora ed\u0259k\u201d.<\/em><\/p>\n\n\n\n<p>Ail\u0259 \u00fczvl\u0259ri b\u00f6lm\u0259y\u0259 m\u00fcraci\u0259t edibl\u0259r, g\u00fcnl\u0259rl\u0259 gedib-g\u0259ls\u0259l\u0259r d\u0259, x\u0259b\u0259rl\u0259ri olmay\u0131b ki, H\u0259s\u0259n H\u0259s\u0259nov divar\u0131n o biri tay\u0131nda saxlan\u0131l\u0131r:<\/p>\n\n\n\n<p><em>\u201cS\u0259n dem\u0259, H\u0259s\u0259ni el\u0259 orada bir otaqda saxlay\u0131rlarm\u0131\u015f, biz\u0259 d\u0259 deyirl\u0259r, gedin ev\u0259, arxay\u0131n olun, sa\u011f-salamatd\u0131r, hardad\u0131rsa, t\u0259dbirl\u0259r ba\u015fa \u00e7atandan sonra g\u0259l\u0259c\u0259k. Polis b\u00f6lm\u0259sinin binas\u0131nda kameralar var, ara\u015fd\u0131ra da bil\u0259rl\u0259r, h\u0259r g\u00fcn ora getmi\u015fik, b\u00f6lm\u0259nin qar\u015f\u0131s\u0131nda oturmu\u015fuq, x\u0259b\u0259r g\u00f6zl\u0259mi\u015fik. H\u0259tta bir polis i\u015f\u00e7isi biz\u0259 m\u0259sl\u0259h\u0259t d\u0259 verib ki, Xo\u015fq\u0259d\u0259min verili\u015fin\u0259 \u00e7\u0131xaq, divarlara \u015f\u0259kill\u0259rini yap\u0131\u015fd\u0131raq. Bizim d\u0259 a\u011fl\u0131m\u0131za batd\u0131, \u015f\u0259kill\u0259rini \u00e7oxald\u0131b divarlara yap\u0131\u015fd\u0131rd\u0131q, polis b\u00f6lm\u0259sin\u0259 get-g\u0259l ed\u0259-ed\u0259&nbsp; morqlar\u0131, x\u0259st\u0259xanalar\u0131 axtard\u0131q, H\u0259s\u0259ni tapmad\u0131q\u201d.<\/em><\/p>\n\n\n\n<p>Nazil\u0259 Quliyevan\u0131n s\u00f6zl\u0259rin\u0259 g\u00f6r\u0259, noyabr\u0131n 25-d\u0259 ax\u015fam saatlar\u0131nda h\u0259yat yolda\u015f\u0131 o\u011fluna z\u0259ng vuraraq polis b\u00f6lm\u0259sind\u0259n burax\u0131ld\u0131\u011f\u0131n\u0131, taksiy\u0259 mindiril\u0259r\u0259k ev\u0259 yola sal\u0131nd\u0131\u011f\u0131n\u0131 v\u0259 tezlikl\u0259 evd\u0259 olaca\u011f\u0131n\u0131 deyib. Az sonra is\u0259 ev\u0259 g\u0259lib.<\/p>\n\n\n\n<p>H\u0259s\u0259n H\u0259s\u0259nov deyir, polis b\u00f6lm\u0259sind\u0259n burax\u0131landa r\u0259is m\u00fcavini ona s\u00f6z verib ki, ba\u015f ver\u0259nl\u0259ri ictimail\u0259\u015fdirm\u0259s\u0259, probleml\u0259rini h\u0259ll ed\u0259c\u0259kl\u0259r:<\/p>\n\n\n\n<p><em>\u201cDedi ki, a\u011fsaqqal, burada s\u0259n\u0259 pis baxmam\u0131\u015f\u0131q ki&#8230; Bizd\u0259n naraz\u0131l\u0131\u011f\u0131n yoxdur ki&#8230; Get evin\u0259, he\u00e7 yer\u0259 he\u00e7 n\u0259 dan\u0131\u015fma, s\u0259n\u0259 k\u00f6m\u0259k ed\u0259c\u0259yik, probleml\u0259rin h\u0259ll olunacaq. G\u0259ldim ev\u0259, iki ay g\u00f6zl\u0259dim, he\u00e7 bir x\u0259b\u0259r \u00e7\u0131xmad\u0131. Ona g\u00f6r\u0259 d\u0259 q\u0259rara g\u0259ldim ki, ba\u015f\u0131ma g\u0259l\u0259nl\u0259ri ictimail\u0259\u015fdirim<\/em>\u201d.<\/p>\n\n\n\n<p>Meydan TV Daxili \u0130\u015fl\u0259r Nazirliyind\u0259n H\u0259s\u0259n H\u0259s\u0259novun dedikl\u0259rin\u0259 m\u00fcnasib\u0259t \u00f6yr\u0259n\u0259 bilm\u0259yib.<\/p>\n\n\n\n<p><\/p>\n","protected":false},"excerpt":{"rendered":"<p>\u201cR\u0259is m\u00fcavini dedi ki, a\u011fsaqqal, s\u0259n\u0259 pis baxmam\u0131\u015f\u0131q, ictimail\u0259\u015fdirm\u0259\u201d \u201cM\u0259ni &#8230; <\/p>\n<p class=\"read-more-container\"><a title=\"\u201cPolis COP29-a g\u00f6r\u0259 m\u0259ni o\u011furlay\u0131b 13 g\u00fcn b\u00f6lm\u0259d\u0259 saxlad\u0131, ail\u0259m morqlarda axtard\u0131\u201d\" class=\"read-more button\" href=\"https:\/\/www.meydan.tv\/az\/article\/polis-cop29-a-gor%c9%99-m%c9%99ni-ogurlayib-13-gun-bolm%c9%99d%c9%99-saxladi-ail%c9%99m-morqlarda-axtardi\/#more-324877\" aria-label=\"Read more about \u201cPolis COP29-a g\u00f6r\u0259 m\u0259ni o\u011furlay\u0131b 13 g\u00fcn b\u00f6lm\u0259d\u0259 saxlad\u0131, ail\u0259m morqlarda axtard\u0131\u201d\">Davam\u0131<\/a><\/p>\n","protected":false},"author":21,"featured_media":324886,"comment_status":"closed","ping_status":"closed","sticky":false,"template":"","format":"standard","meta":{"_acf_changed":false,"_sitemap_exclude":false,"_sitemap_priority":"","_sitemap_frequency":"","footnotes":""},"categories":[62,79,56],"tags":[],"class_list":["post-324877","post","type-post","status-publish","format-standard","has-post-thumbnail","hentry","category-sosial","category-featured","category-xeberler","infinite-scroll-item","generate-columns","tablet-grid-50","mobile-grid-100","grid-parent","grid-33","no-featured-image-padding"],"acf":[],"yoast_head":"<!-- This site is optimized with the Yoast SEO plugin v27.4 - https:\/\/yoast.com\/product\/yoast-seo-wordpress\/ -->\n<title>\u201cPolis COP29-a g\u00f6r\u0259 m\u0259ni o\u011furlay\u0131b 13 g\u00fcn b\u00f6lm\u0259d\u0259 saxlad\u0131, ail\u0259m morqlarda axtard\u0131\u201d - MEYDAN.TV<\/title>\n<meta name=\"robots\" content=\"index, follow, max-snippet:-1, max-image-preview:large, max-video-preview:-1\" \/>\n<link rel=\"canonical\" href=\"https:\/\/www.meydan.tv\/az\/article\/polis-cop29-a-gor%c9%99-m%c9%99ni-ogurlayib-13-gun-bolm%c9%99d%c9%99-saxladi-ail%c9%99m-morqlarda-axtardi\/\" \/>\n<meta property=\"og:locale\" content=\"az_AZ\" \/>\n<meta property=\"og:type\" content=\"article\" \/>\n<meta property=\"og:title\" content=\"\u201cPolis COP29-a g\u00f6r\u0259 m\u0259ni o\u011furlay\u0131b 13 g\u00fcn b\u00f6lm\u0259d\u0259 saxlad\u0131, ail\u0259m morqlarda axtard\u0131\u201d - MEYDAN.TV\" \/>\n<meta property=\"og:description\" content=\"\u201cR\u0259is m\u00fcavini dedi ki, a\u011fsaqqal, s\u0259n\u0259 pis baxmam\u0131\u015f\u0131q, ictimail\u0259\u015fdirm\u0259\u201d \u201cM\u0259ni ... Davam\u0131\" \/>\n<meta property=\"og:url\" content=\"https:\/\/www.meydan.tv\/az\/article\/polis-cop29-a-gor%c9%99-m%c9%99ni-ogurlayib-13-gun-bolm%c9%99d%c9%99-saxladi-ail%c9%99m-morqlarda-axtardi\/\" \/>\n<meta property=\"og:site_name\" content=\"MEYDAN.TV\" \/>\n<meta property=\"article:published_time\" content=\"2025-01-21T11:36:54+00:00\" \/>\n<meta property=\"article:modified_time\" content=\"2025-01-21T12:09:25+00:00\" \/>\n<meta property=\"og:image\" content=\"https:\/\/www.meydan.tv\/wp-content\/uploads\/12322.png\" \/>\n\t<meta property=\"og:image:width\" content=\"1179\" \/>\n\t<meta property=\"og:image:height\" content=\"576\" \/>\n\t<meta property=\"og:image:type\" content=\"image\/png\" \/>\n<meta name=\"author\" content=\"mahmud\" \/>\n<meta name=\"twitter:card\" content=\"summary_large_image\" \/>\n<script type=\"application\/ld+json\" class=\"yoast-schema-graph\">{\"@context\":\"https:\\\/\\\/schema.org\",\"@graph\":[{\"@type\":\"Article\",\"@id\":\"https:\\\/\\\/www.meydan.tv\\\/az\\\/article\\\/polis-cop29-a-gor%c9%99-m%c9%99ni-ogurlayib-13-gun-bolm%c9%99d%c9%99-saxladi-ail%c9%99m-morqlarda-axtardi\\\/#article\",\"isPartOf\":{\"@id\":\"https:\\\/\\\/www.meydan.tv\\\/az\\\/article\\\/polis-cop29-a-gor%c9%99-m%c9%99ni-ogurlayib-13-gun-bolm%c9%99d%c9%99-saxladi-ail%c9%99m-morqlarda-axtardi\\\/\"},\"author\":{\"name\":\"mahmud\",\"@id\":\"https:\\\/\\\/www.meydan.tv\\\/az\\\/#\\\/schema\\\/person\\\/09863e516102a829e72bedcf3f84c6b0\"},\"headline\":\"\u201cPolis COP29-a g\u00f6r\u0259 m\u0259ni o\u011furlay\u0131b 13 g\u00fcn b\u00f6lm\u0259d\u0259 saxlad\u0131, ail\u0259m morqlarda axtard\u0131\u201d\",\"datePublished\":\"2025-01-21T11:36:54+00:00\",\"dateModified\":\"2025-01-21T12:09:25+00:00\",\"mainEntityOfPage\":{\"@id\":\"https:\\\/\\\/www.meydan.tv\\\/az\\\/article\\\/polis-cop29-a-gor%c9%99-m%c9%99ni-ogurlayib-13-gun-bolm%c9%99d%c9%99-saxladi-ail%c9%99m-morqlarda-axtardi\\\/\"},\"wordCount\":1070,\"publisher\":{\"@id\":\"https:\\\/\\\/www.meydan.tv\\\/az\\\/#organization\"},\"image\":{\"@id\":\"https:\\\/\\\/www.meydan.tv\\\/az\\\/article\\\/polis-cop29-a-gor%c9%99-m%c9%99ni-ogurlayib-13-gun-bolm%c9%99d%c9%99-saxladi-ail%c9%99m-morqlarda-axtardi\\\/#primaryimage\"},\"thumbnailUrl\":\"https:\\\/\\\/www.meydan.tv\\\/wp-content\\\/uploads\\\/12322.png\",\"articleSection\":[\"Sosial\",\"T\u00f6vsiy\u0259\",\"X\u0259b\u0259rl\u0259r\"],\"inLanguage\":\"az\"},{\"@type\":\"WebPage\",\"@id\":\"https:\\\/\\\/www.meydan.tv\\\/az\\\/article\\\/polis-cop29-a-gor%c9%99-m%c9%99ni-ogurlayib-13-gun-bolm%c9%99d%c9%99-saxladi-ail%c9%99m-morqlarda-axtardi\\\/\",\"url\":\"https:\\\/\\\/www.meydan.tv\\\/az\\\/article\\\/polis-cop29-a-gor%c9%99-m%c9%99ni-ogurlayib-13-gun-bolm%c9%99d%c9%99-saxladi-ail%c9%99m-morqlarda-axtardi\\\/\",\"name\":\"\u201cPolis COP29-a g\u00f6r\u0259 m\u0259ni o\u011furlay\u0131b 13 g\u00fcn b\u00f6lm\u0259d\u0259 saxlad\u0131, ail\u0259m morqlarda axtard\u0131\u201d - MEYDAN.TV\",\"isPartOf\":{\"@id\":\"https:\\\/\\\/www.meydan.tv\\\/az\\\/#website\"},\"primaryImageOfPage\":{\"@id\":\"https:\\\/\\\/www.meydan.tv\\\/az\\\/article\\\/polis-cop29-a-gor%c9%99-m%c9%99ni-ogurlayib-13-gun-bolm%c9%99d%c9%99-saxladi-ail%c9%99m-morqlarda-axtardi\\\/#primaryimage\"},\"image\":{\"@id\":\"https:\\\/\\\/www.meydan.tv\\\/az\\\/article\\\/polis-cop29-a-gor%c9%99-m%c9%99ni-ogurlayib-13-gun-bolm%c9%99d%c9%99-saxladi-ail%c9%99m-morqlarda-axtardi\\\/#primaryimage\"},\"thumbnailUrl\":\"https:\\\/\\\/www.meydan.tv\\\/wp-content\\\/uploads\\\/12322.png\",\"datePublished\":\"2025-01-21T11:36:54+00:00\",\"dateModified\":\"2025-01-21T12:09:25+00:00\",\"breadcrumb\":{\"@id\":\"https:\\\/\\\/www.meydan.tv\\\/az\\\/article\\\/polis-cop29-a-gor%c9%99-m%c9%99ni-ogurlayib-13-gun-bolm%c9%99d%c9%99-saxladi-ail%c9%99m-morqlarda-axtardi\\\/#breadcrumb\"},\"inLanguage\":\"az\",\"potentialAction\":[{\"@type\":\"ReadAction\",\"target\":[\"https:\\\/\\\/www.meydan.tv\\\/az\\\/article\\\/polis-cop29-a-gor%c9%99-m%c9%99ni-ogurlayib-13-gun-bolm%c9%99d%c9%99-saxladi-ail%c9%99m-morqlarda-axtardi\\\/\"]}]},{\"@type\":\"ImageObject\",\"inLanguage\":\"az\",\"@id\":\"https:\\\/\\\/www.meydan.tv\\\/az\\\/article\\\/polis-cop29-a-gor%c9%99-m%c9%99ni-ogurlayib-13-gun-bolm%c9%99d%c9%99-saxladi-ail%c9%99m-morqlarda-axtardi\\\/#primaryimage\",\"url\":\"https:\\\/\\\/www.meydan.tv\\\/wp-content\\\/uploads\\\/12322.png\",\"contentUrl\":\"https:\\\/\\\/www.meydan.tv\\\/wp-content\\\/uploads\\\/12322.png\",\"width\":1179,\"height\":576,\"caption\":\"Bak\u0131 sakini H\u0259s\u0259n H\u0259s\u0259nov. Foto: Meydan TV\"},{\"@type\":\"BreadcrumbList\",\"@id\":\"https:\\\/\\\/www.meydan.tv\\\/az\\\/article\\\/polis-cop29-a-gor%c9%99-m%c9%99ni-ogurlayib-13-gun-bolm%c9%99d%c9%99-saxladi-ail%c9%99m-morqlarda-axtardi\\\/#breadcrumb\",\"itemListElement\":[{\"@type\":\"ListItem\",\"position\":1,\"name\":\"Ana s\u0259hif\u0259\",\"item\":\"https:\\\/\\\/www.meydan.tv\\\/az\\\/\"},{\"@type\":\"ListItem\",\"position\":2,\"name\":\"Sosial\",\"item\":\"https:\\\/\\\/www.meydan.tv\\\/az\\\/section\\\/sosial\\\/\"},{\"@type\":\"ListItem\",\"position\":3,\"name\":\"\u201cPolis COP29-a g\u00f6r\u0259 m\u0259ni o\u011furlay\u0131b 13 g\u00fcn b\u00f6lm\u0259d\u0259 saxlad\u0131, ail\u0259m morqlarda axtard\u0131\u201d\"}]},{\"@type\":\"WebSite\",\"@id\":\"https:\\\/\\\/www.meydan.tv\\\/az\\\/#website\",\"url\":\"https:\\\/\\\/www.meydan.tv\\\/az\\\/\",\"name\":\"MEYDAN.TV\",\"description\":\"Meydan TV Az\u0259rbaycan\u0131n media m\u0259kan\u0131ndak\u0131 alternativ s\u0259sidir\",\"publisher\":{\"@id\":\"https:\\\/\\\/www.meydan.tv\\\/az\\\/#organization\"},\"potentialAction\":[{\"@type\":\"SearchAction\",\"target\":{\"@type\":\"EntryPoint\",\"urlTemplate\":\"https:\\\/\\\/www.meydan.tv\\\/az\\\/?s={search_term_string}\"},\"query-input\":{\"@type\":\"PropertyValueSpecification\",\"valueRequired\":true,\"valueName\":\"search_term_string\"}}],\"inLanguage\":\"az\"},{\"@type\":\"Organization\",\"@id\":\"https:\\\/\\\/www.meydan.tv\\\/az\\\/#organization\",\"name\":\"Meydan TV\",\"url\":\"https:\\\/\\\/www.meydan.tv\\\/az\\\/\",\"logo\":{\"@type\":\"ImageObject\",\"inLanguage\":\"az\",\"@id\":\"https:\\\/\\\/www.meydan.tv\\\/az\\\/#\\\/schema\\\/logo\\\/image\\\/\",\"url\":\"https:\\\/\\\/www.meydan.tv\\\/wp-content\\\/uploads\\\/2021\\\/07\\\/meydan-logo.svg\",\"contentUrl\":\"https:\\\/\\\/www.meydan.tv\\\/wp-content\\\/uploads\\\/2021\\\/07\\\/meydan-logo.svg\",\"width\":195,\"height\":46,\"caption\":\"Meydan TV\"},\"image\":{\"@id\":\"https:\\\/\\\/www.meydan.tv\\\/az\\\/#\\\/schema\\\/logo\\\/image\\\/\"}},{\"@type\":\"Person\",\"@id\":\"https:\\\/\\\/www.meydan.tv\\\/az\\\/#\\\/schema\\\/person\\\/09863e516102a829e72bedcf3f84c6b0\",\"name\":\"mahmud\"}]}<\/script>\n<!-- \/ Yoast SEO plugin. -->","yoast_head_json":{"title":"\u201cPolis COP29-a g\u00f6r\u0259 m\u0259ni o\u011furlay\u0131b 13 g\u00fcn b\u00f6lm\u0259d\u0259 saxlad\u0131, ail\u0259m morqlarda axtard\u0131\u201d - MEYDAN.TV","robots":{"index":"index","follow":"follow","max-snippet":"max-snippet:-1","max-image-preview":"max-image-preview:large","max-video-preview":"max-video-preview:-1"},"canonical":"https:\/\/www.meydan.tv\/az\/article\/polis-cop29-a-gor%c9%99-m%c9%99ni-ogurlayib-13-gun-bolm%c9%99d%c9%99-saxladi-ail%c9%99m-morqlarda-axtardi\/","og_locale":"az_AZ","og_type":"article","og_title":"\u201cPolis COP29-a g\u00f6r\u0259 m\u0259ni o\u011furlay\u0131b 13 g\u00fcn b\u00f6lm\u0259d\u0259 saxlad\u0131, ail\u0259m morqlarda axtard\u0131\u201d - MEYDAN.TV","og_description":"\u201cR\u0259is m\u00fcavini dedi ki, a\u011fsaqqal, s\u0259n\u0259 pis baxmam\u0131\u015f\u0131q, ictimail\u0259\u015fdirm\u0259\u201d \u201cM\u0259ni ... Davam\u0131","og_url":"https:\/\/www.meydan.tv\/az\/article\/polis-cop29-a-gor%c9%99-m%c9%99ni-ogurlayib-13-gun-bolm%c9%99d%c9%99-saxladi-ail%c9%99m-morqlarda-axtardi\/","og_site_name":"MEYDAN.TV","article_published_time":"2025-01-21T11:36:54+00:00","article_modified_time":"2025-01-21T12:09:25+00:00","og_image":[{"width":1179,"height":576,"url":"https:\/\/www.meydan.tv\/wp-content\/uploads\/12322.png","type":"image\/png"}],"author":"mahmud","twitter_card":"summary_large_image","schema":{"@context":"https:\/\/schema.org","@graph":[{"@type":"Article","@id":"https:\/\/www.meydan.tv\/az\/article\/polis-cop29-a-gor%c9%99-m%c9%99ni-ogurlayib-13-gun-bolm%c9%99d%c9%99-saxladi-ail%c9%99m-morqlarda-axtardi\/#article","isPartOf":{"@id":"https:\/\/www.meydan.tv\/az\/article\/polis-cop29-a-gor%c9%99-m%c9%99ni-ogurlayib-13-gun-bolm%c9%99d%c9%99-saxladi-ail%c9%99m-morqlarda-axtardi\/"},"author":{"name":"mahmud","@id":"https:\/\/www.meydan.tv\/az\/#\/schema\/person\/09863e516102a829e72bedcf3f84c6b0"},"headline":"\u201cPolis COP29-a g\u00f6r\u0259 m\u0259ni o\u011furlay\u0131b 13 g\u00fcn b\u00f6lm\u0259d\u0259 saxlad\u0131, ail\u0259m morqlarda axtard\u0131\u201d","datePublished":"2025-01-21T11:36:54+00:00","dateModified":"2025-01-21T12:09:25+00:00","mainEntityOfPage":{"@id":"https:\/\/www.meydan.tv\/az\/article\/polis-cop29-a-gor%c9%99-m%c9%99ni-ogurlayib-13-gun-bolm%c9%99d%c9%99-saxladi-ail%c9%99m-morqlarda-axtardi\/"},"wordCount":1070,"publisher":{"@id":"https:\/\/www.meydan.tv\/az\/#organization"},"image":{"@id":"https:\/\/www.meydan.tv\/az\/article\/polis-cop29-a-gor%c9%99-m%c9%99ni-ogurlayib-13-gun-bolm%c9%99d%c9%99-saxladi-ail%c9%99m-morqlarda-axtardi\/#primaryimage"},"thumbnailUrl":"https:\/\/www.meydan.tv\/wp-content\/uploads\/12322.png","articleSection":["Sosial","T\u00f6vsiy\u0259","X\u0259b\u0259rl\u0259r"],"inLanguage":"az"},{"@type":"WebPage","@id":"https:\/\/www.meydan.tv\/az\/article\/polis-cop29-a-gor%c9%99-m%c9%99ni-ogurlayib-13-gun-bolm%c9%99d%c9%99-saxladi-ail%c9%99m-morqlarda-axtardi\/","url":"https:\/\/www.meydan.tv\/az\/article\/polis-cop29-a-gor%c9%99-m%c9%99ni-ogurlayib-13-gun-bolm%c9%99d%c9%99-saxladi-ail%c9%99m-morqlarda-axtardi\/","name":"\u201cPolis COP29-a g\u00f6r\u0259 m\u0259ni o\u011furlay\u0131b 13 g\u00fcn b\u00f6lm\u0259d\u0259 saxlad\u0131, ail\u0259m morqlarda axtard\u0131\u201d - MEYDAN.TV","isPartOf":{"@id":"https:\/\/www.meydan.tv\/az\/#website"},"primaryImageOfPage":{"@id":"https:\/\/www.meydan.tv\/az\/article\/polis-cop29-a-gor%c9%99-m%c9%99ni-ogurlayib-13-gun-bolm%c9%99d%c9%99-saxladi-ail%c9%99m-morqlarda-axtardi\/#primaryimage"},"image":{"@id":"https:\/\/www.meydan.tv\/az\/article\/polis-cop29-a-gor%c9%99-m%c9%99ni-ogurlayib-13-gun-bolm%c9%99d%c9%99-saxladi-ail%c9%99m-morqlarda-axtardi\/#primaryimage"},"thumbnailUrl":"https:\/\/www.meydan.tv\/wp-content\/uploads\/12322.png","datePublished":"2025-01-21T11:36:54+00:00","dateModified":"2025-01-21T12:09:25+00:00","breadcrumb":{"@id":"https:\/\/www.meydan.tv\/az\/article\/polis-cop29-a-gor%c9%99-m%c9%99ni-ogurlayib-13-gun-bolm%c9%99d%c9%99-saxladi-ail%c9%99m-morqlarda-axtardi\/#breadcrumb"},"inLanguage":"az","potentialAction":[{"@type":"ReadAction","target":["https:\/\/www.meydan.tv\/az\/article\/polis-cop29-a-gor%c9%99-m%c9%99ni-ogurlayib-13-gun-bolm%c9%99d%c9%99-saxladi-ail%c9%99m-morqlarda-axtardi\/"]}]},{"@type":"ImageObject","inLanguage":"az","@id":"https:\/\/www.meydan.tv\/az\/article\/polis-cop29-a-gor%c9%99-m%c9%99ni-ogurlayib-13-gun-bolm%c9%99d%c9%99-saxladi-ail%c9%99m-morqlarda-axtardi\/#primaryimage","url":"https:\/\/www.meydan.tv\/wp-content\/uploads\/12322.png","contentUrl":"https:\/\/www.meydan.tv\/wp-content\/uploads\/12322.png","width":1179,"height":576,"caption":"Bak\u0131 sakini H\u0259s\u0259n H\u0259s\u0259nov. Foto: Meydan TV"},{"@type":"BreadcrumbList","@id":"https:\/\/www.meydan.tv\/az\/article\/polis-cop29-a-gor%c9%99-m%c9%99ni-ogurlayib-13-gun-bolm%c9%99d%c9%99-saxladi-ail%c9%99m-morqlarda-axtardi\/#breadcrumb","itemListElement":[{"@type":"ListItem","position":1,"name":"Ana s\u0259hif\u0259","item":"https:\/\/www.meydan.tv\/az\/"},{"@type":"ListItem","position":2,"name":"Sosial","item":"https:\/\/www.meydan.tv\/az\/section\/sosial\/"},{"@type":"ListItem","position":3,"name":"\u201cPolis COP29-a g\u00f6r\u0259 m\u0259ni o\u011furlay\u0131b 13 g\u00fcn b\u00f6lm\u0259d\u0259 saxlad\u0131, ail\u0259m morqlarda axtard\u0131\u201d"}]},{"@type":"WebSite","@id":"https:\/\/www.meydan.tv\/az\/#website","url":"https:\/\/www.meydan.tv\/az\/","name":"MEYDAN.TV","description":"Meydan TV Az\u0259rbaycan\u0131n media m\u0259kan\u0131ndak\u0131 alternativ s\u0259sidir","publisher":{"@id":"https:\/\/www.meydan.tv\/az\/#organization"},"potentialAction":[{"@type":"SearchAction","target":{"@type":"EntryPoint","urlTemplate":"https:\/\/www.meydan.tv\/az\/?s={search_term_string}"},"query-input":{"@type":"PropertyValueSpecification","valueRequired":true,"valueName":"search_term_string"}}],"inLanguage":"az"},{"@type":"Organization","@id":"https:\/\/www.meydan.tv\/az\/#organization","name":"Meydan TV","url":"https:\/\/www.meydan.tv\/az\/","logo":{"@type":"ImageObject","inLanguage":"az","@id":"https:\/\/www.meydan.tv\/az\/#\/schema\/logo\/image\/","url":"https:\/\/www.meydan.tv\/wp-content\/uploads\/2021\/07\/meydan-logo.svg","contentUrl":"https:\/\/www.meydan.tv\/wp-content\/uploads\/2021\/07\/meydan-logo.svg","width":195,"height":46,"caption":"Meydan TV"},"image":{"@id":"https:\/\/www.meydan.tv\/az\/#\/schema\/logo\/image\/"}},{"@type":"Person","@id":"https:\/\/www.meydan.tv\/az\/#\/schema\/person\/09863e516102a829e72bedcf3f84c6b0","name":"mahmud"}]}},"_links":{"self":[{"href":"https:\/\/www.meydan.tv\/az\/wp-json\/wp\/v2\/posts\/324877","targetHints":{"allow":["GET"]}}],"collection":[{"href":"https:\/\/www.meydan.tv\/az\/wp-json\/wp\/v2\/posts"}],"about":[{"href":"https:\/\/www.meydan.tv\/az\/wp-json\/wp\/v2\/types\/post"}],"author":[{"embeddable":true,"href":"https:\/\/www.meydan.tv\/az\/wp-json\/wp\/v2\/users\/21"}],"replies":[{"embeddable":true,"href":"https:\/\/www.meydan.tv\/az\/wp-json\/wp\/v2\/comments?post=324877"}],"version-history":[{"count":3,"href":"https:\/\/www.meydan.tv\/az\/wp-json\/wp\/v2\/posts\/324877\/revisions"}],"predecessor-version":[{"id":324889,"href":"https:\/\/www.meydan.tv\/az\/wp-json\/wp\/v2\/posts\/324877\/revisions\/324889"}],"wp:featuredmedia":[{"embeddable":true,"href":"https:\/\/www.meydan.tv\/az\/wp-json\/wp\/v2\/media\/324886"}],"wp:attachment":[{"href":"https:\/\/www.meydan.tv\/az\/wp-json\/wp\/v2\/media?parent=324877"}],"wp:term":[{"taxonomy":"category","embeddable":true,"href":"https:\/\/www.meydan.tv\/az\/wp-json\/wp\/v2\/categories?post=324877"},{"taxonomy":"post_tag","embeddable":true,"href":"https:\/\/www.meydan.tv\/az\/wp-json\/wp\/v2\/tags?post=324877"}],"curies":[{"name":"wp","href":"https:\/\/api.w.org\/{rel}","templated":true}]}}