{"id":324711,"date":"2025-01-17T20:35:14","date_gmt":"2025-01-17T16:35:14","guid":{"rendered":"https:\/\/www.meydan.tv\/?p=324711"},"modified":"2025-01-17T21:44:23","modified_gmt":"2025-01-17T17:44:23","slug":"h%c9%99bs-olunan-jurnalist-hakim%c9%99-siz-m%c9%99ni-olum%c9%99-gond%c9%99rirsiniz","status":"publish","type":"post","link":"https:\/\/www.meydan.tv\/az\/article\/h%c9%99bs-olunan-jurnalist-hakim%c9%99-siz-m%c9%99ni-olum%c9%99-gond%c9%99rirsiniz\/","title":{"rendered":"H\u0259bs olunan jurnalist hakim\u0259: \u201cSiz m\u0259ni \u00f6l\u00fcm\u0259 g\u00f6nd\u0259rirsiniz\u201d"},"content":{"rendered":"\n<figure class=\"wp-block-embed is-type-video is-provider-youtube wp-block-embed-youtube wp-embed-aspect-16-9 wp-has-aspect-ratio\"><div class=\"wp-block-embed__wrapper\">\n<iframe title=\"Daha bir jurnalist h\u0259bs edildi\" width=\"1200\" height=\"675\" data-src=\"https:\/\/www.youtube.com\/embed\/8Yj3OT4YkUM?feature=oembed\" frameborder=\"0\" allow=\"accelerometer; autoplay; clipboard-write; encrypted-media; gyroscope; picture-in-picture; web-share\" referrerpolicy=\"strict-origin-when-cross-origin\" allowfullscreen src=\"data:image\/svg+xml;base64,PHN2ZyB3aWR0aD0iMSIgaGVpZ2h0PSIxIiB4bWxucz0iaHR0cDovL3d3dy53My5vcmcvMjAwMC9zdmciPjwvc3ZnPg==\" class=\"lazyload\" data-load-mode=\"1\"><\/iframe>\n<\/div><\/figure>\n\n\n\n<p><strong><em>O, b\u0259d\u0259nind\u0259ki \u00e7oxsayl\u0131 \u0259m\u0259liyyat izl\u0259rini hakim Fuad Axundova g\u00f6st\u0259rib<\/em><\/strong><\/p>\n\n\n\n<p>\u201cToplum TV\u201d-nin \u0259m\u0259kda\u015f\u0131, jurnalist F\u0259rid \u0130smay\u0131lov yanvar\u0131n 17-d\u0259 X\u0259tai Rayon M\u0259hk\u0259m\u0259sind\u0259 bar\u0259sind\u0259 h\u0259bs q\u0259rar\u0131 veril\u0259n m\u0259hk\u0259m\u0259d\u0259 k\u00f6yn\u0259yini \u00e7\u0131xararaq, b\u0259d\u0259nind\u0259ki \u00e7oxsayl\u0131 \u0259m\u0259liyyat izl\u0259rini hakim Fuad Axundova g\u00f6st\u0259rib.&nbsp;<\/p>\n\n\n\n<p>O bildirib ki, h\u0259rbi xidm\u0259td\u0259 ald\u0131\u011f\u0131 x\u0259sar\u0259t n\u0259tic\u0259sind\u0259 d\u0259f\u0259l\u0259rl\u0259 \u0259m\u0259liyyat olunub v\u0259 haz\u0131rda s\u0259hh\u0259tind\u0259 ciddi probleml\u0259r var.<\/p>\n\n\n\n<p><em>\u201cM\u0259n \u00fcmumilikd\u0259 7 d\u0259f\u0259 \u0259m\u0259liyyat olunmu\u015fam. Bunun 6 d\u0259f\u0259si \u00fcr\u0259yimd\u0259n v\u0259 a\u011fciy\u0259rimd\u0259n olub. Siz m\u0259nim haqq\u0131mda bu q\u0259rar\u0131 verm\u0259kl\u0259 m\u0259ni \u00f6l\u00fcm\u0259 g\u00f6nd\u0259rirsiniz\u201d<\/em>, &#8211; F\u0259rid \u0130smay\u0131lov hakim\u0259 deyib.<\/p>\n\n\n\n<p>Buna baxmayaraq, hakim Fuad Axundov jurnalistin h\u0259bsi \u00fc\u00e7\u00fcn prokurorun verdiyi t\u0259qdimat\u0131 t\u0259min edib v\u0259 onun haqq\u0131nda istintaq d\u00f6vr\u00fc \u00fc\u00e7\u00fcn 2 ay 20 g\u00fcnl\u00fck h\u0259bs q\u0259timkan t\u0259dbiri se\u00e7ib.<\/p>\n\n\n\n<p>Jurnalist F\u0259rid \u0130smay\u0131lov \u201cToplum TV\u201d il\u0259 ba\u011fl\u0131 cinay\u0259t i\u015fi \u00fczr\u0259 t\u0259qsirl\u0259ndiril\u0259n 9 n\u0259f\u0259rd\u0259n biridir.&nbsp;<\/p>\n\n\n\n<p>Onunla yana\u015f\u0131, \u201cToplum TV\u201dnin t\u0259sis\u00e7isi, media h\u00fcququ \u00fczr\u0259 ekspert \u018fl\u0259sg\u0259r M\u0259mm\u0259dli, video redaktoru M\u00fc\u015ffiq Cabbar, III Respublika Platformas\u0131n\u0131n spikeri Akif Qurbanov, Platforman\u0131n Qurucu Hey\u0259t \u00fczv\u00fc Ruslan \u0130zz\u0259tli, Demokratik T\u0259\u015f\u0259bb\u00fcsl\u0259r \u0130nstitutunun \u00fczvl\u0259ri Ramil Babayev, \u0130lkin \u018fmrahov, \u018fli Zeynalov da 2024-c\u00fc il mart\u0131n 6-dan h\u0259bsd\u0259dir.<\/p>\n\n\n\n<p>Daha bir n\u0259f\u0259r g\u0259nc f\u0259al Elmir Abbasov da \u201cToplum TV\u201d il\u0259 ba\u011fl\u0131 cinay\u0259t i\u015fi \u00fczr\u0259 t\u0259qsirl\u0259ndirilir, bar\u0259sind\u0259 istintaq d\u00f6vr\u00fc \u00fc\u00e7\u00fcn h\u0259bs\u0259 alternativ q\u0259timkan t\u0259dbiri se\u00e7ilib.<\/p>\n\n\n\n<p>H\u0259bsd\u0259 olan dig\u0259r \u00e7oxsayl\u0131 jurnalistl\u0259r kimi, \u201cToplum TV\u201d \u0259m\u0259kda\u015flar\u0131na qar\u015f\u0131 da qa\u00e7aqmal\u00e7\u0131l\u0131q ittiham\u0131 ir\u0259li s\u00fcr\u00fcl\u00fcb. Lakin onlar \u00f6zl\u0259rini t\u0259qsirli bilmir, pe\u015f\u0259 f\u0259aliyy\u0259tl\u0259rin\u0259 g\u00f6r\u0259 c\u0259zaland\u0131r\u0131ld\u0131qlar\u0131n\u0131 deyirl\u0259r.<\/p>\n","protected":false},"excerpt":{"rendered":"<p>O, b\u0259d\u0259nind\u0259ki \u00e7oxsayl\u0131 \u0259m\u0259liyyat izl\u0259rini hakim Fuad Axundova g\u00f6st\u0259rib \u201cToplum &#8230; <\/p>\n<p class=\"read-more-container\"><a title=\"H\u0259bs olunan jurnalist hakim\u0259: \u201cSiz m\u0259ni \u00f6l\u00fcm\u0259 g\u00f6nd\u0259rirsiniz\u201d\" class=\"read-more button\" href=\"https:\/\/www.meydan.tv\/az\/article\/h%c9%99bs-olunan-jurnalist-hakim%c9%99-siz-m%c9%99ni-olum%c9%99-gond%c9%99rirsiniz\/#more-324711\" aria-label=\"Read more about H\u0259bs olunan jurnalist hakim\u0259: \u201cSiz m\u0259ni \u00f6l\u00fcm\u0259 g\u00f6nd\u0259rirsiniz\u201d\">Davam\u0131<\/a><\/p>\n","protected":false},"author":12,"featured_media":324712,"comment_status":"closed","ping_status":"closed","sticky":false,"template":"","format":"standard","meta":{"_acf_changed":false,"_sitemap_exclude":false,"_sitemap_priority":"","_sitemap_frequency":"","footnotes":""},"categories":[59,79,63,56],"tags":[],"class_list":["post-324711","post","type-post","status-publish","format-standard","has-post-thumbnail","hentry","category-siyaset","category-featured","category-video-2","category-xeberler","infinite-scroll-item","generate-columns","tablet-grid-50","mobile-grid-100","grid-parent","grid-33","no-featured-image-padding"],"acf":[],"yoast_head":"<!-- This site is optimized with the Yoast SEO plugin v27.4 - https:\/\/yoast.com\/product\/yoast-seo-wordpress\/ -->\n<title>H\u0259bs olunan jurnalist hakim\u0259: \u201cSiz m\u0259ni \u00f6l\u00fcm\u0259 g\u00f6nd\u0259rirsiniz\u201d - MEYDAN.TV<\/title>\n<meta name=\"robots\" content=\"index, follow, max-snippet:-1, max-image-preview:large, max-video-preview:-1\" \/>\n<link rel=\"canonical\" href=\"https:\/\/www.meydan.tv\/az\/article\/h%c9%99bs-olunan-jurnalist-hakim%c9%99-siz-m%c9%99ni-olum%c9%99-gond%c9%99rirsiniz\/\" \/>\n<meta property=\"og:locale\" content=\"az_AZ\" \/>\n<meta property=\"og:type\" content=\"article\" \/>\n<meta property=\"og:title\" content=\"H\u0259bs olunan jurnalist hakim\u0259: \u201cSiz m\u0259ni \u00f6l\u00fcm\u0259 g\u00f6nd\u0259rirsiniz\u201d - MEYDAN.TV\" \/>\n<meta property=\"og:description\" content=\"O, b\u0259d\u0259nind\u0259ki \u00e7oxsayl\u0131 \u0259m\u0259liyyat izl\u0259rini hakim Fuad Axundova g\u00f6st\u0259rib \u201cToplum ... Davam\u0131\" \/>\n<meta property=\"og:url\" content=\"https:\/\/www.meydan.tv\/az\/article\/h%c9%99bs-olunan-jurnalist-hakim%c9%99-siz-m%c9%99ni-olum%c9%99-gond%c9%99rirsiniz\/\" \/>\n<meta property=\"og:site_name\" content=\"MEYDAN.TV\" \/>\n<meta property=\"article:published_time\" content=\"2025-01-17T16:35:14+00:00\" \/>\n<meta property=\"article:modified_time\" content=\"2025-01-17T17:44:23+00:00\" \/>\n<meta property=\"og:image\" content=\"https:\/\/www.meydan.tv\/wp-content\/uploads\/img_5393.jpeg\" \/>\n\t<meta property=\"og:image:width\" content=\"1179\" \/>\n\t<meta property=\"og:image:height\" content=\"680\" \/>\n\t<meta property=\"og:image:type\" content=\"image\/jpeg\" \/>\n<meta name=\"author\" content=\"aleks\" \/>\n<meta name=\"twitter:card\" content=\"summary_large_image\" \/>\n<script type=\"application\/ld+json\" class=\"yoast-schema-graph\">{\"@context\":\"https:\\\/\\\/schema.org\",\"@graph\":[{\"@type\":\"Article\",\"@id\":\"https:\\\/\\\/www.meydan.tv\\\/az\\\/article\\\/h%c9%99bs-olunan-jurnalist-hakim%c9%99-siz-m%c9%99ni-olum%c9%99-gond%c9%99rirsiniz\\\/#article\",\"isPartOf\":{\"@id\":\"https:\\\/\\\/www.meydan.tv\\\/az\\\/article\\\/h%c9%99bs-olunan-jurnalist-hakim%c9%99-siz-m%c9%99ni-olum%c9%99-gond%c9%99rirsiniz\\\/\"},\"author\":{\"name\":\"aleks\",\"@id\":\"https:\\\/\\\/www.meydan.tv\\\/az\\\/#\\\/schema\\\/person\\\/476e9360e593fa131d5d71d51866f8da\"},\"headline\":\"H\u0259bs olunan jurnalist hakim\u0259: \u201cSiz m\u0259ni \u00f6l\u00fcm\u0259 g\u00f6nd\u0259rirsiniz\u201d\",\"datePublished\":\"2025-01-17T16:35:14+00:00\",\"dateModified\":\"2025-01-17T17:44:23+00:00\",\"mainEntityOfPage\":{\"@id\":\"https:\\\/\\\/www.meydan.tv\\\/az\\\/article\\\/h%c9%99bs-olunan-jurnalist-hakim%c9%99-siz-m%c9%99ni-olum%c9%99-gond%c9%99rirsiniz\\\/\"},\"wordCount\":383,\"publisher\":{\"@id\":\"https:\\\/\\\/www.meydan.tv\\\/az\\\/#organization\"},\"image\":{\"@id\":\"https:\\\/\\\/www.meydan.tv\\\/az\\\/article\\\/h%c9%99bs-olunan-jurnalist-hakim%c9%99-siz-m%c9%99ni-olum%c9%99-gond%c9%99rirsiniz\\\/#primaryimage\"},\"thumbnailUrl\":\"https:\\\/\\\/www.meydan.tv\\\/wp-content\\\/uploads\\\/img_5393.jpeg\",\"articleSection\":[\"Siyas\u0259t\",\"T\u00f6vsiy\u0259\",\"Video\",\"X\u0259b\u0259rl\u0259r\"],\"inLanguage\":\"az\"},{\"@type\":\"WebPage\",\"@id\":\"https:\\\/\\\/www.meydan.tv\\\/az\\\/article\\\/h%c9%99bs-olunan-jurnalist-hakim%c9%99-siz-m%c9%99ni-olum%c9%99-gond%c9%99rirsiniz\\\/\",\"url\":\"https:\\\/\\\/www.meydan.tv\\\/az\\\/article\\\/h%c9%99bs-olunan-jurnalist-hakim%c9%99-siz-m%c9%99ni-olum%c9%99-gond%c9%99rirsiniz\\\/\",\"name\":\"H\u0259bs olunan jurnalist hakim\u0259: \u201cSiz m\u0259ni \u00f6l\u00fcm\u0259 g\u00f6nd\u0259rirsiniz\u201d - MEYDAN.TV\",\"isPartOf\":{\"@id\":\"https:\\\/\\\/www.meydan.tv\\\/az\\\/#website\"},\"primaryImageOfPage\":{\"@id\":\"https:\\\/\\\/www.meydan.tv\\\/az\\\/article\\\/h%c9%99bs-olunan-jurnalist-hakim%c9%99-siz-m%c9%99ni-olum%c9%99-gond%c9%99rirsiniz\\\/#primaryimage\"},\"image\":{\"@id\":\"https:\\\/\\\/www.meydan.tv\\\/az\\\/article\\\/h%c9%99bs-olunan-jurnalist-hakim%c9%99-siz-m%c9%99ni-olum%c9%99-gond%c9%99rirsiniz\\\/#primaryimage\"},\"thumbnailUrl\":\"https:\\\/\\\/www.meydan.tv\\\/wp-content\\\/uploads\\\/img_5393.jpeg\",\"datePublished\":\"2025-01-17T16:35:14+00:00\",\"dateModified\":\"2025-01-17T17:44:23+00:00\",\"breadcrumb\":{\"@id\":\"https:\\\/\\\/www.meydan.tv\\\/az\\\/article\\\/h%c9%99bs-olunan-jurnalist-hakim%c9%99-siz-m%c9%99ni-olum%c9%99-gond%c9%99rirsiniz\\\/#breadcrumb\"},\"inLanguage\":\"az\",\"potentialAction\":[{\"@type\":\"ReadAction\",\"target\":[\"https:\\\/\\\/www.meydan.tv\\\/az\\\/article\\\/h%c9%99bs-olunan-jurnalist-hakim%c9%99-siz-m%c9%99ni-olum%c9%99-gond%c9%99rirsiniz\\\/\"]}]},{\"@type\":\"ImageObject\",\"inLanguage\":\"az\",\"@id\":\"https:\\\/\\\/www.meydan.tv\\\/az\\\/article\\\/h%c9%99bs-olunan-jurnalist-hakim%c9%99-siz-m%c9%99ni-olum%c9%99-gond%c9%99rirsiniz\\\/#primaryimage\",\"url\":\"https:\\\/\\\/www.meydan.tv\\\/wp-content\\\/uploads\\\/img_5393.jpeg\",\"contentUrl\":\"https:\\\/\\\/www.meydan.tv\\\/wp-content\\\/uploads\\\/img_5393.jpeg\",\"width\":1179,\"height\":680,\"caption\":\"Foto: F\u0259rid \u0130smay\u0131lovun \u015f\u0259xsi arxivind\u0259n\"},{\"@type\":\"BreadcrumbList\",\"@id\":\"https:\\\/\\\/www.meydan.tv\\\/az\\\/article\\\/h%c9%99bs-olunan-jurnalist-hakim%c9%99-siz-m%c9%99ni-olum%c9%99-gond%c9%99rirsiniz\\\/#breadcrumb\",\"itemListElement\":[{\"@type\":\"ListItem\",\"position\":1,\"name\":\"Ana s\u0259hif\u0259\",\"item\":\"https:\\\/\\\/www.meydan.tv\\\/az\\\/\"},{\"@type\":\"ListItem\",\"position\":2,\"name\":\"X\u0259b\u0259rl\u0259r\",\"item\":\"https:\\\/\\\/www.meydan.tv\\\/az\\\/section\\\/xeberler\\\/\"},{\"@type\":\"ListItem\",\"position\":3,\"name\":\"H\u0259bs olunan jurnalist hakim\u0259: \u201cSiz m\u0259ni \u00f6l\u00fcm\u0259 g\u00f6nd\u0259rirsiniz\u201d\"}]},{\"@type\":\"WebSite\",\"@id\":\"https:\\\/\\\/www.meydan.tv\\\/az\\\/#website\",\"url\":\"https:\\\/\\\/www.meydan.tv\\\/az\\\/\",\"name\":\"MEYDAN.TV\",\"description\":\"Meydan TV Az\u0259rbaycan\u0131n media m\u0259kan\u0131ndak\u0131 alternativ s\u0259sidir\",\"publisher\":{\"@id\":\"https:\\\/\\\/www.meydan.tv\\\/az\\\/#organization\"},\"potentialAction\":[{\"@type\":\"SearchAction\",\"target\":{\"@type\":\"EntryPoint\",\"urlTemplate\":\"https:\\\/\\\/www.meydan.tv\\\/az\\\/?s={search_term_string}\"},\"query-input\":{\"@type\":\"PropertyValueSpecification\",\"valueRequired\":true,\"valueName\":\"search_term_string\"}}],\"inLanguage\":\"az\"},{\"@type\":\"Organization\",\"@id\":\"https:\\\/\\\/www.meydan.tv\\\/az\\\/#organization\",\"name\":\"Meydan TV\",\"url\":\"https:\\\/\\\/www.meydan.tv\\\/az\\\/\",\"logo\":{\"@type\":\"ImageObject\",\"inLanguage\":\"az\",\"@id\":\"https:\\\/\\\/www.meydan.tv\\\/az\\\/#\\\/schema\\\/logo\\\/image\\\/\",\"url\":\"https:\\\/\\\/www.meydan.tv\\\/wp-content\\\/uploads\\\/2021\\\/07\\\/meydan-logo.svg\",\"contentUrl\":\"https:\\\/\\\/www.meydan.tv\\\/wp-content\\\/uploads\\\/2021\\\/07\\\/meydan-logo.svg\",\"width\":195,\"height\":46,\"caption\":\"Meydan TV\"},\"image\":{\"@id\":\"https:\\\/\\\/www.meydan.tv\\\/az\\\/#\\\/schema\\\/logo\\\/image\\\/\"}},{\"@type\":\"Person\",\"@id\":\"https:\\\/\\\/www.meydan.tv\\\/az\\\/#\\\/schema\\\/person\\\/476e9360e593fa131d5d71d51866f8da\",\"name\":\"aleks\"}]}<\/script>\n<!-- \/ Yoast SEO plugin. -->","yoast_head_json":{"title":"H\u0259bs olunan jurnalist hakim\u0259: \u201cSiz m\u0259ni \u00f6l\u00fcm\u0259 g\u00f6nd\u0259rirsiniz\u201d - MEYDAN.TV","robots":{"index":"index","follow":"follow","max-snippet":"max-snippet:-1","max-image-preview":"max-image-preview:large","max-video-preview":"max-video-preview:-1"},"canonical":"https:\/\/www.meydan.tv\/az\/article\/h%c9%99bs-olunan-jurnalist-hakim%c9%99-siz-m%c9%99ni-olum%c9%99-gond%c9%99rirsiniz\/","og_locale":"az_AZ","og_type":"article","og_title":"H\u0259bs olunan jurnalist hakim\u0259: \u201cSiz m\u0259ni \u00f6l\u00fcm\u0259 g\u00f6nd\u0259rirsiniz\u201d - MEYDAN.TV","og_description":"O, b\u0259d\u0259nind\u0259ki \u00e7oxsayl\u0131 \u0259m\u0259liyyat izl\u0259rini hakim Fuad Axundova g\u00f6st\u0259rib \u201cToplum ... Davam\u0131","og_url":"https:\/\/www.meydan.tv\/az\/article\/h%c9%99bs-olunan-jurnalist-hakim%c9%99-siz-m%c9%99ni-olum%c9%99-gond%c9%99rirsiniz\/","og_site_name":"MEYDAN.TV","article_published_time":"2025-01-17T16:35:14+00:00","article_modified_time":"2025-01-17T17:44:23+00:00","og_image":[{"width":1179,"height":680,"url":"https:\/\/www.meydan.tv\/wp-content\/uploads\/img_5393.jpeg","type":"image\/jpeg"}],"author":"aleks","twitter_card":"summary_large_image","schema":{"@context":"https:\/\/schema.org","@graph":[{"@type":"Article","@id":"https:\/\/www.meydan.tv\/az\/article\/h%c9%99bs-olunan-jurnalist-hakim%c9%99-siz-m%c9%99ni-olum%c9%99-gond%c9%99rirsiniz\/#article","isPartOf":{"@id":"https:\/\/www.meydan.tv\/az\/article\/h%c9%99bs-olunan-jurnalist-hakim%c9%99-siz-m%c9%99ni-olum%c9%99-gond%c9%99rirsiniz\/"},"author":{"name":"aleks","@id":"https:\/\/www.meydan.tv\/az\/#\/schema\/person\/476e9360e593fa131d5d71d51866f8da"},"headline":"H\u0259bs olunan jurnalist hakim\u0259: \u201cSiz m\u0259ni \u00f6l\u00fcm\u0259 g\u00f6nd\u0259rirsiniz\u201d","datePublished":"2025-01-17T16:35:14+00:00","dateModified":"2025-01-17T17:44:23+00:00","mainEntityOfPage":{"@id":"https:\/\/www.meydan.tv\/az\/article\/h%c9%99bs-olunan-jurnalist-hakim%c9%99-siz-m%c9%99ni-olum%c9%99-gond%c9%99rirsiniz\/"},"wordCount":383,"publisher":{"@id":"https:\/\/www.meydan.tv\/az\/#organization"},"image":{"@id":"https:\/\/www.meydan.tv\/az\/article\/h%c9%99bs-olunan-jurnalist-hakim%c9%99-siz-m%c9%99ni-olum%c9%99-gond%c9%99rirsiniz\/#primaryimage"},"thumbnailUrl":"https:\/\/www.meydan.tv\/wp-content\/uploads\/img_5393.jpeg","articleSection":["Siyas\u0259t","T\u00f6vsiy\u0259","Video","X\u0259b\u0259rl\u0259r"],"inLanguage":"az"},{"@type":"WebPage","@id":"https:\/\/www.meydan.tv\/az\/article\/h%c9%99bs-olunan-jurnalist-hakim%c9%99-siz-m%c9%99ni-olum%c9%99-gond%c9%99rirsiniz\/","url":"https:\/\/www.meydan.tv\/az\/article\/h%c9%99bs-olunan-jurnalist-hakim%c9%99-siz-m%c9%99ni-olum%c9%99-gond%c9%99rirsiniz\/","name":"H\u0259bs olunan jurnalist hakim\u0259: \u201cSiz m\u0259ni \u00f6l\u00fcm\u0259 g\u00f6nd\u0259rirsiniz\u201d - MEYDAN.TV","isPartOf":{"@id":"https:\/\/www.meydan.tv\/az\/#website"},"primaryImageOfPage":{"@id":"https:\/\/www.meydan.tv\/az\/article\/h%c9%99bs-olunan-jurnalist-hakim%c9%99-siz-m%c9%99ni-olum%c9%99-gond%c9%99rirsiniz\/#primaryimage"},"image":{"@id":"https:\/\/www.meydan.tv\/az\/article\/h%c9%99bs-olunan-jurnalist-hakim%c9%99-siz-m%c9%99ni-olum%c9%99-gond%c9%99rirsiniz\/#primaryimage"},"thumbnailUrl":"https:\/\/www.meydan.tv\/wp-content\/uploads\/img_5393.jpeg","datePublished":"2025-01-17T16:35:14+00:00","dateModified":"2025-01-17T17:44:23+00:00","breadcrumb":{"@id":"https:\/\/www.meydan.tv\/az\/article\/h%c9%99bs-olunan-jurnalist-hakim%c9%99-siz-m%c9%99ni-olum%c9%99-gond%c9%99rirsiniz\/#breadcrumb"},"inLanguage":"az","potentialAction":[{"@type":"ReadAction","target":["https:\/\/www.meydan.tv\/az\/article\/h%c9%99bs-olunan-jurnalist-hakim%c9%99-siz-m%c9%99ni-olum%c9%99-gond%c9%99rirsiniz\/"]}]},{"@type":"ImageObject","inLanguage":"az","@id":"https:\/\/www.meydan.tv\/az\/article\/h%c9%99bs-olunan-jurnalist-hakim%c9%99-siz-m%c9%99ni-olum%c9%99-gond%c9%99rirsiniz\/#primaryimage","url":"https:\/\/www.meydan.tv\/wp-content\/uploads\/img_5393.jpeg","contentUrl":"https:\/\/www.meydan.tv\/wp-content\/uploads\/img_5393.jpeg","width":1179,"height":680,"caption":"Foto: F\u0259rid \u0130smay\u0131lovun \u015f\u0259xsi arxivind\u0259n"},{"@type":"BreadcrumbList","@id":"https:\/\/www.meydan.tv\/az\/article\/h%c9%99bs-olunan-jurnalist-hakim%c9%99-siz-m%c9%99ni-olum%c9%99-gond%c9%99rirsiniz\/#breadcrumb","itemListElement":[{"@type":"ListItem","position":1,"name":"Ana s\u0259hif\u0259","item":"https:\/\/www.meydan.tv\/az\/"},{"@type":"ListItem","position":2,"name":"X\u0259b\u0259rl\u0259r","item":"https:\/\/www.meydan.tv\/az\/section\/xeberler\/"},{"@type":"ListItem","position":3,"name":"H\u0259bs olunan jurnalist hakim\u0259: \u201cSiz m\u0259ni \u00f6l\u00fcm\u0259 g\u00f6nd\u0259rirsiniz\u201d"}]},{"@type":"WebSite","@id":"https:\/\/www.meydan.tv\/az\/#website","url":"https:\/\/www.meydan.tv\/az\/","name":"MEYDAN.TV","description":"Meydan TV Az\u0259rbaycan\u0131n media m\u0259kan\u0131ndak\u0131 alternativ s\u0259sidir","publisher":{"@id":"https:\/\/www.meydan.tv\/az\/#organization"},"potentialAction":[{"@type":"SearchAction","target":{"@type":"EntryPoint","urlTemplate":"https:\/\/www.meydan.tv\/az\/?s={search_term_string}"},"query-input":{"@type":"PropertyValueSpecification","valueRequired":true,"valueName":"search_term_string"}}],"inLanguage":"az"},{"@type":"Organization","@id":"https:\/\/www.meydan.tv\/az\/#organization","name":"Meydan TV","url":"https:\/\/www.meydan.tv\/az\/","logo":{"@type":"ImageObject","inLanguage":"az","@id":"https:\/\/www.meydan.tv\/az\/#\/schema\/logo\/image\/","url":"https:\/\/www.meydan.tv\/wp-content\/uploads\/2021\/07\/meydan-logo.svg","contentUrl":"https:\/\/www.meydan.tv\/wp-content\/uploads\/2021\/07\/meydan-logo.svg","width":195,"height":46,"caption":"Meydan TV"},"image":{"@id":"https:\/\/www.meydan.tv\/az\/#\/schema\/logo\/image\/"}},{"@type":"Person","@id":"https:\/\/www.meydan.tv\/az\/#\/schema\/person\/476e9360e593fa131d5d71d51866f8da","name":"aleks"}]}},"_links":{"self":[{"href":"https:\/\/www.meydan.tv\/az\/wp-json\/wp\/v2\/posts\/324711","targetHints":{"allow":["GET"]}}],"collection":[{"href":"https:\/\/www.meydan.tv\/az\/wp-json\/wp\/v2\/posts"}],"about":[{"href":"https:\/\/www.meydan.tv\/az\/wp-json\/wp\/v2\/types\/post"}],"author":[{"embeddable":true,"href":"https:\/\/www.meydan.tv\/az\/wp-json\/wp\/v2\/users\/12"}],"replies":[{"embeddable":true,"href":"https:\/\/www.meydan.tv\/az\/wp-json\/wp\/v2\/comments?post=324711"}],"version-history":[{"count":4,"href":"https:\/\/www.meydan.tv\/az\/wp-json\/wp\/v2\/posts\/324711\/revisions"}],"predecessor-version":[{"id":324728,"href":"https:\/\/www.meydan.tv\/az\/wp-json\/wp\/v2\/posts\/324711\/revisions\/324728"}],"wp:featuredmedia":[{"embeddable":true,"href":"https:\/\/www.meydan.tv\/az\/wp-json\/wp\/v2\/media\/324712"}],"wp:attachment":[{"href":"https:\/\/www.meydan.tv\/az\/wp-json\/wp\/v2\/media?parent=324711"}],"wp:term":[{"taxonomy":"category","embeddable":true,"href":"https:\/\/www.meydan.tv\/az\/wp-json\/wp\/v2\/categories?post=324711"},{"taxonomy":"post_tag","embeddable":true,"href":"https:\/\/www.meydan.tv\/az\/wp-json\/wp\/v2\/tags?post=324711"}],"curies":[{"name":"wp","href":"https:\/\/api.w.org\/{rel}","templated":true}]}}