{"id":324497,"date":"2025-01-14T18:37:50","date_gmt":"2025-01-14T14:37:50","guid":{"rendered":"https:\/\/www.meydan.tv\/?p=324497"},"modified":"2025-01-14T18:37:52","modified_gmt":"2025-01-14T14:37:52","slug":"dtx-dini-icma-uzvun%c9%99-qarsi-terror-akti-planlasdiran-s%c9%99xsl%c9%99ri-saxladigini-deyir","status":"publish","type":"post","link":"https:\/\/www.meydan.tv\/az\/article\/dtx-dini-icma-uzvun%c9%99-qarsi-terror-akti-planlasdiran-s%c9%99xsl%c9%99ri-saxladigini-deyir\/","title":{"rendered":"DTX dini icma \u00fczv\u00fcn\u0259 qar\u015f\u0131 terror akt\u0131 planla\u015fd\u0131ran \u015f\u0259xsl\u0259ri saxlad\u0131\u011f\u0131n\u0131 deyir"},"content":{"rendered":"\n<p><\/p>\n\n\n\n<p><em><strong>Saxlan\u0131lan \u015f\u0259xsl\u0259rin ittihama m\u00fcnasib\u0259ti b\u0259lli deyil<\/strong><\/em><\/p>\n\n\n\n<p>Az\u0259rbaycanda f\u0259aliyy\u0259t g\u00f6st\u0259r\u0259n dini icmalardan birinin \u00fczv\u00fcn\u0259 qar\u015f\u0131 terror akt\u0131n\u0131n qar\u015f\u0131s\u0131n\u0131n al\u0131nd\u0131\u011f\u0131 iddia edilir.<\/p>\n\n\n\n<p>D\u00f6vl\u0259t T\u0259hl\u00fck\u0259sizliyi Xidm\u0259ti (DTX) terroru planla\u015fd\u0131rmaqda ittiham olunan iki n\u0259f\u0259ri saxlad\u0131\u011f\u0131n\u0131 deyir.<\/p>\n\n\n\n<p>Qurum bildirir ki, onlardan biri G\u00fcrc\u00fcstan v\u0259t\u0259nda\u015f\u0131 Aqil Aslanov, dig\u0259ri is\u0259 Az\u0259rbaycan v\u0259t\u0259nda\u015f\u0131 Ceyhun \u0130smay\u0131lovdur.<\/p>\n\n\n\n<p>Adlar\u0131 \u00e7\u0259kil\u0259n \u015f\u0259xsl\u0259r\u0259 qar\u015f\u0131 DTX-nin \u0130stintaq Ba\u015f \u0130dar\u0259sind\u0259 terror\u00e7uluq, d\u00f6vl\u0259t\u0259 x\u0259yan\u0259t, casusluq v\u0259 ba\u015fqa ittihamlar ir\u0259li s\u00fcr\u00fcl\u00fcb.<\/p>\n\n\n\n<p>Bu ilkin ittihamlarla da S\u0259bail Rayon M\u0259hk\u0259m\u0259sinin q\u0259rar\u0131 il\u0259 onlar\u0131n bar\u0259sind\u0259 h\u0259bs q\u0259timkan t\u0259dbiri se\u00e7ilib.<\/p>\n\n\n\n<p>\u0130ttihama g\u00f6r\u0259, G\u00fcrc\u00fcstan v\u0259t\u0259nda\u015f\u0131 Aqil Aslanov narkotik qa\u00e7aqmal\u00e7\u0131l\u0131\u011f\u0131 il\u0259 m\u0259\u015f\u011ful olub.<\/p>\n\n\n\n<p>O, 2024-c\u00fc ilin sentyabr ay\u0131nda ba\u015fqa \u00f6lk\u0259d\u0259 s\u0259f\u0259ri vaxt\u0131 tan\u0131\u015f\u0131 vasit\u0259sil\u0259 h\u0259min \u00f6lk\u0259nin x\u00fcsusi xidm\u0259t orqan\u0131n\u0131n \u0259m\u0259kda\u015flar\u0131 il\u0259 g\u00f6r\u00fc\u015f\u00fcb.<\/p>\n\n\n\n<p>H\u0259min \u015f\u0259xsl\u0259r Az\u0259rbaycanda olan dini icma \u00fczv\u00fcn\u00fcn foto\u015f\u0259kill\u0259rini Aqil Aslanova g\u00f6st\u0259rib bar\u0259sind\u0259 m\u0259lumat ver\u0259r\u0259k 200 min dollara ona sui-q\u0259sd t\u0259\u015fkilini t\u0259klif edibl\u0259r.<\/p>\n\n\n\n<p>\u0130ddia edilir ki, Aqil Aslanov raz\u0131la\u015f\u0131b v\u0259 avans kimi ona 2 min dollar verilib.<\/p>\n\n\n\n<p>Ona ilkin tap\u015f\u0131r\u0131q is\u0259 s\u00f6z\u00fcged\u0259n icma \u00fczv\u00fc v\u0259 onun i\u015f yeri bar\u0259d\u0259 z\u0259ruri k\u0259\u015ffiyyat m\u0259lumatlar\u0131n\u0131 toplay\u0131b onlara \u00f6t\u00fcrm\u0259kd\u0259n ibar\u0259t olub.<\/p>\n\n\n\n<p>\u0130ttihama \u0259sas\u0259n, bundan sonra Bak\u0131ya g\u0259l\u0259n Aqil Aslanov bu i\u015f\u0259 Ceyhun \u0130smay\u0131lovu da c\u0259lb edib.<\/p>\n\n\n\n<p>Onlar birlikd\u0259 h\u0259min dini icma \u00fczv\u00fc bar\u0259d\u0259 m\u0259lumatlar toplama\u011fa ba\u015flay\u0131blar, onun ya\u015fay\u0131\u015f v\u0259 i\u015f yeri bar\u0259d\u0259 m\u0259lumatlar\u0131 mobil telefon t\u0259tbiqi vasit\u0259sil\u0259 xarici x\u00fcsusi xidm\u0259t orqan\u0131 n\u00fcmay\u0259nd\u0259sin\u0259 g\u00f6nd\u0259ribl\u0259r.<\/p>\n\n\n\n<p>Onlar\u0131n hans\u0131 dini icman\u0131n \u00fczv\u00fcn\u0259 qar\u015f\u0131 terror haz\u0131rlad\u0131\u011f\u0131 da a\u00e7\u0131qlanmay\u0131b.<\/p>\n\n\n\n<p>T\u0259qsirl\u0259ndiril\u0259n \u015f\u0259xsl\u0259r Aqil Aslanov v\u0259 Ceyhun \u0130smay\u0131lovun \u00f6zl\u0259rinin, v\u0259kill\u0259rinin, yaxud da ail\u0259l\u0259rinin bu ittihamlara m\u00fcnasib\u0259ti, onlar\u0131n \u00f6zl\u0259rini t\u0259qsirli bilib-bilm\u0259dikl\u0259ri m\u0259lum deyil.<\/p>\n","protected":false},"excerpt":{"rendered":"<p>Saxlan\u0131lan \u015f\u0259xsl\u0259rin ittihama m\u00fcnasib\u0259ti b\u0259lli deyil Az\u0259rbaycanda f\u0259aliyy\u0259t g\u00f6st\u0259r\u0259n dini &#8230; <\/p>\n<p class=\"read-more-container\"><a title=\"DTX dini icma \u00fczv\u00fcn\u0259 qar\u015f\u0131 terror akt\u0131 planla\u015fd\u0131ran \u015f\u0259xsl\u0259ri saxlad\u0131\u011f\u0131n\u0131 deyir\" class=\"read-more button\" href=\"https:\/\/www.meydan.tv\/az\/article\/dtx-dini-icma-uzvun%c9%99-qarsi-terror-akti-planlasdiran-s%c9%99xsl%c9%99ri-saxladigini-deyir\/#more-324497\" aria-label=\"Read more about DTX dini icma \u00fczv\u00fcn\u0259 qar\u015f\u0131 terror akt\u0131 planla\u015fd\u0131ran \u015f\u0259xsl\u0259ri saxlad\u0131\u011f\u0131n\u0131 deyir\">Davam\u0131<\/a><\/p>\n","protected":false},"author":21,"featured_media":290640,"comment_status":"closed","ping_status":"closed","sticky":false,"template":"","format":"standard","meta":{"_acf_changed":false,"_sitemap_exclude":false,"_sitemap_priority":"","_sitemap_frequency":"","footnotes":""},"categories":[62,56],"tags":[],"class_list":["post-324497","post","type-post","status-publish","format-standard","has-post-thumbnail","hentry","category-sosial","category-xeberler","infinite-scroll-item","generate-columns","tablet-grid-50","mobile-grid-100","grid-parent","grid-33","no-featured-image-padding"],"acf":[],"yoast_head":"<!-- This site is optimized with the Yoast SEO plugin v27.4 - https:\/\/yoast.com\/product\/yoast-seo-wordpress\/ -->\n<title>DTX dini icma \u00fczv\u00fcn\u0259 qar\u015f\u0131 terror akt\u0131 planla\u015fd\u0131ran \u015f\u0259xsl\u0259ri saxlad\u0131\u011f\u0131n\u0131 deyir - MEYDAN.TV<\/title>\n<meta name=\"robots\" content=\"index, follow, max-snippet:-1, max-image-preview:large, max-video-preview:-1\" \/>\n<link rel=\"canonical\" href=\"https:\/\/www.meydan.tv\/az\/article\/dtx-dini-icma-uzvun%c9%99-qarsi-terror-akti-planlasdiran-s%c9%99xsl%c9%99ri-saxladigini-deyir\/\" \/>\n<meta property=\"og:locale\" content=\"az_AZ\" \/>\n<meta property=\"og:type\" content=\"article\" \/>\n<meta property=\"og:title\" content=\"DTX dini icma \u00fczv\u00fcn\u0259 qar\u015f\u0131 terror akt\u0131 planla\u015fd\u0131ran \u015f\u0259xsl\u0259ri saxlad\u0131\u011f\u0131n\u0131 deyir - MEYDAN.TV\" \/>\n<meta property=\"og:description\" content=\"Saxlan\u0131lan \u015f\u0259xsl\u0259rin ittihama m\u00fcnasib\u0259ti b\u0259lli deyil Az\u0259rbaycanda f\u0259aliyy\u0259t g\u00f6st\u0259r\u0259n dini ... Davam\u0131\" \/>\n<meta property=\"og:url\" content=\"https:\/\/www.meydan.tv\/az\/article\/dtx-dini-icma-uzvun%c9%99-qarsi-terror-akti-planlasdiran-s%c9%99xsl%c9%99ri-saxladigini-deyir\/\" \/>\n<meta property=\"og:site_name\" content=\"MEYDAN.TV\" \/>\n<meta property=\"article:published_time\" content=\"2025-01-14T14:37:50+00:00\" \/>\n<meta property=\"article:modified_time\" content=\"2025-01-14T14:37:52+00:00\" \/>\n<meta property=\"og:image\" content=\"https:\/\/www.meydan.tv\/wp-content\/uploads\/emnvc5gxiaa0i97.jpg\" \/>\n\t<meta property=\"og:image:width\" content=\"1500\" \/>\n\t<meta property=\"og:image:height\" content=\"766\" \/>\n\t<meta property=\"og:image:type\" content=\"image\/jpeg\" \/>\n<meta name=\"author\" content=\"mahmud\" \/>\n<meta name=\"twitter:card\" content=\"summary_large_image\" \/>\n<script type=\"application\/ld+json\" class=\"yoast-schema-graph\">{\"@context\":\"https:\\\/\\\/schema.org\",\"@graph\":[{\"@type\":\"Article\",\"@id\":\"https:\\\/\\\/www.meydan.tv\\\/az\\\/article\\\/dtx-dini-icma-uzvun%c9%99-qarsi-terror-akti-planlasdiran-s%c9%99xsl%c9%99ri-saxladigini-deyir\\\/#article\",\"isPartOf\":{\"@id\":\"https:\\\/\\\/www.meydan.tv\\\/az\\\/article\\\/dtx-dini-icma-uzvun%c9%99-qarsi-terror-akti-planlasdiran-s%c9%99xsl%c9%99ri-saxladigini-deyir\\\/\"},\"author\":{\"name\":\"mahmud\",\"@id\":\"https:\\\/\\\/www.meydan.tv\\\/az\\\/#\\\/schema\\\/person\\\/09863e516102a829e72bedcf3f84c6b0\"},\"headline\":\"DTX dini icma \u00fczv\u00fcn\u0259 qar\u015f\u0131 terror akt\u0131 planla\u015fd\u0131ran \u015f\u0259xsl\u0259ri saxlad\u0131\u011f\u0131n\u0131 deyir\",\"datePublished\":\"2025-01-14T14:37:50+00:00\",\"dateModified\":\"2025-01-14T14:37:52+00:00\",\"mainEntityOfPage\":{\"@id\":\"https:\\\/\\\/www.meydan.tv\\\/az\\\/article\\\/dtx-dini-icma-uzvun%c9%99-qarsi-terror-akti-planlasdiran-s%c9%99xsl%c9%99ri-saxladigini-deyir\\\/\"},\"wordCount\":421,\"publisher\":{\"@id\":\"https:\\\/\\\/www.meydan.tv\\\/az\\\/#organization\"},\"image\":{\"@id\":\"https:\\\/\\\/www.meydan.tv\\\/az\\\/article\\\/dtx-dini-icma-uzvun%c9%99-qarsi-terror-akti-planlasdiran-s%c9%99xsl%c9%99ri-saxladigini-deyir\\\/#primaryimage\"},\"thumbnailUrl\":\"https:\\\/\\\/www.meydan.tv\\\/wp-content\\\/uploads\\\/emnvc5gxiaa0i97.jpg\",\"articleSection\":[\"Sosial\",\"X\u0259b\u0259rl\u0259r\"],\"inLanguage\":\"az\"},{\"@type\":\"WebPage\",\"@id\":\"https:\\\/\\\/www.meydan.tv\\\/az\\\/article\\\/dtx-dini-icma-uzvun%c9%99-qarsi-terror-akti-planlasdiran-s%c9%99xsl%c9%99ri-saxladigini-deyir\\\/\",\"url\":\"https:\\\/\\\/www.meydan.tv\\\/az\\\/article\\\/dtx-dini-icma-uzvun%c9%99-qarsi-terror-akti-planlasdiran-s%c9%99xsl%c9%99ri-saxladigini-deyir\\\/\",\"name\":\"DTX dini icma \u00fczv\u00fcn\u0259 qar\u015f\u0131 terror akt\u0131 planla\u015fd\u0131ran \u015f\u0259xsl\u0259ri saxlad\u0131\u011f\u0131n\u0131 deyir - MEYDAN.TV\",\"isPartOf\":{\"@id\":\"https:\\\/\\\/www.meydan.tv\\\/az\\\/#website\"},\"primaryImageOfPage\":{\"@id\":\"https:\\\/\\\/www.meydan.tv\\\/az\\\/article\\\/dtx-dini-icma-uzvun%c9%99-qarsi-terror-akti-planlasdiran-s%c9%99xsl%c9%99ri-saxladigini-deyir\\\/#primaryimage\"},\"image\":{\"@id\":\"https:\\\/\\\/www.meydan.tv\\\/az\\\/article\\\/dtx-dini-icma-uzvun%c9%99-qarsi-terror-akti-planlasdiran-s%c9%99xsl%c9%99ri-saxladigini-deyir\\\/#primaryimage\"},\"thumbnailUrl\":\"https:\\\/\\\/www.meydan.tv\\\/wp-content\\\/uploads\\\/emnvc5gxiaa0i97.jpg\",\"datePublished\":\"2025-01-14T14:37:50+00:00\",\"dateModified\":\"2025-01-14T14:37:52+00:00\",\"breadcrumb\":{\"@id\":\"https:\\\/\\\/www.meydan.tv\\\/az\\\/article\\\/dtx-dini-icma-uzvun%c9%99-qarsi-terror-akti-planlasdiran-s%c9%99xsl%c9%99ri-saxladigini-deyir\\\/#breadcrumb\"},\"inLanguage\":\"az\",\"potentialAction\":[{\"@type\":\"ReadAction\",\"target\":[\"https:\\\/\\\/www.meydan.tv\\\/az\\\/article\\\/dtx-dini-icma-uzvun%c9%99-qarsi-terror-akti-planlasdiran-s%c9%99xsl%c9%99ri-saxladigini-deyir\\\/\"]}]},{\"@type\":\"ImageObject\",\"inLanguage\":\"az\",\"@id\":\"https:\\\/\\\/www.meydan.tv\\\/az\\\/article\\\/dtx-dini-icma-uzvun%c9%99-qarsi-terror-akti-planlasdiran-s%c9%99xsl%c9%99ri-saxladigini-deyir\\\/#primaryimage\",\"url\":\"https:\\\/\\\/www.meydan.tv\\\/wp-content\\\/uploads\\\/emnvc5gxiaa0i97.jpg\",\"contentUrl\":\"https:\\\/\\\/www.meydan.tv\\\/wp-content\\\/uploads\\\/emnvc5gxiaa0i97.jpg\",\"width\":1500,\"height\":766,\"caption\":\"D\u00f6vl\u0259t T\u0259hl\u00fck\u0259sizliyi Xidm\u0259ti. Foto: DTX\"},{\"@type\":\"BreadcrumbList\",\"@id\":\"https:\\\/\\\/www.meydan.tv\\\/az\\\/article\\\/dtx-dini-icma-uzvun%c9%99-qarsi-terror-akti-planlasdiran-s%c9%99xsl%c9%99ri-saxladigini-deyir\\\/#breadcrumb\",\"itemListElement\":[{\"@type\":\"ListItem\",\"position\":1,\"name\":\"Ana s\u0259hif\u0259\",\"item\":\"https:\\\/\\\/www.meydan.tv\\\/az\\\/\"},{\"@type\":\"ListItem\",\"position\":2,\"name\":\"Sosial\",\"item\":\"https:\\\/\\\/www.meydan.tv\\\/az\\\/section\\\/sosial\\\/\"},{\"@type\":\"ListItem\",\"position\":3,\"name\":\"DTX dini icma \u00fczv\u00fcn\u0259 qar\u015f\u0131 terror akt\u0131 planla\u015fd\u0131ran \u015f\u0259xsl\u0259ri saxlad\u0131\u011f\u0131n\u0131 deyir\"}]},{\"@type\":\"WebSite\",\"@id\":\"https:\\\/\\\/www.meydan.tv\\\/az\\\/#website\",\"url\":\"https:\\\/\\\/www.meydan.tv\\\/az\\\/\",\"name\":\"MEYDAN.TV\",\"description\":\"Meydan TV Az\u0259rbaycan\u0131n media m\u0259kan\u0131ndak\u0131 alternativ s\u0259sidir\",\"publisher\":{\"@id\":\"https:\\\/\\\/www.meydan.tv\\\/az\\\/#organization\"},\"potentialAction\":[{\"@type\":\"SearchAction\",\"target\":{\"@type\":\"EntryPoint\",\"urlTemplate\":\"https:\\\/\\\/www.meydan.tv\\\/az\\\/?s={search_term_string}\"},\"query-input\":{\"@type\":\"PropertyValueSpecification\",\"valueRequired\":true,\"valueName\":\"search_term_string\"}}],\"inLanguage\":\"az\"},{\"@type\":\"Organization\",\"@id\":\"https:\\\/\\\/www.meydan.tv\\\/az\\\/#organization\",\"name\":\"Meydan TV\",\"url\":\"https:\\\/\\\/www.meydan.tv\\\/az\\\/\",\"logo\":{\"@type\":\"ImageObject\",\"inLanguage\":\"az\",\"@id\":\"https:\\\/\\\/www.meydan.tv\\\/az\\\/#\\\/schema\\\/logo\\\/image\\\/\",\"url\":\"https:\\\/\\\/www.meydan.tv\\\/wp-content\\\/uploads\\\/2021\\\/07\\\/meydan-logo.svg\",\"contentUrl\":\"https:\\\/\\\/www.meydan.tv\\\/wp-content\\\/uploads\\\/2021\\\/07\\\/meydan-logo.svg\",\"width\":195,\"height\":46,\"caption\":\"Meydan TV\"},\"image\":{\"@id\":\"https:\\\/\\\/www.meydan.tv\\\/az\\\/#\\\/schema\\\/logo\\\/image\\\/\"}},{\"@type\":\"Person\",\"@id\":\"https:\\\/\\\/www.meydan.tv\\\/az\\\/#\\\/schema\\\/person\\\/09863e516102a829e72bedcf3f84c6b0\",\"name\":\"mahmud\"}]}<\/script>\n<!-- \/ Yoast SEO plugin. -->","yoast_head_json":{"title":"DTX dini icma \u00fczv\u00fcn\u0259 qar\u015f\u0131 terror akt\u0131 planla\u015fd\u0131ran \u015f\u0259xsl\u0259ri saxlad\u0131\u011f\u0131n\u0131 deyir - MEYDAN.TV","robots":{"index":"index","follow":"follow","max-snippet":"max-snippet:-1","max-image-preview":"max-image-preview:large","max-video-preview":"max-video-preview:-1"},"canonical":"https:\/\/www.meydan.tv\/az\/article\/dtx-dini-icma-uzvun%c9%99-qarsi-terror-akti-planlasdiran-s%c9%99xsl%c9%99ri-saxladigini-deyir\/","og_locale":"az_AZ","og_type":"article","og_title":"DTX dini icma \u00fczv\u00fcn\u0259 qar\u015f\u0131 terror akt\u0131 planla\u015fd\u0131ran \u015f\u0259xsl\u0259ri saxlad\u0131\u011f\u0131n\u0131 deyir - MEYDAN.TV","og_description":"Saxlan\u0131lan \u015f\u0259xsl\u0259rin ittihama m\u00fcnasib\u0259ti b\u0259lli deyil Az\u0259rbaycanda f\u0259aliyy\u0259t g\u00f6st\u0259r\u0259n dini ... Davam\u0131","og_url":"https:\/\/www.meydan.tv\/az\/article\/dtx-dini-icma-uzvun%c9%99-qarsi-terror-akti-planlasdiran-s%c9%99xsl%c9%99ri-saxladigini-deyir\/","og_site_name":"MEYDAN.TV","article_published_time":"2025-01-14T14:37:50+00:00","article_modified_time":"2025-01-14T14:37:52+00:00","og_image":[{"width":1500,"height":766,"url":"https:\/\/www.meydan.tv\/wp-content\/uploads\/emnvc5gxiaa0i97.jpg","type":"image\/jpeg"}],"author":"mahmud","twitter_card":"summary_large_image","schema":{"@context":"https:\/\/schema.org","@graph":[{"@type":"Article","@id":"https:\/\/www.meydan.tv\/az\/article\/dtx-dini-icma-uzvun%c9%99-qarsi-terror-akti-planlasdiran-s%c9%99xsl%c9%99ri-saxladigini-deyir\/#article","isPartOf":{"@id":"https:\/\/www.meydan.tv\/az\/article\/dtx-dini-icma-uzvun%c9%99-qarsi-terror-akti-planlasdiran-s%c9%99xsl%c9%99ri-saxladigini-deyir\/"},"author":{"name":"mahmud","@id":"https:\/\/www.meydan.tv\/az\/#\/schema\/person\/09863e516102a829e72bedcf3f84c6b0"},"headline":"DTX dini icma \u00fczv\u00fcn\u0259 qar\u015f\u0131 terror akt\u0131 planla\u015fd\u0131ran \u015f\u0259xsl\u0259ri saxlad\u0131\u011f\u0131n\u0131 deyir","datePublished":"2025-01-14T14:37:50+00:00","dateModified":"2025-01-14T14:37:52+00:00","mainEntityOfPage":{"@id":"https:\/\/www.meydan.tv\/az\/article\/dtx-dini-icma-uzvun%c9%99-qarsi-terror-akti-planlasdiran-s%c9%99xsl%c9%99ri-saxladigini-deyir\/"},"wordCount":421,"publisher":{"@id":"https:\/\/www.meydan.tv\/az\/#organization"},"image":{"@id":"https:\/\/www.meydan.tv\/az\/article\/dtx-dini-icma-uzvun%c9%99-qarsi-terror-akti-planlasdiran-s%c9%99xsl%c9%99ri-saxladigini-deyir\/#primaryimage"},"thumbnailUrl":"https:\/\/www.meydan.tv\/wp-content\/uploads\/emnvc5gxiaa0i97.jpg","articleSection":["Sosial","X\u0259b\u0259rl\u0259r"],"inLanguage":"az"},{"@type":"WebPage","@id":"https:\/\/www.meydan.tv\/az\/article\/dtx-dini-icma-uzvun%c9%99-qarsi-terror-akti-planlasdiran-s%c9%99xsl%c9%99ri-saxladigini-deyir\/","url":"https:\/\/www.meydan.tv\/az\/article\/dtx-dini-icma-uzvun%c9%99-qarsi-terror-akti-planlasdiran-s%c9%99xsl%c9%99ri-saxladigini-deyir\/","name":"DTX dini icma \u00fczv\u00fcn\u0259 qar\u015f\u0131 terror akt\u0131 planla\u015fd\u0131ran \u015f\u0259xsl\u0259ri saxlad\u0131\u011f\u0131n\u0131 deyir - MEYDAN.TV","isPartOf":{"@id":"https:\/\/www.meydan.tv\/az\/#website"},"primaryImageOfPage":{"@id":"https:\/\/www.meydan.tv\/az\/article\/dtx-dini-icma-uzvun%c9%99-qarsi-terror-akti-planlasdiran-s%c9%99xsl%c9%99ri-saxladigini-deyir\/#primaryimage"},"image":{"@id":"https:\/\/www.meydan.tv\/az\/article\/dtx-dini-icma-uzvun%c9%99-qarsi-terror-akti-planlasdiran-s%c9%99xsl%c9%99ri-saxladigini-deyir\/#primaryimage"},"thumbnailUrl":"https:\/\/www.meydan.tv\/wp-content\/uploads\/emnvc5gxiaa0i97.jpg","datePublished":"2025-01-14T14:37:50+00:00","dateModified":"2025-01-14T14:37:52+00:00","breadcrumb":{"@id":"https:\/\/www.meydan.tv\/az\/article\/dtx-dini-icma-uzvun%c9%99-qarsi-terror-akti-planlasdiran-s%c9%99xsl%c9%99ri-saxladigini-deyir\/#breadcrumb"},"inLanguage":"az","potentialAction":[{"@type":"ReadAction","target":["https:\/\/www.meydan.tv\/az\/article\/dtx-dini-icma-uzvun%c9%99-qarsi-terror-akti-planlasdiran-s%c9%99xsl%c9%99ri-saxladigini-deyir\/"]}]},{"@type":"ImageObject","inLanguage":"az","@id":"https:\/\/www.meydan.tv\/az\/article\/dtx-dini-icma-uzvun%c9%99-qarsi-terror-akti-planlasdiran-s%c9%99xsl%c9%99ri-saxladigini-deyir\/#primaryimage","url":"https:\/\/www.meydan.tv\/wp-content\/uploads\/emnvc5gxiaa0i97.jpg","contentUrl":"https:\/\/www.meydan.tv\/wp-content\/uploads\/emnvc5gxiaa0i97.jpg","width":1500,"height":766,"caption":"D\u00f6vl\u0259t T\u0259hl\u00fck\u0259sizliyi Xidm\u0259ti. Foto: DTX"},{"@type":"BreadcrumbList","@id":"https:\/\/www.meydan.tv\/az\/article\/dtx-dini-icma-uzvun%c9%99-qarsi-terror-akti-planlasdiran-s%c9%99xsl%c9%99ri-saxladigini-deyir\/#breadcrumb","itemListElement":[{"@type":"ListItem","position":1,"name":"Ana s\u0259hif\u0259","item":"https:\/\/www.meydan.tv\/az\/"},{"@type":"ListItem","position":2,"name":"Sosial","item":"https:\/\/www.meydan.tv\/az\/section\/sosial\/"},{"@type":"ListItem","position":3,"name":"DTX dini icma \u00fczv\u00fcn\u0259 qar\u015f\u0131 terror akt\u0131 planla\u015fd\u0131ran \u015f\u0259xsl\u0259ri saxlad\u0131\u011f\u0131n\u0131 deyir"}]},{"@type":"WebSite","@id":"https:\/\/www.meydan.tv\/az\/#website","url":"https:\/\/www.meydan.tv\/az\/","name":"MEYDAN.TV","description":"Meydan TV Az\u0259rbaycan\u0131n media m\u0259kan\u0131ndak\u0131 alternativ s\u0259sidir","publisher":{"@id":"https:\/\/www.meydan.tv\/az\/#organization"},"potentialAction":[{"@type":"SearchAction","target":{"@type":"EntryPoint","urlTemplate":"https:\/\/www.meydan.tv\/az\/?s={search_term_string}"},"query-input":{"@type":"PropertyValueSpecification","valueRequired":true,"valueName":"search_term_string"}}],"inLanguage":"az"},{"@type":"Organization","@id":"https:\/\/www.meydan.tv\/az\/#organization","name":"Meydan TV","url":"https:\/\/www.meydan.tv\/az\/","logo":{"@type":"ImageObject","inLanguage":"az","@id":"https:\/\/www.meydan.tv\/az\/#\/schema\/logo\/image\/","url":"https:\/\/www.meydan.tv\/wp-content\/uploads\/2021\/07\/meydan-logo.svg","contentUrl":"https:\/\/www.meydan.tv\/wp-content\/uploads\/2021\/07\/meydan-logo.svg","width":195,"height":46,"caption":"Meydan TV"},"image":{"@id":"https:\/\/www.meydan.tv\/az\/#\/schema\/logo\/image\/"}},{"@type":"Person","@id":"https:\/\/www.meydan.tv\/az\/#\/schema\/person\/09863e516102a829e72bedcf3f84c6b0","name":"mahmud"}]}},"_links":{"self":[{"href":"https:\/\/www.meydan.tv\/az\/wp-json\/wp\/v2\/posts\/324497","targetHints":{"allow":["GET"]}}],"collection":[{"href":"https:\/\/www.meydan.tv\/az\/wp-json\/wp\/v2\/posts"}],"about":[{"href":"https:\/\/www.meydan.tv\/az\/wp-json\/wp\/v2\/types\/post"}],"author":[{"embeddable":true,"href":"https:\/\/www.meydan.tv\/az\/wp-json\/wp\/v2\/users\/21"}],"replies":[{"embeddable":true,"href":"https:\/\/www.meydan.tv\/az\/wp-json\/wp\/v2\/comments?post=324497"}],"version-history":[{"count":1,"href":"https:\/\/www.meydan.tv\/az\/wp-json\/wp\/v2\/posts\/324497\/revisions"}],"predecessor-version":[{"id":324498,"href":"https:\/\/www.meydan.tv\/az\/wp-json\/wp\/v2\/posts\/324497\/revisions\/324498"}],"wp:featuredmedia":[{"embeddable":true,"href":"https:\/\/www.meydan.tv\/az\/wp-json\/wp\/v2\/media\/290640"}],"wp:attachment":[{"href":"https:\/\/www.meydan.tv\/az\/wp-json\/wp\/v2\/media?parent=324497"}],"wp:term":[{"taxonomy":"category","embeddable":true,"href":"https:\/\/www.meydan.tv\/az\/wp-json\/wp\/v2\/categories?post=324497"},{"taxonomy":"post_tag","embeddable":true,"href":"https:\/\/www.meydan.tv\/az\/wp-json\/wp\/v2\/tags?post=324497"}],"curies":[{"name":"wp","href":"https:\/\/api.w.org\/{rel}","templated":true}]}}