{"id":324456,"date":"2025-01-14T15:08:05","date_gmt":"2025-01-14T11:08:05","guid":{"rendered":"https:\/\/www.meydan.tv\/?p=324456"},"modified":"2025-01-14T15:08:10","modified_gmt":"2025-01-14T11:08:10","slug":"batumelebi-mudiri-haqqinda-h%c9%99bs-q%c9%99timkan-t%c9%99dbiri-secilib","status":"publish","type":"post","link":"https:\/\/www.meydan.tv\/az\/article\/batumelebi-mudiri-haqqinda-h%c9%99bs-q%c9%99timkan-t%c9%99dbiri-secilib\/","title":{"rendered":"\u00abBatumelebi\u00bb m\u00fcdiri haqq\u0131nda h\u0259bs q\u0259timkan t\u0259dbiri se\u00e7ilib"},"content":{"rendered":"\n<p><strong><em>M\u0259hk\u0259m\u0259d\u0259 jurnalistl\u0259r q\u0131\u015fq\u0131raraq prokuror v\u0259 hakiml\u0259r\u0259: \u201cPutinin qullar\u0131\u201d deyibl\u0259r <\/em><\/strong><\/p>\n\n\n\n<p>Batumi \u015e\u0259h\u0259r M\u0259hk\u0259m\u0259si \u201cBatumelebi\u201d v\u0259 \u201cNetgazeti\u201dnin t\u0259sis\u00e7isi Mzia Amaqlobeli bar\u0259sind\u0259 h\u0259bs-q\u0259timkan t\u0259dbiri se\u00e7ilib.<\/p>\n\n\n\n<p>Q\u0259rar hakim Nino Sahela\u015fvili t\u0259r\u0259find\u0259n verilib.<\/p>\n\n\n\n<p>M\u0259hk\u0259m\u0259nin haz\u0131rl\u0131q iclas\u0131 4 mart 2025-ci il, saat 11:00-a t\u0259yin edilib.<\/p>\n\n\n\n<p>Prokurorlu\u011fun ittiham\u0131na g\u00f6r\u0259, onu 4 ild\u0259n 7 il\u0259 q\u0259d\u0259r h\u0259bs g\u00f6zl\u0259yir.<\/p>\n\n\n\n<p>Hakimin h\u00f6km\u00fc oxumas\u0131 zalda s\u0259s-k\u00fcy v\u0259 &#8220;Mziaya azadl\u0131q!&#8221; \u00e7a\u011f\u0131r\u0131\u015flar\u0131 il\u0259 m\u00fc\u015fayi\u0259t olunub.<\/p>\n\n\n\n<p>M\u0259hk\u0259m\u0259 zal\u0131ndak\u0131 jurnalistl\u0259r hakim v\u0259 prokurorlara: \u201c\u0130vani\u015fvilinin qullar\u0131!\u201d, \u201cRusiya m\u0259hk\u0259m\u0259si!\u201d, \u201cJurnalistl\u0259ri h\u0259bsxanaya g\u00f6nd\u0259rdiyiniz\u0259 g\u00f6r\u0259 ay\u0131b olsun\u201d, \u201cSatq\u0131nlar!\u201d, \u201cPutin prokurorlar\u0131!\u201d, \u201cQullar\u201d, &#8211; dey\u0259r\u0259k etiraz edibl\u0259r.<\/p>\n\n\n\n<p>Prokurorluq Mzia Amaqlobeli bar\u0259sind\u0259 h\u0259bs q\u0259timkan t\u0259dbirinin se\u00e7ilm\u0259si, m\u00fcdafi\u0259 t\u0259r\u0259fi is\u0259 onun \u00fc\u00e7\u00fcn 100 min lari m\u0259bl\u0259\u011find\u0259 girov t\u0259yin edilm\u0259sini ist\u0259yib.<\/p>\n\n\n\n<p>T\u0259qsirl\u0259ndiril\u0259n \u015f\u0259xs \u00f6z\u00fc d\u0259 m\u0259hk\u0259m\u0259d\u0259 bildirib ki, m\u0259suliyy\u0259td\u0259n yay\u0131nm\u0131r.<\/p>\n\n\n\n<p>Mzia Amaqlobeli polis \u0259m\u0259kda\u015f\u0131na (Cinay\u0259t M\u0259c\u0259ll\u0259sinin 353-c\u00fc madd\u0259sinin 1-ci hiss\u0259si) h\u00fccum etm\u0259kd\u0259 ittiham olunur.<\/p>\n\n\n\n<p>H\u00f6kum\u0259t\u0259 yax\u0131nl\u0131\u011f\u0131 il\u0259 tan\u0131nan K\u0130V-l\u0259r Mzia Amaqlobelinin inzibati h\u0259bsd\u0259n azad edildikd\u0259n sonra Batumi polis r\u0259isi \u0130rakli Dqebuadzeni nec\u0259 sill\u0259l\u0259diyini \u0259ks etdir\u0259n videog\u00f6r\u00fcnt\u00fcl\u0259r <a href=\"https:\/\/www.imedi.ge\/ge\/video\/180529\/batumis-politsiis-mtavar-sammartvelostan-aqtsiaze-batumelebis-dampudznebeli-da-direqtori-mzia-amaglobeli-daakaves\" target=\"_blank\" rel=\"noreferrer noopener\">yay\u0131b<\/a>.<\/p>\n\n\n\n<p>Yanvar\u0131n 11-d\u0259 Mzia Amaqlobeli Batumid\u0259 Avropay\u00f6nl\u00fc mitinqd\u0259 binan\u0131n divar\u0131na poster yap\u0131\u015fd\u0131rd\u0131\u011f\u0131na g\u00f6r\u0259 saxlan\u0131l\u0131b, daha sonra s\u0259rb\u0259st burax\u0131lm\u0131\u015fd\u0131.<\/p>\n\n\n\n<p>Azadl\u0131\u011fa \u00e7\u0131xandan bir ne\u00e7\u0259 d\u0259qiq\u0259 sonra o, Cinay\u0259t M\u0259c\u0259ll\u0259sin\u0259 \u0259sas\u0259n h\u0259bs edilib.<\/p>\n\n\n\n<p><em>\u201cPolis \u0259m\u0259kda\u015f\u0131na h\u00fccum b\u00fct\u00fcn \u00f6lk\u0259l\u0259rd\u0259 c\u0259zaland\u0131r\u0131lan a\u011f\u0131r cinay\u0259tdir\u201d,<\/em> &#8211; dey\u0259 prokuror Vladimir Turmanidze deyib.<\/p>\n\n\n\n<p>O bildirib ki, Mzia Amaqlobeli \u201cqisas m\u0259qs\u0259dil\u0259\u201d Batumi \u015f\u0259h\u0259r polisinin r\u0259hb\u0259ri \u0130rakli Dqebuadzey\u0259 h\u00fccum edib.<\/p>\n\n\n\n<p>Turmanidze bildirib ki, t\u00f6r\u0259dilmi\u015f cinay\u0259t onun h\u0259bs\u0259 m\u0259hkum edilm\u0259si bar\u0259d\u0259 v\u0259sat\u0259t verilm\u0259si \u00fc\u00e7\u00fcn \u0259sas olub v\u0259 hakim onu \u200b\u200bt\u0259min edib.<\/p>\n\n\n\n<p><em>\u201cPolis m\u0259muruna h\u00fccum b\u00fct\u00fcn \u00f6lk\u0259l\u0259rd\u0259 c\u0259zaland\u0131r\u0131lan a\u011f\u0131r cinay\u0259tdir. Mzia Amaqlobeli polis m\u0259murundan qisas ald\u0131 v\u0259 buna g\u00f6r\u0259 d\u0259 bu, polis \u0259m\u0259kda\u015f\u0131na h\u00fccum kimi qiym\u0259tl\u0259ndirilir\u201d,<\/em> &#8211; Vladimir Turmanidze bildirib.<\/p>\n\n\n\n<p>AB\u015e Helsinki Komissiyas\u0131n\u0131n s\u0259dri respublika\u00e7\u0131 Co Vilson \u201cX\u201d Platformas\u0131nda&nbsp;<a href=\"https:\/\/x.com\/RepJoeWilson\/status\/1878880496253624432\" target=\"_blank\" rel=\"noreferrer noopener\">yaz\u0131b<\/a>:<\/p>\n\n\n\n<p><em>\u201cMzia Amaglobeli v\u0259 \u0130vani\u015fvili rejiminin b\u00fct\u00fcn siyasi m\u0259hbuslar\u0131 d\u0259rhal azad edilm\u0259lidir. Azad v\u0259 \u0259dal\u0259tli se\u00e7kil\u0259r ke\u00e7irilm\u0259lidir\u201d.<\/em><\/p>\n\n\n\n<p>Art\u0131q 48-ci g\u00fcnd\u00fcr ki, G\u00fcrc\u00fcstanda avropay\u00f6nl\u00fc aksiyalar davam edir.<\/p>\n\n\n\n<p>Bu aksiyalar zaman\u0131 polis onlarla v\u0259t\u0259nda\u015f\u0131 v\u0259 jurnalisti t\u0259hqir edib.<\/p>\n\n\n\n<p>Onlar\u0131n bir \u00e7oxu a\u011f\u0131r yaraland\u0131\u011f\u0131 \u00fc\u00e7\u00fcn x\u0259st\u0259xanaya apar\u0131lmal\u0131 olub.<\/p>\n\n\n\n<p><\/p>\n","protected":false},"excerpt":{"rendered":"<p>M\u0259hk\u0259m\u0259d\u0259 jurnalistl\u0259r q\u0131\u015fq\u0131raraq prokuror v\u0259 hakiml\u0259r\u0259: \u201cPutinin qullar\u0131\u201d deyibl\u0259r Batumi &#8230; <\/p>\n<p class=\"read-more-container\"><a title=\"\u00abBatumelebi\u00bb m\u00fcdiri haqq\u0131nda h\u0259bs q\u0259timkan t\u0259dbiri se\u00e7ilib\" class=\"read-more button\" href=\"https:\/\/www.meydan.tv\/az\/article\/batumelebi-mudiri-haqqinda-h%c9%99bs-q%c9%99timkan-t%c9%99dbiri-secilib\/#more-324456\" aria-label=\"Read more about \u00abBatumelebi\u00bb m\u00fcdiri haqq\u0131nda h\u0259bs q\u0259timkan t\u0259dbiri se\u00e7ilib\">Davam\u0131<\/a><\/p>\n","protected":false},"author":16,"featured_media":324462,"comment_status":"closed","ping_status":"closed","sticky":false,"template":"","format":"standard","meta":{"_acf_changed":false,"_sitemap_exclude":false,"_sitemap_priority":"","_sitemap_frequency":"","footnotes":""},"categories":[62,56],"tags":[],"class_list":["post-324456","post","type-post","status-publish","format-standard","has-post-thumbnail","hentry","category-sosial","category-xeberler","infinite-scroll-item","generate-columns","tablet-grid-50","mobile-grid-100","grid-parent","grid-33","no-featured-image-padding"],"acf":[],"yoast_head":"<!-- This site is optimized with the Yoast SEO plugin v27.4 - https:\/\/yoast.com\/product\/yoast-seo-wordpress\/ -->\n<title>\u00abBatumelebi\u00bb m\u00fcdiri haqq\u0131nda h\u0259bs q\u0259timkan t\u0259dbiri se\u00e7ilib - MEYDAN.TV<\/title>\n<meta name=\"robots\" content=\"index, follow, max-snippet:-1, max-image-preview:large, max-video-preview:-1\" \/>\n<link rel=\"canonical\" href=\"https:\/\/www.meydan.tv\/az\/article\/batumelebi-mudiri-haqqinda-h%c9%99bs-q%c9%99timkan-t%c9%99dbiri-secilib\/\" \/>\n<meta property=\"og:locale\" content=\"az_AZ\" \/>\n<meta property=\"og:type\" content=\"article\" \/>\n<meta property=\"og:title\" content=\"\u00abBatumelebi\u00bb m\u00fcdiri haqq\u0131nda h\u0259bs q\u0259timkan t\u0259dbiri se\u00e7ilib - MEYDAN.TV\" \/>\n<meta property=\"og:description\" content=\"M\u0259hk\u0259m\u0259d\u0259 jurnalistl\u0259r q\u0131\u015fq\u0131raraq prokuror v\u0259 hakiml\u0259r\u0259: \u201cPutinin qullar\u0131\u201d deyibl\u0259r Batumi ... Davam\u0131\" \/>\n<meta property=\"og:url\" content=\"https:\/\/www.meydan.tv\/az\/article\/batumelebi-mudiri-haqqinda-h%c9%99bs-q%c9%99timkan-t%c9%99dbiri-secilib\/\" \/>\n<meta property=\"og:site_name\" content=\"MEYDAN.TV\" \/>\n<meta property=\"article:published_time\" content=\"2025-01-14T11:08:05+00:00\" \/>\n<meta property=\"article:modified_time\" content=\"2025-01-14T11:08:10+00:00\" \/>\n<meta property=\"og:image\" content=\"https:\/\/www.meydan.tv\/wp-content\/uploads\/mzia-amaglobeli-11.jpg\" \/>\n\t<meta property=\"og:image:width\" content=\"800\" \/>\n\t<meta property=\"og:image:height\" content=\"451\" \/>\n\t<meta property=\"og:image:type\" content=\"image\/jpeg\" \/>\n<meta name=\"author\" content=\"sevda\" \/>\n<meta name=\"twitter:card\" content=\"summary_large_image\" \/>\n<script type=\"application\/ld+json\" class=\"yoast-schema-graph\">{\"@context\":\"https:\\\/\\\/schema.org\",\"@graph\":[{\"@type\":\"Article\",\"@id\":\"https:\\\/\\\/www.meydan.tv\\\/az\\\/article\\\/batumelebi-mudiri-haqqinda-h%c9%99bs-q%c9%99timkan-t%c9%99dbiri-secilib\\\/#article\",\"isPartOf\":{\"@id\":\"https:\\\/\\\/www.meydan.tv\\\/az\\\/article\\\/batumelebi-mudiri-haqqinda-h%c9%99bs-q%c9%99timkan-t%c9%99dbiri-secilib\\\/\"},\"author\":{\"name\":\"sevda\",\"@id\":\"https:\\\/\\\/www.meydan.tv\\\/az\\\/#\\\/schema\\\/person\\\/49b5f2bad5b126bb8ea9320eeb3e4dc9\"},\"headline\":\"\u00abBatumelebi\u00bb m\u00fcdiri haqq\u0131nda h\u0259bs q\u0259timkan t\u0259dbiri se\u00e7ilib\",\"datePublished\":\"2025-01-14T11:08:05+00:00\",\"dateModified\":\"2025-01-14T11:08:10+00:00\",\"mainEntityOfPage\":{\"@id\":\"https:\\\/\\\/www.meydan.tv\\\/az\\\/article\\\/batumelebi-mudiri-haqqinda-h%c9%99bs-q%c9%99timkan-t%c9%99dbiri-secilib\\\/\"},\"wordCount\":541,\"publisher\":{\"@id\":\"https:\\\/\\\/www.meydan.tv\\\/az\\\/#organization\"},\"image\":{\"@id\":\"https:\\\/\\\/www.meydan.tv\\\/az\\\/article\\\/batumelebi-mudiri-haqqinda-h%c9%99bs-q%c9%99timkan-t%c9%99dbiri-secilib\\\/#primaryimage\"},\"thumbnailUrl\":\"https:\\\/\\\/www.meydan.tv\\\/wp-content\\\/uploads\\\/mzia-amaglobeli-11.jpg\",\"articleSection\":[\"Sosial\",\"X\u0259b\u0259rl\u0259r\"],\"inLanguage\":\"az\"},{\"@type\":\"WebPage\",\"@id\":\"https:\\\/\\\/www.meydan.tv\\\/az\\\/article\\\/batumelebi-mudiri-haqqinda-h%c9%99bs-q%c9%99timkan-t%c9%99dbiri-secilib\\\/\",\"url\":\"https:\\\/\\\/www.meydan.tv\\\/az\\\/article\\\/batumelebi-mudiri-haqqinda-h%c9%99bs-q%c9%99timkan-t%c9%99dbiri-secilib\\\/\",\"name\":\"\u00abBatumelebi\u00bb m\u00fcdiri haqq\u0131nda h\u0259bs q\u0259timkan t\u0259dbiri se\u00e7ilib - MEYDAN.TV\",\"isPartOf\":{\"@id\":\"https:\\\/\\\/www.meydan.tv\\\/az\\\/#website\"},\"primaryImageOfPage\":{\"@id\":\"https:\\\/\\\/www.meydan.tv\\\/az\\\/article\\\/batumelebi-mudiri-haqqinda-h%c9%99bs-q%c9%99timkan-t%c9%99dbiri-secilib\\\/#primaryimage\"},\"image\":{\"@id\":\"https:\\\/\\\/www.meydan.tv\\\/az\\\/article\\\/batumelebi-mudiri-haqqinda-h%c9%99bs-q%c9%99timkan-t%c9%99dbiri-secilib\\\/#primaryimage\"},\"thumbnailUrl\":\"https:\\\/\\\/www.meydan.tv\\\/wp-content\\\/uploads\\\/mzia-amaglobeli-11.jpg\",\"datePublished\":\"2025-01-14T11:08:05+00:00\",\"dateModified\":\"2025-01-14T11:08:10+00:00\",\"breadcrumb\":{\"@id\":\"https:\\\/\\\/www.meydan.tv\\\/az\\\/article\\\/batumelebi-mudiri-haqqinda-h%c9%99bs-q%c9%99timkan-t%c9%99dbiri-secilib\\\/#breadcrumb\"},\"inLanguage\":\"az\",\"potentialAction\":[{\"@type\":\"ReadAction\",\"target\":[\"https:\\\/\\\/www.meydan.tv\\\/az\\\/article\\\/batumelebi-mudiri-haqqinda-h%c9%99bs-q%c9%99timkan-t%c9%99dbiri-secilib\\\/\"]}]},{\"@type\":\"ImageObject\",\"inLanguage\":\"az\",\"@id\":\"https:\\\/\\\/www.meydan.tv\\\/az\\\/article\\\/batumelebi-mudiri-haqqinda-h%c9%99bs-q%c9%99timkan-t%c9%99dbiri-secilib\\\/#primaryimage\",\"url\":\"https:\\\/\\\/www.meydan.tv\\\/wp-content\\\/uploads\\\/mzia-amaglobeli-11.jpg\",\"contentUrl\":\"https:\\\/\\\/www.meydan.tv\\\/wp-content\\\/uploads\\\/mzia-amaglobeli-11.jpg\",\"width\":800,\"height\":451,\"caption\":\"Mzia Amaqlobeli. Foto: \\\"Batumelebi\\\"\"},{\"@type\":\"BreadcrumbList\",\"@id\":\"https:\\\/\\\/www.meydan.tv\\\/az\\\/article\\\/batumelebi-mudiri-haqqinda-h%c9%99bs-q%c9%99timkan-t%c9%99dbiri-secilib\\\/#breadcrumb\",\"itemListElement\":[{\"@type\":\"ListItem\",\"position\":1,\"name\":\"Ana s\u0259hif\u0259\",\"item\":\"https:\\\/\\\/www.meydan.tv\\\/az\\\/\"},{\"@type\":\"ListItem\",\"position\":2,\"name\":\"X\u0259b\u0259rl\u0259r\",\"item\":\"https:\\\/\\\/www.meydan.tv\\\/az\\\/section\\\/xeberler\\\/\"},{\"@type\":\"ListItem\",\"position\":3,\"name\":\"\u00abBatumelebi\u00bb m\u00fcdiri haqq\u0131nda h\u0259bs q\u0259timkan t\u0259dbiri se\u00e7ilib\"}]},{\"@type\":\"WebSite\",\"@id\":\"https:\\\/\\\/www.meydan.tv\\\/az\\\/#website\",\"url\":\"https:\\\/\\\/www.meydan.tv\\\/az\\\/\",\"name\":\"MEYDAN.TV\",\"description\":\"Meydan TV Az\u0259rbaycan\u0131n media m\u0259kan\u0131ndak\u0131 alternativ s\u0259sidir\",\"publisher\":{\"@id\":\"https:\\\/\\\/www.meydan.tv\\\/az\\\/#organization\"},\"potentialAction\":[{\"@type\":\"SearchAction\",\"target\":{\"@type\":\"EntryPoint\",\"urlTemplate\":\"https:\\\/\\\/www.meydan.tv\\\/az\\\/?s={search_term_string}\"},\"query-input\":{\"@type\":\"PropertyValueSpecification\",\"valueRequired\":true,\"valueName\":\"search_term_string\"}}],\"inLanguage\":\"az\"},{\"@type\":\"Organization\",\"@id\":\"https:\\\/\\\/www.meydan.tv\\\/az\\\/#organization\",\"name\":\"Meydan TV\",\"url\":\"https:\\\/\\\/www.meydan.tv\\\/az\\\/\",\"logo\":{\"@type\":\"ImageObject\",\"inLanguage\":\"az\",\"@id\":\"https:\\\/\\\/www.meydan.tv\\\/az\\\/#\\\/schema\\\/logo\\\/image\\\/\",\"url\":\"https:\\\/\\\/www.meydan.tv\\\/wp-content\\\/uploads\\\/2021\\\/07\\\/meydan-logo.svg\",\"contentUrl\":\"https:\\\/\\\/www.meydan.tv\\\/wp-content\\\/uploads\\\/2021\\\/07\\\/meydan-logo.svg\",\"width\":195,\"height\":46,\"caption\":\"Meydan TV\"},\"image\":{\"@id\":\"https:\\\/\\\/www.meydan.tv\\\/az\\\/#\\\/schema\\\/logo\\\/image\\\/\"}},{\"@type\":\"Person\",\"@id\":\"https:\\\/\\\/www.meydan.tv\\\/az\\\/#\\\/schema\\\/person\\\/49b5f2bad5b126bb8ea9320eeb3e4dc9\",\"name\":\"sevda\"}]}<\/script>\n<!-- \/ Yoast SEO plugin. -->","yoast_head_json":{"title":"\u00abBatumelebi\u00bb m\u00fcdiri haqq\u0131nda h\u0259bs q\u0259timkan t\u0259dbiri se\u00e7ilib - MEYDAN.TV","robots":{"index":"index","follow":"follow","max-snippet":"max-snippet:-1","max-image-preview":"max-image-preview:large","max-video-preview":"max-video-preview:-1"},"canonical":"https:\/\/www.meydan.tv\/az\/article\/batumelebi-mudiri-haqqinda-h%c9%99bs-q%c9%99timkan-t%c9%99dbiri-secilib\/","og_locale":"az_AZ","og_type":"article","og_title":"\u00abBatumelebi\u00bb m\u00fcdiri haqq\u0131nda h\u0259bs q\u0259timkan t\u0259dbiri se\u00e7ilib - MEYDAN.TV","og_description":"M\u0259hk\u0259m\u0259d\u0259 jurnalistl\u0259r q\u0131\u015fq\u0131raraq prokuror v\u0259 hakiml\u0259r\u0259: \u201cPutinin qullar\u0131\u201d deyibl\u0259r Batumi ... Davam\u0131","og_url":"https:\/\/www.meydan.tv\/az\/article\/batumelebi-mudiri-haqqinda-h%c9%99bs-q%c9%99timkan-t%c9%99dbiri-secilib\/","og_site_name":"MEYDAN.TV","article_published_time":"2025-01-14T11:08:05+00:00","article_modified_time":"2025-01-14T11:08:10+00:00","og_image":[{"width":800,"height":451,"url":"https:\/\/www.meydan.tv\/wp-content\/uploads\/mzia-amaglobeli-11.jpg","type":"image\/jpeg"}],"author":"sevda","twitter_card":"summary_large_image","schema":{"@context":"https:\/\/schema.org","@graph":[{"@type":"Article","@id":"https:\/\/www.meydan.tv\/az\/article\/batumelebi-mudiri-haqqinda-h%c9%99bs-q%c9%99timkan-t%c9%99dbiri-secilib\/#article","isPartOf":{"@id":"https:\/\/www.meydan.tv\/az\/article\/batumelebi-mudiri-haqqinda-h%c9%99bs-q%c9%99timkan-t%c9%99dbiri-secilib\/"},"author":{"name":"sevda","@id":"https:\/\/www.meydan.tv\/az\/#\/schema\/person\/49b5f2bad5b126bb8ea9320eeb3e4dc9"},"headline":"\u00abBatumelebi\u00bb m\u00fcdiri haqq\u0131nda h\u0259bs q\u0259timkan t\u0259dbiri se\u00e7ilib","datePublished":"2025-01-14T11:08:05+00:00","dateModified":"2025-01-14T11:08:10+00:00","mainEntityOfPage":{"@id":"https:\/\/www.meydan.tv\/az\/article\/batumelebi-mudiri-haqqinda-h%c9%99bs-q%c9%99timkan-t%c9%99dbiri-secilib\/"},"wordCount":541,"publisher":{"@id":"https:\/\/www.meydan.tv\/az\/#organization"},"image":{"@id":"https:\/\/www.meydan.tv\/az\/article\/batumelebi-mudiri-haqqinda-h%c9%99bs-q%c9%99timkan-t%c9%99dbiri-secilib\/#primaryimage"},"thumbnailUrl":"https:\/\/www.meydan.tv\/wp-content\/uploads\/mzia-amaglobeli-11.jpg","articleSection":["Sosial","X\u0259b\u0259rl\u0259r"],"inLanguage":"az"},{"@type":"WebPage","@id":"https:\/\/www.meydan.tv\/az\/article\/batumelebi-mudiri-haqqinda-h%c9%99bs-q%c9%99timkan-t%c9%99dbiri-secilib\/","url":"https:\/\/www.meydan.tv\/az\/article\/batumelebi-mudiri-haqqinda-h%c9%99bs-q%c9%99timkan-t%c9%99dbiri-secilib\/","name":"\u00abBatumelebi\u00bb m\u00fcdiri haqq\u0131nda h\u0259bs q\u0259timkan t\u0259dbiri se\u00e7ilib - MEYDAN.TV","isPartOf":{"@id":"https:\/\/www.meydan.tv\/az\/#website"},"primaryImageOfPage":{"@id":"https:\/\/www.meydan.tv\/az\/article\/batumelebi-mudiri-haqqinda-h%c9%99bs-q%c9%99timkan-t%c9%99dbiri-secilib\/#primaryimage"},"image":{"@id":"https:\/\/www.meydan.tv\/az\/article\/batumelebi-mudiri-haqqinda-h%c9%99bs-q%c9%99timkan-t%c9%99dbiri-secilib\/#primaryimage"},"thumbnailUrl":"https:\/\/www.meydan.tv\/wp-content\/uploads\/mzia-amaglobeli-11.jpg","datePublished":"2025-01-14T11:08:05+00:00","dateModified":"2025-01-14T11:08:10+00:00","breadcrumb":{"@id":"https:\/\/www.meydan.tv\/az\/article\/batumelebi-mudiri-haqqinda-h%c9%99bs-q%c9%99timkan-t%c9%99dbiri-secilib\/#breadcrumb"},"inLanguage":"az","potentialAction":[{"@type":"ReadAction","target":["https:\/\/www.meydan.tv\/az\/article\/batumelebi-mudiri-haqqinda-h%c9%99bs-q%c9%99timkan-t%c9%99dbiri-secilib\/"]}]},{"@type":"ImageObject","inLanguage":"az","@id":"https:\/\/www.meydan.tv\/az\/article\/batumelebi-mudiri-haqqinda-h%c9%99bs-q%c9%99timkan-t%c9%99dbiri-secilib\/#primaryimage","url":"https:\/\/www.meydan.tv\/wp-content\/uploads\/mzia-amaglobeli-11.jpg","contentUrl":"https:\/\/www.meydan.tv\/wp-content\/uploads\/mzia-amaglobeli-11.jpg","width":800,"height":451,"caption":"Mzia Amaqlobeli. Foto: \"Batumelebi\""},{"@type":"BreadcrumbList","@id":"https:\/\/www.meydan.tv\/az\/article\/batumelebi-mudiri-haqqinda-h%c9%99bs-q%c9%99timkan-t%c9%99dbiri-secilib\/#breadcrumb","itemListElement":[{"@type":"ListItem","position":1,"name":"Ana s\u0259hif\u0259","item":"https:\/\/www.meydan.tv\/az\/"},{"@type":"ListItem","position":2,"name":"X\u0259b\u0259rl\u0259r","item":"https:\/\/www.meydan.tv\/az\/section\/xeberler\/"},{"@type":"ListItem","position":3,"name":"\u00abBatumelebi\u00bb m\u00fcdiri haqq\u0131nda h\u0259bs q\u0259timkan t\u0259dbiri se\u00e7ilib"}]},{"@type":"WebSite","@id":"https:\/\/www.meydan.tv\/az\/#website","url":"https:\/\/www.meydan.tv\/az\/","name":"MEYDAN.TV","description":"Meydan TV Az\u0259rbaycan\u0131n media m\u0259kan\u0131ndak\u0131 alternativ s\u0259sidir","publisher":{"@id":"https:\/\/www.meydan.tv\/az\/#organization"},"potentialAction":[{"@type":"SearchAction","target":{"@type":"EntryPoint","urlTemplate":"https:\/\/www.meydan.tv\/az\/?s={search_term_string}"},"query-input":{"@type":"PropertyValueSpecification","valueRequired":true,"valueName":"search_term_string"}}],"inLanguage":"az"},{"@type":"Organization","@id":"https:\/\/www.meydan.tv\/az\/#organization","name":"Meydan TV","url":"https:\/\/www.meydan.tv\/az\/","logo":{"@type":"ImageObject","inLanguage":"az","@id":"https:\/\/www.meydan.tv\/az\/#\/schema\/logo\/image\/","url":"https:\/\/www.meydan.tv\/wp-content\/uploads\/2021\/07\/meydan-logo.svg","contentUrl":"https:\/\/www.meydan.tv\/wp-content\/uploads\/2021\/07\/meydan-logo.svg","width":195,"height":46,"caption":"Meydan TV"},"image":{"@id":"https:\/\/www.meydan.tv\/az\/#\/schema\/logo\/image\/"}},{"@type":"Person","@id":"https:\/\/www.meydan.tv\/az\/#\/schema\/person\/49b5f2bad5b126bb8ea9320eeb3e4dc9","name":"sevda"}]}},"_links":{"self":[{"href":"https:\/\/www.meydan.tv\/az\/wp-json\/wp\/v2\/posts\/324456","targetHints":{"allow":["GET"]}}],"collection":[{"href":"https:\/\/www.meydan.tv\/az\/wp-json\/wp\/v2\/posts"}],"about":[{"href":"https:\/\/www.meydan.tv\/az\/wp-json\/wp\/v2\/types\/post"}],"author":[{"embeddable":true,"href":"https:\/\/www.meydan.tv\/az\/wp-json\/wp\/v2\/users\/16"}],"replies":[{"embeddable":true,"href":"https:\/\/www.meydan.tv\/az\/wp-json\/wp\/v2\/comments?post=324456"}],"version-history":[{"count":2,"href":"https:\/\/www.meydan.tv\/az\/wp-json\/wp\/v2\/posts\/324456\/revisions"}],"predecessor-version":[{"id":324458,"href":"https:\/\/www.meydan.tv\/az\/wp-json\/wp\/v2\/posts\/324456\/revisions\/324458"}],"wp:featuredmedia":[{"embeddable":true,"href":"https:\/\/www.meydan.tv\/az\/wp-json\/wp\/v2\/media\/324462"}],"wp:attachment":[{"href":"https:\/\/www.meydan.tv\/az\/wp-json\/wp\/v2\/media?parent=324456"}],"wp:term":[{"taxonomy":"category","embeddable":true,"href":"https:\/\/www.meydan.tv\/az\/wp-json\/wp\/v2\/categories?post=324456"},{"taxonomy":"post_tag","embeddable":true,"href":"https:\/\/www.meydan.tv\/az\/wp-json\/wp\/v2\/tags?post=324456"}],"curies":[{"name":"wp","href":"https:\/\/api.w.org\/{rel}","templated":true}]}}