{"id":324417,"date":"2025-01-13T19:25:09","date_gmt":"2025-01-13T15:25:09","guid":{"rendered":"https:\/\/www.meydan.tv\/?p=324417"},"modified":"2025-01-14T17:44:31","modified_gmt":"2025-01-14T13:44:31","slug":"b%c9%99xtiyar-haciyevin-son-sozu-guya-q%c9%99rbin-d%c9%99st%c9%99yi-il%c9%99-dovl%c9%99t-cevrilisi-hazirlamisam","status":"publish","type":"post","link":"https:\/\/www.meydan.tv\/az\/article\/b%c9%99xtiyar-haciyevin-son-sozu-guya-q%c9%99rbin-d%c9%99st%c9%99yi-il%c9%99-dovl%c9%99t-cevrilisi-hazirlamisam\/","title":{"rendered":"B\u0259xtiyar Hac\u0131yevin son s\u00f6z\u00fc: \u201cGuya Q\u0259rbin d\u0259st\u0259yi il\u0259 d\u00f6vl\u0259t \u00e7evrili\u015fi haz\u0131rlam\u0131\u015fam\u201d"},"content":{"rendered":"\n<figure class=\"wp-block-embed is-type-video is-provider-youtube wp-block-embed-youtube wp-embed-aspect-16-9 wp-has-aspect-ratio\"><div class=\"wp-block-embed__wrapper\">\n<iframe title=\"B\u0259xtiyar Hac\u0131yev 10 il azadl\u0131qdan m\u0259hrum edilib\" width=\"1200\" height=\"675\" data-src=\"https:\/\/www.youtube.com\/embed\/Kluq-lRym3k?feature=oembed\" frameborder=\"0\" allow=\"accelerometer; autoplay; clipboard-write; encrypted-media; gyroscope; picture-in-picture; web-share\" referrerpolicy=\"strict-origin-when-cross-origin\" allowfullscreen src=\"data:image\/svg+xml;base64,PHN2ZyB3aWR0aD0iMSIgaGVpZ2h0PSIxIiB4bWxucz0iaHR0cDovL3d3dy53My5vcmcvMjAwMC9zdmciPjwvc3ZnPg==\" class=\"lazyload\" data-load-mode=\"1\"><\/iframe>\n<\/div><\/figure>\n\n\n\n<p><em><strong>10 il h\u0259bs c\u0259zas\u0131 alan f\u0259al mediaya, v\u0259kill\u0259r\u0259, s\u0259firlikl\u0259r\u0259 v\u0259 d\u0259st\u0259k ver\u0259n h\u0259r k\u0259s\u0259 t\u0259\u015f\u0259kk\u00fcr edib<\/strong><\/em><\/p>\n\n\n\n<p>\u0130ki ild\u0259n \u00e7oxdur ki, h\u0259bsd\u0259 olan ictimai f\u0259al B\u0259xtiyar Hac\u0131yev yanvar\u0131n 13-d\u0259 Bak\u0131 A\u011f\u0131r Cinay\u0259tl\u0259r M\u0259hk\u0259m\u0259sind\u0259 bar\u0259sind\u0259 10 il azadl\u0131qdan m\u0259hrumetm\u0259 h\u00f6km\u00fc \u00e7\u0131xar\u0131lmam\u0131\u015fdan \u0259vv\u0259l son s\u00f6zl\u0259 \u00e7\u0131x\u0131\u015f edib.<\/p>\n\n\n\n<p>O, son s\u00f6z\u00fcn\u0259 h\u0259yat\u0131n\u0131n h\u0259r m\u0259rh\u0259l\u0259sind\u0259 yan\u0131nda olan ail\u0259sin\u0259, dostlar\u0131na, qohumlar\u0131na t\u0259\u015f\u0259kk\u00fcrl\u0259 ba\u015flay\u0131b.<\/p>\n\n\n\n<p>Eyni zamanda, v\u0259kill\u0259rin\u0259 minn\u0259tdarl\u0131q edib, h\u0259r birinin ad\u0131n\u0131 ayr\u0131ca vur\u011fulay\u0131b.<\/p>\n\n\n\n<p><em>\u201cM\u0259hz bu d\u0259y\u0259rli insanlar\u0131n \u015f\u0259rl\u0259nmi\u015f insanlar\u0131n h\u00fcquqlar\u0131n\u0131n m\u00fcdafi\u0259sin\u0259 qo\u015fulmas\u0131 bu i\u015fl\u0259ri k\u0259nardan izl\u0259y\u0259nl\u0259r\u0259 g\u00f6st\u0259rir ki, h\u00fcquq t\u0259hsilini g\u00fcnahs\u0131z insanlar\u0131 \u015f\u0259rl\u0259m\u0259y\u0259 s\u0259rf ed\u0259n m\u00fcst\u0259ntiq, prokuror, hakiml\u0259rl\u0259 yana\u015f\u0131, bel\u0259 insanlar da var. Yaradan\u0131n b\u0259x\u015f etdiyi \u015f\u0259r\u0259fd\u0259n imtina etm\u0259kl\u0259 \u201c\u015e\u0259r\u0259f\u201d, \u201c\u015e\u00f6hr\u0259t\u201d ordeni almaqdan \u00f6tr\u00fc h\u0259r c\u00fcr \u015f\u0259r\u0259fsizlik ed\u0259nl\u0259r oldu\u011fu kimi, h\u0259yat\u0131n\u0131 \u015f\u0259r\u0259fl\u0259 ya\u015fama\u011f\u0131n m\u00fcmk\u00fcnl\u00fcy\u00fcn\u00fc g\u00f6st\u0259r\u0259nl\u0259r d\u0259 var\u201d<\/em>, &#8211; B\u0259xtiyar Hac\u0131yev bildirib.<\/p>\n\n\n\n<p>\u0130ctimai f\u0259al h\u0259bsd\u0259 olan dostlar\u0131ndan R\u00fcf\u0259t S\u0259f\u0259rov v\u0259 Rail Abbasovun adlar\u0131n\u0131 da \u00e7\u0259kib.<\/p>\n\n\n\n<p>O bildirib ki, Rail Abbasov h\u0259bs olunaca\u011f\u0131n\u0131 bil\u0259-bil\u0259 onun m\u00fcdafi\u0259sind\u0259n \u00e7\u0259kilm\u0259yib v\u0259 sonda buna g\u00f6r\u0259 onu \u015f\u0259rl\u0259y\u0259r\u0259k h\u0259bs edibl\u0259r.<\/p>\n\n\n\n<p>R\u00fcf\u0259t S\u0259f\u0259rov is\u0259 y\u00fczl\u0259rl\u0259 insan\u0131n pozulmu\u015f h\u00fcquqlar\u0131n\u0131 m\u00fcdafi\u0259 edirdi:<\/p>\n\n\n\n<p><em>\u201cBuna g\u00f6r\u0259 onlar\u0131n h\u0259r birin\u0259 t\u0259\u015f\u0259kk\u00fcr edir\u0259m\u201d.<\/em><\/p>\n\n\n\n<p>B\u0259xtiyar Hac\u0131yev onun i\u015fini diqq\u0259td\u0259 saxlayan media orqanlar\u0131na, beyn\u0259lxalq t\u0259\u015fkilatlara, s\u0259firlikl\u0259r\u0259 d\u0259 t\u0259\u015f\u0259kk\u00fcr edib.<\/p>\n\n\n\n<p>Daha sonra bar\u0259sind\u0259ki cinay\u0259t i\u015fi haqq\u0131nda dan\u0131\u015fan ictimai f\u0259al bildirib ki, bu materiallar\u0131n birinci cildinin birinci s\u0259hif\u0259sind\u0259n ba\u015flam\u0131\u015f ax\u0131r\u0131nc\u0131 v\u0259r\u0259qin\u0259 q\u0259d\u0259r ham\u0131s\u0131 saxtakarl\u0131q \u00fcz\u0259rind\u0259 qurulub v\u0259 bir ild\u0259n \u00e7ox davam ed\u0259n m\u0259hk\u0259m\u0259 prosesind\u0259 d\u0259 bunlar if\u015fa edilib:<\/p>\n\n\n\n<p><em>\u201c\u0130ttiham t\u0259r\u0259fi t\u0259kzibedilm\u0259z s\u00fcbutlar ortaya qoymal\u0131 idi, biz is\u0259 m\u00fcdafi\u0259 olunmal\u0131 idik. M\u0259hk\u0259m\u0259 d\u0259 t\u0259r\u0259fl\u0259r\u0259 b\u0259rab\u0259r \u015f\u0259rait yaratmal\u0131 idi. Lakin tam t\u0259rsi ba\u015f verdi. Biz istintaq orqan\u0131n\u0131n \u0259dal\u0259t m\u00fchakim\u0259si \u0259leyhin\u0259 t\u00f6r\u0259tdiyi cinay\u0259ti if\u015fa etdik bu m\u0259hk\u0259m\u0259d\u0259. Bu m\u0259hk\u0259m\u0259 prosesind\u0259 ittihamlar darmada\u011f\u0131n oldu. Bir \u00e7ox ifad\u0259l\u0259ri eyni adam komp\u00fcterd\u0259 y\u0131\u011f\u0131b, saxta bir cinay\u0259t i\u015fi d\u00fcz\u0259ldibl\u0259r\u201d.<\/em><\/p>\n\n\n\n<p>B\u0259xtiyar Hac\u0131yevin s\u00f6zl\u0259rin\u0259 g\u00f6r\u0259, cinay\u0259t i\u015find\u0259ki diskl\u0259r onun \u201cPegasus\u201d casus proqram\u0131 vasit\u0259sil\u0259 izl\u0259ndiyini, ona m\u0259xsus \u015f\u0259xsi m\u0259lumatlar\u0131n kibercinay\u0259t yolu il\u0259 \u0259l\u0259 ke\u00e7irildiyini s\u00fcbut edir.<\/p>\n\n\n\n<p>\u0130ctimai f\u0259al qeyd edib ki, bu cinay\u0259t i\u015find\u0259 saxtala\u015fd\u0131rma h\u0259m s\u0259liq\u0259siz, h\u0259m d\u0259 savads\u0131z h\u0259yata ke\u00e7irilib.&nbsp;<\/p>\n\n\n\n<p>O, m\u0259hk\u0259m\u0259 prosesinin q\u0259r\u0259zli v\u0259 \u0259dal\u0259tsiz apar\u0131ld\u0131\u011f\u0131n\u0131, m\u00fcdafi\u0259 t\u0259r\u0259finin qald\u0131rd\u0131\u011f\u0131 100-\u0259 yax\u0131n v\u0259sat\u0259tin he\u00e7 birinin t\u0259min olunmad\u0131\u011f\u0131n\u0131, dindirilm\u0259sini ist\u0259diyi \u015fahidl\u0259rin he\u00e7 birinin \u00e7a\u011f\u0131r\u0131lmad\u0131\u011f\u0131n\u0131 deyib:<\/p>\n\n\n\n<p><em>\u201cBu m\u0259hk\u0259m\u0259nin he\u00e7 m\u0259nim m\u00fcdafi\u0259\u00e7il\u0259rimin yan\u0131nda \u0259yl\u0259\u015fm\u0259yim\u0259 icaz\u0259 verm\u0259y\u0259 c\u0259sar\u0259ti \u00e7atmad\u0131\u201d<\/em>.<\/p>\n\n\n\n<p>H\u0259bsin\u0259 s\u0259b\u0259b olan siyasi sifari\u015f haqda dan\u0131\u015fan B\u0259xtiyar Hac\u0131yev 2020-ci ild\u0259 44 g\u00fcnl\u00fck m\u00fcharib\u0259 zaman\u0131 orduya d\u0259st\u0259k kampaniyas\u0131nda i\u015ftirak\u0131n\u0131 yada sal\u0131b.<\/p>\n\n\n\n<p>O bildirib ki, m\u00fcharib\u0259d\u0259n sonra ona qar\u015f\u0131 qarayaxma kampaniyas\u0131 v\u0259 t\u0259zyiql\u0259r ba\u015flay\u0131b.<\/p>\n\n\n\n<p>Bu bar\u0259d\u0259 Prezidentin k\u00f6m\u0259k\u00e7isin\u0259, hakim ail\u0259y\u0259 yax\u0131n \u015f\u0259xsl\u0259r\u0259 m\u0259lumat verib:<\/p>\n\n\n\n<p><em>\u201cT\u0259hqirin siyasi m\u00fcbariz\u0259 yolu olmad\u0131\u011f\u0131n\u0131 bildirdim. Bu g\u00f6r\u00fc\u015fd\u0259n sonra kampaniya dayand\u0131. Amma bir ne\u00e7\u0259 g\u00fcn sonra yen\u0259 ba\u015flad\u0131. Kampaniyan\u0131n arxas\u0131nda dayananlar icra\u00e7\u0131lar\u0131 himay\u0259 ed\u0259nd\u0259 m\u0259n d\u0259 haql\u0131 olaraq deyirdim ki, \u201cax\u0131 himay\u0259 ed\u0259nl\u0259ri d\u0259 o v\u0259zif\u0259y\u0259 t\u0259yin el\u0259y\u0259n var!\u201d Bu c\u00fcr \u0259dal\u0259tsizlikl\u0259ri g\u00f6r\u0259-g\u00f6r\u0259 2022-ci ilin may\u0131ndan beyn\u0259lxalq t\u0259dbirl\u0259rd\u0259, Q\u0259rb r\u0259smil\u0259ril\u0259 g\u00f6r\u00fc\u015fl\u0259rd\u0259 Az\u0259rbaycanda insan h\u00fcquqlar\u0131n\u0131 m\u00fct\u0259madi pozan r\u0259smi \u015f\u0259xsl\u0259r\u0259 qar\u015f\u0131 sanksiya t\u0259tbiq olunmas\u0131n\u0131 ist\u0259mi\u015f\u0259m. T\u0259sad\u00fcfi deyil ki, Daxili \u0130\u015fl\u0259r Nazirliyinin polkovnikl\u0259rind\u0259n birinin AB\u015e-nin sanksiya siyah\u0131s\u0131na d\u00fc\u015fd\u00fcy\u00fc g\u00fcn h\u0259bs olunmu\u015fam. \u00d6lk\u0259 ba\u015f\u00e7\u0131s\u0131n\u0131n son m\u00fcsahib\u0259sind\u0259 dediyi kimi, \u201cB\u00f6y\u00fck bir sal da\u015f\u0131 t\u0259rp\u0259ndi. H\u0259bsim\u0259 raz\u0131l\u0131q alanlar bunun z\u0259ruriliyini h\u0259m d\u0259 bel\u0259 \u0259sasland\u0131r\u0131blar ki, guya m\u0259n Q\u0259rbin d\u0259st\u0259yil\u0259 d\u00f6vl\u0259t \u00e7evrili\u015fi haz\u0131rlay\u0131ram\u201d<\/em>.<\/p>\n\n\n\n<p>H\u00fcquq-m\u00fchafiz\u0259 orqanlar\u0131n\u0131n Az\u0259rbaycanda ictimai-siyasi f\u0259allar\u0131n \u015f\u0259xsi h\u0259yat\u0131na aid m\u0259lumatlar\u0131n\u0131 \u201cPegasus\u201d casus proqram\u0131 vasit\u0259sil\u0259 \u0259l\u0259 ke\u00e7irdiyini dey\u0259n B\u0259xtiyar Hac\u0131yevin s\u00f6zl\u0259rin\u0259 g\u00f6r\u0259, ona m\u00fcnasib\u0259td\u0259 d\u0259 eyni add\u0131m at\u0131l\u0131b.<\/p>\n\n\n\n<p>Ard\u0131nca da d\u00f6vl\u0259t s\u0259viyy\u0259sind\u0259 qarayaxma kampaniyas\u0131 ba\u015flad\u0131l\u0131b.<\/p>\n\n\n\n<p><em>\u201cBu \u00f6lk\u0259d\u0259 bir ne\u00e7\u0259 ail\u0259nin l\u00fcks h\u0259yat ya\u015famas\u0131 \u00fc\u00e7\u00fcn minl\u0259rl\u0259 ail\u0259 t\u0259zyiql\u0259r\u0259 m\u0259ruz qal\u0131r, milyonlarla insan\u0131n s\u0259rv\u0259tl\u0259ri o\u011furlan\u0131r. G\u0259ncl\u0259rin \u00f6z \u00f6lk\u0259l\u0259rinin g\u0259l\u0259c\u0259yin\u0259 inam\u0131 \u00f6l\u00fcb. T\u0259k \u00fcmidl\u0259ri xarici \u00f6lk\u0259r\u0259 qa\u00e7maq, m\u00fchacir\u0259t etm\u0259kdir. Budurmu insanlara a\u015f\u0131lad\u0131\u011f\u0131n\u0131z ail\u0259 d\u0259y\u0259rl\u0259riniz?\u201d<\/em>, &#8211; B\u0259xtiyar Hac\u0131yev bildirib.<\/p>\n\n\n\n<p>O, \u00e7\u0131x\u0131\u015f\u0131n\u0131n sonunda \u018fli M\u0259mm\u0259dovun s\u0259drlik etdiyi, Azad M\u0259cilov v\u0259 S\u0259bin\u0259 M\u0259mm\u0259dzad\u0259d\u0259n ibar\u0259t hakiml\u0259r hey\u0259tind\u0259n he\u00e7 n\u0259 g\u00f6zl\u0259m\u0259diyini onlar\u0131n n\u0259z\u0259rin\u0259 \u00e7atd\u0131r\u0131b:<\/p>\n\n\n\n<p><em>\u201cB\u0259ra\u0259t h\u00f6km\u00fc \u00e7\u0131xarmaq iqtidar\u0131nda o\u0131mad\u0131\u011f\u0131n\u0131z\u0131 bilir\u0259m. M\u0259\u015fhur mahn\u0131da deyildiyi kimi: \u201cSen d\u0259 benim kadar ger\u00e7ekleri biliyorsun, yavrucu\u011fum\u201d. Siz\u0259 tap\u015f\u0131r\u0131lm\u0131\u015f h\u00f6km\u00fc dinl\u0259m\u0259y\u0259 haz\u0131ram&#8230;\u201d<\/em><\/p>\n\n\n\n<p>Son s\u00f6z\u00fcn\u00fc bitirdikd\u0259n sonra ictimai f\u0259al B\u0259xtiyar Hac\u0131yev Bak\u0131 A\u011f\u0131r Cinay\u0259tl\u0259r M\u0259hk\u0259m\u0259sinin  \u018fli M\u0259mm\u0259dov, Azad M\u0259cidov v\u0259 S\u0259bin\u0259 M\u0259mm\u0259dzad\u0259d\u0259n ibar\u0259t hakiml\u0259r kollegiyas\u0131n\u0131n h\u00f6km\u00fc il\u0259 10 il azadl\u0131qdan m\u0259hrum edilib.<\/p>\n\n\n\n<p>B\u0259xtiyar Hac\u0131yev xaricd\u0259n qa\u00e7aqmal\u00e7\u0131l\u0131q yolu il\u0259 valyuta g\u0259tirm\u0259, cinay\u0259t yolu il\u0259 \u0259ld\u0259 edil\u0259n v\u0259saiti leqalla\u015fd\u0131rma, vergid\u0259n yay\u0131nma v\u0259 s. ittihamlarla t\u0259qsirl\u0259ndirilib.<\/p>\n\n\n\n<p>Onun Z\u0259rdabi k\u00fc\u00e7\u0259sind\u0259ki evi v\u0259 bank hesab\u0131nda olan pulu m\u00fcsadir\u0259 edilib.<\/p>\n\n\n\n<p>B\u0259xtiyar Hac\u0131yev 2022-ci il dekabr\u0131n 9-da h\u0259bs olunub.<\/p>\n\n\n\n<p>\u018fvv\u0259l ona qar\u015f\u0131 Cinay\u0259t M\u0259c\u0259ll\u0259sinin 221.2.2 (ictimai qaydan\u0131n qorunmas\u0131 \u00fczr\u0259 v\u0259zif\u0259ni yerin\u0259 yetir\u0259n \u015f\u0259xs\u0259 qar\u015f\u0131 m\u00fcqavim\u0259t g\u00f6st\u0259rm\u0259kl\u0259 xuliqanl\u0131q) v\u0259 289.1 (m\u0259hk\u0259m\u0259y\u0259 h\u00f6rm\u0259tsizlik) madd\u0259l\u0259ril\u0259 ittiham ir\u0259li s\u00fcr\u00fclm\u00fc\u015fd\u00fc.<\/p>\n\n\n\n<p>Onunla bloger \u00dclviyy\u0259 Muradova (Alovlu) aras\u0131nda Yasamal Rayon M\u0259hk\u0259m\u0259sind\u0259 insident ba\u015f verdiyi iddia olunur.<\/p>\n\n\n\n<p>\u0130ttihama g\u00f6r\u0259, B\u0259xtiyar Hac\u0131yev h\u0259min insident zaman\u0131 icra m\u0259muru Orxan Abdullayev\u0259 d\u0259 g\u00fcc t\u0259tbiq edib.<\/p>\n\n\n\n<p>2023-c\u00fc il iyunun 16-da ictimai f\u0259ala qar\u015f\u0131 yeni ittihamlar ir\u0259li s\u00fcr\u00fcl\u00fcb.<\/p>\n\n\n\n<p>Bu ittihamlar \u0259sas\u0259n maliyy\u0259 m\u0259s\u0259l\u0259l\u0259ril\u0259 \u2013 ayr\u0131lan qrantlar\u0131n t\u0259yinat\u0131 \u00fczr\u0259 x\u0259rcl\u0259nm\u0259m\u0259sil\u0259 ba\u011fl\u0131d\u0131r.<\/p>\n\n\n\n<p>Ona h\u0259m\u00e7inin Cinay\u0259t M\u0259c\u0259ll\u0259sinin 192 (qanunsuz sahibkarl\u0131q), 193-1 (cinay\u0259t yoluyla \u0259ld\u0259 edilmi\u015f \u0259mlak\u0131 leqalla\u015fd\u0131rma), 206 (qa\u00e7aqmal\u00e7\u0131l\u0131q), 320-ci (saxta s\u0259n\u0259dl\u0259rd\u0259n istifad\u0259) madd\u0259l\u0259ril\u0259 ittiham verilib.<\/p>\n\n\n\n<p>Noyabrda is\u0259 ona daha bir ittiham verilib. \u0130ctimai f\u0259ala qar\u015f\u0131 Cinay\u0259t M\u0259c\u0259ll\u0259sinin 213.1 (vergid\u0259n yay\u0131nma) madd\u0259sil\u0259 daha bir ittiham ir\u0259li s\u00fcr\u00fcl\u00fcb.<\/p>\n\n\n\n<p>B\u0259xtiyar Hac\u0131yev bu ittihamlar\u0131n he\u00e7 birini q\u0259bul etmir.<\/p>\n\n\n\n<p>\u0130ctimai f\u0259al \u00f6z\u00fcn\u00fc t\u0259qsirli bilmir, sifari\u015fl\u0259 h\u0259bs olundu\u011funu, daxili i\u015fl\u0259r naziri Vilay\u0259t Eyvazovun \u00fcnvan\u0131na s\u0259sl\u0259ndirdiyi t\u0259nqidl\u0259r\u0259 g\u00f6r\u0259 c\u0259zaland\u0131r\u0131ld\u0131\u011f\u0131n\u0131 deyir.<\/p>\n\n\n\n<p>Daxili \u0130\u015fl\u0259r Nazirliyi is\u0259 onun ittihamlar\u0131n\u0131n \u0259sass\u0131z oldu\u011funu b\u0259yan edib.<\/p>\n","protected":false},"excerpt":{"rendered":"<p>10 il h\u0259bs c\u0259zas\u0131 alan f\u0259al mediaya, v\u0259kill\u0259r\u0259, s\u0259firlikl\u0259r\u0259 v\u0259 &#8230; <\/p>\n<p class=\"read-more-container\"><a title=\"B\u0259xtiyar Hac\u0131yevin son s\u00f6z\u00fc: \u201cGuya Q\u0259rbin d\u0259st\u0259yi il\u0259 d\u00f6vl\u0259t \u00e7evrili\u015fi haz\u0131rlam\u0131\u015fam\u201d\" class=\"read-more button\" href=\"https:\/\/www.meydan.tv\/az\/article\/b%c9%99xtiyar-haciyevin-son-sozu-guya-q%c9%99rbin-d%c9%99st%c9%99yi-il%c9%99-dovl%c9%99t-cevrilisi-hazirlamisam\/#more-324417\" aria-label=\"Read more about B\u0259xtiyar Hac\u0131yevin son s\u00f6z\u00fc: \u201cGuya Q\u0259rbin d\u0259st\u0259yi il\u0259 d\u00f6vl\u0259t \u00e7evrili\u015fi haz\u0131rlam\u0131\u015fam\u201d\">Davam\u0131<\/a><\/p>\n","protected":false},"author":21,"featured_media":324405,"comment_status":"closed","ping_status":"closed","sticky":false,"template":"","format":"standard","meta":{"_acf_changed":false,"_sitemap_exclude":false,"_sitemap_priority":"","_sitemap_frequency":"","footnotes":""},"categories":[59,79,63,56],"tags":[],"class_list":["post-324417","post","type-post","status-publish","format-standard","has-post-thumbnail","hentry","category-siyaset","category-featured","category-video-2","category-xeberler","infinite-scroll-item","generate-columns","tablet-grid-50","mobile-grid-100","grid-parent","grid-33","no-featured-image-padding"],"acf":[],"yoast_head":"<!-- This site is optimized with the Yoast SEO plugin v27.4 - https:\/\/yoast.com\/product\/yoast-seo-wordpress\/ -->\n<title>B\u0259xtiyar Hac\u0131yevin son s\u00f6z\u00fc: \u201cGuya Q\u0259rbin d\u0259st\u0259yi il\u0259 d\u00f6vl\u0259t \u00e7evrili\u015fi haz\u0131rlam\u0131\u015fam\u201d - MEYDAN.TV<\/title>\n<meta name=\"robots\" content=\"index, follow, max-snippet:-1, max-image-preview:large, max-video-preview:-1\" \/>\n<link rel=\"canonical\" href=\"https:\/\/www.meydan.tv\/az\/article\/b%c9%99xtiyar-haciyevin-son-sozu-guya-q%c9%99rbin-d%c9%99st%c9%99yi-il%c9%99-dovl%c9%99t-cevrilisi-hazirlamisam\/\" \/>\n<meta property=\"og:locale\" content=\"az_AZ\" \/>\n<meta property=\"og:type\" content=\"article\" \/>\n<meta property=\"og:title\" content=\"B\u0259xtiyar Hac\u0131yevin son s\u00f6z\u00fc: \u201cGuya Q\u0259rbin d\u0259st\u0259yi il\u0259 d\u00f6vl\u0259t \u00e7evrili\u015fi haz\u0131rlam\u0131\u015fam\u201d - MEYDAN.TV\" \/>\n<meta property=\"og:description\" content=\"10 il h\u0259bs c\u0259zas\u0131 alan f\u0259al mediaya, v\u0259kill\u0259r\u0259, s\u0259firlikl\u0259r\u0259 v\u0259 ... Davam\u0131\" \/>\n<meta property=\"og:url\" content=\"https:\/\/www.meydan.tv\/az\/article\/b%c9%99xtiyar-haciyevin-son-sozu-guya-q%c9%99rbin-d%c9%99st%c9%99yi-il%c9%99-dovl%c9%99t-cevrilisi-hazirlamisam\/\" \/>\n<meta property=\"og:site_name\" content=\"MEYDAN.TV\" \/>\n<meta property=\"article:published_time\" content=\"2025-01-13T15:25:09+00:00\" \/>\n<meta property=\"article:modified_time\" content=\"2025-01-14T13:44:31+00:00\" \/>\n<meta property=\"og:image\" content=\"https:\/\/www.meydan.tv\/wp-content\/uploads\/bed262e2-f8cd-48fb-a85a-db7dac1de6a2.jpg\" \/>\n\t<meta property=\"og:image:width\" content=\"1280\" \/>\n\t<meta property=\"og:image:height\" content=\"720\" \/>\n\t<meta property=\"og:image:type\" content=\"image\/jpeg\" \/>\n<meta name=\"author\" content=\"mahmud\" \/>\n<meta name=\"twitter:card\" content=\"summary_large_image\" \/>\n<script type=\"application\/ld+json\" class=\"yoast-schema-graph\">{\"@context\":\"https:\\\/\\\/schema.org\",\"@graph\":[{\"@type\":\"Article\",\"@id\":\"https:\\\/\\\/www.meydan.tv\\\/az\\\/article\\\/b%c9%99xtiyar-haciyevin-son-sozu-guya-q%c9%99rbin-d%c9%99st%c9%99yi-il%c9%99-dovl%c9%99t-cevrilisi-hazirlamisam\\\/#article\",\"isPartOf\":{\"@id\":\"https:\\\/\\\/www.meydan.tv\\\/az\\\/article\\\/b%c9%99xtiyar-haciyevin-son-sozu-guya-q%c9%99rbin-d%c9%99st%c9%99yi-il%c9%99-dovl%c9%99t-cevrilisi-hazirlamisam\\\/\"},\"author\":{\"name\":\"mahmud\",\"@id\":\"https:\\\/\\\/www.meydan.tv\\\/az\\\/#\\\/schema\\\/person\\\/09863e516102a829e72bedcf3f84c6b0\"},\"headline\":\"B\u0259xtiyar Hac\u0131yevin son s\u00f6z\u00fc: \u201cGuya Q\u0259rbin d\u0259st\u0259yi il\u0259 d\u00f6vl\u0259t \u00e7evrili\u015fi haz\u0131rlam\u0131\u015fam\u201d\",\"datePublished\":\"2025-01-13T15:25:09+00:00\",\"dateModified\":\"2025-01-14T13:44:31+00:00\",\"mainEntityOfPage\":{\"@id\":\"https:\\\/\\\/www.meydan.tv\\\/az\\\/article\\\/b%c9%99xtiyar-haciyevin-son-sozu-guya-q%c9%99rbin-d%c9%99st%c9%99yi-il%c9%99-dovl%c9%99t-cevrilisi-hazirlamisam\\\/\"},\"wordCount\":1559,\"publisher\":{\"@id\":\"https:\\\/\\\/www.meydan.tv\\\/az\\\/#organization\"},\"image\":{\"@id\":\"https:\\\/\\\/www.meydan.tv\\\/az\\\/article\\\/b%c9%99xtiyar-haciyevin-son-sozu-guya-q%c9%99rbin-d%c9%99st%c9%99yi-il%c9%99-dovl%c9%99t-cevrilisi-hazirlamisam\\\/#primaryimage\"},\"thumbnailUrl\":\"https:\\\/\\\/www.meydan.tv\\\/wp-content\\\/uploads\\\/bed262e2-f8cd-48fb-a85a-db7dac1de6a2.jpg\",\"articleSection\":[\"Siyas\u0259t\",\"T\u00f6vsiy\u0259\",\"Video\",\"X\u0259b\u0259rl\u0259r\"],\"inLanguage\":\"az\"},{\"@type\":\"WebPage\",\"@id\":\"https:\\\/\\\/www.meydan.tv\\\/az\\\/article\\\/b%c9%99xtiyar-haciyevin-son-sozu-guya-q%c9%99rbin-d%c9%99st%c9%99yi-il%c9%99-dovl%c9%99t-cevrilisi-hazirlamisam\\\/\",\"url\":\"https:\\\/\\\/www.meydan.tv\\\/az\\\/article\\\/b%c9%99xtiyar-haciyevin-son-sozu-guya-q%c9%99rbin-d%c9%99st%c9%99yi-il%c9%99-dovl%c9%99t-cevrilisi-hazirlamisam\\\/\",\"name\":\"B\u0259xtiyar Hac\u0131yevin son s\u00f6z\u00fc: \u201cGuya Q\u0259rbin d\u0259st\u0259yi il\u0259 d\u00f6vl\u0259t \u00e7evrili\u015fi haz\u0131rlam\u0131\u015fam\u201d - MEYDAN.TV\",\"isPartOf\":{\"@id\":\"https:\\\/\\\/www.meydan.tv\\\/az\\\/#website\"},\"primaryImageOfPage\":{\"@id\":\"https:\\\/\\\/www.meydan.tv\\\/az\\\/article\\\/b%c9%99xtiyar-haciyevin-son-sozu-guya-q%c9%99rbin-d%c9%99st%c9%99yi-il%c9%99-dovl%c9%99t-cevrilisi-hazirlamisam\\\/#primaryimage\"},\"image\":{\"@id\":\"https:\\\/\\\/www.meydan.tv\\\/az\\\/article\\\/b%c9%99xtiyar-haciyevin-son-sozu-guya-q%c9%99rbin-d%c9%99st%c9%99yi-il%c9%99-dovl%c9%99t-cevrilisi-hazirlamisam\\\/#primaryimage\"},\"thumbnailUrl\":\"https:\\\/\\\/www.meydan.tv\\\/wp-content\\\/uploads\\\/bed262e2-f8cd-48fb-a85a-db7dac1de6a2.jpg\",\"datePublished\":\"2025-01-13T15:25:09+00:00\",\"dateModified\":\"2025-01-14T13:44:31+00:00\",\"breadcrumb\":{\"@id\":\"https:\\\/\\\/www.meydan.tv\\\/az\\\/article\\\/b%c9%99xtiyar-haciyevin-son-sozu-guya-q%c9%99rbin-d%c9%99st%c9%99yi-il%c9%99-dovl%c9%99t-cevrilisi-hazirlamisam\\\/#breadcrumb\"},\"inLanguage\":\"az\",\"potentialAction\":[{\"@type\":\"ReadAction\",\"target\":[\"https:\\\/\\\/www.meydan.tv\\\/az\\\/article\\\/b%c9%99xtiyar-haciyevin-son-sozu-guya-q%c9%99rbin-d%c9%99st%c9%99yi-il%c9%99-dovl%c9%99t-cevrilisi-hazirlamisam\\\/\"]}]},{\"@type\":\"ImageObject\",\"inLanguage\":\"az\",\"@id\":\"https:\\\/\\\/www.meydan.tv\\\/az\\\/article\\\/b%c9%99xtiyar-haciyevin-son-sozu-guya-q%c9%99rbin-d%c9%99st%c9%99yi-il%c9%99-dovl%c9%99t-cevrilisi-hazirlamisam\\\/#primaryimage\",\"url\":\"https:\\\/\\\/www.meydan.tv\\\/wp-content\\\/uploads\\\/bed262e2-f8cd-48fb-a85a-db7dac1de6a2.jpg\",\"contentUrl\":\"https:\\\/\\\/www.meydan.tv\\\/wp-content\\\/uploads\\\/bed262e2-f8cd-48fb-a85a-db7dac1de6a2.jpg\",\"width\":1280,\"height\":720,\"caption\":\"B\u0259xtiyar Hac\u0131yev. Foto: Meydan TV\"},{\"@type\":\"BreadcrumbList\",\"@id\":\"https:\\\/\\\/www.meydan.tv\\\/az\\\/article\\\/b%c9%99xtiyar-haciyevin-son-sozu-guya-q%c9%99rbin-d%c9%99st%c9%99yi-il%c9%99-dovl%c9%99t-cevrilisi-hazirlamisam\\\/#breadcrumb\",\"itemListElement\":[{\"@type\":\"ListItem\",\"position\":1,\"name\":\"Ana s\u0259hif\u0259\",\"item\":\"https:\\\/\\\/www.meydan.tv\\\/az\\\/\"},{\"@type\":\"ListItem\",\"position\":2,\"name\":\"Siyas\u0259t\",\"item\":\"https:\\\/\\\/www.meydan.tv\\\/az\\\/section\\\/siyaset\\\/\"},{\"@type\":\"ListItem\",\"position\":3,\"name\":\"B\u0259xtiyar Hac\u0131yevin son s\u00f6z\u00fc: \u201cGuya Q\u0259rbin d\u0259st\u0259yi il\u0259 d\u00f6vl\u0259t \u00e7evrili\u015fi haz\u0131rlam\u0131\u015fam\u201d\"}]},{\"@type\":\"WebSite\",\"@id\":\"https:\\\/\\\/www.meydan.tv\\\/az\\\/#website\",\"url\":\"https:\\\/\\\/www.meydan.tv\\\/az\\\/\",\"name\":\"MEYDAN.TV\",\"description\":\"Meydan TV Az\u0259rbaycan\u0131n media m\u0259kan\u0131ndak\u0131 alternativ s\u0259sidir\",\"publisher\":{\"@id\":\"https:\\\/\\\/www.meydan.tv\\\/az\\\/#organization\"},\"potentialAction\":[{\"@type\":\"SearchAction\",\"target\":{\"@type\":\"EntryPoint\",\"urlTemplate\":\"https:\\\/\\\/www.meydan.tv\\\/az\\\/?s={search_term_string}\"},\"query-input\":{\"@type\":\"PropertyValueSpecification\",\"valueRequired\":true,\"valueName\":\"search_term_string\"}}],\"inLanguage\":\"az\"},{\"@type\":\"Organization\",\"@id\":\"https:\\\/\\\/www.meydan.tv\\\/az\\\/#organization\",\"name\":\"Meydan TV\",\"url\":\"https:\\\/\\\/www.meydan.tv\\\/az\\\/\",\"logo\":{\"@type\":\"ImageObject\",\"inLanguage\":\"az\",\"@id\":\"https:\\\/\\\/www.meydan.tv\\\/az\\\/#\\\/schema\\\/logo\\\/image\\\/\",\"url\":\"https:\\\/\\\/www.meydan.tv\\\/wp-content\\\/uploads\\\/2021\\\/07\\\/meydan-logo.svg\",\"contentUrl\":\"https:\\\/\\\/www.meydan.tv\\\/wp-content\\\/uploads\\\/2021\\\/07\\\/meydan-logo.svg\",\"width\":195,\"height\":46,\"caption\":\"Meydan TV\"},\"image\":{\"@id\":\"https:\\\/\\\/www.meydan.tv\\\/az\\\/#\\\/schema\\\/logo\\\/image\\\/\"}},{\"@type\":\"Person\",\"@id\":\"https:\\\/\\\/www.meydan.tv\\\/az\\\/#\\\/schema\\\/person\\\/09863e516102a829e72bedcf3f84c6b0\",\"name\":\"mahmud\"}]}<\/script>\n<!-- \/ Yoast SEO plugin. -->","yoast_head_json":{"title":"B\u0259xtiyar Hac\u0131yevin son s\u00f6z\u00fc: \u201cGuya Q\u0259rbin d\u0259st\u0259yi il\u0259 d\u00f6vl\u0259t \u00e7evrili\u015fi haz\u0131rlam\u0131\u015fam\u201d - MEYDAN.TV","robots":{"index":"index","follow":"follow","max-snippet":"max-snippet:-1","max-image-preview":"max-image-preview:large","max-video-preview":"max-video-preview:-1"},"canonical":"https:\/\/www.meydan.tv\/az\/article\/b%c9%99xtiyar-haciyevin-son-sozu-guya-q%c9%99rbin-d%c9%99st%c9%99yi-il%c9%99-dovl%c9%99t-cevrilisi-hazirlamisam\/","og_locale":"az_AZ","og_type":"article","og_title":"B\u0259xtiyar Hac\u0131yevin son s\u00f6z\u00fc: \u201cGuya Q\u0259rbin d\u0259st\u0259yi il\u0259 d\u00f6vl\u0259t \u00e7evrili\u015fi haz\u0131rlam\u0131\u015fam\u201d - MEYDAN.TV","og_description":"10 il h\u0259bs c\u0259zas\u0131 alan f\u0259al mediaya, v\u0259kill\u0259r\u0259, s\u0259firlikl\u0259r\u0259 v\u0259 ... Davam\u0131","og_url":"https:\/\/www.meydan.tv\/az\/article\/b%c9%99xtiyar-haciyevin-son-sozu-guya-q%c9%99rbin-d%c9%99st%c9%99yi-il%c9%99-dovl%c9%99t-cevrilisi-hazirlamisam\/","og_site_name":"MEYDAN.TV","article_published_time":"2025-01-13T15:25:09+00:00","article_modified_time":"2025-01-14T13:44:31+00:00","og_image":[{"width":1280,"height":720,"url":"https:\/\/www.meydan.tv\/wp-content\/uploads\/bed262e2-f8cd-48fb-a85a-db7dac1de6a2.jpg","type":"image\/jpeg"}],"author":"mahmud","twitter_card":"summary_large_image","schema":{"@context":"https:\/\/schema.org","@graph":[{"@type":"Article","@id":"https:\/\/www.meydan.tv\/az\/article\/b%c9%99xtiyar-haciyevin-son-sozu-guya-q%c9%99rbin-d%c9%99st%c9%99yi-il%c9%99-dovl%c9%99t-cevrilisi-hazirlamisam\/#article","isPartOf":{"@id":"https:\/\/www.meydan.tv\/az\/article\/b%c9%99xtiyar-haciyevin-son-sozu-guya-q%c9%99rbin-d%c9%99st%c9%99yi-il%c9%99-dovl%c9%99t-cevrilisi-hazirlamisam\/"},"author":{"name":"mahmud","@id":"https:\/\/www.meydan.tv\/az\/#\/schema\/person\/09863e516102a829e72bedcf3f84c6b0"},"headline":"B\u0259xtiyar Hac\u0131yevin son s\u00f6z\u00fc: \u201cGuya Q\u0259rbin d\u0259st\u0259yi il\u0259 d\u00f6vl\u0259t \u00e7evrili\u015fi haz\u0131rlam\u0131\u015fam\u201d","datePublished":"2025-01-13T15:25:09+00:00","dateModified":"2025-01-14T13:44:31+00:00","mainEntityOfPage":{"@id":"https:\/\/www.meydan.tv\/az\/article\/b%c9%99xtiyar-haciyevin-son-sozu-guya-q%c9%99rbin-d%c9%99st%c9%99yi-il%c9%99-dovl%c9%99t-cevrilisi-hazirlamisam\/"},"wordCount":1559,"publisher":{"@id":"https:\/\/www.meydan.tv\/az\/#organization"},"image":{"@id":"https:\/\/www.meydan.tv\/az\/article\/b%c9%99xtiyar-haciyevin-son-sozu-guya-q%c9%99rbin-d%c9%99st%c9%99yi-il%c9%99-dovl%c9%99t-cevrilisi-hazirlamisam\/#primaryimage"},"thumbnailUrl":"https:\/\/www.meydan.tv\/wp-content\/uploads\/bed262e2-f8cd-48fb-a85a-db7dac1de6a2.jpg","articleSection":["Siyas\u0259t","T\u00f6vsiy\u0259","Video","X\u0259b\u0259rl\u0259r"],"inLanguage":"az"},{"@type":"WebPage","@id":"https:\/\/www.meydan.tv\/az\/article\/b%c9%99xtiyar-haciyevin-son-sozu-guya-q%c9%99rbin-d%c9%99st%c9%99yi-il%c9%99-dovl%c9%99t-cevrilisi-hazirlamisam\/","url":"https:\/\/www.meydan.tv\/az\/article\/b%c9%99xtiyar-haciyevin-son-sozu-guya-q%c9%99rbin-d%c9%99st%c9%99yi-il%c9%99-dovl%c9%99t-cevrilisi-hazirlamisam\/","name":"B\u0259xtiyar Hac\u0131yevin son s\u00f6z\u00fc: \u201cGuya Q\u0259rbin d\u0259st\u0259yi il\u0259 d\u00f6vl\u0259t \u00e7evrili\u015fi haz\u0131rlam\u0131\u015fam\u201d - MEYDAN.TV","isPartOf":{"@id":"https:\/\/www.meydan.tv\/az\/#website"},"primaryImageOfPage":{"@id":"https:\/\/www.meydan.tv\/az\/article\/b%c9%99xtiyar-haciyevin-son-sozu-guya-q%c9%99rbin-d%c9%99st%c9%99yi-il%c9%99-dovl%c9%99t-cevrilisi-hazirlamisam\/#primaryimage"},"image":{"@id":"https:\/\/www.meydan.tv\/az\/article\/b%c9%99xtiyar-haciyevin-son-sozu-guya-q%c9%99rbin-d%c9%99st%c9%99yi-il%c9%99-dovl%c9%99t-cevrilisi-hazirlamisam\/#primaryimage"},"thumbnailUrl":"https:\/\/www.meydan.tv\/wp-content\/uploads\/bed262e2-f8cd-48fb-a85a-db7dac1de6a2.jpg","datePublished":"2025-01-13T15:25:09+00:00","dateModified":"2025-01-14T13:44:31+00:00","breadcrumb":{"@id":"https:\/\/www.meydan.tv\/az\/article\/b%c9%99xtiyar-haciyevin-son-sozu-guya-q%c9%99rbin-d%c9%99st%c9%99yi-il%c9%99-dovl%c9%99t-cevrilisi-hazirlamisam\/#breadcrumb"},"inLanguage":"az","potentialAction":[{"@type":"ReadAction","target":["https:\/\/www.meydan.tv\/az\/article\/b%c9%99xtiyar-haciyevin-son-sozu-guya-q%c9%99rbin-d%c9%99st%c9%99yi-il%c9%99-dovl%c9%99t-cevrilisi-hazirlamisam\/"]}]},{"@type":"ImageObject","inLanguage":"az","@id":"https:\/\/www.meydan.tv\/az\/article\/b%c9%99xtiyar-haciyevin-son-sozu-guya-q%c9%99rbin-d%c9%99st%c9%99yi-il%c9%99-dovl%c9%99t-cevrilisi-hazirlamisam\/#primaryimage","url":"https:\/\/www.meydan.tv\/wp-content\/uploads\/bed262e2-f8cd-48fb-a85a-db7dac1de6a2.jpg","contentUrl":"https:\/\/www.meydan.tv\/wp-content\/uploads\/bed262e2-f8cd-48fb-a85a-db7dac1de6a2.jpg","width":1280,"height":720,"caption":"B\u0259xtiyar Hac\u0131yev. Foto: Meydan TV"},{"@type":"BreadcrumbList","@id":"https:\/\/www.meydan.tv\/az\/article\/b%c9%99xtiyar-haciyevin-son-sozu-guya-q%c9%99rbin-d%c9%99st%c9%99yi-il%c9%99-dovl%c9%99t-cevrilisi-hazirlamisam\/#breadcrumb","itemListElement":[{"@type":"ListItem","position":1,"name":"Ana s\u0259hif\u0259","item":"https:\/\/www.meydan.tv\/az\/"},{"@type":"ListItem","position":2,"name":"Siyas\u0259t","item":"https:\/\/www.meydan.tv\/az\/section\/siyaset\/"},{"@type":"ListItem","position":3,"name":"B\u0259xtiyar Hac\u0131yevin son s\u00f6z\u00fc: \u201cGuya Q\u0259rbin d\u0259st\u0259yi il\u0259 d\u00f6vl\u0259t \u00e7evrili\u015fi haz\u0131rlam\u0131\u015fam\u201d"}]},{"@type":"WebSite","@id":"https:\/\/www.meydan.tv\/az\/#website","url":"https:\/\/www.meydan.tv\/az\/","name":"MEYDAN.TV","description":"Meydan TV Az\u0259rbaycan\u0131n media m\u0259kan\u0131ndak\u0131 alternativ s\u0259sidir","publisher":{"@id":"https:\/\/www.meydan.tv\/az\/#organization"},"potentialAction":[{"@type":"SearchAction","target":{"@type":"EntryPoint","urlTemplate":"https:\/\/www.meydan.tv\/az\/?s={search_term_string}"},"query-input":{"@type":"PropertyValueSpecification","valueRequired":true,"valueName":"search_term_string"}}],"inLanguage":"az"},{"@type":"Organization","@id":"https:\/\/www.meydan.tv\/az\/#organization","name":"Meydan TV","url":"https:\/\/www.meydan.tv\/az\/","logo":{"@type":"ImageObject","inLanguage":"az","@id":"https:\/\/www.meydan.tv\/az\/#\/schema\/logo\/image\/","url":"https:\/\/www.meydan.tv\/wp-content\/uploads\/2021\/07\/meydan-logo.svg","contentUrl":"https:\/\/www.meydan.tv\/wp-content\/uploads\/2021\/07\/meydan-logo.svg","width":195,"height":46,"caption":"Meydan TV"},"image":{"@id":"https:\/\/www.meydan.tv\/az\/#\/schema\/logo\/image\/"}},{"@type":"Person","@id":"https:\/\/www.meydan.tv\/az\/#\/schema\/person\/09863e516102a829e72bedcf3f84c6b0","name":"mahmud"}]}},"_links":{"self":[{"href":"https:\/\/www.meydan.tv\/az\/wp-json\/wp\/v2\/posts\/324417","targetHints":{"allow":["GET"]}}],"collection":[{"href":"https:\/\/www.meydan.tv\/az\/wp-json\/wp\/v2\/posts"}],"about":[{"href":"https:\/\/www.meydan.tv\/az\/wp-json\/wp\/v2\/types\/post"}],"author":[{"embeddable":true,"href":"https:\/\/www.meydan.tv\/az\/wp-json\/wp\/v2\/users\/21"}],"replies":[{"embeddable":true,"href":"https:\/\/www.meydan.tv\/az\/wp-json\/wp\/v2\/comments?post=324417"}],"version-history":[{"count":2,"href":"https:\/\/www.meydan.tv\/az\/wp-json\/wp\/v2\/posts\/324417\/revisions"}],"predecessor-version":[{"id":324491,"href":"https:\/\/www.meydan.tv\/az\/wp-json\/wp\/v2\/posts\/324417\/revisions\/324491"}],"wp:featuredmedia":[{"embeddable":true,"href":"https:\/\/www.meydan.tv\/az\/wp-json\/wp\/v2\/media\/324405"}],"wp:attachment":[{"href":"https:\/\/www.meydan.tv\/az\/wp-json\/wp\/v2\/media?parent=324417"}],"wp:term":[{"taxonomy":"category","embeddable":true,"href":"https:\/\/www.meydan.tv\/az\/wp-json\/wp\/v2\/categories?post=324417"},{"taxonomy":"post_tag","embeddable":true,"href":"https:\/\/www.meydan.tv\/az\/wp-json\/wp\/v2\/tags?post=324417"}],"curies":[{"name":"wp","href":"https:\/\/api.w.org\/{rel}","templated":true}]}}