{"id":324351,"date":"2025-01-12T13:07:11","date_gmt":"2025-01-12T09:07:11","guid":{"rendered":"https:\/\/www.meydan.tv\/?p=324351"},"modified":"2025-01-13T12:04:16","modified_gmt":"2025-01-13T08:04:16","slug":"ali-m%c9%99hk%c9%99m%c9%99nin-plenumundan-usaqlarla-bagli-q%c9%99rar-gorus-s%c9%99yah%c9%99t-v%c9%99-aliment","status":"publish","type":"post","link":"https:\/\/www.meydan.tv\/az\/article\/ali-m%c9%99hk%c9%99m%c9%99nin-plenumundan-usaqlarla-bagli-q%c9%99rar-gorus-s%c9%99yah%c9%99t-v%c9%99-aliment\/","title":{"rendered":"Ali M\u0259hk\u0259m\u0259nin Plenumundan u\u015faqlarla ba\u011fl\u0131 q\u0259rar: g\u00f6r\u00fc\u015f, s\u0259yah\u0259t v\u0259 aliment&#8230;"},"content":{"rendered":"\n<p><strong><em>V\u0259kil: &#8220;\u018fvv\u0259ll\u0259r t\u0259r\u0259fl\u0259r v\u0259 onlar\u0131n v\u0259kill\u0259ri m\u0259hk\u0259m\u0259y\u0259 ayr\u0131ca m\u00fcraci\u0259t edirdil\u0259r&#8230;&#8221;<\/em><\/strong><\/p>\n\n\n\n<p>Az\u0259rbaycan Respublikas\u0131 Ali M\u0259hk\u0259m\u0259si Plenumunun 20 dekabr (q\u0259rar 2025-ci ilin yanvar\u0131nda r\u0259smi sayta y\u00fckl\u0259ns\u0259 d\u0259, 2024-c\u00fc il 20 dekabr iclas\u0131na aiddir) q\u0259rar\u0131nda nikah\u0131n pozulmas\u0131 hallar\u0131nda u\u015fa\u011f\u0131n valideynl\u0259rl\u0259 \u00fcnsiyy\u0259t, g\u00f6r\u00fc\u015f, birg\u0259 s\u0259yah\u0259t v\u0259 aliment m\u0259s\u0259l\u0259l\u0259rin\u0259 ayd\u0131nl\u0131q g\u0259tirilib.<\/p>\n\n\n\n<p>Q\u0259rarda bildirilir ki, bu d\u0259yi\u015fiklikl\u0259r v\u0259t\u0259nda\u015flar\u0131n h\u00fcquq v\u0259 azadl\u0131qlar\u0131n\u0131n daha effektiv m\u00fcdafi\u0259si, u\u015faqlar\u0131n \u00fcst\u00fcn m\u0259nafel\u0259rinin qorunmas\u0131 \u00fc\u00e7\u00fcnd\u00fcr.&nbsp;<\/p>\n\n\n\n<p>Ona g\u00f6r\u0259 d\u0259 Ali M\u0259hk\u0259m\u0259 nikah\u0131n pozulmas\u0131 zaman\u0131 u\u015fa\u011f\u0131n v\u0259 valideynl\u0259rin h\u00fcquqlar\u0131n\u0131n d\u0259qiql\u0259\u015fdirilm\u0259si \u00fc\u00e7\u00fcn b\u0259zi t\u0259limatlar vasit\u0259sil\u0259 d\u0259yi\u015fiklikl\u0259r edib.<\/p>\n\n\n\n<figure class=\"wp-block-image size-full\"><img decoding=\"async\" width=\"1200\" height=\"800\" data-src=\"https:\/\/www.meydan.tv\/wp-content\/uploads\/untitled-design-4-92.jpg\" alt=\"Zibeyd\u0259 Sad\u0131qova. Foto: Meydan TV\" class=\"wp-image-282885 lazyload\" src=\"data:image\/svg+xml;base64,PHN2ZyB3aWR0aD0iMSIgaGVpZ2h0PSIxIiB4bWxucz0iaHR0cDovL3d3dy53My5vcmcvMjAwMC9zdmciPjwvc3ZnPg==\" style=\"--smush-placeholder-width: 1200px; --smush-placeholder-aspect-ratio: 1200\/800;\" \/><figcaption class=\"wp-element-caption\">Zibeyd\u0259 Sad\u0131qova. Foto: Meydan TV<\/figcaption><\/figure>\n\n\n\n<p><em>&#8220;Art\u0131q \u0259lav\u0259 m\u00fcraci\u0259t\u0259 v\u0259 yeni m\u0259hk\u0259m\u0259 iclas\u0131na ehtiyac qalmayacaq&#8221;<\/em><\/p>\n\n\n\n<p>V\u0259kil Zibeyd\u0259 Sad\u0131qova Meydan TV-y\u0259 ilk t\u0259limat\u0131 bel\u0259 \u015f\u0259rh edir:<\/p>\n\n\n\n<p><em>&#8220;Ail\u0259 M\u0259c\u0259ll\u0259sinin 22-ci madd\u0259sind\u0259 qeyd olunub ki, m\u0259hk\u0259m\u0259 nikah\u0131n pozulmas\u0131yla yana\u015f\u0131, h\u0259m\u00e7inin u\u015fa\u011f\u0131n valideynl\u0259rl\u0259 \u00fcnsiyy\u0259t v\u0259 aliment h\u00fcququnu t\u0259nziml\u0259y\u0259 bil\u0259r. \u018fvv\u0259ll\u0259r t\u0259r\u0259fl\u0259r v\u0259 onlar\u0131n v\u0259kill\u0259ri m\u0259hk\u0259m\u0259y\u0259 ayr\u0131ca m\u00fcraci\u0259t edirdil\u0259r ki, u\u015faqla g\u00f6r\u00fc\u015f \u00fc\u00e7\u00fcn konkret g\u00fcnl\u0259rd\u0259, saatlarda m\u0259hk\u0259m\u0259 onlar\u0131n h\u00fcquqlar\u0131n\u0131 tan\u0131s\u0131n v\u0259 t\u0259min etsin. Lakin haz\u0131rk\u0131 d\u0259yi\u015fiklik deyir ki, art\u0131q bo\u015fanma prosesind\u0259 t\u0259r\u0259fl\u0259r aras\u0131nda he\u00e7 bir m\u00fcbahis\u0259 yoxdursa, m\u0259hk\u0259m\u0259 nikah\u0131n pozulmas\u0131 m\u0259s\u0259l\u0259si daxilind\u0259, h\u0259m d\u0259 valideynl\u0259rin u\u015faqla \u00fcnsiyy\u0259tinin \u015f\u0259rt, zaman v\u0259 m\u0259kan\u0131n\u0131 d\u0259qiql\u0259\u015fdirm\u0259yi t\u0259klif edir&#8221;.\u00a0<\/em><\/p>\n\n\n\n<p>Ekspertl\u0259rin s\u00f6zl\u0259rin\u0259 g\u00f6r\u0259, bu d\u0259yi\u015fiklik eyni zamanda, m\u0259hk\u0259m\u0259nin resurslar\u0131na q\u0259na\u0259tin\u0259 g\u0259tirib \u00e7\u0131xar\u0131r. Bel\u0259 ki, \u0259vv\u0259ll\u0259r t\u0259r\u0259fl\u0259r u\u015faqla \u00fcnsiyy\u0259t \u00fc\u00e7\u00fcn iddia \u0259riz\u0259si il\u0259 m\u00fcraci\u0259t ed\u0259rk\u0259n o proses\u0259 ayr\u0131ca bax\u0131l\u0131rd\u0131sa, art\u0131q \u0259lav\u0259 m\u00fcraci\u0259t\u0259 v\u0259 yeni m\u0259hk\u0259m\u0259 iclas\u0131na ehtiyac qalmayacaq.&nbsp;<\/p>\n\n\n\n<p>\u0130kinci \u0259sas t\u0259limat alimentin indeksasiyas\u0131 (y\u0259ni g\u0259l\u0259c\u0259kd\u0259 g\u0259lir v\u0259 ya ehtiyac d\u0259yi\u015fikliyin\u0259 \u0259sas\u0259n uy\u011funla\u015fd\u0131r\u0131lmas\u0131) il\u0259 ba\u011fl\u0131d\u0131r.&nbsp;<\/p>\n\n\n\n<p>Plenum m\u0259hk\u0259m\u0259l\u0259r\u0259 t\u0259limat verir ki, bundan sonra q\u0259bul etdikl\u0259ri q\u0259tnam\u0259l\u0259rd\u0259 alimentin indeksasiyas\u0131 (uy\u011funla\u015fd\u0131r\u0131lmas\u0131) il\u0259 ba\u011fl\u0131 q\u0259tnam\u0259nin yekun hiss\u0259sind\u0259 ayr\u0131ca c\u00fcml\u0259 yazs\u0131nlar.<\/p>\n\n\n\n<figure class=\"wp-block-image size-full\"><img decoding=\"async\" width=\"1060\" height=\"558\" data-src=\"https:\/\/www.meydan.tv\/wp-content\/uploads\/42598.jpg\" alt=\"S\u0259m\u0259d R\u0259himli\" class=\"wp-image-107250 lazyload\" src=\"data:image\/svg+xml;base64,PHN2ZyB3aWR0aD0iMSIgaGVpZ2h0PSIxIiB4bWxucz0iaHR0cDovL3d3dy53My5vcmcvMjAwMC9zdmciPjwvc3ZnPg==\" style=\"--smush-placeholder-width: 1060px; --smush-placeholder-aspect-ratio: 1060\/558;\" \/><figcaption class=\"wp-element-caption\">S\u0259m\u0259d R\u0259himlinin \u015f\u0259xsi arxivind\u0259n<\/figcaption><\/figure>\n\n\n\n<p><strong><em>Alimentin indeksasiyas\u0131 v\u0259 miqdar\u0131n\u0131n d\u0259yi\u015fdirilm\u0259si&#8230;<\/em><\/strong><\/p>\n\n\n\n<p>H\u00fcquq\u015f\u00fcnas S\u0259m\u0259d R\u0259himli deyir ki, Plenum bu q\u0259rar\u0131 il\u0259 qanunvericilikd\u0259ki iki m\u0259s\u0259l\u0259ni f\u0259rql\u0259ndir\u0259 bilib:&nbsp;<\/p>\n\n\n\n<p>1) alimentin indeksasiyas\u0131,<br>2) alimentin miqdar\u0131n\u0131n d\u0259yi\u015fdirilm\u0259si.<\/p>\n\n\n\n<p>Onun s\u00f6zl\u0259rin\u0259 g\u00f6r\u0259, indiy\u0259 q\u0259d\u0259r iddialar alimentin miqdar\u0131n\u0131n art\u0131r\u0131lmas\u0131 (y\u0259ni d\u0259yi\u015fdirilm\u0259si) t\u0259l\u0259bi il\u0259 m\u0259hk\u0259m\u0259y\u0259 verilirdi:<\/p>\n\n\n\n<p><em>&#8220;Bu da i\u015f y\u00fck\u00fcn\u00fc art\u0131r\u0131rd\u0131. Plenum bu q\u0259rarla m\u0259hk\u0259m\u0259l\u0259r\u0259 izah edib ki, yeni v\u0259ziyy\u0259td\u0259 indeksasiya d\u0259yi\u015fdirm\u0259d\u0259n f\u0259rqlidir. D\u0259yi\u015fdirm\u0259 odur ki, \u015f\u0259xsin ail\u0259 v\u0259 ya maddi v\u0259ziyy\u0259ti d\u0259yi\u015fir. M\u0259s\u0259l\u0259n, bir ki\u015fi bo\u015fan\u0131r. \u0130ki u\u015fa\u011f\u0131na aliment verir. Daha sonra yenid\u0259n evl\u0259nir v\u0259 yeni nikah\u0131ndan anadan olan u\u015fa\u011f\u0131 \u0259lil olur. Bu halda ki\u015finin ail\u0259 v\u0259 maddi v\u0259ziyy\u0259tind\u0259 \u00e7\u0259tinlik yaran\u0131r. Bu halda \u0259vv\u0259lki nikahdan olan u\u015faqlar\u0131na g\u00f6r\u0259 alimentin miqdar\u0131n\u0131n azald\u0131lmas\u0131, y\u0259ni d\u0259yi\u015fdirilm\u0259si il\u0259 ba\u011fl\u0131 ke\u00e7mi\u015f arvad\u0131na qar\u015f\u0131 iddia qald\u0131ra bil\u0259r. Bu indeksasiya, y\u0259ni uy\u011funla\u015fd\u0131rma deyil, d\u0259yi\u015fdirm\u0259dir. V\u0259ziyy\u0259ti (\u00f6hd\u0259liyi) d\u0259yi\u015fdir\u0259n yeni hal ortaya \u00e7\u0131x\u0131b. Yaxud qad\u0131n iki u\u015fa\u011fa g\u00f6r\u0259 aliment al\u0131r. Bu u\u015faqlardan birinin t\u0259hsili il\u0259 ba\u011fl\u0131 yeni m\u0259s\u0259l\u0259 ortaya \u00e7\u0131x\u0131r. Bu halda qad\u0131n bu yeni hala uy\u011fun alimentin miqdar\u0131n\u0131n art\u0131r\u0131lmas\u0131 il\u0259 ba\u011fl\u0131 yeni iddia qald\u0131r\u0131r&#8221;.<\/em><\/p>\n\n\n\n<p><em>&#8220;\u0130ndeksasiyada is\u0259 yeni hal yoxdur. Sad\u0259c\u0259, g\u0259lir v\u0259 ya ehtiyac art\u0131b. Bu halda aliment \u00f6hd\u0259liyinin v\u0259ziyy\u0259ti yeni maliyy\u0259 ehtiyac\u0131na \u0259sas\u0259n uy\u011funla\u015fd\u0131r\u0131l\u0131r.\u00a0<\/em><\/p>\n\n\n\n<p><em>Plenum bu q\u0259rar\u0131 il\u0259 \u0259slind\u0259 alimentin d\u0259yi\u015fdirilm\u0259si il\u0259 ba\u011fl\u0131 iddialar\u0131n \u0259ks\u0259riyy\u0259tinin el\u0259 indeksasiya m\u0259s\u0259l\u0259si oldu\u011fu q\u0259na\u0259tin\u0259 g\u0259l\u0259r\u0259k m\u0259hk\u0259m\u0259nin i\u015f y\u00fck\u00fcn\u00fc azaltma\u011fa \u00e7a\u011f\u0131r\u0131\u015f edir&#8221;, &#8211;<\/em> S\u0259m\u0259d R\u0259himli bel\u0259 deyir.<\/p>\n\n\n\n<p><strong>&#8220;Art\u0131q bununla ba\u011fl\u0131 d\u0259yi\u015fiklikl\u0259r\u0259 m\u0259hk\u0259m\u0259l\u0259r baxmayacaq&#8221;<\/strong><\/p>\n\n\n\n<p>V\u0259kil Zibeyd\u0259 Sad\u0131qova is\u0259 qeyd edir:<\/p>\n\n\n\n<p><em>&#8220;\u018fg\u0259r aliment \u00f6d\u0259y\u0259nin g\u0259lirind\u0259 art\u0131m varsa, a) aliment sabit pul m\u0259bl\u0259\u011find\u0259 t\u0259yin edilibs\u0259, indeksasiyan\u0131 icra orqan\u0131; b) \u0259g\u0259r aliment \u0259m\u0259khaqq\u0131ndan tutulma il\u0259 t\u0259yin edilibs\u0259, indeksasiyan\u0131 aliment \u00f6d\u0259y\u0259nin i\u015f\u0259 g\u00f6t\u00fcr\u0259ni h\u0259yata ke\u00e7ir\u0259c\u0259k. Art\u0131q bununla ba\u011fl\u0131 d\u0259yi\u015fiklikl\u0259r\u0259 m\u0259hk\u0259m\u0259l\u0259r baxmayacaq&#8221;.<\/em><\/p>\n\n\n\n<p>\u00dc\u00e7\u00fcnc\u00fc \u0259sas t\u0259limat u\u015fa\u011f\u0131n bo\u015fanm\u0131\u015f t\u0259r\u0259fl\u0259rl\u0259 \u00f6lk\u0259 xaricin\u0259 s\u0259yah\u0259t etm\u0259si m\u0259s\u0259l\u0259sini d\u0259qiql\u0259\u015fdirir.&nbsp;<\/p>\n\n\n\n<p>Qanunvericiliy\u0259 \u0259sas\u0259n, u\u015fa\u011f\u0131n t\u0259r\u0259fl\u0259rd\u0259n biri il\u0259 \u00f6lk\u0259 xaricin\u0259 ged\u0259 bilm\u0259si \u00fc\u00e7\u00fcn dig\u0259r valideynin etibarnam\u0259sin\u0259 etiyac var.&nbsp;<\/p>\n\n\n\n<p>H\u00fcquq\u015f\u00fcnas v\u0259 v\u0259kill\u0259rin s\u00f6zl\u0259rin\u0259 g\u00f6r\u0259, m\u00f6vcud praktikaya \u0259sas\u0259n, himay\u0259\u00e7i olmayan valideynin bu m\u0259s\u0259l\u0259d\u0259 u\u015faqla s\u0259yah\u0259t h\u00fcququ t\u0259r\u0259fl\u0259rin aras\u0131ndak\u0131 m\u00fcnaqi\u015f\u0259l\u0259rd\u0259n as\u0131l\u0131 olaraq problemli hal ala bilir. Bu d\u0259yi\u015fiklik h\u0259min problemin h\u0259llin\u0259 t\u00f6hf\u0259 ver\u0259 bil\u0259r.&nbsp;<\/p>\n\n\n\n<p><strong>&#8220;Bu q\u0259rarla u\u015faqdan ayr\u0131 ya\u015fayan valideynin h\u00fcququ tan\u0131n\u0131r&#8221;<\/strong><\/p>\n\n\n\n<p>S\u0259m\u0259d R\u0259himli deyir ki, \u0259vv\u0259ll\u0259r t\u0259r\u0259fl\u0259rd\u0259n biri dig\u0259rin\u0259 etibarnam\u0259 vermirdis\u0259, i\u015f m\u0259hk\u0259m\u0259y\u0259 gedirdi:<\/p>\n\n\n\n<p><em>&#8220;Rayon m\u0259hk\u0259m\u0259si m\u00fcraci\u0259t\u00e7i t\u0259r\u0259fin iddias\u0131n\u0131 t\u0259min etm\u0259dikd\u0259, h\u0259min t\u0259r\u0259f apelyasiya \u015fikay\u0259ti verirdi v\u0259 b\u0259z\u0259n bu m\u0259s\u0259l\u0259l\u0259rin d\u0259qiql\u0259\u015fm\u0259si t\u0259r\u0259fl\u0259rin xeyli vaxt\u0131n\u0131 al\u0131rd\u0131, \u00e7\u00fcnki m\u0259hk\u0259m\u0259 vahid bir q\u0259rara istinad ed\u0259 bilmirdi. Haz\u0131rda Ali M\u0259hk\u0259m\u0259nin Plenumunun q\u0259rar\u0131na \u0259sas\u0259n, u\u015fa\u011f\u0131n valideynl\u0259rl\u0259 \u00fcnsiyy\u0259t, g\u00f6r\u00fc\u015f h\u00fcququ t\u0259nziml\u0259ndikd\u0259 bu, m\u0259hk\u0259m\u0259l\u0259rin m\u00fc\u0259yy\u0259n q\u0259rara istinad ed\u0259 bilm\u0259yin\u0259 k\u00f6m\u0259k ed\u0259c\u0259k&#8221;.\u00a0<\/em><\/p>\n\n\n\n<p>O bildirib ki, Ali M\u0259hk\u0259m\u0259 bu q\u0259rar\u0131nda m\u0259hk\u0259m\u0259l\u0259r\u0259 t\u0259limat verir:&nbsp;<\/p>\n\n\n\n<p><em>&#8220;H\u0259min t\u0259limata \u0259sas\u0259n, u\u015fa\u011f\u0131n \u00f6lk\u0259d\u0259n apar\u0131lmas\u0131 h\u00fcququ, sad\u0259c\u0259, himay\u0259\u00e7i valideyn\u0259 deyil, el\u0259c\u0259 d\u0259 u\u015faqdan ayr\u0131 ya\u015fayan valideyn\u0259 aiddir. Bu q\u0259rarla u\u015faqdan ayr\u0131 ya\u015fayan valideynin h\u00fcququ tan\u0131n\u0131r. Amma bu h\u00fcquq \u00fc\u00e7\u00fcn \u015f\u0259rt qoyur. \u015e\u0259rt d\u0259 bundan ibar\u0259tdir ki, \u0259sas himay\u0259\u00e7i olmayan valideyn u\u015faqla \u00fcnsiyy\u0259t h\u00fcququna istinad etm\u0259lidir. M\u0259s\u0259l\u0259n, istinad etm\u0259lidir ki, u\u015faqla h\u0259ft\u0259d\u0259 2 g\u00fcn g\u00f6r\u00fc\u015fm\u0259k h\u00fcququ var v\u0259 o da 1 ay \u0259rzind\u0259 h\u0259ft\u0259d\u0259 iki d\u0259f\u0259 olan g\u00f6r\u00fc\u015fl\u0259rini birl\u0259\u015fdirm\u0259k v\u0259 7 g\u00fcnl\u00fck u\u015fa\u011f\u0131 ba\u015fqa \u00f6lk\u0259y\u0259 aparmaq ist\u0259yir. Onun 1 ayl\u0131q u\u015faqla g\u00f6r\u00fc\u015f h\u00fcququ birl\u0259\u015fdirilir v\u0259 bir h\u0259ft\u0259lik apara bil\u0259r. Amma \u0259g\u0259r valideynin bu c\u00fcr birl\u0259\u015fdirm\u0259k \u00fc\u00e7\u00fcn istinad ed\u0259c\u0259k kifay\u0259t q\u0259d\u0259r g\u00f6r\u00fc\u015f g\u00fcn\u00fc, saat\u0131 yoxdursa, onda yenid\u0259n m\u0259hk\u0259m\u0259y\u0259 q\u0131sald\u0131lm\u0131\u015f, daha tez bax\u0131lan icraatla m\u00fcraci\u0259t ed\u0259r\u0259k u\u015faqla g\u00f6r\u00fc\u015f g\u00fcnl\u0259rini art\u0131rma\u011f\u0131 t\u0259l\u0259b ed\u0259 bil\u0259r. \u018fg\u0259r bu u\u015fa\u011f\u0131n m\u0259nafeyin\u0259 uy\u011fundursa, m\u0259hk\u0259m\u0259 bunu t\u0259min ed\u0259 bil\u0259r&#8221;.\u00a0<\/em><\/p>\n\n\n\n<p><strong>U\u015faqlar\u0131n xaric\u0259 apar\u0131lmas\u0131 m\u0259s\u0259l\u0259si&#8230;<\/strong>\u00a0<\/p>\n\n\n\n<p>Zibeyd\u0259 Sad\u0131qova bildirir ki, bu hal daxilind\u0259 m\u00fcraci\u0259t\u00e7i valideyn u\u015fa\u011f\u0131n onla birg\u0259 s\u0259yah\u0259tini t\u0259l\u0259b ed\u0259c\u0259ks\u0259, bu zaman bunun u\u015fa\u011f\u0131n m\u0259nafeyin\u0259 uy\u011fun g\u0259lib-g\u0259lm\u0259diyini s\u00fcbut etm\u0259 y\u00fck\u00fc h\u0259min valideynin \u00fcst\u00fcn\u0259 d\u00fc\u015f\u0259c\u0259k:<\/p>\n\n\n\n<p><em>\u201cArt\u0131q m\u0259hk\u0259m\u0259l\u0259r valideynl\u0259rd\u0259n birinin raz\u0131l\u0131\u011f\u0131 olmadan u\u015fa\u011f\u0131n dig\u0259r valideynl\u0259 \u00f6lk\u0259 xaricin\u0259 \u00e7\u0131xma\u011f\u0131 m\u0259s\u0259l\u0259sin\u0259 baxark\u0259n u\u015fa\u011f\u0131n \u00fcnsiyy\u0259t h\u00fcququna dair hans\u0131sa m\u0259hk\u0259m\u0259 q\u0259tnam\u0259sinin olub-olmama\u011f\u0131n\u0131, onlar\u0131n bu \u00fcnsiyy\u0259tin\u0259 q\u0259tnam\u0259nin m\u00fcnasib\u0259tini ara\u015fd\u0131racaqlar. \u018fg\u0259r u\u015fa\u011f\u0131n \u00f6lk\u0259 xaricin\u0259 \u00e7\u0131xar\u0131lmas\u0131 m\u0259s\u0259l\u0259sind\u0259 hans\u0131sa valideynin \u00fcnsiyy\u0259t h\u00fcququna mane\u0259 varsa, \u00fcnsiyy\u0259t m\u0259s\u0259l\u0259sinin h\u0259ll edilm\u0259si t\u0259klif edil\u0259c\u0259k. \u018fg\u0259r valideyn u\u015fa\u011f\u0131n onunla birg\u0259 s\u0259yah\u0259tini t\u0259l\u0259b ed\u0259c\u0259ks\u0259, bu zaman s\u00fcbut etm\u0259 y\u00fck\u00fc h\u0259min iddia\u00e7\u0131 valideynin \u00fcst\u00fcn\u0259 d\u00fc\u015f\u0259c\u0259k&#8221;<\/em>.<\/p>\n\n\n\n<p>H\u00fcquq\u015f\u00fcnas S\u0259m\u0259d R\u0259himli bildirir ki, m\u0259hk\u0259m\u0259 u\u015faqdan ayr\u0131 ya\u015fayan valideynin onunla ba\u015fqa \u00f6lk\u0259y\u0259 s\u0259f\u0259r etm\u0259k h\u00fcququnu t\u0259min ed\u0259rk\u0259n, eyni zamanda, u\u015fa\u011f\u0131n himay\u0259\u00e7i valideynd\u0259n qa\u00e7\u0131r\u0131lma ehtimal\u0131n\u0131 n\u0259z\u0259r\u0259 alaraq m\u00fcraci\u0259t\u00e7i valideynd\u0259n buna dair d\u0259 s\u00fcbutlar t\u0259l\u0259b ed\u0259 bil\u0259r:<\/p>\n\n\n\n<p><em>\u201cBu s\u00fcbutlara m\u00fcraci\u0259t\u00e7inin i\u015fi, \u00f6lk\u0259 daxilind\u0259 v\u0259 xaricind\u0259 ya\u015famaq \u00fc\u00e7\u00fcn faktiki v\u0259 potensial imkanlar\u0131, maraqlar\u0131, viza v\u0259 s. kimi m\u0259s\u0259l\u0259l\u0259r \u00e7\u0259r\u00e7iv\u0259sind\u0259 bax\u0131l\u0131r. Dig\u0259r valideynin u\u015fa\u011f\u0131n m\u00fcraci\u0259t\u00e7i valideyn t\u0259r\u0259find\u0259n qa\u00e7\u0131r\u0131lma ehtimal\u0131na dair faktiki v\u0259 ya potensial s\u00fcbutu olduqda v\u0259 ya m\u0259hk\u0259m\u0259 \u00f6z\u00fc bunu m\u00fc\u0259yy\u0259n etdikd\u0259, u\u015fa\u011f\u0131n \u00fcst\u00fcn maraqlar\u0131 v\u0259 dig\u0259r valideynin h\u00fcquqlar\u0131n\u0131 n\u0259z\u0259r\u0259 alaraq bunu t\u0259min etm\u0259kd\u0259n imtina ed\u0259 bil\u0259r<\/em>&#8220;.<\/p>\n\n\n\n<p><strong>Ali M\u0259hk\u0259m\u0259nin Plenumundak\u0131 t\u0259limatlar\u0131n m\u0259qs\u0259di n\u0259dir?<\/strong><\/p>\n\n\n\n<p>R\u0259himli deyir ki, Ali M\u0259hk\u0259minin bu t\u0259limatlar\u0131 m\u00f6vcud olan Ail\u0259 M\u0259c\u0259ll\u0259si v\u0259 ona m\u00fcvafiq qanunlar \u00e7\u0259r\u00e7iv\u0259sind\u0259dir:&nbsp;<\/p>\n\n\n\n<p><em>&#8220;\u018fg\u0259r qanunda hans\u0131sa m\u0259s\u0259l\u0259y\u0259 dair qada\u011fa varsa, m\u0259hk\u0259m\u0259l\u0259r o qada\u011fan\u0131 t\u0259tbiq etm\u0259lidirl\u0259r, qada\u011fa yoxdursa, dem\u0259li, qanun bu m\u0259s\u0259l\u0259ni birba\u015fa g\u00f6st\u0259rm\u0259s\u0259 d\u0259, icaz\u0259 verir. \u0130caz\u0259 \u00fc\u00e7\u00fcn d\u0259 m\u0259hk\u0259m\u0259l\u0259r icaz\u0259l\u0259rin limitl\u0259rin\u0259 istinad edirl\u0259r. Bu t\u0259limatlarda n\u0259z\u0259rd\u0259 tutulanlar Ail\u0259 M\u0259c\u0259ll\u0259sind\u0259 ayd\u0131nla\u015fd\u0131r\u0131lmad\u0131\u011f\u0131 \u00fc\u00e7\u00fcn bu m\u0259s\u0259l\u0259l\u0259rl\u0259 ba\u011fl\u0131 Ali M\u0259hk\u0259m\u0259nin Plenumu q\u0259rar q\u0259bul ed\u0259r\u0259k t\u0259limatlar ver\u0259 bil\u0259r&#8221;.<\/em><\/p>\n\n\n\n<p><strong>\u201cBu h\u0259m d\u0259 miqrasiya m\u0259s\u0259l\u0259l\u0259ri il\u0259 ba\u011fl\u0131d\u0131r\u201d\u00a0<\/strong><\/p>\n\n\n\n<p>H\u00fcquq\u015f\u00fcnas fikrinc\u0259, Az\u0259rbaycandan \u00f6lk\u0259 xaricin\u0259 gedi\u015f-g\u0259li\u015f m\u0259s\u0259l\u0259l\u0259ri 2010-cu ild\u0259n intensivl\u0259\u015fib, bu da nikah\u0131n pozulmas\u0131 zaman\u0131 t\u0259r\u0259fl\u0259rin v\u0259 u\u015faqlar\u0131n h\u00fcquqi m\u0259nafel\u0259rin\u0259 t\u0259sir ed\u0259 bilir:&nbsp; &nbsp;<\/p>\n\n\n\n<p><em>&#8220;Bu t\u0259limatlar\u0131n indi verilm\u0259sinin s\u0259b\u0259bi Az\u0259rbaycan\u0131n dig\u0259r \u00f6lk\u0259l\u0259rl\u0259 h\u00fcquqi \u0259m\u0259kda\u015fl\u0131qlar\u0131n\u0131n artmas\u0131na g\u00f6r\u0259 ola bil\u0259r. Hans\u0131sa valideyn u\u015fa\u011f\u0131 qa\u00e7\u0131rtmaq ist\u0259dikd\u0259 beyn\u0259lxalq \u0259m\u0259kda\u015fl\u0131q icaz\u0259 ver\u0259c\u0259k ki, himay\u0259\u00e7i valideyn u\u015fa\u011f\u0131 geri qaytara bilsin. \u018fv\u0259ll\u0259r bu mexanizm daha z\u0259if idi dey\u0259 bu h\u00fcquqlar\u0131n t\u0259minat\u0131 daha \u00e7\u0259tin idi&#8221;. \u00a0<\/em><\/p>\n","protected":false},"excerpt":{"rendered":"<p>V\u0259kil: &#8220;\u018fvv\u0259ll\u0259r t\u0259r\u0259fl\u0259r v\u0259 onlar\u0131n v\u0259kill\u0259ri m\u0259hk\u0259m\u0259y\u0259 ayr\u0131ca m\u00fcraci\u0259t edirdil\u0259r&#8230;&#8221; &#8230; <\/p>\n<p class=\"read-more-container\"><a title=\"Ali M\u0259hk\u0259m\u0259nin Plenumundan u\u015faqlarla ba\u011fl\u0131 q\u0259rar: g\u00f6r\u00fc\u015f, s\u0259yah\u0259t v\u0259 aliment&#8230;\" class=\"read-more button\" href=\"https:\/\/www.meydan.tv\/az\/article\/ali-m%c9%99hk%c9%99m%c9%99nin-plenumundan-usaqlarla-bagli-q%c9%99rar-gorus-s%c9%99yah%c9%99t-v%c9%99-aliment\/#more-324351\" aria-label=\"Read more about Ali M\u0259hk\u0259m\u0259nin Plenumundan u\u015faqlarla ba\u011fl\u0131 q\u0259rar: g\u00f6r\u00fc\u015f, s\u0259yah\u0259t v\u0259 aliment&#8230;\">Davam\u0131<\/a><\/p>\n","protected":false},"author":12,"featured_media":283287,"comment_status":"closed","ping_status":"closed","sticky":false,"template":"","format":"standard","meta":{"_acf_changed":false,"_sitemap_exclude":false,"_sitemap_priority":"","_sitemap_frequency":"","footnotes":""},"categories":[62,79,56],"tags":[],"class_list":["post-324351","post","type-post","status-publish","format-standard","has-post-thumbnail","hentry","category-sosial","category-featured","category-xeberler","infinite-scroll-item","generate-columns","tablet-grid-50","mobile-grid-100","grid-parent","grid-33","no-featured-image-padding"],"acf":[],"yoast_head":"<!-- This site is optimized with the Yoast SEO plugin v27.4 - https:\/\/yoast.com\/product\/yoast-seo-wordpress\/ -->\n<title>Ali M\u0259hk\u0259m\u0259nin Plenumundan u\u015faqlarla ba\u011fl\u0131 q\u0259rar: g\u00f6r\u00fc\u015f, s\u0259yah\u0259t v\u0259 aliment... - MEYDAN.TV<\/title>\n<meta name=\"robots\" content=\"index, follow, max-snippet:-1, max-image-preview:large, max-video-preview:-1\" \/>\n<link rel=\"canonical\" href=\"https:\/\/www.meydan.tv\/az\/article\/ali-m%c9%99hk%c9%99m%c9%99nin-plenumundan-usaqlarla-bagli-q%c9%99rar-gorus-s%c9%99yah%c9%99t-v%c9%99-aliment\/\" \/>\n<meta property=\"og:locale\" content=\"az_AZ\" \/>\n<meta property=\"og:type\" content=\"article\" \/>\n<meta property=\"og:title\" content=\"Ali M\u0259hk\u0259m\u0259nin Plenumundan u\u015faqlarla ba\u011fl\u0131 q\u0259rar: g\u00f6r\u00fc\u015f, s\u0259yah\u0259t v\u0259 aliment... - MEYDAN.TV\" \/>\n<meta property=\"og:description\" content=\"V\u0259kil: &#8220;\u018fvv\u0259ll\u0259r t\u0259r\u0259fl\u0259r v\u0259 onlar\u0131n v\u0259kill\u0259ri m\u0259hk\u0259m\u0259y\u0259 ayr\u0131ca m\u00fcraci\u0259t edirdil\u0259r&#8230;&#8221; ... Davam\u0131\" \/>\n<meta property=\"og:url\" content=\"https:\/\/www.meydan.tv\/az\/article\/ali-m%c9%99hk%c9%99m%c9%99nin-plenumundan-usaqlarla-bagli-q%c9%99rar-gorus-s%c9%99yah%c9%99t-v%c9%99-aliment\/\" \/>\n<meta property=\"og:site_name\" content=\"MEYDAN.TV\" \/>\n<meta property=\"article:published_time\" content=\"2025-01-12T09:07:11+00:00\" \/>\n<meta property=\"article:modified_time\" content=\"2025-01-13T08:04:16+00:00\" \/>\n<meta property=\"og:image\" content=\"https:\/\/www.meydan.tv\/wp-content\/uploads\/shutterstock_2292085239-e1693130649468.jpg\" \/>\n\t<meta property=\"og:image:width\" content=\"1200\" \/>\n\t<meta property=\"og:image:height\" content=\"734\" \/>\n\t<meta property=\"og:image:type\" content=\"image\/jpeg\" \/>\n<meta name=\"author\" content=\"aleks\" \/>\n<meta name=\"twitter:card\" content=\"summary_large_image\" \/>\n<script type=\"application\/ld+json\" class=\"yoast-schema-graph\">{\"@context\":\"https:\\\/\\\/schema.org\",\"@graph\":[{\"@type\":\"Article\",\"@id\":\"https:\\\/\\\/www.meydan.tv\\\/az\\\/article\\\/ali-m%c9%99hk%c9%99m%c9%99nin-plenumundan-usaqlarla-bagli-q%c9%99rar-gorus-s%c9%99yah%c9%99t-v%c9%99-aliment\\\/#article\",\"isPartOf\":{\"@id\":\"https:\\\/\\\/www.meydan.tv\\\/az\\\/article\\\/ali-m%c9%99hk%c9%99m%c9%99nin-plenumundan-usaqlarla-bagli-q%c9%99rar-gorus-s%c9%99yah%c9%99t-v%c9%99-aliment\\\/\"},\"author\":{\"name\":\"aleks\",\"@id\":\"https:\\\/\\\/www.meydan.tv\\\/az\\\/#\\\/schema\\\/person\\\/476e9360e593fa131d5d71d51866f8da\"},\"headline\":\"Ali M\u0259hk\u0259m\u0259nin Plenumundan u\u015faqlarla ba\u011fl\u0131 q\u0259rar: g\u00f6r\u00fc\u015f, s\u0259yah\u0259t v\u0259 aliment&#8230;\",\"datePublished\":\"2025-01-12T09:07:11+00:00\",\"dateModified\":\"2025-01-13T08:04:16+00:00\",\"mainEntityOfPage\":{\"@id\":\"https:\\\/\\\/www.meydan.tv\\\/az\\\/article\\\/ali-m%c9%99hk%c9%99m%c9%99nin-plenumundan-usaqlarla-bagli-q%c9%99rar-gorus-s%c9%99yah%c9%99t-v%c9%99-aliment\\\/\"},\"wordCount\":2162,\"publisher\":{\"@id\":\"https:\\\/\\\/www.meydan.tv\\\/az\\\/#organization\"},\"image\":{\"@id\":\"https:\\\/\\\/www.meydan.tv\\\/az\\\/article\\\/ali-m%c9%99hk%c9%99m%c9%99nin-plenumundan-usaqlarla-bagli-q%c9%99rar-gorus-s%c9%99yah%c9%99t-v%c9%99-aliment\\\/#primaryimage\"},\"thumbnailUrl\":\"https:\\\/\\\/www.meydan.tv\\\/wp-content\\\/uploads\\\/shutterstock_2292085239-e1693130649468.jpg\",\"articleSection\":[\"Sosial\",\"T\u00f6vsiy\u0259\",\"X\u0259b\u0259rl\u0259r\"],\"inLanguage\":\"az\"},{\"@type\":\"WebPage\",\"@id\":\"https:\\\/\\\/www.meydan.tv\\\/az\\\/article\\\/ali-m%c9%99hk%c9%99m%c9%99nin-plenumundan-usaqlarla-bagli-q%c9%99rar-gorus-s%c9%99yah%c9%99t-v%c9%99-aliment\\\/\",\"url\":\"https:\\\/\\\/www.meydan.tv\\\/az\\\/article\\\/ali-m%c9%99hk%c9%99m%c9%99nin-plenumundan-usaqlarla-bagli-q%c9%99rar-gorus-s%c9%99yah%c9%99t-v%c9%99-aliment\\\/\",\"name\":\"Ali M\u0259hk\u0259m\u0259nin Plenumundan u\u015faqlarla ba\u011fl\u0131 q\u0259rar: g\u00f6r\u00fc\u015f, s\u0259yah\u0259t v\u0259 aliment... - MEYDAN.TV\",\"isPartOf\":{\"@id\":\"https:\\\/\\\/www.meydan.tv\\\/az\\\/#website\"},\"primaryImageOfPage\":{\"@id\":\"https:\\\/\\\/www.meydan.tv\\\/az\\\/article\\\/ali-m%c9%99hk%c9%99m%c9%99nin-plenumundan-usaqlarla-bagli-q%c9%99rar-gorus-s%c9%99yah%c9%99t-v%c9%99-aliment\\\/#primaryimage\"},\"image\":{\"@id\":\"https:\\\/\\\/www.meydan.tv\\\/az\\\/article\\\/ali-m%c9%99hk%c9%99m%c9%99nin-plenumundan-usaqlarla-bagli-q%c9%99rar-gorus-s%c9%99yah%c9%99t-v%c9%99-aliment\\\/#primaryimage\"},\"thumbnailUrl\":\"https:\\\/\\\/www.meydan.tv\\\/wp-content\\\/uploads\\\/shutterstock_2292085239-e1693130649468.jpg\",\"datePublished\":\"2025-01-12T09:07:11+00:00\",\"dateModified\":\"2025-01-13T08:04:16+00:00\",\"breadcrumb\":{\"@id\":\"https:\\\/\\\/www.meydan.tv\\\/az\\\/article\\\/ali-m%c9%99hk%c9%99m%c9%99nin-plenumundan-usaqlarla-bagli-q%c9%99rar-gorus-s%c9%99yah%c9%99t-v%c9%99-aliment\\\/#breadcrumb\"},\"inLanguage\":\"az\",\"potentialAction\":[{\"@type\":\"ReadAction\",\"target\":[\"https:\\\/\\\/www.meydan.tv\\\/az\\\/article\\\/ali-m%c9%99hk%c9%99m%c9%99nin-plenumundan-usaqlarla-bagli-q%c9%99rar-gorus-s%c9%99yah%c9%99t-v%c9%99-aliment\\\/\"]}]},{\"@type\":\"ImageObject\",\"inLanguage\":\"az\",\"@id\":\"https:\\\/\\\/www.meydan.tv\\\/az\\\/article\\\/ali-m%c9%99hk%c9%99m%c9%99nin-plenumundan-usaqlarla-bagli-q%c9%99rar-gorus-s%c9%99yah%c9%99t-v%c9%99-aliment\\\/#primaryimage\",\"url\":\"https:\\\/\\\/www.meydan.tv\\\/wp-content\\\/uploads\\\/shutterstock_2292085239-e1693130649468.jpg\",\"contentUrl\":\"https:\\\/\\\/www.meydan.tv\\\/wp-content\\\/uploads\\\/shutterstock_2292085239-e1693130649468.jpg\",\"width\":1200,\"height\":734,\"caption\":\"Bak\u0131. Foto: Meydan TV\"},{\"@type\":\"BreadcrumbList\",\"@id\":\"https:\\\/\\\/www.meydan.tv\\\/az\\\/article\\\/ali-m%c9%99hk%c9%99m%c9%99nin-plenumundan-usaqlarla-bagli-q%c9%99rar-gorus-s%c9%99yah%c9%99t-v%c9%99-aliment\\\/#breadcrumb\",\"itemListElement\":[{\"@type\":\"ListItem\",\"position\":1,\"name\":\"Ana s\u0259hif\u0259\",\"item\":\"https:\\\/\\\/www.meydan.tv\\\/az\\\/\"},{\"@type\":\"ListItem\",\"position\":2,\"name\":\"X\u0259b\u0259rl\u0259r\",\"item\":\"https:\\\/\\\/www.meydan.tv\\\/az\\\/section\\\/xeberler\\\/\"},{\"@type\":\"ListItem\",\"position\":3,\"name\":\"Ali M\u0259hk\u0259m\u0259nin Plenumundan u\u015faqlarla ba\u011fl\u0131 q\u0259rar: g\u00f6r\u00fc\u015f, s\u0259yah\u0259t v\u0259 aliment&#8230;\"}]},{\"@type\":\"WebSite\",\"@id\":\"https:\\\/\\\/www.meydan.tv\\\/az\\\/#website\",\"url\":\"https:\\\/\\\/www.meydan.tv\\\/az\\\/\",\"name\":\"MEYDAN.TV\",\"description\":\"Meydan TV Az\u0259rbaycan\u0131n media m\u0259kan\u0131ndak\u0131 alternativ s\u0259sidir\",\"publisher\":{\"@id\":\"https:\\\/\\\/www.meydan.tv\\\/az\\\/#organization\"},\"potentialAction\":[{\"@type\":\"SearchAction\",\"target\":{\"@type\":\"EntryPoint\",\"urlTemplate\":\"https:\\\/\\\/www.meydan.tv\\\/az\\\/?s={search_term_string}\"},\"query-input\":{\"@type\":\"PropertyValueSpecification\",\"valueRequired\":true,\"valueName\":\"search_term_string\"}}],\"inLanguage\":\"az\"},{\"@type\":\"Organization\",\"@id\":\"https:\\\/\\\/www.meydan.tv\\\/az\\\/#organization\",\"name\":\"Meydan TV\",\"url\":\"https:\\\/\\\/www.meydan.tv\\\/az\\\/\",\"logo\":{\"@type\":\"ImageObject\",\"inLanguage\":\"az\",\"@id\":\"https:\\\/\\\/www.meydan.tv\\\/az\\\/#\\\/schema\\\/logo\\\/image\\\/\",\"url\":\"https:\\\/\\\/www.meydan.tv\\\/wp-content\\\/uploads\\\/2021\\\/07\\\/meydan-logo.svg\",\"contentUrl\":\"https:\\\/\\\/www.meydan.tv\\\/wp-content\\\/uploads\\\/2021\\\/07\\\/meydan-logo.svg\",\"width\":195,\"height\":46,\"caption\":\"Meydan TV\"},\"image\":{\"@id\":\"https:\\\/\\\/www.meydan.tv\\\/az\\\/#\\\/schema\\\/logo\\\/image\\\/\"}},{\"@type\":\"Person\",\"@id\":\"https:\\\/\\\/www.meydan.tv\\\/az\\\/#\\\/schema\\\/person\\\/476e9360e593fa131d5d71d51866f8da\",\"name\":\"aleks\"}]}<\/script>\n<!-- \/ Yoast SEO plugin. -->","yoast_head_json":{"title":"Ali M\u0259hk\u0259m\u0259nin Plenumundan u\u015faqlarla ba\u011fl\u0131 q\u0259rar: g\u00f6r\u00fc\u015f, s\u0259yah\u0259t v\u0259 aliment... - MEYDAN.TV","robots":{"index":"index","follow":"follow","max-snippet":"max-snippet:-1","max-image-preview":"max-image-preview:large","max-video-preview":"max-video-preview:-1"},"canonical":"https:\/\/www.meydan.tv\/az\/article\/ali-m%c9%99hk%c9%99m%c9%99nin-plenumundan-usaqlarla-bagli-q%c9%99rar-gorus-s%c9%99yah%c9%99t-v%c9%99-aliment\/","og_locale":"az_AZ","og_type":"article","og_title":"Ali M\u0259hk\u0259m\u0259nin Plenumundan u\u015faqlarla ba\u011fl\u0131 q\u0259rar: g\u00f6r\u00fc\u015f, s\u0259yah\u0259t v\u0259 aliment... - MEYDAN.TV","og_description":"V\u0259kil: &#8220;\u018fvv\u0259ll\u0259r t\u0259r\u0259fl\u0259r v\u0259 onlar\u0131n v\u0259kill\u0259ri m\u0259hk\u0259m\u0259y\u0259 ayr\u0131ca m\u00fcraci\u0259t edirdil\u0259r&#8230;&#8221; ... Davam\u0131","og_url":"https:\/\/www.meydan.tv\/az\/article\/ali-m%c9%99hk%c9%99m%c9%99nin-plenumundan-usaqlarla-bagli-q%c9%99rar-gorus-s%c9%99yah%c9%99t-v%c9%99-aliment\/","og_site_name":"MEYDAN.TV","article_published_time":"2025-01-12T09:07:11+00:00","article_modified_time":"2025-01-13T08:04:16+00:00","og_image":[{"width":1200,"height":734,"url":"https:\/\/www.meydan.tv\/wp-content\/uploads\/shutterstock_2292085239-e1693130649468.jpg","type":"image\/jpeg"}],"author":"aleks","twitter_card":"summary_large_image","schema":{"@context":"https:\/\/schema.org","@graph":[{"@type":"Article","@id":"https:\/\/www.meydan.tv\/az\/article\/ali-m%c9%99hk%c9%99m%c9%99nin-plenumundan-usaqlarla-bagli-q%c9%99rar-gorus-s%c9%99yah%c9%99t-v%c9%99-aliment\/#article","isPartOf":{"@id":"https:\/\/www.meydan.tv\/az\/article\/ali-m%c9%99hk%c9%99m%c9%99nin-plenumundan-usaqlarla-bagli-q%c9%99rar-gorus-s%c9%99yah%c9%99t-v%c9%99-aliment\/"},"author":{"name":"aleks","@id":"https:\/\/www.meydan.tv\/az\/#\/schema\/person\/476e9360e593fa131d5d71d51866f8da"},"headline":"Ali M\u0259hk\u0259m\u0259nin Plenumundan u\u015faqlarla ba\u011fl\u0131 q\u0259rar: g\u00f6r\u00fc\u015f, s\u0259yah\u0259t v\u0259 aliment&#8230;","datePublished":"2025-01-12T09:07:11+00:00","dateModified":"2025-01-13T08:04:16+00:00","mainEntityOfPage":{"@id":"https:\/\/www.meydan.tv\/az\/article\/ali-m%c9%99hk%c9%99m%c9%99nin-plenumundan-usaqlarla-bagli-q%c9%99rar-gorus-s%c9%99yah%c9%99t-v%c9%99-aliment\/"},"wordCount":2162,"publisher":{"@id":"https:\/\/www.meydan.tv\/az\/#organization"},"image":{"@id":"https:\/\/www.meydan.tv\/az\/article\/ali-m%c9%99hk%c9%99m%c9%99nin-plenumundan-usaqlarla-bagli-q%c9%99rar-gorus-s%c9%99yah%c9%99t-v%c9%99-aliment\/#primaryimage"},"thumbnailUrl":"https:\/\/www.meydan.tv\/wp-content\/uploads\/shutterstock_2292085239-e1693130649468.jpg","articleSection":["Sosial","T\u00f6vsiy\u0259","X\u0259b\u0259rl\u0259r"],"inLanguage":"az"},{"@type":"WebPage","@id":"https:\/\/www.meydan.tv\/az\/article\/ali-m%c9%99hk%c9%99m%c9%99nin-plenumundan-usaqlarla-bagli-q%c9%99rar-gorus-s%c9%99yah%c9%99t-v%c9%99-aliment\/","url":"https:\/\/www.meydan.tv\/az\/article\/ali-m%c9%99hk%c9%99m%c9%99nin-plenumundan-usaqlarla-bagli-q%c9%99rar-gorus-s%c9%99yah%c9%99t-v%c9%99-aliment\/","name":"Ali M\u0259hk\u0259m\u0259nin Plenumundan u\u015faqlarla ba\u011fl\u0131 q\u0259rar: g\u00f6r\u00fc\u015f, s\u0259yah\u0259t v\u0259 aliment... - MEYDAN.TV","isPartOf":{"@id":"https:\/\/www.meydan.tv\/az\/#website"},"primaryImageOfPage":{"@id":"https:\/\/www.meydan.tv\/az\/article\/ali-m%c9%99hk%c9%99m%c9%99nin-plenumundan-usaqlarla-bagli-q%c9%99rar-gorus-s%c9%99yah%c9%99t-v%c9%99-aliment\/#primaryimage"},"image":{"@id":"https:\/\/www.meydan.tv\/az\/article\/ali-m%c9%99hk%c9%99m%c9%99nin-plenumundan-usaqlarla-bagli-q%c9%99rar-gorus-s%c9%99yah%c9%99t-v%c9%99-aliment\/#primaryimage"},"thumbnailUrl":"https:\/\/www.meydan.tv\/wp-content\/uploads\/shutterstock_2292085239-e1693130649468.jpg","datePublished":"2025-01-12T09:07:11+00:00","dateModified":"2025-01-13T08:04:16+00:00","breadcrumb":{"@id":"https:\/\/www.meydan.tv\/az\/article\/ali-m%c9%99hk%c9%99m%c9%99nin-plenumundan-usaqlarla-bagli-q%c9%99rar-gorus-s%c9%99yah%c9%99t-v%c9%99-aliment\/#breadcrumb"},"inLanguage":"az","potentialAction":[{"@type":"ReadAction","target":["https:\/\/www.meydan.tv\/az\/article\/ali-m%c9%99hk%c9%99m%c9%99nin-plenumundan-usaqlarla-bagli-q%c9%99rar-gorus-s%c9%99yah%c9%99t-v%c9%99-aliment\/"]}]},{"@type":"ImageObject","inLanguage":"az","@id":"https:\/\/www.meydan.tv\/az\/article\/ali-m%c9%99hk%c9%99m%c9%99nin-plenumundan-usaqlarla-bagli-q%c9%99rar-gorus-s%c9%99yah%c9%99t-v%c9%99-aliment\/#primaryimage","url":"https:\/\/www.meydan.tv\/wp-content\/uploads\/shutterstock_2292085239-e1693130649468.jpg","contentUrl":"https:\/\/www.meydan.tv\/wp-content\/uploads\/shutterstock_2292085239-e1693130649468.jpg","width":1200,"height":734,"caption":"Bak\u0131. Foto: Meydan TV"},{"@type":"BreadcrumbList","@id":"https:\/\/www.meydan.tv\/az\/article\/ali-m%c9%99hk%c9%99m%c9%99nin-plenumundan-usaqlarla-bagli-q%c9%99rar-gorus-s%c9%99yah%c9%99t-v%c9%99-aliment\/#breadcrumb","itemListElement":[{"@type":"ListItem","position":1,"name":"Ana s\u0259hif\u0259","item":"https:\/\/www.meydan.tv\/az\/"},{"@type":"ListItem","position":2,"name":"X\u0259b\u0259rl\u0259r","item":"https:\/\/www.meydan.tv\/az\/section\/xeberler\/"},{"@type":"ListItem","position":3,"name":"Ali M\u0259hk\u0259m\u0259nin Plenumundan u\u015faqlarla ba\u011fl\u0131 q\u0259rar: g\u00f6r\u00fc\u015f, s\u0259yah\u0259t v\u0259 aliment&#8230;"}]},{"@type":"WebSite","@id":"https:\/\/www.meydan.tv\/az\/#website","url":"https:\/\/www.meydan.tv\/az\/","name":"MEYDAN.TV","description":"Meydan TV Az\u0259rbaycan\u0131n media m\u0259kan\u0131ndak\u0131 alternativ s\u0259sidir","publisher":{"@id":"https:\/\/www.meydan.tv\/az\/#organization"},"potentialAction":[{"@type":"SearchAction","target":{"@type":"EntryPoint","urlTemplate":"https:\/\/www.meydan.tv\/az\/?s={search_term_string}"},"query-input":{"@type":"PropertyValueSpecification","valueRequired":true,"valueName":"search_term_string"}}],"inLanguage":"az"},{"@type":"Organization","@id":"https:\/\/www.meydan.tv\/az\/#organization","name":"Meydan TV","url":"https:\/\/www.meydan.tv\/az\/","logo":{"@type":"ImageObject","inLanguage":"az","@id":"https:\/\/www.meydan.tv\/az\/#\/schema\/logo\/image\/","url":"https:\/\/www.meydan.tv\/wp-content\/uploads\/2021\/07\/meydan-logo.svg","contentUrl":"https:\/\/www.meydan.tv\/wp-content\/uploads\/2021\/07\/meydan-logo.svg","width":195,"height":46,"caption":"Meydan TV"},"image":{"@id":"https:\/\/www.meydan.tv\/az\/#\/schema\/logo\/image\/"}},{"@type":"Person","@id":"https:\/\/www.meydan.tv\/az\/#\/schema\/person\/476e9360e593fa131d5d71d51866f8da","name":"aleks"}]}},"_links":{"self":[{"href":"https:\/\/www.meydan.tv\/az\/wp-json\/wp\/v2\/posts\/324351","targetHints":{"allow":["GET"]}}],"collection":[{"href":"https:\/\/www.meydan.tv\/az\/wp-json\/wp\/v2\/posts"}],"about":[{"href":"https:\/\/www.meydan.tv\/az\/wp-json\/wp\/v2\/types\/post"}],"author":[{"embeddable":true,"href":"https:\/\/www.meydan.tv\/az\/wp-json\/wp\/v2\/users\/12"}],"replies":[{"embeddable":true,"href":"https:\/\/www.meydan.tv\/az\/wp-json\/wp\/v2\/comments?post=324351"}],"version-history":[{"count":3,"href":"https:\/\/www.meydan.tv\/az\/wp-json\/wp\/v2\/posts\/324351\/revisions"}],"predecessor-version":[{"id":324364,"href":"https:\/\/www.meydan.tv\/az\/wp-json\/wp\/v2\/posts\/324351\/revisions\/324364"}],"wp:featuredmedia":[{"embeddable":true,"href":"https:\/\/www.meydan.tv\/az\/wp-json\/wp\/v2\/media\/283287"}],"wp:attachment":[{"href":"https:\/\/www.meydan.tv\/az\/wp-json\/wp\/v2\/media?parent=324351"}],"wp:term":[{"taxonomy":"category","embeddable":true,"href":"https:\/\/www.meydan.tv\/az\/wp-json\/wp\/v2\/categories?post=324351"},{"taxonomy":"post_tag","embeddable":true,"href":"https:\/\/www.meydan.tv\/az\/wp-json\/wp\/v2\/tags?post=324351"}],"curies":[{"name":"wp","href":"https:\/\/api.w.org\/{rel}","templated":true}]}}