{"id":324025,"date":"2025-01-06T21:03:07","date_gmt":"2025-01-06T17:03:07","guid":{"rendered":"https:\/\/www.meydan.tv\/?p=324025"},"modified":"2025-01-06T21:03:09","modified_gmt":"2025-01-06T17:03:09","slug":"az%c9%99rbaycanda-kikboksinq-federasiyasinin-i-vitse-prezidenti-h%c9%99bs-olunub","status":"publish","type":"post","link":"https:\/\/www.meydan.tv\/az\/article\/az%c9%99rbaycanda-kikboksinq-federasiyasinin-i-vitse-prezidenti-h%c9%99bs-olunub\/","title":{"rendered":"Az\u0259rbaycanda Kikboksinq Federasiyas\u0131n\u0131n I vitse-prezidenti h\u0259bs olunub"},"content":{"rendered":"\n<p><\/p>\n\n\n\n<p><em><strong>\u201cLord\u201d l\u0259q\u0259bli Ramal Aslanovun art\u0131q v\u0259zif\u0259sind\u0259n azad olundu\u011fu bildirilir<\/strong><\/em><\/p>\n\n\n\n<p>Az\u0259rbaycan Kikboksinq Federasiyas\u0131n\u0131n I vitse-prezidenti, kikboksinq \u00fczr\u0259 d\u00fcnya v\u0259 Avropa \u00e7empionu Ramal Aslanov \u015f\u00fcbh\u0259li \u015f\u0259xs qismind\u0259 tutulub.<\/p>\n\n\n\n<p>O, kikboksinq \u00fczr\u0259 m\u0259\u015fq\u00e7i v\u0259 \u0259m\u0259kdar idman ustas\u0131, D\u00f6vl\u0259t S\u0259rh\u0259d Xidm\u0259tinin mayoru Fuad Zeynalova bir qrup \u015f\u0259xsin h\u00fccum edib, onu d\u00f6ym\u0259sini sifari\u015f etm\u0259kd\u0259 ittiham olunur.<\/p>\n\n\n\n<p>Fuad Zeynalov yanvar\u0131n 4-d\u0259 gec\u0259 saat 3 rad\u0259l\u0259rind\u0259 paytaxt\u0131n X\u0259tai rayonu \u0259razisind\u0259ki restoranlardan birind\u0259n \u00e7\u0131xark\u0259n h\u00fccuma m\u0259ruz qal\u0131b.<\/p>\n\n\n\n<p>\u018ftrafdak\u0131 kamera g\u00f6r\u00fcnt\u00fcl\u0259ril\u0259 h\u00fccumda i\u015ftirak ed\u0259nl\u0259rin kimliyi m\u00fc\u0259yy\u0259nl\u0259\u015fdirilib.<\/p>\n\n\n\n<p>N\u0259tic\u0259d\u0259 Elnur H\u0259midov, Emil H\u00fcmb\u0259tov, El\u00e7in H\u00fcseynov, Elvin M\u0259mm\u0259dov v\u0259 Musa \u018fhm\u0259dov saxlan\u0131l\u0131b.<\/p>\n\n\n\n<p>Saxlan\u0131lan \u015f\u0259xsl\u0259rd\u0259n bir ne\u00e7\u0259sinin idman\u00e7\u0131 oldu\u011fu bildirilir.<\/p>\n\n\n\n<p>Fuad Zeynalov iddia edir ki, ona qar\u015f\u0131 h\u00fccum Ramal Aslanovun sifari\u015fi il\u0259 ba\u015f verib.<\/p>\n\n\n\n<p>Onun s\u00f6zl\u0259rin\u0259 g\u00f6r\u0259, Ramal Aslanovla aralar\u0131nda xeyli vaxtd\u0131r g\u0259rginlik ya\u015fan\u0131rd\u0131.<\/p>\n\n\n\n<p>Bu g\u0259rginlik noyabrda Yunan\u0131standa ke\u00e7iril\u0259n Avropa \u00e7empionat\u0131ndan ba\u015flay\u0131b.<\/p>\n\n\n\n<p>Fuad Zeynalov iddia edir ki, yanvar\u0131n 4-d\u0259 ba\u015f ver\u0259nl\u0259r ona qar\u015f\u0131 ilk h\u00fccum deyil. Bundan \u0259vv\u0259l d\u0259 bir qrup \u015f\u0259xs evin\u0259 h\u00fccum edib. Lakin h\u0259min hadis\u0259d\u0259n sonra Az\u0259rbaycan Kikboksinq Federasiyas\u0131n\u0131n r\u0259hb\u0259rliyi m\u0259s\u0259l\u0259y\u0259 qar\u0131\u015f\u0131b v\u0259 g\u0259rginliyi aradan qald\u0131r\u0131b.<\/p>\n\n\n\n<p>Az\u0259rbaycan Kikboksinq Federasiyas\u0131 yanvar\u0131n 6-da son olayla ba\u011fl\u0131 a\u00e7\u0131qlama yayaraq, ba\u015f ver\u0259nl\u0259ri q\u0131nad\u0131\u011f\u0131n\u0131 b\u0259yan edib:<\/p>\n\n\n\n<p><em>\u201cBa\u015f ver\u0259nl\u0259r kikboksinq idman n\u00f6v\u00fcn\u0259 l\u0259k\u0259dir v\u0259 \u00fcmumiyy\u0259tl\u0259, idman sferas\u0131nda yolverilm\u0259zdir. \u0130stintaq\u0131n gedi\u015fat\u0131na uy\u011fun olaraq Az\u0259rbaycan Kikboksinq Federasiyas\u0131n\u0131n r\u0259hb\u0259rliyi t\u0259r\u0259find\u0259n uy\u011fun q\u0259rar veril\u0259c\u0259k\u201d.<\/em><\/p>\n\n\n\n<p>M\u0259s\u0259l\u0259 il\u0259 \u0259laq\u0259dar yanvar\u0131n 7-d\u0259 Federasiyan\u0131n iclas\u0131 g\u00f6zl\u0259nilir.<\/p>\n\n\n\n<p>\u201cLord\u201d l\u0259q\u0259bli Ramal Aslanovun art\u0131q qurumun prezidenti Orxan \u018fliyevin q\u0259rar\u0131 il\u0259 v\u0259zif\u0259sind\u0259n k\u0259narla\u015fd\u0131r\u0131ld\u0131\u011f\u0131 bildirilir.<\/p>\n","protected":false},"excerpt":{"rendered":"<p>\u201cLord\u201d l\u0259q\u0259bli Ramal Aslanovun art\u0131q v\u0259zif\u0259sind\u0259n azad olundu\u011fu bildirilir Az\u0259rbaycan &#8230; <\/p>\n<p class=\"read-more-container\"><a title=\"Az\u0259rbaycanda Kikboksinq Federasiyas\u0131n\u0131n I vitse-prezidenti h\u0259bs olunub\" class=\"read-more button\" href=\"https:\/\/www.meydan.tv\/az\/article\/az%c9%99rbaycanda-kikboksinq-federasiyasinin-i-vitse-prezidenti-h%c9%99bs-olunub\/#more-324025\" aria-label=\"Read more about Az\u0259rbaycanda Kikboksinq Federasiyas\u0131n\u0131n I vitse-prezidenti h\u0259bs olunub\">Davam\u0131<\/a><\/p>\n","protected":false},"author":21,"featured_media":324035,"comment_status":"closed","ping_status":"closed","sticky":false,"template":"","format":"standard","meta":{"_acf_changed":false,"_sitemap_exclude":false,"_sitemap_priority":"","_sitemap_frequency":"","footnotes":""},"categories":[112,62,56],"tags":[],"class_list":["post-324025","post","type-post","status-publish","format-standard","has-post-thumbnail","hentry","category-idman","category-sosial","category-xeberler","infinite-scroll-item","generate-columns","tablet-grid-50","mobile-grid-100","grid-parent","grid-33","no-featured-image-padding"],"acf":[],"yoast_head":"<!-- This site is optimized with the Yoast SEO plugin v27.4 - https:\/\/yoast.com\/product\/yoast-seo-wordpress\/ -->\n<title>Az\u0259rbaycanda Kikboksinq Federasiyas\u0131n\u0131n I vitse-prezidenti h\u0259bs olunub - MEYDAN.TV<\/title>\n<meta name=\"robots\" content=\"index, follow, max-snippet:-1, max-image-preview:large, max-video-preview:-1\" \/>\n<link rel=\"canonical\" href=\"https:\/\/www.meydan.tv\/az\/article\/az%c9%99rbaycanda-kikboksinq-federasiyasinin-i-vitse-prezidenti-h%c9%99bs-olunub\/\" \/>\n<meta property=\"og:locale\" content=\"az_AZ\" \/>\n<meta property=\"og:type\" content=\"article\" \/>\n<meta property=\"og:title\" content=\"Az\u0259rbaycanda Kikboksinq Federasiyas\u0131n\u0131n I vitse-prezidenti h\u0259bs olunub - MEYDAN.TV\" \/>\n<meta property=\"og:description\" content=\"\u201cLord\u201d l\u0259q\u0259bli Ramal Aslanovun art\u0131q v\u0259zif\u0259sind\u0259n azad olundu\u011fu bildirilir Az\u0259rbaycan ... Davam\u0131\" \/>\n<meta property=\"og:url\" content=\"https:\/\/www.meydan.tv\/az\/article\/az%c9%99rbaycanda-kikboksinq-federasiyasinin-i-vitse-prezidenti-h%c9%99bs-olunub\/\" \/>\n<meta property=\"og:site_name\" content=\"MEYDAN.TV\" \/>\n<meta property=\"article:published_time\" content=\"2025-01-06T17:03:07+00:00\" \/>\n<meta property=\"article:modified_time\" content=\"2025-01-06T17:03:09+00:00\" \/>\n<meta property=\"og:image\" content=\"https:\/\/www.meydan.tv\/wp-content\/uploads\/363349332_6337798699630608_8300228882401073409_n-e1736182955532.jpg\" \/>\n\t<meta property=\"og:image:width\" content=\"1973\" \/>\n\t<meta property=\"og:image:height\" content=\"1062\" \/>\n\t<meta property=\"og:image:type\" content=\"image\/jpeg\" \/>\n<meta name=\"author\" content=\"mahmud\" \/>\n<meta name=\"twitter:card\" content=\"summary_large_image\" \/>\n<script type=\"application\/ld+json\" class=\"yoast-schema-graph\">{\"@context\":\"https:\\\/\\\/schema.org\",\"@graph\":[{\"@type\":\"Article\",\"@id\":\"https:\\\/\\\/www.meydan.tv\\\/az\\\/article\\\/az%c9%99rbaycanda-kikboksinq-federasiyasinin-i-vitse-prezidenti-h%c9%99bs-olunub\\\/#article\",\"isPartOf\":{\"@id\":\"https:\\\/\\\/www.meydan.tv\\\/az\\\/article\\\/az%c9%99rbaycanda-kikboksinq-federasiyasinin-i-vitse-prezidenti-h%c9%99bs-olunub\\\/\"},\"author\":{\"name\":\"mahmud\",\"@id\":\"https:\\\/\\\/www.meydan.tv\\\/az\\\/#\\\/schema\\\/person\\\/09863e516102a829e72bedcf3f84c6b0\"},\"headline\":\"Az\u0259rbaycanda Kikboksinq Federasiyas\u0131n\u0131n I vitse-prezidenti h\u0259bs olunub\",\"datePublished\":\"2025-01-06T17:03:07+00:00\",\"dateModified\":\"2025-01-06T17:03:09+00:00\",\"mainEntityOfPage\":{\"@id\":\"https:\\\/\\\/www.meydan.tv\\\/az\\\/article\\\/az%c9%99rbaycanda-kikboksinq-federasiyasinin-i-vitse-prezidenti-h%c9%99bs-olunub\\\/\"},\"wordCount\":389,\"publisher\":{\"@id\":\"https:\\\/\\\/www.meydan.tv\\\/az\\\/#organization\"},\"image\":{\"@id\":\"https:\\\/\\\/www.meydan.tv\\\/az\\\/article\\\/az%c9%99rbaycanda-kikboksinq-federasiyasinin-i-vitse-prezidenti-h%c9%99bs-olunub\\\/#primaryimage\"},\"thumbnailUrl\":\"https:\\\/\\\/www.meydan.tv\\\/wp-content\\\/uploads\\\/363349332_6337798699630608_8300228882401073409_n-e1736182955532.jpg\",\"articleSection\":[\"\u0130dman\",\"Sosial\",\"X\u0259b\u0259rl\u0259r\"],\"inLanguage\":\"az\"},{\"@type\":\"WebPage\",\"@id\":\"https:\\\/\\\/www.meydan.tv\\\/az\\\/article\\\/az%c9%99rbaycanda-kikboksinq-federasiyasinin-i-vitse-prezidenti-h%c9%99bs-olunub\\\/\",\"url\":\"https:\\\/\\\/www.meydan.tv\\\/az\\\/article\\\/az%c9%99rbaycanda-kikboksinq-federasiyasinin-i-vitse-prezidenti-h%c9%99bs-olunub\\\/\",\"name\":\"Az\u0259rbaycanda Kikboksinq Federasiyas\u0131n\u0131n I vitse-prezidenti h\u0259bs olunub - MEYDAN.TV\",\"isPartOf\":{\"@id\":\"https:\\\/\\\/www.meydan.tv\\\/az\\\/#website\"},\"primaryImageOfPage\":{\"@id\":\"https:\\\/\\\/www.meydan.tv\\\/az\\\/article\\\/az%c9%99rbaycanda-kikboksinq-federasiyasinin-i-vitse-prezidenti-h%c9%99bs-olunub\\\/#primaryimage\"},\"image\":{\"@id\":\"https:\\\/\\\/www.meydan.tv\\\/az\\\/article\\\/az%c9%99rbaycanda-kikboksinq-federasiyasinin-i-vitse-prezidenti-h%c9%99bs-olunub\\\/#primaryimage\"},\"thumbnailUrl\":\"https:\\\/\\\/www.meydan.tv\\\/wp-content\\\/uploads\\\/363349332_6337798699630608_8300228882401073409_n-e1736182955532.jpg\",\"datePublished\":\"2025-01-06T17:03:07+00:00\",\"dateModified\":\"2025-01-06T17:03:09+00:00\",\"breadcrumb\":{\"@id\":\"https:\\\/\\\/www.meydan.tv\\\/az\\\/article\\\/az%c9%99rbaycanda-kikboksinq-federasiyasinin-i-vitse-prezidenti-h%c9%99bs-olunub\\\/#breadcrumb\"},\"inLanguage\":\"az\",\"potentialAction\":[{\"@type\":\"ReadAction\",\"target\":[\"https:\\\/\\\/www.meydan.tv\\\/az\\\/article\\\/az%c9%99rbaycanda-kikboksinq-federasiyasinin-i-vitse-prezidenti-h%c9%99bs-olunub\\\/\"]}]},{\"@type\":\"ImageObject\",\"inLanguage\":\"az\",\"@id\":\"https:\\\/\\\/www.meydan.tv\\\/az\\\/article\\\/az%c9%99rbaycanda-kikboksinq-federasiyasinin-i-vitse-prezidenti-h%c9%99bs-olunub\\\/#primaryimage\",\"url\":\"https:\\\/\\\/www.meydan.tv\\\/wp-content\\\/uploads\\\/363349332_6337798699630608_8300228882401073409_n-e1736182955532.jpg\",\"contentUrl\":\"https:\\\/\\\/www.meydan.tv\\\/wp-content\\\/uploads\\\/363349332_6337798699630608_8300228882401073409_n-e1736182955532.jpg\",\"width\":1973,\"height\":1062,\"caption\":\"Ramal Aslanov. Foto: \u015e\u0259xsi sosial media hesab\u0131\"},{\"@type\":\"BreadcrumbList\",\"@id\":\"https:\\\/\\\/www.meydan.tv\\\/az\\\/article\\\/az%c9%99rbaycanda-kikboksinq-federasiyasinin-i-vitse-prezidenti-h%c9%99bs-olunub\\\/#breadcrumb\",\"itemListElement\":[{\"@type\":\"ListItem\",\"position\":1,\"name\":\"Ana s\u0259hif\u0259\",\"item\":\"https:\\\/\\\/www.meydan.tv\\\/az\\\/\"},{\"@type\":\"ListItem\",\"position\":2,\"name\":\"Sosial\",\"item\":\"https:\\\/\\\/www.meydan.tv\\\/az\\\/section\\\/sosial\\\/\"},{\"@type\":\"ListItem\",\"position\":3,\"name\":\"Az\u0259rbaycanda Kikboksinq Federasiyas\u0131n\u0131n I vitse-prezidenti h\u0259bs olunub\"}]},{\"@type\":\"WebSite\",\"@id\":\"https:\\\/\\\/www.meydan.tv\\\/az\\\/#website\",\"url\":\"https:\\\/\\\/www.meydan.tv\\\/az\\\/\",\"name\":\"MEYDAN.TV\",\"description\":\"Meydan TV Az\u0259rbaycan\u0131n media m\u0259kan\u0131ndak\u0131 alternativ s\u0259sidir\",\"publisher\":{\"@id\":\"https:\\\/\\\/www.meydan.tv\\\/az\\\/#organization\"},\"potentialAction\":[{\"@type\":\"SearchAction\",\"target\":{\"@type\":\"EntryPoint\",\"urlTemplate\":\"https:\\\/\\\/www.meydan.tv\\\/az\\\/?s={search_term_string}\"},\"query-input\":{\"@type\":\"PropertyValueSpecification\",\"valueRequired\":true,\"valueName\":\"search_term_string\"}}],\"inLanguage\":\"az\"},{\"@type\":\"Organization\",\"@id\":\"https:\\\/\\\/www.meydan.tv\\\/az\\\/#organization\",\"name\":\"Meydan TV\",\"url\":\"https:\\\/\\\/www.meydan.tv\\\/az\\\/\",\"logo\":{\"@type\":\"ImageObject\",\"inLanguage\":\"az\",\"@id\":\"https:\\\/\\\/www.meydan.tv\\\/az\\\/#\\\/schema\\\/logo\\\/image\\\/\",\"url\":\"https:\\\/\\\/www.meydan.tv\\\/wp-content\\\/uploads\\\/2021\\\/07\\\/meydan-logo.svg\",\"contentUrl\":\"https:\\\/\\\/www.meydan.tv\\\/wp-content\\\/uploads\\\/2021\\\/07\\\/meydan-logo.svg\",\"width\":195,\"height\":46,\"caption\":\"Meydan TV\"},\"image\":{\"@id\":\"https:\\\/\\\/www.meydan.tv\\\/az\\\/#\\\/schema\\\/logo\\\/image\\\/\"}},{\"@type\":\"Person\",\"@id\":\"https:\\\/\\\/www.meydan.tv\\\/az\\\/#\\\/schema\\\/person\\\/09863e516102a829e72bedcf3f84c6b0\",\"name\":\"mahmud\"}]}<\/script>\n<!-- \/ Yoast SEO plugin. -->","yoast_head_json":{"title":"Az\u0259rbaycanda Kikboksinq Federasiyas\u0131n\u0131n I vitse-prezidenti h\u0259bs olunub - MEYDAN.TV","robots":{"index":"index","follow":"follow","max-snippet":"max-snippet:-1","max-image-preview":"max-image-preview:large","max-video-preview":"max-video-preview:-1"},"canonical":"https:\/\/www.meydan.tv\/az\/article\/az%c9%99rbaycanda-kikboksinq-federasiyasinin-i-vitse-prezidenti-h%c9%99bs-olunub\/","og_locale":"az_AZ","og_type":"article","og_title":"Az\u0259rbaycanda Kikboksinq Federasiyas\u0131n\u0131n I vitse-prezidenti h\u0259bs olunub - MEYDAN.TV","og_description":"\u201cLord\u201d l\u0259q\u0259bli Ramal Aslanovun art\u0131q v\u0259zif\u0259sind\u0259n azad olundu\u011fu bildirilir Az\u0259rbaycan ... Davam\u0131","og_url":"https:\/\/www.meydan.tv\/az\/article\/az%c9%99rbaycanda-kikboksinq-federasiyasinin-i-vitse-prezidenti-h%c9%99bs-olunub\/","og_site_name":"MEYDAN.TV","article_published_time":"2025-01-06T17:03:07+00:00","article_modified_time":"2025-01-06T17:03:09+00:00","og_image":[{"width":1973,"height":1062,"url":"https:\/\/www.meydan.tv\/wp-content\/uploads\/363349332_6337798699630608_8300228882401073409_n-e1736182955532.jpg","type":"image\/jpeg"}],"author":"mahmud","twitter_card":"summary_large_image","schema":{"@context":"https:\/\/schema.org","@graph":[{"@type":"Article","@id":"https:\/\/www.meydan.tv\/az\/article\/az%c9%99rbaycanda-kikboksinq-federasiyasinin-i-vitse-prezidenti-h%c9%99bs-olunub\/#article","isPartOf":{"@id":"https:\/\/www.meydan.tv\/az\/article\/az%c9%99rbaycanda-kikboksinq-federasiyasinin-i-vitse-prezidenti-h%c9%99bs-olunub\/"},"author":{"name":"mahmud","@id":"https:\/\/www.meydan.tv\/az\/#\/schema\/person\/09863e516102a829e72bedcf3f84c6b0"},"headline":"Az\u0259rbaycanda Kikboksinq Federasiyas\u0131n\u0131n I vitse-prezidenti h\u0259bs olunub","datePublished":"2025-01-06T17:03:07+00:00","dateModified":"2025-01-06T17:03:09+00:00","mainEntityOfPage":{"@id":"https:\/\/www.meydan.tv\/az\/article\/az%c9%99rbaycanda-kikboksinq-federasiyasinin-i-vitse-prezidenti-h%c9%99bs-olunub\/"},"wordCount":389,"publisher":{"@id":"https:\/\/www.meydan.tv\/az\/#organization"},"image":{"@id":"https:\/\/www.meydan.tv\/az\/article\/az%c9%99rbaycanda-kikboksinq-federasiyasinin-i-vitse-prezidenti-h%c9%99bs-olunub\/#primaryimage"},"thumbnailUrl":"https:\/\/www.meydan.tv\/wp-content\/uploads\/363349332_6337798699630608_8300228882401073409_n-e1736182955532.jpg","articleSection":["\u0130dman","Sosial","X\u0259b\u0259rl\u0259r"],"inLanguage":"az"},{"@type":"WebPage","@id":"https:\/\/www.meydan.tv\/az\/article\/az%c9%99rbaycanda-kikboksinq-federasiyasinin-i-vitse-prezidenti-h%c9%99bs-olunub\/","url":"https:\/\/www.meydan.tv\/az\/article\/az%c9%99rbaycanda-kikboksinq-federasiyasinin-i-vitse-prezidenti-h%c9%99bs-olunub\/","name":"Az\u0259rbaycanda Kikboksinq Federasiyas\u0131n\u0131n I vitse-prezidenti h\u0259bs olunub - MEYDAN.TV","isPartOf":{"@id":"https:\/\/www.meydan.tv\/az\/#website"},"primaryImageOfPage":{"@id":"https:\/\/www.meydan.tv\/az\/article\/az%c9%99rbaycanda-kikboksinq-federasiyasinin-i-vitse-prezidenti-h%c9%99bs-olunub\/#primaryimage"},"image":{"@id":"https:\/\/www.meydan.tv\/az\/article\/az%c9%99rbaycanda-kikboksinq-federasiyasinin-i-vitse-prezidenti-h%c9%99bs-olunub\/#primaryimage"},"thumbnailUrl":"https:\/\/www.meydan.tv\/wp-content\/uploads\/363349332_6337798699630608_8300228882401073409_n-e1736182955532.jpg","datePublished":"2025-01-06T17:03:07+00:00","dateModified":"2025-01-06T17:03:09+00:00","breadcrumb":{"@id":"https:\/\/www.meydan.tv\/az\/article\/az%c9%99rbaycanda-kikboksinq-federasiyasinin-i-vitse-prezidenti-h%c9%99bs-olunub\/#breadcrumb"},"inLanguage":"az","potentialAction":[{"@type":"ReadAction","target":["https:\/\/www.meydan.tv\/az\/article\/az%c9%99rbaycanda-kikboksinq-federasiyasinin-i-vitse-prezidenti-h%c9%99bs-olunub\/"]}]},{"@type":"ImageObject","inLanguage":"az","@id":"https:\/\/www.meydan.tv\/az\/article\/az%c9%99rbaycanda-kikboksinq-federasiyasinin-i-vitse-prezidenti-h%c9%99bs-olunub\/#primaryimage","url":"https:\/\/www.meydan.tv\/wp-content\/uploads\/363349332_6337798699630608_8300228882401073409_n-e1736182955532.jpg","contentUrl":"https:\/\/www.meydan.tv\/wp-content\/uploads\/363349332_6337798699630608_8300228882401073409_n-e1736182955532.jpg","width":1973,"height":1062,"caption":"Ramal Aslanov. Foto: \u015e\u0259xsi sosial media hesab\u0131"},{"@type":"BreadcrumbList","@id":"https:\/\/www.meydan.tv\/az\/article\/az%c9%99rbaycanda-kikboksinq-federasiyasinin-i-vitse-prezidenti-h%c9%99bs-olunub\/#breadcrumb","itemListElement":[{"@type":"ListItem","position":1,"name":"Ana s\u0259hif\u0259","item":"https:\/\/www.meydan.tv\/az\/"},{"@type":"ListItem","position":2,"name":"Sosial","item":"https:\/\/www.meydan.tv\/az\/section\/sosial\/"},{"@type":"ListItem","position":3,"name":"Az\u0259rbaycanda Kikboksinq Federasiyas\u0131n\u0131n I vitse-prezidenti h\u0259bs olunub"}]},{"@type":"WebSite","@id":"https:\/\/www.meydan.tv\/az\/#website","url":"https:\/\/www.meydan.tv\/az\/","name":"MEYDAN.TV","description":"Meydan TV Az\u0259rbaycan\u0131n media m\u0259kan\u0131ndak\u0131 alternativ s\u0259sidir","publisher":{"@id":"https:\/\/www.meydan.tv\/az\/#organization"},"potentialAction":[{"@type":"SearchAction","target":{"@type":"EntryPoint","urlTemplate":"https:\/\/www.meydan.tv\/az\/?s={search_term_string}"},"query-input":{"@type":"PropertyValueSpecification","valueRequired":true,"valueName":"search_term_string"}}],"inLanguage":"az"},{"@type":"Organization","@id":"https:\/\/www.meydan.tv\/az\/#organization","name":"Meydan TV","url":"https:\/\/www.meydan.tv\/az\/","logo":{"@type":"ImageObject","inLanguage":"az","@id":"https:\/\/www.meydan.tv\/az\/#\/schema\/logo\/image\/","url":"https:\/\/www.meydan.tv\/wp-content\/uploads\/2021\/07\/meydan-logo.svg","contentUrl":"https:\/\/www.meydan.tv\/wp-content\/uploads\/2021\/07\/meydan-logo.svg","width":195,"height":46,"caption":"Meydan TV"},"image":{"@id":"https:\/\/www.meydan.tv\/az\/#\/schema\/logo\/image\/"}},{"@type":"Person","@id":"https:\/\/www.meydan.tv\/az\/#\/schema\/person\/09863e516102a829e72bedcf3f84c6b0","name":"mahmud"}]}},"_links":{"self":[{"href":"https:\/\/www.meydan.tv\/az\/wp-json\/wp\/v2\/posts\/324025","targetHints":{"allow":["GET"]}}],"collection":[{"href":"https:\/\/www.meydan.tv\/az\/wp-json\/wp\/v2\/posts"}],"about":[{"href":"https:\/\/www.meydan.tv\/az\/wp-json\/wp\/v2\/types\/post"}],"author":[{"embeddable":true,"href":"https:\/\/www.meydan.tv\/az\/wp-json\/wp\/v2\/users\/21"}],"replies":[{"embeddable":true,"href":"https:\/\/www.meydan.tv\/az\/wp-json\/wp\/v2\/comments?post=324025"}],"version-history":[{"count":1,"href":"https:\/\/www.meydan.tv\/az\/wp-json\/wp\/v2\/posts\/324025\/revisions"}],"predecessor-version":[{"id":324030,"href":"https:\/\/www.meydan.tv\/az\/wp-json\/wp\/v2\/posts\/324025\/revisions\/324030"}],"wp:featuredmedia":[{"embeddable":true,"href":"https:\/\/www.meydan.tv\/az\/wp-json\/wp\/v2\/media\/324035"}],"wp:attachment":[{"href":"https:\/\/www.meydan.tv\/az\/wp-json\/wp\/v2\/media?parent=324025"}],"wp:term":[{"taxonomy":"category","embeddable":true,"href":"https:\/\/www.meydan.tv\/az\/wp-json\/wp\/v2\/categories?post=324025"},{"taxonomy":"post_tag","embeddable":true,"href":"https:\/\/www.meydan.tv\/az\/wp-json\/wp\/v2\/tags?post=324025"}],"curies":[{"name":"wp","href":"https:\/\/api.w.org\/{rel}","templated":true}]}}