{"id":323911,"date":"2025-01-04T15:57:25","date_gmt":"2025-01-04T11:57:25","guid":{"rendered":"https:\/\/www.meydan.tv\/?p=323911"},"modified":"2025-01-05T14:44:24","modified_gmt":"2025-01-05T10:44:24","slug":"qazaxistanda-t%c9%99yyar%c9%99nin-q%c9%99zaya-ugramasi-il%c9%99-bagli-arasdirmanin-yekun-hesabati-uc-ild%c9%99n-gec-olmayaraq-t%c9%99sdiql%c9%99n%c9%99c%c9%99k","status":"publish","type":"post","link":"https:\/\/www.meydan.tv\/az\/article\/qazaxistanda-t%c9%99yyar%c9%99nin-q%c9%99zaya-ugramasi-il%c9%99-bagli-arasdirmanin-yekun-hesabati-uc-ild%c9%99n-gec-olmayaraq-t%c9%99sdiql%c9%99n%c9%99c%c9%99k\/","title":{"rendered":"Qazax\u0131standa t\u0259yyar\u0259 q\u0259zas\u0131 il\u0259 ba\u011fl\u0131 ara\u015fd\u0131rman\u0131n hesabat\u0131 \u00fc\u00e7 ild\u0259n gec olmayaraq t\u0259sdiql\u0259n\u0259c\u0259k"},"content":{"rendered":"\n<p><\/p>\n\n\n\n<p>2024-c\u00fc il dekabr\u0131n 25-d\u0259 Qazax\u0131standa \u201cAz\u0259rbaycan Hava Yollar\u0131\u201dna (AZAL) m\u0259xsus t\u0259yyar\u0259nin q\u0259zaya u\u011framas\u0131 il\u0259 ba\u011fl\u0131 ara\u015fd\u0131rman\u0131n yekun hesabat\u0131 \u00fc\u00e7 ild\u0259n gec olmayaraq t\u0259sdiql\u0259n\u0259c\u0259k.<\/p>\n\n\n\n<p>Bu bar\u0259d\u0259 \u201cTASS\u201da Qazax\u0131stan\u0131n N\u0259qliyyat Nazirliyind\u0259n <a href=\"https:\/\/tass.ru\/mezhdunarodnaya-panorama\/22821127\" target=\"_blank\" rel=\"noreferrer noopener\">m\u0259lumat verilib<\/a>.<br><br><em>\u201c2024-c\u00fc il dekabr\u0131n 25-d\u0259 \u201cAz\u0259rbaycan Hava Yollar\u0131\u201d QSC-y\u0259 m\u0259xsus \u201cEmbraer E190AR\u201d markal\u0131, 4K-AZ65 d\u00f6vl\u0259t n\u00f6mr\u0259 ni\u015fanl\u0131 t\u0259yyar\u0259 il\u0259 ba\u015f vermi\u015f aviasiya q\u0259zas\u0131n\u0131n t\u0259hqiqat\u0131 Qazax\u0131stan Respublikas\u0131n\u0131n \u0130nvestisiya v\u0259 \u0130nki\u015faf nazirinin m\u00fcvafiq \u0259mrin\u0259 uy\u011fun olaraq h\u0259yata ke\u00e7irilir. \u018fmrin 32-ci b\u0259ndin\u0259 uy\u011fun olaraq, insan t\u0259l\u0259fat\u0131 il\u0259 n\u0259tic\u0259l\u0259n\u0259n aviasiya hadis\u0259sinin t\u0259hqiqat\u0131n\u0131n m\u00fcdd\u0259ti komissiya yarad\u0131ld\u0131\u011f\u0131 andan q\u0259zan\u0131n t\u0259hqiqat\u0131n\u0131n n\u0259tic\u0259l\u0259rin\u0259 dair yekun hesabat\u0131n t\u0259sdiq edildiyi tarix\u0259 kimi, \u0259lav\u0259 ara\u015fd\u0131rma t\u0259l\u0259b olunmad\u0131\u011f\u0131 t\u0259qdird\u0259, 36 aydan \u00e7ox olmamal\u0131d\u0131r\u201d,<\/em> &#8211; nazirlikd\u0259n bildirilib.<\/p>\n\n\n\n<p>\u0130stintaq komissiyas\u0131n\u0131n \u00fczv\u00fc, Qazax\u0131stan\u0131n n\u0259qliyyat nazirinin m\u00fcavini Talqat Lastaev 2024-c\u00fc il dekabr\u0131n 30-da \u201cKazinform\u201d agentliyin\u0259 m\u00fcsahib\u0259sind\u0259 bildirib ki, ara\u015fd\u0131rman\u0131n ilkin v\u0259 ya aral\u0131q n\u0259tic\u0259l\u0259ri 30 g\u00fcn \u0259rzind\u0259 haz\u0131r olacaq.<\/p>\n\n\n\n<p>2024-c\u00fc il dekabr\u0131n 25-d\u0259 Bak\u0131dan Qrozn\u0131ya u\u00e7an AZAL t\u0259yyar\u0259si Qazax\u0131stan\u0131n Aktau \u015f\u0259h\u0259ri yax\u0131nl\u0131\u011f\u0131nda, t\u0259yinat n\u00f6qt\u0259sin\u0259 yax\u0131n \u0259razid\u0259 Rusiyan\u0131n hava h\u00fccumundan m\u00fcdafi\u0259 sisteml\u0259rind\u0259n z\u0259r\u0259r g\u00f6r\u0259r\u0259k q\u0259zaya u\u011fray\u0131b.<\/p>\n\n\n\n<p>Hadis\u0259 n\u0259tic\u0259sind\u0259 t\u0259yyar\u0259d\u0259 olan 67 n\u0259f\u0259rd\u0259n 38-i h\u0259yat\u0131n\u0131 itirib.<\/p>\n\n\n\n<p>Bu q\u0259zadan sonra Az\u0259rbaycan Ufa, Samara, Nijni Novqorod, Mineraln\u0131ye Vod\u0131, So\u00e7i, Volqoqrad, Qrozn\u0131, Vladikavkaz v\u0259 Maha\u00e7qala da daxil olmaqla, bir s\u0131ra Rusiya \u015f\u0259h\u0259rl\u0259rin\u0259 u\u00e7u\u015flar\u0131 dayand\u0131r\u0131b.<\/p>\n\n\n\n<p>Kazan dayand\u0131r\u0131lm\u0131\u015f istiqam\u0259tl\u0259r aras\u0131nda olmasa da, bu \u015f\u0259h\u0259r\u0259 planla\u015fd\u0131r\u0131lan 28 dekabr reysi d\u0259 l\u0259\u011fv edilib.<\/p>\n\n\n\n<p>U\u00e7u\u015f m\u0259hdudiyy\u0259tl\u0259ri il\u0259 ba\u011fl\u0131 q\u0259rar Az\u0259rbaycan M\u00fclki Aviasiya D\u00f6vl\u0259t Agentliyi il\u0259 birg\u0259 q\u0259bul edilib v\u0259 Aktau q\u0259zas\u0131n\u0131n ilkin ara\u015fd\u0131rma n\u0259tic\u0259l\u0259rin\u0259 \u0259saslan\u0131b.<\/p>\n\n\n\n<p>Hava yollar\u0131 davam ed\u0259n pilotsuz u\u00e7u\u015f aparatlar\u0131n\u0131n aktivliyi v\u0259 b\u00f6lg\u0259d\u0259ki qeyri-sabitlikl\u0259 \u0259laq\u0259li \u201cpotensial riskl\u0259ri\u201d s\u0259b\u0259b kimi g\u00f6st\u0259rib.<\/p>\n\n\n\n<p>AZAL bildirib ki, t\u0259sirl\u0259nmi\u015f \u015f\u0259h\u0259rl\u0259r\u0259 u\u00e7u\u015flar \u201cEmbraer 190\u201d q\u0259zas\u0131n\u0131n ara\u015fd\u0131r\u0131lmas\u0131 ba\u015fa \u00e7atana q\u0259d\u0259r dayand\u0131r\u0131lacaq.<\/p>\n\n\n\n<p>Hava yollar\u0131n\u0131n r\u0259smi \u201cTelegram\u201d kanal\u0131 s\u0259rni\u015fin t\u0259hl\u00fck\u0259sizliyinin \u015firk\u0259tin \u0259n y\u00fcks\u0259k prioriteti oldu\u011funu vur\u011fulay\u0131b.<\/p>\n\n\n\n<p>Rusiyan\u0131n hava h\u00fccumundan m\u00fcdafi\u0259 sisteml\u0259ri t\u0259r\u0259find\u0259n Az\u0259rbaycan t\u0259yyar\u0259sinin vurulmas\u0131 il\u0259 ba\u011fl\u0131 v\u0259ziyy\u0259ti t\u0259hlil ed\u0259n ekspertl\u0259r is\u0259 Rusiya-Ukrayna m\u00fcharib\u0259si&nbsp; \u015f\u0259raitind\u0259 b\u00fct\u00fcn u\u00e7u\u015flar\u0131n dayand\u0131r\u0131lmas\u0131n\u0131 t\u00f6vsiy\u0259 edibl\u0259r.<\/p>\n\n\n\n<p>Prezident \u0130lham \u018fliyev dekabr\u0131n 29-da Az\u0259rbaycan Televiziyas\u0131na (AzTv) m\u00fcsahib\u0259sind\u0259 t\u0259yyar\u0259nin Rusiya t\u0259r\u0259find\u0259n vuruldu\u011funu dey\u0259r\u0259k bir s\u0131ra ittihamlar s\u0259sl\u0259ndirib.<br>O bildirib ki, Rusiya t\u0259r\u0259fi m\u0259s\u0259l\u0259ni \u00f6rt-basd\u0131r etm\u0259k ist\u0259yir.<\/p>\n","protected":false},"excerpt":{"rendered":"<p>2024-c\u00fc il dekabr\u0131n 25-d\u0259 Qazax\u0131standa \u201cAz\u0259rbaycan Hava Yollar\u0131\u201dna (AZAL) m\u0259xsus &#8230; <\/p>\n<p class=\"read-more-container\"><a title=\"Qazax\u0131standa t\u0259yyar\u0259 q\u0259zas\u0131 il\u0259 ba\u011fl\u0131 ara\u015fd\u0131rman\u0131n hesabat\u0131 \u00fc\u00e7 ild\u0259n gec olmayaraq t\u0259sdiql\u0259n\u0259c\u0259k\" class=\"read-more button\" href=\"https:\/\/www.meydan.tv\/az\/article\/qazaxistanda-t%c9%99yyar%c9%99nin-q%c9%99zaya-ugramasi-il%c9%99-bagli-arasdirmanin-yekun-hesabati-uc-ild%c9%99n-gec-olmayaraq-t%c9%99sdiql%c9%99n%c9%99c%c9%99k\/#more-323911\" aria-label=\"Read more about Qazax\u0131standa t\u0259yyar\u0259 q\u0259zas\u0131 il\u0259 ba\u011fl\u0131 ara\u015fd\u0131rman\u0131n hesabat\u0131 \u00fc\u00e7 ild\u0259n gec olmayaraq t\u0259sdiql\u0259n\u0259c\u0259k\">Davam\u0131<\/a><\/p>\n","protected":false},"author":16,"featured_media":323400,"comment_status":"closed","ping_status":"closed","sticky":false,"template":"","format":"standard","meta":{"_acf_changed":false,"_sitemap_exclude":false,"_sitemap_priority":"","_sitemap_frequency":"","footnotes":""},"categories":[62,56],"tags":[],"class_list":["post-323911","post","type-post","status-publish","format-standard","has-post-thumbnail","hentry","category-sosial","category-xeberler","infinite-scroll-item","generate-columns","tablet-grid-50","mobile-grid-100","grid-parent","grid-33","no-featured-image-padding"],"acf":[],"yoast_head":"<!-- This site is optimized with the Yoast SEO plugin v27.4 - https:\/\/yoast.com\/product\/yoast-seo-wordpress\/ -->\n<title>Qazax\u0131standa t\u0259yyar\u0259 q\u0259zas\u0131 il\u0259 ba\u011fl\u0131 ara\u015fd\u0131rman\u0131n hesabat\u0131 \u00fc\u00e7 ild\u0259n gec olmayaraq t\u0259sdiql\u0259n\u0259c\u0259k - MEYDAN.TV<\/title>\n<meta name=\"robots\" content=\"index, follow, max-snippet:-1, max-image-preview:large, max-video-preview:-1\" \/>\n<link rel=\"canonical\" href=\"https:\/\/www.meydan.tv\/az\/article\/qazaxistanda-t%c9%99yyar%c9%99nin-q%c9%99zaya-ugramasi-il%c9%99-bagli-arasdirmanin-yekun-hesabati-uc-ild%c9%99n-gec-olmayaraq-t%c9%99sdiql%c9%99n%c9%99c%c9%99k\/\" \/>\n<meta property=\"og:locale\" content=\"az_AZ\" \/>\n<meta property=\"og:type\" content=\"article\" \/>\n<meta property=\"og:title\" content=\"Qazax\u0131standa t\u0259yyar\u0259 q\u0259zas\u0131 il\u0259 ba\u011fl\u0131 ara\u015fd\u0131rman\u0131n hesabat\u0131 \u00fc\u00e7 ild\u0259n gec olmayaraq t\u0259sdiql\u0259n\u0259c\u0259k - MEYDAN.TV\" \/>\n<meta property=\"og:description\" content=\"2024-c\u00fc il dekabr\u0131n 25-d\u0259 Qazax\u0131standa \u201cAz\u0259rbaycan Hava Yollar\u0131\u201dna (AZAL) m\u0259xsus ... Davam\u0131\" \/>\n<meta property=\"og:url\" content=\"https:\/\/www.meydan.tv\/az\/article\/qazaxistanda-t%c9%99yyar%c9%99nin-q%c9%99zaya-ugramasi-il%c9%99-bagli-arasdirmanin-yekun-hesabati-uc-ild%c9%99n-gec-olmayaraq-t%c9%99sdiql%c9%99n%c9%99c%c9%99k\/\" \/>\n<meta property=\"og:site_name\" content=\"MEYDAN.TV\" \/>\n<meta property=\"article:published_time\" content=\"2025-01-04T11:57:25+00:00\" \/>\n<meta property=\"article:modified_time\" content=\"2025-01-05T10:44:24+00:00\" \/>\n<meta property=\"og:image\" content=\"https:\/\/www.meydan.tv\/wp-content\/uploads\/bez-nazvaniya.png\" \/>\n\t<meta property=\"og:image:width\" content=\"1280\" \/>\n\t<meta property=\"og:image:height\" content=\"738\" \/>\n\t<meta property=\"og:image:type\" content=\"image\/png\" \/>\n<meta name=\"author\" content=\"sevda\" \/>\n<meta name=\"twitter:card\" content=\"summary_large_image\" \/>\n<script type=\"application\/ld+json\" class=\"yoast-schema-graph\">{\"@context\":\"https:\\\/\\\/schema.org\",\"@graph\":[{\"@type\":\"Article\",\"@id\":\"https:\\\/\\\/www.meydan.tv\\\/az\\\/article\\\/qazaxistanda-t%c9%99yyar%c9%99nin-q%c9%99zaya-ugramasi-il%c9%99-bagli-arasdirmanin-yekun-hesabati-uc-ild%c9%99n-gec-olmayaraq-t%c9%99sdiql%c9%99n%c9%99c%c9%99k\\\/#article\",\"isPartOf\":{\"@id\":\"https:\\\/\\\/www.meydan.tv\\\/az\\\/article\\\/qazaxistanda-t%c9%99yyar%c9%99nin-q%c9%99zaya-ugramasi-il%c9%99-bagli-arasdirmanin-yekun-hesabati-uc-ild%c9%99n-gec-olmayaraq-t%c9%99sdiql%c9%99n%c9%99c%c9%99k\\\/\"},\"author\":{\"name\":\"sevda\",\"@id\":\"https:\\\/\\\/www.meydan.tv\\\/az\\\/#\\\/schema\\\/person\\\/49b5f2bad5b126bb8ea9320eeb3e4dc9\"},\"headline\":\"Qazax\u0131standa t\u0259yyar\u0259 q\u0259zas\u0131 il\u0259 ba\u011fl\u0131 ara\u015fd\u0131rman\u0131n hesabat\u0131 \u00fc\u00e7 ild\u0259n gec olmayaraq t\u0259sdiql\u0259n\u0259c\u0259k\",\"datePublished\":\"2025-01-04T11:57:25+00:00\",\"dateModified\":\"2025-01-05T10:44:24+00:00\",\"mainEntityOfPage\":{\"@id\":\"https:\\\/\\\/www.meydan.tv\\\/az\\\/article\\\/qazaxistanda-t%c9%99yyar%c9%99nin-q%c9%99zaya-ugramasi-il%c9%99-bagli-arasdirmanin-yekun-hesabati-uc-ild%c9%99n-gec-olmayaraq-t%c9%99sdiql%c9%99n%c9%99c%c9%99k\\\/\"},\"wordCount\":614,\"publisher\":{\"@id\":\"https:\\\/\\\/www.meydan.tv\\\/az\\\/#organization\"},\"image\":{\"@id\":\"https:\\\/\\\/www.meydan.tv\\\/az\\\/article\\\/qazaxistanda-t%c9%99yyar%c9%99nin-q%c9%99zaya-ugramasi-il%c9%99-bagli-arasdirmanin-yekun-hesabati-uc-ild%c9%99n-gec-olmayaraq-t%c9%99sdiql%c9%99n%c9%99c%c9%99k\\\/#primaryimage\"},\"thumbnailUrl\":\"https:\\\/\\\/www.meydan.tv\\\/wp-content\\\/uploads\\\/bez-nazvaniya.png\",\"articleSection\":[\"Sosial\",\"X\u0259b\u0259rl\u0259r\"],\"inLanguage\":\"az\"},{\"@type\":\"WebPage\",\"@id\":\"https:\\\/\\\/www.meydan.tv\\\/az\\\/article\\\/qazaxistanda-t%c9%99yyar%c9%99nin-q%c9%99zaya-ugramasi-il%c9%99-bagli-arasdirmanin-yekun-hesabati-uc-ild%c9%99n-gec-olmayaraq-t%c9%99sdiql%c9%99n%c9%99c%c9%99k\\\/\",\"url\":\"https:\\\/\\\/www.meydan.tv\\\/az\\\/article\\\/qazaxistanda-t%c9%99yyar%c9%99nin-q%c9%99zaya-ugramasi-il%c9%99-bagli-arasdirmanin-yekun-hesabati-uc-ild%c9%99n-gec-olmayaraq-t%c9%99sdiql%c9%99n%c9%99c%c9%99k\\\/\",\"name\":\"Qazax\u0131standa t\u0259yyar\u0259 q\u0259zas\u0131 il\u0259 ba\u011fl\u0131 ara\u015fd\u0131rman\u0131n hesabat\u0131 \u00fc\u00e7 ild\u0259n gec olmayaraq t\u0259sdiql\u0259n\u0259c\u0259k - MEYDAN.TV\",\"isPartOf\":{\"@id\":\"https:\\\/\\\/www.meydan.tv\\\/az\\\/#website\"},\"primaryImageOfPage\":{\"@id\":\"https:\\\/\\\/www.meydan.tv\\\/az\\\/article\\\/qazaxistanda-t%c9%99yyar%c9%99nin-q%c9%99zaya-ugramasi-il%c9%99-bagli-arasdirmanin-yekun-hesabati-uc-ild%c9%99n-gec-olmayaraq-t%c9%99sdiql%c9%99n%c9%99c%c9%99k\\\/#primaryimage\"},\"image\":{\"@id\":\"https:\\\/\\\/www.meydan.tv\\\/az\\\/article\\\/qazaxistanda-t%c9%99yyar%c9%99nin-q%c9%99zaya-ugramasi-il%c9%99-bagli-arasdirmanin-yekun-hesabati-uc-ild%c9%99n-gec-olmayaraq-t%c9%99sdiql%c9%99n%c9%99c%c9%99k\\\/#primaryimage\"},\"thumbnailUrl\":\"https:\\\/\\\/www.meydan.tv\\\/wp-content\\\/uploads\\\/bez-nazvaniya.png\",\"datePublished\":\"2025-01-04T11:57:25+00:00\",\"dateModified\":\"2025-01-05T10:44:24+00:00\",\"breadcrumb\":{\"@id\":\"https:\\\/\\\/www.meydan.tv\\\/az\\\/article\\\/qazaxistanda-t%c9%99yyar%c9%99nin-q%c9%99zaya-ugramasi-il%c9%99-bagli-arasdirmanin-yekun-hesabati-uc-ild%c9%99n-gec-olmayaraq-t%c9%99sdiql%c9%99n%c9%99c%c9%99k\\\/#breadcrumb\"},\"inLanguage\":\"az\",\"potentialAction\":[{\"@type\":\"ReadAction\",\"target\":[\"https:\\\/\\\/www.meydan.tv\\\/az\\\/article\\\/qazaxistanda-t%c9%99yyar%c9%99nin-q%c9%99zaya-ugramasi-il%c9%99-bagli-arasdirmanin-yekun-hesabati-uc-ild%c9%99n-gec-olmayaraq-t%c9%99sdiql%c9%99n%c9%99c%c9%99k\\\/\"]}]},{\"@type\":\"ImageObject\",\"inLanguage\":\"az\",\"@id\":\"https:\\\/\\\/www.meydan.tv\\\/az\\\/article\\\/qazaxistanda-t%c9%99yyar%c9%99nin-q%c9%99zaya-ugramasi-il%c9%99-bagli-arasdirmanin-yekun-hesabati-uc-ild%c9%99n-gec-olmayaraq-t%c9%99sdiql%c9%99n%c9%99c%c9%99k\\\/#primaryimage\",\"url\":\"https:\\\/\\\/www.meydan.tv\\\/wp-content\\\/uploads\\\/bez-nazvaniya.png\",\"contentUrl\":\"https:\\\/\\\/www.meydan.tv\\\/wp-content\\\/uploads\\\/bez-nazvaniya.png\",\"width\":1280,\"height\":738,\"caption\":\"Foto: Reuters\"},{\"@type\":\"BreadcrumbList\",\"@id\":\"https:\\\/\\\/www.meydan.tv\\\/az\\\/article\\\/qazaxistanda-t%c9%99yyar%c9%99nin-q%c9%99zaya-ugramasi-il%c9%99-bagli-arasdirmanin-yekun-hesabati-uc-ild%c9%99n-gec-olmayaraq-t%c9%99sdiql%c9%99n%c9%99c%c9%99k\\\/#breadcrumb\",\"itemListElement\":[{\"@type\":\"ListItem\",\"position\":1,\"name\":\"Ana s\u0259hif\u0259\",\"item\":\"https:\\\/\\\/www.meydan.tv\\\/az\\\/\"},{\"@type\":\"ListItem\",\"position\":2,\"name\":\"X\u0259b\u0259rl\u0259r\",\"item\":\"https:\\\/\\\/www.meydan.tv\\\/az\\\/section\\\/xeberler\\\/\"},{\"@type\":\"ListItem\",\"position\":3,\"name\":\"Qazax\u0131standa t\u0259yyar\u0259 q\u0259zas\u0131 il\u0259 ba\u011fl\u0131 ara\u015fd\u0131rman\u0131n hesabat\u0131 \u00fc\u00e7 ild\u0259n gec olmayaraq t\u0259sdiql\u0259n\u0259c\u0259k\"}]},{\"@type\":\"WebSite\",\"@id\":\"https:\\\/\\\/www.meydan.tv\\\/az\\\/#website\",\"url\":\"https:\\\/\\\/www.meydan.tv\\\/az\\\/\",\"name\":\"MEYDAN.TV\",\"description\":\"Meydan TV Az\u0259rbaycan\u0131n media m\u0259kan\u0131ndak\u0131 alternativ s\u0259sidir\",\"publisher\":{\"@id\":\"https:\\\/\\\/www.meydan.tv\\\/az\\\/#organization\"},\"potentialAction\":[{\"@type\":\"SearchAction\",\"target\":{\"@type\":\"EntryPoint\",\"urlTemplate\":\"https:\\\/\\\/www.meydan.tv\\\/az\\\/?s={search_term_string}\"},\"query-input\":{\"@type\":\"PropertyValueSpecification\",\"valueRequired\":true,\"valueName\":\"search_term_string\"}}],\"inLanguage\":\"az\"},{\"@type\":\"Organization\",\"@id\":\"https:\\\/\\\/www.meydan.tv\\\/az\\\/#organization\",\"name\":\"Meydan TV\",\"url\":\"https:\\\/\\\/www.meydan.tv\\\/az\\\/\",\"logo\":{\"@type\":\"ImageObject\",\"inLanguage\":\"az\",\"@id\":\"https:\\\/\\\/www.meydan.tv\\\/az\\\/#\\\/schema\\\/logo\\\/image\\\/\",\"url\":\"https:\\\/\\\/www.meydan.tv\\\/wp-content\\\/uploads\\\/2021\\\/07\\\/meydan-logo.svg\",\"contentUrl\":\"https:\\\/\\\/www.meydan.tv\\\/wp-content\\\/uploads\\\/2021\\\/07\\\/meydan-logo.svg\",\"width\":195,\"height\":46,\"caption\":\"Meydan TV\"},\"image\":{\"@id\":\"https:\\\/\\\/www.meydan.tv\\\/az\\\/#\\\/schema\\\/logo\\\/image\\\/\"}},{\"@type\":\"Person\",\"@id\":\"https:\\\/\\\/www.meydan.tv\\\/az\\\/#\\\/schema\\\/person\\\/49b5f2bad5b126bb8ea9320eeb3e4dc9\",\"name\":\"sevda\"}]}<\/script>\n<!-- \/ Yoast SEO plugin. -->","yoast_head_json":{"title":"Qazax\u0131standa t\u0259yyar\u0259 q\u0259zas\u0131 il\u0259 ba\u011fl\u0131 ara\u015fd\u0131rman\u0131n hesabat\u0131 \u00fc\u00e7 ild\u0259n gec olmayaraq t\u0259sdiql\u0259n\u0259c\u0259k - MEYDAN.TV","robots":{"index":"index","follow":"follow","max-snippet":"max-snippet:-1","max-image-preview":"max-image-preview:large","max-video-preview":"max-video-preview:-1"},"canonical":"https:\/\/www.meydan.tv\/az\/article\/qazaxistanda-t%c9%99yyar%c9%99nin-q%c9%99zaya-ugramasi-il%c9%99-bagli-arasdirmanin-yekun-hesabati-uc-ild%c9%99n-gec-olmayaraq-t%c9%99sdiql%c9%99n%c9%99c%c9%99k\/","og_locale":"az_AZ","og_type":"article","og_title":"Qazax\u0131standa t\u0259yyar\u0259 q\u0259zas\u0131 il\u0259 ba\u011fl\u0131 ara\u015fd\u0131rman\u0131n hesabat\u0131 \u00fc\u00e7 ild\u0259n gec olmayaraq t\u0259sdiql\u0259n\u0259c\u0259k - MEYDAN.TV","og_description":"2024-c\u00fc il dekabr\u0131n 25-d\u0259 Qazax\u0131standa \u201cAz\u0259rbaycan Hava Yollar\u0131\u201dna (AZAL) m\u0259xsus ... Davam\u0131","og_url":"https:\/\/www.meydan.tv\/az\/article\/qazaxistanda-t%c9%99yyar%c9%99nin-q%c9%99zaya-ugramasi-il%c9%99-bagli-arasdirmanin-yekun-hesabati-uc-ild%c9%99n-gec-olmayaraq-t%c9%99sdiql%c9%99n%c9%99c%c9%99k\/","og_site_name":"MEYDAN.TV","article_published_time":"2025-01-04T11:57:25+00:00","article_modified_time":"2025-01-05T10:44:24+00:00","og_image":[{"width":1280,"height":738,"url":"https:\/\/www.meydan.tv\/wp-content\/uploads\/bez-nazvaniya.png","type":"image\/png"}],"author":"sevda","twitter_card":"summary_large_image","schema":{"@context":"https:\/\/schema.org","@graph":[{"@type":"Article","@id":"https:\/\/www.meydan.tv\/az\/article\/qazaxistanda-t%c9%99yyar%c9%99nin-q%c9%99zaya-ugramasi-il%c9%99-bagli-arasdirmanin-yekun-hesabati-uc-ild%c9%99n-gec-olmayaraq-t%c9%99sdiql%c9%99n%c9%99c%c9%99k\/#article","isPartOf":{"@id":"https:\/\/www.meydan.tv\/az\/article\/qazaxistanda-t%c9%99yyar%c9%99nin-q%c9%99zaya-ugramasi-il%c9%99-bagli-arasdirmanin-yekun-hesabati-uc-ild%c9%99n-gec-olmayaraq-t%c9%99sdiql%c9%99n%c9%99c%c9%99k\/"},"author":{"name":"sevda","@id":"https:\/\/www.meydan.tv\/az\/#\/schema\/person\/49b5f2bad5b126bb8ea9320eeb3e4dc9"},"headline":"Qazax\u0131standa t\u0259yyar\u0259 q\u0259zas\u0131 il\u0259 ba\u011fl\u0131 ara\u015fd\u0131rman\u0131n hesabat\u0131 \u00fc\u00e7 ild\u0259n gec olmayaraq t\u0259sdiql\u0259n\u0259c\u0259k","datePublished":"2025-01-04T11:57:25+00:00","dateModified":"2025-01-05T10:44:24+00:00","mainEntityOfPage":{"@id":"https:\/\/www.meydan.tv\/az\/article\/qazaxistanda-t%c9%99yyar%c9%99nin-q%c9%99zaya-ugramasi-il%c9%99-bagli-arasdirmanin-yekun-hesabati-uc-ild%c9%99n-gec-olmayaraq-t%c9%99sdiql%c9%99n%c9%99c%c9%99k\/"},"wordCount":614,"publisher":{"@id":"https:\/\/www.meydan.tv\/az\/#organization"},"image":{"@id":"https:\/\/www.meydan.tv\/az\/article\/qazaxistanda-t%c9%99yyar%c9%99nin-q%c9%99zaya-ugramasi-il%c9%99-bagli-arasdirmanin-yekun-hesabati-uc-ild%c9%99n-gec-olmayaraq-t%c9%99sdiql%c9%99n%c9%99c%c9%99k\/#primaryimage"},"thumbnailUrl":"https:\/\/www.meydan.tv\/wp-content\/uploads\/bez-nazvaniya.png","articleSection":["Sosial","X\u0259b\u0259rl\u0259r"],"inLanguage":"az"},{"@type":"WebPage","@id":"https:\/\/www.meydan.tv\/az\/article\/qazaxistanda-t%c9%99yyar%c9%99nin-q%c9%99zaya-ugramasi-il%c9%99-bagli-arasdirmanin-yekun-hesabati-uc-ild%c9%99n-gec-olmayaraq-t%c9%99sdiql%c9%99n%c9%99c%c9%99k\/","url":"https:\/\/www.meydan.tv\/az\/article\/qazaxistanda-t%c9%99yyar%c9%99nin-q%c9%99zaya-ugramasi-il%c9%99-bagli-arasdirmanin-yekun-hesabati-uc-ild%c9%99n-gec-olmayaraq-t%c9%99sdiql%c9%99n%c9%99c%c9%99k\/","name":"Qazax\u0131standa t\u0259yyar\u0259 q\u0259zas\u0131 il\u0259 ba\u011fl\u0131 ara\u015fd\u0131rman\u0131n hesabat\u0131 \u00fc\u00e7 ild\u0259n gec olmayaraq t\u0259sdiql\u0259n\u0259c\u0259k - MEYDAN.TV","isPartOf":{"@id":"https:\/\/www.meydan.tv\/az\/#website"},"primaryImageOfPage":{"@id":"https:\/\/www.meydan.tv\/az\/article\/qazaxistanda-t%c9%99yyar%c9%99nin-q%c9%99zaya-ugramasi-il%c9%99-bagli-arasdirmanin-yekun-hesabati-uc-ild%c9%99n-gec-olmayaraq-t%c9%99sdiql%c9%99n%c9%99c%c9%99k\/#primaryimage"},"image":{"@id":"https:\/\/www.meydan.tv\/az\/article\/qazaxistanda-t%c9%99yyar%c9%99nin-q%c9%99zaya-ugramasi-il%c9%99-bagli-arasdirmanin-yekun-hesabati-uc-ild%c9%99n-gec-olmayaraq-t%c9%99sdiql%c9%99n%c9%99c%c9%99k\/#primaryimage"},"thumbnailUrl":"https:\/\/www.meydan.tv\/wp-content\/uploads\/bez-nazvaniya.png","datePublished":"2025-01-04T11:57:25+00:00","dateModified":"2025-01-05T10:44:24+00:00","breadcrumb":{"@id":"https:\/\/www.meydan.tv\/az\/article\/qazaxistanda-t%c9%99yyar%c9%99nin-q%c9%99zaya-ugramasi-il%c9%99-bagli-arasdirmanin-yekun-hesabati-uc-ild%c9%99n-gec-olmayaraq-t%c9%99sdiql%c9%99n%c9%99c%c9%99k\/#breadcrumb"},"inLanguage":"az","potentialAction":[{"@type":"ReadAction","target":["https:\/\/www.meydan.tv\/az\/article\/qazaxistanda-t%c9%99yyar%c9%99nin-q%c9%99zaya-ugramasi-il%c9%99-bagli-arasdirmanin-yekun-hesabati-uc-ild%c9%99n-gec-olmayaraq-t%c9%99sdiql%c9%99n%c9%99c%c9%99k\/"]}]},{"@type":"ImageObject","inLanguage":"az","@id":"https:\/\/www.meydan.tv\/az\/article\/qazaxistanda-t%c9%99yyar%c9%99nin-q%c9%99zaya-ugramasi-il%c9%99-bagli-arasdirmanin-yekun-hesabati-uc-ild%c9%99n-gec-olmayaraq-t%c9%99sdiql%c9%99n%c9%99c%c9%99k\/#primaryimage","url":"https:\/\/www.meydan.tv\/wp-content\/uploads\/bez-nazvaniya.png","contentUrl":"https:\/\/www.meydan.tv\/wp-content\/uploads\/bez-nazvaniya.png","width":1280,"height":738,"caption":"Foto: Reuters"},{"@type":"BreadcrumbList","@id":"https:\/\/www.meydan.tv\/az\/article\/qazaxistanda-t%c9%99yyar%c9%99nin-q%c9%99zaya-ugramasi-il%c9%99-bagli-arasdirmanin-yekun-hesabati-uc-ild%c9%99n-gec-olmayaraq-t%c9%99sdiql%c9%99n%c9%99c%c9%99k\/#breadcrumb","itemListElement":[{"@type":"ListItem","position":1,"name":"Ana s\u0259hif\u0259","item":"https:\/\/www.meydan.tv\/az\/"},{"@type":"ListItem","position":2,"name":"X\u0259b\u0259rl\u0259r","item":"https:\/\/www.meydan.tv\/az\/section\/xeberler\/"},{"@type":"ListItem","position":3,"name":"Qazax\u0131standa t\u0259yyar\u0259 q\u0259zas\u0131 il\u0259 ba\u011fl\u0131 ara\u015fd\u0131rman\u0131n hesabat\u0131 \u00fc\u00e7 ild\u0259n gec olmayaraq t\u0259sdiql\u0259n\u0259c\u0259k"}]},{"@type":"WebSite","@id":"https:\/\/www.meydan.tv\/az\/#website","url":"https:\/\/www.meydan.tv\/az\/","name":"MEYDAN.TV","description":"Meydan TV Az\u0259rbaycan\u0131n media m\u0259kan\u0131ndak\u0131 alternativ s\u0259sidir","publisher":{"@id":"https:\/\/www.meydan.tv\/az\/#organization"},"potentialAction":[{"@type":"SearchAction","target":{"@type":"EntryPoint","urlTemplate":"https:\/\/www.meydan.tv\/az\/?s={search_term_string}"},"query-input":{"@type":"PropertyValueSpecification","valueRequired":true,"valueName":"search_term_string"}}],"inLanguage":"az"},{"@type":"Organization","@id":"https:\/\/www.meydan.tv\/az\/#organization","name":"Meydan TV","url":"https:\/\/www.meydan.tv\/az\/","logo":{"@type":"ImageObject","inLanguage":"az","@id":"https:\/\/www.meydan.tv\/az\/#\/schema\/logo\/image\/","url":"https:\/\/www.meydan.tv\/wp-content\/uploads\/2021\/07\/meydan-logo.svg","contentUrl":"https:\/\/www.meydan.tv\/wp-content\/uploads\/2021\/07\/meydan-logo.svg","width":195,"height":46,"caption":"Meydan TV"},"image":{"@id":"https:\/\/www.meydan.tv\/az\/#\/schema\/logo\/image\/"}},{"@type":"Person","@id":"https:\/\/www.meydan.tv\/az\/#\/schema\/person\/49b5f2bad5b126bb8ea9320eeb3e4dc9","name":"sevda"}]}},"_links":{"self":[{"href":"https:\/\/www.meydan.tv\/az\/wp-json\/wp\/v2\/posts\/323911","targetHints":{"allow":["GET"]}}],"collection":[{"href":"https:\/\/www.meydan.tv\/az\/wp-json\/wp\/v2\/posts"}],"about":[{"href":"https:\/\/www.meydan.tv\/az\/wp-json\/wp\/v2\/types\/post"}],"author":[{"embeddable":true,"href":"https:\/\/www.meydan.tv\/az\/wp-json\/wp\/v2\/users\/16"}],"replies":[{"embeddable":true,"href":"https:\/\/www.meydan.tv\/az\/wp-json\/wp\/v2\/comments?post=323911"}],"version-history":[{"count":4,"href":"https:\/\/www.meydan.tv\/az\/wp-json\/wp\/v2\/posts\/323911\/revisions"}],"predecessor-version":[{"id":323939,"href":"https:\/\/www.meydan.tv\/az\/wp-json\/wp\/v2\/posts\/323911\/revisions\/323939"}],"wp:featuredmedia":[{"embeddable":true,"href":"https:\/\/www.meydan.tv\/az\/wp-json\/wp\/v2\/media\/323400"}],"wp:attachment":[{"href":"https:\/\/www.meydan.tv\/az\/wp-json\/wp\/v2\/media?parent=323911"}],"wp:term":[{"taxonomy":"category","embeddable":true,"href":"https:\/\/www.meydan.tv\/az\/wp-json\/wp\/v2\/categories?post=323911"},{"taxonomy":"post_tag","embeddable":true,"href":"https:\/\/www.meydan.tv\/az\/wp-json\/wp\/v2\/tags?post=323911"}],"curies":[{"name":"wp","href":"https:\/\/api.w.org\/{rel}","templated":true}]}}