{"id":323909,"date":"2025-01-04T15:35:26","date_gmt":"2025-01-04T11:35:26","guid":{"rendered":"https:\/\/www.meydan.tv\/?p=323909"},"modified":"2025-01-05T14:42:21","modified_gmt":"2025-01-05T10:42:21","slug":"tbilisid%c9%99-etiraz-aksiyalarinda-istirak-ed%c9%99n-25-%c9%99cn%c9%99bi-v%c9%99t%c9%99ndas-olk%c9%99d%c9%99n-deportasiya-edilib","status":"publish","type":"post","link":"https:\/\/www.meydan.tv\/az\/article\/tbilisid%c9%99-etiraz-aksiyalarinda-istirak-ed%c9%99n-25-%c9%99cn%c9%99bi-v%c9%99t%c9%99ndas-olk%c9%99d%c9%99n-deportasiya-edilib\/","title":{"rendered":"Tbilisid\u0259 etiraz aksiyalar\u0131nda i\u015ftirak ed\u0259n 25 \u0259cn\u0259bi v\u0259t\u0259nda\u015f \u00f6lk\u0259d\u0259n deportasiya edilib"},"content":{"rendered":"\n<p><em><strong>Bu bar\u0259d\u0259 G\u00fcrc\u00fcstan m\u0259tbuat\u0131 \u00f6lk\u0259nin Daxili \u0130\u015fl\u0259r Nazirliyin\u0259 istinad\u0259n m\u0259lumat <a href=\"https:\/\/www.newsgeorgia.ge\/mvd-otchitalos-o-chisle-inostrancev-deportirovannyh-iz-gruzii-za-uchastie-v-protestah\/\" target=\"_blank\" rel=\"noreferrer noopener\">yay\u0131b<\/a>.<\/strong><\/em><br><br>M\u0259lumata g\u00f6r\u0259, \u0259cn\u0259bi v\u0259t\u0259nda\u015flar\u0131n bir qismi G\u00fcrc\u00fcstandan k\u00f6n\u00fcll\u00fc, b\u0259zil\u0259ri is\u0259 m\u0259cburi \u00e7\u0131xar\u0131l\u0131b.<\/p>\n\n\n\n<p>H\u0259min \u015f\u0259xsl\u0259rin v\u0259t\u0259nda\u015fl\u0131\u011f\u0131 d\u0259qiql\u0259\u015fdirilm\u0259yib.<\/p>\n\n\n\n<p>\u00d6lk\u0259nin Daxili \u0130\u015fl\u0259r Nazirliyinin m\u0259lumat\u0131na g\u00f6r\u0259, 2024-c\u00fc ild\u0259 G\u00fcrc\u00fcstandan 430 \u0259cn\u0259bi v\u0259t\u0259nda\u015f deportasiya edilib.<\/p>\n\n\n\n<p>2024-c\u00fc il noyabr\u0131n 28-d\u0259 G\u00fcrc\u00fcstan\u0131n Ba\u015f naziri \u0130rakli Kobaxidze b\u0259yan edib ki, \u00f6lk\u0259 2028-ci ilin sonuna q\u0259d\u0259r Avropa \u0130ttifaq\u0131na daxil olmaq \u00fczr\u0259 dan\u0131\u015f\u0131qlardan imtina edir.<\/p>\n\n\n\n<p>Bundan sonra etiraz\u00e7\u0131lar az qala h\u0259r ax\u015fam parlament binas\u0131na getm\u0259y\u0259 ba\u015flay\u0131blar.<\/p>\n\n\n\n<p>Polis etiraz\u00e7\u0131lar\u0131 da\u011f\u0131tmaq \u00fc\u00e7\u00fcn su \u015f\u0131rnaqlar\u0131ndan v\u0259 g\u00f6zya\u015fard\u0131c\u0131 qazdan istifad\u0259 edib.<\/p>\n\n\n\n<p>G\u00fcrc\u00fcstanda bir ne\u00e7\u0259 h\u0259ft\u0259 davam ed\u0259n etiraz aksiyalar\u0131nda 400-d\u0259n \u00e7ox insan saxlan\u0131l\u0131b.<\/p>\n","protected":false},"excerpt":{"rendered":"<p>Bu bar\u0259d\u0259 G\u00fcrc\u00fcstan m\u0259tbuat\u0131 \u00f6lk\u0259nin Daxili \u0130\u015fl\u0259r Nazirliyin\u0259 istinad\u0259n m\u0259lumat &#8230; <\/p>\n<p class=\"read-more-container\"><a title=\"Tbilisid\u0259 etiraz aksiyalar\u0131nda i\u015ftirak ed\u0259n 25 \u0259cn\u0259bi v\u0259t\u0259nda\u015f \u00f6lk\u0259d\u0259n deportasiya edilib\" class=\"read-more button\" href=\"https:\/\/www.meydan.tv\/az\/article\/tbilisid%c9%99-etiraz-aksiyalarinda-istirak-ed%c9%99n-25-%c9%99cn%c9%99bi-v%c9%99t%c9%99ndas-olk%c9%99d%c9%99n-deportasiya-edilib\/#more-323909\" aria-label=\"Read more about Tbilisid\u0259 etiraz aksiyalar\u0131nda i\u015ftirak ed\u0259n 25 \u0259cn\u0259bi v\u0259t\u0259nda\u015f \u00f6lk\u0259d\u0259n deportasiya edilib\">Davam\u0131<\/a><\/p>\n","protected":false},"author":16,"featured_media":320989,"comment_status":"closed","ping_status":"closed","sticky":false,"template":"","format":"standard","meta":{"_acf_changed":false,"_sitemap_exclude":false,"_sitemap_priority":"","_sitemap_frequency":"","footnotes":""},"categories":[62,56],"tags":[],"class_list":["post-323909","post","type-post","status-publish","format-standard","has-post-thumbnail","hentry","category-sosial","category-xeberler","infinite-scroll-item","generate-columns","tablet-grid-50","mobile-grid-100","grid-parent","grid-33","no-featured-image-padding"],"acf":[],"yoast_head":"<!-- This site is optimized with the Yoast SEO plugin v27.4 - https:\/\/yoast.com\/product\/yoast-seo-wordpress\/ -->\n<title>Tbilisid\u0259 etiraz aksiyalar\u0131nda i\u015ftirak ed\u0259n 25 \u0259cn\u0259bi v\u0259t\u0259nda\u015f \u00f6lk\u0259d\u0259n deportasiya edilib - MEYDAN.TV<\/title>\n<meta name=\"robots\" content=\"index, follow, max-snippet:-1, max-image-preview:large, max-video-preview:-1\" \/>\n<link rel=\"canonical\" href=\"https:\/\/www.meydan.tv\/az\/article\/tbilisid%c9%99-etiraz-aksiyalarinda-istirak-ed%c9%99n-25-%c9%99cn%c9%99bi-v%c9%99t%c9%99ndas-olk%c9%99d%c9%99n-deportasiya-edilib\/\" \/>\n<meta property=\"og:locale\" content=\"az_AZ\" \/>\n<meta property=\"og:type\" content=\"article\" \/>\n<meta property=\"og:title\" content=\"Tbilisid\u0259 etiraz aksiyalar\u0131nda i\u015ftirak ed\u0259n 25 \u0259cn\u0259bi v\u0259t\u0259nda\u015f \u00f6lk\u0259d\u0259n deportasiya edilib - MEYDAN.TV\" \/>\n<meta property=\"og:description\" content=\"Bu bar\u0259d\u0259 G\u00fcrc\u00fcstan m\u0259tbuat\u0131 \u00f6lk\u0259nin Daxili \u0130\u015fl\u0259r Nazirliyin\u0259 istinad\u0259n m\u0259lumat ... Davam\u0131\" \/>\n<meta property=\"og:url\" content=\"https:\/\/www.meydan.tv\/az\/article\/tbilisid%c9%99-etiraz-aksiyalarinda-istirak-ed%c9%99n-25-%c9%99cn%c9%99bi-v%c9%99t%c9%99ndas-olk%c9%99d%c9%99n-deportasiya-edilib\/\" \/>\n<meta property=\"og:site_name\" content=\"MEYDAN.TV\" \/>\n<meta property=\"article:published_time\" content=\"2025-01-04T11:35:26+00:00\" \/>\n<meta property=\"article:modified_time\" content=\"2025-01-05T10:42:21+00:00\" \/>\n<meta property=\"og:image\" content=\"https:\/\/www.meydan.tv\/wp-content\/uploads\/1-20-1024x781-1.jpg\" \/>\n\t<meta property=\"og:image:width\" content=\"1024\" \/>\n\t<meta property=\"og:image:height\" content=\"781\" \/>\n\t<meta property=\"og:image:type\" content=\"image\/jpeg\" \/>\n<meta name=\"author\" content=\"sevda\" \/>\n<meta name=\"twitter:card\" content=\"summary_large_image\" \/>\n<script type=\"application\/ld+json\" class=\"yoast-schema-graph\">{\"@context\":\"https:\\\/\\\/schema.org\",\"@graph\":[{\"@type\":\"Article\",\"@id\":\"https:\\\/\\\/www.meydan.tv\\\/az\\\/article\\\/tbilisid%c9%99-etiraz-aksiyalarinda-istirak-ed%c9%99n-25-%c9%99cn%c9%99bi-v%c9%99t%c9%99ndas-olk%c9%99d%c9%99n-deportasiya-edilib\\\/#article\",\"isPartOf\":{\"@id\":\"https:\\\/\\\/www.meydan.tv\\\/az\\\/article\\\/tbilisid%c9%99-etiraz-aksiyalarinda-istirak-ed%c9%99n-25-%c9%99cn%c9%99bi-v%c9%99t%c9%99ndas-olk%c9%99d%c9%99n-deportasiya-edilib\\\/\"},\"author\":{\"name\":\"sevda\",\"@id\":\"https:\\\/\\\/www.meydan.tv\\\/az\\\/#\\\/schema\\\/person\\\/49b5f2bad5b126bb8ea9320eeb3e4dc9\"},\"headline\":\"Tbilisid\u0259 etiraz aksiyalar\u0131nda i\u015ftirak ed\u0259n 25 \u0259cn\u0259bi v\u0259t\u0259nda\u015f \u00f6lk\u0259d\u0259n deportasiya edilib\",\"datePublished\":\"2025-01-04T11:35:26+00:00\",\"dateModified\":\"2025-01-05T10:42:21+00:00\",\"mainEntityOfPage\":{\"@id\":\"https:\\\/\\\/www.meydan.tv\\\/az\\\/article\\\/tbilisid%c9%99-etiraz-aksiyalarinda-istirak-ed%c9%99n-25-%c9%99cn%c9%99bi-v%c9%99t%c9%99ndas-olk%c9%99d%c9%99n-deportasiya-edilib\\\/\"},\"wordCount\":190,\"publisher\":{\"@id\":\"https:\\\/\\\/www.meydan.tv\\\/az\\\/#organization\"},\"image\":{\"@id\":\"https:\\\/\\\/www.meydan.tv\\\/az\\\/article\\\/tbilisid%c9%99-etiraz-aksiyalarinda-istirak-ed%c9%99n-25-%c9%99cn%c9%99bi-v%c9%99t%c9%99ndas-olk%c9%99d%c9%99n-deportasiya-edilib\\\/#primaryimage\"},\"thumbnailUrl\":\"https:\\\/\\\/www.meydan.tv\\\/wp-content\\\/uploads\\\/1-20-1024x781-1.jpg\",\"articleSection\":[\"Sosial\",\"X\u0259b\u0259rl\u0259r\"],\"inLanguage\":\"az\"},{\"@type\":\"WebPage\",\"@id\":\"https:\\\/\\\/www.meydan.tv\\\/az\\\/article\\\/tbilisid%c9%99-etiraz-aksiyalarinda-istirak-ed%c9%99n-25-%c9%99cn%c9%99bi-v%c9%99t%c9%99ndas-olk%c9%99d%c9%99n-deportasiya-edilib\\\/\",\"url\":\"https:\\\/\\\/www.meydan.tv\\\/az\\\/article\\\/tbilisid%c9%99-etiraz-aksiyalarinda-istirak-ed%c9%99n-25-%c9%99cn%c9%99bi-v%c9%99t%c9%99ndas-olk%c9%99d%c9%99n-deportasiya-edilib\\\/\",\"name\":\"Tbilisid\u0259 etiraz aksiyalar\u0131nda i\u015ftirak ed\u0259n 25 \u0259cn\u0259bi v\u0259t\u0259nda\u015f \u00f6lk\u0259d\u0259n deportasiya edilib - MEYDAN.TV\",\"isPartOf\":{\"@id\":\"https:\\\/\\\/www.meydan.tv\\\/az\\\/#website\"},\"primaryImageOfPage\":{\"@id\":\"https:\\\/\\\/www.meydan.tv\\\/az\\\/article\\\/tbilisid%c9%99-etiraz-aksiyalarinda-istirak-ed%c9%99n-25-%c9%99cn%c9%99bi-v%c9%99t%c9%99ndas-olk%c9%99d%c9%99n-deportasiya-edilib\\\/#primaryimage\"},\"image\":{\"@id\":\"https:\\\/\\\/www.meydan.tv\\\/az\\\/article\\\/tbilisid%c9%99-etiraz-aksiyalarinda-istirak-ed%c9%99n-25-%c9%99cn%c9%99bi-v%c9%99t%c9%99ndas-olk%c9%99d%c9%99n-deportasiya-edilib\\\/#primaryimage\"},\"thumbnailUrl\":\"https:\\\/\\\/www.meydan.tv\\\/wp-content\\\/uploads\\\/1-20-1024x781-1.jpg\",\"datePublished\":\"2025-01-04T11:35:26+00:00\",\"dateModified\":\"2025-01-05T10:42:21+00:00\",\"breadcrumb\":{\"@id\":\"https:\\\/\\\/www.meydan.tv\\\/az\\\/article\\\/tbilisid%c9%99-etiraz-aksiyalarinda-istirak-ed%c9%99n-25-%c9%99cn%c9%99bi-v%c9%99t%c9%99ndas-olk%c9%99d%c9%99n-deportasiya-edilib\\\/#breadcrumb\"},\"inLanguage\":\"az\",\"potentialAction\":[{\"@type\":\"ReadAction\",\"target\":[\"https:\\\/\\\/www.meydan.tv\\\/az\\\/article\\\/tbilisid%c9%99-etiraz-aksiyalarinda-istirak-ed%c9%99n-25-%c9%99cn%c9%99bi-v%c9%99t%c9%99ndas-olk%c9%99d%c9%99n-deportasiya-edilib\\\/\"]}]},{\"@type\":\"ImageObject\",\"inLanguage\":\"az\",\"@id\":\"https:\\\/\\\/www.meydan.tv\\\/az\\\/article\\\/tbilisid%c9%99-etiraz-aksiyalarinda-istirak-ed%c9%99n-25-%c9%99cn%c9%99bi-v%c9%99t%c9%99ndas-olk%c9%99d%c9%99n-deportasiya-edilib\\\/#primaryimage\",\"url\":\"https:\\\/\\\/www.meydan.tv\\\/wp-content\\\/uploads\\\/1-20-1024x781-1.jpg\",\"contentUrl\":\"https:\\\/\\\/www.meydan.tv\\\/wp-content\\\/uploads\\\/1-20-1024x781-1.jpg\",\"width\":1024,\"height\":781,\"caption\":\"Foto: Maka \u00c7nobiladze, JAMnews\"},{\"@type\":\"BreadcrumbList\",\"@id\":\"https:\\\/\\\/www.meydan.tv\\\/az\\\/article\\\/tbilisid%c9%99-etiraz-aksiyalarinda-istirak-ed%c9%99n-25-%c9%99cn%c9%99bi-v%c9%99t%c9%99ndas-olk%c9%99d%c9%99n-deportasiya-edilib\\\/#breadcrumb\",\"itemListElement\":[{\"@type\":\"ListItem\",\"position\":1,\"name\":\"Ana s\u0259hif\u0259\",\"item\":\"https:\\\/\\\/www.meydan.tv\\\/az\\\/\"},{\"@type\":\"ListItem\",\"position\":2,\"name\":\"X\u0259b\u0259rl\u0259r\",\"item\":\"https:\\\/\\\/www.meydan.tv\\\/az\\\/section\\\/xeberler\\\/\"},{\"@type\":\"ListItem\",\"position\":3,\"name\":\"Tbilisid\u0259 etiraz aksiyalar\u0131nda i\u015ftirak ed\u0259n 25 \u0259cn\u0259bi v\u0259t\u0259nda\u015f \u00f6lk\u0259d\u0259n deportasiya edilib\"}]},{\"@type\":\"WebSite\",\"@id\":\"https:\\\/\\\/www.meydan.tv\\\/az\\\/#website\",\"url\":\"https:\\\/\\\/www.meydan.tv\\\/az\\\/\",\"name\":\"MEYDAN.TV\",\"description\":\"Meydan TV Az\u0259rbaycan\u0131n media m\u0259kan\u0131ndak\u0131 alternativ s\u0259sidir\",\"publisher\":{\"@id\":\"https:\\\/\\\/www.meydan.tv\\\/az\\\/#organization\"},\"potentialAction\":[{\"@type\":\"SearchAction\",\"target\":{\"@type\":\"EntryPoint\",\"urlTemplate\":\"https:\\\/\\\/www.meydan.tv\\\/az\\\/?s={search_term_string}\"},\"query-input\":{\"@type\":\"PropertyValueSpecification\",\"valueRequired\":true,\"valueName\":\"search_term_string\"}}],\"inLanguage\":\"az\"},{\"@type\":\"Organization\",\"@id\":\"https:\\\/\\\/www.meydan.tv\\\/az\\\/#organization\",\"name\":\"Meydan TV\",\"url\":\"https:\\\/\\\/www.meydan.tv\\\/az\\\/\",\"logo\":{\"@type\":\"ImageObject\",\"inLanguage\":\"az\",\"@id\":\"https:\\\/\\\/www.meydan.tv\\\/az\\\/#\\\/schema\\\/logo\\\/image\\\/\",\"url\":\"https:\\\/\\\/www.meydan.tv\\\/wp-content\\\/uploads\\\/2021\\\/07\\\/meydan-logo.svg\",\"contentUrl\":\"https:\\\/\\\/www.meydan.tv\\\/wp-content\\\/uploads\\\/2021\\\/07\\\/meydan-logo.svg\",\"width\":195,\"height\":46,\"caption\":\"Meydan TV\"},\"image\":{\"@id\":\"https:\\\/\\\/www.meydan.tv\\\/az\\\/#\\\/schema\\\/logo\\\/image\\\/\"}},{\"@type\":\"Person\",\"@id\":\"https:\\\/\\\/www.meydan.tv\\\/az\\\/#\\\/schema\\\/person\\\/49b5f2bad5b126bb8ea9320eeb3e4dc9\",\"name\":\"sevda\"}]}<\/script>\n<!-- \/ Yoast SEO plugin. -->","yoast_head_json":{"title":"Tbilisid\u0259 etiraz aksiyalar\u0131nda i\u015ftirak ed\u0259n 25 \u0259cn\u0259bi v\u0259t\u0259nda\u015f \u00f6lk\u0259d\u0259n deportasiya edilib - MEYDAN.TV","robots":{"index":"index","follow":"follow","max-snippet":"max-snippet:-1","max-image-preview":"max-image-preview:large","max-video-preview":"max-video-preview:-1"},"canonical":"https:\/\/www.meydan.tv\/az\/article\/tbilisid%c9%99-etiraz-aksiyalarinda-istirak-ed%c9%99n-25-%c9%99cn%c9%99bi-v%c9%99t%c9%99ndas-olk%c9%99d%c9%99n-deportasiya-edilib\/","og_locale":"az_AZ","og_type":"article","og_title":"Tbilisid\u0259 etiraz aksiyalar\u0131nda i\u015ftirak ed\u0259n 25 \u0259cn\u0259bi v\u0259t\u0259nda\u015f \u00f6lk\u0259d\u0259n deportasiya edilib - MEYDAN.TV","og_description":"Bu bar\u0259d\u0259 G\u00fcrc\u00fcstan m\u0259tbuat\u0131 \u00f6lk\u0259nin Daxili \u0130\u015fl\u0259r Nazirliyin\u0259 istinad\u0259n m\u0259lumat ... Davam\u0131","og_url":"https:\/\/www.meydan.tv\/az\/article\/tbilisid%c9%99-etiraz-aksiyalarinda-istirak-ed%c9%99n-25-%c9%99cn%c9%99bi-v%c9%99t%c9%99ndas-olk%c9%99d%c9%99n-deportasiya-edilib\/","og_site_name":"MEYDAN.TV","article_published_time":"2025-01-04T11:35:26+00:00","article_modified_time":"2025-01-05T10:42:21+00:00","og_image":[{"width":1024,"height":781,"url":"https:\/\/www.meydan.tv\/wp-content\/uploads\/1-20-1024x781-1.jpg","type":"image\/jpeg"}],"author":"sevda","twitter_card":"summary_large_image","schema":{"@context":"https:\/\/schema.org","@graph":[{"@type":"Article","@id":"https:\/\/www.meydan.tv\/az\/article\/tbilisid%c9%99-etiraz-aksiyalarinda-istirak-ed%c9%99n-25-%c9%99cn%c9%99bi-v%c9%99t%c9%99ndas-olk%c9%99d%c9%99n-deportasiya-edilib\/#article","isPartOf":{"@id":"https:\/\/www.meydan.tv\/az\/article\/tbilisid%c9%99-etiraz-aksiyalarinda-istirak-ed%c9%99n-25-%c9%99cn%c9%99bi-v%c9%99t%c9%99ndas-olk%c9%99d%c9%99n-deportasiya-edilib\/"},"author":{"name":"sevda","@id":"https:\/\/www.meydan.tv\/az\/#\/schema\/person\/49b5f2bad5b126bb8ea9320eeb3e4dc9"},"headline":"Tbilisid\u0259 etiraz aksiyalar\u0131nda i\u015ftirak ed\u0259n 25 \u0259cn\u0259bi v\u0259t\u0259nda\u015f \u00f6lk\u0259d\u0259n deportasiya edilib","datePublished":"2025-01-04T11:35:26+00:00","dateModified":"2025-01-05T10:42:21+00:00","mainEntityOfPage":{"@id":"https:\/\/www.meydan.tv\/az\/article\/tbilisid%c9%99-etiraz-aksiyalarinda-istirak-ed%c9%99n-25-%c9%99cn%c9%99bi-v%c9%99t%c9%99ndas-olk%c9%99d%c9%99n-deportasiya-edilib\/"},"wordCount":190,"publisher":{"@id":"https:\/\/www.meydan.tv\/az\/#organization"},"image":{"@id":"https:\/\/www.meydan.tv\/az\/article\/tbilisid%c9%99-etiraz-aksiyalarinda-istirak-ed%c9%99n-25-%c9%99cn%c9%99bi-v%c9%99t%c9%99ndas-olk%c9%99d%c9%99n-deportasiya-edilib\/#primaryimage"},"thumbnailUrl":"https:\/\/www.meydan.tv\/wp-content\/uploads\/1-20-1024x781-1.jpg","articleSection":["Sosial","X\u0259b\u0259rl\u0259r"],"inLanguage":"az"},{"@type":"WebPage","@id":"https:\/\/www.meydan.tv\/az\/article\/tbilisid%c9%99-etiraz-aksiyalarinda-istirak-ed%c9%99n-25-%c9%99cn%c9%99bi-v%c9%99t%c9%99ndas-olk%c9%99d%c9%99n-deportasiya-edilib\/","url":"https:\/\/www.meydan.tv\/az\/article\/tbilisid%c9%99-etiraz-aksiyalarinda-istirak-ed%c9%99n-25-%c9%99cn%c9%99bi-v%c9%99t%c9%99ndas-olk%c9%99d%c9%99n-deportasiya-edilib\/","name":"Tbilisid\u0259 etiraz aksiyalar\u0131nda i\u015ftirak ed\u0259n 25 \u0259cn\u0259bi v\u0259t\u0259nda\u015f \u00f6lk\u0259d\u0259n deportasiya edilib - MEYDAN.TV","isPartOf":{"@id":"https:\/\/www.meydan.tv\/az\/#website"},"primaryImageOfPage":{"@id":"https:\/\/www.meydan.tv\/az\/article\/tbilisid%c9%99-etiraz-aksiyalarinda-istirak-ed%c9%99n-25-%c9%99cn%c9%99bi-v%c9%99t%c9%99ndas-olk%c9%99d%c9%99n-deportasiya-edilib\/#primaryimage"},"image":{"@id":"https:\/\/www.meydan.tv\/az\/article\/tbilisid%c9%99-etiraz-aksiyalarinda-istirak-ed%c9%99n-25-%c9%99cn%c9%99bi-v%c9%99t%c9%99ndas-olk%c9%99d%c9%99n-deportasiya-edilib\/#primaryimage"},"thumbnailUrl":"https:\/\/www.meydan.tv\/wp-content\/uploads\/1-20-1024x781-1.jpg","datePublished":"2025-01-04T11:35:26+00:00","dateModified":"2025-01-05T10:42:21+00:00","breadcrumb":{"@id":"https:\/\/www.meydan.tv\/az\/article\/tbilisid%c9%99-etiraz-aksiyalarinda-istirak-ed%c9%99n-25-%c9%99cn%c9%99bi-v%c9%99t%c9%99ndas-olk%c9%99d%c9%99n-deportasiya-edilib\/#breadcrumb"},"inLanguage":"az","potentialAction":[{"@type":"ReadAction","target":["https:\/\/www.meydan.tv\/az\/article\/tbilisid%c9%99-etiraz-aksiyalarinda-istirak-ed%c9%99n-25-%c9%99cn%c9%99bi-v%c9%99t%c9%99ndas-olk%c9%99d%c9%99n-deportasiya-edilib\/"]}]},{"@type":"ImageObject","inLanguage":"az","@id":"https:\/\/www.meydan.tv\/az\/article\/tbilisid%c9%99-etiraz-aksiyalarinda-istirak-ed%c9%99n-25-%c9%99cn%c9%99bi-v%c9%99t%c9%99ndas-olk%c9%99d%c9%99n-deportasiya-edilib\/#primaryimage","url":"https:\/\/www.meydan.tv\/wp-content\/uploads\/1-20-1024x781-1.jpg","contentUrl":"https:\/\/www.meydan.tv\/wp-content\/uploads\/1-20-1024x781-1.jpg","width":1024,"height":781,"caption":"Foto: Maka \u00c7nobiladze, JAMnews"},{"@type":"BreadcrumbList","@id":"https:\/\/www.meydan.tv\/az\/article\/tbilisid%c9%99-etiraz-aksiyalarinda-istirak-ed%c9%99n-25-%c9%99cn%c9%99bi-v%c9%99t%c9%99ndas-olk%c9%99d%c9%99n-deportasiya-edilib\/#breadcrumb","itemListElement":[{"@type":"ListItem","position":1,"name":"Ana s\u0259hif\u0259","item":"https:\/\/www.meydan.tv\/az\/"},{"@type":"ListItem","position":2,"name":"X\u0259b\u0259rl\u0259r","item":"https:\/\/www.meydan.tv\/az\/section\/xeberler\/"},{"@type":"ListItem","position":3,"name":"Tbilisid\u0259 etiraz aksiyalar\u0131nda i\u015ftirak ed\u0259n 25 \u0259cn\u0259bi v\u0259t\u0259nda\u015f \u00f6lk\u0259d\u0259n deportasiya edilib"}]},{"@type":"WebSite","@id":"https:\/\/www.meydan.tv\/az\/#website","url":"https:\/\/www.meydan.tv\/az\/","name":"MEYDAN.TV","description":"Meydan TV Az\u0259rbaycan\u0131n media m\u0259kan\u0131ndak\u0131 alternativ s\u0259sidir","publisher":{"@id":"https:\/\/www.meydan.tv\/az\/#organization"},"potentialAction":[{"@type":"SearchAction","target":{"@type":"EntryPoint","urlTemplate":"https:\/\/www.meydan.tv\/az\/?s={search_term_string}"},"query-input":{"@type":"PropertyValueSpecification","valueRequired":true,"valueName":"search_term_string"}}],"inLanguage":"az"},{"@type":"Organization","@id":"https:\/\/www.meydan.tv\/az\/#organization","name":"Meydan TV","url":"https:\/\/www.meydan.tv\/az\/","logo":{"@type":"ImageObject","inLanguage":"az","@id":"https:\/\/www.meydan.tv\/az\/#\/schema\/logo\/image\/","url":"https:\/\/www.meydan.tv\/wp-content\/uploads\/2021\/07\/meydan-logo.svg","contentUrl":"https:\/\/www.meydan.tv\/wp-content\/uploads\/2021\/07\/meydan-logo.svg","width":195,"height":46,"caption":"Meydan TV"},"image":{"@id":"https:\/\/www.meydan.tv\/az\/#\/schema\/logo\/image\/"}},{"@type":"Person","@id":"https:\/\/www.meydan.tv\/az\/#\/schema\/person\/49b5f2bad5b126bb8ea9320eeb3e4dc9","name":"sevda"}]}},"_links":{"self":[{"href":"https:\/\/www.meydan.tv\/az\/wp-json\/wp\/v2\/posts\/323909","targetHints":{"allow":["GET"]}}],"collection":[{"href":"https:\/\/www.meydan.tv\/az\/wp-json\/wp\/v2\/posts"}],"about":[{"href":"https:\/\/www.meydan.tv\/az\/wp-json\/wp\/v2\/types\/post"}],"author":[{"embeddable":true,"href":"https:\/\/www.meydan.tv\/az\/wp-json\/wp\/v2\/users\/16"}],"replies":[{"embeddable":true,"href":"https:\/\/www.meydan.tv\/az\/wp-json\/wp\/v2\/comments?post=323909"}],"version-history":[{"count":2,"href":"https:\/\/www.meydan.tv\/az\/wp-json\/wp\/v2\/posts\/323909\/revisions"}],"predecessor-version":[{"id":323937,"href":"https:\/\/www.meydan.tv\/az\/wp-json\/wp\/v2\/posts\/323909\/revisions\/323937"}],"wp:featuredmedia":[{"embeddable":true,"href":"https:\/\/www.meydan.tv\/az\/wp-json\/wp\/v2\/media\/320989"}],"wp:attachment":[{"href":"https:\/\/www.meydan.tv\/az\/wp-json\/wp\/v2\/media?parent=323909"}],"wp:term":[{"taxonomy":"category","embeddable":true,"href":"https:\/\/www.meydan.tv\/az\/wp-json\/wp\/v2\/categories?post=323909"},{"taxonomy":"post_tag","embeddable":true,"href":"https:\/\/www.meydan.tv\/az\/wp-json\/wp\/v2\/tags?post=323909"}],"curies":[{"name":"wp","href":"https:\/\/api.w.org\/{rel}","templated":true}]}}