{"id":323833,"date":"2025-01-02T13:54:08","date_gmt":"2025-01-02T09:54:08","guid":{"rendered":"https:\/\/www.meydan.tv\/?p=323833"},"modified":"2025-01-02T16:50:36","modified_gmt":"2025-01-02T12:50:36","slug":"az%c9%99rbaycanda-qaz-isiq-su-v%c9%99-d%c9%99rmanlar-bahalasdi","status":"publish","type":"post","link":"https:\/\/www.meydan.tv\/az\/article\/az%c9%99rbaycanda-qaz-isiq-su-v%c9%99-d%c9%99rmanlar-bahalasdi\/","title":{"rendered":"Az\u0259rbaycanda qaz, i\u015f\u0131q, su v\u0259 d\u0259rmanlar bahala\u015fd\u0131"},"content":{"rendered":"\n<p><strong><em>Q\u0259rar\u0131 Tarif \u015euras\u0131 yanvar\u0131n 2-d\u0259 verib<\/em><\/strong><\/p>\n\n\n\n<p>Az\u0259rbaycada t\u0259bii qaz\u0131n, elektrik enerjisinin, su t\u0259chizat\u0131 v\u0259 tullant\u0131 sular\u0131n\u0131n ax\u0131d\u0131lmas\u0131 sistemin\u0259 qo\u015fulma xidm\u0259tinin, istilik sisteminin, h\u0259m\u00e7inin d\u0259rman vasit\u0259l\u0259rinin qiym\u0259ti qald\u0131r\u0131l\u0131b.&nbsp;<\/p>\n\n\n\n<p>Bu bar\u0259d\u0259 yanvar\u0131n 2-d\u0259 Tarif (qiym\u0259t) \u015euras\u0131 m\u0259lumat <a href=\"https:\/\/tariff.gov.az\/post\/tebii-qazin-olkedaxili-tariflerinin-tenzimlenmesi-barede\" target=\"_blank\" rel=\"noreferrer noopener\">yay\u0131b<\/a>.\u00a0<\/p>\n\n\n\n<figure class=\"wp-block-image size-large\"><img decoding=\"async\" width=\"1200\" height=\"701\" data-src=\"https:\/\/www.meydan.tv\/wp-content\/uploads\/screenshot-2025-01-02-at-10.52.14-1200x701.png\" alt=\"\" class=\"wp-image-323837 lazyload\" src=\"data:image\/svg+xml;base64,PHN2ZyB3aWR0aD0iMSIgaGVpZ2h0PSIxIiB4bWxucz0iaHR0cDovL3d3dy53My5vcmcvMjAwMC9zdmciPjwvc3ZnPg==\" style=\"--smush-placeholder-width: 1200px; --smush-placeholder-aspect-ratio: 1200\/701;\" \/><\/figure>\n\n\n\n<p><strong>Qaz\u0131n qiym\u0259ti n\u0259 q\u0259d\u0259r qalx\u0131b?&nbsp;<\/strong><\/p>\n\n\n\n<p>\u015eura bildirib ki, \u0259hali \u00fczr\u0259 illik istehlak h\u0259cmi 1200 kubmetr olan hiss\u0259 \u00fc\u00e7\u00fcn 1 kub metr t\u0259bii qaz\u0131n tarifi 0,5 q\u0259pik (yar\u0131m q\u0259pik, 4,2%) art\u0131r\u0131laraq 12 q\u0259pikd\u0259n 12,5 q\u0259pik h\u0259ddind\u0259, 1200 kubmetrd\u0259n 2500 kub metr\u0259d\u0259k olan hiss\u0259 \u00fc\u00e7\u00fcn 2 q\u0259pik (10%) art\u0131r\u0131laraq 20 q\u0259pikd\u0259n 22 q\u0259pik, 2500 kub metrd\u0259n \u00e7ox olan hiss\u0259 \u00fc\u00e7\u00fcn 5 q\u0259pik (20%) art\u0131r\u0131laraq 25 q\u0259pikd\u0259n 30 q\u0259pik m\u0259bl\u0259\u011find\u0259 t\u0259sdiql\u0259nib.&nbsp;<\/p>\n\n\n\n<p>H\u0259m\u00e7inin 1 kubmetr t\u0259bii qaz \u00fczr\u0259 orta tarif \u0259hali \u00fczr\u0259 1,3 q\u0259pik (8,7%) art\u0131r\u0131l\u0131b.<\/p>\n\n\n\n<p>M\u0259lumatda qeyd olunur ki, \u0259halinin 48%-i \u00fc\u00e7\u00fcn 1 kub metr t\u0259bii qaz\u0131n tarifi 0,5 q\u0259pik (yar\u0131m q\u0259pik, 4,2%) olub.<\/p>\n\n\n\n<p>Elektrik istehsal\u0131nda istifad\u0259 olunan t\u0259bii qaz\u0131n tarifi 2 q\u0259pik (12,1%) art\u0131r\u0131laraq 16,5 q\u0259pikd\u0259n 18,5 q\u0259pik s\u0259viyy\u0259sind\u0259, s\u0259naye v\u0259 k\u0259nd t\u0259s\u0259rr\u00fcfat\u0131 sah\u0259l\u0259ri \u00fczr\u0259 1 kubmetr t\u0259bii qaz\u0131n tarifi 2 q\u0259pik (9%) art\u0131r\u0131laraq 22 q\u0259pikd\u0259n 24 q\u0259pik\u0259 q\u0259d\u0259r art\u0131r\u0131l\u0131b.<\/p>\n\n\n\n<figure class=\"wp-block-image size-large\"><img decoding=\"async\" width=\"1200\" height=\"644\" data-src=\"https:\/\/www.meydan.tv\/wp-content\/uploads\/screenshot-2025-01-02-at-10.52.20-1200x644.png\" alt=\"\" class=\"wp-image-323840 lazyload\" src=\"data:image\/svg+xml;base64,PHN2ZyB3aWR0aD0iMSIgaGVpZ2h0PSIxIiB4bWxucz0iaHR0cDovL3d3dy53My5vcmcvMjAwMC9zdmciPjwvc3ZnPg==\" style=\"--smush-placeholder-width: 1200px; --smush-placeholder-aspect-ratio: 1200\/644;\" \/><\/figure>\n\n\n\n<p><strong>\u0130\u015f\u0131\u011f\u0131n da qiym\u0259ti bahala\u015fd\u0131&#8230;&nbsp;<\/strong><\/p>\n\n\n\n<p>Tarif \u015euras\u0131 elektrik enerjisinin d\u0259 qiym\u0259tini 5% <a href=\"https:\/\/tariff.gov.az\/post\/elektrik-enerjisinin-olkedaxili-tariflerinin-tenzimlenmesi-barede\" target=\"_blank\" rel=\"noreferrer noopener\">art\u0131r\u0131b<\/a>.\u00a0<\/p>\n\n\n\n<p>Bildirilir ki, \u0259hali \u00fczr\u0259 ayl\u0131q istehlak h\u0259cmi 200 kVts olan hiss\u0259 \u00fc\u00e7\u00fcn 1 kilovatt saat elektrik enerjisinin tarifi 0,4 q\u0259pik (5%) art\u0131r\u0131laraq 8 q\u0259pikd\u0259n 8,4 q\u0259piy\u0259, 200 kilovatt saatdan 300 kilovatt saatad\u0259k olan hiss\u0259 \u00fc\u00e7\u00fcn 1 q\u0259pik (11,1%) art\u0131r\u0131laraq 9 q\u0259pikd\u0259n 10 q\u0259piy\u0259, 300 kilovatt saatdan \u00e7ox olan hiss\u0259 \u00fc\u00e7\u00fcn 2 q\u0259pik (15,4%) art\u0131r\u0131laraq 13 q\u0259pikd\u0259n 15 q\u0259piy\u0259 qald\u0131r\u0131l\u0131b.<\/p>\n\n\n\n<p>1 kilovatt saat elektrik enerjisinin orta tarifi \u0259hali \u00fczr\u0259 \u2013 0,7 q\u0259pik (7,8%) art\u0131r\u0131l\u0131b.<\/p>\n\n\n\n<p>\u018fhalinin 65%-i \u00fc\u00e7\u00fcn 1 kilovatt saat elektrik enerjisinin tarifi 0,4 q\u0259pik (5%) olub.&nbsp;<\/p>\n\n\n\n<figure class=\"wp-block-image size-large\"><img decoding=\"async\" width=\"1200\" height=\"517\" data-src=\"https:\/\/www.meydan.tv\/wp-content\/uploads\/screenshot-2025-01-02-at-10.52.25-1200x517.png\" alt=\"\" class=\"wp-image-323843 lazyload\" src=\"data:image\/svg+xml;base64,PHN2ZyB3aWR0aD0iMSIgaGVpZ2h0PSIxIiB4bWxucz0iaHR0cDovL3d3dy53My5vcmcvMjAwMC9zdmciPjwvc3ZnPg==\" style=\"--smush-placeholder-width: 1200px; --smush-placeholder-aspect-ratio: 1200\/517;\" \/><\/figure>\n\n\n\n<p><strong>Bahala\u015fan su v\u0259 kanalizasiya xidm\u0259tl\u0259ri&#8230;&nbsp;<\/strong><\/p>\n\n\n\n<p>\u015eura bildirib ki, Az\u0259rbaycan D\u00f6vl\u0259t Su Ehtiyatlar\u0131 Agentliyinin t\u0259klifi n\u0259z\u0259r\u0259 al\u0131naraq su t\u0259chizat\u0131 v\u0259 tullant\u0131 sular\u0131n\u0131n ax\u0131d\u0131lmas\u0131 sisteml\u0259rin\u0259 qo\u015fulma xidm\u0259tin\u0259 g\u00f6r\u0259 ilk d\u0259f\u0259 olaraq tarifl\u0259r t\u0259sdiq <a href=\"https:\/\/tariff.gov.az\/post\/tikinti-obyektlerinin-su-techizati-ve-tullanti-sularinin-axidilmasi-sistemlerine-qosulma-xidmetine-gore-odenisin-mebleglerinin-tenzimlenmesi-barede\" target=\"_blank\" rel=\"noreferrer noopener\">edilib<\/a>.\u00a0<\/p>\n\n\n\n<p>\u018fhali \u00fc\u00e7\u00fcn Bak\u0131, Sumqay\u0131t, X\u0131rdalan \u015f\u0259h\u0259rl\u0259ri, Ab\u015feron rayonu \u00fczr\u0259 su t\u0259chizat\u0131 \u015f\u0259b\u0259k\u0259sin\u0259 qo\u015fulman\u0131n bird\u0259f\u0259lik tarifi 200 manat, dig\u0259r inzibati \u0259razi vahidl\u0259ri \u00fczr\u0259 is\u0259 170 manat m\u00fc\u0259yy\u0259n edilib. Tullant\u0131 sular\u0131n\u0131n ax\u0131d\u0131lmas\u0131 \u015f\u0259b\u0259k\u0259sin\u0259 qo\u015fulma \u00fczr\u0259 tarifl\u0259r Bak\u0131, Sumqay\u0131t, X\u0131rdalan \u015f\u0259h\u0259rl\u0259ri, Ab\u015feron rayonu \u00fczr\u0259 345 manat, dig\u0259r inzibati \u0259razi vahidl\u0259ri \u00fczr\u0259 is\u0259 290 manat s\u0259viyy\u0259sind\u0259 t\u0259sdiq edilib.<\/p>\n\n\n\n<p>Sutka \u0259rzind\u0259 t\u0259l\u0259b olunan burax\u0131l\u0131\u015f h\u0259cmi 100 kubmetr\u0259 q\u0259d\u0259r olan tikinti obyektl\u0259ri \u00fc\u00e7\u00fcn su t\u0259chizat\u0131 \u015f\u0259b\u0259k\u0259sin\u0259 qo\u015fulman\u0131n bird\u0259f\u0259lik tarifi borunun diametrinden as\u0131l\u0131 olaraq 995 manat v\u0259 ya 1 015 manat, tullant\u0131 sular\u0131n\u0131n ax\u0131d\u0131lmas\u0131 \u015f\u0259b\u0259k\u0259sin\u0259 qo\u015fulmaya g\u00f6r\u0259 1 635 manat m\u0259bl\u0259\u011find\u0259 m\u00fc\u0259yy\u0259n edilib.<\/p>\n\n\n\n<p>Qo\u015fulma il\u0259 \u0259laq\u0259dar tikinti obyektinin v\u0259saiti hesab\u0131na g\u00f6r\u00fcl\u0259c\u0259k i\u015fl\u0259r 30 metr\u0259d\u0259k m\u0259saf\u0259ni \u0259hat\u0259 edir.&nbsp;<\/p>\n\n\n\n<p>Bildirilir ki, bu m\u0259saf\u0259 30 metrd\u0259n art\u0131q olduqda is\u0259 m\u00f6vcud \u015f\u0259b\u0259k\u0259 t\u0259chizat\u00e7\u0131 t\u0259r\u0259find\u0259n geni\u015fl\u0259ndirilir v\u0259 bunun \u00fc\u00e7\u00fcn \u0259lav\u0259 \u00f6d\u0259ni\u015f t\u0259l\u0259b edilmir:&nbsp;<\/p>\n\n\n\n<p><em>\u201cBu sah\u0259d\u0259 t\u0259nziml\u0259m\u0259 qo\u015fulma il\u0259 ba\u011fl\u0131 x\u0259rcl\u0259ri azaldacaq, dayan\u0131ql\u0131 v\u0259 keyfiyy\u0259tli xidm\u0259t g\u00f6st\u0259rilm\u0259sin\u0259 \u00f6z t\u00f6hf\u0259sini ver\u0259c\u0259k, maliyy\u0259 \u015f\u0259ffafl\u0131\u011f\u0131na v\u0259 u\u00e7ot sisteminin t\u0259kmill\u0259\u015fdirilm\u0259sin\u0259 eyni zamanda, p\u0259rak\u0259nd\u0259liyin aradan qald\u0131r\u0131lmas\u0131 il\u0259 sahibkarlar t\u0259r\u0259find\u0259n investisiya qoyulu\u015fu zaman\u0131 x\u0259rcl\u0259rin \u0259vv\u0259lc\u0259d\u0259n hesablanmas\u0131na \u015f\u0259rait yaradacaq&#8221;.<\/em><\/p>\n\n\n\n<p><strong>Bahala\u015fma istilik sitemin\u0259 d\u0259 \u015famil olunub&#8230;&nbsp;<\/strong><\/p>\n\n\n\n<p>\u015euran\u0131n yayd\u0131\u011f\u0131 a\u00e7\u0131qlamada istilik xidm\u0259tinin tarifinin d\u0259 art\u0131r\u0131ld\u0131\u011f\u0131 <a href=\"https:\/\/tariff.gov.az\/post\/azeristiliktechizat-asc-terefinden-gosterilen-xidmetin-tarifinin-tenzimlenmesi-barede\" target=\"_blank\" rel=\"noreferrer noopener\">bildirilir<\/a>.<\/p>\n\n\n\n<p>M\u0259lumatda qeyd olunur ki, \u201cAz\u0259ristilikt\u0259chizat\u201d ASC t\u0259r\u0259find\u0259n \u0259hali istehlak\u00e7\u0131 qrupuna g\u00f6st\u0259ril\u0259n istilik xidm\u0259tinin tarifi say\u011fac qura\u015fd\u0131r\u0131lmad\u0131\u011f\u0131 halda ayl\u0131q 1 kvadratmetr \u00fc\u00e7\u00fcn 30 q\u0259pik s\u0259viyy\u0259sind\u0259 t\u0259sdiq edilib.<\/p>\n\n\n\n<p>Q\u0259rara \u0259sas\u0259n, say\u011fac qura\u015fd\u0131r\u0131ld\u0131qda is\u0259 1 Qkal \u00fc\u00e7\u00fcn (t\u0259qrib\u0259n 40-50 kvadratmetr sah\u0259 \u00fc\u00e7\u00fcn) 14,6 manat h\u0259ddind\u0259 m\u00fc\u0259yy\u0259nl\u0259\u015fdirilib.<\/p>\n\n\n\n<p>Haz\u0131rda \u201cAz\u0259ristilikt\u0259chizat\u201d ASC \u00fczr\u0259 1 m\u00b2 sah\u0259 \u00fc\u00e7\u00fcn istilik t\u0259chizat\u0131 xidm\u0259tinin maya d\u0259y\u0259ri 1,10 manat t\u0259\u015fkil edir. Lakin 2011-ci ild\u0259n bu sah\u0259 \u00fczr\u0259 \u00f6d\u0259ni\u015fl\u0259r 1 m\u00b2 sah\u0259 \u00fc\u00e7\u00fcn 15 q\u0259pikdir.&nbsp;<\/p>\n\n\n\n<p>Bildirilir ki, aradak\u0131 qiym\u0259t f\u0259rqi d\u00f6vl\u0259t b\u00fcdc\u0259sind\u0259n ayr\u0131lan subsidiya hesab\u0131na qar\u015f\u0131lan\u0131r:&nbsp;<\/p>\n\n\n\n<p><em>&#8220;Bu sah\u0259d\u0259 yum\u015faq tarif siyas\u0259ti h\u0259yata ke\u00e7irilm\u0259kl\u0259 optimal tarifin m\u00fc\u0259yy\u0259nl\u0259\u015fdirilm\u0259si q\u0259rara al\u0131n\u0131b. Bu tarif t\u0259nziml\u0259m\u0259si d\u00f6vl\u0259t b\u00fcdc\u0259sind\u0259n as\u0131l\u0131l\u0131\u011f\u0131n azalmas\u0131na, istilik t\u0259chizat\u0131n\u0131n \u0259hat\u0259sinin geni\u015fl\u0259ndirilm\u0259sin\u0259 v\u0259 bu \u015f\u0259kild\u0259 xidm\u0259tin keyfiyy\u0259tinin y\u00fcks\u0259ldilm\u0259sin\u0259 \u015f\u0259rait yaradacaq&#8221;.<\/em><\/p>\n\n\n\n<p><strong>D\u0259rman vasit\u0259l\u0259rinin qiym\u0259tind\u0259 d\u0259 art\u0131m var&#8230;&nbsp;<\/strong><\/p>\n\n\n\n<p>Qiym\u0259t art\u0131m\u0131 d\u0259rman vasit\u0259l\u0259rin\u0259 d\u0259 \u015famil olunub.&nbsp;<\/p>\n\n\n\n<p>\u015eura bildirib ki, yeni d\u00f6vl\u0259t qeydiyyat\u0131na al\u0131nan 303 d\u0259rman vasit\u0259sinin qiym\u0259tinin yuxar\u0131 h\u0259ddi t\u0259sdiq <a href=\"https:\/\/tariff.gov.az\/post\/dovlet-qeydiyyatina-alinmis-derman-vasitelerinin-qiymetlerinin-yuxari-heddinin-tenzimlenmesi-barede\" target=\"_blank\" rel=\"noreferrer noopener\">edilib<\/a>.\u00a0<\/p>\n\n\n\n<p>Eyni zamanda, 4 d\u0259rman vasit\u0259sinin qiym\u0259ti a\u015fa\u011f\u0131 sal\u0131n\u0131b v\u0259 etibarl\u0131 t\u0259chizat\u0131n t\u0259min olunmas\u0131 m\u0259qs\u0259dil\u0259 46 d\u0259rman vasit\u0259sinin qiym\u0259ti qald\u0131r\u0131l\u0131b.&nbsp;<\/p>\n\n\n\n<p>Ticar\u0259t ad\u0131, farmasevtik formas\u0131, t\u0259siredici madd\u0259sinin ad\u0131, dozas\u0131, ticar\u0259t qabla\u015fd\u0131rmas\u0131, miqdar\u0131, istehsal \u00f6lk\u0259si n\u0259z\u0259r\u0259 al\u0131nmaqla, bahala\u015fan d\u0259rman vasit\u0259l\u0259rinin tam siyah\u0131s\u0131 da Tarif \u015euras\u0131n\u0131n r\u0259smi internet sayt\u0131n\u0131n (tariff.gov.az) \u201cD\u0259rman vasit\u0259l\u0259ri\u201d b\u00f6lm\u0259sind\u0259 <a href=\"http:\/\/tariff.gov.az\/documents\/DVA.pdf\" target=\"_blank\" rel=\"noreferrer noopener\">yerl\u0259\u015fdirilib<\/a>.<\/p>\n\n\n\n<p><\/p>\n","protected":false},"excerpt":{"rendered":"<p>Q\u0259rar\u0131 Tarif \u015euras\u0131 yanvar\u0131n 2-d\u0259 verib Az\u0259rbaycada t\u0259bii qaz\u0131n, elektrik &#8230; <\/p>\n<p class=\"read-more-container\"><a title=\"Az\u0259rbaycanda qaz, i\u015f\u0131q, su v\u0259 d\u0259rmanlar bahala\u015fd\u0131\" class=\"read-more button\" href=\"https:\/\/www.meydan.tv\/az\/article\/az%c9%99rbaycanda-qaz-isiq-su-v%c9%99-d%c9%99rmanlar-bahalasdi\/#more-323833\" aria-label=\"Read more about Az\u0259rbaycanda qaz, i\u015f\u0131q, su v\u0259 d\u0259rmanlar bahala\u015fd\u0131\">Davam\u0131<\/a><\/p>\n","protected":false},"author":12,"featured_media":323834,"comment_status":"closed","ping_status":"closed","sticky":false,"template":"","format":"standard","meta":{"_acf_changed":false,"_sitemap_exclude":false,"_sitemap_priority":"","_sitemap_frequency":"","footnotes":""},"categories":[62,79,56],"tags":[],"class_list":["post-323833","post","type-post","status-publish","format-standard","has-post-thumbnail","hentry","category-sosial","category-featured","category-xeberler","infinite-scroll-item","generate-columns","tablet-grid-50","mobile-grid-100","grid-parent","grid-33","no-featured-image-padding"],"acf":[],"yoast_head":"<!-- This site is optimized with the Yoast SEO plugin v27.4 - https:\/\/yoast.com\/product\/yoast-seo-wordpress\/ -->\n<title>Az\u0259rbaycanda qaz, i\u015f\u0131q, su v\u0259 d\u0259rmanlar bahala\u015fd\u0131 - MEYDAN.TV<\/title>\n<meta name=\"robots\" content=\"index, follow, max-snippet:-1, max-image-preview:large, max-video-preview:-1\" \/>\n<link rel=\"canonical\" href=\"https:\/\/www.meydan.tv\/az\/article\/az%c9%99rbaycanda-qaz-isiq-su-v%c9%99-d%c9%99rmanlar-bahalasdi\/\" \/>\n<meta property=\"og:locale\" content=\"az_AZ\" \/>\n<meta property=\"og:type\" content=\"article\" \/>\n<meta property=\"og:title\" content=\"Az\u0259rbaycanda qaz, i\u015f\u0131q, su v\u0259 d\u0259rmanlar bahala\u015fd\u0131 - MEYDAN.TV\" \/>\n<meta property=\"og:description\" content=\"Q\u0259rar\u0131 Tarif \u015euras\u0131 yanvar\u0131n 2-d\u0259 verib Az\u0259rbaycada t\u0259bii qaz\u0131n, elektrik ... Davam\u0131\" \/>\n<meta property=\"og:url\" content=\"https:\/\/www.meydan.tv\/az\/article\/az%c9%99rbaycanda-qaz-isiq-su-v%c9%99-d%c9%99rmanlar-bahalasdi\/\" \/>\n<meta property=\"og:site_name\" content=\"MEYDAN.TV\" \/>\n<meta property=\"article:published_time\" content=\"2025-01-02T09:54:08+00:00\" \/>\n<meta property=\"article:modified_time\" content=\"2025-01-02T12:50:36+00:00\" \/>\n<meta property=\"og:image\" content=\"https:\/\/www.meydan.tv\/wp-content\/uploads\/screenshot-2025-01-02-at-10.50.34.png\" \/>\n\t<meta property=\"og:image:width\" content=\"1352\" \/>\n\t<meta property=\"og:image:height\" content=\"812\" \/>\n\t<meta property=\"og:image:type\" content=\"image\/png\" \/>\n<meta name=\"author\" content=\"aleks\" \/>\n<meta name=\"twitter:card\" content=\"summary_large_image\" \/>\n<script type=\"application\/ld+json\" class=\"yoast-schema-graph\">{\"@context\":\"https:\\\/\\\/schema.org\",\"@graph\":[{\"@type\":\"Article\",\"@id\":\"https:\\\/\\\/www.meydan.tv\\\/az\\\/article\\\/az%c9%99rbaycanda-qaz-isiq-su-v%c9%99-d%c9%99rmanlar-bahalasdi\\\/#article\",\"isPartOf\":{\"@id\":\"https:\\\/\\\/www.meydan.tv\\\/az\\\/article\\\/az%c9%99rbaycanda-qaz-isiq-su-v%c9%99-d%c9%99rmanlar-bahalasdi\\\/\"},\"author\":{\"name\":\"aleks\",\"@id\":\"https:\\\/\\\/www.meydan.tv\\\/az\\\/#\\\/schema\\\/person\\\/476e9360e593fa131d5d71d51866f8da\"},\"headline\":\"Az\u0259rbaycanda qaz, i\u015f\u0131q, su v\u0259 d\u0259rmanlar bahala\u015fd\u0131\",\"datePublished\":\"2025-01-02T09:54:08+00:00\",\"dateModified\":\"2025-01-02T12:50:36+00:00\",\"mainEntityOfPage\":{\"@id\":\"https:\\\/\\\/www.meydan.tv\\\/az\\\/article\\\/az%c9%99rbaycanda-qaz-isiq-su-v%c9%99-d%c9%99rmanlar-bahalasdi\\\/\"},\"wordCount\":1078,\"publisher\":{\"@id\":\"https:\\\/\\\/www.meydan.tv\\\/az\\\/#organization\"},\"image\":{\"@id\":\"https:\\\/\\\/www.meydan.tv\\\/az\\\/article\\\/az%c9%99rbaycanda-qaz-isiq-su-v%c9%99-d%c9%99rmanlar-bahalasdi\\\/#primaryimage\"},\"thumbnailUrl\":\"https:\\\/\\\/www.meydan.tv\\\/wp-content\\\/uploads\\\/screenshot-2025-01-02-at-10.50.34.png\",\"articleSection\":[\"Sosial\",\"T\u00f6vsiy\u0259\",\"X\u0259b\u0259rl\u0259r\"],\"inLanguage\":\"az\"},{\"@type\":\"WebPage\",\"@id\":\"https:\\\/\\\/www.meydan.tv\\\/az\\\/article\\\/az%c9%99rbaycanda-qaz-isiq-su-v%c9%99-d%c9%99rmanlar-bahalasdi\\\/\",\"url\":\"https:\\\/\\\/www.meydan.tv\\\/az\\\/article\\\/az%c9%99rbaycanda-qaz-isiq-su-v%c9%99-d%c9%99rmanlar-bahalasdi\\\/\",\"name\":\"Az\u0259rbaycanda qaz, i\u015f\u0131q, su v\u0259 d\u0259rmanlar bahala\u015fd\u0131 - MEYDAN.TV\",\"isPartOf\":{\"@id\":\"https:\\\/\\\/www.meydan.tv\\\/az\\\/#website\"},\"primaryImageOfPage\":{\"@id\":\"https:\\\/\\\/www.meydan.tv\\\/az\\\/article\\\/az%c9%99rbaycanda-qaz-isiq-su-v%c9%99-d%c9%99rmanlar-bahalasdi\\\/#primaryimage\"},\"image\":{\"@id\":\"https:\\\/\\\/www.meydan.tv\\\/az\\\/article\\\/az%c9%99rbaycanda-qaz-isiq-su-v%c9%99-d%c9%99rmanlar-bahalasdi\\\/#primaryimage\"},\"thumbnailUrl\":\"https:\\\/\\\/www.meydan.tv\\\/wp-content\\\/uploads\\\/screenshot-2025-01-02-at-10.50.34.png\",\"datePublished\":\"2025-01-02T09:54:08+00:00\",\"dateModified\":\"2025-01-02T12:50:36+00:00\",\"breadcrumb\":{\"@id\":\"https:\\\/\\\/www.meydan.tv\\\/az\\\/article\\\/az%c9%99rbaycanda-qaz-isiq-su-v%c9%99-d%c9%99rmanlar-bahalasdi\\\/#breadcrumb\"},\"inLanguage\":\"az\",\"potentialAction\":[{\"@type\":\"ReadAction\",\"target\":[\"https:\\\/\\\/www.meydan.tv\\\/az\\\/article\\\/az%c9%99rbaycanda-qaz-isiq-su-v%c9%99-d%c9%99rmanlar-bahalasdi\\\/\"]}]},{\"@type\":\"ImageObject\",\"inLanguage\":\"az\",\"@id\":\"https:\\\/\\\/www.meydan.tv\\\/az\\\/article\\\/az%c9%99rbaycanda-qaz-isiq-su-v%c9%99-d%c9%99rmanlar-bahalasdi\\\/#primaryimage\",\"url\":\"https:\\\/\\\/www.meydan.tv\\\/wp-content\\\/uploads\\\/screenshot-2025-01-02-at-10.50.34.png\",\"contentUrl\":\"https:\\\/\\\/www.meydan.tv\\\/wp-content\\\/uploads\\\/screenshot-2025-01-02-at-10.50.34.png\",\"width\":1352,\"height\":812,\"caption\":\"Foto- kollaj: Meydan TV\"},{\"@type\":\"BreadcrumbList\",\"@id\":\"https:\\\/\\\/www.meydan.tv\\\/az\\\/article\\\/az%c9%99rbaycanda-qaz-isiq-su-v%c9%99-d%c9%99rmanlar-bahalasdi\\\/#breadcrumb\",\"itemListElement\":[{\"@type\":\"ListItem\",\"position\":1,\"name\":\"Ana s\u0259hif\u0259\",\"item\":\"https:\\\/\\\/www.meydan.tv\\\/az\\\/\"},{\"@type\":\"ListItem\",\"position\":2,\"name\":\"X\u0259b\u0259rl\u0259r\",\"item\":\"https:\\\/\\\/www.meydan.tv\\\/az\\\/section\\\/xeberler\\\/\"},{\"@type\":\"ListItem\",\"position\":3,\"name\":\"Az\u0259rbaycanda qaz, i\u015f\u0131q, su v\u0259 d\u0259rmanlar bahala\u015fd\u0131\"}]},{\"@type\":\"WebSite\",\"@id\":\"https:\\\/\\\/www.meydan.tv\\\/az\\\/#website\",\"url\":\"https:\\\/\\\/www.meydan.tv\\\/az\\\/\",\"name\":\"MEYDAN.TV\",\"description\":\"Meydan TV Az\u0259rbaycan\u0131n media m\u0259kan\u0131ndak\u0131 alternativ s\u0259sidir\",\"publisher\":{\"@id\":\"https:\\\/\\\/www.meydan.tv\\\/az\\\/#organization\"},\"potentialAction\":[{\"@type\":\"SearchAction\",\"target\":{\"@type\":\"EntryPoint\",\"urlTemplate\":\"https:\\\/\\\/www.meydan.tv\\\/az\\\/?s={search_term_string}\"},\"query-input\":{\"@type\":\"PropertyValueSpecification\",\"valueRequired\":true,\"valueName\":\"search_term_string\"}}],\"inLanguage\":\"az\"},{\"@type\":\"Organization\",\"@id\":\"https:\\\/\\\/www.meydan.tv\\\/az\\\/#organization\",\"name\":\"Meydan TV\",\"url\":\"https:\\\/\\\/www.meydan.tv\\\/az\\\/\",\"logo\":{\"@type\":\"ImageObject\",\"inLanguage\":\"az\",\"@id\":\"https:\\\/\\\/www.meydan.tv\\\/az\\\/#\\\/schema\\\/logo\\\/image\\\/\",\"url\":\"https:\\\/\\\/www.meydan.tv\\\/wp-content\\\/uploads\\\/2021\\\/07\\\/meydan-logo.svg\",\"contentUrl\":\"https:\\\/\\\/www.meydan.tv\\\/wp-content\\\/uploads\\\/2021\\\/07\\\/meydan-logo.svg\",\"width\":195,\"height\":46,\"caption\":\"Meydan TV\"},\"image\":{\"@id\":\"https:\\\/\\\/www.meydan.tv\\\/az\\\/#\\\/schema\\\/logo\\\/image\\\/\"}},{\"@type\":\"Person\",\"@id\":\"https:\\\/\\\/www.meydan.tv\\\/az\\\/#\\\/schema\\\/person\\\/476e9360e593fa131d5d71d51866f8da\",\"name\":\"aleks\"}]}<\/script>\n<!-- \/ Yoast SEO plugin. -->","yoast_head_json":{"title":"Az\u0259rbaycanda qaz, i\u015f\u0131q, su v\u0259 d\u0259rmanlar bahala\u015fd\u0131 - MEYDAN.TV","robots":{"index":"index","follow":"follow","max-snippet":"max-snippet:-1","max-image-preview":"max-image-preview:large","max-video-preview":"max-video-preview:-1"},"canonical":"https:\/\/www.meydan.tv\/az\/article\/az%c9%99rbaycanda-qaz-isiq-su-v%c9%99-d%c9%99rmanlar-bahalasdi\/","og_locale":"az_AZ","og_type":"article","og_title":"Az\u0259rbaycanda qaz, i\u015f\u0131q, su v\u0259 d\u0259rmanlar bahala\u015fd\u0131 - MEYDAN.TV","og_description":"Q\u0259rar\u0131 Tarif \u015euras\u0131 yanvar\u0131n 2-d\u0259 verib Az\u0259rbaycada t\u0259bii qaz\u0131n, elektrik ... Davam\u0131","og_url":"https:\/\/www.meydan.tv\/az\/article\/az%c9%99rbaycanda-qaz-isiq-su-v%c9%99-d%c9%99rmanlar-bahalasdi\/","og_site_name":"MEYDAN.TV","article_published_time":"2025-01-02T09:54:08+00:00","article_modified_time":"2025-01-02T12:50:36+00:00","og_image":[{"width":1352,"height":812,"url":"https:\/\/www.meydan.tv\/wp-content\/uploads\/screenshot-2025-01-02-at-10.50.34.png","type":"image\/png"}],"author":"aleks","twitter_card":"summary_large_image","schema":{"@context":"https:\/\/schema.org","@graph":[{"@type":"Article","@id":"https:\/\/www.meydan.tv\/az\/article\/az%c9%99rbaycanda-qaz-isiq-su-v%c9%99-d%c9%99rmanlar-bahalasdi\/#article","isPartOf":{"@id":"https:\/\/www.meydan.tv\/az\/article\/az%c9%99rbaycanda-qaz-isiq-su-v%c9%99-d%c9%99rmanlar-bahalasdi\/"},"author":{"name":"aleks","@id":"https:\/\/www.meydan.tv\/az\/#\/schema\/person\/476e9360e593fa131d5d71d51866f8da"},"headline":"Az\u0259rbaycanda qaz, i\u015f\u0131q, su v\u0259 d\u0259rmanlar bahala\u015fd\u0131","datePublished":"2025-01-02T09:54:08+00:00","dateModified":"2025-01-02T12:50:36+00:00","mainEntityOfPage":{"@id":"https:\/\/www.meydan.tv\/az\/article\/az%c9%99rbaycanda-qaz-isiq-su-v%c9%99-d%c9%99rmanlar-bahalasdi\/"},"wordCount":1078,"publisher":{"@id":"https:\/\/www.meydan.tv\/az\/#organization"},"image":{"@id":"https:\/\/www.meydan.tv\/az\/article\/az%c9%99rbaycanda-qaz-isiq-su-v%c9%99-d%c9%99rmanlar-bahalasdi\/#primaryimage"},"thumbnailUrl":"https:\/\/www.meydan.tv\/wp-content\/uploads\/screenshot-2025-01-02-at-10.50.34.png","articleSection":["Sosial","T\u00f6vsiy\u0259","X\u0259b\u0259rl\u0259r"],"inLanguage":"az"},{"@type":"WebPage","@id":"https:\/\/www.meydan.tv\/az\/article\/az%c9%99rbaycanda-qaz-isiq-su-v%c9%99-d%c9%99rmanlar-bahalasdi\/","url":"https:\/\/www.meydan.tv\/az\/article\/az%c9%99rbaycanda-qaz-isiq-su-v%c9%99-d%c9%99rmanlar-bahalasdi\/","name":"Az\u0259rbaycanda qaz, i\u015f\u0131q, su v\u0259 d\u0259rmanlar bahala\u015fd\u0131 - MEYDAN.TV","isPartOf":{"@id":"https:\/\/www.meydan.tv\/az\/#website"},"primaryImageOfPage":{"@id":"https:\/\/www.meydan.tv\/az\/article\/az%c9%99rbaycanda-qaz-isiq-su-v%c9%99-d%c9%99rmanlar-bahalasdi\/#primaryimage"},"image":{"@id":"https:\/\/www.meydan.tv\/az\/article\/az%c9%99rbaycanda-qaz-isiq-su-v%c9%99-d%c9%99rmanlar-bahalasdi\/#primaryimage"},"thumbnailUrl":"https:\/\/www.meydan.tv\/wp-content\/uploads\/screenshot-2025-01-02-at-10.50.34.png","datePublished":"2025-01-02T09:54:08+00:00","dateModified":"2025-01-02T12:50:36+00:00","breadcrumb":{"@id":"https:\/\/www.meydan.tv\/az\/article\/az%c9%99rbaycanda-qaz-isiq-su-v%c9%99-d%c9%99rmanlar-bahalasdi\/#breadcrumb"},"inLanguage":"az","potentialAction":[{"@type":"ReadAction","target":["https:\/\/www.meydan.tv\/az\/article\/az%c9%99rbaycanda-qaz-isiq-su-v%c9%99-d%c9%99rmanlar-bahalasdi\/"]}]},{"@type":"ImageObject","inLanguage":"az","@id":"https:\/\/www.meydan.tv\/az\/article\/az%c9%99rbaycanda-qaz-isiq-su-v%c9%99-d%c9%99rmanlar-bahalasdi\/#primaryimage","url":"https:\/\/www.meydan.tv\/wp-content\/uploads\/screenshot-2025-01-02-at-10.50.34.png","contentUrl":"https:\/\/www.meydan.tv\/wp-content\/uploads\/screenshot-2025-01-02-at-10.50.34.png","width":1352,"height":812,"caption":"Foto- kollaj: Meydan TV"},{"@type":"BreadcrumbList","@id":"https:\/\/www.meydan.tv\/az\/article\/az%c9%99rbaycanda-qaz-isiq-su-v%c9%99-d%c9%99rmanlar-bahalasdi\/#breadcrumb","itemListElement":[{"@type":"ListItem","position":1,"name":"Ana s\u0259hif\u0259","item":"https:\/\/www.meydan.tv\/az\/"},{"@type":"ListItem","position":2,"name":"X\u0259b\u0259rl\u0259r","item":"https:\/\/www.meydan.tv\/az\/section\/xeberler\/"},{"@type":"ListItem","position":3,"name":"Az\u0259rbaycanda qaz, i\u015f\u0131q, su v\u0259 d\u0259rmanlar bahala\u015fd\u0131"}]},{"@type":"WebSite","@id":"https:\/\/www.meydan.tv\/az\/#website","url":"https:\/\/www.meydan.tv\/az\/","name":"MEYDAN.TV","description":"Meydan TV Az\u0259rbaycan\u0131n media m\u0259kan\u0131ndak\u0131 alternativ s\u0259sidir","publisher":{"@id":"https:\/\/www.meydan.tv\/az\/#organization"},"potentialAction":[{"@type":"SearchAction","target":{"@type":"EntryPoint","urlTemplate":"https:\/\/www.meydan.tv\/az\/?s={search_term_string}"},"query-input":{"@type":"PropertyValueSpecification","valueRequired":true,"valueName":"search_term_string"}}],"inLanguage":"az"},{"@type":"Organization","@id":"https:\/\/www.meydan.tv\/az\/#organization","name":"Meydan TV","url":"https:\/\/www.meydan.tv\/az\/","logo":{"@type":"ImageObject","inLanguage":"az","@id":"https:\/\/www.meydan.tv\/az\/#\/schema\/logo\/image\/","url":"https:\/\/www.meydan.tv\/wp-content\/uploads\/2021\/07\/meydan-logo.svg","contentUrl":"https:\/\/www.meydan.tv\/wp-content\/uploads\/2021\/07\/meydan-logo.svg","width":195,"height":46,"caption":"Meydan TV"},"image":{"@id":"https:\/\/www.meydan.tv\/az\/#\/schema\/logo\/image\/"}},{"@type":"Person","@id":"https:\/\/www.meydan.tv\/az\/#\/schema\/person\/476e9360e593fa131d5d71d51866f8da","name":"aleks"}]}},"_links":{"self":[{"href":"https:\/\/www.meydan.tv\/az\/wp-json\/wp\/v2\/posts\/323833","targetHints":{"allow":["GET"]}}],"collection":[{"href":"https:\/\/www.meydan.tv\/az\/wp-json\/wp\/v2\/posts"}],"about":[{"href":"https:\/\/www.meydan.tv\/az\/wp-json\/wp\/v2\/types\/post"}],"author":[{"embeddable":true,"href":"https:\/\/www.meydan.tv\/az\/wp-json\/wp\/v2\/users\/12"}],"replies":[{"embeddable":true,"href":"https:\/\/www.meydan.tv\/az\/wp-json\/wp\/v2\/comments?post=323833"}],"version-history":[{"count":3,"href":"https:\/\/www.meydan.tv\/az\/wp-json\/wp\/v2\/posts\/323833\/revisions"}],"predecessor-version":[{"id":323850,"href":"https:\/\/www.meydan.tv\/az\/wp-json\/wp\/v2\/posts\/323833\/revisions\/323850"}],"wp:featuredmedia":[{"embeddable":true,"href":"https:\/\/www.meydan.tv\/az\/wp-json\/wp\/v2\/media\/323834"}],"wp:attachment":[{"href":"https:\/\/www.meydan.tv\/az\/wp-json\/wp\/v2\/media?parent=323833"}],"wp:term":[{"taxonomy":"category","embeddable":true,"href":"https:\/\/www.meydan.tv\/az\/wp-json\/wp\/v2\/categories?post=323833"},{"taxonomy":"post_tag","embeddable":true,"href":"https:\/\/www.meydan.tv\/az\/wp-json\/wp\/v2\/tags?post=323833"}],"curies":[{"name":"wp","href":"https:\/\/api.w.org\/{rel}","templated":true}]}}