{"id":323799,"date":"2024-12-31T14:47:10","date_gmt":"2024-12-31T10:47:10","guid":{"rendered":"https:\/\/www.meydan.tv\/?p=323799"},"modified":"2024-12-31T16:34:12","modified_gmt":"2024-12-31T12:34:12","slug":"gurcustanda-az%c9%99rbaycanlilar-yasayan-k%c9%99ndd%c9%99-qarsidurma-xususi-t%c9%99yinatlilar-k%c9%99nd%c9%99-yeridildi","status":"publish","type":"post","link":"https:\/\/www.meydan.tv\/az\/article\/gurcustanda-az%c9%99rbaycanlilar-yasayan-k%c9%99ndd%c9%99-qarsidurma-xususi-t%c9%99yinatlilar-k%c9%99nd%c9%99-yeridildi\/","title":{"rendered":"G\u00fcrc\u00fcstanda az\u0259rbaycanl\u0131lar ya\u015fayan k\u0259ndd\u0259 qar\u015f\u0131durma: x\u00fcsusi t\u0259yinatl\u0131lar yeridildi"},"content":{"rendered":"\n<p><strong>Polis q\u0259zan\u0131 t\u00f6r\u0259tmi\u015f \u015f\u0259xsi saxlad\u0131\u011f\u0131n\u0131 deyir<\/strong> <\/p>\n\n\n\n<p>Dekabr\u0131n 30-u G\u00fcrc\u00fcstan\u0131n Bolnisi rayon Naxiduri (Ar\u0131xl\u0131) k\u0259ndi \u0259razisind\u0259 avtomobil 15 ya\u015fl\u0131 iki yeniyetm\u0259ni vurub. <\/p>\n\n\n\n<p>Hadis\u0259 n\u0259tic\u0259sind\u0259 El\u00e7in Binn\u0259tov v\u0259 Sinan \u015e\u0259rifov \u00f6l\u00fcb. <\/p>\n\n\n\n<p>Hadis\u0259 yerin\u0259 g\u0259l\u0259n polisl\u0259 sakinl\u0259r aras\u0131nda qar\u015f\u0131durma ya\u015fan\u0131b. <\/p>\n\n\n\n<p>Buna s\u0259b\u0259b vurulan g\u0259ncl\u0259r \u0259v\u0259zin\u0259, hadis\u0259ni t\u00f6r\u0259d\u0259n \u015f\u0259xsi t\u0259cili tibbi yard\u0131m vasit\u0259sil\u0259 \u0259razid\u0259n \u00e7\u0131xarma\u011fa c\u0259hd edibl\u0259r. K\u0259nd sakinl\u0259ri &#8220;<a href=\"https:\/\/24news.ge\/\" target=\"_blank\" rel=\"noreferrer noopener\">24news.ge<\/a>&#8220;y\u0259 bildiribl\u0259r ki, s\u00fcr\u00fcc\u00fc s\u0259rxo\u015f olub v\u0259 q\u0259za ba\u015f ver\u0259nd\u0259n sonra ma\u015f\u0131ndan d\u00fc\u015f\u0259r\u0259k \u0259trafdak\u0131 insanlara yax\u015f\u0131 etdiyini deyib, daha sonra is\u0259 &#8220;ana s\u00f6y\u00fc\u015f\u00fc&#8221; s\u00f6y\u0259r\u0259k insanlar\u0131n hidd\u0259tin\u0259 s\u0259b\u0259b olub.<\/p>\n\n\n\n<p>&#8220;<a href=\"https:\/\/aktual.ge\/\" target=\"_blank\" rel=\"noreferrer noopener\">Aktual.ge<\/a>&#8220;nin m\u0259lumat\u0131na g\u00f6r\u0259, s\u0259rxo\u015f s\u00fcr\u00fcc\u00fc daha sonra hadis\u0259 yerind\u0259n qa\u00e7ma\u011fa c\u0259hd ets\u0259 d\u0259, buna yerind\u0259c\u0259 nail ola bilm\u0259yib. <\/p>\n\n\n\n<p>Hadis\u0259 yerin\u0259 \u00e7ox sayda yerli sakin topla\u015f\u0131b v\u0259 onun qa\u00e7mas\u0131na icaz\u0259 verm\u0259yib. <\/p>\n\n\n\n<p>Bildirilir ki, s\u00fcr\u00fcc\u00fc yerli sakinl\u0259rin \u00fcz\u0259rin\u0259 b\u0131\u00e7aq \u00e7\u0131xar\u0131b v\u0259 onlar\u0131 h\u0259d\u0259l\u0259yib. Bundan ba\u015fqa, \u0259sas\u0259n, Bolnisid\u0259n Marneuli istiqam\u0259tind\u0259 h\u0259r\u0259k\u0259td\u0259 olan bir ne\u00e7\u0259 avtomobilin s\u00fcr\u00fcc\u00fcs\u00fc s\u0259rxo\u015f s\u00fcr\u00fcc\u00fcn\u00fc m\u00fcdafi\u0259 etm\u0259y\u0259 \u00e7al\u0131\u015f\u0131b. Bu zaman yerlil\u0259r il\u0259 onu m\u00fcdafi\u0259 etm\u0259y\u0259 \u00e7al\u0131\u015fanlar aras\u0131nda fiziki qar\u015f\u0131durma ba\u015f verib. <\/p>\n\n\n\n<p>S\u0259rxo\u015f s\u00fcr\u00fcc\u00fc t\u0259cili yard\u0131m ma\u015f\u0131n\u0131na s\u0131\u011f\u0131n\u0131b, h\u0259min ma\u015f\u0131n\u0131 is\u0259 yerlil\u0259r a\u015f\u0131r\u0131blar. Bu vaxt s\u00fcr\u00fcc\u00fc hadis\u0259 yerind\u0259n qa\u00e7ma\u011fa nail olub. Daha sonra hadis\u0259 yerin\u0259 \u00e7ox sayda polis q\u00fcvv\u0259si, o c\u00fcml\u0259d\u0259n X\u00fcsusi T\u0259yinatl\u0131lar Q\u00fcvv\u0259l\u0259r c\u0259lb olunub. <\/p>\n\n\n\n<p>Bolnisi t\u0259cili yard\u0131m xidm\u0259tinin tibb bac\u0131s\u0131 Ana Abrami\u015fvili &#8220;Azadl\u0131q&#8221; radiosuna bildirib ki, yerli sakinl\u0259r &#8220;h\u0259kiml\u0259rin d\u00f6y\u00fcl\u0259n s\u00fcr\u00fcc\u00fcd\u0259n xilas olmaq ist\u0259diyini d\u00fc\u015f\u00fcnd\u00fckl\u0259ri \u00fc\u00e7\u00fcn&#8221; t\u0259cili yard\u0131ma aqressiv yana\u015f\u0131blar: <\/p>\n\n\n\n<p><em>&#8220;Bir qrup insan t\u0259cili yard\u0131m\u0131 silk\u0259l\u0259m\u0259y\u0259 ba\u015flayanda o biri qrup briqada \u00fczvl\u0259rini ma\u015f\u0131ndan \u00e7\u0131xard\u0131, yoxsa bilmir\u0259m n\u0259 olard\u0131. Bel\u0259c\u0259 briqada \u00fczvl\u0259ri sa\u011f qald\u0131, onlara he\u00e7 kim fiziki toxunmad\u0131. Lakin tibb bac\u0131lar\u0131ndan biri hamil\u0259 idi v\u0259 o, a\u011f\u0131r psixoloji g\u0259rginlik ke\u00e7irdiyi \u00fc\u00e7\u00fcn onu ev\u0259 buraxd\u0131q&#8221;. <\/em><\/p>\n\n\n\n<p>Hadis\u0259 il\u0259 ba\u011fl\u0131 G\u00fcrc\u00fcstan Daxili \u0130\u015fl\u0259r Nazirliyi m\u0259lumat <a href=\"https:\/\/police.ge\/ge\/shinagan-saqmeta-saministros-gantskhadeba\/16535\" target=\"_blank\" rel=\"noreferrer noopener\">yay\u0131b<\/a>. <\/p>\n\n\n\n<p>Bildirilir ki, Daxili \u0130\u015fl\u0259r Nazirliyinin Patrul Polis \u0130dar\u0259sinin Kvemo Kartli Ba\u015f \u0130dar\u0259sinin \u0259m\u0259kda\u015flar\u0131n\u0131n h\u0259yata ke\u00e7irdikl\u0259ri \u0259m\u0259liyyat-axtar\u0131\u015f t\u0259dbirl\u0259ri n\u0259tic\u0259sind\u0259 Marneuli-Bolnisini birl\u0259\u015fdir\u0259n yolda hadis\u0259ni t\u00f6r\u0259tmi\u015f s\u00fcr\u00fcc\u00fc 2003-c\u00fc il t\u0259v\u0259ll\u00fcdl\u00fc T.\u00c7 saxlan\u0131l\u0131b. <\/p>\n\n\n\n<p>Ad\u0131\u00e7\u0259kil\u0259n \u015f\u0259xs idar\u0259 etdiyi avtomobild\u0259 4 n\u0259f\u0259r s\u0259rni\u015finl\u0259 yolda h\u0259r\u0259k\u0259td\u0259 olark\u0259n yol-n\u0259qliyyat hadis\u0259si ba\u015f verib: <\/p>\n\n\n\n<p><em>&#8220;N\u0259tic\u0259d\u0259 iki yeniyetm\u0259 piyada, onlardan biri yerind\u0259, dig\u0259ri is\u0259 tibb m\u00fc\u0259ssis\u0259sind\u0259 h\u0259yat\u0131n\u0131 itirib. Faktla ba\u011fl\u0131 Cinay\u0259t M\u0259c\u0259ll\u0259sinin 276-c\u0131 madd\u0259si il\u0259 istintaq apar\u0131l\u0131r. Yerli sakinl\u0259r toqqu\u015fmada i\u015ftirak ed\u0259n avtomobili v\u0259 t\u0259cili yard\u0131m briqadas\u0131n\u0131n avtomobilini a\u015f\u0131r\u0131blar. H\u0259m\u00e7inin dig\u0259r v\u0259t\u0259nda\u015flar\u0131n avtomobill\u0259rini z\u0259d\u0259l\u0259y\u0259r\u0259k s\u0131nd\u0131r\u0131blar&#8221;. <\/em><\/p>\n\n\n\n<p>R\u0259smi a\u00e7\u0131qlamada qeyd olunur ki, sakinl\u0259r magistral yolda n\u0259qliyyat vasit\u0259l\u0259rinin h\u0259r\u0259k\u0259tin\u0259 imkan verm\u0259yib, h\u0259m\u00e7inin h\u00fcquq-m\u00fchafiz\u0259 orqanlar\u0131 \u0259m\u0259kda\u015flar\u0131n\u0131n istintaq h\u0259r\u0259k\u0259tl\u0259ri aparmas\u0131na v\u0259 t\u0259cili tibbi yard\u0131m briqadas\u0131na mane olublar. <\/p>\n\n\n\n<p>Nazirlik deyir ki, v\u0259ziyy\u0259ti sabitl\u0259\u015fdirm\u0259k \u00fc\u00e7\u00fcn Daxili \u0130\u015fl\u0259r Nazirliyinin m\u00fcxt\u0259lif b\u00f6lm\u0259l\u0259rinin n\u00fcmay\u0259nd\u0259l\u0259ri, o c\u00fcml\u0259d\u0259n patrul, kriminal v\u0259 x\u00fcsusi t\u0259yinatl\u0131 idar\u0259l\u0259rinin \u0259m\u0259kda\u015flar\u0131 d\u0259rhal hadis\u0259 yerin\u0259 c\u0259lb edilibl\u0259r: <\/p>\n\n\n\n<p><em>&#8220;Qar\u015f\u0131durma n\u0259tic\u0259sind\u0259 Daxili \u0130\u015fl\u0259r Nazirliyinin bir ne\u00e7\u0259 \u0259m\u0259kda\u015f\u0131, el\u0259c\u0259d\u0259 9 v\u0259t\u0259nda\u015f m\u00fcxt\u0259lif x\u0259sar\u0259tl\u0259r al\u0131b, onlara m\u00fcvafiq tibbi yard\u0131m g\u00f6st\u0259rilib&#8221;.<\/em><\/p>\n\n\n\n<p>Bolnisi x\u0259st\u0259xanas\u0131ndan bildirilib ki, yol-n\u0259qliyyat hadis\u0259sind\u0259n sonra yaranan qar\u015f\u0131durmada yaralananlardan ikisinin v\u0259ziyy\u0259ti a\u011f\u0131rd\u0131r v\u0259 onlar Tbilisiy\u0259 apar\u0131l\u0131blar. Daxili \u0130\u015fl\u0259r Nazirliyinin X\u00fcsusi T\u0259yinatl\u0131lar\u0131 haz\u0131rda Bolnisinin m\u0259rk\u0259zi klinikas\u0131n\u0131n yan\u0131nda yerl\u0259\u015fdirilib.<\/p>\n\n\n\n<p>D\u0130N h\u0259m d\u0259 Cinay\u0259t M\u0259c\u0259ll\u0259sinin 187, 126 v\u0259 353-c\u00fc madd\u0259l\u0259ri il\u0259 \u0259mlaka ziyan vurma, polis \u0259m\u0259kda\u015flar\u0131na m\u00fcqavim\u0259t g\u00f6st\u0259rm\u0259 v\u0259 zor t\u0259tbiq etm\u0259 faktlar\u0131 \u00fczr\u0259 ara\u015fd\u0131rma apar\u0131ld\u0131\u011f\u0131n\u0131 bildirir.<\/p>\n\n\n\n<p>Telegram-kanallar\u0131n\u0131n yayd\u0131\u011f\u0131 m\u0259lumata g\u00f6r\u0259, bu g\u00fcn saat 19:00-da Bolnisid\u0259 q\u0259zada h\u0259lak olan o\u011flanlar\u0131n xatir\u0259sini yad etm\u0259k ist\u0259y\u0259nl\u0259rin ham\u0131s\u0131 Rustaveli k\u00fc\u00e7\u0259sind\u0259ki Parlament binas\u0131na topla\u015facaq.<\/p>\n\n\n\n<p>G\u00fcrc\u00fcstan\u0131n be\u015finci prezidenti Salome Zurabi\u015fvili d\u0259 art\u0131q ba\u015f ver\u0259n faci\u0259 il\u0259 ba\u011fl\u0131 yaz\u0131b:<\/p>\n\n\n\n<p><em>\u201cNaxiduri k\u0259ndi yax\u0131nl\u0131\u011f\u0131nda h\u0259lak olan g\u0259ncl\u0259rin ail\u0259l\u0259rin\u0259 ba\u015fsa\u011fl\u0131\u011f\u0131 verir\u0259m\u201d.<\/em><\/p>\n\n\n\n<p><\/p>\n\n\n\n<p><\/p>\n\n\n\n<p><\/p>\n\n\n\n<p><\/p>\n","protected":false},"excerpt":{"rendered":"<p>Polis q\u0259zan\u0131 t\u00f6r\u0259tmi\u015f \u015f\u0259xsi saxlad\u0131\u011f\u0131n\u0131 deyir Dekabr\u0131n 30-u G\u00fcrc\u00fcstan\u0131n Bolnisi &#8230; <\/p>\n<p class=\"read-more-container\"><a title=\"G\u00fcrc\u00fcstanda az\u0259rbaycanl\u0131lar ya\u015fayan k\u0259ndd\u0259 qar\u015f\u0131durma: x\u00fcsusi t\u0259yinatl\u0131lar yeridildi\" class=\"read-more button\" href=\"https:\/\/www.meydan.tv\/az\/article\/gurcustanda-az%c9%99rbaycanlilar-yasayan-k%c9%99ndd%c9%99-qarsidurma-xususi-t%c9%99yinatlilar-k%c9%99nd%c9%99-yeridildi\/#more-323799\" aria-label=\"Read more about G\u00fcrc\u00fcstanda az\u0259rbaycanl\u0131lar ya\u015fayan k\u0259ndd\u0259 qar\u015f\u0131durma: x\u00fcsusi t\u0259yinatl\u0131lar yeridildi\">Davam\u0131<\/a><\/p>\n","protected":false},"author":16,"featured_media":323802,"comment_status":"closed","ping_status":"closed","sticky":false,"template":"","format":"standard","meta":{"_acf_changed":false,"_sitemap_exclude":false,"_sitemap_priority":"","_sitemap_frequency":"","footnotes":""},"categories":[64,62,79,56],"tags":[],"class_list":["post-323799","post","type-post","status-publish","format-standard","has-post-thumbnail","hentry","category-dunya","category-sosial","category-featured","category-xeberler","infinite-scroll-item","generate-columns","tablet-grid-50","mobile-grid-100","grid-parent","grid-33","no-featured-image-padding"],"acf":[],"yoast_head":"<!-- This site is optimized with the Yoast SEO plugin v27.4 - https:\/\/yoast.com\/product\/yoast-seo-wordpress\/ -->\n<title>G\u00fcrc\u00fcstanda az\u0259rbaycanl\u0131lar ya\u015fayan k\u0259ndd\u0259 qar\u015f\u0131durma: x\u00fcsusi t\u0259yinatl\u0131lar yeridildi - MEYDAN.TV<\/title>\n<meta name=\"robots\" content=\"index, follow, max-snippet:-1, max-image-preview:large, max-video-preview:-1\" \/>\n<link rel=\"canonical\" href=\"https:\/\/www.meydan.tv\/az\/article\/gurcustanda-az%c9%99rbaycanlilar-yasayan-k%c9%99ndd%c9%99-qarsidurma-xususi-t%c9%99yinatlilar-k%c9%99nd%c9%99-yeridildi\/\" \/>\n<meta property=\"og:locale\" content=\"az_AZ\" \/>\n<meta property=\"og:type\" content=\"article\" \/>\n<meta property=\"og:title\" content=\"G\u00fcrc\u00fcstanda az\u0259rbaycanl\u0131lar ya\u015fayan k\u0259ndd\u0259 qar\u015f\u0131durma: x\u00fcsusi t\u0259yinatl\u0131lar yeridildi - MEYDAN.TV\" \/>\n<meta property=\"og:description\" content=\"Polis q\u0259zan\u0131 t\u00f6r\u0259tmi\u015f \u015f\u0259xsi saxlad\u0131\u011f\u0131n\u0131 deyir Dekabr\u0131n 30-u G\u00fcrc\u00fcstan\u0131n Bolnisi ... Davam\u0131\" \/>\n<meta property=\"og:url\" content=\"https:\/\/www.meydan.tv\/az\/article\/gurcustanda-az%c9%99rbaycanlilar-yasayan-k%c9%99ndd%c9%99-qarsidurma-xususi-t%c9%99yinatlilar-k%c9%99nd%c9%99-yeridildi\/\" \/>\n<meta property=\"og:site_name\" content=\"MEYDAN.TV\" \/>\n<meta property=\"article:published_time\" content=\"2024-12-31T10:47:10+00:00\" \/>\n<meta property=\"article:modified_time\" content=\"2024-12-31T12:34:12+00:00\" \/>\n<meta property=\"og:image\" content=\"https:\/\/www.meydan.tv\/wp-content\/uploads\/39fc2a781fdae6ca8ba718f4ea8acde41-scaled.jpg\" \/>\n\t<meta property=\"og:image:width\" content=\"2560\" \/>\n\t<meta property=\"og:image:height\" content=\"1707\" \/>\n\t<meta property=\"og:image:type\" content=\"image\/jpeg\" \/>\n<meta name=\"author\" content=\"sevda\" \/>\n<meta name=\"twitter:card\" content=\"summary_large_image\" \/>\n<script type=\"application\/ld+json\" class=\"yoast-schema-graph\">{\"@context\":\"https:\\\/\\\/schema.org\",\"@graph\":[{\"@type\":\"Article\",\"@id\":\"https:\\\/\\\/www.meydan.tv\\\/az\\\/article\\\/gurcustanda-az%c9%99rbaycanlilar-yasayan-k%c9%99ndd%c9%99-qarsidurma-xususi-t%c9%99yinatlilar-k%c9%99nd%c9%99-yeridildi\\\/#article\",\"isPartOf\":{\"@id\":\"https:\\\/\\\/www.meydan.tv\\\/az\\\/article\\\/gurcustanda-az%c9%99rbaycanlilar-yasayan-k%c9%99ndd%c9%99-qarsidurma-xususi-t%c9%99yinatlilar-k%c9%99nd%c9%99-yeridildi\\\/\"},\"author\":{\"name\":\"sevda\",\"@id\":\"https:\\\/\\\/www.meydan.tv\\\/az\\\/#\\\/schema\\\/person\\\/49b5f2bad5b126bb8ea9320eeb3e4dc9\"},\"headline\":\"G\u00fcrc\u00fcstanda az\u0259rbaycanl\u0131lar ya\u015fayan k\u0259ndd\u0259 qar\u015f\u0131durma: x\u00fcsusi t\u0259yinatl\u0131lar yeridildi\",\"datePublished\":\"2024-12-31T10:47:10+00:00\",\"dateModified\":\"2024-12-31T12:34:12+00:00\",\"mainEntityOfPage\":{\"@id\":\"https:\\\/\\\/www.meydan.tv\\\/az\\\/article\\\/gurcustanda-az%c9%99rbaycanlilar-yasayan-k%c9%99ndd%c9%99-qarsidurma-xususi-t%c9%99yinatlilar-k%c9%99nd%c9%99-yeridildi\\\/\"},\"wordCount\":959,\"publisher\":{\"@id\":\"https:\\\/\\\/www.meydan.tv\\\/az\\\/#organization\"},\"image\":{\"@id\":\"https:\\\/\\\/www.meydan.tv\\\/az\\\/article\\\/gurcustanda-az%c9%99rbaycanlilar-yasayan-k%c9%99ndd%c9%99-qarsidurma-xususi-t%c9%99yinatlilar-k%c9%99nd%c9%99-yeridildi\\\/#primaryimage\"},\"thumbnailUrl\":\"https:\\\/\\\/www.meydan.tv\\\/wp-content\\\/uploads\\\/39fc2a781fdae6ca8ba718f4ea8acde41-scaled.jpg\",\"articleSection\":[\"D\u00fcnya\",\"Sosial\",\"T\u00f6vsiy\u0259\",\"X\u0259b\u0259rl\u0259r\"],\"inLanguage\":\"az\"},{\"@type\":\"WebPage\",\"@id\":\"https:\\\/\\\/www.meydan.tv\\\/az\\\/article\\\/gurcustanda-az%c9%99rbaycanlilar-yasayan-k%c9%99ndd%c9%99-qarsidurma-xususi-t%c9%99yinatlilar-k%c9%99nd%c9%99-yeridildi\\\/\",\"url\":\"https:\\\/\\\/www.meydan.tv\\\/az\\\/article\\\/gurcustanda-az%c9%99rbaycanlilar-yasayan-k%c9%99ndd%c9%99-qarsidurma-xususi-t%c9%99yinatlilar-k%c9%99nd%c9%99-yeridildi\\\/\",\"name\":\"G\u00fcrc\u00fcstanda az\u0259rbaycanl\u0131lar ya\u015fayan k\u0259ndd\u0259 qar\u015f\u0131durma: x\u00fcsusi t\u0259yinatl\u0131lar yeridildi - MEYDAN.TV\",\"isPartOf\":{\"@id\":\"https:\\\/\\\/www.meydan.tv\\\/az\\\/#website\"},\"primaryImageOfPage\":{\"@id\":\"https:\\\/\\\/www.meydan.tv\\\/az\\\/article\\\/gurcustanda-az%c9%99rbaycanlilar-yasayan-k%c9%99ndd%c9%99-qarsidurma-xususi-t%c9%99yinatlilar-k%c9%99nd%c9%99-yeridildi\\\/#primaryimage\"},\"image\":{\"@id\":\"https:\\\/\\\/www.meydan.tv\\\/az\\\/article\\\/gurcustanda-az%c9%99rbaycanlilar-yasayan-k%c9%99ndd%c9%99-qarsidurma-xususi-t%c9%99yinatlilar-k%c9%99nd%c9%99-yeridildi\\\/#primaryimage\"},\"thumbnailUrl\":\"https:\\\/\\\/www.meydan.tv\\\/wp-content\\\/uploads\\\/39fc2a781fdae6ca8ba718f4ea8acde41-scaled.jpg\",\"datePublished\":\"2024-12-31T10:47:10+00:00\",\"dateModified\":\"2024-12-31T12:34:12+00:00\",\"breadcrumb\":{\"@id\":\"https:\\\/\\\/www.meydan.tv\\\/az\\\/article\\\/gurcustanda-az%c9%99rbaycanlilar-yasayan-k%c9%99ndd%c9%99-qarsidurma-xususi-t%c9%99yinatlilar-k%c9%99nd%c9%99-yeridildi\\\/#breadcrumb\"},\"inLanguage\":\"az\",\"potentialAction\":[{\"@type\":\"ReadAction\",\"target\":[\"https:\\\/\\\/www.meydan.tv\\\/az\\\/article\\\/gurcustanda-az%c9%99rbaycanlilar-yasayan-k%c9%99ndd%c9%99-qarsidurma-xususi-t%c9%99yinatlilar-k%c9%99nd%c9%99-yeridildi\\\/\"]}]},{\"@type\":\"ImageObject\",\"inLanguage\":\"az\",\"@id\":\"https:\\\/\\\/www.meydan.tv\\\/az\\\/article\\\/gurcustanda-az%c9%99rbaycanlilar-yasayan-k%c9%99ndd%c9%99-qarsidurma-xususi-t%c9%99yinatlilar-k%c9%99nd%c9%99-yeridildi\\\/#primaryimage\",\"url\":\"https:\\\/\\\/www.meydan.tv\\\/wp-content\\\/uploads\\\/39fc2a781fdae6ca8ba718f4ea8acde41-scaled.jpg\",\"contentUrl\":\"https:\\\/\\\/www.meydan.tv\\\/wp-content\\\/uploads\\\/39fc2a781fdae6ca8ba718f4ea8acde41-scaled.jpg\",\"width\":2560,\"height\":1707,\"caption\":\"Foto: 24news.ge\"},{\"@type\":\"BreadcrumbList\",\"@id\":\"https:\\\/\\\/www.meydan.tv\\\/az\\\/article\\\/gurcustanda-az%c9%99rbaycanlilar-yasayan-k%c9%99ndd%c9%99-qarsidurma-xususi-t%c9%99yinatlilar-k%c9%99nd%c9%99-yeridildi\\\/#breadcrumb\",\"itemListElement\":[{\"@type\":\"ListItem\",\"position\":1,\"name\":\"Ana s\u0259hif\u0259\",\"item\":\"https:\\\/\\\/www.meydan.tv\\\/az\\\/\"},{\"@type\":\"ListItem\",\"position\":2,\"name\":\"X\u0259b\u0259rl\u0259r\",\"item\":\"https:\\\/\\\/www.meydan.tv\\\/az\\\/section\\\/xeberler\\\/\"},{\"@type\":\"ListItem\",\"position\":3,\"name\":\"G\u00fcrc\u00fcstanda az\u0259rbaycanl\u0131lar ya\u015fayan k\u0259ndd\u0259 qar\u015f\u0131durma: x\u00fcsusi t\u0259yinatl\u0131lar yeridildi\"}]},{\"@type\":\"WebSite\",\"@id\":\"https:\\\/\\\/www.meydan.tv\\\/az\\\/#website\",\"url\":\"https:\\\/\\\/www.meydan.tv\\\/az\\\/\",\"name\":\"MEYDAN.TV\",\"description\":\"Meydan TV Az\u0259rbaycan\u0131n media m\u0259kan\u0131ndak\u0131 alternativ s\u0259sidir\",\"publisher\":{\"@id\":\"https:\\\/\\\/www.meydan.tv\\\/az\\\/#organization\"},\"potentialAction\":[{\"@type\":\"SearchAction\",\"target\":{\"@type\":\"EntryPoint\",\"urlTemplate\":\"https:\\\/\\\/www.meydan.tv\\\/az\\\/?s={search_term_string}\"},\"query-input\":{\"@type\":\"PropertyValueSpecification\",\"valueRequired\":true,\"valueName\":\"search_term_string\"}}],\"inLanguage\":\"az\"},{\"@type\":\"Organization\",\"@id\":\"https:\\\/\\\/www.meydan.tv\\\/az\\\/#organization\",\"name\":\"Meydan TV\",\"url\":\"https:\\\/\\\/www.meydan.tv\\\/az\\\/\",\"logo\":{\"@type\":\"ImageObject\",\"inLanguage\":\"az\",\"@id\":\"https:\\\/\\\/www.meydan.tv\\\/az\\\/#\\\/schema\\\/logo\\\/image\\\/\",\"url\":\"https:\\\/\\\/www.meydan.tv\\\/wp-content\\\/uploads\\\/2021\\\/07\\\/meydan-logo.svg\",\"contentUrl\":\"https:\\\/\\\/www.meydan.tv\\\/wp-content\\\/uploads\\\/2021\\\/07\\\/meydan-logo.svg\",\"width\":195,\"height\":46,\"caption\":\"Meydan TV\"},\"image\":{\"@id\":\"https:\\\/\\\/www.meydan.tv\\\/az\\\/#\\\/schema\\\/logo\\\/image\\\/\"}},{\"@type\":\"Person\",\"@id\":\"https:\\\/\\\/www.meydan.tv\\\/az\\\/#\\\/schema\\\/person\\\/49b5f2bad5b126bb8ea9320eeb3e4dc9\",\"name\":\"sevda\"}]}<\/script>\n<!-- \/ Yoast SEO plugin. -->","yoast_head_json":{"title":"G\u00fcrc\u00fcstanda az\u0259rbaycanl\u0131lar ya\u015fayan k\u0259ndd\u0259 qar\u015f\u0131durma: x\u00fcsusi t\u0259yinatl\u0131lar yeridildi - MEYDAN.TV","robots":{"index":"index","follow":"follow","max-snippet":"max-snippet:-1","max-image-preview":"max-image-preview:large","max-video-preview":"max-video-preview:-1"},"canonical":"https:\/\/www.meydan.tv\/az\/article\/gurcustanda-az%c9%99rbaycanlilar-yasayan-k%c9%99ndd%c9%99-qarsidurma-xususi-t%c9%99yinatlilar-k%c9%99nd%c9%99-yeridildi\/","og_locale":"az_AZ","og_type":"article","og_title":"G\u00fcrc\u00fcstanda az\u0259rbaycanl\u0131lar ya\u015fayan k\u0259ndd\u0259 qar\u015f\u0131durma: x\u00fcsusi t\u0259yinatl\u0131lar yeridildi - MEYDAN.TV","og_description":"Polis q\u0259zan\u0131 t\u00f6r\u0259tmi\u015f \u015f\u0259xsi saxlad\u0131\u011f\u0131n\u0131 deyir Dekabr\u0131n 30-u G\u00fcrc\u00fcstan\u0131n Bolnisi ... Davam\u0131","og_url":"https:\/\/www.meydan.tv\/az\/article\/gurcustanda-az%c9%99rbaycanlilar-yasayan-k%c9%99ndd%c9%99-qarsidurma-xususi-t%c9%99yinatlilar-k%c9%99nd%c9%99-yeridildi\/","og_site_name":"MEYDAN.TV","article_published_time":"2024-12-31T10:47:10+00:00","article_modified_time":"2024-12-31T12:34:12+00:00","og_image":[{"width":2560,"height":1707,"url":"https:\/\/www.meydan.tv\/wp-content\/uploads\/39fc2a781fdae6ca8ba718f4ea8acde41-scaled.jpg","type":"image\/jpeg"}],"author":"sevda","twitter_card":"summary_large_image","schema":{"@context":"https:\/\/schema.org","@graph":[{"@type":"Article","@id":"https:\/\/www.meydan.tv\/az\/article\/gurcustanda-az%c9%99rbaycanlilar-yasayan-k%c9%99ndd%c9%99-qarsidurma-xususi-t%c9%99yinatlilar-k%c9%99nd%c9%99-yeridildi\/#article","isPartOf":{"@id":"https:\/\/www.meydan.tv\/az\/article\/gurcustanda-az%c9%99rbaycanlilar-yasayan-k%c9%99ndd%c9%99-qarsidurma-xususi-t%c9%99yinatlilar-k%c9%99nd%c9%99-yeridildi\/"},"author":{"name":"sevda","@id":"https:\/\/www.meydan.tv\/az\/#\/schema\/person\/49b5f2bad5b126bb8ea9320eeb3e4dc9"},"headline":"G\u00fcrc\u00fcstanda az\u0259rbaycanl\u0131lar ya\u015fayan k\u0259ndd\u0259 qar\u015f\u0131durma: x\u00fcsusi t\u0259yinatl\u0131lar yeridildi","datePublished":"2024-12-31T10:47:10+00:00","dateModified":"2024-12-31T12:34:12+00:00","mainEntityOfPage":{"@id":"https:\/\/www.meydan.tv\/az\/article\/gurcustanda-az%c9%99rbaycanlilar-yasayan-k%c9%99ndd%c9%99-qarsidurma-xususi-t%c9%99yinatlilar-k%c9%99nd%c9%99-yeridildi\/"},"wordCount":959,"publisher":{"@id":"https:\/\/www.meydan.tv\/az\/#organization"},"image":{"@id":"https:\/\/www.meydan.tv\/az\/article\/gurcustanda-az%c9%99rbaycanlilar-yasayan-k%c9%99ndd%c9%99-qarsidurma-xususi-t%c9%99yinatlilar-k%c9%99nd%c9%99-yeridildi\/#primaryimage"},"thumbnailUrl":"https:\/\/www.meydan.tv\/wp-content\/uploads\/39fc2a781fdae6ca8ba718f4ea8acde41-scaled.jpg","articleSection":["D\u00fcnya","Sosial","T\u00f6vsiy\u0259","X\u0259b\u0259rl\u0259r"],"inLanguage":"az"},{"@type":"WebPage","@id":"https:\/\/www.meydan.tv\/az\/article\/gurcustanda-az%c9%99rbaycanlilar-yasayan-k%c9%99ndd%c9%99-qarsidurma-xususi-t%c9%99yinatlilar-k%c9%99nd%c9%99-yeridildi\/","url":"https:\/\/www.meydan.tv\/az\/article\/gurcustanda-az%c9%99rbaycanlilar-yasayan-k%c9%99ndd%c9%99-qarsidurma-xususi-t%c9%99yinatlilar-k%c9%99nd%c9%99-yeridildi\/","name":"G\u00fcrc\u00fcstanda az\u0259rbaycanl\u0131lar ya\u015fayan k\u0259ndd\u0259 qar\u015f\u0131durma: x\u00fcsusi t\u0259yinatl\u0131lar yeridildi - MEYDAN.TV","isPartOf":{"@id":"https:\/\/www.meydan.tv\/az\/#website"},"primaryImageOfPage":{"@id":"https:\/\/www.meydan.tv\/az\/article\/gurcustanda-az%c9%99rbaycanlilar-yasayan-k%c9%99ndd%c9%99-qarsidurma-xususi-t%c9%99yinatlilar-k%c9%99nd%c9%99-yeridildi\/#primaryimage"},"image":{"@id":"https:\/\/www.meydan.tv\/az\/article\/gurcustanda-az%c9%99rbaycanlilar-yasayan-k%c9%99ndd%c9%99-qarsidurma-xususi-t%c9%99yinatlilar-k%c9%99nd%c9%99-yeridildi\/#primaryimage"},"thumbnailUrl":"https:\/\/www.meydan.tv\/wp-content\/uploads\/39fc2a781fdae6ca8ba718f4ea8acde41-scaled.jpg","datePublished":"2024-12-31T10:47:10+00:00","dateModified":"2024-12-31T12:34:12+00:00","breadcrumb":{"@id":"https:\/\/www.meydan.tv\/az\/article\/gurcustanda-az%c9%99rbaycanlilar-yasayan-k%c9%99ndd%c9%99-qarsidurma-xususi-t%c9%99yinatlilar-k%c9%99nd%c9%99-yeridildi\/#breadcrumb"},"inLanguage":"az","potentialAction":[{"@type":"ReadAction","target":["https:\/\/www.meydan.tv\/az\/article\/gurcustanda-az%c9%99rbaycanlilar-yasayan-k%c9%99ndd%c9%99-qarsidurma-xususi-t%c9%99yinatlilar-k%c9%99nd%c9%99-yeridildi\/"]}]},{"@type":"ImageObject","inLanguage":"az","@id":"https:\/\/www.meydan.tv\/az\/article\/gurcustanda-az%c9%99rbaycanlilar-yasayan-k%c9%99ndd%c9%99-qarsidurma-xususi-t%c9%99yinatlilar-k%c9%99nd%c9%99-yeridildi\/#primaryimage","url":"https:\/\/www.meydan.tv\/wp-content\/uploads\/39fc2a781fdae6ca8ba718f4ea8acde41-scaled.jpg","contentUrl":"https:\/\/www.meydan.tv\/wp-content\/uploads\/39fc2a781fdae6ca8ba718f4ea8acde41-scaled.jpg","width":2560,"height":1707,"caption":"Foto: 24news.ge"},{"@type":"BreadcrumbList","@id":"https:\/\/www.meydan.tv\/az\/article\/gurcustanda-az%c9%99rbaycanlilar-yasayan-k%c9%99ndd%c9%99-qarsidurma-xususi-t%c9%99yinatlilar-k%c9%99nd%c9%99-yeridildi\/#breadcrumb","itemListElement":[{"@type":"ListItem","position":1,"name":"Ana s\u0259hif\u0259","item":"https:\/\/www.meydan.tv\/az\/"},{"@type":"ListItem","position":2,"name":"X\u0259b\u0259rl\u0259r","item":"https:\/\/www.meydan.tv\/az\/section\/xeberler\/"},{"@type":"ListItem","position":3,"name":"G\u00fcrc\u00fcstanda az\u0259rbaycanl\u0131lar ya\u015fayan k\u0259ndd\u0259 qar\u015f\u0131durma: x\u00fcsusi t\u0259yinatl\u0131lar yeridildi"}]},{"@type":"WebSite","@id":"https:\/\/www.meydan.tv\/az\/#website","url":"https:\/\/www.meydan.tv\/az\/","name":"MEYDAN.TV","description":"Meydan TV Az\u0259rbaycan\u0131n media m\u0259kan\u0131ndak\u0131 alternativ s\u0259sidir","publisher":{"@id":"https:\/\/www.meydan.tv\/az\/#organization"},"potentialAction":[{"@type":"SearchAction","target":{"@type":"EntryPoint","urlTemplate":"https:\/\/www.meydan.tv\/az\/?s={search_term_string}"},"query-input":{"@type":"PropertyValueSpecification","valueRequired":true,"valueName":"search_term_string"}}],"inLanguage":"az"},{"@type":"Organization","@id":"https:\/\/www.meydan.tv\/az\/#organization","name":"Meydan TV","url":"https:\/\/www.meydan.tv\/az\/","logo":{"@type":"ImageObject","inLanguage":"az","@id":"https:\/\/www.meydan.tv\/az\/#\/schema\/logo\/image\/","url":"https:\/\/www.meydan.tv\/wp-content\/uploads\/2021\/07\/meydan-logo.svg","contentUrl":"https:\/\/www.meydan.tv\/wp-content\/uploads\/2021\/07\/meydan-logo.svg","width":195,"height":46,"caption":"Meydan TV"},"image":{"@id":"https:\/\/www.meydan.tv\/az\/#\/schema\/logo\/image\/"}},{"@type":"Person","@id":"https:\/\/www.meydan.tv\/az\/#\/schema\/person\/49b5f2bad5b126bb8ea9320eeb3e4dc9","name":"sevda"}]}},"_links":{"self":[{"href":"https:\/\/www.meydan.tv\/az\/wp-json\/wp\/v2\/posts\/323799","targetHints":{"allow":["GET"]}}],"collection":[{"href":"https:\/\/www.meydan.tv\/az\/wp-json\/wp\/v2\/posts"}],"about":[{"href":"https:\/\/www.meydan.tv\/az\/wp-json\/wp\/v2\/types\/post"}],"author":[{"embeddable":true,"href":"https:\/\/www.meydan.tv\/az\/wp-json\/wp\/v2\/users\/16"}],"replies":[{"embeddable":true,"href":"https:\/\/www.meydan.tv\/az\/wp-json\/wp\/v2\/comments?post=323799"}],"version-history":[{"count":7,"href":"https:\/\/www.meydan.tv\/az\/wp-json\/wp\/v2\/posts\/323799\/revisions"}],"predecessor-version":[{"id":323818,"href":"https:\/\/www.meydan.tv\/az\/wp-json\/wp\/v2\/posts\/323799\/revisions\/323818"}],"wp:featuredmedia":[{"embeddable":true,"href":"https:\/\/www.meydan.tv\/az\/wp-json\/wp\/v2\/media\/323802"}],"wp:attachment":[{"href":"https:\/\/www.meydan.tv\/az\/wp-json\/wp\/v2\/media?parent=323799"}],"wp:term":[{"taxonomy":"category","embeddable":true,"href":"https:\/\/www.meydan.tv\/az\/wp-json\/wp\/v2\/categories?post=323799"},{"taxonomy":"post_tag","embeddable":true,"href":"https:\/\/www.meydan.tv\/az\/wp-json\/wp\/v2\/tags?post=323799"}],"curies":[{"name":"wp","href":"https:\/\/api.w.org\/{rel}","templated":true}]}}