{"id":323542,"date":"2024-12-27T19:31:38","date_gmt":"2024-12-27T15:31:38","guid":{"rendered":"https:\/\/www.meydan.tv\/?p=323542"},"modified":"2024-12-27T19:31:40","modified_gmt":"2024-12-27T15:31:40","slug":"s%c9%99f%c9%99q-q%c9%99s%c9%99b%c9%99si-bura-repressiya-dovrund%c9%99ki-k%c9%99ndl%c9%99ri-xatirladir","status":"publish","type":"post","link":"https:\/\/www.meydan.tv\/az\/article\/s%c9%99f%c9%99q-q%c9%99s%c9%99b%c9%99si-bura-repressiya-dovrund%c9%99ki-k%c9%99ndl%c9%99ri-xatirladir\/","title":{"rendered":"\u015e\u0259f\u0259q q\u0259s\u0259b\u0259si: Bura repressiya d\u00f6vr\u00fcnd\u0259ki k\u0259ndl\u0259ri xat\u0131rlad\u0131r"},"content":{"rendered":"\n<figure class=\"wp-block-embed is-type-video is-provider-youtube wp-block-embed-youtube wp-embed-aspect-4-3 wp-has-aspect-ratio\"><div class=\"wp-block-embed__wrapper\">\n<iframe title=\"\u015e\u0259f\u0259q q\u0259s\u0259b\u0259si: Bura repressiya d\u00f6vr\u00fcnd\u0259ki k\u0259ndl\u0259ri xat\u0131rlad\u0131r\" width=\"1200\" height=\"675\" data-src=\"https:\/\/www.youtube.com\/embed\/pCMHsCv1s7I?feature=oembed\" frameborder=\"0\" allow=\"accelerometer; autoplay; clipboard-write; encrypted-media; gyroscope; picture-in-picture; web-share\" referrerpolicy=\"strict-origin-when-cross-origin\" allowfullscreen src=\"data:image\/svg+xml;base64,PHN2ZyB3aWR0aD0iMSIgaGVpZ2h0PSIxIiB4bWxucz0iaHR0cDovL3d3dy53My5vcmcvMjAwMC9zdmciPjwvc3ZnPg==\" class=\"lazyload\" data-load-mode=\"1\"><\/iframe>\n<\/div><\/figure>\n\n\n\n<!--more-->\n\n\n\n<p><\/p>\n\n\n\n<p>Bura \u015e\u0259f\u0259q q\u0259s\u0259b\u0259sidir. Q\u0259s\u0259b\u0259 Bak\u0131-Sumqay\u0131t stansiyas\u0131 yax\u0131nl\u0131\u011f\u0131nda yerl\u0259\u015fir, buna g\u00f6r\u0259 d\u0259 &#8220;Stansiya Sumqay\u0131t&#8221; da deyilir. Q\u0259s\u0259b\u0259 sakinl\u0259ri is\u0259 buran\u0131 h\u0259bsxana adland\u0131r\u0131rlar.&nbsp;<\/p>\n\n\n\n<p>Burada 8 mind\u0259n \u00e7ox insan ya\u015fay\u0131r ki, onlar \u0259sas\u0259n \u015f\u0259hid ail\u0259l\u0259ri, qazil\u0259r v\u0259 g\u00f6zd\u0259n \u0259lil \u015f\u0259xsl\u0259rdir. Sakinl\u0259rin g\u00fcnd\u0259lik z\u0259ruri t\u0259l\u0259batlar\u0131n\u0131 qar\u015f\u0131lamaq \u00fc\u00e7\u00fcn d\u0259, asud\u0259 zamanlar\u0131n\u0131 d\u0259y\u0259rl\u0259ndirm\u0259k \u00fc\u00e7\u00fcn d\u0259 imkanlar\u0131 m\u0259hduddur. M\u00fcsahibl\u0259rimiz bildirirl\u0259r ki, yax\u0131nl\u0131qda i\u015f yerl\u0259ri yoxdur, i\u015fl\u0259y\u0259n insanlar is\u0259 g\u0259lirl\u0259rinin bir hiss\u0259sini ictimai n\u0259qliyyata x\u0259rcl\u0259m\u0259li olur ki, q\u0259s\u0259b\u0259nin \u00f6z\u00fcnd\u0259 g\u0259lirl\u0259rini x\u0259rcl\u0259y\u0259c\u0259kl\u0259ri ictimai n\u0259qliyyat\u0131 bel\u0259 tapa bilmirl\u0259r. Onlar\u0131n s\u00f6zl\u0259rin\u0259 g\u00f6r\u0259, q\u0259s\u0259b\u0259y\u0259 g\u0259l\u0259n mar\u015frut avtobuslar\u0131 aras\u0131nda saat interval\u0131 \u00e7oxdur, m\u00fc\u0259yy\u0259n saatdan sonra is\u0259 \u00fcmumiyy\u0259tl\u0259 g\u0259lmir.&nbsp;<\/p>\n\n\n\n<p>\u0130ctimai n\u0259qliyyat v\u0259 mobil operatorla yana\u015f\u0131 sakinl\u0259r kanalizasiya il\u0259 ba\u011fl\u0131, t\u0259cili tibbi yard\u0131mla ba\u011fl\u0131 da probleml\u0259r ya\u015fay\u0131r, z\u0259ruri \u0259rzaqlar\u0131 almaq \u00fc\u00e7\u00fcn bel\u0259 xeyli yol q\u0259t etm\u0259li olurlar. <\/p>\n\n\n\n<p>Bunlardan \u0259lav\u0259, insanlar\u0131n sosialla\u015fmas\u0131 \u00fc\u00e7\u00fcn kafe, restoran, \u00e7ay evi yoxdur, yegan\u0259 park is\u0259 q\u0259s\u0259b\u0259nin sonunda yerl\u0259\u015fir.\u00a0<\/p>\n\n\n\n<p>B\u00fct\u00fcn bu probleml\u0259rl\u0259 ba\u011fl\u0131 aidiyyat\u0131 qurumlara yaz\u0131l\u0131 v\u0259 \u015fifahi d\u0259f\u0259l\u0259rl\u0259 m\u00fcraci\u0259t etdikl\u0259rini bildir\u0259n m\u00fcsahibl\u0259rimiz he\u00e7 bir n\u0259tic\u0259 \u0259ld\u0259 ed\u0259 bilm\u0259yibl\u0259r.<\/p>\n","protected":false},"excerpt":{"rendered":"","protected":false},"author":12,"featured_media":323543,"comment_status":"closed","ping_status":"closed","sticky":false,"template":"","format":"standard","meta":{"_acf_changed":false,"_sitemap_exclude":false,"_sitemap_priority":"","_sitemap_frequency":"","footnotes":""},"categories":[62,79,63,56],"tags":[],"class_list":["post-323542","post","type-post","status-publish","format-standard","has-post-thumbnail","hentry","category-sosial","category-featured","category-video-2","category-xeberler","infinite-scroll-item","generate-columns","tablet-grid-50","mobile-grid-100","grid-parent","grid-33","no-featured-image-padding"],"acf":[],"yoast_head":"<!-- This site is optimized with the Yoast SEO plugin v27.4 - https:\/\/yoast.com\/product\/yoast-seo-wordpress\/ -->\n<title>\u015e\u0259f\u0259q q\u0259s\u0259b\u0259si: Bura repressiya d\u00f6vr\u00fcnd\u0259ki k\u0259ndl\u0259ri xat\u0131rlad\u0131r - MEYDAN.TV<\/title>\n<meta name=\"robots\" content=\"index, follow, max-snippet:-1, max-image-preview:large, max-video-preview:-1\" \/>\n<link rel=\"canonical\" href=\"https:\/\/www.meydan.tv\/az\/article\/s%c9%99f%c9%99q-q%c9%99s%c9%99b%c9%99si-bura-repressiya-dovrund%c9%99ki-k%c9%99ndl%c9%99ri-xatirladir\/\" \/>\n<meta property=\"og:locale\" content=\"az_AZ\" \/>\n<meta property=\"og:type\" content=\"article\" \/>\n<meta property=\"og:title\" content=\"\u015e\u0259f\u0259q q\u0259s\u0259b\u0259si: Bura repressiya d\u00f6vr\u00fcnd\u0259ki k\u0259ndl\u0259ri xat\u0131rlad\u0131r - MEYDAN.TV\" \/>\n<meta property=\"og:url\" content=\"https:\/\/www.meydan.tv\/az\/article\/s%c9%99f%c9%99q-q%c9%99s%c9%99b%c9%99si-bura-repressiya-dovrund%c9%99ki-k%c9%99ndl%c9%99ri-xatirladir\/\" \/>\n<meta property=\"og:site_name\" content=\"MEYDAN.TV\" \/>\n<meta property=\"article:published_time\" content=\"2024-12-27T15:31:38+00:00\" \/>\n<meta property=\"article:modified_time\" content=\"2024-12-27T15:31:40+00:00\" \/>\n<meta property=\"og:image\" content=\"https:\/\/www.meydan.tv\/wp-content\/uploads\/screenshot-2024-12-27-at-16.19.31.png\" \/>\n\t<meta property=\"og:image:width\" content=\"1642\" \/>\n\t<meta property=\"og:image:height\" content=\"814\" \/>\n\t<meta property=\"og:image:type\" content=\"image\/png\" \/>\n<meta name=\"author\" content=\"aleks\" \/>\n<meta name=\"twitter:card\" content=\"summary_large_image\" \/>\n<script type=\"application\/ld+json\" class=\"yoast-schema-graph\">{\"@context\":\"https:\\\/\\\/schema.org\",\"@graph\":[{\"@type\":\"Article\",\"@id\":\"https:\\\/\\\/www.meydan.tv\\\/az\\\/article\\\/s%c9%99f%c9%99q-q%c9%99s%c9%99b%c9%99si-bura-repressiya-dovrund%c9%99ki-k%c9%99ndl%c9%99ri-xatirladir\\\/#article\",\"isPartOf\":{\"@id\":\"https:\\\/\\\/www.meydan.tv\\\/az\\\/article\\\/s%c9%99f%c9%99q-q%c9%99s%c9%99b%c9%99si-bura-repressiya-dovrund%c9%99ki-k%c9%99ndl%c9%99ri-xatirladir\\\/\"},\"author\":{\"name\":\"aleks\",\"@id\":\"https:\\\/\\\/www.meydan.tv\\\/az\\\/#\\\/schema\\\/person\\\/476e9360e593fa131d5d71d51866f8da\"},\"headline\":\"\u015e\u0259f\u0259q q\u0259s\u0259b\u0259si: Bura repressiya d\u00f6vr\u00fcnd\u0259ki k\u0259ndl\u0259ri xat\u0131rlad\u0131r\",\"datePublished\":\"2024-12-27T15:31:38+00:00\",\"dateModified\":\"2024-12-27T15:31:40+00:00\",\"mainEntityOfPage\":{\"@id\":\"https:\\\/\\\/www.meydan.tv\\\/az\\\/article\\\/s%c9%99f%c9%99q-q%c9%99s%c9%99b%c9%99si-bura-repressiya-dovrund%c9%99ki-k%c9%99ndl%c9%99ri-xatirladir\\\/\"},\"wordCount\":305,\"publisher\":{\"@id\":\"https:\\\/\\\/www.meydan.tv\\\/az\\\/#organization\"},\"image\":{\"@id\":\"https:\\\/\\\/www.meydan.tv\\\/az\\\/article\\\/s%c9%99f%c9%99q-q%c9%99s%c9%99b%c9%99si-bura-repressiya-dovrund%c9%99ki-k%c9%99ndl%c9%99ri-xatirladir\\\/#primaryimage\"},\"thumbnailUrl\":\"https:\\\/\\\/www.meydan.tv\\\/wp-content\\\/uploads\\\/screenshot-2024-12-27-at-16.19.31.png\",\"articleSection\":[\"Sosial\",\"T\u00f6vsiy\u0259\",\"Video\",\"X\u0259b\u0259rl\u0259r\"],\"inLanguage\":\"az\"},{\"@type\":\"WebPage\",\"@id\":\"https:\\\/\\\/www.meydan.tv\\\/az\\\/article\\\/s%c9%99f%c9%99q-q%c9%99s%c9%99b%c9%99si-bura-repressiya-dovrund%c9%99ki-k%c9%99ndl%c9%99ri-xatirladir\\\/\",\"url\":\"https:\\\/\\\/www.meydan.tv\\\/az\\\/article\\\/s%c9%99f%c9%99q-q%c9%99s%c9%99b%c9%99si-bura-repressiya-dovrund%c9%99ki-k%c9%99ndl%c9%99ri-xatirladir\\\/\",\"name\":\"\u015e\u0259f\u0259q q\u0259s\u0259b\u0259si: Bura repressiya d\u00f6vr\u00fcnd\u0259ki k\u0259ndl\u0259ri xat\u0131rlad\u0131r - MEYDAN.TV\",\"isPartOf\":{\"@id\":\"https:\\\/\\\/www.meydan.tv\\\/az\\\/#website\"},\"primaryImageOfPage\":{\"@id\":\"https:\\\/\\\/www.meydan.tv\\\/az\\\/article\\\/s%c9%99f%c9%99q-q%c9%99s%c9%99b%c9%99si-bura-repressiya-dovrund%c9%99ki-k%c9%99ndl%c9%99ri-xatirladir\\\/#primaryimage\"},\"image\":{\"@id\":\"https:\\\/\\\/www.meydan.tv\\\/az\\\/article\\\/s%c9%99f%c9%99q-q%c9%99s%c9%99b%c9%99si-bura-repressiya-dovrund%c9%99ki-k%c9%99ndl%c9%99ri-xatirladir\\\/#primaryimage\"},\"thumbnailUrl\":\"https:\\\/\\\/www.meydan.tv\\\/wp-content\\\/uploads\\\/screenshot-2024-12-27-at-16.19.31.png\",\"datePublished\":\"2024-12-27T15:31:38+00:00\",\"dateModified\":\"2024-12-27T15:31:40+00:00\",\"breadcrumb\":{\"@id\":\"https:\\\/\\\/www.meydan.tv\\\/az\\\/article\\\/s%c9%99f%c9%99q-q%c9%99s%c9%99b%c9%99si-bura-repressiya-dovrund%c9%99ki-k%c9%99ndl%c9%99ri-xatirladir\\\/#breadcrumb\"},\"inLanguage\":\"az\",\"potentialAction\":[{\"@type\":\"ReadAction\",\"target\":[\"https:\\\/\\\/www.meydan.tv\\\/az\\\/article\\\/s%c9%99f%c9%99q-q%c9%99s%c9%99b%c9%99si-bura-repressiya-dovrund%c9%99ki-k%c9%99ndl%c9%99ri-xatirladir\\\/\"]}]},{\"@type\":\"ImageObject\",\"inLanguage\":\"az\",\"@id\":\"https:\\\/\\\/www.meydan.tv\\\/az\\\/article\\\/s%c9%99f%c9%99q-q%c9%99s%c9%99b%c9%99si-bura-repressiya-dovrund%c9%99ki-k%c9%99ndl%c9%99ri-xatirladir\\\/#primaryimage\",\"url\":\"https:\\\/\\\/www.meydan.tv\\\/wp-content\\\/uploads\\\/screenshot-2024-12-27-at-16.19.31.png\",\"contentUrl\":\"https:\\\/\\\/www.meydan.tv\\\/wp-content\\\/uploads\\\/screenshot-2024-12-27-at-16.19.31.png\",\"width\":1642,\"height\":814},{\"@type\":\"BreadcrumbList\",\"@id\":\"https:\\\/\\\/www.meydan.tv\\\/az\\\/article\\\/s%c9%99f%c9%99q-q%c9%99s%c9%99b%c9%99si-bura-repressiya-dovrund%c9%99ki-k%c9%99ndl%c9%99ri-xatirladir\\\/#breadcrumb\",\"itemListElement\":[{\"@type\":\"ListItem\",\"position\":1,\"name\":\"Ana s\u0259hif\u0259\",\"item\":\"https:\\\/\\\/www.meydan.tv\\\/az\\\/\"},{\"@type\":\"ListItem\",\"position\":2,\"name\":\"Video\",\"item\":\"https:\\\/\\\/www.meydan.tv\\\/az\\\/section\\\/video-2\\\/\"},{\"@type\":\"ListItem\",\"position\":3,\"name\":\"\u015e\u0259f\u0259q q\u0259s\u0259b\u0259si: Bura repressiya d\u00f6vr\u00fcnd\u0259ki k\u0259ndl\u0259ri xat\u0131rlad\u0131r\"}]},{\"@type\":\"WebSite\",\"@id\":\"https:\\\/\\\/www.meydan.tv\\\/az\\\/#website\",\"url\":\"https:\\\/\\\/www.meydan.tv\\\/az\\\/\",\"name\":\"MEYDAN.TV\",\"description\":\"Meydan TV Az\u0259rbaycan\u0131n media m\u0259kan\u0131ndak\u0131 alternativ s\u0259sidir\",\"publisher\":{\"@id\":\"https:\\\/\\\/www.meydan.tv\\\/az\\\/#organization\"},\"potentialAction\":[{\"@type\":\"SearchAction\",\"target\":{\"@type\":\"EntryPoint\",\"urlTemplate\":\"https:\\\/\\\/www.meydan.tv\\\/az\\\/?s={search_term_string}\"},\"query-input\":{\"@type\":\"PropertyValueSpecification\",\"valueRequired\":true,\"valueName\":\"search_term_string\"}}],\"inLanguage\":\"az\"},{\"@type\":\"Organization\",\"@id\":\"https:\\\/\\\/www.meydan.tv\\\/az\\\/#organization\",\"name\":\"Meydan TV\",\"url\":\"https:\\\/\\\/www.meydan.tv\\\/az\\\/\",\"logo\":{\"@type\":\"ImageObject\",\"inLanguage\":\"az\",\"@id\":\"https:\\\/\\\/www.meydan.tv\\\/az\\\/#\\\/schema\\\/logo\\\/image\\\/\",\"url\":\"https:\\\/\\\/www.meydan.tv\\\/wp-content\\\/uploads\\\/2021\\\/07\\\/meydan-logo.svg\",\"contentUrl\":\"https:\\\/\\\/www.meydan.tv\\\/wp-content\\\/uploads\\\/2021\\\/07\\\/meydan-logo.svg\",\"width\":195,\"height\":46,\"caption\":\"Meydan TV\"},\"image\":{\"@id\":\"https:\\\/\\\/www.meydan.tv\\\/az\\\/#\\\/schema\\\/logo\\\/image\\\/\"}},{\"@type\":\"Person\",\"@id\":\"https:\\\/\\\/www.meydan.tv\\\/az\\\/#\\\/schema\\\/person\\\/476e9360e593fa131d5d71d51866f8da\",\"name\":\"aleks\"}]}<\/script>\n<!-- \/ Yoast SEO plugin. -->","yoast_head_json":{"title":"\u015e\u0259f\u0259q q\u0259s\u0259b\u0259si: Bura repressiya d\u00f6vr\u00fcnd\u0259ki k\u0259ndl\u0259ri xat\u0131rlad\u0131r - MEYDAN.TV","robots":{"index":"index","follow":"follow","max-snippet":"max-snippet:-1","max-image-preview":"max-image-preview:large","max-video-preview":"max-video-preview:-1"},"canonical":"https:\/\/www.meydan.tv\/az\/article\/s%c9%99f%c9%99q-q%c9%99s%c9%99b%c9%99si-bura-repressiya-dovrund%c9%99ki-k%c9%99ndl%c9%99ri-xatirladir\/","og_locale":"az_AZ","og_type":"article","og_title":"\u015e\u0259f\u0259q q\u0259s\u0259b\u0259si: Bura repressiya d\u00f6vr\u00fcnd\u0259ki k\u0259ndl\u0259ri xat\u0131rlad\u0131r - MEYDAN.TV","og_url":"https:\/\/www.meydan.tv\/az\/article\/s%c9%99f%c9%99q-q%c9%99s%c9%99b%c9%99si-bura-repressiya-dovrund%c9%99ki-k%c9%99ndl%c9%99ri-xatirladir\/","og_site_name":"MEYDAN.TV","article_published_time":"2024-12-27T15:31:38+00:00","article_modified_time":"2024-12-27T15:31:40+00:00","og_image":[{"width":1642,"height":814,"url":"https:\/\/www.meydan.tv\/wp-content\/uploads\/screenshot-2024-12-27-at-16.19.31.png","type":"image\/png"}],"author":"aleks","twitter_card":"summary_large_image","schema":{"@context":"https:\/\/schema.org","@graph":[{"@type":"Article","@id":"https:\/\/www.meydan.tv\/az\/article\/s%c9%99f%c9%99q-q%c9%99s%c9%99b%c9%99si-bura-repressiya-dovrund%c9%99ki-k%c9%99ndl%c9%99ri-xatirladir\/#article","isPartOf":{"@id":"https:\/\/www.meydan.tv\/az\/article\/s%c9%99f%c9%99q-q%c9%99s%c9%99b%c9%99si-bura-repressiya-dovrund%c9%99ki-k%c9%99ndl%c9%99ri-xatirladir\/"},"author":{"name":"aleks","@id":"https:\/\/www.meydan.tv\/az\/#\/schema\/person\/476e9360e593fa131d5d71d51866f8da"},"headline":"\u015e\u0259f\u0259q q\u0259s\u0259b\u0259si: Bura repressiya d\u00f6vr\u00fcnd\u0259ki k\u0259ndl\u0259ri xat\u0131rlad\u0131r","datePublished":"2024-12-27T15:31:38+00:00","dateModified":"2024-12-27T15:31:40+00:00","mainEntityOfPage":{"@id":"https:\/\/www.meydan.tv\/az\/article\/s%c9%99f%c9%99q-q%c9%99s%c9%99b%c9%99si-bura-repressiya-dovrund%c9%99ki-k%c9%99ndl%c9%99ri-xatirladir\/"},"wordCount":305,"publisher":{"@id":"https:\/\/www.meydan.tv\/az\/#organization"},"image":{"@id":"https:\/\/www.meydan.tv\/az\/article\/s%c9%99f%c9%99q-q%c9%99s%c9%99b%c9%99si-bura-repressiya-dovrund%c9%99ki-k%c9%99ndl%c9%99ri-xatirladir\/#primaryimage"},"thumbnailUrl":"https:\/\/www.meydan.tv\/wp-content\/uploads\/screenshot-2024-12-27-at-16.19.31.png","articleSection":["Sosial","T\u00f6vsiy\u0259","Video","X\u0259b\u0259rl\u0259r"],"inLanguage":"az"},{"@type":"WebPage","@id":"https:\/\/www.meydan.tv\/az\/article\/s%c9%99f%c9%99q-q%c9%99s%c9%99b%c9%99si-bura-repressiya-dovrund%c9%99ki-k%c9%99ndl%c9%99ri-xatirladir\/","url":"https:\/\/www.meydan.tv\/az\/article\/s%c9%99f%c9%99q-q%c9%99s%c9%99b%c9%99si-bura-repressiya-dovrund%c9%99ki-k%c9%99ndl%c9%99ri-xatirladir\/","name":"\u015e\u0259f\u0259q q\u0259s\u0259b\u0259si: Bura repressiya d\u00f6vr\u00fcnd\u0259ki k\u0259ndl\u0259ri xat\u0131rlad\u0131r - MEYDAN.TV","isPartOf":{"@id":"https:\/\/www.meydan.tv\/az\/#website"},"primaryImageOfPage":{"@id":"https:\/\/www.meydan.tv\/az\/article\/s%c9%99f%c9%99q-q%c9%99s%c9%99b%c9%99si-bura-repressiya-dovrund%c9%99ki-k%c9%99ndl%c9%99ri-xatirladir\/#primaryimage"},"image":{"@id":"https:\/\/www.meydan.tv\/az\/article\/s%c9%99f%c9%99q-q%c9%99s%c9%99b%c9%99si-bura-repressiya-dovrund%c9%99ki-k%c9%99ndl%c9%99ri-xatirladir\/#primaryimage"},"thumbnailUrl":"https:\/\/www.meydan.tv\/wp-content\/uploads\/screenshot-2024-12-27-at-16.19.31.png","datePublished":"2024-12-27T15:31:38+00:00","dateModified":"2024-12-27T15:31:40+00:00","breadcrumb":{"@id":"https:\/\/www.meydan.tv\/az\/article\/s%c9%99f%c9%99q-q%c9%99s%c9%99b%c9%99si-bura-repressiya-dovrund%c9%99ki-k%c9%99ndl%c9%99ri-xatirladir\/#breadcrumb"},"inLanguage":"az","potentialAction":[{"@type":"ReadAction","target":["https:\/\/www.meydan.tv\/az\/article\/s%c9%99f%c9%99q-q%c9%99s%c9%99b%c9%99si-bura-repressiya-dovrund%c9%99ki-k%c9%99ndl%c9%99ri-xatirladir\/"]}]},{"@type":"ImageObject","inLanguage":"az","@id":"https:\/\/www.meydan.tv\/az\/article\/s%c9%99f%c9%99q-q%c9%99s%c9%99b%c9%99si-bura-repressiya-dovrund%c9%99ki-k%c9%99ndl%c9%99ri-xatirladir\/#primaryimage","url":"https:\/\/www.meydan.tv\/wp-content\/uploads\/screenshot-2024-12-27-at-16.19.31.png","contentUrl":"https:\/\/www.meydan.tv\/wp-content\/uploads\/screenshot-2024-12-27-at-16.19.31.png","width":1642,"height":814},{"@type":"BreadcrumbList","@id":"https:\/\/www.meydan.tv\/az\/article\/s%c9%99f%c9%99q-q%c9%99s%c9%99b%c9%99si-bura-repressiya-dovrund%c9%99ki-k%c9%99ndl%c9%99ri-xatirladir\/#breadcrumb","itemListElement":[{"@type":"ListItem","position":1,"name":"Ana s\u0259hif\u0259","item":"https:\/\/www.meydan.tv\/az\/"},{"@type":"ListItem","position":2,"name":"Video","item":"https:\/\/www.meydan.tv\/az\/section\/video-2\/"},{"@type":"ListItem","position":3,"name":"\u015e\u0259f\u0259q q\u0259s\u0259b\u0259si: Bura repressiya d\u00f6vr\u00fcnd\u0259ki k\u0259ndl\u0259ri xat\u0131rlad\u0131r"}]},{"@type":"WebSite","@id":"https:\/\/www.meydan.tv\/az\/#website","url":"https:\/\/www.meydan.tv\/az\/","name":"MEYDAN.TV","description":"Meydan TV Az\u0259rbaycan\u0131n media m\u0259kan\u0131ndak\u0131 alternativ s\u0259sidir","publisher":{"@id":"https:\/\/www.meydan.tv\/az\/#organization"},"potentialAction":[{"@type":"SearchAction","target":{"@type":"EntryPoint","urlTemplate":"https:\/\/www.meydan.tv\/az\/?s={search_term_string}"},"query-input":{"@type":"PropertyValueSpecification","valueRequired":true,"valueName":"search_term_string"}}],"inLanguage":"az"},{"@type":"Organization","@id":"https:\/\/www.meydan.tv\/az\/#organization","name":"Meydan TV","url":"https:\/\/www.meydan.tv\/az\/","logo":{"@type":"ImageObject","inLanguage":"az","@id":"https:\/\/www.meydan.tv\/az\/#\/schema\/logo\/image\/","url":"https:\/\/www.meydan.tv\/wp-content\/uploads\/2021\/07\/meydan-logo.svg","contentUrl":"https:\/\/www.meydan.tv\/wp-content\/uploads\/2021\/07\/meydan-logo.svg","width":195,"height":46,"caption":"Meydan TV"},"image":{"@id":"https:\/\/www.meydan.tv\/az\/#\/schema\/logo\/image\/"}},{"@type":"Person","@id":"https:\/\/www.meydan.tv\/az\/#\/schema\/person\/476e9360e593fa131d5d71d51866f8da","name":"aleks"}]}},"_links":{"self":[{"href":"https:\/\/www.meydan.tv\/az\/wp-json\/wp\/v2\/posts\/323542","targetHints":{"allow":["GET"]}}],"collection":[{"href":"https:\/\/www.meydan.tv\/az\/wp-json\/wp\/v2\/posts"}],"about":[{"href":"https:\/\/www.meydan.tv\/az\/wp-json\/wp\/v2\/types\/post"}],"author":[{"embeddable":true,"href":"https:\/\/www.meydan.tv\/az\/wp-json\/wp\/v2\/users\/12"}],"replies":[{"embeddable":true,"href":"https:\/\/www.meydan.tv\/az\/wp-json\/wp\/v2\/comments?post=323542"}],"version-history":[{"count":3,"href":"https:\/\/www.meydan.tv\/az\/wp-json\/wp\/v2\/posts\/323542\/revisions"}],"predecessor-version":[{"id":323549,"href":"https:\/\/www.meydan.tv\/az\/wp-json\/wp\/v2\/posts\/323542\/revisions\/323549"}],"wp:featuredmedia":[{"embeddable":true,"href":"https:\/\/www.meydan.tv\/az\/wp-json\/wp\/v2\/media\/323543"}],"wp:attachment":[{"href":"https:\/\/www.meydan.tv\/az\/wp-json\/wp\/v2\/media?parent=323542"}],"wp:term":[{"taxonomy":"category","embeddable":true,"href":"https:\/\/www.meydan.tv\/az\/wp-json\/wp\/v2\/categories?post=323542"},{"taxonomy":"post_tag","embeddable":true,"href":"https:\/\/www.meydan.tv\/az\/wp-json\/wp\/v2\/tags?post=323542"}],"curies":[{"name":"wp","href":"https:\/\/api.w.org\/{rel}","templated":true}]}}