{"id":323496,"date":"2024-12-27T14:32:02","date_gmt":"2024-12-27T10:32:02","guid":{"rendered":"https:\/\/www.meydan.tv\/?p=323496"},"modified":"2024-12-27T20:17:23","modified_gmt":"2024-12-27T16:17:23","slug":"baki-qrozni-reysi-zamani-q%c9%99zada-x%c9%99sar%c9%99t-alanlarin-v%c9%99ziyy%c9%99tinin-q%c9%99na%c9%99tb%c9%99xs-oldugu-deyilir","status":"publish","type":"post","link":"https:\/\/www.meydan.tv\/az\/article\/baki-qrozni-reysi-zamani-q%c9%99zada-x%c9%99sar%c9%99t-alanlarin-v%c9%99ziyy%c9%99tinin-q%c9%99na%c9%99tb%c9%99xs-oldugu-deyilir\/","title":{"rendered":"Bak\u0131-Qrozn\u0131 reysi zaman\u0131 q\u0259zada x\u0259sar\u0259t alanlar\u0131n v\u0259ziyy\u0259tinin q\u0259na\u0259tb\u0259x\u015f oldu\u011fu deyilir"},"content":{"rendered":"\n<p><\/p>\n\n\n\n<p><strong><em>S\u0259hiyy\u0259 naziri yaral\u0131lar\u0131n hans\u0131 s\u0259b\u0259bd\u0259n x\u0259sar\u0259t ald\u0131qlar\u0131n\u0131n h\u0259l\u0259lik m\u0259lum olmad\u0131\u011f\u0131n\u0131 deyib<\/em><\/strong><strong><em><\/em><\/strong><\/p>\n\n\n\n<p>Bak\u0131-Qrozn\u0131 reysi zaman\u0131 q\u0259zada x\u0259sar\u0259t alanlar\u0131n v\u0259ziyy\u0259tinin q\u0259na\u0259tb\u0259x\u015f oldu\u011fu bildirilir.<\/p>\n\n\n\n<p>S\u0259hiyy\u0259 naziri Teymur Musayev Bak\u0131ya g\u0259tiril\u0259nd\u0259n sonra Yeni Klinikada m\u00fcalic\u0259si davam ed\u0259n yaral\u0131lar\u0131n son v\u0259ziyy\u0259ti bar\u0259d\u0259 jurnalistl\u0259r\u0259 a\u00e7\u0131qlamas\u0131nda deyib.<\/p>\n\n\n\n<p>Bildirib ki, Qazax\u0131standa m\u00fcalic\u0259si davam ed\u0259n \u00fc\u00e7 n\u0259f\u0259rin is\u0259 v\u0259ziyy\u0259ti orta a\u011f\u0131r qiym\u0259tl\u0259ndirilir.<\/p>\n\n\n<div class=\"wp-block-image\">\n<figure class=\"alignleft size-full is-resized\"><img decoding=\"async\" width=\"800\" height=\"540\" data-src=\"https:\/\/www.meydan.tv\/wp-content\/uploads\/1610782405_0d464ab9-444d-4815-98b2-ddbdec04f026.jpg\" alt=\"Teymur Musayev\" class=\"wp-image-154800 lazyload\" style=\"--smush-placeholder-width: 800px; --smush-placeholder-aspect-ratio: 800\/540;width:404px;height:auto\" src=\"data:image\/svg+xml;base64,PHN2ZyB3aWR0aD0iMSIgaGVpZ2h0PSIxIiB4bWxucz0iaHR0cDovL3d3dy53My5vcmcvMjAwMC9zdmciPjwvc3ZnPg==\" \/><figcaption class=\"wp-element-caption\">Source: AzTV<\/figcaption><\/figure>\n<\/div>\n\n\n<p>Onun s\u00f6zl\u0259rin\u0259 g\u00f6r\u0259, h\u0259min \u015f\u0259xsl\u0259rin m\u00fcalic\u0259si daim n\u0259zar\u0259t alt\u0131ndad\u0131r v\u0259 Bak\u0131dan oraya h\u0259kim, tibb bac\u0131s\u0131 qrupu g\u00f6nd\u0259ril\u0259c\u0259k.<\/p>\n\n\n\n<p>S\u0259hiyy\u0259 naziri yaral\u0131lar\u0131n hans\u0131 s\u0259b\u0259bd\u0259n x\u0259sar\u0259t ald\u0131qlar\u0131n\u0131n h\u0259l\u0259lik m\u0259lum olmad\u0131\u011f\u0131n\u0131 deyib.<\/p>\n\n\n\n<p><em>\u201cOnlar\u0131n q\u0259lp\u0259, yaxud g\u00fcll\u0259 yaras\u0131ndan x\u0259sar\u0259t ald\u0131qlar\u0131 bar\u0259d\u0259 konkret n\u0259s\u0259 dey\u0259 bilmirik. \u00c7\u00fcnki bu ba\u015fqa ara\u015fd\u0131rma m\u00f6vzusudur<\/em>\u201d, &#8211; s\u0259hiyy\u0259 naziri deyib.<\/p>\n\n\n\n<p>Teymur Musayev h\u0259m\u00e7inin deyib ki, aviaq\u0259za n\u0259tic\u0259sind\u0259 \u015f\u0259xsiyy\u0259ti m\u00fc\u0259yy\u0259nl\u0259\u015fdirilm\u0259y\u0259nl\u0259rin DNT analizl\u0259ri g\u00f6t\u00fcr\u00fcl\u00fcb.<\/p>\n\n\n\n<p>AZAL-\u0131n Bak\u0131-Qrozn\u0131 aviareysini h\u0259yata ke\u00e7ir\u0259n s\u0259rni\u015fin t\u0259yyar\u0259si dekabr\u0131n 25-d\u0259 Qazax\u0131stan\u0131n Aktau \u015f\u0259h\u0259ri yax\u0131nl\u0131\u011f\u0131nda q\u0259zaya u\u011fray\u0131b.<\/p>\n\n\n\n<p>T\u0259yyar\u0259nin g\u00f6y\u0259rt\u0259sind\u0259 olan 67 n\u0259f\u0259rd\u0259n 42-si Az\u0259rbaycan, 16-s\u0131 Rusiya, 6-s\u0131 Qazax\u0131stan, 3-\u00fc is\u0259 Q\u0131r\u011f\u0131z\u0131stan v\u0259t\u0259nda\u015f\u0131 olub. Onlardan 38-i h\u0259lak olub, 29-u sa\u011f qal\u0131b.<\/p>\n\n\n\n<p>Q\u0259zadan sonra x\u0259st\u0259xanaya 27 \u015f\u0259xs daxil olub.<\/p>\n\n\n\n<p>H\u0259r iki pilot da daxil olmaqla 3 ekipaj \u00fczv\u00fc h\u0259lak olub, iki ekipaj \u00fczv\u00fc is\u0259 sa\u011f qal\u0131b.<\/p>\n\n\n\n<p>Dekabr\u0131n 26-da Az\u0259rbaycana 14 yaral\u0131 v\u0259 4 n\u0259f\u0259rin c\u0259s\u0259di g\u0259tirilib.<\/p>\n\n\n\n<p>Prezident \u0130lham \u018fliyev \u00e7oxsayl\u0131 insan itkisind\u0259n sonra \u00f6lk\u0259 \u0259razisind\u0259 bir g\u00fcnl\u00fck mat\u0259m elan olunmas\u0131 il\u0259 ba\u011fl\u0131 s\u0259r\u0259ncam imzalay\u0131b.<\/p>\n\n\n\n<p>Eyni zamanda d\u00f6vl\u0259t ba\u015f\u00e7\u0131s\u0131n\u0131n tap\u015f\u0131r\u0131\u011f\u0131 il\u0259 t\u0259yyar\u0259 q\u0259zas\u0131n\u0131n s\u0259b\u0259bl\u0259rinin ara\u015fd\u0131r\u0131lmas\u0131 \u00fc\u00e7\u00fcn Ba\u015f nazir \u018fli \u018fs\u0259dovun r\u0259hb\u0259rliyi il\u0259 D\u00f6vl\u0259t Komissiyas\u0131 yarad\u0131l\u0131b.<\/p>\n\n\n\n<p>\u201cEuronews\u201d Az\u0259rbaycan\u0131n h\u00f6kum\u0259t m\u0259nb\u0259l\u0259rin\u0259 istinad\u0259n yaz\u0131b ki, Aktauda \u201cAz\u0259rbaycan Hava Yollar\u0131\u201dna m\u0259xsus t\u0259yyar\u0259nin q\u0259zaya u\u011framas\u0131na Rusiyan\u0131n yer-hava raketi s\u0259b\u0259b olub.<\/p>\n","protected":false},"excerpt":{"rendered":"<p>S\u0259hiyy\u0259 naziri yaral\u0131lar\u0131n hans\u0131 s\u0259b\u0259bd\u0259n x\u0259sar\u0259t ald\u0131qlar\u0131n\u0131n h\u0259l\u0259lik m\u0259lum olmad\u0131\u011f\u0131n\u0131 &#8230; <\/p>\n<p class=\"read-more-container\"><a title=\"Bak\u0131-Qrozn\u0131 reysi zaman\u0131 q\u0259zada x\u0259sar\u0259t alanlar\u0131n v\u0259ziyy\u0259tinin q\u0259na\u0259tb\u0259x\u015f oldu\u011fu deyilir\" class=\"read-more button\" href=\"https:\/\/www.meydan.tv\/az\/article\/baki-qrozni-reysi-zamani-q%c9%99zada-x%c9%99sar%c9%99t-alanlarin-v%c9%99ziyy%c9%99tinin-q%c9%99na%c9%99tb%c9%99xs-oldugu-deyilir\/#more-323496\" aria-label=\"Read more about Bak\u0131-Qrozn\u0131 reysi zaman\u0131 q\u0259zada x\u0259sar\u0259t alanlar\u0131n v\u0259ziyy\u0259tinin q\u0259na\u0259tb\u0259x\u015f oldu\u011fu deyilir\">Davam\u0131<\/a><\/p>\n","protected":false},"author":21,"featured_media":323429,"comment_status":"closed","ping_status":"closed","sticky":false,"template":"","format":"standard","meta":{"_acf_changed":false,"_sitemap_exclude":false,"_sitemap_priority":"","_sitemap_frequency":"","footnotes":""},"categories":[62,79,56],"tags":[],"class_list":["post-323496","post","type-post","status-publish","format-standard","has-post-thumbnail","hentry","category-sosial","category-featured","category-xeberler","infinite-scroll-item","generate-columns","tablet-grid-50","mobile-grid-100","grid-parent","grid-33","no-featured-image-padding"],"acf":[],"yoast_head":"<!-- This site is optimized with the Yoast SEO plugin v27.4 - https:\/\/yoast.com\/product\/yoast-seo-wordpress\/ -->\n<title>Bak\u0131-Qrozn\u0131 reysi zaman\u0131 q\u0259zada x\u0259sar\u0259t alanlar\u0131n v\u0259ziyy\u0259tinin q\u0259na\u0259tb\u0259x\u015f oldu\u011fu deyilir - MEYDAN.TV<\/title>\n<meta name=\"robots\" content=\"index, follow, max-snippet:-1, max-image-preview:large, max-video-preview:-1\" \/>\n<link rel=\"canonical\" href=\"https:\/\/www.meydan.tv\/az\/article\/baki-qrozni-reysi-zamani-q%c9%99zada-x%c9%99sar%c9%99t-alanlarin-v%c9%99ziyy%c9%99tinin-q%c9%99na%c9%99tb%c9%99xs-oldugu-deyilir\/\" \/>\n<meta property=\"og:locale\" content=\"az_AZ\" \/>\n<meta property=\"og:type\" content=\"article\" \/>\n<meta property=\"og:title\" content=\"Bak\u0131-Qrozn\u0131 reysi zaman\u0131 q\u0259zada x\u0259sar\u0259t alanlar\u0131n v\u0259ziyy\u0259tinin q\u0259na\u0259tb\u0259x\u015f oldu\u011fu deyilir - MEYDAN.TV\" \/>\n<meta property=\"og:description\" content=\"S\u0259hiyy\u0259 naziri yaral\u0131lar\u0131n hans\u0131 s\u0259b\u0259bd\u0259n x\u0259sar\u0259t ald\u0131qlar\u0131n\u0131n h\u0259l\u0259lik m\u0259lum olmad\u0131\u011f\u0131n\u0131 ... Davam\u0131\" \/>\n<meta property=\"og:url\" content=\"https:\/\/www.meydan.tv\/az\/article\/baki-qrozni-reysi-zamani-q%c9%99zada-x%c9%99sar%c9%99t-alanlarin-v%c9%99ziyy%c9%99tinin-q%c9%99na%c9%99tb%c9%99xs-oldugu-deyilir\/\" \/>\n<meta property=\"og:site_name\" content=\"MEYDAN.TV\" \/>\n<meta property=\"article:published_time\" content=\"2024-12-27T10:32:02+00:00\" \/>\n<meta property=\"article:modified_time\" content=\"2024-12-27T16:17:23+00:00\" \/>\n<meta property=\"og:image\" content=\"https:\/\/www.meydan.tv\/wp-content\/uploads\/98cd9832-acd5-45a9-91a8-4fb680564868.jpg\" \/>\n\t<meta property=\"og:image:width\" content=\"1920\" \/>\n\t<meta property=\"og:image:height\" content=\"1080\" \/>\n\t<meta property=\"og:image:type\" content=\"image\/jpeg\" \/>\n<meta name=\"author\" content=\"mahmud\" \/>\n<meta name=\"twitter:card\" content=\"summary_large_image\" \/>\n<script type=\"application\/ld+json\" class=\"yoast-schema-graph\">{\"@context\":\"https:\\\/\\\/schema.org\",\"@graph\":[{\"@type\":\"Article\",\"@id\":\"https:\\\/\\\/www.meydan.tv\\\/az\\\/article\\\/baki-qrozni-reysi-zamani-q%c9%99zada-x%c9%99sar%c9%99t-alanlarin-v%c9%99ziyy%c9%99tinin-q%c9%99na%c9%99tb%c9%99xs-oldugu-deyilir\\\/#article\",\"isPartOf\":{\"@id\":\"https:\\\/\\\/www.meydan.tv\\\/az\\\/article\\\/baki-qrozni-reysi-zamani-q%c9%99zada-x%c9%99sar%c9%99t-alanlarin-v%c9%99ziyy%c9%99tinin-q%c9%99na%c9%99tb%c9%99xs-oldugu-deyilir\\\/\"},\"author\":{\"name\":\"mahmud\",\"@id\":\"https:\\\/\\\/www.meydan.tv\\\/az\\\/#\\\/schema\\\/person\\\/09863e516102a829e72bedcf3f84c6b0\"},\"headline\":\"Bak\u0131-Qrozn\u0131 reysi zaman\u0131 q\u0259zada x\u0259sar\u0259t alanlar\u0131n v\u0259ziyy\u0259tinin q\u0259na\u0259tb\u0259x\u015f oldu\u011fu deyilir\",\"datePublished\":\"2024-12-27T10:32:02+00:00\",\"dateModified\":\"2024-12-27T16:17:23+00:00\",\"mainEntityOfPage\":{\"@id\":\"https:\\\/\\\/www.meydan.tv\\\/az\\\/article\\\/baki-qrozni-reysi-zamani-q%c9%99zada-x%c9%99sar%c9%99t-alanlarin-v%c9%99ziyy%c9%99tinin-q%c9%99na%c9%99tb%c9%99xs-oldugu-deyilir\\\/\"},\"wordCount\":477,\"publisher\":{\"@id\":\"https:\\\/\\\/www.meydan.tv\\\/az\\\/#organization\"},\"image\":{\"@id\":\"https:\\\/\\\/www.meydan.tv\\\/az\\\/article\\\/baki-qrozni-reysi-zamani-q%c9%99zada-x%c9%99sar%c9%99t-alanlarin-v%c9%99ziyy%c9%99tinin-q%c9%99na%c9%99tb%c9%99xs-oldugu-deyilir\\\/#primaryimage\"},\"thumbnailUrl\":\"https:\\\/\\\/www.meydan.tv\\\/wp-content\\\/uploads\\\/98cd9832-acd5-45a9-91a8-4fb680564868.jpg\",\"articleSection\":[\"Sosial\",\"T\u00f6vsiy\u0259\",\"X\u0259b\u0259rl\u0259r\"],\"inLanguage\":\"az\"},{\"@type\":\"WebPage\",\"@id\":\"https:\\\/\\\/www.meydan.tv\\\/az\\\/article\\\/baki-qrozni-reysi-zamani-q%c9%99zada-x%c9%99sar%c9%99t-alanlarin-v%c9%99ziyy%c9%99tinin-q%c9%99na%c9%99tb%c9%99xs-oldugu-deyilir\\\/\",\"url\":\"https:\\\/\\\/www.meydan.tv\\\/az\\\/article\\\/baki-qrozni-reysi-zamani-q%c9%99zada-x%c9%99sar%c9%99t-alanlarin-v%c9%99ziyy%c9%99tinin-q%c9%99na%c9%99tb%c9%99xs-oldugu-deyilir\\\/\",\"name\":\"Bak\u0131-Qrozn\u0131 reysi zaman\u0131 q\u0259zada x\u0259sar\u0259t alanlar\u0131n v\u0259ziyy\u0259tinin q\u0259na\u0259tb\u0259x\u015f oldu\u011fu deyilir - MEYDAN.TV\",\"isPartOf\":{\"@id\":\"https:\\\/\\\/www.meydan.tv\\\/az\\\/#website\"},\"primaryImageOfPage\":{\"@id\":\"https:\\\/\\\/www.meydan.tv\\\/az\\\/article\\\/baki-qrozni-reysi-zamani-q%c9%99zada-x%c9%99sar%c9%99t-alanlarin-v%c9%99ziyy%c9%99tinin-q%c9%99na%c9%99tb%c9%99xs-oldugu-deyilir\\\/#primaryimage\"},\"image\":{\"@id\":\"https:\\\/\\\/www.meydan.tv\\\/az\\\/article\\\/baki-qrozni-reysi-zamani-q%c9%99zada-x%c9%99sar%c9%99t-alanlarin-v%c9%99ziyy%c9%99tinin-q%c9%99na%c9%99tb%c9%99xs-oldugu-deyilir\\\/#primaryimage\"},\"thumbnailUrl\":\"https:\\\/\\\/www.meydan.tv\\\/wp-content\\\/uploads\\\/98cd9832-acd5-45a9-91a8-4fb680564868.jpg\",\"datePublished\":\"2024-12-27T10:32:02+00:00\",\"dateModified\":\"2024-12-27T16:17:23+00:00\",\"breadcrumb\":{\"@id\":\"https:\\\/\\\/www.meydan.tv\\\/az\\\/article\\\/baki-qrozni-reysi-zamani-q%c9%99zada-x%c9%99sar%c9%99t-alanlarin-v%c9%99ziyy%c9%99tinin-q%c9%99na%c9%99tb%c9%99xs-oldugu-deyilir\\\/#breadcrumb\"},\"inLanguage\":\"az\",\"potentialAction\":[{\"@type\":\"ReadAction\",\"target\":[\"https:\\\/\\\/www.meydan.tv\\\/az\\\/article\\\/baki-qrozni-reysi-zamani-q%c9%99zada-x%c9%99sar%c9%99t-alanlarin-v%c9%99ziyy%c9%99tinin-q%c9%99na%c9%99tb%c9%99xs-oldugu-deyilir\\\/\"]}]},{\"@type\":\"ImageObject\",\"inLanguage\":\"az\",\"@id\":\"https:\\\/\\\/www.meydan.tv\\\/az\\\/article\\\/baki-qrozni-reysi-zamani-q%c9%99zada-x%c9%99sar%c9%99t-alanlarin-v%c9%99ziyy%c9%99tinin-q%c9%99na%c9%99tb%c9%99xs-oldugu-deyilir\\\/#primaryimage\",\"url\":\"https:\\\/\\\/www.meydan.tv\\\/wp-content\\\/uploads\\\/98cd9832-acd5-45a9-91a8-4fb680564868.jpg\",\"contentUrl\":\"https:\\\/\\\/www.meydan.tv\\\/wp-content\\\/uploads\\\/98cd9832-acd5-45a9-91a8-4fb680564868.jpg\",\"width\":1920,\"height\":1080,\"caption\":\"Foto: Reuters\"},{\"@type\":\"BreadcrumbList\",\"@id\":\"https:\\\/\\\/www.meydan.tv\\\/az\\\/article\\\/baki-qrozni-reysi-zamani-q%c9%99zada-x%c9%99sar%c9%99t-alanlarin-v%c9%99ziyy%c9%99tinin-q%c9%99na%c9%99tb%c9%99xs-oldugu-deyilir\\\/#breadcrumb\",\"itemListElement\":[{\"@type\":\"ListItem\",\"position\":1,\"name\":\"Ana s\u0259hif\u0259\",\"item\":\"https:\\\/\\\/www.meydan.tv\\\/az\\\/\"},{\"@type\":\"ListItem\",\"position\":2,\"name\":\"Sosial\",\"item\":\"https:\\\/\\\/www.meydan.tv\\\/az\\\/section\\\/sosial\\\/\"},{\"@type\":\"ListItem\",\"position\":3,\"name\":\"Bak\u0131-Qrozn\u0131 reysi zaman\u0131 q\u0259zada x\u0259sar\u0259t alanlar\u0131n v\u0259ziyy\u0259tinin q\u0259na\u0259tb\u0259x\u015f oldu\u011fu deyilir\"}]},{\"@type\":\"WebSite\",\"@id\":\"https:\\\/\\\/www.meydan.tv\\\/az\\\/#website\",\"url\":\"https:\\\/\\\/www.meydan.tv\\\/az\\\/\",\"name\":\"MEYDAN.TV\",\"description\":\"Meydan TV Az\u0259rbaycan\u0131n media m\u0259kan\u0131ndak\u0131 alternativ s\u0259sidir\",\"publisher\":{\"@id\":\"https:\\\/\\\/www.meydan.tv\\\/az\\\/#organization\"},\"potentialAction\":[{\"@type\":\"SearchAction\",\"target\":{\"@type\":\"EntryPoint\",\"urlTemplate\":\"https:\\\/\\\/www.meydan.tv\\\/az\\\/?s={search_term_string}\"},\"query-input\":{\"@type\":\"PropertyValueSpecification\",\"valueRequired\":true,\"valueName\":\"search_term_string\"}}],\"inLanguage\":\"az\"},{\"@type\":\"Organization\",\"@id\":\"https:\\\/\\\/www.meydan.tv\\\/az\\\/#organization\",\"name\":\"Meydan TV\",\"url\":\"https:\\\/\\\/www.meydan.tv\\\/az\\\/\",\"logo\":{\"@type\":\"ImageObject\",\"inLanguage\":\"az\",\"@id\":\"https:\\\/\\\/www.meydan.tv\\\/az\\\/#\\\/schema\\\/logo\\\/image\\\/\",\"url\":\"https:\\\/\\\/www.meydan.tv\\\/wp-content\\\/uploads\\\/2021\\\/07\\\/meydan-logo.svg\",\"contentUrl\":\"https:\\\/\\\/www.meydan.tv\\\/wp-content\\\/uploads\\\/2021\\\/07\\\/meydan-logo.svg\",\"width\":195,\"height\":46,\"caption\":\"Meydan TV\"},\"image\":{\"@id\":\"https:\\\/\\\/www.meydan.tv\\\/az\\\/#\\\/schema\\\/logo\\\/image\\\/\"}},{\"@type\":\"Person\",\"@id\":\"https:\\\/\\\/www.meydan.tv\\\/az\\\/#\\\/schema\\\/person\\\/09863e516102a829e72bedcf3f84c6b0\",\"name\":\"mahmud\"}]}<\/script>\n<!-- \/ Yoast SEO plugin. -->","yoast_head_json":{"title":"Bak\u0131-Qrozn\u0131 reysi zaman\u0131 q\u0259zada x\u0259sar\u0259t alanlar\u0131n v\u0259ziyy\u0259tinin q\u0259na\u0259tb\u0259x\u015f oldu\u011fu deyilir - MEYDAN.TV","robots":{"index":"index","follow":"follow","max-snippet":"max-snippet:-1","max-image-preview":"max-image-preview:large","max-video-preview":"max-video-preview:-1"},"canonical":"https:\/\/www.meydan.tv\/az\/article\/baki-qrozni-reysi-zamani-q%c9%99zada-x%c9%99sar%c9%99t-alanlarin-v%c9%99ziyy%c9%99tinin-q%c9%99na%c9%99tb%c9%99xs-oldugu-deyilir\/","og_locale":"az_AZ","og_type":"article","og_title":"Bak\u0131-Qrozn\u0131 reysi zaman\u0131 q\u0259zada x\u0259sar\u0259t alanlar\u0131n v\u0259ziyy\u0259tinin q\u0259na\u0259tb\u0259x\u015f oldu\u011fu deyilir - MEYDAN.TV","og_description":"S\u0259hiyy\u0259 naziri yaral\u0131lar\u0131n hans\u0131 s\u0259b\u0259bd\u0259n x\u0259sar\u0259t ald\u0131qlar\u0131n\u0131n h\u0259l\u0259lik m\u0259lum olmad\u0131\u011f\u0131n\u0131 ... Davam\u0131","og_url":"https:\/\/www.meydan.tv\/az\/article\/baki-qrozni-reysi-zamani-q%c9%99zada-x%c9%99sar%c9%99t-alanlarin-v%c9%99ziyy%c9%99tinin-q%c9%99na%c9%99tb%c9%99xs-oldugu-deyilir\/","og_site_name":"MEYDAN.TV","article_published_time":"2024-12-27T10:32:02+00:00","article_modified_time":"2024-12-27T16:17:23+00:00","og_image":[{"width":1920,"height":1080,"url":"https:\/\/www.meydan.tv\/wp-content\/uploads\/98cd9832-acd5-45a9-91a8-4fb680564868.jpg","type":"image\/jpeg"}],"author":"mahmud","twitter_card":"summary_large_image","schema":{"@context":"https:\/\/schema.org","@graph":[{"@type":"Article","@id":"https:\/\/www.meydan.tv\/az\/article\/baki-qrozni-reysi-zamani-q%c9%99zada-x%c9%99sar%c9%99t-alanlarin-v%c9%99ziyy%c9%99tinin-q%c9%99na%c9%99tb%c9%99xs-oldugu-deyilir\/#article","isPartOf":{"@id":"https:\/\/www.meydan.tv\/az\/article\/baki-qrozni-reysi-zamani-q%c9%99zada-x%c9%99sar%c9%99t-alanlarin-v%c9%99ziyy%c9%99tinin-q%c9%99na%c9%99tb%c9%99xs-oldugu-deyilir\/"},"author":{"name":"mahmud","@id":"https:\/\/www.meydan.tv\/az\/#\/schema\/person\/09863e516102a829e72bedcf3f84c6b0"},"headline":"Bak\u0131-Qrozn\u0131 reysi zaman\u0131 q\u0259zada x\u0259sar\u0259t alanlar\u0131n v\u0259ziyy\u0259tinin q\u0259na\u0259tb\u0259x\u015f oldu\u011fu deyilir","datePublished":"2024-12-27T10:32:02+00:00","dateModified":"2024-12-27T16:17:23+00:00","mainEntityOfPage":{"@id":"https:\/\/www.meydan.tv\/az\/article\/baki-qrozni-reysi-zamani-q%c9%99zada-x%c9%99sar%c9%99t-alanlarin-v%c9%99ziyy%c9%99tinin-q%c9%99na%c9%99tb%c9%99xs-oldugu-deyilir\/"},"wordCount":477,"publisher":{"@id":"https:\/\/www.meydan.tv\/az\/#organization"},"image":{"@id":"https:\/\/www.meydan.tv\/az\/article\/baki-qrozni-reysi-zamani-q%c9%99zada-x%c9%99sar%c9%99t-alanlarin-v%c9%99ziyy%c9%99tinin-q%c9%99na%c9%99tb%c9%99xs-oldugu-deyilir\/#primaryimage"},"thumbnailUrl":"https:\/\/www.meydan.tv\/wp-content\/uploads\/98cd9832-acd5-45a9-91a8-4fb680564868.jpg","articleSection":["Sosial","T\u00f6vsiy\u0259","X\u0259b\u0259rl\u0259r"],"inLanguage":"az"},{"@type":"WebPage","@id":"https:\/\/www.meydan.tv\/az\/article\/baki-qrozni-reysi-zamani-q%c9%99zada-x%c9%99sar%c9%99t-alanlarin-v%c9%99ziyy%c9%99tinin-q%c9%99na%c9%99tb%c9%99xs-oldugu-deyilir\/","url":"https:\/\/www.meydan.tv\/az\/article\/baki-qrozni-reysi-zamani-q%c9%99zada-x%c9%99sar%c9%99t-alanlarin-v%c9%99ziyy%c9%99tinin-q%c9%99na%c9%99tb%c9%99xs-oldugu-deyilir\/","name":"Bak\u0131-Qrozn\u0131 reysi zaman\u0131 q\u0259zada x\u0259sar\u0259t alanlar\u0131n v\u0259ziyy\u0259tinin q\u0259na\u0259tb\u0259x\u015f oldu\u011fu deyilir - MEYDAN.TV","isPartOf":{"@id":"https:\/\/www.meydan.tv\/az\/#website"},"primaryImageOfPage":{"@id":"https:\/\/www.meydan.tv\/az\/article\/baki-qrozni-reysi-zamani-q%c9%99zada-x%c9%99sar%c9%99t-alanlarin-v%c9%99ziyy%c9%99tinin-q%c9%99na%c9%99tb%c9%99xs-oldugu-deyilir\/#primaryimage"},"image":{"@id":"https:\/\/www.meydan.tv\/az\/article\/baki-qrozni-reysi-zamani-q%c9%99zada-x%c9%99sar%c9%99t-alanlarin-v%c9%99ziyy%c9%99tinin-q%c9%99na%c9%99tb%c9%99xs-oldugu-deyilir\/#primaryimage"},"thumbnailUrl":"https:\/\/www.meydan.tv\/wp-content\/uploads\/98cd9832-acd5-45a9-91a8-4fb680564868.jpg","datePublished":"2024-12-27T10:32:02+00:00","dateModified":"2024-12-27T16:17:23+00:00","breadcrumb":{"@id":"https:\/\/www.meydan.tv\/az\/article\/baki-qrozni-reysi-zamani-q%c9%99zada-x%c9%99sar%c9%99t-alanlarin-v%c9%99ziyy%c9%99tinin-q%c9%99na%c9%99tb%c9%99xs-oldugu-deyilir\/#breadcrumb"},"inLanguage":"az","potentialAction":[{"@type":"ReadAction","target":["https:\/\/www.meydan.tv\/az\/article\/baki-qrozni-reysi-zamani-q%c9%99zada-x%c9%99sar%c9%99t-alanlarin-v%c9%99ziyy%c9%99tinin-q%c9%99na%c9%99tb%c9%99xs-oldugu-deyilir\/"]}]},{"@type":"ImageObject","inLanguage":"az","@id":"https:\/\/www.meydan.tv\/az\/article\/baki-qrozni-reysi-zamani-q%c9%99zada-x%c9%99sar%c9%99t-alanlarin-v%c9%99ziyy%c9%99tinin-q%c9%99na%c9%99tb%c9%99xs-oldugu-deyilir\/#primaryimage","url":"https:\/\/www.meydan.tv\/wp-content\/uploads\/98cd9832-acd5-45a9-91a8-4fb680564868.jpg","contentUrl":"https:\/\/www.meydan.tv\/wp-content\/uploads\/98cd9832-acd5-45a9-91a8-4fb680564868.jpg","width":1920,"height":1080,"caption":"Foto: Reuters"},{"@type":"BreadcrumbList","@id":"https:\/\/www.meydan.tv\/az\/article\/baki-qrozni-reysi-zamani-q%c9%99zada-x%c9%99sar%c9%99t-alanlarin-v%c9%99ziyy%c9%99tinin-q%c9%99na%c9%99tb%c9%99xs-oldugu-deyilir\/#breadcrumb","itemListElement":[{"@type":"ListItem","position":1,"name":"Ana s\u0259hif\u0259","item":"https:\/\/www.meydan.tv\/az\/"},{"@type":"ListItem","position":2,"name":"Sosial","item":"https:\/\/www.meydan.tv\/az\/section\/sosial\/"},{"@type":"ListItem","position":3,"name":"Bak\u0131-Qrozn\u0131 reysi zaman\u0131 q\u0259zada x\u0259sar\u0259t alanlar\u0131n v\u0259ziyy\u0259tinin q\u0259na\u0259tb\u0259x\u015f oldu\u011fu deyilir"}]},{"@type":"WebSite","@id":"https:\/\/www.meydan.tv\/az\/#website","url":"https:\/\/www.meydan.tv\/az\/","name":"MEYDAN.TV","description":"Meydan TV Az\u0259rbaycan\u0131n media m\u0259kan\u0131ndak\u0131 alternativ s\u0259sidir","publisher":{"@id":"https:\/\/www.meydan.tv\/az\/#organization"},"potentialAction":[{"@type":"SearchAction","target":{"@type":"EntryPoint","urlTemplate":"https:\/\/www.meydan.tv\/az\/?s={search_term_string}"},"query-input":{"@type":"PropertyValueSpecification","valueRequired":true,"valueName":"search_term_string"}}],"inLanguage":"az"},{"@type":"Organization","@id":"https:\/\/www.meydan.tv\/az\/#organization","name":"Meydan TV","url":"https:\/\/www.meydan.tv\/az\/","logo":{"@type":"ImageObject","inLanguage":"az","@id":"https:\/\/www.meydan.tv\/az\/#\/schema\/logo\/image\/","url":"https:\/\/www.meydan.tv\/wp-content\/uploads\/2021\/07\/meydan-logo.svg","contentUrl":"https:\/\/www.meydan.tv\/wp-content\/uploads\/2021\/07\/meydan-logo.svg","width":195,"height":46,"caption":"Meydan TV"},"image":{"@id":"https:\/\/www.meydan.tv\/az\/#\/schema\/logo\/image\/"}},{"@type":"Person","@id":"https:\/\/www.meydan.tv\/az\/#\/schema\/person\/09863e516102a829e72bedcf3f84c6b0","name":"mahmud"}]}},"_links":{"self":[{"href":"https:\/\/www.meydan.tv\/az\/wp-json\/wp\/v2\/posts\/323496","targetHints":{"allow":["GET"]}}],"collection":[{"href":"https:\/\/www.meydan.tv\/az\/wp-json\/wp\/v2\/posts"}],"about":[{"href":"https:\/\/www.meydan.tv\/az\/wp-json\/wp\/v2\/types\/post"}],"author":[{"embeddable":true,"href":"https:\/\/www.meydan.tv\/az\/wp-json\/wp\/v2\/users\/21"}],"replies":[{"embeddable":true,"href":"https:\/\/www.meydan.tv\/az\/wp-json\/wp\/v2\/comments?post=323496"}],"version-history":[{"count":3,"href":"https:\/\/www.meydan.tv\/az\/wp-json\/wp\/v2\/posts\/323496\/revisions"}],"predecessor-version":[{"id":323555,"href":"https:\/\/www.meydan.tv\/az\/wp-json\/wp\/v2\/posts\/323496\/revisions\/323555"}],"wp:featuredmedia":[{"embeddable":true,"href":"https:\/\/www.meydan.tv\/az\/wp-json\/wp\/v2\/media\/323429"}],"wp:attachment":[{"href":"https:\/\/www.meydan.tv\/az\/wp-json\/wp\/v2\/media?parent=323496"}],"wp:term":[{"taxonomy":"category","embeddable":true,"href":"https:\/\/www.meydan.tv\/az\/wp-json\/wp\/v2\/categories?post=323496"},{"taxonomy":"post_tag","embeddable":true,"href":"https:\/\/www.meydan.tv\/az\/wp-json\/wp\/v2\/tags?post=323496"}],"curies":[{"name":"wp","href":"https:\/\/api.w.org\/{rel}","templated":true}]}}