{"id":323444,"date":"2024-12-26T20:05:35","date_gmt":"2024-12-26T16:05:35","guid":{"rendered":"https:\/\/www.meydan.tv\/?p=323444"},"modified":"2024-12-26T20:05:37","modified_gmt":"2024-12-26T16:05:37","slug":"daha-iki-tiktoker-h%c9%99bs-olunub","status":"publish","type":"post","link":"https:\/\/www.meydan.tv\/az\/article\/daha-iki-tiktoker-h%c9%99bs-olunub\/","title":{"rendered":"Daha iki tiktoker h\u0259bs olunub"},"content":{"rendered":"\n<p><\/p>\n\n\n\n<p><strong><em>Onlar bar\u0259sind\u0259 istintaq d\u00f6vr\u00fc \u00fc\u00e7\u00fcn 4 ay h\u0259bs q\u0259timkan t\u0259dbiri se\u00e7ilib<\/em><\/strong><\/p>\n\n\n\n<p>\u201cTikTok\u201d sosial \u015f\u0259b\u0259k\u0259sind\u0259 f\u0259al olan daha iki n\u0259f\u0259r h\u0259bs olunub.<\/p>\n\n\n\n<p>\u201cVaqa\u201d kimi tan\u0131nan V\u00fcqar Zeynalzad\u0259 v\u0259 Nuh M\u0259mm\u0259dov son bir h\u0259ft\u0259 \u0259rzind\u0259 tiktokerl\u0259rin k\u00fctl\u0259vi h\u0259bsi il\u0259 n\u0259tic\u0259l\u0259n\u0259n \u0259m\u0259liyyatlar\u0131n davam\u0131 zaman\u0131 saxlan\u0131l\u0131b.<\/p>\n\n\n\n<p>Onlar\u0131n haqq\u0131nda istintaq d\u00f6vr\u00fc \u00fc\u00e7\u00fcn 4 ay h\u0259bs q\u0259timkan t\u0259dbiri se\u00e7ilib.<\/p>\n\n\n\n<p>H\u0259bs q\u0259rar\u0131 N\u0259rimanov Rayon M\u0259hk\u0259m\u0259sind\u0259 \u00e7\u0131xar\u0131l\u0131b.<\/p>\n\n\n\n<p>\u00dcmumilikd\u0259 h\u0259bs olunan tiktokerl\u0259rin say\u0131n\u0131n 10 n\u0259f\u0259rd\u0259n \u00e7ox oldu\u011fu bildirilir.<\/p>\n\n\n\n<p>Onlar\u0131n aras\u0131nda m\u0259\u015fhur televiziya apar\u0131c\u0131s\u0131 Az\u0259r Zahid kimi tan\u0131nan, \u201cazerzahid6669966\u201d adl\u0131 s\u0259hif\u0259nin idar\u0259\u00e7isi Az\u0259r \u0130smay\u0131lov, \u201cemin_resad\u201d adl\u0131 \u201cTikTok\u201d s\u0259hif\u0259sinin idar\u0259\u00e7il\u0259ri Emin v\u0259 R\u0259\u015fad Abdullayev qarda\u015flar\u0131 da var.<\/p>\n\n\n\n<p>Tiktokerl\u0259r\u0259 qar\u015f\u0131 \u0259m\u0259liyyatlar\u0131 \u0259vv\u0259ll\u0259r Ba\u015f M\u00fct\u0259\u015f\u0259kkil Cinay\u0259tkarl\u0131qla M\u00fcbariz\u0259 \u0130dar\u0259sinin (\u201cBanditizm\u201d) tabeliyind\u0259 olan, bir m\u00fcdd\u0259t \u0259vv\u0259l Daxili \u0130\u015fl\u0259r Nazirliyinin tabeliyind\u0259 ayr\u0131ca quruma \u00e7evril\u0259n Kibercinay\u0259tkarl\u0131qla M\u00fcbariz\u0259 Ba\u015f \u0130dar\u0259si h\u0259yata ke\u00e7irir.<\/p>\n\n\n\n<p>H\u0259bs olunan \u015f\u0259xsl\u0259r\u0259 qar\u015f\u0131 Cinay\u0259t M\u0259c\u0259ll\u0259sinin 193-1.3.2 (cinay\u0259t yolu il\u0259 \u0259ld\u0259 edilmi\u015f \u0259mlak\u0131 leqalla\u015fd\u0131rma &#8211; xeyli miqdarda t\u00f6r\u0259dildikd\u0259) v\u0259 244-1 (qumar oyunlar\u0131n\u0131n t\u0259\u015fkili) madd\u0259l\u0259ril\u0259 ittiham ir\u0259li s\u00fcr\u00fcl\u00fcb.<\/p>\n\n\n\n<p>Bu madd\u0259l\u0259rin sanksiyas\u0131nda 12 il\u0259d\u0259k azadl\u0131qdan m\u0259hrumetm\u0259 c\u0259zas\u0131 var.<\/p>\n\n\n\n<p>Saxlan\u0131lan \u015f\u0259xsl\u0259rin bir qismi \u201cTikTok\u201dda m\u00fcxt\u0259lif adlar alt\u0131nda \u0259yl\u0259nc\u0259 yar\u0131\u015flar\u0131n\u0131n t\u0259\u015fkilind\u0259 ittiham olunur.<\/p>\n\n\n\n<p>H\u0259bs olunanlar\u0131n \u00f6zl\u0259ri v\u0259 yax\u0131nlar\u0131n\u0131n onlara qar\u015f\u0131 ir\u0259li s\u00fcr\u00fcl\u0259n ittihamlara m\u00fcnasib\u0259ti m\u0259lum deyil.<\/p>\n","protected":false},"excerpt":{"rendered":"<p>Onlar bar\u0259sind\u0259 istintaq d\u00f6vr\u00fc \u00fc\u00e7\u00fcn 4 ay h\u0259bs q\u0259timkan t\u0259dbiri &#8230; <\/p>\n<p class=\"read-more-container\"><a title=\"Daha iki tiktoker h\u0259bs olunub\" class=\"read-more button\" href=\"https:\/\/www.meydan.tv\/az\/article\/daha-iki-tiktoker-h%c9%99bs-olunub\/#more-323444\" aria-label=\"Read more about Daha iki tiktoker h\u0259bs olunub\">Davam\u0131<\/a><\/p>\n","protected":false},"author":21,"featured_media":232552,"comment_status":"closed","ping_status":"closed","sticky":false,"template":"","format":"standard","meta":{"_acf_changed":false,"_sitemap_exclude":false,"_sitemap_priority":"","_sitemap_frequency":"","footnotes":""},"categories":[62,56],"tags":[],"class_list":["post-323444","post","type-post","status-publish","format-standard","has-post-thumbnail","hentry","category-sosial","category-xeberler","infinite-scroll-item","generate-columns","tablet-grid-50","mobile-grid-100","grid-parent","grid-33","no-featured-image-padding"],"acf":[],"yoast_head":"<!-- This site is optimized with the Yoast SEO plugin v27.4 - https:\/\/yoast.com\/product\/yoast-seo-wordpress\/ -->\n<title>Daha iki tiktoker h\u0259bs olunub - MEYDAN.TV<\/title>\n<meta name=\"robots\" content=\"index, follow, max-snippet:-1, max-image-preview:large, max-video-preview:-1\" \/>\n<link rel=\"canonical\" href=\"https:\/\/www.meydan.tv\/az\/article\/daha-iki-tiktoker-h%c9%99bs-olunub\/\" \/>\n<meta property=\"og:locale\" content=\"az_AZ\" \/>\n<meta property=\"og:type\" content=\"article\" \/>\n<meta property=\"og:title\" content=\"Daha iki tiktoker h\u0259bs olunub - MEYDAN.TV\" \/>\n<meta property=\"og:description\" content=\"Onlar bar\u0259sind\u0259 istintaq d\u00f6vr\u00fc \u00fc\u00e7\u00fcn 4 ay h\u0259bs q\u0259timkan t\u0259dbiri ... Davam\u0131\" \/>\n<meta property=\"og:url\" content=\"https:\/\/www.meydan.tv\/az\/article\/daha-iki-tiktoker-h%c9%99bs-olunub\/\" \/>\n<meta property=\"og:site_name\" content=\"MEYDAN.TV\" \/>\n<meta property=\"article:published_time\" content=\"2024-12-26T16:05:35+00:00\" \/>\n<meta property=\"article:modified_time\" content=\"2024-12-26T16:05:37+00:00\" \/>\n<meta property=\"og:image\" content=\"https:\/\/www.meydan.tv\/wp-content\/uploads\/shutterstock_1109517044.jpg\" \/>\n\t<meta property=\"og:image:width\" content=\"1200\" \/>\n\t<meta property=\"og:image:height\" content=\"900\" \/>\n\t<meta property=\"og:image:type\" content=\"image\/jpeg\" \/>\n<meta name=\"author\" content=\"mahmud\" \/>\n<meta name=\"twitter:card\" content=\"summary_large_image\" \/>\n<script type=\"application\/ld+json\" class=\"yoast-schema-graph\">{\"@context\":\"https:\\\/\\\/schema.org\",\"@graph\":[{\"@type\":\"Article\",\"@id\":\"https:\\\/\\\/www.meydan.tv\\\/az\\\/article\\\/daha-iki-tiktoker-h%c9%99bs-olunub\\\/#article\",\"isPartOf\":{\"@id\":\"https:\\\/\\\/www.meydan.tv\\\/az\\\/article\\\/daha-iki-tiktoker-h%c9%99bs-olunub\\\/\"},\"author\":{\"name\":\"mahmud\",\"@id\":\"https:\\\/\\\/www.meydan.tv\\\/az\\\/#\\\/schema\\\/person\\\/09863e516102a829e72bedcf3f84c6b0\"},\"headline\":\"Daha iki tiktoker h\u0259bs olunub\",\"datePublished\":\"2024-12-26T16:05:35+00:00\",\"dateModified\":\"2024-12-26T16:05:37+00:00\",\"mainEntityOfPage\":{\"@id\":\"https:\\\/\\\/www.meydan.tv\\\/az\\\/article\\\/daha-iki-tiktoker-h%c9%99bs-olunub\\\/\"},\"wordCount\":333,\"publisher\":{\"@id\":\"https:\\\/\\\/www.meydan.tv\\\/az\\\/#organization\"},\"image\":{\"@id\":\"https:\\\/\\\/www.meydan.tv\\\/az\\\/article\\\/daha-iki-tiktoker-h%c9%99bs-olunub\\\/#primaryimage\"},\"thumbnailUrl\":\"https:\\\/\\\/www.meydan.tv\\\/wp-content\\\/uploads\\\/shutterstock_1109517044-e1735486279181.jpg\",\"articleSection\":[\"Sosial\",\"X\u0259b\u0259rl\u0259r\"],\"inLanguage\":\"az\"},{\"@type\":\"WebPage\",\"@id\":\"https:\\\/\\\/www.meydan.tv\\\/az\\\/article\\\/daha-iki-tiktoker-h%c9%99bs-olunub\\\/\",\"url\":\"https:\\\/\\\/www.meydan.tv\\\/az\\\/article\\\/daha-iki-tiktoker-h%c9%99bs-olunub\\\/\",\"name\":\"Daha iki tiktoker h\u0259bs olunub - MEYDAN.TV\",\"isPartOf\":{\"@id\":\"https:\\\/\\\/www.meydan.tv\\\/az\\\/#website\"},\"primaryImageOfPage\":{\"@id\":\"https:\\\/\\\/www.meydan.tv\\\/az\\\/article\\\/daha-iki-tiktoker-h%c9%99bs-olunub\\\/#primaryimage\"},\"image\":{\"@id\":\"https:\\\/\\\/www.meydan.tv\\\/az\\\/article\\\/daha-iki-tiktoker-h%c9%99bs-olunub\\\/#primaryimage\"},\"thumbnailUrl\":\"https:\\\/\\\/www.meydan.tv\\\/wp-content\\\/uploads\\\/shutterstock_1109517044-e1735486279181.jpg\",\"datePublished\":\"2024-12-26T16:05:35+00:00\",\"dateModified\":\"2024-12-26T16:05:37+00:00\",\"breadcrumb\":{\"@id\":\"https:\\\/\\\/www.meydan.tv\\\/az\\\/article\\\/daha-iki-tiktoker-h%c9%99bs-olunub\\\/#breadcrumb\"},\"inLanguage\":\"az\",\"potentialAction\":[{\"@type\":\"ReadAction\",\"target\":[\"https:\\\/\\\/www.meydan.tv\\\/az\\\/article\\\/daha-iki-tiktoker-h%c9%99bs-olunub\\\/\"]}]},{\"@type\":\"ImageObject\",\"inLanguage\":\"az\",\"@id\":\"https:\\\/\\\/www.meydan.tv\\\/az\\\/article\\\/daha-iki-tiktoker-h%c9%99bs-olunub\\\/#primaryimage\",\"url\":\"https:\\\/\\\/www.meydan.tv\\\/wp-content\\\/uploads\\\/shutterstock_1109517044-e1735486279181.jpg\",\"contentUrl\":\"https:\\\/\\\/www.meydan.tv\\\/wp-content\\\/uploads\\\/shutterstock_1109517044-e1735486279181.jpg\",\"width\":800,\"height\":600,\"caption\":\"H\u0259bs. M\u0259nb\u0259: Maxx-Studio\\\/shutterstock\"},{\"@type\":\"BreadcrumbList\",\"@id\":\"https:\\\/\\\/www.meydan.tv\\\/az\\\/article\\\/daha-iki-tiktoker-h%c9%99bs-olunub\\\/#breadcrumb\",\"itemListElement\":[{\"@type\":\"ListItem\",\"position\":1,\"name\":\"Ana s\u0259hif\u0259\",\"item\":\"https:\\\/\\\/www.meydan.tv\\\/az\\\/\"},{\"@type\":\"ListItem\",\"position\":2,\"name\":\"Sosial\",\"item\":\"https:\\\/\\\/www.meydan.tv\\\/az\\\/section\\\/sosial\\\/\"},{\"@type\":\"ListItem\",\"position\":3,\"name\":\"Daha iki tiktoker h\u0259bs olunub\"}]},{\"@type\":\"WebSite\",\"@id\":\"https:\\\/\\\/www.meydan.tv\\\/az\\\/#website\",\"url\":\"https:\\\/\\\/www.meydan.tv\\\/az\\\/\",\"name\":\"MEYDAN.TV\",\"description\":\"Meydan TV Az\u0259rbaycan\u0131n media m\u0259kan\u0131ndak\u0131 alternativ s\u0259sidir\",\"publisher\":{\"@id\":\"https:\\\/\\\/www.meydan.tv\\\/az\\\/#organization\"},\"potentialAction\":[{\"@type\":\"SearchAction\",\"target\":{\"@type\":\"EntryPoint\",\"urlTemplate\":\"https:\\\/\\\/www.meydan.tv\\\/az\\\/?s={search_term_string}\"},\"query-input\":{\"@type\":\"PropertyValueSpecification\",\"valueRequired\":true,\"valueName\":\"search_term_string\"}}],\"inLanguage\":\"az\"},{\"@type\":\"Organization\",\"@id\":\"https:\\\/\\\/www.meydan.tv\\\/az\\\/#organization\",\"name\":\"Meydan TV\",\"url\":\"https:\\\/\\\/www.meydan.tv\\\/az\\\/\",\"logo\":{\"@type\":\"ImageObject\",\"inLanguage\":\"az\",\"@id\":\"https:\\\/\\\/www.meydan.tv\\\/az\\\/#\\\/schema\\\/logo\\\/image\\\/\",\"url\":\"https:\\\/\\\/www.meydan.tv\\\/wp-content\\\/uploads\\\/2021\\\/07\\\/meydan-logo.svg\",\"contentUrl\":\"https:\\\/\\\/www.meydan.tv\\\/wp-content\\\/uploads\\\/2021\\\/07\\\/meydan-logo.svg\",\"width\":195,\"height\":46,\"caption\":\"Meydan TV\"},\"image\":{\"@id\":\"https:\\\/\\\/www.meydan.tv\\\/az\\\/#\\\/schema\\\/logo\\\/image\\\/\"}},{\"@type\":\"Person\",\"@id\":\"https:\\\/\\\/www.meydan.tv\\\/az\\\/#\\\/schema\\\/person\\\/09863e516102a829e72bedcf3f84c6b0\",\"name\":\"mahmud\"}]}<\/script>\n<!-- \/ Yoast SEO plugin. -->","yoast_head_json":{"title":"Daha iki tiktoker h\u0259bs olunub - MEYDAN.TV","robots":{"index":"index","follow":"follow","max-snippet":"max-snippet:-1","max-image-preview":"max-image-preview:large","max-video-preview":"max-video-preview:-1"},"canonical":"https:\/\/www.meydan.tv\/az\/article\/daha-iki-tiktoker-h%c9%99bs-olunub\/","og_locale":"az_AZ","og_type":"article","og_title":"Daha iki tiktoker h\u0259bs olunub - MEYDAN.TV","og_description":"Onlar bar\u0259sind\u0259 istintaq d\u00f6vr\u00fc \u00fc\u00e7\u00fcn 4 ay h\u0259bs q\u0259timkan t\u0259dbiri ... Davam\u0131","og_url":"https:\/\/www.meydan.tv\/az\/article\/daha-iki-tiktoker-h%c9%99bs-olunub\/","og_site_name":"MEYDAN.TV","article_published_time":"2024-12-26T16:05:35+00:00","article_modified_time":"2024-12-26T16:05:37+00:00","og_image":[{"width":1200,"height":900,"url":"https:\/\/www.meydan.tv\/wp-content\/uploads\/shutterstock_1109517044.jpg","type":"image\/jpeg"}],"author":"mahmud","twitter_card":"summary_large_image","schema":{"@context":"https:\/\/schema.org","@graph":[{"@type":"Article","@id":"https:\/\/www.meydan.tv\/az\/article\/daha-iki-tiktoker-h%c9%99bs-olunub\/#article","isPartOf":{"@id":"https:\/\/www.meydan.tv\/az\/article\/daha-iki-tiktoker-h%c9%99bs-olunub\/"},"author":{"name":"mahmud","@id":"https:\/\/www.meydan.tv\/az\/#\/schema\/person\/09863e516102a829e72bedcf3f84c6b0"},"headline":"Daha iki tiktoker h\u0259bs olunub","datePublished":"2024-12-26T16:05:35+00:00","dateModified":"2024-12-26T16:05:37+00:00","mainEntityOfPage":{"@id":"https:\/\/www.meydan.tv\/az\/article\/daha-iki-tiktoker-h%c9%99bs-olunub\/"},"wordCount":333,"publisher":{"@id":"https:\/\/www.meydan.tv\/az\/#organization"},"image":{"@id":"https:\/\/www.meydan.tv\/az\/article\/daha-iki-tiktoker-h%c9%99bs-olunub\/#primaryimage"},"thumbnailUrl":"https:\/\/www.meydan.tv\/wp-content\/uploads\/shutterstock_1109517044-e1735486279181.jpg","articleSection":["Sosial","X\u0259b\u0259rl\u0259r"],"inLanguage":"az"},{"@type":"WebPage","@id":"https:\/\/www.meydan.tv\/az\/article\/daha-iki-tiktoker-h%c9%99bs-olunub\/","url":"https:\/\/www.meydan.tv\/az\/article\/daha-iki-tiktoker-h%c9%99bs-olunub\/","name":"Daha iki tiktoker h\u0259bs olunub - MEYDAN.TV","isPartOf":{"@id":"https:\/\/www.meydan.tv\/az\/#website"},"primaryImageOfPage":{"@id":"https:\/\/www.meydan.tv\/az\/article\/daha-iki-tiktoker-h%c9%99bs-olunub\/#primaryimage"},"image":{"@id":"https:\/\/www.meydan.tv\/az\/article\/daha-iki-tiktoker-h%c9%99bs-olunub\/#primaryimage"},"thumbnailUrl":"https:\/\/www.meydan.tv\/wp-content\/uploads\/shutterstock_1109517044-e1735486279181.jpg","datePublished":"2024-12-26T16:05:35+00:00","dateModified":"2024-12-26T16:05:37+00:00","breadcrumb":{"@id":"https:\/\/www.meydan.tv\/az\/article\/daha-iki-tiktoker-h%c9%99bs-olunub\/#breadcrumb"},"inLanguage":"az","potentialAction":[{"@type":"ReadAction","target":["https:\/\/www.meydan.tv\/az\/article\/daha-iki-tiktoker-h%c9%99bs-olunub\/"]}]},{"@type":"ImageObject","inLanguage":"az","@id":"https:\/\/www.meydan.tv\/az\/article\/daha-iki-tiktoker-h%c9%99bs-olunub\/#primaryimage","url":"https:\/\/www.meydan.tv\/wp-content\/uploads\/shutterstock_1109517044-e1735486279181.jpg","contentUrl":"https:\/\/www.meydan.tv\/wp-content\/uploads\/shutterstock_1109517044-e1735486279181.jpg","width":800,"height":600,"caption":"H\u0259bs. M\u0259nb\u0259: Maxx-Studio\/shutterstock"},{"@type":"BreadcrumbList","@id":"https:\/\/www.meydan.tv\/az\/article\/daha-iki-tiktoker-h%c9%99bs-olunub\/#breadcrumb","itemListElement":[{"@type":"ListItem","position":1,"name":"Ana s\u0259hif\u0259","item":"https:\/\/www.meydan.tv\/az\/"},{"@type":"ListItem","position":2,"name":"Sosial","item":"https:\/\/www.meydan.tv\/az\/section\/sosial\/"},{"@type":"ListItem","position":3,"name":"Daha iki tiktoker h\u0259bs olunub"}]},{"@type":"WebSite","@id":"https:\/\/www.meydan.tv\/az\/#website","url":"https:\/\/www.meydan.tv\/az\/","name":"MEYDAN.TV","description":"Meydan TV Az\u0259rbaycan\u0131n media m\u0259kan\u0131ndak\u0131 alternativ s\u0259sidir","publisher":{"@id":"https:\/\/www.meydan.tv\/az\/#organization"},"potentialAction":[{"@type":"SearchAction","target":{"@type":"EntryPoint","urlTemplate":"https:\/\/www.meydan.tv\/az\/?s={search_term_string}"},"query-input":{"@type":"PropertyValueSpecification","valueRequired":true,"valueName":"search_term_string"}}],"inLanguage":"az"},{"@type":"Organization","@id":"https:\/\/www.meydan.tv\/az\/#organization","name":"Meydan TV","url":"https:\/\/www.meydan.tv\/az\/","logo":{"@type":"ImageObject","inLanguage":"az","@id":"https:\/\/www.meydan.tv\/az\/#\/schema\/logo\/image\/","url":"https:\/\/www.meydan.tv\/wp-content\/uploads\/2021\/07\/meydan-logo.svg","contentUrl":"https:\/\/www.meydan.tv\/wp-content\/uploads\/2021\/07\/meydan-logo.svg","width":195,"height":46,"caption":"Meydan TV"},"image":{"@id":"https:\/\/www.meydan.tv\/az\/#\/schema\/logo\/image\/"}},{"@type":"Person","@id":"https:\/\/www.meydan.tv\/az\/#\/schema\/person\/09863e516102a829e72bedcf3f84c6b0","name":"mahmud"}]}},"_links":{"self":[{"href":"https:\/\/www.meydan.tv\/az\/wp-json\/wp\/v2\/posts\/323444","targetHints":{"allow":["GET"]}}],"collection":[{"href":"https:\/\/www.meydan.tv\/az\/wp-json\/wp\/v2\/posts"}],"about":[{"href":"https:\/\/www.meydan.tv\/az\/wp-json\/wp\/v2\/types\/post"}],"author":[{"embeddable":true,"href":"https:\/\/www.meydan.tv\/az\/wp-json\/wp\/v2\/users\/21"}],"replies":[{"embeddable":true,"href":"https:\/\/www.meydan.tv\/az\/wp-json\/wp\/v2\/comments?post=323444"}],"version-history":[{"count":1,"href":"https:\/\/www.meydan.tv\/az\/wp-json\/wp\/v2\/posts\/323444\/revisions"}],"predecessor-version":[{"id":323445,"href":"https:\/\/www.meydan.tv\/az\/wp-json\/wp\/v2\/posts\/323444\/revisions\/323445"}],"wp:featuredmedia":[{"embeddable":true,"href":"https:\/\/www.meydan.tv\/az\/wp-json\/wp\/v2\/media\/232552"}],"wp:attachment":[{"href":"https:\/\/www.meydan.tv\/az\/wp-json\/wp\/v2\/media?parent=323444"}],"wp:term":[{"taxonomy":"category","embeddable":true,"href":"https:\/\/www.meydan.tv\/az\/wp-json\/wp\/v2\/categories?post=323444"},{"taxonomy":"post_tag","embeddable":true,"href":"https:\/\/www.meydan.tv\/az\/wp-json\/wp\/v2\/tags?post=323444"}],"curies":[{"name":"wp","href":"https:\/\/api.w.org\/{rel}","templated":true}]}}