{"id":323324,"date":"2024-12-24T21:37:05","date_gmt":"2024-12-24T17:37:05","guid":{"rendered":"https:\/\/www.meydan.tv\/?p=323324"},"modified":"2024-12-24T21:47:19","modified_gmt":"2024-12-24T17:47:19","slug":"vilay%c9%99t-eyvazov-v%c9%99-dig%c9%99rl%c9%99rin%c9%99-t%c9%99l%c9%99b-olunan-sanksiya-real-olacaqmi","status":"publish","type":"post","link":"https:\/\/www.meydan.tv\/az\/article\/vilay%c9%99t-eyvazov-v%c9%99-dig%c9%99rl%c9%99rin%c9%99-t%c9%99l%c9%99b-olunan-sanksiya-real-olacaqmi\/","title":{"rendered":"Vilay\u0259t Eyvazov v\u0259 dig\u0259rl\u0259rin\u0259 t\u0259l\u0259b olunan sanksiya real olacaqm\u0131?"},"content":{"rendered":"\n<figure class=\"wp-block-embed is-type-video is-provider-youtube wp-block-embed-youtube wp-embed-aspect-16-9 wp-has-aspect-ratio\"><div class=\"wp-block-embed__wrapper\">\n<iframe title=\"Vilay\u0259t Eyvazov v\u0259 dig\u0259rl\u0259rin\u0259 t\u0259l\u0259b olunan sanksiya \u00e7a\u011f\u0131r\u0131\u015f\u0131 real olacaqm\u0131?\" width=\"1200\" height=\"675\" data-src=\"https:\/\/www.youtube.com\/embed\/hr_BbfD3zZs?feature=oembed\" frameborder=\"0\" allow=\"accelerometer; autoplay; clipboard-write; encrypted-media; gyroscope; picture-in-picture; web-share\" referrerpolicy=\"strict-origin-when-cross-origin\" allowfullscreen src=\"data:image\/svg+xml;base64,PHN2ZyB3aWR0aD0iMSIgaGVpZ2h0PSIxIiB4bWxucz0iaHR0cDovL3d3dy53My5vcmcvMjAwMC9zdmciPjwvc3ZnPg==\" class=\"lazyload\" data-load-mode=\"1\"><\/iframe>\n<\/div><\/figure>\n\n\n\n<!--more-->\n\n\n\n<p><\/p>\n\n\n\n<p>Avropa Parlament Avropa \u0130ttifaq\u0131n\u0131 Prezident Administrasiyas\u0131n\u0131n H\u00fcquq m\u00fchafiz\u0259 orqanlar\u0131 il\u0259 i\u015f \u015f\u00f6b\u0259sinin m\u00fcdiri, \u0130lham \u018fliyevin k\u00f6m\u0259k\u00e7isi Fuad \u018fl\u0259sg\u0259rov, daxili i\u015fl\u0259r naziri Vilay\u0259t Eyvazov v\u0259 d\u00f6vl\u0259t t\u0259hl\u00fck\u0259sizlik xidm\u0259tinin r\u0259hb\u0259ri \u018fli Na\u011f\u0131yev\u0259 sanksiya t\u0259l\u0259bi il\u0259 \u00e7a\u011f\u0131r\u0131\u015f edib. <\/p>\n\n\n\n<p>B\u0259s Avropa \u0130ttifaq\u0131 bu \u00e7a\u011f\u0131r\u0131\u015flar\u0131 reall\u0131\u011fa \u00e7evir\u0259c\u0259kmi? Sanksiyalar \u00f6z\u00fcnd\u0259 n\u0259yi ehtiva edir? <\/p>\n\n\n\n<p>Avropa Komissiyas\u0131ndan Az\u0259rbaycanla qaz sazi\u015fini dayand\u0131rmaq da t\u0259l\u0259b olunur. Sazi\u015fin dayand\u0131r\u0131lmas\u0131 reald\u0131rm\u0131? <\/p>\n\n\n\n<p><em>&#8220;Ba\u015f ver\u0259nl\u0259rin fonunda \u0130lham \u018fliyev\u0259 qar\u015f\u0131 da sanksiya \u00e7a\u011f\u0131r\u0131\u015flar\u0131n\u0131n olaca\u011f\u0131na g\u0259linc\u0259, beyn\u0259lxalq h\u00fcquqda d\u00f6vl\u0259t ba\u015f\u00e7\u0131lar\u0131n\u0131n toxunulmazl\u0131\u011f\u0131 q\u00fcvv\u0259d\u0259 qal\u0131r v\u0259 onlara sanksiya t\u0259tbiq olunmas\u0131 \u00e7ox nadir hallarda ba\u015f verir&#8221;<\/em>.<\/p>\n","protected":false},"excerpt":{"rendered":"","protected":false},"author":12,"featured_media":323325,"comment_status":"closed","ping_status":"closed","sticky":false,"template":"","format":"standard","meta":{"_acf_changed":false,"_sitemap_exclude":false,"_sitemap_priority":"","_sitemap_frequency":"","footnotes":""},"categories":[63,56],"tags":[],"class_list":["post-323324","post","type-post","status-publish","format-standard","has-post-thumbnail","hentry","category-video-2","category-xeberler","infinite-scroll-item","generate-columns","tablet-grid-50","mobile-grid-100","grid-parent","grid-33","no-featured-image-padding"],"acf":[],"yoast_head":"<!-- This site is optimized with the Yoast SEO plugin v27.4 - https:\/\/yoast.com\/product\/yoast-seo-wordpress\/ -->\n<title>Vilay\u0259t Eyvazov v\u0259 dig\u0259rl\u0259rin\u0259 t\u0259l\u0259b olunan sanksiya real olacaqm\u0131? - MEYDAN.TV<\/title>\n<meta name=\"robots\" content=\"index, follow, max-snippet:-1, max-image-preview:large, max-video-preview:-1\" \/>\n<link rel=\"canonical\" href=\"https:\/\/www.meydan.tv\/az\/article\/vilay%c9%99t-eyvazov-v%c9%99-dig%c9%99rl%c9%99rin%c9%99-t%c9%99l%c9%99b-olunan-sanksiya-real-olacaqmi\/\" \/>\n<meta property=\"og:locale\" content=\"az_AZ\" \/>\n<meta property=\"og:type\" content=\"article\" \/>\n<meta property=\"og:title\" content=\"Vilay\u0259t Eyvazov v\u0259 dig\u0259rl\u0259rin\u0259 t\u0259l\u0259b olunan sanksiya real olacaqm\u0131? - MEYDAN.TV\" \/>\n<meta property=\"og:url\" content=\"https:\/\/www.meydan.tv\/az\/article\/vilay%c9%99t-eyvazov-v%c9%99-dig%c9%99rl%c9%99rin%c9%99-t%c9%99l%c9%99b-olunan-sanksiya-real-olacaqmi\/\" \/>\n<meta property=\"og:site_name\" content=\"MEYDAN.TV\" \/>\n<meta property=\"article:published_time\" content=\"2024-12-24T17:37:05+00:00\" \/>\n<meta property=\"article:modified_time\" content=\"2024-12-24T17:47:19+00:00\" \/>\n<meta property=\"og:image\" content=\"https:\/\/www.meydan.tv\/wp-content\/uploads\/1719225659.bdc98da3-d5e3-4720-b2da-d2f5e5095fdf.jpg\" \/>\n\t<meta property=\"og:image:width\" content=\"1400\" \/>\n\t<meta property=\"og:image:height\" content=\"1000\" \/>\n\t<meta property=\"og:image:type\" content=\"image\/jpeg\" \/>\n<meta name=\"author\" content=\"aleks\" \/>\n<meta name=\"twitter:card\" content=\"summary_large_image\" \/>\n<script type=\"application\/ld+json\" class=\"yoast-schema-graph\">{\"@context\":\"https:\\\/\\\/schema.org\",\"@graph\":[{\"@type\":\"Article\",\"@id\":\"https:\\\/\\\/www.meydan.tv\\\/az\\\/article\\\/vilay%c9%99t-eyvazov-v%c9%99-dig%c9%99rl%c9%99rin%c9%99-t%c9%99l%c9%99b-olunan-sanksiya-real-olacaqmi\\\/#article\",\"isPartOf\":{\"@id\":\"https:\\\/\\\/www.meydan.tv\\\/az\\\/article\\\/vilay%c9%99t-eyvazov-v%c9%99-dig%c9%99rl%c9%99rin%c9%99-t%c9%99l%c9%99b-olunan-sanksiya-real-olacaqmi\\\/\"},\"author\":{\"name\":\"aleks\",\"@id\":\"https:\\\/\\\/www.meydan.tv\\\/az\\\/#\\\/schema\\\/person\\\/476e9360e593fa131d5d71d51866f8da\"},\"headline\":\"Vilay\u0259t Eyvazov v\u0259 dig\u0259rl\u0259rin\u0259 t\u0259l\u0259b olunan sanksiya real olacaqm\u0131?\",\"datePublished\":\"2024-12-24T17:37:05+00:00\",\"dateModified\":\"2024-12-24T17:47:19+00:00\",\"mainEntityOfPage\":{\"@id\":\"https:\\\/\\\/www.meydan.tv\\\/az\\\/article\\\/vilay%c9%99t-eyvazov-v%c9%99-dig%c9%99rl%c9%99rin%c9%99-t%c9%99l%c9%99b-olunan-sanksiya-real-olacaqmi\\\/\"},\"wordCount\":171,\"publisher\":{\"@id\":\"https:\\\/\\\/www.meydan.tv\\\/az\\\/#organization\"},\"image\":{\"@id\":\"https:\\\/\\\/www.meydan.tv\\\/az\\\/article\\\/vilay%c9%99t-eyvazov-v%c9%99-dig%c9%99rl%c9%99rin%c9%99-t%c9%99l%c9%99b-olunan-sanksiya-real-olacaqmi\\\/#primaryimage\"},\"thumbnailUrl\":\"https:\\\/\\\/www.meydan.tv\\\/wp-content\\\/uploads\\\/1719225659.bdc98da3-d5e3-4720-b2da-d2f5e5095fdf.jpg\",\"articleSection\":[\"Video\",\"X\u0259b\u0259rl\u0259r\"],\"inLanguage\":\"az\"},{\"@type\":\"WebPage\",\"@id\":\"https:\\\/\\\/www.meydan.tv\\\/az\\\/article\\\/vilay%c9%99t-eyvazov-v%c9%99-dig%c9%99rl%c9%99rin%c9%99-t%c9%99l%c9%99b-olunan-sanksiya-real-olacaqmi\\\/\",\"url\":\"https:\\\/\\\/www.meydan.tv\\\/az\\\/article\\\/vilay%c9%99t-eyvazov-v%c9%99-dig%c9%99rl%c9%99rin%c9%99-t%c9%99l%c9%99b-olunan-sanksiya-real-olacaqmi\\\/\",\"name\":\"Vilay\u0259t Eyvazov v\u0259 dig\u0259rl\u0259rin\u0259 t\u0259l\u0259b olunan sanksiya real olacaqm\u0131? - MEYDAN.TV\",\"isPartOf\":{\"@id\":\"https:\\\/\\\/www.meydan.tv\\\/az\\\/#website\"},\"primaryImageOfPage\":{\"@id\":\"https:\\\/\\\/www.meydan.tv\\\/az\\\/article\\\/vilay%c9%99t-eyvazov-v%c9%99-dig%c9%99rl%c9%99rin%c9%99-t%c9%99l%c9%99b-olunan-sanksiya-real-olacaqmi\\\/#primaryimage\"},\"image\":{\"@id\":\"https:\\\/\\\/www.meydan.tv\\\/az\\\/article\\\/vilay%c9%99t-eyvazov-v%c9%99-dig%c9%99rl%c9%99rin%c9%99-t%c9%99l%c9%99b-olunan-sanksiya-real-olacaqmi\\\/#primaryimage\"},\"thumbnailUrl\":\"https:\\\/\\\/www.meydan.tv\\\/wp-content\\\/uploads\\\/1719225659.bdc98da3-d5e3-4720-b2da-d2f5e5095fdf.jpg\",\"datePublished\":\"2024-12-24T17:37:05+00:00\",\"dateModified\":\"2024-12-24T17:47:19+00:00\",\"breadcrumb\":{\"@id\":\"https:\\\/\\\/www.meydan.tv\\\/az\\\/article\\\/vilay%c9%99t-eyvazov-v%c9%99-dig%c9%99rl%c9%99rin%c9%99-t%c9%99l%c9%99b-olunan-sanksiya-real-olacaqmi\\\/#breadcrumb\"},\"inLanguage\":\"az\",\"potentialAction\":[{\"@type\":\"ReadAction\",\"target\":[\"https:\\\/\\\/www.meydan.tv\\\/az\\\/article\\\/vilay%c9%99t-eyvazov-v%c9%99-dig%c9%99rl%c9%99rin%c9%99-t%c9%99l%c9%99b-olunan-sanksiya-real-olacaqmi\\\/\"]}]},{\"@type\":\"ImageObject\",\"inLanguage\":\"az\",\"@id\":\"https:\\\/\\\/www.meydan.tv\\\/az\\\/article\\\/vilay%c9%99t-eyvazov-v%c9%99-dig%c9%99rl%c9%99rin%c9%99-t%c9%99l%c9%99b-olunan-sanksiya-real-olacaqmi\\\/#primaryimage\",\"url\":\"https:\\\/\\\/www.meydan.tv\\\/wp-content\\\/uploads\\\/1719225659.bdc98da3-d5e3-4720-b2da-d2f5e5095fdf.jpg\",\"contentUrl\":\"https:\\\/\\\/www.meydan.tv\\\/wp-content\\\/uploads\\\/1719225659.bdc98da3-d5e3-4720-b2da-d2f5e5095fdf.jpg\",\"width\":1400,\"height\":1000},{\"@type\":\"BreadcrumbList\",\"@id\":\"https:\\\/\\\/www.meydan.tv\\\/az\\\/article\\\/vilay%c9%99t-eyvazov-v%c9%99-dig%c9%99rl%c9%99rin%c9%99-t%c9%99l%c9%99b-olunan-sanksiya-real-olacaqmi\\\/#breadcrumb\",\"itemListElement\":[{\"@type\":\"ListItem\",\"position\":1,\"name\":\"Ana s\u0259hif\u0259\",\"item\":\"https:\\\/\\\/www.meydan.tv\\\/az\\\/\"},{\"@type\":\"ListItem\",\"position\":2,\"name\":\"X\u0259b\u0259rl\u0259r\",\"item\":\"https:\\\/\\\/www.meydan.tv\\\/az\\\/section\\\/xeberler\\\/\"},{\"@type\":\"ListItem\",\"position\":3,\"name\":\"Vilay\u0259t Eyvazov v\u0259 dig\u0259rl\u0259rin\u0259 t\u0259l\u0259b olunan sanksiya real olacaqm\u0131?\"}]},{\"@type\":\"WebSite\",\"@id\":\"https:\\\/\\\/www.meydan.tv\\\/az\\\/#website\",\"url\":\"https:\\\/\\\/www.meydan.tv\\\/az\\\/\",\"name\":\"MEYDAN.TV\",\"description\":\"Meydan TV Az\u0259rbaycan\u0131n media m\u0259kan\u0131ndak\u0131 alternativ s\u0259sidir\",\"publisher\":{\"@id\":\"https:\\\/\\\/www.meydan.tv\\\/az\\\/#organization\"},\"potentialAction\":[{\"@type\":\"SearchAction\",\"target\":{\"@type\":\"EntryPoint\",\"urlTemplate\":\"https:\\\/\\\/www.meydan.tv\\\/az\\\/?s={search_term_string}\"},\"query-input\":{\"@type\":\"PropertyValueSpecification\",\"valueRequired\":true,\"valueName\":\"search_term_string\"}}],\"inLanguage\":\"az\"},{\"@type\":\"Organization\",\"@id\":\"https:\\\/\\\/www.meydan.tv\\\/az\\\/#organization\",\"name\":\"Meydan TV\",\"url\":\"https:\\\/\\\/www.meydan.tv\\\/az\\\/\",\"logo\":{\"@type\":\"ImageObject\",\"inLanguage\":\"az\",\"@id\":\"https:\\\/\\\/www.meydan.tv\\\/az\\\/#\\\/schema\\\/logo\\\/image\\\/\",\"url\":\"https:\\\/\\\/www.meydan.tv\\\/wp-content\\\/uploads\\\/2021\\\/07\\\/meydan-logo.svg\",\"contentUrl\":\"https:\\\/\\\/www.meydan.tv\\\/wp-content\\\/uploads\\\/2021\\\/07\\\/meydan-logo.svg\",\"width\":195,\"height\":46,\"caption\":\"Meydan TV\"},\"image\":{\"@id\":\"https:\\\/\\\/www.meydan.tv\\\/az\\\/#\\\/schema\\\/logo\\\/image\\\/\"}},{\"@type\":\"Person\",\"@id\":\"https:\\\/\\\/www.meydan.tv\\\/az\\\/#\\\/schema\\\/person\\\/476e9360e593fa131d5d71d51866f8da\",\"name\":\"aleks\"}]}<\/script>\n<!-- \/ Yoast SEO plugin. -->","yoast_head_json":{"title":"Vilay\u0259t Eyvazov v\u0259 dig\u0259rl\u0259rin\u0259 t\u0259l\u0259b olunan sanksiya real olacaqm\u0131? - MEYDAN.TV","robots":{"index":"index","follow":"follow","max-snippet":"max-snippet:-1","max-image-preview":"max-image-preview:large","max-video-preview":"max-video-preview:-1"},"canonical":"https:\/\/www.meydan.tv\/az\/article\/vilay%c9%99t-eyvazov-v%c9%99-dig%c9%99rl%c9%99rin%c9%99-t%c9%99l%c9%99b-olunan-sanksiya-real-olacaqmi\/","og_locale":"az_AZ","og_type":"article","og_title":"Vilay\u0259t Eyvazov v\u0259 dig\u0259rl\u0259rin\u0259 t\u0259l\u0259b olunan sanksiya real olacaqm\u0131? - MEYDAN.TV","og_url":"https:\/\/www.meydan.tv\/az\/article\/vilay%c9%99t-eyvazov-v%c9%99-dig%c9%99rl%c9%99rin%c9%99-t%c9%99l%c9%99b-olunan-sanksiya-real-olacaqmi\/","og_site_name":"MEYDAN.TV","article_published_time":"2024-12-24T17:37:05+00:00","article_modified_time":"2024-12-24T17:47:19+00:00","og_image":[{"width":1400,"height":1000,"url":"https:\/\/www.meydan.tv\/wp-content\/uploads\/1719225659.bdc98da3-d5e3-4720-b2da-d2f5e5095fdf.jpg","type":"image\/jpeg"}],"author":"aleks","twitter_card":"summary_large_image","schema":{"@context":"https:\/\/schema.org","@graph":[{"@type":"Article","@id":"https:\/\/www.meydan.tv\/az\/article\/vilay%c9%99t-eyvazov-v%c9%99-dig%c9%99rl%c9%99rin%c9%99-t%c9%99l%c9%99b-olunan-sanksiya-real-olacaqmi\/#article","isPartOf":{"@id":"https:\/\/www.meydan.tv\/az\/article\/vilay%c9%99t-eyvazov-v%c9%99-dig%c9%99rl%c9%99rin%c9%99-t%c9%99l%c9%99b-olunan-sanksiya-real-olacaqmi\/"},"author":{"name":"aleks","@id":"https:\/\/www.meydan.tv\/az\/#\/schema\/person\/476e9360e593fa131d5d71d51866f8da"},"headline":"Vilay\u0259t Eyvazov v\u0259 dig\u0259rl\u0259rin\u0259 t\u0259l\u0259b olunan sanksiya real olacaqm\u0131?","datePublished":"2024-12-24T17:37:05+00:00","dateModified":"2024-12-24T17:47:19+00:00","mainEntityOfPage":{"@id":"https:\/\/www.meydan.tv\/az\/article\/vilay%c9%99t-eyvazov-v%c9%99-dig%c9%99rl%c9%99rin%c9%99-t%c9%99l%c9%99b-olunan-sanksiya-real-olacaqmi\/"},"wordCount":171,"publisher":{"@id":"https:\/\/www.meydan.tv\/az\/#organization"},"image":{"@id":"https:\/\/www.meydan.tv\/az\/article\/vilay%c9%99t-eyvazov-v%c9%99-dig%c9%99rl%c9%99rin%c9%99-t%c9%99l%c9%99b-olunan-sanksiya-real-olacaqmi\/#primaryimage"},"thumbnailUrl":"https:\/\/www.meydan.tv\/wp-content\/uploads\/1719225659.bdc98da3-d5e3-4720-b2da-d2f5e5095fdf.jpg","articleSection":["Video","X\u0259b\u0259rl\u0259r"],"inLanguage":"az"},{"@type":"WebPage","@id":"https:\/\/www.meydan.tv\/az\/article\/vilay%c9%99t-eyvazov-v%c9%99-dig%c9%99rl%c9%99rin%c9%99-t%c9%99l%c9%99b-olunan-sanksiya-real-olacaqmi\/","url":"https:\/\/www.meydan.tv\/az\/article\/vilay%c9%99t-eyvazov-v%c9%99-dig%c9%99rl%c9%99rin%c9%99-t%c9%99l%c9%99b-olunan-sanksiya-real-olacaqmi\/","name":"Vilay\u0259t Eyvazov v\u0259 dig\u0259rl\u0259rin\u0259 t\u0259l\u0259b olunan sanksiya real olacaqm\u0131? - MEYDAN.TV","isPartOf":{"@id":"https:\/\/www.meydan.tv\/az\/#website"},"primaryImageOfPage":{"@id":"https:\/\/www.meydan.tv\/az\/article\/vilay%c9%99t-eyvazov-v%c9%99-dig%c9%99rl%c9%99rin%c9%99-t%c9%99l%c9%99b-olunan-sanksiya-real-olacaqmi\/#primaryimage"},"image":{"@id":"https:\/\/www.meydan.tv\/az\/article\/vilay%c9%99t-eyvazov-v%c9%99-dig%c9%99rl%c9%99rin%c9%99-t%c9%99l%c9%99b-olunan-sanksiya-real-olacaqmi\/#primaryimage"},"thumbnailUrl":"https:\/\/www.meydan.tv\/wp-content\/uploads\/1719225659.bdc98da3-d5e3-4720-b2da-d2f5e5095fdf.jpg","datePublished":"2024-12-24T17:37:05+00:00","dateModified":"2024-12-24T17:47:19+00:00","breadcrumb":{"@id":"https:\/\/www.meydan.tv\/az\/article\/vilay%c9%99t-eyvazov-v%c9%99-dig%c9%99rl%c9%99rin%c9%99-t%c9%99l%c9%99b-olunan-sanksiya-real-olacaqmi\/#breadcrumb"},"inLanguage":"az","potentialAction":[{"@type":"ReadAction","target":["https:\/\/www.meydan.tv\/az\/article\/vilay%c9%99t-eyvazov-v%c9%99-dig%c9%99rl%c9%99rin%c9%99-t%c9%99l%c9%99b-olunan-sanksiya-real-olacaqmi\/"]}]},{"@type":"ImageObject","inLanguage":"az","@id":"https:\/\/www.meydan.tv\/az\/article\/vilay%c9%99t-eyvazov-v%c9%99-dig%c9%99rl%c9%99rin%c9%99-t%c9%99l%c9%99b-olunan-sanksiya-real-olacaqmi\/#primaryimage","url":"https:\/\/www.meydan.tv\/wp-content\/uploads\/1719225659.bdc98da3-d5e3-4720-b2da-d2f5e5095fdf.jpg","contentUrl":"https:\/\/www.meydan.tv\/wp-content\/uploads\/1719225659.bdc98da3-d5e3-4720-b2da-d2f5e5095fdf.jpg","width":1400,"height":1000},{"@type":"BreadcrumbList","@id":"https:\/\/www.meydan.tv\/az\/article\/vilay%c9%99t-eyvazov-v%c9%99-dig%c9%99rl%c9%99rin%c9%99-t%c9%99l%c9%99b-olunan-sanksiya-real-olacaqmi\/#breadcrumb","itemListElement":[{"@type":"ListItem","position":1,"name":"Ana s\u0259hif\u0259","item":"https:\/\/www.meydan.tv\/az\/"},{"@type":"ListItem","position":2,"name":"X\u0259b\u0259rl\u0259r","item":"https:\/\/www.meydan.tv\/az\/section\/xeberler\/"},{"@type":"ListItem","position":3,"name":"Vilay\u0259t Eyvazov v\u0259 dig\u0259rl\u0259rin\u0259 t\u0259l\u0259b olunan sanksiya real olacaqm\u0131?"}]},{"@type":"WebSite","@id":"https:\/\/www.meydan.tv\/az\/#website","url":"https:\/\/www.meydan.tv\/az\/","name":"MEYDAN.TV","description":"Meydan TV Az\u0259rbaycan\u0131n media m\u0259kan\u0131ndak\u0131 alternativ s\u0259sidir","publisher":{"@id":"https:\/\/www.meydan.tv\/az\/#organization"},"potentialAction":[{"@type":"SearchAction","target":{"@type":"EntryPoint","urlTemplate":"https:\/\/www.meydan.tv\/az\/?s={search_term_string}"},"query-input":{"@type":"PropertyValueSpecification","valueRequired":true,"valueName":"search_term_string"}}],"inLanguage":"az"},{"@type":"Organization","@id":"https:\/\/www.meydan.tv\/az\/#organization","name":"Meydan TV","url":"https:\/\/www.meydan.tv\/az\/","logo":{"@type":"ImageObject","inLanguage":"az","@id":"https:\/\/www.meydan.tv\/az\/#\/schema\/logo\/image\/","url":"https:\/\/www.meydan.tv\/wp-content\/uploads\/2021\/07\/meydan-logo.svg","contentUrl":"https:\/\/www.meydan.tv\/wp-content\/uploads\/2021\/07\/meydan-logo.svg","width":195,"height":46,"caption":"Meydan TV"},"image":{"@id":"https:\/\/www.meydan.tv\/az\/#\/schema\/logo\/image\/"}},{"@type":"Person","@id":"https:\/\/www.meydan.tv\/az\/#\/schema\/person\/476e9360e593fa131d5d71d51866f8da","name":"aleks"}]}},"_links":{"self":[{"href":"https:\/\/www.meydan.tv\/az\/wp-json\/wp\/v2\/posts\/323324","targetHints":{"allow":["GET"]}}],"collection":[{"href":"https:\/\/www.meydan.tv\/az\/wp-json\/wp\/v2\/posts"}],"about":[{"href":"https:\/\/www.meydan.tv\/az\/wp-json\/wp\/v2\/types\/post"}],"author":[{"embeddable":true,"href":"https:\/\/www.meydan.tv\/az\/wp-json\/wp\/v2\/users\/12"}],"replies":[{"embeddable":true,"href":"https:\/\/www.meydan.tv\/az\/wp-json\/wp\/v2\/comments?post=323324"}],"version-history":[{"count":3,"href":"https:\/\/www.meydan.tv\/az\/wp-json\/wp\/v2\/posts\/323324\/revisions"}],"predecessor-version":[{"id":323331,"href":"https:\/\/www.meydan.tv\/az\/wp-json\/wp\/v2\/posts\/323324\/revisions\/323331"}],"wp:featuredmedia":[{"embeddable":true,"href":"https:\/\/www.meydan.tv\/az\/wp-json\/wp\/v2\/media\/323325"}],"wp:attachment":[{"href":"https:\/\/www.meydan.tv\/az\/wp-json\/wp\/v2\/media?parent=323324"}],"wp:term":[{"taxonomy":"category","embeddable":true,"href":"https:\/\/www.meydan.tv\/az\/wp-json\/wp\/v2\/categories?post=323324"},{"taxonomy":"post_tag","embeddable":true,"href":"https:\/\/www.meydan.tv\/az\/wp-json\/wp\/v2\/tags?post=323324"}],"curies":[{"name":"wp","href":"https:\/\/api.w.org\/{rel}","templated":true}]}}