{"id":323280,"date":"2024-12-24T15:04:44","date_gmt":"2024-12-24T11:04:44","guid":{"rendered":"https:\/\/www.meydan.tv\/?p=323280"},"modified":"2024-12-24T15:09:01","modified_gmt":"2024-12-24T11:09:01","slug":"300-d%c9%99n-artiq-siyasi-m%c9%99hbus-bayrami-ail%c9%99l%c9%99ri-il%c9%99-kecir%c9%99-bilm%c9%99y%c9%99c%c9%99k","status":"publish","type":"post","link":"https:\/\/www.meydan.tv\/az\/article\/300-d%c9%99n-artiq-siyasi-m%c9%99hbus-bayrami-ail%c9%99l%c9%99ri-il%c9%99-kecir%c9%99-bilm%c9%99y%c9%99c%c9%99k\/","title":{"rendered":"300-d\u0259n art\u0131q siyasi m\u0259hbus bayram\u0131 ail\u0259l\u0259ri il\u0259 ke\u00e7ir\u0259 bilm\u0259y\u0259c\u0259k"},"content":{"rendered":"\n<figure class=\"wp-block-embed is-type-video is-provider-youtube wp-block-embed-youtube wp-embed-aspect-16-9 wp-has-aspect-ratio\"><div class=\"wp-block-embed__wrapper\">\n<iframe title=\"300-d\u0259n art\u0131q siyasi m\u0259hbus bayram\u0131 ail\u0259l\u0259ri il\u0259 ke\u00e7ir\u0259 bilm\u0259y\u0259c\u0259k\" width=\"1200\" height=\"675\" data-src=\"https:\/\/www.youtube.com\/embed\/zBLNpBjMJwo?feature=oembed\" frameborder=\"0\" allow=\"accelerometer; autoplay; clipboard-write; encrypted-media; gyroscope; picture-in-picture; web-share\" referrerpolicy=\"strict-origin-when-cross-origin\" allowfullscreen src=\"data:image\/svg+xml;base64,PHN2ZyB3aWR0aD0iMSIgaGVpZ2h0PSIxIiB4bWxucz0iaHR0cDovL3d3dy53My5vcmcvMjAwMC9zdmciPjwvc3ZnPg==\" class=\"lazyload\" data-load-mode=\"1\"><\/iframe>\n<\/div><\/figure>\n\n\n\n<!--more-->\n\n\n\n<p><\/p>\n\n\n\n<p>Bu il \u0130lham \u018fliyevd\u0259n f\u0259rqli olaraq 331 n\u0259f\u0259r siyasi m\u0259hbus kimi tan\u0131na \u015f\u0259xs Yeni ili ail\u0259l\u0259rinin yan\u0131nda yox, d\u0259mir barmaql\u0131qlar aras\u0131nda ke\u00e7ir\u0259c\u0259k.&nbsp;<\/p>\n\n\n\n<p>Siyasi repressiyalar fonunda ba\u015fa \u00e7atan 2024-c\u00fc il jurnalistl\u0259rin v\u0259 m\u00fcxalifl\u0259rin h\u0259bsl\u0259ri il\u0259 yadda qald\u0131.<\/p>\n\n\n\n<p>\u0130\u015f\u00e7i Masas\u0131 H\u0259mkarkar \u0130ttifaqlar\u0131 Konfederasiyas\u0131n\u0131n \u00fczv\u00fc M\u00f6hy\u0259ddin Orucov \u201cnarkotik\u201d ittiham\u0131 il\u0259 h\u0259bs edilib.&nbsp; Onunla birlikd\u0259 h\u0259r\u0259kat\u0131n daha 3 \u00fczv\u00fc d\u0259 haz\u0131rda eyni taleyi b\u00f6l\u00fc\u015f\u00fcr. M\u00f6hiyy\u0259ddinin anas\u0131 T\u0259ran\u0259 Orucova deyir ki, \u00f6vlad\u0131 h\u0259bs olundu\u011fu g\u00fcnd\u0259n b\u0259ri he\u00e7 bir bayram\u0131 qeyd etmir.&nbsp;<\/p>\n\n\n\n<p>Almaniya v\u0259t\u0259nda\u015f\u0131 H\u0259mz\u0259 M\u0259mm\u0259dli is\u0259 bir ild\u0259n \u00e7oxdur ki, D\u00f6vl\u0259t T\u0259hl\u00fck\u0259sizliyi Xidm\u0259ti t\u0259r\u0259find\u0259n h\u0259bs edilib.&nbsp; 2023-c\u00fc il iyulun 1-d\u0259 \u00f6z toyuna g\u0259l\u0259n H\u0259mz\u0259 Bak\u0131 hava liman\u0131nda saxlan\u0131l\u0131b. H\u0259mz\u0259nin anas\u0131 Hicran M\u0259mm\u0259dova deyir ki, bu bayramda \u00f6vlad\u0131n\u0131n azadl\u0131\u011fa \u00e7\u0131xaca\u011f\u0131na inan\u0131rd\u0131.<\/p>\n\n\n\n<p>Dekabr\u0131n 3-d\u0259 h\u0259bs edil\u0259n h\u00fcquq m\u00fcdafi\u0259\u00e7isi R\u00fcf\u0259t S\u0259f\u0259rov d\u0259 hakimiyy\u0259tin q\u0259z\u0259bin\u0259 tu\u015f g\u0259l\u0259nl\u0259rd\u0259ndir. S\u0259f\u0259rov h\u0259bs edilm\u0259zd\u0259n \u0259vv\u0259l verdiyi sonuncu m\u00fcsahib\u0259sind\u0259 zorak\u0131l\u0131\u011f\u0131n d\u00f6vl\u0259t strategiyas\u0131na \u00e7evrildiyini vur\u011fulay\u0131rd\u0131.<\/p>\n\n\n\n<p>\u201cAz\u0259rbaycanda Siyasi M\u0259hbuslar\u0131n Azadl\u0131\u011f\u0131 Namin\u0259&#8221; \u0130ttifaq\u0131n m\u0259lumat\u0131nda deyilir ki, haz\u0131rda \u00f6lk\u0259d\u0259 331 siyasi m\u0259hbus var.&nbsp;<\/p>\n\n\n\n<p>Siyasi m\u0259hbus kimi tan\u0131nan \u015f\u0259xsl\u0259rin aras\u0131nda jurnalistl\u0259r, blogerl\u0259r, m\u00fcxalif partiyalar\u0131n \u00fczvl\u0259ri, dini inancl\u0131lar, G\u0259nc\u0259 v\u0259 T\u0259rt\u0259r m\u0259hbuslar\u0131 v\u0259 ba\u015fqalar\u0131 var. Onlar bu il bayram\u0131 ail\u0259l\u0259ri il\u0259 qar\u015f\u0131laya bilm\u0259y\u0259c\u0259kl\u0259r.<\/p>\n","protected":false},"excerpt":{"rendered":"","protected":false},"author":12,"featured_media":323281,"comment_status":"closed","ping_status":"closed","sticky":false,"template":"","format":"standard","meta":{"_acf_changed":false,"_sitemap_exclude":false,"_sitemap_priority":"","_sitemap_frequency":"","footnotes":""},"categories":[59,79,63,56],"tags":[],"class_list":["post-323280","post","type-post","status-publish","format-standard","has-post-thumbnail","hentry","category-siyaset","category-featured","category-video-2","category-xeberler","infinite-scroll-item","generate-columns","tablet-grid-50","mobile-grid-100","grid-parent","grid-33","no-featured-image-padding"],"acf":[],"yoast_head":"<!-- This site is optimized with the Yoast SEO plugin v27.4 - https:\/\/yoast.com\/product\/yoast-seo-wordpress\/ -->\n<title>300-d\u0259n art\u0131q siyasi m\u0259hbus bayram\u0131 ail\u0259l\u0259ri il\u0259 ke\u00e7ir\u0259 bilm\u0259y\u0259c\u0259k - MEYDAN.TV<\/title>\n<meta name=\"robots\" content=\"index, follow, max-snippet:-1, max-image-preview:large, max-video-preview:-1\" \/>\n<link rel=\"canonical\" href=\"https:\/\/www.meydan.tv\/az\/article\/300-d%c9%99n-artiq-siyasi-m%c9%99hbus-bayrami-ail%c9%99l%c9%99ri-il%c9%99-kecir%c9%99-bilm%c9%99y%c9%99c%c9%99k\/\" \/>\n<meta property=\"og:locale\" content=\"az_AZ\" \/>\n<meta property=\"og:type\" content=\"article\" \/>\n<meta property=\"og:title\" content=\"300-d\u0259n art\u0131q siyasi m\u0259hbus bayram\u0131 ail\u0259l\u0259ri il\u0259 ke\u00e7ir\u0259 bilm\u0259y\u0259c\u0259k - MEYDAN.TV\" \/>\n<meta property=\"og:url\" content=\"https:\/\/www.meydan.tv\/az\/article\/300-d%c9%99n-artiq-siyasi-m%c9%99hbus-bayrami-ail%c9%99l%c9%99ri-il%c9%99-kecir%c9%99-bilm%c9%99y%c9%99c%c9%99k\/\" \/>\n<meta property=\"og:site_name\" content=\"MEYDAN.TV\" \/>\n<meta property=\"article:published_time\" content=\"2024-12-24T11:04:44+00:00\" \/>\n<meta property=\"article:modified_time\" content=\"2024-12-24T11:09:01+00:00\" \/>\n<meta property=\"og:image\" content=\"https:\/\/www.meydan.tv\/wp-content\/uploads\/photo_2024-12-24_13.05.52.jpeg\" \/>\n\t<meta property=\"og:image:width\" content=\"1280\" \/>\n\t<meta property=\"og:image:height\" content=\"720\" \/>\n\t<meta property=\"og:image:type\" content=\"image\/jpeg\" \/>\n<meta name=\"author\" content=\"aleks\" \/>\n<meta name=\"twitter:card\" content=\"summary_large_image\" \/>\n<script type=\"application\/ld+json\" class=\"yoast-schema-graph\">{\"@context\":\"https:\\\/\\\/schema.org\",\"@graph\":[{\"@type\":\"Article\",\"@id\":\"https:\\\/\\\/www.meydan.tv\\\/az\\\/article\\\/300-d%c9%99n-artiq-siyasi-m%c9%99hbus-bayrami-ail%c9%99l%c9%99ri-il%c9%99-kecir%c9%99-bilm%c9%99y%c9%99c%c9%99k\\\/#article\",\"isPartOf\":{\"@id\":\"https:\\\/\\\/www.meydan.tv\\\/az\\\/article\\\/300-d%c9%99n-artiq-siyasi-m%c9%99hbus-bayrami-ail%c9%99l%c9%99ri-il%c9%99-kecir%c9%99-bilm%c9%99y%c9%99c%c9%99k\\\/\"},\"author\":{\"name\":\"aleks\",\"@id\":\"https:\\\/\\\/www.meydan.tv\\\/az\\\/#\\\/schema\\\/person\\\/476e9360e593fa131d5d71d51866f8da\"},\"headline\":\"300-d\u0259n art\u0131q siyasi m\u0259hbus bayram\u0131 ail\u0259l\u0259ri il\u0259 ke\u00e7ir\u0259 bilm\u0259y\u0259c\u0259k\",\"datePublished\":\"2024-12-24T11:04:44+00:00\",\"dateModified\":\"2024-12-24T11:09:01+00:00\",\"mainEntityOfPage\":{\"@id\":\"https:\\\/\\\/www.meydan.tv\\\/az\\\/article\\\/300-d%c9%99n-artiq-siyasi-m%c9%99hbus-bayrami-ail%c9%99l%c9%99ri-il%c9%99-kecir%c9%99-bilm%c9%99y%c9%99c%c9%99k\\\/\"},\"wordCount\":342,\"publisher\":{\"@id\":\"https:\\\/\\\/www.meydan.tv\\\/az\\\/#organization\"},\"image\":{\"@id\":\"https:\\\/\\\/www.meydan.tv\\\/az\\\/article\\\/300-d%c9%99n-artiq-siyasi-m%c9%99hbus-bayrami-ail%c9%99l%c9%99ri-il%c9%99-kecir%c9%99-bilm%c9%99y%c9%99c%c9%99k\\\/#primaryimage\"},\"thumbnailUrl\":\"https:\\\/\\\/www.meydan.tv\\\/wp-content\\\/uploads\\\/photo_2024-12-24_13.05.52.jpeg\",\"articleSection\":[\"Siyas\u0259t\",\"T\u00f6vsiy\u0259\",\"Video\",\"X\u0259b\u0259rl\u0259r\"],\"inLanguage\":\"az\"},{\"@type\":\"WebPage\",\"@id\":\"https:\\\/\\\/www.meydan.tv\\\/az\\\/article\\\/300-d%c9%99n-artiq-siyasi-m%c9%99hbus-bayrami-ail%c9%99l%c9%99ri-il%c9%99-kecir%c9%99-bilm%c9%99y%c9%99c%c9%99k\\\/\",\"url\":\"https:\\\/\\\/www.meydan.tv\\\/az\\\/article\\\/300-d%c9%99n-artiq-siyasi-m%c9%99hbus-bayrami-ail%c9%99l%c9%99ri-il%c9%99-kecir%c9%99-bilm%c9%99y%c9%99c%c9%99k\\\/\",\"name\":\"300-d\u0259n art\u0131q siyasi m\u0259hbus bayram\u0131 ail\u0259l\u0259ri il\u0259 ke\u00e7ir\u0259 bilm\u0259y\u0259c\u0259k - MEYDAN.TV\",\"isPartOf\":{\"@id\":\"https:\\\/\\\/www.meydan.tv\\\/az\\\/#website\"},\"primaryImageOfPage\":{\"@id\":\"https:\\\/\\\/www.meydan.tv\\\/az\\\/article\\\/300-d%c9%99n-artiq-siyasi-m%c9%99hbus-bayrami-ail%c9%99l%c9%99ri-il%c9%99-kecir%c9%99-bilm%c9%99y%c9%99c%c9%99k\\\/#primaryimage\"},\"image\":{\"@id\":\"https:\\\/\\\/www.meydan.tv\\\/az\\\/article\\\/300-d%c9%99n-artiq-siyasi-m%c9%99hbus-bayrami-ail%c9%99l%c9%99ri-il%c9%99-kecir%c9%99-bilm%c9%99y%c9%99c%c9%99k\\\/#primaryimage\"},\"thumbnailUrl\":\"https:\\\/\\\/www.meydan.tv\\\/wp-content\\\/uploads\\\/photo_2024-12-24_13.05.52.jpeg\",\"datePublished\":\"2024-12-24T11:04:44+00:00\",\"dateModified\":\"2024-12-24T11:09:01+00:00\",\"breadcrumb\":{\"@id\":\"https:\\\/\\\/www.meydan.tv\\\/az\\\/article\\\/300-d%c9%99n-artiq-siyasi-m%c9%99hbus-bayrami-ail%c9%99l%c9%99ri-il%c9%99-kecir%c9%99-bilm%c9%99y%c9%99c%c9%99k\\\/#breadcrumb\"},\"inLanguage\":\"az\",\"potentialAction\":[{\"@type\":\"ReadAction\",\"target\":[\"https:\\\/\\\/www.meydan.tv\\\/az\\\/article\\\/300-d%c9%99n-artiq-siyasi-m%c9%99hbus-bayrami-ail%c9%99l%c9%99ri-il%c9%99-kecir%c9%99-bilm%c9%99y%c9%99c%c9%99k\\\/\"]}]},{\"@type\":\"ImageObject\",\"inLanguage\":\"az\",\"@id\":\"https:\\\/\\\/www.meydan.tv\\\/az\\\/article\\\/300-d%c9%99n-artiq-siyasi-m%c9%99hbus-bayrami-ail%c9%99l%c9%99ri-il%c9%99-kecir%c9%99-bilm%c9%99y%c9%99c%c9%99k\\\/#primaryimage\",\"url\":\"https:\\\/\\\/www.meydan.tv\\\/wp-content\\\/uploads\\\/photo_2024-12-24_13.05.52.jpeg\",\"contentUrl\":\"https:\\\/\\\/www.meydan.tv\\\/wp-content\\\/uploads\\\/photo_2024-12-24_13.05.52.jpeg\",\"width\":1280,\"height\":720,\"caption\":\"\u0130lham \u018fliyev v\u0259 siyasi m\u0259hbuslar. Kollaj: AbzasMedia\"},{\"@type\":\"BreadcrumbList\",\"@id\":\"https:\\\/\\\/www.meydan.tv\\\/az\\\/article\\\/300-d%c9%99n-artiq-siyasi-m%c9%99hbus-bayrami-ail%c9%99l%c9%99ri-il%c9%99-kecir%c9%99-bilm%c9%99y%c9%99c%c9%99k\\\/#breadcrumb\",\"itemListElement\":[{\"@type\":\"ListItem\",\"position\":1,\"name\":\"Ana s\u0259hif\u0259\",\"item\":\"https:\\\/\\\/www.meydan.tv\\\/az\\\/\"},{\"@type\":\"ListItem\",\"position\":2,\"name\":\"X\u0259b\u0259rl\u0259r\",\"item\":\"https:\\\/\\\/www.meydan.tv\\\/az\\\/section\\\/xeberler\\\/\"},{\"@type\":\"ListItem\",\"position\":3,\"name\":\"300-d\u0259n art\u0131q siyasi m\u0259hbus bayram\u0131 ail\u0259l\u0259ri il\u0259 ke\u00e7ir\u0259 bilm\u0259y\u0259c\u0259k\"}]},{\"@type\":\"WebSite\",\"@id\":\"https:\\\/\\\/www.meydan.tv\\\/az\\\/#website\",\"url\":\"https:\\\/\\\/www.meydan.tv\\\/az\\\/\",\"name\":\"MEYDAN.TV\",\"description\":\"Meydan TV Az\u0259rbaycan\u0131n media m\u0259kan\u0131ndak\u0131 alternativ s\u0259sidir\",\"publisher\":{\"@id\":\"https:\\\/\\\/www.meydan.tv\\\/az\\\/#organization\"},\"potentialAction\":[{\"@type\":\"SearchAction\",\"target\":{\"@type\":\"EntryPoint\",\"urlTemplate\":\"https:\\\/\\\/www.meydan.tv\\\/az\\\/?s={search_term_string}\"},\"query-input\":{\"@type\":\"PropertyValueSpecification\",\"valueRequired\":true,\"valueName\":\"search_term_string\"}}],\"inLanguage\":\"az\"},{\"@type\":\"Organization\",\"@id\":\"https:\\\/\\\/www.meydan.tv\\\/az\\\/#organization\",\"name\":\"Meydan TV\",\"url\":\"https:\\\/\\\/www.meydan.tv\\\/az\\\/\",\"logo\":{\"@type\":\"ImageObject\",\"inLanguage\":\"az\",\"@id\":\"https:\\\/\\\/www.meydan.tv\\\/az\\\/#\\\/schema\\\/logo\\\/image\\\/\",\"url\":\"https:\\\/\\\/www.meydan.tv\\\/wp-content\\\/uploads\\\/2021\\\/07\\\/meydan-logo.svg\",\"contentUrl\":\"https:\\\/\\\/www.meydan.tv\\\/wp-content\\\/uploads\\\/2021\\\/07\\\/meydan-logo.svg\",\"width\":195,\"height\":46,\"caption\":\"Meydan TV\"},\"image\":{\"@id\":\"https:\\\/\\\/www.meydan.tv\\\/az\\\/#\\\/schema\\\/logo\\\/image\\\/\"}},{\"@type\":\"Person\",\"@id\":\"https:\\\/\\\/www.meydan.tv\\\/az\\\/#\\\/schema\\\/person\\\/476e9360e593fa131d5d71d51866f8da\",\"name\":\"aleks\"}]}<\/script>\n<!-- \/ Yoast SEO plugin. -->","yoast_head_json":{"title":"300-d\u0259n art\u0131q siyasi m\u0259hbus bayram\u0131 ail\u0259l\u0259ri il\u0259 ke\u00e7ir\u0259 bilm\u0259y\u0259c\u0259k - MEYDAN.TV","robots":{"index":"index","follow":"follow","max-snippet":"max-snippet:-1","max-image-preview":"max-image-preview:large","max-video-preview":"max-video-preview:-1"},"canonical":"https:\/\/www.meydan.tv\/az\/article\/300-d%c9%99n-artiq-siyasi-m%c9%99hbus-bayrami-ail%c9%99l%c9%99ri-il%c9%99-kecir%c9%99-bilm%c9%99y%c9%99c%c9%99k\/","og_locale":"az_AZ","og_type":"article","og_title":"300-d\u0259n art\u0131q siyasi m\u0259hbus bayram\u0131 ail\u0259l\u0259ri il\u0259 ke\u00e7ir\u0259 bilm\u0259y\u0259c\u0259k - MEYDAN.TV","og_url":"https:\/\/www.meydan.tv\/az\/article\/300-d%c9%99n-artiq-siyasi-m%c9%99hbus-bayrami-ail%c9%99l%c9%99ri-il%c9%99-kecir%c9%99-bilm%c9%99y%c9%99c%c9%99k\/","og_site_name":"MEYDAN.TV","article_published_time":"2024-12-24T11:04:44+00:00","article_modified_time":"2024-12-24T11:09:01+00:00","og_image":[{"width":1280,"height":720,"url":"https:\/\/www.meydan.tv\/wp-content\/uploads\/photo_2024-12-24_13.05.52.jpeg","type":"image\/jpeg"}],"author":"aleks","twitter_card":"summary_large_image","schema":{"@context":"https:\/\/schema.org","@graph":[{"@type":"Article","@id":"https:\/\/www.meydan.tv\/az\/article\/300-d%c9%99n-artiq-siyasi-m%c9%99hbus-bayrami-ail%c9%99l%c9%99ri-il%c9%99-kecir%c9%99-bilm%c9%99y%c9%99c%c9%99k\/#article","isPartOf":{"@id":"https:\/\/www.meydan.tv\/az\/article\/300-d%c9%99n-artiq-siyasi-m%c9%99hbus-bayrami-ail%c9%99l%c9%99ri-il%c9%99-kecir%c9%99-bilm%c9%99y%c9%99c%c9%99k\/"},"author":{"name":"aleks","@id":"https:\/\/www.meydan.tv\/az\/#\/schema\/person\/476e9360e593fa131d5d71d51866f8da"},"headline":"300-d\u0259n art\u0131q siyasi m\u0259hbus bayram\u0131 ail\u0259l\u0259ri il\u0259 ke\u00e7ir\u0259 bilm\u0259y\u0259c\u0259k","datePublished":"2024-12-24T11:04:44+00:00","dateModified":"2024-12-24T11:09:01+00:00","mainEntityOfPage":{"@id":"https:\/\/www.meydan.tv\/az\/article\/300-d%c9%99n-artiq-siyasi-m%c9%99hbus-bayrami-ail%c9%99l%c9%99ri-il%c9%99-kecir%c9%99-bilm%c9%99y%c9%99c%c9%99k\/"},"wordCount":342,"publisher":{"@id":"https:\/\/www.meydan.tv\/az\/#organization"},"image":{"@id":"https:\/\/www.meydan.tv\/az\/article\/300-d%c9%99n-artiq-siyasi-m%c9%99hbus-bayrami-ail%c9%99l%c9%99ri-il%c9%99-kecir%c9%99-bilm%c9%99y%c9%99c%c9%99k\/#primaryimage"},"thumbnailUrl":"https:\/\/www.meydan.tv\/wp-content\/uploads\/photo_2024-12-24_13.05.52.jpeg","articleSection":["Siyas\u0259t","T\u00f6vsiy\u0259","Video","X\u0259b\u0259rl\u0259r"],"inLanguage":"az"},{"@type":"WebPage","@id":"https:\/\/www.meydan.tv\/az\/article\/300-d%c9%99n-artiq-siyasi-m%c9%99hbus-bayrami-ail%c9%99l%c9%99ri-il%c9%99-kecir%c9%99-bilm%c9%99y%c9%99c%c9%99k\/","url":"https:\/\/www.meydan.tv\/az\/article\/300-d%c9%99n-artiq-siyasi-m%c9%99hbus-bayrami-ail%c9%99l%c9%99ri-il%c9%99-kecir%c9%99-bilm%c9%99y%c9%99c%c9%99k\/","name":"300-d\u0259n art\u0131q siyasi m\u0259hbus bayram\u0131 ail\u0259l\u0259ri il\u0259 ke\u00e7ir\u0259 bilm\u0259y\u0259c\u0259k - MEYDAN.TV","isPartOf":{"@id":"https:\/\/www.meydan.tv\/az\/#website"},"primaryImageOfPage":{"@id":"https:\/\/www.meydan.tv\/az\/article\/300-d%c9%99n-artiq-siyasi-m%c9%99hbus-bayrami-ail%c9%99l%c9%99ri-il%c9%99-kecir%c9%99-bilm%c9%99y%c9%99c%c9%99k\/#primaryimage"},"image":{"@id":"https:\/\/www.meydan.tv\/az\/article\/300-d%c9%99n-artiq-siyasi-m%c9%99hbus-bayrami-ail%c9%99l%c9%99ri-il%c9%99-kecir%c9%99-bilm%c9%99y%c9%99c%c9%99k\/#primaryimage"},"thumbnailUrl":"https:\/\/www.meydan.tv\/wp-content\/uploads\/photo_2024-12-24_13.05.52.jpeg","datePublished":"2024-12-24T11:04:44+00:00","dateModified":"2024-12-24T11:09:01+00:00","breadcrumb":{"@id":"https:\/\/www.meydan.tv\/az\/article\/300-d%c9%99n-artiq-siyasi-m%c9%99hbus-bayrami-ail%c9%99l%c9%99ri-il%c9%99-kecir%c9%99-bilm%c9%99y%c9%99c%c9%99k\/#breadcrumb"},"inLanguage":"az","potentialAction":[{"@type":"ReadAction","target":["https:\/\/www.meydan.tv\/az\/article\/300-d%c9%99n-artiq-siyasi-m%c9%99hbus-bayrami-ail%c9%99l%c9%99ri-il%c9%99-kecir%c9%99-bilm%c9%99y%c9%99c%c9%99k\/"]}]},{"@type":"ImageObject","inLanguage":"az","@id":"https:\/\/www.meydan.tv\/az\/article\/300-d%c9%99n-artiq-siyasi-m%c9%99hbus-bayrami-ail%c9%99l%c9%99ri-il%c9%99-kecir%c9%99-bilm%c9%99y%c9%99c%c9%99k\/#primaryimage","url":"https:\/\/www.meydan.tv\/wp-content\/uploads\/photo_2024-12-24_13.05.52.jpeg","contentUrl":"https:\/\/www.meydan.tv\/wp-content\/uploads\/photo_2024-12-24_13.05.52.jpeg","width":1280,"height":720,"caption":"\u0130lham \u018fliyev v\u0259 siyasi m\u0259hbuslar. Kollaj: AbzasMedia"},{"@type":"BreadcrumbList","@id":"https:\/\/www.meydan.tv\/az\/article\/300-d%c9%99n-artiq-siyasi-m%c9%99hbus-bayrami-ail%c9%99l%c9%99ri-il%c9%99-kecir%c9%99-bilm%c9%99y%c9%99c%c9%99k\/#breadcrumb","itemListElement":[{"@type":"ListItem","position":1,"name":"Ana s\u0259hif\u0259","item":"https:\/\/www.meydan.tv\/az\/"},{"@type":"ListItem","position":2,"name":"X\u0259b\u0259rl\u0259r","item":"https:\/\/www.meydan.tv\/az\/section\/xeberler\/"},{"@type":"ListItem","position":3,"name":"300-d\u0259n art\u0131q siyasi m\u0259hbus bayram\u0131 ail\u0259l\u0259ri il\u0259 ke\u00e7ir\u0259 bilm\u0259y\u0259c\u0259k"}]},{"@type":"WebSite","@id":"https:\/\/www.meydan.tv\/az\/#website","url":"https:\/\/www.meydan.tv\/az\/","name":"MEYDAN.TV","description":"Meydan TV Az\u0259rbaycan\u0131n media m\u0259kan\u0131ndak\u0131 alternativ s\u0259sidir","publisher":{"@id":"https:\/\/www.meydan.tv\/az\/#organization"},"potentialAction":[{"@type":"SearchAction","target":{"@type":"EntryPoint","urlTemplate":"https:\/\/www.meydan.tv\/az\/?s={search_term_string}"},"query-input":{"@type":"PropertyValueSpecification","valueRequired":true,"valueName":"search_term_string"}}],"inLanguage":"az"},{"@type":"Organization","@id":"https:\/\/www.meydan.tv\/az\/#organization","name":"Meydan TV","url":"https:\/\/www.meydan.tv\/az\/","logo":{"@type":"ImageObject","inLanguage":"az","@id":"https:\/\/www.meydan.tv\/az\/#\/schema\/logo\/image\/","url":"https:\/\/www.meydan.tv\/wp-content\/uploads\/2021\/07\/meydan-logo.svg","contentUrl":"https:\/\/www.meydan.tv\/wp-content\/uploads\/2021\/07\/meydan-logo.svg","width":195,"height":46,"caption":"Meydan TV"},"image":{"@id":"https:\/\/www.meydan.tv\/az\/#\/schema\/logo\/image\/"}},{"@type":"Person","@id":"https:\/\/www.meydan.tv\/az\/#\/schema\/person\/476e9360e593fa131d5d71d51866f8da","name":"aleks"}]}},"_links":{"self":[{"href":"https:\/\/www.meydan.tv\/az\/wp-json\/wp\/v2\/posts\/323280","targetHints":{"allow":["GET"]}}],"collection":[{"href":"https:\/\/www.meydan.tv\/az\/wp-json\/wp\/v2\/posts"}],"about":[{"href":"https:\/\/www.meydan.tv\/az\/wp-json\/wp\/v2\/types\/post"}],"author":[{"embeddable":true,"href":"https:\/\/www.meydan.tv\/az\/wp-json\/wp\/v2\/users\/12"}],"replies":[{"embeddable":true,"href":"https:\/\/www.meydan.tv\/az\/wp-json\/wp\/v2\/comments?post=323280"}],"version-history":[{"count":3,"href":"https:\/\/www.meydan.tv\/az\/wp-json\/wp\/v2\/posts\/323280\/revisions"}],"predecessor-version":[{"id":323286,"href":"https:\/\/www.meydan.tv\/az\/wp-json\/wp\/v2\/posts\/323280\/revisions\/323286"}],"wp:featuredmedia":[{"embeddable":true,"href":"https:\/\/www.meydan.tv\/az\/wp-json\/wp\/v2\/media\/323281"}],"wp:attachment":[{"href":"https:\/\/www.meydan.tv\/az\/wp-json\/wp\/v2\/media?parent=323280"}],"wp:term":[{"taxonomy":"category","embeddable":true,"href":"https:\/\/www.meydan.tv\/az\/wp-json\/wp\/v2\/categories?post=323280"},{"taxonomy":"post_tag","embeddable":true,"href":"https:\/\/www.meydan.tv\/az\/wp-json\/wp\/v2\/tags?post=323280"}],"curies":[{"name":"wp","href":"https:\/\/api.w.org\/{rel}","templated":true}]}}