{"id":323278,"date":"2024-12-24T14:32:25","date_gmt":"2024-12-24T10:32:25","guid":{"rendered":"https:\/\/www.meydan.tv\/?p=323278"},"modified":"2024-12-24T14:32:28","modified_gmt":"2024-12-24T10:32:28","slug":"qiyas-ibrahim-bsu-dan-diplomunu-ala-bilm%c9%99diyini-deyir","status":"publish","type":"post","link":"https:\/\/www.meydan.tv\/az\/article\/qiyas-ibrahim-bsu-dan-diplomunu-ala-bilm%c9%99diyini-deyir\/","title":{"rendered":"Qiyas \u0130brahim BSU-dan diplomunu ala bilm\u0259diyini deyir"},"content":{"rendered":"\n<p><\/p>\n\n\n\n<p><strong><em>Ondan 3000 manat \u00f6d\u0259m\u0259yi t\u0259l\u0259b edirl\u0259r<\/em><\/strong><\/p>\n\n\n\n<p>\u0130ctimai f\u0259al Qiyas \u0130brahim t\u0259l\u0259b\u0259si oldu\u011fu Bak\u0131 Slavyan Universitetind\u0259n (BSU) diplomunu ala bilm\u0259diyini deyir.<\/p>\n\n\n\n<p>F\u0259al bu bar\u0259d\u0259 \u201cFacebook\u201d hesab\u0131nda <a href=\"https:\/\/www.facebook.com\/GiyaSol\/posts\/pfbid036eZiMYG9HoYZM968DHvQdQAVf1bKd4NjJyFn6QWDBxgz8UzEPn7epsMxX2kB6iSHl\" target=\"_blank\" rel=\"noreferrer noopener\">yaz\u0131b<\/a>.<\/p>\n\n\n\n<p>Qiyas \u0130brahimin s\u00f6zl\u0259rin\u0259 g\u00f6r\u0259, BSU-nun Maliyy\u0259 \u015e\u00f6b\u0259sind\u0259n ona bildirilib ki, 2013-2014 v\u0259 2014-2015-ci ill\u0259r \u00fczr\u0259 &#8211; ikinci v\u0259 \u00fc\u00e7\u00fcnc\u00fc kurslar &#8211; \u00f6d\u0259nilm\u0259mi\u015f 3000 (\u00fc\u00e7 min) manat t\u0259hsilhaqq\u0131 borcu var.<\/p>\n\n\n\n<p>Qiyas \u0130brahim 2016-c\u0131 ild\u0259 dig\u0259r g\u0259nc f\u0259al Bayram M\u0259mm\u0259dovla birlikd\u0259 m\u0259rhum Prezident Heyd\u0259r \u018fliyevin heyk\u0259lin\u0259 \u201cQul bayram\u0131n\u0131z m\u00fcbar\u0259k!\u201d yazandan sonra narkotik ittiham\u0131yla h\u0259bs olunmu\u015f, onlar\u0131n h\u0259r birin\u0259 10 il h\u0259bs c\u0259zas\u0131 k\u0259silmi\u015fdi.<\/p>\n\n\n\n<p>T\u0259xmin\u0259n 3 il sonra onlar \u0259fv s\u0259r\u0259ncam\u0131yla azadl\u0131\u011fa burax\u0131lm\u0131\u015fd\u0131lar.<\/p>\n\n\n\n<p>H\u0259bs olunandan sonra t\u0259hsilini yar\u0131m\u00e7\u0131q qoymal\u0131 olan Qiyas \u0130brahim 2019-cu ild\u0259 b\u0259rpa \u00fc\u00e7\u00fcn universitet\u0259 m\u00fcraci\u0259t etmi\u015fdi.<\/p>\n\n\n\n<p>\u201c2019-cu ild\u0259 b\u0259rpa edilm\u0259k \u00fc\u00e7\u00fcn universitet\u0259 ged\u0259nd\u0259, m\u0259n\u0259 ancaq bir illik- 2014-2015-ci il \u00fc\u00e7\u00fcn borcumum qald\u0131\u011f\u0131n\u0131 demi\u015fdil\u0259r. Bu da \u0259ssass\u0131z idi v\u0259 sonradan d\u00fcz\u0259li\u015f edilmi\u015fdi\u201d, &#8211; Qiyas \u0130brahim <a href=\"https:\/\/www.facebook.com\/GiyaSol\/posts\/pfbid02FvXyX6z7sSPYhYnaWnYPaC6U7r7WjkycWHspnThbhEVsKJr3nUauUBrN28rDH7Xel\" target=\"_blank\" rel=\"noreferrer noopener\">xat\u0131rlad\u0131r<\/a>.<\/p>\n\n\n\n<p>Bildirir ki, indi is\u0259 2013-2014-c\u00fc ill\u0259r d\u0259 \u0259lav\u0259 olunaraq, ondan 3000 manat\u0131 \u00f6d\u0259m\u0259yi t\u0259l\u0259b edirl\u0259r.<\/p>\n\n\n\n<p><em>\u201cSistemd\u0259 onlar\u0131n \u00f6d\u0259nmi\u015f kimi g\u00f6st\u0259rdikl\u0259ri t\u0259hsilhaqqlar\u0131 da \u015f\u0259xsi i\u015fim i\u00e7\u0259risind\u0259 yoxdur. Orada ancaq 2016-ci ild\u0259n qalma v\u0259 sonra 2019-cu ild\u0259 \u00f6d\u0259diyim 300 manat\u0131n q\u0259bzi qal\u0131b. M\u0259nd\u0259n 10-11 il \u0259vv\u0259lin q\u0259bzini ist\u0259y\u0259n m\u00fc\u0259ssis\u0259 m\u0259nim verdiyim ka\u011f\u0131zlar\u0131 saxlamay\u0131b v\u0259 buna g\u00f6r\u0259 g\u00fcnahkar say\u0131l\u0131ram. 2019-cu ild\u0259 universitet\u0259 b\u0259rpa olunmaq \u00fc\u00e7\u00fcn m\u00fcraci\u0259t ed\u0259nd\u0259, m\u0259n\u0259 bir illik, y\u0259ni 1500 manat borcum oldu\u011fu deyilmi\u015fdis\u0259, dediyim kimi, o da \u0259ssas\u0131z idi. \u0130ndi deyirl\u0259r ki, 3000 manat borcun qal\u0131b\u201d, <\/em>&#8211; f\u0259al qeyd edir.<\/p>\n\n\n\n<p>O eyni zamanda xat\u0131rlad\u0131r ki, Az\u0259rbaycan universitetl\u0259rind\u0259 t\u0259l\u0259b\u0259l\u0259r n\u0259inki illik, h\u0259tta bir semestrlik borcla bel\u0259 imtahanlara burax\u0131lm\u0131rlar:<\/p>\n\n\n\n<p><em>\u201cOxudu\u011fum d\u00f6vrd\u0259 d\u0259 bel\u0259 idi v\u0259 ne\u00e7\u0259 n\u0259f\u0259r \u00f6d\u0259y\u0259 bilm\u0259diyi \u00fc\u00e7\u00fcn imtahana gir\u0259 bilm\u0259mi\u015fdi. \u00d6d\u0259ni\u015fi gecikdirdiyim \u00fc\u00e7\u00fcn h\u0259tta m\u0259n d\u0259 bir imtahana burax\u0131lmam\u0131\u015fd\u0131m\u201d<\/em>.<\/p>\n\n\n\n<p>Qiyas \u0130brahim hesab edir ki, onun universitet\u0259 \u00f6d\u0259diyi t\u0259hsilhaqq\u0131 kiml\u0259rs\u0259 t\u0259r\u0259find\u0259n m\u0259nims\u0259nilib:<\/p>\n\n\n\n<p><em>\u201c\u0130ndi m\u0259n\u0259 s\u00fcbut etm\u0259y\u0259 \u00e7al\u0131\u015f\u0131rlar ki, iki il t\u0259hsilhaqq\u0131 \u00f6d\u0259m\u0259diyim halda 4-c\u00fc kursa burax\u0131lm\u0131\u015fam. Sonra da ancaq o ilin t\u0259hsilhaqq\u0131n\u0131 \u00f6d\u0259diyim v\u0259 dig\u0259rl\u0259rini \u00f6d\u0259m\u0259diyim halda d\u00f6vl\u0259t imtahanlar\u0131na burax\u0131lm\u0131\u015fam. Daha do\u011frusu, 2016-c\u0131 ild\u0259 d\u0259 burax\u0131lm\u0131\u015fd\u0131m, sad\u0259c\u0259, d\u00f6vl\u0259t imtahan\u0131 yar\u0131m\u00e7\u0131q qalm\u0131\u015fd\u0131. 2019-cu ild\u0259 is\u0259 m\u0259hz universiteti bitirm\u0259k \u00fc\u00e7\u00fcn b\u0259rpa edildim. \u018fslind\u0259, m\u0259nim \u0259vv\u0259lki illl\u0259rd\u0259n he\u00e7 bir borcum yox idi v\u0259 yaln\u0131z son ilin t\u0259hsilhaqq\u0131n\u0131n 300 manat\u0131 qalm\u0131\u015fd\u0131. Hans\u0131 ki, n\u00f6vb\u0259ti imtahana girm\u0259k \u00fc\u00e7\u00fcn onu \u00f6d\u0259m\u0259y\u0259 ged\u0259rk\u0259n polis t\u0259r\u0259find\u0259n saxlan\u0131lm\u0131\u015fd\u0131m, daha do\u011frusu o\u011furlanm\u0131\u015fd\u0131m\u201d<\/em>.<\/p>\n\n\n\n<p>Qiyas \u0130brahim deyir ki, 2019-cu ild\u0259n b\u0259ri m\u00fc\u0259yy\u0259n s\u0259b\u0259bl\u0259r\u0259 g\u00f6r\u0259 universitetd\u0259n diplomunu g\u00f6t\u00fcrm\u0259y\u0259 getm\u0259yib:<\/p>\n\n\n\n<p><em>\u201cO vaxt h\u0259ll edilmi\u015f m\u0259s\u0259l\u0259ni m\u0259nim be\u015f ildir diplomumu g\u00f6t\u00fcrm\u0259y\u0259 getm\u0259m\u0259yimd\u0259n istifad\u0259 ed\u0259r\u0259k, r\u0259q\u0259ml\u0259ri art\u0131r\u0131blar. 10-12 il \u0259vv\u0259l vaxt\u0131nda \u00f6d\u0259diyim t\u0259hsilhaqq\u0131m\u0131 niy\u0259 yenid\u0259n \u00f6d\u0259m\u0259liy\u0259m? \u0130ki illik borcu qalan adam nec\u0259 h\u0259l\u0259 2016-c\u0131 ild\u0259 d\u00f6vl\u0259t imtahanlar\u0131na burax\u0131l\u0131b v\u0259 diplomu da haz\u0131rd\u0131r? Hans\u0131sa i\u015f\u00e7inin yar\u0131tmaz f\u0259aliyy\u0259ti, yaxud da \u201cideoloji v\u0259ziyy\u0259ti d\u00fcz\u0259ltm\u0259k \u00fc\u00e7\u00fcn\u201d t\u0259yin edilmi\u015f o vaxtk\u0131 rektorun (Nurlana \u018fliyeva n\u0259z\u0259rd\u0259 tutulur-red.) m\u00fc\u0259ssis\u0259ni korrupsiya yuvas\u0131na \u00e7evirm\u0259sinin \u0259v\u0259zi niy\u0259 m\u0259nd\u0259n \u00e7\u0131xmal\u0131d\u0131r? M\u0259nim qanuni v\u0259 haql\u0131 t\u0259l\u0259bimi yerin\u0259 yetirin v\u0259 diplomumu verin. Haqs\u0131z yer\u0259 m\u0259nd\u0259n t\u0259l\u0259b edil\u0259n o pulu \u00f6d\u0259m\u0259y\u0259 m\u0259cbur qalsam, bunun n\u0259tic\u0259l\u0259ri olacaq\u201d<\/em>.<\/p>\n\n\n\n<p>Elm v\u0259 T\u0259hsil Nazirliyind\u0259n Meydan TV-nin m\u0259s\u0259l\u0259 il\u0259 \u0259laq\u0259dar sor\u011fusuna BSU-d\u0259n m\u00f6vqe almaq t\u00f6vsiy\u0259 edilib.<\/p>\n\n\n\n<p>BSU is\u0259 sor\u011fumuzu cavabland\u0131rmay\u0131b.<\/p>\n\n\n\n<p>Nurlana \u018fliyeva 2016-2021-ci ill\u0259rd\u0259 Bak\u0131 Slavyan Universitetinin rektoru olub.<\/p>\n\n\n\n<p>O, t\u0259l\u0259b\u0259l\u0259rin \u00f6d\u0259diyi t\u0259hsilhaqq\u0131 \u00f6d\u0259ni\u015fl\u0259rinin m\u0259nims\u0259nilm\u0259sil\u0259 ba\u011fl\u0131 qalmaqaldan 5 ay sonra v\u0259zif\u0259sind\u0259n azad edilib.<\/p>\n\n\n\n<p>O, 12 il (2009-2021) YAP-\u0131n Qad\u0131nlar \u015euras\u0131n\u0131n da s\u0259dri olub.<\/p>\n","protected":false},"excerpt":{"rendered":"<p>Ondan 3000 manat \u00f6d\u0259m\u0259yi t\u0259l\u0259b edirl\u0259r \u0130ctimai f\u0259al Qiyas \u0130brahim &#8230; <\/p>\n<p class=\"read-more-container\"><a title=\"Qiyas \u0130brahim BSU-dan diplomunu ala bilm\u0259diyini deyir\" class=\"read-more button\" href=\"https:\/\/www.meydan.tv\/az\/article\/qiyas-ibrahim-bsu-dan-diplomunu-ala-bilm%c9%99diyini-deyir\/#more-323278\" aria-label=\"Read more about Qiyas \u0130brahim BSU-dan diplomunu ala bilm\u0259diyini deyir\">Davam\u0131<\/a><\/p>\n","protected":false},"author":21,"featured_media":278346,"comment_status":"closed","ping_status":"closed","sticky":false,"template":"","format":"standard","meta":{"_acf_changed":false,"_sitemap_exclude":false,"_sitemap_priority":"","_sitemap_frequency":"","footnotes":""},"categories":[62,79,56],"tags":[],"class_list":["post-323278","post","type-post","status-publish","format-standard","has-post-thumbnail","hentry","category-sosial","category-featured","category-xeberler","infinite-scroll-item","generate-columns","tablet-grid-50","mobile-grid-100","grid-parent","grid-33","no-featured-image-padding"],"acf":[],"yoast_head":"<!-- This site is optimized with the Yoast SEO plugin v27.4 - https:\/\/yoast.com\/product\/yoast-seo-wordpress\/ -->\n<title>Qiyas \u0130brahim BSU-dan diplomunu ala bilm\u0259diyini deyir - MEYDAN.TV<\/title>\n<meta name=\"robots\" content=\"index, follow, max-snippet:-1, max-image-preview:large, max-video-preview:-1\" \/>\n<link rel=\"canonical\" href=\"https:\/\/www.meydan.tv\/az\/article\/qiyas-ibrahim-bsu-dan-diplomunu-ala-bilm%c9%99diyini-deyir\/\" \/>\n<meta property=\"og:locale\" content=\"az_AZ\" \/>\n<meta property=\"og:type\" content=\"article\" \/>\n<meta property=\"og:title\" content=\"Qiyas \u0130brahim BSU-dan diplomunu ala bilm\u0259diyini deyir - MEYDAN.TV\" \/>\n<meta property=\"og:description\" content=\"Ondan 3000 manat \u00f6d\u0259m\u0259yi t\u0259l\u0259b edirl\u0259r \u0130ctimai f\u0259al Qiyas \u0130brahim ... Davam\u0131\" \/>\n<meta property=\"og:url\" content=\"https:\/\/www.meydan.tv\/az\/article\/qiyas-ibrahim-bsu-dan-diplomunu-ala-bilm%c9%99diyini-deyir\/\" \/>\n<meta property=\"og:site_name\" content=\"MEYDAN.TV\" \/>\n<meta property=\"article:published_time\" content=\"2024-12-24T10:32:25+00:00\" \/>\n<meta property=\"article:modified_time\" content=\"2024-12-24T10:32:28+00:00\" \/>\n<meta property=\"og:image\" content=\"https:\/\/www.meydan.tv\/wp-content\/uploads\/photo_2023-06-24_13.47.13.jpeg\" \/>\n\t<meta property=\"og:image:width\" content=\"1280\" \/>\n\t<meta property=\"og:image:height\" content=\"853\" \/>\n\t<meta property=\"og:image:type\" content=\"image\/jpeg\" \/>\n<meta name=\"author\" content=\"mahmud\" \/>\n<meta name=\"twitter:card\" content=\"summary_large_image\" \/>\n<script type=\"application\/ld+json\" class=\"yoast-schema-graph\">{\"@context\":\"https:\\\/\\\/schema.org\",\"@graph\":[{\"@type\":\"Article\",\"@id\":\"https:\\\/\\\/www.meydan.tv\\\/az\\\/article\\\/qiyas-ibrahim-bsu-dan-diplomunu-ala-bilm%c9%99diyini-deyir\\\/#article\",\"isPartOf\":{\"@id\":\"https:\\\/\\\/www.meydan.tv\\\/az\\\/article\\\/qiyas-ibrahim-bsu-dan-diplomunu-ala-bilm%c9%99diyini-deyir\\\/\"},\"author\":{\"name\":\"mahmud\",\"@id\":\"https:\\\/\\\/www.meydan.tv\\\/az\\\/#\\\/schema\\\/person\\\/09863e516102a829e72bedcf3f84c6b0\"},\"headline\":\"Qiyas \u0130brahim BSU-dan diplomunu ala bilm\u0259diyini deyir\",\"datePublished\":\"2024-12-24T10:32:25+00:00\",\"dateModified\":\"2024-12-24T10:32:28+00:00\",\"mainEntityOfPage\":{\"@id\":\"https:\\\/\\\/www.meydan.tv\\\/az\\\/article\\\/qiyas-ibrahim-bsu-dan-diplomunu-ala-bilm%c9%99diyini-deyir\\\/\"},\"wordCount\":853,\"publisher\":{\"@id\":\"https:\\\/\\\/www.meydan.tv\\\/az\\\/#organization\"},\"image\":{\"@id\":\"https:\\\/\\\/www.meydan.tv\\\/az\\\/article\\\/qiyas-ibrahim-bsu-dan-diplomunu-ala-bilm%c9%99diyini-deyir\\\/#primaryimage\"},\"thumbnailUrl\":\"https:\\\/\\\/www.meydan.tv\\\/wp-content\\\/uploads\\\/photo_2023-06-24_13.47.13.jpeg\",\"articleSection\":[\"Sosial\",\"T\u00f6vsiy\u0259\",\"X\u0259b\u0259rl\u0259r\"],\"inLanguage\":\"az\"},{\"@type\":\"WebPage\",\"@id\":\"https:\\\/\\\/www.meydan.tv\\\/az\\\/article\\\/qiyas-ibrahim-bsu-dan-diplomunu-ala-bilm%c9%99diyini-deyir\\\/\",\"url\":\"https:\\\/\\\/www.meydan.tv\\\/az\\\/article\\\/qiyas-ibrahim-bsu-dan-diplomunu-ala-bilm%c9%99diyini-deyir\\\/\",\"name\":\"Qiyas \u0130brahim BSU-dan diplomunu ala bilm\u0259diyini deyir - MEYDAN.TV\",\"isPartOf\":{\"@id\":\"https:\\\/\\\/www.meydan.tv\\\/az\\\/#website\"},\"primaryImageOfPage\":{\"@id\":\"https:\\\/\\\/www.meydan.tv\\\/az\\\/article\\\/qiyas-ibrahim-bsu-dan-diplomunu-ala-bilm%c9%99diyini-deyir\\\/#primaryimage\"},\"image\":{\"@id\":\"https:\\\/\\\/www.meydan.tv\\\/az\\\/article\\\/qiyas-ibrahim-bsu-dan-diplomunu-ala-bilm%c9%99diyini-deyir\\\/#primaryimage\"},\"thumbnailUrl\":\"https:\\\/\\\/www.meydan.tv\\\/wp-content\\\/uploads\\\/photo_2023-06-24_13.47.13.jpeg\",\"datePublished\":\"2024-12-24T10:32:25+00:00\",\"dateModified\":\"2024-12-24T10:32:28+00:00\",\"breadcrumb\":{\"@id\":\"https:\\\/\\\/www.meydan.tv\\\/az\\\/article\\\/qiyas-ibrahim-bsu-dan-diplomunu-ala-bilm%c9%99diyini-deyir\\\/#breadcrumb\"},\"inLanguage\":\"az\",\"potentialAction\":[{\"@type\":\"ReadAction\",\"target\":[\"https:\\\/\\\/www.meydan.tv\\\/az\\\/article\\\/qiyas-ibrahim-bsu-dan-diplomunu-ala-bilm%c9%99diyini-deyir\\\/\"]}]},{\"@type\":\"ImageObject\",\"inLanguage\":\"az\",\"@id\":\"https:\\\/\\\/www.meydan.tv\\\/az\\\/article\\\/qiyas-ibrahim-bsu-dan-diplomunu-ala-bilm%c9%99diyini-deyir\\\/#primaryimage\",\"url\":\"https:\\\/\\\/www.meydan.tv\\\/wp-content\\\/uploads\\\/photo_2023-06-24_13.47.13.jpeg\",\"contentUrl\":\"https:\\\/\\\/www.meydan.tv\\\/wp-content\\\/uploads\\\/photo_2023-06-24_13.47.13.jpeg\",\"width\":1280,\"height\":853,\"caption\":\"Qiyas \u0130brahim. Foto: \u00dclviyy\u0259 \u018fli\"},{\"@type\":\"BreadcrumbList\",\"@id\":\"https:\\\/\\\/www.meydan.tv\\\/az\\\/article\\\/qiyas-ibrahim-bsu-dan-diplomunu-ala-bilm%c9%99diyini-deyir\\\/#breadcrumb\",\"itemListElement\":[{\"@type\":\"ListItem\",\"position\":1,\"name\":\"Ana s\u0259hif\u0259\",\"item\":\"https:\\\/\\\/www.meydan.tv\\\/az\\\/\"},{\"@type\":\"ListItem\",\"position\":2,\"name\":\"Sosial\",\"item\":\"https:\\\/\\\/www.meydan.tv\\\/az\\\/section\\\/sosial\\\/\"},{\"@type\":\"ListItem\",\"position\":3,\"name\":\"Qiyas \u0130brahim BSU-dan diplomunu ala bilm\u0259diyini deyir\"}]},{\"@type\":\"WebSite\",\"@id\":\"https:\\\/\\\/www.meydan.tv\\\/az\\\/#website\",\"url\":\"https:\\\/\\\/www.meydan.tv\\\/az\\\/\",\"name\":\"MEYDAN.TV\",\"description\":\"Meydan TV Az\u0259rbaycan\u0131n media m\u0259kan\u0131ndak\u0131 alternativ s\u0259sidir\",\"publisher\":{\"@id\":\"https:\\\/\\\/www.meydan.tv\\\/az\\\/#organization\"},\"potentialAction\":[{\"@type\":\"SearchAction\",\"target\":{\"@type\":\"EntryPoint\",\"urlTemplate\":\"https:\\\/\\\/www.meydan.tv\\\/az\\\/?s={search_term_string}\"},\"query-input\":{\"@type\":\"PropertyValueSpecification\",\"valueRequired\":true,\"valueName\":\"search_term_string\"}}],\"inLanguage\":\"az\"},{\"@type\":\"Organization\",\"@id\":\"https:\\\/\\\/www.meydan.tv\\\/az\\\/#organization\",\"name\":\"Meydan TV\",\"url\":\"https:\\\/\\\/www.meydan.tv\\\/az\\\/\",\"logo\":{\"@type\":\"ImageObject\",\"inLanguage\":\"az\",\"@id\":\"https:\\\/\\\/www.meydan.tv\\\/az\\\/#\\\/schema\\\/logo\\\/image\\\/\",\"url\":\"https:\\\/\\\/www.meydan.tv\\\/wp-content\\\/uploads\\\/2021\\\/07\\\/meydan-logo.svg\",\"contentUrl\":\"https:\\\/\\\/www.meydan.tv\\\/wp-content\\\/uploads\\\/2021\\\/07\\\/meydan-logo.svg\",\"width\":195,\"height\":46,\"caption\":\"Meydan TV\"},\"image\":{\"@id\":\"https:\\\/\\\/www.meydan.tv\\\/az\\\/#\\\/schema\\\/logo\\\/image\\\/\"}},{\"@type\":\"Person\",\"@id\":\"https:\\\/\\\/www.meydan.tv\\\/az\\\/#\\\/schema\\\/person\\\/09863e516102a829e72bedcf3f84c6b0\",\"name\":\"mahmud\"}]}<\/script>\n<!-- \/ Yoast SEO plugin. -->","yoast_head_json":{"title":"Qiyas \u0130brahim BSU-dan diplomunu ala bilm\u0259diyini deyir - MEYDAN.TV","robots":{"index":"index","follow":"follow","max-snippet":"max-snippet:-1","max-image-preview":"max-image-preview:large","max-video-preview":"max-video-preview:-1"},"canonical":"https:\/\/www.meydan.tv\/az\/article\/qiyas-ibrahim-bsu-dan-diplomunu-ala-bilm%c9%99diyini-deyir\/","og_locale":"az_AZ","og_type":"article","og_title":"Qiyas \u0130brahim BSU-dan diplomunu ala bilm\u0259diyini deyir - MEYDAN.TV","og_description":"Ondan 3000 manat \u00f6d\u0259m\u0259yi t\u0259l\u0259b edirl\u0259r \u0130ctimai f\u0259al Qiyas \u0130brahim ... Davam\u0131","og_url":"https:\/\/www.meydan.tv\/az\/article\/qiyas-ibrahim-bsu-dan-diplomunu-ala-bilm%c9%99diyini-deyir\/","og_site_name":"MEYDAN.TV","article_published_time":"2024-12-24T10:32:25+00:00","article_modified_time":"2024-12-24T10:32:28+00:00","og_image":[{"width":1280,"height":853,"url":"https:\/\/www.meydan.tv\/wp-content\/uploads\/photo_2023-06-24_13.47.13.jpeg","type":"image\/jpeg"}],"author":"mahmud","twitter_card":"summary_large_image","schema":{"@context":"https:\/\/schema.org","@graph":[{"@type":"Article","@id":"https:\/\/www.meydan.tv\/az\/article\/qiyas-ibrahim-bsu-dan-diplomunu-ala-bilm%c9%99diyini-deyir\/#article","isPartOf":{"@id":"https:\/\/www.meydan.tv\/az\/article\/qiyas-ibrahim-bsu-dan-diplomunu-ala-bilm%c9%99diyini-deyir\/"},"author":{"name":"mahmud","@id":"https:\/\/www.meydan.tv\/az\/#\/schema\/person\/09863e516102a829e72bedcf3f84c6b0"},"headline":"Qiyas \u0130brahim BSU-dan diplomunu ala bilm\u0259diyini deyir","datePublished":"2024-12-24T10:32:25+00:00","dateModified":"2024-12-24T10:32:28+00:00","mainEntityOfPage":{"@id":"https:\/\/www.meydan.tv\/az\/article\/qiyas-ibrahim-bsu-dan-diplomunu-ala-bilm%c9%99diyini-deyir\/"},"wordCount":853,"publisher":{"@id":"https:\/\/www.meydan.tv\/az\/#organization"},"image":{"@id":"https:\/\/www.meydan.tv\/az\/article\/qiyas-ibrahim-bsu-dan-diplomunu-ala-bilm%c9%99diyini-deyir\/#primaryimage"},"thumbnailUrl":"https:\/\/www.meydan.tv\/wp-content\/uploads\/photo_2023-06-24_13.47.13.jpeg","articleSection":["Sosial","T\u00f6vsiy\u0259","X\u0259b\u0259rl\u0259r"],"inLanguage":"az"},{"@type":"WebPage","@id":"https:\/\/www.meydan.tv\/az\/article\/qiyas-ibrahim-bsu-dan-diplomunu-ala-bilm%c9%99diyini-deyir\/","url":"https:\/\/www.meydan.tv\/az\/article\/qiyas-ibrahim-bsu-dan-diplomunu-ala-bilm%c9%99diyini-deyir\/","name":"Qiyas \u0130brahim BSU-dan diplomunu ala bilm\u0259diyini deyir - MEYDAN.TV","isPartOf":{"@id":"https:\/\/www.meydan.tv\/az\/#website"},"primaryImageOfPage":{"@id":"https:\/\/www.meydan.tv\/az\/article\/qiyas-ibrahim-bsu-dan-diplomunu-ala-bilm%c9%99diyini-deyir\/#primaryimage"},"image":{"@id":"https:\/\/www.meydan.tv\/az\/article\/qiyas-ibrahim-bsu-dan-diplomunu-ala-bilm%c9%99diyini-deyir\/#primaryimage"},"thumbnailUrl":"https:\/\/www.meydan.tv\/wp-content\/uploads\/photo_2023-06-24_13.47.13.jpeg","datePublished":"2024-12-24T10:32:25+00:00","dateModified":"2024-12-24T10:32:28+00:00","breadcrumb":{"@id":"https:\/\/www.meydan.tv\/az\/article\/qiyas-ibrahim-bsu-dan-diplomunu-ala-bilm%c9%99diyini-deyir\/#breadcrumb"},"inLanguage":"az","potentialAction":[{"@type":"ReadAction","target":["https:\/\/www.meydan.tv\/az\/article\/qiyas-ibrahim-bsu-dan-diplomunu-ala-bilm%c9%99diyini-deyir\/"]}]},{"@type":"ImageObject","inLanguage":"az","@id":"https:\/\/www.meydan.tv\/az\/article\/qiyas-ibrahim-bsu-dan-diplomunu-ala-bilm%c9%99diyini-deyir\/#primaryimage","url":"https:\/\/www.meydan.tv\/wp-content\/uploads\/photo_2023-06-24_13.47.13.jpeg","contentUrl":"https:\/\/www.meydan.tv\/wp-content\/uploads\/photo_2023-06-24_13.47.13.jpeg","width":1280,"height":853,"caption":"Qiyas \u0130brahim. Foto: \u00dclviyy\u0259 \u018fli"},{"@type":"BreadcrumbList","@id":"https:\/\/www.meydan.tv\/az\/article\/qiyas-ibrahim-bsu-dan-diplomunu-ala-bilm%c9%99diyini-deyir\/#breadcrumb","itemListElement":[{"@type":"ListItem","position":1,"name":"Ana s\u0259hif\u0259","item":"https:\/\/www.meydan.tv\/az\/"},{"@type":"ListItem","position":2,"name":"Sosial","item":"https:\/\/www.meydan.tv\/az\/section\/sosial\/"},{"@type":"ListItem","position":3,"name":"Qiyas \u0130brahim BSU-dan diplomunu ala bilm\u0259diyini deyir"}]},{"@type":"WebSite","@id":"https:\/\/www.meydan.tv\/az\/#website","url":"https:\/\/www.meydan.tv\/az\/","name":"MEYDAN.TV","description":"Meydan TV Az\u0259rbaycan\u0131n media m\u0259kan\u0131ndak\u0131 alternativ s\u0259sidir","publisher":{"@id":"https:\/\/www.meydan.tv\/az\/#organization"},"potentialAction":[{"@type":"SearchAction","target":{"@type":"EntryPoint","urlTemplate":"https:\/\/www.meydan.tv\/az\/?s={search_term_string}"},"query-input":{"@type":"PropertyValueSpecification","valueRequired":true,"valueName":"search_term_string"}}],"inLanguage":"az"},{"@type":"Organization","@id":"https:\/\/www.meydan.tv\/az\/#organization","name":"Meydan TV","url":"https:\/\/www.meydan.tv\/az\/","logo":{"@type":"ImageObject","inLanguage":"az","@id":"https:\/\/www.meydan.tv\/az\/#\/schema\/logo\/image\/","url":"https:\/\/www.meydan.tv\/wp-content\/uploads\/2021\/07\/meydan-logo.svg","contentUrl":"https:\/\/www.meydan.tv\/wp-content\/uploads\/2021\/07\/meydan-logo.svg","width":195,"height":46,"caption":"Meydan TV"},"image":{"@id":"https:\/\/www.meydan.tv\/az\/#\/schema\/logo\/image\/"}},{"@type":"Person","@id":"https:\/\/www.meydan.tv\/az\/#\/schema\/person\/09863e516102a829e72bedcf3f84c6b0","name":"mahmud"}]}},"_links":{"self":[{"href":"https:\/\/www.meydan.tv\/az\/wp-json\/wp\/v2\/posts\/323278","targetHints":{"allow":["GET"]}}],"collection":[{"href":"https:\/\/www.meydan.tv\/az\/wp-json\/wp\/v2\/posts"}],"about":[{"href":"https:\/\/www.meydan.tv\/az\/wp-json\/wp\/v2\/types\/post"}],"author":[{"embeddable":true,"href":"https:\/\/www.meydan.tv\/az\/wp-json\/wp\/v2\/users\/21"}],"replies":[{"embeddable":true,"href":"https:\/\/www.meydan.tv\/az\/wp-json\/wp\/v2\/comments?post=323278"}],"version-history":[{"count":1,"href":"https:\/\/www.meydan.tv\/az\/wp-json\/wp\/v2\/posts\/323278\/revisions"}],"predecessor-version":[{"id":323279,"href":"https:\/\/www.meydan.tv\/az\/wp-json\/wp\/v2\/posts\/323278\/revisions\/323279"}],"wp:featuredmedia":[{"embeddable":true,"href":"https:\/\/www.meydan.tv\/az\/wp-json\/wp\/v2\/media\/278346"}],"wp:attachment":[{"href":"https:\/\/www.meydan.tv\/az\/wp-json\/wp\/v2\/media?parent=323278"}],"wp:term":[{"taxonomy":"category","embeddable":true,"href":"https:\/\/www.meydan.tv\/az\/wp-json\/wp\/v2\/categories?post=323278"},{"taxonomy":"post_tag","embeddable":true,"href":"https:\/\/www.meydan.tv\/az\/wp-json\/wp\/v2\/tags?post=323278"}],"curies":[{"name":"wp","href":"https:\/\/api.w.org\/{rel}","templated":true}]}}