{"id":323263,"date":"2024-12-24T11:25:23","date_gmt":"2024-12-24T07:25:23","guid":{"rendered":"https:\/\/www.meydan.tv\/?p=323263"},"modified":"2024-12-24T11:25:27","modified_gmt":"2024-12-24T07:25:27","slug":"bir-nec%c9%99-tiktoker-saxlanilib","status":"publish","type":"post","link":"https:\/\/www.meydan.tv\/az\/article\/bir-nec%c9%99-tiktoker-saxlanilib\/","title":{"rendered":"Bir ne\u00e7\u0259 tiktoker saxlan\u0131l\u0131b"},"content":{"rendered":"\n<p><\/p>\n\n\n\n<p><em><strong>D\u0130N onlar\u0131 \u0259xlaqs\u0131zl\u0131\u011f\u0131 t\u0259bli\u011f etm\u0259kd\u0259 g\u00fcnahland\u0131r\u0131r<\/strong><\/em><\/p>\n\n\n\n<p>Televiziya apar\u0131c\u0131s\u0131 Az\u0259r Zahid (\u0130smay\u0131lov) v\u0259 daha bir ne\u00e7\u0259 tiktoker saxlan\u0131l\u0131b.<\/p>\n\n\n\n<p>Onlar \u201cTikTok\u201d sosial \u015f\u0259b\u0259k\u0259sind\u0259 m\u00fcxt\u0259lif adlar alt\u0131nda \u0259yl\u0259nc\u0259 yar\u0131\u015flar\u0131 t\u0259\u015fkil etm\u0259kl\u0259 \u0259xlaqs\u0131zl\u0131\u011f\u0131n t\u0259bli\u011find\u0259 ittiham olunur.<\/p>\n\n\n\n<p>Daxili \u0130\u015fl\u0259r Nazirliyinin m\u0259tbuat xidm\u0259tind\u0259n veril\u0259n m\u0259lumata g\u00f6r\u0259, saxlan\u0131lanlar aras\u0131nda \u201cazerzahid6669966\u201d adl\u0131 s\u0259hif\u0259nin idar\u0259\u00e7isi Az\u0259r \u0130smay\u0131lovdan ba\u015fqa, \u201cemin_resad\u201d adl\u0131 \u201cTikTok\u201d s\u0259hif\u0259sinin idar\u0259\u00e7il\u0259ri Emin v\u0259 R\u0259\u015fad Abdullayev qarda\u015flar\u0131 v\u0259 dig\u0259rl\u0259ri var:<\/p>\n\n\n\n<p><em>\u201cV\u0259t\u0259nda\u015flar\u0131n naraz\u0131l\u0131\u011f\u0131na s\u0259b\u0259b olan h\u0259r\u0259k\u0259tl\u0259r \u201cemin_resad\u201d v\u0259 \u201cazerzahid6669966\u201d adl\u0131 istifad\u0259\u00e7il\u0259r t\u0259r\u0259find\u0259n tiktokerl\u0259rin i\u015ftirak\u0131 il\u0259 t\u0259\u015fkil olunan yar\u0131\u015fmalarda ba\u015f ver\u0259nl\u0259r canl\u0131 yay\u0131mlan\u0131b. Haz\u0131rda bu istiqam\u0259td\u0259 ara\u015fd\u0131rmalar davam etdirilir\u201d.<\/em><\/p>\n\n\n\n<p>Saxlan\u0131lan \u015f\u0259xsl\u0259rin \u00f6zl\u0259ri v\u0259 ya yax\u0131nlar\u0131n\u0131n onlara qar\u015f\u0131 ir\u0259li s\u00fcr\u00fcl\u0259n ittihamlara m\u00fcnasib\u0259ti m\u0259lum deyil.<\/p>\n","protected":false},"excerpt":{"rendered":"<p>D\u0130N onlar\u0131 \u0259xlaqs\u0131zl\u0131\u011f\u0131 t\u0259bli\u011f etm\u0259kd\u0259 g\u00fcnahland\u0131r\u0131r Televiziya apar\u0131c\u0131s\u0131 Az\u0259r Zahid &#8230; <\/p>\n<p class=\"read-more-container\"><a title=\"Bir ne\u00e7\u0259 tiktoker saxlan\u0131l\u0131b\" class=\"read-more button\" href=\"https:\/\/www.meydan.tv\/az\/article\/bir-nec%c9%99-tiktoker-saxlanilib\/#more-323263\" aria-label=\"Read more about Bir ne\u00e7\u0259 tiktoker saxlan\u0131l\u0131b\">Davam\u0131<\/a><\/p>\n","protected":false},"author":21,"featured_media":283528,"comment_status":"closed","ping_status":"closed","sticky":false,"template":"","format":"standard","meta":{"_acf_changed":false,"_sitemap_exclude":false,"_sitemap_priority":"","_sitemap_frequency":"","footnotes":""},"categories":[62,56],"tags":[],"class_list":["post-323263","post","type-post","status-publish","format-standard","has-post-thumbnail","hentry","category-sosial","category-xeberler","infinite-scroll-item","generate-columns","tablet-grid-50","mobile-grid-100","grid-parent","grid-33","no-featured-image-padding"],"acf":[],"yoast_head":"<!-- This site is optimized with the Yoast SEO plugin v27.4 - https:\/\/yoast.com\/product\/yoast-seo-wordpress\/ -->\n<title>Bir ne\u00e7\u0259 tiktoker saxlan\u0131l\u0131b - MEYDAN.TV<\/title>\n<meta name=\"robots\" content=\"index, follow, max-snippet:-1, max-image-preview:large, max-video-preview:-1\" \/>\n<link rel=\"canonical\" href=\"https:\/\/www.meydan.tv\/az\/article\/bir-nec%c9%99-tiktoker-saxlanilib\/\" \/>\n<meta property=\"og:locale\" content=\"az_AZ\" \/>\n<meta property=\"og:type\" content=\"article\" \/>\n<meta property=\"og:title\" content=\"Bir ne\u00e7\u0259 tiktoker saxlan\u0131l\u0131b - MEYDAN.TV\" \/>\n<meta property=\"og:description\" content=\"D\u0130N onlar\u0131 \u0259xlaqs\u0131zl\u0131\u011f\u0131 t\u0259bli\u011f etm\u0259kd\u0259 g\u00fcnahland\u0131r\u0131r Televiziya apar\u0131c\u0131s\u0131 Az\u0259r Zahid ... Davam\u0131\" \/>\n<meta property=\"og:url\" content=\"https:\/\/www.meydan.tv\/az\/article\/bir-nec%c9%99-tiktoker-saxlanilib\/\" \/>\n<meta property=\"og:site_name\" content=\"MEYDAN.TV\" \/>\n<meta property=\"article:published_time\" content=\"2024-12-24T07:25:23+00:00\" \/>\n<meta property=\"article:modified_time\" content=\"2024-12-24T07:25:27+00:00\" \/>\n<meta property=\"og:image\" content=\"https:\/\/www.meydan.tv\/wp-content\/uploads\/tiktok.jpg\" \/>\n\t<meta property=\"og:image:width\" content=\"1195\" \/>\n\t<meta property=\"og:image:height\" content=\"800\" \/>\n\t<meta property=\"og:image:type\" content=\"image\/jpeg\" \/>\n<meta name=\"author\" content=\"mahmud\" \/>\n<meta name=\"twitter:card\" content=\"summary_large_image\" \/>\n<script type=\"application\/ld+json\" class=\"yoast-schema-graph\">{\"@context\":\"https:\\\/\\\/schema.org\",\"@graph\":[{\"@type\":\"Article\",\"@id\":\"https:\\\/\\\/www.meydan.tv\\\/az\\\/article\\\/bir-nec%c9%99-tiktoker-saxlanilib\\\/#article\",\"isPartOf\":{\"@id\":\"https:\\\/\\\/www.meydan.tv\\\/az\\\/article\\\/bir-nec%c9%99-tiktoker-saxlanilib\\\/\"},\"author\":{\"name\":\"mahmud\",\"@id\":\"https:\\\/\\\/www.meydan.tv\\\/az\\\/#\\\/schema\\\/person\\\/09863e516102a829e72bedcf3f84c6b0\"},\"headline\":\"Bir ne\u00e7\u0259 tiktoker saxlan\u0131l\u0131b\",\"datePublished\":\"2024-12-24T07:25:23+00:00\",\"dateModified\":\"2024-12-24T07:25:27+00:00\",\"mainEntityOfPage\":{\"@id\":\"https:\\\/\\\/www.meydan.tv\\\/az\\\/article\\\/bir-nec%c9%99-tiktoker-saxlanilib\\\/\"},\"wordCount\":202,\"publisher\":{\"@id\":\"https:\\\/\\\/www.meydan.tv\\\/az\\\/#organization\"},\"image\":{\"@id\":\"https:\\\/\\\/www.meydan.tv\\\/az\\\/article\\\/bir-nec%c9%99-tiktoker-saxlanilib\\\/#primaryimage\"},\"thumbnailUrl\":\"https:\\\/\\\/www.meydan.tv\\\/wp-content\\\/uploads\\\/tiktok-e1735229057559.jpg\",\"articleSection\":[\"Sosial\",\"X\u0259b\u0259rl\u0259r\"],\"inLanguage\":\"az\"},{\"@type\":\"WebPage\",\"@id\":\"https:\\\/\\\/www.meydan.tv\\\/az\\\/article\\\/bir-nec%c9%99-tiktoker-saxlanilib\\\/\",\"url\":\"https:\\\/\\\/www.meydan.tv\\\/az\\\/article\\\/bir-nec%c9%99-tiktoker-saxlanilib\\\/\",\"name\":\"Bir ne\u00e7\u0259 tiktoker saxlan\u0131l\u0131b - MEYDAN.TV\",\"isPartOf\":{\"@id\":\"https:\\\/\\\/www.meydan.tv\\\/az\\\/#website\"},\"primaryImageOfPage\":{\"@id\":\"https:\\\/\\\/www.meydan.tv\\\/az\\\/article\\\/bir-nec%c9%99-tiktoker-saxlanilib\\\/#primaryimage\"},\"image\":{\"@id\":\"https:\\\/\\\/www.meydan.tv\\\/az\\\/article\\\/bir-nec%c9%99-tiktoker-saxlanilib\\\/#primaryimage\"},\"thumbnailUrl\":\"https:\\\/\\\/www.meydan.tv\\\/wp-content\\\/uploads\\\/tiktok-e1735229057559.jpg\",\"datePublished\":\"2024-12-24T07:25:23+00:00\",\"dateModified\":\"2024-12-24T07:25:27+00:00\",\"breadcrumb\":{\"@id\":\"https:\\\/\\\/www.meydan.tv\\\/az\\\/article\\\/bir-nec%c9%99-tiktoker-saxlanilib\\\/#breadcrumb\"},\"inLanguage\":\"az\",\"potentialAction\":[{\"@type\":\"ReadAction\",\"target\":[\"https:\\\/\\\/www.meydan.tv\\\/az\\\/article\\\/bir-nec%c9%99-tiktoker-saxlanilib\\\/\"]}]},{\"@type\":\"ImageObject\",\"inLanguage\":\"az\",\"@id\":\"https:\\\/\\\/www.meydan.tv\\\/az\\\/article\\\/bir-nec%c9%99-tiktoker-saxlanilib\\\/#primaryimage\",\"url\":\"https:\\\/\\\/www.meydan.tv\\\/wp-content\\\/uploads\\\/tiktok-e1735229057559.jpg\",\"contentUrl\":\"https:\\\/\\\/www.meydan.tv\\\/wp-content\\\/uploads\\\/tiktok-e1735229057559.jpg\",\"width\":1195,\"height\":710,\"caption\":\"Tik Tok\"},{\"@type\":\"BreadcrumbList\",\"@id\":\"https:\\\/\\\/www.meydan.tv\\\/az\\\/article\\\/bir-nec%c9%99-tiktoker-saxlanilib\\\/#breadcrumb\",\"itemListElement\":[{\"@type\":\"ListItem\",\"position\":1,\"name\":\"Ana s\u0259hif\u0259\",\"item\":\"https:\\\/\\\/www.meydan.tv\\\/az\\\/\"},{\"@type\":\"ListItem\",\"position\":2,\"name\":\"Sosial\",\"item\":\"https:\\\/\\\/www.meydan.tv\\\/az\\\/section\\\/sosial\\\/\"},{\"@type\":\"ListItem\",\"position\":3,\"name\":\"Bir ne\u00e7\u0259 tiktoker saxlan\u0131l\u0131b\"}]},{\"@type\":\"WebSite\",\"@id\":\"https:\\\/\\\/www.meydan.tv\\\/az\\\/#website\",\"url\":\"https:\\\/\\\/www.meydan.tv\\\/az\\\/\",\"name\":\"MEYDAN.TV\",\"description\":\"Meydan TV Az\u0259rbaycan\u0131n media m\u0259kan\u0131ndak\u0131 alternativ s\u0259sidir\",\"publisher\":{\"@id\":\"https:\\\/\\\/www.meydan.tv\\\/az\\\/#organization\"},\"potentialAction\":[{\"@type\":\"SearchAction\",\"target\":{\"@type\":\"EntryPoint\",\"urlTemplate\":\"https:\\\/\\\/www.meydan.tv\\\/az\\\/?s={search_term_string}\"},\"query-input\":{\"@type\":\"PropertyValueSpecification\",\"valueRequired\":true,\"valueName\":\"search_term_string\"}}],\"inLanguage\":\"az\"},{\"@type\":\"Organization\",\"@id\":\"https:\\\/\\\/www.meydan.tv\\\/az\\\/#organization\",\"name\":\"Meydan TV\",\"url\":\"https:\\\/\\\/www.meydan.tv\\\/az\\\/\",\"logo\":{\"@type\":\"ImageObject\",\"inLanguage\":\"az\",\"@id\":\"https:\\\/\\\/www.meydan.tv\\\/az\\\/#\\\/schema\\\/logo\\\/image\\\/\",\"url\":\"https:\\\/\\\/www.meydan.tv\\\/wp-content\\\/uploads\\\/2021\\\/07\\\/meydan-logo.svg\",\"contentUrl\":\"https:\\\/\\\/www.meydan.tv\\\/wp-content\\\/uploads\\\/2021\\\/07\\\/meydan-logo.svg\",\"width\":195,\"height\":46,\"caption\":\"Meydan TV\"},\"image\":{\"@id\":\"https:\\\/\\\/www.meydan.tv\\\/az\\\/#\\\/schema\\\/logo\\\/image\\\/\"}},{\"@type\":\"Person\",\"@id\":\"https:\\\/\\\/www.meydan.tv\\\/az\\\/#\\\/schema\\\/person\\\/09863e516102a829e72bedcf3f84c6b0\",\"name\":\"mahmud\"}]}<\/script>\n<!-- \/ Yoast SEO plugin. -->","yoast_head_json":{"title":"Bir ne\u00e7\u0259 tiktoker saxlan\u0131l\u0131b - MEYDAN.TV","robots":{"index":"index","follow":"follow","max-snippet":"max-snippet:-1","max-image-preview":"max-image-preview:large","max-video-preview":"max-video-preview:-1"},"canonical":"https:\/\/www.meydan.tv\/az\/article\/bir-nec%c9%99-tiktoker-saxlanilib\/","og_locale":"az_AZ","og_type":"article","og_title":"Bir ne\u00e7\u0259 tiktoker saxlan\u0131l\u0131b - MEYDAN.TV","og_description":"D\u0130N onlar\u0131 \u0259xlaqs\u0131zl\u0131\u011f\u0131 t\u0259bli\u011f etm\u0259kd\u0259 g\u00fcnahland\u0131r\u0131r Televiziya apar\u0131c\u0131s\u0131 Az\u0259r Zahid ... Davam\u0131","og_url":"https:\/\/www.meydan.tv\/az\/article\/bir-nec%c9%99-tiktoker-saxlanilib\/","og_site_name":"MEYDAN.TV","article_published_time":"2024-12-24T07:25:23+00:00","article_modified_time":"2024-12-24T07:25:27+00:00","og_image":[{"width":1195,"height":800,"url":"https:\/\/www.meydan.tv\/wp-content\/uploads\/tiktok.jpg","type":"image\/jpeg"}],"author":"mahmud","twitter_card":"summary_large_image","schema":{"@context":"https:\/\/schema.org","@graph":[{"@type":"Article","@id":"https:\/\/www.meydan.tv\/az\/article\/bir-nec%c9%99-tiktoker-saxlanilib\/#article","isPartOf":{"@id":"https:\/\/www.meydan.tv\/az\/article\/bir-nec%c9%99-tiktoker-saxlanilib\/"},"author":{"name":"mahmud","@id":"https:\/\/www.meydan.tv\/az\/#\/schema\/person\/09863e516102a829e72bedcf3f84c6b0"},"headline":"Bir ne\u00e7\u0259 tiktoker saxlan\u0131l\u0131b","datePublished":"2024-12-24T07:25:23+00:00","dateModified":"2024-12-24T07:25:27+00:00","mainEntityOfPage":{"@id":"https:\/\/www.meydan.tv\/az\/article\/bir-nec%c9%99-tiktoker-saxlanilib\/"},"wordCount":202,"publisher":{"@id":"https:\/\/www.meydan.tv\/az\/#organization"},"image":{"@id":"https:\/\/www.meydan.tv\/az\/article\/bir-nec%c9%99-tiktoker-saxlanilib\/#primaryimage"},"thumbnailUrl":"https:\/\/www.meydan.tv\/wp-content\/uploads\/tiktok-e1735229057559.jpg","articleSection":["Sosial","X\u0259b\u0259rl\u0259r"],"inLanguage":"az"},{"@type":"WebPage","@id":"https:\/\/www.meydan.tv\/az\/article\/bir-nec%c9%99-tiktoker-saxlanilib\/","url":"https:\/\/www.meydan.tv\/az\/article\/bir-nec%c9%99-tiktoker-saxlanilib\/","name":"Bir ne\u00e7\u0259 tiktoker saxlan\u0131l\u0131b - MEYDAN.TV","isPartOf":{"@id":"https:\/\/www.meydan.tv\/az\/#website"},"primaryImageOfPage":{"@id":"https:\/\/www.meydan.tv\/az\/article\/bir-nec%c9%99-tiktoker-saxlanilib\/#primaryimage"},"image":{"@id":"https:\/\/www.meydan.tv\/az\/article\/bir-nec%c9%99-tiktoker-saxlanilib\/#primaryimage"},"thumbnailUrl":"https:\/\/www.meydan.tv\/wp-content\/uploads\/tiktok-e1735229057559.jpg","datePublished":"2024-12-24T07:25:23+00:00","dateModified":"2024-12-24T07:25:27+00:00","breadcrumb":{"@id":"https:\/\/www.meydan.tv\/az\/article\/bir-nec%c9%99-tiktoker-saxlanilib\/#breadcrumb"},"inLanguage":"az","potentialAction":[{"@type":"ReadAction","target":["https:\/\/www.meydan.tv\/az\/article\/bir-nec%c9%99-tiktoker-saxlanilib\/"]}]},{"@type":"ImageObject","inLanguage":"az","@id":"https:\/\/www.meydan.tv\/az\/article\/bir-nec%c9%99-tiktoker-saxlanilib\/#primaryimage","url":"https:\/\/www.meydan.tv\/wp-content\/uploads\/tiktok-e1735229057559.jpg","contentUrl":"https:\/\/www.meydan.tv\/wp-content\/uploads\/tiktok-e1735229057559.jpg","width":1195,"height":710,"caption":"Tik Tok"},{"@type":"BreadcrumbList","@id":"https:\/\/www.meydan.tv\/az\/article\/bir-nec%c9%99-tiktoker-saxlanilib\/#breadcrumb","itemListElement":[{"@type":"ListItem","position":1,"name":"Ana s\u0259hif\u0259","item":"https:\/\/www.meydan.tv\/az\/"},{"@type":"ListItem","position":2,"name":"Sosial","item":"https:\/\/www.meydan.tv\/az\/section\/sosial\/"},{"@type":"ListItem","position":3,"name":"Bir ne\u00e7\u0259 tiktoker saxlan\u0131l\u0131b"}]},{"@type":"WebSite","@id":"https:\/\/www.meydan.tv\/az\/#website","url":"https:\/\/www.meydan.tv\/az\/","name":"MEYDAN.TV","description":"Meydan TV Az\u0259rbaycan\u0131n media m\u0259kan\u0131ndak\u0131 alternativ s\u0259sidir","publisher":{"@id":"https:\/\/www.meydan.tv\/az\/#organization"},"potentialAction":[{"@type":"SearchAction","target":{"@type":"EntryPoint","urlTemplate":"https:\/\/www.meydan.tv\/az\/?s={search_term_string}"},"query-input":{"@type":"PropertyValueSpecification","valueRequired":true,"valueName":"search_term_string"}}],"inLanguage":"az"},{"@type":"Organization","@id":"https:\/\/www.meydan.tv\/az\/#organization","name":"Meydan TV","url":"https:\/\/www.meydan.tv\/az\/","logo":{"@type":"ImageObject","inLanguage":"az","@id":"https:\/\/www.meydan.tv\/az\/#\/schema\/logo\/image\/","url":"https:\/\/www.meydan.tv\/wp-content\/uploads\/2021\/07\/meydan-logo.svg","contentUrl":"https:\/\/www.meydan.tv\/wp-content\/uploads\/2021\/07\/meydan-logo.svg","width":195,"height":46,"caption":"Meydan TV"},"image":{"@id":"https:\/\/www.meydan.tv\/az\/#\/schema\/logo\/image\/"}},{"@type":"Person","@id":"https:\/\/www.meydan.tv\/az\/#\/schema\/person\/09863e516102a829e72bedcf3f84c6b0","name":"mahmud"}]}},"_links":{"self":[{"href":"https:\/\/www.meydan.tv\/az\/wp-json\/wp\/v2\/posts\/323263","targetHints":{"allow":["GET"]}}],"collection":[{"href":"https:\/\/www.meydan.tv\/az\/wp-json\/wp\/v2\/posts"}],"about":[{"href":"https:\/\/www.meydan.tv\/az\/wp-json\/wp\/v2\/types\/post"}],"author":[{"embeddable":true,"href":"https:\/\/www.meydan.tv\/az\/wp-json\/wp\/v2\/users\/21"}],"replies":[{"embeddable":true,"href":"https:\/\/www.meydan.tv\/az\/wp-json\/wp\/v2\/comments?post=323263"}],"version-history":[{"count":1,"href":"https:\/\/www.meydan.tv\/az\/wp-json\/wp\/v2\/posts\/323263\/revisions"}],"predecessor-version":[{"id":323264,"href":"https:\/\/www.meydan.tv\/az\/wp-json\/wp\/v2\/posts\/323263\/revisions\/323264"}],"wp:featuredmedia":[{"embeddable":true,"href":"https:\/\/www.meydan.tv\/az\/wp-json\/wp\/v2\/media\/283528"}],"wp:attachment":[{"href":"https:\/\/www.meydan.tv\/az\/wp-json\/wp\/v2\/media?parent=323263"}],"wp:term":[{"taxonomy":"category","embeddable":true,"href":"https:\/\/www.meydan.tv\/az\/wp-json\/wp\/v2\/categories?post=323263"},{"taxonomy":"post_tag","embeddable":true,"href":"https:\/\/www.meydan.tv\/az\/wp-json\/wp\/v2\/tags?post=323263"}],"curies":[{"name":"wp","href":"https:\/\/api.w.org\/{rel}","templated":true}]}}