{"id":323228,"date":"2024-12-23T21:49:23","date_gmt":"2024-12-23T17:49:23","guid":{"rendered":"https:\/\/www.meydan.tv\/?p=323228"},"modified":"2024-12-23T21:49:27","modified_gmt":"2024-12-23T17:49:27","slug":"lerikd%c9%99-direktorla-k%c9%99nd-sakininin-kadr-davasi","status":"publish","type":"post","link":"https:\/\/www.meydan.tv\/az\/article\/lerikd%c9%99-direktorla-k%c9%99nd-sakininin-kadr-davasi\/","title":{"rendered":"Lerikd\u0259 direktorla k\u0259nd sakininin kadr davas\u0131"},"content":{"rendered":"\n<p><\/p>\n\n\n\n<p><strong><em>\u201c\u015eagirdl\u0259r yaz\u0131qd\u0131r, onlar\u0131n t\u0259hsil h\u00fcquqlar\u0131 pozulur\u201d<\/em><\/strong><\/p>\n\n\n\n<p><em>&#8220;\u00dc\u00e7 ildir ki, ixtisasl\u0131 kadrlar u\u011frunda m\u00fcbariz\u0259 apar\u0131ram. H\u0259r il Elm v\u0259 T\u0259hsil Nazirliyinin q\u0259buluna d\u00fc\u015fm\u0259y\u0259 \u00e7al\u0131\u015f\u0131ram, amma mane olurdular. N\u0259hay\u0259t, t\u0259l\u0259b etdiyim ixtisasl\u0131 kadrlar\u0131 bu ilin oktyabr\u0131nda g\u0259tird\u0259 bildim. Amma son \u00fc\u00e7 ild\u0259ki qeyri-ixtisas f\u0259nl\u0259rin\u0259 g\u00f6r\u0259 m\u0259hk\u0259m\u0259 iddiam davam etm\u0259kd\u0259dir. \u015eagirdl\u0259r yaz\u0131qd\u0131r, onlar\u0131n t\u0259hsil h\u00fcquqlar\u0131 pozulur. Uduzsam bel\u0259, sona q\u0259d\u0259r ged\u0259c\u0259y\u0259m\u201d<\/em>.<\/p>\n\n\n\n<p>Bunu Lerikin Orand k\u0259nd sakini Vaqif C\u0259nn\u0259tov Meydan TV-y\u0259 deyib.<\/p>\n\n\n\n<p><strong>\u201cMaddi maraqlar ill\u0259rl\u0259 \u015fagirdl\u0259rin savads\u0131z yeti\u015fm\u0259sin\u0259 s\u0259b\u0259b olur\u201d<\/strong><\/p>\n\n\n\n<p>O, \u00fc\u00e7 ildir ki, \u018fh\u0259d Rzayev ad\u0131na Orand k\u0259nd m\u0259kt\u0259bind\u0259 ixtisasl\u0131 kadrlar\u0131n olmamas\u0131 u\u011frunda m\u00fcbariz\u0259 apar\u0131r.<\/p>\n\n\n\n<p>2 il bundan \u0259vv\u0259l d\u0259 bu bar\u0259d\u0259 Meydan TV-d\u0259 v\u0259t\u0259nda\u015f\u0131n \u015fikay\u0259ti <a href=\"https:\/\/www.meydan.tv\/az\/article\/lerikden-sikayet-direktor-qeyri-ixtisas-fenlerini-aile-uzvleri-arasinda-bolusdurub\/\" target=\"_blank\" rel=\"noreferrer noopener\">verilib.<\/a><\/p>\n\n\n\n<p>H\u0259min \u015fikay\u0259t\u0259 \u0259sas\u0259n&nbsp; 2021-ci ild\u0259n 2024-c\u00fc ilin t\u0259dris ilin\u0259 q\u0259d\u0259r m\u0259kt\u0259bd\u0259 \u00e7at\u0131\u015fmayan f\u0259nn m\u00fc\u0259lliml\u0259rinin d\u0259rsl\u0259rini direktor Bab\u0259k R\u0259himov \u00f6z\u00fcn\u0259 v\u0259 m\u0259kt\u0259bd\u0259 \u00e7al\u0131\u015fan ail\u0259 \u00fczvl\u0259rin\u0259 h\u0259val\u0259 etmi\u015fdi.<\/p>\n\n\n\n<p>2021-ci ild\u0259n edil\u0259n \u015fikay\u0259t v\u0259 20-d\u0259n \u00e7ox m\u0259hk\u0259m\u0259 \u00e7\u0259ki\u015fm\u0259sinin s\u0259b\u0259bi texnologiya ixtisasl\u0131 direktorun musiqi, qarda\u015f\u0131 fizika m\u00fc\u0259llimi M\u00fcqabil R\u0259himovun kimya, dig\u0259r qarda\u015f\u0131 fiziki t\u0259rbiy\u0259 m\u00fc\u0259llimi Ramiz R\u0259himovun biologiya, onun kollec t\u0259hsilli ibtidai sinif m\u00fc\u0259llimi olan o\u011flu Mustafa R\u0259himovun riyaziyyat v\u0259\u00a0 k\u00fcr\u0259k\u0259nl\u0259ri, direktor m\u00fcavini, texnologiya m\u00fc\u0259llimi As\u0259f R\u0259himovun is\u0259 informatika m\u00fc\u0259llimi kimi \u00e7al\u0131\u015fmas\u0131d\u0131r.<\/p>\n\n\n\n<p>N\u0259hay\u0259t, bu ciddi problem\u00a0v\u0259t\u0259nda\u015f\u0131n israrl\u0131 t\u0259l\u0259bind\u0259n sonra bu ilin\u00a0 oktyabr\u0131n sonunda h\u0259llini tap\u0131b.<\/p>\n\n\n\n<p>Onun s\u00f6zl\u0259rin\u0259 g\u00f6r\u0259, m\u0259kt\u0259b\u0259 iki f\u0259nn \u00fczr\u0259 M\u0130Q-l\u0259, dig\u0259r \u00e7at\u0131\u015fmayan f\u0259nl\u0259r \u00fczr\u0259 is\u0259 m\u00fcqavil\u0259 il\u0259 m\u00fc\u0259lliml\u0259r c\u0259lb olunub:<\/p>\n\n\n\n<p><em>&#8220;\u0130caz\u0259 verib-verm\u0259s\u0259l\u0259r d\u0259, c\u0259nub zonas\u0131nda ke\u00e7iril\u0259n nazir q\u0259bullar\u0131na gedir\u0259m. Bu il gedib L\u0259nk\u0259ran Astara Regional T\u0259hsil sektorunun q\u0259buluna d\u00fc\u015fd\u00fcm. M\u00fcdir q\u0259bul edib s\u00f6z verdi ki, m\u0259kt\u0259b\u0259 ixtisasl\u0131 kadrlar\u00a0 g\u00f6nd\u0259ril\u0259c\u0259k. Sentyabr ke\u00e7di, oktyabrda t\u0259krar m\u0259n B\u0259hruz m\u00fc\u0259llim\u0259 verdiyi v\u0259di xat\u0131rlatd\u0131m v\u0259 bu, naraz\u0131l\u0131\u011fa s\u0259b\u0259b oldu. Oktyabr\u0131n sonu kimya, fizika, informatika, ingilis dili, co\u011frafiya, tarix v\u0259 Az\u0259rbaycan dili m\u00fc\u0259llimi g\u0259tirildi. Tarix v\u0259 Az\u0259rbaycan dili m\u00fc\u0259llimi M\u0130Q yolu il\u0259 t\u0259yinat al\u0131b. G\u0259lm\u0259y\u0259n\u0259 q\u0259d\u0259r ingilis dilini tarix m\u00fc\u0259llimi t\u0259dris edirdi. Anormal v\u0259ziyy\u0259tdir. N\u0259 q\u0259d\u0259r ki ixtisasl\u0131 m\u00fc\u0259lliml\u0259r g\u0259lmir, direktor v\u0259 \u0259traf\u0131na, regional t\u0259hsil sektoruna s\u0259rf edir. \u00c7\u00fcnki bir-birl\u0259rin\u0259 g\u00f6r\u00fcm-bax\u0131m edirl\u0259r. Maddi maraqlar ill\u0259rl\u0259 \u015fagirdl\u0259rin savads\u0131z yeti\u015fm\u0259sin\u0259 s\u0259b\u0259b olur\u201d<\/em>.<\/p>\n\n\n\n<p><em>\u201cOktyabr\u0131n sonu m\u00fc\u0259lliml\u0259r g\u0259l\u0259nd\u0259n sonra R\u0259himovlar\u0131n \u0259lind\u0259n bu &#8220;f\u00fcrs\u0259t&#8221; al\u0131nd\u0131. \u0130ndi d\u0259 d\u0259rn\u0259k v\u0259 fakultativ m\u0259\u015f\u011f\u0259l\u0259l\u0259ri g\u00f6t\u00fcr\u00fcbl\u0259r. K\u0259ndd\u0259 \u00e7ox valideyn naraz\u0131d\u0131r, ancaq a\u00e7\u0131q\u00a0 m\u00fcbariz\u0259y\u0259 girmir. \u00c7\u00fcnki g\u00f6r\u00fcr\u00fck ki, yazan\u0131, t\u0259l\u0259b ed\u0259ni \u015f\u0259rl\u0259yib h\u0259bs edirl\u0259r. M\u0259n 20 d\u0259f\u0259 m\u0259hk\u0259m\u0259y\u0259 getm\u0259li, m\u00fcbariz\u0259 etm\u0259liydim ki, m\u00fc\u0259lliml\u0259r g\u0259tirilsin? Nazirlik \u00e7at\u0131\u015fmayan kadrlar\u0131 g\u00f6rm\u00fcr?&#8221; <\/em>\u2013 o qeyd edib.<\/p>\n\n\n\n<p><strong>\u201cDig\u0259r sinifl\u0259rin \u015fagirdl\u0259ri niy\u0259 ixtissal\u0131 f\u0259nn m\u00fc\u0259llimind\u0259n m\u0259hrum edilm\u0259lidir?\u201d<\/strong><\/p>\n\n\n\n<p>Ancaq v\u0259t\u0259nda\u015f yen\u0259 m\u00fcbariz\u0259sini v\u0259 m\u0259hk\u0259m\u0259 \u00e7\u0259ki\u015fm\u0259l\u0259rinin davam etdirir. S\u0259b\u0259bi is\u0259 qon\u015fu Niravud k\u0259nd m\u0259kt\u0259bind\u0259n&nbsp; m\u00fcqavil\u0259 il\u0259 c\u0259lb olunan kimya &#8211; biologiya m\u00fc\u0259llimi \u018fhm\u0259d \u018fzizovun ancaq \u015fikay\u0259t\u00e7inin q\u0131z \u00f6vlad\u0131n\u0131n oxudu\u011fu yeddinci sinf\u0259 t\u0259hkim edilm\u0259sidir.<\/p>\n\n\n\n<p>Dig\u0259r sinifl\u0259r \u00fczr\u0259 kimya- biologiya f\u0259nnini\u00a0h\u0259mi\u015f\u0259ki kimi direktorun qarda\u015f\u0131 M\u00fcqabil R\u0259himov icra edir.<\/p>\n\n\n\n<figure class=\"wp-block-image size-full\"><img decoding=\"async\" width=\"1080\" height=\"810\" data-src=\"https:\/\/www.meydan.tv\/wp-content\/uploads\/4a459be7-3d70-485c-8095-1dd2826c71bd.jpg\" alt=\"\" class=\"wp-image-323238 lazyload\" src=\"data:image\/svg+xml;base64,PHN2ZyB3aWR0aD0iMSIgaGVpZ2h0PSIxIiB4bWxucz0iaHR0cDovL3d3dy53My5vcmcvMjAwMC9zdmciPjwvc3ZnPg==\" style=\"--smush-placeholder-width: 1080px; --smush-placeholder-aspect-ratio: 1080\/810;\" \/><figcaption class=\"wp-element-caption\">Foto: Meydan TV<\/figcaption><\/figure>\n\n\n\n<p>Onun s\u00f6zl\u0259rin\u0259 g\u00f6r\u0259, h\u0259min m\u0259kt\u0259bd\u0259 t\u0259hsil alan 128 \u015fagirdin keyfiyy\u0259tli t\u0259hsil alma h\u00fcququ pozulur. Baxmayaraq ki, \u00f6z \u00f6vlad\u0131 N\u0259rmin C\u0259nn\u0259tli ixtisasl\u0131 m\u00fc\u0259llim t\u0259r\u0259find\u0259n t\u0259hsil al\u0131r.<\/p>\n\n\n\n<p>V\u0259t\u0259nda\u015f deyir ki, \u018fhm\u0259d \u018fzizov ya\u015fla \u0259laq\u0259dar m\u00fcqavil\u0259 il\u0259 i\u015fl\u0259diyind\u0259n bu i\u015f\u0259 &#8220;m\u0259cbur&#8221; edilib. Hans\u0131 ki \u0259ks t\u0259qdird\u0259 i\u015fd\u0259n bird\u0259f\u0259lik uzaqla\u015fd\u0131r\u0131lar. Ona g\u00f6r\u0259 d\u0259 qorxudan bir sinf\u0259 d\u0259rs ke\u00e7m\u0259y\u0259 raz\u0131 olub:<\/p>\n\n\n\n<p><em>&#8220;\u018fhm\u0259d m\u00fc\u0259llim qocaman m\u00fc\u0259llimdir, m\u00fcqavil\u0259 il\u0259 i\u015fl\u0259yir. G\u0259lm\u0259k ist\u0259m\u0259yib, ya\u015f\u0131na g\u00f6r\u0259 qorxudublar. Q\u0131z \u00f6vlad\u0131m\u0131n t\u0259hsil ald\u0131\u011f\u0131 yeddinci sinifd\u0259 d\u0259rs ke\u00e7ir. H\u0259ft\u0259d\u0259 iki g\u00fcn g\u0259lib ke\u00e7ib gedir. \u018flav\u0259 m\u0259\u015f\u011f\u0259l\u0259 \u00fc\u00e7\u00fcn m\u00fcraci\u0259t etdim, \u00f6d\u0259ni\u015fli \u015f\u0259kild\u0259. \u00d6nc\u0259 raz\u0131la\u015fd\u0131, sonra t\u0259sir etdil\u0259r raz\u0131 olmad\u0131. M\u00fc\u0259lliml\u0259r\u0259 m\u0259nl\u0259 \u00fcnsiyy\u0259t\u0259 icaz\u0259 verilmir. Onlar qorxur v\u0259 i\u015fini itirm\u0259k ist\u0259mir. \u015eikay\u0259tim d\u0259 budur ki, kimya m\u00fc\u0259llimi niy\u0259 t\u0259k 7-ci sinif\u0259 d\u0259rs ke\u00e7ir. B\u00fct\u00fcn sinifl\u0259r \u00fczr\u0259 kimya-biologiya ona h\u0259val\u0259 olunmal\u0131d\u0131r. M\u00fcqabil R\u0259himov niy\u0259 dig\u0259r sinifl\u0259r\u0259 kimya f\u0259nnini t\u0259dris edir. O, fizika m\u00fc\u0259llimidir\u201d<\/em>.<\/p>\n\n\n\n<p><em>\u201cM\u0259nd\u0259n \u00e7\u0259kindikl\u0259ri \u00fc\u00e7\u00fcn q\u0131z\u0131m\u0131n sinfin\u0259 \u018fhm\u0259di g\u0259tirdibl\u0259r. Dig\u0259r sinifl\u0259rin \u015fagirdl\u0259ri niy\u0259 ixtisasl\u0131 f\u0259nn m\u00fc\u0259llimind\u0259n m\u0259hrum edilm\u0259lidir? F\u0259nn m\u00fc\u0259llimi vark\u0259n M\u00fcqabil R\u0259himov niy\u0259 ixtisas\u0131na aid olmayan f\u0259nni t\u0259dris etm\u0259lidir. H\u0259tta \u00f6t\u0259n il m\u0259nd\u0259n qisas almaq \u00fc\u00e7\u00fcn birinci sinifd\u0259 oxuyan o\u011fluma informatika d\u0259rsini sinif m\u00fc\u0259llimi ke\u00e7irdi. Halbuki informatika m\u00fc\u0259llimi vard\u0131, o b\u00fct\u00fcn sinifl\u0259r\u0259 d\u0259rs ke\u00e7irdi, t\u0259k birincil\u0259rd\u0259n ba\u015fqa. Bu da qisas idi. Bu il birinci sinfi d\u0259 informatika m\u00fc\u0259llimin\u0259 t\u0259hvil verdil\u0259r. \u015eirvan \u0130nzibati M\u0259hk\u0259m\u0259sind\u0259n Apelyasiya M\u0259hk\u0259m\u0259sin\u0259 verdim. \u0130ndi d\u0259 q\u0259rar \u00e7\u0131x\u0131b ki, d\u0259rs b\u00f6lg\u00fcs\u00fc m\u00fclki m\u0259s\u0259l\u0259dir. M\u00fclki m\u0259hk\u0259m\u0259y\u0259 vermi\u015f\u0259m, ay\u0131n 23-d\u0259 bax\u0131lmal\u0131d\u0131r. Y\u00fcz faiz lehim\u0259 q\u0259rar \u00e7\u0131xarmayacaqlar, ancaq sona q\u0259d\u0259r ged\u0259c\u0259y\u0259m. M\u0259n h\u0259mi\u015f\u0259 burada olmayacam, amma vicdan\u0131m buna yol vermir. \u015eagirdl\u0259r yaz\u0131qd\u0131r, onlar\u0131n g\u0259l\u0259c\u0259yi var&#8221;<\/em>, &#8211; dey\u0259 Lerik sakini bildirib.<\/p>\n\n\n\n<p><strong>\u201cNiy\u0259 bu \u00f6zba\u015f\u0131nal\u0131\u011fa \u00fc\u00e7 il g\u00f6z yumuldu?\u201d<\/strong><\/p>\n\n\n\n<p>M\u0259hk\u0259m\u0259 \u00e7\u0259ki\u015fm\u0259sinin davam etdirilm\u0259sinin bir dig\u0259r s\u0259b\u0259bi is\u0259 son \u00fc\u00e7 t\u0259dris illind\u0259 R\u0259himovlar\u0131n onlar\u0131n ixtisas\u0131na aid olmayan f\u0259nl\u0259ri m\u0259qs\u0259dli \u015f\u0259kild\u0259\u00a0 m\u0259nims\u0259m\u0259sidir. Hans\u0131 ki bu, Nazirl\u0259r Kabinetinin 2010-cu il 3 iyun tarixli 103 n\u00f6mr\u0259li Q\u0259rar\u0131 il\u0259 t\u0259sdiq edilmi\u015f \u201cAz\u0259rbaycan Respublikas\u0131nda \u00fcmumi t\u0259hsilin d\u00f6vl\u0259t standartlar\u0131\u201dn\u0131n 6.2-ci b\u0259ndin\u0259 ziddir.<\/p>\n\n\n\n<p>H\u0259min b\u0259nd\u0259 \u0259sas\u0259n, k\u0259nd rayonlar\u0131nda yerl\u0259\u015f\u0259n \u00fcmumt\u0259hsil ocaqlar\u0131nda kadr \u00e7at\u0131\u015fmad\u0131qda m\u0259zmun v\u0259 mahiyy\u0259t etibar\u0131 il\u0259 nazirlik m\u0259lumatland\u0131r\u0131lmaqla uy\u011fun f\u0259nn m\u00fc\u0259lliml\u0259rinin t\u0259drisin\u0259 icaz\u0259 verilir.<\/p>\n\n\n\n<p>H\u0259min m\u00fcvafiq f\u0259nl\u0259r is\u0259 ancaq kimya-biologiya, biologiya-kimya, fizika-riyaziyyat, riyaziyyat-fizika, riyaziyyat-informatika, informatika-riyaziyyat, tarix-co\u011frafiya v\u0259 co\u011frafiya-tarix ixtisas\u0131 \u00fczr\u0259 ola bil\u0259r.<\/p>\n\n\n\n<p>Odur ki, v\u0259t\u0259nda\u015f uduzsa bel\u0259 sona q\u0259d\u0259r ged\u0259c\u0259yini deyir: <\/p>\n\n\n\n<p><em>&#8220;\u0130ndiki iddiam son \u00fc\u00e7 ild\u0259 R\u0259himovlar\u0131n, x\u00fcsusil\u0259 m\u0259kt\u0259b direktorunun qanunsuz \u015f\u0259kild\u0259 qeyri- ixtisas f\u0259nl\u0259rini t\u0259dris etm\u0259sidir. \u018fg\u0259r bu m\u00fcbariz\u0259ni yar\u0131m\u00e7\u0131q saxlasam, onlar yenid\u0259n ixtisasl\u0131 kadrlar\u0131 did\u0259rgin sal\u0131b, \u0259vv\u0259lki d\u00f6vrd\u0259ki kimi d\u0259rsl\u0259ri m\u0259nims\u0259y\u0259c\u0259k. R\u0259himovlar v\u0259 onlar\u0131 m\u00fcdafi\u0259 ed\u0259nl\u0259r m\u0259n k\u0259ndi t\u0259rk ets\u0259m, sevin\u0259c\u0259k. M\u00fcbariz\u0259m \u00f6t\u0259n ill\u0259rin haqs\u0131zl\u0131qlar\u0131na qar\u015f\u0131d\u0131r ki, niy\u0259 bu \u00f6zba\u015f\u0131nal\u0131\u011fa \u00fc\u00e7 il g\u00f6z yumuldu?&#8221;<\/em><\/p>\n\n\n\n<p><strong>\u201cM\u0259nlik deyil, vakant yerl\u0259ri elan edirik, t\u0259min ed\u0259n yoxdur\u201d<\/strong><\/p>\n\n\n\n<p>Orand k\u0259nd m\u0259kt\u0259binin direktoru Bab\u0259k R\u0259himov Meydan TV-y\u0259 bildirib ki, &nbsp;musiqi f\u0259nnind\u0259n ba\u015fqa dig\u0259r ixtisaslar \u00f6z h\u0259llini tap\u0131b. Musiqi f\u0259nnini d\u0259 art\u0131q \u00f6z\u00fc deyil, \u0259d\u0259biyyat m\u00fc\u0259llimi t\u0259dris edir:<\/p>\n\n\n\n<figure class=\"wp-block-image size-full\"><img decoding=\"async\" width=\"1080\" height=\"811\" data-src=\"https:\/\/www.meydan.tv\/wp-content\/uploads\/8dc9eb4a-c55a-4fa2-886b-304a306d8273.jpg\" alt=\"\" class=\"wp-image-323241 lazyload\" src=\"data:image\/svg+xml;base64,PHN2ZyB3aWR0aD0iMSIgaGVpZ2h0PSIxIiB4bWxucz0iaHR0cDovL3d3dy53My5vcmcvMjAwMC9zdmciPjwvc3ZnPg==\" style=\"--smush-placeholder-width: 1080px; --smush-placeholder-aspect-ratio: 1080\/811;\" \/><figcaption class=\"wp-element-caption\">Foto: Meydan TV<\/figcaption><\/figure>\n\n\n\n<p><em>\u201c\u018fhm\u0259d \u018fzizov adl\u0131 kimya m\u00fc\u0259llimin\u0259 g\u0259ldikd\u0259 is\u0259 o, Nuravud k\u0259ndind\u0259 d\u0259rs ke\u00e7ir dey\u0259 iki g\u00fcn vaxt\u0131 qal\u0131r. Dig\u0259r \u015fagirdl\u0259rin keyfiyy\u0259tli t\u0259hsil h\u00fcququ pozulmur. Qarda\u015f\u0131m M\u00fcqabil R\u0259himov savadl\u0131 kadrd\u0131r. Ancaq n\u0259inki Orand, Lerik rayonunun \u0259ks\u0259r k\u0259nd\u00a0 m\u0259kt\u0259bl\u0259rind\u0259 \u00e7oxlu ixtisasl\u0131 kadrlar \u00e7at\u0131\u015fm\u0131r. Bunlar is\u0259 musiqi daxil, daha \u00e7ox\u00a0 t\u0259bi\u0259t v\u0259 d\u0259qiq f\u0259nn m\u00fc\u0259lliml\u0259ridir. \u018fhm\u0259d \u018fzizovun is\u0259 ikinci i\u015f yeri oldu\u011fundan 7-ci sinifd\u0259n ba\u015fqa \u0259lav\u0259 d\u0259rs g\u00f6t\u00fcr\u0259 bilmir. Odur ki, \u018fzizov Vaqifin q\u0131z\u0131n\u0131n oxudu\u011fu sinifd\u0259 ixtisasl\u0131 m\u00fc\u0259llim kimi onun \u00f6vlad\u0131na d\u0259rs ke\u00e7ir. 30 ild\u0259n \u00e7oxdur ki, M\u00fcqabil m\u00fc\u0259llim o m\u0259kt\u0259bd\u0259 kimya v\u0259 fizika f\u0259nnini t\u0259dris edir. Hans\u0131 ki \u015fikay\u0259t\u00e7inin qarda\u015f\u0131 m\u0259kt\u0259b direktoru \u00e7al\u0131\u015fan vaxtlardan o eyni f\u0259nl\u0259ri t\u0259dris edib. \u00a0M\u0259n he\u00e7 bir m\u00fc\u0259llim\u0259 t\u0259sir ed\u0259 bilm\u0259r\u0259m. Vaqif b\u0259y son m\u0259hk\u0259m\u0259 iclas\u0131nda etiraf etdi ki, 2024-2025 &#8211; ci ilin t\u0259dris ilind\u0259n naraz\u0131l\u0131\u011f\u0131 yoxdur. M\u00fcqabil R\u0259himovla ba\u011fl\u0131 q\u0259r\u0259zli davran\u0131r. Kimya-biologiya m\u00fc\u0259llimi is\u0259 \u00e7at\u0131\u015fm\u0131r. Lerik rayonun \u0259ks\u0259r m\u0259kt\u0259bl\u0259rind\u0259 bu ixtisasl\u0131 kadrlar \u00e7at\u0131\u015fm\u0131r. Qon\u015fu k\u0259ndl\u0259rin \u00f6z\u00fcnd\u0259 bel\u0259 yoxdur ki, m\u00fcqavil\u0259 il\u0259 g\u0259lib \u00e7al\u0131\u015fs\u0131nlar. \u018fhm\u0259d m\u00fc\u0259llim m\u0259kt\u0259bd\u0259\u00a0 ixtisasca biologiya f\u0259nni \u00fczr\u0259 b\u00fct\u00fcn d\u0259rsl\u0259ri ke\u00e7ir. T\u0259kc\u0259 7-ci sinf\u0259 kimya d\u0259rsini ke\u00e7ir. M\u00fcqabil m\u00fc\u0259llim is\u0259 kimya f\u0259nnini t\u0259dris edir, 7-ci sinifd\u0259n ba\u015fqa b\u00fct\u00fcn sinifl\u0259rd\u0259. \u0130ki ildir ki, M\u00fcqabil m\u00fc\u0259llimi d\u0259 yalvar\u0131b i\u015fd\u0259 saxlam\u0131\u015fam. O he\u00e7 i\u015fl\u0259m\u0259k arzusunda deyil. O da gets\u0259, fizikadan da m\u00fc\u0259llimsiz qalaca\u011f\u0131q. H\u0259r ikisi ya\u015fl\u0131d\u0131r. G\u00fccl\u0259 raz\u0131la\u015fd\u0131r\u0131b g\u0259tirmi\u015fik\u201d.<\/em><\/p>\n\n\n\n<p><em>\u201cM\u00fcqabil R\u0259himov m\u0259nim \u00f6z\u00fcm\u0259 d\u0259rs deyib. Respublika s\u0259viyy\u0259li m\u00fc\u0259llimdir. \u0130xtisasdan 40 sualdan 38-in yaz\u0131b. \u015eagirdl\u0259ri olimpiadalarda qalib olub. Kimya f\u0259nnini 30 il \u0259rzind\u0259 t\u0259dris edib. Ancaq etiraf edir\u0259m ki, kadr \u00e7at\u0131\u015fm\u0131r, m\u0259kt\u0259bimizd\u0259 \u00e7at\u0131\u015fmazl\u0131qlar var. \u0130ll\u0259rdir ki, vakant yerl\u0259r\u0259 m\u00fc\u0259lliml\u0259r g\u0259lmir. Bu da m\u0259nlik deyil, vakant yerl\u0259ri veririk, g\u0259l\u0259n yoxdur\u201d<\/em>, &#8211; direktor bel\u0259 deyir.<\/p>\n\n\n\n<p><strong>\u00a0\u201cRayonda \u0259sas\u0259n\u00a0 kimya-biologiya, savadl\u0131 fizika\u00a0 m\u00fc\u0259llimi \u00e7at\u0131\u015fm\u0131r\u201d<\/strong><\/p>\n\n\n\n<p>O deyir ki, m\u0259kt\u0259b\u0259 t\u0259yinat alan m\u00fc\u0259lliml\u0259r Vaqif C\u0259nn\u0259tovun \u015fikay\u0259ti il\u0259 deyil, \u00f6zl\u0259ri se\u00e7im ed\u0259r\u0259k g\u0259libl\u0259r:<\/p>\n\n\n\n<p><em>\u201cBu il g\u0259l\u0259nl\u0259r is\u0259 Vaqif C\u0259nn\u0259tovun \u015fikay\u0259ti \u0259sas\u0131nda yox, sad\u0259c\u0259 \u015f\u0259rait yaran\u0131b, m\u00fc\u0259lliml\u0259r \u00f6z\u00fc g\u0259lib. \u0130ngilis dili, informatika, kimya m\u00fcqavil\u0259 il\u0259 g\u0259lib. Tarix f\u0259nn m\u00fc\u0259llimi \u00f6t\u0259n ild\u0259n g\u0259lib. Az\u0259rbaycan dili is\u0259 M\u0130Q yolu il\u0259 t\u0259yinat al\u0131b. Nec\u0259 m\u00fc\u0259llimi g\u0259tirdim? Vakansiya verilib, saat\u0131 b\u0259lli. Kim ist\u0259yir, g\u0259lsin. Z\u0259ng edir\u0259m m\u0259kt\u0259bl\u0259r\u0259 ki, m\u00fc\u0259llim varsa, g\u0259lsin. \u0130ngilis dili m\u00fc\u0259llimini Masall\u0131dan, Sumqay\u0131tdan tan\u0131\u015fl\u0131qla tap\u0131b g\u0259tirmi\u015fik\u201d.<\/em><\/p>\n\n\n\n<p><em>\u201cLerikd\u0259n, g\u0259lib m\u0259kt\u0259bl\u0259r \u00fczr\u0259 ara\u015fd\u0131rma apar\u0131lsa, 90 faizind\u0259 kimya-biologiya, savadl\u0131 fizika m\u00fc\u0259llimi \u00e7at\u0131\u015fm\u0131r. \u0130ndi is\u0259 art\u0131q riyaziyyat m\u00fc\u0259lliml\u0259ri d\u0259 ciddi problem\u0259 \u00e7evrilib. \u018ftraf k\u0259ndl\u0259rd\u0259 musiqi f\u0259nn m\u00fc\u0259llimi he\u00e7 yoxdur. Riyaziyyat \u00fczr\u0259 10 saat vakansiya qoymu\u015fuq, g\u0259l\u0259n yoxdur. Riyaziyyat v\u0259 fizika m\u00fc\u0259lliminin 35 saat d\u0259rsi var, c\u0259dv\u0259l \u00fczr\u0259 d\u0259 g\u00fcn \u0259rzind\u0259 7 saat d\u0259rsdir, bunu nec\u0259 b\u00f6l\u00fc\u015fd\u00fcr\u0259k, \u00e7atd\u0131raq? Bir d\u0259 g\u00f6r\u00fcrs\u0259n m\u00fc\u0259llimin s\u0259hh\u0259tind\u0259 problem var, m\u0259cburuq ki, k\u0259nar ixtisasl\u0131 m\u00fc\u0259lliml\u0259ri c\u0259lb ed\u0259k. O da ill\u0259rl\u0259 \u00e7\u0259kir v\u0259 n\u0259tic\u0259y\u0259 t\u0259sir edir. Bu il ali t\u0259hsil m\u0259kt\u0259bl\u0259r\u0259 q\u0259bul da olmad\u0131\u201d<\/em>, &#8211; dey\u0259\u00a0 o, cavab verib.<\/p>\n\n\n\n<p><strong>\u00a0Regional idar\u0259 n\u0259 deyir?<\/strong><\/p>\n\n\n\n<p>L\u0259nk\u0259ran-Astara Regional T\u0259hsil \u0130dar\u0259sind\u0259n is\u0259 bildiribl\u0259r ki, s\u00f6z\u00fcged\u0259n m\u0259kt\u0259bd\u0259 d\u0259rs b\u00f6lg\u00fcs\u00fcn\u00fcn d\u00fczg\u00fcn apar\u0131lmamas\u0131 il\u0259 ba\u011fl\u0131 daxil olmu\u015f m\u00fcraci\u0259t ara\u015fd\u0131r\u0131l\u0131b.<\/p>\n\n\n\n<p><em>\u201c2024-2025-ci t\u0259dris ili \u00fczr\u0259 ad\u0131\u00e7\u0259kil\u0259n t\u0259hsil m\u00fc\u0259ssis\u0259sind\u0259 d\u0259rs b\u00f6lg\u00fcs\u00fc m\u00fc\u0259lliml\u0259rin bilik v\u0259 bacar\u0131qlar\u0131n\u0131n diaqnostik qiym\u0259tl\u0259ndirilm\u0259si v\u0259 sertifikasiya imtahan\u0131n\u0131n n\u0259tic\u0259l\u0259rin\u0259 uy\u011fun olaraq apar\u0131l\u0131b. \u0130xtisasl\u0131 kadrlar olmayan bir s\u0131ra f\u0259nl\u0259r \u00fczr\u0259 d\u0259rs saatlar\u0131 m\u0259kt\u0259b r\u0259hb\u0259rliyi t\u0259r\u0259find\u0259n vakant elan olunub v\u0259 ixtisasl\u0131 m\u00fc\u0259llim t\u0259yinat\u0131 apar\u0131l\u0131b, el\u0259c\u0259 d\u0259 t\u0259hsil m\u00fc\u0259ssis\u0259sinin pedaqoji \u015furas\u0131n\u0131n q\u0259rar\u0131na \u0259sas\u0259n t\u0259dris ilinin sonunad\u0259k yax\u0131n f\u0259nn m\u00fc\u0259llimin\u0259 h\u0259val\u0259 edilib\u201d<\/em>.<\/p>\n\n\n\n<p><em>\u201cOrand k\u0259nd sakini Vaqif C\u0259nn\u0259tovun \u015fagirdl\u0259r\u0259 bir s\u0131ra f\u0259nl\u0259rin qanunam\u00fcvafiq qaydada t\u0259dris edilm\u0259m\u0259si, el\u0259c\u0259 d\u0259 \u00f6vlad\u0131n\u0131n keyfiyy\u0259tli t\u0259hsil alma h\u00fcququnun pozuldu\u011fu il\u0259 ba\u011fl\u0131 iddialar\u0131 \u015eirvan \u0130nzibati v\u0259 Apelyasiya m\u0259hk\u0259m\u0259l\u0259ri t\u0259r\u0259find\u0259n t\u0259min edilm\u0259yib. Haz\u0131rda h\u0259min k\u0259nd sakininin iddialar\u0131 Lerik Rayon M\u0259hk\u0259m\u0259sinin icraat\u0131ndad\u0131r<\/em>\u201d, &#8211; idar\u0259d\u0259n bildirilib.<\/p>\n\n\n\n<p>\u00d6lk\u0259d\u0259 4422 \u00fcm\u00fcmt\u0259hsil m\u00fc\u0259ss\u0259si var ki, 2007-ci ild\u0259 bu t\u0259hsil m\u00fc\u0259ssis\u0259l\u0259rinin say\u0131 4555 olub.<\/p>\n\n\n\n<p>2007-ci ild\u0259 D\u00f6vl\u0259t Statistika Komit\u0259sinin\u00a0 m\u0259lumat\u0131na g\u00f6r\u0259 \u00fcmumt\u0259hsil oca\u011f\u0131nda f\u0259aliyy\u0259t g\u00f6st\u0259r\u0259n m\u00fc\u0259lliml\u0259rin say\u0131 170 min 344\u00a0 n\u0259f\u0259r olub.<\/p>\n\n\n\n<p>On iki il sonra bu g\u00f6st\u0259rici 153 min 24&nbsp; n\u0259f\u0259r\u0259 \u00e7at\u0131b. &nbsp;<\/p>\n\n\n\n<p>Haz\u0131rda is\u0259 \u00fc\u00e7 min d\u0259 azal\u0131b 150 min 868 n\u0259f\u0259rdir. &nbsp;Bu r\u0259q\u0259min 130 minini m\u00fc\u0259lliml\u0259r t\u0259\u015fkil edir. Dig\u0259rl\u0259ri direktor v\u0259 direktor m\u00fcavinidir. &nbsp;<\/p>\n\n\n\n<p>\u00dcmumilikd\u0259 is\u0259 147 min 240\u00a0 n\u0259f\u0259ri d\u00f6vl\u0259t, 3628 n\u0259f\u0259r \u00f6z\u0259l m\u0259kt\u0259bl\u0259rd\u0259 \u00e7al\u0131\u015f\u0131r. Onun da 124 min\u00a0 840-n\u0131 qad\u0131nlar t\u0259\u015fkil edir.<\/p>\n\n\n\n<p>Ekspertl\u0259r d\u0259 ild\u0259n-il\u0259 m\u00fc\u0259lliml\u0259rin \u00f6z\u0259l t\u0259hsil ocaqlar\u0131na can atd\u0131\u011f\u0131n\u0131 v\u0259 k\u0259nd, region m\u0259kt\u0259bl\u0259rind\u0259n paytaxta do\u011fru \u00fcz tutdu\u011funu qeyd edir.<\/p>\n\n\n\n<p>\u0130\u015f\u0259 q\u0259bula g\u0259ldikd\u0259 is\u0259 2023-2024- c\u00fc il t\u0259dris ili \u00fczr\u0259 m\u00fc\u0259lliml\u0259rin i\u015f\u0259 q\u0259bulu m\u00fcsabiq\u0259sind\u0259 2967 g\u0259nc m\u00fc\u0259llim m\u00fcdd\u0259tsiz, 3114 g\u0259nc m\u00fc\u0259llim m\u00fcdd\u0259tli m\u00fcqavil\u0259 il\u0259 i\u015f\u0259 q\u0259bul olub.<\/p>\n\n\n\n<p>2024-2025-ci t\u0259dris ili \u00fczr\u0259 is\u0259 1544 namiz\u0259d u\u011fur qazanaraq m\u00fcdd\u0259tli m\u00fcqavil\u0259 il\u0259, 5701 n\u0259f\u0259r is\u0259 m\u00fcdd\u0259tsiz \u00e7al\u0131\u015fmaq imkan\u0131 \u0259ld\u0259 edib.<\/p>\n\n\n\n<p>7345 m\u00fc\u0259llimd\u0259n&nbsp; 2123-\u00fc&nbsp; Bak\u0131 m\u0259kt\u0259bl\u0259rin\u0259 t\u0259yinat al\u0131b. Onlar\u0131n da 1084 n\u0259f\u0259ri m\u00fcdd\u0259tsiz m\u00fcqavil\u0259 il\u0259 i\u015f\u0259 al\u0131n\u0131b. Son 5 il \u0259rzind\u0259 35 min m\u00fc\u0259llim i\u015f\u0259 q\u0259bul olunub ki, onun da 19 mini&nbsp; b\u00f6lg\u0259l\u0259rd\u0259 f\u0259aliyy\u0259t g\u00f6st\u0259rir.<\/p>\n\n\n\n<p>Elm v\u0259 t\u0259hsil naziri Emin \u018fmrullayev m\u0259kt\u0259bl\u0259rd\u0259\u00a0 kadr probleminin ya\u015fanmad\u0131\u011f\u0131n\u0131 des\u0259 d\u0259, ancaq M\u0259kt\u0259b\u0259q\u0259d\u0259r v\u0259 \u00dcmumi T\u0259hsil \u00fczr\u0259 D\u00f6vl\u0259t Agentliyinin (M\u00dcTDA) \u00dcmumi T\u0259hsilin T\u0259\u015fkili \u015e\u00f6b\u0259sinin m\u00fcdir m\u00fcavini Nurlan \u0130smay\u0131lb\u0259yli m\u00fc\u0259lliml\u0259rin i\u015f\u0259 q\u0259bulu imtahanlar\u0131 (M\u0130Q) il\u0259 ba\u011fl\u0131 ke\u00e7iril\u0259n brifinqd\u0259 \u0259ksini demi\u015fdi:<em> &#8220;\u0130ki mind\u0259n art\u0131q vakant m\u00fc\u0259llim yeri \u00fc\u00e7 ildir, he\u00e7 bir namiz\u0259d t\u0259r\u0259find\u0259n se\u00e7ilmir\u201d.<\/em><\/p>\n\n\n\n<p><strong>\u201cVakansiya\u00a0 g\u00f6st\u0259rilm\u0259y\u0259n m\u0259kt\u0259bl\u0259rd\u0259 bel\u0259 ciddi m\u00fc\u0259llim \u00e7at\u0131\u015fmazl\u0131\u011f\u0131 var\u201d<\/strong><\/p>\n\n\n\n<p>T\u0259hsil eksperti Cahid \u0130manl\u0131 qeyd edir ki, \u00e7at\u0131\u015fmayan kadrlar ucqar rayon v\u0259 k\u0259nd m\u0259kt\u0259bl\u0259rinin pay\u0131na d\u00fc\u015f\u00fcr.&nbsp;<\/p>\n\n\n\n<p>Ekspert deyir ki, son onillikl\u0259rd\u0259 sosial-iqtisadi probleml\u0259rd\u0259n dolay\u0131 \u0259halinin k\u0259ndl\u0259rd\u0259n \u015f\u0259h\u0259r\u0259 ax\u0131n\u0131 \u00e7oxal\u0131b. Bu da t\u0259hsil sah\u0259sin\u0259 t\u0259sirsiz \u00f6t\u00fc\u015fm\u00fcr:<\/p>\n\n\n<div class=\"wp-block-image\">\n<figure class=\"alignleft size-full is-resized\"><img decoding=\"async\" width=\"700\" height=\"692\" data-src=\"https:\/\/www.meydan.tv\/wp-content\/uploads\/2-14.jpg\" alt=\"\" class=\"wp-image-303741 lazyload\" style=\"--smush-placeholder-width: 700px; --smush-placeholder-aspect-ratio: 700\/692;width:341px;height:auto\" src=\"data:image\/svg+xml;base64,PHN2ZyB3aWR0aD0iMSIgaGVpZ2h0PSIxIiB4bWxucz0iaHR0cDovL3d3dy53My5vcmcvMjAwMC9zdmciPjwvc3ZnPg==\" \/><figcaption class=\"wp-element-caption\">Foto: Cahid \u0130manl\u0131n\u0131n \u015f\u0259xsi arxivind\u0259n<\/figcaption><\/figure>\n<\/div>\n\n\n<p><em>\u201c\u00c7\u00fcnki t\u0259hsil d\u00f6vl\u0259tin \u0259n strateji, prioritet h\u0259d\u0259fini t\u0259\u015fkil edir. M\u0259s\u0259l\u0259nin mahiyy\u0259ti odur ki, \u015f\u0259h\u0259r m\u0259kt\u0259bl\u0259rind\u0259 h\u0259m m\u00fc\u0259llim, h\u0259m d\u0259 \u015fagird s\u0131xl\u0131\u011f\u0131 oldu\u011fu halda, k\u0259nd yerl\u0259rind\u0259 \u0259ksin\u0259 m\u00f6vcud azsayl\u0131 \u015fagird kontingenti v\u0259\u00a0 ixtisasl\u0131 m\u00fc\u0259llim \u00e7at\u0131\u015fmazl\u0131\u011f\u0131 konteksti ya\u015fan\u0131r. Bu x\u00fcsusil\u0259 d\u0259rs saat\u0131 az olan f\u0259nl\u0259rd\u0259 m\u00fc\u015fahid\u0259 olunur. S\u0259b\u0259b is\u0259 sad\u0259dir: \u0259halini \u015f\u0259h\u0259r\u0259 k\u00f6\u00e7m\u0259y\u0259 m\u0259cbur ed\u0259n amill\u0259r m\u00fc\u0259lliml\u0259ri d\u0259 ucqar da\u011f k\u0259ndin\u0259 getm\u0259y\u0259 \u00e7\u0259kindirir. Yol, internet, i\u015f\u0131q, kommunal v\u0259 dig\u0259r\u00a0 bu kimi faktorlar g\u0259nc m\u00fc\u0259lliml\u0259rin, x\u00fcsusil\u0259 xan\u0131m m\u00fc\u0259lliml\u0259rin ucqar da\u011f k\u0259ndl\u0259rind\u0259 i\u015fl\u0259m\u0259sin\u0259 mane olur. Onlar\u00a0 hans\u0131sa k\u0259nd m\u0259kt\u0259bin\u0259 i\u015f\u0259 q\u0259bul olanda da ad\u0259t\u0259n &#8220;direktorlarla raz\u0131la\u015f\u0131b&#8221; h\u0259ft\u0259nin m\u00fc\u0259yy\u0259n g\u00fcn\u00fcnd\u0259, sad\u0259c\u0259, jurnal yazmaq \u00fc\u00e7\u00fcn gedirl\u0259r. Dem\u0259li n\u0259inki r\u0259smi olaraq faktiki vakansiya olan m\u0259kt\u0259bl\u0259rd\u0259, h\u0259m d\u0259 vakansiya\u00a0 g\u00f6st\u0259rilm\u0259y\u0259n m\u0259kt\u0259bl\u0259rd\u0259 bel\u0259 ciddi m\u00fc\u0259llim \u00e7at\u0131\u015fmazl\u0131\u011f\u0131 var. Haz\u0131rda bu problemi k\u00f6kl\u00fc s\u00fcr\u0259td\u0259 h\u0259ll etm\u0259k tam m\u00fcmk\u00fcn olmasa da, h\u0259lli istiqam\u0259tind\u0259 m\u00fc\u0259yy\u0259n i\u015fl\u0259r g\u00f6rm\u0259k vacibdir\u201d.<\/em><\/p>\n\n\n\n<p><strong>\u00a0Y\u00fcks\u0259k \u0259m\u0259khaqq\u0131 v\u0259di, yoxsa distant t\u0259hsilin t\u0259tbiqi?<\/strong><\/p>\n\n\n\n<p>T\u0259hsil eksperti\u00a0 \u00e7at\u0131\u015fmayan kadrlarla ba\u011fl\u0131 y\u00fcks\u0259k \u0259m\u0259khaqq\u0131 v\u0259 distant t\u0259hsil sisteminin t\u0259tbiqini uy\u011fun g\u00f6r\u00fcr:<\/p>\n\n\n\n<p><em>\u201cT\u0259dbirl\u0259rd\u0259n biri\u00a0 raz\u0131l\u0131\u011fa \u0259sas\u0259n 3-5 illik m\u00fcqavil\u0259 v\u0259 y\u00fcks\u0259k \u0259m\u0259k haqq\u0131 verm\u0259k \u015f\u0259rti il\u0259 m\u00fc\u0259lliml\u0259ri k\u0259nd m\u0259kt\u0259bl\u0259rin\u0259 i\u015fl\u0259m\u0259y\u0259 g\u00f6nd\u0259rm\u0259k olar. Dig\u0259r t\u0259dbirl\u0259rd\u0259n biri kimi distant t\u0259hsili m\u0259sl\u0259h\u0259t g\u00f6r\u0259 bil\u0259r\u0259m. Onsuz da haz\u0131rda k\u0259nd yerl\u0259rind\u0259 ya\u015fayan onlarla \u015fagird\u00a0 &#8220;\u015f\u0259h\u0259r m\u00fc\u0259llim&#8221;l\u0259rinin \u201conlayn\u201d m\u0259\u015fg\u0259l\u0259sin\u0259 qo\u015fulur. Y\u0259ni bu t\u0259cr\u00fcb\u0259 m\u00f6vcuddur. Bunu r\u0259smil\u0259\u015fdirib, m\u00fc\u0259yy\u0259n t\u0259hsil platformas\u0131 \u00fcz\u0259rind\u0259n \u015fagirdl\u0259ri d\u0259rs\u0259 c\u0259lb etm\u0259k olar. Nazirlik, bu bax\u0131mdan \u015fagirdl\u0259rin m\u00fc\u0259yy\u0259n texniki\u00a0ehtiyaclar\u0131n\u0131 qar\u015f\u0131lay\u0131b, \u201conlayn\u201d sinifl\u0259r yarada bil\u0259r. Bu h\u0259m d\u0259 haz\u0131rda \u015fagird say\u0131 az olan m\u0259kt\u0259bl\u0259rin diferensialla\u015fmas\u0131 bax\u0131m\u0131ndan da \u00f6n\u0259mli ola bil\u0259r. Bel\u0259 ki, n\u0259qliyyat \u00e7\u0259tinliyi olan, da\u015f\u0131nmas\u0131 m\u00fcmk\u00fcn olmayan da\u011f k\u0259nd m\u0259kt\u0259binin \u015fagirdl\u0259rini bu yolla t\u0259hsil\u0259 c\u0259lb etm\u0259k olar, h\u0259m d\u0259 n\u0259inki eyni m\u0259kt\u0259b, bir ne\u00e7\u0259 m\u0259kt\u0259bin \u015fagirdl\u0259rini. Bu zaman m\u0259rk\u0259zl\u0259\u015fmi\u015f qaydada d\u0259rsl\u0259r\u0259 n\u0259zar\u0259t d\u0259 etm\u0259k daha asan olar\u201d<\/em>.<\/p>\n","protected":false},"excerpt":{"rendered":"<p>\u201c\u015eagirdl\u0259r yaz\u0131qd\u0131r, onlar\u0131n t\u0259hsil h\u00fcquqlar\u0131 pozulur\u201d &#8220;\u00dc\u00e7 ildir ki, ixtisasl\u0131 &#8230; <\/p>\n<p class=\"read-more-container\"><a title=\"Lerikd\u0259 direktorla k\u0259nd sakininin kadr davas\u0131\" class=\"read-more button\" href=\"https:\/\/www.meydan.tv\/az\/article\/lerikd%c9%99-direktorla-k%c9%99nd-sakininin-kadr-davasi\/#more-323228\" aria-label=\"Read more about Lerikd\u0259 direktorla k\u0259nd sakininin kadr davas\u0131\">Davam\u0131<\/a><\/p>\n","protected":false},"author":21,"featured_media":323235,"comment_status":"closed","ping_status":"closed","sticky":false,"template":"","format":"standard","meta":{"_acf_changed":false,"_sitemap_exclude":false,"_sitemap_priority":"","_sitemap_frequency":"","footnotes":""},"categories":[60,79,56],"tags":[],"class_list":["post-323228","post","type-post","status-publish","format-standard","has-post-thumbnail","hentry","category-bolge","category-featured","category-xeberler","infinite-scroll-item","generate-columns","tablet-grid-50","mobile-grid-100","grid-parent","grid-33","no-featured-image-padding"],"acf":[],"yoast_head":"<!-- This site is optimized with the Yoast SEO plugin v27.4 - https:\/\/yoast.com\/product\/yoast-seo-wordpress\/ -->\n<title>Lerikd\u0259 direktorla k\u0259nd sakininin kadr davas\u0131 - MEYDAN.TV<\/title>\n<meta name=\"robots\" content=\"index, follow, max-snippet:-1, max-image-preview:large, max-video-preview:-1\" \/>\n<link rel=\"canonical\" href=\"https:\/\/www.meydan.tv\/az\/article\/lerikd%c9%99-direktorla-k%c9%99nd-sakininin-kadr-davasi\/\" \/>\n<meta property=\"og:locale\" content=\"az_AZ\" \/>\n<meta property=\"og:type\" content=\"article\" \/>\n<meta property=\"og:title\" content=\"Lerikd\u0259 direktorla k\u0259nd sakininin kadr davas\u0131 - MEYDAN.TV\" \/>\n<meta property=\"og:description\" content=\"\u201c\u015eagirdl\u0259r yaz\u0131qd\u0131r, onlar\u0131n t\u0259hsil h\u00fcquqlar\u0131 pozulur\u201d &#8220;\u00dc\u00e7 ildir ki, ixtisasl\u0131 ... Davam\u0131\" \/>\n<meta property=\"og:url\" content=\"https:\/\/www.meydan.tv\/az\/article\/lerikd%c9%99-direktorla-k%c9%99nd-sakininin-kadr-davasi\/\" \/>\n<meta property=\"og:site_name\" content=\"MEYDAN.TV\" \/>\n<meta property=\"article:published_time\" content=\"2024-12-23T17:49:23+00:00\" \/>\n<meta property=\"article:modified_time\" content=\"2024-12-23T17:49:27+00:00\" \/>\n<meta property=\"og:image\" content=\"https:\/\/www.meydan.tv\/wp-content\/uploads\/c24c5edd-2fef-4edf-835d-80dadb095a82.jpg\" \/>\n\t<meta property=\"og:image:width\" content=\"1080\" \/>\n\t<meta property=\"og:image:height\" content=\"1080\" \/>\n\t<meta property=\"og:image:type\" content=\"image\/jpeg\" \/>\n<meta name=\"author\" content=\"mahmud\" \/>\n<meta name=\"twitter:card\" content=\"summary_large_image\" \/>\n<script type=\"application\/ld+json\" class=\"yoast-schema-graph\">{\"@context\":\"https:\\\/\\\/schema.org\",\"@graph\":[{\"@type\":\"Article\",\"@id\":\"https:\\\/\\\/www.meydan.tv\\\/az\\\/article\\\/lerikd%c9%99-direktorla-k%c9%99nd-sakininin-kadr-davasi\\\/#article\",\"isPartOf\":{\"@id\":\"https:\\\/\\\/www.meydan.tv\\\/az\\\/article\\\/lerikd%c9%99-direktorla-k%c9%99nd-sakininin-kadr-davasi\\\/\"},\"author\":{\"name\":\"mahmud\",\"@id\":\"https:\\\/\\\/www.meydan.tv\\\/az\\\/#\\\/schema\\\/person\\\/09863e516102a829e72bedcf3f84c6b0\"},\"headline\":\"Lerikd\u0259 direktorla k\u0259nd sakininin kadr davas\u0131\",\"datePublished\":\"2024-12-23T17:49:23+00:00\",\"dateModified\":\"2024-12-23T17:49:27+00:00\",\"mainEntityOfPage\":{\"@id\":\"https:\\\/\\\/www.meydan.tv\\\/az\\\/article\\\/lerikd%c9%99-direktorla-k%c9%99nd-sakininin-kadr-davasi\\\/\"},\"wordCount\":3456,\"publisher\":{\"@id\":\"https:\\\/\\\/www.meydan.tv\\\/az\\\/#organization\"},\"image\":{\"@id\":\"https:\\\/\\\/www.meydan.tv\\\/az\\\/article\\\/lerikd%c9%99-direktorla-k%c9%99nd-sakininin-kadr-davasi\\\/#primaryimage\"},\"thumbnailUrl\":\"https:\\\/\\\/www.meydan.tv\\\/wp-content\\\/uploads\\\/c24c5edd-2fef-4edf-835d-80dadb095a82.jpg\",\"articleSection\":[\"B\u00f6lg\u0259\",\"T\u00f6vsiy\u0259\",\"X\u0259b\u0259rl\u0259r\"],\"inLanguage\":\"az\"},{\"@type\":\"WebPage\",\"@id\":\"https:\\\/\\\/www.meydan.tv\\\/az\\\/article\\\/lerikd%c9%99-direktorla-k%c9%99nd-sakininin-kadr-davasi\\\/\",\"url\":\"https:\\\/\\\/www.meydan.tv\\\/az\\\/article\\\/lerikd%c9%99-direktorla-k%c9%99nd-sakininin-kadr-davasi\\\/\",\"name\":\"Lerikd\u0259 direktorla k\u0259nd sakininin kadr davas\u0131 - MEYDAN.TV\",\"isPartOf\":{\"@id\":\"https:\\\/\\\/www.meydan.tv\\\/az\\\/#website\"},\"primaryImageOfPage\":{\"@id\":\"https:\\\/\\\/www.meydan.tv\\\/az\\\/article\\\/lerikd%c9%99-direktorla-k%c9%99nd-sakininin-kadr-davasi\\\/#primaryimage\"},\"image\":{\"@id\":\"https:\\\/\\\/www.meydan.tv\\\/az\\\/article\\\/lerikd%c9%99-direktorla-k%c9%99nd-sakininin-kadr-davasi\\\/#primaryimage\"},\"thumbnailUrl\":\"https:\\\/\\\/www.meydan.tv\\\/wp-content\\\/uploads\\\/c24c5edd-2fef-4edf-835d-80dadb095a82.jpg\",\"datePublished\":\"2024-12-23T17:49:23+00:00\",\"dateModified\":\"2024-12-23T17:49:27+00:00\",\"breadcrumb\":{\"@id\":\"https:\\\/\\\/www.meydan.tv\\\/az\\\/article\\\/lerikd%c9%99-direktorla-k%c9%99nd-sakininin-kadr-davasi\\\/#breadcrumb\"},\"inLanguage\":\"az\",\"potentialAction\":[{\"@type\":\"ReadAction\",\"target\":[\"https:\\\/\\\/www.meydan.tv\\\/az\\\/article\\\/lerikd%c9%99-direktorla-k%c9%99nd-sakininin-kadr-davasi\\\/\"]}]},{\"@type\":\"ImageObject\",\"inLanguage\":\"az\",\"@id\":\"https:\\\/\\\/www.meydan.tv\\\/az\\\/article\\\/lerikd%c9%99-direktorla-k%c9%99nd-sakininin-kadr-davasi\\\/#primaryimage\",\"url\":\"https:\\\/\\\/www.meydan.tv\\\/wp-content\\\/uploads\\\/c24c5edd-2fef-4edf-835d-80dadb095a82.jpg\",\"contentUrl\":\"https:\\\/\\\/www.meydan.tv\\\/wp-content\\\/uploads\\\/c24c5edd-2fef-4edf-835d-80dadb095a82.jpg\",\"width\":1080,\"height\":1080,\"caption\":\"Foto: Meydan TV\"},{\"@type\":\"BreadcrumbList\",\"@id\":\"https:\\\/\\\/www.meydan.tv\\\/az\\\/article\\\/lerikd%c9%99-direktorla-k%c9%99nd-sakininin-kadr-davasi\\\/#breadcrumb\",\"itemListElement\":[{\"@type\":\"ListItem\",\"position\":1,\"name\":\"Ana s\u0259hif\u0259\",\"item\":\"https:\\\/\\\/www.meydan.tv\\\/az\\\/\"},{\"@type\":\"ListItem\",\"position\":2,\"name\":\"B\u00f6lg\u0259\",\"item\":\"https:\\\/\\\/www.meydan.tv\\\/az\\\/section\\\/bolge\\\/\"},{\"@type\":\"ListItem\",\"position\":3,\"name\":\"Lerikd\u0259 direktorla k\u0259nd sakininin kadr davas\u0131\"}]},{\"@type\":\"WebSite\",\"@id\":\"https:\\\/\\\/www.meydan.tv\\\/az\\\/#website\",\"url\":\"https:\\\/\\\/www.meydan.tv\\\/az\\\/\",\"name\":\"MEYDAN.TV\",\"description\":\"Meydan TV Az\u0259rbaycan\u0131n media m\u0259kan\u0131ndak\u0131 alternativ s\u0259sidir\",\"publisher\":{\"@id\":\"https:\\\/\\\/www.meydan.tv\\\/az\\\/#organization\"},\"potentialAction\":[{\"@type\":\"SearchAction\",\"target\":{\"@type\":\"EntryPoint\",\"urlTemplate\":\"https:\\\/\\\/www.meydan.tv\\\/az\\\/?s={search_term_string}\"},\"query-input\":{\"@type\":\"PropertyValueSpecification\",\"valueRequired\":true,\"valueName\":\"search_term_string\"}}],\"inLanguage\":\"az\"},{\"@type\":\"Organization\",\"@id\":\"https:\\\/\\\/www.meydan.tv\\\/az\\\/#organization\",\"name\":\"Meydan TV\",\"url\":\"https:\\\/\\\/www.meydan.tv\\\/az\\\/\",\"logo\":{\"@type\":\"ImageObject\",\"inLanguage\":\"az\",\"@id\":\"https:\\\/\\\/www.meydan.tv\\\/az\\\/#\\\/schema\\\/logo\\\/image\\\/\",\"url\":\"https:\\\/\\\/www.meydan.tv\\\/wp-content\\\/uploads\\\/2021\\\/07\\\/meydan-logo.svg\",\"contentUrl\":\"https:\\\/\\\/www.meydan.tv\\\/wp-content\\\/uploads\\\/2021\\\/07\\\/meydan-logo.svg\",\"width\":195,\"height\":46,\"caption\":\"Meydan TV\"},\"image\":{\"@id\":\"https:\\\/\\\/www.meydan.tv\\\/az\\\/#\\\/schema\\\/logo\\\/image\\\/\"}},{\"@type\":\"Person\",\"@id\":\"https:\\\/\\\/www.meydan.tv\\\/az\\\/#\\\/schema\\\/person\\\/09863e516102a829e72bedcf3f84c6b0\",\"name\":\"mahmud\"}]}<\/script>\n<!-- \/ Yoast SEO plugin. -->","yoast_head_json":{"title":"Lerikd\u0259 direktorla k\u0259nd sakininin kadr davas\u0131 - MEYDAN.TV","robots":{"index":"index","follow":"follow","max-snippet":"max-snippet:-1","max-image-preview":"max-image-preview:large","max-video-preview":"max-video-preview:-1"},"canonical":"https:\/\/www.meydan.tv\/az\/article\/lerikd%c9%99-direktorla-k%c9%99nd-sakininin-kadr-davasi\/","og_locale":"az_AZ","og_type":"article","og_title":"Lerikd\u0259 direktorla k\u0259nd sakininin kadr davas\u0131 - MEYDAN.TV","og_description":"\u201c\u015eagirdl\u0259r yaz\u0131qd\u0131r, onlar\u0131n t\u0259hsil h\u00fcquqlar\u0131 pozulur\u201d &#8220;\u00dc\u00e7 ildir ki, ixtisasl\u0131 ... Davam\u0131","og_url":"https:\/\/www.meydan.tv\/az\/article\/lerikd%c9%99-direktorla-k%c9%99nd-sakininin-kadr-davasi\/","og_site_name":"MEYDAN.TV","article_published_time":"2024-12-23T17:49:23+00:00","article_modified_time":"2024-12-23T17:49:27+00:00","og_image":[{"width":1080,"height":1080,"url":"https:\/\/www.meydan.tv\/wp-content\/uploads\/c24c5edd-2fef-4edf-835d-80dadb095a82.jpg","type":"image\/jpeg"}],"author":"mahmud","twitter_card":"summary_large_image","schema":{"@context":"https:\/\/schema.org","@graph":[{"@type":"Article","@id":"https:\/\/www.meydan.tv\/az\/article\/lerikd%c9%99-direktorla-k%c9%99nd-sakininin-kadr-davasi\/#article","isPartOf":{"@id":"https:\/\/www.meydan.tv\/az\/article\/lerikd%c9%99-direktorla-k%c9%99nd-sakininin-kadr-davasi\/"},"author":{"name":"mahmud","@id":"https:\/\/www.meydan.tv\/az\/#\/schema\/person\/09863e516102a829e72bedcf3f84c6b0"},"headline":"Lerikd\u0259 direktorla k\u0259nd sakininin kadr davas\u0131","datePublished":"2024-12-23T17:49:23+00:00","dateModified":"2024-12-23T17:49:27+00:00","mainEntityOfPage":{"@id":"https:\/\/www.meydan.tv\/az\/article\/lerikd%c9%99-direktorla-k%c9%99nd-sakininin-kadr-davasi\/"},"wordCount":3456,"publisher":{"@id":"https:\/\/www.meydan.tv\/az\/#organization"},"image":{"@id":"https:\/\/www.meydan.tv\/az\/article\/lerikd%c9%99-direktorla-k%c9%99nd-sakininin-kadr-davasi\/#primaryimage"},"thumbnailUrl":"https:\/\/www.meydan.tv\/wp-content\/uploads\/c24c5edd-2fef-4edf-835d-80dadb095a82.jpg","articleSection":["B\u00f6lg\u0259","T\u00f6vsiy\u0259","X\u0259b\u0259rl\u0259r"],"inLanguage":"az"},{"@type":"WebPage","@id":"https:\/\/www.meydan.tv\/az\/article\/lerikd%c9%99-direktorla-k%c9%99nd-sakininin-kadr-davasi\/","url":"https:\/\/www.meydan.tv\/az\/article\/lerikd%c9%99-direktorla-k%c9%99nd-sakininin-kadr-davasi\/","name":"Lerikd\u0259 direktorla k\u0259nd sakininin kadr davas\u0131 - MEYDAN.TV","isPartOf":{"@id":"https:\/\/www.meydan.tv\/az\/#website"},"primaryImageOfPage":{"@id":"https:\/\/www.meydan.tv\/az\/article\/lerikd%c9%99-direktorla-k%c9%99nd-sakininin-kadr-davasi\/#primaryimage"},"image":{"@id":"https:\/\/www.meydan.tv\/az\/article\/lerikd%c9%99-direktorla-k%c9%99nd-sakininin-kadr-davasi\/#primaryimage"},"thumbnailUrl":"https:\/\/www.meydan.tv\/wp-content\/uploads\/c24c5edd-2fef-4edf-835d-80dadb095a82.jpg","datePublished":"2024-12-23T17:49:23+00:00","dateModified":"2024-12-23T17:49:27+00:00","breadcrumb":{"@id":"https:\/\/www.meydan.tv\/az\/article\/lerikd%c9%99-direktorla-k%c9%99nd-sakininin-kadr-davasi\/#breadcrumb"},"inLanguage":"az","potentialAction":[{"@type":"ReadAction","target":["https:\/\/www.meydan.tv\/az\/article\/lerikd%c9%99-direktorla-k%c9%99nd-sakininin-kadr-davasi\/"]}]},{"@type":"ImageObject","inLanguage":"az","@id":"https:\/\/www.meydan.tv\/az\/article\/lerikd%c9%99-direktorla-k%c9%99nd-sakininin-kadr-davasi\/#primaryimage","url":"https:\/\/www.meydan.tv\/wp-content\/uploads\/c24c5edd-2fef-4edf-835d-80dadb095a82.jpg","contentUrl":"https:\/\/www.meydan.tv\/wp-content\/uploads\/c24c5edd-2fef-4edf-835d-80dadb095a82.jpg","width":1080,"height":1080,"caption":"Foto: Meydan TV"},{"@type":"BreadcrumbList","@id":"https:\/\/www.meydan.tv\/az\/article\/lerikd%c9%99-direktorla-k%c9%99nd-sakininin-kadr-davasi\/#breadcrumb","itemListElement":[{"@type":"ListItem","position":1,"name":"Ana s\u0259hif\u0259","item":"https:\/\/www.meydan.tv\/az\/"},{"@type":"ListItem","position":2,"name":"B\u00f6lg\u0259","item":"https:\/\/www.meydan.tv\/az\/section\/bolge\/"},{"@type":"ListItem","position":3,"name":"Lerikd\u0259 direktorla k\u0259nd sakininin kadr davas\u0131"}]},{"@type":"WebSite","@id":"https:\/\/www.meydan.tv\/az\/#website","url":"https:\/\/www.meydan.tv\/az\/","name":"MEYDAN.TV","description":"Meydan TV Az\u0259rbaycan\u0131n media m\u0259kan\u0131ndak\u0131 alternativ s\u0259sidir","publisher":{"@id":"https:\/\/www.meydan.tv\/az\/#organization"},"potentialAction":[{"@type":"SearchAction","target":{"@type":"EntryPoint","urlTemplate":"https:\/\/www.meydan.tv\/az\/?s={search_term_string}"},"query-input":{"@type":"PropertyValueSpecification","valueRequired":true,"valueName":"search_term_string"}}],"inLanguage":"az"},{"@type":"Organization","@id":"https:\/\/www.meydan.tv\/az\/#organization","name":"Meydan TV","url":"https:\/\/www.meydan.tv\/az\/","logo":{"@type":"ImageObject","inLanguage":"az","@id":"https:\/\/www.meydan.tv\/az\/#\/schema\/logo\/image\/","url":"https:\/\/www.meydan.tv\/wp-content\/uploads\/2021\/07\/meydan-logo.svg","contentUrl":"https:\/\/www.meydan.tv\/wp-content\/uploads\/2021\/07\/meydan-logo.svg","width":195,"height":46,"caption":"Meydan TV"},"image":{"@id":"https:\/\/www.meydan.tv\/az\/#\/schema\/logo\/image\/"}},{"@type":"Person","@id":"https:\/\/www.meydan.tv\/az\/#\/schema\/person\/09863e516102a829e72bedcf3f84c6b0","name":"mahmud"}]}},"_links":{"self":[{"href":"https:\/\/www.meydan.tv\/az\/wp-json\/wp\/v2\/posts\/323228","targetHints":{"allow":["GET"]}}],"collection":[{"href":"https:\/\/www.meydan.tv\/az\/wp-json\/wp\/v2\/posts"}],"about":[{"href":"https:\/\/www.meydan.tv\/az\/wp-json\/wp\/v2\/types\/post"}],"author":[{"embeddable":true,"href":"https:\/\/www.meydan.tv\/az\/wp-json\/wp\/v2\/users\/21"}],"replies":[{"embeddable":true,"href":"https:\/\/www.meydan.tv\/az\/wp-json\/wp\/v2\/comments?post=323228"}],"version-history":[{"count":1,"href":"https:\/\/www.meydan.tv\/az\/wp-json\/wp\/v2\/posts\/323228\/revisions"}],"predecessor-version":[{"id":323244,"href":"https:\/\/www.meydan.tv\/az\/wp-json\/wp\/v2\/posts\/323228\/revisions\/323244"}],"wp:featuredmedia":[{"embeddable":true,"href":"https:\/\/www.meydan.tv\/az\/wp-json\/wp\/v2\/media\/323235"}],"wp:attachment":[{"href":"https:\/\/www.meydan.tv\/az\/wp-json\/wp\/v2\/media?parent=323228"}],"wp:term":[{"taxonomy":"category","embeddable":true,"href":"https:\/\/www.meydan.tv\/az\/wp-json\/wp\/v2\/categories?post=323228"},{"taxonomy":"post_tag","embeddable":true,"href":"https:\/\/www.meydan.tv\/az\/wp-json\/wp\/v2\/tags?post=323228"}],"curies":[{"name":"wp","href":"https:\/\/api.w.org\/{rel}","templated":true}]}}