{"id":323187,"date":"2024-12-23T14:53:09","date_gmt":"2024-12-23T10:53:09","guid":{"rendered":"https:\/\/www.meydan.tv\/?p=323187"},"modified":"2024-12-23T15:04:20","modified_gmt":"2024-12-23T11:04:20","slug":"kesl%c9%99-bazarinin-sokuntusu-dayandirilib","status":"publish","type":"post","link":"https:\/\/www.meydan.tv\/az\/article\/kesl%c9%99-bazarinin-sokuntusu-dayandirilib\/","title":{"rendered":"\u201cKe\u015fl\u0259 bazar\u0131\u201dn\u0131n s\u00f6k\u00fcnt\u00fcs\u00fc dayand\u0131r\u0131l\u0131b"},"content":{"rendered":"\n<p><\/p>\n\n\n\n<p><em><strong>S\u00f6k\u00fcnt\u00fc i\u015fl\u0259ri g\u0259l\u0259n ilin fevral\u0131ndan ba\u015flayacaq<\/strong><\/em><\/p>\n\n\n\n<p>\u201cKe\u015fl\u0259 bazar\u0131\u201dnda s\u00f6k\u00fcnt\u00fc i\u015fl\u0259rin\u0259 ba\u015flan\u0131lmas\u0131 2025-ci ilin fevral\u0131n 1-n\u0259 q\u0259d\u0259r t\u0259xir\u0259 sal\u0131n\u0131b.<\/p>\n\n\n\n<p>Bu bar\u0259d\u0259 Az\u0259rbaycan Avtomobil Yollar\u0131 D\u00f6vl\u0259t Agentliyi <a href=\"https:\/\/www.facebook.com\/avtoyollar\/posts\/997770792395254?ref=embed_post\" target=\"_blank\" rel=\"noreferrer noopener\">m\u0259lumat<\/a> yay\u0131b.<\/p>\n\n\n\n<p>Bildirilib ki, Agentlik t\u0259r\u0259find\u0259n H\u0259s\u0259n \u018fliyev k\u00fc\u00e7\u0259sind\u0259n Ziya B\u00fcnyadov prospektin\u0259 paralel olaraq \u201cKoro\u011flu\u201d metro stansiyas\u0131na q\u0259d\u0259r yeni avtomobil yolunun tikintisi i\u015fl\u0259ri icra olunur.<\/p>\n\n\n\n<p><em>\u201cLayih\u0259nin x\u00fcsusi d\u00f6vl\u0259t \u0259h\u0259miyy\u0259ti n\u0259z\u0259r\u0259 al\u0131nmaqla Heyd\u0259r \u018fliyev prospektind\u0259 v\u0259 Ziya B\u00fcnyadov prospektind\u0259 n\u0259qliyyat vasit\u0259l\u0259rinin s\u0131xl\u0131\u011f\u0131n\u0131n azald\u0131lmas\u0131 v\u0259 h\u0259r\u0259k\u0259tin t\u0259hl\u00fck\u0259sizliyinin t\u0259min edilm\u0259si n\u0259z\u0259rd\u0259 tutulur. Yeni yolun tikintisi il\u0259 \u0259laq\u0259dar olaraq tikinti alt\u0131na d\u00fc\u015f\u0259n ya\u015fay\u0131\u015f v\u0259 qeyri ya\u015fay\u0131\u015f obyektl\u0259rinin, h\u0259m\u00e7inin torpaq sah\u0259l\u0259rinin \u00f6l\u00e7\u00fcl\u0259ri haz\u0131rlan\u0131b v\u0259 tikinti alt\u0131na d\u00fc\u015f\u0259n mane\u0259l\u0259rin qiym\u0259tl\u0259ndirilm\u0259si i\u015fl\u0259ri yerin\u0259 yetirilib. Bu \u00e7\u0259r\u00e7iv\u0259d\u0259 tikinti alt\u0131nda d\u00fc\u015f\u0259n ya\u015fay\u0131\u015f v\u0259 qeyri ya\u015fay\u0131\u015f obyektl\u0259rinin, o c\u00fcml\u0259d\u0259n \u201cKe\u015fl\u0259 bazar\u0131\u201d kimi tan\u0131nan ticar\u0259t m\u0259rk\u0259zinin d\u0259 s\u00f6k\u00fclm\u0259si n\u0259z\u0259rd\u0259 tutulur\u201d<\/em>, &#8211; m\u0259lumatda deyilir.<\/p>\n\n\n\n<p>Qeyd olunur ki, bazarda sahibkarl\u0131q f\u0259aliyy\u0259ti il\u0259 m\u0259\u015f\u011ful olan v\u0259t\u0259nda\u015flar\u0131n \u00e7oxsayl\u0131 m\u00fcraci\u0259tl\u0259ri n\u0259z\u0259r\u0259 al\u0131naraq bazarda s\u00f6k\u00fcnt\u00fc i\u015fl\u0259rinin ba\u015flan\u0131lmas\u0131 2025-ci ilin fevral ay\u0131n\u0131n 1-n\u0259 q\u0259d\u0259r t\u0259xir\u0259 sal\u0131n\u0131r.<\/p>\n\n\n\n<p>Dekabr\u0131n 21-d\u0259 \u201cKe\u015fl\u0259\u201d bazar\u0131n\u0131n\u0131n \u00e7al\u0131\u015fanlar\u0131 Meydan TV-y\u0259 bazar\u0131n f\u0259aliyy\u0259tinin dayand\u0131r\u0131lmas\u0131na <a href=\"https:\/\/www.meydan.tv\/az\/article\/kesle-bazari-sokulur-3-mine-qeder-ailenin-taleyi-qeyri-mueyyendir\/\" target=\"_blank\" rel=\"noreferrer noopener\">naraz\u0131l\u0131q edibl\u0259r<\/a>.<\/p>\n","protected":false},"excerpt":{"rendered":"<p>S\u00f6k\u00fcnt\u00fc i\u015fl\u0259ri g\u0259l\u0259n ilin fevral\u0131ndan ba\u015flayacaq \u201cKe\u015fl\u0259 bazar\u0131\u201dnda s\u00f6k\u00fcnt\u00fc i\u015fl\u0259rin\u0259 &#8230; <\/p>\n<p class=\"read-more-container\"><a title=\"\u201cKe\u015fl\u0259 bazar\u0131\u201dn\u0131n s\u00f6k\u00fcnt\u00fcs\u00fc dayand\u0131r\u0131l\u0131b\" class=\"read-more button\" href=\"https:\/\/www.meydan.tv\/az\/article\/kesl%c9%99-bazarinin-sokuntusu-dayandirilib\/#more-323187\" aria-label=\"Read more about \u201cKe\u015fl\u0259 bazar\u0131\u201dn\u0131n s\u00f6k\u00fcnt\u00fcs\u00fc dayand\u0131r\u0131l\u0131b\">Davam\u0131<\/a><\/p>\n","protected":false},"author":21,"featured_media":323192,"comment_status":"closed","ping_status":"closed","sticky":false,"template":"","format":"standard","meta":{"_acf_changed":false,"_sitemap_exclude":false,"_sitemap_priority":"","_sitemap_frequency":"","footnotes":""},"categories":[62,56],"tags":[],"class_list":["post-323187","post","type-post","status-publish","format-standard","has-post-thumbnail","hentry","category-sosial","category-xeberler","infinite-scroll-item","generate-columns","tablet-grid-50","mobile-grid-100","grid-parent","grid-33","no-featured-image-padding"],"acf":[],"yoast_head":"<!-- This site is optimized with the Yoast SEO plugin v27.4 - https:\/\/yoast.com\/product\/yoast-seo-wordpress\/ -->\n<title>\u201cKe\u015fl\u0259 bazar\u0131\u201dn\u0131n s\u00f6k\u00fcnt\u00fcs\u00fc dayand\u0131r\u0131l\u0131b - MEYDAN.TV<\/title>\n<meta name=\"robots\" content=\"index, follow, max-snippet:-1, max-image-preview:large, max-video-preview:-1\" \/>\n<link rel=\"canonical\" href=\"https:\/\/www.meydan.tv\/az\/article\/kesl%c9%99-bazarinin-sokuntusu-dayandirilib\/\" \/>\n<meta property=\"og:locale\" content=\"az_AZ\" \/>\n<meta property=\"og:type\" content=\"article\" \/>\n<meta property=\"og:title\" content=\"\u201cKe\u015fl\u0259 bazar\u0131\u201dn\u0131n s\u00f6k\u00fcnt\u00fcs\u00fc dayand\u0131r\u0131l\u0131b - MEYDAN.TV\" \/>\n<meta property=\"og:description\" content=\"S\u00f6k\u00fcnt\u00fc i\u015fl\u0259ri g\u0259l\u0259n ilin fevral\u0131ndan ba\u015flayacaq \u201cKe\u015fl\u0259 bazar\u0131\u201dnda s\u00f6k\u00fcnt\u00fc i\u015fl\u0259rin\u0259 ... Davam\u0131\" \/>\n<meta property=\"og:url\" content=\"https:\/\/www.meydan.tv\/az\/article\/kesl%c9%99-bazarinin-sokuntusu-dayandirilib\/\" \/>\n<meta property=\"og:site_name\" content=\"MEYDAN.TV\" \/>\n<meta property=\"article:published_time\" content=\"2024-12-23T10:53:09+00:00\" \/>\n<meta property=\"article:modified_time\" content=\"2024-12-23T11:04:20+00:00\" \/>\n<meta property=\"og:image\" content=\"https:\/\/www.meydan.tv\/wp-content\/uploads\/photo_5424994160064196194_w.jpg\" \/>\n\t<meta property=\"og:image:width\" content=\"2560\" \/>\n\t<meta property=\"og:image:height\" content=\"1344\" \/>\n\t<meta property=\"og:image:type\" content=\"image\/jpeg\" \/>\n<meta name=\"author\" content=\"mahmud\" \/>\n<meta name=\"twitter:card\" content=\"summary_large_image\" \/>\n<script type=\"application\/ld+json\" class=\"yoast-schema-graph\">{\"@context\":\"https:\\\/\\\/schema.org\",\"@graph\":[{\"@type\":\"Article\",\"@id\":\"https:\\\/\\\/www.meydan.tv\\\/az\\\/article\\\/kesl%c9%99-bazarinin-sokuntusu-dayandirilib\\\/#article\",\"isPartOf\":{\"@id\":\"https:\\\/\\\/www.meydan.tv\\\/az\\\/article\\\/kesl%c9%99-bazarinin-sokuntusu-dayandirilib\\\/\"},\"author\":{\"name\":\"mahmud\",\"@id\":\"https:\\\/\\\/www.meydan.tv\\\/az\\\/#\\\/schema\\\/person\\\/09863e516102a829e72bedcf3f84c6b0\"},\"headline\":\"\u201cKe\u015fl\u0259 bazar\u0131\u201dn\u0131n s\u00f6k\u00fcnt\u00fcs\u00fc dayand\u0131r\u0131l\u0131b\",\"datePublished\":\"2024-12-23T10:53:09+00:00\",\"dateModified\":\"2024-12-23T11:04:20+00:00\",\"mainEntityOfPage\":{\"@id\":\"https:\\\/\\\/www.meydan.tv\\\/az\\\/article\\\/kesl%c9%99-bazarinin-sokuntusu-dayandirilib\\\/\"},\"wordCount\":334,\"publisher\":{\"@id\":\"https:\\\/\\\/www.meydan.tv\\\/az\\\/#organization\"},\"image\":{\"@id\":\"https:\\\/\\\/www.meydan.tv\\\/az\\\/article\\\/kesl%c9%99-bazarinin-sokuntusu-dayandirilib\\\/#primaryimage\"},\"thumbnailUrl\":\"https:\\\/\\\/www.meydan.tv\\\/wp-content\\\/uploads\\\/photo_5424994160064196194_w.jpg\",\"articleSection\":[\"Sosial\",\"X\u0259b\u0259rl\u0259r\"],\"inLanguage\":\"az\"},{\"@type\":\"WebPage\",\"@id\":\"https:\\\/\\\/www.meydan.tv\\\/az\\\/article\\\/kesl%c9%99-bazarinin-sokuntusu-dayandirilib\\\/\",\"url\":\"https:\\\/\\\/www.meydan.tv\\\/az\\\/article\\\/kesl%c9%99-bazarinin-sokuntusu-dayandirilib\\\/\",\"name\":\"\u201cKe\u015fl\u0259 bazar\u0131\u201dn\u0131n s\u00f6k\u00fcnt\u00fcs\u00fc dayand\u0131r\u0131l\u0131b - MEYDAN.TV\",\"isPartOf\":{\"@id\":\"https:\\\/\\\/www.meydan.tv\\\/az\\\/#website\"},\"primaryImageOfPage\":{\"@id\":\"https:\\\/\\\/www.meydan.tv\\\/az\\\/article\\\/kesl%c9%99-bazarinin-sokuntusu-dayandirilib\\\/#primaryimage\"},\"image\":{\"@id\":\"https:\\\/\\\/www.meydan.tv\\\/az\\\/article\\\/kesl%c9%99-bazarinin-sokuntusu-dayandirilib\\\/#primaryimage\"},\"thumbnailUrl\":\"https:\\\/\\\/www.meydan.tv\\\/wp-content\\\/uploads\\\/photo_5424994160064196194_w.jpg\",\"datePublished\":\"2024-12-23T10:53:09+00:00\",\"dateModified\":\"2024-12-23T11:04:20+00:00\",\"breadcrumb\":{\"@id\":\"https:\\\/\\\/www.meydan.tv\\\/az\\\/article\\\/kesl%c9%99-bazarinin-sokuntusu-dayandirilib\\\/#breadcrumb\"},\"inLanguage\":\"az\",\"potentialAction\":[{\"@type\":\"ReadAction\",\"target\":[\"https:\\\/\\\/www.meydan.tv\\\/az\\\/article\\\/kesl%c9%99-bazarinin-sokuntusu-dayandirilib\\\/\"]}]},{\"@type\":\"ImageObject\",\"inLanguage\":\"az\",\"@id\":\"https:\\\/\\\/www.meydan.tv\\\/az\\\/article\\\/kesl%c9%99-bazarinin-sokuntusu-dayandirilib\\\/#primaryimage\",\"url\":\"https:\\\/\\\/www.meydan.tv\\\/wp-content\\\/uploads\\\/photo_5424994160064196194_w.jpg\",\"contentUrl\":\"https:\\\/\\\/www.meydan.tv\\\/wp-content\\\/uploads\\\/photo_5424994160064196194_w.jpg\",\"width\":2560,\"height\":1344,\"caption\":\"\\\"Ke\u015fl\u0259 bazar\u0131\\\". Foto: Meydan TV\"},{\"@type\":\"BreadcrumbList\",\"@id\":\"https:\\\/\\\/www.meydan.tv\\\/az\\\/article\\\/kesl%c9%99-bazarinin-sokuntusu-dayandirilib\\\/#breadcrumb\",\"itemListElement\":[{\"@type\":\"ListItem\",\"position\":1,\"name\":\"Ana s\u0259hif\u0259\",\"item\":\"https:\\\/\\\/www.meydan.tv\\\/az\\\/\"},{\"@type\":\"ListItem\",\"position\":2,\"name\":\"Sosial\",\"item\":\"https:\\\/\\\/www.meydan.tv\\\/az\\\/section\\\/sosial\\\/\"},{\"@type\":\"ListItem\",\"position\":3,\"name\":\"\u201cKe\u015fl\u0259 bazar\u0131\u201dn\u0131n s\u00f6k\u00fcnt\u00fcs\u00fc dayand\u0131r\u0131l\u0131b\"}]},{\"@type\":\"WebSite\",\"@id\":\"https:\\\/\\\/www.meydan.tv\\\/az\\\/#website\",\"url\":\"https:\\\/\\\/www.meydan.tv\\\/az\\\/\",\"name\":\"MEYDAN.TV\",\"description\":\"Meydan TV Az\u0259rbaycan\u0131n media m\u0259kan\u0131ndak\u0131 alternativ s\u0259sidir\",\"publisher\":{\"@id\":\"https:\\\/\\\/www.meydan.tv\\\/az\\\/#organization\"},\"potentialAction\":[{\"@type\":\"SearchAction\",\"target\":{\"@type\":\"EntryPoint\",\"urlTemplate\":\"https:\\\/\\\/www.meydan.tv\\\/az\\\/?s={search_term_string}\"},\"query-input\":{\"@type\":\"PropertyValueSpecification\",\"valueRequired\":true,\"valueName\":\"search_term_string\"}}],\"inLanguage\":\"az\"},{\"@type\":\"Organization\",\"@id\":\"https:\\\/\\\/www.meydan.tv\\\/az\\\/#organization\",\"name\":\"Meydan TV\",\"url\":\"https:\\\/\\\/www.meydan.tv\\\/az\\\/\",\"logo\":{\"@type\":\"ImageObject\",\"inLanguage\":\"az\",\"@id\":\"https:\\\/\\\/www.meydan.tv\\\/az\\\/#\\\/schema\\\/logo\\\/image\\\/\",\"url\":\"https:\\\/\\\/www.meydan.tv\\\/wp-content\\\/uploads\\\/2021\\\/07\\\/meydan-logo.svg\",\"contentUrl\":\"https:\\\/\\\/www.meydan.tv\\\/wp-content\\\/uploads\\\/2021\\\/07\\\/meydan-logo.svg\",\"width\":195,\"height\":46,\"caption\":\"Meydan TV\"},\"image\":{\"@id\":\"https:\\\/\\\/www.meydan.tv\\\/az\\\/#\\\/schema\\\/logo\\\/image\\\/\"}},{\"@type\":\"Person\",\"@id\":\"https:\\\/\\\/www.meydan.tv\\\/az\\\/#\\\/schema\\\/person\\\/09863e516102a829e72bedcf3f84c6b0\",\"name\":\"mahmud\"}]}<\/script>\n<!-- \/ Yoast SEO plugin. -->","yoast_head_json":{"title":"\u201cKe\u015fl\u0259 bazar\u0131\u201dn\u0131n s\u00f6k\u00fcnt\u00fcs\u00fc dayand\u0131r\u0131l\u0131b - MEYDAN.TV","robots":{"index":"index","follow":"follow","max-snippet":"max-snippet:-1","max-image-preview":"max-image-preview:large","max-video-preview":"max-video-preview:-1"},"canonical":"https:\/\/www.meydan.tv\/az\/article\/kesl%c9%99-bazarinin-sokuntusu-dayandirilib\/","og_locale":"az_AZ","og_type":"article","og_title":"\u201cKe\u015fl\u0259 bazar\u0131\u201dn\u0131n s\u00f6k\u00fcnt\u00fcs\u00fc dayand\u0131r\u0131l\u0131b - MEYDAN.TV","og_description":"S\u00f6k\u00fcnt\u00fc i\u015fl\u0259ri g\u0259l\u0259n ilin fevral\u0131ndan ba\u015flayacaq \u201cKe\u015fl\u0259 bazar\u0131\u201dnda s\u00f6k\u00fcnt\u00fc i\u015fl\u0259rin\u0259 ... Davam\u0131","og_url":"https:\/\/www.meydan.tv\/az\/article\/kesl%c9%99-bazarinin-sokuntusu-dayandirilib\/","og_site_name":"MEYDAN.TV","article_published_time":"2024-12-23T10:53:09+00:00","article_modified_time":"2024-12-23T11:04:20+00:00","og_image":[{"width":2560,"height":1344,"url":"https:\/\/www.meydan.tv\/wp-content\/uploads\/photo_5424994160064196194_w.jpg","type":"image\/jpeg"}],"author":"mahmud","twitter_card":"summary_large_image","schema":{"@context":"https:\/\/schema.org","@graph":[{"@type":"Article","@id":"https:\/\/www.meydan.tv\/az\/article\/kesl%c9%99-bazarinin-sokuntusu-dayandirilib\/#article","isPartOf":{"@id":"https:\/\/www.meydan.tv\/az\/article\/kesl%c9%99-bazarinin-sokuntusu-dayandirilib\/"},"author":{"name":"mahmud","@id":"https:\/\/www.meydan.tv\/az\/#\/schema\/person\/09863e516102a829e72bedcf3f84c6b0"},"headline":"\u201cKe\u015fl\u0259 bazar\u0131\u201dn\u0131n s\u00f6k\u00fcnt\u00fcs\u00fc dayand\u0131r\u0131l\u0131b","datePublished":"2024-12-23T10:53:09+00:00","dateModified":"2024-12-23T11:04:20+00:00","mainEntityOfPage":{"@id":"https:\/\/www.meydan.tv\/az\/article\/kesl%c9%99-bazarinin-sokuntusu-dayandirilib\/"},"wordCount":334,"publisher":{"@id":"https:\/\/www.meydan.tv\/az\/#organization"},"image":{"@id":"https:\/\/www.meydan.tv\/az\/article\/kesl%c9%99-bazarinin-sokuntusu-dayandirilib\/#primaryimage"},"thumbnailUrl":"https:\/\/www.meydan.tv\/wp-content\/uploads\/photo_5424994160064196194_w.jpg","articleSection":["Sosial","X\u0259b\u0259rl\u0259r"],"inLanguage":"az"},{"@type":"WebPage","@id":"https:\/\/www.meydan.tv\/az\/article\/kesl%c9%99-bazarinin-sokuntusu-dayandirilib\/","url":"https:\/\/www.meydan.tv\/az\/article\/kesl%c9%99-bazarinin-sokuntusu-dayandirilib\/","name":"\u201cKe\u015fl\u0259 bazar\u0131\u201dn\u0131n s\u00f6k\u00fcnt\u00fcs\u00fc dayand\u0131r\u0131l\u0131b - MEYDAN.TV","isPartOf":{"@id":"https:\/\/www.meydan.tv\/az\/#website"},"primaryImageOfPage":{"@id":"https:\/\/www.meydan.tv\/az\/article\/kesl%c9%99-bazarinin-sokuntusu-dayandirilib\/#primaryimage"},"image":{"@id":"https:\/\/www.meydan.tv\/az\/article\/kesl%c9%99-bazarinin-sokuntusu-dayandirilib\/#primaryimage"},"thumbnailUrl":"https:\/\/www.meydan.tv\/wp-content\/uploads\/photo_5424994160064196194_w.jpg","datePublished":"2024-12-23T10:53:09+00:00","dateModified":"2024-12-23T11:04:20+00:00","breadcrumb":{"@id":"https:\/\/www.meydan.tv\/az\/article\/kesl%c9%99-bazarinin-sokuntusu-dayandirilib\/#breadcrumb"},"inLanguage":"az","potentialAction":[{"@type":"ReadAction","target":["https:\/\/www.meydan.tv\/az\/article\/kesl%c9%99-bazarinin-sokuntusu-dayandirilib\/"]}]},{"@type":"ImageObject","inLanguage":"az","@id":"https:\/\/www.meydan.tv\/az\/article\/kesl%c9%99-bazarinin-sokuntusu-dayandirilib\/#primaryimage","url":"https:\/\/www.meydan.tv\/wp-content\/uploads\/photo_5424994160064196194_w.jpg","contentUrl":"https:\/\/www.meydan.tv\/wp-content\/uploads\/photo_5424994160064196194_w.jpg","width":2560,"height":1344,"caption":"\"Ke\u015fl\u0259 bazar\u0131\". Foto: Meydan TV"},{"@type":"BreadcrumbList","@id":"https:\/\/www.meydan.tv\/az\/article\/kesl%c9%99-bazarinin-sokuntusu-dayandirilib\/#breadcrumb","itemListElement":[{"@type":"ListItem","position":1,"name":"Ana s\u0259hif\u0259","item":"https:\/\/www.meydan.tv\/az\/"},{"@type":"ListItem","position":2,"name":"Sosial","item":"https:\/\/www.meydan.tv\/az\/section\/sosial\/"},{"@type":"ListItem","position":3,"name":"\u201cKe\u015fl\u0259 bazar\u0131\u201dn\u0131n s\u00f6k\u00fcnt\u00fcs\u00fc dayand\u0131r\u0131l\u0131b"}]},{"@type":"WebSite","@id":"https:\/\/www.meydan.tv\/az\/#website","url":"https:\/\/www.meydan.tv\/az\/","name":"MEYDAN.TV","description":"Meydan TV Az\u0259rbaycan\u0131n media m\u0259kan\u0131ndak\u0131 alternativ s\u0259sidir","publisher":{"@id":"https:\/\/www.meydan.tv\/az\/#organization"},"potentialAction":[{"@type":"SearchAction","target":{"@type":"EntryPoint","urlTemplate":"https:\/\/www.meydan.tv\/az\/?s={search_term_string}"},"query-input":{"@type":"PropertyValueSpecification","valueRequired":true,"valueName":"search_term_string"}}],"inLanguage":"az"},{"@type":"Organization","@id":"https:\/\/www.meydan.tv\/az\/#organization","name":"Meydan TV","url":"https:\/\/www.meydan.tv\/az\/","logo":{"@type":"ImageObject","inLanguage":"az","@id":"https:\/\/www.meydan.tv\/az\/#\/schema\/logo\/image\/","url":"https:\/\/www.meydan.tv\/wp-content\/uploads\/2021\/07\/meydan-logo.svg","contentUrl":"https:\/\/www.meydan.tv\/wp-content\/uploads\/2021\/07\/meydan-logo.svg","width":195,"height":46,"caption":"Meydan TV"},"image":{"@id":"https:\/\/www.meydan.tv\/az\/#\/schema\/logo\/image\/"}},{"@type":"Person","@id":"https:\/\/www.meydan.tv\/az\/#\/schema\/person\/09863e516102a829e72bedcf3f84c6b0","name":"mahmud"}]}},"_links":{"self":[{"href":"https:\/\/www.meydan.tv\/az\/wp-json\/wp\/v2\/posts\/323187","targetHints":{"allow":["GET"]}}],"collection":[{"href":"https:\/\/www.meydan.tv\/az\/wp-json\/wp\/v2\/posts"}],"about":[{"href":"https:\/\/www.meydan.tv\/az\/wp-json\/wp\/v2\/types\/post"}],"author":[{"embeddable":true,"href":"https:\/\/www.meydan.tv\/az\/wp-json\/wp\/v2\/users\/21"}],"replies":[{"embeddable":true,"href":"https:\/\/www.meydan.tv\/az\/wp-json\/wp\/v2\/comments?post=323187"}],"version-history":[{"count":2,"href":"https:\/\/www.meydan.tv\/az\/wp-json\/wp\/v2\/posts\/323187\/revisions"}],"predecessor-version":[{"id":323195,"href":"https:\/\/www.meydan.tv\/az\/wp-json\/wp\/v2\/posts\/323187\/revisions\/323195"}],"wp:featuredmedia":[{"embeddable":true,"href":"https:\/\/www.meydan.tv\/az\/wp-json\/wp\/v2\/media\/323192"}],"wp:attachment":[{"href":"https:\/\/www.meydan.tv\/az\/wp-json\/wp\/v2\/media?parent=323187"}],"wp:term":[{"taxonomy":"category","embeddable":true,"href":"https:\/\/www.meydan.tv\/az\/wp-json\/wp\/v2\/categories?post=323187"},{"taxonomy":"post_tag","embeddable":true,"href":"https:\/\/www.meydan.tv\/az\/wp-json\/wp\/v2\/tags?post=323187"}],"curies":[{"name":"wp","href":"https:\/\/api.w.org\/{rel}","templated":true}]}}