{"id":323108,"date":"2024-12-20T22:19:08","date_gmt":"2024-12-20T18:19:08","guid":{"rendered":"https:\/\/www.meydan.tv\/?p=323108"},"modified":"2024-12-20T23:42:47","modified_gmt":"2024-12-20T19:42:47","slug":"almaniya-vetendasi-azerbaycanda-istintaq-tecridxanasinda-saxlanilir","status":"publish","type":"post","link":"https:\/\/www.meydan.tv\/az\/article\/almaniya-vetendasi-azerbaycanda-istintaq-tecridxanasinda-saxlanilir\/","title":{"rendered":"Almaniya v\u0259t\u0259nda\u015f\u0131 Az\u0259rbaycanda istintaq t\u0259cridxanas\u0131nda saxlan\u0131l\u0131r"},"content":{"rendered":"\n<figure class=\"wp-block-embed is-type-video is-provider-youtube wp-block-embed-youtube wp-embed-aspect-16-9 wp-has-aspect-ratio\"><div class=\"wp-block-embed__wrapper\">\n<iframe title=\"Almaniya v\u0259t\u0259nda\u015f\u0131 Az\u0259rbaycanda istintaq t\u0259cridxanas\u0131nda saxlan\u0131l\u0131r\" width=\"1200\" height=\"675\" data-src=\"https:\/\/www.youtube.com\/embed\/BVBJi2rhIas?feature=oembed\" frameborder=\"0\" allow=\"accelerometer; autoplay; clipboard-write; encrypted-media; gyroscope; picture-in-picture; web-share\" referrerpolicy=\"strict-origin-when-cross-origin\" allowfullscreen src=\"data:image\/svg+xml;base64,PHN2ZyB3aWR0aD0iMSIgaGVpZ2h0PSIxIiB4bWxucz0iaHR0cDovL3d3dy53My5vcmcvMjAwMC9zdmciPjwvc3ZnPg==\" class=\"lazyload\" data-load-mode=\"1\"><\/iframe>\n<\/div><\/figure>\n\n\n\n<!--more-->\n\n\n\n<p><\/p>\n\n\n\n<p>Almaniya v\u0259t\u0259nda\u015f\u0131 H\u0259mz\u0259 M\u0259mm\u0259dli 1 ild\u0259n \u00e7oxdur ki, Az\u0259rbaycanda istintaq t\u0259cridxanas\u0131nda saxlan\u0131l\u0131r.<\/p>\n\n\n\n<p>33 ya\u015fl\u0131 H\u0259mz\u0259 M\u0259mm\u0259dli 2015-ci ild\u0259 Az\u0259rbaycandan Almaniyaya k\u00f6\u00e7\u00fcb, tibb kollecind\u0259 t\u0259hsil al\u0131b v\u0259 klinikada h\u0259kim k\u00f6m\u0259k\u00e7isi i\u015fl\u0259yib.<\/p>\n\n\n\n<p>2023-c\u00fc ilin fevral\u0131nda Almaniya v\u0259t\u0259nda\u015fl\u0131\u011f\u0131n\u0131 al\u0131b, eyni zamanda Az\u0259rbaycan v\u0259t\u0259nda\u015fl\u0131\u011f\u0131n\u0131 da saxlay\u0131b.&nbsp;<\/p>\n\n\n\n<p>Bundan t\u0259xmin\u0259n 6 ay sonra, 2023-c\u00fc il iyulun 1-d\u0259 \u00f6z toyuna g\u0259l\u0259n H\u0259mz\u0259 Bak\u0131 hava liman\u0131nda saxlan\u0131l\u0131b.&nbsp;<\/p>\n\n\n\n<p>M\u0259lum olub ki, h\u0259l\u0259 2018-ci il iyulun 18-d\u0259 H\u0259mz\u0259 M\u0259mm\u0259dli bar\u0259sind\u0259 Az\u0259rbaycan Cinay\u0259t M\u0259c\u0259ll\u0259sinin \u201cTerror\u00e7ulu\u011fa a\u00e7\u0131q \u00e7a\u011f\u0131r\u0131\u015f\u201d v\u0259 \u201cD\u00f6vl\u0259t\u0259 qar\u015f\u0131 a\u00e7\u0131q \u00e7a\u011f\u0131r\u0131\u015f\u201d madd\u0259l\u0259ri il\u0259 cinay\u0259t i\u015fi a\u00e7\u0131l\u0131b, o, qiyabi h\u0259bs olunub v\u0259 axtar\u0131\u015fa verilib.<\/p>\n\n\n\n<p>Almaniya X\u0130N \u201cDeutsche Welle\u201dy\u0259 cavab\u0131nda deyib ki, M\u0259mm\u0259dlinin v\u0259ziyy\u0259tind\u0259n x\u0259b\u0259rdard\u0131rlar, Az\u0259rbaycanda haz\u0131rda h\u0259bsd\u0259 olan yegan\u0259 Almaniya v\u0259t\u0259nda\u015f\u0131 odur. Lakin Almaniyan\u0131n m\u0259s\u0259l\u0259y\u0259 f\u0259al m\u00fcdaxil\u0259 imkan\u0131 yoxdur, \u00e7\u00fcnki M\u0259mm\u0259dli h\u0259m d\u0259 Az\u0259rbaycan v\u0259t\u0259nda\u015f\u0131d\u0131r v\u0259 bu i\u015fd\u0259 d\u0259 h\u0259min statusda m\u00fchakim\u0259 olunur.&nbsp;<\/p>\n\n\n\n<p><em>\u201cAlmaniya Xarici \u0130\u015fl\u0259r Nazirliyi v\u0259 Almaniyan\u0131n Bak\u0131da yerl\u0259\u015f\u0259n s\u0259firliyi bu i\u015fi diqq\u0259tl\u0259 izl\u0259yir, c\u0259nab M\u0259mm\u0259dlini d\u0259st\u0259kl\u0259m\u0259k \u00fc\u00e7\u00fcn Az\u0259rbaycan hakimiyy\u0259t orqanlar\u0131 il\u0259 m\u00fcnt\u0259z\u0259m v\u0259 y\u00fcks\u0259k s\u0259viyy\u0259li t\u0259maslar qurur\u201d, \u2013<\/em> dey\u0259 nazirliyin cavab\u0131nda qeyd edilir.<a href=\"https:\/\/www.youtube.com\/@MeydanTelevision\"><\/a><\/p>\n","protected":false},"excerpt":{"rendered":"","protected":false},"author":12,"featured_media":323110,"comment_status":"closed","ping_status":"closed","sticky":false,"template":"","format":"standard","meta":{"_acf_changed":false,"_sitemap_exclude":false,"_sitemap_priority":"","_sitemap_frequency":"","footnotes":""},"categories":[59,63,56],"tags":[],"class_list":["post-323108","post","type-post","status-publish","format-standard","has-post-thumbnail","hentry","category-siyaset","category-video-2","category-xeberler","infinite-scroll-item","generate-columns","tablet-grid-50","mobile-grid-100","grid-parent","grid-33","no-featured-image-padding"],"acf":[],"yoast_head":"<!-- This site is optimized with the Yoast SEO plugin v27.4 - https:\/\/yoast.com\/product\/yoast-seo-wordpress\/ -->\n<title>Almaniya v\u0259t\u0259nda\u015f\u0131 Az\u0259rbaycanda istintaq t\u0259cridxanas\u0131nda saxlan\u0131l\u0131r - MEYDAN.TV<\/title>\n<meta name=\"robots\" content=\"index, follow, max-snippet:-1, max-image-preview:large, max-video-preview:-1\" \/>\n<link rel=\"canonical\" href=\"https:\/\/www.meydan.tv\/az\/article\/almaniya-vetendasi-azerbaycanda-istintaq-tecridxanasinda-saxlanilir\/\" \/>\n<meta property=\"og:locale\" content=\"az_AZ\" \/>\n<meta property=\"og:type\" content=\"article\" \/>\n<meta property=\"og:title\" content=\"Almaniya v\u0259t\u0259nda\u015f\u0131 Az\u0259rbaycanda istintaq t\u0259cridxanas\u0131nda saxlan\u0131l\u0131r - MEYDAN.TV\" \/>\n<meta property=\"og:url\" content=\"https:\/\/www.meydan.tv\/az\/article\/almaniya-vetendasi-azerbaycanda-istintaq-tecridxanasinda-saxlanilir\/\" \/>\n<meta property=\"og:site_name\" content=\"MEYDAN.TV\" \/>\n<meta property=\"article:published_time\" content=\"2024-12-20T18:19:08+00:00\" \/>\n<meta property=\"article:modified_time\" content=\"2024-12-20T19:42:47+00:00\" \/>\n<meta property=\"og:image\" content=\"https:\/\/www.meydan.tv\/wp-content\/uploads\/screenshot-2024-12-20-at-19.04.28.png\" \/>\n\t<meta property=\"og:image:width\" content=\"1108\" \/>\n\t<meta property=\"og:image:height\" content=\"656\" \/>\n\t<meta property=\"og:image:type\" content=\"image\/png\" \/>\n<meta name=\"author\" content=\"aleks\" \/>\n<meta name=\"twitter:card\" content=\"summary_large_image\" \/>\n<script type=\"application\/ld+json\" class=\"yoast-schema-graph\">{\"@context\":\"https:\\\/\\\/schema.org\",\"@graph\":[{\"@type\":\"Article\",\"@id\":\"https:\\\/\\\/www.meydan.tv\\\/az\\\/article\\\/almaniya-vetendasi-azerbaycanda-istintaq-tecridxanasinda-saxlanilir\\\/#article\",\"isPartOf\":{\"@id\":\"https:\\\/\\\/www.meydan.tv\\\/az\\\/article\\\/almaniya-vetendasi-azerbaycanda-istintaq-tecridxanasinda-saxlanilir\\\/\"},\"author\":{\"name\":\"aleks\",\"@id\":\"https:\\\/\\\/www.meydan.tv\\\/az\\\/#\\\/schema\\\/person\\\/476e9360e593fa131d5d71d51866f8da\"},\"headline\":\"Almaniya v\u0259t\u0259nda\u015f\u0131 Az\u0259rbaycanda istintaq t\u0259cridxanas\u0131nda saxlan\u0131l\u0131r\",\"datePublished\":\"2024-12-20T18:19:08+00:00\",\"dateModified\":\"2024-12-20T19:42:47+00:00\",\"mainEntityOfPage\":{\"@id\":\"https:\\\/\\\/www.meydan.tv\\\/az\\\/article\\\/almaniya-vetendasi-azerbaycanda-istintaq-tecridxanasinda-saxlanilir\\\/\"},\"wordCount\":317,\"publisher\":{\"@id\":\"https:\\\/\\\/www.meydan.tv\\\/az\\\/#organization\"},\"image\":{\"@id\":\"https:\\\/\\\/www.meydan.tv\\\/az\\\/article\\\/almaniya-vetendasi-azerbaycanda-istintaq-tecridxanasinda-saxlanilir\\\/#primaryimage\"},\"thumbnailUrl\":\"https:\\\/\\\/www.meydan.tv\\\/wp-content\\\/uploads\\\/screenshot-2024-12-20-at-19.04.28.png\",\"articleSection\":[\"Siyas\u0259t\",\"Video\",\"X\u0259b\u0259rl\u0259r\"],\"inLanguage\":\"az\"},{\"@type\":\"WebPage\",\"@id\":\"https:\\\/\\\/www.meydan.tv\\\/az\\\/article\\\/almaniya-vetendasi-azerbaycanda-istintaq-tecridxanasinda-saxlanilir\\\/\",\"url\":\"https:\\\/\\\/www.meydan.tv\\\/az\\\/article\\\/almaniya-vetendasi-azerbaycanda-istintaq-tecridxanasinda-saxlanilir\\\/\",\"name\":\"Almaniya v\u0259t\u0259nda\u015f\u0131 Az\u0259rbaycanda istintaq t\u0259cridxanas\u0131nda saxlan\u0131l\u0131r - MEYDAN.TV\",\"isPartOf\":{\"@id\":\"https:\\\/\\\/www.meydan.tv\\\/az\\\/#website\"},\"primaryImageOfPage\":{\"@id\":\"https:\\\/\\\/www.meydan.tv\\\/az\\\/article\\\/almaniya-vetendasi-azerbaycanda-istintaq-tecridxanasinda-saxlanilir\\\/#primaryimage\"},\"image\":{\"@id\":\"https:\\\/\\\/www.meydan.tv\\\/az\\\/article\\\/almaniya-vetendasi-azerbaycanda-istintaq-tecridxanasinda-saxlanilir\\\/#primaryimage\"},\"thumbnailUrl\":\"https:\\\/\\\/www.meydan.tv\\\/wp-content\\\/uploads\\\/screenshot-2024-12-20-at-19.04.28.png\",\"datePublished\":\"2024-12-20T18:19:08+00:00\",\"dateModified\":\"2024-12-20T19:42:47+00:00\",\"breadcrumb\":{\"@id\":\"https:\\\/\\\/www.meydan.tv\\\/az\\\/article\\\/almaniya-vetendasi-azerbaycanda-istintaq-tecridxanasinda-saxlanilir\\\/#breadcrumb\"},\"inLanguage\":\"az\",\"potentialAction\":[{\"@type\":\"ReadAction\",\"target\":[\"https:\\\/\\\/www.meydan.tv\\\/az\\\/article\\\/almaniya-vetendasi-azerbaycanda-istintaq-tecridxanasinda-saxlanilir\\\/\"]}]},{\"@type\":\"ImageObject\",\"inLanguage\":\"az\",\"@id\":\"https:\\\/\\\/www.meydan.tv\\\/az\\\/article\\\/almaniya-vetendasi-azerbaycanda-istintaq-tecridxanasinda-saxlanilir\\\/#primaryimage\",\"url\":\"https:\\\/\\\/www.meydan.tv\\\/wp-content\\\/uploads\\\/screenshot-2024-12-20-at-19.04.28.png\",\"contentUrl\":\"https:\\\/\\\/www.meydan.tv\\\/wp-content\\\/uploads\\\/screenshot-2024-12-20-at-19.04.28.png\",\"width\":1108,\"height\":656,\"caption\":\"H\u0259mz\u0259 M\u0259mm\u0259dli, foto: Sosial \u015f\u0259b\u0259k\u0259l\u0259r\"},{\"@type\":\"BreadcrumbList\",\"@id\":\"https:\\\/\\\/www.meydan.tv\\\/az\\\/article\\\/almaniya-vetendasi-azerbaycanda-istintaq-tecridxanasinda-saxlanilir\\\/#breadcrumb\",\"itemListElement\":[{\"@type\":\"ListItem\",\"position\":1,\"name\":\"Ana s\u0259hif\u0259\",\"item\":\"https:\\\/\\\/www.meydan.tv\\\/az\\\/\"},{\"@type\":\"ListItem\",\"position\":2,\"name\":\"X\u0259b\u0259rl\u0259r\",\"item\":\"https:\\\/\\\/www.meydan.tv\\\/az\\\/section\\\/xeberler\\\/\"},{\"@type\":\"ListItem\",\"position\":3,\"name\":\"Almaniya v\u0259t\u0259nda\u015f\u0131 Az\u0259rbaycanda istintaq t\u0259cridxanas\u0131nda saxlan\u0131l\u0131r\"}]},{\"@type\":\"WebSite\",\"@id\":\"https:\\\/\\\/www.meydan.tv\\\/az\\\/#website\",\"url\":\"https:\\\/\\\/www.meydan.tv\\\/az\\\/\",\"name\":\"MEYDAN.TV\",\"description\":\"Meydan TV Az\u0259rbaycan\u0131n media m\u0259kan\u0131ndak\u0131 alternativ s\u0259sidir\",\"publisher\":{\"@id\":\"https:\\\/\\\/www.meydan.tv\\\/az\\\/#organization\"},\"potentialAction\":[{\"@type\":\"SearchAction\",\"target\":{\"@type\":\"EntryPoint\",\"urlTemplate\":\"https:\\\/\\\/www.meydan.tv\\\/az\\\/?s={search_term_string}\"},\"query-input\":{\"@type\":\"PropertyValueSpecification\",\"valueRequired\":true,\"valueName\":\"search_term_string\"}}],\"inLanguage\":\"az\"},{\"@type\":\"Organization\",\"@id\":\"https:\\\/\\\/www.meydan.tv\\\/az\\\/#organization\",\"name\":\"Meydan TV\",\"url\":\"https:\\\/\\\/www.meydan.tv\\\/az\\\/\",\"logo\":{\"@type\":\"ImageObject\",\"inLanguage\":\"az\",\"@id\":\"https:\\\/\\\/www.meydan.tv\\\/az\\\/#\\\/schema\\\/logo\\\/image\\\/\",\"url\":\"https:\\\/\\\/www.meydan.tv\\\/wp-content\\\/uploads\\\/2021\\\/07\\\/meydan-logo.svg\",\"contentUrl\":\"https:\\\/\\\/www.meydan.tv\\\/wp-content\\\/uploads\\\/2021\\\/07\\\/meydan-logo.svg\",\"width\":195,\"height\":46,\"caption\":\"Meydan TV\"},\"image\":{\"@id\":\"https:\\\/\\\/www.meydan.tv\\\/az\\\/#\\\/schema\\\/logo\\\/image\\\/\"}},{\"@type\":\"Person\",\"@id\":\"https:\\\/\\\/www.meydan.tv\\\/az\\\/#\\\/schema\\\/person\\\/476e9360e593fa131d5d71d51866f8da\",\"name\":\"aleks\"}]}<\/script>\n<!-- \/ Yoast SEO plugin. -->","yoast_head_json":{"title":"Almaniya v\u0259t\u0259nda\u015f\u0131 Az\u0259rbaycanda istintaq t\u0259cridxanas\u0131nda saxlan\u0131l\u0131r - MEYDAN.TV","robots":{"index":"index","follow":"follow","max-snippet":"max-snippet:-1","max-image-preview":"max-image-preview:large","max-video-preview":"max-video-preview:-1"},"canonical":"https:\/\/www.meydan.tv\/az\/article\/almaniya-vetendasi-azerbaycanda-istintaq-tecridxanasinda-saxlanilir\/","og_locale":"az_AZ","og_type":"article","og_title":"Almaniya v\u0259t\u0259nda\u015f\u0131 Az\u0259rbaycanda istintaq t\u0259cridxanas\u0131nda saxlan\u0131l\u0131r - MEYDAN.TV","og_url":"https:\/\/www.meydan.tv\/az\/article\/almaniya-vetendasi-azerbaycanda-istintaq-tecridxanasinda-saxlanilir\/","og_site_name":"MEYDAN.TV","article_published_time":"2024-12-20T18:19:08+00:00","article_modified_time":"2024-12-20T19:42:47+00:00","og_image":[{"width":1108,"height":656,"url":"https:\/\/www.meydan.tv\/wp-content\/uploads\/screenshot-2024-12-20-at-19.04.28.png","type":"image\/png"}],"author":"aleks","twitter_card":"summary_large_image","schema":{"@context":"https:\/\/schema.org","@graph":[{"@type":"Article","@id":"https:\/\/www.meydan.tv\/az\/article\/almaniya-vetendasi-azerbaycanda-istintaq-tecridxanasinda-saxlanilir\/#article","isPartOf":{"@id":"https:\/\/www.meydan.tv\/az\/article\/almaniya-vetendasi-azerbaycanda-istintaq-tecridxanasinda-saxlanilir\/"},"author":{"name":"aleks","@id":"https:\/\/www.meydan.tv\/az\/#\/schema\/person\/476e9360e593fa131d5d71d51866f8da"},"headline":"Almaniya v\u0259t\u0259nda\u015f\u0131 Az\u0259rbaycanda istintaq t\u0259cridxanas\u0131nda saxlan\u0131l\u0131r","datePublished":"2024-12-20T18:19:08+00:00","dateModified":"2024-12-20T19:42:47+00:00","mainEntityOfPage":{"@id":"https:\/\/www.meydan.tv\/az\/article\/almaniya-vetendasi-azerbaycanda-istintaq-tecridxanasinda-saxlanilir\/"},"wordCount":317,"publisher":{"@id":"https:\/\/www.meydan.tv\/az\/#organization"},"image":{"@id":"https:\/\/www.meydan.tv\/az\/article\/almaniya-vetendasi-azerbaycanda-istintaq-tecridxanasinda-saxlanilir\/#primaryimage"},"thumbnailUrl":"https:\/\/www.meydan.tv\/wp-content\/uploads\/screenshot-2024-12-20-at-19.04.28.png","articleSection":["Siyas\u0259t","Video","X\u0259b\u0259rl\u0259r"],"inLanguage":"az"},{"@type":"WebPage","@id":"https:\/\/www.meydan.tv\/az\/article\/almaniya-vetendasi-azerbaycanda-istintaq-tecridxanasinda-saxlanilir\/","url":"https:\/\/www.meydan.tv\/az\/article\/almaniya-vetendasi-azerbaycanda-istintaq-tecridxanasinda-saxlanilir\/","name":"Almaniya v\u0259t\u0259nda\u015f\u0131 Az\u0259rbaycanda istintaq t\u0259cridxanas\u0131nda saxlan\u0131l\u0131r - MEYDAN.TV","isPartOf":{"@id":"https:\/\/www.meydan.tv\/az\/#website"},"primaryImageOfPage":{"@id":"https:\/\/www.meydan.tv\/az\/article\/almaniya-vetendasi-azerbaycanda-istintaq-tecridxanasinda-saxlanilir\/#primaryimage"},"image":{"@id":"https:\/\/www.meydan.tv\/az\/article\/almaniya-vetendasi-azerbaycanda-istintaq-tecridxanasinda-saxlanilir\/#primaryimage"},"thumbnailUrl":"https:\/\/www.meydan.tv\/wp-content\/uploads\/screenshot-2024-12-20-at-19.04.28.png","datePublished":"2024-12-20T18:19:08+00:00","dateModified":"2024-12-20T19:42:47+00:00","breadcrumb":{"@id":"https:\/\/www.meydan.tv\/az\/article\/almaniya-vetendasi-azerbaycanda-istintaq-tecridxanasinda-saxlanilir\/#breadcrumb"},"inLanguage":"az","potentialAction":[{"@type":"ReadAction","target":["https:\/\/www.meydan.tv\/az\/article\/almaniya-vetendasi-azerbaycanda-istintaq-tecridxanasinda-saxlanilir\/"]}]},{"@type":"ImageObject","inLanguage":"az","@id":"https:\/\/www.meydan.tv\/az\/article\/almaniya-vetendasi-azerbaycanda-istintaq-tecridxanasinda-saxlanilir\/#primaryimage","url":"https:\/\/www.meydan.tv\/wp-content\/uploads\/screenshot-2024-12-20-at-19.04.28.png","contentUrl":"https:\/\/www.meydan.tv\/wp-content\/uploads\/screenshot-2024-12-20-at-19.04.28.png","width":1108,"height":656,"caption":"H\u0259mz\u0259 M\u0259mm\u0259dli, foto: Sosial \u015f\u0259b\u0259k\u0259l\u0259r"},{"@type":"BreadcrumbList","@id":"https:\/\/www.meydan.tv\/az\/article\/almaniya-vetendasi-azerbaycanda-istintaq-tecridxanasinda-saxlanilir\/#breadcrumb","itemListElement":[{"@type":"ListItem","position":1,"name":"Ana s\u0259hif\u0259","item":"https:\/\/www.meydan.tv\/az\/"},{"@type":"ListItem","position":2,"name":"X\u0259b\u0259rl\u0259r","item":"https:\/\/www.meydan.tv\/az\/section\/xeberler\/"},{"@type":"ListItem","position":3,"name":"Almaniya v\u0259t\u0259nda\u015f\u0131 Az\u0259rbaycanda istintaq t\u0259cridxanas\u0131nda saxlan\u0131l\u0131r"}]},{"@type":"WebSite","@id":"https:\/\/www.meydan.tv\/az\/#website","url":"https:\/\/www.meydan.tv\/az\/","name":"MEYDAN.TV","description":"Meydan TV Az\u0259rbaycan\u0131n media m\u0259kan\u0131ndak\u0131 alternativ s\u0259sidir","publisher":{"@id":"https:\/\/www.meydan.tv\/az\/#organization"},"potentialAction":[{"@type":"SearchAction","target":{"@type":"EntryPoint","urlTemplate":"https:\/\/www.meydan.tv\/az\/?s={search_term_string}"},"query-input":{"@type":"PropertyValueSpecification","valueRequired":true,"valueName":"search_term_string"}}],"inLanguage":"az"},{"@type":"Organization","@id":"https:\/\/www.meydan.tv\/az\/#organization","name":"Meydan TV","url":"https:\/\/www.meydan.tv\/az\/","logo":{"@type":"ImageObject","inLanguage":"az","@id":"https:\/\/www.meydan.tv\/az\/#\/schema\/logo\/image\/","url":"https:\/\/www.meydan.tv\/wp-content\/uploads\/2021\/07\/meydan-logo.svg","contentUrl":"https:\/\/www.meydan.tv\/wp-content\/uploads\/2021\/07\/meydan-logo.svg","width":195,"height":46,"caption":"Meydan TV"},"image":{"@id":"https:\/\/www.meydan.tv\/az\/#\/schema\/logo\/image\/"}},{"@type":"Person","@id":"https:\/\/www.meydan.tv\/az\/#\/schema\/person\/476e9360e593fa131d5d71d51866f8da","name":"aleks"}]}},"_links":{"self":[{"href":"https:\/\/www.meydan.tv\/az\/wp-json\/wp\/v2\/posts\/323108","targetHints":{"allow":["GET"]}}],"collection":[{"href":"https:\/\/www.meydan.tv\/az\/wp-json\/wp\/v2\/posts"}],"about":[{"href":"https:\/\/www.meydan.tv\/az\/wp-json\/wp\/v2\/types\/post"}],"author":[{"embeddable":true,"href":"https:\/\/www.meydan.tv\/az\/wp-json\/wp\/v2\/users\/12"}],"replies":[{"embeddable":true,"href":"https:\/\/www.meydan.tv\/az\/wp-json\/wp\/v2\/comments?post=323108"}],"version-history":[{"count":4,"href":"https:\/\/www.meydan.tv\/az\/wp-json\/wp\/v2\/posts\/323108\/revisions"}],"predecessor-version":[{"id":323131,"href":"https:\/\/www.meydan.tv\/az\/wp-json\/wp\/v2\/posts\/323108\/revisions\/323131"}],"wp:featuredmedia":[{"embeddable":true,"href":"https:\/\/www.meydan.tv\/az\/wp-json\/wp\/v2\/media\/323110"}],"wp:attachment":[{"href":"https:\/\/www.meydan.tv\/az\/wp-json\/wp\/v2\/media?parent=323108"}],"wp:term":[{"taxonomy":"category","embeddable":true,"href":"https:\/\/www.meydan.tv\/az\/wp-json\/wp\/v2\/categories?post=323108"},{"taxonomy":"post_tag","embeddable":true,"href":"https:\/\/www.meydan.tv\/az\/wp-json\/wp\/v2\/tags?post=323108"}],"curies":[{"name":"wp","href":"https:\/\/api.w.org\/{rel}","templated":true}]}}