{"id":323082,"date":"2024-12-20T18:40:06","date_gmt":"2024-12-20T14:40:06","guid":{"rendered":"https:\/\/www.meydan.tv\/?p=323082"},"modified":"2024-12-20T18:40:10","modified_gmt":"2024-12-20T14:40:10","slug":"azerbaycan-esgerinin-minaya-dusduyu-bildirilir","status":"publish","type":"post","link":"https:\/\/www.meydan.tv\/az\/article\/azerbaycan-esgerinin-minaya-dusduyu-bildirilir\/","title":{"rendered":"Az\u0259rbaycan \u0259sg\u0259rinin minaya d\u00fc\u015fd\u00fcy\u00fc bildirilir"},"content":{"rendered":"\n<p><\/p>\n\n\n\n<p><strong><em>Nazirlik faktla ba\u011fl\u0131 ara\u015fd\u0131rma apar\u0131ld\u0131\u011f\u0131n\u0131 deyir<\/em><\/strong><\/p>\n\n\n\n<p>Az\u0259rbaycan h\u0259rb\u00e7isinin Erm\u0259nistanla \u015f\u0259rti s\u0259rh\u0259d istiqam\u0259tind\u0259 minaya d\u00fc\u015fd\u00fcy\u00fc bildirilir.<\/p>\n\n\n\n<p>Bu bar\u0259d\u0259 M\u00fcdafi\u0259 Nazirliyi <a href=\"https:\/\/mod.gov.az\/az\/news\/mudafie-nazirliyinin-melumati-53632.html\" target=\"_blank\" rel=\"noreferrer noopener\">m\u0259lumat <\/a>yay\u0131b.<\/p>\n\n\n\n<p>Dekabr\u0131n 20-d\u0259 saat 12:00 rad\u0259l\u0259rind\u0259 Az\u0259rbaycan Ordusunun h\u0259rbi qulluq\u00e7usu Ziyad \u0130lqar o\u011flu Salmanov Az\u0259rbaycan-Erm\u0259nistan \u015f\u0259rti s\u0259rh\u0259dinin Nax\u00e7\u0131van\u0131n S\u0259d\u0259r\u0259k rayonu istiqam\u0259tind\u0259 xidm\u0259ti-d\u00f6y\u00fc\u015f tap\u015f\u0131r\u0131qlar\u0131n\u0131 yerin\u0259 yetir\u0259rk\u0259n piyada \u0259leyhin\u0259 minaya d\u00fc\u015f\u0259r\u0259k x\u0259sar\u0259t al\u0131b.<\/p>\n\n\n\n<p>\u0130lk tibbi yard\u0131m g\u00f6st\u0259rildikd\u0259n sonra yaral\u0131 h\u0259rbi qulluq\u00e7umuz d\u0259rhal h\u0259rbi tibb m\u00fc\u0259ssis\u0259sin\u0259 t\u0259xliy\u0259 edilib.<\/p>\n\n\n\n<p>Onun h\u0259yat\u0131 \u00fc\u00e7\u00fcn t\u0259hl\u00fck\u0259 yoxdur.<\/p>\n\n\n\n<p>Ba\u015f vermi\u015f hadis\u0259 il\u0259 ba\u011fl\u0131 ara\u015fd\u0131rma apar\u0131l\u0131r.<\/p>\n\n\n\n<p>Meydan TV \u0259sg\u0259rin yax\u0131nlar\u0131 il\u0259 \u0259laq\u0259 saxlaya bilm\u0259yib.<\/p>\n","protected":false},"excerpt":{"rendered":"<p>Nazirlik faktla ba\u011fl\u0131 ara\u015fd\u0131rma apar\u0131ld\u0131\u011f\u0131n\u0131 deyir Az\u0259rbaycan h\u0259rb\u00e7isinin Erm\u0259nistanla \u015f\u0259rti &#8230; <\/p>\n<p class=\"read-more-container\"><a title=\"Az\u0259rbaycan \u0259sg\u0259rinin minaya d\u00fc\u015fd\u00fcy\u00fc bildirilir\" class=\"read-more button\" href=\"https:\/\/www.meydan.tv\/az\/article\/azerbaycan-esgerinin-minaya-dusduyu-bildirilir\/#more-323082\" aria-label=\"Read more about Az\u0259rbaycan \u0259sg\u0259rinin minaya d\u00fc\u015fd\u00fcy\u00fc bildirilir\">Davam\u0131<\/a><\/p>\n","protected":false},"author":21,"featured_media":283757,"comment_status":"closed","ping_status":"closed","sticky":false,"template":"","format":"standard","meta":{"_acf_changed":false,"_sitemap_exclude":false,"_sitemap_priority":"","_sitemap_frequency":"","footnotes":""},"categories":[62,79,56],"tags":[],"class_list":["post-323082","post","type-post","status-publish","format-standard","has-post-thumbnail","hentry","category-sosial","category-featured","category-xeberler","infinite-scroll-item","generate-columns","tablet-grid-50","mobile-grid-100","grid-parent","grid-33","no-featured-image-padding"],"acf":[],"yoast_head":"<!-- This site is optimized with the Yoast SEO plugin v27.4 - https:\/\/yoast.com\/product\/yoast-seo-wordpress\/ -->\n<title>Az\u0259rbaycan \u0259sg\u0259rinin minaya d\u00fc\u015fd\u00fcy\u00fc bildirilir - MEYDAN.TV<\/title>\n<meta name=\"robots\" content=\"index, follow, max-snippet:-1, max-image-preview:large, max-video-preview:-1\" \/>\n<link rel=\"canonical\" href=\"https:\/\/www.meydan.tv\/az\/article\/azerbaycan-esgerinin-minaya-dusduyu-bildirilir\/\" \/>\n<meta property=\"og:locale\" content=\"az_AZ\" \/>\n<meta property=\"og:type\" content=\"article\" \/>\n<meta property=\"og:title\" content=\"Az\u0259rbaycan \u0259sg\u0259rinin minaya d\u00fc\u015fd\u00fcy\u00fc bildirilir - MEYDAN.TV\" \/>\n<meta property=\"og:description\" content=\"Nazirlik faktla ba\u011fl\u0131 ara\u015fd\u0131rma apar\u0131ld\u0131\u011f\u0131n\u0131 deyir Az\u0259rbaycan h\u0259rb\u00e7isinin Erm\u0259nistanla \u015f\u0259rti ... Davam\u0131\" \/>\n<meta property=\"og:url\" content=\"https:\/\/www.meydan.tv\/az\/article\/azerbaycan-esgerinin-minaya-dusduyu-bildirilir\/\" \/>\n<meta property=\"og:site_name\" content=\"MEYDAN.TV\" \/>\n<meta property=\"article:published_time\" content=\"2024-12-20T14:40:06+00:00\" \/>\n<meta property=\"article:modified_time\" content=\"2024-12-20T14:40:10+00:00\" \/>\n<meta property=\"og:image\" content=\"https:\/\/www.meydan.tv\/wp-content\/uploads\/2021-11-08t125211z_619112726_rc26qq9ucy19_rtrmadp_3_armenia-azerbaijan-nagorno-karabakh-scaled.jpg\" \/>\n\t<meta property=\"og:image:width\" content=\"2560\" \/>\n\t<meta property=\"og:image:height\" content=\"1573\" \/>\n\t<meta property=\"og:image:type\" content=\"image\/jpeg\" \/>\n<meta name=\"author\" content=\"mahmud\" \/>\n<meta name=\"twitter:card\" content=\"summary_large_image\" \/>\n<script type=\"application\/ld+json\" class=\"yoast-schema-graph\">{\"@context\":\"https:\\\/\\\/schema.org\",\"@graph\":[{\"@type\":\"Article\",\"@id\":\"https:\\\/\\\/www.meydan.tv\\\/az\\\/article\\\/azerbaycan-esgerinin-minaya-dusduyu-bildirilir\\\/#article\",\"isPartOf\":{\"@id\":\"https:\\\/\\\/www.meydan.tv\\\/az\\\/article\\\/azerbaycan-esgerinin-minaya-dusduyu-bildirilir\\\/\"},\"author\":{\"name\":\"mahmud\",\"@id\":\"https:\\\/\\\/www.meydan.tv\\\/az\\\/#\\\/schema\\\/person\\\/09863e516102a829e72bedcf3f84c6b0\"},\"headline\":\"Az\u0259rbaycan \u0259sg\u0259rinin minaya d\u00fc\u015fd\u00fcy\u00fc bildirilir\",\"datePublished\":\"2024-12-20T14:40:06+00:00\",\"dateModified\":\"2024-12-20T14:40:10+00:00\",\"mainEntityOfPage\":{\"@id\":\"https:\\\/\\\/www.meydan.tv\\\/az\\\/article\\\/azerbaycan-esgerinin-minaya-dusduyu-bildirilir\\\/\"},\"wordCount\":162,\"publisher\":{\"@id\":\"https:\\\/\\\/www.meydan.tv\\\/az\\\/#organization\"},\"image\":{\"@id\":\"https:\\\/\\\/www.meydan.tv\\\/az\\\/article\\\/azerbaycan-esgerinin-minaya-dusduyu-bildirilir\\\/#primaryimage\"},\"thumbnailUrl\":\"https:\\\/\\\/www.meydan.tv\\\/wp-content\\\/uploads\\\/2021-11-08t125211z_619112726_rc26qq9ucy19_rtrmadp_3_armenia-azerbaijan-nagorno-karabakh-scaled.jpg\",\"articleSection\":[\"Sosial\",\"T\u00f6vsiy\u0259\",\"X\u0259b\u0259rl\u0259r\"],\"inLanguage\":\"az\"},{\"@type\":\"WebPage\",\"@id\":\"https:\\\/\\\/www.meydan.tv\\\/az\\\/article\\\/azerbaycan-esgerinin-minaya-dusduyu-bildirilir\\\/\",\"url\":\"https:\\\/\\\/www.meydan.tv\\\/az\\\/article\\\/azerbaycan-esgerinin-minaya-dusduyu-bildirilir\\\/\",\"name\":\"Az\u0259rbaycan \u0259sg\u0259rinin minaya d\u00fc\u015fd\u00fcy\u00fc bildirilir - MEYDAN.TV\",\"isPartOf\":{\"@id\":\"https:\\\/\\\/www.meydan.tv\\\/az\\\/#website\"},\"primaryImageOfPage\":{\"@id\":\"https:\\\/\\\/www.meydan.tv\\\/az\\\/article\\\/azerbaycan-esgerinin-minaya-dusduyu-bildirilir\\\/#primaryimage\"},\"image\":{\"@id\":\"https:\\\/\\\/www.meydan.tv\\\/az\\\/article\\\/azerbaycan-esgerinin-minaya-dusduyu-bildirilir\\\/#primaryimage\"},\"thumbnailUrl\":\"https:\\\/\\\/www.meydan.tv\\\/wp-content\\\/uploads\\\/2021-11-08t125211z_619112726_rc26qq9ucy19_rtrmadp_3_armenia-azerbaijan-nagorno-karabakh-scaled.jpg\",\"datePublished\":\"2024-12-20T14:40:06+00:00\",\"dateModified\":\"2024-12-20T14:40:10+00:00\",\"breadcrumb\":{\"@id\":\"https:\\\/\\\/www.meydan.tv\\\/az\\\/article\\\/azerbaycan-esgerinin-minaya-dusduyu-bildirilir\\\/#breadcrumb\"},\"inLanguage\":\"az\",\"potentialAction\":[{\"@type\":\"ReadAction\",\"target\":[\"https:\\\/\\\/www.meydan.tv\\\/az\\\/article\\\/azerbaycan-esgerinin-minaya-dusduyu-bildirilir\\\/\"]}]},{\"@type\":\"ImageObject\",\"inLanguage\":\"az\",\"@id\":\"https:\\\/\\\/www.meydan.tv\\\/az\\\/article\\\/azerbaycan-esgerinin-minaya-dusduyu-bildirilir\\\/#primaryimage\",\"url\":\"https:\\\/\\\/www.meydan.tv\\\/wp-content\\\/uploads\\\/2021-11-08t125211z_619112726_rc26qq9ucy19_rtrmadp_3_armenia-azerbaijan-nagorno-karabakh-scaled.jpg\",\"contentUrl\":\"https:\\\/\\\/www.meydan.tv\\\/wp-content\\\/uploads\\\/2021-11-08t125211z_619112726_rc26qq9ucy19_rtrmadp_3_armenia-azerbaijan-nagorno-karabakh-scaled.jpg\",\"width\":2560,\"height\":1573,\"caption\":\"Az\u0259rbaycan \u0259sg\u0259ri. Foto: REUTERS\\\/Aziz Karimov\"},{\"@type\":\"BreadcrumbList\",\"@id\":\"https:\\\/\\\/www.meydan.tv\\\/az\\\/article\\\/azerbaycan-esgerinin-minaya-dusduyu-bildirilir\\\/#breadcrumb\",\"itemListElement\":[{\"@type\":\"ListItem\",\"position\":1,\"name\":\"Ana s\u0259hif\u0259\",\"item\":\"https:\\\/\\\/www.meydan.tv\\\/az\\\/\"},{\"@type\":\"ListItem\",\"position\":2,\"name\":\"Sosial\",\"item\":\"https:\\\/\\\/www.meydan.tv\\\/az\\\/section\\\/sosial\\\/\"},{\"@type\":\"ListItem\",\"position\":3,\"name\":\"Az\u0259rbaycan \u0259sg\u0259rinin minaya d\u00fc\u015fd\u00fcy\u00fc bildirilir\"}]},{\"@type\":\"WebSite\",\"@id\":\"https:\\\/\\\/www.meydan.tv\\\/az\\\/#website\",\"url\":\"https:\\\/\\\/www.meydan.tv\\\/az\\\/\",\"name\":\"MEYDAN.TV\",\"description\":\"Meydan TV Az\u0259rbaycan\u0131n media m\u0259kan\u0131ndak\u0131 alternativ s\u0259sidir\",\"publisher\":{\"@id\":\"https:\\\/\\\/www.meydan.tv\\\/az\\\/#organization\"},\"potentialAction\":[{\"@type\":\"SearchAction\",\"target\":{\"@type\":\"EntryPoint\",\"urlTemplate\":\"https:\\\/\\\/www.meydan.tv\\\/az\\\/?s={search_term_string}\"},\"query-input\":{\"@type\":\"PropertyValueSpecification\",\"valueRequired\":true,\"valueName\":\"search_term_string\"}}],\"inLanguage\":\"az\"},{\"@type\":\"Organization\",\"@id\":\"https:\\\/\\\/www.meydan.tv\\\/az\\\/#organization\",\"name\":\"Meydan TV\",\"url\":\"https:\\\/\\\/www.meydan.tv\\\/az\\\/\",\"logo\":{\"@type\":\"ImageObject\",\"inLanguage\":\"az\",\"@id\":\"https:\\\/\\\/www.meydan.tv\\\/az\\\/#\\\/schema\\\/logo\\\/image\\\/\",\"url\":\"https:\\\/\\\/www.meydan.tv\\\/wp-content\\\/uploads\\\/2021\\\/07\\\/meydan-logo.svg\",\"contentUrl\":\"https:\\\/\\\/www.meydan.tv\\\/wp-content\\\/uploads\\\/2021\\\/07\\\/meydan-logo.svg\",\"width\":195,\"height\":46,\"caption\":\"Meydan TV\"},\"image\":{\"@id\":\"https:\\\/\\\/www.meydan.tv\\\/az\\\/#\\\/schema\\\/logo\\\/image\\\/\"}},{\"@type\":\"Person\",\"@id\":\"https:\\\/\\\/www.meydan.tv\\\/az\\\/#\\\/schema\\\/person\\\/09863e516102a829e72bedcf3f84c6b0\",\"name\":\"mahmud\"}]}<\/script>\n<!-- \/ Yoast SEO plugin. -->","yoast_head_json":{"title":"Az\u0259rbaycan \u0259sg\u0259rinin minaya d\u00fc\u015fd\u00fcy\u00fc bildirilir - MEYDAN.TV","robots":{"index":"index","follow":"follow","max-snippet":"max-snippet:-1","max-image-preview":"max-image-preview:large","max-video-preview":"max-video-preview:-1"},"canonical":"https:\/\/www.meydan.tv\/az\/article\/azerbaycan-esgerinin-minaya-dusduyu-bildirilir\/","og_locale":"az_AZ","og_type":"article","og_title":"Az\u0259rbaycan \u0259sg\u0259rinin minaya d\u00fc\u015fd\u00fcy\u00fc bildirilir - MEYDAN.TV","og_description":"Nazirlik faktla ba\u011fl\u0131 ara\u015fd\u0131rma apar\u0131ld\u0131\u011f\u0131n\u0131 deyir Az\u0259rbaycan h\u0259rb\u00e7isinin Erm\u0259nistanla \u015f\u0259rti ... Davam\u0131","og_url":"https:\/\/www.meydan.tv\/az\/article\/azerbaycan-esgerinin-minaya-dusduyu-bildirilir\/","og_site_name":"MEYDAN.TV","article_published_time":"2024-12-20T14:40:06+00:00","article_modified_time":"2024-12-20T14:40:10+00:00","og_image":[{"width":2560,"height":1573,"url":"https:\/\/www.meydan.tv\/wp-content\/uploads\/2021-11-08t125211z_619112726_rc26qq9ucy19_rtrmadp_3_armenia-azerbaijan-nagorno-karabakh-scaled.jpg","type":"image\/jpeg"}],"author":"mahmud","twitter_card":"summary_large_image","schema":{"@context":"https:\/\/schema.org","@graph":[{"@type":"Article","@id":"https:\/\/www.meydan.tv\/az\/article\/azerbaycan-esgerinin-minaya-dusduyu-bildirilir\/#article","isPartOf":{"@id":"https:\/\/www.meydan.tv\/az\/article\/azerbaycan-esgerinin-minaya-dusduyu-bildirilir\/"},"author":{"name":"mahmud","@id":"https:\/\/www.meydan.tv\/az\/#\/schema\/person\/09863e516102a829e72bedcf3f84c6b0"},"headline":"Az\u0259rbaycan \u0259sg\u0259rinin minaya d\u00fc\u015fd\u00fcy\u00fc bildirilir","datePublished":"2024-12-20T14:40:06+00:00","dateModified":"2024-12-20T14:40:10+00:00","mainEntityOfPage":{"@id":"https:\/\/www.meydan.tv\/az\/article\/azerbaycan-esgerinin-minaya-dusduyu-bildirilir\/"},"wordCount":162,"publisher":{"@id":"https:\/\/www.meydan.tv\/az\/#organization"},"image":{"@id":"https:\/\/www.meydan.tv\/az\/article\/azerbaycan-esgerinin-minaya-dusduyu-bildirilir\/#primaryimage"},"thumbnailUrl":"https:\/\/www.meydan.tv\/wp-content\/uploads\/2021-11-08t125211z_619112726_rc26qq9ucy19_rtrmadp_3_armenia-azerbaijan-nagorno-karabakh-scaled.jpg","articleSection":["Sosial","T\u00f6vsiy\u0259","X\u0259b\u0259rl\u0259r"],"inLanguage":"az"},{"@type":"WebPage","@id":"https:\/\/www.meydan.tv\/az\/article\/azerbaycan-esgerinin-minaya-dusduyu-bildirilir\/","url":"https:\/\/www.meydan.tv\/az\/article\/azerbaycan-esgerinin-minaya-dusduyu-bildirilir\/","name":"Az\u0259rbaycan \u0259sg\u0259rinin minaya d\u00fc\u015fd\u00fcy\u00fc bildirilir - MEYDAN.TV","isPartOf":{"@id":"https:\/\/www.meydan.tv\/az\/#website"},"primaryImageOfPage":{"@id":"https:\/\/www.meydan.tv\/az\/article\/azerbaycan-esgerinin-minaya-dusduyu-bildirilir\/#primaryimage"},"image":{"@id":"https:\/\/www.meydan.tv\/az\/article\/azerbaycan-esgerinin-minaya-dusduyu-bildirilir\/#primaryimage"},"thumbnailUrl":"https:\/\/www.meydan.tv\/wp-content\/uploads\/2021-11-08t125211z_619112726_rc26qq9ucy19_rtrmadp_3_armenia-azerbaijan-nagorno-karabakh-scaled.jpg","datePublished":"2024-12-20T14:40:06+00:00","dateModified":"2024-12-20T14:40:10+00:00","breadcrumb":{"@id":"https:\/\/www.meydan.tv\/az\/article\/azerbaycan-esgerinin-minaya-dusduyu-bildirilir\/#breadcrumb"},"inLanguage":"az","potentialAction":[{"@type":"ReadAction","target":["https:\/\/www.meydan.tv\/az\/article\/azerbaycan-esgerinin-minaya-dusduyu-bildirilir\/"]}]},{"@type":"ImageObject","inLanguage":"az","@id":"https:\/\/www.meydan.tv\/az\/article\/azerbaycan-esgerinin-minaya-dusduyu-bildirilir\/#primaryimage","url":"https:\/\/www.meydan.tv\/wp-content\/uploads\/2021-11-08t125211z_619112726_rc26qq9ucy19_rtrmadp_3_armenia-azerbaijan-nagorno-karabakh-scaled.jpg","contentUrl":"https:\/\/www.meydan.tv\/wp-content\/uploads\/2021-11-08t125211z_619112726_rc26qq9ucy19_rtrmadp_3_armenia-azerbaijan-nagorno-karabakh-scaled.jpg","width":2560,"height":1573,"caption":"Az\u0259rbaycan \u0259sg\u0259ri. Foto: REUTERS\/Aziz Karimov"},{"@type":"BreadcrumbList","@id":"https:\/\/www.meydan.tv\/az\/article\/azerbaycan-esgerinin-minaya-dusduyu-bildirilir\/#breadcrumb","itemListElement":[{"@type":"ListItem","position":1,"name":"Ana s\u0259hif\u0259","item":"https:\/\/www.meydan.tv\/az\/"},{"@type":"ListItem","position":2,"name":"Sosial","item":"https:\/\/www.meydan.tv\/az\/section\/sosial\/"},{"@type":"ListItem","position":3,"name":"Az\u0259rbaycan \u0259sg\u0259rinin minaya d\u00fc\u015fd\u00fcy\u00fc bildirilir"}]},{"@type":"WebSite","@id":"https:\/\/www.meydan.tv\/az\/#website","url":"https:\/\/www.meydan.tv\/az\/","name":"MEYDAN.TV","description":"Meydan TV Az\u0259rbaycan\u0131n media m\u0259kan\u0131ndak\u0131 alternativ s\u0259sidir","publisher":{"@id":"https:\/\/www.meydan.tv\/az\/#organization"},"potentialAction":[{"@type":"SearchAction","target":{"@type":"EntryPoint","urlTemplate":"https:\/\/www.meydan.tv\/az\/?s={search_term_string}"},"query-input":{"@type":"PropertyValueSpecification","valueRequired":true,"valueName":"search_term_string"}}],"inLanguage":"az"},{"@type":"Organization","@id":"https:\/\/www.meydan.tv\/az\/#organization","name":"Meydan TV","url":"https:\/\/www.meydan.tv\/az\/","logo":{"@type":"ImageObject","inLanguage":"az","@id":"https:\/\/www.meydan.tv\/az\/#\/schema\/logo\/image\/","url":"https:\/\/www.meydan.tv\/wp-content\/uploads\/2021\/07\/meydan-logo.svg","contentUrl":"https:\/\/www.meydan.tv\/wp-content\/uploads\/2021\/07\/meydan-logo.svg","width":195,"height":46,"caption":"Meydan TV"},"image":{"@id":"https:\/\/www.meydan.tv\/az\/#\/schema\/logo\/image\/"}},{"@type":"Person","@id":"https:\/\/www.meydan.tv\/az\/#\/schema\/person\/09863e516102a829e72bedcf3f84c6b0","name":"mahmud"}]}},"_links":{"self":[{"href":"https:\/\/www.meydan.tv\/az\/wp-json\/wp\/v2\/posts\/323082","targetHints":{"allow":["GET"]}}],"collection":[{"href":"https:\/\/www.meydan.tv\/az\/wp-json\/wp\/v2\/posts"}],"about":[{"href":"https:\/\/www.meydan.tv\/az\/wp-json\/wp\/v2\/types\/post"}],"author":[{"embeddable":true,"href":"https:\/\/www.meydan.tv\/az\/wp-json\/wp\/v2\/users\/21"}],"replies":[{"embeddable":true,"href":"https:\/\/www.meydan.tv\/az\/wp-json\/wp\/v2\/comments?post=323082"}],"version-history":[{"count":1,"href":"https:\/\/www.meydan.tv\/az\/wp-json\/wp\/v2\/posts\/323082\/revisions"}],"predecessor-version":[{"id":323083,"href":"https:\/\/www.meydan.tv\/az\/wp-json\/wp\/v2\/posts\/323082\/revisions\/323083"}],"wp:featuredmedia":[{"embeddable":true,"href":"https:\/\/www.meydan.tv\/az\/wp-json\/wp\/v2\/media\/283757"}],"wp:attachment":[{"href":"https:\/\/www.meydan.tv\/az\/wp-json\/wp\/v2\/media?parent=323082"}],"wp:term":[{"taxonomy":"category","embeddable":true,"href":"https:\/\/www.meydan.tv\/az\/wp-json\/wp\/v2\/categories?post=323082"},{"taxonomy":"post_tag","embeddable":true,"href":"https:\/\/www.meydan.tv\/az\/wp-json\/wp\/v2\/tags?post=323082"}],"curies":[{"name":"wp","href":"https:\/\/api.w.org\/{rel}","templated":true}]}}