{"id":323022,"date":"2024-12-19T21:58:04","date_gmt":"2024-12-19T17:58:04","guid":{"rendered":"https:\/\/www.meydan.tv\/?p=323022"},"modified":"2024-12-19T21:58:07","modified_gmt":"2024-12-19T17:58:07","slug":"qafar-demirci-azadliga-buraxilib","status":"publish","type":"post","link":"https:\/\/www.meydan.tv\/az\/article\/qafar-demirci-azadliga-buraxilib\/","title":{"rendered":"Qafar D\u0259mir\u00e7i azadl\u0131\u011fa burax\u0131l\u0131b"},"content":{"rendered":"\n<p><\/p>\n\n\n\n<p><em><strong>Prokurorlu\u011fun t\u0259qdimat\u0131yla N\u0259rimanov Rayon M\u0259hk\u0259m\u0259si onunla ba\u011fl\u0131 h\u0259bs q\u0259rar\u0131n\u0131 l\u0259\u011fv edib<\/strong><\/em><\/p>\n\n\n\n<p>\u201cDemirchi Tower\u201d, \u201cCaspian Business Center\u201d, \u201cCaspian Plaza\u201d v\u0259 ba\u015fqa biznes m\u0259rk\u0259zl\u0259rinin daxil oldu\u011fu \u201cAQA \u015eirk\u0259tl\u0259r Qrupu\u201dnun vitse-prezidenti v\u0259 icra\u00e7\u0131 direktoru Qafar D\u0259mir\u00e7i bir h\u0259ft\u0259 h\u0259bsd\u0259 saxland\u0131qdan sonra dekabr\u0131n 19-da ax\u015fam saatlar\u0131nda K\u00fcrd\u0259xan\u0131dak\u0131 Bak\u0131 \u0130stintaq T\u0259cridxanas\u0131ndan azadl\u0131\u011fa burax\u0131l\u0131b.<\/p>\n\n\n\n<p>Prokurorlu\u011fun t\u0259qdimat\u0131yla N\u0259rimanov Rayon M\u0259hk\u0259m\u0259si onun haqq\u0131nda h\u0259bs q\u0259timkan t\u0259dbirini l\u0259\u011fv edib.<\/p>\n\n\n\n<p>1986-c\u0131 il t\u0259v\u0259ll\u00fcdd\u00fc Qafar D\u0259mir\u00e7i \u201cAQA \u015eirk\u0259tl\u0259r Qrupu\u201dna daxil olan \u201cMonte Ferro\u201d \u015firk\u0259ti vasit\u0259sil\u0259 \u015e\u0259ki rayonunun G\u00f6yn\u00fck k\u0259ndi \u0259razisind\u0259 me\u015f\u0259 zola\u011f\u0131n\u0131 m\u0259hv ed\u0259r\u0259k, t\u0259bi\u0259t\u0259 8 milyon manatdan art\u0131q ziyan vurmaqda ittiham olunur.<\/p>\n\n\n\n<p>Onu dekabr\u0131n 12-d\u0259 M\u00fct\u0259\u015f\u0259kkil Cinay\u0259tkarl\u0131\u011fa Qar\u015f\u0131 M\u00fcbariz\u0259 \u0130dar\u0259sinin \u0259m\u0259kda\u015flar\u0131 tutub v\u0259 Cinay\u0259t M\u0259c\u0259ll\u0259sinin 259-cu (qanunsuz a\u011fac k\u0259sm\u0259) madd\u0259sil\u0259 ittiham ir\u0259li s\u00fcr\u00fcl\u00fcb.<\/p>\n\n\n\n<p>M\u00fcxt\u0259lif n\u00f6v a\u011faclar\u0131n k\u0259silm\u0259si n\u0259tic\u0259sind\u0259 vuruldu\u011fu iddia edil\u0259n 8 milyon manatdan art\u0131q ziyan\u0131 D\u0259mir\u00e7i ail\u0259si prokurorlu\u011fun depozit hesab\u0131na k\u00f6\u00e7\u00fcr\u00fcb.<\/p>\n\n\n\n<p>Prokurorlu\u011fun onun haqq\u0131nda h\u0259bs q\u0259rar\u0131n\u0131n l\u0259\u011fvi \u00fc\u00e7\u00fcn t\u0259qdimat\u0131nda da \u0259sas s\u0259b\u0259b kimi, ziyan\u0131n \u00f6d\u0259nilm\u0259si g\u00f6st\u0259rilib.<\/p>\n\n\n\n<p>Dekabr\u0131n 19-da ke\u00e7iril\u0259n m\u0259hk\u0259m\u0259d\u0259 Qafar D\u0259mir\u00e7inin \u00f6z\u00fcn\u00fcn i\u015ftirak etm\u0259diyi, online qaydada qo\u015fuldu\u011fu bildirilir.<\/p>\n\n\n\n<p>Qafar D\u0259mir\u00e7id\u0259n ba\u015fqa, \u201cMonte Ferro\u201d \u015firk\u0259tinin 3 \u0259m\u0259kda\u015f\u0131 da h\u0259bs edilmi\u015fdi. Onlar haqq\u0131nda da h\u0259bs q\u0259timkan t\u0259dbiri l\u0259\u011fv edilib.<\/p>\n\n\n\n<p>Dekabr\u0131n 19-da h\u0259m\u00e7inin Qafar D\u0259mir\u00e7inin atas\u0131, \u00e7oxsayl\u0131 biznes m\u0259rk\u0259zl\u0259ri \u2013 plazalar\u0131n daxil oldu\u011fu \u201cAQA \u015eirk\u0259tl\u0259r Qrupu\u201dnun r\u0259hb\u0259ri Ayd\u0131n D\u0259mir\u00e7i me\u015f\u0259l\u0259rd\u0259 a\u011faclar\u0131n k\u0259silm\u0259sin\u0259 g\u00f6r\u0259 \u00fczr ist\u0259yib.<\/p>\n\n\n\n<p>Bu bar\u0259d\u0259 APA TV m\u0259lumat yay\u0131b:<\/p>\n\n\n\n<p><em>\u201cYaranm\u0131\u015f diqq\u0259tsizliyi i\u015f\u00e7il\u0259rimizin qeyri-pe\u015f\u0259kar v\u0259 m\u0259suliyy\u0259tsiz davranma\u011f\u0131 il\u0259 \u0259laq\u0259l\u0259ndiririk. Bununla ba\u011fl\u0131 olaraq m\u0259n \u00f6lk\u0259 ictimaiyy\u0259tind\u0259n \u00fczr ist\u0259yir\u0259m. V\u0259 s\u00f6z verir\u0259m ki, bu torpaqlarda me\u015f\u0259 a\u011faclar\u0131 \u0259kil\u0259c\u0259k, me\u015f\u0259 \u00f6rt\u00fcy\u00fc tam \u015f\u0259kild\u0259 b\u0259rpa edil\u0259c\u0259k. Biz Ekologiya v\u0259 T\u0259bii S\u0259rv\u0259tl\u0259r Nazirliyi il\u0259 birlikd\u0259 bu i\u015f\u0259 art\u0131q ba\u015flam\u0131\u015f\u0131q. G\u00f6r\u00fcl\u0259n t\u0259dbirl\u0259r, apar\u0131lan i\u015fl\u0259r bar\u0259d\u0259 \u00f6lk\u0259 ictimaiyy\u0259tini m\u00fct\u0259madi olaraq x\u0259b\u0259rdar ed\u0259c\u0259yik\u201d.<\/em><\/p>\n","protected":false},"excerpt":{"rendered":"<p>Prokurorlu\u011fun t\u0259qdimat\u0131yla N\u0259rimanov Rayon M\u0259hk\u0259m\u0259si onunla ba\u011fl\u0131 h\u0259bs q\u0259rar\u0131n\u0131 l\u0259\u011fv &#8230; <\/p>\n<p class=\"read-more-container\"><a title=\"Qafar D\u0259mir\u00e7i azadl\u0131\u011fa burax\u0131l\u0131b\" class=\"read-more button\" href=\"https:\/\/www.meydan.tv\/az\/article\/qafar-demirci-azadliga-buraxilib\/#more-323022\" aria-label=\"Read more about Qafar D\u0259mir\u00e7i azadl\u0131\u011fa burax\u0131l\u0131b\">Davam\u0131<\/a><\/p>\n","protected":false},"author":21,"featured_media":322636,"comment_status":"closed","ping_status":"closed","sticky":false,"template":"","format":"standard","meta":{"_acf_changed":false,"_sitemap_exclude":false,"_sitemap_priority":"","_sitemap_frequency":"","footnotes":""},"categories":[62,79,56],"tags":[],"class_list":["post-323022","post","type-post","status-publish","format-standard","has-post-thumbnail","hentry","category-sosial","category-featured","category-xeberler","infinite-scroll-item","generate-columns","tablet-grid-50","mobile-grid-100","grid-parent","grid-33","no-featured-image-padding"],"acf":[],"yoast_head":"<!-- This site is optimized with the Yoast SEO plugin v27.4 - https:\/\/yoast.com\/product\/yoast-seo-wordpress\/ -->\n<title>Qafar D\u0259mir\u00e7i azadl\u0131\u011fa burax\u0131l\u0131b - MEYDAN.TV<\/title>\n<meta name=\"robots\" content=\"index, follow, max-snippet:-1, max-image-preview:large, max-video-preview:-1\" \/>\n<link rel=\"canonical\" href=\"https:\/\/www.meydan.tv\/az\/article\/qafar-demirci-azadliga-buraxilib\/\" \/>\n<meta property=\"og:locale\" content=\"az_AZ\" \/>\n<meta property=\"og:type\" content=\"article\" \/>\n<meta property=\"og:title\" content=\"Qafar D\u0259mir\u00e7i azadl\u0131\u011fa burax\u0131l\u0131b - MEYDAN.TV\" \/>\n<meta property=\"og:description\" content=\"Prokurorlu\u011fun t\u0259qdimat\u0131yla N\u0259rimanov Rayon M\u0259hk\u0259m\u0259si onunla ba\u011fl\u0131 h\u0259bs q\u0259rar\u0131n\u0131 l\u0259\u011fv ... Davam\u0131\" \/>\n<meta property=\"og:url\" content=\"https:\/\/www.meydan.tv\/az\/article\/qafar-demirci-azadliga-buraxilib\/\" \/>\n<meta property=\"og:site_name\" content=\"MEYDAN.TV\" \/>\n<meta property=\"article:published_time\" content=\"2024-12-19T17:58:04+00:00\" \/>\n<meta property=\"article:modified_time\" content=\"2024-12-19T17:58:07+00:00\" \/>\n<meta property=\"og:image\" content=\"https:\/\/www.meydan.tv\/wp-content\/uploads\/maxresdefault-27.jpg\" \/>\n\t<meta property=\"og:image:width\" content=\"1280\" \/>\n\t<meta property=\"og:image:height\" content=\"720\" \/>\n\t<meta property=\"og:image:type\" content=\"image\/jpeg\" \/>\n<meta name=\"author\" content=\"mahmud\" \/>\n<meta name=\"twitter:card\" content=\"summary_large_image\" \/>\n<script type=\"application\/ld+json\" class=\"yoast-schema-graph\">{\"@context\":\"https:\\\/\\\/schema.org\",\"@graph\":[{\"@type\":\"Article\",\"@id\":\"https:\\\/\\\/www.meydan.tv\\\/az\\\/article\\\/qafar-demirci-azadliga-buraxilib\\\/#article\",\"isPartOf\":{\"@id\":\"https:\\\/\\\/www.meydan.tv\\\/az\\\/article\\\/qafar-demirci-azadliga-buraxilib\\\/\"},\"author\":{\"name\":\"mahmud\",\"@id\":\"https:\\\/\\\/www.meydan.tv\\\/az\\\/#\\\/schema\\\/person\\\/09863e516102a829e72bedcf3f84c6b0\"},\"headline\":\"Qafar D\u0259mir\u00e7i azadl\u0131\u011fa burax\u0131l\u0131b\",\"datePublished\":\"2024-12-19T17:58:04+00:00\",\"dateModified\":\"2024-12-19T17:58:07+00:00\",\"mainEntityOfPage\":{\"@id\":\"https:\\\/\\\/www.meydan.tv\\\/az\\\/article\\\/qafar-demirci-azadliga-buraxilib\\\/\"},\"wordCount\":495,\"publisher\":{\"@id\":\"https:\\\/\\\/www.meydan.tv\\\/az\\\/#organization\"},\"image\":{\"@id\":\"https:\\\/\\\/www.meydan.tv\\\/az\\\/article\\\/qafar-demirci-azadliga-buraxilib\\\/#primaryimage\"},\"thumbnailUrl\":\"https:\\\/\\\/www.meydan.tv\\\/wp-content\\\/uploads\\\/maxresdefault-27.jpg\",\"articleSection\":[\"Sosial\",\"T\u00f6vsiy\u0259\",\"X\u0259b\u0259rl\u0259r\"],\"inLanguage\":\"az\"},{\"@type\":\"WebPage\",\"@id\":\"https:\\\/\\\/www.meydan.tv\\\/az\\\/article\\\/qafar-demirci-azadliga-buraxilib\\\/\",\"url\":\"https:\\\/\\\/www.meydan.tv\\\/az\\\/article\\\/qafar-demirci-azadliga-buraxilib\\\/\",\"name\":\"Qafar D\u0259mir\u00e7i azadl\u0131\u011fa burax\u0131l\u0131b - MEYDAN.TV\",\"isPartOf\":{\"@id\":\"https:\\\/\\\/www.meydan.tv\\\/az\\\/#website\"},\"primaryImageOfPage\":{\"@id\":\"https:\\\/\\\/www.meydan.tv\\\/az\\\/article\\\/qafar-demirci-azadliga-buraxilib\\\/#primaryimage\"},\"image\":{\"@id\":\"https:\\\/\\\/www.meydan.tv\\\/az\\\/article\\\/qafar-demirci-azadliga-buraxilib\\\/#primaryimage\"},\"thumbnailUrl\":\"https:\\\/\\\/www.meydan.tv\\\/wp-content\\\/uploads\\\/maxresdefault-27.jpg\",\"datePublished\":\"2024-12-19T17:58:04+00:00\",\"dateModified\":\"2024-12-19T17:58:07+00:00\",\"breadcrumb\":{\"@id\":\"https:\\\/\\\/www.meydan.tv\\\/az\\\/article\\\/qafar-demirci-azadliga-buraxilib\\\/#breadcrumb\"},\"inLanguage\":\"az\",\"potentialAction\":[{\"@type\":\"ReadAction\",\"target\":[\"https:\\\/\\\/www.meydan.tv\\\/az\\\/article\\\/qafar-demirci-azadliga-buraxilib\\\/\"]}]},{\"@type\":\"ImageObject\",\"inLanguage\":\"az\",\"@id\":\"https:\\\/\\\/www.meydan.tv\\\/az\\\/article\\\/qafar-demirci-azadliga-buraxilib\\\/#primaryimage\",\"url\":\"https:\\\/\\\/www.meydan.tv\\\/wp-content\\\/uploads\\\/maxresdefault-27.jpg\",\"contentUrl\":\"https:\\\/\\\/www.meydan.tv\\\/wp-content\\\/uploads\\\/maxresdefault-27.jpg\",\"width\":1280,\"height\":720,\"caption\":\"Foto: Youtube-dan screenshot\"},{\"@type\":\"BreadcrumbList\",\"@id\":\"https:\\\/\\\/www.meydan.tv\\\/az\\\/article\\\/qafar-demirci-azadliga-buraxilib\\\/#breadcrumb\",\"itemListElement\":[{\"@type\":\"ListItem\",\"position\":1,\"name\":\"Ana s\u0259hif\u0259\",\"item\":\"https:\\\/\\\/www.meydan.tv\\\/az\\\/\"},{\"@type\":\"ListItem\",\"position\":2,\"name\":\"Sosial\",\"item\":\"https:\\\/\\\/www.meydan.tv\\\/az\\\/section\\\/sosial\\\/\"},{\"@type\":\"ListItem\",\"position\":3,\"name\":\"Qafar D\u0259mir\u00e7i azadl\u0131\u011fa burax\u0131l\u0131b\"}]},{\"@type\":\"WebSite\",\"@id\":\"https:\\\/\\\/www.meydan.tv\\\/az\\\/#website\",\"url\":\"https:\\\/\\\/www.meydan.tv\\\/az\\\/\",\"name\":\"MEYDAN.TV\",\"description\":\"Meydan TV Az\u0259rbaycan\u0131n media m\u0259kan\u0131ndak\u0131 alternativ s\u0259sidir\",\"publisher\":{\"@id\":\"https:\\\/\\\/www.meydan.tv\\\/az\\\/#organization\"},\"potentialAction\":[{\"@type\":\"SearchAction\",\"target\":{\"@type\":\"EntryPoint\",\"urlTemplate\":\"https:\\\/\\\/www.meydan.tv\\\/az\\\/?s={search_term_string}\"},\"query-input\":{\"@type\":\"PropertyValueSpecification\",\"valueRequired\":true,\"valueName\":\"search_term_string\"}}],\"inLanguage\":\"az\"},{\"@type\":\"Organization\",\"@id\":\"https:\\\/\\\/www.meydan.tv\\\/az\\\/#organization\",\"name\":\"Meydan TV\",\"url\":\"https:\\\/\\\/www.meydan.tv\\\/az\\\/\",\"logo\":{\"@type\":\"ImageObject\",\"inLanguage\":\"az\",\"@id\":\"https:\\\/\\\/www.meydan.tv\\\/az\\\/#\\\/schema\\\/logo\\\/image\\\/\",\"url\":\"https:\\\/\\\/www.meydan.tv\\\/wp-content\\\/uploads\\\/2021\\\/07\\\/meydan-logo.svg\",\"contentUrl\":\"https:\\\/\\\/www.meydan.tv\\\/wp-content\\\/uploads\\\/2021\\\/07\\\/meydan-logo.svg\",\"width\":195,\"height\":46,\"caption\":\"Meydan TV\"},\"image\":{\"@id\":\"https:\\\/\\\/www.meydan.tv\\\/az\\\/#\\\/schema\\\/logo\\\/image\\\/\"}},{\"@type\":\"Person\",\"@id\":\"https:\\\/\\\/www.meydan.tv\\\/az\\\/#\\\/schema\\\/person\\\/09863e516102a829e72bedcf3f84c6b0\",\"name\":\"mahmud\"}]}<\/script>\n<!-- \/ Yoast SEO plugin. -->","yoast_head_json":{"title":"Qafar D\u0259mir\u00e7i azadl\u0131\u011fa burax\u0131l\u0131b - MEYDAN.TV","robots":{"index":"index","follow":"follow","max-snippet":"max-snippet:-1","max-image-preview":"max-image-preview:large","max-video-preview":"max-video-preview:-1"},"canonical":"https:\/\/www.meydan.tv\/az\/article\/qafar-demirci-azadliga-buraxilib\/","og_locale":"az_AZ","og_type":"article","og_title":"Qafar D\u0259mir\u00e7i azadl\u0131\u011fa burax\u0131l\u0131b - MEYDAN.TV","og_description":"Prokurorlu\u011fun t\u0259qdimat\u0131yla N\u0259rimanov Rayon M\u0259hk\u0259m\u0259si onunla ba\u011fl\u0131 h\u0259bs q\u0259rar\u0131n\u0131 l\u0259\u011fv ... Davam\u0131","og_url":"https:\/\/www.meydan.tv\/az\/article\/qafar-demirci-azadliga-buraxilib\/","og_site_name":"MEYDAN.TV","article_published_time":"2024-12-19T17:58:04+00:00","article_modified_time":"2024-12-19T17:58:07+00:00","og_image":[{"width":1280,"height":720,"url":"https:\/\/www.meydan.tv\/wp-content\/uploads\/maxresdefault-27.jpg","type":"image\/jpeg"}],"author":"mahmud","twitter_card":"summary_large_image","schema":{"@context":"https:\/\/schema.org","@graph":[{"@type":"Article","@id":"https:\/\/www.meydan.tv\/az\/article\/qafar-demirci-azadliga-buraxilib\/#article","isPartOf":{"@id":"https:\/\/www.meydan.tv\/az\/article\/qafar-demirci-azadliga-buraxilib\/"},"author":{"name":"mahmud","@id":"https:\/\/www.meydan.tv\/az\/#\/schema\/person\/09863e516102a829e72bedcf3f84c6b0"},"headline":"Qafar D\u0259mir\u00e7i azadl\u0131\u011fa burax\u0131l\u0131b","datePublished":"2024-12-19T17:58:04+00:00","dateModified":"2024-12-19T17:58:07+00:00","mainEntityOfPage":{"@id":"https:\/\/www.meydan.tv\/az\/article\/qafar-demirci-azadliga-buraxilib\/"},"wordCount":495,"publisher":{"@id":"https:\/\/www.meydan.tv\/az\/#organization"},"image":{"@id":"https:\/\/www.meydan.tv\/az\/article\/qafar-demirci-azadliga-buraxilib\/#primaryimage"},"thumbnailUrl":"https:\/\/www.meydan.tv\/wp-content\/uploads\/maxresdefault-27.jpg","articleSection":["Sosial","T\u00f6vsiy\u0259","X\u0259b\u0259rl\u0259r"],"inLanguage":"az"},{"@type":"WebPage","@id":"https:\/\/www.meydan.tv\/az\/article\/qafar-demirci-azadliga-buraxilib\/","url":"https:\/\/www.meydan.tv\/az\/article\/qafar-demirci-azadliga-buraxilib\/","name":"Qafar D\u0259mir\u00e7i azadl\u0131\u011fa burax\u0131l\u0131b - MEYDAN.TV","isPartOf":{"@id":"https:\/\/www.meydan.tv\/az\/#website"},"primaryImageOfPage":{"@id":"https:\/\/www.meydan.tv\/az\/article\/qafar-demirci-azadliga-buraxilib\/#primaryimage"},"image":{"@id":"https:\/\/www.meydan.tv\/az\/article\/qafar-demirci-azadliga-buraxilib\/#primaryimage"},"thumbnailUrl":"https:\/\/www.meydan.tv\/wp-content\/uploads\/maxresdefault-27.jpg","datePublished":"2024-12-19T17:58:04+00:00","dateModified":"2024-12-19T17:58:07+00:00","breadcrumb":{"@id":"https:\/\/www.meydan.tv\/az\/article\/qafar-demirci-azadliga-buraxilib\/#breadcrumb"},"inLanguage":"az","potentialAction":[{"@type":"ReadAction","target":["https:\/\/www.meydan.tv\/az\/article\/qafar-demirci-azadliga-buraxilib\/"]}]},{"@type":"ImageObject","inLanguage":"az","@id":"https:\/\/www.meydan.tv\/az\/article\/qafar-demirci-azadliga-buraxilib\/#primaryimage","url":"https:\/\/www.meydan.tv\/wp-content\/uploads\/maxresdefault-27.jpg","contentUrl":"https:\/\/www.meydan.tv\/wp-content\/uploads\/maxresdefault-27.jpg","width":1280,"height":720,"caption":"Foto: Youtube-dan screenshot"},{"@type":"BreadcrumbList","@id":"https:\/\/www.meydan.tv\/az\/article\/qafar-demirci-azadliga-buraxilib\/#breadcrumb","itemListElement":[{"@type":"ListItem","position":1,"name":"Ana s\u0259hif\u0259","item":"https:\/\/www.meydan.tv\/az\/"},{"@type":"ListItem","position":2,"name":"Sosial","item":"https:\/\/www.meydan.tv\/az\/section\/sosial\/"},{"@type":"ListItem","position":3,"name":"Qafar D\u0259mir\u00e7i azadl\u0131\u011fa burax\u0131l\u0131b"}]},{"@type":"WebSite","@id":"https:\/\/www.meydan.tv\/az\/#website","url":"https:\/\/www.meydan.tv\/az\/","name":"MEYDAN.TV","description":"Meydan TV Az\u0259rbaycan\u0131n media m\u0259kan\u0131ndak\u0131 alternativ s\u0259sidir","publisher":{"@id":"https:\/\/www.meydan.tv\/az\/#organization"},"potentialAction":[{"@type":"SearchAction","target":{"@type":"EntryPoint","urlTemplate":"https:\/\/www.meydan.tv\/az\/?s={search_term_string}"},"query-input":{"@type":"PropertyValueSpecification","valueRequired":true,"valueName":"search_term_string"}}],"inLanguage":"az"},{"@type":"Organization","@id":"https:\/\/www.meydan.tv\/az\/#organization","name":"Meydan TV","url":"https:\/\/www.meydan.tv\/az\/","logo":{"@type":"ImageObject","inLanguage":"az","@id":"https:\/\/www.meydan.tv\/az\/#\/schema\/logo\/image\/","url":"https:\/\/www.meydan.tv\/wp-content\/uploads\/2021\/07\/meydan-logo.svg","contentUrl":"https:\/\/www.meydan.tv\/wp-content\/uploads\/2021\/07\/meydan-logo.svg","width":195,"height":46,"caption":"Meydan TV"},"image":{"@id":"https:\/\/www.meydan.tv\/az\/#\/schema\/logo\/image\/"}},{"@type":"Person","@id":"https:\/\/www.meydan.tv\/az\/#\/schema\/person\/09863e516102a829e72bedcf3f84c6b0","name":"mahmud"}]}},"_links":{"self":[{"href":"https:\/\/www.meydan.tv\/az\/wp-json\/wp\/v2\/posts\/323022","targetHints":{"allow":["GET"]}}],"collection":[{"href":"https:\/\/www.meydan.tv\/az\/wp-json\/wp\/v2\/posts"}],"about":[{"href":"https:\/\/www.meydan.tv\/az\/wp-json\/wp\/v2\/types\/post"}],"author":[{"embeddable":true,"href":"https:\/\/www.meydan.tv\/az\/wp-json\/wp\/v2\/users\/21"}],"replies":[{"embeddable":true,"href":"https:\/\/www.meydan.tv\/az\/wp-json\/wp\/v2\/comments?post=323022"}],"version-history":[{"count":1,"href":"https:\/\/www.meydan.tv\/az\/wp-json\/wp\/v2\/posts\/323022\/revisions"}],"predecessor-version":[{"id":323023,"href":"https:\/\/www.meydan.tv\/az\/wp-json\/wp\/v2\/posts\/323022\/revisions\/323023"}],"wp:featuredmedia":[{"embeddable":true,"href":"https:\/\/www.meydan.tv\/az\/wp-json\/wp\/v2\/media\/322636"}],"wp:attachment":[{"href":"https:\/\/www.meydan.tv\/az\/wp-json\/wp\/v2\/media?parent=323022"}],"wp:term":[{"taxonomy":"category","embeddable":true,"href":"https:\/\/www.meydan.tv\/az\/wp-json\/wp\/v2\/categories?post=323022"},{"taxonomy":"post_tag","embeddable":true,"href":"https:\/\/www.meydan.tv\/az\/wp-json\/wp\/v2\/tags?post=323022"}],"curies":[{"name":"wp","href":"https:\/\/api.w.org\/{rel}","templated":true}]}}