{"id":322920,"date":"2024-12-18T15:22:11","date_gmt":"2024-12-18T11:22:11","guid":{"rendered":"https:\/\/www.meydan.tv\/?p=322920"},"modified":"2024-12-18T17:29:30","modified_gmt":"2024-12-18T13:29:30","slug":"ilham-eliyev-azerbaycan-mediasi-xaricden-hetta-1-faiz-bele-maliyyelese-bilmez","status":"publish","type":"post","link":"https:\/\/www.meydan.tv\/az\/article\/ilham-eliyev-azerbaycan-mediasi-xaricden-hetta-1-faiz-bele-maliyyelese-bilmez\/","title":{"rendered":"\u0130lham \u018fliyev: \u201cAz\u0259rbaycan medias\u0131 xaricd\u0259n h\u0259tta 1 faiz bel\u0259 maliyy\u0259l\u0259\u015f\u0259 bilm\u0259z\u201d"},"content":{"rendered":"\n<p><strong><em>\u201cBiz AB\u015e-d\u0259 media maliyy\u0259l\u0259\u015fdirmirik. Niy\u0259 onlar bizim median\u0131 maliyy\u0259l\u0259\u015fdirm\u0259lidirl\u0259r?!\u201d<\/em><\/strong><\/p>\n\n\n\n<p>Az\u0259rbaycan Prezidenti \u0130lham \u018fliyev Rusiyan\u0131n bir ne\u00e7\u0259 m\u0259tbu v\u0259 media orqan\u0131na m\u00fcsahib\u0259 <a href=\"https:\/\/azertag.az\/xeber\/prezident_ilham_eliyev_rossiya_seqodnya_quot_beynelxalq_informasiya_agentliyinin_bas_direktoru_dmitri_kiselyova_musahibe_verib__yenilenib-3336663\" target=\"_blank\" rel=\"noreferrer noopener\">verib<\/a>.<\/p>\n\n\n\n<p>\u0130lham \u018fliyev G\u00fcrc\u00fcstan\u0131 Q\u0259rbin apard\u0131\u011f\u0131 \u201cQafqaz u\u011frunda d\u00f6y\u00fc\u015fd\u0259 m\u00fch\u00fcm amil\u201d adland\u0131r\u0131b.<\/p>\n\n\n\n<p>\u018fliyevin s\u00f6zl\u0259rin\u0259 g\u00f6r\u0259, Az\u0259rbaycan G\u00fcrc\u00fcstanda sabit siyasi v\u0259ziyy\u0259tin olmas\u0131nda maraql\u0131d\u0131r.<\/p>\n\n\n\n<p><em>\u201c\u018fsrl\u0259r boyu xalqlar\u0131m\u0131z s\u00fclh v\u0259 \u0259min-amanl\u0131q \u015f\u0259raitind\u0259 ya\u015fay\u0131b, ona g\u00f6r\u0259 d\u0259 G\u00fcrc\u00fcstanda sabitliyin pozulmas\u0131 v\u0259 ya pozulmas\u0131na c\u0259hd\u00a0 t\u0259hl\u00fck\u0259si Az\u0259rbaycan \u00fc\u00e7\u00fcn oldu\u011fu kimi G\u00fcrc\u00fcstan \u00fc\u00e7\u00fcn d\u0259 z\u0259r\u0259rlidir\u201d<\/em>, &#8211; \u018fliyev m\u00fcsahib\u0259sind\u0259 bildirib.<\/p>\n\n\n\n<p>\u018fliyev Q\u0259rb d\u00f6vl\u0259tl\u0259rinin G\u00fcrc\u00fcstanda daxili prosesl\u0259r\u0259 \u0259h\u0259miyy\u0259tli xarici t\u0259sirind\u0259n d\u0259 dan\u0131\u015f\u0131b, xaricd\u0259n maliyy\u0259l\u0259\u015f\u0259n minl\u0259rl\u0259 qeyri-h\u00f6kum\u0259t t\u0259\u015fkilat\u0131n\u0131n f\u0259aliyy\u0259tini qeyd edib.<\/p>\n\n\n\n<p>O, Rusiyan\u0131n USA\u0130D-in f\u0259aliyy\u0259tini qada\u011fan etm\u0259k q\u0259rar\u0131n\u0131 da t\u0259sdiql\u0259yib.<\/p>\n\n\n\n<p><em>\u201cYen\u0259 d\u0259 xarici t\u0259sirl\u0259r\u0259 qay\u0131d\u0131ram. M\u0259lum olub ki, G\u00fcrc\u00fcstanda Q\u0259rbd\u0259n maliyy\u0259l\u0259\u015f\u0259n minl\u0259rl\u0259 qeyri-h\u00f6kum\u0259t t\u0259\u015fkilatlar\u0131 f\u0259aliyy\u0259t g\u00f6st\u0259rir v\u0259 bu t\u0259\u015fkilatlarda i\u015fl\u0259y\u0259n v\u0259 ya maa\u015f alan adamlar, b\u0259lk\u0259 d\u0259, on minl\u0259rl\u0259dir. Amma biz bunu t\u0259nziml\u0259mi\u015fik. Az\u0259rbaycan medias\u0131 xaricd\u0259n h\u0259tta 1 faiz bel\u0259 maliyy\u0259l\u0259\u015f\u0259 bilm\u0259z. Biz AB\u015e-d\u0259 media maliyy\u0259l\u0259\u015fdirmirik. Niy\u0259 onlar bizim median\u0131 maliyy\u0259l\u0259\u015fdirm\u0259lidirl\u0259r?! Laz\u0131m deyil. Onlar \u201cAmerikan\u0131n s\u0259si\u201d v\u0259 \u201cAzadl\u0131q&#8221; radiosu kimi \u0259lalt\u0131 resurslar\u0131 vasit\u0259sil\u0259 gec\u0259-g\u00fcnd\u00fcz xalq\u0131m\u0131za, \u00f6lk\u0259miz\u0259 qara yax\u0131rlar, Erm\u0259nistan \u00fcz\u0259rind\u0259 q\u0259l\u0259b\u0259miz\u0259 k\u00f6lg\u0259 sal\u0131rlar\u201d<\/em>, &#8211; \u0130lham \u018fliyev qeyd edib.<\/p>\n\n\n\n<p>\u0130lham \u018fliyev m\u00fcsahib\u0259sind\u0259 h\u0259m\u00e7inin bildirib ki, COP29 zaman\u0131 Az\u0259rbaycan\u0131n \u00fczl\u0259\u015fdiyi \u0259sas \u00e7\u0259tinlik zaman\u0131n azl\u0131\u011f\u0131 olub.&nbsp;<\/p>\n\n\n\n<p>Az\u0259rbaycan c\u0259mi 11 ay\u0131n i\u00e7ind\u0259 bu n\u0259h\u0259ng t\u0259dbir\u0259 haz\u0131rla\u015f\u0131b.&nbsp;<\/p>\n\n\n\n<p>\u018fliyev Q\u0259rb K\u0130V-ind\u0259 Az\u0259rbaycanla ba\u011fl\u0131 ged\u0259n x\u0259b\u0259rl\u0259r\u0259 d\u0259 reaksiya verib:<\/p>\n\n\n\n<p><em>\u201c\u201dThe Washington Post\u201d, \u201cThe New York Times\u201d,\u00a0 \u201cLe Figaro\u201d, \u201cLe Monde\u201d &#8211; yalan\u00e7\u0131 d\u00f6rdl\u00fck h\u0259r g\u00fcn Az\u0259rbaycana qar\u015f\u0131 m\u0259qal\u0259l\u0259r yay\u0131mlay\u0131b. Bu x\u0259b\u0259rl\u0259r biz\u0259 \u00e7\u0259tinlik yaratmad\u0131. Bu c\u00fcr x\u0259b\u0259rl\u0259r sad\u0259c\u0259 ikrah hissi yarad\u0131r<\/em>\u201d, &#8211; Prezident deyib.<\/p>\n\n\n\n<p>\u0130lham \u018fliyev qeyd edib ki, Az\u0259rbaycan\u0131n qlobal qaz emissiyalar\u0131nda pay\u0131 0,1% t\u0259\u015fkil edir.&nbsp;<\/p>\n\n\n\n<p>AB\u015e-d\u0259 12%, Avropa \u0130ttifaq\u0131nda is\u0259 daha \u00e7oxdur.<\/p>\n\n\n\n<p><em>\u201cXarici siyas\u0259tinin x\u00fcsusiyy\u0259tl\u0259rin\u0259 g\u00f6r\u0259 ist\u0259r Q\u0259rbd\u0259, ist\u0259rs\u0259 d\u0259 \u015e\u0259rqd\u0259 Az\u0259rbaycan m\u00fcst\u0259qil xarici siyas\u0259t y\u00fcr\u00fcd\u0259n tamamil\u0259 m\u00fcst\u0259qil aktor kimi q\u0259bul edilir. H\u0259m d\u0259 ona g\u00f6r\u0259 ki, bu, eyni zamanda h\u0259m Rusiyan\u0131n, h\u0259m d\u0259 NATO \u00fczv\u00fc T\u00fcrkiy\u0259nin m\u00fctt\u0259fiqi olan yegan\u0259 \u00f6lk\u0259dir. D\u00fcnyada ikinci bel\u0259 \u00f6lk\u0259 yoxdur\u201d<\/em>, &#8211; Prezident deyib.<\/p>\n\n\n\n<p>Prezident \u0130lham \u018fliyev h\u0259m\u00e7inin deyib ki, haz\u0131rda Makron rejimi Fransan\u0131 \u201cu\u011fursuz d\u00f6vl\u0259t\u201d\u0259 \u00e7evirir:<\/p>\n\n\n\n<p><em>\u201cAvropan\u0131n m\u0259rk\u0259zind\u0259 &#8211; Korsikada onlar (Fransa &#8211; red) Korsika dilini qada\u011fan edirl\u0259rs\u0259, bu dilin ictimai yerl\u0259rd\u0259 istifad\u0259sin\u0259 icaz\u0259 vermirl\u0259rs\u0259, o zaman Yeni Kaledoniya haqq\u0131nda n\u0259 dem\u0259k olar? Bu, n\u0259y\u0259 yarayar? Bu demokratiyad\u0131r? Bu, insan h\u00fcquqlar\u0131d\u0131r? Y\u0259ni Fransa ola bil\u0259r ki, n\u0259 vaxtsa b\u00f6y\u00fck \u00f6lk\u0259, dahi m\u00fct\u0259f\u0259kkirl\u0259r, b\u00f6y\u00fck aliml\u0259r, yaz\u0131\u00e7\u0131lar \u00f6lk\u0259si olub. Amma indi bel\u0259 deyil. Haz\u0131rda Makron rejimi mahiyy\u0259t etibaril\u0259 Fransan\u0131 u\u011fursuz d\u00f6vl\u0259t\u0259 \u00e7evirir\u201d<\/em>.\u00a0<\/p>\n\n\n\n<p>\u201c<em>Makron h\u00f6kum\u0259tinin Erm\u0259nistana t\u0259dar\u00fck etdiyi silahlar Az\u0259rbaycan \u00fc\u00e7\u00fcn praktiki t\u0259hl\u00fck\u0259 yarad\u0131r. Makron h\u00f6kum\u0259tinin Erm\u0259nistana t\u0259dar\u00fck etdiyi silahlar h\u00fccum silahlar\u0131d\u0131r, \u00f6ld\u00fcr\u00fcc\u00fcd\u00fcr v\u0259 Az\u0259rbaycan \u00fc\u00e7\u00fcn praktiki t\u0259hl\u00fck\u0259 yarad\u0131r. Erm\u0259nistanla s\u0259rh\u0259dimizin uzunlu\u011fu min kilometrd\u0259n \u00e7ox oldu\u011funu, bir \u00e7ox ya\u015fay\u0131\u015f m\u0259nt\u0259q\u0259l\u0259rinin s\u0259rh\u0259d\u0259 yax\u0131n yerl\u0259\u015fdiyini v\u0259 bu ya\u015fay\u0131\u015f m\u0259nt\u0259q\u0259l\u0259rinin \u0259ks\u0259riyy\u0259tin\u0259 ke\u00e7mi\u015f k\u00f6\u00e7k\u00fcnl\u0259rin qay\u0131td\u0131qlar\u0131n\u0131 n\u0259z\u0259r\u0259 ald\u0131qda, t\u0259bii ki, biz bu prosesi yaln\u0131z k\u0259nardan m\u00fc\u015fahid\u0259 ed\u0259 bilm\u0259rik. Biz d\u0259f\u0259l\u0259rl\u0259 Erm\u0259nistana v\u0259 onun AB\u015e D\u00f6vl\u0259t Departamentind\u0259ki himay\u0259darlar\u0131na \u00e7atd\u0131rm\u0131\u015f\u0131q ki, buna son qoyulmal\u0131d\u0131r. Amma t\u0259\u0259ss\u00fcf ki, bizim s\u0259simiz e\u015fidilmir, Erm\u0259nistan\u0131n silahlanmas\u0131 prosesi s\u0131\u00e7ray\u0131\u015fla gedir.<\/em><\/p>\n\n\n\n<p><em>M\u0259n bu bar\u0259d\u0259 dan\u0131\u015fd\u0131qda, t\u0259bii ki, qeyri-h\u00f6kum\u0259t t\u0259\u015fkilatlar\u0131, yaxud media qismind\u0259 \u00f6z \u201cz\u0259ncirli k\u00f6p\u0259kl\u0259ri\u201dni \u00fcz\u0259rim\u0259 sal\u0131rlar\u201d<\/em>, &#8211; \u018fliyev \u0259lav\u0259 edib.<\/p>\n\n\n\n<p>\u0130lham \u018fliyev h\u0259m\u00e7inin deyib ki, Erm\u0259nistan Az\u0259rbaycanla silah yar\u0131\u015f\u0131na gir\u0259 bilm\u0259z.&nbsp;<\/p>\n\n\n\n<p><em>\u201cOnlar Q\u0259rb silahlar\u0131n\u0131n \u0259ks\u0259riyy\u0259tini pulsuz v\u0259 ya kreditl\u0259 almas\u0131na baxmayaraq, t\u0259bii ki, sonradan silin\u0259c\u0259k, lakin bu halda da biziml\u0259 \u0130kinci Qaraba\u011f M\u00fcharib\u0259sinin n\u0259tic\u0259l\u0259rin\u0259 qar\u015f\u0131 silahlanma yar\u0131\u015f\u0131na tab g\u0259tirm\u0259y\u0259c\u0259kl\u0259r. 2023-c\u00fc ilin sentyabr\u0131nda antiterror \u0259m\u0259liyyat\u0131 onlar t\u0259r\u0259find\u0259n unudulmamal\u0131d\u0131r ki, onlar Makron rejiminin, el\u0259c\u0259 d\u0259 AB\u015e D\u00f6vl\u0259t Departamentinin burada, yer \u00fcz\u00fcnd\u0259 maksimum d\u0259st\u0259yin\u0259 baxmayaraq, \u0259g\u0259r qar\u015f\u0131 n\u00f6vb\u0259ti t\u0259xribat planla\u015fd\u0131r\u0131rlarsa. Biz, he\u00e7 kim onlara k\u00f6m\u0259k etm\u0259y\u0259c\u0259k<\/em>\u201d, &#8211; Prezident bildirib.<\/p>\n\n\n\n<p><em>\u201cT\u00fcrkiy\u0259 il\u0259 biz h\u0259r il 10-dan \u00e7ox birg\u0259 t\u0259lim ke\u00e7iririk &#8211; yar\u0131s\u0131 Az\u0259rbaycanda, yar\u0131s\u0131 T\u00fcrkiy\u0259d\u0259 v\u0259 mahiyy\u0259tc\u0259 h\u0259rbi \u0259m\u0259liyyatlar\u0131n y\u00fcks\u0259k d\u0259r\u0259c\u0259d\u0259 ke\u00e7irilm\u0259sin\u0259 nail olmu\u015fuq. T\u0259bii ki, bu, Qafqazda sabitliyin m\u00fch\u00fcm amilidir. \u00c7\u00fcnki bug\u00fcnk\u00fc d\u00fcnya v\u0259 hadis\u0259l\u0259rin inki\u015faf\u0131 bir daha s\u00fcbut edir ki, d\u00fcnya \u0259sasl\u0131 \u015f\u0259kild\u0259 d\u0259yi\u015fib v\u0259 \u0130kinci D\u00fcnya m\u00fcharib\u0259si n\u0259tic\u0259sind\u0259 yaranm\u0131\u015f reall\u0131qlar, m\u00fc\u0259yy\u0259n edilmi\u015f oyun qaydalar\u0131 bu g\u00fcn art\u0131q i\u015fl\u0259mir, h\u0259tta qlobal aktorlar bunu gizl\u0259tmirl\u0259r\u201d<\/em>, &#8211; d\u00f6vl\u0259t ba\u015f\u00e7\u0131s\u0131 vur\u011fulay\u0131b.<\/p>\n\n\n\n<p>Az\u0259rbaycanda son 1 ild\u0259 m\u00fcst\u0259qil mediaya qar\u015f\u0131 repressiyalar total \u015f\u0259kild\u0259 davam edirilir.&nbsp;<\/p>\n\n\n\n<p><strong>\u201cAbzasMedia\u201d i\u015fi\u2026<\/strong><\/p>\n\n\n\n<p>Az\u0259rbaycanda d\u00f6vl\u0259t r\u0259hb\u0259rliyi \u0259traf\u0131nda korrupsiya ara\u015fd\u0131rmalar\u0131 ed\u0259n \u201cAbzasMedia\u201dn\u0131n 6 \u0259m\u0259kda\u015f\u0131 \u2013 ba\u015f direktor \u00dclvi H\u0259s\u0259nli, m\u00fcavini M\u0259h\u0259mm\u0259d Kekalov, ba\u015f redaktor Sevinc Vaqifq\u0131z\u0131, reportyorlar N\u0259rgiz Absalamova v\u0259 Elnar\u0259 Qas\u0131mova, ara\u015fd\u0131rma\u00e7\u0131 jurnalist Hafiz Babal\u0131 h\u0259bs edilib.&nbsp;<\/p>\n\n\n\n<p>2023-c\u00fc ilin noyabr\u0131ndan etibar\u0259n s\u0131ra il\u0259 h\u0259bs olunma\u011fa ba\u015flayan jurnalistl\u0259r\u0259 qar\u015f\u0131 qa\u00e7aqmal\u00e7\u0131l\u0131q ittiham\u0131 ir\u0259li s\u00fcr\u00fcl\u00fcb.&nbsp;<\/p>\n\n\n\n<p>2024-c\u00fc il may\u0131n 31-d\u0259 is\u0259 \u201cAzadl\u0131q\u201d radiosunun jurnalisti, iqtisad\u00e7\u0131 F\u0259rid Mehral\u0131zad\u0259 saxlan\u0131l\u0131b, evind\u0259 axtar\u0131\u015f apar\u0131l\u0131b.&nbsp;<\/p>\n\n\n\n<p>\u0130yunun 1-d\u0259 ona qar\u015f\u0131 \u201cAbzasMedia i\u015fi\u201d \u00fczr\u0259 Cinay\u0259t M\u0259c\u0259ll\u0259sinin 206.3.2-ci (qa\u00e7aqmal\u00e7\u0131l\u0131q, \u0259vv\u0259lc\u0259d\u0259n \u0259lbir olan bir qrup \u015f\u0259xs t\u0259r\u0259find\u0259n t\u00f6r\u0259dildikd\u0259) madd\u0259si il\u0259 ittiham ir\u0259li s\u00fcr\u00fcl\u00fcb.&nbsp;<\/p>\n\n\n\n<p>X\u0259tai Rayon M\u0259hk\u0259m\u0259sinin q\u0259rar\u0131 il\u0259 onun bar\u0259sind\u0259 h\u0259bs q\u0259timkan t\u0259dbiri se\u00e7ilib. El\u0259 h\u0259min g\u00fcn \u201cAbzasMedia\u201d b\u0259yanat yayaraq F\u0259rid Mehral\u0131zad\u0259nin bu media qurumu il\u0259 he\u00e7 bir \u0259m\u0259kda\u015fl\u0131\u011f\u0131n\u0131n v\u0259 \u0259laq\u0259sinin olmad\u0131\u011f\u0131n\u0131 bildirib.<\/p>\n\n\n\n<p>Daha sonra bu i\u015f \u00fczr\u0259 h\u0259bs edil\u0259nl\u0259rin h\u0259r birin\u0259 qar\u015f\u0131 maliyy\u0259 m\u0259s\u0259l\u0259l\u0259ril\u0259 ba\u011fl\u0131 \u0259lav\u0259 7 a\u011f\u0131r madd\u0259 \u00fczr\u0259 ittiham ir\u0259li s\u00fcr\u00fcl\u00fcb.&nbsp;<\/p>\n\n\n\n<p><strong>\u201cToplum TV i\u015fi\u201d<\/strong><\/p>\n\n\n\n<p>2024-c\u00fc il mart\u0131n 6-da \u201cToplum\u201d internet televiziyas\u0131n\u0131n redaksiyas\u0131nda v\u0259 Demokratik T\u0259\u015f\u0259bb\u00fcsl\u0259r \u0130nstitutunun (IDI) ofisind\u0259 polisin axtar\u0131\u015f\u0131 olub v\u0259 qap\u0131s\u0131 m\u00f6h\u00fcrl\u0259nib.<\/p>\n\n\n\n<p>Bu cinay\u0259t i\u015fi \u00fczr\u0259 \u00fcmumilikd\u0259 9 n\u0259f\u0259r m\u0259suliyy\u0259t\u0259 c\u0259lb olunub. Onlardan 7 n\u0259f\u0259r haqq\u0131nda h\u0259bs q\u0259timkan t\u0259dbiri se\u00e7ilib, ikisinin is\u0259 istintaq d\u00f6vr\u00fcnd\u0259 azadl\u0131qda qalmas\u0131na q\u0259rar verilib.<\/p>\n\n\n\n<p>H\u0259bs olunanlar aras\u0131nda \u201cToplum TV\u201d kanal\u0131n t\u0259sis\u00e7isi \u018fl\u0259sg\u0259r M\u0259mm\u0259dli, kanal\u0131n video-redaktoru M\u00fc\u015ffiq Cabbar, III Respublika Platformas\u0131n\u0131n spikeri Akif Qurbanov, Qurucu Hey\u0259tinin \u00fczv\u00fc\u00a0Ruslan \u0130zz\u0259tli, IDI \u0259m\u0259kda\u015flar\u0131 \u018fli Zeynal, \u0130lkin \u018fmrahov v\u0259 Ramin Babayev d\u0259 var.<\/p>\n\n\n\n<p>Onlara qar\u015f\u0131 Cinay\u0259t M\u0259c\u0259ll\u0259sinin 206.3.2 (qa\u00e7aqmal\u00e7\u0131l\u0131q \u2013 qabaqcadan \u0259lbir olan bir qrup \u015f\u0259xs t\u0259r\u0259find\u0259n t\u00f6r\u0259dildikd\u0259) madd\u0259sil\u0259 ittiham ir\u0259li s\u00fcr\u00fcl\u00fcb.&nbsp;<\/p>\n\n\n\n<p>\u0130ddia olunur ki, axtar\u0131\u015f zaman\u0131 ofisd\u0259n v\u0259 t\u0259qsirl\u0259ndiril\u0259n \u015f\u0259xsl\u0259rin evl\u0259rind\u0259n k\u00fclli miqdarda xarici valyuta tap\u0131l\u0131b. Lakin t\u0259qsirl\u0259ndiril\u0259n \u015f\u0259xsl\u0259r bu ittiham\u0131n saxta oldu\u011funu, pullar\u0131n da axtar\u0131\u015f apar\u0131lan m\u0259kanlara polisl\u0259rin \u00f6zl\u0259ri t\u0259r\u0259find\u0259n qoyuldu\u011funu, daha sonra g\u00f6t\u00fcr\u00fcld\u00fcy\u00fcn\u00fc bildirirl\u0259r.&nbsp;<\/p>\n\n\n\n<p>Onlar hesab edir ki, siyasi sifari\u015fl\u0259 h\u0259bs olunublar, m\u0259qs\u0259d d\u0259 \u00f6lk\u0259d\u0259 m\u00fcst\u0259qil median\u0131, azad s\u0259sl\u0259ri susdurmaqd\u0131r.<\/p>\n\n\n\n<p>\u00dcmumilikd\u0259 \u00f6t\u0259n ilin noyabr\u0131ndan ba\u015flayaraq Az\u0259rbaycanda qruplar hal\u0131nda 20-y\u0259 yax\u0131n jurnalist, ictimai f\u0259al qa\u00e7aqmal\u00e7\u0131l\u0131q ittiham\u0131 il\u0259 h\u0259bs edilib.&nbsp;<\/p>\n\n\n\n<p>Onlar\u0131n he\u00e7 biri ittihamla raz\u0131la\u015fm\u0131r, bunu pe\u015f\u0259 f\u0259aliyy\u0259tl\u0259ri v\u0259 siyasi sifari\u015f il\u0259 izah edirl\u0259r.&nbsp;<\/p>\n\n\n\n<p><strong>\u201cMeydan TV i\u015fi\u201d<\/strong><\/p>\n\n\n\n<p>2024-c\u00fc il dekabr\u0131n 6-da Meydan TV-nin \u0259m\u0259kda\u015flar\u0131 Ramin Deko (C\u0259bray\u0131lzad\u0259), Aynur Q\u0259nb\u0259rova (Elg\u00fcn\u0259\u015f), Aysel Umudova, Aytac \u018fhm\u0259dova (Tapd\u0131q), X\u0259yal\u0259 A\u011fayeva, Natiq Cavadl\u0131 saxlan\u0131l\u0131blar. Onlara qar\u015f\u0131 Cinay\u0259t M\u0259c\u0259ll\u0259sinin 206.3.2-ci (qa\u00e7aqmal\u00e7\u0131l\u0131q, \u0259vv\u0259lc\u0259d\u0259n \u0259lbir olan bir qrup \u015f\u0259xs t\u0259r\u0259find\u0259n t\u00f6r\u0259dildikd\u0259) madd\u0259si il\u0259 ittiham ir\u0259li s\u00fcr\u00fcl\u00fcb.&nbsp;<\/p>\n\n\n\n<p>Bu madd\u0259 il\u0259 onlar\u0131n bar\u0259sind\u0259 istintaq d\u00f6vr\u00fc \u00fc\u00e7\u00fcn 4 ayl\u0131q h\u0259bs q\u0259timkan t\u0259dbiri se\u00e7ilib.&nbsp;<\/p>\n\n\n\n<p>Saxlan\u0131lan jurnalistl\u0259rin evind\u0259 axtar\u0131\u015f apar\u0131l\u0131b, avadanl\u0131qlar\u0131 v\u0259 \u015f\u0259xsi \u0259\u015fyalar\u0131 g\u00f6t\u00fcr\u00fcl\u00fcb.&nbsp;<\/p>\n\n\n\n<p>Meydan TV \u0259m\u0259kda\u015flar\u0131 il\u0259 yana\u015f\u0131, eyni g\u00fcnd\u0259 v\u0259t\u0259nda\u015f c\u0259miyy\u0259tinin \u00fczv\u00fc \u00dclvi Tahirov da saxlan\u0131l\u0131b. Eyni ittihamla onun da bar\u0259sind\u0259 4 ayl\u0131q h\u0259bs q\u0259timkan t\u0259dbiri se\u00e7ib.&nbsp;<\/p>\n\n\n\n<p>\u00dclvi Tahirovun Meydan TV-y\u0259 aidiyy\u0259ti yoxdur.&nbsp;<\/p>\n\n\n\n<p>Onlar\u0131n ham\u0131s\u0131 ittihamlar\u0131 r\u0259dd edir, korrupsiya ara\u015fd\u0131rmalar\u0131na, \u00f6lk\u0259d\u0259 insan haqlar\u0131n\u0131n pozulmas\u0131na bigan\u0259 qalmad\u0131qlar\u0131na g\u00f6r\u0259 saxta ittihamlarla h\u0259bs olunduqlar\u0131n\u0131 b\u0259yan edirl\u0259r.<\/p>\n\n\n\n<p>V\u0259kill\u0259r X\u0259tai Rayon M\u0259hk\u0259m\u0259sinin jurnalistl\u0259r haqq\u0131nda \u00e7\u0131xard\u0131\u011f\u0131 h\u0259bs q\u0259rarlar\u0131ndan apelyasiya \u015fikay\u0259ti ver\u0259c\u0259k.&nbsp;<\/p>\n\n\n\n<p>Meydan TV r\u0259hb\u0259rliyi b\u0259yanat yayaraq qeyd edib ki, polis t\u0259r\u0259find\u0259n s\u0259sl\u0259n\u0259n ittihamlar \u0259sass\u0131zd\u0131r v\u0259 jurnalistl\u0259rin saxlanmas\u0131 qanunsuz, eyni zamanda m\u00fcst\u0259qil mediaya qar\u015f\u0131 repressiyad\u0131r.&nbsp;<\/p>\n\n\n\n<p>2023-c\u00fc ilin noyabr\u0131ndan Az\u0259rbaycanda onlarla jurnalist \u201cqa\u00e7aqmal\u00e7\u0131l\u0131q\u201d ittiham\u0131 il\u0259 h\u0259bs edilib.&nbsp;<\/p>\n\n\n\n<p>Yerli v\u0259 beyn\u0259lxalq h\u00fcquq m\u00fcdafi\u0259 t\u0259\u015fkilatlar\u0131 ittihamlar\u0131 uydurma hesab edir v\u0259 jurnalistl\u0259rin d\u0259rhal azadl\u0131\u011fa burax\u0131lmas\u0131na \u00e7a\u011f\u0131r\u0131r.&nbsp;<\/p>\n\n\n\n<p>Meydan TV zaman-zaman hakimiyy\u0259tin t\u0259zyiql\u0259ri il\u0259 \u00fczl\u0259\u015fib.&nbsp;<\/p>\n\n\n\n<p>2015-ci ild\u0259 \u201cMeydan TV\u201d haqq\u0131nda cinay\u0259t i\u015fi a\u00e7\u0131l\u0131b, \u0259m\u0259kda\u015f\u0131 \u015eirin Tire (Abbasov) 30 sutka h\u0259bs olunub, kanalla \u0259m\u0259kda\u015fl\u0131q ed\u0259n jurnalistl\u0259rin \u00f6lk\u0259d\u0259n \u00e7\u0131x\u0131\u015f\u0131na qada\u011fa qoyulub.&nbsp;<\/p>\n\n\n\n<p>Avropa M\u0259hk\u0259m\u0259sinin q\u0259rar\u0131 il\u0259 h\u00f6kum\u0259tin jurnalistl\u0259r\u0259 qoydu\u011fu \u00f6lk\u0259d\u0259n \u00e7\u0131x\u0131\u015f qada\u011fas\u0131 qanunsuz say\u0131ld\u0131\u011f\u0131na g\u00f6r\u0259 Az\u0259rbaycan h\u00f6kum\u0259ti 2019-cu ild\u0259 bu qada\u011fan\u0131 aradan qald\u0131rma\u011fa m\u0259cbur olub.&nbsp;<\/p>\n\n\n\n<p>2017-ci ild\u0259 \u00f6lk\u0259 \u0259razisind\u0259 \u201cMeydan TV\u201dnin sayt\u0131na blok qoyulub.&nbsp;<\/p>\n\n\n\n<p>Kanal\u0131n sosial \u015f\u0259b\u0259k\u0259 hesablar\u0131 bir ne\u00e7\u0259 d\u0259f\u0259 kiberh\u00fccuma m\u0259ruz qal\u0131b.&nbsp;<\/p>\n\n\n\n<p>Yerli v\u0259 beyn\u0259lxalq h\u00fcquq m\u00fcdafi\u0259 t\u0259\u015fkilatlar\u0131 Az\u0259rbaycanda haz\u0131rda 300-d\u0259n art\u0131q siyasi m\u0259hbusun oldu\u011funu deyirl\u0259r.<\/p>\n","protected":false},"excerpt":{"rendered":"<p>\u201cBiz AB\u015e-d\u0259 media maliyy\u0259l\u0259\u015fdirmirik. Niy\u0259 onlar bizim median\u0131 maliyy\u0259l\u0259\u015fdirm\u0259lidirl\u0259r?!\u201d Az\u0259rbaycan &#8230; <\/p>\n<p class=\"read-more-container\"><a title=\"\u0130lham \u018fliyev: \u201cAz\u0259rbaycan medias\u0131 xaricd\u0259n h\u0259tta 1 faiz bel\u0259 maliyy\u0259l\u0259\u015f\u0259 bilm\u0259z\u201d\" class=\"read-more button\" href=\"https:\/\/www.meydan.tv\/az\/article\/ilham-eliyev-azerbaycan-mediasi-xaricden-hetta-1-faiz-bele-maliyyelese-bilmez\/#more-322920\" aria-label=\"Read more about \u0130lham \u018fliyev: \u201cAz\u0259rbaycan medias\u0131 xaricd\u0259n h\u0259tta 1 faiz bel\u0259 maliyy\u0259l\u0259\u015f\u0259 bilm\u0259z\u201d\">Davam\u0131<\/a><\/p>\n","protected":false},"author":12,"featured_media":322921,"comment_status":"closed","ping_status":"closed","sticky":false,"template":"","format":"standard","meta":{"_acf_changed":false,"_sitemap_exclude":false,"_sitemap_priority":"","_sitemap_frequency":"","footnotes":""},"categories":[59,79,56],"tags":[],"class_list":["post-322920","post","type-post","status-publish","format-standard","has-post-thumbnail","hentry","category-siyaset","category-featured","category-xeberler","infinite-scroll-item","generate-columns","tablet-grid-50","mobile-grid-100","grid-parent","grid-33","no-featured-image-padding"],"acf":[],"yoast_head":"<!-- This site is optimized with the Yoast SEO plugin v27.4 - https:\/\/yoast.com\/product\/yoast-seo-wordpress\/ -->\n<title>\u0130lham \u018fliyev: \u201cAz\u0259rbaycan medias\u0131 xaricd\u0259n h\u0259tta 1 faiz bel\u0259 maliyy\u0259l\u0259\u015f\u0259 bilm\u0259z\u201d - MEYDAN.TV<\/title>\n<meta name=\"robots\" content=\"index, follow, max-snippet:-1, max-image-preview:large, max-video-preview:-1\" \/>\n<link rel=\"canonical\" href=\"https:\/\/www.meydan.tv\/az\/article\/ilham-eliyev-azerbaycan-mediasi-xaricden-hetta-1-faiz-bele-maliyyelese-bilmez\/\" \/>\n<meta property=\"og:locale\" content=\"az_AZ\" \/>\n<meta property=\"og:type\" content=\"article\" \/>\n<meta property=\"og:title\" content=\"\u0130lham \u018fliyev: \u201cAz\u0259rbaycan medias\u0131 xaricd\u0259n h\u0259tta 1 faiz bel\u0259 maliyy\u0259l\u0259\u015f\u0259 bilm\u0259z\u201d - MEYDAN.TV\" \/>\n<meta property=\"og:description\" content=\"\u201cBiz AB\u015e-d\u0259 media maliyy\u0259l\u0259\u015fdirmirik. Niy\u0259 onlar bizim median\u0131 maliyy\u0259l\u0259\u015fdirm\u0259lidirl\u0259r?!\u201d Az\u0259rbaycan ... Davam\u0131\" \/>\n<meta property=\"og:url\" content=\"https:\/\/www.meydan.tv\/az\/article\/ilham-eliyev-azerbaycan-mediasi-xaricden-hetta-1-faiz-bele-maliyyelese-bilmez\/\" \/>\n<meta property=\"og:site_name\" content=\"MEYDAN.TV\" \/>\n<meta property=\"article:published_time\" content=\"2024-12-18T11:22:11+00:00\" \/>\n<meta property=\"article:modified_time\" content=\"2024-12-18T13:29:30+00:00\" \/>\n<meta property=\"og:image\" content=\"https:\/\/www.meydan.tv\/wp-content\/uploads\/img_4717.png\" \/>\n\t<meta property=\"og:image:width\" content=\"1736\" \/>\n\t<meta property=\"og:image:height\" content=\"1292\" \/>\n\t<meta property=\"og:image:type\" content=\"image\/png\" \/>\n<meta name=\"author\" content=\"aleks\" \/>\n<meta name=\"twitter:card\" content=\"summary_large_image\" \/>\n<script type=\"application\/ld+json\" class=\"yoast-schema-graph\">{\"@context\":\"https:\\\/\\\/schema.org\",\"@graph\":[{\"@type\":\"Article\",\"@id\":\"https:\\\/\\\/www.meydan.tv\\\/az\\\/article\\\/ilham-eliyev-azerbaycan-mediasi-xaricden-hetta-1-faiz-bele-maliyyelese-bilmez\\\/#article\",\"isPartOf\":{\"@id\":\"https:\\\/\\\/www.meydan.tv\\\/az\\\/article\\\/ilham-eliyev-azerbaycan-mediasi-xaricden-hetta-1-faiz-bele-maliyyelese-bilmez\\\/\"},\"author\":{\"name\":\"aleks\",\"@id\":\"https:\\\/\\\/www.meydan.tv\\\/az\\\/#\\\/schema\\\/person\\\/476e9360e593fa131d5d71d51866f8da\"},\"headline\":\"\u0130lham \u018fliyev: \u201cAz\u0259rbaycan medias\u0131 xaricd\u0259n h\u0259tta 1 faiz bel\u0259 maliyy\u0259l\u0259\u015f\u0259 bilm\u0259z\u201d\",\"datePublished\":\"2024-12-18T11:22:11+00:00\",\"dateModified\":\"2024-12-18T13:29:30+00:00\",\"mainEntityOfPage\":{\"@id\":\"https:\\\/\\\/www.meydan.tv\\\/az\\\/article\\\/ilham-eliyev-azerbaycan-mediasi-xaricden-hetta-1-faiz-bele-maliyyelese-bilmez\\\/\"},\"wordCount\":2172,\"publisher\":{\"@id\":\"https:\\\/\\\/www.meydan.tv\\\/az\\\/#organization\"},\"image\":{\"@id\":\"https:\\\/\\\/www.meydan.tv\\\/az\\\/article\\\/ilham-eliyev-azerbaycan-mediasi-xaricden-hetta-1-faiz-bele-maliyyelese-bilmez\\\/#primaryimage\"},\"thumbnailUrl\":\"https:\\\/\\\/www.meydan.tv\\\/wp-content\\\/uploads\\\/img_4717.png\",\"articleSection\":[\"Siyas\u0259t\",\"T\u00f6vsiy\u0259\",\"X\u0259b\u0259rl\u0259r\"],\"inLanguage\":\"az\"},{\"@type\":\"WebPage\",\"@id\":\"https:\\\/\\\/www.meydan.tv\\\/az\\\/article\\\/ilham-eliyev-azerbaycan-mediasi-xaricden-hetta-1-faiz-bele-maliyyelese-bilmez\\\/\",\"url\":\"https:\\\/\\\/www.meydan.tv\\\/az\\\/article\\\/ilham-eliyev-azerbaycan-mediasi-xaricden-hetta-1-faiz-bele-maliyyelese-bilmez\\\/\",\"name\":\"\u0130lham \u018fliyev: \u201cAz\u0259rbaycan medias\u0131 xaricd\u0259n h\u0259tta 1 faiz bel\u0259 maliyy\u0259l\u0259\u015f\u0259 bilm\u0259z\u201d - MEYDAN.TV\",\"isPartOf\":{\"@id\":\"https:\\\/\\\/www.meydan.tv\\\/az\\\/#website\"},\"primaryImageOfPage\":{\"@id\":\"https:\\\/\\\/www.meydan.tv\\\/az\\\/article\\\/ilham-eliyev-azerbaycan-mediasi-xaricden-hetta-1-faiz-bele-maliyyelese-bilmez\\\/#primaryimage\"},\"image\":{\"@id\":\"https:\\\/\\\/www.meydan.tv\\\/az\\\/article\\\/ilham-eliyev-azerbaycan-mediasi-xaricden-hetta-1-faiz-bele-maliyyelese-bilmez\\\/#primaryimage\"},\"thumbnailUrl\":\"https:\\\/\\\/www.meydan.tv\\\/wp-content\\\/uploads\\\/img_4717.png\",\"datePublished\":\"2024-12-18T11:22:11+00:00\",\"dateModified\":\"2024-12-18T13:29:30+00:00\",\"breadcrumb\":{\"@id\":\"https:\\\/\\\/www.meydan.tv\\\/az\\\/article\\\/ilham-eliyev-azerbaycan-mediasi-xaricden-hetta-1-faiz-bele-maliyyelese-bilmez\\\/#breadcrumb\"},\"inLanguage\":\"az\",\"potentialAction\":[{\"@type\":\"ReadAction\",\"target\":[\"https:\\\/\\\/www.meydan.tv\\\/az\\\/article\\\/ilham-eliyev-azerbaycan-mediasi-xaricden-hetta-1-faiz-bele-maliyyelese-bilmez\\\/\"]}]},{\"@type\":\"ImageObject\",\"inLanguage\":\"az\",\"@id\":\"https:\\\/\\\/www.meydan.tv\\\/az\\\/article\\\/ilham-eliyev-azerbaycan-mediasi-xaricden-hetta-1-faiz-bele-maliyyelese-bilmez\\\/#primaryimage\",\"url\":\"https:\\\/\\\/www.meydan.tv\\\/wp-content\\\/uploads\\\/img_4717.png\",\"contentUrl\":\"https:\\\/\\\/www.meydan.tv\\\/wp-content\\\/uploads\\\/img_4717.png\",\"width\":1736,\"height\":1292,\"caption\":\"Foto: Az\u0259rtac\"},{\"@type\":\"BreadcrumbList\",\"@id\":\"https:\\\/\\\/www.meydan.tv\\\/az\\\/article\\\/ilham-eliyev-azerbaycan-mediasi-xaricden-hetta-1-faiz-bele-maliyyelese-bilmez\\\/#breadcrumb\",\"itemListElement\":[{\"@type\":\"ListItem\",\"position\":1,\"name\":\"Ana s\u0259hif\u0259\",\"item\":\"https:\\\/\\\/www.meydan.tv\\\/az\\\/\"},{\"@type\":\"ListItem\",\"position\":2,\"name\":\"X\u0259b\u0259rl\u0259r\",\"item\":\"https:\\\/\\\/www.meydan.tv\\\/az\\\/section\\\/xeberler\\\/\"},{\"@type\":\"ListItem\",\"position\":3,\"name\":\"\u0130lham \u018fliyev: \u201cAz\u0259rbaycan medias\u0131 xaricd\u0259n h\u0259tta 1 faiz bel\u0259 maliyy\u0259l\u0259\u015f\u0259 bilm\u0259z\u201d\"}]},{\"@type\":\"WebSite\",\"@id\":\"https:\\\/\\\/www.meydan.tv\\\/az\\\/#website\",\"url\":\"https:\\\/\\\/www.meydan.tv\\\/az\\\/\",\"name\":\"MEYDAN.TV\",\"description\":\"Meydan TV Az\u0259rbaycan\u0131n media m\u0259kan\u0131ndak\u0131 alternativ s\u0259sidir\",\"publisher\":{\"@id\":\"https:\\\/\\\/www.meydan.tv\\\/az\\\/#organization\"},\"potentialAction\":[{\"@type\":\"SearchAction\",\"target\":{\"@type\":\"EntryPoint\",\"urlTemplate\":\"https:\\\/\\\/www.meydan.tv\\\/az\\\/?s={search_term_string}\"},\"query-input\":{\"@type\":\"PropertyValueSpecification\",\"valueRequired\":true,\"valueName\":\"search_term_string\"}}],\"inLanguage\":\"az\"},{\"@type\":\"Organization\",\"@id\":\"https:\\\/\\\/www.meydan.tv\\\/az\\\/#organization\",\"name\":\"Meydan TV\",\"url\":\"https:\\\/\\\/www.meydan.tv\\\/az\\\/\",\"logo\":{\"@type\":\"ImageObject\",\"inLanguage\":\"az\",\"@id\":\"https:\\\/\\\/www.meydan.tv\\\/az\\\/#\\\/schema\\\/logo\\\/image\\\/\",\"url\":\"https:\\\/\\\/www.meydan.tv\\\/wp-content\\\/uploads\\\/2021\\\/07\\\/meydan-logo.svg\",\"contentUrl\":\"https:\\\/\\\/www.meydan.tv\\\/wp-content\\\/uploads\\\/2021\\\/07\\\/meydan-logo.svg\",\"width\":195,\"height\":46,\"caption\":\"Meydan TV\"},\"image\":{\"@id\":\"https:\\\/\\\/www.meydan.tv\\\/az\\\/#\\\/schema\\\/logo\\\/image\\\/\"}},{\"@type\":\"Person\",\"@id\":\"https:\\\/\\\/www.meydan.tv\\\/az\\\/#\\\/schema\\\/person\\\/476e9360e593fa131d5d71d51866f8da\",\"name\":\"aleks\"}]}<\/script>\n<!-- \/ Yoast SEO plugin. -->","yoast_head_json":{"title":"\u0130lham \u018fliyev: \u201cAz\u0259rbaycan medias\u0131 xaricd\u0259n h\u0259tta 1 faiz bel\u0259 maliyy\u0259l\u0259\u015f\u0259 bilm\u0259z\u201d - MEYDAN.TV","robots":{"index":"index","follow":"follow","max-snippet":"max-snippet:-1","max-image-preview":"max-image-preview:large","max-video-preview":"max-video-preview:-1"},"canonical":"https:\/\/www.meydan.tv\/az\/article\/ilham-eliyev-azerbaycan-mediasi-xaricden-hetta-1-faiz-bele-maliyyelese-bilmez\/","og_locale":"az_AZ","og_type":"article","og_title":"\u0130lham \u018fliyev: \u201cAz\u0259rbaycan medias\u0131 xaricd\u0259n h\u0259tta 1 faiz bel\u0259 maliyy\u0259l\u0259\u015f\u0259 bilm\u0259z\u201d - MEYDAN.TV","og_description":"\u201cBiz AB\u015e-d\u0259 media maliyy\u0259l\u0259\u015fdirmirik. Niy\u0259 onlar bizim median\u0131 maliyy\u0259l\u0259\u015fdirm\u0259lidirl\u0259r?!\u201d Az\u0259rbaycan ... Davam\u0131","og_url":"https:\/\/www.meydan.tv\/az\/article\/ilham-eliyev-azerbaycan-mediasi-xaricden-hetta-1-faiz-bele-maliyyelese-bilmez\/","og_site_name":"MEYDAN.TV","article_published_time":"2024-12-18T11:22:11+00:00","article_modified_time":"2024-12-18T13:29:30+00:00","og_image":[{"width":1736,"height":1292,"url":"https:\/\/www.meydan.tv\/wp-content\/uploads\/img_4717.png","type":"image\/png"}],"author":"aleks","twitter_card":"summary_large_image","schema":{"@context":"https:\/\/schema.org","@graph":[{"@type":"Article","@id":"https:\/\/www.meydan.tv\/az\/article\/ilham-eliyev-azerbaycan-mediasi-xaricden-hetta-1-faiz-bele-maliyyelese-bilmez\/#article","isPartOf":{"@id":"https:\/\/www.meydan.tv\/az\/article\/ilham-eliyev-azerbaycan-mediasi-xaricden-hetta-1-faiz-bele-maliyyelese-bilmez\/"},"author":{"name":"aleks","@id":"https:\/\/www.meydan.tv\/az\/#\/schema\/person\/476e9360e593fa131d5d71d51866f8da"},"headline":"\u0130lham \u018fliyev: \u201cAz\u0259rbaycan medias\u0131 xaricd\u0259n h\u0259tta 1 faiz bel\u0259 maliyy\u0259l\u0259\u015f\u0259 bilm\u0259z\u201d","datePublished":"2024-12-18T11:22:11+00:00","dateModified":"2024-12-18T13:29:30+00:00","mainEntityOfPage":{"@id":"https:\/\/www.meydan.tv\/az\/article\/ilham-eliyev-azerbaycan-mediasi-xaricden-hetta-1-faiz-bele-maliyyelese-bilmez\/"},"wordCount":2172,"publisher":{"@id":"https:\/\/www.meydan.tv\/az\/#organization"},"image":{"@id":"https:\/\/www.meydan.tv\/az\/article\/ilham-eliyev-azerbaycan-mediasi-xaricden-hetta-1-faiz-bele-maliyyelese-bilmez\/#primaryimage"},"thumbnailUrl":"https:\/\/www.meydan.tv\/wp-content\/uploads\/img_4717.png","articleSection":["Siyas\u0259t","T\u00f6vsiy\u0259","X\u0259b\u0259rl\u0259r"],"inLanguage":"az"},{"@type":"WebPage","@id":"https:\/\/www.meydan.tv\/az\/article\/ilham-eliyev-azerbaycan-mediasi-xaricden-hetta-1-faiz-bele-maliyyelese-bilmez\/","url":"https:\/\/www.meydan.tv\/az\/article\/ilham-eliyev-azerbaycan-mediasi-xaricden-hetta-1-faiz-bele-maliyyelese-bilmez\/","name":"\u0130lham \u018fliyev: \u201cAz\u0259rbaycan medias\u0131 xaricd\u0259n h\u0259tta 1 faiz bel\u0259 maliyy\u0259l\u0259\u015f\u0259 bilm\u0259z\u201d - MEYDAN.TV","isPartOf":{"@id":"https:\/\/www.meydan.tv\/az\/#website"},"primaryImageOfPage":{"@id":"https:\/\/www.meydan.tv\/az\/article\/ilham-eliyev-azerbaycan-mediasi-xaricden-hetta-1-faiz-bele-maliyyelese-bilmez\/#primaryimage"},"image":{"@id":"https:\/\/www.meydan.tv\/az\/article\/ilham-eliyev-azerbaycan-mediasi-xaricden-hetta-1-faiz-bele-maliyyelese-bilmez\/#primaryimage"},"thumbnailUrl":"https:\/\/www.meydan.tv\/wp-content\/uploads\/img_4717.png","datePublished":"2024-12-18T11:22:11+00:00","dateModified":"2024-12-18T13:29:30+00:00","breadcrumb":{"@id":"https:\/\/www.meydan.tv\/az\/article\/ilham-eliyev-azerbaycan-mediasi-xaricden-hetta-1-faiz-bele-maliyyelese-bilmez\/#breadcrumb"},"inLanguage":"az","potentialAction":[{"@type":"ReadAction","target":["https:\/\/www.meydan.tv\/az\/article\/ilham-eliyev-azerbaycan-mediasi-xaricden-hetta-1-faiz-bele-maliyyelese-bilmez\/"]}]},{"@type":"ImageObject","inLanguage":"az","@id":"https:\/\/www.meydan.tv\/az\/article\/ilham-eliyev-azerbaycan-mediasi-xaricden-hetta-1-faiz-bele-maliyyelese-bilmez\/#primaryimage","url":"https:\/\/www.meydan.tv\/wp-content\/uploads\/img_4717.png","contentUrl":"https:\/\/www.meydan.tv\/wp-content\/uploads\/img_4717.png","width":1736,"height":1292,"caption":"Foto: Az\u0259rtac"},{"@type":"BreadcrumbList","@id":"https:\/\/www.meydan.tv\/az\/article\/ilham-eliyev-azerbaycan-mediasi-xaricden-hetta-1-faiz-bele-maliyyelese-bilmez\/#breadcrumb","itemListElement":[{"@type":"ListItem","position":1,"name":"Ana s\u0259hif\u0259","item":"https:\/\/www.meydan.tv\/az\/"},{"@type":"ListItem","position":2,"name":"X\u0259b\u0259rl\u0259r","item":"https:\/\/www.meydan.tv\/az\/section\/xeberler\/"},{"@type":"ListItem","position":3,"name":"\u0130lham \u018fliyev: \u201cAz\u0259rbaycan medias\u0131 xaricd\u0259n h\u0259tta 1 faiz bel\u0259 maliyy\u0259l\u0259\u015f\u0259 bilm\u0259z\u201d"}]},{"@type":"WebSite","@id":"https:\/\/www.meydan.tv\/az\/#website","url":"https:\/\/www.meydan.tv\/az\/","name":"MEYDAN.TV","description":"Meydan TV Az\u0259rbaycan\u0131n media m\u0259kan\u0131ndak\u0131 alternativ s\u0259sidir","publisher":{"@id":"https:\/\/www.meydan.tv\/az\/#organization"},"potentialAction":[{"@type":"SearchAction","target":{"@type":"EntryPoint","urlTemplate":"https:\/\/www.meydan.tv\/az\/?s={search_term_string}"},"query-input":{"@type":"PropertyValueSpecification","valueRequired":true,"valueName":"search_term_string"}}],"inLanguage":"az"},{"@type":"Organization","@id":"https:\/\/www.meydan.tv\/az\/#organization","name":"Meydan TV","url":"https:\/\/www.meydan.tv\/az\/","logo":{"@type":"ImageObject","inLanguage":"az","@id":"https:\/\/www.meydan.tv\/az\/#\/schema\/logo\/image\/","url":"https:\/\/www.meydan.tv\/wp-content\/uploads\/2021\/07\/meydan-logo.svg","contentUrl":"https:\/\/www.meydan.tv\/wp-content\/uploads\/2021\/07\/meydan-logo.svg","width":195,"height":46,"caption":"Meydan TV"},"image":{"@id":"https:\/\/www.meydan.tv\/az\/#\/schema\/logo\/image\/"}},{"@type":"Person","@id":"https:\/\/www.meydan.tv\/az\/#\/schema\/person\/476e9360e593fa131d5d71d51866f8da","name":"aleks"}]}},"_links":{"self":[{"href":"https:\/\/www.meydan.tv\/az\/wp-json\/wp\/v2\/posts\/322920","targetHints":{"allow":["GET"]}}],"collection":[{"href":"https:\/\/www.meydan.tv\/az\/wp-json\/wp\/v2\/posts"}],"about":[{"href":"https:\/\/www.meydan.tv\/az\/wp-json\/wp\/v2\/types\/post"}],"author":[{"embeddable":true,"href":"https:\/\/www.meydan.tv\/az\/wp-json\/wp\/v2\/users\/12"}],"replies":[{"embeddable":true,"href":"https:\/\/www.meydan.tv\/az\/wp-json\/wp\/v2\/comments?post=322920"}],"version-history":[{"count":4,"href":"https:\/\/www.meydan.tv\/az\/wp-json\/wp\/v2\/posts\/322920\/revisions"}],"predecessor-version":[{"id":322943,"href":"https:\/\/www.meydan.tv\/az\/wp-json\/wp\/v2\/posts\/322920\/revisions\/322943"}],"wp:featuredmedia":[{"embeddable":true,"href":"https:\/\/www.meydan.tv\/az\/wp-json\/wp\/v2\/media\/322921"}],"wp:attachment":[{"href":"https:\/\/www.meydan.tv\/az\/wp-json\/wp\/v2\/media?parent=322920"}],"wp:term":[{"taxonomy":"category","embeddable":true,"href":"https:\/\/www.meydan.tv\/az\/wp-json\/wp\/v2\/categories?post=322920"},{"taxonomy":"post_tag","embeddable":true,"href":"https:\/\/www.meydan.tv\/az\/wp-json\/wp\/v2\/tags?post=322920"}],"curies":[{"name":"wp","href":"https:\/\/api.w.org\/{rel}","templated":true}]}}