{"id":322886,"date":"2024-12-18T13:09:04","date_gmt":"2024-12-18T09:09:04","guid":{"rendered":"https:\/\/www.meydan.tv\/?p=322886"},"modified":"2024-12-18T17:49:15","modified_gmt":"2024-12-18T13:49:15","slug":"sumqayiti-sarayla-birlesdiren-korpu-sokulur","status":"publish","type":"post","link":"https:\/\/www.meydan.tv\/az\/article\/sumqayiti-sarayla-birlesdiren-korpu-sokulur\/","title":{"rendered":"Sumqay\u0131t\u0131 Sarayla birl\u0259\u015fdir\u0259n k\u00f6rp\u00fc s\u00f6k\u00fcl\u00fcr (Yenil\u0259nib)"},"content":{"rendered":"\n<p><\/p>\n\n\n\n<p>\u0130lham \u018fliyev Sumqay\u0131t\u0131 Saray q\u0259s\u0259b\u0259si il\u0259 birl\u0259\u015fdir\u0259n M\u0259h\u0259mm\u0259d \u018fs\u0259dov k\u00fc\u00e7\u0259sind\u0259 d\u0259miryol x\u0259tti v\u0259 Samur\u2013Ab\u015feron kanal\u0131 \u00fcz\u0259rind\u0259 yerl\u0259\u015f\u0259n yeni k\u00f6rp\u00fcn\u00fcn tikintisin\u0259 9 milyon 960 min manat pul ay\u0131r\u0131b. <\/p>\n\n\n\n<p>Bu bar\u0259d\u0259 &#8220;president.az&#8221; <a href=\"https:\/\/president.az\/az\/articles\/view\/67539\">m\u0259lumat<\/a> yay\u0131b. <\/p>\n\n\n\n<p>S\u0259r\u0259ncama \u0259sas\u0259n, Sumqay\u0131t \u015f\u0259h\u0259rini Ab\u015feron rayonunun Saray q\u0259s\u0259b\u0259si il\u0259 birl\u0259\u015fdir\u0259n M\u0259h\u0259mm\u0259d \u018fs\u0259dov k\u00fc\u00e7\u0259sind\u0259 d\u0259miryol x\u0259tti v\u0259 Samur\u2013Ab\u015feron kanal\u0131 \u00fcz\u0259rind\u0259 yerl\u0259\u015f\u0259n uzunlu\u011fu 100 metr, 6 a\u015f\u0131r\u0131mdan ibar\u0259t yeni k\u00f6rp\u00fcn\u00fcn tikintisi m\u0259qs\u0259dil\u0259 9.960.000,0 (doqquz milyon doqquz y\u00fcz altm\u0131\u015f min) manat v\u0259sait Az\u0259rbaycan Respublikas\u0131n\u0131n 2024-c\u00fc il d\u00f6vl\u0259t b\u00fcdc\u0259sind\u0259 n\u0259z\u0259rd\u0259 tutulmu\u015f Az\u0259rbaycan Prezidentinin ehtiyat fondundan Az\u0259rbaycan Avtomobil Yollar\u0131 D\u00f6vl\u0259t Agentliyin\u0259 ayr\u0131l\u0131b. <\/p>\n\n\n\n<p>S\u0259r\u0259ncamdan ir\u0259li g\u0259l\u0259n m\u0259s\u0259l\u0259l\u0259rin h\u0259lli Az\u0259rbaycan Nazirl\u0259r Kabinetin\u0259 tap\u015f\u0131r\u0131l\u0131b.<\/p>\n\n\n\n<hr class=\"wp-block-separator has-alpha-channel-opacity\"\/>\n\n\n\n<p><strong><em>AYNA yeni k\u00f6rp\u00fcn\u00fcn tikil\u0259c\u0259yini deyir<\/em><\/strong><\/p>\n\n\n\n<p>Sumqay\u0131t\u0131 Saray q\u0259s\u0259b\u0259si il\u0259 birl\u0259\u015fdir\u0259n v\u0259 1970-ci ill\u0259rd\u0259 in\u015fa edil\u0259n k\u00f6rp\u00fc dekabr\u0131n 18-d\u0259n ba\u015flayaraq s\u00f6k\u00fcl\u0259c\u0259k.<\/p>\n\n\n\n<p>Onun yerind\u0259 yeni k\u00f6rp\u00fcn\u00fcn in\u015fa edil\u0259c\u0259yi bildirilir.<\/p>\n\n\n\n<p>Bu bar\u0259d\u0259 Az\u0259rbaycan Yer\u00fcst\u00fc N\u0259qliyyat Agentliyi (AYNA) m\u0259lumat yay\u0131b.<\/p>\n\n\n\n<p>M\u0259lumatda deyilir ki, yeni k\u00f6rp\u00fcn\u00fcn in\u015fas\u0131 zaman\u0131 avtomobil yolunun tamamil\u0259 ba\u011flan\u0131lmas\u0131 v\u0259 h\u0259r\u0259k\u0259tin dayand\u0131r\u0131lmas\u0131 n\u0259z\u0259rd\u0259 tutulur.<\/p>\n\n\n\n<p>S\u00f6k\u00fcnt\u00fc v\u0259 t\u0259mir i\u015fl\u0259ri il\u0259 \u0259laq\u0259dar AYNA t\u0259r\u0259find\u0259n \u0259razid\u0259 m\u00fcnt\u0259z\u0259m s\u0259rni\u015fin da\u015f\u0131malar\u0131n\u0131 yerin\u0259 yetir\u0259n 8 avtobus mar\u015frutunun h\u0259r\u0259k\u0259t sxemi m\u00fcv\u0259qq\u0259ti olaraq d\u0259yi\u015fdirilib. Bel\u0259 ki, 16\/19, 17, 18 v\u0259 27 n\u00f6mr\u0259li mar\u015frutlar Al\u0131 Mustafayev k\u00fc\u00e7\u0259si (Sumqay\u0131t \u015f\u0259h\u0259ri. Tunel) \u2013 Ayna Sultanova k\u00fc\u00e7\u0259si \u2013 Hac\u0131baba S\u0259m\u0259dov k\u00fc\u00e7\u0259si il\u0259 t\u0259\u015fkil edil\u0259c\u0259k.<\/p>\n\n\n\n<p>503 n\u00f6mr\u0259li m\u00fcnt\u0259z\u0259m mar\u015frutun ba\u015flan\u011f\u0131c dayanacaq m\u0259nt\u0259q\u0259si Saray q\u0259s\u0259b\u0259si (Heyd\u0259r \u018fliyev prospekti), son dayanacaq m\u0259nt\u0259q\u0259si is\u0259 Bak\u0131 Beyn\u0259lxalq Avtova\u011fzal Kompleksi, 521 n\u00f6mr\u0259li m\u00fcnt\u0259z\u0259m mar\u015frutun ba\u015flan\u011f\u0131c dayanacaq m\u0259nt\u0259q\u0259si Saray q\u0259s\u0259b\u0259si (Heyd\u0259r \u018fliyev prospekti), son dayanacaq m\u0259nt\u0259q\u0259si is\u0259 Novxan\u0131 q\u0259s\u0259b\u0259si, 523 n\u00f6mr\u0259li m\u00fcnt\u0259z\u0259m mar\u015frutun ba\u015flan\u011f\u0131c dayanacaq m\u0259nt\u0259q\u0259si Saray q\u0259s\u0259b\u0259si (Heyd\u0259r \u018fliyev prospekti), son dayanacaq m\u0259nt\u0259q\u0259si is\u0259 X\u0131rdalan \u015f\u0259h\u0259ri olmaqla f\u0259aliyy\u0259t g\u00f6st\u0259r\u0259c\u0259k.<\/p>\n\n\n\n<p>522 n\u00f6mr\u0259li m\u00fcnt\u0259z\u0259m mar\u015frutun ba\u015flan\u011f\u0131c dayanacaq m\u0259nt\u0259q\u0259si Saray q\u0259s\u0259b\u0259si (Heyd\u0259r \u018fliyev prospekti), son dayanacaq m\u0259nt\u0259q\u0259si is\u0259 Koro\u011flu k\u00fc\u00e7\u0259si (Sumqay\u0131t \u015f\u0259h\u0259ri) olmaqla Nizami G\u0259nc\u0259vi k\u00fc\u00e7\u0259si \u2013 M\u0259h\u0259mm\u0259d \u018fmin R\u0259sulzad\u0259 k\u00fc\u00e7\u0259si \u2013 Bak\u0131-Quba-Rusiya yolu \u2013 S\u00fclh k\u00fc\u00e7\u0259si il\u0259 t\u0259\u015fkil edil\u0259c\u0259k.<\/p>\n\n\n\n<p>H\u0259m\u00e7inin v\u0259t\u0259nda\u015flar\u0131n Sumqay\u0131t \u015f\u0259h\u0259rind\u0259n X\u0131rdalan \u015f\u0259h\u0259rin\u0259 birba\u015fa gedi\u015fl\u0259rinin t\u0259min edilm\u0259si m\u0259qs\u0259dil\u0259 505 n\u00f6mr\u0259li m\u00fcnt\u0259z\u0259m mar\u015frutun m\u00fcv\u0259qq\u0259ti olaraq ba\u015flan\u011f\u0131c dayanacaq m\u0259nt\u0259q\u0259si Koro\u011flu k\u00fc\u00e7\u0259si (Sumqay\u0131t \u015f\u0259h\u0259ri, dair\u0259nin yax\u0131nl\u0131\u011f\u0131) m\u00fc\u0259yy\u0259n edilir.<\/p>\n","protected":false},"excerpt":{"rendered":"<p>\u0130lham \u018fliyev Sumqay\u0131t\u0131 Saray q\u0259s\u0259b\u0259si il\u0259 birl\u0259\u015fdir\u0259n M\u0259h\u0259mm\u0259d \u018fs\u0259dov k\u00fc\u00e7\u0259sind\u0259 &#8230; <\/p>\n<p class=\"read-more-container\"><a title=\"Sumqay\u0131t\u0131 Sarayla birl\u0259\u015fdir\u0259n k\u00f6rp\u00fc s\u00f6k\u00fcl\u00fcr (Yenil\u0259nib)\" class=\"read-more button\" href=\"https:\/\/www.meydan.tv\/az\/article\/sumqayiti-sarayla-birlesdiren-korpu-sokulur\/#more-322886\" aria-label=\"Read more about Sumqay\u0131t\u0131 Sarayla birl\u0259\u015fdir\u0259n k\u00f6rp\u00fc s\u00f6k\u00fcl\u00fcr (Yenil\u0259nib)\">Davam\u0131<\/a><\/p>\n","protected":false},"author":21,"featured_media":322887,"comment_status":"closed","ping_status":"closed","sticky":false,"template":"","format":"standard","meta":{"_acf_changed":false,"_sitemap_exclude":false,"_sitemap_priority":"","_sitemap_frequency":"","footnotes":""},"categories":[62,56],"tags":[],"class_list":["post-322886","post","type-post","status-publish","format-standard","has-post-thumbnail","hentry","category-sosial","category-xeberler","infinite-scroll-item","generate-columns","tablet-grid-50","mobile-grid-100","grid-parent","grid-33","no-featured-image-padding"],"acf":[],"yoast_head":"<!-- This site is optimized with the Yoast SEO plugin v27.4 - https:\/\/yoast.com\/product\/yoast-seo-wordpress\/ -->\n<title>Sumqay\u0131t\u0131 Sarayla birl\u0259\u015fdir\u0259n k\u00f6rp\u00fc s\u00f6k\u00fcl\u00fcr (Yenil\u0259nib) - MEYDAN.TV<\/title>\n<meta name=\"robots\" content=\"index, follow, max-snippet:-1, max-image-preview:large, max-video-preview:-1\" \/>\n<link rel=\"canonical\" href=\"https:\/\/www.meydan.tv\/az\/article\/sumqayiti-sarayla-birlesdiren-korpu-sokulur\/\" \/>\n<meta property=\"og:locale\" content=\"az_AZ\" \/>\n<meta property=\"og:type\" content=\"article\" \/>\n<meta property=\"og:title\" content=\"Sumqay\u0131t\u0131 Sarayla birl\u0259\u015fdir\u0259n k\u00f6rp\u00fc s\u00f6k\u00fcl\u00fcr (Yenil\u0259nib) - MEYDAN.TV\" \/>\n<meta property=\"og:description\" content=\"\u0130lham \u018fliyev Sumqay\u0131t\u0131 Saray q\u0259s\u0259b\u0259si il\u0259 birl\u0259\u015fdir\u0259n M\u0259h\u0259mm\u0259d \u018fs\u0259dov k\u00fc\u00e7\u0259sind\u0259 ... Davam\u0131\" \/>\n<meta property=\"og:url\" content=\"https:\/\/www.meydan.tv\/az\/article\/sumqayiti-sarayla-birlesdiren-korpu-sokulur\/\" \/>\n<meta property=\"og:site_name\" content=\"MEYDAN.TV\" \/>\n<meta property=\"article:published_time\" content=\"2024-12-18T09:09:04+00:00\" \/>\n<meta property=\"article:modified_time\" content=\"2024-12-18T13:49:15+00:00\" \/>\n<meta property=\"og:image\" content=\"https:\/\/www.meydan.tv\/wp-content\/uploads\/b4dde1bd-e4ac-4ca5-9f6b-af5c02768bf4.jpg\" \/>\n\t<meta property=\"og:image:width\" content=\"1280\" \/>\n\t<meta property=\"og:image:height\" content=\"960\" \/>\n\t<meta property=\"og:image:type\" content=\"image\/jpeg\" \/>\n<meta name=\"author\" content=\"mahmud\" \/>\n<meta name=\"twitter:card\" content=\"summary_large_image\" \/>\n<script type=\"application\/ld+json\" class=\"yoast-schema-graph\">{\"@context\":\"https:\\\/\\\/schema.org\",\"@graph\":[{\"@type\":\"Article\",\"@id\":\"https:\\\/\\\/www.meydan.tv\\\/az\\\/article\\\/sumqayiti-sarayla-birlesdiren-korpu-sokulur\\\/#article\",\"isPartOf\":{\"@id\":\"https:\\\/\\\/www.meydan.tv\\\/az\\\/article\\\/sumqayiti-sarayla-birlesdiren-korpu-sokulur\\\/\"},\"author\":{\"name\":\"mahmud\",\"@id\":\"https:\\\/\\\/www.meydan.tv\\\/az\\\/#\\\/schema\\\/person\\\/09863e516102a829e72bedcf3f84c6b0\"},\"headline\":\"Sumqay\u0131t\u0131 Sarayla birl\u0259\u015fdir\u0259n k\u00f6rp\u00fc s\u00f6k\u00fcl\u00fcr (Yenil\u0259nib)\",\"datePublished\":\"2024-12-18T09:09:04+00:00\",\"dateModified\":\"2024-12-18T13:49:15+00:00\",\"mainEntityOfPage\":{\"@id\":\"https:\\\/\\\/www.meydan.tv\\\/az\\\/article\\\/sumqayiti-sarayla-birlesdiren-korpu-sokulur\\\/\"},\"wordCount\":637,\"publisher\":{\"@id\":\"https:\\\/\\\/www.meydan.tv\\\/az\\\/#organization\"},\"image\":{\"@id\":\"https:\\\/\\\/www.meydan.tv\\\/az\\\/article\\\/sumqayiti-sarayla-birlesdiren-korpu-sokulur\\\/#primaryimage\"},\"thumbnailUrl\":\"https:\\\/\\\/www.meydan.tv\\\/wp-content\\\/uploads\\\/b4dde1bd-e4ac-4ca5-9f6b-af5c02768bf4.jpg\",\"articleSection\":[\"Sosial\",\"X\u0259b\u0259rl\u0259r\"],\"inLanguage\":\"az\"},{\"@type\":\"WebPage\",\"@id\":\"https:\\\/\\\/www.meydan.tv\\\/az\\\/article\\\/sumqayiti-sarayla-birlesdiren-korpu-sokulur\\\/\",\"url\":\"https:\\\/\\\/www.meydan.tv\\\/az\\\/article\\\/sumqayiti-sarayla-birlesdiren-korpu-sokulur\\\/\",\"name\":\"Sumqay\u0131t\u0131 Sarayla birl\u0259\u015fdir\u0259n k\u00f6rp\u00fc s\u00f6k\u00fcl\u00fcr (Yenil\u0259nib) - MEYDAN.TV\",\"isPartOf\":{\"@id\":\"https:\\\/\\\/www.meydan.tv\\\/az\\\/#website\"},\"primaryImageOfPage\":{\"@id\":\"https:\\\/\\\/www.meydan.tv\\\/az\\\/article\\\/sumqayiti-sarayla-birlesdiren-korpu-sokulur\\\/#primaryimage\"},\"image\":{\"@id\":\"https:\\\/\\\/www.meydan.tv\\\/az\\\/article\\\/sumqayiti-sarayla-birlesdiren-korpu-sokulur\\\/#primaryimage\"},\"thumbnailUrl\":\"https:\\\/\\\/www.meydan.tv\\\/wp-content\\\/uploads\\\/b4dde1bd-e4ac-4ca5-9f6b-af5c02768bf4.jpg\",\"datePublished\":\"2024-12-18T09:09:04+00:00\",\"dateModified\":\"2024-12-18T13:49:15+00:00\",\"breadcrumb\":{\"@id\":\"https:\\\/\\\/www.meydan.tv\\\/az\\\/article\\\/sumqayiti-sarayla-birlesdiren-korpu-sokulur\\\/#breadcrumb\"},\"inLanguage\":\"az\",\"potentialAction\":[{\"@type\":\"ReadAction\",\"target\":[\"https:\\\/\\\/www.meydan.tv\\\/az\\\/article\\\/sumqayiti-sarayla-birlesdiren-korpu-sokulur\\\/\"]}]},{\"@type\":\"ImageObject\",\"inLanguage\":\"az\",\"@id\":\"https:\\\/\\\/www.meydan.tv\\\/az\\\/article\\\/sumqayiti-sarayla-birlesdiren-korpu-sokulur\\\/#primaryimage\",\"url\":\"https:\\\/\\\/www.meydan.tv\\\/wp-content\\\/uploads\\\/b4dde1bd-e4ac-4ca5-9f6b-af5c02768bf4.jpg\",\"contentUrl\":\"https:\\\/\\\/www.meydan.tv\\\/wp-content\\\/uploads\\\/b4dde1bd-e4ac-4ca5-9f6b-af5c02768bf4.jpg\",\"width\":1280,\"height\":960,\"caption\":\"Foto: AYNA\"},{\"@type\":\"BreadcrumbList\",\"@id\":\"https:\\\/\\\/www.meydan.tv\\\/az\\\/article\\\/sumqayiti-sarayla-birlesdiren-korpu-sokulur\\\/#breadcrumb\",\"itemListElement\":[{\"@type\":\"ListItem\",\"position\":1,\"name\":\"Ana s\u0259hif\u0259\",\"item\":\"https:\\\/\\\/www.meydan.tv\\\/az\\\/\"},{\"@type\":\"ListItem\",\"position\":2,\"name\":\"Sosial\",\"item\":\"https:\\\/\\\/www.meydan.tv\\\/az\\\/section\\\/sosial\\\/\"},{\"@type\":\"ListItem\",\"position\":3,\"name\":\"Sumqay\u0131t\u0131 Sarayla birl\u0259\u015fdir\u0259n k\u00f6rp\u00fc s\u00f6k\u00fcl\u00fcr (Yenil\u0259nib)\"}]},{\"@type\":\"WebSite\",\"@id\":\"https:\\\/\\\/www.meydan.tv\\\/az\\\/#website\",\"url\":\"https:\\\/\\\/www.meydan.tv\\\/az\\\/\",\"name\":\"MEYDAN.TV\",\"description\":\"Meydan TV Az\u0259rbaycan\u0131n media m\u0259kan\u0131ndak\u0131 alternativ s\u0259sidir\",\"publisher\":{\"@id\":\"https:\\\/\\\/www.meydan.tv\\\/az\\\/#organization\"},\"potentialAction\":[{\"@type\":\"SearchAction\",\"target\":{\"@type\":\"EntryPoint\",\"urlTemplate\":\"https:\\\/\\\/www.meydan.tv\\\/az\\\/?s={search_term_string}\"},\"query-input\":{\"@type\":\"PropertyValueSpecification\",\"valueRequired\":true,\"valueName\":\"search_term_string\"}}],\"inLanguage\":\"az\"},{\"@type\":\"Organization\",\"@id\":\"https:\\\/\\\/www.meydan.tv\\\/az\\\/#organization\",\"name\":\"Meydan TV\",\"url\":\"https:\\\/\\\/www.meydan.tv\\\/az\\\/\",\"logo\":{\"@type\":\"ImageObject\",\"inLanguage\":\"az\",\"@id\":\"https:\\\/\\\/www.meydan.tv\\\/az\\\/#\\\/schema\\\/logo\\\/image\\\/\",\"url\":\"https:\\\/\\\/www.meydan.tv\\\/wp-content\\\/uploads\\\/2021\\\/07\\\/meydan-logo.svg\",\"contentUrl\":\"https:\\\/\\\/www.meydan.tv\\\/wp-content\\\/uploads\\\/2021\\\/07\\\/meydan-logo.svg\",\"width\":195,\"height\":46,\"caption\":\"Meydan TV\"},\"image\":{\"@id\":\"https:\\\/\\\/www.meydan.tv\\\/az\\\/#\\\/schema\\\/logo\\\/image\\\/\"}},{\"@type\":\"Person\",\"@id\":\"https:\\\/\\\/www.meydan.tv\\\/az\\\/#\\\/schema\\\/person\\\/09863e516102a829e72bedcf3f84c6b0\",\"name\":\"mahmud\"}]}<\/script>\n<!-- \/ Yoast SEO plugin. -->","yoast_head_json":{"title":"Sumqay\u0131t\u0131 Sarayla birl\u0259\u015fdir\u0259n k\u00f6rp\u00fc s\u00f6k\u00fcl\u00fcr (Yenil\u0259nib) - MEYDAN.TV","robots":{"index":"index","follow":"follow","max-snippet":"max-snippet:-1","max-image-preview":"max-image-preview:large","max-video-preview":"max-video-preview:-1"},"canonical":"https:\/\/www.meydan.tv\/az\/article\/sumqayiti-sarayla-birlesdiren-korpu-sokulur\/","og_locale":"az_AZ","og_type":"article","og_title":"Sumqay\u0131t\u0131 Sarayla birl\u0259\u015fdir\u0259n k\u00f6rp\u00fc s\u00f6k\u00fcl\u00fcr (Yenil\u0259nib) - MEYDAN.TV","og_description":"\u0130lham \u018fliyev Sumqay\u0131t\u0131 Saray q\u0259s\u0259b\u0259si il\u0259 birl\u0259\u015fdir\u0259n M\u0259h\u0259mm\u0259d \u018fs\u0259dov k\u00fc\u00e7\u0259sind\u0259 ... Davam\u0131","og_url":"https:\/\/www.meydan.tv\/az\/article\/sumqayiti-sarayla-birlesdiren-korpu-sokulur\/","og_site_name":"MEYDAN.TV","article_published_time":"2024-12-18T09:09:04+00:00","article_modified_time":"2024-12-18T13:49:15+00:00","og_image":[{"width":1280,"height":960,"url":"https:\/\/www.meydan.tv\/wp-content\/uploads\/b4dde1bd-e4ac-4ca5-9f6b-af5c02768bf4.jpg","type":"image\/jpeg"}],"author":"mahmud","twitter_card":"summary_large_image","schema":{"@context":"https:\/\/schema.org","@graph":[{"@type":"Article","@id":"https:\/\/www.meydan.tv\/az\/article\/sumqayiti-sarayla-birlesdiren-korpu-sokulur\/#article","isPartOf":{"@id":"https:\/\/www.meydan.tv\/az\/article\/sumqayiti-sarayla-birlesdiren-korpu-sokulur\/"},"author":{"name":"mahmud","@id":"https:\/\/www.meydan.tv\/az\/#\/schema\/person\/09863e516102a829e72bedcf3f84c6b0"},"headline":"Sumqay\u0131t\u0131 Sarayla birl\u0259\u015fdir\u0259n k\u00f6rp\u00fc s\u00f6k\u00fcl\u00fcr (Yenil\u0259nib)","datePublished":"2024-12-18T09:09:04+00:00","dateModified":"2024-12-18T13:49:15+00:00","mainEntityOfPage":{"@id":"https:\/\/www.meydan.tv\/az\/article\/sumqayiti-sarayla-birlesdiren-korpu-sokulur\/"},"wordCount":637,"publisher":{"@id":"https:\/\/www.meydan.tv\/az\/#organization"},"image":{"@id":"https:\/\/www.meydan.tv\/az\/article\/sumqayiti-sarayla-birlesdiren-korpu-sokulur\/#primaryimage"},"thumbnailUrl":"https:\/\/www.meydan.tv\/wp-content\/uploads\/b4dde1bd-e4ac-4ca5-9f6b-af5c02768bf4.jpg","articleSection":["Sosial","X\u0259b\u0259rl\u0259r"],"inLanguage":"az"},{"@type":"WebPage","@id":"https:\/\/www.meydan.tv\/az\/article\/sumqayiti-sarayla-birlesdiren-korpu-sokulur\/","url":"https:\/\/www.meydan.tv\/az\/article\/sumqayiti-sarayla-birlesdiren-korpu-sokulur\/","name":"Sumqay\u0131t\u0131 Sarayla birl\u0259\u015fdir\u0259n k\u00f6rp\u00fc s\u00f6k\u00fcl\u00fcr (Yenil\u0259nib) - MEYDAN.TV","isPartOf":{"@id":"https:\/\/www.meydan.tv\/az\/#website"},"primaryImageOfPage":{"@id":"https:\/\/www.meydan.tv\/az\/article\/sumqayiti-sarayla-birlesdiren-korpu-sokulur\/#primaryimage"},"image":{"@id":"https:\/\/www.meydan.tv\/az\/article\/sumqayiti-sarayla-birlesdiren-korpu-sokulur\/#primaryimage"},"thumbnailUrl":"https:\/\/www.meydan.tv\/wp-content\/uploads\/b4dde1bd-e4ac-4ca5-9f6b-af5c02768bf4.jpg","datePublished":"2024-12-18T09:09:04+00:00","dateModified":"2024-12-18T13:49:15+00:00","breadcrumb":{"@id":"https:\/\/www.meydan.tv\/az\/article\/sumqayiti-sarayla-birlesdiren-korpu-sokulur\/#breadcrumb"},"inLanguage":"az","potentialAction":[{"@type":"ReadAction","target":["https:\/\/www.meydan.tv\/az\/article\/sumqayiti-sarayla-birlesdiren-korpu-sokulur\/"]}]},{"@type":"ImageObject","inLanguage":"az","@id":"https:\/\/www.meydan.tv\/az\/article\/sumqayiti-sarayla-birlesdiren-korpu-sokulur\/#primaryimage","url":"https:\/\/www.meydan.tv\/wp-content\/uploads\/b4dde1bd-e4ac-4ca5-9f6b-af5c02768bf4.jpg","contentUrl":"https:\/\/www.meydan.tv\/wp-content\/uploads\/b4dde1bd-e4ac-4ca5-9f6b-af5c02768bf4.jpg","width":1280,"height":960,"caption":"Foto: AYNA"},{"@type":"BreadcrumbList","@id":"https:\/\/www.meydan.tv\/az\/article\/sumqayiti-sarayla-birlesdiren-korpu-sokulur\/#breadcrumb","itemListElement":[{"@type":"ListItem","position":1,"name":"Ana s\u0259hif\u0259","item":"https:\/\/www.meydan.tv\/az\/"},{"@type":"ListItem","position":2,"name":"Sosial","item":"https:\/\/www.meydan.tv\/az\/section\/sosial\/"},{"@type":"ListItem","position":3,"name":"Sumqay\u0131t\u0131 Sarayla birl\u0259\u015fdir\u0259n k\u00f6rp\u00fc s\u00f6k\u00fcl\u00fcr (Yenil\u0259nib)"}]},{"@type":"WebSite","@id":"https:\/\/www.meydan.tv\/az\/#website","url":"https:\/\/www.meydan.tv\/az\/","name":"MEYDAN.TV","description":"Meydan TV Az\u0259rbaycan\u0131n media m\u0259kan\u0131ndak\u0131 alternativ s\u0259sidir","publisher":{"@id":"https:\/\/www.meydan.tv\/az\/#organization"},"potentialAction":[{"@type":"SearchAction","target":{"@type":"EntryPoint","urlTemplate":"https:\/\/www.meydan.tv\/az\/?s={search_term_string}"},"query-input":{"@type":"PropertyValueSpecification","valueRequired":true,"valueName":"search_term_string"}}],"inLanguage":"az"},{"@type":"Organization","@id":"https:\/\/www.meydan.tv\/az\/#organization","name":"Meydan TV","url":"https:\/\/www.meydan.tv\/az\/","logo":{"@type":"ImageObject","inLanguage":"az","@id":"https:\/\/www.meydan.tv\/az\/#\/schema\/logo\/image\/","url":"https:\/\/www.meydan.tv\/wp-content\/uploads\/2021\/07\/meydan-logo.svg","contentUrl":"https:\/\/www.meydan.tv\/wp-content\/uploads\/2021\/07\/meydan-logo.svg","width":195,"height":46,"caption":"Meydan TV"},"image":{"@id":"https:\/\/www.meydan.tv\/az\/#\/schema\/logo\/image\/"}},{"@type":"Person","@id":"https:\/\/www.meydan.tv\/az\/#\/schema\/person\/09863e516102a829e72bedcf3f84c6b0","name":"mahmud"}]}},"_links":{"self":[{"href":"https:\/\/www.meydan.tv\/az\/wp-json\/wp\/v2\/posts\/322886","targetHints":{"allow":["GET"]}}],"collection":[{"href":"https:\/\/www.meydan.tv\/az\/wp-json\/wp\/v2\/posts"}],"about":[{"href":"https:\/\/www.meydan.tv\/az\/wp-json\/wp\/v2\/types\/post"}],"author":[{"embeddable":true,"href":"https:\/\/www.meydan.tv\/az\/wp-json\/wp\/v2\/users\/21"}],"replies":[{"embeddable":true,"href":"https:\/\/www.meydan.tv\/az\/wp-json\/wp\/v2\/comments?post=322886"}],"version-history":[{"count":3,"href":"https:\/\/www.meydan.tv\/az\/wp-json\/wp\/v2\/posts\/322886\/revisions"}],"predecessor-version":[{"id":322953,"href":"https:\/\/www.meydan.tv\/az\/wp-json\/wp\/v2\/posts\/322886\/revisions\/322953"}],"wp:featuredmedia":[{"embeddable":true,"href":"https:\/\/www.meydan.tv\/az\/wp-json\/wp\/v2\/media\/322887"}],"wp:attachment":[{"href":"https:\/\/www.meydan.tv\/az\/wp-json\/wp\/v2\/media?parent=322886"}],"wp:term":[{"taxonomy":"category","embeddable":true,"href":"https:\/\/www.meydan.tv\/az\/wp-json\/wp\/v2\/categories?post=322886"},{"taxonomy":"post_tag","embeddable":true,"href":"https:\/\/www.meydan.tv\/az\/wp-json\/wp\/v2\/tags?post=322886"}],"curies":[{"name":"wp","href":"https:\/\/api.w.org\/{rel}","templated":true}]}}