{"id":322884,"date":"2024-12-18T03:12:52","date_gmt":"2024-12-17T23:12:52","guid":{"rendered":"https:\/\/www.meydan.tv\/?p=322884"},"modified":"2024-12-18T13:19:32","modified_gmt":"2024-12-18T09:19:32","slug":"abzas-media-isi-uzre-hebsde-olan-7-jurnalistin-mehkemesi-basladi","status":"publish","type":"post","link":"https:\/\/www.meydan.tv\/az\/article\/abzas-media-isi-uzre-hebsde-olan-7-jurnalistin-mehkemesi-basladi\/","title":{"rendered":"\u201cAbzasMedia\u201d i\u015fi \u00fczr\u0259 h\u0259bsd\u0259 olan 7 jurnalistin m\u0259hk\u0259m\u0259si ba\u015flad\u0131"},"content":{"rendered":"\n<figure class=\"wp-block-embed is-type-video is-provider-youtube wp-block-embed-youtube wp-embed-aspect-16-9 wp-has-aspect-ratio\"><div class=\"wp-block-embed__wrapper\">\n<iframe title=\"\u201cAbzasMedia i\u015fi\u201d: Jurnalistl\u0259rin onlarla v\u0259sat\u0259ti t\u0259min edilm\u0259yib\" width=\"1200\" height=\"675\" data-src=\"https:\/\/www.youtube.com\/embed\/T9DftjTS3ws?feature=oembed\" frameborder=\"0\" allow=\"accelerometer; autoplay; clipboard-write; encrypted-media; gyroscope; picture-in-picture; web-share\" referrerpolicy=\"strict-origin-when-cross-origin\" allowfullscreen src=\"data:image\/svg+xml;base64,PHN2ZyB3aWR0aD0iMSIgaGVpZ2h0PSIxIiB4bWxucz0iaHR0cDovL3d3dy53My5vcmcvMjAwMC9zdmciPjwvc3ZnPg==\" class=\"lazyload\" data-load-mode=\"1\"><\/iframe>\n<\/div><\/figure>\n\n\n\n<p><br><strong><em>Vergi Xidm\u0259ti onlara qar\u015f\u0131 m\u00fclki iddia qald\u0131r\u0131b<\/em><\/strong><\/p>\n\n\n\n<p>\u201cAbzasMedia\u201d n\u0259\u015fri il\u0259 ba\u011fl\u0131 cinay\u0259t i\u015fi \u00fczr\u0259 h\u0259bsd\u0259 olan 7 n\u0259f\u0259r jurnalistin m\u0259hk\u0259m\u0259si ba\u015flay\u0131b.\u00a0<\/p>\n\n\n\n<p>Onlar\u0131n i\u015fin\u0259 Bak\u0131 A\u011f\u0131r Cinay\u0259tl\u0259r M\u0259hk\u0259m\u0259sind\u0259 Rasim Sad\u0131xovun s\u0259drliyil\u0259, Novruz K\u0259rimov v\u0259 Leyla \u018fsg\u0259rova-M\u0259mm\u0259dovadan ibar\u0259t hakiml\u0259r kollegiyas\u0131 bax\u0131r.<\/p>\n\n\n\n<p>T\u0259qsirl\u0259ndiril\u0259n 7 n\u0259f\u0259r bunlard\u0131r: \u201cAbzasMedia\u201dn\u0131n direktoru \u00dclvi H\u0259s\u0259nli, ba\u015f redaktoru Sevinc Vaqifq\u0131z\u0131 (Abbasova), direktor m\u00fcavini M\u0259h\u0259mm\u0259d Kekalov, \u201cTuran\u201d \u0130nformasiya Agentliyinin iqtisadiyyat \u015f\u00f6b\u0259sinin redaktoru Hafiz Babal\u0131, jurnalistl\u0259r N\u0259rgiz Absalamova, Elnar\u0259 Qas\u0131mova v\u0259 iqtisad\u00e7\u0131, eyni zamanda, &#8220;Azadl\u0131q&#8221; radiosunun \u0259m\u0259kda\u015f\u0131 F\u0259rid Mehral\u0131zad\u0259.<\/p>\n\n\n\n<p>Dekabr\u0131n 17-d\u0259 m\u0259hk\u0259m\u0259nin haz\u0131rl\u0131q iclas\u0131 ke\u00e7irilib.&nbsp;<\/p>\n\n\n\n<p>M\u0259hk\u0259m\u0259d\u0259 m\u0259lum olub ki, zalda prosesi izl\u0259m\u0259y\u0259 g\u0259l\u0259nl\u0259r \u00fc\u00e7\u00fcn n\u0259z\u0259rd\u0259 tutulan oturacaqlar\u0131n b\u00f6y\u00fck bir hiss\u0259si art\u0131q k\u0259nar \u015f\u0259xsl\u0259rl\u0259 doldurulub.&nbsp;<\/p>\n\n\n\n<p>\u0130ddia olunub ki, t\u0259xmin\u0259n 20 n\u0259f\u0259r\u0259 yax\u0131n h\u0259min \u015f\u0259xsl\u0259r hakimlik \u00fc\u00e7\u00fcn imtahan vermi\u015f v\u0259 t\u0259cr\u00fcb\u0259 ke\u00e7m\u0259y\u0259 g\u0259l\u0259nl\u0259rdir.<\/p>\n\n\n\n<p>T\u0259qsirl\u0259ndiril\u0259n jurnalistl\u0259r buna etiraz edibl\u0259r:<\/p>\n\n\n\n<p><em>\u201cZal\u0131 bil\u0259r\u0259kd\u0259n doldurmusunuz laz\u0131ms\u0131z adamlarla, bizim yax\u0131nlar\u0131m\u0131z, dostlar\u0131m\u0131z qal\u0131b \u00e7\u00f6ld\u0259. Laz\u0131ms\u0131z adamlar \u00e7\u0131xs\u0131n&#8230;\u201d<\/em><\/p>\n\n\n\n<p>M\u0259hk\u0259m\u0259 prosesini izl\u0259m\u0259y\u0259 g\u0259l\u0259n media n\u00fcmay\u0259nd\u0259l\u0259rinin d\u0259 iclasda i\u015ftirak\u0131na imkan verilm\u0259yib.&nbsp;<\/p>\n\n\n\n<p>M\u0259lum olub ki, jurnalistl\u0259rin m\u0259hk\u0259m\u0259y\u0259 burax\u0131lmamas\u0131 haqda g\u00f6st\u0259ri\u015f verilib.<\/p>\n\n\n\n<p>M\u0259hk\u0259m\u0259 iclas\u0131 ba\u015flayan kimi, jurnalistl\u0259rd\u0259n Sevinc Vaqifq\u0131z\u0131 m\u0259hk\u0259m\u0259 t\u0259rkibind\u0259ki 3 hakimd\u0259n ikisin\u0259 etiraz edib.&nbsp;<\/p>\n\n\n\n<p>O bildirib ki, bu hakiml\u0259rin kimliyini ara\u015fd\u0131r\u0131blar v\u0259 Rasim Sad\u0131xovla Novruz K\u0259rimovun ill\u0259rdir ki, siyasi sifari\u015fl\u0259 h\u00f6kml\u0259r \u00e7\u0131xard\u0131\u011f\u0131n\u0131 \u00f6yr\u0259nibl\u0259r.<\/p>\n\n\n\n<p>M\u0259hk\u0259m\u0259 prosesin\u0259 s\u0259drlik ed\u0259n Rasim Sad\u0131xova xat\u0131rlad\u0131b ki, o, 2014-2015-ci ill\u0259rd\u0259 h\u00fcquq m\u00fcdafi\u0259\u00e7isi \u0130ntiqam \u018fliyevin i\u015fin\u0259 baxaraq, onun 7 il 6 ay azadl\u0131qdan m\u0259hrum edilm\u0259si bar\u0259d\u0259 h\u00f6km \u00e7\u0131xar\u0131b:<\/p>\n\n\n\n<p><em>\u201cH\u00f6rm\u0259tli \u0130ntiqam m\u00fc\u0259llim h\u0259min h\u00f6km\u00fc Avropa M\u0259hk\u0259m\u0259sind\u0259 m\u00fcbahis\u0259l\u0259ndirib. Avropa M\u0259hk\u0259m\u0259si Konvensiyan\u0131n 18-ci madd\u0259sinin (Konvensiyadan k\u0259nar m\u0259qs\u0259dl\u0259rl\u0259 h\u00fcquq v\u0259 azadl\u0131qlar\u0131n m\u0259hdudla\u015fd\u0131r\u0131lmas\u0131) pozuntusunu tan\u0131y\u0131b. Sizin siyasi sifari\u015fl\u0259 h\u00f6km \u00e7\u0131xard\u0131\u011f\u0131n\u0131z s\u00fcbut olunub. Siz azad irad\u0259 il\u0259 q\u0259rar ver\u0259c\u0259k biri deyilsiniz\u201d<\/em>.<\/p>\n\n\n\n<p>Sevinc Vaqifq\u0131z\u0131 vur\u011fulay\u0131b ki, Novruz K\u0259rimov da vaxtil\u0259 Milli T\u0259hl\u00fck\u0259sizlik Nazirliyind\u0259 (MTN) qanunsuzluqlarla m\u0259\u015f\u011ful olub, daha sonra Bak\u0131 A\u011f\u0131r Cinay\u0259tl\u0259r M\u0259hk\u0259m\u0259sin\u0259 hakim g\u00f6nd\u0259rilib v\u0259 burada jurnalist P\u0259rviz H\u0259\u015fimli d\u0259 daxil olmaqla, m\u00fcxt\u0259lif \u015f\u0259xsl\u0259r haqq\u0131nda sifari\u015fl\u0259 qanunsuz h\u00f6kml\u0259r \u00e7\u0131xar\u0131b:<\/p>\n\n\n\n<p><em>\u201cMTN-d\u0259 o q\u0259d\u0259r qanunsuzluqlar ba\u015f verdi ki, ad\u0131n\u0131 d\u0259yi\u015fib DTX qoydular. Novruz K\u0259rimov da \u0259vv\u0259lki MTN-in, indiki DTX-nin i\u015f\u00e7isi olub. Bura hakim t\u0259yin olunandan sonra P\u0259rviz H\u0259\u015fimlini h\u0259bs\u0259 g\u00f6nd\u0259rib. Bir \u00e7ox ba\u015fqa siyasi sifari\u015fl\u0259ri icra edib. Biz sizl\u0259ri \u00f6z i\u015fimizd\u0259 g\u00f6rm\u0259k ist\u0259mirik\u201d.<\/em><\/p>\n\n\n\n<p>\u00dc\u00e7\u00fcnc\u00fc hakim &#8211; Leyla \u018fsg\u0259rova-M\u0259mm\u0259dovaya g\u0259linc\u0259, jurnalist bildirib ki, onun haqq\u0131nda m\u0259lumat\u0131 yoxdur:&nbsp;<\/p>\n\n\n\n<p><em>\u201c\u00dcmid edir\u0259m ki, g\u0259nc ya\u015flar\u0131ndan \u00f6z\u00fcn\u00fc \u00e7irkaba, \u0259dal\u0259tsizliy\u0259 bula\u015fd\u0131rmaz\u201d<\/em>.<\/p>\n\n\n\n<p>Dig\u0259r t\u0259qsirl\u0259ndiril\u0259n \u015f\u0259xsl\u0259r d\u0259 Sevinc Vaqifq\u0131z\u0131n\u0131n etiraz\u0131n\u0131 m\u00fcdafi\u0259 edib.&nbsp;<\/p>\n\n\n\n<p>F\u0259rid Mehral\u0131zad\u0259 deyib ki, \u00f6lk\u0259y\u0259 bel\u0259 hakiml\u0259r laz\u0131m deyil.<\/p>\n\n\n\n<p>\u0130ki hakim\u0259 verilmi\u015f etiraz t\u0259min olunmay\u0131b.<\/p>\n\n\n\n<p>Daha sonra t\u0259qsirl\u0259ndiril\u0259n \u015f\u0259xsl\u0259rin anket m\u0259lumatlar\u0131 d\u0259qiql\u0259\u015fdirilib, h\u00fcquq v\u0259 v\u0259zif\u0259l\u0259ri izah olunub.<\/p>\n\n\n\n<p>Hakim m\u0259lumat verib ki, D\u00f6vl\u0259t Vergi Xidm\u0259tinin \u0259m\u0259kda\u015f\u0131 Ramil Abbasov m\u00fclki iddia\u00e7\u0131 qismind\u0259 \u00e7\u0131x\u0131\u015f edir.&nbsp;<\/p>\n\n\n\n<p>Bu qurum jurnalistl\u0259r\u0259 qar\u015f\u0131 m\u00fclki iddia qald\u0131r\u0131b.<\/p>\n\n\n\n<p>M\u0259hk\u0259m\u0259 zal\u0131nda uzun \u015f\u00fc\u015f\u0259 kabin\u0259 var, iki yer\u0259 b\u00f6l\u00fcn\u00fcb. Bir hiss\u0259 \u00e7ox ki\u00e7ikdir. \u00dc\u00e7 n\u0259f\u0259r xan\u0131m jurnalist \u2013 Sevinc Vaqifq\u0131z\u0131, N\u0259rgiz Absalamova v\u0259 Elnar\u0259 Qas\u0131mova ora sal\u0131nm\u0131\u015fd\u0131.&nbsp;<\/p>\n\n\n\n<p>Dig\u0259r d\u00f6rd n\u0259f\u0259r is\u0259 \u015f\u00fc\u015f\u0259 kabin\u0259nin qalan hiss\u0259sin\u0259 yerl\u0259\u015fdirilmi\u015fdi.<\/p>\n\n\n\n<p>V\u0259kill\u0259r bu c\u00fcr saxlanman\u0131 qeyri-insan\u0131 r\u0259ftar kimi qiym\u0259tl\u0259ndirib.&nbsp;<\/p>\n\n\n\n<p>Onlar t\u0259qsirl\u0259ndiril\u0259n jurnalistl\u0259rin \u015f\u00fc\u015f\u0259 kabin\u0259d\u0259n \u00e7\u0131xar\u0131l\u0131b, v\u0259kill\u0259rin yan\u0131nda \u0259yl\u0259\u015fm\u0259si bar\u0259d\u0259 v\u0259sat\u0259t qald\u0131r\u0131blar.<\/p>\n\n\n\n<p>Deyibl\u0259r ki, bu h\u0259m insanlara m\u00fcnasib\u0259td\u0259 d\u00fczg\u00fcn r\u0259ftar deyil, h\u0259m d\u0259 i\u015fin h\u0259cmi b\u00f6y\u00fckd\u00fcr, m\u0259hk\u0259m\u0259 prosesinin gedi\u015find\u0259 v\u0259kill\u0259 m\u00fcv\u0259kkilinin m\u00fct\u0259madi m\u0259sl\u0259h\u0259tl\u0259\u015fm\u0259sin\u0259 ehtiyac yaran\u0131r.<\/p>\n\n\n\n<p>M\u0259hk\u0259m\u0259 bu v\u0259sat\u0259ti t\u0259min edib \u2013 jurnalistl\u0259r v\u0259kill\u0259rinin yan\u0131nda \u0259yl\u0259\u015fib.<\/p>\n\n\n\n<p>Daha sonra v\u0259kill\u0259rin m\u0259hk\u0259m\u0259y\u0259 elektron qaydada t\u0259qdim etdikl\u0259ri v\u0259sat\u0259tl\u0259r elan olunub.&nbsp;<\/p>\n\n\n\n<p>V\u0259sat\u0259tl\u0259r \u0259sas\u0259n, cinay\u0259t i\u015fin\u0259 xitam verilm\u0259si, bu olmasa, onlar\u0131n m\u00fcv\u0259kkill\u0259rinin h\u00f6km\u0259 q\u0259d\u0259r ev dustaql\u0131\u011f\u0131na burax\u0131lmas\u0131 bar\u0259d\u0259 idi.<\/p>\n\n\n\n<p>V\u0259kil Cavad Cavadov bildirib ki, h\u00fcquqlar\u0131n\u0131 m\u00fcdafi\u0259 etdiyi F\u0259rid Mehral\u0131zad\u0259nin \u201cAbzasMedia\u201d i\u015fin\u0259 aidiyy\u0259ti yoxdur:\u00a0<\/p>\n\n\n\n<p><em>\u201cOnun \u00f6z\u00fc d\u0259 hesab edir ki, h\u0259bsi \u201cAzadl\u0131q\u201d radiosu il\u0259 \u0259m\u0259kda\u015fl\u0131\u011f\u0131yla ba\u011fl\u0131d\u0131r. \u018fg\u0259r icraata xitam verilm\u0259s\u0259, xahi\u015fimiz budur ki, bar\u0259sind\u0259 ev dustaql\u0131\u011f\u0131 v\u0259 ya girov q\u0259timkan t\u0259dbiri se\u00e7ilsin. \u0130stintaq bitib, qa\u00e7\u0131b gizl\u0259nm\u0259k niyy\u0259tind\u0259 deyil. H\u0259bsd\u0259n \u0259vv\u0259l bank sektorunda i\u015fl\u0259yirdi. Ail\u0259lidir, daimi ya\u015fay\u0131\u015f yeri var. H\u0259bsind\u0259n sonra \u00f6vlad\u0131 d\u00fcnyaya g\u0259lib\u201d<\/em>.<\/p>\n\n\n\n<p>Hafiz Babal\u0131n\u0131n v\u0259kili R\u0259sul C\u0259f\u0259rov da h\u00fcquqlar\u0131n\u0131 m\u00fcdafi\u0259 etdiyi \u015f\u0259xsin \u0259m\u0259lind\u0259 cinay\u0259t t\u0259rkibi olmad\u0131\u011f\u0131n\u0131 s\u00f6yl\u0259yib.&nbsp;<\/p>\n\n\n\n<p>V\u0259kil h\u0259m\u00e7inin Hafiz Babal\u0131n\u0131n s\u0259hh\u0259tind\u0259ki probleml\u0259r\u0259 d\u0259 diqq\u0259t \u00e7\u0259kib:&nbsp;<\/p>\n\n\n\n<p><em>\u201cG\u00f6z\u00fcnd\u0259ki probleml\u0259rl\u0259 \u0259laq\u0259dar III qrup \u0259lildir. Sa\u011f aya\u011f\u0131nda probleml\u0259r var. Ombudsman Aparat\u0131n\u0131n cavab\u0131ndan da g\u00f6r\u00fcn\u00fcr s\u0259hh\u0259tind\u0259ki probleml\u0259r\u201d.<\/em><\/p>\n\n\n\n<p>V\u0259kil F\u0259xr\u0259ddin Mehdiyev t\u0259qsirl\u0259ndiril\u0259n jurnalistl\u0259ri \u201ckorrupsiyan\u0131 if\u015fa ed\u0259n c\u0259ngav\u0259rl\u0259r\u201d adland\u0131r\u0131b.<\/p>\n\n\n\n<p>\u015e\u0259hla H\u00fcmb\u0259tova, R\u00f6v\u015fan\u0259 R\u0259himli, G\u00fcnay C\u0259f\u0259rova xat\u0131rlad\u0131b ki, h\u00fcquqlar\u0131n\u0131 m\u00fcdafi\u0259 etdikl\u0259ri N\u0259rgiz Absalamova, Elnar\u0259 Qas\u0131mova h\u0259bs olunmam\u0131\u015fdan \u0259vv\u0259l iki d\u0259f\u0259 istintaqa \u00e7a\u011f\u0131r\u0131l\u0131b.\u00a0<\/p>\n\n\n\n<p>H\u0259r ikisind\u0259 d\u0259 vaxt\u0131nda gedibl\u0259r: <em>\u201c\u018fg\u0259r onun gizl\u0259dilm\u0259li n\u0259yis\u0259 olsayd\u0131, gizl\u0259n\u0259rdi, he\u00e7 getm\u0259zdi\u201d.<\/em><\/p>\n\n\n\n<p>Sevinc Vaqifq\u0131z\u0131 v\u0259sat\u0259tl\u0259r\u0259 m\u00fcnasib\u0259t bildir\u0259rk\u0259n m\u0259hk\u0259m\u0259 zal\u0131nda olan s\u0259firlik v\u0259 beyn\u0259lxalq t\u0259\u015fkilatlar\u0131n n\u00fcmay\u0259nd\u0259l\u0259rin\u0259 \u00fcz tutub:<\/p>\n\n\n\n<p><em>\u201cBurada diplomatik korpusun n\u00fcmay\u0259nd\u0259l\u0259ri var. Onlar demokratik d\u0259y\u0259rl\u0259r\u0259 sadiq olduqlar\u0131n\u0131 b\u0259yan edirl\u0259r. Deyirl\u0259r ki, insan haqlar\u0131 onlar \u00fc\u00e7\u00fcn vacib m\u0259s\u0259l\u0259dir. El\u0259dirs\u0259, o zaman sad\u0259c\u0259, \u0130lham \u018fliyev\u0259 s\u00f6zl\u0259 \u00e7a\u011f\u0131r\u0131\u015f etm\u0259kl\u0259 kifay\u0259tl\u0259nm\u0259sinl\u0259r, h\u0259r\u0259k\u0259t\u0259 ke\u00e7sinl\u0259r\u201d<\/em>.<\/p>\n\n\n\n<p>Hafiz Babal\u0131 v\u0259kill\u0259rin qald\u0131rd\u0131\u011f\u0131 v\u0259sat\u0259tl\u0259r\u0259 m\u00fcnasib\u0259t bildir\u0259rk\u0259n deyib ki, m\u0259hk\u0259m\u0259 qar\u015f\u0131s\u0131nda dayanan 7 n\u0259f\u0259rin ham\u0131s\u0131 korrupsiyan\u0131 if\u015fa ed\u0259n materiallara g\u00f6r\u0259 c\u0259zaland\u0131r\u0131l\u0131b:<\/p>\n\n\n\n<p><em>\u201cBiz korrupsiyaya qar\u015f\u0131 ara\u015fd\u0131rmalar haz\u0131rlam\u0131\u015f\u0131q. C\u0259miyy\u0259t bundan silk\u0259l\u0259nib ki, biz burada oturmu\u015fuq. Bank hesablar\u0131m\u0131 yoxlad\u0131lar, t\u0259miz \u00e7\u0131xd\u0131. M\u0259nim qa\u00e7aqmal\u00e7\u0131l\u0131qda rolum yoxdur. D\u00fczd\u00fcr, 6 m\u0259qal\u0259nin m\u00fc\u0259llifiy\u0259m. 35 ildir ki, m\u0259n bu i\u015fl\u0259 m\u0259\u015f\u011fulam, jurnalist\u0259m. M\u0259nim haqq\u0131mda h\u0259bs q\u0259rar\u0131 veril\u0259n m\u0259hk\u0259m\u0259l\u0259rd\u0259 h\u0259r d\u0259f\u0259 soru\u015fanda m\u00fcst\u0259ntiq deyirdi ki, s\u00fcbut var? N\u0259 oldu? M\u0259nim \u00f6mr\u00fcmd\u0259n bir il o\u011furlad\u0131lar. Biz siyasi v\u0259 h\u00fcquqi terrorun qurban\u0131y\u0131q\u201d<\/em>.<\/p>\n\n\n\n<p>Hafiz Babal\u0131 \u0259lav\u0259 edib ki, qanunvericilik hakim\u0259 bil\u0259-bil\u0259 qanunsuz q\u0259rarlar \u00e7\u0131xarma\u011f\u0131 qada\u011fan edir:&nbsp;<\/p>\n\n\n\n<p><em>\u201cAmma siz bil\u0259-bil\u0259 bunu edirsiniz\u201d<\/em>.<\/p>\n\n\n\n<p>F\u0259rid Mehral\u0131zad\u0259 \u0259lav\u0259 edib ki, \u201cAbzasMedia\u201d m\u00fcxt\u0259lif \u015f\u0259xsl\u0259rin korrupsiya \u0259m\u0259ll\u0259rini if\u015fa edirdi.\u00a0<\/p>\n\n\n\n<p>Az\u0259rbaycan\u0131n h\u00fcquq m\u00fchafiz\u0259 orqanlar\u0131 korrupsiyaya yol ver\u0259nl\u0259ri yox, if\u015fa ed\u0259nl\u0259ri c\u0259zaland\u0131r\u0131r.<\/p>\n\n\n\n<p>Rasim Sadlxovun r\u0259hb\u0259rlik etdiyi hakiml\u0259r kollegiyas\u0131 qald\u0131r\u0131lm\u0131\u015f v\u0259sat\u0259tl\u0259rin he\u00e7 birini t\u0259min etm\u0259yib.<\/p>\n\n\n\n<p>M\u0259hk\u0259m\u0259 bax\u0131\u015f\u0131 dekabr\u0131n 28-n\u0259 t\u0259yin olunub.<\/p>\n\n\n\n<p>Korrupsiya ara\u015fd\u0131rmalar\u0131yla tan\u0131nan \u201cAbzasMedia\u201d i\u015fi \u00fczr\u0259 h\u0259bsl\u0259r 2023-c\u00fc il noyabr\u0131n 20-d\u0259n ba\u015flay\u0131b.\u00a0<\/p>\n\n\n\n<p>\u00d6nc\u0259 \u00dclvi H\u0259s\u0259nli v\u0259 M\u0259h\u0259mm\u0259d Kekalov, ard\u0131nca Sevinc Vaqifq\u0131z\u0131 h\u0259bs edilib.<\/p>\n\n\n\n<p>Daha sonra h\u0259bsl\u0259r ara\u015fd\u0131rma\u00e7\u0131 jurnalist Hafiz Babal\u0131, N\u0259rgiz Absalamova, Elnar\u0259 Qas\u0131mova, F\u0259rid Mehral\u0131zad\u0259 il\u0259 davam edib.&nbsp;<\/p>\n\n\n\n<p>Onlara qar\u015f\u0131 Cinay\u0259t M\u0259c\u0259ll\u0259sinin 206.3.2-ci (bir qrup \u015f\u0259xs t\u0259r\u0259find\u0259n qa\u00e7aqmal\u00e7\u0131l\u0131q) madd\u0259sil\u0259 ittiham ir\u0259li s\u00fcr\u00fcl\u00fcb. Bir ne\u00e7\u0259 ay sonra ittiham a\u011f\u0131rla\u015fd\u0131r\u0131l\u0131b.<\/p>\n\n\n\n<p>Jurnalistl\u0259r\u0259 qanunsuz sahibkarl\u0131q, cinay\u0259t yolu il\u0259 \u0259ld\u0259 olunan v\u0259saitl\u0259rin leqalla\u015fd\u0131r\u0131lmas\u0131, vergid\u0259n yay\u0131nma v\u0259 s. il\u0259 ba\u011fl\u0131 \u0259lav\u0259 ittihamlar verilib.&nbsp;<\/p>\n\n\n\n<p>Jurnalistl\u0259r\u0259 ittiham veril\u0259n madd\u0259l\u0259rin sanksiyas\u0131nda 12 il\u0259 q\u0259d\u0259r azadl\u0131qdan m\u0259hrumetm\u0259 c\u0259zas\u0131 n\u0259z\u0259rd\u0259 tutulub.<\/p>\n\n\n\n<p>2023-c\u00fc il noyabr\u0131n 20-d\u0259 \u00dclvi H\u0259s\u0259nli saxland\u0131qdan sonra \u201cAbzasMedia\u201dn\u0131n ofisind\u0259 axtar\u0131\u015f apar\u0131l\u0131b.<\/p>\n\n\n\n<p>Sayt\u0131n ofisind\u0259n 40 min avro pul tap\u0131ld\u0131\u011f\u0131 iddia olunub.<\/p>\n\n\n\n<p>\u00dclvi H\u0259s\u0259nli is\u0259 orada pul olmad\u0131\u011f\u0131n\u0131, 40 min avronun ofis\u0259 onu tapd\u0131\u011f\u0131n\u0131 iddia ed\u0259nl\u0259rin \u00f6zl\u0259ri t\u0259r\u0259find\u0259n qoyuldu\u011funu bildirib.<\/p>\n\n\n\n<p>Adlar\u0131 \u00e7\u0259kil\u0259n jurnalistl\u0259rin he\u00e7 biri \u00f6z\u00fcn\u00fc t\u0259qsirli bilmir, \u201cAbzasMedia\u201dda Prezidentin ail\u0259 \u00fczvl\u0259ri d\u0259 daxil olmaqla, bir s\u0131ra v\u0259zif\u0259li \u015f\u0259xsl\u0259rin biznesi, korrupsiya il\u0259 ba\u011fl\u0131 ara\u015fd\u0131rmalara g\u00f6r\u0259 c\u0259zaland\u0131r\u0131ld\u0131qlar\u0131n\u0131 bildiribl\u0259r.<\/p>\n\n\n\n<p>H\u00f6kum\u0259t t\u0259msil\u00e7il\u0259ri is\u0259 h\u0259bs olunanlar\u0131n konkret faktlar \u0259sas\u0131nda c\u0259zaland\u0131r\u0131ld\u0131qlar\u0131n\u0131 bildirirl\u0259r.<\/p>\n","protected":false},"excerpt":{"rendered":"<p>Vergi Xidm\u0259ti onlara qar\u015f\u0131 m\u00fclki iddia qald\u0131r\u0131b \u201cAbzasMedia\u201d n\u0259\u015fri il\u0259 &#8230; <\/p>\n<p class=\"read-more-container\"><a title=\"\u201cAbzasMedia\u201d i\u015fi \u00fczr\u0259 h\u0259bsd\u0259 olan 7 jurnalistin m\u0259hk\u0259m\u0259si ba\u015flad\u0131\" class=\"read-more button\" href=\"https:\/\/www.meydan.tv\/az\/article\/abzas-media-isi-uzre-hebsde-olan-7-jurnalistin-mehkemesi-basladi\/#more-322884\" aria-label=\"Read more about \u201cAbzasMedia\u201d i\u015fi \u00fczr\u0259 h\u0259bsd\u0259 olan 7 jurnalistin m\u0259hk\u0259m\u0259si ba\u015flad\u0131\">Davam\u0131<\/a><\/p>\n","protected":false},"author":12,"featured_media":313611,"comment_status":"closed","ping_status":"closed","sticky":false,"template":"","format":"standard","meta":{"_acf_changed":false,"_sitemap_exclude":false,"_sitemap_priority":"","_sitemap_frequency":"","footnotes":""},"categories":[59,79,63,56],"tags":[],"class_list":["post-322884","post","type-post","status-publish","format-standard","has-post-thumbnail","hentry","category-siyaset","category-featured","category-video-2","category-xeberler","infinite-scroll-item","generate-columns","tablet-grid-50","mobile-grid-100","grid-parent","grid-33","no-featured-image-padding"],"acf":[],"yoast_head":"<!-- This site is optimized with the Yoast SEO plugin v27.4 - https:\/\/yoast.com\/product\/yoast-seo-wordpress\/ -->\n<title>\u201cAbzasMedia\u201d i\u015fi \u00fczr\u0259 h\u0259bsd\u0259 olan 7 jurnalistin m\u0259hk\u0259m\u0259si ba\u015flad\u0131 - MEYDAN.TV<\/title>\n<meta name=\"robots\" content=\"index, follow, max-snippet:-1, max-image-preview:large, max-video-preview:-1\" \/>\n<link rel=\"canonical\" href=\"https:\/\/www.meydan.tv\/az\/article\/abzas-media-isi-uzre-hebsde-olan-7-jurnalistin-mehkemesi-basladi\/\" \/>\n<meta property=\"og:locale\" content=\"az_AZ\" \/>\n<meta property=\"og:type\" content=\"article\" \/>\n<meta property=\"og:title\" content=\"\u201cAbzasMedia\u201d i\u015fi \u00fczr\u0259 h\u0259bsd\u0259 olan 7 jurnalistin m\u0259hk\u0259m\u0259si ba\u015flad\u0131 - MEYDAN.TV\" \/>\n<meta property=\"og:description\" content=\"Vergi Xidm\u0259ti onlara qar\u015f\u0131 m\u00fclki iddia qald\u0131r\u0131b \u201cAbzasMedia\u201d n\u0259\u015fri il\u0259 ... Davam\u0131\" \/>\n<meta property=\"og:url\" content=\"https:\/\/www.meydan.tv\/az\/article\/abzas-media-isi-uzre-hebsde-olan-7-jurnalistin-mehkemesi-basladi\/\" \/>\n<meta property=\"og:site_name\" content=\"MEYDAN.TV\" \/>\n<meta property=\"article:published_time\" content=\"2024-12-17T23:12:52+00:00\" \/>\n<meta property=\"article:modified_time\" content=\"2024-12-18T09:19:32+00:00\" \/>\n<meta property=\"og:image\" content=\"https:\/\/www.meydan.tv\/wp-content\/uploads\/img_2391-e1724410398244.png\" \/>\n\t<meta property=\"og:image:width\" content=\"1200\" \/>\n\t<meta property=\"og:image:height\" content=\"484\" \/>\n\t<meta property=\"og:image:type\" content=\"image\/png\" \/>\n<meta name=\"author\" content=\"aleks\" \/>\n<meta name=\"twitter:card\" content=\"summary_large_image\" \/>\n<script type=\"application\/ld+json\" class=\"yoast-schema-graph\">{\"@context\":\"https:\\\/\\\/schema.org\",\"@graph\":[{\"@type\":\"Article\",\"@id\":\"https:\\\/\\\/www.meydan.tv\\\/az\\\/article\\\/abzas-media-isi-uzre-hebsde-olan-7-jurnalistin-mehkemesi-basladi\\\/#article\",\"isPartOf\":{\"@id\":\"https:\\\/\\\/www.meydan.tv\\\/az\\\/article\\\/abzas-media-isi-uzre-hebsde-olan-7-jurnalistin-mehkemesi-basladi\\\/\"},\"author\":{\"name\":\"aleks\",\"@id\":\"https:\\\/\\\/www.meydan.tv\\\/az\\\/#\\\/schema\\\/person\\\/476e9360e593fa131d5d71d51866f8da\"},\"headline\":\"\u201cAbzasMedia\u201d i\u015fi \u00fczr\u0259 h\u0259bsd\u0259 olan 7 jurnalistin m\u0259hk\u0259m\u0259si ba\u015flad\u0131\",\"datePublished\":\"2024-12-17T23:12:52+00:00\",\"dateModified\":\"2024-12-18T09:19:32+00:00\",\"mainEntityOfPage\":{\"@id\":\"https:\\\/\\\/www.meydan.tv\\\/az\\\/article\\\/abzas-media-isi-uzre-hebsde-olan-7-jurnalistin-mehkemesi-basladi\\\/\"},\"wordCount\":1894,\"publisher\":{\"@id\":\"https:\\\/\\\/www.meydan.tv\\\/az\\\/#organization\"},\"image\":{\"@id\":\"https:\\\/\\\/www.meydan.tv\\\/az\\\/article\\\/abzas-media-isi-uzre-hebsde-olan-7-jurnalistin-mehkemesi-basladi\\\/#primaryimage\"},\"thumbnailUrl\":\"https:\\\/\\\/www.meydan.tv\\\/wp-content\\\/uploads\\\/img_2391-e1724410398244.png\",\"articleSection\":[\"Siyas\u0259t\",\"T\u00f6vsiy\u0259\",\"Video\",\"X\u0259b\u0259rl\u0259r\"],\"inLanguage\":\"az\"},{\"@type\":\"WebPage\",\"@id\":\"https:\\\/\\\/www.meydan.tv\\\/az\\\/article\\\/abzas-media-isi-uzre-hebsde-olan-7-jurnalistin-mehkemesi-basladi\\\/\",\"url\":\"https:\\\/\\\/www.meydan.tv\\\/az\\\/article\\\/abzas-media-isi-uzre-hebsde-olan-7-jurnalistin-mehkemesi-basladi\\\/\",\"name\":\"\u201cAbzasMedia\u201d i\u015fi \u00fczr\u0259 h\u0259bsd\u0259 olan 7 jurnalistin m\u0259hk\u0259m\u0259si ba\u015flad\u0131 - MEYDAN.TV\",\"isPartOf\":{\"@id\":\"https:\\\/\\\/www.meydan.tv\\\/az\\\/#website\"},\"primaryImageOfPage\":{\"@id\":\"https:\\\/\\\/www.meydan.tv\\\/az\\\/article\\\/abzas-media-isi-uzre-hebsde-olan-7-jurnalistin-mehkemesi-basladi\\\/#primaryimage\"},\"image\":{\"@id\":\"https:\\\/\\\/www.meydan.tv\\\/az\\\/article\\\/abzas-media-isi-uzre-hebsde-olan-7-jurnalistin-mehkemesi-basladi\\\/#primaryimage\"},\"thumbnailUrl\":\"https:\\\/\\\/www.meydan.tv\\\/wp-content\\\/uploads\\\/img_2391-e1724410398244.png\",\"datePublished\":\"2024-12-17T23:12:52+00:00\",\"dateModified\":\"2024-12-18T09:19:32+00:00\",\"breadcrumb\":{\"@id\":\"https:\\\/\\\/www.meydan.tv\\\/az\\\/article\\\/abzas-media-isi-uzre-hebsde-olan-7-jurnalistin-mehkemesi-basladi\\\/#breadcrumb\"},\"inLanguage\":\"az\",\"potentialAction\":[{\"@type\":\"ReadAction\",\"target\":[\"https:\\\/\\\/www.meydan.tv\\\/az\\\/article\\\/abzas-media-isi-uzre-hebsde-olan-7-jurnalistin-mehkemesi-basladi\\\/\"]}]},{\"@type\":\"ImageObject\",\"inLanguage\":\"az\",\"@id\":\"https:\\\/\\\/www.meydan.tv\\\/az\\\/article\\\/abzas-media-isi-uzre-hebsde-olan-7-jurnalistin-mehkemesi-basladi\\\/#primaryimage\",\"url\":\"https:\\\/\\\/www.meydan.tv\\\/wp-content\\\/uploads\\\/img_2391-e1724410398244.png\",\"contentUrl\":\"https:\\\/\\\/www.meydan.tv\\\/wp-content\\\/uploads\\\/img_2391-e1724410398244.png\",\"width\":1200,\"height\":484,\"caption\":\"\\\"AbzasMedia\\\". Foto-kollaj: Meydan TV\"},{\"@type\":\"BreadcrumbList\",\"@id\":\"https:\\\/\\\/www.meydan.tv\\\/az\\\/article\\\/abzas-media-isi-uzre-hebsde-olan-7-jurnalistin-mehkemesi-basladi\\\/#breadcrumb\",\"itemListElement\":[{\"@type\":\"ListItem\",\"position\":1,\"name\":\"Ana s\u0259hif\u0259\",\"item\":\"https:\\\/\\\/www.meydan.tv\\\/az\\\/\"},{\"@type\":\"ListItem\",\"position\":2,\"name\":\"Video\",\"item\":\"https:\\\/\\\/www.meydan.tv\\\/az\\\/section\\\/video-2\\\/\"},{\"@type\":\"ListItem\",\"position\":3,\"name\":\"\u201cAbzasMedia\u201d i\u015fi \u00fczr\u0259 h\u0259bsd\u0259 olan 7 jurnalistin m\u0259hk\u0259m\u0259si ba\u015flad\u0131\"}]},{\"@type\":\"WebSite\",\"@id\":\"https:\\\/\\\/www.meydan.tv\\\/az\\\/#website\",\"url\":\"https:\\\/\\\/www.meydan.tv\\\/az\\\/\",\"name\":\"MEYDAN.TV\",\"description\":\"Meydan TV Az\u0259rbaycan\u0131n media m\u0259kan\u0131ndak\u0131 alternativ s\u0259sidir\",\"publisher\":{\"@id\":\"https:\\\/\\\/www.meydan.tv\\\/az\\\/#organization\"},\"potentialAction\":[{\"@type\":\"SearchAction\",\"target\":{\"@type\":\"EntryPoint\",\"urlTemplate\":\"https:\\\/\\\/www.meydan.tv\\\/az\\\/?s={search_term_string}\"},\"query-input\":{\"@type\":\"PropertyValueSpecification\",\"valueRequired\":true,\"valueName\":\"search_term_string\"}}],\"inLanguage\":\"az\"},{\"@type\":\"Organization\",\"@id\":\"https:\\\/\\\/www.meydan.tv\\\/az\\\/#organization\",\"name\":\"Meydan TV\",\"url\":\"https:\\\/\\\/www.meydan.tv\\\/az\\\/\",\"logo\":{\"@type\":\"ImageObject\",\"inLanguage\":\"az\",\"@id\":\"https:\\\/\\\/www.meydan.tv\\\/az\\\/#\\\/schema\\\/logo\\\/image\\\/\",\"url\":\"https:\\\/\\\/www.meydan.tv\\\/wp-content\\\/uploads\\\/2021\\\/07\\\/meydan-logo.svg\",\"contentUrl\":\"https:\\\/\\\/www.meydan.tv\\\/wp-content\\\/uploads\\\/2021\\\/07\\\/meydan-logo.svg\",\"width\":195,\"height\":46,\"caption\":\"Meydan TV\"},\"image\":{\"@id\":\"https:\\\/\\\/www.meydan.tv\\\/az\\\/#\\\/schema\\\/logo\\\/image\\\/\"}},{\"@type\":\"Person\",\"@id\":\"https:\\\/\\\/www.meydan.tv\\\/az\\\/#\\\/schema\\\/person\\\/476e9360e593fa131d5d71d51866f8da\",\"name\":\"aleks\"}]}<\/script>\n<!-- \/ Yoast SEO plugin. -->","yoast_head_json":{"title":"\u201cAbzasMedia\u201d i\u015fi \u00fczr\u0259 h\u0259bsd\u0259 olan 7 jurnalistin m\u0259hk\u0259m\u0259si ba\u015flad\u0131 - MEYDAN.TV","robots":{"index":"index","follow":"follow","max-snippet":"max-snippet:-1","max-image-preview":"max-image-preview:large","max-video-preview":"max-video-preview:-1"},"canonical":"https:\/\/www.meydan.tv\/az\/article\/abzas-media-isi-uzre-hebsde-olan-7-jurnalistin-mehkemesi-basladi\/","og_locale":"az_AZ","og_type":"article","og_title":"\u201cAbzasMedia\u201d i\u015fi \u00fczr\u0259 h\u0259bsd\u0259 olan 7 jurnalistin m\u0259hk\u0259m\u0259si ba\u015flad\u0131 - MEYDAN.TV","og_description":"Vergi Xidm\u0259ti onlara qar\u015f\u0131 m\u00fclki iddia qald\u0131r\u0131b \u201cAbzasMedia\u201d n\u0259\u015fri il\u0259 ... Davam\u0131","og_url":"https:\/\/www.meydan.tv\/az\/article\/abzas-media-isi-uzre-hebsde-olan-7-jurnalistin-mehkemesi-basladi\/","og_site_name":"MEYDAN.TV","article_published_time":"2024-12-17T23:12:52+00:00","article_modified_time":"2024-12-18T09:19:32+00:00","og_image":[{"width":1200,"height":484,"url":"https:\/\/www.meydan.tv\/wp-content\/uploads\/img_2391-e1724410398244.png","type":"image\/png"}],"author":"aleks","twitter_card":"summary_large_image","schema":{"@context":"https:\/\/schema.org","@graph":[{"@type":"Article","@id":"https:\/\/www.meydan.tv\/az\/article\/abzas-media-isi-uzre-hebsde-olan-7-jurnalistin-mehkemesi-basladi\/#article","isPartOf":{"@id":"https:\/\/www.meydan.tv\/az\/article\/abzas-media-isi-uzre-hebsde-olan-7-jurnalistin-mehkemesi-basladi\/"},"author":{"name":"aleks","@id":"https:\/\/www.meydan.tv\/az\/#\/schema\/person\/476e9360e593fa131d5d71d51866f8da"},"headline":"\u201cAbzasMedia\u201d i\u015fi \u00fczr\u0259 h\u0259bsd\u0259 olan 7 jurnalistin m\u0259hk\u0259m\u0259si ba\u015flad\u0131","datePublished":"2024-12-17T23:12:52+00:00","dateModified":"2024-12-18T09:19:32+00:00","mainEntityOfPage":{"@id":"https:\/\/www.meydan.tv\/az\/article\/abzas-media-isi-uzre-hebsde-olan-7-jurnalistin-mehkemesi-basladi\/"},"wordCount":1894,"publisher":{"@id":"https:\/\/www.meydan.tv\/az\/#organization"},"image":{"@id":"https:\/\/www.meydan.tv\/az\/article\/abzas-media-isi-uzre-hebsde-olan-7-jurnalistin-mehkemesi-basladi\/#primaryimage"},"thumbnailUrl":"https:\/\/www.meydan.tv\/wp-content\/uploads\/img_2391-e1724410398244.png","articleSection":["Siyas\u0259t","T\u00f6vsiy\u0259","Video","X\u0259b\u0259rl\u0259r"],"inLanguage":"az"},{"@type":"WebPage","@id":"https:\/\/www.meydan.tv\/az\/article\/abzas-media-isi-uzre-hebsde-olan-7-jurnalistin-mehkemesi-basladi\/","url":"https:\/\/www.meydan.tv\/az\/article\/abzas-media-isi-uzre-hebsde-olan-7-jurnalistin-mehkemesi-basladi\/","name":"\u201cAbzasMedia\u201d i\u015fi \u00fczr\u0259 h\u0259bsd\u0259 olan 7 jurnalistin m\u0259hk\u0259m\u0259si ba\u015flad\u0131 - MEYDAN.TV","isPartOf":{"@id":"https:\/\/www.meydan.tv\/az\/#website"},"primaryImageOfPage":{"@id":"https:\/\/www.meydan.tv\/az\/article\/abzas-media-isi-uzre-hebsde-olan-7-jurnalistin-mehkemesi-basladi\/#primaryimage"},"image":{"@id":"https:\/\/www.meydan.tv\/az\/article\/abzas-media-isi-uzre-hebsde-olan-7-jurnalistin-mehkemesi-basladi\/#primaryimage"},"thumbnailUrl":"https:\/\/www.meydan.tv\/wp-content\/uploads\/img_2391-e1724410398244.png","datePublished":"2024-12-17T23:12:52+00:00","dateModified":"2024-12-18T09:19:32+00:00","breadcrumb":{"@id":"https:\/\/www.meydan.tv\/az\/article\/abzas-media-isi-uzre-hebsde-olan-7-jurnalistin-mehkemesi-basladi\/#breadcrumb"},"inLanguage":"az","potentialAction":[{"@type":"ReadAction","target":["https:\/\/www.meydan.tv\/az\/article\/abzas-media-isi-uzre-hebsde-olan-7-jurnalistin-mehkemesi-basladi\/"]}]},{"@type":"ImageObject","inLanguage":"az","@id":"https:\/\/www.meydan.tv\/az\/article\/abzas-media-isi-uzre-hebsde-olan-7-jurnalistin-mehkemesi-basladi\/#primaryimage","url":"https:\/\/www.meydan.tv\/wp-content\/uploads\/img_2391-e1724410398244.png","contentUrl":"https:\/\/www.meydan.tv\/wp-content\/uploads\/img_2391-e1724410398244.png","width":1200,"height":484,"caption":"\"AbzasMedia\". Foto-kollaj: Meydan TV"},{"@type":"BreadcrumbList","@id":"https:\/\/www.meydan.tv\/az\/article\/abzas-media-isi-uzre-hebsde-olan-7-jurnalistin-mehkemesi-basladi\/#breadcrumb","itemListElement":[{"@type":"ListItem","position":1,"name":"Ana s\u0259hif\u0259","item":"https:\/\/www.meydan.tv\/az\/"},{"@type":"ListItem","position":2,"name":"Video","item":"https:\/\/www.meydan.tv\/az\/section\/video-2\/"},{"@type":"ListItem","position":3,"name":"\u201cAbzasMedia\u201d i\u015fi \u00fczr\u0259 h\u0259bsd\u0259 olan 7 jurnalistin m\u0259hk\u0259m\u0259si ba\u015flad\u0131"}]},{"@type":"WebSite","@id":"https:\/\/www.meydan.tv\/az\/#website","url":"https:\/\/www.meydan.tv\/az\/","name":"MEYDAN.TV","description":"Meydan TV Az\u0259rbaycan\u0131n media m\u0259kan\u0131ndak\u0131 alternativ s\u0259sidir","publisher":{"@id":"https:\/\/www.meydan.tv\/az\/#organization"},"potentialAction":[{"@type":"SearchAction","target":{"@type":"EntryPoint","urlTemplate":"https:\/\/www.meydan.tv\/az\/?s={search_term_string}"},"query-input":{"@type":"PropertyValueSpecification","valueRequired":true,"valueName":"search_term_string"}}],"inLanguage":"az"},{"@type":"Organization","@id":"https:\/\/www.meydan.tv\/az\/#organization","name":"Meydan TV","url":"https:\/\/www.meydan.tv\/az\/","logo":{"@type":"ImageObject","inLanguage":"az","@id":"https:\/\/www.meydan.tv\/az\/#\/schema\/logo\/image\/","url":"https:\/\/www.meydan.tv\/wp-content\/uploads\/2021\/07\/meydan-logo.svg","contentUrl":"https:\/\/www.meydan.tv\/wp-content\/uploads\/2021\/07\/meydan-logo.svg","width":195,"height":46,"caption":"Meydan TV"},"image":{"@id":"https:\/\/www.meydan.tv\/az\/#\/schema\/logo\/image\/"}},{"@type":"Person","@id":"https:\/\/www.meydan.tv\/az\/#\/schema\/person\/476e9360e593fa131d5d71d51866f8da","name":"aleks"}]}},"_links":{"self":[{"href":"https:\/\/www.meydan.tv\/az\/wp-json\/wp\/v2\/posts\/322884","targetHints":{"allow":["GET"]}}],"collection":[{"href":"https:\/\/www.meydan.tv\/az\/wp-json\/wp\/v2\/posts"}],"about":[{"href":"https:\/\/www.meydan.tv\/az\/wp-json\/wp\/v2\/types\/post"}],"author":[{"embeddable":true,"href":"https:\/\/www.meydan.tv\/az\/wp-json\/wp\/v2\/users\/12"}],"replies":[{"embeddable":true,"href":"https:\/\/www.meydan.tv\/az\/wp-json\/wp\/v2\/comments?post=322884"}],"version-history":[{"count":3,"href":"https:\/\/www.meydan.tv\/az\/wp-json\/wp\/v2\/posts\/322884\/revisions"}],"predecessor-version":[{"id":322892,"href":"https:\/\/www.meydan.tv\/az\/wp-json\/wp\/v2\/posts\/322884\/revisions\/322892"}],"wp:featuredmedia":[{"embeddable":true,"href":"https:\/\/www.meydan.tv\/az\/wp-json\/wp\/v2\/media\/313611"}],"wp:attachment":[{"href":"https:\/\/www.meydan.tv\/az\/wp-json\/wp\/v2\/media?parent=322884"}],"wp:term":[{"taxonomy":"category","embeddable":true,"href":"https:\/\/www.meydan.tv\/az\/wp-json\/wp\/v2\/categories?post=322884"},{"taxonomy":"post_tag","embeddable":true,"href":"https:\/\/www.meydan.tv\/az\/wp-json\/wp\/v2\/tags?post=322884"}],"curies":[{"name":"wp","href":"https:\/\/api.w.org\/{rel}","templated":true}]}}