{"id":322847,"date":"2024-12-16T21:02:26","date_gmt":"2024-12-16T17:02:26","guid":{"rendered":"https:\/\/www.meydan.tv\/?p=322847"},"modified":"2024-12-16T21:02:28","modified_gmt":"2024-12-16T17:02:28","slug":"qusar-sakininin-polisler-terefinden-gullelendiyi-bildirilir","status":"publish","type":"post","link":"https:\/\/www.meydan.tv\/az\/article\/qusar-sakininin-polisler-terefinden-gullelendiyi-bildirilir\/","title":{"rendered":"Qusar sakininin polisl\u0259r t\u0259r\u0259find\u0259n g\u00fcll\u0259l\u0259ndiyi bildirilir"},"content":{"rendered":"\n<p><\/p>\n\n\n\n<p><em><strong>Onun polis\u0259 silahl\u0131 m\u00fcqavim\u0259t g\u00f6st\u0259rdiyi deyilir, yax\u0131nlar\u0131n\u0131n is\u0259 hadis\u0259y\u0259 m\u00fcnasib\u0259ti b\u0259lli deyil<\/strong><\/em><\/p>\n\n\n\n<p>Qusar sakini, 30 ya\u015fl\u0131 Alxas \u015e\u0131xm\u0259tovun polisl\u0259r t\u0259r\u0259find\u0259n q\u0259tl\u0259 yetirildiyi bildirilir.<\/p>\n\n\n\n<p>M\u0259lumata g\u00f6r\u0259, hadis\u0259 dekabr\u0131n 16-da ax\u015fam saatlar\u0131nda el\u0259 Qusar rayonunda ba\u015f verib.<\/p>\n\n\n\n<p>Alxas \u015e\u0131xm\u0259tovu polisl\u0259rin g\u00fcll\u0259l\u0259yib \u00f6ld\u00fcrd\u00fcy\u00fcn\u00fc Daxili \u0130\u015fl\u0259r Nazirliyinin m\u0259tbuat xidm\u0259ti d\u0259 t\u0259sdiql\u0259yib.<\/p>\n\n\n\n<p>Bu qurumun hadis\u0259 il\u0259 ba\u011fl\u0131 m\u0259lumat\u0131nda iddia olunur ki, Alxas \u015e\u0131xm\u0259tov polis\u0259 silahl\u0131 m\u00fcqavim\u0259t g\u00f6st\u0259rib:<\/p>\n\n\n\n<p><em>\u201cT\u00f6r\u0259tdiyi cinay\u0259t \u0259m\u0259ll\u0259rin\u0259 g\u00f6r\u0259 axtar\u0131\u015fda olan \u015f\u00fcbh\u0259li \u015f\u0259xs Qusar rayonunda saxlan\u0131lark\u0259n odlu silahla polis \u0259m\u0259kda\u015flar\u0131na m\u00fcqavim\u0259t g\u00f6st\u0259rib. 30 ya\u015fl\u0131, \u0259vv\u0259ll\u0259r d\u0259f\u0259l\u0259rl\u0259 m\u0259hkum olunmu\u015f Alxas \u015e\u0131xm\u0259tov polis \u0259m\u0259kda\u015flar\u0131 t\u0259r\u0259find\u0259n z\u0259r\u0259rsizl\u0259\u015fdirilib. Faktla ba\u011fl\u0131 ara\u015fd\u0131rma apar\u0131l\u0131r\u201d<\/em>.<\/p>\n\n\n\n<p>Son 4 ay \u0259rzind\u0259 \u00e7oxlu sayda bel\u0259 hadis\u0259l\u0259r olub.<\/p>\n\n\n\n<p>Bak\u0131n\u0131n Sabun\u00e7u, Bin\u0259q\u0259di, Suraxan\u0131 rayonlar\u0131nda, Lerikd\u0259 \u00e7oxsayl\u0131 v\u0259t\u0259nda\u015flar \u201cpolis\u0259 silahl\u0131 m\u00fcqavim\u0259t\u201d ad\u0131yla g\u00fcll\u0259l\u0259n\u0259r\u0259k \u00f6ld\u00fcr\u00fcl\u00fcb.<\/p>\n\n\n\n<p>Sabun\u00e7u rayonu \u0259razisind\u0259 iki g\u00fcn ard\u0131c\u0131l \u015f\u0259kild\u0259 b\u0259nz\u0259r hadis\u0259l\u0259r ba\u015f verdi.<\/p>\n\n\n\n<p>Bu hadis\u0259l\u0259rin t\u0259f\u0259rr\u00fcatlar\u0131 is\u0259 ictimaiyy\u0259t\u0259 m\u0259lum deyil.<\/p>\n\n\n\n<p>Bel\u0259 olan halda, q\u0131sa m\u00fcdd\u0259td\u0259 polisl\u0259rin bu q\u0259d\u0259r \u015f\u0259xsi \u201csilahl\u0131 m\u00fcqavim\u0259t\u201d ad\u0131 alt\u0131nda \u201cz\u0259r\u0259rsizl\u0259\u015fdirm\u0259si\u201d d\u0259 bir s\u0131ra suallar do\u011furur.<\/p>\n","protected":false},"excerpt":{"rendered":"<p>Onun polis\u0259 silahl\u0131 m\u00fcqavim\u0259t g\u00f6st\u0259rdiyi deyilir, yax\u0131nlar\u0131n\u0131n is\u0259 hadis\u0259y\u0259 m\u00fcnasib\u0259ti &#8230; <\/p>\n<p class=\"read-more-container\"><a title=\"Qusar sakininin polisl\u0259r t\u0259r\u0259find\u0259n g\u00fcll\u0259l\u0259ndiyi bildirilir\" class=\"read-more button\" href=\"https:\/\/www.meydan.tv\/az\/article\/qusar-sakininin-polisler-terefinden-gullelendiyi-bildirilir\/#more-322847\" aria-label=\"Read more about Qusar sakininin polisl\u0259r t\u0259r\u0259find\u0259n g\u00fcll\u0259l\u0259ndiyi bildirilir\">Davam\u0131<\/a><\/p>\n","protected":false},"author":21,"featured_media":238003,"comment_status":"closed","ping_status":"closed","sticky":false,"template":"","format":"standard","meta":{"_acf_changed":false,"_sitemap_exclude":false,"_sitemap_priority":"","_sitemap_frequency":"","footnotes":""},"categories":[62,79,56],"tags":[],"class_list":["post-322847","post","type-post","status-publish","format-standard","has-post-thumbnail","hentry","category-sosial","category-featured","category-xeberler","infinite-scroll-item","generate-columns","tablet-grid-50","mobile-grid-100","grid-parent","grid-33","no-featured-image-padding"],"acf":[],"yoast_head":"<!-- This site is optimized with the Yoast SEO plugin v27.4 - https:\/\/yoast.com\/product\/yoast-seo-wordpress\/ -->\n<title>Qusar sakininin polisl\u0259r t\u0259r\u0259find\u0259n g\u00fcll\u0259l\u0259ndiyi bildirilir - MEYDAN.TV<\/title>\n<meta name=\"robots\" content=\"index, follow, max-snippet:-1, max-image-preview:large, max-video-preview:-1\" \/>\n<link rel=\"canonical\" href=\"https:\/\/www.meydan.tv\/az\/article\/qusar-sakininin-polisler-terefinden-gullelendiyi-bildirilir\/\" \/>\n<meta property=\"og:locale\" content=\"az_AZ\" \/>\n<meta property=\"og:type\" content=\"article\" \/>\n<meta property=\"og:title\" content=\"Qusar sakininin polisl\u0259r t\u0259r\u0259find\u0259n g\u00fcll\u0259l\u0259ndiyi bildirilir - MEYDAN.TV\" \/>\n<meta property=\"og:description\" content=\"Onun polis\u0259 silahl\u0131 m\u00fcqavim\u0259t g\u00f6st\u0259rdiyi deyilir, yax\u0131nlar\u0131n\u0131n is\u0259 hadis\u0259y\u0259 m\u00fcnasib\u0259ti ... Davam\u0131\" \/>\n<meta property=\"og:url\" content=\"https:\/\/www.meydan.tv\/az\/article\/qusar-sakininin-polisler-terefinden-gullelendiyi-bildirilir\/\" \/>\n<meta property=\"og:site_name\" content=\"MEYDAN.TV\" \/>\n<meta property=\"article:published_time\" content=\"2024-12-16T17:02:26+00:00\" \/>\n<meta property=\"article:modified_time\" content=\"2024-12-16T17:02:28+00:00\" \/>\n<meta property=\"og:image\" content=\"https:\/\/www.meydan.tv\/wp-content\/uploads\/untitled-design-7-4.jpg\" \/>\n\t<meta property=\"og:image:width\" content=\"1200\" \/>\n\t<meta property=\"og:image:height\" content=\"800\" \/>\n\t<meta property=\"og:image:type\" content=\"image\/jpeg\" \/>\n<meta name=\"author\" content=\"mahmud\" \/>\n<meta name=\"twitter:card\" content=\"summary_large_image\" \/>\n<script type=\"application\/ld+json\" class=\"yoast-schema-graph\">{\"@context\":\"https:\\\/\\\/schema.org\",\"@graph\":[{\"@type\":\"Article\",\"@id\":\"https:\\\/\\\/www.meydan.tv\\\/az\\\/article\\\/qusar-sakininin-polisler-terefinden-gullelendiyi-bildirilir\\\/#article\",\"isPartOf\":{\"@id\":\"https:\\\/\\\/www.meydan.tv\\\/az\\\/article\\\/qusar-sakininin-polisler-terefinden-gullelendiyi-bildirilir\\\/\"},\"author\":{\"name\":\"mahmud\",\"@id\":\"https:\\\/\\\/www.meydan.tv\\\/az\\\/#\\\/schema\\\/person\\\/09863e516102a829e72bedcf3f84c6b0\"},\"headline\":\"Qusar sakininin polisl\u0259r t\u0259r\u0259find\u0259n g\u00fcll\u0259l\u0259ndiyi bildirilir\",\"datePublished\":\"2024-12-16T17:02:26+00:00\",\"dateModified\":\"2024-12-16T17:02:28+00:00\",\"mainEntityOfPage\":{\"@id\":\"https:\\\/\\\/www.meydan.tv\\\/az\\\/article\\\/qusar-sakininin-polisler-terefinden-gullelendiyi-bildirilir\\\/\"},\"wordCount\":299,\"publisher\":{\"@id\":\"https:\\\/\\\/www.meydan.tv\\\/az\\\/#organization\"},\"image\":{\"@id\":\"https:\\\/\\\/www.meydan.tv\\\/az\\\/article\\\/qusar-sakininin-polisler-terefinden-gullelendiyi-bildirilir\\\/#primaryimage\"},\"thumbnailUrl\":\"https:\\\/\\\/www.meydan.tv\\\/wp-content\\\/uploads\\\/untitled-design-7-4.jpg\",\"articleSection\":[\"Sosial\",\"T\u00f6vsiy\u0259\",\"X\u0259b\u0259rl\u0259r\"],\"inLanguage\":\"az\"},{\"@type\":\"WebPage\",\"@id\":\"https:\\\/\\\/www.meydan.tv\\\/az\\\/article\\\/qusar-sakininin-polisler-terefinden-gullelendiyi-bildirilir\\\/\",\"url\":\"https:\\\/\\\/www.meydan.tv\\\/az\\\/article\\\/qusar-sakininin-polisler-terefinden-gullelendiyi-bildirilir\\\/\",\"name\":\"Qusar sakininin polisl\u0259r t\u0259r\u0259find\u0259n g\u00fcll\u0259l\u0259ndiyi bildirilir - MEYDAN.TV\",\"isPartOf\":{\"@id\":\"https:\\\/\\\/www.meydan.tv\\\/az\\\/#website\"},\"primaryImageOfPage\":{\"@id\":\"https:\\\/\\\/www.meydan.tv\\\/az\\\/article\\\/qusar-sakininin-polisler-terefinden-gullelendiyi-bildirilir\\\/#primaryimage\"},\"image\":{\"@id\":\"https:\\\/\\\/www.meydan.tv\\\/az\\\/article\\\/qusar-sakininin-polisler-terefinden-gullelendiyi-bildirilir\\\/#primaryimage\"},\"thumbnailUrl\":\"https:\\\/\\\/www.meydan.tv\\\/wp-content\\\/uploads\\\/untitled-design-7-4.jpg\",\"datePublished\":\"2024-12-16T17:02:26+00:00\",\"dateModified\":\"2024-12-16T17:02:28+00:00\",\"breadcrumb\":{\"@id\":\"https:\\\/\\\/www.meydan.tv\\\/az\\\/article\\\/qusar-sakininin-polisler-terefinden-gullelendiyi-bildirilir\\\/#breadcrumb\"},\"inLanguage\":\"az\",\"potentialAction\":[{\"@type\":\"ReadAction\",\"target\":[\"https:\\\/\\\/www.meydan.tv\\\/az\\\/article\\\/qusar-sakininin-polisler-terefinden-gullelendiyi-bildirilir\\\/\"]}]},{\"@type\":\"ImageObject\",\"inLanguage\":\"az\",\"@id\":\"https:\\\/\\\/www.meydan.tv\\\/az\\\/article\\\/qusar-sakininin-polisler-terefinden-gullelendiyi-bildirilir\\\/#primaryimage\",\"url\":\"https:\\\/\\\/www.meydan.tv\\\/wp-content\\\/uploads\\\/untitled-design-7-4.jpg\",\"contentUrl\":\"https:\\\/\\\/www.meydan.tv\\\/wp-content\\\/uploads\\\/untitled-design-7-4.jpg\",\"width\":1200,\"height\":800,\"caption\":\"Qusar Rayon Polis \u015e\u00f6b\u0259si. Foto: D\u0130N\"},{\"@type\":\"BreadcrumbList\",\"@id\":\"https:\\\/\\\/www.meydan.tv\\\/az\\\/article\\\/qusar-sakininin-polisler-terefinden-gullelendiyi-bildirilir\\\/#breadcrumb\",\"itemListElement\":[{\"@type\":\"ListItem\",\"position\":1,\"name\":\"Ana s\u0259hif\u0259\",\"item\":\"https:\\\/\\\/www.meydan.tv\\\/az\\\/\"},{\"@type\":\"ListItem\",\"position\":2,\"name\":\"T\u00f6vsiy\u0259\",\"item\":\"https:\\\/\\\/www.meydan.tv\\\/az\\\/section\\\/featured\\\/\"},{\"@type\":\"ListItem\",\"position\":3,\"name\":\"Qusar sakininin polisl\u0259r t\u0259r\u0259find\u0259n g\u00fcll\u0259l\u0259ndiyi bildirilir\"}]},{\"@type\":\"WebSite\",\"@id\":\"https:\\\/\\\/www.meydan.tv\\\/az\\\/#website\",\"url\":\"https:\\\/\\\/www.meydan.tv\\\/az\\\/\",\"name\":\"MEYDAN.TV\",\"description\":\"Meydan TV Az\u0259rbaycan\u0131n media m\u0259kan\u0131ndak\u0131 alternativ s\u0259sidir\",\"publisher\":{\"@id\":\"https:\\\/\\\/www.meydan.tv\\\/az\\\/#organization\"},\"potentialAction\":[{\"@type\":\"SearchAction\",\"target\":{\"@type\":\"EntryPoint\",\"urlTemplate\":\"https:\\\/\\\/www.meydan.tv\\\/az\\\/?s={search_term_string}\"},\"query-input\":{\"@type\":\"PropertyValueSpecification\",\"valueRequired\":true,\"valueName\":\"search_term_string\"}}],\"inLanguage\":\"az\"},{\"@type\":\"Organization\",\"@id\":\"https:\\\/\\\/www.meydan.tv\\\/az\\\/#organization\",\"name\":\"Meydan TV\",\"url\":\"https:\\\/\\\/www.meydan.tv\\\/az\\\/\",\"logo\":{\"@type\":\"ImageObject\",\"inLanguage\":\"az\",\"@id\":\"https:\\\/\\\/www.meydan.tv\\\/az\\\/#\\\/schema\\\/logo\\\/image\\\/\",\"url\":\"https:\\\/\\\/www.meydan.tv\\\/wp-content\\\/uploads\\\/2021\\\/07\\\/meydan-logo.svg\",\"contentUrl\":\"https:\\\/\\\/www.meydan.tv\\\/wp-content\\\/uploads\\\/2021\\\/07\\\/meydan-logo.svg\",\"width\":195,\"height\":46,\"caption\":\"Meydan TV\"},\"image\":{\"@id\":\"https:\\\/\\\/www.meydan.tv\\\/az\\\/#\\\/schema\\\/logo\\\/image\\\/\"}},{\"@type\":\"Person\",\"@id\":\"https:\\\/\\\/www.meydan.tv\\\/az\\\/#\\\/schema\\\/person\\\/09863e516102a829e72bedcf3f84c6b0\",\"name\":\"mahmud\"}]}<\/script>\n<!-- \/ Yoast SEO plugin. -->","yoast_head_json":{"title":"Qusar sakininin polisl\u0259r t\u0259r\u0259find\u0259n g\u00fcll\u0259l\u0259ndiyi bildirilir - MEYDAN.TV","robots":{"index":"index","follow":"follow","max-snippet":"max-snippet:-1","max-image-preview":"max-image-preview:large","max-video-preview":"max-video-preview:-1"},"canonical":"https:\/\/www.meydan.tv\/az\/article\/qusar-sakininin-polisler-terefinden-gullelendiyi-bildirilir\/","og_locale":"az_AZ","og_type":"article","og_title":"Qusar sakininin polisl\u0259r t\u0259r\u0259find\u0259n g\u00fcll\u0259l\u0259ndiyi bildirilir - MEYDAN.TV","og_description":"Onun polis\u0259 silahl\u0131 m\u00fcqavim\u0259t g\u00f6st\u0259rdiyi deyilir, yax\u0131nlar\u0131n\u0131n is\u0259 hadis\u0259y\u0259 m\u00fcnasib\u0259ti ... Davam\u0131","og_url":"https:\/\/www.meydan.tv\/az\/article\/qusar-sakininin-polisler-terefinden-gullelendiyi-bildirilir\/","og_site_name":"MEYDAN.TV","article_published_time":"2024-12-16T17:02:26+00:00","article_modified_time":"2024-12-16T17:02:28+00:00","og_image":[{"width":1200,"height":800,"url":"https:\/\/www.meydan.tv\/wp-content\/uploads\/untitled-design-7-4.jpg","type":"image\/jpeg"}],"author":"mahmud","twitter_card":"summary_large_image","schema":{"@context":"https:\/\/schema.org","@graph":[{"@type":"Article","@id":"https:\/\/www.meydan.tv\/az\/article\/qusar-sakininin-polisler-terefinden-gullelendiyi-bildirilir\/#article","isPartOf":{"@id":"https:\/\/www.meydan.tv\/az\/article\/qusar-sakininin-polisler-terefinden-gullelendiyi-bildirilir\/"},"author":{"name":"mahmud","@id":"https:\/\/www.meydan.tv\/az\/#\/schema\/person\/09863e516102a829e72bedcf3f84c6b0"},"headline":"Qusar sakininin polisl\u0259r t\u0259r\u0259find\u0259n g\u00fcll\u0259l\u0259ndiyi bildirilir","datePublished":"2024-12-16T17:02:26+00:00","dateModified":"2024-12-16T17:02:28+00:00","mainEntityOfPage":{"@id":"https:\/\/www.meydan.tv\/az\/article\/qusar-sakininin-polisler-terefinden-gullelendiyi-bildirilir\/"},"wordCount":299,"publisher":{"@id":"https:\/\/www.meydan.tv\/az\/#organization"},"image":{"@id":"https:\/\/www.meydan.tv\/az\/article\/qusar-sakininin-polisler-terefinden-gullelendiyi-bildirilir\/#primaryimage"},"thumbnailUrl":"https:\/\/www.meydan.tv\/wp-content\/uploads\/untitled-design-7-4.jpg","articleSection":["Sosial","T\u00f6vsiy\u0259","X\u0259b\u0259rl\u0259r"],"inLanguage":"az"},{"@type":"WebPage","@id":"https:\/\/www.meydan.tv\/az\/article\/qusar-sakininin-polisler-terefinden-gullelendiyi-bildirilir\/","url":"https:\/\/www.meydan.tv\/az\/article\/qusar-sakininin-polisler-terefinden-gullelendiyi-bildirilir\/","name":"Qusar sakininin polisl\u0259r t\u0259r\u0259find\u0259n g\u00fcll\u0259l\u0259ndiyi bildirilir - MEYDAN.TV","isPartOf":{"@id":"https:\/\/www.meydan.tv\/az\/#website"},"primaryImageOfPage":{"@id":"https:\/\/www.meydan.tv\/az\/article\/qusar-sakininin-polisler-terefinden-gullelendiyi-bildirilir\/#primaryimage"},"image":{"@id":"https:\/\/www.meydan.tv\/az\/article\/qusar-sakininin-polisler-terefinden-gullelendiyi-bildirilir\/#primaryimage"},"thumbnailUrl":"https:\/\/www.meydan.tv\/wp-content\/uploads\/untitled-design-7-4.jpg","datePublished":"2024-12-16T17:02:26+00:00","dateModified":"2024-12-16T17:02:28+00:00","breadcrumb":{"@id":"https:\/\/www.meydan.tv\/az\/article\/qusar-sakininin-polisler-terefinden-gullelendiyi-bildirilir\/#breadcrumb"},"inLanguage":"az","potentialAction":[{"@type":"ReadAction","target":["https:\/\/www.meydan.tv\/az\/article\/qusar-sakininin-polisler-terefinden-gullelendiyi-bildirilir\/"]}]},{"@type":"ImageObject","inLanguage":"az","@id":"https:\/\/www.meydan.tv\/az\/article\/qusar-sakininin-polisler-terefinden-gullelendiyi-bildirilir\/#primaryimage","url":"https:\/\/www.meydan.tv\/wp-content\/uploads\/untitled-design-7-4.jpg","contentUrl":"https:\/\/www.meydan.tv\/wp-content\/uploads\/untitled-design-7-4.jpg","width":1200,"height":800,"caption":"Qusar Rayon Polis \u015e\u00f6b\u0259si. Foto: D\u0130N"},{"@type":"BreadcrumbList","@id":"https:\/\/www.meydan.tv\/az\/article\/qusar-sakininin-polisler-terefinden-gullelendiyi-bildirilir\/#breadcrumb","itemListElement":[{"@type":"ListItem","position":1,"name":"Ana s\u0259hif\u0259","item":"https:\/\/www.meydan.tv\/az\/"},{"@type":"ListItem","position":2,"name":"T\u00f6vsiy\u0259","item":"https:\/\/www.meydan.tv\/az\/section\/featured\/"},{"@type":"ListItem","position":3,"name":"Qusar sakininin polisl\u0259r t\u0259r\u0259find\u0259n g\u00fcll\u0259l\u0259ndiyi bildirilir"}]},{"@type":"WebSite","@id":"https:\/\/www.meydan.tv\/az\/#website","url":"https:\/\/www.meydan.tv\/az\/","name":"MEYDAN.TV","description":"Meydan TV Az\u0259rbaycan\u0131n media m\u0259kan\u0131ndak\u0131 alternativ s\u0259sidir","publisher":{"@id":"https:\/\/www.meydan.tv\/az\/#organization"},"potentialAction":[{"@type":"SearchAction","target":{"@type":"EntryPoint","urlTemplate":"https:\/\/www.meydan.tv\/az\/?s={search_term_string}"},"query-input":{"@type":"PropertyValueSpecification","valueRequired":true,"valueName":"search_term_string"}}],"inLanguage":"az"},{"@type":"Organization","@id":"https:\/\/www.meydan.tv\/az\/#organization","name":"Meydan TV","url":"https:\/\/www.meydan.tv\/az\/","logo":{"@type":"ImageObject","inLanguage":"az","@id":"https:\/\/www.meydan.tv\/az\/#\/schema\/logo\/image\/","url":"https:\/\/www.meydan.tv\/wp-content\/uploads\/2021\/07\/meydan-logo.svg","contentUrl":"https:\/\/www.meydan.tv\/wp-content\/uploads\/2021\/07\/meydan-logo.svg","width":195,"height":46,"caption":"Meydan TV"},"image":{"@id":"https:\/\/www.meydan.tv\/az\/#\/schema\/logo\/image\/"}},{"@type":"Person","@id":"https:\/\/www.meydan.tv\/az\/#\/schema\/person\/09863e516102a829e72bedcf3f84c6b0","name":"mahmud"}]}},"_links":{"self":[{"href":"https:\/\/www.meydan.tv\/az\/wp-json\/wp\/v2\/posts\/322847","targetHints":{"allow":["GET"]}}],"collection":[{"href":"https:\/\/www.meydan.tv\/az\/wp-json\/wp\/v2\/posts"}],"about":[{"href":"https:\/\/www.meydan.tv\/az\/wp-json\/wp\/v2\/types\/post"}],"author":[{"embeddable":true,"href":"https:\/\/www.meydan.tv\/az\/wp-json\/wp\/v2\/users\/21"}],"replies":[{"embeddable":true,"href":"https:\/\/www.meydan.tv\/az\/wp-json\/wp\/v2\/comments?post=322847"}],"version-history":[{"count":1,"href":"https:\/\/www.meydan.tv\/az\/wp-json\/wp\/v2\/posts\/322847\/revisions"}],"predecessor-version":[{"id":322848,"href":"https:\/\/www.meydan.tv\/az\/wp-json\/wp\/v2\/posts\/322847\/revisions\/322848"}],"wp:featuredmedia":[{"embeddable":true,"href":"https:\/\/www.meydan.tv\/az\/wp-json\/wp\/v2\/media\/238003"}],"wp:attachment":[{"href":"https:\/\/www.meydan.tv\/az\/wp-json\/wp\/v2\/media?parent=322847"}],"wp:term":[{"taxonomy":"category","embeddable":true,"href":"https:\/\/www.meydan.tv\/az\/wp-json\/wp\/v2\/categories?post=322847"},{"taxonomy":"post_tag","embeddable":true,"href":"https:\/\/www.meydan.tv\/az\/wp-json\/wp\/v2\/tags?post=322847"}],"curies":[{"name":"wp","href":"https:\/\/api.w.org\/{rel}","templated":true}]}}