{"id":322839,"date":"2024-12-16T18:45:40","date_gmt":"2024-12-16T14:45:40","guid":{"rendered":"https:\/\/www.meydan.tv\/?p=322839"},"modified":"2024-12-16T19:31:23","modified_gmt":"2024-12-16T15:31:23","slug":"jurnalistden-ictimaiyyete-muraciet-eliyev-onu-teftis-eden-mediani-yox-etmek-isteyir","status":"publish","type":"post","link":"https:\/\/www.meydan.tv\/az\/article\/jurnalistden-ictimaiyyete-muraciet-eliyev-onu-teftis-eden-mediani-yox-etmek-isteyir\/","title":{"rendered":"Jurnalistd\u0259n ictimaiyy\u0259t\u0259 m\u00fcraci\u0259t: \u018fliyev onu t\u0259fti\u015f ed\u0259n median\u0131 yox etm\u0259k ist\u0259yir\u00a0"},"content":{"rendered":"\n<p><strong><em>Sevinc Vaqifq\u0131z\u0131 m\u00fckafat\u0131n\u0131 korrupsiyaya qar\u015f\u0131 m\u00fcbariz\u0259 aparan b\u00fct\u00fcn jurnalistl\u0259r\u0259 h\u0259sr edir<\/em><\/strong><\/p>\n\n\n\n<p>Dekabr\u0131n 10-da \u201cQlobal antikorrupriya \u00e7empionu\u201d elan edil\u0259n \u201cAbzasMedia\u201dn\u0131n haz\u0131rda h\u0259bsd\u0259 olan ba\u015f redaktoru Sevinc Vaqifq\u0131z\u0131 ictimaiyy\u0259t\u0259 m\u00fcraci\u0259t \u00fcnvanlay\u0131b.<\/p>\n\n\n\n<p>Jurnalist onu m\u00fckafata layiq g\u00f6r\u0259nl\u0259r\u0259, h\u0259m\u00e7inin demokratik prinsipl\u0259r\u0259 sadiq qalan h\u0259r k\u0259s\u0259 t\u0259\u015f\u0259kk\u00fcr edib:<\/p>\n\n\n\n<p><em>\u201cBu n\u00fcfuzlu m\u00fckafata m\u0259ni layiq bildikl\u0259rin\u0259 g\u00f6r\u0259 demokratik prinsipl\u0259r\u0259 sadiq qalan h\u0259r k\u0259s\u0259 t\u0259\u015f\u0259kk\u00fcr edir\u0259m\u201d.<\/em><\/p>\n\n\n\n<p><em>\u201c\u201dAbzasMedia\u201d olaraq \u00f6lk\u0259 r\u0259hb\u0259ri \u0130lham \u018fliyevin ail\u0259 \u00fczvl\u0259rinin korrupsiya cinay\u0259tl\u0259rind\u0259n tutmu\u015f onun t\u0259yin etdiyi m\u0259murlar\u0131n d\u00f6vl\u0259t v\u0259saitl\u0259rini nec\u0259 m\u0259nims\u0259dikl\u0259rin\u0259 q\u0259d\u0259r b\u00fct\u00fcn cinay\u0259tl\u0259rini \u00fcz\u0259 \u00e7\u0131xarm\u0131\u015f\u0131q. T\u0259\u0259ss\u00fcf edir\u0259m ki, d\u00f6vl\u0259t qurumlar\u0131 bu faktlar \u0259sas\u0131nda h\u0259min v\u0259zif\u0259li \u015f\u0259xsl\u0259r\u0259 qar\u015f\u0131 cinay\u0259t i\u015fi a\u00e7maq \u0259v\u0259zin\u0259, bu cinay\u0259tl\u0259ri \u00fcz\u0259 \u00e7\u0131xaran jurnalistl\u0259ri \u201c\u00e7irkli pullar\u201dda ittiham edib h\u0259bs etdil\u0259r\u201d<\/em>, &#8211; dey\u0259 o qeyd edib.\u00a0<\/p>\n\n\n\n<p>Onun s\u00f6zl\u0259rin\u0259 g\u00f6r\u0259, \u0130lham \u018fliyev onun siyas\u0259tini t\u0259fti\u015f ed\u0259c\u0259k m\u0259hk\u0259m\u0259, qanunverici orqan\u0131 \u00f6z \u0259lin\u0259 alandan sonra m\u00fcst\u0259qil median\u0131 da yox etm\u0259y\u0259 \u00e7al\u0131\u015f\u0131r:&nbsp;<\/p>\n\n\n\n<p><em>\u201cAmma inan\u0131ram ki, demokratiya prinsipl\u0259rin\u0259 sadiq qalan h\u0259r k\u0259s bu \u00f6lk\u0259nin yegan\u0259 n\u0259f\u0259sliyi olan azad median\u0131 m\u0259hv etm\u0259y\u0259 qoymayacaq. Bu m\u00fckafat korrupsiya cinay\u0259tl\u0259rini \u00fcz\u0259 \u00e7\u0131xaran b\u00fct\u00fcn jurnalistl\u0259rin nailiyy\u0259tidir\u201d<\/em>.<\/p>\n\n\n\n<p>2021-ci ild\u0259 AB\u015e-d\u0259 t\u0259sis edil\u0259n Qlobal antikorrupsiya \u00e7empionlar\u0131 m\u00fckafat\u0131n\u0131n m\u0259qs\u0259di korrupsiya il\u0259 m\u00fcbariz\u0259d\u0259 qeyri-adi add\u0131mlar atan f\u0259rdl\u0259ri tan\u0131maq v\u0259 bu q\u0259hr\u0259man t\u0259r\u0259fda\u015flarla h\u0259mr\u0259yliyi n\u00fcmayi\u015f etdirm\u0259kdir.&nbsp;<\/p>\n\n\n\n<p>Sevinc Vaqifq\u0131z\u0131 il\u0259 birlikd\u0259 bu m\u00fckafata daha doqquz n\u0259f\u0259r layiq g\u00f6r\u00fcl\u00fcb.<\/p>\n\n\n\n<p>Sevinc Vaqifq\u0131z\u0131 2023-c\u00fc il noyabr\u0131n 21-d\u0259 \u201cAbzasMedia i\u015fi\u201d \u00e7\u0259r\u00e7iv\u0259sind\u0259 h\u0259bs edilib.\u00a0<\/p>\n\n\n\n<p>O, media qurumunun h\u0259bs edil\u0259n daha 5 \u0259m\u0259kda\u015f\u0131 il\u0259 b\u0259rab\u0259r qa\u00e7aqmal\u00e7\u0131l\u0131qda ittiham edilir.&nbsp;<\/p>\n\n\n\n<p>Jurnalistl\u0259r ittihamlar\u0131 q\u0259bul etmir, h\u0259bsl\u0259rinin apard\u0131qlar\u0131 korrupsiya ara\u015fd\u0131rmalar\u0131 il\u0259 ba\u011fl\u0131 oldu\u011funu bildirirl\u0259r.<\/p>\n","protected":false},"excerpt":{"rendered":"<p>Sevinc Vaqifq\u0131z\u0131 m\u00fckafat\u0131n\u0131 korrupsiyaya qar\u015f\u0131 m\u00fcbariz\u0259 aparan b\u00fct\u00fcn jurnalistl\u0259r\u0259 h\u0259sr &#8230; <\/p>\n<p class=\"read-more-container\"><a title=\"Jurnalistd\u0259n ictimaiyy\u0259t\u0259 m\u00fcraci\u0259t: \u018fliyev onu t\u0259fti\u015f ed\u0259n median\u0131 yox etm\u0259k ist\u0259yir\u00a0\" class=\"read-more button\" href=\"https:\/\/www.meydan.tv\/az\/article\/jurnalistden-ictimaiyyete-muraciet-eliyev-onu-teftis-eden-mediani-yox-etmek-isteyir\/#more-322839\" aria-label=\"Read more about Jurnalistd\u0259n ictimaiyy\u0259t\u0259 m\u00fcraci\u0259t: \u018fliyev onu t\u0259fti\u015f ed\u0259n median\u0131 yox etm\u0259k ist\u0259yir\u00a0\">Davam\u0131<\/a><\/p>\n","protected":false},"author":12,"featured_media":291524,"comment_status":"closed","ping_status":"closed","sticky":false,"template":"","format":"standard","meta":{"_acf_changed":false,"_sitemap_exclude":false,"_sitemap_priority":"","_sitemap_frequency":"","footnotes":""},"categories":[59,79,56],"tags":[],"class_list":["post-322839","post","type-post","status-publish","format-standard","has-post-thumbnail","hentry","category-siyaset","category-featured","category-xeberler","infinite-scroll-item","generate-columns","tablet-grid-50","mobile-grid-100","grid-parent","grid-33","no-featured-image-padding"],"acf":[],"yoast_head":"<!-- This site is optimized with the Yoast SEO plugin v27.4 - https:\/\/yoast.com\/product\/yoast-seo-wordpress\/ -->\n<title>Jurnalistd\u0259n ictimaiyy\u0259t\u0259 m\u00fcraci\u0259t: \u018fliyev onu t\u0259fti\u015f ed\u0259n median\u0131 yox etm\u0259k ist\u0259yir\u00a0 - MEYDAN.TV<\/title>\n<meta name=\"robots\" content=\"index, follow, max-snippet:-1, max-image-preview:large, max-video-preview:-1\" \/>\n<link rel=\"canonical\" href=\"https:\/\/www.meydan.tv\/az\/article\/jurnalistden-ictimaiyyete-muraciet-eliyev-onu-teftis-eden-mediani-yox-etmek-isteyir\/\" \/>\n<meta property=\"og:locale\" content=\"az_AZ\" \/>\n<meta property=\"og:type\" content=\"article\" \/>\n<meta property=\"og:title\" content=\"Jurnalistd\u0259n ictimaiyy\u0259t\u0259 m\u00fcraci\u0259t: \u018fliyev onu t\u0259fti\u015f ed\u0259n median\u0131 yox etm\u0259k ist\u0259yir\u00a0 - MEYDAN.TV\" \/>\n<meta property=\"og:description\" content=\"Sevinc Vaqifq\u0131z\u0131 m\u00fckafat\u0131n\u0131 korrupsiyaya qar\u015f\u0131 m\u00fcbariz\u0259 aparan b\u00fct\u00fcn jurnalistl\u0259r\u0259 h\u0259sr ... Davam\u0131\" \/>\n<meta property=\"og:url\" content=\"https:\/\/www.meydan.tv\/az\/article\/jurnalistden-ictimaiyyete-muraciet-eliyev-onu-teftis-eden-mediani-yox-etmek-isteyir\/\" \/>\n<meta property=\"og:site_name\" content=\"MEYDAN.TV\" \/>\n<meta property=\"article:published_time\" content=\"2024-12-16T14:45:40+00:00\" \/>\n<meta property=\"article:modified_time\" content=\"2024-12-16T15:31:23+00:00\" \/>\n<meta property=\"og:image\" content=\"https:\/\/www.meydan.tv\/wp-content\/uploads\/img_0633-scaled-e1703104450403.jpg\" \/>\n\t<meta property=\"og:image:width\" content=\"2560\" \/>\n\t<meta property=\"og:image:height\" content=\"1582\" \/>\n\t<meta property=\"og:image:type\" content=\"image\/jpeg\" \/>\n<meta name=\"author\" content=\"aleks\" \/>\n<meta name=\"twitter:card\" content=\"summary_large_image\" \/>\n<script type=\"application\/ld+json\" class=\"yoast-schema-graph\">{\"@context\":\"https:\\\/\\\/schema.org\",\"@graph\":[{\"@type\":\"Article\",\"@id\":\"https:\\\/\\\/www.meydan.tv\\\/az\\\/article\\\/jurnalistden-ictimaiyyete-muraciet-eliyev-onu-teftis-eden-mediani-yox-etmek-isteyir\\\/#article\",\"isPartOf\":{\"@id\":\"https:\\\/\\\/www.meydan.tv\\\/az\\\/article\\\/jurnalistden-ictimaiyyete-muraciet-eliyev-onu-teftis-eden-mediani-yox-etmek-isteyir\\\/\"},\"author\":{\"name\":\"aleks\",\"@id\":\"https:\\\/\\\/www.meydan.tv\\\/az\\\/#\\\/schema\\\/person\\\/476e9360e593fa131d5d71d51866f8da\"},\"headline\":\"Jurnalistd\u0259n ictimaiyy\u0259t\u0259 m\u00fcraci\u0259t: \u018fliyev onu t\u0259fti\u015f ed\u0259n median\u0131 yox etm\u0259k ist\u0259yir\u00a0\",\"datePublished\":\"2024-12-16T14:45:40+00:00\",\"dateModified\":\"2024-12-16T15:31:23+00:00\",\"mainEntityOfPage\":{\"@id\":\"https:\\\/\\\/www.meydan.tv\\\/az\\\/article\\\/jurnalistden-ictimaiyyete-muraciet-eliyev-onu-teftis-eden-mediani-yox-etmek-isteyir\\\/\"},\"wordCount\":424,\"publisher\":{\"@id\":\"https:\\\/\\\/www.meydan.tv\\\/az\\\/#organization\"},\"image\":{\"@id\":\"https:\\\/\\\/www.meydan.tv\\\/az\\\/article\\\/jurnalistden-ictimaiyyete-muraciet-eliyev-onu-teftis-eden-mediani-yox-etmek-isteyir\\\/#primaryimage\"},\"thumbnailUrl\":\"https:\\\/\\\/www.meydan.tv\\\/wp-content\\\/uploads\\\/img_0633-scaled-e1703104450403.jpg\",\"articleSection\":[\"Siyas\u0259t\",\"T\u00f6vsiy\u0259\",\"X\u0259b\u0259rl\u0259r\"],\"inLanguage\":\"az\"},{\"@type\":\"WebPage\",\"@id\":\"https:\\\/\\\/www.meydan.tv\\\/az\\\/article\\\/jurnalistden-ictimaiyyete-muraciet-eliyev-onu-teftis-eden-mediani-yox-etmek-isteyir\\\/\",\"url\":\"https:\\\/\\\/www.meydan.tv\\\/az\\\/article\\\/jurnalistden-ictimaiyyete-muraciet-eliyev-onu-teftis-eden-mediani-yox-etmek-isteyir\\\/\",\"name\":\"Jurnalistd\u0259n ictimaiyy\u0259t\u0259 m\u00fcraci\u0259t: \u018fliyev onu t\u0259fti\u015f ed\u0259n median\u0131 yox etm\u0259k ist\u0259yir\u00a0 - MEYDAN.TV\",\"isPartOf\":{\"@id\":\"https:\\\/\\\/www.meydan.tv\\\/az\\\/#website\"},\"primaryImageOfPage\":{\"@id\":\"https:\\\/\\\/www.meydan.tv\\\/az\\\/article\\\/jurnalistden-ictimaiyyete-muraciet-eliyev-onu-teftis-eden-mediani-yox-etmek-isteyir\\\/#primaryimage\"},\"image\":{\"@id\":\"https:\\\/\\\/www.meydan.tv\\\/az\\\/article\\\/jurnalistden-ictimaiyyete-muraciet-eliyev-onu-teftis-eden-mediani-yox-etmek-isteyir\\\/#primaryimage\"},\"thumbnailUrl\":\"https:\\\/\\\/www.meydan.tv\\\/wp-content\\\/uploads\\\/img_0633-scaled-e1703104450403.jpg\",\"datePublished\":\"2024-12-16T14:45:40+00:00\",\"dateModified\":\"2024-12-16T15:31:23+00:00\",\"breadcrumb\":{\"@id\":\"https:\\\/\\\/www.meydan.tv\\\/az\\\/article\\\/jurnalistden-ictimaiyyete-muraciet-eliyev-onu-teftis-eden-mediani-yox-etmek-isteyir\\\/#breadcrumb\"},\"inLanguage\":\"az\",\"potentialAction\":[{\"@type\":\"ReadAction\",\"target\":[\"https:\\\/\\\/www.meydan.tv\\\/az\\\/article\\\/jurnalistden-ictimaiyyete-muraciet-eliyev-onu-teftis-eden-mediani-yox-etmek-isteyir\\\/\"]}]},{\"@type\":\"ImageObject\",\"inLanguage\":\"az\",\"@id\":\"https:\\\/\\\/www.meydan.tv\\\/az\\\/article\\\/jurnalistden-ictimaiyyete-muraciet-eliyev-onu-teftis-eden-mediani-yox-etmek-isteyir\\\/#primaryimage\",\"url\":\"https:\\\/\\\/www.meydan.tv\\\/wp-content\\\/uploads\\\/img_0633-scaled-e1703104450403.jpg\",\"contentUrl\":\"https:\\\/\\\/www.meydan.tv\\\/wp-content\\\/uploads\\\/img_0633-scaled-e1703104450403.jpg\",\"width\":2560,\"height\":1582,\"caption\":\"Sevinc Vaqifq\u0131z\u0131. Foto: Meydan TV\"},{\"@type\":\"BreadcrumbList\",\"@id\":\"https:\\\/\\\/www.meydan.tv\\\/az\\\/article\\\/jurnalistden-ictimaiyyete-muraciet-eliyev-onu-teftis-eden-mediani-yox-etmek-isteyir\\\/#breadcrumb\",\"itemListElement\":[{\"@type\":\"ListItem\",\"position\":1,\"name\":\"Ana s\u0259hif\u0259\",\"item\":\"https:\\\/\\\/www.meydan.tv\\\/az\\\/\"},{\"@type\":\"ListItem\",\"position\":2,\"name\":\"X\u0259b\u0259rl\u0259r\",\"item\":\"https:\\\/\\\/www.meydan.tv\\\/az\\\/section\\\/xeberler\\\/\"},{\"@type\":\"ListItem\",\"position\":3,\"name\":\"Jurnalistd\u0259n ictimaiyy\u0259t\u0259 m\u00fcraci\u0259t: \u018fliyev onu t\u0259fti\u015f ed\u0259n median\u0131 yox etm\u0259k ist\u0259yir\u00a0\"}]},{\"@type\":\"WebSite\",\"@id\":\"https:\\\/\\\/www.meydan.tv\\\/az\\\/#website\",\"url\":\"https:\\\/\\\/www.meydan.tv\\\/az\\\/\",\"name\":\"MEYDAN.TV\",\"description\":\"Meydan TV Az\u0259rbaycan\u0131n media m\u0259kan\u0131ndak\u0131 alternativ s\u0259sidir\",\"publisher\":{\"@id\":\"https:\\\/\\\/www.meydan.tv\\\/az\\\/#organization\"},\"potentialAction\":[{\"@type\":\"SearchAction\",\"target\":{\"@type\":\"EntryPoint\",\"urlTemplate\":\"https:\\\/\\\/www.meydan.tv\\\/az\\\/?s={search_term_string}\"},\"query-input\":{\"@type\":\"PropertyValueSpecification\",\"valueRequired\":true,\"valueName\":\"search_term_string\"}}],\"inLanguage\":\"az\"},{\"@type\":\"Organization\",\"@id\":\"https:\\\/\\\/www.meydan.tv\\\/az\\\/#organization\",\"name\":\"Meydan TV\",\"url\":\"https:\\\/\\\/www.meydan.tv\\\/az\\\/\",\"logo\":{\"@type\":\"ImageObject\",\"inLanguage\":\"az\",\"@id\":\"https:\\\/\\\/www.meydan.tv\\\/az\\\/#\\\/schema\\\/logo\\\/image\\\/\",\"url\":\"https:\\\/\\\/www.meydan.tv\\\/wp-content\\\/uploads\\\/2021\\\/07\\\/meydan-logo.svg\",\"contentUrl\":\"https:\\\/\\\/www.meydan.tv\\\/wp-content\\\/uploads\\\/2021\\\/07\\\/meydan-logo.svg\",\"width\":195,\"height\":46,\"caption\":\"Meydan TV\"},\"image\":{\"@id\":\"https:\\\/\\\/www.meydan.tv\\\/az\\\/#\\\/schema\\\/logo\\\/image\\\/\"}},{\"@type\":\"Person\",\"@id\":\"https:\\\/\\\/www.meydan.tv\\\/az\\\/#\\\/schema\\\/person\\\/476e9360e593fa131d5d71d51866f8da\",\"name\":\"aleks\"}]}<\/script>\n<!-- \/ Yoast SEO plugin. -->","yoast_head_json":{"title":"Jurnalistd\u0259n ictimaiyy\u0259t\u0259 m\u00fcraci\u0259t: \u018fliyev onu t\u0259fti\u015f ed\u0259n median\u0131 yox etm\u0259k ist\u0259yir\u00a0 - MEYDAN.TV","robots":{"index":"index","follow":"follow","max-snippet":"max-snippet:-1","max-image-preview":"max-image-preview:large","max-video-preview":"max-video-preview:-1"},"canonical":"https:\/\/www.meydan.tv\/az\/article\/jurnalistden-ictimaiyyete-muraciet-eliyev-onu-teftis-eden-mediani-yox-etmek-isteyir\/","og_locale":"az_AZ","og_type":"article","og_title":"Jurnalistd\u0259n ictimaiyy\u0259t\u0259 m\u00fcraci\u0259t: \u018fliyev onu t\u0259fti\u015f ed\u0259n median\u0131 yox etm\u0259k ist\u0259yir\u00a0 - MEYDAN.TV","og_description":"Sevinc Vaqifq\u0131z\u0131 m\u00fckafat\u0131n\u0131 korrupsiyaya qar\u015f\u0131 m\u00fcbariz\u0259 aparan b\u00fct\u00fcn jurnalistl\u0259r\u0259 h\u0259sr ... Davam\u0131","og_url":"https:\/\/www.meydan.tv\/az\/article\/jurnalistden-ictimaiyyete-muraciet-eliyev-onu-teftis-eden-mediani-yox-etmek-isteyir\/","og_site_name":"MEYDAN.TV","article_published_time":"2024-12-16T14:45:40+00:00","article_modified_time":"2024-12-16T15:31:23+00:00","og_image":[{"width":2560,"height":1582,"url":"https:\/\/www.meydan.tv\/wp-content\/uploads\/img_0633-scaled-e1703104450403.jpg","type":"image\/jpeg"}],"author":"aleks","twitter_card":"summary_large_image","schema":{"@context":"https:\/\/schema.org","@graph":[{"@type":"Article","@id":"https:\/\/www.meydan.tv\/az\/article\/jurnalistden-ictimaiyyete-muraciet-eliyev-onu-teftis-eden-mediani-yox-etmek-isteyir\/#article","isPartOf":{"@id":"https:\/\/www.meydan.tv\/az\/article\/jurnalistden-ictimaiyyete-muraciet-eliyev-onu-teftis-eden-mediani-yox-etmek-isteyir\/"},"author":{"name":"aleks","@id":"https:\/\/www.meydan.tv\/az\/#\/schema\/person\/476e9360e593fa131d5d71d51866f8da"},"headline":"Jurnalistd\u0259n ictimaiyy\u0259t\u0259 m\u00fcraci\u0259t: \u018fliyev onu t\u0259fti\u015f ed\u0259n median\u0131 yox etm\u0259k ist\u0259yir\u00a0","datePublished":"2024-12-16T14:45:40+00:00","dateModified":"2024-12-16T15:31:23+00:00","mainEntityOfPage":{"@id":"https:\/\/www.meydan.tv\/az\/article\/jurnalistden-ictimaiyyete-muraciet-eliyev-onu-teftis-eden-mediani-yox-etmek-isteyir\/"},"wordCount":424,"publisher":{"@id":"https:\/\/www.meydan.tv\/az\/#organization"},"image":{"@id":"https:\/\/www.meydan.tv\/az\/article\/jurnalistden-ictimaiyyete-muraciet-eliyev-onu-teftis-eden-mediani-yox-etmek-isteyir\/#primaryimage"},"thumbnailUrl":"https:\/\/www.meydan.tv\/wp-content\/uploads\/img_0633-scaled-e1703104450403.jpg","articleSection":["Siyas\u0259t","T\u00f6vsiy\u0259","X\u0259b\u0259rl\u0259r"],"inLanguage":"az"},{"@type":"WebPage","@id":"https:\/\/www.meydan.tv\/az\/article\/jurnalistden-ictimaiyyete-muraciet-eliyev-onu-teftis-eden-mediani-yox-etmek-isteyir\/","url":"https:\/\/www.meydan.tv\/az\/article\/jurnalistden-ictimaiyyete-muraciet-eliyev-onu-teftis-eden-mediani-yox-etmek-isteyir\/","name":"Jurnalistd\u0259n ictimaiyy\u0259t\u0259 m\u00fcraci\u0259t: \u018fliyev onu t\u0259fti\u015f ed\u0259n median\u0131 yox etm\u0259k ist\u0259yir\u00a0 - MEYDAN.TV","isPartOf":{"@id":"https:\/\/www.meydan.tv\/az\/#website"},"primaryImageOfPage":{"@id":"https:\/\/www.meydan.tv\/az\/article\/jurnalistden-ictimaiyyete-muraciet-eliyev-onu-teftis-eden-mediani-yox-etmek-isteyir\/#primaryimage"},"image":{"@id":"https:\/\/www.meydan.tv\/az\/article\/jurnalistden-ictimaiyyete-muraciet-eliyev-onu-teftis-eden-mediani-yox-etmek-isteyir\/#primaryimage"},"thumbnailUrl":"https:\/\/www.meydan.tv\/wp-content\/uploads\/img_0633-scaled-e1703104450403.jpg","datePublished":"2024-12-16T14:45:40+00:00","dateModified":"2024-12-16T15:31:23+00:00","breadcrumb":{"@id":"https:\/\/www.meydan.tv\/az\/article\/jurnalistden-ictimaiyyete-muraciet-eliyev-onu-teftis-eden-mediani-yox-etmek-isteyir\/#breadcrumb"},"inLanguage":"az","potentialAction":[{"@type":"ReadAction","target":["https:\/\/www.meydan.tv\/az\/article\/jurnalistden-ictimaiyyete-muraciet-eliyev-onu-teftis-eden-mediani-yox-etmek-isteyir\/"]}]},{"@type":"ImageObject","inLanguage":"az","@id":"https:\/\/www.meydan.tv\/az\/article\/jurnalistden-ictimaiyyete-muraciet-eliyev-onu-teftis-eden-mediani-yox-etmek-isteyir\/#primaryimage","url":"https:\/\/www.meydan.tv\/wp-content\/uploads\/img_0633-scaled-e1703104450403.jpg","contentUrl":"https:\/\/www.meydan.tv\/wp-content\/uploads\/img_0633-scaled-e1703104450403.jpg","width":2560,"height":1582,"caption":"Sevinc Vaqifq\u0131z\u0131. Foto: Meydan TV"},{"@type":"BreadcrumbList","@id":"https:\/\/www.meydan.tv\/az\/article\/jurnalistden-ictimaiyyete-muraciet-eliyev-onu-teftis-eden-mediani-yox-etmek-isteyir\/#breadcrumb","itemListElement":[{"@type":"ListItem","position":1,"name":"Ana s\u0259hif\u0259","item":"https:\/\/www.meydan.tv\/az\/"},{"@type":"ListItem","position":2,"name":"X\u0259b\u0259rl\u0259r","item":"https:\/\/www.meydan.tv\/az\/section\/xeberler\/"},{"@type":"ListItem","position":3,"name":"Jurnalistd\u0259n ictimaiyy\u0259t\u0259 m\u00fcraci\u0259t: \u018fliyev onu t\u0259fti\u015f ed\u0259n median\u0131 yox etm\u0259k ist\u0259yir\u00a0"}]},{"@type":"WebSite","@id":"https:\/\/www.meydan.tv\/az\/#website","url":"https:\/\/www.meydan.tv\/az\/","name":"MEYDAN.TV","description":"Meydan TV Az\u0259rbaycan\u0131n media m\u0259kan\u0131ndak\u0131 alternativ s\u0259sidir","publisher":{"@id":"https:\/\/www.meydan.tv\/az\/#organization"},"potentialAction":[{"@type":"SearchAction","target":{"@type":"EntryPoint","urlTemplate":"https:\/\/www.meydan.tv\/az\/?s={search_term_string}"},"query-input":{"@type":"PropertyValueSpecification","valueRequired":true,"valueName":"search_term_string"}}],"inLanguage":"az"},{"@type":"Organization","@id":"https:\/\/www.meydan.tv\/az\/#organization","name":"Meydan TV","url":"https:\/\/www.meydan.tv\/az\/","logo":{"@type":"ImageObject","inLanguage":"az","@id":"https:\/\/www.meydan.tv\/az\/#\/schema\/logo\/image\/","url":"https:\/\/www.meydan.tv\/wp-content\/uploads\/2021\/07\/meydan-logo.svg","contentUrl":"https:\/\/www.meydan.tv\/wp-content\/uploads\/2021\/07\/meydan-logo.svg","width":195,"height":46,"caption":"Meydan TV"},"image":{"@id":"https:\/\/www.meydan.tv\/az\/#\/schema\/logo\/image\/"}},{"@type":"Person","@id":"https:\/\/www.meydan.tv\/az\/#\/schema\/person\/476e9360e593fa131d5d71d51866f8da","name":"aleks"}]}},"_links":{"self":[{"href":"https:\/\/www.meydan.tv\/az\/wp-json\/wp\/v2\/posts\/322839","targetHints":{"allow":["GET"]}}],"collection":[{"href":"https:\/\/www.meydan.tv\/az\/wp-json\/wp\/v2\/posts"}],"about":[{"href":"https:\/\/www.meydan.tv\/az\/wp-json\/wp\/v2\/types\/post"}],"author":[{"embeddable":true,"href":"https:\/\/www.meydan.tv\/az\/wp-json\/wp\/v2\/users\/12"}],"replies":[{"embeddable":true,"href":"https:\/\/www.meydan.tv\/az\/wp-json\/wp\/v2\/comments?post=322839"}],"version-history":[{"count":3,"href":"https:\/\/www.meydan.tv\/az\/wp-json\/wp\/v2\/posts\/322839\/revisions"}],"predecessor-version":[{"id":322844,"href":"https:\/\/www.meydan.tv\/az\/wp-json\/wp\/v2\/posts\/322839\/revisions\/322844"}],"wp:featuredmedia":[{"embeddable":true,"href":"https:\/\/www.meydan.tv\/az\/wp-json\/wp\/v2\/media\/291524"}],"wp:attachment":[{"href":"https:\/\/www.meydan.tv\/az\/wp-json\/wp\/v2\/media?parent=322839"}],"wp:term":[{"taxonomy":"category","embeddable":true,"href":"https:\/\/www.meydan.tv\/az\/wp-json\/wp\/v2\/categories?post=322839"},{"taxonomy":"post_tag","embeddable":true,"href":"https:\/\/www.meydan.tv\/az\/wp-json\/wp\/v2\/tags?post=322839"}],"curies":[{"name":"wp","href":"https:\/\/api.w.org\/{rel}","templated":true}]}}