{"id":322818,"date":"2024-12-15T22:36:01","date_gmt":"2024-12-15T18:36:01","guid":{"rendered":"https:\/\/www.meydan.tv\/?p=322818"},"modified":"2024-12-15T22:36:03","modified_gmt":"2024-12-15T18:36:03","slug":"tbiliside-mitinqde-saxlanilan-etnik-azerbaycanli-adami-olumune-vururdular","status":"publish","type":"post","link":"https:\/\/www.meydan.tv\/az\/article\/tbiliside-mitinqde-saxlanilan-etnik-azerbaycanli-adami-olumune-vururdular\/","title":{"rendered":"Tbilisid\u0259 mitinqd\u0259 saxlan\u0131lan etnik az\u0259rbaycanl\u0131: adam\u0131 \u00f6l\u00fcm\u00fcn\u0259 vururdular"},"content":{"rendered":"\n<figure class=\"wp-block-embed is-type-video is-provider-youtube wp-block-embed-youtube wp-embed-aspect-16-9 wp-has-aspect-ratio\"><div class=\"wp-block-embed__wrapper\">\n<iframe title=\"Tbilisid\u0259 mitinqd\u0259 saxlan\u0131lan etnik az\u0259rbaycanl\u0131: adam\u0131 \u00f6l\u00fcm\u00fcn\u0259 vururdular\" width=\"1200\" height=\"675\" data-src=\"https:\/\/www.youtube.com\/embed\/WnlTYe5OGhE?feature=oembed\" frameborder=\"0\" allow=\"accelerometer; autoplay; clipboard-write; encrypted-media; gyroscope; picture-in-picture; web-share\" referrerpolicy=\"strict-origin-when-cross-origin\" allowfullscreen src=\"data:image\/svg+xml;base64,PHN2ZyB3aWR0aD0iMSIgaGVpZ2h0PSIxIiB4bWxucz0iaHR0cDovL3d3dy53My5vcmcvMjAwMC9zdmciPjwvc3ZnPg==\" class=\"lazyload\" data-load-mode=\"1\"><\/iframe>\n<\/div><\/figure>\n\n\n\n<!--more-->\n\n\n\n<p>G\u00fcrc\u00fcstanda t\u0259krar se\u00e7kil\u0259rin ke\u00e7irilm\u0259si v\u0259 Avropa ittifaq\u0131 il\u0259 dan\u0131\u015f\u0131qlar\u0131n b\u0259rpa edilm\u0259si t\u0259l\u0259bi il\u0259 ke\u00e7iril\u0259n aksiyalarda G\u00fcrc\u00fcstan v\u0259t\u0259nda\u015f\u0131, etnik az\u0259rbaycanl\u0131 olan Elvin K\u0259rimov dekabr\u0131n 3-d\u0259 polis t\u0259r\u0259find\u0259n saxlan\u0131l\u0131b. Daha sonra onun haqq\u0131nda inzibati qaydada h\u0259bs q\u0259rar\u0131 verilib. O, 8 sutka inzibati h\u0259bs c\u0259zas\u0131 al\u0131b. H\u0259bs m\u00fcdd\u0259ti dekabr\u0131n 13-d\u0259 ba\u015fa \u00e7atan Elvini dostlar\u0131 v\u0259 tan\u0131\u015flar\u0131 t\u0259cridxanadan qar\u015f\u0131lay\u0131blar.<\/p>\n\n\n\n<p>Elvin saxlan\u0131lma an\u0131n\u0131 v\u0259 ondan sonra ba\u015f ver\u0259nl\u0259ri bel\u0259 xat\u0131rlay\u0131r:<\/p>\n\n\n\n<p>\u201cBird\u0259n qar\u0131\u015f\u0131ql\u0131q ba\u015f verdi. Bilmir\u0259m, nec\u0259 oldusa, orda m\u0259nim \u00f6n\u00fcmd\u0259 bir qad\u0131n idi ya ki\u015fi, y\u0131x\u0131ld\u0131. Ona k\u00f6m\u0259k etm\u0259k ist\u0259y\u0259nd\u0259, arxadan tutdular. El\u0259 bildim bizim u\u015faqlardan biridir. Baxanda g\u00f6rd\u00fcm ki, apard\u0131lar. Aparandan sonra fiziki t\u0259zyiq, t\u0259hqir&#8230;<\/p>\n\n\n\n<p>Soyad\u0131m\u0131 soru\u015fanda dedil\u0259r ki, \u201cs\u0259n tataris\u0259n, get \u018fliyev\u0259 qar\u015f\u0131 \u00e7\u0131x. Burada n\u0259 i\u015fin var, burada niy\u0259 inqilab edirs\u0259n\u201d.<\/p>\n\n\n\n<p>Ma\u015f\u0131na otuzdurdular, ma\u015f\u0131n\u0131n i\u00e7\u0259risind\u0259 vurub, d\u00f6y\u00fclm\u0259k olmad\u0131, amma t\u0259hqir edirdil\u0259r ki, s\u0259n get heyvanlar\u0131n\u0131z\u0131 otar v\u0259 yaxud niy\u0259 gedib, yerl\u0259rinizi bell\u0259mirsiniz kimi, bu tipli t\u0259hqirl\u0259r edirdil\u0259r. Ba\u015fqa-ba\u015fqa s\u00f6y\u00fc\u015fl\u0259r s\u00f6y\u00fcrd\u00fcl\u0259r. Bel\u0259 davam el\u0259di, amma buradak\u0131 \u0259m\u0259kda\u015flar \u00e7ox yax\u015f\u0131 davran\u0131rd\u0131lar.<\/p>\n\n\n\n<p>Maskal\u0131lar aparanda daha \u00e7ox fiziki t\u0259zyiq oldu. Buna t\u0259zyiq yox, zorak\u0131l\u0131q dey\u0259 bil\u0259rik. Qeyri-insani i\u015fg\u0259nc\u0259&#8230; adam\u0131 \u00f6l\u00fcm\u00fcn\u0259 vururdular. \u00dcz\u00fcm qapqara idi, indi gedib bir az. \u00dcz\u00fcm, burnum. H\u0259tta paltar\u0131m qan idi. N\u0259 q\u0259d\u0259r dedim ki, t\u0259cili tibbi yard\u0131m \u00e7a\u011f\u0131r\u0131ls\u0131n, amma onlar \u00e7a\u011f\u0131rmad\u0131. Sad\u0259c\u0259 i\u00e7\u0259rid\u0259 olan h\u0259kim baxd\u0131\u201d.<\/p>\n","protected":false},"excerpt":{"rendered":"","protected":false},"author":12,"featured_media":322819,"comment_status":"closed","ping_status":"closed","sticky":false,"template":"","format":"standard","meta":{"_acf_changed":false,"_sitemap_exclude":false,"_sitemap_priority":"","_sitemap_frequency":"","footnotes":""},"categories":[64,63],"tags":[],"class_list":["post-322818","post","type-post","status-publish","format-standard","has-post-thumbnail","hentry","category-dunya","category-video-2","infinite-scroll-item","generate-columns","tablet-grid-50","mobile-grid-100","grid-parent","grid-33","no-featured-image-padding"],"acf":[],"yoast_head":"<!-- This site is optimized with the Yoast SEO plugin v27.4 - https:\/\/yoast.com\/product\/yoast-seo-wordpress\/ -->\n<title>Tbilisid\u0259 mitinqd\u0259 saxlan\u0131lan etnik az\u0259rbaycanl\u0131: adam\u0131 \u00f6l\u00fcm\u00fcn\u0259 vururdular - MEYDAN.TV<\/title>\n<meta name=\"robots\" content=\"index, follow, max-snippet:-1, max-image-preview:large, max-video-preview:-1\" \/>\n<link rel=\"canonical\" href=\"https:\/\/www.meydan.tv\/az\/article\/tbiliside-mitinqde-saxlanilan-etnik-azerbaycanli-adami-olumune-vururdular\/\" \/>\n<meta property=\"og:locale\" content=\"az_AZ\" \/>\n<meta property=\"og:type\" content=\"article\" \/>\n<meta property=\"og:title\" content=\"Tbilisid\u0259 mitinqd\u0259 saxlan\u0131lan etnik az\u0259rbaycanl\u0131: adam\u0131 \u00f6l\u00fcm\u00fcn\u0259 vururdular - MEYDAN.TV\" \/>\n<meta property=\"og:url\" content=\"https:\/\/www.meydan.tv\/az\/article\/tbiliside-mitinqde-saxlanilan-etnik-azerbaycanli-adami-olumune-vururdular\/\" \/>\n<meta property=\"og:site_name\" content=\"MEYDAN.TV\" \/>\n<meta property=\"article:published_time\" content=\"2024-12-15T18:36:01+00:00\" \/>\n<meta property=\"article:modified_time\" content=\"2024-12-15T18:36:03+00:00\" \/>\n<meta property=\"og:image\" content=\"https:\/\/www.meydan.tv\/wp-content\/uploads\/screenshot-2024-12-15-at-19.25.51.png\" \/>\n\t<meta property=\"og:image:width\" content=\"1654\" \/>\n\t<meta property=\"og:image:height\" content=\"808\" \/>\n\t<meta property=\"og:image:type\" content=\"image\/png\" \/>\n<meta name=\"author\" content=\"aleks\" \/>\n<meta name=\"twitter:card\" content=\"summary_large_image\" \/>\n<script type=\"application\/ld+json\" class=\"yoast-schema-graph\">{\"@context\":\"https:\\\/\\\/schema.org\",\"@graph\":[{\"@type\":\"Article\",\"@id\":\"https:\\\/\\\/www.meydan.tv\\\/az\\\/article\\\/tbiliside-mitinqde-saxlanilan-etnik-azerbaycanli-adami-olumune-vururdular\\\/#article\",\"isPartOf\":{\"@id\":\"https:\\\/\\\/www.meydan.tv\\\/az\\\/article\\\/tbiliside-mitinqde-saxlanilan-etnik-azerbaycanli-adami-olumune-vururdular\\\/\"},\"author\":{\"name\":\"aleks\",\"@id\":\"https:\\\/\\\/www.meydan.tv\\\/az\\\/#\\\/schema\\\/person\\\/476e9360e593fa131d5d71d51866f8da\"},\"headline\":\"Tbilisid\u0259 mitinqd\u0259 saxlan\u0131lan etnik az\u0259rbaycanl\u0131: adam\u0131 \u00f6l\u00fcm\u00fcn\u0259 vururdular\",\"datePublished\":\"2024-12-15T18:36:01+00:00\",\"dateModified\":\"2024-12-15T18:36:03+00:00\",\"mainEntityOfPage\":{\"@id\":\"https:\\\/\\\/www.meydan.tv\\\/az\\\/article\\\/tbiliside-mitinqde-saxlanilan-etnik-azerbaycanli-adami-olumune-vururdular\\\/\"},\"wordCount\":352,\"publisher\":{\"@id\":\"https:\\\/\\\/www.meydan.tv\\\/az\\\/#organization\"},\"image\":{\"@id\":\"https:\\\/\\\/www.meydan.tv\\\/az\\\/article\\\/tbiliside-mitinqde-saxlanilan-etnik-azerbaycanli-adami-olumune-vururdular\\\/#primaryimage\"},\"thumbnailUrl\":\"https:\\\/\\\/www.meydan.tv\\\/wp-content\\\/uploads\\\/screenshot-2024-12-15-at-19.25.51.png\",\"articleSection\":[\"D\u00fcnya\",\"Video\"],\"inLanguage\":\"az\"},{\"@type\":\"WebPage\",\"@id\":\"https:\\\/\\\/www.meydan.tv\\\/az\\\/article\\\/tbiliside-mitinqde-saxlanilan-etnik-azerbaycanli-adami-olumune-vururdular\\\/\",\"url\":\"https:\\\/\\\/www.meydan.tv\\\/az\\\/article\\\/tbiliside-mitinqde-saxlanilan-etnik-azerbaycanli-adami-olumune-vururdular\\\/\",\"name\":\"Tbilisid\u0259 mitinqd\u0259 saxlan\u0131lan etnik az\u0259rbaycanl\u0131: adam\u0131 \u00f6l\u00fcm\u00fcn\u0259 vururdular - MEYDAN.TV\",\"isPartOf\":{\"@id\":\"https:\\\/\\\/www.meydan.tv\\\/az\\\/#website\"},\"primaryImageOfPage\":{\"@id\":\"https:\\\/\\\/www.meydan.tv\\\/az\\\/article\\\/tbiliside-mitinqde-saxlanilan-etnik-azerbaycanli-adami-olumune-vururdular\\\/#primaryimage\"},\"image\":{\"@id\":\"https:\\\/\\\/www.meydan.tv\\\/az\\\/article\\\/tbiliside-mitinqde-saxlanilan-etnik-azerbaycanli-adami-olumune-vururdular\\\/#primaryimage\"},\"thumbnailUrl\":\"https:\\\/\\\/www.meydan.tv\\\/wp-content\\\/uploads\\\/screenshot-2024-12-15-at-19.25.51.png\",\"datePublished\":\"2024-12-15T18:36:01+00:00\",\"dateModified\":\"2024-12-15T18:36:03+00:00\",\"breadcrumb\":{\"@id\":\"https:\\\/\\\/www.meydan.tv\\\/az\\\/article\\\/tbiliside-mitinqde-saxlanilan-etnik-azerbaycanli-adami-olumune-vururdular\\\/#breadcrumb\"},\"inLanguage\":\"az\",\"potentialAction\":[{\"@type\":\"ReadAction\",\"target\":[\"https:\\\/\\\/www.meydan.tv\\\/az\\\/article\\\/tbiliside-mitinqde-saxlanilan-etnik-azerbaycanli-adami-olumune-vururdular\\\/\"]}]},{\"@type\":\"ImageObject\",\"inLanguage\":\"az\",\"@id\":\"https:\\\/\\\/www.meydan.tv\\\/az\\\/article\\\/tbiliside-mitinqde-saxlanilan-etnik-azerbaycanli-adami-olumune-vururdular\\\/#primaryimage\",\"url\":\"https:\\\/\\\/www.meydan.tv\\\/wp-content\\\/uploads\\\/screenshot-2024-12-15-at-19.25.51.png\",\"contentUrl\":\"https:\\\/\\\/www.meydan.tv\\\/wp-content\\\/uploads\\\/screenshot-2024-12-15-at-19.25.51.png\",\"width\":1654,\"height\":808},{\"@type\":\"BreadcrumbList\",\"@id\":\"https:\\\/\\\/www.meydan.tv\\\/az\\\/article\\\/tbiliside-mitinqde-saxlanilan-etnik-azerbaycanli-adami-olumune-vururdular\\\/#breadcrumb\",\"itemListElement\":[{\"@type\":\"ListItem\",\"position\":1,\"name\":\"Ana s\u0259hif\u0259\",\"item\":\"https:\\\/\\\/www.meydan.tv\\\/az\\\/\"},{\"@type\":\"ListItem\",\"position\":2,\"name\":\"Video\",\"item\":\"https:\\\/\\\/www.meydan.tv\\\/az\\\/section\\\/video-2\\\/\"},{\"@type\":\"ListItem\",\"position\":3,\"name\":\"Tbilisid\u0259 mitinqd\u0259 saxlan\u0131lan etnik az\u0259rbaycanl\u0131: adam\u0131 \u00f6l\u00fcm\u00fcn\u0259 vururdular\"}]},{\"@type\":\"WebSite\",\"@id\":\"https:\\\/\\\/www.meydan.tv\\\/az\\\/#website\",\"url\":\"https:\\\/\\\/www.meydan.tv\\\/az\\\/\",\"name\":\"MEYDAN.TV\",\"description\":\"Meydan TV Az\u0259rbaycan\u0131n media m\u0259kan\u0131ndak\u0131 alternativ s\u0259sidir\",\"publisher\":{\"@id\":\"https:\\\/\\\/www.meydan.tv\\\/az\\\/#organization\"},\"potentialAction\":[{\"@type\":\"SearchAction\",\"target\":{\"@type\":\"EntryPoint\",\"urlTemplate\":\"https:\\\/\\\/www.meydan.tv\\\/az\\\/?s={search_term_string}\"},\"query-input\":{\"@type\":\"PropertyValueSpecification\",\"valueRequired\":true,\"valueName\":\"search_term_string\"}}],\"inLanguage\":\"az\"},{\"@type\":\"Organization\",\"@id\":\"https:\\\/\\\/www.meydan.tv\\\/az\\\/#organization\",\"name\":\"Meydan TV\",\"url\":\"https:\\\/\\\/www.meydan.tv\\\/az\\\/\",\"logo\":{\"@type\":\"ImageObject\",\"inLanguage\":\"az\",\"@id\":\"https:\\\/\\\/www.meydan.tv\\\/az\\\/#\\\/schema\\\/logo\\\/image\\\/\",\"url\":\"https:\\\/\\\/www.meydan.tv\\\/wp-content\\\/uploads\\\/2021\\\/07\\\/meydan-logo.svg\",\"contentUrl\":\"https:\\\/\\\/www.meydan.tv\\\/wp-content\\\/uploads\\\/2021\\\/07\\\/meydan-logo.svg\",\"width\":195,\"height\":46,\"caption\":\"Meydan TV\"},\"image\":{\"@id\":\"https:\\\/\\\/www.meydan.tv\\\/az\\\/#\\\/schema\\\/logo\\\/image\\\/\"}},{\"@type\":\"Person\",\"@id\":\"https:\\\/\\\/www.meydan.tv\\\/az\\\/#\\\/schema\\\/person\\\/476e9360e593fa131d5d71d51866f8da\",\"name\":\"aleks\"}]}<\/script>\n<!-- \/ Yoast SEO plugin. -->","yoast_head_json":{"title":"Tbilisid\u0259 mitinqd\u0259 saxlan\u0131lan etnik az\u0259rbaycanl\u0131: adam\u0131 \u00f6l\u00fcm\u00fcn\u0259 vururdular - MEYDAN.TV","robots":{"index":"index","follow":"follow","max-snippet":"max-snippet:-1","max-image-preview":"max-image-preview:large","max-video-preview":"max-video-preview:-1"},"canonical":"https:\/\/www.meydan.tv\/az\/article\/tbiliside-mitinqde-saxlanilan-etnik-azerbaycanli-adami-olumune-vururdular\/","og_locale":"az_AZ","og_type":"article","og_title":"Tbilisid\u0259 mitinqd\u0259 saxlan\u0131lan etnik az\u0259rbaycanl\u0131: adam\u0131 \u00f6l\u00fcm\u00fcn\u0259 vururdular - MEYDAN.TV","og_url":"https:\/\/www.meydan.tv\/az\/article\/tbiliside-mitinqde-saxlanilan-etnik-azerbaycanli-adami-olumune-vururdular\/","og_site_name":"MEYDAN.TV","article_published_time":"2024-12-15T18:36:01+00:00","article_modified_time":"2024-12-15T18:36:03+00:00","og_image":[{"width":1654,"height":808,"url":"https:\/\/www.meydan.tv\/wp-content\/uploads\/screenshot-2024-12-15-at-19.25.51.png","type":"image\/png"}],"author":"aleks","twitter_card":"summary_large_image","schema":{"@context":"https:\/\/schema.org","@graph":[{"@type":"Article","@id":"https:\/\/www.meydan.tv\/az\/article\/tbiliside-mitinqde-saxlanilan-etnik-azerbaycanli-adami-olumune-vururdular\/#article","isPartOf":{"@id":"https:\/\/www.meydan.tv\/az\/article\/tbiliside-mitinqde-saxlanilan-etnik-azerbaycanli-adami-olumune-vururdular\/"},"author":{"name":"aleks","@id":"https:\/\/www.meydan.tv\/az\/#\/schema\/person\/476e9360e593fa131d5d71d51866f8da"},"headline":"Tbilisid\u0259 mitinqd\u0259 saxlan\u0131lan etnik az\u0259rbaycanl\u0131: adam\u0131 \u00f6l\u00fcm\u00fcn\u0259 vururdular","datePublished":"2024-12-15T18:36:01+00:00","dateModified":"2024-12-15T18:36:03+00:00","mainEntityOfPage":{"@id":"https:\/\/www.meydan.tv\/az\/article\/tbiliside-mitinqde-saxlanilan-etnik-azerbaycanli-adami-olumune-vururdular\/"},"wordCount":352,"publisher":{"@id":"https:\/\/www.meydan.tv\/az\/#organization"},"image":{"@id":"https:\/\/www.meydan.tv\/az\/article\/tbiliside-mitinqde-saxlanilan-etnik-azerbaycanli-adami-olumune-vururdular\/#primaryimage"},"thumbnailUrl":"https:\/\/www.meydan.tv\/wp-content\/uploads\/screenshot-2024-12-15-at-19.25.51.png","articleSection":["D\u00fcnya","Video"],"inLanguage":"az"},{"@type":"WebPage","@id":"https:\/\/www.meydan.tv\/az\/article\/tbiliside-mitinqde-saxlanilan-etnik-azerbaycanli-adami-olumune-vururdular\/","url":"https:\/\/www.meydan.tv\/az\/article\/tbiliside-mitinqde-saxlanilan-etnik-azerbaycanli-adami-olumune-vururdular\/","name":"Tbilisid\u0259 mitinqd\u0259 saxlan\u0131lan etnik az\u0259rbaycanl\u0131: adam\u0131 \u00f6l\u00fcm\u00fcn\u0259 vururdular - MEYDAN.TV","isPartOf":{"@id":"https:\/\/www.meydan.tv\/az\/#website"},"primaryImageOfPage":{"@id":"https:\/\/www.meydan.tv\/az\/article\/tbiliside-mitinqde-saxlanilan-etnik-azerbaycanli-adami-olumune-vururdular\/#primaryimage"},"image":{"@id":"https:\/\/www.meydan.tv\/az\/article\/tbiliside-mitinqde-saxlanilan-etnik-azerbaycanli-adami-olumune-vururdular\/#primaryimage"},"thumbnailUrl":"https:\/\/www.meydan.tv\/wp-content\/uploads\/screenshot-2024-12-15-at-19.25.51.png","datePublished":"2024-12-15T18:36:01+00:00","dateModified":"2024-12-15T18:36:03+00:00","breadcrumb":{"@id":"https:\/\/www.meydan.tv\/az\/article\/tbiliside-mitinqde-saxlanilan-etnik-azerbaycanli-adami-olumune-vururdular\/#breadcrumb"},"inLanguage":"az","potentialAction":[{"@type":"ReadAction","target":["https:\/\/www.meydan.tv\/az\/article\/tbiliside-mitinqde-saxlanilan-etnik-azerbaycanli-adami-olumune-vururdular\/"]}]},{"@type":"ImageObject","inLanguage":"az","@id":"https:\/\/www.meydan.tv\/az\/article\/tbiliside-mitinqde-saxlanilan-etnik-azerbaycanli-adami-olumune-vururdular\/#primaryimage","url":"https:\/\/www.meydan.tv\/wp-content\/uploads\/screenshot-2024-12-15-at-19.25.51.png","contentUrl":"https:\/\/www.meydan.tv\/wp-content\/uploads\/screenshot-2024-12-15-at-19.25.51.png","width":1654,"height":808},{"@type":"BreadcrumbList","@id":"https:\/\/www.meydan.tv\/az\/article\/tbiliside-mitinqde-saxlanilan-etnik-azerbaycanli-adami-olumune-vururdular\/#breadcrumb","itemListElement":[{"@type":"ListItem","position":1,"name":"Ana s\u0259hif\u0259","item":"https:\/\/www.meydan.tv\/az\/"},{"@type":"ListItem","position":2,"name":"Video","item":"https:\/\/www.meydan.tv\/az\/section\/video-2\/"},{"@type":"ListItem","position":3,"name":"Tbilisid\u0259 mitinqd\u0259 saxlan\u0131lan etnik az\u0259rbaycanl\u0131: adam\u0131 \u00f6l\u00fcm\u00fcn\u0259 vururdular"}]},{"@type":"WebSite","@id":"https:\/\/www.meydan.tv\/az\/#website","url":"https:\/\/www.meydan.tv\/az\/","name":"MEYDAN.TV","description":"Meydan TV Az\u0259rbaycan\u0131n media m\u0259kan\u0131ndak\u0131 alternativ s\u0259sidir","publisher":{"@id":"https:\/\/www.meydan.tv\/az\/#organization"},"potentialAction":[{"@type":"SearchAction","target":{"@type":"EntryPoint","urlTemplate":"https:\/\/www.meydan.tv\/az\/?s={search_term_string}"},"query-input":{"@type":"PropertyValueSpecification","valueRequired":true,"valueName":"search_term_string"}}],"inLanguage":"az"},{"@type":"Organization","@id":"https:\/\/www.meydan.tv\/az\/#organization","name":"Meydan TV","url":"https:\/\/www.meydan.tv\/az\/","logo":{"@type":"ImageObject","inLanguage":"az","@id":"https:\/\/www.meydan.tv\/az\/#\/schema\/logo\/image\/","url":"https:\/\/www.meydan.tv\/wp-content\/uploads\/2021\/07\/meydan-logo.svg","contentUrl":"https:\/\/www.meydan.tv\/wp-content\/uploads\/2021\/07\/meydan-logo.svg","width":195,"height":46,"caption":"Meydan TV"},"image":{"@id":"https:\/\/www.meydan.tv\/az\/#\/schema\/logo\/image\/"}},{"@type":"Person","@id":"https:\/\/www.meydan.tv\/az\/#\/schema\/person\/476e9360e593fa131d5d71d51866f8da","name":"aleks"}]}},"_links":{"self":[{"href":"https:\/\/www.meydan.tv\/az\/wp-json\/wp\/v2\/posts\/322818","targetHints":{"allow":["GET"]}}],"collection":[{"href":"https:\/\/www.meydan.tv\/az\/wp-json\/wp\/v2\/posts"}],"about":[{"href":"https:\/\/www.meydan.tv\/az\/wp-json\/wp\/v2\/types\/post"}],"author":[{"embeddable":true,"href":"https:\/\/www.meydan.tv\/az\/wp-json\/wp\/v2\/users\/12"}],"replies":[{"embeddable":true,"href":"https:\/\/www.meydan.tv\/az\/wp-json\/wp\/v2\/comments?post=322818"}],"version-history":[{"count":1,"href":"https:\/\/www.meydan.tv\/az\/wp-json\/wp\/v2\/posts\/322818\/revisions"}],"predecessor-version":[{"id":322822,"href":"https:\/\/www.meydan.tv\/az\/wp-json\/wp\/v2\/posts\/322818\/revisions\/322822"}],"wp:featuredmedia":[{"embeddable":true,"href":"https:\/\/www.meydan.tv\/az\/wp-json\/wp\/v2\/media\/322819"}],"wp:attachment":[{"href":"https:\/\/www.meydan.tv\/az\/wp-json\/wp\/v2\/media?parent=322818"}],"wp:term":[{"taxonomy":"category","embeddable":true,"href":"https:\/\/www.meydan.tv\/az\/wp-json\/wp\/v2\/categories?post=322818"},{"taxonomy":"post_tag","embeddable":true,"href":"https:\/\/www.meydan.tv\/az\/wp-json\/wp\/v2\/tags?post=322818"}],"curies":[{"name":"wp","href":"https:\/\/api.w.org\/{rel}","templated":true}]}}