{"id":322743,"date":"2024-12-13T19:11:37","date_gmt":"2024-12-13T15:11:37","guid":{"rendered":"https:\/\/www.meydan.tv\/?p=322743"},"modified":"2024-12-13T19:11:40","modified_gmt":"2024-12-13T15:11:40","slug":"herbi-xidmet-muddeti-1-ile-endirile-biler","status":"publish","type":"post","link":"https:\/\/www.meydan.tv\/az\/article\/herbi-xidmet-muddeti-1-ile-endirile-biler\/","title":{"rendered":"H\u0259rbi xidm\u0259t m\u00fcdd\u0259ti 1 il\u0259 endiril\u0259 bil\u0259r"},"content":{"rendered":"\n<p><\/p>\n\n\n\n<p><strong><em>\u00c7a\u011f\u0131r\u0131\u015f ya\u015f\u0131n\u0131n da 35-d\u0259n 30-a endirilm\u0259si t\u0259klif olunub<\/em><\/strong><\/p>\n\n\n\n<p>S\u0259f\u0259rb\u0259rlik v\u0259 H\u0259rbi Xidm\u0259t\u0259 \u00c7a\u011f\u0131r\u0131\u015f \u00fczr\u0259 D\u00f6vl\u0259t Xidm\u0259tinin H\u0259qiqi h\u0259rbi xidm\u0259t\u0259 \u00e7a\u011f\u0131r\u0131\u015f ba\u015f idar\u0259sinin r\u0259isi Az\u0259r Babayev h\u0259rbi xidm\u0259tin m\u00fcdd\u0259tinin azald\u0131lmas\u0131n\u0131n m\u00fczakir\u0259 edildiyini deyib.<\/p>\n\n\n\n<p>O bu bar\u0259d\u0259 Milli M\u0259clisd\u0259 \u201cH\u0259rbi v\u0259zif\u0259 v\u0259 h\u0259rbi xidm\u0259t haqq\u0131nda\u201d qanuna t\u0259klif edil\u0259n d\u0259yi\u015fiklikl\u0259rin m\u00fczakir\u0259si zaman\u0131 dan\u0131\u015f\u0131b.<\/p>\n\n\n\n<p><em>\u201c\u018fsas m\u0259qs\u0259dimiz b\u00fct\u00fcn sui-istifad\u0259 hallar\u0131n qar\u015f\u0131s\u0131n\u0131n al\u0131nmas\u0131d\u0131r. \u0130ndi qanunvericilikd\u0259 elektron kabinetl\u0259rin yarad\u0131lmas\u0131, b\u00fct\u00fcn m\u0259lumatlar\u0131n bu vasit\u0259 il\u0259 verilm\u0259si n\u0259z\u0259rd\u0259 tutulur ki, \u015f\u0259ffafl\u0131q t\u0259min edilsin. Ali v\u0259 tam orta t\u0259hsillini f\u0259rql\u0259ndirm\u0259k yox, onlar\u0131n b\u0259rab\u0259rl\u0259\u015fdirilm\u0259si laz\u0131md\u0131r. Bununla ba\u011fl\u0131 d\u00fc\u015f\u00fcn\u00fcr\u00fck\u201d<\/em>, &#8211; idar\u0259 r\u0259isi deyib.<\/p>\n\n\n\n<p>M\u00fcdd\u0259tin azald\u0131lmas\u0131na h\u0259l\u0259lik haz\u0131r olmad\u0131qlar\u0131n\u0131 \u0259lav\u0259 edib.<\/p>\n\n\n\n<p>Az\u0259r Babayev bildirib ki, haz\u0131rda h\u0259rbi xidm\u0259t m\u00fcdd\u0259tinin 1 il 6 aydan 1 il\u0259 endirilm\u0259si m\u00fczakir\u0259 olunur.<\/p>\n\n\n\n<p>M\u00fczakir\u0259l\u0259r zaman\u0131 h\u0259m\u00e7inin h\u0259rbi xidm\u0259t\u0259 \u00e7a\u011f\u0131r\u0131\u015f ya\u015f\u0131n\u0131n 30-a endirilm\u0259si d\u0259 t\u0259klif edilib.<\/p>\n\n\n\n<p>T\u0259klif olunub ki, Az\u0259rbaycanda h\u0259rbi xidm\u0259t\u0259 \u00e7a\u011f\u0131r\u0131\u015f ya\u015f\u0131 35-d\u0259n 30 ya\u015fa endirilsin.<\/p>\n\n\n\n<p>Layih\u0259y\u0259 g\u00f6r\u0259, \u00e7a\u011f\u0131r\u0131\u015f\u00e7\u0131lar ilkin h\u0259rbi qeydiyyata al\u0131nm\u0131\u015f v\u0259 ya al\u0131nmal\u0131 olan m\u00fcdd\u0259tli h\u0259qiqi h\u0259rbi xidm\u0259t ke\u00e7m\u0259mi\u015f 18 ya\u015f\u0131ndan 30 ya\u015f\u0131nad\u0259k ki\u015fil\u0259r olacaq.<\/p>\n\n\n\n<p>Az\u0259r Babayev h\u0259m\u00e7inin deyib ki, \u00f6d\u0259ni\u015fli h\u0259rbi xidm\u0259tl\u0259 ba\u011fl\u0131 t\u0259klif m\u00fczakir\u0259 olunub. Lakin aidiyy\u0259ti qurumlar <a href=\"https:\/\/apa.az\/herbi\/dovlet-xidmeti-alternativ-herbi-xidmetle-bagli-teklifi-destekleyirik-880326\" target=\"_blank\" rel=\"noreferrer noopener\">d\u0259st\u0259kl\u0259m\u0259yib<\/a>.<\/p>\n\n\n\n<p><em>\u201cEyni zamanda alternativ xidm\u0259t Konstitusiyada \u0259ksini tapsa da, qanunvericilikd\u0259 n\u0259z\u0259rd\u0259 tutulmay\u0131b. Biz bu t\u0259klifi d\u0259st\u0259kl\u0259yirik\u201d.<\/em><\/p>\n\n\n\n<p>S\u0259f\u0259rb\u0259rlik v\u0259 H\u0259rbi Xidm\u0259t\u0259 \u00c7a\u011f\u0131r\u0131\u015f \u00fczr\u0259 D\u00f6vl\u0259t Xidm\u0259tinin H\u0259qiqi h\u0259rbi xidm\u0259t\u0259 \u00e7a\u011f\u0131r\u0131\u015f ba\u015f idar\u0259sinin r\u0259isi Az\u0259r Babayev qeyd edib ki, alternativ xidm\u0259tin \u0259sasnam\u0259si d\u0259 t\u0259sdiq edilib, lakin bunun t\u0259tbiq olunma qaydalar\u0131 yoxdur:<\/p>\n\n\n\n<p><em>\u201cBiz\u0259 olan m\u00fcraci\u0259tl\u0259rin \u0259ks\u0259riyy\u0259ti Yehova \u015fahidl\u0259ridir. Alternativ xidm\u0259t \u00f6d\u0259ni\u015fli kimi ba\u015fa d\u00fc\u015f\u00fcl\u00fcr. Amma bu, tamam ba\u015fqa bir \u015feydir. Y\u0259ni \u0259qid\u0259si xidm\u0259t ke\u00e7m\u0259y\u0259 ziddirs\u0259, bu, alternativ xidm\u0259t\u0259 c\u0259lb olunur\u201d.<\/em><\/p>\n","protected":false},"excerpt":{"rendered":"<p>\u00c7a\u011f\u0131r\u0131\u015f ya\u015f\u0131n\u0131n da 35-d\u0259n 30-a endirilm\u0259si t\u0259klif olunub S\u0259f\u0259rb\u0259rlik v\u0259 &#8230; <\/p>\n<p class=\"read-more-container\"><a title=\"H\u0259rbi xidm\u0259t m\u00fcdd\u0259ti 1 il\u0259 endiril\u0259 bil\u0259r\" class=\"read-more button\" href=\"https:\/\/www.meydan.tv\/az\/article\/herbi-xidmet-muddeti-1-ile-endirile-biler\/#more-322743\" aria-label=\"Read more about H\u0259rbi xidm\u0259t m\u00fcdd\u0259ti 1 il\u0259 endiril\u0259 bil\u0259r\">Davam\u0131<\/a><\/p>\n","protected":false},"author":21,"featured_media":277812,"comment_status":"closed","ping_status":"closed","sticky":false,"template":"","format":"standard","meta":{"_acf_changed":false,"_sitemap_exclude":false,"_sitemap_priority":"","_sitemap_frequency":"","footnotes":""},"categories":[62,56],"tags":[],"class_list":["post-322743","post","type-post","status-publish","format-standard","has-post-thumbnail","hentry","category-sosial","category-xeberler","infinite-scroll-item","generate-columns","tablet-grid-50","mobile-grid-100","grid-parent","grid-33","no-featured-image-padding"],"acf":[],"yoast_head":"<!-- This site is optimized with the Yoast SEO plugin v27.4 - https:\/\/yoast.com\/product\/yoast-seo-wordpress\/ -->\n<title>H\u0259rbi xidm\u0259t m\u00fcdd\u0259ti 1 il\u0259 endiril\u0259 bil\u0259r - MEYDAN.TV<\/title>\n<meta name=\"robots\" content=\"index, follow, max-snippet:-1, max-image-preview:large, max-video-preview:-1\" \/>\n<link rel=\"canonical\" href=\"https:\/\/www.meydan.tv\/az\/article\/herbi-xidmet-muddeti-1-ile-endirile-biler\/\" \/>\n<meta property=\"og:locale\" content=\"az_AZ\" \/>\n<meta property=\"og:type\" content=\"article\" \/>\n<meta property=\"og:title\" content=\"H\u0259rbi xidm\u0259t m\u00fcdd\u0259ti 1 il\u0259 endiril\u0259 bil\u0259r - MEYDAN.TV\" \/>\n<meta property=\"og:description\" content=\"\u00c7a\u011f\u0131r\u0131\u015f ya\u015f\u0131n\u0131n da 35-d\u0259n 30-a endirilm\u0259si t\u0259klif olunub S\u0259f\u0259rb\u0259rlik v\u0259 ... Davam\u0131\" \/>\n<meta property=\"og:url\" content=\"https:\/\/www.meydan.tv\/az\/article\/herbi-xidmet-muddeti-1-ile-endirile-biler\/\" \/>\n<meta property=\"og:site_name\" content=\"MEYDAN.TV\" \/>\n<meta property=\"article:published_time\" content=\"2024-12-13T15:11:37+00:00\" \/>\n<meta property=\"article:modified_time\" content=\"2024-12-13T15:11:40+00:00\" \/>\n<meta property=\"og:image\" content=\"https:\/\/www.meydan.tv\/wp-content\/uploads\/soldier-walking-silhouette.jpg\" \/>\n\t<meta property=\"og:image:width\" content=\"1200\" \/>\n\t<meta property=\"og:image:height\" content=\"639\" \/>\n\t<meta property=\"og:image:type\" content=\"image\/jpeg\" \/>\n<meta name=\"author\" content=\"mahmud\" \/>\n<meta name=\"twitter:card\" content=\"summary_large_image\" \/>\n<script type=\"application\/ld+json\" class=\"yoast-schema-graph\">{\"@context\":\"https:\\\/\\\/schema.org\",\"@graph\":[{\"@type\":\"Article\",\"@id\":\"https:\\\/\\\/www.meydan.tv\\\/az\\\/article\\\/herbi-xidmet-muddeti-1-ile-endirile-biler\\\/#article\",\"isPartOf\":{\"@id\":\"https:\\\/\\\/www.meydan.tv\\\/az\\\/article\\\/herbi-xidmet-muddeti-1-ile-endirile-biler\\\/\"},\"author\":{\"name\":\"mahmud\",\"@id\":\"https:\\\/\\\/www.meydan.tv\\\/az\\\/#\\\/schema\\\/person\\\/09863e516102a829e72bedcf3f84c6b0\"},\"headline\":\"H\u0259rbi xidm\u0259t m\u00fcdd\u0259ti 1 il\u0259 endiril\u0259 bil\u0259r\",\"datePublished\":\"2024-12-13T15:11:37+00:00\",\"dateModified\":\"2024-12-13T15:11:40+00:00\",\"mainEntityOfPage\":{\"@id\":\"https:\\\/\\\/www.meydan.tv\\\/az\\\/article\\\/herbi-xidmet-muddeti-1-ile-endirile-biler\\\/\"},\"wordCount\":458,\"publisher\":{\"@id\":\"https:\\\/\\\/www.meydan.tv\\\/az\\\/#organization\"},\"image\":{\"@id\":\"https:\\\/\\\/www.meydan.tv\\\/az\\\/article\\\/herbi-xidmet-muddeti-1-ile-endirile-biler\\\/#primaryimage\"},\"thumbnailUrl\":\"https:\\\/\\\/www.meydan.tv\\\/wp-content\\\/uploads\\\/soldier-walking-silhouette.jpg\",\"articleSection\":[\"Sosial\",\"X\u0259b\u0259rl\u0259r\"],\"inLanguage\":\"az\"},{\"@type\":\"WebPage\",\"@id\":\"https:\\\/\\\/www.meydan.tv\\\/az\\\/article\\\/herbi-xidmet-muddeti-1-ile-endirile-biler\\\/\",\"url\":\"https:\\\/\\\/www.meydan.tv\\\/az\\\/article\\\/herbi-xidmet-muddeti-1-ile-endirile-biler\\\/\",\"name\":\"H\u0259rbi xidm\u0259t m\u00fcdd\u0259ti 1 il\u0259 endiril\u0259 bil\u0259r - MEYDAN.TV\",\"isPartOf\":{\"@id\":\"https:\\\/\\\/www.meydan.tv\\\/az\\\/#website\"},\"primaryImageOfPage\":{\"@id\":\"https:\\\/\\\/www.meydan.tv\\\/az\\\/article\\\/herbi-xidmet-muddeti-1-ile-endirile-biler\\\/#primaryimage\"},\"image\":{\"@id\":\"https:\\\/\\\/www.meydan.tv\\\/az\\\/article\\\/herbi-xidmet-muddeti-1-ile-endirile-biler\\\/#primaryimage\"},\"thumbnailUrl\":\"https:\\\/\\\/www.meydan.tv\\\/wp-content\\\/uploads\\\/soldier-walking-silhouette.jpg\",\"datePublished\":\"2024-12-13T15:11:37+00:00\",\"dateModified\":\"2024-12-13T15:11:40+00:00\",\"breadcrumb\":{\"@id\":\"https:\\\/\\\/www.meydan.tv\\\/az\\\/article\\\/herbi-xidmet-muddeti-1-ile-endirile-biler\\\/#breadcrumb\"},\"inLanguage\":\"az\",\"potentialAction\":[{\"@type\":\"ReadAction\",\"target\":[\"https:\\\/\\\/www.meydan.tv\\\/az\\\/article\\\/herbi-xidmet-muddeti-1-ile-endirile-biler\\\/\"]}]},{\"@type\":\"ImageObject\",\"inLanguage\":\"az\",\"@id\":\"https:\\\/\\\/www.meydan.tv\\\/az\\\/article\\\/herbi-xidmet-muddeti-1-ile-endirile-biler\\\/#primaryimage\",\"url\":\"https:\\\/\\\/www.meydan.tv\\\/wp-content\\\/uploads\\\/soldier-walking-silhouette.jpg\",\"contentUrl\":\"https:\\\/\\\/www.meydan.tv\\\/wp-content\\\/uploads\\\/soldier-walking-silhouette.jpg\",\"width\":1200,\"height\":639,\"caption\":\"\u018fsg\u0259r. M\u0259nb\u0259: \\\"Freepik\\\"\"},{\"@type\":\"BreadcrumbList\",\"@id\":\"https:\\\/\\\/www.meydan.tv\\\/az\\\/article\\\/herbi-xidmet-muddeti-1-ile-endirile-biler\\\/#breadcrumb\",\"itemListElement\":[{\"@type\":\"ListItem\",\"position\":1,\"name\":\"Ana s\u0259hif\u0259\",\"item\":\"https:\\\/\\\/www.meydan.tv\\\/az\\\/\"},{\"@type\":\"ListItem\",\"position\":2,\"name\":\"Sosial\",\"item\":\"https:\\\/\\\/www.meydan.tv\\\/az\\\/section\\\/sosial\\\/\"},{\"@type\":\"ListItem\",\"position\":3,\"name\":\"H\u0259rbi xidm\u0259t m\u00fcdd\u0259ti 1 il\u0259 endiril\u0259 bil\u0259r\"}]},{\"@type\":\"WebSite\",\"@id\":\"https:\\\/\\\/www.meydan.tv\\\/az\\\/#website\",\"url\":\"https:\\\/\\\/www.meydan.tv\\\/az\\\/\",\"name\":\"MEYDAN.TV\",\"description\":\"Meydan TV Az\u0259rbaycan\u0131n media m\u0259kan\u0131ndak\u0131 alternativ s\u0259sidir\",\"publisher\":{\"@id\":\"https:\\\/\\\/www.meydan.tv\\\/az\\\/#organization\"},\"potentialAction\":[{\"@type\":\"SearchAction\",\"target\":{\"@type\":\"EntryPoint\",\"urlTemplate\":\"https:\\\/\\\/www.meydan.tv\\\/az\\\/?s={search_term_string}\"},\"query-input\":{\"@type\":\"PropertyValueSpecification\",\"valueRequired\":true,\"valueName\":\"search_term_string\"}}],\"inLanguage\":\"az\"},{\"@type\":\"Organization\",\"@id\":\"https:\\\/\\\/www.meydan.tv\\\/az\\\/#organization\",\"name\":\"Meydan TV\",\"url\":\"https:\\\/\\\/www.meydan.tv\\\/az\\\/\",\"logo\":{\"@type\":\"ImageObject\",\"inLanguage\":\"az\",\"@id\":\"https:\\\/\\\/www.meydan.tv\\\/az\\\/#\\\/schema\\\/logo\\\/image\\\/\",\"url\":\"https:\\\/\\\/www.meydan.tv\\\/wp-content\\\/uploads\\\/2021\\\/07\\\/meydan-logo.svg\",\"contentUrl\":\"https:\\\/\\\/www.meydan.tv\\\/wp-content\\\/uploads\\\/2021\\\/07\\\/meydan-logo.svg\",\"width\":195,\"height\":46,\"caption\":\"Meydan TV\"},\"image\":{\"@id\":\"https:\\\/\\\/www.meydan.tv\\\/az\\\/#\\\/schema\\\/logo\\\/image\\\/\"}},{\"@type\":\"Person\",\"@id\":\"https:\\\/\\\/www.meydan.tv\\\/az\\\/#\\\/schema\\\/person\\\/09863e516102a829e72bedcf3f84c6b0\",\"name\":\"mahmud\"}]}<\/script>\n<!-- \/ Yoast SEO plugin. -->","yoast_head_json":{"title":"H\u0259rbi xidm\u0259t m\u00fcdd\u0259ti 1 il\u0259 endiril\u0259 bil\u0259r - MEYDAN.TV","robots":{"index":"index","follow":"follow","max-snippet":"max-snippet:-1","max-image-preview":"max-image-preview:large","max-video-preview":"max-video-preview:-1"},"canonical":"https:\/\/www.meydan.tv\/az\/article\/herbi-xidmet-muddeti-1-ile-endirile-biler\/","og_locale":"az_AZ","og_type":"article","og_title":"H\u0259rbi xidm\u0259t m\u00fcdd\u0259ti 1 il\u0259 endiril\u0259 bil\u0259r - MEYDAN.TV","og_description":"\u00c7a\u011f\u0131r\u0131\u015f ya\u015f\u0131n\u0131n da 35-d\u0259n 30-a endirilm\u0259si t\u0259klif olunub S\u0259f\u0259rb\u0259rlik v\u0259 ... Davam\u0131","og_url":"https:\/\/www.meydan.tv\/az\/article\/herbi-xidmet-muddeti-1-ile-endirile-biler\/","og_site_name":"MEYDAN.TV","article_published_time":"2024-12-13T15:11:37+00:00","article_modified_time":"2024-12-13T15:11:40+00:00","og_image":[{"width":1200,"height":639,"url":"https:\/\/www.meydan.tv\/wp-content\/uploads\/soldier-walking-silhouette.jpg","type":"image\/jpeg"}],"author":"mahmud","twitter_card":"summary_large_image","schema":{"@context":"https:\/\/schema.org","@graph":[{"@type":"Article","@id":"https:\/\/www.meydan.tv\/az\/article\/herbi-xidmet-muddeti-1-ile-endirile-biler\/#article","isPartOf":{"@id":"https:\/\/www.meydan.tv\/az\/article\/herbi-xidmet-muddeti-1-ile-endirile-biler\/"},"author":{"name":"mahmud","@id":"https:\/\/www.meydan.tv\/az\/#\/schema\/person\/09863e516102a829e72bedcf3f84c6b0"},"headline":"H\u0259rbi xidm\u0259t m\u00fcdd\u0259ti 1 il\u0259 endiril\u0259 bil\u0259r","datePublished":"2024-12-13T15:11:37+00:00","dateModified":"2024-12-13T15:11:40+00:00","mainEntityOfPage":{"@id":"https:\/\/www.meydan.tv\/az\/article\/herbi-xidmet-muddeti-1-ile-endirile-biler\/"},"wordCount":458,"publisher":{"@id":"https:\/\/www.meydan.tv\/az\/#organization"},"image":{"@id":"https:\/\/www.meydan.tv\/az\/article\/herbi-xidmet-muddeti-1-ile-endirile-biler\/#primaryimage"},"thumbnailUrl":"https:\/\/www.meydan.tv\/wp-content\/uploads\/soldier-walking-silhouette.jpg","articleSection":["Sosial","X\u0259b\u0259rl\u0259r"],"inLanguage":"az"},{"@type":"WebPage","@id":"https:\/\/www.meydan.tv\/az\/article\/herbi-xidmet-muddeti-1-ile-endirile-biler\/","url":"https:\/\/www.meydan.tv\/az\/article\/herbi-xidmet-muddeti-1-ile-endirile-biler\/","name":"H\u0259rbi xidm\u0259t m\u00fcdd\u0259ti 1 il\u0259 endiril\u0259 bil\u0259r - MEYDAN.TV","isPartOf":{"@id":"https:\/\/www.meydan.tv\/az\/#website"},"primaryImageOfPage":{"@id":"https:\/\/www.meydan.tv\/az\/article\/herbi-xidmet-muddeti-1-ile-endirile-biler\/#primaryimage"},"image":{"@id":"https:\/\/www.meydan.tv\/az\/article\/herbi-xidmet-muddeti-1-ile-endirile-biler\/#primaryimage"},"thumbnailUrl":"https:\/\/www.meydan.tv\/wp-content\/uploads\/soldier-walking-silhouette.jpg","datePublished":"2024-12-13T15:11:37+00:00","dateModified":"2024-12-13T15:11:40+00:00","breadcrumb":{"@id":"https:\/\/www.meydan.tv\/az\/article\/herbi-xidmet-muddeti-1-ile-endirile-biler\/#breadcrumb"},"inLanguage":"az","potentialAction":[{"@type":"ReadAction","target":["https:\/\/www.meydan.tv\/az\/article\/herbi-xidmet-muddeti-1-ile-endirile-biler\/"]}]},{"@type":"ImageObject","inLanguage":"az","@id":"https:\/\/www.meydan.tv\/az\/article\/herbi-xidmet-muddeti-1-ile-endirile-biler\/#primaryimage","url":"https:\/\/www.meydan.tv\/wp-content\/uploads\/soldier-walking-silhouette.jpg","contentUrl":"https:\/\/www.meydan.tv\/wp-content\/uploads\/soldier-walking-silhouette.jpg","width":1200,"height":639,"caption":"\u018fsg\u0259r. M\u0259nb\u0259: \"Freepik\""},{"@type":"BreadcrumbList","@id":"https:\/\/www.meydan.tv\/az\/article\/herbi-xidmet-muddeti-1-ile-endirile-biler\/#breadcrumb","itemListElement":[{"@type":"ListItem","position":1,"name":"Ana s\u0259hif\u0259","item":"https:\/\/www.meydan.tv\/az\/"},{"@type":"ListItem","position":2,"name":"Sosial","item":"https:\/\/www.meydan.tv\/az\/section\/sosial\/"},{"@type":"ListItem","position":3,"name":"H\u0259rbi xidm\u0259t m\u00fcdd\u0259ti 1 il\u0259 endiril\u0259 bil\u0259r"}]},{"@type":"WebSite","@id":"https:\/\/www.meydan.tv\/az\/#website","url":"https:\/\/www.meydan.tv\/az\/","name":"MEYDAN.TV","description":"Meydan TV Az\u0259rbaycan\u0131n media m\u0259kan\u0131ndak\u0131 alternativ s\u0259sidir","publisher":{"@id":"https:\/\/www.meydan.tv\/az\/#organization"},"potentialAction":[{"@type":"SearchAction","target":{"@type":"EntryPoint","urlTemplate":"https:\/\/www.meydan.tv\/az\/?s={search_term_string}"},"query-input":{"@type":"PropertyValueSpecification","valueRequired":true,"valueName":"search_term_string"}}],"inLanguage":"az"},{"@type":"Organization","@id":"https:\/\/www.meydan.tv\/az\/#organization","name":"Meydan TV","url":"https:\/\/www.meydan.tv\/az\/","logo":{"@type":"ImageObject","inLanguage":"az","@id":"https:\/\/www.meydan.tv\/az\/#\/schema\/logo\/image\/","url":"https:\/\/www.meydan.tv\/wp-content\/uploads\/2021\/07\/meydan-logo.svg","contentUrl":"https:\/\/www.meydan.tv\/wp-content\/uploads\/2021\/07\/meydan-logo.svg","width":195,"height":46,"caption":"Meydan TV"},"image":{"@id":"https:\/\/www.meydan.tv\/az\/#\/schema\/logo\/image\/"}},{"@type":"Person","@id":"https:\/\/www.meydan.tv\/az\/#\/schema\/person\/09863e516102a829e72bedcf3f84c6b0","name":"mahmud"}]}},"_links":{"self":[{"href":"https:\/\/www.meydan.tv\/az\/wp-json\/wp\/v2\/posts\/322743","targetHints":{"allow":["GET"]}}],"collection":[{"href":"https:\/\/www.meydan.tv\/az\/wp-json\/wp\/v2\/posts"}],"about":[{"href":"https:\/\/www.meydan.tv\/az\/wp-json\/wp\/v2\/types\/post"}],"author":[{"embeddable":true,"href":"https:\/\/www.meydan.tv\/az\/wp-json\/wp\/v2\/users\/21"}],"replies":[{"embeddable":true,"href":"https:\/\/www.meydan.tv\/az\/wp-json\/wp\/v2\/comments?post=322743"}],"version-history":[{"count":1,"href":"https:\/\/www.meydan.tv\/az\/wp-json\/wp\/v2\/posts\/322743\/revisions"}],"predecessor-version":[{"id":322744,"href":"https:\/\/www.meydan.tv\/az\/wp-json\/wp\/v2\/posts\/322743\/revisions\/322744"}],"wp:featuredmedia":[{"embeddable":true,"href":"https:\/\/www.meydan.tv\/az\/wp-json\/wp\/v2\/media\/277812"}],"wp:attachment":[{"href":"https:\/\/www.meydan.tv\/az\/wp-json\/wp\/v2\/media?parent=322743"}],"wp:term":[{"taxonomy":"category","embeddable":true,"href":"https:\/\/www.meydan.tv\/az\/wp-json\/wp\/v2\/categories?post=322743"},{"taxonomy":"post_tag","embeddable":true,"href":"https:\/\/www.meydan.tv\/az\/wp-json\/wp\/v2\/tags?post=322743"}],"curies":[{"name":"wp","href":"https:\/\/api.w.org\/{rel}","templated":true}]}}