{"id":322710,"date":"2024-12-13T13:50:54","date_gmt":"2024-12-13T09:50:54","guid":{"rendered":"https:\/\/www.meydan.tv\/?p=322710"},"modified":"2024-12-14T16:25:15","modified_gmt":"2024-12-14T12:25:15","slug":"meydancilar-hebsde-qaldilar-menim-elim-haram-pula-deymeyib","status":"publish","type":"post","link":"https:\/\/www.meydan.tv\/az\/article\/meydancilar-hebsde-qaldilar-menim-elim-haram-pula-deymeyib\/","title":{"rendered":"Meydan\u00e7\u0131lar h\u0259bsd\u0259 qald\u0131lar: \u201cM\u0259nim \u0259lim haram pula d\u0259ym\u0259yib\u201d"},"content":{"rendered":"\n<figure class=\"wp-block-embed is-type-video is-provider-youtube wp-block-embed-youtube wp-embed-aspect-16-9 wp-has-aspect-ratio\"><div class=\"wp-block-embed__wrapper\">\n<iframe title=\"Meydan\u00e7\u0131lar m\u0259hk\u0259m\u0259d\u0259: \u201cMeydan TV-y\u0259 e\u015fq olsun!\u201d\" width=\"1200\" height=\"675\" data-src=\"https:\/\/www.youtube.com\/embed\/_0verJKbxDw?feature=oembed\" frameborder=\"0\" allow=\"accelerometer; autoplay; clipboard-write; encrypted-media; gyroscope; picture-in-picture; web-share\" referrerpolicy=\"strict-origin-when-cross-origin\" allowfullscreen src=\"data:image\/svg+xml;base64,PHN2ZyB3aWR0aD0iMSIgaGVpZ2h0PSIxIiB4bWxucz0iaHR0cDovL3d3dy53My5vcmcvMjAwMC9zdmciPjwvc3ZnPg==\" class=\"lazyload\" data-load-mode=\"1\"><\/iframe>\n<\/div><\/figure>\n\n\n\n<!--more-->\n\n\n\n<p><em><strong>\u201cT\u0259nqid\u00e7i jurnalistika cinay\u0259t say\u0131ld\u0131\u011f\u0131ndan burday\u0131q\u201d<\/strong><\/em><\/p>\n\n\n\n<p>Meydan TV-nin \u0259m\u0259kda\u015flar\u0131 Aynur Q\u0259nb\u0259rova (Elg\u00fcn\u0259\u015f), X\u0259yal\u0259 A\u011fayeva, Aytac \u018fhm\u0259dova (Tapd\u0131q), Natiq Cavadl\u0131 v\u0259 Ramin C\u0259bray\u0131lzad\u0259nin (Deko), el\u0259c\u0259 d\u0259 bu i\u015f \u00fczr\u0259 t\u0259qsirl\u0259ndiril\u0259n v\u0259t\u0259nda\u015f c\u0259miyy\u0259tinin \u00fczv\u00fc \u00dclvi Tahirov haqq\u0131nda istintaq d\u00f6vr\u00fc \u00fc\u00e7\u00fcn 4 ayl\u0131q h\u0259bs q\u0259timkan t\u0259dbiri se\u00e7ilm\u0259si bar\u0259d\u0259 X\u0259tai Rayon M\u0259hk\u0259m\u0259sinin 8 dekabrda \u00e7\u0131xard\u0131\u011f\u0131 q\u0259rarlardan verilmi\u015f \u015fikay\u0259tl\u0259r\u0259 bax\u0131l\u0131b.<\/p>\n\n\n\n<p>Jurnalistl\u0259rin \u015fikay\u0259tl\u0259ri \u00fczr\u0259 Bak\u0131 Apelyasiya M\u0259hk\u0259m\u0259sind\u0259 ke\u00e7iril\u0259n qapal\u0131 m\u0259hk\u0259m\u0259 prosesl\u0259rind\u0259 \u00f6zl\u0259ri d\u0259 i\u015ftirak edib. <\/p>\n\n\n\n<p><strong>\u201cAz\u0259rbaycanda t\u0259nqidi jurnalistika cinay\u0259t elan olundu\u011funa g\u00f6r\u0259 buradayam\u201d <\/strong><\/p>\n\n\n\n<p>Aynur Elg\u00fcn\u0259\u015f haqq\u0131nda h\u0259bs q\u0259rar\u0131ndan \u015fikay\u0259t\u0259 hakim F\u0259rid \u018fyyubovun s\u0259drliyil\u0259 bax\u0131l\u0131b.<\/p>\n\n\n\n<figure class=\"wp-block-image size-large\"><img decoding=\"async\" width=\"1200\" height=\"606\" data-src=\"https:\/\/www.meydan.tv\/wp-content\/uploads\/img_1640-scaled-e1733750852862-1200x606.jpg\" alt=\"Aynur Elg\u00fcn\u0259\u015f\" class=\"wp-image-322447 lazyload\" src=\"data:image\/svg+xml;base64,PHN2ZyB3aWR0aD0iMSIgaGVpZ2h0PSIxIiB4bWxucz0iaHR0cDovL3d3dy53My5vcmcvMjAwMC9zdmciPjwvc3ZnPg==\" style=\"--smush-placeholder-width: 1200px; --smush-placeholder-aspect-ratio: 1200\/606;\" \/><figcaption class=\"wp-element-caption\">Aynur Elg\u00fcn\u0259\u015f<\/figcaption><\/figure>\n\n\n\n<p>M\u0259hk\u0259m\u0259d\u0259 m\u0259lum olub ki, F\u0259rid \u018fyyubov apelyasiya \u015fikay\u0259tin\u0259 bax\u0131r, amma ara\u015fd\u0131rd\u0131\u011f\u0131 m\u0259s\u0259l\u0259 il\u0259 ba\u011fl\u0131 cinay\u0259t i\u015finin materiallar\u0131 m\u0259hk\u0259m\u0259y\u0259 g\u0259tirilm\u0259yib. M\u00fcdafi\u0259 t\u0259r\u0259finin etiraz\u0131na baxmayaraq, o, bu v\u0259ziyy\u0259td\u0259 d\u0259 m\u0259hk\u0259m\u0259 prosesi ke\u00e7irib v\u0259 bir ne\u00e7\u0259 d\u0259qiq\u0259 \u0259rzind\u0259 jurnalist haqq\u0131nda 4 ayl\u0131q h\u0259bs q\u0259timkan t\u0259dbiri q\u0259rar\u0131n\u0131n q\u00fcvv\u0259d\u0259 saxland\u0131\u011f\u0131n\u0131 elan edib. <\/p>\n\n\n\n<p>Aynur Elg\u00fcn\u0259\u015f bildirib ki, he\u00e7 bir cinay\u0259t t\u00f6r\u0259tm\u0259yib. Amma Az\u0259rbaycanda t\u0259nqidi jurnalistika cinay\u0259t, pe\u015f\u0259kar jurnalistl\u0259r d\u0259 cinay\u0259tkar elan olundu\u011funa g\u00f6r\u0259 bu g\u00fcn o da h\u0259bsd\u0259dir. V\u0259kili El\u00e7in Sad\u0131qov h\u00fcquqlar\u0131n\u0131 m\u00fcdafi\u0259 etdiyi \u015f\u0259xs haqq\u0131nda q\u0259rar\u0131n \u0259sass\u0131z oldu\u011funu vur\u011fulay\u0131b.<\/p>\n\n\n\n<p><strong>\u201cE\u015fq olsun Meydan TV-y\u0259!\u201d <\/strong><\/p>\n\n\n\n<p>X\u0259yal\u0259 A\u011fayevan\u0131n haqq\u0131nda h\u0259bs q\u0259rar\u0131ndan verilmi\u015f \u015fikay\u0259t\u0259 hakim Zaur H\u00fcseynovun s\u0259drliyil\u0259 bax\u0131l\u0131b. <\/p>\n\n\n\n<p>M\u0259hk\u0259m\u0259d\u0259 Bak\u0131 \u015e\u0259h\u0259r Ba\u015f Polis \u0130dar\u0259sinin m\u00fcst\u0259ntiqi apelyasiya \u015fikay\u0259tin\u0259 etiraz edib v\u0259 jurnalist haqq\u0131nda 4 ayl\u0131q h\u0259bs q\u0259timkan t\u0259dbiri se\u00e7ilm\u0259si bar\u0259d\u0259 q\u0259rar\u0131n q\u00fcvv\u0259d\u0259 saxlanmas\u0131n\u0131 xahi\u015f edib. O bildirib ki, h\u0259bsd\u0259n burax\u0131larsa, istintaqdan yay\u0131na bil\u0259r, \u015fahidl\u0259r\u0259 t\u0259sir g\u00f6st\u0259r\u0259 bil\u0259r. <\/p>\n\n\n\n<p>X\u0259yal\u0259 A\u011fayevan\u0131n v\u0259kili Nazim Musayev is\u0259 bildirib ki, h\u00fcquqlar\u0131n\u0131 m\u00fcdafi\u0259 etdiyi \u015f\u0259xs\u0259 qa\u00e7aqmal\u00e7\u0131l\u0131q ittiham\u0131 verilib, lakin onun \u00f6lk\u0259y\u0259 qanunsuz yolla valyuta g\u0259tirm\u0259si v\u0259 yaxud bu cinay\u0259td\u0259 i\u015ftirak\u0131 bar\u0259d\u0259 he\u00e7 bir s\u00fcbut ortaya qoyulmay\u0131b: <\/p>\n\n\n\n<p><em>\u201cX\u0259yal\u0259 A\u011fayeva n\u0259 vaxtsa, \u00f6lk\u0259y\u0259 qa\u00e7aqmal yolu il\u0259 valyuta g\u0259tirib? Yaxud da g\u0259tirilm\u0259sind\u0259 onun rolu n\u0259d\u0259n ibar\u0259t olub? Bununla ba\u011fl\u0131 birc\u0259 s\u00fcbut varm\u0131?\u201d <\/em><\/p>\n\n\n\n<p>V\u0259kil X\u0259yal\u0259 A\u011fayeva haqq\u0131nda h\u0259bs q\u0259rar\u0131n\u0131n l\u0259\u011fvini ist\u0259yib. M\u00fcdafi\u0259\u00e7i bildirib ki, X\u0259yal\u0259 A\u011fayevan\u0131 h\u0259bsd\u0259 saxlamadan da istintaq davam etdiril\u0259 bil\u0259r. O, m\u00fcv\u0259kkili haqq\u0131nda ev dustaql\u0131\u011f\u0131 q\u0259timkan t\u0259dbirinin se\u00e7ilm\u0259si bar\u0259d\u0259 v\u0259sat\u0259t verib. <\/p>\n\n\n\n<p><em>\u201cM\u0259nim h\u0259bsim s\u0131rf jurnalist f\u0259aliyy\u0259timl\u0259 ba\u011fl\u0131d\u0131r. E\u015fq olsun Meydan TV-y\u0259!\u201d<\/em> \u2013 bunu is\u0259 q\u0131sa \u00e7\u0131x\u0131\u015f\u0131nda X\u0259yal\u0259 A\u011fayeva bildirib. <\/p>\n\n\n\n<p>Hakim apelyasiya \u015fikay\u0259tini t\u0259min etm\u0259yib. X\u0259yal\u0259 A\u011fayeva haqq\u0131nda 4 ayl\u0131q h\u0259bs q\u0259timkan t\u0259dbiri se\u00e7ilm\u0259si bar\u0259d\u0259 q\u0259rar q\u00fcvv\u0259d\u0259 qal\u0131b. <\/p>\n\n\n\n<p><em>\u201cEv dustaql\u0131\u011f\u0131 bar\u0259d\u0259 qald\u0131rd\u0131\u011f\u0131m\u0131z v\u0259sat\u0259t\u0259 \u00fcmumiyy\u0259tl\u0259, m\u00fcnasib\u0259t bildirm\u0259di\u201d,<\/em> &#8211; v\u0259kil Nazim Musayev m\u0259hk\u0259m\u0259d\u0259n sonra jurnalistl\u0259r\u0259 a\u00e7\u0131qlamas\u0131nda bildirib.<\/p>\n\n\n\n<p><strong>\u201cJurnalistl\u0259rin h\u0259bsi Avropa Konvensiyas\u0131n\u0131n pozulmas\u0131d\u0131r\u201d <\/strong><\/p>\n\n\n\n<p>Aytac Tapd\u0131\u011f\u0131n haqq\u0131nda h\u0259bs q\u0259rar\u0131ndan verilmi\u015f apelyasiya \u015fikay\u0259ti d\u0259 t\u0259min olunmay\u0131b.<\/p>\n\n\n\n<figure class=\"wp-block-image size-large\"><img decoding=\"async\" width=\"1200\" height=\"608\" data-src=\"https:\/\/www.meydan.tv\/wp-content\/uploads\/img_1641-scaled-e1733751310135-1200x608.jpg\" alt=\"Aytac Tapd\u0131q\" class=\"wp-image-322450 lazyload\" src=\"data:image\/svg+xml;base64,PHN2ZyB3aWR0aD0iMSIgaGVpZ2h0PSIxIiB4bWxucz0iaHR0cDovL3d3dy53My5vcmcvMjAwMC9zdmciPjwvc3ZnPg==\" style=\"--smush-placeholder-width: 1200px; --smush-placeholder-aspect-ratio: 1200\/608;\" \/><figcaption class=\"wp-element-caption\">Aytac Tapd\u0131q<\/figcaption><\/figure>\n\n\n\n<p>M\u0259hk\u0259m\u0259d\u0259 onun v\u0259kili Cavad Cavadov bildirib ki, jurnalistl\u0259rin, o c\u00fcml\u0259d\u0259n Aytac \u018fhm\u0259dovan\u0131n valyuta qa\u00e7aqmal\u00e7\u0131l\u0131\u011f\u0131nda i\u015ftirak\u0131 bar\u0259d\u0259 s\u00fcbut-d\u0259lil olmadan onun haqq\u0131nda h\u0259bs q\u0259rar\u0131 \u0130nsan Haqlar\u0131 v\u0259 \u018fsas Azadl\u0131qlar\u0131n M\u00fcdafi\u0259sin\u0259 dair Avropa Konvensiyas\u0131n\u0131n 5-c\u0131 (azadl\u0131q v\u0259 toxunulmazl\u0131q h\u00fcququ), 18-ci (konvensiyadan k\u0259nar m\u0259qs\u0259dl\u0259rl\u0259 h\u00fcquq v\u0259 azadl\u0131qlar\u0131n m\u0259hdudla\u015fd\u0131r\u0131lmas\u0131) madd\u0259l\u0259rinin pozulmas\u0131d\u0131r. <\/p>\n\n\n\n<p>Aytac Tapd\u0131q \u00f6z\u00fc d\u0259 jurnalist f\u0259aliyy\u0259tin\u0259 g\u00f6r\u0259 h\u0259bs olundu\u011funu deyib. <\/p>\n\n\n\n<p>M\u0259hk\u0259m\u0259d\u0259n sonra jurnalistl\u0259r\u0259 a\u00e7\u0131qlama ver\u0259n v\u0259kil Cavad Cavadov bildirib ki, K\u00fcrd\u0259xan\u0131dak\u0131 Bak\u0131 \u0130stintaq T\u0259cridxanas\u0131nda saxlan\u0131lan m\u00fcv\u0259kkilinin saxlanma \u015f\u0259raiti il\u0259 ba\u011fl\u0131 \u015fikay\u0259ti yoxdur: <em>\u201cAil\u0259sil\u0259 \u0259laq\u0259 saxlay\u0131r\u201d.<\/em><\/p>\n\n\n\n<p>Ramin Deko da m\u0259hk\u0259m\u0259d\u0259 \u00e7\u0131x\u0131\u015f\u0131nda jurnalist f\u0259aliyy\u0259tin\u0259 g\u00f6r\u0259 h\u0259bs olundu\u011funu vur\u011fulay\u0131b. V\u0259kili Nem\u0259t K\u0259rimli onun haqq\u0131nda h\u0259bs q\u0259rar\u0131n\u0131n \u0259sass\u0131z oldu\u011funu bildirib. Lakin hakim Elb\u0259y Allahverdiyev apelyasiya \u015fikay\u0259tini t\u0259min etm\u0259yib.<\/p>\n\n\n\n<figure class=\"wp-block-image size-full is-resized\"><img decoding=\"async\" width=\"720\" height=\"480\" data-src=\"https:\/\/www.meydan.tv\/wp-content\/uploads\/img_1644_720.jpg\" alt=\"\" class=\"wp-image-322719 lazyload\" style=\"--smush-placeholder-width: 720px; --smush-placeholder-aspect-ratio: 720\/480;width:800px;height:auto\" src=\"data:image\/svg+xml;base64,PHN2ZyB3aWR0aD0iMSIgaGVpZ2h0PSIxIiB4bWxucz0iaHR0cDovL3d3dy53My5vcmcvMjAwMC9zdmciPjwvc3ZnPg==\" \/><figcaption class=\"wp-element-caption\">Ramin Deko<\/figcaption><\/figure>\n\n\n\n<p>V\u0259kil Nem\u0259t K\u0259rimli m\u0259hk\u0259m\u0259d\u0259n sonra jurnalistl\u0259r\u0259 a\u00e7\u0131qlamas\u0131nda m\u0259hk\u0259m\u0259d\u0259 m\u00fcv\u0259kkili il\u0259 konfidensial \u00fcnsiyy\u0259t\u0259 imkan verilm\u0259m\u0259sind\u0259n naraz\u0131l\u0131q edib. H\u0259m\u00e7inin \u0259lav\u0259 edib ki, Ramin Dekonun ev dustaql\u0131\u011f\u0131na burax\u0131lmas\u0131 \u00fc\u00e7\u00fcn yenid\u0259n v\u0259sat\u0259t ver\u0259c\u0259k.<\/p>\n\n\n\n<p><strong>\u201cM\u0259nim \u0259lim haram pula d\u0259ym\u0259yib\u201d <\/strong><\/p>\n\n\n\n<p>Natiq Cavadl\u0131 haqq\u0131nda h\u0259bs q\u0259timkan t\u0259dbiri se\u00e7ilm\u0259si bar\u0259d\u0259 q\u0259rardan \u015fikay\u0259t\u0259 hakim Mehriban Qarayeva bax\u0131b. <\/p>\n\n\n\n<figure class=\"wp-block-image size-large\"><img decoding=\"async\" data-src=\"https:\/\/www.meydan.tv\/wp-content\/uploads\/img_1633-1200x800.jpg\" alt=\"\" class=\"wp-image-322677 lazyload\" src=\"data:image\/svg+xml;base64,PHN2ZyB3aWR0aD0iMSIgaGVpZ2h0PSIxIiB4bWxucz0iaHR0cDovL3d3dy53My5vcmcvMjAwMC9zdmciPjwvc3ZnPg==\" style=\"--smush-placeholder-width: 1200px; --smush-placeholder-aspect-ratio: 1200\/800;\" \/><figcaption class=\"wp-element-caption\">Natiq Cavadl\u0131. Foto: Meydan TV<\/figcaption><\/figure>\n\n\n\n<p>M\u0259hk\u0259m\u0259d\u0259 v\u0259kil Zibeyd\u0259 Sad\u0131qova bildirib ki, istintaq orqan\u0131 ilkin s\u00fcbutlar t\u0259qdim etm\u0259d\u0259n h\u0259bs q\u0259timkan t\u0259dbiril\u0259 ba\u011fl\u0131 m\u0259hk\u0259m\u0259y\u0259 t\u0259qdimat verib. X\u0259tai Rayon M\u0259hk\u0259m\u0259si d\u0259 s\u00fcbutlar\u0131 ist\u0259m\u0259d\u0259n t\u0259qdimat\u0131 t\u0259min edib. Bu is\u0259 v\u0259t\u0259nda\u015f\u0131n h\u00fcquq v\u0259 azadl\u0131qlar\u0131n\u0131n pozulmas\u0131d\u0131r: <\/p>\n\n\n\n<p><em>\u201cM\u0259lum deyil ki, Natiq Cavadl\u0131n\u0131 m\u0259hk\u0259m\u0259 hans\u0131 s\u00fcbutlar \u0259sas\u0131nda h\u0259bs edib?\u201d<\/em> <\/p>\n\n\n\n<p>Natiq Cavadl\u0131 \u00f6z\u00fc d\u0259 m\u0259hk\u0259m\u0259d\u0259 \u00e7\u0131x\u0131\u015f ed\u0259r\u0259k bildirib ki, jurnalist f\u0259aliyy\u0259tin\u0259 g\u00f6r\u0259 h\u0259bsd\u0259dir. O bildirib ki, 33 ild\u0259n \u00e7oxdur jurnalistdir. Bu m\u00fcdd\u0259td\u0259 pe\u015f\u0259kar f\u0259aliyy\u0259tin\u0259 g\u00f6r\u0259 m\u00fckafatlara layiq g\u00f6r\u00fcl\u00fcb: <\/p>\n\n\n\n<p><em>\u201cM\u0259nim \u0259lim he\u00e7 vaxt haram pula d\u0259ym\u0259yib. M\u0259n deputatlardan m\u00fcsahib\u0259l\u0259r g\u00f6t\u00fcr\u00fcrd\u00fcm, d\u00f6vl\u0259t qurumlar\u0131ndan a\u00e7\u0131qlamalar al\u0131rd\u0131m. \u018fg\u0259r cinay\u0259tkar f\u0259aliyy\u0259tl\u0259 m\u0259\u015f\u011ful idims\u0259, niy\u0259 m\u0259n\u0259 m\u00fcsahib\u0259l\u0259r, a\u00e7\u0131qlamalar verirdil\u0259r?\u201d<\/em><\/p>\n\n\n\n<p>Eyni zamanda Apelyasiya M\u0259hk\u0259m\u0259sind\u0259 Meydan TV il\u0259 \u0259laq\u0259si olmayan, lakin bu i\u015f \u00fczr\u0259 saxlan\u0131lan v\u0259t\u0259nda\u015f c\u0259miyy\u0259tinin \u00fczv\u00fc \u00dclvi Tahirovun  istintaq d\u00f6vr\u00fc \u00fc\u00e7\u00fcn 4 ayl\u0131q h\u0259bs q\u0259timkan t\u0259dbiri se\u00e7ilm\u0259si bar\u0259d\u0259 X\u0259tai Rayon M\u0259hk\u0259m\u0259sinin 8 dekabrda \u00e7\u0131xard\u0131\u011f\u0131 q\u0259rardan verilmi\u015f \u015fikay\u0259tin\u0259 bax\u0131l\u0131b. Onun da apelyasiya \u015fikay\u0259ti t\u0259min olunmay\u0131b. <\/p>\n\n\n\n<p>Meydan TV-nin 6 \u0259m\u0259kda\u015f\u0131 \u2013 Aynur Q\u0259nb\u0259rova (Elg\u00fcn\u0259\u015f), Aysel Umudova, Aytac \u018fhm\u0259dova (Tapd\u0131q), X\u0259yal\u0259 A\u011fayeva, Ramin C\u0259bray\u0131lzad\u0259 (Deko) v\u0259 Natiq Cavadl\u0131, h\u0259m\u00e7inin v\u0259t\u0259nda\u015f c\u0259miyy\u0259tinin n\u00fcmay\u0259nd\u0259si v\u0259 Meydan TV il\u0259 he\u00e7 bir \u0259laq\u0259si olmayan \u00dclvi Tahirov dekabr\u0131n 6-da saxlan\u0131l\u0131b. <\/p>\n\n\n\n<p>Onlara qar\u015f\u0131 Cinay\u0259t M\u0259c\u0259ll\u0259sinin 206.3.2-ci (qa\u00e7aqmal\u00e7\u0131l\u0131q, \u0259vv\u0259lc\u0259d\u0259n \u0259lbir olan bir qrup \u015f\u0259xs t\u0259r\u0259find\u0259n t\u00f6r\u0259dildikd\u0259) madd\u0259si il\u0259 ittiham ir\u0259li s\u00fcr\u00fcl\u00fcb. Bu madd\u0259 il\u0259 onlar\u0131n h\u0259r birinin bar\u0259sind\u0259 istintaq d\u00f6vr\u00fc \u00fc\u00e7\u00fcn 4 ayl\u0131q h\u0259bs q\u0259timkan t\u0259dbiri se\u00e7ilib. <\/p>\n\n\n\n<p>Saxlan\u0131lan jurnalistl\u0259rin evind\u0259 axtar\u0131\u015f apar\u0131l\u0131b, telefonlar\u0131, komp\u00fcterl\u0259ri v\u0259 dig\u0259r \u015f\u0259xsi \u0259\u015fyalar\u0131 g\u00f6t\u00fcr\u00fcl\u00fcb. <\/p>\n\n\n\n<p>H\u0259bs olunan jurnalistl\u0259r \u00f6zl\u0259rini t\u0259qsirli bilmir, Meydan TV \u0259m\u0259kda\u015flar\u0131n\u0131n t\u0259nqid\u00e7i f\u0259aliyy\u0259tl\u0259rin\u0259 g\u00f6r\u0259 c\u0259zaland\u0131r\u0131ld\u0131qlar\u0131n\u0131 b\u0259yan edib. <\/p>\n\n\n\n<p>Son 13 ay \u0259rzind\u0259 Az\u0259rbaycanda 25-\u0259 yax\u0131n jurnalist h\u0259bs olunub.<\/p>\n\n\n\n<p><\/p>\n","protected":false},"excerpt":{"rendered":"","protected":false},"author":21,"featured_media":322604,"comment_status":"closed","ping_status":"closed","sticky":false,"template":"","format":"standard","meta":{"_acf_changed":false,"_sitemap_exclude":false,"_sitemap_priority":"","_sitemap_frequency":"","footnotes":""},"categories":[139,88,59,79,63,56],"tags":[],"class_list":["post-322710","post","type-post","status-publish","format-standard","has-post-thumbnail","hentry","category-meydan-tv-isi","category-redaktor-secimi","category-siyaset","category-featured","category-video-2","category-xeberler","infinite-scroll-item","generate-columns","tablet-grid-50","mobile-grid-100","grid-parent","grid-33","no-featured-image-padding"],"acf":[],"yoast_head":"<!-- This site is optimized with the Yoast SEO plugin v27.4 - https:\/\/yoast.com\/product\/yoast-seo-wordpress\/ -->\n<title>Meydan\u00e7\u0131lar h\u0259bsd\u0259 qald\u0131lar: \u201cM\u0259nim \u0259lim haram pula d\u0259ym\u0259yib\u201d - MEYDAN.TV<\/title>\n<meta name=\"robots\" content=\"index, follow, max-snippet:-1, max-image-preview:large, max-video-preview:-1\" \/>\n<link rel=\"canonical\" href=\"https:\/\/www.meydan.tv\/az\/article\/meydancilar-hebsde-qaldilar-menim-elim-haram-pula-deymeyib\/\" \/>\n<meta property=\"og:locale\" content=\"az_AZ\" \/>\n<meta property=\"og:type\" content=\"article\" \/>\n<meta property=\"og:title\" content=\"Meydan\u00e7\u0131lar h\u0259bsd\u0259 qald\u0131lar: \u201cM\u0259nim \u0259lim haram pula d\u0259ym\u0259yib\u201d - MEYDAN.TV\" \/>\n<meta property=\"og:url\" content=\"https:\/\/www.meydan.tv\/az\/article\/meydancilar-hebsde-qaldilar-menim-elim-haram-pula-deymeyib\/\" \/>\n<meta property=\"og:site_name\" content=\"MEYDAN.TV\" \/>\n<meta property=\"article:published_time\" content=\"2024-12-13T09:50:54+00:00\" \/>\n<meta property=\"article:modified_time\" content=\"2024-12-14T12:25:15+00:00\" \/>\n<meta property=\"og:image\" content=\"https:\/\/www.meydan.tv\/wp-content\/uploads\/ef0420fe-1d3e-49ff-a1f3-8ef3941a0759.jpg\" \/>\n\t<meta property=\"og:image:width\" content=\"1280\" \/>\n\t<meta property=\"og:image:height\" content=\"720\" \/>\n\t<meta property=\"og:image:type\" content=\"image\/jpeg\" \/>\n<meta name=\"author\" content=\"mahmud\" \/>\n<meta name=\"twitter:card\" content=\"summary_large_image\" \/>\n<script type=\"application\/ld+json\" class=\"yoast-schema-graph\">{\"@context\":\"https:\\\/\\\/schema.org\",\"@graph\":[{\"@type\":\"Article\",\"@id\":\"https:\\\/\\\/www.meydan.tv\\\/az\\\/article\\\/meydancilar-hebsde-qaldilar-menim-elim-haram-pula-deymeyib\\\/#article\",\"isPartOf\":{\"@id\":\"https:\\\/\\\/www.meydan.tv\\\/az\\\/article\\\/meydancilar-hebsde-qaldilar-menim-elim-haram-pula-deymeyib\\\/\"},\"author\":{\"name\":\"mahmud\",\"@id\":\"https:\\\/\\\/www.meydan.tv\\\/az\\\/#\\\/schema\\\/person\\\/09863e516102a829e72bedcf3f84c6b0\"},\"headline\":\"Meydan\u00e7\u0131lar h\u0259bsd\u0259 qald\u0131lar: \u201cM\u0259nim \u0259lim haram pula d\u0259ym\u0259yib\u201d\",\"datePublished\":\"2024-12-13T09:50:54+00:00\",\"dateModified\":\"2024-12-14T12:25:15+00:00\",\"mainEntityOfPage\":{\"@id\":\"https:\\\/\\\/www.meydan.tv\\\/az\\\/article\\\/meydancilar-hebsde-qaldilar-menim-elim-haram-pula-deymeyib\\\/\"},\"wordCount\":1462,\"publisher\":{\"@id\":\"https:\\\/\\\/www.meydan.tv\\\/az\\\/#organization\"},\"image\":{\"@id\":\"https:\\\/\\\/www.meydan.tv\\\/az\\\/article\\\/meydancilar-hebsde-qaldilar-menim-elim-haram-pula-deymeyib\\\/#primaryimage\"},\"thumbnailUrl\":\"https:\\\/\\\/www.meydan.tv\\\/wp-content\\\/uploads\\\/ef0420fe-1d3e-49ff-a1f3-8ef3941a0759.jpg\",\"articleSection\":[\"Meydan TV i\u015fi\",\"Redaktor se\u00e7imi\",\"Siyas\u0259t\",\"T\u00f6vsiy\u0259\",\"Video\",\"X\u0259b\u0259rl\u0259r\"],\"inLanguage\":\"az\"},{\"@type\":\"WebPage\",\"@id\":\"https:\\\/\\\/www.meydan.tv\\\/az\\\/article\\\/meydancilar-hebsde-qaldilar-menim-elim-haram-pula-deymeyib\\\/\",\"url\":\"https:\\\/\\\/www.meydan.tv\\\/az\\\/article\\\/meydancilar-hebsde-qaldilar-menim-elim-haram-pula-deymeyib\\\/\",\"name\":\"Meydan\u00e7\u0131lar h\u0259bsd\u0259 qald\u0131lar: \u201cM\u0259nim \u0259lim haram pula d\u0259ym\u0259yib\u201d - MEYDAN.TV\",\"isPartOf\":{\"@id\":\"https:\\\/\\\/www.meydan.tv\\\/az\\\/#website\"},\"primaryImageOfPage\":{\"@id\":\"https:\\\/\\\/www.meydan.tv\\\/az\\\/article\\\/meydancilar-hebsde-qaldilar-menim-elim-haram-pula-deymeyib\\\/#primaryimage\"},\"image\":{\"@id\":\"https:\\\/\\\/www.meydan.tv\\\/az\\\/article\\\/meydancilar-hebsde-qaldilar-menim-elim-haram-pula-deymeyib\\\/#primaryimage\"},\"thumbnailUrl\":\"https:\\\/\\\/www.meydan.tv\\\/wp-content\\\/uploads\\\/ef0420fe-1d3e-49ff-a1f3-8ef3941a0759.jpg\",\"datePublished\":\"2024-12-13T09:50:54+00:00\",\"dateModified\":\"2024-12-14T12:25:15+00:00\",\"breadcrumb\":{\"@id\":\"https:\\\/\\\/www.meydan.tv\\\/az\\\/article\\\/meydancilar-hebsde-qaldilar-menim-elim-haram-pula-deymeyib\\\/#breadcrumb\"},\"inLanguage\":\"az\",\"potentialAction\":[{\"@type\":\"ReadAction\",\"target\":[\"https:\\\/\\\/www.meydan.tv\\\/az\\\/article\\\/meydancilar-hebsde-qaldilar-menim-elim-haram-pula-deymeyib\\\/\"]}]},{\"@type\":\"ImageObject\",\"inLanguage\":\"az\",\"@id\":\"https:\\\/\\\/www.meydan.tv\\\/az\\\/article\\\/meydancilar-hebsde-qaldilar-menim-elim-haram-pula-deymeyib\\\/#primaryimage\",\"url\":\"https:\\\/\\\/www.meydan.tv\\\/wp-content\\\/uploads\\\/ef0420fe-1d3e-49ff-a1f3-8ef3941a0759.jpg\",\"contentUrl\":\"https:\\\/\\\/www.meydan.tv\\\/wp-content\\\/uploads\\\/ef0420fe-1d3e-49ff-a1f3-8ef3941a0759.jpg\",\"width\":1280,\"height\":720,\"caption\":\"Meydan TV-nin h\u0259bs olunan \u0259m\u0259kda\u015flar\u0131 Foto: Meydan TV\"},{\"@type\":\"BreadcrumbList\",\"@id\":\"https:\\\/\\\/www.meydan.tv\\\/az\\\/article\\\/meydancilar-hebsde-qaldilar-menim-elim-haram-pula-deymeyib\\\/#breadcrumb\",\"itemListElement\":[{\"@type\":\"ListItem\",\"position\":1,\"name\":\"Ana s\u0259hif\u0259\",\"item\":\"https:\\\/\\\/www.meydan.tv\\\/az\\\/\"},{\"@type\":\"ListItem\",\"position\":2,\"name\":\"Meydan TV i\u015fi\",\"item\":\"https:\\\/\\\/www.meydan.tv\\\/az\\\/section\\\/meydan-tv-isi\\\/\"},{\"@type\":\"ListItem\",\"position\":3,\"name\":\"Meydan\u00e7\u0131lar h\u0259bsd\u0259 qald\u0131lar: \u201cM\u0259nim \u0259lim haram pula d\u0259ym\u0259yib\u201d\"}]},{\"@type\":\"WebSite\",\"@id\":\"https:\\\/\\\/www.meydan.tv\\\/az\\\/#website\",\"url\":\"https:\\\/\\\/www.meydan.tv\\\/az\\\/\",\"name\":\"MEYDAN.TV\",\"description\":\"Meydan TV Az\u0259rbaycan\u0131n media m\u0259kan\u0131ndak\u0131 alternativ s\u0259sidir\",\"publisher\":{\"@id\":\"https:\\\/\\\/www.meydan.tv\\\/az\\\/#organization\"},\"potentialAction\":[{\"@type\":\"SearchAction\",\"target\":{\"@type\":\"EntryPoint\",\"urlTemplate\":\"https:\\\/\\\/www.meydan.tv\\\/az\\\/?s={search_term_string}\"},\"query-input\":{\"@type\":\"PropertyValueSpecification\",\"valueRequired\":true,\"valueName\":\"search_term_string\"}}],\"inLanguage\":\"az\"},{\"@type\":\"Organization\",\"@id\":\"https:\\\/\\\/www.meydan.tv\\\/az\\\/#organization\",\"name\":\"Meydan TV\",\"url\":\"https:\\\/\\\/www.meydan.tv\\\/az\\\/\",\"logo\":{\"@type\":\"ImageObject\",\"inLanguage\":\"az\",\"@id\":\"https:\\\/\\\/www.meydan.tv\\\/az\\\/#\\\/schema\\\/logo\\\/image\\\/\",\"url\":\"https:\\\/\\\/www.meydan.tv\\\/wp-content\\\/uploads\\\/2021\\\/07\\\/meydan-logo.svg\",\"contentUrl\":\"https:\\\/\\\/www.meydan.tv\\\/wp-content\\\/uploads\\\/2021\\\/07\\\/meydan-logo.svg\",\"width\":195,\"height\":46,\"caption\":\"Meydan TV\"},\"image\":{\"@id\":\"https:\\\/\\\/www.meydan.tv\\\/az\\\/#\\\/schema\\\/logo\\\/image\\\/\"}},{\"@type\":\"Person\",\"@id\":\"https:\\\/\\\/www.meydan.tv\\\/az\\\/#\\\/schema\\\/person\\\/09863e516102a829e72bedcf3f84c6b0\",\"name\":\"mahmud\"}]}<\/script>\n<!-- \/ Yoast SEO plugin. -->","yoast_head_json":{"title":"Meydan\u00e7\u0131lar h\u0259bsd\u0259 qald\u0131lar: \u201cM\u0259nim \u0259lim haram pula d\u0259ym\u0259yib\u201d - MEYDAN.TV","robots":{"index":"index","follow":"follow","max-snippet":"max-snippet:-1","max-image-preview":"max-image-preview:large","max-video-preview":"max-video-preview:-1"},"canonical":"https:\/\/www.meydan.tv\/az\/article\/meydancilar-hebsde-qaldilar-menim-elim-haram-pula-deymeyib\/","og_locale":"az_AZ","og_type":"article","og_title":"Meydan\u00e7\u0131lar h\u0259bsd\u0259 qald\u0131lar: \u201cM\u0259nim \u0259lim haram pula d\u0259ym\u0259yib\u201d - MEYDAN.TV","og_url":"https:\/\/www.meydan.tv\/az\/article\/meydancilar-hebsde-qaldilar-menim-elim-haram-pula-deymeyib\/","og_site_name":"MEYDAN.TV","article_published_time":"2024-12-13T09:50:54+00:00","article_modified_time":"2024-12-14T12:25:15+00:00","og_image":[{"width":1280,"height":720,"url":"https:\/\/www.meydan.tv\/wp-content\/uploads\/ef0420fe-1d3e-49ff-a1f3-8ef3941a0759.jpg","type":"image\/jpeg"}],"author":"mahmud","twitter_card":"summary_large_image","schema":{"@context":"https:\/\/schema.org","@graph":[{"@type":"Article","@id":"https:\/\/www.meydan.tv\/az\/article\/meydancilar-hebsde-qaldilar-menim-elim-haram-pula-deymeyib\/#article","isPartOf":{"@id":"https:\/\/www.meydan.tv\/az\/article\/meydancilar-hebsde-qaldilar-menim-elim-haram-pula-deymeyib\/"},"author":{"name":"mahmud","@id":"https:\/\/www.meydan.tv\/az\/#\/schema\/person\/09863e516102a829e72bedcf3f84c6b0"},"headline":"Meydan\u00e7\u0131lar h\u0259bsd\u0259 qald\u0131lar: \u201cM\u0259nim \u0259lim haram pula d\u0259ym\u0259yib\u201d","datePublished":"2024-12-13T09:50:54+00:00","dateModified":"2024-12-14T12:25:15+00:00","mainEntityOfPage":{"@id":"https:\/\/www.meydan.tv\/az\/article\/meydancilar-hebsde-qaldilar-menim-elim-haram-pula-deymeyib\/"},"wordCount":1462,"publisher":{"@id":"https:\/\/www.meydan.tv\/az\/#organization"},"image":{"@id":"https:\/\/www.meydan.tv\/az\/article\/meydancilar-hebsde-qaldilar-menim-elim-haram-pula-deymeyib\/#primaryimage"},"thumbnailUrl":"https:\/\/www.meydan.tv\/wp-content\/uploads\/ef0420fe-1d3e-49ff-a1f3-8ef3941a0759.jpg","articleSection":["Meydan TV i\u015fi","Redaktor se\u00e7imi","Siyas\u0259t","T\u00f6vsiy\u0259","Video","X\u0259b\u0259rl\u0259r"],"inLanguage":"az"},{"@type":"WebPage","@id":"https:\/\/www.meydan.tv\/az\/article\/meydancilar-hebsde-qaldilar-menim-elim-haram-pula-deymeyib\/","url":"https:\/\/www.meydan.tv\/az\/article\/meydancilar-hebsde-qaldilar-menim-elim-haram-pula-deymeyib\/","name":"Meydan\u00e7\u0131lar h\u0259bsd\u0259 qald\u0131lar: \u201cM\u0259nim \u0259lim haram pula d\u0259ym\u0259yib\u201d - MEYDAN.TV","isPartOf":{"@id":"https:\/\/www.meydan.tv\/az\/#website"},"primaryImageOfPage":{"@id":"https:\/\/www.meydan.tv\/az\/article\/meydancilar-hebsde-qaldilar-menim-elim-haram-pula-deymeyib\/#primaryimage"},"image":{"@id":"https:\/\/www.meydan.tv\/az\/article\/meydancilar-hebsde-qaldilar-menim-elim-haram-pula-deymeyib\/#primaryimage"},"thumbnailUrl":"https:\/\/www.meydan.tv\/wp-content\/uploads\/ef0420fe-1d3e-49ff-a1f3-8ef3941a0759.jpg","datePublished":"2024-12-13T09:50:54+00:00","dateModified":"2024-12-14T12:25:15+00:00","breadcrumb":{"@id":"https:\/\/www.meydan.tv\/az\/article\/meydancilar-hebsde-qaldilar-menim-elim-haram-pula-deymeyib\/#breadcrumb"},"inLanguage":"az","potentialAction":[{"@type":"ReadAction","target":["https:\/\/www.meydan.tv\/az\/article\/meydancilar-hebsde-qaldilar-menim-elim-haram-pula-deymeyib\/"]}]},{"@type":"ImageObject","inLanguage":"az","@id":"https:\/\/www.meydan.tv\/az\/article\/meydancilar-hebsde-qaldilar-menim-elim-haram-pula-deymeyib\/#primaryimage","url":"https:\/\/www.meydan.tv\/wp-content\/uploads\/ef0420fe-1d3e-49ff-a1f3-8ef3941a0759.jpg","contentUrl":"https:\/\/www.meydan.tv\/wp-content\/uploads\/ef0420fe-1d3e-49ff-a1f3-8ef3941a0759.jpg","width":1280,"height":720,"caption":"Meydan TV-nin h\u0259bs olunan \u0259m\u0259kda\u015flar\u0131 Foto: Meydan TV"},{"@type":"BreadcrumbList","@id":"https:\/\/www.meydan.tv\/az\/article\/meydancilar-hebsde-qaldilar-menim-elim-haram-pula-deymeyib\/#breadcrumb","itemListElement":[{"@type":"ListItem","position":1,"name":"Ana s\u0259hif\u0259","item":"https:\/\/www.meydan.tv\/az\/"},{"@type":"ListItem","position":2,"name":"Meydan TV i\u015fi","item":"https:\/\/www.meydan.tv\/az\/section\/meydan-tv-isi\/"},{"@type":"ListItem","position":3,"name":"Meydan\u00e7\u0131lar h\u0259bsd\u0259 qald\u0131lar: \u201cM\u0259nim \u0259lim haram pula d\u0259ym\u0259yib\u201d"}]},{"@type":"WebSite","@id":"https:\/\/www.meydan.tv\/az\/#website","url":"https:\/\/www.meydan.tv\/az\/","name":"MEYDAN.TV","description":"Meydan TV Az\u0259rbaycan\u0131n media m\u0259kan\u0131ndak\u0131 alternativ s\u0259sidir","publisher":{"@id":"https:\/\/www.meydan.tv\/az\/#organization"},"potentialAction":[{"@type":"SearchAction","target":{"@type":"EntryPoint","urlTemplate":"https:\/\/www.meydan.tv\/az\/?s={search_term_string}"},"query-input":{"@type":"PropertyValueSpecification","valueRequired":true,"valueName":"search_term_string"}}],"inLanguage":"az"},{"@type":"Organization","@id":"https:\/\/www.meydan.tv\/az\/#organization","name":"Meydan TV","url":"https:\/\/www.meydan.tv\/az\/","logo":{"@type":"ImageObject","inLanguage":"az","@id":"https:\/\/www.meydan.tv\/az\/#\/schema\/logo\/image\/","url":"https:\/\/www.meydan.tv\/wp-content\/uploads\/2021\/07\/meydan-logo.svg","contentUrl":"https:\/\/www.meydan.tv\/wp-content\/uploads\/2021\/07\/meydan-logo.svg","width":195,"height":46,"caption":"Meydan TV"},"image":{"@id":"https:\/\/www.meydan.tv\/az\/#\/schema\/logo\/image\/"}},{"@type":"Person","@id":"https:\/\/www.meydan.tv\/az\/#\/schema\/person\/09863e516102a829e72bedcf3f84c6b0","name":"mahmud"}]}},"_links":{"self":[{"href":"https:\/\/www.meydan.tv\/az\/wp-json\/wp\/v2\/posts\/322710","targetHints":{"allow":["GET"]}}],"collection":[{"href":"https:\/\/www.meydan.tv\/az\/wp-json\/wp\/v2\/posts"}],"about":[{"href":"https:\/\/www.meydan.tv\/az\/wp-json\/wp\/v2\/types\/post"}],"author":[{"embeddable":true,"href":"https:\/\/www.meydan.tv\/az\/wp-json\/wp\/v2\/users\/21"}],"replies":[{"embeddable":true,"href":"https:\/\/www.meydan.tv\/az\/wp-json\/wp\/v2\/comments?post=322710"}],"version-history":[{"count":5,"href":"https:\/\/www.meydan.tv\/az\/wp-json\/wp\/v2\/posts\/322710\/revisions"}],"predecessor-version":[{"id":322788,"href":"https:\/\/www.meydan.tv\/az\/wp-json\/wp\/v2\/posts\/322710\/revisions\/322788"}],"wp:featuredmedia":[{"embeddable":true,"href":"https:\/\/www.meydan.tv\/az\/wp-json\/wp\/v2\/media\/322604"}],"wp:attachment":[{"href":"https:\/\/www.meydan.tv\/az\/wp-json\/wp\/v2\/media?parent=322710"}],"wp:term":[{"taxonomy":"category","embeddable":true,"href":"https:\/\/www.meydan.tv\/az\/wp-json\/wp\/v2\/categories?post=322710"},{"taxonomy":"post_tag","embeddable":true,"href":"https:\/\/www.meydan.tv\/az\/wp-json\/wp\/v2\/tags?post=322710"}],"curies":[{"name":"wp","href":"https:\/\/api.w.org\/{rel}","templated":true}]}}