{"id":322694,"date":"2024-12-12T18:49:56","date_gmt":"2024-12-12T14:49:56","guid":{"rendered":"https:\/\/www.meydan.tv\/?p=322694"},"modified":"2024-12-12T18:56:41","modified_gmt":"2024-12-12T14:56:41","slug":"ilhamiz-quliyevin-anasi-butun-azerbaycanin-bildiyini-oglum-iki-cumle-ile-mikrofona-deyib","status":"publish","type":"post","link":"https:\/\/www.meydan.tv\/az\/article\/ilhamiz-quliyevin-anasi-butun-azerbaycanin-bildiyini-oglum-iki-cumle-ile-mikrofona-deyib\/","title":{"rendered":"\u0130lhamiz Quliyevin anas\u0131: \u201cB\u00fct\u00fcn Az\u0259rbaycan\u0131n bildiyini o\u011flum iki c\u00fcml\u0259 il\u0259 mikrofona deyib\u201d\u00a0"},"content":{"rendered":"\n<figure class=\"wp-block-embed is-type-video is-provider-youtube wp-block-embed-youtube wp-embed-aspect-16-9 wp-has-aspect-ratio\"><div class=\"wp-block-embed__wrapper\">\n<iframe title=\"\u201cM\u0259nim o\u011flum iki c\u00fcml\u0259y\u0259 g\u00f6r\u0259 qanunsuz h\u0259bs edilib\u201d\" width=\"1200\" height=\"675\" data-src=\"https:\/\/www.youtube.com\/embed\/S416ftVqJm4?feature=oembed\" frameborder=\"0\" allow=\"accelerometer; autoplay; clipboard-write; encrypted-media; gyroscope; picture-in-picture; web-share\" referrerpolicy=\"strict-origin-when-cross-origin\" allowfullscreen src=\"data:image\/svg+xml;base64,PHN2ZyB3aWR0aD0iMSIgaGVpZ2h0PSIxIiB4bWxucz0iaHR0cDovL3d3dy53My5vcmcvMjAwMC9zdmciPjwvc3ZnPg==\" class=\"lazyload\" data-load-mode=\"1\"><\/iframe>\n<\/div><\/figure>\n\n\n\n<!--more-->\n\n\n\n<p><strong><em>\u0130ctimai f\u0259al 3 il azadl\u0131qdan m\u0259hrum edilib<\/em><\/strong><\/p>\n\n\n\n<p>H\u0259bsd\u0259 olan ictimai f\u0259allardan \u0130lhamiz Quliyevin i\u015fi \u00fczr\u0259 yar\u0131m ild\u0259n \u00e7oxdur ki, davam ed\u0259n m\u0259hk\u0259m\u0259 prosesi ba\u015fa \u00e7at\u0131b.&nbsp;<\/p>\n\n\n\n<p>Dekabr\u0131n 12-d\u0259 Bak\u0131 A\u011f\u0131r Cinay\u0259tl\u0259r M\u0259hk\u0259m\u0259sind\u0259 ona h\u00f6km oxunub.&nbsp;<\/p>\n\n\n\n<p>Hakim Az\u0259r Ta\u011f\u0131yevin s\u0259drliyil\u0259 \u00e7\u0131xar\u0131lan h\u00f6km\u0259 \u0259sas\u0259n, \u0130lhamiz Quliyev 3 il azadl\u0131qdan m\u0259hrum edilib.&nbsp;<\/p>\n\n\n\n<p>Ona qar\u015f\u0131 Cinay\u0259t M\u0259c\u0259ll\u0259sinin 234.4.3 (k\u00fclli miqdarda narkotik vasit\u0259nin sat\u0131\u015f m\u0259qs\u0259dil\u0259 \u0259ld\u0259 olunub saxlanmas\u0131) madd\u0259sil\u0259 ir\u0259li s\u00fcr\u00fclm\u00fc\u015f ittiham 234.1-1 (sat\u0131\u015f m\u0259qs\u0259di olmadan k\u00fclli miqdarda narkotik vasit\u0259nin \u0259ld\u0259 edilib saxlanmas\u0131) madd\u0259sin\u0259 d\u0259yi\u015fdirilib.<\/p>\n\n\n\n<p>\u0130lhamiz Quliyevin v\u0259kill\u0259ri Zibeyd\u0259 Sad\u0131qova v\u0259 R\u00f6v\u015fan\u0259 R\u0259himli \u00e7\u0131x\u0131\u015flar\u0131nda ona b\u0259ra\u0259t verilm\u0259sini ist\u0259yibl\u0259r.&nbsp;<\/p>\n\n\n\n<p>V\u0259kill\u0259r bildiribl\u0259r ki, onun m\u00fcdafi\u0259 h\u00fcququ pozulub, \u00e7oxsayl\u0131 v\u0259sat\u0259tl\u0259ri t\u0259min edilm\u0259yib.<\/p>\n\n\n\n<p>\u0130lhamiz Quliyev d\u0259 son s\u00f6z\u00fcnd\u0259 t\u0259qsirsiz oldu\u011funu, ondan qisas almaq m\u0259qs\u0259dil\u0259 \u015f\u0259rl\u0259n\u0259r\u0259k h\u0259bs olundu\u011funu bildirib.&nbsp;<\/p>\n\n\n\n<p>Onun s\u00f6zl\u0259rin\u0259 g\u00f6r\u0259, susmad\u0131\u011f\u0131na \u2013 polisl\u0259rin narkotikl\u0259 insanlar\u0131 nec\u0259 \u015f\u0259rl\u0259m\u0259si haqda \u201cAbzasMedia\u201dya m\u00fcsahib\u0259sin\u0259 g\u00f6r\u0259 c\u0259zaland\u0131r\u0131l\u0131b.\u00a0<\/p>\n\n\n\n<p>\u0130ctimai f\u0259al vur\u011fulay\u0131b ki, Daxili \u0130\u015fl\u0259r Nazirliyi onun bir c\u00fcml\u0259sin\u0259 d\u00f6z\u0259 bilm\u0259yib, prokurorluqla, m\u0259hk\u0259m\u0259 il\u0259 \u0259lbir olub, b\u00fct\u00fcn qanunlar\u0131 ayaqlar alt\u0131na ataraq, \u015f\u0259rl\u0259yib, h\u0259bs\u0259 g\u00f6nd\u0259rib.<\/p>\n\n\n\n<p>O deyir ki, narkotiki cibin\u0259 Yasamal Rayon Polis \u0130dar\u0259sinin 28-ci polis b\u00f6lm\u0259sind\u0259 Nicat Abdullayev at\u0131b.&nbsp;<\/p>\n\n\n\n<p>\u0130lhamiz Quliyevin s\u00f6zl\u0259rin\u0259 g\u00f6r\u0259, \u201cAbzasMedia\u201dya m\u00fcsahib\u0259sind\u0259n sonra 5 oktyabr 2023-c\u00fc ild\u0259 G\u00fcrc\u00fcstana getm\u0259k ist\u0259s\u0259 d\u0259, hava liman\u0131ndan geri qaytar\u0131l\u0131b. Ona bildirilib ki, \u00f6lk\u0259d\u0259n \u00e7\u0131x\u0131\u015f\u0131na m\u0259hdudiyy\u0259t qoyulub.\u00a0<\/p>\n\n\n\n<p>Bundan sonra is\u0259 polis\u0259 m\u00fcqavim\u0259t ittiham\u0131 il\u0259 1 ayl\u0131q inzibati qaydada h\u0259bs olunub:&nbsp;<\/p>\n\n\n\n<p><em>\u201cOnda hiss el\u0259mi\u015fdim ki, m\u0259ni \u015f\u0259rl\u0259yib tutacaqlar. Gedib \u0259vv\u0259ld\u0259n v\u0259kill\u0259 m\u00fcqavil\u0259 ba\u011flad\u0131m. Narkoloji dispanserd\u0259 m\u00fcqayin\u0259d\u0259n ke\u00e7dim, r\u0259y ald\u0131m. Oradak\u0131lara q\u0259rib\u0259 g\u0259lirdi ki, k\u00f6n\u00fcll\u00fc m\u00fcayin\u0259d\u0259n ke\u00e7ir bu adam. Onlara dey\u0259 bilmirdim ki, polisd\u0259n g\u0259l\u0259c\u0259k t\u0259hl\u00fck\u0259d\u0259n qorunmaq \u00fc\u00e7\u00fcn bunlar\u0131 el\u0259yir\u0259m\u201d.<\/em><\/p>\n\n\n\n<p>\u0130ctimai f\u0259al m\u0259hk\u0259m\u0259d\u0259n d\u0259 \u0259dal\u0259t g\u00f6zl\u0259ntisi olmad\u0131\u011f\u0131n\u0131 hakiml\u0259rin n\u0259z\u0259rin\u0259 \u00e7atd\u0131r\u0131b:&nbsp;<\/p>\n\n\n\n<p><em>\u201cSizl\u0259rd\u0259n yan\u011f\u0131na su da\u015f\u0131yan qar\u0131\u015fqan\u0131n t\u0259\u0259ss\u00fcb\u00fc g\u00f6zl\u0259ntisind\u0259 olma\u011f\u0131m\u0131n absurd oldu\u011funu yax\u015f\u0131 anlay\u0131ram. \u00c7\u00fcnki m\u0259n m\u00fchakim\u0259 olunmaq \u00fc\u00e7\u00fcn yox, g\u00fcnahkar \u00e7\u0131xar\u0131lmaq \u00fc\u00e7\u00fcn m\u0259hk\u0259m\u0259 qar\u015f\u0131s\u0131ndayam. Buyurun, polisin dispensiyas\u0131n\u0131 qanunil\u0259\u015fdirin, siyasi sifari\u015fin icras\u0131 u\u011furla ba\u015fa \u00e7atd\u0131r\u0131lm\u0131\u015f olsun&#8230;\u201d<\/em><\/p>\n\n\n\n<p>M\u0259hk\u0259m\u0259d\u0259n sonra v\u0259kil R\u00f6v\u015fan\u0259 R\u0259himli Meydan TV-y\u0259 bildirib ki, h\u00f6kmd\u0259n apelyasiya \u015fikay\u0259ti veril\u0259c\u0259k.<\/p>\n\n\n\n<p>\u0130ctimai f\u0259al\u0131n anas\u0131 \u015eamama Quliyeva o\u011flundan iki c\u00fcml\u0259y\u0259 g\u00f6r\u0259 qisas al\u0131nd\u0131\u011f\u0131n\u0131 deyir:<\/p>\n\n\n\n<p><em>\u201cB\u00fct\u00fcn Az\u0259rbaycan\u0131n bildiyini, insanlar\u0131n \u00f6z aralar\u0131nda dan\u0131\u015fd\u0131qlar\u0131n\u0131 o\u011flum mikrofona deyib\u201d, <\/em>&#8211; \u015eamama Quliyeva bildirib.<\/p>\n\n\n\n<p>O \u0259lav\u0259 edib ki, tutuldu\u011fu g\u00fcn \u2013 4 dekabr 2023-c\u00fc ild\u0259 \u0130lhamiz Quliyev Prezidentin h\u00fcquq m\u0259s\u0259l\u0259l\u0259ri \u00fczr\u0259 k\u00f6m\u0259k\u00e7isi Fuad \u018fl\u0259sg\u0259rovun q\u0259buluna yaz\u0131lmaq \u00fc\u00e7\u00fcn evd\u0259n \u00e7\u0131x\u0131b v\u0259 d\u0259rhal da saxlan\u0131l\u0131b:&nbsp;<\/p>\n\n\n\n<p><em>\u201cOra ged\u0259n adam\u0131n cibind\u0259 narkotik olar?! A\u00e7\u0131q \u015f\u0259kild\u0259 desinl\u0259r ki, bu adam\u0131 m\u00fcsahib\u0259d\u0259 dediyi iki c\u00fcml\u0259sin\u0259 g\u00f6r\u0259 tutmu\u015fuq, yoxsa narkotik n\u0259dir g\u0259tirib at\u0131rlar cibin\u0259?<\/em>\u201d<\/p>\n\n\n\n<p>\u0130lhamiz Quliyev bildirib ki, \u0259vv\u0259ll\u0259r polis idar\u0259sind\u0259 m\u00fcst\u0259ntiq k\u00f6m\u0259k\u00e7isi i\u015fl\u0259yib, bu \u00fczd\u0259n o sistemd\u0259 n\u0259l\u0259rin ba\u015f verm\u0259sind\u0259n m\u0259lumatl\u0131 olub.<\/p>\n\n\n\n<p>Sentyabr\u0131n sonunda \u201cAbzasMedia\u201dya m\u00fcsahib\u0259sind\u0259 d\u0259 ictimai-siyasi f\u0259allar\u0131n narkotikl\u0259 h\u0259bs olunmas\u0131 bar\u0259d\u0259 dan\u0131\u015f\u0131b.\u00a0<\/p>\n\n\n\n<p>H\u0259min videomaterialda \u00fcz\u00fc g\u00f6r\u00fcnm\u0259s\u0259 d\u0259, ke\u00e7mi\u015f polis \u0259m\u0259kda\u015f\u0131 oldu\u011fu bildirilib.\u00a0<\/p>\n\n\n\n<p>Onun s\u00f6zl\u0259rin\u0259 g\u00f6r\u0259, bir ne\u00e7\u0259 g\u00fcn \u0259rzind\u0259 onun kimliyini m\u00fc\u0259yy\u0259nl\u0259\u015fdirib, h\u0259bs edibl\u0259r.<\/p>\n","protected":false},"excerpt":{"rendered":"","protected":false},"author":12,"featured_media":292557,"comment_status":"closed","ping_status":"closed","sticky":false,"template":"","format":"standard","meta":{"_acf_changed":false,"_sitemap_exclude":false,"_sitemap_priority":"","_sitemap_frequency":"","footnotes":""},"categories":[59,79,63,56],"tags":[],"class_list":["post-322694","post","type-post","status-publish","format-standard","has-post-thumbnail","hentry","category-siyaset","category-featured","category-video-2","category-xeberler","infinite-scroll-item","generate-columns","tablet-grid-50","mobile-grid-100","grid-parent","grid-33","no-featured-image-padding"],"acf":[],"yoast_head":"<!-- This site is optimized with the Yoast SEO plugin v27.4 - https:\/\/yoast.com\/product\/yoast-seo-wordpress\/ -->\n<title>\u0130lhamiz Quliyevin anas\u0131: \u201cB\u00fct\u00fcn Az\u0259rbaycan\u0131n bildiyini o\u011flum iki c\u00fcml\u0259 il\u0259 mikrofona deyib\u201d\u00a0 - MEYDAN.TV<\/title>\n<meta name=\"robots\" content=\"index, follow, max-snippet:-1, max-image-preview:large, max-video-preview:-1\" \/>\n<link rel=\"canonical\" href=\"https:\/\/www.meydan.tv\/az\/article\/ilhamiz-quliyevin-anasi-butun-azerbaycanin-bildiyini-oglum-iki-cumle-ile-mikrofona-deyib\/\" \/>\n<meta property=\"og:locale\" content=\"az_AZ\" \/>\n<meta property=\"og:type\" content=\"article\" \/>\n<meta property=\"og:title\" content=\"\u0130lhamiz Quliyevin anas\u0131: \u201cB\u00fct\u00fcn Az\u0259rbaycan\u0131n bildiyini o\u011flum iki c\u00fcml\u0259 il\u0259 mikrofona deyib\u201d\u00a0 - MEYDAN.TV\" \/>\n<meta property=\"og:url\" content=\"https:\/\/www.meydan.tv\/az\/article\/ilhamiz-quliyevin-anasi-butun-azerbaycanin-bildiyini-oglum-iki-cumle-ile-mikrofona-deyib\/\" \/>\n<meta property=\"og:site_name\" content=\"MEYDAN.TV\" \/>\n<meta property=\"article:published_time\" content=\"2024-12-12T14:49:56+00:00\" \/>\n<meta property=\"article:modified_time\" content=\"2024-12-12T14:56:41+00:00\" \/>\n<meta property=\"og:image\" content=\"https:\/\/www.meydan.tv\/wp-content\/uploads\/img_0697.jpg\" \/>\n\t<meta property=\"og:image:width\" content=\"1500\" \/>\n\t<meta property=\"og:image:height\" content=\"844\" \/>\n\t<meta property=\"og:image:type\" content=\"image\/jpeg\" \/>\n<meta name=\"author\" content=\"aleks\" \/>\n<meta name=\"twitter:card\" content=\"summary_large_image\" \/>\n<script type=\"application\/ld+json\" class=\"yoast-schema-graph\">{\"@context\":\"https:\\\/\\\/schema.org\",\"@graph\":[{\"@type\":\"Article\",\"@id\":\"https:\\\/\\\/www.meydan.tv\\\/az\\\/article\\\/ilhamiz-quliyevin-anasi-butun-azerbaycanin-bildiyini-oglum-iki-cumle-ile-mikrofona-deyib\\\/#article\",\"isPartOf\":{\"@id\":\"https:\\\/\\\/www.meydan.tv\\\/az\\\/article\\\/ilhamiz-quliyevin-anasi-butun-azerbaycanin-bildiyini-oglum-iki-cumle-ile-mikrofona-deyib\\\/\"},\"author\":{\"name\":\"aleks\",\"@id\":\"https:\\\/\\\/www.meydan.tv\\\/az\\\/#\\\/schema\\\/person\\\/476e9360e593fa131d5d71d51866f8da\"},\"headline\":\"\u0130lhamiz Quliyevin anas\u0131: \u201cB\u00fct\u00fcn Az\u0259rbaycan\u0131n bildiyini o\u011flum iki c\u00fcml\u0259 il\u0259 mikrofona deyib\u201d\u00a0\",\"datePublished\":\"2024-12-12T14:49:56+00:00\",\"dateModified\":\"2024-12-12T14:56:41+00:00\",\"mainEntityOfPage\":{\"@id\":\"https:\\\/\\\/www.meydan.tv\\\/az\\\/article\\\/ilhamiz-quliyevin-anasi-butun-azerbaycanin-bildiyini-oglum-iki-cumle-ile-mikrofona-deyib\\\/\"},\"wordCount\":786,\"publisher\":{\"@id\":\"https:\\\/\\\/www.meydan.tv\\\/az\\\/#organization\"},\"image\":{\"@id\":\"https:\\\/\\\/www.meydan.tv\\\/az\\\/article\\\/ilhamiz-quliyevin-anasi-butun-azerbaycanin-bildiyini-oglum-iki-cumle-ile-mikrofona-deyib\\\/#primaryimage\"},\"thumbnailUrl\":\"https:\\\/\\\/www.meydan.tv\\\/wp-content\\\/uploads\\\/img_0697.jpg\",\"articleSection\":[\"Siyas\u0259t\",\"T\u00f6vsiy\u0259\",\"Video\",\"X\u0259b\u0259rl\u0259r\"],\"inLanguage\":\"az\"},{\"@type\":\"WebPage\",\"@id\":\"https:\\\/\\\/www.meydan.tv\\\/az\\\/article\\\/ilhamiz-quliyevin-anasi-butun-azerbaycanin-bildiyini-oglum-iki-cumle-ile-mikrofona-deyib\\\/\",\"url\":\"https:\\\/\\\/www.meydan.tv\\\/az\\\/article\\\/ilhamiz-quliyevin-anasi-butun-azerbaycanin-bildiyini-oglum-iki-cumle-ile-mikrofona-deyib\\\/\",\"name\":\"\u0130lhamiz Quliyevin anas\u0131: \u201cB\u00fct\u00fcn Az\u0259rbaycan\u0131n bildiyini o\u011flum iki c\u00fcml\u0259 il\u0259 mikrofona deyib\u201d\u00a0 - MEYDAN.TV\",\"isPartOf\":{\"@id\":\"https:\\\/\\\/www.meydan.tv\\\/az\\\/#website\"},\"primaryImageOfPage\":{\"@id\":\"https:\\\/\\\/www.meydan.tv\\\/az\\\/article\\\/ilhamiz-quliyevin-anasi-butun-azerbaycanin-bildiyini-oglum-iki-cumle-ile-mikrofona-deyib\\\/#primaryimage\"},\"image\":{\"@id\":\"https:\\\/\\\/www.meydan.tv\\\/az\\\/article\\\/ilhamiz-quliyevin-anasi-butun-azerbaycanin-bildiyini-oglum-iki-cumle-ile-mikrofona-deyib\\\/#primaryimage\"},\"thumbnailUrl\":\"https:\\\/\\\/www.meydan.tv\\\/wp-content\\\/uploads\\\/img_0697.jpg\",\"datePublished\":\"2024-12-12T14:49:56+00:00\",\"dateModified\":\"2024-12-12T14:56:41+00:00\",\"breadcrumb\":{\"@id\":\"https:\\\/\\\/www.meydan.tv\\\/az\\\/article\\\/ilhamiz-quliyevin-anasi-butun-azerbaycanin-bildiyini-oglum-iki-cumle-ile-mikrofona-deyib\\\/#breadcrumb\"},\"inLanguage\":\"az\",\"potentialAction\":[{\"@type\":\"ReadAction\",\"target\":[\"https:\\\/\\\/www.meydan.tv\\\/az\\\/article\\\/ilhamiz-quliyevin-anasi-butun-azerbaycanin-bildiyini-oglum-iki-cumle-ile-mikrofona-deyib\\\/\"]}]},{\"@type\":\"ImageObject\",\"inLanguage\":\"az\",\"@id\":\"https:\\\/\\\/www.meydan.tv\\\/az\\\/article\\\/ilhamiz-quliyevin-anasi-butun-azerbaycanin-bildiyini-oglum-iki-cumle-ile-mikrofona-deyib\\\/#primaryimage\",\"url\":\"https:\\\/\\\/www.meydan.tv\\\/wp-content\\\/uploads\\\/img_0697.jpg\",\"contentUrl\":\"https:\\\/\\\/www.meydan.tv\\\/wp-content\\\/uploads\\\/img_0697.jpg\",\"width\":1500,\"height\":844,\"caption\":\"\u0130lhamiz Quliyev. Foto: Meydan TV\"},{\"@type\":\"BreadcrumbList\",\"@id\":\"https:\\\/\\\/www.meydan.tv\\\/az\\\/article\\\/ilhamiz-quliyevin-anasi-butun-azerbaycanin-bildiyini-oglum-iki-cumle-ile-mikrofona-deyib\\\/#breadcrumb\",\"itemListElement\":[{\"@type\":\"ListItem\",\"position\":1,\"name\":\"Ana s\u0259hif\u0259\",\"item\":\"https:\\\/\\\/www.meydan.tv\\\/az\\\/\"},{\"@type\":\"ListItem\",\"position\":2,\"name\":\"X\u0259b\u0259rl\u0259r\",\"item\":\"https:\\\/\\\/www.meydan.tv\\\/az\\\/section\\\/xeberler\\\/\"},{\"@type\":\"ListItem\",\"position\":3,\"name\":\"\u0130lhamiz Quliyevin anas\u0131: \u201cB\u00fct\u00fcn Az\u0259rbaycan\u0131n bildiyini o\u011flum iki c\u00fcml\u0259 il\u0259 mikrofona deyib\u201d\u00a0\"}]},{\"@type\":\"WebSite\",\"@id\":\"https:\\\/\\\/www.meydan.tv\\\/az\\\/#website\",\"url\":\"https:\\\/\\\/www.meydan.tv\\\/az\\\/\",\"name\":\"MEYDAN.TV\",\"description\":\"Meydan TV Az\u0259rbaycan\u0131n media m\u0259kan\u0131ndak\u0131 alternativ s\u0259sidir\",\"publisher\":{\"@id\":\"https:\\\/\\\/www.meydan.tv\\\/az\\\/#organization\"},\"potentialAction\":[{\"@type\":\"SearchAction\",\"target\":{\"@type\":\"EntryPoint\",\"urlTemplate\":\"https:\\\/\\\/www.meydan.tv\\\/az\\\/?s={search_term_string}\"},\"query-input\":{\"@type\":\"PropertyValueSpecification\",\"valueRequired\":true,\"valueName\":\"search_term_string\"}}],\"inLanguage\":\"az\"},{\"@type\":\"Organization\",\"@id\":\"https:\\\/\\\/www.meydan.tv\\\/az\\\/#organization\",\"name\":\"Meydan TV\",\"url\":\"https:\\\/\\\/www.meydan.tv\\\/az\\\/\",\"logo\":{\"@type\":\"ImageObject\",\"inLanguage\":\"az\",\"@id\":\"https:\\\/\\\/www.meydan.tv\\\/az\\\/#\\\/schema\\\/logo\\\/image\\\/\",\"url\":\"https:\\\/\\\/www.meydan.tv\\\/wp-content\\\/uploads\\\/2021\\\/07\\\/meydan-logo.svg\",\"contentUrl\":\"https:\\\/\\\/www.meydan.tv\\\/wp-content\\\/uploads\\\/2021\\\/07\\\/meydan-logo.svg\",\"width\":195,\"height\":46,\"caption\":\"Meydan TV\"},\"image\":{\"@id\":\"https:\\\/\\\/www.meydan.tv\\\/az\\\/#\\\/schema\\\/logo\\\/image\\\/\"}},{\"@type\":\"Person\",\"@id\":\"https:\\\/\\\/www.meydan.tv\\\/az\\\/#\\\/schema\\\/person\\\/476e9360e593fa131d5d71d51866f8da\",\"name\":\"aleks\"}]}<\/script>\n<!-- \/ Yoast SEO plugin. -->","yoast_head_json":{"title":"\u0130lhamiz Quliyevin anas\u0131: \u201cB\u00fct\u00fcn Az\u0259rbaycan\u0131n bildiyini o\u011flum iki c\u00fcml\u0259 il\u0259 mikrofona deyib\u201d\u00a0 - MEYDAN.TV","robots":{"index":"index","follow":"follow","max-snippet":"max-snippet:-1","max-image-preview":"max-image-preview:large","max-video-preview":"max-video-preview:-1"},"canonical":"https:\/\/www.meydan.tv\/az\/article\/ilhamiz-quliyevin-anasi-butun-azerbaycanin-bildiyini-oglum-iki-cumle-ile-mikrofona-deyib\/","og_locale":"az_AZ","og_type":"article","og_title":"\u0130lhamiz Quliyevin anas\u0131: \u201cB\u00fct\u00fcn Az\u0259rbaycan\u0131n bildiyini o\u011flum iki c\u00fcml\u0259 il\u0259 mikrofona deyib\u201d\u00a0 - MEYDAN.TV","og_url":"https:\/\/www.meydan.tv\/az\/article\/ilhamiz-quliyevin-anasi-butun-azerbaycanin-bildiyini-oglum-iki-cumle-ile-mikrofona-deyib\/","og_site_name":"MEYDAN.TV","article_published_time":"2024-12-12T14:49:56+00:00","article_modified_time":"2024-12-12T14:56:41+00:00","og_image":[{"width":1500,"height":844,"url":"https:\/\/www.meydan.tv\/wp-content\/uploads\/img_0697.jpg","type":"image\/jpeg"}],"author":"aleks","twitter_card":"summary_large_image","schema":{"@context":"https:\/\/schema.org","@graph":[{"@type":"Article","@id":"https:\/\/www.meydan.tv\/az\/article\/ilhamiz-quliyevin-anasi-butun-azerbaycanin-bildiyini-oglum-iki-cumle-ile-mikrofona-deyib\/#article","isPartOf":{"@id":"https:\/\/www.meydan.tv\/az\/article\/ilhamiz-quliyevin-anasi-butun-azerbaycanin-bildiyini-oglum-iki-cumle-ile-mikrofona-deyib\/"},"author":{"name":"aleks","@id":"https:\/\/www.meydan.tv\/az\/#\/schema\/person\/476e9360e593fa131d5d71d51866f8da"},"headline":"\u0130lhamiz Quliyevin anas\u0131: \u201cB\u00fct\u00fcn Az\u0259rbaycan\u0131n bildiyini o\u011flum iki c\u00fcml\u0259 il\u0259 mikrofona deyib\u201d\u00a0","datePublished":"2024-12-12T14:49:56+00:00","dateModified":"2024-12-12T14:56:41+00:00","mainEntityOfPage":{"@id":"https:\/\/www.meydan.tv\/az\/article\/ilhamiz-quliyevin-anasi-butun-azerbaycanin-bildiyini-oglum-iki-cumle-ile-mikrofona-deyib\/"},"wordCount":786,"publisher":{"@id":"https:\/\/www.meydan.tv\/az\/#organization"},"image":{"@id":"https:\/\/www.meydan.tv\/az\/article\/ilhamiz-quliyevin-anasi-butun-azerbaycanin-bildiyini-oglum-iki-cumle-ile-mikrofona-deyib\/#primaryimage"},"thumbnailUrl":"https:\/\/www.meydan.tv\/wp-content\/uploads\/img_0697.jpg","articleSection":["Siyas\u0259t","T\u00f6vsiy\u0259","Video","X\u0259b\u0259rl\u0259r"],"inLanguage":"az"},{"@type":"WebPage","@id":"https:\/\/www.meydan.tv\/az\/article\/ilhamiz-quliyevin-anasi-butun-azerbaycanin-bildiyini-oglum-iki-cumle-ile-mikrofona-deyib\/","url":"https:\/\/www.meydan.tv\/az\/article\/ilhamiz-quliyevin-anasi-butun-azerbaycanin-bildiyini-oglum-iki-cumle-ile-mikrofona-deyib\/","name":"\u0130lhamiz Quliyevin anas\u0131: \u201cB\u00fct\u00fcn Az\u0259rbaycan\u0131n bildiyini o\u011flum iki c\u00fcml\u0259 il\u0259 mikrofona deyib\u201d\u00a0 - MEYDAN.TV","isPartOf":{"@id":"https:\/\/www.meydan.tv\/az\/#website"},"primaryImageOfPage":{"@id":"https:\/\/www.meydan.tv\/az\/article\/ilhamiz-quliyevin-anasi-butun-azerbaycanin-bildiyini-oglum-iki-cumle-ile-mikrofona-deyib\/#primaryimage"},"image":{"@id":"https:\/\/www.meydan.tv\/az\/article\/ilhamiz-quliyevin-anasi-butun-azerbaycanin-bildiyini-oglum-iki-cumle-ile-mikrofona-deyib\/#primaryimage"},"thumbnailUrl":"https:\/\/www.meydan.tv\/wp-content\/uploads\/img_0697.jpg","datePublished":"2024-12-12T14:49:56+00:00","dateModified":"2024-12-12T14:56:41+00:00","breadcrumb":{"@id":"https:\/\/www.meydan.tv\/az\/article\/ilhamiz-quliyevin-anasi-butun-azerbaycanin-bildiyini-oglum-iki-cumle-ile-mikrofona-deyib\/#breadcrumb"},"inLanguage":"az","potentialAction":[{"@type":"ReadAction","target":["https:\/\/www.meydan.tv\/az\/article\/ilhamiz-quliyevin-anasi-butun-azerbaycanin-bildiyini-oglum-iki-cumle-ile-mikrofona-deyib\/"]}]},{"@type":"ImageObject","inLanguage":"az","@id":"https:\/\/www.meydan.tv\/az\/article\/ilhamiz-quliyevin-anasi-butun-azerbaycanin-bildiyini-oglum-iki-cumle-ile-mikrofona-deyib\/#primaryimage","url":"https:\/\/www.meydan.tv\/wp-content\/uploads\/img_0697.jpg","contentUrl":"https:\/\/www.meydan.tv\/wp-content\/uploads\/img_0697.jpg","width":1500,"height":844,"caption":"\u0130lhamiz Quliyev. Foto: Meydan TV"},{"@type":"BreadcrumbList","@id":"https:\/\/www.meydan.tv\/az\/article\/ilhamiz-quliyevin-anasi-butun-azerbaycanin-bildiyini-oglum-iki-cumle-ile-mikrofona-deyib\/#breadcrumb","itemListElement":[{"@type":"ListItem","position":1,"name":"Ana s\u0259hif\u0259","item":"https:\/\/www.meydan.tv\/az\/"},{"@type":"ListItem","position":2,"name":"X\u0259b\u0259rl\u0259r","item":"https:\/\/www.meydan.tv\/az\/section\/xeberler\/"},{"@type":"ListItem","position":3,"name":"\u0130lhamiz Quliyevin anas\u0131: \u201cB\u00fct\u00fcn Az\u0259rbaycan\u0131n bildiyini o\u011flum iki c\u00fcml\u0259 il\u0259 mikrofona deyib\u201d\u00a0"}]},{"@type":"WebSite","@id":"https:\/\/www.meydan.tv\/az\/#website","url":"https:\/\/www.meydan.tv\/az\/","name":"MEYDAN.TV","description":"Meydan TV Az\u0259rbaycan\u0131n media m\u0259kan\u0131ndak\u0131 alternativ s\u0259sidir","publisher":{"@id":"https:\/\/www.meydan.tv\/az\/#organization"},"potentialAction":[{"@type":"SearchAction","target":{"@type":"EntryPoint","urlTemplate":"https:\/\/www.meydan.tv\/az\/?s={search_term_string}"},"query-input":{"@type":"PropertyValueSpecification","valueRequired":true,"valueName":"search_term_string"}}],"inLanguage":"az"},{"@type":"Organization","@id":"https:\/\/www.meydan.tv\/az\/#organization","name":"Meydan TV","url":"https:\/\/www.meydan.tv\/az\/","logo":{"@type":"ImageObject","inLanguage":"az","@id":"https:\/\/www.meydan.tv\/az\/#\/schema\/logo\/image\/","url":"https:\/\/www.meydan.tv\/wp-content\/uploads\/2021\/07\/meydan-logo.svg","contentUrl":"https:\/\/www.meydan.tv\/wp-content\/uploads\/2021\/07\/meydan-logo.svg","width":195,"height":46,"caption":"Meydan TV"},"image":{"@id":"https:\/\/www.meydan.tv\/az\/#\/schema\/logo\/image\/"}},{"@type":"Person","@id":"https:\/\/www.meydan.tv\/az\/#\/schema\/person\/476e9360e593fa131d5d71d51866f8da","name":"aleks"}]}},"_links":{"self":[{"href":"https:\/\/www.meydan.tv\/az\/wp-json\/wp\/v2\/posts\/322694","targetHints":{"allow":["GET"]}}],"collection":[{"href":"https:\/\/www.meydan.tv\/az\/wp-json\/wp\/v2\/posts"}],"about":[{"href":"https:\/\/www.meydan.tv\/az\/wp-json\/wp\/v2\/types\/post"}],"author":[{"embeddable":true,"href":"https:\/\/www.meydan.tv\/az\/wp-json\/wp\/v2\/users\/12"}],"replies":[{"embeddable":true,"href":"https:\/\/www.meydan.tv\/az\/wp-json\/wp\/v2\/comments?post=322694"}],"version-history":[{"count":3,"href":"https:\/\/www.meydan.tv\/az\/wp-json\/wp\/v2\/posts\/322694\/revisions"}],"predecessor-version":[{"id":322697,"href":"https:\/\/www.meydan.tv\/az\/wp-json\/wp\/v2\/posts\/322694\/revisions\/322697"}],"wp:featuredmedia":[{"embeddable":true,"href":"https:\/\/www.meydan.tv\/az\/wp-json\/wp\/v2\/media\/292557"}],"wp:attachment":[{"href":"https:\/\/www.meydan.tv\/az\/wp-json\/wp\/v2\/media?parent=322694"}],"wp:term":[{"taxonomy":"category","embeddable":true,"href":"https:\/\/www.meydan.tv\/az\/wp-json\/wp\/v2\/categories?post=322694"},{"taxonomy":"post_tag","embeddable":true,"href":"https:\/\/www.meydan.tv\/az\/wp-json\/wp\/v2\/tags?post=322694"}],"curies":[{"name":"wp","href":"https:\/\/api.w.org\/{rel}","templated":true}]}}