{"id":322628,"date":"2024-12-11T21:52:42","date_gmt":"2024-12-11T17:52:42","guid":{"rendered":"https:\/\/www.meydan.tv\/?p=322628"},"modified":"2024-12-11T21:52:45","modified_gmt":"2024-12-11T17:52:45","slug":"caspian-plazanin-direktoru-hebs-olunub","status":"publish","type":"post","link":"https:\/\/www.meydan.tv\/az\/article\/caspian-plazanin-direktoru-hebs-olunub\/","title":{"rendered":"\u201cCaspian Plaza\u201dn\u0131n direktoru h\u0259bs olunub"},"content":{"rendered":"\n<p><\/p>\n\n\n\n<p><strong><em>Qafar D\u0259mir\u00e7i d\u00f6vl\u0259t\u0259 8 milyona yax\u0131n z\u0259r\u0259r vurmaqda g\u00fcnahland\u0131r\u0131l\u0131r <\/em><\/strong><\/p>\n\n\n\n<p>\u201cDemirchi Tower\u201d, \u201cCaspian Business Center\u201d, \u201cCaspian Plaza\u201d v\u0259 ba\u015fqa biznes m\u0259rk\u0259zl\u0259rinin daxil oldu\u011fu \u201cAQA \u015eirk\u0259tl\u0259r Qrupu\u201dnun icra\u00e7\u0131 direktoru Qafar D\u0259mir\u00e7i h\u0259bs olunub.<\/p>\n\n\n\n<p>O, r\u0259hb\u0259rlik etdiyi \u201cMonte Ferro\u201d \u015firk\u0259ti v\u0259 i\u015f\u00e7il\u0259ri vasit\u0259sil\u0259 \u015e\u0259ki rayonunun G\u00f6yn\u00fck k\u0259ndi \u0259razisind\u0259 me\u015f\u0259 zola\u011f\u0131n\u0131 m\u0259hv ed\u0259r\u0259k t\u0259bi\u0259t\u0259 8 milyon manata yax\u0131n ziyan vurmaqda ittiham olunur. <\/p>\n\n\n\n<p>1986-c\u0131 il t\u0259v\u0259ll\u00fcdl\u00fc Qafar D\u0259mir\u00e7iy\u0259 qar\u015f\u0131 Cinay\u0259t M\u0259c\u0259ll\u0259sinin 259-cu (qanunsuz a\u011fac k\u0259sm\u0259) madd\u0259sil\u0259 ittiham ir\u0259li s\u00fcr\u00fcl\u00fcb. Onu M\u00fct\u0259\u015f\u0259kkil Cinay\u0259tkarl\u0131\u011fa Qar\u015f\u0131 M\u00fcbariz\u0259 \u0130dar\u0259sinin \u0259m\u0259kda\u015flar\u0131 tutub. <\/p>\n\n\n\n<p>N\u0259rimanov Rayon M\u0259hk\u0259m\u0259sinin q\u0259rar\u0131 il\u0259 haqq\u0131nda h\u0259bs q\u0259rar\u0131 \u00e7\u0131xar\u0131l\u0131b. <\/p>\n\n\n\n<p>Qafar D\u0259mir\u00e7i il\u0259 yana\u015f\u0131, \u201cMonte Ferro\u201d \u015firk\u0259tinin bir ne\u00e7\u0259 \u0259m\u0259kda\u015f\u0131n\u0131n da cinay\u0259t m\u0259suliyy\u0259tin\u0259 c\u0259lb olundu\u011fu bildirilir. <\/p>\n\n\n\n<p>\u00c7oxsayl\u0131 biznes m\u0259rk\u0259zl\u0259rinin \u2013 plazalar\u0131n daxil oldu\u011fu \u201cAQA \u015eirk\u0259tl\u0259r Qrupu\u201dnun r\u0259hb\u0259ri is\u0259 Qafar D\u0259mir\u00e7inin atas\u0131 Ayd\u0131n D\u0259mir\u00e7idir.<\/p>\n","protected":false},"excerpt":{"rendered":"<p>Qafar D\u0259mir\u00e7i d\u00f6vl\u0259t\u0259 8 milyona yax\u0131n z\u0259r\u0259r vurmaqda g\u00fcnahland\u0131r\u0131l\u0131r \u201cDemirchi &#8230; <\/p>\n<p class=\"read-more-container\"><a title=\"\u201cCaspian Plaza\u201dn\u0131n direktoru h\u0259bs olunub\" class=\"read-more button\" href=\"https:\/\/www.meydan.tv\/az\/article\/caspian-plazanin-direktoru-hebs-olunub\/#more-322628\" aria-label=\"Read more about \u201cCaspian Plaza\u201dn\u0131n direktoru h\u0259bs olunub\">Davam\u0131<\/a><\/p>\n","protected":false},"author":21,"featured_media":322636,"comment_status":"closed","ping_status":"closed","sticky":false,"template":"","format":"standard","meta":{"_acf_changed":false,"_sitemap_exclude":false,"_sitemap_priority":"","_sitemap_frequency":"","footnotes":""},"categories":[62,56],"tags":[],"class_list":["post-322628","post","type-post","status-publish","format-standard","has-post-thumbnail","hentry","category-sosial","category-xeberler","infinite-scroll-item","generate-columns","tablet-grid-50","mobile-grid-100","grid-parent","grid-33","no-featured-image-padding"],"acf":[],"yoast_head":"<!-- This site is optimized with the Yoast SEO plugin v27.4 - https:\/\/yoast.com\/product\/yoast-seo-wordpress\/ -->\n<title>\u201cCaspian Plaza\u201dn\u0131n direktoru h\u0259bs olunub - MEYDAN.TV<\/title>\n<meta name=\"robots\" content=\"index, follow, max-snippet:-1, max-image-preview:large, max-video-preview:-1\" \/>\n<link rel=\"canonical\" href=\"https:\/\/www.meydan.tv\/az\/article\/caspian-plazanin-direktoru-hebs-olunub\/\" \/>\n<meta property=\"og:locale\" content=\"az_AZ\" \/>\n<meta property=\"og:type\" content=\"article\" \/>\n<meta property=\"og:title\" content=\"\u201cCaspian Plaza\u201dn\u0131n direktoru h\u0259bs olunub - MEYDAN.TV\" \/>\n<meta property=\"og:description\" content=\"Qafar D\u0259mir\u00e7i d\u00f6vl\u0259t\u0259 8 milyona yax\u0131n z\u0259r\u0259r vurmaqda g\u00fcnahland\u0131r\u0131l\u0131r \u201cDemirchi ... Davam\u0131\" \/>\n<meta property=\"og:url\" content=\"https:\/\/www.meydan.tv\/az\/article\/caspian-plazanin-direktoru-hebs-olunub\/\" \/>\n<meta property=\"og:site_name\" content=\"MEYDAN.TV\" \/>\n<meta property=\"article:published_time\" content=\"2024-12-11T17:52:42+00:00\" \/>\n<meta property=\"article:modified_time\" content=\"2024-12-11T17:52:45+00:00\" \/>\n<meta property=\"og:image\" content=\"https:\/\/www.meydan.tv\/wp-content\/uploads\/maxresdefault-27.jpg\" \/>\n\t<meta property=\"og:image:width\" content=\"1280\" \/>\n\t<meta property=\"og:image:height\" content=\"720\" \/>\n\t<meta property=\"og:image:type\" content=\"image\/jpeg\" \/>\n<meta name=\"author\" content=\"mahmud\" \/>\n<meta name=\"twitter:card\" content=\"summary_large_image\" \/>\n<script type=\"application\/ld+json\" class=\"yoast-schema-graph\">{\"@context\":\"https:\\\/\\\/schema.org\",\"@graph\":[{\"@type\":\"Article\",\"@id\":\"https:\\\/\\\/www.meydan.tv\\\/az\\\/article\\\/caspian-plazanin-direktoru-hebs-olunub\\\/#article\",\"isPartOf\":{\"@id\":\"https:\\\/\\\/www.meydan.tv\\\/az\\\/article\\\/caspian-plazanin-direktoru-hebs-olunub\\\/\"},\"author\":{\"name\":\"mahmud\",\"@id\":\"https:\\\/\\\/www.meydan.tv\\\/az\\\/#\\\/schema\\\/person\\\/09863e516102a829e72bedcf3f84c6b0\"},\"headline\":\"\u201cCaspian Plaza\u201dn\u0131n direktoru h\u0259bs olunub\",\"datePublished\":\"2024-12-11T17:52:42+00:00\",\"dateModified\":\"2024-12-11T17:52:45+00:00\",\"mainEntityOfPage\":{\"@id\":\"https:\\\/\\\/www.meydan.tv\\\/az\\\/article\\\/caspian-plazanin-direktoru-hebs-olunub\\\/\"},\"wordCount\":227,\"publisher\":{\"@id\":\"https:\\\/\\\/www.meydan.tv\\\/az\\\/#organization\"},\"image\":{\"@id\":\"https:\\\/\\\/www.meydan.tv\\\/az\\\/article\\\/caspian-plazanin-direktoru-hebs-olunub\\\/#primaryimage\"},\"thumbnailUrl\":\"https:\\\/\\\/www.meydan.tv\\\/wp-content\\\/uploads\\\/maxresdefault-27.jpg\",\"articleSection\":[\"Sosial\",\"X\u0259b\u0259rl\u0259r\"],\"inLanguage\":\"az\"},{\"@type\":\"WebPage\",\"@id\":\"https:\\\/\\\/www.meydan.tv\\\/az\\\/article\\\/caspian-plazanin-direktoru-hebs-olunub\\\/\",\"url\":\"https:\\\/\\\/www.meydan.tv\\\/az\\\/article\\\/caspian-plazanin-direktoru-hebs-olunub\\\/\",\"name\":\"\u201cCaspian Plaza\u201dn\u0131n direktoru h\u0259bs olunub - MEYDAN.TV\",\"isPartOf\":{\"@id\":\"https:\\\/\\\/www.meydan.tv\\\/az\\\/#website\"},\"primaryImageOfPage\":{\"@id\":\"https:\\\/\\\/www.meydan.tv\\\/az\\\/article\\\/caspian-plazanin-direktoru-hebs-olunub\\\/#primaryimage\"},\"image\":{\"@id\":\"https:\\\/\\\/www.meydan.tv\\\/az\\\/article\\\/caspian-plazanin-direktoru-hebs-olunub\\\/#primaryimage\"},\"thumbnailUrl\":\"https:\\\/\\\/www.meydan.tv\\\/wp-content\\\/uploads\\\/maxresdefault-27.jpg\",\"datePublished\":\"2024-12-11T17:52:42+00:00\",\"dateModified\":\"2024-12-11T17:52:45+00:00\",\"breadcrumb\":{\"@id\":\"https:\\\/\\\/www.meydan.tv\\\/az\\\/article\\\/caspian-plazanin-direktoru-hebs-olunub\\\/#breadcrumb\"},\"inLanguage\":\"az\",\"potentialAction\":[{\"@type\":\"ReadAction\",\"target\":[\"https:\\\/\\\/www.meydan.tv\\\/az\\\/article\\\/caspian-plazanin-direktoru-hebs-olunub\\\/\"]}]},{\"@type\":\"ImageObject\",\"inLanguage\":\"az\",\"@id\":\"https:\\\/\\\/www.meydan.tv\\\/az\\\/article\\\/caspian-plazanin-direktoru-hebs-olunub\\\/#primaryimage\",\"url\":\"https:\\\/\\\/www.meydan.tv\\\/wp-content\\\/uploads\\\/maxresdefault-27.jpg\",\"contentUrl\":\"https:\\\/\\\/www.meydan.tv\\\/wp-content\\\/uploads\\\/maxresdefault-27.jpg\",\"width\":1280,\"height\":720,\"caption\":\"Foto: Youtube-dan screenshot\"},{\"@type\":\"BreadcrumbList\",\"@id\":\"https:\\\/\\\/www.meydan.tv\\\/az\\\/article\\\/caspian-plazanin-direktoru-hebs-olunub\\\/#breadcrumb\",\"itemListElement\":[{\"@type\":\"ListItem\",\"position\":1,\"name\":\"Ana s\u0259hif\u0259\",\"item\":\"https:\\\/\\\/www.meydan.tv\\\/az\\\/\"},{\"@type\":\"ListItem\",\"position\":2,\"name\":\"Sosial\",\"item\":\"https:\\\/\\\/www.meydan.tv\\\/az\\\/section\\\/sosial\\\/\"},{\"@type\":\"ListItem\",\"position\":3,\"name\":\"\u201cCaspian Plaza\u201dn\u0131n direktoru h\u0259bs olunub\"}]},{\"@type\":\"WebSite\",\"@id\":\"https:\\\/\\\/www.meydan.tv\\\/az\\\/#website\",\"url\":\"https:\\\/\\\/www.meydan.tv\\\/az\\\/\",\"name\":\"MEYDAN.TV\",\"description\":\"Meydan TV Az\u0259rbaycan\u0131n media m\u0259kan\u0131ndak\u0131 alternativ s\u0259sidir\",\"publisher\":{\"@id\":\"https:\\\/\\\/www.meydan.tv\\\/az\\\/#organization\"},\"potentialAction\":[{\"@type\":\"SearchAction\",\"target\":{\"@type\":\"EntryPoint\",\"urlTemplate\":\"https:\\\/\\\/www.meydan.tv\\\/az\\\/?s={search_term_string}\"},\"query-input\":{\"@type\":\"PropertyValueSpecification\",\"valueRequired\":true,\"valueName\":\"search_term_string\"}}],\"inLanguage\":\"az\"},{\"@type\":\"Organization\",\"@id\":\"https:\\\/\\\/www.meydan.tv\\\/az\\\/#organization\",\"name\":\"Meydan TV\",\"url\":\"https:\\\/\\\/www.meydan.tv\\\/az\\\/\",\"logo\":{\"@type\":\"ImageObject\",\"inLanguage\":\"az\",\"@id\":\"https:\\\/\\\/www.meydan.tv\\\/az\\\/#\\\/schema\\\/logo\\\/image\\\/\",\"url\":\"https:\\\/\\\/www.meydan.tv\\\/wp-content\\\/uploads\\\/2021\\\/07\\\/meydan-logo.svg\",\"contentUrl\":\"https:\\\/\\\/www.meydan.tv\\\/wp-content\\\/uploads\\\/2021\\\/07\\\/meydan-logo.svg\",\"width\":195,\"height\":46,\"caption\":\"Meydan TV\"},\"image\":{\"@id\":\"https:\\\/\\\/www.meydan.tv\\\/az\\\/#\\\/schema\\\/logo\\\/image\\\/\"}},{\"@type\":\"Person\",\"@id\":\"https:\\\/\\\/www.meydan.tv\\\/az\\\/#\\\/schema\\\/person\\\/09863e516102a829e72bedcf3f84c6b0\",\"name\":\"mahmud\"}]}<\/script>\n<!-- \/ Yoast SEO plugin. -->","yoast_head_json":{"title":"\u201cCaspian Plaza\u201dn\u0131n direktoru h\u0259bs olunub - MEYDAN.TV","robots":{"index":"index","follow":"follow","max-snippet":"max-snippet:-1","max-image-preview":"max-image-preview:large","max-video-preview":"max-video-preview:-1"},"canonical":"https:\/\/www.meydan.tv\/az\/article\/caspian-plazanin-direktoru-hebs-olunub\/","og_locale":"az_AZ","og_type":"article","og_title":"\u201cCaspian Plaza\u201dn\u0131n direktoru h\u0259bs olunub - MEYDAN.TV","og_description":"Qafar D\u0259mir\u00e7i d\u00f6vl\u0259t\u0259 8 milyona yax\u0131n z\u0259r\u0259r vurmaqda g\u00fcnahland\u0131r\u0131l\u0131r \u201cDemirchi ... Davam\u0131","og_url":"https:\/\/www.meydan.tv\/az\/article\/caspian-plazanin-direktoru-hebs-olunub\/","og_site_name":"MEYDAN.TV","article_published_time":"2024-12-11T17:52:42+00:00","article_modified_time":"2024-12-11T17:52:45+00:00","og_image":[{"width":1280,"height":720,"url":"https:\/\/www.meydan.tv\/wp-content\/uploads\/maxresdefault-27.jpg","type":"image\/jpeg"}],"author":"mahmud","twitter_card":"summary_large_image","schema":{"@context":"https:\/\/schema.org","@graph":[{"@type":"Article","@id":"https:\/\/www.meydan.tv\/az\/article\/caspian-plazanin-direktoru-hebs-olunub\/#article","isPartOf":{"@id":"https:\/\/www.meydan.tv\/az\/article\/caspian-plazanin-direktoru-hebs-olunub\/"},"author":{"name":"mahmud","@id":"https:\/\/www.meydan.tv\/az\/#\/schema\/person\/09863e516102a829e72bedcf3f84c6b0"},"headline":"\u201cCaspian Plaza\u201dn\u0131n direktoru h\u0259bs olunub","datePublished":"2024-12-11T17:52:42+00:00","dateModified":"2024-12-11T17:52:45+00:00","mainEntityOfPage":{"@id":"https:\/\/www.meydan.tv\/az\/article\/caspian-plazanin-direktoru-hebs-olunub\/"},"wordCount":227,"publisher":{"@id":"https:\/\/www.meydan.tv\/az\/#organization"},"image":{"@id":"https:\/\/www.meydan.tv\/az\/article\/caspian-plazanin-direktoru-hebs-olunub\/#primaryimage"},"thumbnailUrl":"https:\/\/www.meydan.tv\/wp-content\/uploads\/maxresdefault-27.jpg","articleSection":["Sosial","X\u0259b\u0259rl\u0259r"],"inLanguage":"az"},{"@type":"WebPage","@id":"https:\/\/www.meydan.tv\/az\/article\/caspian-plazanin-direktoru-hebs-olunub\/","url":"https:\/\/www.meydan.tv\/az\/article\/caspian-plazanin-direktoru-hebs-olunub\/","name":"\u201cCaspian Plaza\u201dn\u0131n direktoru h\u0259bs olunub - MEYDAN.TV","isPartOf":{"@id":"https:\/\/www.meydan.tv\/az\/#website"},"primaryImageOfPage":{"@id":"https:\/\/www.meydan.tv\/az\/article\/caspian-plazanin-direktoru-hebs-olunub\/#primaryimage"},"image":{"@id":"https:\/\/www.meydan.tv\/az\/article\/caspian-plazanin-direktoru-hebs-olunub\/#primaryimage"},"thumbnailUrl":"https:\/\/www.meydan.tv\/wp-content\/uploads\/maxresdefault-27.jpg","datePublished":"2024-12-11T17:52:42+00:00","dateModified":"2024-12-11T17:52:45+00:00","breadcrumb":{"@id":"https:\/\/www.meydan.tv\/az\/article\/caspian-plazanin-direktoru-hebs-olunub\/#breadcrumb"},"inLanguage":"az","potentialAction":[{"@type":"ReadAction","target":["https:\/\/www.meydan.tv\/az\/article\/caspian-plazanin-direktoru-hebs-olunub\/"]}]},{"@type":"ImageObject","inLanguage":"az","@id":"https:\/\/www.meydan.tv\/az\/article\/caspian-plazanin-direktoru-hebs-olunub\/#primaryimage","url":"https:\/\/www.meydan.tv\/wp-content\/uploads\/maxresdefault-27.jpg","contentUrl":"https:\/\/www.meydan.tv\/wp-content\/uploads\/maxresdefault-27.jpg","width":1280,"height":720,"caption":"Foto: Youtube-dan screenshot"},{"@type":"BreadcrumbList","@id":"https:\/\/www.meydan.tv\/az\/article\/caspian-plazanin-direktoru-hebs-olunub\/#breadcrumb","itemListElement":[{"@type":"ListItem","position":1,"name":"Ana s\u0259hif\u0259","item":"https:\/\/www.meydan.tv\/az\/"},{"@type":"ListItem","position":2,"name":"Sosial","item":"https:\/\/www.meydan.tv\/az\/section\/sosial\/"},{"@type":"ListItem","position":3,"name":"\u201cCaspian Plaza\u201dn\u0131n direktoru h\u0259bs olunub"}]},{"@type":"WebSite","@id":"https:\/\/www.meydan.tv\/az\/#website","url":"https:\/\/www.meydan.tv\/az\/","name":"MEYDAN.TV","description":"Meydan TV Az\u0259rbaycan\u0131n media m\u0259kan\u0131ndak\u0131 alternativ s\u0259sidir","publisher":{"@id":"https:\/\/www.meydan.tv\/az\/#organization"},"potentialAction":[{"@type":"SearchAction","target":{"@type":"EntryPoint","urlTemplate":"https:\/\/www.meydan.tv\/az\/?s={search_term_string}"},"query-input":{"@type":"PropertyValueSpecification","valueRequired":true,"valueName":"search_term_string"}}],"inLanguage":"az"},{"@type":"Organization","@id":"https:\/\/www.meydan.tv\/az\/#organization","name":"Meydan TV","url":"https:\/\/www.meydan.tv\/az\/","logo":{"@type":"ImageObject","inLanguage":"az","@id":"https:\/\/www.meydan.tv\/az\/#\/schema\/logo\/image\/","url":"https:\/\/www.meydan.tv\/wp-content\/uploads\/2021\/07\/meydan-logo.svg","contentUrl":"https:\/\/www.meydan.tv\/wp-content\/uploads\/2021\/07\/meydan-logo.svg","width":195,"height":46,"caption":"Meydan TV"},"image":{"@id":"https:\/\/www.meydan.tv\/az\/#\/schema\/logo\/image\/"}},{"@type":"Person","@id":"https:\/\/www.meydan.tv\/az\/#\/schema\/person\/09863e516102a829e72bedcf3f84c6b0","name":"mahmud"}]}},"_links":{"self":[{"href":"https:\/\/www.meydan.tv\/az\/wp-json\/wp\/v2\/posts\/322628","targetHints":{"allow":["GET"]}}],"collection":[{"href":"https:\/\/www.meydan.tv\/az\/wp-json\/wp\/v2\/posts"}],"about":[{"href":"https:\/\/www.meydan.tv\/az\/wp-json\/wp\/v2\/types\/post"}],"author":[{"embeddable":true,"href":"https:\/\/www.meydan.tv\/az\/wp-json\/wp\/v2\/users\/21"}],"replies":[{"embeddable":true,"href":"https:\/\/www.meydan.tv\/az\/wp-json\/wp\/v2\/comments?post=322628"}],"version-history":[{"count":1,"href":"https:\/\/www.meydan.tv\/az\/wp-json\/wp\/v2\/posts\/322628\/revisions"}],"predecessor-version":[{"id":322632,"href":"https:\/\/www.meydan.tv\/az\/wp-json\/wp\/v2\/posts\/322628\/revisions\/322632"}],"wp:featuredmedia":[{"embeddable":true,"href":"https:\/\/www.meydan.tv\/az\/wp-json\/wp\/v2\/media\/322636"}],"wp:attachment":[{"href":"https:\/\/www.meydan.tv\/az\/wp-json\/wp\/v2\/media?parent=322628"}],"wp:term":[{"taxonomy":"category","embeddable":true,"href":"https:\/\/www.meydan.tv\/az\/wp-json\/wp\/v2\/categories?post=322628"},{"taxonomy":"post_tag","embeddable":true,"href":"https:\/\/www.meydan.tv\/az\/wp-json\/wp\/v2\/tags?post=322628"}],"curies":[{"name":"wp","href":"https:\/\/api.w.org\/{rel}","templated":true}]}}