{"id":322499,"date":"2024-12-10T15:14:27","date_gmt":"2024-12-10T11:14:27","guid":{"rendered":"https:\/\/www.meydan.tv\/?p=322499"},"modified":"2024-12-10T15:14:31","modified_gmt":"2024-12-10T11:14:31","slug":"sevinc-vaqifqizi-antikorrupsiya-cempionu-oldu","status":"publish","type":"post","link":"https:\/\/www.meydan.tv\/az\/article\/sevinc-vaqifqizi-antikorrupsiya-cempionu-oldu\/","title":{"rendered":"Sevinc Vaqifq\u0131z\u0131 antikorrupsiya \u00e7empionu oldu"},"content":{"rendered":"\n<p><\/p>\n\n\n\n<p><strong><em>Entoni Blinken: \u201cO, h\u0259bs olunaca\u011f\u0131n\u0131 bil\u0259-bil\u0259 \u00f6lk\u0259y\u0259 qay\u0131td\u0131\u201d <\/em><\/strong><\/p>\n\n\n\n<p>AB\u015e D\u00f6vl\u0259t Departamenti korrupsiya ara\u015fd\u0131rmalar\u0131 il\u0259 tan\u0131nan \u201cAbzasMedia\u201dn\u0131n ba\u015f redaktoru, haz\u0131rda h\u0259bsd\u0259 olan Sevinc Vaqifq\u0131z\u0131n\u0131 \u201cKorrupsiyaya qar\u015f\u0131 m\u00fcbariz\u0259 \u00e7empionlar\u0131\u201d m\u00fckafat\u0131na layiq g\u00f6r\u00fcb. AB\u015e d\u00f6vl\u0259t katibi Entoni Blinken \u00e7\u0131x\u0131\u015f\u0131 zaman\u0131 deyib ki, Sevinc Vaqifq\u0131z\u0131 on ild\u0259n \u00e7ox vaxt\u0131n\u0131 Az\u0259rbaycan hakimiyy\u0259tin sui-istifad\u0259l\u0259rini if\u015fa etm\u0259y\u0259 <a href=\"https:\/\/www.state.gov\/secretary-antony-j-blinken-at-the-anti-corruption-champions-award-ceremony-3\/\">h\u0259sr edib<\/a>: <\/p>\n\n\n\n<p><em>\u201cO h\u0259m d\u0259 bu g\u00fcn biziml\u0259 burada olmayan yegan\u0259 m\u00fckafat\u00e7\u0131d\u0131r. 2023-c\u00fc ilin noyabr\u0131nda Az\u0259rbaycan\u0131n m\u00fcst\u0259qil medias\u0131na qar\u015f\u0131 t\u0259zyiql\u0259r fonunda Sevinc xaricd\u0259n v\u0259t\u0259nin\u0259 u\u00e7ub. G\u0259l\u0259nd\u0259 h\u0259bs oluna bil\u0259c\u0259yini bil\u0259-bil\u0259 geri qay\u0131d\u0131b. Sevinc bir ild\u0259n \u00e7oxdur ki, h\u0259bsd\u0259 qal\u0131r\u201d<\/em>.<\/p>\n\n\n\n<p><em>\u201cSevinc h\u0259bsind\u0259n \u00f6nc\u0259 yaz\u0131rd\u0131: \u201cDaha qorxu hiss etmir\u0259m. Onlar\u0131n n\u0259y\u0259 qadir oldu\u011funu bilir\u0259m&#8230; Bu, m\u0259ni dayand\u0131rm\u0131r. Adamlara faydal\u0131 olmaq daha vacibdir&#8230; xalq\u0131n biz\u0259 ehtiyac\u0131 var\u201d<\/em>, \u2013 d\u00f6vl\u0259t katibi h\u0259bsd\u0259 olan jurnalistd\u0259n sitat g\u0259tirib. <\/p>\n\n\n\n<p>Entoni Blinken 10 korrupsiyaya qar\u015f\u0131 m\u00fcbariz\u0259 \u00e7empionuna c\u0259sar\u0259tl\u0259rin\u0259 g\u00f6r\u0259 t\u0259\u015f\u0259kk\u00fcr edib. <\/p>\n\n\n\n<p>Bu m\u00fcbariz\u0259d\u0259 onlar\u0131n t\u0259r\u0259fda\u015f\u0131 olmaqdan q\u00fcruru duydu\u011funu deyib. D\u00f6vl\u0259t Departamenti 2021-ci ild\u0259 korrupsiyaya qar\u015f\u0131 m\u00fcbariz\u0259d\u0259 b\u00f6y\u00fck add\u0131mlar atan insanlar\u0131 g\u00f6st\u0259rm\u0259k v\u0259 AB\u015e-nin onlarla h\u0259mr\u0259y oldu\u011funu n\u00fcmayi\u015f etdirm\u0259k \u00fc\u00e7\u00fcn \u201cKorrupsiyaya qar\u015f\u0131 m\u00fcbariz\u0259 \u00e7empionlar\u0131\u201d m\u00fckafat\u0131n\u0131 t\u0259sis edib. <\/p>\n\n\n\n<p>Bu ilin laureatlar\u0131 aras\u0131nda jurnalistl\u0259r, h\u00fcquq m\u00fcdafi\u0259\u00e7il\u0259ri, hakiml\u0259r v\u0259 h\u0259tta ciddi institusional d\u0259yi\u015fiklikl\u0259r\u0259 \u015f\u0259rait yaradan d\u00f6vl\u0259t m\u0259murlar\u0131 var. Dig\u0259r laureatlar Kolumbiyadan Xorxe Mora Kortes, Nepaldan Matrika Daxal, Albaniyadan Altin Dumani, Erm\u0259nistandan Srbuxi Qalyan, Livandan Karl \u0130rani, Qambiyadan Marr Nyanq, Panamadan Xavyer Enrike Karaballo Salazar, Qazax\u0131standan Didar Smaqulov v\u0259 Uqandadan Cimmi Spayr Ssentonqodur. <\/p>\n\n\n\n<p><em>\u201cOnlar\u0131n h\u0259r biri h\u0259mv\u0259t\u0259nl\u0259ri v\u0259 b\u00fct\u00fcn d\u00fcnya v\u0259t\u0259nda\u015flar\u0131 \u00fc\u00e7\u00fcn faydal\u0131 olmaq \u00fc\u00e7\u00fcn \u00e7\u0259tin se\u00e7im edib. Biz onlar\u0131n s\u0259yl\u0259ri v\u0259 sizin sizl\u0259rin s\u0259yl\u0259ri say\u0259sind\u0259 daha yax\u015f\u0131 olduq\u201d<\/em>, &#8211; Entoni Blinken qeyd edib.<\/p>\n\n\n\n<p><strong> \u201cAbzasMedia\u201d i\u015fi\u2026 <\/strong><\/p>\n\n\n\n<p>Az\u0259rbaycanda d\u00f6vl\u0259t r\u0259hb\u0259rliyi \u0259traf\u0131nda korrupsiya ara\u015fd\u0131rmalar\u0131 ed\u0259n \u201cAbzasMedia\u201dn\u0131n 6 \u0259m\u0259kda\u015f\u0131 \u2013 ba\u015f direktor \u00dclvi H\u0259s\u0259nli, m\u00fcavini M\u0259h\u0259mm\u0259d Kekalov, ba\u015f redaktor Sevinc Vaqifq\u0131z\u0131, reportyorlar N\u0259rgiz Absalamova v\u0259 Elnar\u0259 Qas\u0131mova, ara\u015fd\u0131rma\u00e7\u0131 jurnalist Hafiz Babal\u0131 h\u0259bs edilib. <\/p>\n\n\n\n<p>2023-c\u00fc ilin noyabr\u0131ndan etibar\u0259n s\u0131ra il\u0259 h\u0259bs olunma\u011fa ba\u015flayan jurnalistl\u0259r\u0259 qar\u015f\u0131 qa\u00e7aqmal\u00e7\u0131l\u0131q ittiham\u0131 ir\u0259li s\u00fcr\u00fcl\u00fcb. <\/p>\n\n\n\n<p>2024-c\u00fc il may\u0131n 31-d\u0259 is\u0259 \u201cAzadl\u0131q\u201d radiosunun jurnalisti, iqtisad\u00e7\u0131 F\u0259rid Mehral\u0131zad\u0259 saxlan\u0131l\u0131b, evind\u0259 axtar\u0131\u015f apar\u0131l\u0131b. \u0130yunun 1-d\u0259 ona qar\u015f\u0131 \u201cAbzasMedia i\u015fi\u201d \u00fczr\u0259 Cinay\u0259t M\u0259c\u0259ll\u0259sinin 206.3.2-ci (qa\u00e7aqmal\u00e7\u0131l\u0131q, \u0259vv\u0259lc\u0259d\u0259n \u0259lbir olan bir qrup \u015f\u0259xs t\u0259r\u0259find\u0259n t\u00f6r\u0259dildikd\u0259) madd\u0259si il\u0259 ittiham ir\u0259li s\u00fcr\u00fcl\u00fcb. X\u0259tai Rayon M\u0259hk\u0259m\u0259sinin q\u0259rar\u0131 il\u0259 onun bar\u0259sind\u0259 h\u0259bs q\u0259timkan t\u0259dbiri se\u00e7ilib. El\u0259 h\u0259min g\u00fcn \u201cAbzasMedia\u201d b\u0259yanat yayaraq F\u0259rid Mehral\u0131zad\u0259nin bu media qurumu il\u0259 he\u00e7 bir \u0259m\u0259kda\u015fl\u0131\u011f\u0131n\u0131n v\u0259 \u0259laq\u0259sinin olmad\u0131\u011f\u0131n\u0131 bildirib.<\/p>\n\n\n\n<p>Daha sonra bu i\u015f \u00fczr\u0259 h\u0259bs edil\u0259nl\u0259rin h\u0259r birin\u0259 qar\u015f\u0131 maliyy\u0259 m\u0259s\u0259l\u0259l\u0259ril\u0259 ba\u011fl\u0131 \u0259lav\u0259 7 a\u011f\u0131r madd\u0259 \u00fczr\u0259 ittiham ir\u0259li s\u00fcr\u00fcl\u00fcb. \u00dcmumilikd\u0259 \u00f6t\u0259n ilin noyabr\u0131ndan ba\u015flayaraq Az\u0259rbaycanda qruplar hal\u0131nda 20-y\u0259 yax\u0131n jurnalist, ictimai f\u0259al qa\u00e7aqmal\u00e7\u0131l\u0131q ittiham\u0131 il\u0259 h\u0259bs edilib. <\/p>\n\n\n\n<p>Onlar\u0131n he\u00e7 biri ittihamla raz\u0131la\u015fm\u0131r, bunu pe\u015f\u0259 f\u0259aliyy\u0259tl\u0259ri v\u0259 siyasi sifari\u015f il\u0259 izah edirl\u0259r. <\/p>\n\n\n\n<p>Yerli h\u00fcquq-m\u00fcdafi\u0259 t\u0259\u015fkilatlar\u0131n\u0131n haz\u0131rlad\u0131qlar\u0131 siyah\u0131lara g\u00f6r\u0259, haz\u0131rda Az\u0259rbaycan h\u0259bsxanalar\u0131nda t\u0259qrib\u0259n 300 siyasi m\u0259hbus var. R\u0259smil\u0259r is\u0259, bir qayda olaraq, vur\u011fulay\u0131rlar ki, \u00f6lk\u0259d\u0259 he\u00e7 kim s\u0131rf pe\u015f\u0259 f\u0259aliyy\u0259ti il\u0259 ba\u011fl\u0131, siyasi \u0259saslar il\u0259 h\u0259bs edilmir. <\/p>\n\n\n\n<p>Yerli v\u0259 beyn\u0259lxalq h\u00fcquq m\u00fcdafi\u0259 t\u0259\u015fkilatlar\u0131 bu t\u0259qibl\u0259ri siyasi motivli hesab edir v\u0259 h\u0259bs olunanlar\u0131n azad edilm\u0259sin\u0259, onlara qar\u015f\u0131 ittihamlar\u0131n geri g\u00f6t\u00fcr\u00fclm\u0259sin\u0259 \u00e7a\u011f\u0131r\u0131rlar.<\/p>\n","protected":false},"excerpt":{"rendered":"<p>Entoni Blinken: \u201cO, h\u0259bs olunaca\u011f\u0131n\u0131 bil\u0259-bil\u0259 \u00f6lk\u0259y\u0259 qay\u0131td\u0131\u201d AB\u015e D\u00f6vl\u0259t &#8230; <\/p>\n<p class=\"read-more-container\"><a title=\"Sevinc Vaqifq\u0131z\u0131 antikorrupsiya \u00e7empionu oldu\" class=\"read-more button\" href=\"https:\/\/www.meydan.tv\/az\/article\/sevinc-vaqifqizi-antikorrupsiya-cempionu-oldu\/#more-322499\" aria-label=\"Read more about Sevinc Vaqifq\u0131z\u0131 antikorrupsiya \u00e7empionu oldu\">Davam\u0131<\/a><\/p>\n","protected":false},"author":21,"featured_media":291524,"comment_status":"closed","ping_status":"closed","sticky":false,"template":"","format":"standard","meta":{"_acf_changed":false,"_sitemap_exclude":false,"_sitemap_priority":"","_sitemap_frequency":"","footnotes":""},"categories":[59,79,56],"tags":[],"class_list":["post-322499","post","type-post","status-publish","format-standard","has-post-thumbnail","hentry","category-siyaset","category-featured","category-xeberler","infinite-scroll-item","generate-columns","tablet-grid-50","mobile-grid-100","grid-parent","grid-33","no-featured-image-padding"],"acf":[],"yoast_head":"<!-- This site is optimized with the Yoast SEO plugin v27.4 - https:\/\/yoast.com\/product\/yoast-seo-wordpress\/ -->\n<title>Sevinc Vaqifq\u0131z\u0131 antikorrupsiya \u00e7empionu oldu - MEYDAN.TV<\/title>\n<meta name=\"robots\" content=\"index, follow, max-snippet:-1, max-image-preview:large, max-video-preview:-1\" \/>\n<link rel=\"canonical\" href=\"https:\/\/www.meydan.tv\/az\/article\/sevinc-vaqifqizi-antikorrupsiya-cempionu-oldu\/\" \/>\n<meta property=\"og:locale\" content=\"az_AZ\" \/>\n<meta property=\"og:type\" content=\"article\" \/>\n<meta property=\"og:title\" content=\"Sevinc Vaqifq\u0131z\u0131 antikorrupsiya \u00e7empionu oldu - MEYDAN.TV\" \/>\n<meta property=\"og:description\" content=\"Entoni Blinken: \u201cO, h\u0259bs olunaca\u011f\u0131n\u0131 bil\u0259-bil\u0259 \u00f6lk\u0259y\u0259 qay\u0131td\u0131\u201d AB\u015e D\u00f6vl\u0259t ... Davam\u0131\" \/>\n<meta property=\"og:url\" content=\"https:\/\/www.meydan.tv\/az\/article\/sevinc-vaqifqizi-antikorrupsiya-cempionu-oldu\/\" \/>\n<meta property=\"og:site_name\" content=\"MEYDAN.TV\" \/>\n<meta property=\"article:published_time\" content=\"2024-12-10T11:14:27+00:00\" \/>\n<meta property=\"article:modified_time\" content=\"2024-12-10T11:14:31+00:00\" \/>\n<meta property=\"og:image\" content=\"https:\/\/www.meydan.tv\/wp-content\/uploads\/img_0633-scaled-e1703104450403.jpg\" \/>\n\t<meta property=\"og:image:width\" content=\"2560\" \/>\n\t<meta property=\"og:image:height\" content=\"1582\" \/>\n\t<meta property=\"og:image:type\" content=\"image\/jpeg\" \/>\n<meta name=\"author\" content=\"mahmud\" \/>\n<meta name=\"twitter:card\" content=\"summary_large_image\" \/>\n<script type=\"application\/ld+json\" class=\"yoast-schema-graph\">{\"@context\":\"https:\\\/\\\/schema.org\",\"@graph\":[{\"@type\":\"Article\",\"@id\":\"https:\\\/\\\/www.meydan.tv\\\/az\\\/article\\\/sevinc-vaqifqizi-antikorrupsiya-cempionu-oldu\\\/#article\",\"isPartOf\":{\"@id\":\"https:\\\/\\\/www.meydan.tv\\\/az\\\/article\\\/sevinc-vaqifqizi-antikorrupsiya-cempionu-oldu\\\/\"},\"author\":{\"name\":\"mahmud\",\"@id\":\"https:\\\/\\\/www.meydan.tv\\\/az\\\/#\\\/schema\\\/person\\\/09863e516102a829e72bedcf3f84c6b0\"},\"headline\":\"Sevinc Vaqifq\u0131z\u0131 antikorrupsiya \u00e7empionu oldu\",\"datePublished\":\"2024-12-10T11:14:27+00:00\",\"dateModified\":\"2024-12-10T11:14:31+00:00\",\"mainEntityOfPage\":{\"@id\":\"https:\\\/\\\/www.meydan.tv\\\/az\\\/article\\\/sevinc-vaqifqizi-antikorrupsiya-cempionu-oldu\\\/\"},\"wordCount\":795,\"publisher\":{\"@id\":\"https:\\\/\\\/www.meydan.tv\\\/az\\\/#organization\"},\"image\":{\"@id\":\"https:\\\/\\\/www.meydan.tv\\\/az\\\/article\\\/sevinc-vaqifqizi-antikorrupsiya-cempionu-oldu\\\/#primaryimage\"},\"thumbnailUrl\":\"https:\\\/\\\/www.meydan.tv\\\/wp-content\\\/uploads\\\/img_0633-scaled-e1703104450403.jpg\",\"articleSection\":[\"Siyas\u0259t\",\"T\u00f6vsiy\u0259\",\"X\u0259b\u0259rl\u0259r\"],\"inLanguage\":\"az\"},{\"@type\":\"WebPage\",\"@id\":\"https:\\\/\\\/www.meydan.tv\\\/az\\\/article\\\/sevinc-vaqifqizi-antikorrupsiya-cempionu-oldu\\\/\",\"url\":\"https:\\\/\\\/www.meydan.tv\\\/az\\\/article\\\/sevinc-vaqifqizi-antikorrupsiya-cempionu-oldu\\\/\",\"name\":\"Sevinc Vaqifq\u0131z\u0131 antikorrupsiya \u00e7empionu oldu - MEYDAN.TV\",\"isPartOf\":{\"@id\":\"https:\\\/\\\/www.meydan.tv\\\/az\\\/#website\"},\"primaryImageOfPage\":{\"@id\":\"https:\\\/\\\/www.meydan.tv\\\/az\\\/article\\\/sevinc-vaqifqizi-antikorrupsiya-cempionu-oldu\\\/#primaryimage\"},\"image\":{\"@id\":\"https:\\\/\\\/www.meydan.tv\\\/az\\\/article\\\/sevinc-vaqifqizi-antikorrupsiya-cempionu-oldu\\\/#primaryimage\"},\"thumbnailUrl\":\"https:\\\/\\\/www.meydan.tv\\\/wp-content\\\/uploads\\\/img_0633-scaled-e1703104450403.jpg\",\"datePublished\":\"2024-12-10T11:14:27+00:00\",\"dateModified\":\"2024-12-10T11:14:31+00:00\",\"breadcrumb\":{\"@id\":\"https:\\\/\\\/www.meydan.tv\\\/az\\\/article\\\/sevinc-vaqifqizi-antikorrupsiya-cempionu-oldu\\\/#breadcrumb\"},\"inLanguage\":\"az\",\"potentialAction\":[{\"@type\":\"ReadAction\",\"target\":[\"https:\\\/\\\/www.meydan.tv\\\/az\\\/article\\\/sevinc-vaqifqizi-antikorrupsiya-cempionu-oldu\\\/\"]}]},{\"@type\":\"ImageObject\",\"inLanguage\":\"az\",\"@id\":\"https:\\\/\\\/www.meydan.tv\\\/az\\\/article\\\/sevinc-vaqifqizi-antikorrupsiya-cempionu-oldu\\\/#primaryimage\",\"url\":\"https:\\\/\\\/www.meydan.tv\\\/wp-content\\\/uploads\\\/img_0633-scaled-e1703104450403.jpg\",\"contentUrl\":\"https:\\\/\\\/www.meydan.tv\\\/wp-content\\\/uploads\\\/img_0633-scaled-e1703104450403.jpg\",\"width\":2560,\"height\":1582,\"caption\":\"Sevinc Vaqifq\u0131z\u0131. Foto: Meydan TV\"},{\"@type\":\"BreadcrumbList\",\"@id\":\"https:\\\/\\\/www.meydan.tv\\\/az\\\/article\\\/sevinc-vaqifqizi-antikorrupsiya-cempionu-oldu\\\/#breadcrumb\",\"itemListElement\":[{\"@type\":\"ListItem\",\"position\":1,\"name\":\"Ana s\u0259hif\u0259\",\"item\":\"https:\\\/\\\/www.meydan.tv\\\/az\\\/\"},{\"@type\":\"ListItem\",\"position\":2,\"name\":\"Siyas\u0259t\",\"item\":\"https:\\\/\\\/www.meydan.tv\\\/az\\\/section\\\/siyaset\\\/\"},{\"@type\":\"ListItem\",\"position\":3,\"name\":\"Sevinc Vaqifq\u0131z\u0131 antikorrupsiya \u00e7empionu oldu\"}]},{\"@type\":\"WebSite\",\"@id\":\"https:\\\/\\\/www.meydan.tv\\\/az\\\/#website\",\"url\":\"https:\\\/\\\/www.meydan.tv\\\/az\\\/\",\"name\":\"MEYDAN.TV\",\"description\":\"Meydan TV Az\u0259rbaycan\u0131n media m\u0259kan\u0131ndak\u0131 alternativ s\u0259sidir\",\"publisher\":{\"@id\":\"https:\\\/\\\/www.meydan.tv\\\/az\\\/#organization\"},\"potentialAction\":[{\"@type\":\"SearchAction\",\"target\":{\"@type\":\"EntryPoint\",\"urlTemplate\":\"https:\\\/\\\/www.meydan.tv\\\/az\\\/?s={search_term_string}\"},\"query-input\":{\"@type\":\"PropertyValueSpecification\",\"valueRequired\":true,\"valueName\":\"search_term_string\"}}],\"inLanguage\":\"az\"},{\"@type\":\"Organization\",\"@id\":\"https:\\\/\\\/www.meydan.tv\\\/az\\\/#organization\",\"name\":\"Meydan TV\",\"url\":\"https:\\\/\\\/www.meydan.tv\\\/az\\\/\",\"logo\":{\"@type\":\"ImageObject\",\"inLanguage\":\"az\",\"@id\":\"https:\\\/\\\/www.meydan.tv\\\/az\\\/#\\\/schema\\\/logo\\\/image\\\/\",\"url\":\"https:\\\/\\\/www.meydan.tv\\\/wp-content\\\/uploads\\\/2021\\\/07\\\/meydan-logo.svg\",\"contentUrl\":\"https:\\\/\\\/www.meydan.tv\\\/wp-content\\\/uploads\\\/2021\\\/07\\\/meydan-logo.svg\",\"width\":195,\"height\":46,\"caption\":\"Meydan TV\"},\"image\":{\"@id\":\"https:\\\/\\\/www.meydan.tv\\\/az\\\/#\\\/schema\\\/logo\\\/image\\\/\"}},{\"@type\":\"Person\",\"@id\":\"https:\\\/\\\/www.meydan.tv\\\/az\\\/#\\\/schema\\\/person\\\/09863e516102a829e72bedcf3f84c6b0\",\"name\":\"mahmud\"}]}<\/script>\n<!-- \/ Yoast SEO plugin. -->","yoast_head_json":{"title":"Sevinc Vaqifq\u0131z\u0131 antikorrupsiya \u00e7empionu oldu - MEYDAN.TV","robots":{"index":"index","follow":"follow","max-snippet":"max-snippet:-1","max-image-preview":"max-image-preview:large","max-video-preview":"max-video-preview:-1"},"canonical":"https:\/\/www.meydan.tv\/az\/article\/sevinc-vaqifqizi-antikorrupsiya-cempionu-oldu\/","og_locale":"az_AZ","og_type":"article","og_title":"Sevinc Vaqifq\u0131z\u0131 antikorrupsiya \u00e7empionu oldu - MEYDAN.TV","og_description":"Entoni Blinken: \u201cO, h\u0259bs olunaca\u011f\u0131n\u0131 bil\u0259-bil\u0259 \u00f6lk\u0259y\u0259 qay\u0131td\u0131\u201d AB\u015e D\u00f6vl\u0259t ... Davam\u0131","og_url":"https:\/\/www.meydan.tv\/az\/article\/sevinc-vaqifqizi-antikorrupsiya-cempionu-oldu\/","og_site_name":"MEYDAN.TV","article_published_time":"2024-12-10T11:14:27+00:00","article_modified_time":"2024-12-10T11:14:31+00:00","og_image":[{"width":2560,"height":1582,"url":"https:\/\/www.meydan.tv\/wp-content\/uploads\/img_0633-scaled-e1703104450403.jpg","type":"image\/jpeg"}],"author":"mahmud","twitter_card":"summary_large_image","schema":{"@context":"https:\/\/schema.org","@graph":[{"@type":"Article","@id":"https:\/\/www.meydan.tv\/az\/article\/sevinc-vaqifqizi-antikorrupsiya-cempionu-oldu\/#article","isPartOf":{"@id":"https:\/\/www.meydan.tv\/az\/article\/sevinc-vaqifqizi-antikorrupsiya-cempionu-oldu\/"},"author":{"name":"mahmud","@id":"https:\/\/www.meydan.tv\/az\/#\/schema\/person\/09863e516102a829e72bedcf3f84c6b0"},"headline":"Sevinc Vaqifq\u0131z\u0131 antikorrupsiya \u00e7empionu oldu","datePublished":"2024-12-10T11:14:27+00:00","dateModified":"2024-12-10T11:14:31+00:00","mainEntityOfPage":{"@id":"https:\/\/www.meydan.tv\/az\/article\/sevinc-vaqifqizi-antikorrupsiya-cempionu-oldu\/"},"wordCount":795,"publisher":{"@id":"https:\/\/www.meydan.tv\/az\/#organization"},"image":{"@id":"https:\/\/www.meydan.tv\/az\/article\/sevinc-vaqifqizi-antikorrupsiya-cempionu-oldu\/#primaryimage"},"thumbnailUrl":"https:\/\/www.meydan.tv\/wp-content\/uploads\/img_0633-scaled-e1703104450403.jpg","articleSection":["Siyas\u0259t","T\u00f6vsiy\u0259","X\u0259b\u0259rl\u0259r"],"inLanguage":"az"},{"@type":"WebPage","@id":"https:\/\/www.meydan.tv\/az\/article\/sevinc-vaqifqizi-antikorrupsiya-cempionu-oldu\/","url":"https:\/\/www.meydan.tv\/az\/article\/sevinc-vaqifqizi-antikorrupsiya-cempionu-oldu\/","name":"Sevinc Vaqifq\u0131z\u0131 antikorrupsiya \u00e7empionu oldu - MEYDAN.TV","isPartOf":{"@id":"https:\/\/www.meydan.tv\/az\/#website"},"primaryImageOfPage":{"@id":"https:\/\/www.meydan.tv\/az\/article\/sevinc-vaqifqizi-antikorrupsiya-cempionu-oldu\/#primaryimage"},"image":{"@id":"https:\/\/www.meydan.tv\/az\/article\/sevinc-vaqifqizi-antikorrupsiya-cempionu-oldu\/#primaryimage"},"thumbnailUrl":"https:\/\/www.meydan.tv\/wp-content\/uploads\/img_0633-scaled-e1703104450403.jpg","datePublished":"2024-12-10T11:14:27+00:00","dateModified":"2024-12-10T11:14:31+00:00","breadcrumb":{"@id":"https:\/\/www.meydan.tv\/az\/article\/sevinc-vaqifqizi-antikorrupsiya-cempionu-oldu\/#breadcrumb"},"inLanguage":"az","potentialAction":[{"@type":"ReadAction","target":["https:\/\/www.meydan.tv\/az\/article\/sevinc-vaqifqizi-antikorrupsiya-cempionu-oldu\/"]}]},{"@type":"ImageObject","inLanguage":"az","@id":"https:\/\/www.meydan.tv\/az\/article\/sevinc-vaqifqizi-antikorrupsiya-cempionu-oldu\/#primaryimage","url":"https:\/\/www.meydan.tv\/wp-content\/uploads\/img_0633-scaled-e1703104450403.jpg","contentUrl":"https:\/\/www.meydan.tv\/wp-content\/uploads\/img_0633-scaled-e1703104450403.jpg","width":2560,"height":1582,"caption":"Sevinc Vaqifq\u0131z\u0131. Foto: Meydan TV"},{"@type":"BreadcrumbList","@id":"https:\/\/www.meydan.tv\/az\/article\/sevinc-vaqifqizi-antikorrupsiya-cempionu-oldu\/#breadcrumb","itemListElement":[{"@type":"ListItem","position":1,"name":"Ana s\u0259hif\u0259","item":"https:\/\/www.meydan.tv\/az\/"},{"@type":"ListItem","position":2,"name":"Siyas\u0259t","item":"https:\/\/www.meydan.tv\/az\/section\/siyaset\/"},{"@type":"ListItem","position":3,"name":"Sevinc Vaqifq\u0131z\u0131 antikorrupsiya \u00e7empionu oldu"}]},{"@type":"WebSite","@id":"https:\/\/www.meydan.tv\/az\/#website","url":"https:\/\/www.meydan.tv\/az\/","name":"MEYDAN.TV","description":"Meydan TV Az\u0259rbaycan\u0131n media m\u0259kan\u0131ndak\u0131 alternativ s\u0259sidir","publisher":{"@id":"https:\/\/www.meydan.tv\/az\/#organization"},"potentialAction":[{"@type":"SearchAction","target":{"@type":"EntryPoint","urlTemplate":"https:\/\/www.meydan.tv\/az\/?s={search_term_string}"},"query-input":{"@type":"PropertyValueSpecification","valueRequired":true,"valueName":"search_term_string"}}],"inLanguage":"az"},{"@type":"Organization","@id":"https:\/\/www.meydan.tv\/az\/#organization","name":"Meydan TV","url":"https:\/\/www.meydan.tv\/az\/","logo":{"@type":"ImageObject","inLanguage":"az","@id":"https:\/\/www.meydan.tv\/az\/#\/schema\/logo\/image\/","url":"https:\/\/www.meydan.tv\/wp-content\/uploads\/2021\/07\/meydan-logo.svg","contentUrl":"https:\/\/www.meydan.tv\/wp-content\/uploads\/2021\/07\/meydan-logo.svg","width":195,"height":46,"caption":"Meydan TV"},"image":{"@id":"https:\/\/www.meydan.tv\/az\/#\/schema\/logo\/image\/"}},{"@type":"Person","@id":"https:\/\/www.meydan.tv\/az\/#\/schema\/person\/09863e516102a829e72bedcf3f84c6b0","name":"mahmud"}]}},"_links":{"self":[{"href":"https:\/\/www.meydan.tv\/az\/wp-json\/wp\/v2\/posts\/322499","targetHints":{"allow":["GET"]}}],"collection":[{"href":"https:\/\/www.meydan.tv\/az\/wp-json\/wp\/v2\/posts"}],"about":[{"href":"https:\/\/www.meydan.tv\/az\/wp-json\/wp\/v2\/types\/post"}],"author":[{"embeddable":true,"href":"https:\/\/www.meydan.tv\/az\/wp-json\/wp\/v2\/users\/21"}],"replies":[{"embeddable":true,"href":"https:\/\/www.meydan.tv\/az\/wp-json\/wp\/v2\/comments?post=322499"}],"version-history":[{"count":1,"href":"https:\/\/www.meydan.tv\/az\/wp-json\/wp\/v2\/posts\/322499\/revisions"}],"predecessor-version":[{"id":322500,"href":"https:\/\/www.meydan.tv\/az\/wp-json\/wp\/v2\/posts\/322499\/revisions\/322500"}],"wp:featuredmedia":[{"embeddable":true,"href":"https:\/\/www.meydan.tv\/az\/wp-json\/wp\/v2\/media\/291524"}],"wp:attachment":[{"href":"https:\/\/www.meydan.tv\/az\/wp-json\/wp\/v2\/media?parent=322499"}],"wp:term":[{"taxonomy":"category","embeddable":true,"href":"https:\/\/www.meydan.tv\/az\/wp-json\/wp\/v2\/categories?post=322499"},{"taxonomy":"post_tag","embeddable":true,"href":"https:\/\/www.meydan.tv\/az\/wp-json\/wp\/v2\/tags?post=322499"}],"curies":[{"name":"wp","href":"https:\/\/api.w.org\/{rel}","templated":true}]}}