{"id":322476,"date":"2024-12-09T19:57:59","date_gmt":"2024-12-09T15:57:59","guid":{"rendered":"https:\/\/www.meydan.tv\/?p=322476"},"modified":"2024-12-09T20:37:57","modified_gmt":"2024-12-09T16:37:57","slug":"azer-qasimli-men-duz-danisdigima-gore-buradayam","status":"publish","type":"post","link":"https:\/\/www.meydan.tv\/az\/article\/azer-qasimli-men-duz-danisdigima-gore-buradayam\/","title":{"rendered":"Az\u0259r Qas\u0131ml\u0131: &#8220;M\u0259n d\u00fcz dan\u0131\u015fd\u0131\u011f\u0131ma g\u00f6r\u0259 buradayam&#8221;"},"content":{"rendered":"\n<figure class=\"wp-block-embed is-type-video is-provider-youtube wp-block-embed-youtube wp-embed-aspect-16-9 wp-has-aspect-ratio\"><div class=\"wp-block-embed__wrapper\">\n<iframe title=\"&#039;&#039;\u00d6lk\u0259d\u0259 n\u0259 ba\u015f verirs\u0259, bir ba\u015fa \u0130lham \u018fliyev cavabdehdir&#039;&#039;\" width=\"1200\" height=\"675\" data-src=\"https:\/\/www.youtube.com\/embed\/lJLlZhTqdVc?feature=oembed\" frameborder=\"0\" allow=\"accelerometer; autoplay; clipboard-write; encrypted-media; gyroscope; picture-in-picture; web-share\" referrerpolicy=\"strict-origin-when-cross-origin\" allowfullscreen src=\"data:image\/svg+xml;base64,PHN2ZyB3aWR0aD0iMSIgaGVpZ2h0PSIxIiB4bWxucz0iaHR0cDovL3d3dy53My5vcmcvMjAwMC9zdmciPjwvc3ZnPg==\" class=\"lazyload\" data-load-mode=\"1\"><\/iframe>\n<\/div><\/figure>\n\n\n\n<!--more-->\n\n\n\n<p><strong><em>Politoloq bar\u0259sind\u0259 4 ay h\u0259bs q\u0259timkan t\u0259dbiri se\u00e7ilib<\/em><\/strong><\/p>\n\n\n\n<p>Siyasi Menecment \u0130nstitutunun direktoru, politoloq Az\u0259r Qas\u0131ml\u0131 haqq\u0131nda h\u0259bs q\u0259rar\u0131 \u00e7\u0131xar\u0131l\u0131b.&nbsp;<\/p>\n\n\n\n<p>Dekabr\u0131n 9-da Yasamal Rayon M\u0259hk\u0259m\u0259sind\u0259 hakim Orxan M\u0259mm\u0259dlinin s\u0259drliyil\u0259 onun haqq\u0131nda ilkin istintaq d\u00f6vr\u00fc \u00fc\u00e7\u00fcn 4 ayl\u0131q h\u0259bs q\u0259timkan t\u0259dbiri se\u00e7ilib.<\/p>\n\n\n\n<p>M\u0259hk\u0259m\u0259d\u0259 Az\u0259r Qas\u0131ml\u0131n\u0131n istintaq d\u00f6vr\u00fcnd\u0259 h\u0259bsd\u0259 saxlanmas\u0131 \u00fc\u00e7\u00fcn m\u00fcst\u0259ntiqin v\u0259sat\u0259tin\u0259 v\u0259 prokurorun t\u0259qdimat\u0131na bax\u0131l\u0131b.&nbsp;<\/p>\n\n\n\n<p>M\u00fcst\u0259ntiq v\u0259sat\u0259tini \u0259sasland\u0131rark\u0259n bildirib ki, Az\u0259r Qas\u0131ml\u0131 Cinay\u0259t M\u0259c\u0259ll\u0259sinin 182.2.3 (h\u0259d\u0259-qorxu il\u0259 t\u0259l\u0259b etm\u0259, zor t\u0259tbiq etm\u0259 il\u0259 t\u00f6r\u0259dildikd\u0259) madd\u0259si il\u0259 ittiham edilir.&nbsp;<\/p>\n\n\n\n<p>\u0130stintaq getdiyi m\u00fcdd\u0259td\u0259 onun qa\u00e7\u0131b gizl\u0259nm\u0259k, proses i\u015ftirak\u00e7\u0131lar\u0131na t\u0259sir g\u00f6st\u0259rm\u0259k ehtimal\u0131 var. Bu s\u0259b\u0259bd\u0259n istintaq m\u00fcdd\u0259tind\u0259 h\u0259bsd\u0259 saxlanmas\u0131 m\u0259qs\u0259d\u0259uy\u011fundur.<\/p>\n\n\n\n<p>V\u0259kill\u0259r R\u00f6v\u015fan\u0259 R\u0259himli v\u0259 Aqil Lay\u0131c is\u0259 etiraz edib.&nbsp;<\/p>\n\n\n\n<p>V\u0259kill\u0259r bildirib ki, \u00fcmumiyy\u0259tl\u0259, ittiham\u0131n \u00f6z\u00fc \u0259sass\u0131zd\u0131r.&nbsp;<\/p>\n\n\n\n<p>Az\u0259r Qas\u0131ml\u0131 z\u0259r\u0259r\u00e7\u0259kmi\u015f qismind\u0259 tan\u0131nan Qurban\u0259li Yusibovdan h\u0259d\u0259-qorxu il\u0259 pul t\u0259l\u0259b etm\u0259kd\u0259 ittiham olunur. Lakin v\u0259kil bildirib ki, h\u0259min \u015f\u0259xsin Az\u0259r Qas\u0131ml\u0131ya pul borclu olmas\u0131n\u0131 t\u0259sdiql\u0259y\u0259n qanuni q\u00fcvv\u0259y\u0259 minmi\u015f m\u0259hk\u0259m\u0259 q\u0259rar\u0131 var.&nbsp;<\/p>\n\n\n\n<p>Bel\u0259 olan halda, Az\u0259r Qas\u0131ml\u0131n\u0131n ondan h\u0259d\u0259-qorxu il\u0259 pul t\u0259l\u0259b etm\u0259si haqda iddian\u0131n absurdlu\u011fu ortaya \u00e7\u0131x\u0131r.<\/p>\n\n\n\n<p>V\u0259kill\u0259r \u0259lav\u0259 edib ki, Az\u0259r Qas\u0131ml\u0131n\u0131 h\u0259bsd\u0259 saxlamadan da istintaq apar\u0131la bil\u0259r.<\/p>\n\n\n\n<p>Az\u0259r Qas\u0131ml\u0131 \u00f6z\u00fc d\u0259 h\u0259bsinin siyasi motivli oldu\u011funu bildir\u0259r\u0259k deyib ki, h\u0259qiq\u0259tl\u0259ri dil\u0259 g\u0259tirdiyin\u0259, insanlar\u0131 ayd\u0131nland\u0131ran fikirl\u0259r s\u0259sl\u0259ndirdiyin\u0259 g\u00f6r\u0259 c\u0259zaland\u0131r\u0131l\u0131r:&nbsp;<\/p>\n\n\n\n<p>\u201cBu g\u00fcn Az\u0259rbaycanda siyas\u0259t yoxdur, m\u0259n d\u0259 siyas\u0259t\u00e7i deyil\u0259m. \u00c7\u00fcnki siyas\u0259t olmayan yerd\u0259 siyas\u0259t\u00e7i d\u0259 olmur. M\u0259n d\u00fcz dan\u0131\u015fd\u0131\u011f\u0131ma g\u00f6r\u0259 buradayam\u201d.<\/p>\n\n\n\n<p>Q\u0131sa m\u00fc\u015favir\u0259d\u0259n sonra hakim Orxan M\u0259mm\u0259dli t\u0259qdimat\u0131n t\u0259min edilm\u0259si v\u0259 Az\u0259r Qas\u0131ml\u0131 haqq\u0131nda 4 ayl\u0131q h\u0259bs q\u0259timkan t\u0259dbiri se\u00e7ilm\u0259si bar\u0259d\u0259 q\u0259rar\u0131 elan edib.<\/p>\n\n\n\n<p>M\u0259hk\u0259m\u0259d\u0259n sonra v\u0259kil Aqil Lay\u0131c bildirib ki, q\u0259rardan apelyasiya \u015fikay\u0259ti ver\u0259c\u0259k:&nbsp;<\/p>\n\n\n\n<p>\u201cAz\u0259r Qas\u0131ml\u0131 \u00f6z\u00fc d\u0259 bildirir ki, onun v\u0259 h\u0259yat yolda\u015f\u0131n\u0131n \u00f6lk\u0259d\u0259n \u00e7\u0131x\u0131\u015f\u0131na m\u0259hdudiyy\u0259t qoyulanda h\u0259bs olunaca\u011f\u0131 b\u0259lli idi\u201d.<\/p>\n\n\n\n<p>Az\u0259r Qas\u0131ml\u0131 dekabr\u0131n 8-d\u0259 saxlan\u0131l\u0131b.&nbsp;<\/p>\n\n\n\n<p>\u0130ddia olunur ki, Qurban\u0259li Yusibov ondan Yasamal Rayon Polis \u0130dar\u0259sin\u0259 \u015fikay\u0259t edib.<\/p>\n\n\n\n<p>Bundan \u0259vv\u0259l d\u0259 Az\u0259r Qas\u0131ml\u0131n\u0131n \u00f6lk\u0259d\u0259n \u00e7\u0131x\u0131\u015f\u0131na qada\u011fa qoyulub.&nbsp;<\/p>\n\n\n\n<p>O, Bak\u0131 \u015e\u0259h\u0259r Ba\u015f Polis \u0130dar\u0259sind\u0259 \u201cMeclis.info\u201d sayt\u0131n\u0131n h\u0259bsd\u0259 olan r\u0259hb\u0259ri \u0130mran \u018fliyevin i\u015fi \u00fczr\u0259 istintaqda dindirilib.<\/p>\n","protected":false},"excerpt":{"rendered":"","protected":false},"author":12,"featured_media":210058,"comment_status":"closed","ping_status":"closed","sticky":false,"template":"","format":"standard","meta":{"_acf_changed":false,"_sitemap_exclude":false,"_sitemap_priority":"","_sitemap_frequency":"","footnotes":""},"categories":[59,79,63,56],"tags":[],"class_list":["post-322476","post","type-post","status-publish","format-standard","has-post-thumbnail","hentry","category-siyaset","category-featured","category-video-2","category-xeberler","infinite-scroll-item","generate-columns","tablet-grid-50","mobile-grid-100","grid-parent","grid-33","no-featured-image-padding"],"acf":[],"yoast_head":"<!-- This site is optimized with the Yoast SEO plugin v27.4 - https:\/\/yoast.com\/product\/yoast-seo-wordpress\/ -->\n<title>Az\u0259r Qas\u0131ml\u0131: &quot;M\u0259n d\u00fcz dan\u0131\u015fd\u0131\u011f\u0131ma g\u00f6r\u0259 buradayam&quot; - MEYDAN.TV<\/title>\n<meta name=\"robots\" content=\"index, follow, max-snippet:-1, max-image-preview:large, max-video-preview:-1\" \/>\n<link rel=\"canonical\" href=\"https:\/\/www.meydan.tv\/az\/article\/azer-qasimli-men-duz-danisdigima-gore-buradayam\/\" \/>\n<meta property=\"og:locale\" content=\"az_AZ\" \/>\n<meta property=\"og:type\" content=\"article\" \/>\n<meta property=\"og:title\" content=\"Az\u0259r Qas\u0131ml\u0131: &quot;M\u0259n d\u00fcz dan\u0131\u015fd\u0131\u011f\u0131ma g\u00f6r\u0259 buradayam&quot; - MEYDAN.TV\" \/>\n<meta property=\"og:url\" content=\"https:\/\/www.meydan.tv\/az\/article\/azer-qasimli-men-duz-danisdigima-gore-buradayam\/\" \/>\n<meta property=\"og:site_name\" content=\"MEYDAN.TV\" \/>\n<meta property=\"article:published_time\" content=\"2024-12-09T15:57:59+00:00\" \/>\n<meta property=\"article:modified_time\" content=\"2024-12-09T16:37:57+00:00\" \/>\n<meta property=\"og:image\" content=\"https:\/\/www.meydan.tv\/wp-content\/uploads\/img_7646-scaled.jpg\" \/>\n\t<meta property=\"og:image:width\" content=\"2560\" \/>\n\t<meta property=\"og:image:height\" content=\"1707\" \/>\n\t<meta property=\"og:image:type\" content=\"image\/jpeg\" \/>\n<meta name=\"author\" content=\"aleks\" \/>\n<meta name=\"twitter:card\" content=\"summary_large_image\" \/>\n<script type=\"application\/ld+json\" class=\"yoast-schema-graph\">{\"@context\":\"https:\\\/\\\/schema.org\",\"@graph\":[{\"@type\":\"Article\",\"@id\":\"https:\\\/\\\/www.meydan.tv\\\/az\\\/article\\\/azer-qasimli-men-duz-danisdigima-gore-buradayam\\\/#article\",\"isPartOf\":{\"@id\":\"https:\\\/\\\/www.meydan.tv\\\/az\\\/article\\\/azer-qasimli-men-duz-danisdigima-gore-buradayam\\\/\"},\"author\":{\"name\":\"aleks\",\"@id\":\"https:\\\/\\\/www.meydan.tv\\\/az\\\/#\\\/schema\\\/person\\\/476e9360e593fa131d5d71d51866f8da\"},\"headline\":\"Az\u0259r Qas\u0131ml\u0131: &#8220;M\u0259n d\u00fcz dan\u0131\u015fd\u0131\u011f\u0131ma g\u00f6r\u0259 buradayam&#8221;\",\"datePublished\":\"2024-12-09T15:57:59+00:00\",\"dateModified\":\"2024-12-09T16:37:57+00:00\",\"mainEntityOfPage\":{\"@id\":\"https:\\\/\\\/www.meydan.tv\\\/az\\\/article\\\/azer-qasimli-men-duz-danisdigima-gore-buradayam\\\/\"},\"wordCount\":586,\"publisher\":{\"@id\":\"https:\\\/\\\/www.meydan.tv\\\/az\\\/#organization\"},\"image\":{\"@id\":\"https:\\\/\\\/www.meydan.tv\\\/az\\\/article\\\/azer-qasimli-men-duz-danisdigima-gore-buradayam\\\/#primaryimage\"},\"thumbnailUrl\":\"https:\\\/\\\/www.meydan.tv\\\/wp-content\\\/uploads\\\/img_7646-scaled-e1734093479185.jpg\",\"articleSection\":[\"Siyas\u0259t\",\"T\u00f6vsiy\u0259\",\"Video\",\"X\u0259b\u0259rl\u0259r\"],\"inLanguage\":\"az\"},{\"@type\":\"WebPage\",\"@id\":\"https:\\\/\\\/www.meydan.tv\\\/az\\\/article\\\/azer-qasimli-men-duz-danisdigima-gore-buradayam\\\/\",\"url\":\"https:\\\/\\\/www.meydan.tv\\\/az\\\/article\\\/azer-qasimli-men-duz-danisdigima-gore-buradayam\\\/\",\"name\":\"Az\u0259r Qas\u0131ml\u0131: \\\"M\u0259n d\u00fcz dan\u0131\u015fd\u0131\u011f\u0131ma g\u00f6r\u0259 buradayam\\\" - MEYDAN.TV\",\"isPartOf\":{\"@id\":\"https:\\\/\\\/www.meydan.tv\\\/az\\\/#website\"},\"primaryImageOfPage\":{\"@id\":\"https:\\\/\\\/www.meydan.tv\\\/az\\\/article\\\/azer-qasimli-men-duz-danisdigima-gore-buradayam\\\/#primaryimage\"},\"image\":{\"@id\":\"https:\\\/\\\/www.meydan.tv\\\/az\\\/article\\\/azer-qasimli-men-duz-danisdigima-gore-buradayam\\\/#primaryimage\"},\"thumbnailUrl\":\"https:\\\/\\\/www.meydan.tv\\\/wp-content\\\/uploads\\\/img_7646-scaled-e1734093479185.jpg\",\"datePublished\":\"2024-12-09T15:57:59+00:00\",\"dateModified\":\"2024-12-09T16:37:57+00:00\",\"breadcrumb\":{\"@id\":\"https:\\\/\\\/www.meydan.tv\\\/az\\\/article\\\/azer-qasimli-men-duz-danisdigima-gore-buradayam\\\/#breadcrumb\"},\"inLanguage\":\"az\",\"potentialAction\":[{\"@type\":\"ReadAction\",\"target\":[\"https:\\\/\\\/www.meydan.tv\\\/az\\\/article\\\/azer-qasimli-men-duz-danisdigima-gore-buradayam\\\/\"]}]},{\"@type\":\"ImageObject\",\"inLanguage\":\"az\",\"@id\":\"https:\\\/\\\/www.meydan.tv\\\/az\\\/article\\\/azer-qasimli-men-duz-danisdigima-gore-buradayam\\\/#primaryimage\",\"url\":\"https:\\\/\\\/www.meydan.tv\\\/wp-content\\\/uploads\\\/img_7646-scaled-e1734093479185.jpg\",\"contentUrl\":\"https:\\\/\\\/www.meydan.tv\\\/wp-content\\\/uploads\\\/img_7646-scaled-e1734093479185.jpg\",\"width\":2560,\"height\":1216,\"caption\":\"Az\u0259r Qas\u0131ml\u0131. \u0130ll\u00fcstrasiya: Meydan TV\"},{\"@type\":\"BreadcrumbList\",\"@id\":\"https:\\\/\\\/www.meydan.tv\\\/az\\\/article\\\/azer-qasimli-men-duz-danisdigima-gore-buradayam\\\/#breadcrumb\",\"itemListElement\":[{\"@type\":\"ListItem\",\"position\":1,\"name\":\"Ana s\u0259hif\u0259\",\"item\":\"https:\\\/\\\/www.meydan.tv\\\/az\\\/\"},{\"@type\":\"ListItem\",\"position\":2,\"name\":\"X\u0259b\u0259rl\u0259r\",\"item\":\"https:\\\/\\\/www.meydan.tv\\\/az\\\/section\\\/xeberler\\\/\"},{\"@type\":\"ListItem\",\"position\":3,\"name\":\"Az\u0259r Qas\u0131ml\u0131: &#8220;M\u0259n d\u00fcz dan\u0131\u015fd\u0131\u011f\u0131ma g\u00f6r\u0259 buradayam&#8221;\"}]},{\"@type\":\"WebSite\",\"@id\":\"https:\\\/\\\/www.meydan.tv\\\/az\\\/#website\",\"url\":\"https:\\\/\\\/www.meydan.tv\\\/az\\\/\",\"name\":\"MEYDAN.TV\",\"description\":\"Meydan TV Az\u0259rbaycan\u0131n media m\u0259kan\u0131ndak\u0131 alternativ s\u0259sidir\",\"publisher\":{\"@id\":\"https:\\\/\\\/www.meydan.tv\\\/az\\\/#organization\"},\"potentialAction\":[{\"@type\":\"SearchAction\",\"target\":{\"@type\":\"EntryPoint\",\"urlTemplate\":\"https:\\\/\\\/www.meydan.tv\\\/az\\\/?s={search_term_string}\"},\"query-input\":{\"@type\":\"PropertyValueSpecification\",\"valueRequired\":true,\"valueName\":\"search_term_string\"}}],\"inLanguage\":\"az\"},{\"@type\":\"Organization\",\"@id\":\"https:\\\/\\\/www.meydan.tv\\\/az\\\/#organization\",\"name\":\"Meydan TV\",\"url\":\"https:\\\/\\\/www.meydan.tv\\\/az\\\/\",\"logo\":{\"@type\":\"ImageObject\",\"inLanguage\":\"az\",\"@id\":\"https:\\\/\\\/www.meydan.tv\\\/az\\\/#\\\/schema\\\/logo\\\/image\\\/\",\"url\":\"https:\\\/\\\/www.meydan.tv\\\/wp-content\\\/uploads\\\/2021\\\/07\\\/meydan-logo.svg\",\"contentUrl\":\"https:\\\/\\\/www.meydan.tv\\\/wp-content\\\/uploads\\\/2021\\\/07\\\/meydan-logo.svg\",\"width\":195,\"height\":46,\"caption\":\"Meydan TV\"},\"image\":{\"@id\":\"https:\\\/\\\/www.meydan.tv\\\/az\\\/#\\\/schema\\\/logo\\\/image\\\/\"}},{\"@type\":\"Person\",\"@id\":\"https:\\\/\\\/www.meydan.tv\\\/az\\\/#\\\/schema\\\/person\\\/476e9360e593fa131d5d71d51866f8da\",\"name\":\"aleks\"}]}<\/script>\n<!-- \/ Yoast SEO plugin. -->","yoast_head_json":{"title":"Az\u0259r Qas\u0131ml\u0131: \"M\u0259n d\u00fcz dan\u0131\u015fd\u0131\u011f\u0131ma g\u00f6r\u0259 buradayam\" - MEYDAN.TV","robots":{"index":"index","follow":"follow","max-snippet":"max-snippet:-1","max-image-preview":"max-image-preview:large","max-video-preview":"max-video-preview:-1"},"canonical":"https:\/\/www.meydan.tv\/az\/article\/azer-qasimli-men-duz-danisdigima-gore-buradayam\/","og_locale":"az_AZ","og_type":"article","og_title":"Az\u0259r Qas\u0131ml\u0131: \"M\u0259n d\u00fcz dan\u0131\u015fd\u0131\u011f\u0131ma g\u00f6r\u0259 buradayam\" - MEYDAN.TV","og_url":"https:\/\/www.meydan.tv\/az\/article\/azer-qasimli-men-duz-danisdigima-gore-buradayam\/","og_site_name":"MEYDAN.TV","article_published_time":"2024-12-09T15:57:59+00:00","article_modified_time":"2024-12-09T16:37:57+00:00","og_image":[{"width":2560,"height":1707,"url":"https:\/\/www.meydan.tv\/wp-content\/uploads\/img_7646-scaled.jpg","type":"image\/jpeg"}],"author":"aleks","twitter_card":"summary_large_image","schema":{"@context":"https:\/\/schema.org","@graph":[{"@type":"Article","@id":"https:\/\/www.meydan.tv\/az\/article\/azer-qasimli-men-duz-danisdigima-gore-buradayam\/#article","isPartOf":{"@id":"https:\/\/www.meydan.tv\/az\/article\/azer-qasimli-men-duz-danisdigima-gore-buradayam\/"},"author":{"name":"aleks","@id":"https:\/\/www.meydan.tv\/az\/#\/schema\/person\/476e9360e593fa131d5d71d51866f8da"},"headline":"Az\u0259r Qas\u0131ml\u0131: &#8220;M\u0259n d\u00fcz dan\u0131\u015fd\u0131\u011f\u0131ma g\u00f6r\u0259 buradayam&#8221;","datePublished":"2024-12-09T15:57:59+00:00","dateModified":"2024-12-09T16:37:57+00:00","mainEntityOfPage":{"@id":"https:\/\/www.meydan.tv\/az\/article\/azer-qasimli-men-duz-danisdigima-gore-buradayam\/"},"wordCount":586,"publisher":{"@id":"https:\/\/www.meydan.tv\/az\/#organization"},"image":{"@id":"https:\/\/www.meydan.tv\/az\/article\/azer-qasimli-men-duz-danisdigima-gore-buradayam\/#primaryimage"},"thumbnailUrl":"https:\/\/www.meydan.tv\/wp-content\/uploads\/img_7646-scaled-e1734093479185.jpg","articleSection":["Siyas\u0259t","T\u00f6vsiy\u0259","Video","X\u0259b\u0259rl\u0259r"],"inLanguage":"az"},{"@type":"WebPage","@id":"https:\/\/www.meydan.tv\/az\/article\/azer-qasimli-men-duz-danisdigima-gore-buradayam\/","url":"https:\/\/www.meydan.tv\/az\/article\/azer-qasimli-men-duz-danisdigima-gore-buradayam\/","name":"Az\u0259r Qas\u0131ml\u0131: \"M\u0259n d\u00fcz dan\u0131\u015fd\u0131\u011f\u0131ma g\u00f6r\u0259 buradayam\" - MEYDAN.TV","isPartOf":{"@id":"https:\/\/www.meydan.tv\/az\/#website"},"primaryImageOfPage":{"@id":"https:\/\/www.meydan.tv\/az\/article\/azer-qasimli-men-duz-danisdigima-gore-buradayam\/#primaryimage"},"image":{"@id":"https:\/\/www.meydan.tv\/az\/article\/azer-qasimli-men-duz-danisdigima-gore-buradayam\/#primaryimage"},"thumbnailUrl":"https:\/\/www.meydan.tv\/wp-content\/uploads\/img_7646-scaled-e1734093479185.jpg","datePublished":"2024-12-09T15:57:59+00:00","dateModified":"2024-12-09T16:37:57+00:00","breadcrumb":{"@id":"https:\/\/www.meydan.tv\/az\/article\/azer-qasimli-men-duz-danisdigima-gore-buradayam\/#breadcrumb"},"inLanguage":"az","potentialAction":[{"@type":"ReadAction","target":["https:\/\/www.meydan.tv\/az\/article\/azer-qasimli-men-duz-danisdigima-gore-buradayam\/"]}]},{"@type":"ImageObject","inLanguage":"az","@id":"https:\/\/www.meydan.tv\/az\/article\/azer-qasimli-men-duz-danisdigima-gore-buradayam\/#primaryimage","url":"https:\/\/www.meydan.tv\/wp-content\/uploads\/img_7646-scaled-e1734093479185.jpg","contentUrl":"https:\/\/www.meydan.tv\/wp-content\/uploads\/img_7646-scaled-e1734093479185.jpg","width":2560,"height":1216,"caption":"Az\u0259r Qas\u0131ml\u0131. \u0130ll\u00fcstrasiya: Meydan TV"},{"@type":"BreadcrumbList","@id":"https:\/\/www.meydan.tv\/az\/article\/azer-qasimli-men-duz-danisdigima-gore-buradayam\/#breadcrumb","itemListElement":[{"@type":"ListItem","position":1,"name":"Ana s\u0259hif\u0259","item":"https:\/\/www.meydan.tv\/az\/"},{"@type":"ListItem","position":2,"name":"X\u0259b\u0259rl\u0259r","item":"https:\/\/www.meydan.tv\/az\/section\/xeberler\/"},{"@type":"ListItem","position":3,"name":"Az\u0259r Qas\u0131ml\u0131: &#8220;M\u0259n d\u00fcz dan\u0131\u015fd\u0131\u011f\u0131ma g\u00f6r\u0259 buradayam&#8221;"}]},{"@type":"WebSite","@id":"https:\/\/www.meydan.tv\/az\/#website","url":"https:\/\/www.meydan.tv\/az\/","name":"MEYDAN.TV","description":"Meydan TV Az\u0259rbaycan\u0131n media m\u0259kan\u0131ndak\u0131 alternativ s\u0259sidir","publisher":{"@id":"https:\/\/www.meydan.tv\/az\/#organization"},"potentialAction":[{"@type":"SearchAction","target":{"@type":"EntryPoint","urlTemplate":"https:\/\/www.meydan.tv\/az\/?s={search_term_string}"},"query-input":{"@type":"PropertyValueSpecification","valueRequired":true,"valueName":"search_term_string"}}],"inLanguage":"az"},{"@type":"Organization","@id":"https:\/\/www.meydan.tv\/az\/#organization","name":"Meydan TV","url":"https:\/\/www.meydan.tv\/az\/","logo":{"@type":"ImageObject","inLanguage":"az","@id":"https:\/\/www.meydan.tv\/az\/#\/schema\/logo\/image\/","url":"https:\/\/www.meydan.tv\/wp-content\/uploads\/2021\/07\/meydan-logo.svg","contentUrl":"https:\/\/www.meydan.tv\/wp-content\/uploads\/2021\/07\/meydan-logo.svg","width":195,"height":46,"caption":"Meydan TV"},"image":{"@id":"https:\/\/www.meydan.tv\/az\/#\/schema\/logo\/image\/"}},{"@type":"Person","@id":"https:\/\/www.meydan.tv\/az\/#\/schema\/person\/476e9360e593fa131d5d71d51866f8da","name":"aleks"}]}},"_links":{"self":[{"href":"https:\/\/www.meydan.tv\/az\/wp-json\/wp\/v2\/posts\/322476","targetHints":{"allow":["GET"]}}],"collection":[{"href":"https:\/\/www.meydan.tv\/az\/wp-json\/wp\/v2\/posts"}],"about":[{"href":"https:\/\/www.meydan.tv\/az\/wp-json\/wp\/v2\/types\/post"}],"author":[{"embeddable":true,"href":"https:\/\/www.meydan.tv\/az\/wp-json\/wp\/v2\/users\/12"}],"replies":[{"embeddable":true,"href":"https:\/\/www.meydan.tv\/az\/wp-json\/wp\/v2\/comments?post=322476"}],"version-history":[{"count":2,"href":"https:\/\/www.meydan.tv\/az\/wp-json\/wp\/v2\/posts\/322476\/revisions"}],"predecessor-version":[{"id":322485,"href":"https:\/\/www.meydan.tv\/az\/wp-json\/wp\/v2\/posts\/322476\/revisions\/322485"}],"wp:featuredmedia":[{"embeddable":true,"href":"https:\/\/www.meydan.tv\/az\/wp-json\/wp\/v2\/media\/210058"}],"wp:attachment":[{"href":"https:\/\/www.meydan.tv\/az\/wp-json\/wp\/v2\/media?parent=322476"}],"wp:term":[{"taxonomy":"category","embeddable":true,"href":"https:\/\/www.meydan.tv\/az\/wp-json\/wp\/v2\/categories?post=322476"},{"taxonomy":"post_tag","embeddable":true,"href":"https:\/\/www.meydan.tv\/az\/wp-json\/wp\/v2\/tags?post=322476"}],"curies":[{"name":"wp","href":"https:\/\/api.w.org\/{rel}","templated":true}]}}