{"id":322417,"date":"2024-12-08T15:39:04","date_gmt":"2024-12-08T11:39:04","guid":{"rendered":"https:\/\/www.meydan.tv\/?p=322417"},"modified":"2024-12-11T15:25:51","modified_gmt":"2024-12-11T11:25:51","slug":"vekil-aysel-umudovanin-veziyyeti-yaxsi-deyil","status":"publish","type":"post","link":"https:\/\/www.meydan.tv\/az\/article\/vekil-aysel-umudovanin-veziyyeti-yaxsi-deyil\/","title":{"rendered":"V\u0259kil: \u201cAysel Umudovan\u0131n v\u0259ziyy\u0259ti yax\u015f\u0131 deyil\u201d"},"content":{"rendered":"\n<figure class=\"wp-block-embed is-type-video is-provider-youtube wp-block-embed-youtube wp-embed-aspect-16-9 wp-has-aspect-ratio\"><div class=\"wp-block-embed__wrapper\">\n<iframe title=\"V\u0259kil: \u201cAysel Umudovan\u0131n v\u0259ziyy\u0259ti yax\u015f\u0131 deyil\u201d\" width=\"1200\" height=\"675\" data-src=\"https:\/\/www.youtube.com\/embed\/Al81KA4ql-s?feature=oembed\" frameborder=\"0\" allow=\"accelerometer; autoplay; clipboard-write; encrypted-media; gyroscope; picture-in-picture; web-share\" referrerpolicy=\"strict-origin-when-cross-origin\" allowfullscreen src=\"data:image\/svg+xml;base64,PHN2ZyB3aWR0aD0iMSIgaGVpZ2h0PSIxIiB4bWxucz0iaHR0cDovL3d3dy53My5vcmcvMjAwMC9zdmciPjwvc3ZnPg==\" class=\"lazyload\" data-load-mode=\"1\"><\/iframe>\n<\/div><\/figure>\n\n\n\n<!--more-->\n\n\n\n<p>6 dekabrda saxlanm\u0131\u015f Meydan TV \u0259m\u0259kda\u015flar\u0131ndan Aysel Umudova bar\u0259sind\u0259 4 ayl\u0131q h\u0259bs q\u0259timkan t\u0259dbiri se\u00e7ilib. <\/p>\n\n\n\n<p>V\u0259kili Aqil Lay\u0131c deyir ki, Aysel\u0259 ittiham\u0131n mahiyy\u0259ti bel\u0259 ayd\u0131n deyil. V\u0259kil, h\u0259m\u00e7inin, jurnalistin \u00f6z\u00fcn\u00fc yax\u015f\u0131 hiss etm\u0259diyini, onun \u00fc\u00e7\u00fcn iki d\u0259f\u0259 t\u0259cili tibbi yard\u0131m\u0131n \u00e7a\u011f\u0131r\u0131ld\u0131\u011f\u0131n\u0131 bildirib. Kanal\u0131n dig\u0259r \u0259m\u0259kda\u015flar\u0131 bar\u0259sind\u0259 d\u0259 4 ayl\u0131q h\u0259bs q\u0259timkan t\u0259dbiri se\u00e7ilib.<\/p>\n\n\n\n<p><br>Aysel Umudovan\u0131n s\u0259hh\u0259tinin k\u0259skin pisl\u0259\u015fdiyi, panik-ataklar\u0131n\u0131n artd\u0131\u011f\u0131 bildirilir.\u00a0<\/p>\n\n\n\n<p>Bu bar\u0259d\u0259 yax\u0131nlar\u0131 m\u0259lumat yay\u0131b.&nbsp;<\/p>\n\n\n\n<p>Onlar\u0131n s\u00f6zl\u0259rin\u0259 g\u00f6r\u0259, panik-atakalar\u0131 a\u011f\u0131rla\u015fd\u0131\u011f\u0131 \u00fc\u00e7\u00fcn b\u0259d\u0259ni davaml\u0131 \u0259sir, m\u0259hk\u0259m\u0259 boyunca d\u0259f\u0259l\u0259rl\u0259 qusub, onu tez-tez ayaqyoluna aparmal\u0131 olublar.<\/p>\n\n\n\n<p>\u201cArd-arda qusdu\u011fu \u00fc\u00e7\u00fcn cibind\u0259 torba g\u0259zdirirmi\u015f. H\u0259l\u0259 Bak\u0131 Ba\u015f Polis \u0130dar\u0259sind\u0259yk\u0259nd t\u0259zyiqi d\u00fc\u015f\u00fcb, t\u0259cili yard\u0131m \u00e7a\u011f\u0131r\u0131lmal\u0131 olub. Yem\u0259k q\u0259bul etm\u0259kd\u0259 \u00e7\u0259tinlik \u00e7\u0259kdiyi v\u0259 qusdu\u011fu \u00fc\u00e7\u00fcn sa\u011flaml\u0131q durumu yax\u015f\u0131 deyil\u201d, &#8211; dey\u0259 onlar bildirib.<br><br><\/p>\n","protected":false},"excerpt":{"rendered":"","protected":false},"author":12,"featured_media":322418,"comment_status":"closed","ping_status":"closed","sticky":false,"template":"","format":"standard","meta":{"_acf_changed":false,"_sitemap_exclude":false,"_sitemap_priority":"","_sitemap_frequency":"","footnotes":""},"categories":[139,79,63,56],"tags":[],"class_list":["post-322417","post","type-post","status-publish","format-standard","has-post-thumbnail","hentry","category-meydan-tv-isi","category-featured","category-video-2","category-xeberler","infinite-scroll-item","generate-columns","tablet-grid-50","mobile-grid-100","grid-parent","grid-33","no-featured-image-padding"],"acf":[],"yoast_head":"<!-- This site is optimized with the Yoast SEO plugin v27.4 - https:\/\/yoast.com\/product\/yoast-seo-wordpress\/ -->\n<title>V\u0259kil: \u201cAysel Umudovan\u0131n v\u0259ziyy\u0259ti yax\u015f\u0131 deyil\u201d - MEYDAN.TV<\/title>\n<meta name=\"robots\" content=\"index, follow, max-snippet:-1, max-image-preview:large, max-video-preview:-1\" \/>\n<link rel=\"canonical\" href=\"https:\/\/www.meydan.tv\/az\/article\/vekil-aysel-umudovanin-veziyyeti-yaxsi-deyil\/\" \/>\n<meta property=\"og:locale\" content=\"az_AZ\" \/>\n<meta property=\"og:type\" content=\"article\" \/>\n<meta property=\"og:title\" content=\"V\u0259kil: \u201cAysel Umudovan\u0131n v\u0259ziyy\u0259ti yax\u015f\u0131 deyil\u201d - MEYDAN.TV\" \/>\n<meta property=\"og:url\" content=\"https:\/\/www.meydan.tv\/az\/article\/vekil-aysel-umudovanin-veziyyeti-yaxsi-deyil\/\" \/>\n<meta property=\"og:site_name\" content=\"MEYDAN.TV\" \/>\n<meta property=\"article:published_time\" content=\"2024-12-08T11:39:04+00:00\" \/>\n<meta property=\"article:modified_time\" content=\"2024-12-11T11:25:51+00:00\" \/>\n<meta property=\"og:image\" content=\"https:\/\/www.meydan.tv\/wp-content\/uploads\/screenshot-2024-12-08-at-12.36.06.png\" \/>\n\t<meta property=\"og:image:width\" content=\"1894\" \/>\n\t<meta property=\"og:image:height\" content=\"1018\" \/>\n\t<meta property=\"og:image:type\" content=\"image\/png\" \/>\n<meta name=\"author\" content=\"aleks\" \/>\n<meta name=\"twitter:card\" content=\"summary_large_image\" \/>\n<script type=\"application\/ld+json\" class=\"yoast-schema-graph\">{\"@context\":\"https:\\\/\\\/schema.org\",\"@graph\":[{\"@type\":\"Article\",\"@id\":\"https:\\\/\\\/www.meydan.tv\\\/az\\\/article\\\/vekil-aysel-umudovanin-veziyyeti-yaxsi-deyil\\\/#article\",\"isPartOf\":{\"@id\":\"https:\\\/\\\/www.meydan.tv\\\/az\\\/article\\\/vekil-aysel-umudovanin-veziyyeti-yaxsi-deyil\\\/\"},\"author\":{\"name\":\"aleks\",\"@id\":\"https:\\\/\\\/www.meydan.tv\\\/az\\\/#\\\/schema\\\/person\\\/476e9360e593fa131d5d71d51866f8da\"},\"headline\":\"V\u0259kil: \u201cAysel Umudovan\u0131n v\u0259ziyy\u0259ti yax\u015f\u0131 deyil\u201d\",\"datePublished\":\"2024-12-08T11:39:04+00:00\",\"dateModified\":\"2024-12-11T11:25:51+00:00\",\"mainEntityOfPage\":{\"@id\":\"https:\\\/\\\/www.meydan.tv\\\/az\\\/article\\\/vekil-aysel-umudovanin-veziyyeti-yaxsi-deyil\\\/\"},\"wordCount\":209,\"publisher\":{\"@id\":\"https:\\\/\\\/www.meydan.tv\\\/az\\\/#organization\"},\"image\":{\"@id\":\"https:\\\/\\\/www.meydan.tv\\\/az\\\/article\\\/vekil-aysel-umudovanin-veziyyeti-yaxsi-deyil\\\/#primaryimage\"},\"thumbnailUrl\":\"https:\\\/\\\/www.meydan.tv\\\/wp-content\\\/uploads\\\/screenshot-2024-12-08-at-12.36.06.png\",\"articleSection\":[\"Meydan TV i\u015fi\",\"T\u00f6vsiy\u0259\",\"Video\",\"X\u0259b\u0259rl\u0259r\"],\"inLanguage\":\"az\"},{\"@type\":\"WebPage\",\"@id\":\"https:\\\/\\\/www.meydan.tv\\\/az\\\/article\\\/vekil-aysel-umudovanin-veziyyeti-yaxsi-deyil\\\/\",\"url\":\"https:\\\/\\\/www.meydan.tv\\\/az\\\/article\\\/vekil-aysel-umudovanin-veziyyeti-yaxsi-deyil\\\/\",\"name\":\"V\u0259kil: \u201cAysel Umudovan\u0131n v\u0259ziyy\u0259ti yax\u015f\u0131 deyil\u201d - MEYDAN.TV\",\"isPartOf\":{\"@id\":\"https:\\\/\\\/www.meydan.tv\\\/az\\\/#website\"},\"primaryImageOfPage\":{\"@id\":\"https:\\\/\\\/www.meydan.tv\\\/az\\\/article\\\/vekil-aysel-umudovanin-veziyyeti-yaxsi-deyil\\\/#primaryimage\"},\"image\":{\"@id\":\"https:\\\/\\\/www.meydan.tv\\\/az\\\/article\\\/vekil-aysel-umudovanin-veziyyeti-yaxsi-deyil\\\/#primaryimage\"},\"thumbnailUrl\":\"https:\\\/\\\/www.meydan.tv\\\/wp-content\\\/uploads\\\/screenshot-2024-12-08-at-12.36.06.png\",\"datePublished\":\"2024-12-08T11:39:04+00:00\",\"dateModified\":\"2024-12-11T11:25:51+00:00\",\"breadcrumb\":{\"@id\":\"https:\\\/\\\/www.meydan.tv\\\/az\\\/article\\\/vekil-aysel-umudovanin-veziyyeti-yaxsi-deyil\\\/#breadcrumb\"},\"inLanguage\":\"az\",\"potentialAction\":[{\"@type\":\"ReadAction\",\"target\":[\"https:\\\/\\\/www.meydan.tv\\\/az\\\/article\\\/vekil-aysel-umudovanin-veziyyeti-yaxsi-deyil\\\/\"]}]},{\"@type\":\"ImageObject\",\"inLanguage\":\"az\",\"@id\":\"https:\\\/\\\/www.meydan.tv\\\/az\\\/article\\\/vekil-aysel-umudovanin-veziyyeti-yaxsi-deyil\\\/#primaryimage\",\"url\":\"https:\\\/\\\/www.meydan.tv\\\/wp-content\\\/uploads\\\/screenshot-2024-12-08-at-12.36.06.png\",\"contentUrl\":\"https:\\\/\\\/www.meydan.tv\\\/wp-content\\\/uploads\\\/screenshot-2024-12-08-at-12.36.06.png\",\"width\":1894,\"height\":1018,\"caption\":\"Aysel Umudova\"},{\"@type\":\"BreadcrumbList\",\"@id\":\"https:\\\/\\\/www.meydan.tv\\\/az\\\/article\\\/vekil-aysel-umudovanin-veziyyeti-yaxsi-deyil\\\/#breadcrumb\",\"itemListElement\":[{\"@type\":\"ListItem\",\"position\":1,\"name\":\"Ana s\u0259hif\u0259\",\"item\":\"https:\\\/\\\/www.meydan.tv\\\/az\\\/\"},{\"@type\":\"ListItem\",\"position\":2,\"name\":\"X\u0259b\u0259rl\u0259r\",\"item\":\"https:\\\/\\\/www.meydan.tv\\\/az\\\/section\\\/xeberler\\\/\"},{\"@type\":\"ListItem\",\"position\":3,\"name\":\"V\u0259kil: \u201cAysel Umudovan\u0131n v\u0259ziyy\u0259ti yax\u015f\u0131 deyil\u201d\"}]},{\"@type\":\"WebSite\",\"@id\":\"https:\\\/\\\/www.meydan.tv\\\/az\\\/#website\",\"url\":\"https:\\\/\\\/www.meydan.tv\\\/az\\\/\",\"name\":\"MEYDAN.TV\",\"description\":\"Meydan TV Az\u0259rbaycan\u0131n media m\u0259kan\u0131ndak\u0131 alternativ s\u0259sidir\",\"publisher\":{\"@id\":\"https:\\\/\\\/www.meydan.tv\\\/az\\\/#organization\"},\"potentialAction\":[{\"@type\":\"SearchAction\",\"target\":{\"@type\":\"EntryPoint\",\"urlTemplate\":\"https:\\\/\\\/www.meydan.tv\\\/az\\\/?s={search_term_string}\"},\"query-input\":{\"@type\":\"PropertyValueSpecification\",\"valueRequired\":true,\"valueName\":\"search_term_string\"}}],\"inLanguage\":\"az\"},{\"@type\":\"Organization\",\"@id\":\"https:\\\/\\\/www.meydan.tv\\\/az\\\/#organization\",\"name\":\"Meydan TV\",\"url\":\"https:\\\/\\\/www.meydan.tv\\\/az\\\/\",\"logo\":{\"@type\":\"ImageObject\",\"inLanguage\":\"az\",\"@id\":\"https:\\\/\\\/www.meydan.tv\\\/az\\\/#\\\/schema\\\/logo\\\/image\\\/\",\"url\":\"https:\\\/\\\/www.meydan.tv\\\/wp-content\\\/uploads\\\/2021\\\/07\\\/meydan-logo.svg\",\"contentUrl\":\"https:\\\/\\\/www.meydan.tv\\\/wp-content\\\/uploads\\\/2021\\\/07\\\/meydan-logo.svg\",\"width\":195,\"height\":46,\"caption\":\"Meydan TV\"},\"image\":{\"@id\":\"https:\\\/\\\/www.meydan.tv\\\/az\\\/#\\\/schema\\\/logo\\\/image\\\/\"}},{\"@type\":\"Person\",\"@id\":\"https:\\\/\\\/www.meydan.tv\\\/az\\\/#\\\/schema\\\/person\\\/476e9360e593fa131d5d71d51866f8da\",\"name\":\"aleks\"}]}<\/script>\n<!-- \/ Yoast SEO plugin. -->","yoast_head_json":{"title":"V\u0259kil: \u201cAysel Umudovan\u0131n v\u0259ziyy\u0259ti yax\u015f\u0131 deyil\u201d - MEYDAN.TV","robots":{"index":"index","follow":"follow","max-snippet":"max-snippet:-1","max-image-preview":"max-image-preview:large","max-video-preview":"max-video-preview:-1"},"canonical":"https:\/\/www.meydan.tv\/az\/article\/vekil-aysel-umudovanin-veziyyeti-yaxsi-deyil\/","og_locale":"az_AZ","og_type":"article","og_title":"V\u0259kil: \u201cAysel Umudovan\u0131n v\u0259ziyy\u0259ti yax\u015f\u0131 deyil\u201d - MEYDAN.TV","og_url":"https:\/\/www.meydan.tv\/az\/article\/vekil-aysel-umudovanin-veziyyeti-yaxsi-deyil\/","og_site_name":"MEYDAN.TV","article_published_time":"2024-12-08T11:39:04+00:00","article_modified_time":"2024-12-11T11:25:51+00:00","og_image":[{"width":1894,"height":1018,"url":"https:\/\/www.meydan.tv\/wp-content\/uploads\/screenshot-2024-12-08-at-12.36.06.png","type":"image\/png"}],"author":"aleks","twitter_card":"summary_large_image","schema":{"@context":"https:\/\/schema.org","@graph":[{"@type":"Article","@id":"https:\/\/www.meydan.tv\/az\/article\/vekil-aysel-umudovanin-veziyyeti-yaxsi-deyil\/#article","isPartOf":{"@id":"https:\/\/www.meydan.tv\/az\/article\/vekil-aysel-umudovanin-veziyyeti-yaxsi-deyil\/"},"author":{"name":"aleks","@id":"https:\/\/www.meydan.tv\/az\/#\/schema\/person\/476e9360e593fa131d5d71d51866f8da"},"headline":"V\u0259kil: \u201cAysel Umudovan\u0131n v\u0259ziyy\u0259ti yax\u015f\u0131 deyil\u201d","datePublished":"2024-12-08T11:39:04+00:00","dateModified":"2024-12-11T11:25:51+00:00","mainEntityOfPage":{"@id":"https:\/\/www.meydan.tv\/az\/article\/vekil-aysel-umudovanin-veziyyeti-yaxsi-deyil\/"},"wordCount":209,"publisher":{"@id":"https:\/\/www.meydan.tv\/az\/#organization"},"image":{"@id":"https:\/\/www.meydan.tv\/az\/article\/vekil-aysel-umudovanin-veziyyeti-yaxsi-deyil\/#primaryimage"},"thumbnailUrl":"https:\/\/www.meydan.tv\/wp-content\/uploads\/screenshot-2024-12-08-at-12.36.06.png","articleSection":["Meydan TV i\u015fi","T\u00f6vsiy\u0259","Video","X\u0259b\u0259rl\u0259r"],"inLanguage":"az"},{"@type":"WebPage","@id":"https:\/\/www.meydan.tv\/az\/article\/vekil-aysel-umudovanin-veziyyeti-yaxsi-deyil\/","url":"https:\/\/www.meydan.tv\/az\/article\/vekil-aysel-umudovanin-veziyyeti-yaxsi-deyil\/","name":"V\u0259kil: \u201cAysel Umudovan\u0131n v\u0259ziyy\u0259ti yax\u015f\u0131 deyil\u201d - MEYDAN.TV","isPartOf":{"@id":"https:\/\/www.meydan.tv\/az\/#website"},"primaryImageOfPage":{"@id":"https:\/\/www.meydan.tv\/az\/article\/vekil-aysel-umudovanin-veziyyeti-yaxsi-deyil\/#primaryimage"},"image":{"@id":"https:\/\/www.meydan.tv\/az\/article\/vekil-aysel-umudovanin-veziyyeti-yaxsi-deyil\/#primaryimage"},"thumbnailUrl":"https:\/\/www.meydan.tv\/wp-content\/uploads\/screenshot-2024-12-08-at-12.36.06.png","datePublished":"2024-12-08T11:39:04+00:00","dateModified":"2024-12-11T11:25:51+00:00","breadcrumb":{"@id":"https:\/\/www.meydan.tv\/az\/article\/vekil-aysel-umudovanin-veziyyeti-yaxsi-deyil\/#breadcrumb"},"inLanguage":"az","potentialAction":[{"@type":"ReadAction","target":["https:\/\/www.meydan.tv\/az\/article\/vekil-aysel-umudovanin-veziyyeti-yaxsi-deyil\/"]}]},{"@type":"ImageObject","inLanguage":"az","@id":"https:\/\/www.meydan.tv\/az\/article\/vekil-aysel-umudovanin-veziyyeti-yaxsi-deyil\/#primaryimage","url":"https:\/\/www.meydan.tv\/wp-content\/uploads\/screenshot-2024-12-08-at-12.36.06.png","contentUrl":"https:\/\/www.meydan.tv\/wp-content\/uploads\/screenshot-2024-12-08-at-12.36.06.png","width":1894,"height":1018,"caption":"Aysel Umudova"},{"@type":"BreadcrumbList","@id":"https:\/\/www.meydan.tv\/az\/article\/vekil-aysel-umudovanin-veziyyeti-yaxsi-deyil\/#breadcrumb","itemListElement":[{"@type":"ListItem","position":1,"name":"Ana s\u0259hif\u0259","item":"https:\/\/www.meydan.tv\/az\/"},{"@type":"ListItem","position":2,"name":"X\u0259b\u0259rl\u0259r","item":"https:\/\/www.meydan.tv\/az\/section\/xeberler\/"},{"@type":"ListItem","position":3,"name":"V\u0259kil: \u201cAysel Umudovan\u0131n v\u0259ziyy\u0259ti yax\u015f\u0131 deyil\u201d"}]},{"@type":"WebSite","@id":"https:\/\/www.meydan.tv\/az\/#website","url":"https:\/\/www.meydan.tv\/az\/","name":"MEYDAN.TV","description":"Meydan TV Az\u0259rbaycan\u0131n media m\u0259kan\u0131ndak\u0131 alternativ s\u0259sidir","publisher":{"@id":"https:\/\/www.meydan.tv\/az\/#organization"},"potentialAction":[{"@type":"SearchAction","target":{"@type":"EntryPoint","urlTemplate":"https:\/\/www.meydan.tv\/az\/?s={search_term_string}"},"query-input":{"@type":"PropertyValueSpecification","valueRequired":true,"valueName":"search_term_string"}}],"inLanguage":"az"},{"@type":"Organization","@id":"https:\/\/www.meydan.tv\/az\/#organization","name":"Meydan TV","url":"https:\/\/www.meydan.tv\/az\/","logo":{"@type":"ImageObject","inLanguage":"az","@id":"https:\/\/www.meydan.tv\/az\/#\/schema\/logo\/image\/","url":"https:\/\/www.meydan.tv\/wp-content\/uploads\/2021\/07\/meydan-logo.svg","contentUrl":"https:\/\/www.meydan.tv\/wp-content\/uploads\/2021\/07\/meydan-logo.svg","width":195,"height":46,"caption":"Meydan TV"},"image":{"@id":"https:\/\/www.meydan.tv\/az\/#\/schema\/logo\/image\/"}},{"@type":"Person","@id":"https:\/\/www.meydan.tv\/az\/#\/schema\/person\/476e9360e593fa131d5d71d51866f8da","name":"aleks"}]}},"_links":{"self":[{"href":"https:\/\/www.meydan.tv\/az\/wp-json\/wp\/v2\/posts\/322417","targetHints":{"allow":["GET"]}}],"collection":[{"href":"https:\/\/www.meydan.tv\/az\/wp-json\/wp\/v2\/posts"}],"about":[{"href":"https:\/\/www.meydan.tv\/az\/wp-json\/wp\/v2\/types\/post"}],"author":[{"embeddable":true,"href":"https:\/\/www.meydan.tv\/az\/wp-json\/wp\/v2\/users\/12"}],"replies":[{"embeddable":true,"href":"https:\/\/www.meydan.tv\/az\/wp-json\/wp\/v2\/comments?post=322417"}],"version-history":[{"count":3,"href":"https:\/\/www.meydan.tv\/az\/wp-json\/wp\/v2\/posts\/322417\/revisions"}],"predecessor-version":[{"id":322428,"href":"https:\/\/www.meydan.tv\/az\/wp-json\/wp\/v2\/posts\/322417\/revisions\/322428"}],"wp:featuredmedia":[{"embeddable":true,"href":"https:\/\/www.meydan.tv\/az\/wp-json\/wp\/v2\/media\/322418"}],"wp:attachment":[{"href":"https:\/\/www.meydan.tv\/az\/wp-json\/wp\/v2\/media?parent=322417"}],"wp:term":[{"taxonomy":"category","embeddable":true,"href":"https:\/\/www.meydan.tv\/az\/wp-json\/wp\/v2\/categories?post=322417"},{"taxonomy":"post_tag","embeddable":true,"href":"https:\/\/www.meydan.tv\/az\/wp-json\/wp\/v2\/tags?post=322417"}],"curies":[{"name":"wp","href":"https:\/\/api.w.org\/{rel}","templated":true}]}}