{"id":322363,"date":"2024-12-07T02:30:23","date_gmt":"2024-12-06T22:30:23","guid":{"rendered":"https:\/\/www.meydan.tv\/?p=322363"},"modified":"2024-12-11T15:26:51","modified_gmt":"2024-12-11T11:26:51","slug":"jurnalistler-qacaqmalciliqda-ittiham-edilirler","status":"publish","type":"post","link":"https:\/\/www.meydan.tv\/az\/article\/jurnalistler-qacaqmalciliqda-ittiham-edilirler\/","title":{"rendered":"Jurnalistl\u0259r &#8221;qa\u00e7aqmal\u00e7\u0131l\u0131q&#8221;da ittiham edilirl\u0259r"},"content":{"rendered":"\n<p><em>Saxlan\u0131lanlar\u0131n v\u0259kill\u0259ri \u00e7\u0131x\u0131\u015f edibl\u0259r<\/em><\/p>\n\n\n\n<p>M\u00fcst\u0259qil jurnalist, reportyor Ramin Deko v\u0259 &#8220;Meydan Tv&#8221;nin \u0259m\u0259kda\u015flar\u0131 Aynur Q\u0259nb\u0259rova (Elg\u00fcn\u0259\u015f), Aytac \u018fhm\u0259dova (Tapd\u0131q), X\u0259yal\u0259 A\u011fayeva, Natiq Cavadl\u0131&nbsp; &#8220;qa\u00e7aqmal\u00e7\u0131l\u0131q&#8221;da \u015f\u00fcbh\u0259li bilin\u0259r\u0259k dekabr\u0131n 6-da&nbsp; saxlan\u0131l\u0131blar.<\/p>\n\n\n\n<p>Bu haqda onlar\u0131n v\u0259kill\u0259ri m\u0259lumat veribl\u0259r.&nbsp;<\/p>\n\n\n\n<p>Bildirilir ki, jurnalistl\u0259r\u0259 Cinay\u0259t M\u0259c\u0259ll\u0259sinin 206.3.2-ci (qa\u00e7aqmal\u00e7\u0131l\u0131q, \u0259vv\u0259lc\u0259d\u0259n \u0259lbir olan bir qrup \u015f\u0259xs t\u0259r\u0259find\u0259n t\u00f6r\u0259dildikd\u0259) madd\u0259si il\u0259 cinay\u0259t a\u00e7\u0131l\u0131b.&nbsp;<\/p>\n\n\n\n<p>Jurnalist X\u0259yal\u0259 A\u011fayevan\u0131n v\u0259kili Nazim Musayev bildirib ki, jurnalist iddialar\u0131 r\u0259dd edib.<\/p>\n\n\n\n<p>X\u0259yal\u0259 A\u011fayeva deyib ki, o, jurnalist f\u0259aliyy\u0259tin\u0259 g\u00f6r\u0259 h\u0259bs olunub.<\/p>\n\n\n\n<figure class=\"wp-block-image size-full\"><img decoding=\"async\" width=\"1200\" height=\"675\" data-src=\"https:\/\/www.meydan.tv\/wp-content\/uploads\/photo_2024-12-07-00.23.22.jpeg\" alt=\"\" class=\"wp-image-322368 lazyload\" src=\"data:image\/svg+xml;base64,PHN2ZyB3aWR0aD0iMSIgaGVpZ2h0PSIxIiB4bWxucz0iaHR0cDovL3d3dy53My5vcmcvMjAwMC9zdmciPjwvc3ZnPg==\" style=\"--smush-placeholder-width: 1200px; --smush-placeholder-aspect-ratio: 1200\/675;\" \/><\/figure>\n\n\n\n<p>G\u00fcnortadan etibar\u0259n, m\u00fcst\u0259qil jurnalist Ramin Deko saxlan\u0131l\u0131b.&nbsp;<\/p>\n\n\n\n<p>Bundan sonra jurnalistl\u0259r &#8211; Aynur Elg\u00fcn\u0259\u015f, Natiq Cavadl\u0131, X\u0259yal\u0259 A\u011fayeva, Aytac Tapd\u0131q v\u0259 Aysel Umudovadan da x\u0259b\u0259r almaq m\u00fcmk\u00fcn olmay\u0131b.&nbsp;<\/p>\n\n\n\n<p>Daha sonra h\u00f6kum\u0259ty\u00f6nl\u00fc mediada onlar\u0131n da saxlan\u0131lmas\u0131 bar\u0259d\u0259 x\u0259b\u0259rl\u0259r tirajlan\u0131b.<\/p>\n\n\n\n<p>Jurnalist Aysel Umudovan\u0131n v\u0259kili d\u0259 bildirib ki, o, \u015f\u00fcbh\u0259li \u015f\u0259xs qismind\u0259 saxlan\u0131l\u0131b.<\/p>\n\n\n\n<p>Daxili \u0130\u015fl\u0259r Nazirliyi (D\u0130N) m\u0259lumat yay\u0131b ki, Ramin C\u0259bray\u0131lzad\u0259 (Deko) \u00f6lk\u0259y\u0259 qeyri-qanuni xarici valyuta g\u0259tirm\u0259si il\u0259 \u0259laq\u0259dar daxil olan m\u0259lumat \u0259sas\u0131nda polis t\u0259r\u0259find\u0259n saxlan\u0131l\u0131b.&nbsp;<\/p>\n\n\n\n<p>Dig\u0259r jurnalistl\u0259rin d\u0259 bu i\u015f \u00fczr\u0259 ara\u015fd\u0131rmaya c\u0259lb olundu\u011fu a\u00e7\u0131qlan\u0131b.<\/p>\n\n\n\n<p>Saxlan\u0131lan jurnalistl\u0259rin \u0259ks\u0259riyy\u0259tinin evind\u0259 axtar\u0131\u015f apar\u0131l\u0131b, avadanl\u0131qlar\u0131 v\u0259 \u015f\u0259xsi \u0259\u015fyalar\u0131 g\u00f6t\u00fcr\u00fcl\u00fcb.<\/p>\n\n\n\n<p>M\u0259lumata g\u00f6r\u0259 &#8220;Meydan TV i\u015fi&#8221; il\u0259 \u0259laq\u0259si olmayan ba\u015fqa \u015f\u0259xsl\u0259r d\u0259 saxlan\u0131l\u0131b v\u0259 saxlan\u0131lanlar\u0131n \u0259n az\u0131 13 n\u0259f\u0259r olmas\u0131 ehtimal olunur.<\/p>\n\n\n\n<p>Meydan TV r\u0259hb\u0259rliyi b\u0259yanat yayaraq qeyd edib ki, polis t\u0259r\u0259find\u0259n s\u0259sl\u0259n\u0259n ittihamlar \u0259sass\u0131zd\u0131r v\u0259 jurnalistl\u0259rin saxlanmas\u0131 qanunsuz, eyni zamanda m\u00fcst\u0259qil mediaya qar\u015f\u0131 repressiyad\u0131r.<\/p>\n\n\n\n<p>\u00d6t\u0259n ilin noyabr\u0131ndan etibar\u0259n Az\u0259rbaycanda onlarla jurnalist &#8220;qa\u00e7aqmal\u00e7\u0131l\u0131q&#8221; ittiham\u0131 il\u0259 h\u0259bs edilib.&nbsp;<\/p>\n\n\n\n<p>Yerli v\u0259 beyn\u0259lxalq h\u00fcquq m\u00fcdafi\u0259 t\u0259\u015fkilatlar\u0131 ittihamlar\u0131 uydurma hesab edir v\u0259 jurnalistl\u0259rin d\u0259rhal azadl\u0131\u011fa burax\u0131lmas\u0131na \u00e7a\u011f\u0131r\u0131r.<\/p>\n","protected":false},"excerpt":{"rendered":"<p>Saxlan\u0131lanlar\u0131n v\u0259kill\u0259ri \u00e7\u0131x\u0131\u015f edibl\u0259r M\u00fcst\u0259qil jurnalist, reportyor Ramin Deko v\u0259 &#8230; <\/p>\n<p class=\"read-more-container\"><a title=\"Jurnalistl\u0259r &#8221;qa\u00e7aqmal\u00e7\u0131l\u0131q&#8221;da ittiham edilirl\u0259r\" class=\"read-more button\" href=\"https:\/\/www.meydan.tv\/az\/article\/jurnalistler-qacaqmalciliqda-ittiham-edilirler\/#more-322363\" aria-label=\"Read more about Jurnalistl\u0259r &#8221;qa\u00e7aqmal\u00e7\u0131l\u0131q&#8221;da ittiham edilirl\u0259r\">Davam\u0131<\/a><\/p>\n","protected":false},"author":12,"featured_media":322364,"comment_status":"closed","ping_status":"closed","sticky":false,"template":"","format":"standard","meta":{"_acf_changed":false,"_sitemap_exclude":false,"_sitemap_priority":"","_sitemap_frequency":"","footnotes":""},"categories":[139,59,79,56],"tags":[],"class_list":["post-322363","post","type-post","status-publish","format-standard","has-post-thumbnail","hentry","category-meydan-tv-isi","category-siyaset","category-featured","category-xeberler","infinite-scroll-item","generate-columns","tablet-grid-50","mobile-grid-100","grid-parent","grid-33","no-featured-image-padding"],"acf":[],"yoast_head":"<!-- This site is optimized with the Yoast SEO plugin v27.4 - https:\/\/yoast.com\/product\/yoast-seo-wordpress\/ -->\n<title>Jurnalistl\u0259r &#039;&#039;qa\u00e7aqmal\u00e7\u0131l\u0131q&#039;&#039;da ittiham edilirl\u0259r - MEYDAN.TV<\/title>\n<meta name=\"robots\" content=\"index, follow, max-snippet:-1, max-image-preview:large, max-video-preview:-1\" \/>\n<link rel=\"canonical\" href=\"https:\/\/www.meydan.tv\/az\/article\/jurnalistler-qacaqmalciliqda-ittiham-edilirler\/\" \/>\n<meta property=\"og:locale\" content=\"az_AZ\" \/>\n<meta property=\"og:type\" content=\"article\" \/>\n<meta property=\"og:title\" content=\"Jurnalistl\u0259r &#039;&#039;qa\u00e7aqmal\u00e7\u0131l\u0131q&#039;&#039;da ittiham edilirl\u0259r - MEYDAN.TV\" \/>\n<meta property=\"og:description\" content=\"Saxlan\u0131lanlar\u0131n v\u0259kill\u0259ri \u00e7\u0131x\u0131\u015f edibl\u0259r M\u00fcst\u0259qil jurnalist, reportyor Ramin Deko v\u0259 ... Davam\u0131\" \/>\n<meta property=\"og:url\" content=\"https:\/\/www.meydan.tv\/az\/article\/jurnalistler-qacaqmalciliqda-ittiham-edilirler\/\" \/>\n<meta property=\"og:site_name\" content=\"MEYDAN.TV\" \/>\n<meta property=\"article:published_time\" content=\"2024-12-06T22:30:23+00:00\" \/>\n<meta property=\"article:modified_time\" content=\"2024-12-11T11:26:51+00:00\" \/>\n<meta property=\"og:image\" content=\"https:\/\/www.meydan.tv\/wp-content\/uploads\/screenshot-2024-12-06-at-21.29.22-1200x660.png\" \/>\n\t<meta property=\"og:image:width\" content=\"1200\" \/>\n\t<meta property=\"og:image:height\" content=\"660\" \/>\n\t<meta property=\"og:image:type\" content=\"image\/png\" \/>\n<meta name=\"author\" content=\"aleks\" \/>\n<meta name=\"twitter:card\" content=\"summary_large_image\" \/>\n<script type=\"application\/ld+json\" class=\"yoast-schema-graph\">{\"@context\":\"https:\\\/\\\/schema.org\",\"@graph\":[{\"@type\":\"Article\",\"@id\":\"https:\\\/\\\/www.meydan.tv\\\/az\\\/article\\\/jurnalistler-qacaqmalciliqda-ittiham-edilirler\\\/#article\",\"isPartOf\":{\"@id\":\"https:\\\/\\\/www.meydan.tv\\\/az\\\/article\\\/jurnalistler-qacaqmalciliqda-ittiham-edilirler\\\/\"},\"author\":{\"name\":\"aleks\",\"@id\":\"https:\\\/\\\/www.meydan.tv\\\/az\\\/#\\\/schema\\\/person\\\/476e9360e593fa131d5d71d51866f8da\"},\"headline\":\"Jurnalistl\u0259r &#8221;qa\u00e7aqmal\u00e7\u0131l\u0131q&#8221;da ittiham edilirl\u0259r\",\"datePublished\":\"2024-12-06T22:30:23+00:00\",\"dateModified\":\"2024-12-11T11:26:51+00:00\",\"mainEntityOfPage\":{\"@id\":\"https:\\\/\\\/www.meydan.tv\\\/az\\\/article\\\/jurnalistler-qacaqmalciliqda-ittiham-edilirler\\\/\"},\"wordCount\":435,\"publisher\":{\"@id\":\"https:\\\/\\\/www.meydan.tv\\\/az\\\/#organization\"},\"image\":{\"@id\":\"https:\\\/\\\/www.meydan.tv\\\/az\\\/article\\\/jurnalistler-qacaqmalciliqda-ittiham-edilirler\\\/#primaryimage\"},\"thumbnailUrl\":\"https:\\\/\\\/www.meydan.tv\\\/wp-content\\\/uploads\\\/screenshot-2024-12-06-at-21.29.22.png\",\"articleSection\":[\"Meydan TV i\u015fi\",\"Siyas\u0259t\",\"T\u00f6vsiy\u0259\",\"X\u0259b\u0259rl\u0259r\"],\"inLanguage\":\"az\"},{\"@type\":\"WebPage\",\"@id\":\"https:\\\/\\\/www.meydan.tv\\\/az\\\/article\\\/jurnalistler-qacaqmalciliqda-ittiham-edilirler\\\/\",\"url\":\"https:\\\/\\\/www.meydan.tv\\\/az\\\/article\\\/jurnalistler-qacaqmalciliqda-ittiham-edilirler\\\/\",\"name\":\"Jurnalistl\u0259r ''qa\u00e7aqmal\u00e7\u0131l\u0131q''da ittiham edilirl\u0259r - MEYDAN.TV\",\"isPartOf\":{\"@id\":\"https:\\\/\\\/www.meydan.tv\\\/az\\\/#website\"},\"primaryImageOfPage\":{\"@id\":\"https:\\\/\\\/www.meydan.tv\\\/az\\\/article\\\/jurnalistler-qacaqmalciliqda-ittiham-edilirler\\\/#primaryimage\"},\"image\":{\"@id\":\"https:\\\/\\\/www.meydan.tv\\\/az\\\/article\\\/jurnalistler-qacaqmalciliqda-ittiham-edilirler\\\/#primaryimage\"},\"thumbnailUrl\":\"https:\\\/\\\/www.meydan.tv\\\/wp-content\\\/uploads\\\/screenshot-2024-12-06-at-21.29.22.png\",\"datePublished\":\"2024-12-06T22:30:23+00:00\",\"dateModified\":\"2024-12-11T11:26:51+00:00\",\"breadcrumb\":{\"@id\":\"https:\\\/\\\/www.meydan.tv\\\/az\\\/article\\\/jurnalistler-qacaqmalciliqda-ittiham-edilirler\\\/#breadcrumb\"},\"inLanguage\":\"az\",\"potentialAction\":[{\"@type\":\"ReadAction\",\"target\":[\"https:\\\/\\\/www.meydan.tv\\\/az\\\/article\\\/jurnalistler-qacaqmalciliqda-ittiham-edilirler\\\/\"]}]},{\"@type\":\"ImageObject\",\"inLanguage\":\"az\",\"@id\":\"https:\\\/\\\/www.meydan.tv\\\/az\\\/article\\\/jurnalistler-qacaqmalciliqda-ittiham-edilirler\\\/#primaryimage\",\"url\":\"https:\\\/\\\/www.meydan.tv\\\/wp-content\\\/uploads\\\/screenshot-2024-12-06-at-21.29.22.png\",\"contentUrl\":\"https:\\\/\\\/www.meydan.tv\\\/wp-content\\\/uploads\\\/screenshot-2024-12-06-at-21.29.22.png\",\"width\":3848,\"height\":2118,\"caption\":\"Meydan TV\"},{\"@type\":\"BreadcrumbList\",\"@id\":\"https:\\\/\\\/www.meydan.tv\\\/az\\\/article\\\/jurnalistler-qacaqmalciliqda-ittiham-edilirler\\\/#breadcrumb\",\"itemListElement\":[{\"@type\":\"ListItem\",\"position\":1,\"name\":\"Ana s\u0259hif\u0259\",\"item\":\"https:\\\/\\\/www.meydan.tv\\\/az\\\/\"},{\"@type\":\"ListItem\",\"position\":2,\"name\":\"X\u0259b\u0259rl\u0259r\",\"item\":\"https:\\\/\\\/www.meydan.tv\\\/az\\\/section\\\/xeberler\\\/\"},{\"@type\":\"ListItem\",\"position\":3,\"name\":\"Jurnalistl\u0259r &#8221;qa\u00e7aqmal\u00e7\u0131l\u0131q&#8221;da ittiham edilirl\u0259r\"}]},{\"@type\":\"WebSite\",\"@id\":\"https:\\\/\\\/www.meydan.tv\\\/az\\\/#website\",\"url\":\"https:\\\/\\\/www.meydan.tv\\\/az\\\/\",\"name\":\"MEYDAN.TV\",\"description\":\"Meydan TV Az\u0259rbaycan\u0131n media m\u0259kan\u0131ndak\u0131 alternativ s\u0259sidir\",\"publisher\":{\"@id\":\"https:\\\/\\\/www.meydan.tv\\\/az\\\/#organization\"},\"potentialAction\":[{\"@type\":\"SearchAction\",\"target\":{\"@type\":\"EntryPoint\",\"urlTemplate\":\"https:\\\/\\\/www.meydan.tv\\\/az\\\/?s={search_term_string}\"},\"query-input\":{\"@type\":\"PropertyValueSpecification\",\"valueRequired\":true,\"valueName\":\"search_term_string\"}}],\"inLanguage\":\"az\"},{\"@type\":\"Organization\",\"@id\":\"https:\\\/\\\/www.meydan.tv\\\/az\\\/#organization\",\"name\":\"Meydan TV\",\"url\":\"https:\\\/\\\/www.meydan.tv\\\/az\\\/\",\"logo\":{\"@type\":\"ImageObject\",\"inLanguage\":\"az\",\"@id\":\"https:\\\/\\\/www.meydan.tv\\\/az\\\/#\\\/schema\\\/logo\\\/image\\\/\",\"url\":\"https:\\\/\\\/www.meydan.tv\\\/wp-content\\\/uploads\\\/2021\\\/07\\\/meydan-logo.svg\",\"contentUrl\":\"https:\\\/\\\/www.meydan.tv\\\/wp-content\\\/uploads\\\/2021\\\/07\\\/meydan-logo.svg\",\"width\":195,\"height\":46,\"caption\":\"Meydan TV\"},\"image\":{\"@id\":\"https:\\\/\\\/www.meydan.tv\\\/az\\\/#\\\/schema\\\/logo\\\/image\\\/\"}},{\"@type\":\"Person\",\"@id\":\"https:\\\/\\\/www.meydan.tv\\\/az\\\/#\\\/schema\\\/person\\\/476e9360e593fa131d5d71d51866f8da\",\"name\":\"aleks\"}]}<\/script>\n<!-- \/ Yoast SEO plugin. -->","yoast_head_json":{"title":"Jurnalistl\u0259r ''qa\u00e7aqmal\u00e7\u0131l\u0131q''da ittiham edilirl\u0259r - MEYDAN.TV","robots":{"index":"index","follow":"follow","max-snippet":"max-snippet:-1","max-image-preview":"max-image-preview:large","max-video-preview":"max-video-preview:-1"},"canonical":"https:\/\/www.meydan.tv\/az\/article\/jurnalistler-qacaqmalciliqda-ittiham-edilirler\/","og_locale":"az_AZ","og_type":"article","og_title":"Jurnalistl\u0259r ''qa\u00e7aqmal\u00e7\u0131l\u0131q''da ittiham edilirl\u0259r - MEYDAN.TV","og_description":"Saxlan\u0131lanlar\u0131n v\u0259kill\u0259ri \u00e7\u0131x\u0131\u015f edibl\u0259r M\u00fcst\u0259qil jurnalist, reportyor Ramin Deko v\u0259 ... Davam\u0131","og_url":"https:\/\/www.meydan.tv\/az\/article\/jurnalistler-qacaqmalciliqda-ittiham-edilirler\/","og_site_name":"MEYDAN.TV","article_published_time":"2024-12-06T22:30:23+00:00","article_modified_time":"2024-12-11T11:26:51+00:00","og_image":[{"width":1200,"height":660,"url":"https:\/\/www.meydan.tv\/wp-content\/uploads\/screenshot-2024-12-06-at-21.29.22-1200x660.png","type":"image\/png"}],"author":"aleks","twitter_card":"summary_large_image","schema":{"@context":"https:\/\/schema.org","@graph":[{"@type":"Article","@id":"https:\/\/www.meydan.tv\/az\/article\/jurnalistler-qacaqmalciliqda-ittiham-edilirler\/#article","isPartOf":{"@id":"https:\/\/www.meydan.tv\/az\/article\/jurnalistler-qacaqmalciliqda-ittiham-edilirler\/"},"author":{"name":"aleks","@id":"https:\/\/www.meydan.tv\/az\/#\/schema\/person\/476e9360e593fa131d5d71d51866f8da"},"headline":"Jurnalistl\u0259r &#8221;qa\u00e7aqmal\u00e7\u0131l\u0131q&#8221;da ittiham edilirl\u0259r","datePublished":"2024-12-06T22:30:23+00:00","dateModified":"2024-12-11T11:26:51+00:00","mainEntityOfPage":{"@id":"https:\/\/www.meydan.tv\/az\/article\/jurnalistler-qacaqmalciliqda-ittiham-edilirler\/"},"wordCount":435,"publisher":{"@id":"https:\/\/www.meydan.tv\/az\/#organization"},"image":{"@id":"https:\/\/www.meydan.tv\/az\/article\/jurnalistler-qacaqmalciliqda-ittiham-edilirler\/#primaryimage"},"thumbnailUrl":"https:\/\/www.meydan.tv\/wp-content\/uploads\/screenshot-2024-12-06-at-21.29.22.png","articleSection":["Meydan TV i\u015fi","Siyas\u0259t","T\u00f6vsiy\u0259","X\u0259b\u0259rl\u0259r"],"inLanguage":"az"},{"@type":"WebPage","@id":"https:\/\/www.meydan.tv\/az\/article\/jurnalistler-qacaqmalciliqda-ittiham-edilirler\/","url":"https:\/\/www.meydan.tv\/az\/article\/jurnalistler-qacaqmalciliqda-ittiham-edilirler\/","name":"Jurnalistl\u0259r ''qa\u00e7aqmal\u00e7\u0131l\u0131q''da ittiham edilirl\u0259r - MEYDAN.TV","isPartOf":{"@id":"https:\/\/www.meydan.tv\/az\/#website"},"primaryImageOfPage":{"@id":"https:\/\/www.meydan.tv\/az\/article\/jurnalistler-qacaqmalciliqda-ittiham-edilirler\/#primaryimage"},"image":{"@id":"https:\/\/www.meydan.tv\/az\/article\/jurnalistler-qacaqmalciliqda-ittiham-edilirler\/#primaryimage"},"thumbnailUrl":"https:\/\/www.meydan.tv\/wp-content\/uploads\/screenshot-2024-12-06-at-21.29.22.png","datePublished":"2024-12-06T22:30:23+00:00","dateModified":"2024-12-11T11:26:51+00:00","breadcrumb":{"@id":"https:\/\/www.meydan.tv\/az\/article\/jurnalistler-qacaqmalciliqda-ittiham-edilirler\/#breadcrumb"},"inLanguage":"az","potentialAction":[{"@type":"ReadAction","target":["https:\/\/www.meydan.tv\/az\/article\/jurnalistler-qacaqmalciliqda-ittiham-edilirler\/"]}]},{"@type":"ImageObject","inLanguage":"az","@id":"https:\/\/www.meydan.tv\/az\/article\/jurnalistler-qacaqmalciliqda-ittiham-edilirler\/#primaryimage","url":"https:\/\/www.meydan.tv\/wp-content\/uploads\/screenshot-2024-12-06-at-21.29.22.png","contentUrl":"https:\/\/www.meydan.tv\/wp-content\/uploads\/screenshot-2024-12-06-at-21.29.22.png","width":3848,"height":2118,"caption":"Meydan TV"},{"@type":"BreadcrumbList","@id":"https:\/\/www.meydan.tv\/az\/article\/jurnalistler-qacaqmalciliqda-ittiham-edilirler\/#breadcrumb","itemListElement":[{"@type":"ListItem","position":1,"name":"Ana s\u0259hif\u0259","item":"https:\/\/www.meydan.tv\/az\/"},{"@type":"ListItem","position":2,"name":"X\u0259b\u0259rl\u0259r","item":"https:\/\/www.meydan.tv\/az\/section\/xeberler\/"},{"@type":"ListItem","position":3,"name":"Jurnalistl\u0259r &#8221;qa\u00e7aqmal\u00e7\u0131l\u0131q&#8221;da ittiham edilirl\u0259r"}]},{"@type":"WebSite","@id":"https:\/\/www.meydan.tv\/az\/#website","url":"https:\/\/www.meydan.tv\/az\/","name":"MEYDAN.TV","description":"Meydan TV Az\u0259rbaycan\u0131n media m\u0259kan\u0131ndak\u0131 alternativ s\u0259sidir","publisher":{"@id":"https:\/\/www.meydan.tv\/az\/#organization"},"potentialAction":[{"@type":"SearchAction","target":{"@type":"EntryPoint","urlTemplate":"https:\/\/www.meydan.tv\/az\/?s={search_term_string}"},"query-input":{"@type":"PropertyValueSpecification","valueRequired":true,"valueName":"search_term_string"}}],"inLanguage":"az"},{"@type":"Organization","@id":"https:\/\/www.meydan.tv\/az\/#organization","name":"Meydan TV","url":"https:\/\/www.meydan.tv\/az\/","logo":{"@type":"ImageObject","inLanguage":"az","@id":"https:\/\/www.meydan.tv\/az\/#\/schema\/logo\/image\/","url":"https:\/\/www.meydan.tv\/wp-content\/uploads\/2021\/07\/meydan-logo.svg","contentUrl":"https:\/\/www.meydan.tv\/wp-content\/uploads\/2021\/07\/meydan-logo.svg","width":195,"height":46,"caption":"Meydan TV"},"image":{"@id":"https:\/\/www.meydan.tv\/az\/#\/schema\/logo\/image\/"}},{"@type":"Person","@id":"https:\/\/www.meydan.tv\/az\/#\/schema\/person\/476e9360e593fa131d5d71d51866f8da","name":"aleks"}]}},"_links":{"self":[{"href":"https:\/\/www.meydan.tv\/az\/wp-json\/wp\/v2\/posts\/322363","targetHints":{"allow":["GET"]}}],"collection":[{"href":"https:\/\/www.meydan.tv\/az\/wp-json\/wp\/v2\/posts"}],"about":[{"href":"https:\/\/www.meydan.tv\/az\/wp-json\/wp\/v2\/types\/post"}],"author":[{"embeddable":true,"href":"https:\/\/www.meydan.tv\/az\/wp-json\/wp\/v2\/users\/12"}],"replies":[{"embeddable":true,"href":"https:\/\/www.meydan.tv\/az\/wp-json\/wp\/v2\/comments?post=322363"}],"version-history":[{"count":5,"href":"https:\/\/www.meydan.tv\/az\/wp-json\/wp\/v2\/posts\/322363\/revisions"}],"predecessor-version":[{"id":322621,"href":"https:\/\/www.meydan.tv\/az\/wp-json\/wp\/v2\/posts\/322363\/revisions\/322621"}],"wp:featuredmedia":[{"embeddable":true,"href":"https:\/\/www.meydan.tv\/az\/wp-json\/wp\/v2\/media\/322364"}],"wp:attachment":[{"href":"https:\/\/www.meydan.tv\/az\/wp-json\/wp\/v2\/media?parent=322363"}],"wp:term":[{"taxonomy":"category","embeddable":true,"href":"https:\/\/www.meydan.tv\/az\/wp-json\/wp\/v2\/categories?post=322363"},{"taxonomy":"post_tag","embeddable":true,"href":"https:\/\/www.meydan.tv\/az\/wp-json\/wp\/v2\/tags?post=322363"}],"curies":[{"name":"wp","href":"https:\/\/api.w.org\/{rel}","templated":true}]}}