{"id":322309,"date":"2024-12-06T12:30:55","date_gmt":"2024-12-06T08:30:55","guid":{"rendered":"https:\/\/www.meydan.tv\/?p=322309"},"modified":"2024-12-06T12:30:59","modified_gmt":"2024-12-06T08:30:59","slug":"ordudaki-143-milyonluq-yeyinti-isi-uzre-hebs-olunan-polkovnikle-bagli-yeni-hokm","status":"publish","type":"post","link":"https:\/\/www.meydan.tv\/az\/article\/ordudaki-143-milyonluq-yeyinti-isi-uzre-hebs-olunan-polkovnikle-bagli-yeni-hokm\/","title":{"rendered":"Ordudak\u0131 143 milyonluq yeyinti i\u015fi \u00fczr\u0259 h\u0259bs olunan polkovnikl\u0259 ba\u011fl\u0131 yeni h\u00f6km"},"content":{"rendered":"\n<p><\/p>\n\n\n\n<p><strong><em>Prokurorun protesti qism\u0259n t\u0259min edilib<\/em><\/strong><\/p>\n\n\n\n<p>M\u00fcdafi\u0259 Nazirliyind\u0259ki 143 milyonluq m\u0259nims\u0259m\u0259 il\u0259 ba\u011fl\u0131 cinay\u0259t i\u015fi \u00fczr\u0259 h\u0259bs olunanlardan biri \u2013 nazirliyin Sat\u0131nalmalar v\u0259 T\u0259chizat \u0130dar\u0259sinin sabiq r\u0259isi, polkovnik-leytenant Mahir \u015eirvanov 3 il azadl\u0131qdan m\u0259hrum edils\u0259 d\u0259, h\u00f6kmd\u0259n h\u0259m \u00f6z\u00fc \u015fikay\u0259t\u00e7i olmu\u015fdu, h\u0259m d\u0259 prokurorluq protest vermi\u015fdi.<\/p>\n\n\n\n<p>Bak\u0131 Apelyasiya M\u0259hk\u0259m\u0259sind\u0259 hakim Elb\u0259y Allahverdiyevin s\u0259drliyil\u0259 onun i\u015fin\u0259 yenid\u0259n bax\u0131l\u0131rd\u0131. Polkovnik Mahir \u015eirvanov apelyasiya \u015fikay\u0259tind\u0259 ona b\u0259ra\u0259t verilm\u0259sini ist\u0259yirdi. Prokurorluq is\u0259 onun c\u0259zas\u0131n\u0131n a\u011f\u0131rla\u015fd\u0131r\u0131lmas\u0131n\u0131 t\u0259l\u0259b edirdi.<\/p>\n\n\n\n<p>V\u0259kili \u00e7\u0131x\u0131\u015f\u0131nda bildirib ki, Mahir \u015eirvanovun i\u015fi \u00fczr\u0259 \u015fahidl\u0259r t\u0259zyiq alt\u0131nda ifad\u0259l\u0259r\u0259 qol \u00e7\u0259kibl\u0259r. Onun s\u00f6zl\u0259rin\u0259 g\u00f6r\u0259, \u015fahidl\u0259r m\u0259hk\u0259m\u0259d\u0259 ifad\u0259l\u0259rini t\u0259sdiql\u0259m\u0259yibl\u0259r. V\u0259kil onu da bildirib ki, prokuror protestind\u0259 c\u0259zan\u0131n a\u011f\u0131rla\u015fd\u0131r\u0131lmas\u0131 t\u0259l\u0259bi kimi Mahir \u015eirvanovun \u00f6z \u0259m\u0259lini etiraf etm\u0259m\u0259sini g\u00f6st\u0259rib:<\/p>\n\n\n\n<p><em>\u201c\u0130ndi Mahir \u015eirvanov durub etiraf el\u0259s\u0259, prokuror protestind\u0259n imtina ed\u0259c\u0259k?\u201d.<\/em><\/p>\n\n\n\n<p>V\u0259kil \u00e7\u0131x\u0131\u015f\u0131n\u0131n sonunda m\u00fcv\u0259kkilin\u0259 b\u0259ra\u0259t verilm\u0259sini ist\u0259yib.<\/p>\n\n\n<div class=\"wp-block-image\">\n<figure class=\"alignleft size-full is-resized\"><img decoding=\"async\" width=\"1200\" height=\"601\" data-src=\"https:\/\/www.meydan.tv\/wp-content\/uploads\/mehkeme-2.jpg\" alt=\"\" class=\"wp-image-248978 lazyload\" style=\"--smush-placeholder-width: 1200px; --smush-placeholder-aspect-ratio: 1200\/601;width:416px;height:auto\" src=\"data:image\/svg+xml;base64,PHN2ZyB3aWR0aD0iMSIgaGVpZ2h0PSIxIiB4bWxucz0iaHR0cDovL3d3dy53My5vcmcvMjAwMC9zdmciPjwvc3ZnPg==\" \/><figcaption class=\"wp-element-caption\">Bak\u0131 H\u0259rbi M\u0259hk\u0259m\u0259si. Foto: Meydan TV<\/figcaption><\/figure>\n<\/div>\n\n\n<p>Sentyabr\u0131n 9-da Bak\u0131 H\u0259rbi M\u0259hk\u0259m\u0259sind\u0259 Mahir \u015eirvanov haqq\u0131nda h\u00f6km \u00e7\u0131xar\u0131lark\u0259n onun yeyinti n\u0259tic\u0259sind\u0259 d\u00f6vl\u0259t\u0259 d\u0259ymi\u015f 50 min manatl\u0131q ziyan\u0131 \u00f6d\u0259m\u0259si y\u00fcng\u00fcll\u0259\u015fdirici hal kimi n\u0259z\u0259r\u0259 al\u0131nm\u0131\u015f, ona m\u00fcnasib\u0259td\u0259 Cinay\u0259t M\u0259c\u0259ll\u0259sinin 62-ci (qanunda n\u0259z\u0259rd\u0259 tutulan c\u0259zan\u0131n minimum h\u0259ddind\u0259n daha a\u015fa\u011f\u0131 c\u0259za) madd\u0259si t\u0259tbiq olunmu\u015fdu. Mahir \u015eirvanovun ittiham olundu\u011fu Cinay\u0259t M\u0259c\u0259ll\u0259sinin 179.4-c\u00fc (x\u00fcsusil\u0259 k\u00fclli miqdarda m\u0259nims\u0259m\u0259) madd\u0259sind\u0259 c\u0259za h\u0259ddi 10 ild\u0259n ba\u015flasa da, m\u0259hk\u0259m\u0259 onun 3 il azadl\u0131qdan m\u0259hrum edilm\u0259si haqda h\u00f6km \u00e7\u0131xarm\u0131\u015fd\u0131.<\/p>\n\n\n\n<p>Bak\u0131 Apelyasiya M\u0259hk\u0259m\u0259si prokurorlu\u011fun protestini qism\u0259n t\u0259smin ed\u0259r\u0259k, onun haqq\u0131nda h\u00f6km\u00fc d\u0259yi\u015fib v\u0259 c\u0259zas\u0131n\u0131 6 il\u0259 qald\u0131r\u0131b.<\/p>\n\n\n\n<p>Sat\u0131nalmalar v\u0259 T\u0259chizat \u0130dar\u0259sinin Mahir \u015eirvanovdan sonrak\u0131 r\u0259isi olmu\u015f M\u0259likm\u0259mm\u0259d Qurbanov da h\u0259bs olunanlar aras\u0131ndad\u0131r. O da 4 il azadl\u0131qdan m\u0259hrum edilib. Prokuror onun da haqq\u0131nda h\u00f6kmd\u0259n aproktest verib v\u0259 haz\u0131rda bu i\u015f \u00fczr\u0259 m\u0259hk\u0259m\u0259 prosesi davam edir.<\/p>\n\n\n\n<p>2022-ci ilin \u0259vv\u0259lind\u0259 D\u00f6vl\u0259t T\u0259hl\u00fck\u0259sizliyi Xidm\u0259ti (DTX) \u0259m\u0259kda\u015flar\u0131n\u0131n ke\u00e7irdiyi \u0259m\u0259liyyat n\u0259tic\u0259sind\u0259 M\u00fcdafi\u0259 Nazirliyinin Maliyy\u0259 v\u0259 B\u00fcdc\u0259 \u0130dar\u0259sinin r\u0259isi, general-mayor Nizami M\u0259mm\u0259dov, \u00e7oxsayl\u0131 polkovnikl\u0259r d\u0259 daxil olmaqla, M\u00fcdafi\u0259 Nazirliyinin 15-\u0259 yax\u0131n v\u0259zif\u0259li \u015f\u0259xsl\u0259ri h\u0259bs edilib. M\u00fcdafi\u0259 Nazirliyind\u0259ki 143 milyonluq yeyinti il\u0259 ba\u011fl\u0131 cinay\u0259t i\u015finin istintaq\u0131 birlikd\u0259 apar\u0131lsa da, h\u0259bs olunanlar\u0131n bir \u00e7oxunun m\u0259hk\u0259m\u0259si ayr\u0131-ayr\u0131l\u0131qda ke\u00e7irildi. General Nizami M\u0259mm\u0259dov v\u0259 daha 3 n\u0259f\u0259rin m\u0259hk\u0259m\u0259si is\u0259 h\u0259l\u0259 yekunla\u015fmay\u0131b.<\/p>\n","protected":false},"excerpt":{"rendered":"<p>Prokurorun protesti qism\u0259n t\u0259min edilib M\u00fcdafi\u0259 Nazirliyind\u0259ki 143 milyonluq m\u0259nims\u0259m\u0259 &#8230; <\/p>\n<p class=\"read-more-container\"><a title=\"Ordudak\u0131 143 milyonluq yeyinti i\u015fi \u00fczr\u0259 h\u0259bs olunan polkovnikl\u0259 ba\u011fl\u0131 yeni h\u00f6km\" class=\"read-more button\" href=\"https:\/\/www.meydan.tv\/az\/article\/ordudaki-143-milyonluq-yeyinti-isi-uzre-hebs-olunan-polkovnikle-bagli-yeni-hokm\/#more-322309\" aria-label=\"Read more about Ordudak\u0131 143 milyonluq yeyinti i\u015fi \u00fczr\u0259 h\u0259bs olunan polkovnikl\u0259 ba\u011fl\u0131 yeni h\u00f6km\">Davam\u0131<\/a><\/p>\n","protected":false},"author":8,"featured_media":315783,"comment_status":"closed","ping_status":"closed","sticky":false,"template":"","format":"standard","meta":{"_acf_changed":false,"_sitemap_exclude":false,"_sitemap_priority":"","_sitemap_frequency":"","footnotes":""},"categories":[59,62,56],"tags":[],"class_list":["post-322309","post","type-post","status-publish","format-standard","has-post-thumbnail","hentry","category-siyaset","category-sosial","category-xeberler","infinite-scroll-item","generate-columns","tablet-grid-50","mobile-grid-100","grid-parent","grid-33","no-featured-image-padding"],"acf":[],"yoast_head":"<!-- This site is optimized with the Yoast SEO plugin v27.4 - https:\/\/yoast.com\/product\/yoast-seo-wordpress\/ -->\n<title>Ordudak\u0131 143 milyonluq yeyinti i\u015fi \u00fczr\u0259 h\u0259bs olunan polkovnikl\u0259 ba\u011fl\u0131 yeni h\u00f6km - MEYDAN.TV<\/title>\n<meta name=\"description\" content=\"Onun s\u00f6zl\u0259rin\u0259 g\u00f6r\u0259, \u015fahidl\u0259r m\u0259hk\u0259m\u0259d\u0259 ifad\u0259l\u0259rini t\u0259sdiql\u0259m\u0259yibl\u0259r. V\u0259kil onu da bildirib ki, prokuror protestind\u0259 c\u0259zan\u0131n a\u011f\u0131rla\u015fd\u0131r\u0131lmas\u0131 t\u0259l\u0259bi kimi Mahir \u015eirvanovun \u00f6z \u0259m\u0259lini etiraf etm\u0259m\u0259sini g\u00f6st\u0259rib:\" \/>\n<meta name=\"robots\" content=\"index, follow, max-snippet:-1, max-image-preview:large, max-video-preview:-1\" \/>\n<link rel=\"canonical\" href=\"https:\/\/www.meydan.tv\/az\/article\/ordudaki-143-milyonluq-yeyinti-isi-uzre-hebs-olunan-polkovnikle-bagli-yeni-hokm\/\" \/>\n<meta property=\"og:locale\" content=\"az_AZ\" \/>\n<meta property=\"og:type\" content=\"article\" \/>\n<meta property=\"og:title\" content=\"Ordudak\u0131 143 milyonluq yeyinti i\u015fi \u00fczr\u0259 h\u0259bs olunan polkovnikl\u0259 ba\u011fl\u0131 yeni h\u00f6km - MEYDAN.TV\" \/>\n<meta property=\"og:description\" content=\"Onun s\u00f6zl\u0259rin\u0259 g\u00f6r\u0259, \u015fahidl\u0259r m\u0259hk\u0259m\u0259d\u0259 ifad\u0259l\u0259rini t\u0259sdiql\u0259m\u0259yibl\u0259r. V\u0259kil onu da bildirib ki, prokuror protestind\u0259 c\u0259zan\u0131n a\u011f\u0131rla\u015fd\u0131r\u0131lmas\u0131 t\u0259l\u0259bi kimi Mahir \u015eirvanovun \u00f6z \u0259m\u0259lini etiraf etm\u0259m\u0259sini g\u00f6st\u0259rib:\" \/>\n<meta property=\"og:url\" content=\"https:\/\/www.meydan.tv\/az\/article\/ordudaki-143-milyonluq-yeyinti-isi-uzre-hebs-olunan-polkovnikle-bagli-yeni-hokm\/\" \/>\n<meta property=\"og:site_name\" content=\"MEYDAN.TV\" \/>\n<meta property=\"article:published_time\" content=\"2024-12-06T08:30:55+00:00\" \/>\n<meta property=\"article:modified_time\" content=\"2024-12-06T08:30:59+00:00\" \/>\n<meta property=\"og:image\" content=\"https:\/\/www.meydan.tv\/wp-content\/uploads\/shutterstock_2196902567.jpg\" \/>\n\t<meta property=\"og:image:width\" content=\"1200\" \/>\n\t<meta property=\"og:image:height\" content=\"800\" \/>\n\t<meta property=\"og:image:type\" content=\"image\/jpeg\" \/>\n<meta name=\"author\" content=\"elli\" \/>\n<meta name=\"twitter:card\" content=\"summary_large_image\" \/>\n<meta name=\"twitter:creator\" content=\"@elli\" \/>\n<script type=\"application\/ld+json\" class=\"yoast-schema-graph\">{\"@context\":\"https:\\\/\\\/schema.org\",\"@graph\":[{\"@type\":\"Article\",\"@id\":\"https:\\\/\\\/www.meydan.tv\\\/az\\\/article\\\/ordudaki-143-milyonluq-yeyinti-isi-uzre-hebs-olunan-polkovnikle-bagli-yeni-hokm\\\/#article\",\"isPartOf\":{\"@id\":\"https:\\\/\\\/www.meydan.tv\\\/az\\\/article\\\/ordudaki-143-milyonluq-yeyinti-isi-uzre-hebs-olunan-polkovnikle-bagli-yeni-hokm\\\/\"},\"author\":{\"name\":\"elli\",\"@id\":\"https:\\\/\\\/www.meydan.tv\\\/az\\\/#\\\/schema\\\/person\\\/9cdbecf90d17180ce1dfbd95b08dcf47\"},\"headline\":\"Ordudak\u0131 143 milyonluq yeyinti i\u015fi \u00fczr\u0259 h\u0259bs olunan polkovnikl\u0259 ba\u011fl\u0131 yeni h\u00f6km\",\"datePublished\":\"2024-12-06T08:30:55+00:00\",\"dateModified\":\"2024-12-06T08:30:59+00:00\",\"mainEntityOfPage\":{\"@id\":\"https:\\\/\\\/www.meydan.tv\\\/az\\\/article\\\/ordudaki-143-milyonluq-yeyinti-isi-uzre-hebs-olunan-polkovnikle-bagli-yeni-hokm\\\/\"},\"wordCount\":578,\"publisher\":{\"@id\":\"https:\\\/\\\/www.meydan.tv\\\/az\\\/#organization\"},\"image\":{\"@id\":\"https:\\\/\\\/www.meydan.tv\\\/az\\\/article\\\/ordudaki-143-milyonluq-yeyinti-isi-uzre-hebs-olunan-polkovnikle-bagli-yeni-hokm\\\/#primaryimage\"},\"thumbnailUrl\":\"https:\\\/\\\/www.meydan.tv\\\/wp-content\\\/uploads\\\/shutterstock_2196902567.jpg\",\"articleSection\":[\"Siyas\u0259t\",\"Sosial\",\"X\u0259b\u0259rl\u0259r\"],\"inLanguage\":\"az\"},{\"@type\":\"WebPage\",\"@id\":\"https:\\\/\\\/www.meydan.tv\\\/az\\\/article\\\/ordudaki-143-milyonluq-yeyinti-isi-uzre-hebs-olunan-polkovnikle-bagli-yeni-hokm\\\/\",\"url\":\"https:\\\/\\\/www.meydan.tv\\\/az\\\/article\\\/ordudaki-143-milyonluq-yeyinti-isi-uzre-hebs-olunan-polkovnikle-bagli-yeni-hokm\\\/\",\"name\":\"Ordudak\u0131 143 milyonluq yeyinti i\u015fi \u00fczr\u0259 h\u0259bs olunan polkovnikl\u0259 ba\u011fl\u0131 yeni h\u00f6km - MEYDAN.TV\",\"isPartOf\":{\"@id\":\"https:\\\/\\\/www.meydan.tv\\\/az\\\/#website\"},\"primaryImageOfPage\":{\"@id\":\"https:\\\/\\\/www.meydan.tv\\\/az\\\/article\\\/ordudaki-143-milyonluq-yeyinti-isi-uzre-hebs-olunan-polkovnikle-bagli-yeni-hokm\\\/#primaryimage\"},\"image\":{\"@id\":\"https:\\\/\\\/www.meydan.tv\\\/az\\\/article\\\/ordudaki-143-milyonluq-yeyinti-isi-uzre-hebs-olunan-polkovnikle-bagli-yeni-hokm\\\/#primaryimage\"},\"thumbnailUrl\":\"https:\\\/\\\/www.meydan.tv\\\/wp-content\\\/uploads\\\/shutterstock_2196902567.jpg\",\"datePublished\":\"2024-12-06T08:30:55+00:00\",\"dateModified\":\"2024-12-06T08:30:59+00:00\",\"description\":\"Onun s\u00f6zl\u0259rin\u0259 g\u00f6r\u0259, \u015fahidl\u0259r m\u0259hk\u0259m\u0259d\u0259 ifad\u0259l\u0259rini t\u0259sdiql\u0259m\u0259yibl\u0259r. V\u0259kil onu da bildirib ki, prokuror protestind\u0259 c\u0259zan\u0131n a\u011f\u0131rla\u015fd\u0131r\u0131lmas\u0131 t\u0259l\u0259bi kimi Mahir \u015eirvanovun \u00f6z \u0259m\u0259lini etiraf etm\u0259m\u0259sini g\u00f6st\u0259rib:\",\"breadcrumb\":{\"@id\":\"https:\\\/\\\/www.meydan.tv\\\/az\\\/article\\\/ordudaki-143-milyonluq-yeyinti-isi-uzre-hebs-olunan-polkovnikle-bagli-yeni-hokm\\\/#breadcrumb\"},\"inLanguage\":\"az\",\"potentialAction\":[{\"@type\":\"ReadAction\",\"target\":[\"https:\\\/\\\/www.meydan.tv\\\/az\\\/article\\\/ordudaki-143-milyonluq-yeyinti-isi-uzre-hebs-olunan-polkovnikle-bagli-yeni-hokm\\\/\"]}]},{\"@type\":\"ImageObject\",\"inLanguage\":\"az\",\"@id\":\"https:\\\/\\\/www.meydan.tv\\\/az\\\/article\\\/ordudaki-143-milyonluq-yeyinti-isi-uzre-hebs-olunan-polkovnikle-bagli-yeni-hokm\\\/#primaryimage\",\"url\":\"https:\\\/\\\/www.meydan.tv\\\/wp-content\\\/uploads\\\/shutterstock_2196902567.jpg\",\"contentUrl\":\"https:\\\/\\\/www.meydan.tv\\\/wp-content\\\/uploads\\\/shutterstock_2196902567.jpg\",\"width\":1200,\"height\":800,\"caption\":\"Orduda korrupsiya. Foto: Anelo\\\/shutterstock\"},{\"@type\":\"BreadcrumbList\",\"@id\":\"https:\\\/\\\/www.meydan.tv\\\/az\\\/article\\\/ordudaki-143-milyonluq-yeyinti-isi-uzre-hebs-olunan-polkovnikle-bagli-yeni-hokm\\\/#breadcrumb\",\"itemListElement\":[{\"@type\":\"ListItem\",\"position\":1,\"name\":\"Ana s\u0259hif\u0259\",\"item\":\"https:\\\/\\\/www.meydan.tv\\\/az\\\/\"},{\"@type\":\"ListItem\",\"position\":2,\"name\":\"Siyas\u0259t\",\"item\":\"https:\\\/\\\/www.meydan.tv\\\/az\\\/section\\\/siyaset\\\/\"},{\"@type\":\"ListItem\",\"position\":3,\"name\":\"Ordudak\u0131 143 milyonluq yeyinti i\u015fi \u00fczr\u0259 h\u0259bs olunan polkovnikl\u0259 ba\u011fl\u0131 yeni h\u00f6km\"}]},{\"@type\":\"WebSite\",\"@id\":\"https:\\\/\\\/www.meydan.tv\\\/az\\\/#website\",\"url\":\"https:\\\/\\\/www.meydan.tv\\\/az\\\/\",\"name\":\"MEYDAN.TV\",\"description\":\"Meydan TV Az\u0259rbaycan\u0131n media m\u0259kan\u0131ndak\u0131 alternativ s\u0259sidir\",\"publisher\":{\"@id\":\"https:\\\/\\\/www.meydan.tv\\\/az\\\/#organization\"},\"potentialAction\":[{\"@type\":\"SearchAction\",\"target\":{\"@type\":\"EntryPoint\",\"urlTemplate\":\"https:\\\/\\\/www.meydan.tv\\\/az\\\/?s={search_term_string}\"},\"query-input\":{\"@type\":\"PropertyValueSpecification\",\"valueRequired\":true,\"valueName\":\"search_term_string\"}}],\"inLanguage\":\"az\"},{\"@type\":\"Organization\",\"@id\":\"https:\\\/\\\/www.meydan.tv\\\/az\\\/#organization\",\"name\":\"Meydan TV\",\"url\":\"https:\\\/\\\/www.meydan.tv\\\/az\\\/\",\"logo\":{\"@type\":\"ImageObject\",\"inLanguage\":\"az\",\"@id\":\"https:\\\/\\\/www.meydan.tv\\\/az\\\/#\\\/schema\\\/logo\\\/image\\\/\",\"url\":\"https:\\\/\\\/www.meydan.tv\\\/wp-content\\\/uploads\\\/2021\\\/07\\\/meydan-logo.svg\",\"contentUrl\":\"https:\\\/\\\/www.meydan.tv\\\/wp-content\\\/uploads\\\/2021\\\/07\\\/meydan-logo.svg\",\"width\":195,\"height\":46,\"caption\":\"Meydan TV\"},\"image\":{\"@id\":\"https:\\\/\\\/www.meydan.tv\\\/az\\\/#\\\/schema\\\/logo\\\/image\\\/\"}},{\"@type\":\"Person\",\"@id\":\"https:\\\/\\\/www.meydan.tv\\\/az\\\/#\\\/schema\\\/person\\\/9cdbecf90d17180ce1dfbd95b08dcf47\",\"name\":\"elli\",\"sameAs\":[\"https:\\\/\\\/x.com\\\/elli\"]}]}<\/script>\n<!-- \/ Yoast SEO plugin. -->","yoast_head_json":{"title":"Ordudak\u0131 143 milyonluq yeyinti i\u015fi \u00fczr\u0259 h\u0259bs olunan polkovnikl\u0259 ba\u011fl\u0131 yeni h\u00f6km - MEYDAN.TV","description":"Onun s\u00f6zl\u0259rin\u0259 g\u00f6r\u0259, \u015fahidl\u0259r m\u0259hk\u0259m\u0259d\u0259 ifad\u0259l\u0259rini t\u0259sdiql\u0259m\u0259yibl\u0259r. V\u0259kil onu da bildirib ki, prokuror protestind\u0259 c\u0259zan\u0131n a\u011f\u0131rla\u015fd\u0131r\u0131lmas\u0131 t\u0259l\u0259bi kimi Mahir \u015eirvanovun \u00f6z \u0259m\u0259lini etiraf etm\u0259m\u0259sini g\u00f6st\u0259rib:","robots":{"index":"index","follow":"follow","max-snippet":"max-snippet:-1","max-image-preview":"max-image-preview:large","max-video-preview":"max-video-preview:-1"},"canonical":"https:\/\/www.meydan.tv\/az\/article\/ordudaki-143-milyonluq-yeyinti-isi-uzre-hebs-olunan-polkovnikle-bagli-yeni-hokm\/","og_locale":"az_AZ","og_type":"article","og_title":"Ordudak\u0131 143 milyonluq yeyinti i\u015fi \u00fczr\u0259 h\u0259bs olunan polkovnikl\u0259 ba\u011fl\u0131 yeni h\u00f6km - MEYDAN.TV","og_description":"Onun s\u00f6zl\u0259rin\u0259 g\u00f6r\u0259, \u015fahidl\u0259r m\u0259hk\u0259m\u0259d\u0259 ifad\u0259l\u0259rini t\u0259sdiql\u0259m\u0259yibl\u0259r. V\u0259kil onu da bildirib ki, prokuror protestind\u0259 c\u0259zan\u0131n a\u011f\u0131rla\u015fd\u0131r\u0131lmas\u0131 t\u0259l\u0259bi kimi Mahir \u015eirvanovun \u00f6z \u0259m\u0259lini etiraf etm\u0259m\u0259sini g\u00f6st\u0259rib:","og_url":"https:\/\/www.meydan.tv\/az\/article\/ordudaki-143-milyonluq-yeyinti-isi-uzre-hebs-olunan-polkovnikle-bagli-yeni-hokm\/","og_site_name":"MEYDAN.TV","article_published_time":"2024-12-06T08:30:55+00:00","article_modified_time":"2024-12-06T08:30:59+00:00","og_image":[{"width":1200,"height":800,"url":"https:\/\/www.meydan.tv\/wp-content\/uploads\/shutterstock_2196902567.jpg","type":"image\/jpeg"}],"author":"elli","twitter_card":"summary_large_image","twitter_creator":"@elli","schema":{"@context":"https:\/\/schema.org","@graph":[{"@type":"Article","@id":"https:\/\/www.meydan.tv\/az\/article\/ordudaki-143-milyonluq-yeyinti-isi-uzre-hebs-olunan-polkovnikle-bagli-yeni-hokm\/#article","isPartOf":{"@id":"https:\/\/www.meydan.tv\/az\/article\/ordudaki-143-milyonluq-yeyinti-isi-uzre-hebs-olunan-polkovnikle-bagli-yeni-hokm\/"},"author":{"name":"elli","@id":"https:\/\/www.meydan.tv\/az\/#\/schema\/person\/9cdbecf90d17180ce1dfbd95b08dcf47"},"headline":"Ordudak\u0131 143 milyonluq yeyinti i\u015fi \u00fczr\u0259 h\u0259bs olunan polkovnikl\u0259 ba\u011fl\u0131 yeni h\u00f6km","datePublished":"2024-12-06T08:30:55+00:00","dateModified":"2024-12-06T08:30:59+00:00","mainEntityOfPage":{"@id":"https:\/\/www.meydan.tv\/az\/article\/ordudaki-143-milyonluq-yeyinti-isi-uzre-hebs-olunan-polkovnikle-bagli-yeni-hokm\/"},"wordCount":578,"publisher":{"@id":"https:\/\/www.meydan.tv\/az\/#organization"},"image":{"@id":"https:\/\/www.meydan.tv\/az\/article\/ordudaki-143-milyonluq-yeyinti-isi-uzre-hebs-olunan-polkovnikle-bagli-yeni-hokm\/#primaryimage"},"thumbnailUrl":"https:\/\/www.meydan.tv\/wp-content\/uploads\/shutterstock_2196902567.jpg","articleSection":["Siyas\u0259t","Sosial","X\u0259b\u0259rl\u0259r"],"inLanguage":"az"},{"@type":"WebPage","@id":"https:\/\/www.meydan.tv\/az\/article\/ordudaki-143-milyonluq-yeyinti-isi-uzre-hebs-olunan-polkovnikle-bagli-yeni-hokm\/","url":"https:\/\/www.meydan.tv\/az\/article\/ordudaki-143-milyonluq-yeyinti-isi-uzre-hebs-olunan-polkovnikle-bagli-yeni-hokm\/","name":"Ordudak\u0131 143 milyonluq yeyinti i\u015fi \u00fczr\u0259 h\u0259bs olunan polkovnikl\u0259 ba\u011fl\u0131 yeni h\u00f6km - MEYDAN.TV","isPartOf":{"@id":"https:\/\/www.meydan.tv\/az\/#website"},"primaryImageOfPage":{"@id":"https:\/\/www.meydan.tv\/az\/article\/ordudaki-143-milyonluq-yeyinti-isi-uzre-hebs-olunan-polkovnikle-bagli-yeni-hokm\/#primaryimage"},"image":{"@id":"https:\/\/www.meydan.tv\/az\/article\/ordudaki-143-milyonluq-yeyinti-isi-uzre-hebs-olunan-polkovnikle-bagli-yeni-hokm\/#primaryimage"},"thumbnailUrl":"https:\/\/www.meydan.tv\/wp-content\/uploads\/shutterstock_2196902567.jpg","datePublished":"2024-12-06T08:30:55+00:00","dateModified":"2024-12-06T08:30:59+00:00","description":"Onun s\u00f6zl\u0259rin\u0259 g\u00f6r\u0259, \u015fahidl\u0259r m\u0259hk\u0259m\u0259d\u0259 ifad\u0259l\u0259rini t\u0259sdiql\u0259m\u0259yibl\u0259r. V\u0259kil onu da bildirib ki, prokuror protestind\u0259 c\u0259zan\u0131n a\u011f\u0131rla\u015fd\u0131r\u0131lmas\u0131 t\u0259l\u0259bi kimi Mahir \u015eirvanovun \u00f6z \u0259m\u0259lini etiraf etm\u0259m\u0259sini g\u00f6st\u0259rib:","breadcrumb":{"@id":"https:\/\/www.meydan.tv\/az\/article\/ordudaki-143-milyonluq-yeyinti-isi-uzre-hebs-olunan-polkovnikle-bagli-yeni-hokm\/#breadcrumb"},"inLanguage":"az","potentialAction":[{"@type":"ReadAction","target":["https:\/\/www.meydan.tv\/az\/article\/ordudaki-143-milyonluq-yeyinti-isi-uzre-hebs-olunan-polkovnikle-bagli-yeni-hokm\/"]}]},{"@type":"ImageObject","inLanguage":"az","@id":"https:\/\/www.meydan.tv\/az\/article\/ordudaki-143-milyonluq-yeyinti-isi-uzre-hebs-olunan-polkovnikle-bagli-yeni-hokm\/#primaryimage","url":"https:\/\/www.meydan.tv\/wp-content\/uploads\/shutterstock_2196902567.jpg","contentUrl":"https:\/\/www.meydan.tv\/wp-content\/uploads\/shutterstock_2196902567.jpg","width":1200,"height":800,"caption":"Orduda korrupsiya. Foto: Anelo\/shutterstock"},{"@type":"BreadcrumbList","@id":"https:\/\/www.meydan.tv\/az\/article\/ordudaki-143-milyonluq-yeyinti-isi-uzre-hebs-olunan-polkovnikle-bagli-yeni-hokm\/#breadcrumb","itemListElement":[{"@type":"ListItem","position":1,"name":"Ana s\u0259hif\u0259","item":"https:\/\/www.meydan.tv\/az\/"},{"@type":"ListItem","position":2,"name":"Siyas\u0259t","item":"https:\/\/www.meydan.tv\/az\/section\/siyaset\/"},{"@type":"ListItem","position":3,"name":"Ordudak\u0131 143 milyonluq yeyinti i\u015fi \u00fczr\u0259 h\u0259bs olunan polkovnikl\u0259 ba\u011fl\u0131 yeni h\u00f6km"}]},{"@type":"WebSite","@id":"https:\/\/www.meydan.tv\/az\/#website","url":"https:\/\/www.meydan.tv\/az\/","name":"MEYDAN.TV","description":"Meydan TV Az\u0259rbaycan\u0131n media m\u0259kan\u0131ndak\u0131 alternativ s\u0259sidir","publisher":{"@id":"https:\/\/www.meydan.tv\/az\/#organization"},"potentialAction":[{"@type":"SearchAction","target":{"@type":"EntryPoint","urlTemplate":"https:\/\/www.meydan.tv\/az\/?s={search_term_string}"},"query-input":{"@type":"PropertyValueSpecification","valueRequired":true,"valueName":"search_term_string"}}],"inLanguage":"az"},{"@type":"Organization","@id":"https:\/\/www.meydan.tv\/az\/#organization","name":"Meydan TV","url":"https:\/\/www.meydan.tv\/az\/","logo":{"@type":"ImageObject","inLanguage":"az","@id":"https:\/\/www.meydan.tv\/az\/#\/schema\/logo\/image\/","url":"https:\/\/www.meydan.tv\/wp-content\/uploads\/2021\/07\/meydan-logo.svg","contentUrl":"https:\/\/www.meydan.tv\/wp-content\/uploads\/2021\/07\/meydan-logo.svg","width":195,"height":46,"caption":"Meydan TV"},"image":{"@id":"https:\/\/www.meydan.tv\/az\/#\/schema\/logo\/image\/"}},{"@type":"Person","@id":"https:\/\/www.meydan.tv\/az\/#\/schema\/person\/9cdbecf90d17180ce1dfbd95b08dcf47","name":"elli","sameAs":["https:\/\/x.com\/elli"]}]}},"_links":{"self":[{"href":"https:\/\/www.meydan.tv\/az\/wp-json\/wp\/v2\/posts\/322309","targetHints":{"allow":["GET"]}}],"collection":[{"href":"https:\/\/www.meydan.tv\/az\/wp-json\/wp\/v2\/posts"}],"about":[{"href":"https:\/\/www.meydan.tv\/az\/wp-json\/wp\/v2\/types\/post"}],"author":[{"embeddable":true,"href":"https:\/\/www.meydan.tv\/az\/wp-json\/wp\/v2\/users\/8"}],"replies":[{"embeddable":true,"href":"https:\/\/www.meydan.tv\/az\/wp-json\/wp\/v2\/comments?post=322309"}],"version-history":[{"count":1,"href":"https:\/\/www.meydan.tv\/az\/wp-json\/wp\/v2\/posts\/322309\/revisions"}],"predecessor-version":[{"id":322310,"href":"https:\/\/www.meydan.tv\/az\/wp-json\/wp\/v2\/posts\/322309\/revisions\/322310"}],"wp:featuredmedia":[{"embeddable":true,"href":"https:\/\/www.meydan.tv\/az\/wp-json\/wp\/v2\/media\/315783"}],"wp:attachment":[{"href":"https:\/\/www.meydan.tv\/az\/wp-json\/wp\/v2\/media?parent=322309"}],"wp:term":[{"taxonomy":"category","embeddable":true,"href":"https:\/\/www.meydan.tv\/az\/wp-json\/wp\/v2\/categories?post=322309"},{"taxonomy":"post_tag","embeddable":true,"href":"https:\/\/www.meydan.tv\/az\/wp-json\/wp\/v2\/tags?post=322309"}],"curies":[{"name":"wp","href":"https:\/\/api.w.org\/{rel}","templated":true}]}}