{"id":322270,"date":"2024-12-06T11:29:25","date_gmt":"2024-12-06T07:29:25","guid":{"rendered":"https:\/\/www.meydan.tv\/?p=322270"},"modified":"2024-12-06T11:29:27","modified_gmt":"2024-12-06T07:29:27","slug":"daha-bir-reabilitasiya-merkezinde-olum-qurumun-rehberi-hebs-edildi","status":"publish","type":"post","link":"https:\/\/www.meydan.tv\/az\/article\/daha-bir-reabilitasiya-merkezinde-olum-qurumun-rehberi-hebs-edildi\/","title":{"rendered":"Daha bir Reabilitasiya M\u0259rk\u0259zind\u0259 \u00f6l\u00fcm: qurumun r\u0259hb\u0259ri h\u0259bs edildi"},"content":{"rendered":"\n<p><\/p>\n\n\n\n<p><strong><em>Faktla ba\u011fl\u0131 cinay\u0259t i\u015fi a\u00e7\u0131l\u0131b<\/em><\/strong><\/p>\n\n\n\n<p>Bak\u0131da narkomaniyadan \u0259ziyy\u0259t \u00e7\u0259k\u0259n \u015f\u0259xsl\u0259rin bu as\u0131l\u0131l\u0131qdan qurtulmaq \u00fc\u00e7\u00fcn saxland\u0131\u011f\u0131 daha bir reabilitasiya m\u0259rk\u0259zind\u0259 \u00f6l\u00fcm ba\u015f verib. Bu d\u0259f\u0259 Ab\u015feron rayonu, Novxan\u0131 q\u0259s\u0259b\u0259sind\u0259 f\u0259aliyy\u0259t g\u00f6st\u0259r\u0259n \u201cH\u0259yat \u00fc\u00e7\u00fcn \u015fans\u201d adl\u0131 Reabilitasiya M\u0259rk\u0259zind\u0259 saxlan\u0131lan \u015f\u0259xsl\u0259rd\u0259n biri h\u0259yat\u0131n\u0131 itirib.<\/p>\n\n\n\n<p>Faktla ba\u011fl\u0131 Ab\u015feron Rayon Prokurorlu\u011funda cinay\u0259t i\u015fi ba\u015flan\u0131b. Reabilitasiya M\u0259rk\u0259zinin t\u0259sis\u00e7isi v\u0259 r\u0259hb\u0259ri Elgiz Alxanov h\u0259bs olunub.<\/p>\n\n\n\n<p>\u0130stintaq \u00e7\u0259r\u00e7iv\u0259sind\u0259 \u00f6l\u00fcm\u00fcn ba\u015fverm\u0259 s\u0259b\u0259bl\u0259ri, \u015f\u0259xs\u0259 orada i\u015fg\u0259nc\u0259 verilib-verilm\u0259m\u0259si il\u0259 yana\u015f\u0131, Reabilitasiya M\u0259rk\u0259zinin qanuni \u0259saslarla f\u0259aliyy\u0259t g\u00f6st\u0259rm\u0259si m\u0259s\u0259l\u0259si d\u0259 ara\u015fd\u0131r\u0131l\u0131r.<\/p>\n\n\n\n<p>Narkomaniyadan \u0259ziyy\u0259t \u00e7\u0259k\u0259n \u015f\u0259xsl\u0259rin as\u0131l\u0131l\u0131qdan qurtulmaq m\u0259qs\u0259dil\u0259 saxland\u0131\u011f\u0131 reabilitasiya m\u0259rk\u0259zl\u0259rind\u0259 bundan \u0259vv\u0259l d\u0259 \u00f6l\u00fcm hallar\u0131 ba\u015f verib. Novxan\u0131 q\u0259s\u0259b\u0259sind\u0259ki \u201cU\u011fur yolu\u201d Reabilitasiya M\u0259rk\u0259zind\u0259 27 ya\u015fl\u0131 Roma Fataxov, \u201cNew Life\u201d Reabilitasiya M\u0259rk\u0259zind\u0259 H\u00fcseyn M\u0259mm\u0259dov h\u0259yat\u0131n\u0131 itirib. Onlar\u0131n d\u00f6y\u00fclm\u0259, pis r\u0259ftar n\u0259tic\u0259sind\u0259 \u00f6ld\u00fcy\u00fc iddia edilir.<\/p>\n\n\n\n<p>G\u00f6st\u0259ril\u0259n h\u0259r iki \u00f6l\u00fcm fakt\u0131 il\u0259 \u0259laq\u0259dar bir ne\u00e7\u0259 n\u0259f\u0259r h\u0259bs olunub.<\/p>\n","protected":false},"excerpt":{"rendered":"<p>Faktla ba\u011fl\u0131 cinay\u0259t i\u015fi a\u00e7\u0131l\u0131b Bak\u0131da narkomaniyadan \u0259ziyy\u0259t \u00e7\u0259k\u0259n \u015f\u0259xsl\u0259rin &#8230; <\/p>\n<p class=\"read-more-container\"><a title=\"Daha bir Reabilitasiya M\u0259rk\u0259zind\u0259 \u00f6l\u00fcm: qurumun r\u0259hb\u0259ri h\u0259bs edildi\" class=\"read-more button\" href=\"https:\/\/www.meydan.tv\/az\/article\/daha-bir-reabilitasiya-merkezinde-olum-qurumun-rehberi-hebs-edildi\/#more-322270\" aria-label=\"Read more about Daha bir Reabilitasiya M\u0259rk\u0259zind\u0259 \u00f6l\u00fcm: qurumun r\u0259hb\u0259ri h\u0259bs edildi\">Davam\u0131<\/a><\/p>\n","protected":false},"author":8,"featured_media":267562,"comment_status":"closed","ping_status":"closed","sticky":false,"template":"","format":"standard","meta":{"_acf_changed":false,"_sitemap_exclude":false,"_sitemap_priority":"","_sitemap_frequency":"","footnotes":""},"categories":[62,56],"tags":[],"class_list":["post-322270","post","type-post","status-publish","format-standard","has-post-thumbnail","hentry","category-sosial","category-xeberler","infinite-scroll-item","generate-columns","tablet-grid-50","mobile-grid-100","grid-parent","grid-33","no-featured-image-padding"],"acf":[],"yoast_head":"<!-- This site is optimized with the Yoast SEO plugin v27.4 - https:\/\/yoast.com\/product\/yoast-seo-wordpress\/ -->\n<title>Daha bir Reabilitasiya M\u0259rk\u0259zind\u0259 \u00f6l\u00fcm: qurumun r\u0259hb\u0259ri h\u0259bs edildi - MEYDAN.TV<\/title>\n<meta name=\"description\" content=\"\u0130stintaq \u00e7\u0259r\u00e7iv\u0259sind\u0259 \u00f6l\u00fcm\u00fcn ba\u015fverm\u0259 s\u0259b\u0259bl\u0259ri, \u015f\u0259xs\u0259 orada i\u015fg\u0259nc\u0259 verilib-verilm\u0259m\u0259si il\u0259 yana\u015f\u0131, Rebilitasiya M\u0259rk\u0259zinin qanuni \u0259saslarla f\u0259aliyy\u0259t g\u00f6st\u0259rm\u0259si m\u0259s\u0259l\u0259si d\u0259 ara\u015fd\u0131r\u0131l\u0131r\" \/>\n<meta name=\"robots\" content=\"index, follow, max-snippet:-1, max-image-preview:large, max-video-preview:-1\" \/>\n<link rel=\"canonical\" href=\"https:\/\/www.meydan.tv\/az\/article\/daha-bir-reabilitasiya-merkezinde-olum-qurumun-rehberi-hebs-edildi\/\" \/>\n<meta property=\"og:locale\" content=\"az_AZ\" \/>\n<meta property=\"og:type\" content=\"article\" \/>\n<meta property=\"og:title\" content=\"Daha bir Reabilitasiya M\u0259rk\u0259zind\u0259 \u00f6l\u00fcm: qurumun r\u0259hb\u0259ri h\u0259bs edildi - MEYDAN.TV\" \/>\n<meta property=\"og:description\" content=\"\u0130stintaq \u00e7\u0259r\u00e7iv\u0259sind\u0259 \u00f6l\u00fcm\u00fcn ba\u015fverm\u0259 s\u0259b\u0259bl\u0259ri, \u015f\u0259xs\u0259 orada i\u015fg\u0259nc\u0259 verilib-verilm\u0259m\u0259si il\u0259 yana\u015f\u0131, Rebilitasiya M\u0259rk\u0259zinin qanuni \u0259saslarla f\u0259aliyy\u0259t g\u00f6st\u0259rm\u0259si m\u0259s\u0259l\u0259si d\u0259 ara\u015fd\u0131r\u0131l\u0131r\" \/>\n<meta property=\"og:url\" content=\"https:\/\/www.meydan.tv\/az\/article\/daha-bir-reabilitasiya-merkezinde-olum-qurumun-rehberi-hebs-edildi\/\" \/>\n<meta property=\"og:site_name\" content=\"MEYDAN.TV\" \/>\n<meta property=\"article:published_time\" content=\"2024-12-06T07:29:25+00:00\" \/>\n<meta property=\"article:modified_time\" content=\"2024-12-06T07:29:27+00:00\" \/>\n<meta property=\"og:image\" content=\"https:\/\/www.meydan.tv\/wp-content\/uploads\/abseron.jpg\" \/>\n\t<meta property=\"og:image:width\" content=\"1200\" \/>\n\t<meta property=\"og:image:height\" content=\"650\" \/>\n\t<meta property=\"og:image:type\" content=\"image\/jpeg\" \/>\n<meta name=\"author\" content=\"elli\" \/>\n<meta name=\"twitter:card\" content=\"summary_large_image\" \/>\n<meta name=\"twitter:creator\" content=\"@elli\" \/>\n<script type=\"application\/ld+json\" class=\"yoast-schema-graph\">{\"@context\":\"https:\\\/\\\/schema.org\",\"@graph\":[{\"@type\":\"Article\",\"@id\":\"https:\\\/\\\/www.meydan.tv\\\/az\\\/article\\\/daha-bir-reabilitasiya-merkezinde-olum-qurumun-rehberi-hebs-edildi\\\/#article\",\"isPartOf\":{\"@id\":\"https:\\\/\\\/www.meydan.tv\\\/az\\\/article\\\/daha-bir-reabilitasiya-merkezinde-olum-qurumun-rehberi-hebs-edildi\\\/\"},\"author\":{\"name\":\"elli\",\"@id\":\"https:\\\/\\\/www.meydan.tv\\\/az\\\/#\\\/schema\\\/person\\\/9cdbecf90d17180ce1dfbd95b08dcf47\"},\"headline\":\"Daha bir Reabilitasiya M\u0259rk\u0259zind\u0259 \u00f6l\u00fcm: qurumun r\u0259hb\u0259ri h\u0259bs edildi\",\"datePublished\":\"2024-12-06T07:29:25+00:00\",\"dateModified\":\"2024-12-06T07:29:27+00:00\",\"mainEntityOfPage\":{\"@id\":\"https:\\\/\\\/www.meydan.tv\\\/az\\\/article\\\/daha-bir-reabilitasiya-merkezinde-olum-qurumun-rehberi-hebs-edildi\\\/\"},\"wordCount\":264,\"publisher\":{\"@id\":\"https:\\\/\\\/www.meydan.tv\\\/az\\\/#organization\"},\"image\":{\"@id\":\"https:\\\/\\\/www.meydan.tv\\\/az\\\/article\\\/daha-bir-reabilitasiya-merkezinde-olum-qurumun-rehberi-hebs-edildi\\\/#primaryimage\"},\"thumbnailUrl\":\"https:\\\/\\\/www.meydan.tv\\\/wp-content\\\/uploads\\\/abseron.jpg\",\"articleSection\":[\"Sosial\",\"X\u0259b\u0259rl\u0259r\"],\"inLanguage\":\"az\"},{\"@type\":\"WebPage\",\"@id\":\"https:\\\/\\\/www.meydan.tv\\\/az\\\/article\\\/daha-bir-reabilitasiya-merkezinde-olum-qurumun-rehberi-hebs-edildi\\\/\",\"url\":\"https:\\\/\\\/www.meydan.tv\\\/az\\\/article\\\/daha-bir-reabilitasiya-merkezinde-olum-qurumun-rehberi-hebs-edildi\\\/\",\"name\":\"Daha bir Reabilitasiya M\u0259rk\u0259zind\u0259 \u00f6l\u00fcm: qurumun r\u0259hb\u0259ri h\u0259bs edildi - MEYDAN.TV\",\"isPartOf\":{\"@id\":\"https:\\\/\\\/www.meydan.tv\\\/az\\\/#website\"},\"primaryImageOfPage\":{\"@id\":\"https:\\\/\\\/www.meydan.tv\\\/az\\\/article\\\/daha-bir-reabilitasiya-merkezinde-olum-qurumun-rehberi-hebs-edildi\\\/#primaryimage\"},\"image\":{\"@id\":\"https:\\\/\\\/www.meydan.tv\\\/az\\\/article\\\/daha-bir-reabilitasiya-merkezinde-olum-qurumun-rehberi-hebs-edildi\\\/#primaryimage\"},\"thumbnailUrl\":\"https:\\\/\\\/www.meydan.tv\\\/wp-content\\\/uploads\\\/abseron.jpg\",\"datePublished\":\"2024-12-06T07:29:25+00:00\",\"dateModified\":\"2024-12-06T07:29:27+00:00\",\"description\":\"\u0130stintaq \u00e7\u0259r\u00e7iv\u0259sind\u0259 \u00f6l\u00fcm\u00fcn ba\u015fverm\u0259 s\u0259b\u0259bl\u0259ri, \u015f\u0259xs\u0259 orada i\u015fg\u0259nc\u0259 verilib-verilm\u0259m\u0259si il\u0259 yana\u015f\u0131, Rebilitasiya M\u0259rk\u0259zinin qanuni \u0259saslarla f\u0259aliyy\u0259t g\u00f6st\u0259rm\u0259si m\u0259s\u0259l\u0259si d\u0259 ara\u015fd\u0131r\u0131l\u0131r\",\"breadcrumb\":{\"@id\":\"https:\\\/\\\/www.meydan.tv\\\/az\\\/article\\\/daha-bir-reabilitasiya-merkezinde-olum-qurumun-rehberi-hebs-edildi\\\/#breadcrumb\"},\"inLanguage\":\"az\",\"potentialAction\":[{\"@type\":\"ReadAction\",\"target\":[\"https:\\\/\\\/www.meydan.tv\\\/az\\\/article\\\/daha-bir-reabilitasiya-merkezinde-olum-qurumun-rehberi-hebs-edildi\\\/\"]}]},{\"@type\":\"ImageObject\",\"inLanguage\":\"az\",\"@id\":\"https:\\\/\\\/www.meydan.tv\\\/az\\\/article\\\/daha-bir-reabilitasiya-merkezinde-olum-qurumun-rehberi-hebs-edildi\\\/#primaryimage\",\"url\":\"https:\\\/\\\/www.meydan.tv\\\/wp-content\\\/uploads\\\/abseron.jpg\",\"contentUrl\":\"https:\\\/\\\/www.meydan.tv\\\/wp-content\\\/uploads\\\/abseron.jpg\",\"width\":1200,\"height\":650,\"caption\":\"Ab\u015feron rayon prokurorlu\u011fu. Foto: Ba\u015f Prokurorluq\"},{\"@type\":\"BreadcrumbList\",\"@id\":\"https:\\\/\\\/www.meydan.tv\\\/az\\\/article\\\/daha-bir-reabilitasiya-merkezinde-olum-qurumun-rehberi-hebs-edildi\\\/#breadcrumb\",\"itemListElement\":[{\"@type\":\"ListItem\",\"position\":1,\"name\":\"Ana s\u0259hif\u0259\",\"item\":\"https:\\\/\\\/www.meydan.tv\\\/az\\\/\"},{\"@type\":\"ListItem\",\"position\":2,\"name\":\"Sosial\",\"item\":\"https:\\\/\\\/www.meydan.tv\\\/az\\\/section\\\/sosial\\\/\"},{\"@type\":\"ListItem\",\"position\":3,\"name\":\"Daha bir Reabilitasiya M\u0259rk\u0259zind\u0259 \u00f6l\u00fcm: qurumun r\u0259hb\u0259ri h\u0259bs edildi\"}]},{\"@type\":\"WebSite\",\"@id\":\"https:\\\/\\\/www.meydan.tv\\\/az\\\/#website\",\"url\":\"https:\\\/\\\/www.meydan.tv\\\/az\\\/\",\"name\":\"MEYDAN.TV\",\"description\":\"Meydan TV Az\u0259rbaycan\u0131n media m\u0259kan\u0131ndak\u0131 alternativ s\u0259sidir\",\"publisher\":{\"@id\":\"https:\\\/\\\/www.meydan.tv\\\/az\\\/#organization\"},\"potentialAction\":[{\"@type\":\"SearchAction\",\"target\":{\"@type\":\"EntryPoint\",\"urlTemplate\":\"https:\\\/\\\/www.meydan.tv\\\/az\\\/?s={search_term_string}\"},\"query-input\":{\"@type\":\"PropertyValueSpecification\",\"valueRequired\":true,\"valueName\":\"search_term_string\"}}],\"inLanguage\":\"az\"},{\"@type\":\"Organization\",\"@id\":\"https:\\\/\\\/www.meydan.tv\\\/az\\\/#organization\",\"name\":\"Meydan TV\",\"url\":\"https:\\\/\\\/www.meydan.tv\\\/az\\\/\",\"logo\":{\"@type\":\"ImageObject\",\"inLanguage\":\"az\",\"@id\":\"https:\\\/\\\/www.meydan.tv\\\/az\\\/#\\\/schema\\\/logo\\\/image\\\/\",\"url\":\"https:\\\/\\\/www.meydan.tv\\\/wp-content\\\/uploads\\\/2021\\\/07\\\/meydan-logo.svg\",\"contentUrl\":\"https:\\\/\\\/www.meydan.tv\\\/wp-content\\\/uploads\\\/2021\\\/07\\\/meydan-logo.svg\",\"width\":195,\"height\":46,\"caption\":\"Meydan TV\"},\"image\":{\"@id\":\"https:\\\/\\\/www.meydan.tv\\\/az\\\/#\\\/schema\\\/logo\\\/image\\\/\"}},{\"@type\":\"Person\",\"@id\":\"https:\\\/\\\/www.meydan.tv\\\/az\\\/#\\\/schema\\\/person\\\/9cdbecf90d17180ce1dfbd95b08dcf47\",\"name\":\"elli\",\"sameAs\":[\"https:\\\/\\\/x.com\\\/elli\"]}]}<\/script>\n<!-- \/ Yoast SEO plugin. -->","yoast_head_json":{"title":"Daha bir Reabilitasiya M\u0259rk\u0259zind\u0259 \u00f6l\u00fcm: qurumun r\u0259hb\u0259ri h\u0259bs edildi - MEYDAN.TV","description":"\u0130stintaq \u00e7\u0259r\u00e7iv\u0259sind\u0259 \u00f6l\u00fcm\u00fcn ba\u015fverm\u0259 s\u0259b\u0259bl\u0259ri, \u015f\u0259xs\u0259 orada i\u015fg\u0259nc\u0259 verilib-verilm\u0259m\u0259si il\u0259 yana\u015f\u0131, Rebilitasiya M\u0259rk\u0259zinin qanuni \u0259saslarla f\u0259aliyy\u0259t g\u00f6st\u0259rm\u0259si m\u0259s\u0259l\u0259si d\u0259 ara\u015fd\u0131r\u0131l\u0131r","robots":{"index":"index","follow":"follow","max-snippet":"max-snippet:-1","max-image-preview":"max-image-preview:large","max-video-preview":"max-video-preview:-1"},"canonical":"https:\/\/www.meydan.tv\/az\/article\/daha-bir-reabilitasiya-merkezinde-olum-qurumun-rehberi-hebs-edildi\/","og_locale":"az_AZ","og_type":"article","og_title":"Daha bir Reabilitasiya M\u0259rk\u0259zind\u0259 \u00f6l\u00fcm: qurumun r\u0259hb\u0259ri h\u0259bs edildi - MEYDAN.TV","og_description":"\u0130stintaq \u00e7\u0259r\u00e7iv\u0259sind\u0259 \u00f6l\u00fcm\u00fcn ba\u015fverm\u0259 s\u0259b\u0259bl\u0259ri, \u015f\u0259xs\u0259 orada i\u015fg\u0259nc\u0259 verilib-verilm\u0259m\u0259si il\u0259 yana\u015f\u0131, Rebilitasiya M\u0259rk\u0259zinin qanuni \u0259saslarla f\u0259aliyy\u0259t g\u00f6st\u0259rm\u0259si m\u0259s\u0259l\u0259si d\u0259 ara\u015fd\u0131r\u0131l\u0131r","og_url":"https:\/\/www.meydan.tv\/az\/article\/daha-bir-reabilitasiya-merkezinde-olum-qurumun-rehberi-hebs-edildi\/","og_site_name":"MEYDAN.TV","article_published_time":"2024-12-06T07:29:25+00:00","article_modified_time":"2024-12-06T07:29:27+00:00","og_image":[{"width":1200,"height":650,"url":"https:\/\/www.meydan.tv\/wp-content\/uploads\/abseron.jpg","type":"image\/jpeg"}],"author":"elli","twitter_card":"summary_large_image","twitter_creator":"@elli","schema":{"@context":"https:\/\/schema.org","@graph":[{"@type":"Article","@id":"https:\/\/www.meydan.tv\/az\/article\/daha-bir-reabilitasiya-merkezinde-olum-qurumun-rehberi-hebs-edildi\/#article","isPartOf":{"@id":"https:\/\/www.meydan.tv\/az\/article\/daha-bir-reabilitasiya-merkezinde-olum-qurumun-rehberi-hebs-edildi\/"},"author":{"name":"elli","@id":"https:\/\/www.meydan.tv\/az\/#\/schema\/person\/9cdbecf90d17180ce1dfbd95b08dcf47"},"headline":"Daha bir Reabilitasiya M\u0259rk\u0259zind\u0259 \u00f6l\u00fcm: qurumun r\u0259hb\u0259ri h\u0259bs edildi","datePublished":"2024-12-06T07:29:25+00:00","dateModified":"2024-12-06T07:29:27+00:00","mainEntityOfPage":{"@id":"https:\/\/www.meydan.tv\/az\/article\/daha-bir-reabilitasiya-merkezinde-olum-qurumun-rehberi-hebs-edildi\/"},"wordCount":264,"publisher":{"@id":"https:\/\/www.meydan.tv\/az\/#organization"},"image":{"@id":"https:\/\/www.meydan.tv\/az\/article\/daha-bir-reabilitasiya-merkezinde-olum-qurumun-rehberi-hebs-edildi\/#primaryimage"},"thumbnailUrl":"https:\/\/www.meydan.tv\/wp-content\/uploads\/abseron.jpg","articleSection":["Sosial","X\u0259b\u0259rl\u0259r"],"inLanguage":"az"},{"@type":"WebPage","@id":"https:\/\/www.meydan.tv\/az\/article\/daha-bir-reabilitasiya-merkezinde-olum-qurumun-rehberi-hebs-edildi\/","url":"https:\/\/www.meydan.tv\/az\/article\/daha-bir-reabilitasiya-merkezinde-olum-qurumun-rehberi-hebs-edildi\/","name":"Daha bir Reabilitasiya M\u0259rk\u0259zind\u0259 \u00f6l\u00fcm: qurumun r\u0259hb\u0259ri h\u0259bs edildi - MEYDAN.TV","isPartOf":{"@id":"https:\/\/www.meydan.tv\/az\/#website"},"primaryImageOfPage":{"@id":"https:\/\/www.meydan.tv\/az\/article\/daha-bir-reabilitasiya-merkezinde-olum-qurumun-rehberi-hebs-edildi\/#primaryimage"},"image":{"@id":"https:\/\/www.meydan.tv\/az\/article\/daha-bir-reabilitasiya-merkezinde-olum-qurumun-rehberi-hebs-edildi\/#primaryimage"},"thumbnailUrl":"https:\/\/www.meydan.tv\/wp-content\/uploads\/abseron.jpg","datePublished":"2024-12-06T07:29:25+00:00","dateModified":"2024-12-06T07:29:27+00:00","description":"\u0130stintaq \u00e7\u0259r\u00e7iv\u0259sind\u0259 \u00f6l\u00fcm\u00fcn ba\u015fverm\u0259 s\u0259b\u0259bl\u0259ri, \u015f\u0259xs\u0259 orada i\u015fg\u0259nc\u0259 verilib-verilm\u0259m\u0259si il\u0259 yana\u015f\u0131, Rebilitasiya M\u0259rk\u0259zinin qanuni \u0259saslarla f\u0259aliyy\u0259t g\u00f6st\u0259rm\u0259si m\u0259s\u0259l\u0259si d\u0259 ara\u015fd\u0131r\u0131l\u0131r","breadcrumb":{"@id":"https:\/\/www.meydan.tv\/az\/article\/daha-bir-reabilitasiya-merkezinde-olum-qurumun-rehberi-hebs-edildi\/#breadcrumb"},"inLanguage":"az","potentialAction":[{"@type":"ReadAction","target":["https:\/\/www.meydan.tv\/az\/article\/daha-bir-reabilitasiya-merkezinde-olum-qurumun-rehberi-hebs-edildi\/"]}]},{"@type":"ImageObject","inLanguage":"az","@id":"https:\/\/www.meydan.tv\/az\/article\/daha-bir-reabilitasiya-merkezinde-olum-qurumun-rehberi-hebs-edildi\/#primaryimage","url":"https:\/\/www.meydan.tv\/wp-content\/uploads\/abseron.jpg","contentUrl":"https:\/\/www.meydan.tv\/wp-content\/uploads\/abseron.jpg","width":1200,"height":650,"caption":"Ab\u015feron rayon prokurorlu\u011fu. Foto: Ba\u015f Prokurorluq"},{"@type":"BreadcrumbList","@id":"https:\/\/www.meydan.tv\/az\/article\/daha-bir-reabilitasiya-merkezinde-olum-qurumun-rehberi-hebs-edildi\/#breadcrumb","itemListElement":[{"@type":"ListItem","position":1,"name":"Ana s\u0259hif\u0259","item":"https:\/\/www.meydan.tv\/az\/"},{"@type":"ListItem","position":2,"name":"Sosial","item":"https:\/\/www.meydan.tv\/az\/section\/sosial\/"},{"@type":"ListItem","position":3,"name":"Daha bir Reabilitasiya M\u0259rk\u0259zind\u0259 \u00f6l\u00fcm: qurumun r\u0259hb\u0259ri h\u0259bs edildi"}]},{"@type":"WebSite","@id":"https:\/\/www.meydan.tv\/az\/#website","url":"https:\/\/www.meydan.tv\/az\/","name":"MEYDAN.TV","description":"Meydan TV Az\u0259rbaycan\u0131n media m\u0259kan\u0131ndak\u0131 alternativ s\u0259sidir","publisher":{"@id":"https:\/\/www.meydan.tv\/az\/#organization"},"potentialAction":[{"@type":"SearchAction","target":{"@type":"EntryPoint","urlTemplate":"https:\/\/www.meydan.tv\/az\/?s={search_term_string}"},"query-input":{"@type":"PropertyValueSpecification","valueRequired":true,"valueName":"search_term_string"}}],"inLanguage":"az"},{"@type":"Organization","@id":"https:\/\/www.meydan.tv\/az\/#organization","name":"Meydan TV","url":"https:\/\/www.meydan.tv\/az\/","logo":{"@type":"ImageObject","inLanguage":"az","@id":"https:\/\/www.meydan.tv\/az\/#\/schema\/logo\/image\/","url":"https:\/\/www.meydan.tv\/wp-content\/uploads\/2021\/07\/meydan-logo.svg","contentUrl":"https:\/\/www.meydan.tv\/wp-content\/uploads\/2021\/07\/meydan-logo.svg","width":195,"height":46,"caption":"Meydan TV"},"image":{"@id":"https:\/\/www.meydan.tv\/az\/#\/schema\/logo\/image\/"}},{"@type":"Person","@id":"https:\/\/www.meydan.tv\/az\/#\/schema\/person\/9cdbecf90d17180ce1dfbd95b08dcf47","name":"elli","sameAs":["https:\/\/x.com\/elli"]}]}},"_links":{"self":[{"href":"https:\/\/www.meydan.tv\/az\/wp-json\/wp\/v2\/posts\/322270","targetHints":{"allow":["GET"]}}],"collection":[{"href":"https:\/\/www.meydan.tv\/az\/wp-json\/wp\/v2\/posts"}],"about":[{"href":"https:\/\/www.meydan.tv\/az\/wp-json\/wp\/v2\/types\/post"}],"author":[{"embeddable":true,"href":"https:\/\/www.meydan.tv\/az\/wp-json\/wp\/v2\/users\/8"}],"replies":[{"embeddable":true,"href":"https:\/\/www.meydan.tv\/az\/wp-json\/wp\/v2\/comments?post=322270"}],"version-history":[{"count":3,"href":"https:\/\/www.meydan.tv\/az\/wp-json\/wp\/v2\/posts\/322270\/revisions"}],"predecessor-version":[{"id":322273,"href":"https:\/\/www.meydan.tv\/az\/wp-json\/wp\/v2\/posts\/322270\/revisions\/322273"}],"wp:featuredmedia":[{"embeddable":true,"href":"https:\/\/www.meydan.tv\/az\/wp-json\/wp\/v2\/media\/267562"}],"wp:attachment":[{"href":"https:\/\/www.meydan.tv\/az\/wp-json\/wp\/v2\/media?parent=322270"}],"wp:term":[{"taxonomy":"category","embeddable":true,"href":"https:\/\/www.meydan.tv\/az\/wp-json\/wp\/v2\/categories?post=322270"},{"taxonomy":"post_tag","embeddable":true,"href":"https:\/\/www.meydan.tv\/az\/wp-json\/wp\/v2\/tags?post=322270"}],"curies":[{"name":"wp","href":"https:\/\/api.w.org\/{rel}","templated":true}]}}