{"id":322238,"date":"2024-12-05T16:42:02","date_gmt":"2024-12-05T12:42:02","guid":{"rendered":"https:\/\/www.meydan.tv\/?p=322238"},"modified":"2024-12-05T16:42:04","modified_gmt":"2024-12-05T12:42:04","slug":"gurcu-polisi-etnik-azerbaycanliya-get-eliyev-rejiminden-haqlarini-teleb-ele","status":"publish","type":"post","link":"https:\/\/www.meydan.tv\/az\/article\/gurcu-polisi-etnik-azerbaycanliya-get-eliyev-rejiminden-haqlarini-teleb-ele\/","title":{"rendered":"G\u00fcrc\u00fc polisi etnik az\u0259rbaycanl\u0131ya: \u201cGet, \u018fliyev rejimind\u0259n haqlar\u0131n\u0131 t\u0259l\u0259b el\u0259\u201d"},"content":{"rendered":"\n<figure class=\"wp-block-embed is-type-video is-provider-youtube wp-block-embed-youtube wp-embed-aspect-16-9 wp-has-aspect-ratio\"><div class=\"wp-block-embed__wrapper\">\n<iframe title=\"G\u00fcrc\u00fc polisi etnik az\u0259rbaycanl\u0131ya: \u201cGet, \u018fliyev rejimind\u0259n haqlar\u0131n\u0131 t\u0259l\u0259b el\u0259\u201d\" width=\"1200\" height=\"675\" data-src=\"https:\/\/www.youtube.com\/embed\/0pYONg1ciCc?feature=oembed\" frameborder=\"0\" allow=\"accelerometer; autoplay; clipboard-write; encrypted-media; gyroscope; picture-in-picture; web-share\" referrerpolicy=\"strict-origin-when-cross-origin\" allowfullscreen src=\"data:image\/svg+xml;base64,PHN2ZyB3aWR0aD0iMSIgaGVpZ2h0PSIxIiB4bWxucz0iaHR0cDovL3d3dy53My5vcmcvMjAwMC9zdmciPjwvc3ZnPg==\" class=\"lazyload\" data-load-mode=\"1\"><\/iframe>\n<\/div><\/figure>\n\n\n\n<!--more-->\n\n\n\n<p><\/p>\n\n\n\n<p>Tbilisid\u0259 davam ed\u0259n etiraz aksiyalar\u0131nda G\u00fcrc\u00fcstan v\u0259t\u0259nda\u015f\u0131 olan etnik az\u0259rbaycanl\u0131 da saxlan\u0131l\u0131b. O, m\u0259hk\u0259m\u0259nin q\u0259rar\u0131 il\u0259 8 sutka m\u00fcdd\u0259tin\u0259 h\u0259bs edilib. Elvin K\u0259rimov onunla g\u00f6r\u00fc\u015f\u0259n v\u0259kilin\u0259 saxlan\u0131landan sonra on polis t\u0259r\u0259find\u0259n v\u0259h\u015fic\u0259sin\u0259 d\u00f6y\u00fcld\u00fcy\u00fcn\u00fc deyib. <\/p>\n\n\n\n<p><em>\u201cHaz\u0131rda onun \u00fcz\u00fcnd\u0259 izl\u0259r, \u015fi\u015fl\u0259r var. B\u0259d\u0259nind\u0259 ayaq izl\u0259ri var. V\u0259kilin dediyin\u0259 g\u00f6r\u0259, onu d\u00f6y\u0259rk\u0259n deyibl\u0259r ki, s\u0259n \u201ctataris\u0259n\u201d, get Az\u0259rbaycana, get \u018fliyev rejimind\u0259n haqlar\u0131n\u0131 t\u0259l\u0259b el\u0259\u201d<\/em>.<\/p>\n\n\n\n<p>\u201cTatari\u201d G\u00fcrc\u00fcstanda etnik az\u0259rbaycanl\u0131lar\u0131 a\u015fa\u011f\u0131lamaq v\u0259 t\u0259hqir etm\u0259k \u00fc\u00e7\u00fcn i\u015fl\u0259nil\u0259n ifad\u0259dir. Etnik az\u0259rbaycanl\u0131lar\u0131n kompakt ya\u015fad\u0131\u011f\u0131 Marneuli rayonunda da etiraz aksiyas\u0131na g\u0259l\u0259nl\u0259r G\u00fcrc\u00fcstanda t\u0259krar se\u00e7kil\u0259rin ke\u00e7irilm\u0259sini, \u00f6lk\u0259nin avrointeqrasiya yoluna qay\u0131tmas\u0131n\u0131 v\u0259 Elvin K\u0259rimovun azad edilm\u0259sini t\u0259l\u0259b edirdil\u0259r.<\/p>\n","protected":false},"excerpt":{"rendered":"","protected":false},"author":12,"featured_media":322239,"comment_status":"closed","ping_status":"closed","sticky":false,"template":"","format":"standard","meta":{"_acf_changed":false,"_sitemap_exclude":false,"_sitemap_priority":"","_sitemap_frequency":"","footnotes":""},"categories":[59,79,63,56],"tags":[],"class_list":["post-322238","post","type-post","status-publish","format-standard","has-post-thumbnail","hentry","category-siyaset","category-featured","category-video-2","category-xeberler","infinite-scroll-item","generate-columns","tablet-grid-50","mobile-grid-100","grid-parent","grid-33","no-featured-image-padding"],"acf":[],"yoast_head":"<!-- This site is optimized with the Yoast SEO plugin v27.4 - https:\/\/yoast.com\/product\/yoast-seo-wordpress\/ -->\n<title>G\u00fcrc\u00fc polisi etnik az\u0259rbaycanl\u0131ya: \u201cGet, \u018fliyev rejimind\u0259n haqlar\u0131n\u0131 t\u0259l\u0259b el\u0259\u201d - MEYDAN.TV<\/title>\n<meta name=\"robots\" content=\"index, follow, max-snippet:-1, max-image-preview:large, max-video-preview:-1\" \/>\n<link rel=\"canonical\" href=\"https:\/\/www.meydan.tv\/az\/article\/gurcu-polisi-etnik-azerbaycanliya-get-eliyev-rejiminden-haqlarini-teleb-ele\/\" \/>\n<meta property=\"og:locale\" content=\"az_AZ\" \/>\n<meta property=\"og:type\" content=\"article\" \/>\n<meta property=\"og:title\" content=\"G\u00fcrc\u00fc polisi etnik az\u0259rbaycanl\u0131ya: \u201cGet, \u018fliyev rejimind\u0259n haqlar\u0131n\u0131 t\u0259l\u0259b el\u0259\u201d - MEYDAN.TV\" \/>\n<meta property=\"og:url\" content=\"https:\/\/www.meydan.tv\/az\/article\/gurcu-polisi-etnik-azerbaycanliya-get-eliyev-rejiminden-haqlarini-teleb-ele\/\" \/>\n<meta property=\"og:site_name\" content=\"MEYDAN.TV\" \/>\n<meta property=\"article:published_time\" content=\"2024-12-05T12:42:02+00:00\" \/>\n<meta property=\"article:modified_time\" content=\"2024-12-05T12:42:04+00:00\" \/>\n<meta property=\"og:image\" content=\"https:\/\/www.meydan.tv\/wp-content\/uploads\/screenshot-2024-12-05-at-13.29.43-1200x645.png\" \/>\n\t<meta property=\"og:image:width\" content=\"1200\" \/>\n\t<meta property=\"og:image:height\" content=\"645\" \/>\n\t<meta property=\"og:image:type\" content=\"image\/png\" \/>\n<meta name=\"author\" content=\"aleks\" \/>\n<meta name=\"twitter:card\" content=\"summary_large_image\" \/>\n<script type=\"application\/ld+json\" class=\"yoast-schema-graph\">{\"@context\":\"https:\\\/\\\/schema.org\",\"@graph\":[{\"@type\":\"Article\",\"@id\":\"https:\\\/\\\/www.meydan.tv\\\/az\\\/article\\\/gurcu-polisi-etnik-azerbaycanliya-get-eliyev-rejiminden-haqlarini-teleb-ele\\\/#article\",\"isPartOf\":{\"@id\":\"https:\\\/\\\/www.meydan.tv\\\/az\\\/article\\\/gurcu-polisi-etnik-azerbaycanliya-get-eliyev-rejiminden-haqlarini-teleb-ele\\\/\"},\"author\":{\"name\":\"aleks\",\"@id\":\"https:\\\/\\\/www.meydan.tv\\\/az\\\/#\\\/schema\\\/person\\\/476e9360e593fa131d5d71d51866f8da\"},\"headline\":\"G\u00fcrc\u00fc polisi etnik az\u0259rbaycanl\u0131ya: \u201cGet, \u018fliyev rejimind\u0259n haqlar\u0131n\u0131 t\u0259l\u0259b el\u0259\u201d\",\"datePublished\":\"2024-12-05T12:42:02+00:00\",\"dateModified\":\"2024-12-05T12:42:04+00:00\",\"mainEntityOfPage\":{\"@id\":\"https:\\\/\\\/www.meydan.tv\\\/az\\\/article\\\/gurcu-polisi-etnik-azerbaycanliya-get-eliyev-rejiminden-haqlarini-teleb-ele\\\/\"},\"wordCount\":205,\"publisher\":{\"@id\":\"https:\\\/\\\/www.meydan.tv\\\/az\\\/#organization\"},\"image\":{\"@id\":\"https:\\\/\\\/www.meydan.tv\\\/az\\\/article\\\/gurcu-polisi-etnik-azerbaycanliya-get-eliyev-rejiminden-haqlarini-teleb-ele\\\/#primaryimage\"},\"thumbnailUrl\":\"https:\\\/\\\/www.meydan.tv\\\/wp-content\\\/uploads\\\/screenshot-2024-12-05-at-13.29.43.png\",\"articleSection\":[\"Siyas\u0259t\",\"T\u00f6vsiy\u0259\",\"Video\",\"X\u0259b\u0259rl\u0259r\"],\"inLanguage\":\"az\"},{\"@type\":\"WebPage\",\"@id\":\"https:\\\/\\\/www.meydan.tv\\\/az\\\/article\\\/gurcu-polisi-etnik-azerbaycanliya-get-eliyev-rejiminden-haqlarini-teleb-ele\\\/\",\"url\":\"https:\\\/\\\/www.meydan.tv\\\/az\\\/article\\\/gurcu-polisi-etnik-azerbaycanliya-get-eliyev-rejiminden-haqlarini-teleb-ele\\\/\",\"name\":\"G\u00fcrc\u00fc polisi etnik az\u0259rbaycanl\u0131ya: \u201cGet, \u018fliyev rejimind\u0259n haqlar\u0131n\u0131 t\u0259l\u0259b el\u0259\u201d - MEYDAN.TV\",\"isPartOf\":{\"@id\":\"https:\\\/\\\/www.meydan.tv\\\/az\\\/#website\"},\"primaryImageOfPage\":{\"@id\":\"https:\\\/\\\/www.meydan.tv\\\/az\\\/article\\\/gurcu-polisi-etnik-azerbaycanliya-get-eliyev-rejiminden-haqlarini-teleb-ele\\\/#primaryimage\"},\"image\":{\"@id\":\"https:\\\/\\\/www.meydan.tv\\\/az\\\/article\\\/gurcu-polisi-etnik-azerbaycanliya-get-eliyev-rejiminden-haqlarini-teleb-ele\\\/#primaryimage\"},\"thumbnailUrl\":\"https:\\\/\\\/www.meydan.tv\\\/wp-content\\\/uploads\\\/screenshot-2024-12-05-at-13.29.43.png\",\"datePublished\":\"2024-12-05T12:42:02+00:00\",\"dateModified\":\"2024-12-05T12:42:04+00:00\",\"breadcrumb\":{\"@id\":\"https:\\\/\\\/www.meydan.tv\\\/az\\\/article\\\/gurcu-polisi-etnik-azerbaycanliya-get-eliyev-rejiminden-haqlarini-teleb-ele\\\/#breadcrumb\"},\"inLanguage\":\"az\",\"potentialAction\":[{\"@type\":\"ReadAction\",\"target\":[\"https:\\\/\\\/www.meydan.tv\\\/az\\\/article\\\/gurcu-polisi-etnik-azerbaycanliya-get-eliyev-rejiminden-haqlarini-teleb-ele\\\/\"]}]},{\"@type\":\"ImageObject\",\"inLanguage\":\"az\",\"@id\":\"https:\\\/\\\/www.meydan.tv\\\/az\\\/article\\\/gurcu-polisi-etnik-azerbaycanliya-get-eliyev-rejiminden-haqlarini-teleb-ele\\\/#primaryimage\",\"url\":\"https:\\\/\\\/www.meydan.tv\\\/wp-content\\\/uploads\\\/screenshot-2024-12-05-at-13.29.43.png\",\"contentUrl\":\"https:\\\/\\\/www.meydan.tv\\\/wp-content\\\/uploads\\\/screenshot-2024-12-05-at-13.29.43.png\",\"width\":1692,\"height\":910},{\"@type\":\"BreadcrumbList\",\"@id\":\"https:\\\/\\\/www.meydan.tv\\\/az\\\/article\\\/gurcu-polisi-etnik-azerbaycanliya-get-eliyev-rejiminden-haqlarini-teleb-ele\\\/#breadcrumb\",\"itemListElement\":[{\"@type\":\"ListItem\",\"position\":1,\"name\":\"Ana s\u0259hif\u0259\",\"item\":\"https:\\\/\\\/www.meydan.tv\\\/az\\\/\"},{\"@type\":\"ListItem\",\"position\":2,\"name\":\"Video\",\"item\":\"https:\\\/\\\/www.meydan.tv\\\/az\\\/section\\\/video-2\\\/\"},{\"@type\":\"ListItem\",\"position\":3,\"name\":\"G\u00fcrc\u00fc polisi etnik az\u0259rbaycanl\u0131ya: \u201cGet, \u018fliyev rejimind\u0259n haqlar\u0131n\u0131 t\u0259l\u0259b el\u0259\u201d\"}]},{\"@type\":\"WebSite\",\"@id\":\"https:\\\/\\\/www.meydan.tv\\\/az\\\/#website\",\"url\":\"https:\\\/\\\/www.meydan.tv\\\/az\\\/\",\"name\":\"MEYDAN.TV\",\"description\":\"Meydan TV Az\u0259rbaycan\u0131n media m\u0259kan\u0131ndak\u0131 alternativ s\u0259sidir\",\"publisher\":{\"@id\":\"https:\\\/\\\/www.meydan.tv\\\/az\\\/#organization\"},\"potentialAction\":[{\"@type\":\"SearchAction\",\"target\":{\"@type\":\"EntryPoint\",\"urlTemplate\":\"https:\\\/\\\/www.meydan.tv\\\/az\\\/?s={search_term_string}\"},\"query-input\":{\"@type\":\"PropertyValueSpecification\",\"valueRequired\":true,\"valueName\":\"search_term_string\"}}],\"inLanguage\":\"az\"},{\"@type\":\"Organization\",\"@id\":\"https:\\\/\\\/www.meydan.tv\\\/az\\\/#organization\",\"name\":\"Meydan TV\",\"url\":\"https:\\\/\\\/www.meydan.tv\\\/az\\\/\",\"logo\":{\"@type\":\"ImageObject\",\"inLanguage\":\"az\",\"@id\":\"https:\\\/\\\/www.meydan.tv\\\/az\\\/#\\\/schema\\\/logo\\\/image\\\/\",\"url\":\"https:\\\/\\\/www.meydan.tv\\\/wp-content\\\/uploads\\\/2021\\\/07\\\/meydan-logo.svg\",\"contentUrl\":\"https:\\\/\\\/www.meydan.tv\\\/wp-content\\\/uploads\\\/2021\\\/07\\\/meydan-logo.svg\",\"width\":195,\"height\":46,\"caption\":\"Meydan TV\"},\"image\":{\"@id\":\"https:\\\/\\\/www.meydan.tv\\\/az\\\/#\\\/schema\\\/logo\\\/image\\\/\"}},{\"@type\":\"Person\",\"@id\":\"https:\\\/\\\/www.meydan.tv\\\/az\\\/#\\\/schema\\\/person\\\/476e9360e593fa131d5d71d51866f8da\",\"name\":\"aleks\"}]}<\/script>\n<!-- \/ Yoast SEO plugin. -->","yoast_head_json":{"title":"G\u00fcrc\u00fc polisi etnik az\u0259rbaycanl\u0131ya: \u201cGet, \u018fliyev rejimind\u0259n haqlar\u0131n\u0131 t\u0259l\u0259b el\u0259\u201d - MEYDAN.TV","robots":{"index":"index","follow":"follow","max-snippet":"max-snippet:-1","max-image-preview":"max-image-preview:large","max-video-preview":"max-video-preview:-1"},"canonical":"https:\/\/www.meydan.tv\/az\/article\/gurcu-polisi-etnik-azerbaycanliya-get-eliyev-rejiminden-haqlarini-teleb-ele\/","og_locale":"az_AZ","og_type":"article","og_title":"G\u00fcrc\u00fc polisi etnik az\u0259rbaycanl\u0131ya: \u201cGet, \u018fliyev rejimind\u0259n haqlar\u0131n\u0131 t\u0259l\u0259b el\u0259\u201d - MEYDAN.TV","og_url":"https:\/\/www.meydan.tv\/az\/article\/gurcu-polisi-etnik-azerbaycanliya-get-eliyev-rejiminden-haqlarini-teleb-ele\/","og_site_name":"MEYDAN.TV","article_published_time":"2024-12-05T12:42:02+00:00","article_modified_time":"2024-12-05T12:42:04+00:00","og_image":[{"width":1200,"height":645,"url":"https:\/\/www.meydan.tv\/wp-content\/uploads\/screenshot-2024-12-05-at-13.29.43-1200x645.png","type":"image\/png"}],"author":"aleks","twitter_card":"summary_large_image","schema":{"@context":"https:\/\/schema.org","@graph":[{"@type":"Article","@id":"https:\/\/www.meydan.tv\/az\/article\/gurcu-polisi-etnik-azerbaycanliya-get-eliyev-rejiminden-haqlarini-teleb-ele\/#article","isPartOf":{"@id":"https:\/\/www.meydan.tv\/az\/article\/gurcu-polisi-etnik-azerbaycanliya-get-eliyev-rejiminden-haqlarini-teleb-ele\/"},"author":{"name":"aleks","@id":"https:\/\/www.meydan.tv\/az\/#\/schema\/person\/476e9360e593fa131d5d71d51866f8da"},"headline":"G\u00fcrc\u00fc polisi etnik az\u0259rbaycanl\u0131ya: \u201cGet, \u018fliyev rejimind\u0259n haqlar\u0131n\u0131 t\u0259l\u0259b el\u0259\u201d","datePublished":"2024-12-05T12:42:02+00:00","dateModified":"2024-12-05T12:42:04+00:00","mainEntityOfPage":{"@id":"https:\/\/www.meydan.tv\/az\/article\/gurcu-polisi-etnik-azerbaycanliya-get-eliyev-rejiminden-haqlarini-teleb-ele\/"},"wordCount":205,"publisher":{"@id":"https:\/\/www.meydan.tv\/az\/#organization"},"image":{"@id":"https:\/\/www.meydan.tv\/az\/article\/gurcu-polisi-etnik-azerbaycanliya-get-eliyev-rejiminden-haqlarini-teleb-ele\/#primaryimage"},"thumbnailUrl":"https:\/\/www.meydan.tv\/wp-content\/uploads\/screenshot-2024-12-05-at-13.29.43.png","articleSection":["Siyas\u0259t","T\u00f6vsiy\u0259","Video","X\u0259b\u0259rl\u0259r"],"inLanguage":"az"},{"@type":"WebPage","@id":"https:\/\/www.meydan.tv\/az\/article\/gurcu-polisi-etnik-azerbaycanliya-get-eliyev-rejiminden-haqlarini-teleb-ele\/","url":"https:\/\/www.meydan.tv\/az\/article\/gurcu-polisi-etnik-azerbaycanliya-get-eliyev-rejiminden-haqlarini-teleb-ele\/","name":"G\u00fcrc\u00fc polisi etnik az\u0259rbaycanl\u0131ya: \u201cGet, \u018fliyev rejimind\u0259n haqlar\u0131n\u0131 t\u0259l\u0259b el\u0259\u201d - MEYDAN.TV","isPartOf":{"@id":"https:\/\/www.meydan.tv\/az\/#website"},"primaryImageOfPage":{"@id":"https:\/\/www.meydan.tv\/az\/article\/gurcu-polisi-etnik-azerbaycanliya-get-eliyev-rejiminden-haqlarini-teleb-ele\/#primaryimage"},"image":{"@id":"https:\/\/www.meydan.tv\/az\/article\/gurcu-polisi-etnik-azerbaycanliya-get-eliyev-rejiminden-haqlarini-teleb-ele\/#primaryimage"},"thumbnailUrl":"https:\/\/www.meydan.tv\/wp-content\/uploads\/screenshot-2024-12-05-at-13.29.43.png","datePublished":"2024-12-05T12:42:02+00:00","dateModified":"2024-12-05T12:42:04+00:00","breadcrumb":{"@id":"https:\/\/www.meydan.tv\/az\/article\/gurcu-polisi-etnik-azerbaycanliya-get-eliyev-rejiminden-haqlarini-teleb-ele\/#breadcrumb"},"inLanguage":"az","potentialAction":[{"@type":"ReadAction","target":["https:\/\/www.meydan.tv\/az\/article\/gurcu-polisi-etnik-azerbaycanliya-get-eliyev-rejiminden-haqlarini-teleb-ele\/"]}]},{"@type":"ImageObject","inLanguage":"az","@id":"https:\/\/www.meydan.tv\/az\/article\/gurcu-polisi-etnik-azerbaycanliya-get-eliyev-rejiminden-haqlarini-teleb-ele\/#primaryimage","url":"https:\/\/www.meydan.tv\/wp-content\/uploads\/screenshot-2024-12-05-at-13.29.43.png","contentUrl":"https:\/\/www.meydan.tv\/wp-content\/uploads\/screenshot-2024-12-05-at-13.29.43.png","width":1692,"height":910},{"@type":"BreadcrumbList","@id":"https:\/\/www.meydan.tv\/az\/article\/gurcu-polisi-etnik-azerbaycanliya-get-eliyev-rejiminden-haqlarini-teleb-ele\/#breadcrumb","itemListElement":[{"@type":"ListItem","position":1,"name":"Ana s\u0259hif\u0259","item":"https:\/\/www.meydan.tv\/az\/"},{"@type":"ListItem","position":2,"name":"Video","item":"https:\/\/www.meydan.tv\/az\/section\/video-2\/"},{"@type":"ListItem","position":3,"name":"G\u00fcrc\u00fc polisi etnik az\u0259rbaycanl\u0131ya: \u201cGet, \u018fliyev rejimind\u0259n haqlar\u0131n\u0131 t\u0259l\u0259b el\u0259\u201d"}]},{"@type":"WebSite","@id":"https:\/\/www.meydan.tv\/az\/#website","url":"https:\/\/www.meydan.tv\/az\/","name":"MEYDAN.TV","description":"Meydan TV Az\u0259rbaycan\u0131n media m\u0259kan\u0131ndak\u0131 alternativ s\u0259sidir","publisher":{"@id":"https:\/\/www.meydan.tv\/az\/#organization"},"potentialAction":[{"@type":"SearchAction","target":{"@type":"EntryPoint","urlTemplate":"https:\/\/www.meydan.tv\/az\/?s={search_term_string}"},"query-input":{"@type":"PropertyValueSpecification","valueRequired":true,"valueName":"search_term_string"}}],"inLanguage":"az"},{"@type":"Organization","@id":"https:\/\/www.meydan.tv\/az\/#organization","name":"Meydan TV","url":"https:\/\/www.meydan.tv\/az\/","logo":{"@type":"ImageObject","inLanguage":"az","@id":"https:\/\/www.meydan.tv\/az\/#\/schema\/logo\/image\/","url":"https:\/\/www.meydan.tv\/wp-content\/uploads\/2021\/07\/meydan-logo.svg","contentUrl":"https:\/\/www.meydan.tv\/wp-content\/uploads\/2021\/07\/meydan-logo.svg","width":195,"height":46,"caption":"Meydan TV"},"image":{"@id":"https:\/\/www.meydan.tv\/az\/#\/schema\/logo\/image\/"}},{"@type":"Person","@id":"https:\/\/www.meydan.tv\/az\/#\/schema\/person\/476e9360e593fa131d5d71d51866f8da","name":"aleks"}]}},"_links":{"self":[{"href":"https:\/\/www.meydan.tv\/az\/wp-json\/wp\/v2\/posts\/322238","targetHints":{"allow":["GET"]}}],"collection":[{"href":"https:\/\/www.meydan.tv\/az\/wp-json\/wp\/v2\/posts"}],"about":[{"href":"https:\/\/www.meydan.tv\/az\/wp-json\/wp\/v2\/types\/post"}],"author":[{"embeddable":true,"href":"https:\/\/www.meydan.tv\/az\/wp-json\/wp\/v2\/users\/12"}],"replies":[{"embeddable":true,"href":"https:\/\/www.meydan.tv\/az\/wp-json\/wp\/v2\/comments?post=322238"}],"version-history":[{"count":2,"href":"https:\/\/www.meydan.tv\/az\/wp-json\/wp\/v2\/posts\/322238\/revisions"}],"predecessor-version":[{"id":322250,"href":"https:\/\/www.meydan.tv\/az\/wp-json\/wp\/v2\/posts\/322238\/revisions\/322250"}],"wp:featuredmedia":[{"embeddable":true,"href":"https:\/\/www.meydan.tv\/az\/wp-json\/wp\/v2\/media\/322239"}],"wp:attachment":[{"href":"https:\/\/www.meydan.tv\/az\/wp-json\/wp\/v2\/media?parent=322238"}],"wp:term":[{"taxonomy":"category","embeddable":true,"href":"https:\/\/www.meydan.tv\/az\/wp-json\/wp\/v2\/categories?post=322238"},{"taxonomy":"post_tag","embeddable":true,"href":"https:\/\/www.meydan.tv\/az\/wp-json\/wp\/v2\/tags?post=322238"}],"curies":[{"name":"wp","href":"https:\/\/api.w.org\/{rel}","templated":true}]}}