{"id":322202,"date":"2024-12-05T13:06:05","date_gmt":"2024-12-05T09:06:05","guid":{"rendered":"https:\/\/www.meydan.tv\/?p=322202"},"modified":"2024-12-05T13:16:52","modified_gmt":"2024-12-05T09:16:52","slug":"belediyyeleri-icra-hakimiyyetlerinin-cenginden-qurtarmaq-lazimdir","status":"publish","type":"post","link":"https:\/\/www.meydan.tv\/az\/article\/belediyyeleri-icra-hakimiyyetlerinin-cenginden-qurtarmaq-lazimdir\/","title":{"rendered":"&#8220;B\u0259l\u0259diyy\u0259l\u0259ri icra hakimiyy\u0259tl\u0259rinin c\u0259ngind\u0259n qurtarmaq laz\u0131md\u0131r&#8221;"},"content":{"rendered":"\n<figure class=\"wp-block-embed is-type-video is-provider-youtube wp-block-embed-youtube wp-embed-aspect-16-9 wp-has-aspect-ratio\"><div class=\"wp-block-embed__wrapper\">\n<iframe title=\"&quot;B\u0259l\u0259diyy\u0259l\u0259ri icra hakimiyy\u0259tl\u0259rinin c\u0259ngind\u0259n qurtarmaq laz\u0131md\u0131r&quot;\" width=\"1200\" height=\"675\" data-src=\"https:\/\/www.youtube.com\/embed\/kn99ODuzn5o?feature=oembed\" frameborder=\"0\" allow=\"accelerometer; autoplay; clipboard-write; encrypted-media; gyroscope; picture-in-picture; web-share\" referrerpolicy=\"strict-origin-when-cross-origin\" allowfullscreen src=\"data:image\/svg+xml;base64,PHN2ZyB3aWR0aD0iMSIgaGVpZ2h0PSIxIiB4bWxucz0iaHR0cDovL3d3dy53My5vcmcvMjAwMC9zdmciPjwvc3ZnPg==\" class=\"lazyload\" data-load-mode=\"1\"><\/iframe>\n<\/div><\/figure>\n\n\n\n<!--more-->\n\n\n\n<p><\/p>\n\n\n\n<p>M\u0259rk\u0259zi Se\u00e7ki Komissiyas\u0131n\u0131n s\u0259dri M\u0259zahir P\u0259nahov bildirdi ki, b\u0259l\u0259diyy\u0259 se\u00e7kil\u0259ri \u00fc\u00e7\u00fcn xaricd\u0259n he\u00e7 bir m\u00fc\u015fahid\u0259\u00e7i d\u0259v\u0259t edilm\u0259y\u0259c\u0259k: <\/p>\n\n\n\n<p><em>\u201c\u00c7\u00fcnki b\u0259l\u0259diyy\u0259 se\u00e7kil\u0259ri daxili m\u0259s\u0259l\u0259dir\u201d<\/em>. <\/p>\n\n\n\n<p>Az\u0259rbaycanda d\u0259f\u0259l\u0259rl\u0259 qald\u0131r\u0131lmas\u0131na baxmayaraq, b\u00f6y\u00fck \u015f\u0259h\u0259rl\u0259rin meriyas\u0131 m\u0259s\u0259l\u0259si \u00f6z h\u0259llini tapmay\u0131b. B\u00f6y\u00fck \u015f\u0259h\u0259rl\u0259r yaln\u0131z t\u0259yinat \u0259sas\u0131nda, icra hakimiyy\u0259tl\u0259ri t\u0259r\u0259find\u0259n idar\u0259 olunur. Az\u0259rbaycanda b\u0259l\u0259diyy\u0259 sistemi niy\u0259 inki\u015faf etmir?<\/p>\n","protected":false},"excerpt":{"rendered":"","protected":false},"author":12,"featured_media":322203,"comment_status":"closed","ping_status":"closed","sticky":false,"template":"","format":"standard","meta":{"_acf_changed":false,"_sitemap_exclude":false,"_sitemap_priority":"","_sitemap_frequency":"","footnotes":""},"categories":[59,63],"tags":[],"class_list":["post-322202","post","type-post","status-publish","format-standard","has-post-thumbnail","hentry","category-siyaset","category-video-2","infinite-scroll-item","generate-columns","tablet-grid-50","mobile-grid-100","grid-parent","grid-33","no-featured-image-padding"],"acf":[],"yoast_head":"<!-- This site is optimized with the Yoast SEO plugin v27.4 - https:\/\/yoast.com\/product\/yoast-seo-wordpress\/ -->\n<title>&quot;B\u0259l\u0259diyy\u0259l\u0259ri icra hakimiyy\u0259tl\u0259rinin c\u0259ngind\u0259n qurtarmaq laz\u0131md\u0131r&quot; - MEYDAN.TV<\/title>\n<meta name=\"robots\" content=\"index, follow, max-snippet:-1, max-image-preview:large, max-video-preview:-1\" \/>\n<link rel=\"canonical\" href=\"https:\/\/www.meydan.tv\/az\/article\/belediyyeleri-icra-hakimiyyetlerinin-cenginden-qurtarmaq-lazimdir\/\" \/>\n<meta property=\"og:locale\" content=\"az_AZ\" \/>\n<meta property=\"og:type\" content=\"article\" \/>\n<meta property=\"og:title\" content=\"&quot;B\u0259l\u0259diyy\u0259l\u0259ri icra hakimiyy\u0259tl\u0259rinin c\u0259ngind\u0259n qurtarmaq laz\u0131md\u0131r&quot; - MEYDAN.TV\" \/>\n<meta property=\"og:url\" content=\"https:\/\/www.meydan.tv\/az\/article\/belediyyeleri-icra-hakimiyyetlerinin-cenginden-qurtarmaq-lazimdir\/\" \/>\n<meta property=\"og:site_name\" content=\"MEYDAN.TV\" \/>\n<meta property=\"article:published_time\" content=\"2024-12-05T09:06:05+00:00\" \/>\n<meta property=\"article:modified_time\" content=\"2024-12-05T09:16:52+00:00\" \/>\n<meta property=\"og:image\" content=\"https:\/\/www.meydan.tv\/wp-content\/uploads\/screenshot-2024-12-05-at-10.03.13.png\" \/>\n\t<meta property=\"og:image:width\" content=\"1674\" \/>\n\t<meta property=\"og:image:height\" content=\"864\" \/>\n\t<meta property=\"og:image:type\" content=\"image\/png\" \/>\n<meta name=\"author\" content=\"aleks\" \/>\n<meta name=\"twitter:card\" content=\"summary_large_image\" \/>\n<script type=\"application\/ld+json\" class=\"yoast-schema-graph\">{\"@context\":\"https:\\\/\\\/schema.org\",\"@graph\":[{\"@type\":\"Article\",\"@id\":\"https:\\\/\\\/www.meydan.tv\\\/az\\\/article\\\/belediyyeleri-icra-hakimiyyetlerinin-cenginden-qurtarmaq-lazimdir\\\/#article\",\"isPartOf\":{\"@id\":\"https:\\\/\\\/www.meydan.tv\\\/az\\\/article\\\/belediyyeleri-icra-hakimiyyetlerinin-cenginden-qurtarmaq-lazimdir\\\/\"},\"author\":{\"name\":\"aleks\",\"@id\":\"https:\\\/\\\/www.meydan.tv\\\/az\\\/#\\\/schema\\\/person\\\/476e9360e593fa131d5d71d51866f8da\"},\"headline\":\"&#8220;B\u0259l\u0259diyy\u0259l\u0259ri icra hakimiyy\u0259tl\u0259rinin c\u0259ngind\u0259n qurtarmaq laz\u0131md\u0131r&#8221;\",\"datePublished\":\"2024-12-05T09:06:05+00:00\",\"dateModified\":\"2024-12-05T09:16:52+00:00\",\"mainEntityOfPage\":{\"@id\":\"https:\\\/\\\/www.meydan.tv\\\/az\\\/article\\\/belediyyeleri-icra-hakimiyyetlerinin-cenginden-qurtarmaq-lazimdir\\\/\"},\"wordCount\":130,\"publisher\":{\"@id\":\"https:\\\/\\\/www.meydan.tv\\\/az\\\/#organization\"},\"image\":{\"@id\":\"https:\\\/\\\/www.meydan.tv\\\/az\\\/article\\\/belediyyeleri-icra-hakimiyyetlerinin-cenginden-qurtarmaq-lazimdir\\\/#primaryimage\"},\"thumbnailUrl\":\"https:\\\/\\\/www.meydan.tv\\\/wp-content\\\/uploads\\\/screenshot-2024-12-05-at-10.03.13.png\",\"articleSection\":[\"Siyas\u0259t\",\"Video\"],\"inLanguage\":\"az\"},{\"@type\":\"WebPage\",\"@id\":\"https:\\\/\\\/www.meydan.tv\\\/az\\\/article\\\/belediyyeleri-icra-hakimiyyetlerinin-cenginden-qurtarmaq-lazimdir\\\/\",\"url\":\"https:\\\/\\\/www.meydan.tv\\\/az\\\/article\\\/belediyyeleri-icra-hakimiyyetlerinin-cenginden-qurtarmaq-lazimdir\\\/\",\"name\":\"\\\"B\u0259l\u0259diyy\u0259l\u0259ri icra hakimiyy\u0259tl\u0259rinin c\u0259ngind\u0259n qurtarmaq laz\u0131md\u0131r\\\" - MEYDAN.TV\",\"isPartOf\":{\"@id\":\"https:\\\/\\\/www.meydan.tv\\\/az\\\/#website\"},\"primaryImageOfPage\":{\"@id\":\"https:\\\/\\\/www.meydan.tv\\\/az\\\/article\\\/belediyyeleri-icra-hakimiyyetlerinin-cenginden-qurtarmaq-lazimdir\\\/#primaryimage\"},\"image\":{\"@id\":\"https:\\\/\\\/www.meydan.tv\\\/az\\\/article\\\/belediyyeleri-icra-hakimiyyetlerinin-cenginden-qurtarmaq-lazimdir\\\/#primaryimage\"},\"thumbnailUrl\":\"https:\\\/\\\/www.meydan.tv\\\/wp-content\\\/uploads\\\/screenshot-2024-12-05-at-10.03.13.png\",\"datePublished\":\"2024-12-05T09:06:05+00:00\",\"dateModified\":\"2024-12-05T09:16:52+00:00\",\"breadcrumb\":{\"@id\":\"https:\\\/\\\/www.meydan.tv\\\/az\\\/article\\\/belediyyeleri-icra-hakimiyyetlerinin-cenginden-qurtarmaq-lazimdir\\\/#breadcrumb\"},\"inLanguage\":\"az\",\"potentialAction\":[{\"@type\":\"ReadAction\",\"target\":[\"https:\\\/\\\/www.meydan.tv\\\/az\\\/article\\\/belediyyeleri-icra-hakimiyyetlerinin-cenginden-qurtarmaq-lazimdir\\\/\"]}]},{\"@type\":\"ImageObject\",\"inLanguage\":\"az\",\"@id\":\"https:\\\/\\\/www.meydan.tv\\\/az\\\/article\\\/belediyyeleri-icra-hakimiyyetlerinin-cenginden-qurtarmaq-lazimdir\\\/#primaryimage\",\"url\":\"https:\\\/\\\/www.meydan.tv\\\/wp-content\\\/uploads\\\/screenshot-2024-12-05-at-10.03.13.png\",\"contentUrl\":\"https:\\\/\\\/www.meydan.tv\\\/wp-content\\\/uploads\\\/screenshot-2024-12-05-at-10.03.13.png\",\"width\":1674,\"height\":864},{\"@type\":\"BreadcrumbList\",\"@id\":\"https:\\\/\\\/www.meydan.tv\\\/az\\\/article\\\/belediyyeleri-icra-hakimiyyetlerinin-cenginden-qurtarmaq-lazimdir\\\/#breadcrumb\",\"itemListElement\":[{\"@type\":\"ListItem\",\"position\":1,\"name\":\"Ana s\u0259hif\u0259\",\"item\":\"https:\\\/\\\/www.meydan.tv\\\/az\\\/\"},{\"@type\":\"ListItem\",\"position\":2,\"name\":\"Video\",\"item\":\"https:\\\/\\\/www.meydan.tv\\\/az\\\/section\\\/video-2\\\/\"},{\"@type\":\"ListItem\",\"position\":3,\"name\":\"&#8220;B\u0259l\u0259diyy\u0259l\u0259ri icra hakimiyy\u0259tl\u0259rinin c\u0259ngind\u0259n qurtarmaq laz\u0131md\u0131r&#8221;\"}]},{\"@type\":\"WebSite\",\"@id\":\"https:\\\/\\\/www.meydan.tv\\\/az\\\/#website\",\"url\":\"https:\\\/\\\/www.meydan.tv\\\/az\\\/\",\"name\":\"MEYDAN.TV\",\"description\":\"Meydan TV Az\u0259rbaycan\u0131n media m\u0259kan\u0131ndak\u0131 alternativ s\u0259sidir\",\"publisher\":{\"@id\":\"https:\\\/\\\/www.meydan.tv\\\/az\\\/#organization\"},\"potentialAction\":[{\"@type\":\"SearchAction\",\"target\":{\"@type\":\"EntryPoint\",\"urlTemplate\":\"https:\\\/\\\/www.meydan.tv\\\/az\\\/?s={search_term_string}\"},\"query-input\":{\"@type\":\"PropertyValueSpecification\",\"valueRequired\":true,\"valueName\":\"search_term_string\"}}],\"inLanguage\":\"az\"},{\"@type\":\"Organization\",\"@id\":\"https:\\\/\\\/www.meydan.tv\\\/az\\\/#organization\",\"name\":\"Meydan TV\",\"url\":\"https:\\\/\\\/www.meydan.tv\\\/az\\\/\",\"logo\":{\"@type\":\"ImageObject\",\"inLanguage\":\"az\",\"@id\":\"https:\\\/\\\/www.meydan.tv\\\/az\\\/#\\\/schema\\\/logo\\\/image\\\/\",\"url\":\"https:\\\/\\\/www.meydan.tv\\\/wp-content\\\/uploads\\\/2021\\\/07\\\/meydan-logo.svg\",\"contentUrl\":\"https:\\\/\\\/www.meydan.tv\\\/wp-content\\\/uploads\\\/2021\\\/07\\\/meydan-logo.svg\",\"width\":195,\"height\":46,\"caption\":\"Meydan TV\"},\"image\":{\"@id\":\"https:\\\/\\\/www.meydan.tv\\\/az\\\/#\\\/schema\\\/logo\\\/image\\\/\"}},{\"@type\":\"Person\",\"@id\":\"https:\\\/\\\/www.meydan.tv\\\/az\\\/#\\\/schema\\\/person\\\/476e9360e593fa131d5d71d51866f8da\",\"name\":\"aleks\"}]}<\/script>\n<!-- \/ Yoast SEO plugin. -->","yoast_head_json":{"title":"\"B\u0259l\u0259diyy\u0259l\u0259ri icra hakimiyy\u0259tl\u0259rinin c\u0259ngind\u0259n qurtarmaq laz\u0131md\u0131r\" - MEYDAN.TV","robots":{"index":"index","follow":"follow","max-snippet":"max-snippet:-1","max-image-preview":"max-image-preview:large","max-video-preview":"max-video-preview:-1"},"canonical":"https:\/\/www.meydan.tv\/az\/article\/belediyyeleri-icra-hakimiyyetlerinin-cenginden-qurtarmaq-lazimdir\/","og_locale":"az_AZ","og_type":"article","og_title":"\"B\u0259l\u0259diyy\u0259l\u0259ri icra hakimiyy\u0259tl\u0259rinin c\u0259ngind\u0259n qurtarmaq laz\u0131md\u0131r\" - MEYDAN.TV","og_url":"https:\/\/www.meydan.tv\/az\/article\/belediyyeleri-icra-hakimiyyetlerinin-cenginden-qurtarmaq-lazimdir\/","og_site_name":"MEYDAN.TV","article_published_time":"2024-12-05T09:06:05+00:00","article_modified_time":"2024-12-05T09:16:52+00:00","og_image":[{"width":1674,"height":864,"url":"https:\/\/www.meydan.tv\/wp-content\/uploads\/screenshot-2024-12-05-at-10.03.13.png","type":"image\/png"}],"author":"aleks","twitter_card":"summary_large_image","schema":{"@context":"https:\/\/schema.org","@graph":[{"@type":"Article","@id":"https:\/\/www.meydan.tv\/az\/article\/belediyyeleri-icra-hakimiyyetlerinin-cenginden-qurtarmaq-lazimdir\/#article","isPartOf":{"@id":"https:\/\/www.meydan.tv\/az\/article\/belediyyeleri-icra-hakimiyyetlerinin-cenginden-qurtarmaq-lazimdir\/"},"author":{"name":"aleks","@id":"https:\/\/www.meydan.tv\/az\/#\/schema\/person\/476e9360e593fa131d5d71d51866f8da"},"headline":"&#8220;B\u0259l\u0259diyy\u0259l\u0259ri icra hakimiyy\u0259tl\u0259rinin c\u0259ngind\u0259n qurtarmaq laz\u0131md\u0131r&#8221;","datePublished":"2024-12-05T09:06:05+00:00","dateModified":"2024-12-05T09:16:52+00:00","mainEntityOfPage":{"@id":"https:\/\/www.meydan.tv\/az\/article\/belediyyeleri-icra-hakimiyyetlerinin-cenginden-qurtarmaq-lazimdir\/"},"wordCount":130,"publisher":{"@id":"https:\/\/www.meydan.tv\/az\/#organization"},"image":{"@id":"https:\/\/www.meydan.tv\/az\/article\/belediyyeleri-icra-hakimiyyetlerinin-cenginden-qurtarmaq-lazimdir\/#primaryimage"},"thumbnailUrl":"https:\/\/www.meydan.tv\/wp-content\/uploads\/screenshot-2024-12-05-at-10.03.13.png","articleSection":["Siyas\u0259t","Video"],"inLanguage":"az"},{"@type":"WebPage","@id":"https:\/\/www.meydan.tv\/az\/article\/belediyyeleri-icra-hakimiyyetlerinin-cenginden-qurtarmaq-lazimdir\/","url":"https:\/\/www.meydan.tv\/az\/article\/belediyyeleri-icra-hakimiyyetlerinin-cenginden-qurtarmaq-lazimdir\/","name":"\"B\u0259l\u0259diyy\u0259l\u0259ri icra hakimiyy\u0259tl\u0259rinin c\u0259ngind\u0259n qurtarmaq laz\u0131md\u0131r\" - MEYDAN.TV","isPartOf":{"@id":"https:\/\/www.meydan.tv\/az\/#website"},"primaryImageOfPage":{"@id":"https:\/\/www.meydan.tv\/az\/article\/belediyyeleri-icra-hakimiyyetlerinin-cenginden-qurtarmaq-lazimdir\/#primaryimage"},"image":{"@id":"https:\/\/www.meydan.tv\/az\/article\/belediyyeleri-icra-hakimiyyetlerinin-cenginden-qurtarmaq-lazimdir\/#primaryimage"},"thumbnailUrl":"https:\/\/www.meydan.tv\/wp-content\/uploads\/screenshot-2024-12-05-at-10.03.13.png","datePublished":"2024-12-05T09:06:05+00:00","dateModified":"2024-12-05T09:16:52+00:00","breadcrumb":{"@id":"https:\/\/www.meydan.tv\/az\/article\/belediyyeleri-icra-hakimiyyetlerinin-cenginden-qurtarmaq-lazimdir\/#breadcrumb"},"inLanguage":"az","potentialAction":[{"@type":"ReadAction","target":["https:\/\/www.meydan.tv\/az\/article\/belediyyeleri-icra-hakimiyyetlerinin-cenginden-qurtarmaq-lazimdir\/"]}]},{"@type":"ImageObject","inLanguage":"az","@id":"https:\/\/www.meydan.tv\/az\/article\/belediyyeleri-icra-hakimiyyetlerinin-cenginden-qurtarmaq-lazimdir\/#primaryimage","url":"https:\/\/www.meydan.tv\/wp-content\/uploads\/screenshot-2024-12-05-at-10.03.13.png","contentUrl":"https:\/\/www.meydan.tv\/wp-content\/uploads\/screenshot-2024-12-05-at-10.03.13.png","width":1674,"height":864},{"@type":"BreadcrumbList","@id":"https:\/\/www.meydan.tv\/az\/article\/belediyyeleri-icra-hakimiyyetlerinin-cenginden-qurtarmaq-lazimdir\/#breadcrumb","itemListElement":[{"@type":"ListItem","position":1,"name":"Ana s\u0259hif\u0259","item":"https:\/\/www.meydan.tv\/az\/"},{"@type":"ListItem","position":2,"name":"Video","item":"https:\/\/www.meydan.tv\/az\/section\/video-2\/"},{"@type":"ListItem","position":3,"name":"&#8220;B\u0259l\u0259diyy\u0259l\u0259ri icra hakimiyy\u0259tl\u0259rinin c\u0259ngind\u0259n qurtarmaq laz\u0131md\u0131r&#8221;"}]},{"@type":"WebSite","@id":"https:\/\/www.meydan.tv\/az\/#website","url":"https:\/\/www.meydan.tv\/az\/","name":"MEYDAN.TV","description":"Meydan TV Az\u0259rbaycan\u0131n media m\u0259kan\u0131ndak\u0131 alternativ s\u0259sidir","publisher":{"@id":"https:\/\/www.meydan.tv\/az\/#organization"},"potentialAction":[{"@type":"SearchAction","target":{"@type":"EntryPoint","urlTemplate":"https:\/\/www.meydan.tv\/az\/?s={search_term_string}"},"query-input":{"@type":"PropertyValueSpecification","valueRequired":true,"valueName":"search_term_string"}}],"inLanguage":"az"},{"@type":"Organization","@id":"https:\/\/www.meydan.tv\/az\/#organization","name":"Meydan TV","url":"https:\/\/www.meydan.tv\/az\/","logo":{"@type":"ImageObject","inLanguage":"az","@id":"https:\/\/www.meydan.tv\/az\/#\/schema\/logo\/image\/","url":"https:\/\/www.meydan.tv\/wp-content\/uploads\/2021\/07\/meydan-logo.svg","contentUrl":"https:\/\/www.meydan.tv\/wp-content\/uploads\/2021\/07\/meydan-logo.svg","width":195,"height":46,"caption":"Meydan TV"},"image":{"@id":"https:\/\/www.meydan.tv\/az\/#\/schema\/logo\/image\/"}},{"@type":"Person","@id":"https:\/\/www.meydan.tv\/az\/#\/schema\/person\/476e9360e593fa131d5d71d51866f8da","name":"aleks"}]}},"_links":{"self":[{"href":"https:\/\/www.meydan.tv\/az\/wp-json\/wp\/v2\/posts\/322202","targetHints":{"allow":["GET"]}}],"collection":[{"href":"https:\/\/www.meydan.tv\/az\/wp-json\/wp\/v2\/posts"}],"about":[{"href":"https:\/\/www.meydan.tv\/az\/wp-json\/wp\/v2\/types\/post"}],"author":[{"embeddable":true,"href":"https:\/\/www.meydan.tv\/az\/wp-json\/wp\/v2\/users\/12"}],"replies":[{"embeddable":true,"href":"https:\/\/www.meydan.tv\/az\/wp-json\/wp\/v2\/comments?post=322202"}],"version-history":[{"count":3,"href":"https:\/\/www.meydan.tv\/az\/wp-json\/wp\/v2\/posts\/322202\/revisions"}],"predecessor-version":[{"id":322214,"href":"https:\/\/www.meydan.tv\/az\/wp-json\/wp\/v2\/posts\/322202\/revisions\/322214"}],"wp:featuredmedia":[{"embeddable":true,"href":"https:\/\/www.meydan.tv\/az\/wp-json\/wp\/v2\/media\/322203"}],"wp:attachment":[{"href":"https:\/\/www.meydan.tv\/az\/wp-json\/wp\/v2\/media?parent=322202"}],"wp:term":[{"taxonomy":"category","embeddable":true,"href":"https:\/\/www.meydan.tv\/az\/wp-json\/wp\/v2\/categories?post=322202"},{"taxonomy":"post_tag","embeddable":true,"href":"https:\/\/www.meydan.tv\/az\/wp-json\/wp\/v2\/tags?post=322202"}],"curies":[{"name":"wp","href":"https:\/\/api.w.org\/{rel}","templated":true}]}}