{"id":322189,"date":"2024-12-05T12:59:15","date_gmt":"2024-12-05T08:59:15","guid":{"rendered":"https:\/\/www.meydan.tv\/?p=322189"},"modified":"2024-12-05T13:13:33","modified_gmt":"2024-12-05T09:13:33","slug":"ilham-eliyev-demokratiya-terefdarlarina-hebsler-dayanmayacaq-mesaji-verir","status":"publish","type":"post","link":"https:\/\/www.meydan.tv\/az\/article\/ilham-eliyev-demokratiya-terefdarlarina-hebsler-dayanmayacaq-mesaji-verir\/","title":{"rendered":"&#8220;\u0130lham \u018fliyev demokratiya t\u0259r\u0259fdarlar\u0131na \u201ch\u0259bsl\u0259r dayanmayacaq\u201d mesaj\u0131 verir&#8221;"},"content":{"rendered":"\n<figure class=\"wp-block-embed is-type-video is-provider-youtube wp-block-embed-youtube wp-embed-aspect-16-9 wp-has-aspect-ratio\"><div class=\"wp-block-embed__wrapper\">\n<iframe title=\"&quot;\u0130lham \u018fliyev demokratiya t\u0259r\u0259fdarlar\u0131na \u201ch\u0259bsl\u0259r dayanmayacaq\u201d mesaj\u0131 verir&quot;\" width=\"1200\" height=\"675\" data-src=\"https:\/\/www.youtube.com\/embed\/Vgmi7945iZw?feature=oembed\" frameborder=\"0\" allow=\"accelerometer; autoplay; clipboard-write; encrypted-media; gyroscope; picture-in-picture; web-share\" referrerpolicy=\"strict-origin-when-cross-origin\" allowfullscreen src=\"data:image\/svg+xml;base64,PHN2ZyB3aWR0aD0iMSIgaGVpZ2h0PSIxIiB4bWxucz0iaHR0cDovL3d3dy53My5vcmcvMjAwMC9zdmciPjwvc3ZnPg==\" class=\"lazyload\" data-load-mode=\"1\"><\/iframe>\n<\/div><\/figure>\n\n\n\n<!--more-->\n\n\n\n<p><\/p>\n\n\n\n<p>H\u00fcquq m\u00fcdafi\u0259\u00e7isi, &#8220;M\u00fcdafi\u0259 x\u0259tti&#8221; insan haqlar\u0131 t\u0259\u015fkilat\u0131n\u0131n icra\u00e7\u0131 direktoru R\u00fcf\u0259t S\u0259f\u0259rovun saxlan\u0131lmas\u0131 v\u0259 bar\u0259sind\u0259 cinay\u0259t i\u015finin a\u00e7\u0131lmas\u0131n\u0131 ke\u00e7\u0259n ild\u0259n ba\u015flayan repressiyan\u0131n davam\u0131 hesab edilir. <\/p>\n\n\n\n<p>Art\u0131q AB\u015e R\u00fcf\u0259t S\u0259f\u0259rovun saxlan\u0131lmas\u0131 il\u0259 ba\u011fl\u0131 prosesi diqq\u0259tl\u0259 izl\u0259diyini v\u0259 x\u0259b\u0259rd\u0259n narahat oldu\u011funu a\u00e7\u0131qlay\u0131b. Bu bar\u0259d\u0259 AB\u015e D\u00f6vl\u0259t Departamentind\u0259n \u201cTuran\u201da bildirilib. <\/p>\n\n\n\n<p>Avropa \u015euras\u0131 Parlament Assambleyas\u0131n\u0131n (A\u015ePA) deputat\u0131 Frank \u015evabe ba\u015f ver\u0259nl\u0259ri \u0130lham \u018fliyevin \u201cs\u00fclal\u0259 hakimiyy\u0259ti\u201dnin siyas\u0259ti kimi d\u0259y\u0259rl\u0259ndirib. <\/p>\n\n\n\n<p>Az\u0259rbaycandak\u0131 f\u0259allar da h\u0259sbl\u0259rin daha s\u0259rt davam ed\u0259c\u0259yini d\u00fc\u015f\u00fcn\u00fcrl\u0259r.\u00a0<\/p>\n\n\n\n<p>H\u00fcquq m\u00fcdafi\u0259\u00e7isi Fuad \u018fhm\u0259dli bildirir ki, \u0259g\u0259r yanvarda Az\u0259rbaycan A\u015ePA-ya q\u0259bul edilm\u0259s\u0259, repressiyalar daha da artacaq. <\/p>\n\n\n\n<p>Xalq C\u0259bh\u0259si Partiyas\u0131n\u0131n s\u0259dr m\u00fcavini Seymur H\u0259zinin deyir ki, R\u00fcf\u0259t S\u0259f\u0259rovun h\u0259bsini yeni h\u0259bs dal\u011fas\u0131n\u0131n ba\u015flan\u011f\u0131c\u0131 adland\u0131rmaq do\u011fru deyil:<\/p>\n\n\n\n<p><em>&#8220;\u00c7\u00fcnki \u018fliyevin aqressiyas\u0131 n\u0259 vaxtsa, dayanmay\u0131b ki, indi d\u0259 yenid\u0259n h\u0259bs dal\u011fas\u0131 ba\u015flans\u0131n. Bu proses onsuz da gedirdi. S\u0259f\u0259rovun h\u0259bsi \u0130lham \u018fliyevin demokratiya t\u0259r\u0259fdarlar\u0131na \u201ch\u0259bsl\u0259r dayanmayacaq\u201d mesaj\u0131d\u0131r&#8221;.<\/em>\u00a0<\/p>\n\n\n\n<p>\u0130nsan haqlar\u0131 f\u0259al\u0131 Nem\u0259t Abbasov h\u0259bsl\u0259ri COP-dan \u0259vv\u0259l v\u0259 COP-dan sonraya b\u00f6lm\u00fcr. Deyir ki, bu h\u0259bsl\u0259r ikinci Qaraba\u011f m\u00fcharib\u0259sind\u0259n sonra ba\u015flanan repressiyan\u0131n davam\u0131d\u0131r.<\/p>\n\n\n\n<p>O deyir ki, Az\u0259rbaycanda n\u0259inki siyasi f\u0259allar\u0131n, s\u0131ravi v\u0259t\u0259nda\u015flar\u0131n da t\u0259hl\u00fck\u0259sizliyinin s\u0131\u011fortas\u0131 yoxdur.<\/p>\n","protected":false},"excerpt":{"rendered":"","protected":false},"author":12,"featured_media":322190,"comment_status":"closed","ping_status":"closed","sticky":false,"template":"","format":"standard","meta":{"_acf_changed":false,"_sitemap_exclude":false,"_sitemap_priority":"","_sitemap_frequency":"","footnotes":""},"categories":[59,79,63],"tags":[],"class_list":["post-322189","post","type-post","status-publish","format-standard","has-post-thumbnail","hentry","category-siyaset","category-featured","category-video-2","infinite-scroll-item","generate-columns","tablet-grid-50","mobile-grid-100","grid-parent","grid-33","no-featured-image-padding"],"acf":[],"yoast_head":"<!-- This site is optimized with the Yoast SEO plugin v27.4 - https:\/\/yoast.com\/product\/yoast-seo-wordpress\/ -->\n<title>&quot;\u0130lham \u018fliyev demokratiya t\u0259r\u0259fdarlar\u0131na \u201ch\u0259bsl\u0259r dayanmayacaq\u201d mesaj\u0131 verir&quot; - MEYDAN.TV<\/title>\n<meta name=\"robots\" content=\"index, follow, max-snippet:-1, max-image-preview:large, max-video-preview:-1\" \/>\n<link rel=\"canonical\" href=\"https:\/\/www.meydan.tv\/az\/article\/ilham-eliyev-demokratiya-terefdarlarina-hebsler-dayanmayacaq-mesaji-verir\/\" \/>\n<meta property=\"og:locale\" content=\"az_AZ\" \/>\n<meta property=\"og:type\" content=\"article\" \/>\n<meta property=\"og:title\" content=\"&quot;\u0130lham \u018fliyev demokratiya t\u0259r\u0259fdarlar\u0131na \u201ch\u0259bsl\u0259r dayanmayacaq\u201d mesaj\u0131 verir&quot; - MEYDAN.TV\" \/>\n<meta property=\"og:url\" content=\"https:\/\/www.meydan.tv\/az\/article\/ilham-eliyev-demokratiya-terefdarlarina-hebsler-dayanmayacaq-mesaji-verir\/\" \/>\n<meta property=\"og:site_name\" content=\"MEYDAN.TV\" \/>\n<meta property=\"article:published_time\" content=\"2024-12-05T08:59:15+00:00\" \/>\n<meta property=\"article:modified_time\" content=\"2024-12-05T09:13:33+00:00\" \/>\n<meta property=\"og:image\" content=\"https:\/\/www.meydan.tv\/wp-content\/uploads\/ilham-aliyev-army-hospital-111120-a.jpg\" \/>\n\t<meta property=\"og:image:width\" content=\"1000\" \/>\n\t<meta property=\"og:image:height\" content=\"666\" \/>\n\t<meta property=\"og:image:type\" content=\"image\/jpeg\" \/>\n<meta name=\"author\" content=\"aleks\" \/>\n<meta name=\"twitter:card\" content=\"summary_large_image\" \/>\n<script type=\"application\/ld+json\" class=\"yoast-schema-graph\">{\"@context\":\"https:\\\/\\\/schema.org\",\"@graph\":[{\"@type\":\"Article\",\"@id\":\"https:\\\/\\\/www.meydan.tv\\\/az\\\/article\\\/ilham-eliyev-demokratiya-terefdarlarina-hebsler-dayanmayacaq-mesaji-verir\\\/#article\",\"isPartOf\":{\"@id\":\"https:\\\/\\\/www.meydan.tv\\\/az\\\/article\\\/ilham-eliyev-demokratiya-terefdarlarina-hebsler-dayanmayacaq-mesaji-verir\\\/\"},\"author\":{\"name\":\"aleks\",\"@id\":\"https:\\\/\\\/www.meydan.tv\\\/az\\\/#\\\/schema\\\/person\\\/476e9360e593fa131d5d71d51866f8da\"},\"headline\":\"&#8220;\u0130lham \u018fliyev demokratiya t\u0259r\u0259fdarlar\u0131na \u201ch\u0259bsl\u0259r dayanmayacaq\u201d mesaj\u0131 verir&#8221;\",\"datePublished\":\"2024-12-05T08:59:15+00:00\",\"dateModified\":\"2024-12-05T09:13:33+00:00\",\"mainEntityOfPage\":{\"@id\":\"https:\\\/\\\/www.meydan.tv\\\/az\\\/article\\\/ilham-eliyev-demokratiya-terefdarlarina-hebsler-dayanmayacaq-mesaji-verir\\\/\"},\"wordCount\":331,\"publisher\":{\"@id\":\"https:\\\/\\\/www.meydan.tv\\\/az\\\/#organization\"},\"image\":{\"@id\":\"https:\\\/\\\/www.meydan.tv\\\/az\\\/article\\\/ilham-eliyev-demokratiya-terefdarlarina-hebsler-dayanmayacaq-mesaji-verir\\\/#primaryimage\"},\"thumbnailUrl\":\"https:\\\/\\\/www.meydan.tv\\\/wp-content\\\/uploads\\\/ilham-aliyev-army-hospital-111120-a.jpg\",\"articleSection\":[\"Siyas\u0259t\",\"T\u00f6vsiy\u0259\",\"Video\"],\"inLanguage\":\"az\"},{\"@type\":\"WebPage\",\"@id\":\"https:\\\/\\\/www.meydan.tv\\\/az\\\/article\\\/ilham-eliyev-demokratiya-terefdarlarina-hebsler-dayanmayacaq-mesaji-verir\\\/\",\"url\":\"https:\\\/\\\/www.meydan.tv\\\/az\\\/article\\\/ilham-eliyev-demokratiya-terefdarlarina-hebsler-dayanmayacaq-mesaji-verir\\\/\",\"name\":\"\\\"\u0130lham \u018fliyev demokratiya t\u0259r\u0259fdarlar\u0131na \u201ch\u0259bsl\u0259r dayanmayacaq\u201d mesaj\u0131 verir\\\" - MEYDAN.TV\",\"isPartOf\":{\"@id\":\"https:\\\/\\\/www.meydan.tv\\\/az\\\/#website\"},\"primaryImageOfPage\":{\"@id\":\"https:\\\/\\\/www.meydan.tv\\\/az\\\/article\\\/ilham-eliyev-demokratiya-terefdarlarina-hebsler-dayanmayacaq-mesaji-verir\\\/#primaryimage\"},\"image\":{\"@id\":\"https:\\\/\\\/www.meydan.tv\\\/az\\\/article\\\/ilham-eliyev-demokratiya-terefdarlarina-hebsler-dayanmayacaq-mesaji-verir\\\/#primaryimage\"},\"thumbnailUrl\":\"https:\\\/\\\/www.meydan.tv\\\/wp-content\\\/uploads\\\/ilham-aliyev-army-hospital-111120-a.jpg\",\"datePublished\":\"2024-12-05T08:59:15+00:00\",\"dateModified\":\"2024-12-05T09:13:33+00:00\",\"breadcrumb\":{\"@id\":\"https:\\\/\\\/www.meydan.tv\\\/az\\\/article\\\/ilham-eliyev-demokratiya-terefdarlarina-hebsler-dayanmayacaq-mesaji-verir\\\/#breadcrumb\"},\"inLanguage\":\"az\",\"potentialAction\":[{\"@type\":\"ReadAction\",\"target\":[\"https:\\\/\\\/www.meydan.tv\\\/az\\\/article\\\/ilham-eliyev-demokratiya-terefdarlarina-hebsler-dayanmayacaq-mesaji-verir\\\/\"]}]},{\"@type\":\"ImageObject\",\"inLanguage\":\"az\",\"@id\":\"https:\\\/\\\/www.meydan.tv\\\/az\\\/article\\\/ilham-eliyev-demokratiya-terefdarlarina-hebsler-dayanmayacaq-mesaji-verir\\\/#primaryimage\",\"url\":\"https:\\\/\\\/www.meydan.tv\\\/wp-content\\\/uploads\\\/ilham-aliyev-army-hospital-111120-a.jpg\",\"contentUrl\":\"https:\\\/\\\/www.meydan.tv\\\/wp-content\\\/uploads\\\/ilham-aliyev-army-hospital-111120-a.jpg\",\"width\":1000,\"height\":666},{\"@type\":\"BreadcrumbList\",\"@id\":\"https:\\\/\\\/www.meydan.tv\\\/az\\\/article\\\/ilham-eliyev-demokratiya-terefdarlarina-hebsler-dayanmayacaq-mesaji-verir\\\/#breadcrumb\",\"itemListElement\":[{\"@type\":\"ListItem\",\"position\":1,\"name\":\"Ana s\u0259hif\u0259\",\"item\":\"https:\\\/\\\/www.meydan.tv\\\/az\\\/\"},{\"@type\":\"ListItem\",\"position\":2,\"name\":\"Video\",\"item\":\"https:\\\/\\\/www.meydan.tv\\\/az\\\/section\\\/video-2\\\/\"},{\"@type\":\"ListItem\",\"position\":3,\"name\":\"&#8220;\u0130lham \u018fliyev demokratiya t\u0259r\u0259fdarlar\u0131na \u201ch\u0259bsl\u0259r dayanmayacaq\u201d mesaj\u0131 verir&#8221;\"}]},{\"@type\":\"WebSite\",\"@id\":\"https:\\\/\\\/www.meydan.tv\\\/az\\\/#website\",\"url\":\"https:\\\/\\\/www.meydan.tv\\\/az\\\/\",\"name\":\"MEYDAN.TV\",\"description\":\"Meydan TV Az\u0259rbaycan\u0131n media m\u0259kan\u0131ndak\u0131 alternativ s\u0259sidir\",\"publisher\":{\"@id\":\"https:\\\/\\\/www.meydan.tv\\\/az\\\/#organization\"},\"potentialAction\":[{\"@type\":\"SearchAction\",\"target\":{\"@type\":\"EntryPoint\",\"urlTemplate\":\"https:\\\/\\\/www.meydan.tv\\\/az\\\/?s={search_term_string}\"},\"query-input\":{\"@type\":\"PropertyValueSpecification\",\"valueRequired\":true,\"valueName\":\"search_term_string\"}}],\"inLanguage\":\"az\"},{\"@type\":\"Organization\",\"@id\":\"https:\\\/\\\/www.meydan.tv\\\/az\\\/#organization\",\"name\":\"Meydan TV\",\"url\":\"https:\\\/\\\/www.meydan.tv\\\/az\\\/\",\"logo\":{\"@type\":\"ImageObject\",\"inLanguage\":\"az\",\"@id\":\"https:\\\/\\\/www.meydan.tv\\\/az\\\/#\\\/schema\\\/logo\\\/image\\\/\",\"url\":\"https:\\\/\\\/www.meydan.tv\\\/wp-content\\\/uploads\\\/2021\\\/07\\\/meydan-logo.svg\",\"contentUrl\":\"https:\\\/\\\/www.meydan.tv\\\/wp-content\\\/uploads\\\/2021\\\/07\\\/meydan-logo.svg\",\"width\":195,\"height\":46,\"caption\":\"Meydan TV\"},\"image\":{\"@id\":\"https:\\\/\\\/www.meydan.tv\\\/az\\\/#\\\/schema\\\/logo\\\/image\\\/\"}},{\"@type\":\"Person\",\"@id\":\"https:\\\/\\\/www.meydan.tv\\\/az\\\/#\\\/schema\\\/person\\\/476e9360e593fa131d5d71d51866f8da\",\"name\":\"aleks\"}]}<\/script>\n<!-- \/ Yoast SEO plugin. -->","yoast_head_json":{"title":"\"\u0130lham \u018fliyev demokratiya t\u0259r\u0259fdarlar\u0131na \u201ch\u0259bsl\u0259r dayanmayacaq\u201d mesaj\u0131 verir\" - MEYDAN.TV","robots":{"index":"index","follow":"follow","max-snippet":"max-snippet:-1","max-image-preview":"max-image-preview:large","max-video-preview":"max-video-preview:-1"},"canonical":"https:\/\/www.meydan.tv\/az\/article\/ilham-eliyev-demokratiya-terefdarlarina-hebsler-dayanmayacaq-mesaji-verir\/","og_locale":"az_AZ","og_type":"article","og_title":"\"\u0130lham \u018fliyev demokratiya t\u0259r\u0259fdarlar\u0131na \u201ch\u0259bsl\u0259r dayanmayacaq\u201d mesaj\u0131 verir\" - MEYDAN.TV","og_url":"https:\/\/www.meydan.tv\/az\/article\/ilham-eliyev-demokratiya-terefdarlarina-hebsler-dayanmayacaq-mesaji-verir\/","og_site_name":"MEYDAN.TV","article_published_time":"2024-12-05T08:59:15+00:00","article_modified_time":"2024-12-05T09:13:33+00:00","og_image":[{"width":1000,"height":666,"url":"https:\/\/www.meydan.tv\/wp-content\/uploads\/ilham-aliyev-army-hospital-111120-a.jpg","type":"image\/jpeg"}],"author":"aleks","twitter_card":"summary_large_image","schema":{"@context":"https:\/\/schema.org","@graph":[{"@type":"Article","@id":"https:\/\/www.meydan.tv\/az\/article\/ilham-eliyev-demokratiya-terefdarlarina-hebsler-dayanmayacaq-mesaji-verir\/#article","isPartOf":{"@id":"https:\/\/www.meydan.tv\/az\/article\/ilham-eliyev-demokratiya-terefdarlarina-hebsler-dayanmayacaq-mesaji-verir\/"},"author":{"name":"aleks","@id":"https:\/\/www.meydan.tv\/az\/#\/schema\/person\/476e9360e593fa131d5d71d51866f8da"},"headline":"&#8220;\u0130lham \u018fliyev demokratiya t\u0259r\u0259fdarlar\u0131na \u201ch\u0259bsl\u0259r dayanmayacaq\u201d mesaj\u0131 verir&#8221;","datePublished":"2024-12-05T08:59:15+00:00","dateModified":"2024-12-05T09:13:33+00:00","mainEntityOfPage":{"@id":"https:\/\/www.meydan.tv\/az\/article\/ilham-eliyev-demokratiya-terefdarlarina-hebsler-dayanmayacaq-mesaji-verir\/"},"wordCount":331,"publisher":{"@id":"https:\/\/www.meydan.tv\/az\/#organization"},"image":{"@id":"https:\/\/www.meydan.tv\/az\/article\/ilham-eliyev-demokratiya-terefdarlarina-hebsler-dayanmayacaq-mesaji-verir\/#primaryimage"},"thumbnailUrl":"https:\/\/www.meydan.tv\/wp-content\/uploads\/ilham-aliyev-army-hospital-111120-a.jpg","articleSection":["Siyas\u0259t","T\u00f6vsiy\u0259","Video"],"inLanguage":"az"},{"@type":"WebPage","@id":"https:\/\/www.meydan.tv\/az\/article\/ilham-eliyev-demokratiya-terefdarlarina-hebsler-dayanmayacaq-mesaji-verir\/","url":"https:\/\/www.meydan.tv\/az\/article\/ilham-eliyev-demokratiya-terefdarlarina-hebsler-dayanmayacaq-mesaji-verir\/","name":"\"\u0130lham \u018fliyev demokratiya t\u0259r\u0259fdarlar\u0131na \u201ch\u0259bsl\u0259r dayanmayacaq\u201d mesaj\u0131 verir\" - MEYDAN.TV","isPartOf":{"@id":"https:\/\/www.meydan.tv\/az\/#website"},"primaryImageOfPage":{"@id":"https:\/\/www.meydan.tv\/az\/article\/ilham-eliyev-demokratiya-terefdarlarina-hebsler-dayanmayacaq-mesaji-verir\/#primaryimage"},"image":{"@id":"https:\/\/www.meydan.tv\/az\/article\/ilham-eliyev-demokratiya-terefdarlarina-hebsler-dayanmayacaq-mesaji-verir\/#primaryimage"},"thumbnailUrl":"https:\/\/www.meydan.tv\/wp-content\/uploads\/ilham-aliyev-army-hospital-111120-a.jpg","datePublished":"2024-12-05T08:59:15+00:00","dateModified":"2024-12-05T09:13:33+00:00","breadcrumb":{"@id":"https:\/\/www.meydan.tv\/az\/article\/ilham-eliyev-demokratiya-terefdarlarina-hebsler-dayanmayacaq-mesaji-verir\/#breadcrumb"},"inLanguage":"az","potentialAction":[{"@type":"ReadAction","target":["https:\/\/www.meydan.tv\/az\/article\/ilham-eliyev-demokratiya-terefdarlarina-hebsler-dayanmayacaq-mesaji-verir\/"]}]},{"@type":"ImageObject","inLanguage":"az","@id":"https:\/\/www.meydan.tv\/az\/article\/ilham-eliyev-demokratiya-terefdarlarina-hebsler-dayanmayacaq-mesaji-verir\/#primaryimage","url":"https:\/\/www.meydan.tv\/wp-content\/uploads\/ilham-aliyev-army-hospital-111120-a.jpg","contentUrl":"https:\/\/www.meydan.tv\/wp-content\/uploads\/ilham-aliyev-army-hospital-111120-a.jpg","width":1000,"height":666},{"@type":"BreadcrumbList","@id":"https:\/\/www.meydan.tv\/az\/article\/ilham-eliyev-demokratiya-terefdarlarina-hebsler-dayanmayacaq-mesaji-verir\/#breadcrumb","itemListElement":[{"@type":"ListItem","position":1,"name":"Ana s\u0259hif\u0259","item":"https:\/\/www.meydan.tv\/az\/"},{"@type":"ListItem","position":2,"name":"Video","item":"https:\/\/www.meydan.tv\/az\/section\/video-2\/"},{"@type":"ListItem","position":3,"name":"&#8220;\u0130lham \u018fliyev demokratiya t\u0259r\u0259fdarlar\u0131na \u201ch\u0259bsl\u0259r dayanmayacaq\u201d mesaj\u0131 verir&#8221;"}]},{"@type":"WebSite","@id":"https:\/\/www.meydan.tv\/az\/#website","url":"https:\/\/www.meydan.tv\/az\/","name":"MEYDAN.TV","description":"Meydan TV Az\u0259rbaycan\u0131n media m\u0259kan\u0131ndak\u0131 alternativ s\u0259sidir","publisher":{"@id":"https:\/\/www.meydan.tv\/az\/#organization"},"potentialAction":[{"@type":"SearchAction","target":{"@type":"EntryPoint","urlTemplate":"https:\/\/www.meydan.tv\/az\/?s={search_term_string}"},"query-input":{"@type":"PropertyValueSpecification","valueRequired":true,"valueName":"search_term_string"}}],"inLanguage":"az"},{"@type":"Organization","@id":"https:\/\/www.meydan.tv\/az\/#organization","name":"Meydan TV","url":"https:\/\/www.meydan.tv\/az\/","logo":{"@type":"ImageObject","inLanguage":"az","@id":"https:\/\/www.meydan.tv\/az\/#\/schema\/logo\/image\/","url":"https:\/\/www.meydan.tv\/wp-content\/uploads\/2021\/07\/meydan-logo.svg","contentUrl":"https:\/\/www.meydan.tv\/wp-content\/uploads\/2021\/07\/meydan-logo.svg","width":195,"height":46,"caption":"Meydan TV"},"image":{"@id":"https:\/\/www.meydan.tv\/az\/#\/schema\/logo\/image\/"}},{"@type":"Person","@id":"https:\/\/www.meydan.tv\/az\/#\/schema\/person\/476e9360e593fa131d5d71d51866f8da","name":"aleks"}]}},"_links":{"self":[{"href":"https:\/\/www.meydan.tv\/az\/wp-json\/wp\/v2\/posts\/322189","targetHints":{"allow":["GET"]}}],"collection":[{"href":"https:\/\/www.meydan.tv\/az\/wp-json\/wp\/v2\/posts"}],"about":[{"href":"https:\/\/www.meydan.tv\/az\/wp-json\/wp\/v2\/types\/post"}],"author":[{"embeddable":true,"href":"https:\/\/www.meydan.tv\/az\/wp-json\/wp\/v2\/users\/12"}],"replies":[{"embeddable":true,"href":"https:\/\/www.meydan.tv\/az\/wp-json\/wp\/v2\/comments?post=322189"}],"version-history":[{"count":5,"href":"https:\/\/www.meydan.tv\/az\/wp-json\/wp\/v2\/posts\/322189\/revisions"}],"predecessor-version":[{"id":322211,"href":"https:\/\/www.meydan.tv\/az\/wp-json\/wp\/v2\/posts\/322189\/revisions\/322211"}],"wp:featuredmedia":[{"embeddable":true,"href":"https:\/\/www.meydan.tv\/az\/wp-json\/wp\/v2\/media\/322190"}],"wp:attachment":[{"href":"https:\/\/www.meydan.tv\/az\/wp-json\/wp\/v2\/media?parent=322189"}],"wp:term":[{"taxonomy":"category","embeddable":true,"href":"https:\/\/www.meydan.tv\/az\/wp-json\/wp\/v2\/categories?post=322189"},{"taxonomy":"post_tag","embeddable":true,"href":"https:\/\/www.meydan.tv\/az\/wp-json\/wp\/v2\/tags?post=322189"}],"curies":[{"name":"wp","href":"https:\/\/api.w.org\/{rel}","templated":true}]}}