{"id":322105,"date":"2024-12-04T16:58:02","date_gmt":"2024-12-04T12:58:02","guid":{"rendered":"https:\/\/www.meydan.tv\/?p=322105"},"modified":"2024-12-05T12:12:11","modified_gmt":"2024-12-05T08:12:11","slug":"cin-avtomobillerine-telebat-niye-artir","status":"publish","type":"post","link":"https:\/\/www.meydan.tv\/az\/article\/cin-avtomobillerine-telebat-niye-artir\/","title":{"rendered":"\u00c7in avtomobill\u0259rin\u0259 t\u0259l\u0259bat niy\u0259 art\u0131r?"},"content":{"rendered":"\n<p><\/p>\n\n\n\n<p><em><strong>\u00d6t\u0259n il Az\u0259rbaycan \u00c7ind\u0259n 8 min\u0259 yax\u0131n n\u0259qliyyat vasit\u0259si idxal edib<\/strong><\/em><\/p>\n\n\n\n<p>Az\u0259rbaycanda \u00c7in istehsal\u0131 olan avtomobill\u0259r\u0259 t\u0259l\u0259bat g\u00fcnb\u0259g\u00fcn art\u0131r.<\/p>\n\n\n\n<p>\u00c7inin Ba\u015f G\u00f6mr\u00fck \u0130dar\u0259sinin m\u0259lumat\u0131na g\u00f6r\u0259, 2023-c\u00fc ild\u0259 Az\u0259rbaycana t\u0259qrib\u0259n 7,7 min minik avtomobili v\u0259 dig\u0259r motorlu n\u0259qliyyat vasit\u0259si idxal edilib. Onlar\u0131n \u0259ks\u0259riyy\u0259ti ki\u00e7ik h\u0259cmli 1000-1500 kubsantimetr aras\u0131 benzin m\u00fch\u0259rrikli ma\u015f\u0131nlard\u0131r. Hesabat d\u00f6vr\u00fcnd\u0259 t\u0259dar\u00fck\u00fcn d\u0259y\u0259ri 157,2 milyon dollar olub.<\/p>\n\n\n\n<p>\u00c7in avtomobil s\u0259nayesi ild\u0259 30 milyon avtomobil istehsal edir. Bu, Amerika, Avropa v\u0259 Yaponiyan\u0131n \u00fcmumi istehsal\u0131ndan \u00e7oxdur. B\u0259s \u00c7in ma\u015f\u0131nlar\u0131na maraq son ill\u0259rd\u0259 niy\u0259 bel\u0259 art\u0131b? Onlar\u0131n m\u0259\u015fhur avtomobil markalar\u0131ndan \u00fcst\u00fcnl\u00fcy\u00fc n\u0259dir?<\/p>\n\n\n\n<p><strong>Avtomobil idxal\u00e7\u0131s\u0131: \u201cQ\u0259na\u0259tcil v\u0259 ki\u00e7ik m\u00fch\u0259rrikli ma\u015f\u0131nlar daha \u00e7ox al\u0131n\u0131r\u201d<\/strong><\/p>\n\n\n\n<p>Az\u0259rbaycana xaricd\u0259n avtomobil g\u0259tir\u0259n \u015firk\u0259tl\u0259rd\u0259n birinin direktoru \u018fli \u0130manov deyir ki, indi al\u0131c\u0131lar q\u0259na\u0259tcil v\u0259 ki\u00e7ik m\u00fch\u0259rrikli ma\u015f\u0131nlara daha \u00e7ox \u00fcst\u00fcnl\u00fck verir. A\u015fa\u011f\u0131 qiym\u0259t, ki\u00e7ik m\u00fch\u0259rrik v\u0259 y\u00fcks\u0259k keyfiyy\u0259t s\u0259b\u0259bind\u0259n \u00c7in avtomobill\u0259rin\u0259 maraq h\u0259r il daha da art\u0131r:<\/p>\n\n\n\n<p><em>\u201c\u00c7in avtomobill\u0259ri bir \u00e7ox insan\u0131n b\u00fcdc\u0259sin\u0259 uy\u011fundur. Al\u0131c\u0131lara elektrikli v\u0259 hibrid m\u00fch\u0259rriki olan ma\u015f\u0131nlar, avtomatik idar\u0259etm\u0259 sisteml\u0259ri v\u0259 m\u00fcasir t\u0259hl\u00fck\u0259sizlik standartlar\u0131 il\u0259 t\u0259chiz olunmu\u015f f\u0259rqli modell\u0259r t\u0259klif edilir. Bu ma\u015f\u0131nlar h\u0259m modern dizayna, h\u0259m d\u0259 geni\u015f x\u00fcsusiyy\u0259tl\u0259r\u0259 malikdir. T\u0259bii ki, insanlar da nisb\u0259t\u0259n ucuz qiym\u0259t\u0259 daha m\u00fcasir v\u0259 ekoloji c\u0259h\u0259td\u0259n s\u0259rf\u0259li ma\u015f\u0131n alma\u011fa \u00fcst\u00fcnl\u00fck verirl\u0259r. \u00c7\u00fcnki Amerikadan g\u0259l\u0259n q\u0259zal\u0131 avtomobill\u0259r ad\u0259t\u0259n ya auksiondan, ya da b\u0259rpa olunduqdan sonra ikinci \u0259ld\u0259n al\u0131n\u0131r. Amma \u00c7in avtomobill\u0259ri t\u0259z\u0259dir, 0 kilometrdir. Y\u0259ni, m\u00fc\u015ft\u0259ri avtomobilin ilk sahibi olur\u201d.<\/em><\/p>\n\n\n\n<p>M\u00fct\u0259x\u0259ssisl\u0259rin fikrinc\u0259, k\u00f6hn\u0259 avtomobill\u0259rl\u0259 ba\u011fl\u0131 qoyulan s\u0259rt qada\u011falar da \u00f6lk\u0259y\u0259 istehsal ili yeni ma\u015f\u0131nlar\u0131n g\u0259tirilm\u0259sin\u0259 t\u0259kan verib. \u0130ndi \u00e7oxu Avropa standartlar\u0131na cavab ver\u0259n, amma qiym\u0259ti ucuz olan yeni \u00c7in ma\u015f\u0131n\u0131 alma\u011fa h\u0259v\u0259slidir. \u00c7in son ill\u0259r \u0259rzind\u0259 x\u00fcsus\u0259n d\u0259, elektrik m\u00fch\u0259rrikli avtomobill\u0259rin istehsal\u0131nda lider \u00f6lk\u0259l\u0259rd\u0259n birin\u0259 \u00e7evrilib.<\/p>\n\n\n\n<p><strong>Bu ilin 10 ay\u0131nda \u00f6lk\u0259y\u0259 2592 elektromobil idxal edilib<\/strong><\/p>\n\n\n\n<p>Az\u0259rbaycanda da son zamanlar elektromobill\u0259r\u0259 maraq art\u0131b. D\u00f6vl\u0259t G\u00f6mr\u00fck Komit\u0259sinin hesabat\u0131na \u0259sas\u0259n, bu ilin yanvar-oktyabr ay\u0131nda \u00f6lk\u0259y\u0259 104,2 milyon dollar d\u0259y\u0259rind\u0259 2592 elektromobil idxal edilib. Bu g\u00f6st\u0259rici \u00f6t\u0259n ilin eyni d\u00f6vr\u00fc il\u0259 m\u00fcqayis\u0259d\u0259 167 \u0259d\u0259d \u00e7oxdur. \u00dcmumilikd\u0259, 2024-c\u00fc ilin ilk 10 ay\u0131nda \u00f6lk\u0259y\u0259 1,48 milyard dollar d\u0259y\u0259rind\u0259 74,7 min n\u0259qliyyat vasit\u0259si idxal edilib.<\/p>\n\n\n\n<p>Son ill\u0259rd\u0259 elektrik v\u0259 hibrid m\u00fch\u0259rrikli avtomobill\u0259r\u0259 vergi g\u00fcz\u0259\u015ftl\u0259rinin t\u0259tbiqi d\u0259 onlara h\u0259v\u0259si art\u0131r\u0131b. Vergi M\u0259c\u0259ll\u0259sin\u0259 edil\u0259n son d\u0259yi\u015fiklikl\u0259r\u0259 g\u00f6r\u0259, hibrid avtomobill\u0259rinin idxal\u0131 v\u0259 sat\u0131\u015f\u0131 2026-c\u0131 il yanvar\u0131n 1-d\u0259k \u0259lav\u0259 d\u0259y\u0259r vergisind\u0259n (\u018fDV) azad edilib. 2020-ci ild\u0259n ba\u015flayaraq istehsal edil\u0259n v\u0259 m\u00fch\u0259rrikinin h\u0259cmi 2500 kubsantimetrd\u0259n \u00e7ox olmayan hibrid ma\u015f\u0131nlar\u0131na g\u00f6r\u0259 \u018fDV \u00f6d\u0259nilm\u0259y\u0259c\u0259k. Elektromobill\u0259rin enerji doldurucular\u0131n\u0131n idxal\u0131 v\u0259 sat\u0131\u015f\u0131n\u0131n \u018fDV-d\u0259n azadolma m\u00fcdd\u0259ti d\u0259 2027-ci il yanvar\u0131n 1-d\u0259k uzad\u0131l\u0131b.<\/p>\n\n\n\n<p><strong>N\u0259qliyyat eksperti: \u201cRusiya bazar\u0131n\u0131n yerini \u00c7in tutdu\u201d<\/strong><\/p>\n\n\n\n<p>B\u0259s \u00c7in ma\u015f\u0131nlar\u0131 bel\u0259 q\u0131sa zamanda Az\u0259rbaycan avtomobil bazar\u0131n\u0131 nec\u0259 \u0259l\u0259 ke\u00e7ir\u0259 bildi?<\/p>\n\n\n\n<p>N\u0259qliyyat m\u0259s\u0259l\u0259l\u0259ri \u00fczr\u0259 ekspert Eld\u0259niz C\u0259f\u0259rovun s\u00f6zl\u0259rin\u0259 g\u00f6r\u0259, \u0259vv\u0259ll\u0259r t\u0259l\u0259bat Rusiya istehsall\u0131 avtomobill\u0259r\u0259 idi. Statistikaya g\u00f6r\u0259, Rusiyan\u0131n \u0259n \u00e7ox ma\u015f\u0131n idxal etdiyi \u00f6lk\u0259l\u0259r s\u0131ras\u0131nda Az\u0259rbaycan 5-ci yerd\u0259 q\u0259rarla\u015f\u0131rd\u0131:<\/p>\n\n\n\n<p><em>\u201cQ\u0259rbin Rusiyaya t\u0259tbiq etdiyi iqtisadi sanksiyalardan sonra \u00f6lk\u0259nin avtomobil s\u0259nayesi \u00e7\u00f6kd\u00fc. Art\u0131q Rusiya Avropa spesifikasiyal\u0131 minik avtomobill\u0259rini istehsal ed\u0259 bilmir. Bu s\u0259b\u0259bd\u0259n d\u0259 bizim kimi \u00f6lk\u0259l\u0259rd\u0259 Rusiya istehsall\u0131 avtomobill\u0259rin yerini \u00c7in istehsall\u0131 ma\u015f\u0131nlar tutdu. Bu ma\u015f\u0131nlar qiym\u0259t bax\u0131m\u0131ndan daha r\u0259qab\u0259t\u0259 davaml\u0131 oldu\u011fundan, onlara t\u0259l\u0259bat da artd\u0131\u201d.<\/em><\/p>\n\n\n\n<p><strong>\u201cBir \u00e7oxunun r\u0259smi diler v\u0259 distrib\u00fctoru yoxdur\u201d<\/strong><\/p>\n\n\n\n<p>Qiym\u0259tl\u0259r\u0259 g\u0259linc\u0259, yeni \u00c7in istehsall\u0131 avtomobill\u0259r 30 min manat civar\u0131ndad\u0131r. B\u0259s bu ma\u015f\u0131nlar\u0131n Amerika, Avropa v\u0259 ya Yaponiya avtomobill\u0259rind\u0259n \u00fcst\u00fcnl\u00fckl\u0259ri n\u0259l\u0259rdir?<\/p>\n\n\n\n<p>Eld\u0259niz C\u0259f\u0259rov deyir ki, \u0259slind\u0259, \u00c7in ma\u015f\u0131nlar\u0131n\u0131n keyfiyy\u0259t bax\u0131m\u0131ndan dig\u0259rl\u0259rind\u0259n he\u00e7 bir \u00fcst\u00fcnl\u00fcy\u00fc yoxdur. \u018fksin\u0259, b\u0259z\u0259n zavod, s\u0259naye q\u00fcsurlar\u0131na da rast g\u0259linir. O c\u00fcml\u0259d\u0259n, bir \u00e7oxunun Az\u0259rbaycanda r\u0259smi diler v\u0259 distrib\u00fctoru yoxdur. Servis d\u0259st\u0259yi yax\u015f\u0131 deyil. Ehtiyat hiss\u0259l\u0259ri, el\u0259c\u0259 d\u0259 t\u0259mir\u0259 ehtiyac olduqda, ustalar\u0131 da \u00e7\u0259tin tap\u0131l\u0131r.<\/p>\n\n\n\n<p><em>\u201c\u00c7ind\u0259n avtomobil idxal ed\u0259n b\u0259zi sahibkarlar sat\u0131\u015fdan sonrak\u0131 m\u0259rh\u0259l\u0259ni d\u00fc\u015f\u00fcnm\u00fcr. N\u0259tic\u0259d\u0259 h\u0259min ma\u015f\u0131nlar\u0131 alanlar bir ne\u00e7\u0259 il sonra \u00e7\u0259tinlikl\u0259rl\u0259 \u00fczl\u0259\u015fir. Amma bizim bazarda el\u0259 \u00c7in ma\u015f\u0131nlar\u0131 da var ki, onlar art\u0131q \u00f6z\u00fcn\u00fc do\u011fruldub. Onlar\u0131n r\u0259smi servis m\u0259rk\u0259zl\u0259ri, ustalar\u0131 da var. \u00c7ox rahatl\u0131qla dig\u0259r avtomobill\u0259rl\u0259 r\u0259qab\u0259t\u0259 girirl\u0259r\u201d<\/em>, &#8211; E. C\u0259f\u0259rov bildirib.<\/p>\n\n\n\n<p><strong>Ma\u015f\u0131n ustas\u0131: \u201cBoya qat\u0131nda paslanmalar olur\u201d<\/strong><\/p>\n\n\n\n<p>B\u0259s \u00c7in avtomobill\u0259rinin keyfiyy\u0259ti s\u00fcr\u00fcc\u00fcl\u0259ri nec\u0259, qane edirmi? M\u0259s\u0259l\u0259n, bu ma\u015f\u0131nlar\u0131 s\u00fcr\u0259nl\u0259r daha \u00e7ox hans\u0131 probleml\u0259rl\u0259 ma\u015f\u0131n ustalar\u0131na m\u00fcraci\u0259t edirl\u0259r?<\/p>\n\n\n\n<p>Avtomobil ustas\u0131 S\u0259rxan H\u00fcseynov \u0259ks\u0259r \u00c7in ma\u015f\u0131nlar\u0131n\u0131n keyfiyy\u0259tinin he\u00e7 d\u0259 y\u00fcks\u0259k olmad\u0131\u011f\u0131 q\u0259na\u0259tind\u0259dir. Deyir ki, b\u0259zi ma\u015f\u0131nlar\u0131n boya qat\u0131nda zamanla paslanmalar, \u00e7\u00fcr\u00fcm\u0259l\u0259r olur:<\/p>\n\n\n\n<p><em>\u201c\u0130kinci emaldan d\u00fcz\u0259l\u0259n avtomobill\u0259r oldu\u011fu \u00fc\u00e7\u00fcn tez paslan\u0131r. \u015eoran torpaq sah\u0259si olan yerl\u0259rd\u0259 daha tez paslan\u0131r. Elektromobill\u0259rd\u0259 is\u0259 \u0259sas\u0259n soyuq aylarda nasazl\u0131qlar yaran\u0131r. Elektriki gec y\u0131\u011f\u0131r, y\u00fcr\u00fc\u015f az olur. M\u0259nfi 5 d\u0259r\u0259c\u0259 \u015faxtada h\u0259min ma\u015f\u0131nlar\u0131 he\u00e7 yerind\u0259n t\u0259rp\u0259tm\u0259k m\u00fcmk\u00fcn olmur. H\u0259m d\u0259 elektromobill\u0259r h\u0259r an q\u0131saqapanmadan al\u0131\u015fma da ver\u0259 bil\u0259r. Y\u0259ni, \u00c7in ma\u015f\u0131nlar\u0131ni el\u0259 d\u0259 keyfiyy\u0259tli hesab etmir\u0259m. Sad\u0259c\u0259 t\u0259z\u0259 v\u0259 ekonom oldu\u011fundan insanlar\u0131 c\u0259lb edir\u201d.<\/em><\/p>\n\n\n\n<p>\u018fks\u0259r s\u00fcr\u00fcc\u00fcl\u0259r ehtiyat hiss\u0259l\u0259rinin tap\u0131lmamas\u0131ndan da \u015fikay\u0259tl\u0259nir. S\u0259rxan H\u00fcseynovun s\u00f6zl\u0259rin\u0259 g\u00f6r\u0259, \u0259vv\u0259ll\u0259r bel\u0259 probleml\u0259rl\u0259 daha tez-tez qar\u015f\u0131la\u015fsalar da, indi v\u0259ziyy\u0259t bir q\u0259d\u0259r yax\u015f\u0131la\u015f\u0131b.<\/p>\n\n\n\n<p><em>\u201cSon zamanlar ehtiyat hiss\u0259l\u0259rinin bir \u00e7oxunu tapmaq olur. Avtomobil aksessuarlar\u0131n\u0131 tapmaq bir az \u00e7\u0259tindir, onlar\u0131 da xaricd\u0259n sifari\u015f edirl\u0259r\u201d.<\/em><\/p>\n\n\n\n<p><strong>2025-ci ild\u0259 ma\u015f\u0131n bazar\u0131nda bahala\u015fma g\u00f6zl\u0259nilirmi?<\/strong><\/p>\n\n\n\n<p>Az\u0259rbaycana haz\u0131rda AB\u015e, Avropa, C\u0259nubi Koreya, Yaponiya, T\u00fcrkiy\u0259 v\u0259 dig\u0259r \u00f6lk\u0259l\u0259rd\u0259n avtomobil idxal olunur. B\u0259s g\u0259l\u0259n il ma\u015f\u0131n bazar\u0131nda bahala\u015fma g\u00f6zl\u0259nilirmi? N\u0259qliyyat eksperti Eld\u0259niz C\u0259f\u0259rovun proqnozlar\u0131na g\u00f6r\u0259, 2025-ci ilin mart ay\u0131nad\u0259k qiym\u0259tl\u0259rin y\u00fcks\u0259lm\u0259si g\u00f6zl\u0259nilmir. \u00c7\u00fcnki haz\u0131rda ma\u015f\u0131n bazar\u0131nda dur\u011funluq h\u00f6km s\u00fcr\u00fcr. \u018fksin\u0259, avtomobill\u0259r endirimli qiym\u0259tl\u0259rl\u0259 t\u0259klif edilir.<\/p>\n","protected":false},"excerpt":{"rendered":"<p>\u00d6t\u0259n il Az\u0259rbaycan \u00c7ind\u0259n 8 min\u0259 yax\u0131n n\u0259qliyyat vasit\u0259si idxal &#8230; <\/p>\n<p class=\"read-more-container\"><a title=\"\u00c7in avtomobill\u0259rin\u0259 t\u0259l\u0259bat niy\u0259 art\u0131r?\" class=\"read-more button\" href=\"https:\/\/www.meydan.tv\/az\/article\/cin-avtomobillerine-telebat-niye-artir\/#more-322105\" aria-label=\"Read more about \u00c7in avtomobill\u0259rin\u0259 t\u0259l\u0259bat niy\u0259 art\u0131r?\">Davam\u0131<\/a><\/p>\n","protected":false},"author":21,"featured_media":322185,"comment_status":"closed","ping_status":"closed","sticky":false,"template":"","format":"standard","meta":{"_acf_changed":false,"_sitemap_exclude":false,"_sitemap_priority":"","_sitemap_frequency":"","footnotes":""},"categories":[53,62,79,56],"tags":[],"class_list":["post-322105","post","type-post","status-publish","format-standard","has-post-thumbnail","hentry","category-iqtisadiyyat","category-sosial","category-featured","category-xeberler","infinite-scroll-item","generate-columns","tablet-grid-50","mobile-grid-100","grid-parent","grid-33","no-featured-image-padding"],"acf":[],"yoast_head":"<!-- This site is optimized with the Yoast SEO plugin v27.4 - https:\/\/yoast.com\/product\/yoast-seo-wordpress\/ -->\n<title>\u00c7in avtomobill\u0259rin\u0259 t\u0259l\u0259bat niy\u0259 art\u0131r? - MEYDAN.TV<\/title>\n<meta name=\"robots\" content=\"index, follow, max-snippet:-1, max-image-preview:large, max-video-preview:-1\" \/>\n<link rel=\"canonical\" href=\"https:\/\/www.meydan.tv\/az\/article\/cin-avtomobillerine-telebat-niye-artir\/\" \/>\n<meta property=\"og:locale\" content=\"az_AZ\" \/>\n<meta property=\"og:type\" content=\"article\" \/>\n<meta property=\"og:title\" content=\"\u00c7in avtomobill\u0259rin\u0259 t\u0259l\u0259bat niy\u0259 art\u0131r? - MEYDAN.TV\" \/>\n<meta property=\"og:description\" content=\"\u00d6t\u0259n il Az\u0259rbaycan \u00c7ind\u0259n 8 min\u0259 yax\u0131n n\u0259qliyyat vasit\u0259si idxal ... Davam\u0131\" \/>\n<meta property=\"og:url\" content=\"https:\/\/www.meydan.tv\/az\/article\/cin-avtomobillerine-telebat-niye-artir\/\" \/>\n<meta property=\"og:site_name\" content=\"MEYDAN.TV\" \/>\n<meta property=\"article:published_time\" content=\"2024-12-04T12:58:02+00:00\" \/>\n<meta property=\"article:modified_time\" content=\"2024-12-05T08:12:11+00:00\" \/>\n<meta property=\"og:image\" content=\"https:\/\/www.meydan.tv\/wp-content\/uploads\/shutterstock_2161793933_720.jpg\" \/>\n\t<meta property=\"og:image:width\" content=\"720\" \/>\n\t<meta property=\"og:image:height\" content=\"481\" \/>\n\t<meta property=\"og:image:type\" content=\"image\/jpeg\" \/>\n<meta name=\"author\" content=\"mahmud\" \/>\n<meta name=\"twitter:card\" content=\"summary_large_image\" \/>\n<script type=\"application\/ld+json\" class=\"yoast-schema-graph\">{\"@context\":\"https:\\\/\\\/schema.org\",\"@graph\":[{\"@type\":\"Article\",\"@id\":\"https:\\\/\\\/www.meydan.tv\\\/az\\\/article\\\/cin-avtomobillerine-telebat-niye-artir\\\/#article\",\"isPartOf\":{\"@id\":\"https:\\\/\\\/www.meydan.tv\\\/az\\\/article\\\/cin-avtomobillerine-telebat-niye-artir\\\/\"},\"author\":{\"name\":\"mahmud\",\"@id\":\"https:\\\/\\\/www.meydan.tv\\\/az\\\/#\\\/schema\\\/person\\\/09863e516102a829e72bedcf3f84c6b0\"},\"headline\":\"\u00c7in avtomobill\u0259rin\u0259 t\u0259l\u0259bat niy\u0259 art\u0131r?\",\"datePublished\":\"2024-12-04T12:58:02+00:00\",\"dateModified\":\"2024-12-05T08:12:11+00:00\",\"mainEntityOfPage\":{\"@id\":\"https:\\\/\\\/www.meydan.tv\\\/az\\\/article\\\/cin-avtomobillerine-telebat-niye-artir\\\/\"},\"wordCount\":1386,\"publisher\":{\"@id\":\"https:\\\/\\\/www.meydan.tv\\\/az\\\/#organization\"},\"image\":{\"@id\":\"https:\\\/\\\/www.meydan.tv\\\/az\\\/article\\\/cin-avtomobillerine-telebat-niye-artir\\\/#primaryimage\"},\"thumbnailUrl\":\"https:\\\/\\\/www.meydan.tv\\\/wp-content\\\/uploads\\\/shutterstock_2161793933_720.jpg\",\"articleSection\":[\"\u0130qtisadiyyat\",\"Sosial\",\"T\u00f6vsiy\u0259\",\"X\u0259b\u0259rl\u0259r\"],\"inLanguage\":\"az\"},{\"@type\":\"WebPage\",\"@id\":\"https:\\\/\\\/www.meydan.tv\\\/az\\\/article\\\/cin-avtomobillerine-telebat-niye-artir\\\/\",\"url\":\"https:\\\/\\\/www.meydan.tv\\\/az\\\/article\\\/cin-avtomobillerine-telebat-niye-artir\\\/\",\"name\":\"\u00c7in avtomobill\u0259rin\u0259 t\u0259l\u0259bat niy\u0259 art\u0131r? - MEYDAN.TV\",\"isPartOf\":{\"@id\":\"https:\\\/\\\/www.meydan.tv\\\/az\\\/#website\"},\"primaryImageOfPage\":{\"@id\":\"https:\\\/\\\/www.meydan.tv\\\/az\\\/article\\\/cin-avtomobillerine-telebat-niye-artir\\\/#primaryimage\"},\"image\":{\"@id\":\"https:\\\/\\\/www.meydan.tv\\\/az\\\/article\\\/cin-avtomobillerine-telebat-niye-artir\\\/#primaryimage\"},\"thumbnailUrl\":\"https:\\\/\\\/www.meydan.tv\\\/wp-content\\\/uploads\\\/shutterstock_2161793933_720.jpg\",\"datePublished\":\"2024-12-04T12:58:02+00:00\",\"dateModified\":\"2024-12-05T08:12:11+00:00\",\"breadcrumb\":{\"@id\":\"https:\\\/\\\/www.meydan.tv\\\/az\\\/article\\\/cin-avtomobillerine-telebat-niye-artir\\\/#breadcrumb\"},\"inLanguage\":\"az\",\"potentialAction\":[{\"@type\":\"ReadAction\",\"target\":[\"https:\\\/\\\/www.meydan.tv\\\/az\\\/article\\\/cin-avtomobillerine-telebat-niye-artir\\\/\"]}]},{\"@type\":\"ImageObject\",\"inLanguage\":\"az\",\"@id\":\"https:\\\/\\\/www.meydan.tv\\\/az\\\/article\\\/cin-avtomobillerine-telebat-niye-artir\\\/#primaryimage\",\"url\":\"https:\\\/\\\/www.meydan.tv\\\/wp-content\\\/uploads\\\/shutterstock_2161793933_720.jpg\",\"contentUrl\":\"https:\\\/\\\/www.meydan.tv\\\/wp-content\\\/uploads\\\/shutterstock_2161793933_720.jpg\",\"width\":720,\"height\":481,\"caption\":\"Avtomobil. Foto: Shutterstock \\\\ Tricky_Shark\"},{\"@type\":\"BreadcrumbList\",\"@id\":\"https:\\\/\\\/www.meydan.tv\\\/az\\\/article\\\/cin-avtomobillerine-telebat-niye-artir\\\/#breadcrumb\",\"itemListElement\":[{\"@type\":\"ListItem\",\"position\":1,\"name\":\"Ana s\u0259hif\u0259\",\"item\":\"https:\\\/\\\/www.meydan.tv\\\/az\\\/\"},{\"@type\":\"ListItem\",\"position\":2,\"name\":\"\u0130qtisadiyyat\",\"item\":\"https:\\\/\\\/www.meydan.tv\\\/az\\\/section\\\/iqtisadiyyat\\\/\"},{\"@type\":\"ListItem\",\"position\":3,\"name\":\"\u00c7in avtomobill\u0259rin\u0259 t\u0259l\u0259bat niy\u0259 art\u0131r?\"}]},{\"@type\":\"WebSite\",\"@id\":\"https:\\\/\\\/www.meydan.tv\\\/az\\\/#website\",\"url\":\"https:\\\/\\\/www.meydan.tv\\\/az\\\/\",\"name\":\"MEYDAN.TV\",\"description\":\"Meydan TV Az\u0259rbaycan\u0131n media m\u0259kan\u0131ndak\u0131 alternativ s\u0259sidir\",\"publisher\":{\"@id\":\"https:\\\/\\\/www.meydan.tv\\\/az\\\/#organization\"},\"potentialAction\":[{\"@type\":\"SearchAction\",\"target\":{\"@type\":\"EntryPoint\",\"urlTemplate\":\"https:\\\/\\\/www.meydan.tv\\\/az\\\/?s={search_term_string}\"},\"query-input\":{\"@type\":\"PropertyValueSpecification\",\"valueRequired\":true,\"valueName\":\"search_term_string\"}}],\"inLanguage\":\"az\"},{\"@type\":\"Organization\",\"@id\":\"https:\\\/\\\/www.meydan.tv\\\/az\\\/#organization\",\"name\":\"Meydan TV\",\"url\":\"https:\\\/\\\/www.meydan.tv\\\/az\\\/\",\"logo\":{\"@type\":\"ImageObject\",\"inLanguage\":\"az\",\"@id\":\"https:\\\/\\\/www.meydan.tv\\\/az\\\/#\\\/schema\\\/logo\\\/image\\\/\",\"url\":\"https:\\\/\\\/www.meydan.tv\\\/wp-content\\\/uploads\\\/2021\\\/07\\\/meydan-logo.svg\",\"contentUrl\":\"https:\\\/\\\/www.meydan.tv\\\/wp-content\\\/uploads\\\/2021\\\/07\\\/meydan-logo.svg\",\"width\":195,\"height\":46,\"caption\":\"Meydan TV\"},\"image\":{\"@id\":\"https:\\\/\\\/www.meydan.tv\\\/az\\\/#\\\/schema\\\/logo\\\/image\\\/\"}},{\"@type\":\"Person\",\"@id\":\"https:\\\/\\\/www.meydan.tv\\\/az\\\/#\\\/schema\\\/person\\\/09863e516102a829e72bedcf3f84c6b0\",\"name\":\"mahmud\"}]}<\/script>\n<!-- \/ Yoast SEO plugin. -->","yoast_head_json":{"title":"\u00c7in avtomobill\u0259rin\u0259 t\u0259l\u0259bat niy\u0259 art\u0131r? - MEYDAN.TV","robots":{"index":"index","follow":"follow","max-snippet":"max-snippet:-1","max-image-preview":"max-image-preview:large","max-video-preview":"max-video-preview:-1"},"canonical":"https:\/\/www.meydan.tv\/az\/article\/cin-avtomobillerine-telebat-niye-artir\/","og_locale":"az_AZ","og_type":"article","og_title":"\u00c7in avtomobill\u0259rin\u0259 t\u0259l\u0259bat niy\u0259 art\u0131r? - MEYDAN.TV","og_description":"\u00d6t\u0259n il Az\u0259rbaycan \u00c7ind\u0259n 8 min\u0259 yax\u0131n n\u0259qliyyat vasit\u0259si idxal ... Davam\u0131","og_url":"https:\/\/www.meydan.tv\/az\/article\/cin-avtomobillerine-telebat-niye-artir\/","og_site_name":"MEYDAN.TV","article_published_time":"2024-12-04T12:58:02+00:00","article_modified_time":"2024-12-05T08:12:11+00:00","og_image":[{"width":720,"height":481,"url":"https:\/\/www.meydan.tv\/wp-content\/uploads\/shutterstock_2161793933_720.jpg","type":"image\/jpeg"}],"author":"mahmud","twitter_card":"summary_large_image","schema":{"@context":"https:\/\/schema.org","@graph":[{"@type":"Article","@id":"https:\/\/www.meydan.tv\/az\/article\/cin-avtomobillerine-telebat-niye-artir\/#article","isPartOf":{"@id":"https:\/\/www.meydan.tv\/az\/article\/cin-avtomobillerine-telebat-niye-artir\/"},"author":{"name":"mahmud","@id":"https:\/\/www.meydan.tv\/az\/#\/schema\/person\/09863e516102a829e72bedcf3f84c6b0"},"headline":"\u00c7in avtomobill\u0259rin\u0259 t\u0259l\u0259bat niy\u0259 art\u0131r?","datePublished":"2024-12-04T12:58:02+00:00","dateModified":"2024-12-05T08:12:11+00:00","mainEntityOfPage":{"@id":"https:\/\/www.meydan.tv\/az\/article\/cin-avtomobillerine-telebat-niye-artir\/"},"wordCount":1386,"publisher":{"@id":"https:\/\/www.meydan.tv\/az\/#organization"},"image":{"@id":"https:\/\/www.meydan.tv\/az\/article\/cin-avtomobillerine-telebat-niye-artir\/#primaryimage"},"thumbnailUrl":"https:\/\/www.meydan.tv\/wp-content\/uploads\/shutterstock_2161793933_720.jpg","articleSection":["\u0130qtisadiyyat","Sosial","T\u00f6vsiy\u0259","X\u0259b\u0259rl\u0259r"],"inLanguage":"az"},{"@type":"WebPage","@id":"https:\/\/www.meydan.tv\/az\/article\/cin-avtomobillerine-telebat-niye-artir\/","url":"https:\/\/www.meydan.tv\/az\/article\/cin-avtomobillerine-telebat-niye-artir\/","name":"\u00c7in avtomobill\u0259rin\u0259 t\u0259l\u0259bat niy\u0259 art\u0131r? - MEYDAN.TV","isPartOf":{"@id":"https:\/\/www.meydan.tv\/az\/#website"},"primaryImageOfPage":{"@id":"https:\/\/www.meydan.tv\/az\/article\/cin-avtomobillerine-telebat-niye-artir\/#primaryimage"},"image":{"@id":"https:\/\/www.meydan.tv\/az\/article\/cin-avtomobillerine-telebat-niye-artir\/#primaryimage"},"thumbnailUrl":"https:\/\/www.meydan.tv\/wp-content\/uploads\/shutterstock_2161793933_720.jpg","datePublished":"2024-12-04T12:58:02+00:00","dateModified":"2024-12-05T08:12:11+00:00","breadcrumb":{"@id":"https:\/\/www.meydan.tv\/az\/article\/cin-avtomobillerine-telebat-niye-artir\/#breadcrumb"},"inLanguage":"az","potentialAction":[{"@type":"ReadAction","target":["https:\/\/www.meydan.tv\/az\/article\/cin-avtomobillerine-telebat-niye-artir\/"]}]},{"@type":"ImageObject","inLanguage":"az","@id":"https:\/\/www.meydan.tv\/az\/article\/cin-avtomobillerine-telebat-niye-artir\/#primaryimage","url":"https:\/\/www.meydan.tv\/wp-content\/uploads\/shutterstock_2161793933_720.jpg","contentUrl":"https:\/\/www.meydan.tv\/wp-content\/uploads\/shutterstock_2161793933_720.jpg","width":720,"height":481,"caption":"Avtomobil. Foto: Shutterstock \\ Tricky_Shark"},{"@type":"BreadcrumbList","@id":"https:\/\/www.meydan.tv\/az\/article\/cin-avtomobillerine-telebat-niye-artir\/#breadcrumb","itemListElement":[{"@type":"ListItem","position":1,"name":"Ana s\u0259hif\u0259","item":"https:\/\/www.meydan.tv\/az\/"},{"@type":"ListItem","position":2,"name":"\u0130qtisadiyyat","item":"https:\/\/www.meydan.tv\/az\/section\/iqtisadiyyat\/"},{"@type":"ListItem","position":3,"name":"\u00c7in avtomobill\u0259rin\u0259 t\u0259l\u0259bat niy\u0259 art\u0131r?"}]},{"@type":"WebSite","@id":"https:\/\/www.meydan.tv\/az\/#website","url":"https:\/\/www.meydan.tv\/az\/","name":"MEYDAN.TV","description":"Meydan TV Az\u0259rbaycan\u0131n media m\u0259kan\u0131ndak\u0131 alternativ s\u0259sidir","publisher":{"@id":"https:\/\/www.meydan.tv\/az\/#organization"},"potentialAction":[{"@type":"SearchAction","target":{"@type":"EntryPoint","urlTemplate":"https:\/\/www.meydan.tv\/az\/?s={search_term_string}"},"query-input":{"@type":"PropertyValueSpecification","valueRequired":true,"valueName":"search_term_string"}}],"inLanguage":"az"},{"@type":"Organization","@id":"https:\/\/www.meydan.tv\/az\/#organization","name":"Meydan TV","url":"https:\/\/www.meydan.tv\/az\/","logo":{"@type":"ImageObject","inLanguage":"az","@id":"https:\/\/www.meydan.tv\/az\/#\/schema\/logo\/image\/","url":"https:\/\/www.meydan.tv\/wp-content\/uploads\/2021\/07\/meydan-logo.svg","contentUrl":"https:\/\/www.meydan.tv\/wp-content\/uploads\/2021\/07\/meydan-logo.svg","width":195,"height":46,"caption":"Meydan TV"},"image":{"@id":"https:\/\/www.meydan.tv\/az\/#\/schema\/logo\/image\/"}},{"@type":"Person","@id":"https:\/\/www.meydan.tv\/az\/#\/schema\/person\/09863e516102a829e72bedcf3f84c6b0","name":"mahmud"}]}},"_links":{"self":[{"href":"https:\/\/www.meydan.tv\/az\/wp-json\/wp\/v2\/posts\/322105","targetHints":{"allow":["GET"]}}],"collection":[{"href":"https:\/\/www.meydan.tv\/az\/wp-json\/wp\/v2\/posts"}],"about":[{"href":"https:\/\/www.meydan.tv\/az\/wp-json\/wp\/v2\/types\/post"}],"author":[{"embeddable":true,"href":"https:\/\/www.meydan.tv\/az\/wp-json\/wp\/v2\/users\/21"}],"replies":[{"embeddable":true,"href":"https:\/\/www.meydan.tv\/az\/wp-json\/wp\/v2\/comments?post=322105"}],"version-history":[{"count":3,"href":"https:\/\/www.meydan.tv\/az\/wp-json\/wp\/v2\/posts\/322105\/revisions"}],"predecessor-version":[{"id":322188,"href":"https:\/\/www.meydan.tv\/az\/wp-json\/wp\/v2\/posts\/322105\/revisions\/322188"}],"wp:featuredmedia":[{"embeddable":true,"href":"https:\/\/www.meydan.tv\/az\/wp-json\/wp\/v2\/media\/322185"}],"wp:attachment":[{"href":"https:\/\/www.meydan.tv\/az\/wp-json\/wp\/v2\/media?parent=322105"}],"wp:term":[{"taxonomy":"category","embeddable":true,"href":"https:\/\/www.meydan.tv\/az\/wp-json\/wp\/v2\/categories?post=322105"},{"taxonomy":"post_tag","embeddable":true,"href":"https:\/\/www.meydan.tv\/az\/wp-json\/wp\/v2\/tags?post=322105"}],"curies":[{"name":"wp","href":"https:\/\/api.w.org\/{rel}","templated":true}]}}