{"id":322087,"date":"2024-12-04T14:06:29","date_gmt":"2024-12-04T10:06:29","guid":{"rendered":"https:\/\/www.meydan.tv\/?p=322087"},"modified":"2024-12-04T14:06:33","modified_gmt":"2024-12-04T10:06:33","slug":"bagca-muellimleri-2026-ci-ile-qeder-sertifikatlasmaya-celb-olunacaqlar","status":"publish","type":"post","link":"https:\/\/www.meydan.tv\/az\/article\/bagca-muellimleri-2026-ci-ile-qeder-sertifikatlasmaya-celb-olunacaqlar\/","title":{"rendered":"Ba\u011f\u00e7a m\u00fc\u0259lliml\u0259ri 2026-c\u0131 il\u0259 q\u0259d\u0259r sertifikatla\u015fmaya c\u0259lb olunacaqlar"},"content":{"rendered":"\n<p><\/p>\n\n\n\n<p><strong><em>17000 pedaqoji hey\u0259tin sertifikatla\u015fmas\u0131 n\u0259z\u0259rd\u0259 tutulur<\/em><\/strong><\/p>\n\n\n\n<p>Az\u0259rbaycanda 2026-c\u0131 il\u0259 q\u0259d\u0259r ba\u011f\u00e7a m\u00fc\u0259lliml\u0259rinin sertifikasiyaya c\u0259lb olunmas\u0131 planla\u015fd\u0131r\u0131l\u0131r.<\/p>\n\n\n\n<p>Bu bar\u0259d\u0259 elm v\u0259 t\u0259hsil naziri Emin \u018fmrullayev \u201cM\u0259kt\u0259b\u0259q\u0259d\u0259r t\u0259hsild\u0259 keyfiyy\u0259t\u0259 yeni bax\u0131\u015f\u201d adl\u0131 beyn\u0259lxalq konfransda dan\u0131\u015f\u0131b.<\/p>\n\n\n\n<p>Nazir bildirib ki, 2014-2015-ci ill\u0259rd\u0259n ba\u015flayaraq, t\u0259hsild\u0259 diaqnostika v\u0259 sertifikasiya prosesl\u0259ri h\u0259yata ke\u00e7irilib.<\/p>\n\n\n\n<p>O \u0259lav\u0259 edib ki, ox\u015far yana\u015fma m\u0259kt\u0259b\u0259q\u0259d\u0259r t\u0259hsil sah\u0259sin\u0259 d\u0259 t\u0259tbiq edil\u0259c\u0259k.<\/p>\n\n\n\n<p>Elm v\u0259 T\u0259hsil Nazirliyi yan\u0131nda M\u0259kt\u0259b\u0259q\u0259d\u0259r v\u0259 \u00dcmumi T\u0259hsil \u00fczr\u0259 D\u00f6vl\u0259t Agentliyi daha \u00f6nc\u0259 bildirmi\u015fdi ki, 17000 pedaqoji hey\u0259tin sertifikatla\u015fmas\u0131 n\u0259z\u0259rd\u0259 tutulur.<\/p>\n\n\n\n<p>\u00dc\u00e7 g\u00fcn davam ed\u0259c\u0259k proses b\u00fct\u00fcn regionlar\u0131 \u0259hat\u0259 ed\u0259c\u0259k.<\/p>\n\n\n\n<p>Sertifikasiya imtahanlar\u0131n\u0131n 2025 v\u0259 ya 2026-c\u0131 ilin yay aylar\u0131nda ke\u00e7iril\u0259 bil\u0259c\u0259yi istisna olunmur.<\/p>\n\n\n\n<p>Nazirl\u0259r Kabinetinin 2023-c\u00fc ild\u0259 t\u0259sdiql\u0259diyi qaydalara \u0259sas\u0259n, d\u00f6vl\u0259t m\u0259kt\u0259b\u0259q\u0259d\u0259r t\u0259hsil m\u00fc\u0259ssis\u0259l\u0259rind\u0259 pedaqoji f\u0259aliyy\u0259tl\u0259 m\u0259\u015f\u011ful olan, ali v\u0259 orta ixtisas t\u0259hsilin\u0259 malik t\u0259hsilver\u0259nl\u0259rin pe\u015f\u0259karl\u0131q s\u0259viyy\u0259sinin v\u0259 pe\u015f\u0259 yararl\u0131l\u0131\u011f\u0131n\u0131n yoxlan\u0131lmas\u0131 m\u0259qs\u0259dil\u0259 sertifikasiya imtahanlar\u0131 ke\u00e7irl\u0259c\u0259k.<\/p>\n\n\n\n<p>Qaydalara g\u00f6r\u0259, ba\u011f\u00e7a m\u00fc\u0259lliml\u0259ri 5 ild\u0259 bir d\u0259f\u0259 sertifikatla\u015fd\u0131rmadan ke\u00e7m\u0259lidirl\u0259r.<\/p>\n\n\n\n<p>Hamil\u0259 qad\u0131nlar, u\u015fa\u011f\u0131n\u0131n \u00fc\u00e7 ya\u015f\u0131nad\u0259k sosial m\u0259zuniyy\u0259td\u0259 olan v\u0259 h\u0259min m\u0259zuniyy\u0259t bitdikd\u0259n sonra bir ild\u0259n az m\u00fcdd\u0259td\u0259 m\u00fcvafiq v\u0259zif\u0259d\u0259 \u00e7al\u0131\u015fan qad\u0131nlar (u\u015fa\u011f\u0131n\u0131 t\u0259kba\u015f\u0131na b\u00f6y\u00fcd\u0259n ki\u015fil\u0259r), ilk d\u0259f\u0259 i\u015f\u0259 q\u0259bul olunanlar, 3 il m\u00fcdd\u0259tind\u0259, az\u0131 3 d\u0259f\u0259 sertifikatla\u015fd\u0131rmadan ke\u00e7mi\u015f t\u0259hsilver\u0259nl\u0259r sertifikatla\u015fmadan ke\u00e7mirl\u0259r. 60 v\u0259 daha yuxar\u0131 ya\u015fda olan t\u0259hsilver\u0259nl\u0259rin sertifikatla\u015fd\u0131rmada i\u015ftirak\u0131 k\u00f6n\u00fcll\u00fcd\u00fcr.<\/p>\n\n\n\n<p>Ba\u011f\u00e7a m\u0259\u00fclliml\u0259rinin sertifikatla\u015fd\u0131rmas\u0131 test imtahan\u0131 v\u0259 m\u00fcsahib\u0259d\u0259n ibar\u0259tdir.<\/p>\n\n\n\n<p>Test imtahan\u0131 m\u0259rh\u0259l\u0259sind\u0259 t\u0259hsilver\u0259nl\u0259r\u0259 m\u0259kt\u0259b\u0259q\u0259d\u0259r t\u0259hsilin m\u0259zmunu v\u0259 metodikas\u0131, h\u0259m\u00e7inin u\u015faq v\u0259 ya\u015f psixologiyas\u0131 \u00fczr\u0259 60 sual t\u0259qdim edilir.<\/p>\n\n\n\n<p>Komp\u00fcterl\u0259 elektron qaydada ke\u00e7iril\u0259n test imtahan\u0131na 120 d\u0259qiq\u0259 vaxt ayr\u0131l\u0131r.<\/p>\n\n\n\n<p>Test imtahan\u0131 m\u0259rh\u0259l\u0259sind\u0259 h\u0259r bir suala d\u00fczg\u00fcn cavab 1 balla qiym\u0259tl\u0259ndirilir.<\/p>\n\n\n\n<p>S\u0259hv cavablar v\u0259 ya sual\u0131n cavabs\u0131z qoyulmas\u0131 0 bala b\u0259rab\u0259r tutulur v\u0259 d\u00fczg\u00fcn cavablara t\u0259sir g\u00f6st\u0259rmir.<\/p>\n\n\n\n<p>Test imtahan\u0131 m\u0259rh\u0259l\u0259sind\u0259 az\u0131 30 bal toplam\u0131\u015f t\u0259hsilver\u0259nl\u0259r sertifikatla\u015fd\u0131rman\u0131n m\u00fcsahib\u0259 m\u0259rh\u0259l\u0259sin\u0259 burax\u0131l\u0131rlar.<\/p>\n\n\n\n<p>M\u00fcsahib\u0259 m\u0259rh\u0259l\u0259sind\u0259 h\u0259r bir t\u0259hsilver\u0259n\u0259 20 d\u0259qiq\u0259 vaxt ayr\u0131l\u0131r.<\/p>\n\n\n\n<p>M\u00fcsahib\u0259 m\u0259rh\u0259l\u0259si t\u0259hsilver\u0259nin \u00fcnsiyy\u0259t bacar\u0131\u011f\u0131 (20 bal), t\u0259limin planla\u015fd\u0131r\u0131lmas\u0131 bacar\u0131\u011f\u0131 (10 bal), t\u0259limin t\u0259\u015fkilind\u0259 istifad\u0259 olunan i\u015f formas\u0131 v\u0259 \u00fcsullar\u0131 t\u0259tbiq etm\u0259k bacar\u0131\u011f\u0131 (10 bal) meyarlar\u0131 \u0259sas\u0131nda qiym\u0259tl\u0259ndirilir.<\/p>\n\n\n\n<p>M\u00fcsahib\u0259 m\u0259rh\u0259l\u0259sind\u0259 maksimum 40 bal toplan\u0131la bil\u0259r.<\/p>\n\n\n\n<p>Sertifikatla\u015fd\u0131rman\u0131n m\u00fcsahib\u0259 m\u0259rh\u0259l\u0259sind\u0259 az\u0131 20 bal toplam\u0131\u015f t\u0259hsilver\u0259nl\u0259r h\u0259min m\u0259rh\u0259l\u0259d\u0259n ke\u00e7mi\u015f hesab edilirl\u0259r.<\/p>\n\n\n\n<p>M\u00fcsahib\u0259nin n\u0259tic\u0259l\u0259ri onun ke\u00e7irildiyi tarixd\u0259n 5 i\u015f g\u00fcn\u00fc m\u00fcdd\u0259tind\u0259 elan edilir v\u0259 t\u0259hsilver\u0259nl\u0259rin sertifikatla\u015fd\u0131rma \u00fczr\u0259 \u00fcmumi n\u0259tic\u0259l\u0259ri onlar\u0131n \u201c\u015e\u0259xsi kabinet\u201din\u0259 g\u00f6nd\u0259rilir.<\/p>\n\n\n\n<p>Sertifikatla\u015fd\u0131rman\u0131n test imtahan\u0131 v\u0259 m\u00fcsahib\u0259 m\u0259rh\u0259l\u0259l\u0259rind\u0259 minimal ballar\u0131 toplam\u0131\u015f t\u0259hsilver\u0259nl\u0259r prosesd\u0259n ke\u00e7mi\u015f hesab olunurlar.<\/p>\n\n\n\n<p>Sertifikatla\u015fd\u0131rman\u0131n n\u0259tic\u0259l\u0259ri il\u0259 raz\u0131la\u015fmayan t\u0259hsilver\u0259nl\u0259r m\u0259hk\u0259m\u0259y\u0259 v\u0259 (v\u0259 ya) n\u0259tic\u0259nin onun \u201c\u015e\u0259xsi kabinet\u201din\u0259 g\u00f6nd\u0259rildiyi tarixd\u0259n 30 i\u015f g\u00fcn\u00fc m\u00fcdd\u0259tind\u0259 inzibati qaydada Elm v\u0259 T\u0259hsil Nazirliyin\u0259 \u015fikay\u0259t ver\u0259 bil\u0259rl\u0259r.<\/p>\n\n\n\n<p>Nazirlik t\u0259hsilver\u0259nin \u015fikay\u0259tin\u0259 onun i\u015ftirak\u0131 il\u0259 \u201c\u0130nzibati icraat haqq\u0131nda\u201d Az\u0259rbaycan Respublikas\u0131n\u0131n Qanununa uy\u011fun bax\u0131r.<\/p>\n\n\n\n<p>Sertifikatla\u015fd\u0131rmadan ke\u00e7mi\u015f t\u0259hsilver\u0259nl\u0259r 5 il m\u00fcdd\u0259tind\u0259 t\u0259hsil m\u00fc\u0259ssis\u0259l\u0259rind\u0259 \u00f6z ixtisaslar\u0131 \u00fczr\u0259 pedaqoji f\u0259aliyy\u0259tl\u0259 m\u0259\u015f\u011ful olmaq h\u00fcququ \u0259ld\u0259 edirl\u0259r.<\/p>\n\n\n\n<p>Sertifikatla\u015fd\u0131rman\u0131n n\u0259tic\u0259l\u0259ri t\u0259hsilver\u0259nl\u0259rin \u0259m\u0259yinin stimulla\u015fd\u0131r\u0131lmas\u0131nda n\u0259z\u0259r\u0259 al\u0131n\u0131r.<\/p>\n\n\n\n<p>\u00dczrl\u00fc s\u0259b\u0259bl\u0259rd\u0259n sertifikatla\u015fd\u0131rmada i\u015ftirak etm\u0259y\u0259n v\u0259 ya sertifikatla\u015fd\u0131rmadan ke\u00e7m\u0259y\u0259n t\u0259hsilver\u0259nl\u0259r 1 il m\u00fcdd\u0259tind\u0259 i\u015f yeri saxlan\u0131lmaqla t\u0259krar sertifikatla\u015fd\u0131rmada i\u015ftirak etm\u0259k h\u00fcququna malikdirl\u0259r.<\/p>\n\n\n\n<p>T\u0259krar sertifikatla\u015fd\u0131rmada i\u015ftirak etm\u0259y\u0259n v\u0259 ya ke\u00e7id bal\u0131n\u0131 toplaya bilm\u0259y\u0259n t\u0259hsilver\u0259nl\u0259r sertifikatla\u015fd\u0131rmadan ke\u00e7m\u0259mi\u015f hesab olunurlar.<\/p>\n\n\n\n<p>T\u0259krar sertifikatla\u015fd\u0131rmadan ke\u00e7m\u0259y\u0259n t\u0259hsilver\u0259nl\u0259rl\u0259 ba\u011flan\u0131lm\u0131\u015f \u0259m\u0259k m\u00fcqavil\u0259si 1 ay m\u00fcdd\u0259tind\u0259 \u018fm\u0259k M\u0259c\u0259ll\u0259sinin 70-ci madd\u0259sinin \u201cc\u201d b\u0259ndin\u0259 m\u00fcvafiq olaraq i\u015f\u0259g\u00f6t\u00fcr\u0259n t\u0259r\u0259find\u0259n l\u0259\u011fv edilir.<\/p>\n\n\n\n<p>Az\u0259rbaycanda sertifikasiya prosesi 2023-c\u00fc ild\u0259 ibtidai sinif m\u00fc\u0259lliml\u0259ri il\u0259 ba\u015flay\u0131b.<\/p>\n\n\n\n<p>Sonra t\u0259dris dili v\u0259 \u0259d\u0259biyyat m\u00fc\u0259lliml\u0259ri sertifikatla\u015fmaya c\u0259lb olunub.<\/p>\n\n\n\n<p>2024-c\u00fc ild\u0259 is\u0259 xarici dil v\u0259 riyaziyyat m\u00fc\u0259lliml\u0259ri sertifikasiyada i\u015ftirak edibl\u0259r.<\/p>\n\n\n\n<p>Sonuncu, 2024-c\u00fc il iyunun 21-22 v\u0259 24-d\u0259 Az\u0259rbaycanda ke\u00e7iril\u0259n m\u00fc\u0259lliml\u0259rin sertifikatla\u015fd\u0131r\u0131lmas\u0131 prosesinin test imtahanlar\u0131nda i\u015ftirak ed\u0259n m\u00fc\u0259lliml\u0259r texniki probleml\u0259rl\u0259 \u00fczl\u0259\u015fdikl\u0259rini <a href=\"https:\/\/storage.googleapis.com\/qurium\/www.meydan.tv\/az-article-muellimler-nazirliyin-qarsisinda-aksiya-kecirdiler-sertifikasiya-qeyri-seffaf-kecirilib.html\" target=\"_blank\" rel=\"noreferrer noopener\">bildiribl\u0259r<\/a>.<\/p>\n","protected":false},"excerpt":{"rendered":"<p>17000 pedaqoji hey\u0259tin sertifikatla\u015fmas\u0131 n\u0259z\u0259rd\u0259 tutulur Az\u0259rbaycanda 2026-c\u0131 il\u0259 q\u0259d\u0259r &#8230; <\/p>\n<p class=\"read-more-container\"><a title=\"Ba\u011f\u00e7a m\u00fc\u0259lliml\u0259ri 2026-c\u0131 il\u0259 q\u0259d\u0259r sertifikatla\u015fmaya c\u0259lb olunacaqlar\" class=\"read-more button\" href=\"https:\/\/www.meydan.tv\/az\/article\/bagca-muellimleri-2026-ci-ile-qeder-sertifikatlasmaya-celb-olunacaqlar\/#more-322087\" aria-label=\"Read more about Ba\u011f\u00e7a m\u00fc\u0259lliml\u0259ri 2026-c\u0131 il\u0259 q\u0259d\u0259r sertifikatla\u015fmaya c\u0259lb olunacaqlar\">Davam\u0131<\/a><\/p>\n","protected":false},"author":21,"featured_media":226211,"comment_status":"closed","ping_status":"closed","sticky":false,"template":"","format":"standard","meta":{"_acf_changed":false,"_sitemap_exclude":false,"_sitemap_priority":"","_sitemap_frequency":"","footnotes":""},"categories":[62,56],"tags":[],"class_list":["post-322087","post","type-post","status-publish","format-standard","has-post-thumbnail","hentry","category-sosial","category-xeberler","infinite-scroll-item","generate-columns","tablet-grid-50","mobile-grid-100","grid-parent","grid-33","no-featured-image-padding"],"acf":[],"yoast_head":"<!-- This site is optimized with the Yoast SEO plugin v27.4 - https:\/\/yoast.com\/product\/yoast-seo-wordpress\/ -->\n<title>Ba\u011f\u00e7a m\u00fc\u0259lliml\u0259ri 2026-c\u0131 il\u0259 q\u0259d\u0259r sertifikatla\u015fmaya c\u0259lb olunacaqlar - MEYDAN.TV<\/title>\n<meta name=\"robots\" content=\"index, follow, max-snippet:-1, max-image-preview:large, max-video-preview:-1\" \/>\n<link rel=\"canonical\" href=\"https:\/\/www.meydan.tv\/az\/article\/bagca-muellimleri-2026-ci-ile-qeder-sertifikatlasmaya-celb-olunacaqlar\/\" \/>\n<meta property=\"og:locale\" content=\"az_AZ\" \/>\n<meta property=\"og:type\" content=\"article\" \/>\n<meta property=\"og:title\" content=\"Ba\u011f\u00e7a m\u00fc\u0259lliml\u0259ri 2026-c\u0131 il\u0259 q\u0259d\u0259r sertifikatla\u015fmaya c\u0259lb olunacaqlar - MEYDAN.TV\" \/>\n<meta property=\"og:description\" content=\"17000 pedaqoji hey\u0259tin sertifikatla\u015fmas\u0131 n\u0259z\u0259rd\u0259 tutulur Az\u0259rbaycanda 2026-c\u0131 il\u0259 q\u0259d\u0259r ... Davam\u0131\" \/>\n<meta property=\"og:url\" content=\"https:\/\/www.meydan.tv\/az\/article\/bagca-muellimleri-2026-ci-ile-qeder-sertifikatlasmaya-celb-olunacaqlar\/\" \/>\n<meta property=\"og:site_name\" content=\"MEYDAN.TV\" \/>\n<meta property=\"article:published_time\" content=\"2024-12-04T10:06:29+00:00\" \/>\n<meta property=\"article:modified_time\" content=\"2024-12-04T10:06:33+00:00\" \/>\n<meta property=\"og:image\" content=\"https:\/\/www.meydan.tv\/wp-content\/uploads\/untitled-design-3.gif\" \/>\n\t<meta property=\"og:image:width\" content=\"1200\" \/>\n\t<meta property=\"og:image:height\" content=\"800\" \/>\n\t<meta property=\"og:image:type\" content=\"image\/gif\" \/>\n<meta name=\"author\" content=\"mahmud\" \/>\n<meta name=\"twitter:card\" content=\"summary_large_image\" \/>\n<script type=\"application\/ld+json\" class=\"yoast-schema-graph\">{\"@context\":\"https:\\\/\\\/schema.org\",\"@graph\":[{\"@type\":\"Article\",\"@id\":\"https:\\\/\\\/www.meydan.tv\\\/az\\\/article\\\/bagca-muellimleri-2026-ci-ile-qeder-sertifikatlasmaya-celb-olunacaqlar\\\/#article\",\"isPartOf\":{\"@id\":\"https:\\\/\\\/www.meydan.tv\\\/az\\\/article\\\/bagca-muellimleri-2026-ci-ile-qeder-sertifikatlasmaya-celb-olunacaqlar\\\/\"},\"author\":{\"name\":\"mahmud\",\"@id\":\"https:\\\/\\\/www.meydan.tv\\\/az\\\/#\\\/schema\\\/person\\\/09863e516102a829e72bedcf3f84c6b0\"},\"headline\":\"Ba\u011f\u00e7a m\u00fc\u0259lliml\u0259ri 2026-c\u0131 il\u0259 q\u0259d\u0259r sertifikatla\u015fmaya c\u0259lb olunacaqlar\",\"datePublished\":\"2024-12-04T10:06:29+00:00\",\"dateModified\":\"2024-12-04T10:06:33+00:00\",\"mainEntityOfPage\":{\"@id\":\"https:\\\/\\\/www.meydan.tv\\\/az\\\/article\\\/bagca-muellimleri-2026-ci-ile-qeder-sertifikatlasmaya-celb-olunacaqlar\\\/\"},\"wordCount\":1034,\"publisher\":{\"@id\":\"https:\\\/\\\/www.meydan.tv\\\/az\\\/#organization\"},\"image\":{\"@id\":\"https:\\\/\\\/www.meydan.tv\\\/az\\\/article\\\/bagca-muellimleri-2026-ci-ile-qeder-sertifikatlasmaya-celb-olunacaqlar\\\/#primaryimage\"},\"thumbnailUrl\":\"https:\\\/\\\/www.meydan.tv\\\/wp-content\\\/uploads\\\/untitled-design-3.gif\",\"articleSection\":[\"Sosial\",\"X\u0259b\u0259rl\u0259r\"],\"inLanguage\":\"az\"},{\"@type\":\"WebPage\",\"@id\":\"https:\\\/\\\/www.meydan.tv\\\/az\\\/article\\\/bagca-muellimleri-2026-ci-ile-qeder-sertifikatlasmaya-celb-olunacaqlar\\\/\",\"url\":\"https:\\\/\\\/www.meydan.tv\\\/az\\\/article\\\/bagca-muellimleri-2026-ci-ile-qeder-sertifikatlasmaya-celb-olunacaqlar\\\/\",\"name\":\"Ba\u011f\u00e7a m\u00fc\u0259lliml\u0259ri 2026-c\u0131 il\u0259 q\u0259d\u0259r sertifikatla\u015fmaya c\u0259lb olunacaqlar - MEYDAN.TV\",\"isPartOf\":{\"@id\":\"https:\\\/\\\/www.meydan.tv\\\/az\\\/#website\"},\"primaryImageOfPage\":{\"@id\":\"https:\\\/\\\/www.meydan.tv\\\/az\\\/article\\\/bagca-muellimleri-2026-ci-ile-qeder-sertifikatlasmaya-celb-olunacaqlar\\\/#primaryimage\"},\"image\":{\"@id\":\"https:\\\/\\\/www.meydan.tv\\\/az\\\/article\\\/bagca-muellimleri-2026-ci-ile-qeder-sertifikatlasmaya-celb-olunacaqlar\\\/#primaryimage\"},\"thumbnailUrl\":\"https:\\\/\\\/www.meydan.tv\\\/wp-content\\\/uploads\\\/untitled-design-3.gif\",\"datePublished\":\"2024-12-04T10:06:29+00:00\",\"dateModified\":\"2024-12-04T10:06:33+00:00\",\"breadcrumb\":{\"@id\":\"https:\\\/\\\/www.meydan.tv\\\/az\\\/article\\\/bagca-muellimleri-2026-ci-ile-qeder-sertifikatlasmaya-celb-olunacaqlar\\\/#breadcrumb\"},\"inLanguage\":\"az\",\"potentialAction\":[{\"@type\":\"ReadAction\",\"target\":[\"https:\\\/\\\/www.meydan.tv\\\/az\\\/article\\\/bagca-muellimleri-2026-ci-ile-qeder-sertifikatlasmaya-celb-olunacaqlar\\\/\"]}]},{\"@type\":\"ImageObject\",\"inLanguage\":\"az\",\"@id\":\"https:\\\/\\\/www.meydan.tv\\\/az\\\/article\\\/bagca-muellimleri-2026-ci-ile-qeder-sertifikatlasmaya-celb-olunacaqlar\\\/#primaryimage\",\"url\":\"https:\\\/\\\/www.meydan.tv\\\/wp-content\\\/uploads\\\/untitled-design-3.gif\",\"contentUrl\":\"https:\\\/\\\/www.meydan.tv\\\/wp-content\\\/uploads\\\/untitled-design-3.gif\",\"width\":1200,\"height\":800,\"caption\":\"U\u015faq ba\u011f\u00e7as\u0131, Foto: Z\u0259rdab Rayon \u0130cra Hakimiyy\u0259ti\"},{\"@type\":\"BreadcrumbList\",\"@id\":\"https:\\\/\\\/www.meydan.tv\\\/az\\\/article\\\/bagca-muellimleri-2026-ci-ile-qeder-sertifikatlasmaya-celb-olunacaqlar\\\/#breadcrumb\",\"itemListElement\":[{\"@type\":\"ListItem\",\"position\":1,\"name\":\"Ana s\u0259hif\u0259\",\"item\":\"https:\\\/\\\/www.meydan.tv\\\/az\\\/\"},{\"@type\":\"ListItem\",\"position\":2,\"name\":\"Sosial\",\"item\":\"https:\\\/\\\/www.meydan.tv\\\/az\\\/section\\\/sosial\\\/\"},{\"@type\":\"ListItem\",\"position\":3,\"name\":\"Ba\u011f\u00e7a m\u00fc\u0259lliml\u0259ri 2026-c\u0131 il\u0259 q\u0259d\u0259r sertifikatla\u015fmaya c\u0259lb olunacaqlar\"}]},{\"@type\":\"WebSite\",\"@id\":\"https:\\\/\\\/www.meydan.tv\\\/az\\\/#website\",\"url\":\"https:\\\/\\\/www.meydan.tv\\\/az\\\/\",\"name\":\"MEYDAN.TV\",\"description\":\"Meydan TV Az\u0259rbaycan\u0131n media m\u0259kan\u0131ndak\u0131 alternativ s\u0259sidir\",\"publisher\":{\"@id\":\"https:\\\/\\\/www.meydan.tv\\\/az\\\/#organization\"},\"potentialAction\":[{\"@type\":\"SearchAction\",\"target\":{\"@type\":\"EntryPoint\",\"urlTemplate\":\"https:\\\/\\\/www.meydan.tv\\\/az\\\/?s={search_term_string}\"},\"query-input\":{\"@type\":\"PropertyValueSpecification\",\"valueRequired\":true,\"valueName\":\"search_term_string\"}}],\"inLanguage\":\"az\"},{\"@type\":\"Organization\",\"@id\":\"https:\\\/\\\/www.meydan.tv\\\/az\\\/#organization\",\"name\":\"Meydan TV\",\"url\":\"https:\\\/\\\/www.meydan.tv\\\/az\\\/\",\"logo\":{\"@type\":\"ImageObject\",\"inLanguage\":\"az\",\"@id\":\"https:\\\/\\\/www.meydan.tv\\\/az\\\/#\\\/schema\\\/logo\\\/image\\\/\",\"url\":\"https:\\\/\\\/www.meydan.tv\\\/wp-content\\\/uploads\\\/2021\\\/07\\\/meydan-logo.svg\",\"contentUrl\":\"https:\\\/\\\/www.meydan.tv\\\/wp-content\\\/uploads\\\/2021\\\/07\\\/meydan-logo.svg\",\"width\":195,\"height\":46,\"caption\":\"Meydan TV\"},\"image\":{\"@id\":\"https:\\\/\\\/www.meydan.tv\\\/az\\\/#\\\/schema\\\/logo\\\/image\\\/\"}},{\"@type\":\"Person\",\"@id\":\"https:\\\/\\\/www.meydan.tv\\\/az\\\/#\\\/schema\\\/person\\\/09863e516102a829e72bedcf3f84c6b0\",\"name\":\"mahmud\"}]}<\/script>\n<!-- \/ Yoast SEO plugin. -->","yoast_head_json":{"title":"Ba\u011f\u00e7a m\u00fc\u0259lliml\u0259ri 2026-c\u0131 il\u0259 q\u0259d\u0259r sertifikatla\u015fmaya c\u0259lb olunacaqlar - MEYDAN.TV","robots":{"index":"index","follow":"follow","max-snippet":"max-snippet:-1","max-image-preview":"max-image-preview:large","max-video-preview":"max-video-preview:-1"},"canonical":"https:\/\/www.meydan.tv\/az\/article\/bagca-muellimleri-2026-ci-ile-qeder-sertifikatlasmaya-celb-olunacaqlar\/","og_locale":"az_AZ","og_type":"article","og_title":"Ba\u011f\u00e7a m\u00fc\u0259lliml\u0259ri 2026-c\u0131 il\u0259 q\u0259d\u0259r sertifikatla\u015fmaya c\u0259lb olunacaqlar - MEYDAN.TV","og_description":"17000 pedaqoji hey\u0259tin sertifikatla\u015fmas\u0131 n\u0259z\u0259rd\u0259 tutulur Az\u0259rbaycanda 2026-c\u0131 il\u0259 q\u0259d\u0259r ... Davam\u0131","og_url":"https:\/\/www.meydan.tv\/az\/article\/bagca-muellimleri-2026-ci-ile-qeder-sertifikatlasmaya-celb-olunacaqlar\/","og_site_name":"MEYDAN.TV","article_published_time":"2024-12-04T10:06:29+00:00","article_modified_time":"2024-12-04T10:06:33+00:00","og_image":[{"width":1200,"height":800,"url":"https:\/\/www.meydan.tv\/wp-content\/uploads\/untitled-design-3.gif","type":"image\/gif"}],"author":"mahmud","twitter_card":"summary_large_image","schema":{"@context":"https:\/\/schema.org","@graph":[{"@type":"Article","@id":"https:\/\/www.meydan.tv\/az\/article\/bagca-muellimleri-2026-ci-ile-qeder-sertifikatlasmaya-celb-olunacaqlar\/#article","isPartOf":{"@id":"https:\/\/www.meydan.tv\/az\/article\/bagca-muellimleri-2026-ci-ile-qeder-sertifikatlasmaya-celb-olunacaqlar\/"},"author":{"name":"mahmud","@id":"https:\/\/www.meydan.tv\/az\/#\/schema\/person\/09863e516102a829e72bedcf3f84c6b0"},"headline":"Ba\u011f\u00e7a m\u00fc\u0259lliml\u0259ri 2026-c\u0131 il\u0259 q\u0259d\u0259r sertifikatla\u015fmaya c\u0259lb olunacaqlar","datePublished":"2024-12-04T10:06:29+00:00","dateModified":"2024-12-04T10:06:33+00:00","mainEntityOfPage":{"@id":"https:\/\/www.meydan.tv\/az\/article\/bagca-muellimleri-2026-ci-ile-qeder-sertifikatlasmaya-celb-olunacaqlar\/"},"wordCount":1034,"publisher":{"@id":"https:\/\/www.meydan.tv\/az\/#organization"},"image":{"@id":"https:\/\/www.meydan.tv\/az\/article\/bagca-muellimleri-2026-ci-ile-qeder-sertifikatlasmaya-celb-olunacaqlar\/#primaryimage"},"thumbnailUrl":"https:\/\/www.meydan.tv\/wp-content\/uploads\/untitled-design-3.gif","articleSection":["Sosial","X\u0259b\u0259rl\u0259r"],"inLanguage":"az"},{"@type":"WebPage","@id":"https:\/\/www.meydan.tv\/az\/article\/bagca-muellimleri-2026-ci-ile-qeder-sertifikatlasmaya-celb-olunacaqlar\/","url":"https:\/\/www.meydan.tv\/az\/article\/bagca-muellimleri-2026-ci-ile-qeder-sertifikatlasmaya-celb-olunacaqlar\/","name":"Ba\u011f\u00e7a m\u00fc\u0259lliml\u0259ri 2026-c\u0131 il\u0259 q\u0259d\u0259r sertifikatla\u015fmaya c\u0259lb olunacaqlar - MEYDAN.TV","isPartOf":{"@id":"https:\/\/www.meydan.tv\/az\/#website"},"primaryImageOfPage":{"@id":"https:\/\/www.meydan.tv\/az\/article\/bagca-muellimleri-2026-ci-ile-qeder-sertifikatlasmaya-celb-olunacaqlar\/#primaryimage"},"image":{"@id":"https:\/\/www.meydan.tv\/az\/article\/bagca-muellimleri-2026-ci-ile-qeder-sertifikatlasmaya-celb-olunacaqlar\/#primaryimage"},"thumbnailUrl":"https:\/\/www.meydan.tv\/wp-content\/uploads\/untitled-design-3.gif","datePublished":"2024-12-04T10:06:29+00:00","dateModified":"2024-12-04T10:06:33+00:00","breadcrumb":{"@id":"https:\/\/www.meydan.tv\/az\/article\/bagca-muellimleri-2026-ci-ile-qeder-sertifikatlasmaya-celb-olunacaqlar\/#breadcrumb"},"inLanguage":"az","potentialAction":[{"@type":"ReadAction","target":["https:\/\/www.meydan.tv\/az\/article\/bagca-muellimleri-2026-ci-ile-qeder-sertifikatlasmaya-celb-olunacaqlar\/"]}]},{"@type":"ImageObject","inLanguage":"az","@id":"https:\/\/www.meydan.tv\/az\/article\/bagca-muellimleri-2026-ci-ile-qeder-sertifikatlasmaya-celb-olunacaqlar\/#primaryimage","url":"https:\/\/www.meydan.tv\/wp-content\/uploads\/untitled-design-3.gif","contentUrl":"https:\/\/www.meydan.tv\/wp-content\/uploads\/untitled-design-3.gif","width":1200,"height":800,"caption":"U\u015faq ba\u011f\u00e7as\u0131, Foto: Z\u0259rdab Rayon \u0130cra Hakimiyy\u0259ti"},{"@type":"BreadcrumbList","@id":"https:\/\/www.meydan.tv\/az\/article\/bagca-muellimleri-2026-ci-ile-qeder-sertifikatlasmaya-celb-olunacaqlar\/#breadcrumb","itemListElement":[{"@type":"ListItem","position":1,"name":"Ana s\u0259hif\u0259","item":"https:\/\/www.meydan.tv\/az\/"},{"@type":"ListItem","position":2,"name":"Sosial","item":"https:\/\/www.meydan.tv\/az\/section\/sosial\/"},{"@type":"ListItem","position":3,"name":"Ba\u011f\u00e7a m\u00fc\u0259lliml\u0259ri 2026-c\u0131 il\u0259 q\u0259d\u0259r sertifikatla\u015fmaya c\u0259lb olunacaqlar"}]},{"@type":"WebSite","@id":"https:\/\/www.meydan.tv\/az\/#website","url":"https:\/\/www.meydan.tv\/az\/","name":"MEYDAN.TV","description":"Meydan TV Az\u0259rbaycan\u0131n media m\u0259kan\u0131ndak\u0131 alternativ s\u0259sidir","publisher":{"@id":"https:\/\/www.meydan.tv\/az\/#organization"},"potentialAction":[{"@type":"SearchAction","target":{"@type":"EntryPoint","urlTemplate":"https:\/\/www.meydan.tv\/az\/?s={search_term_string}"},"query-input":{"@type":"PropertyValueSpecification","valueRequired":true,"valueName":"search_term_string"}}],"inLanguage":"az"},{"@type":"Organization","@id":"https:\/\/www.meydan.tv\/az\/#organization","name":"Meydan TV","url":"https:\/\/www.meydan.tv\/az\/","logo":{"@type":"ImageObject","inLanguage":"az","@id":"https:\/\/www.meydan.tv\/az\/#\/schema\/logo\/image\/","url":"https:\/\/www.meydan.tv\/wp-content\/uploads\/2021\/07\/meydan-logo.svg","contentUrl":"https:\/\/www.meydan.tv\/wp-content\/uploads\/2021\/07\/meydan-logo.svg","width":195,"height":46,"caption":"Meydan TV"},"image":{"@id":"https:\/\/www.meydan.tv\/az\/#\/schema\/logo\/image\/"}},{"@type":"Person","@id":"https:\/\/www.meydan.tv\/az\/#\/schema\/person\/09863e516102a829e72bedcf3f84c6b0","name":"mahmud"}]}},"_links":{"self":[{"href":"https:\/\/www.meydan.tv\/az\/wp-json\/wp\/v2\/posts\/322087","targetHints":{"allow":["GET"]}}],"collection":[{"href":"https:\/\/www.meydan.tv\/az\/wp-json\/wp\/v2\/posts"}],"about":[{"href":"https:\/\/www.meydan.tv\/az\/wp-json\/wp\/v2\/types\/post"}],"author":[{"embeddable":true,"href":"https:\/\/www.meydan.tv\/az\/wp-json\/wp\/v2\/users\/21"}],"replies":[{"embeddable":true,"href":"https:\/\/www.meydan.tv\/az\/wp-json\/wp\/v2\/comments?post=322087"}],"version-history":[{"count":1,"href":"https:\/\/www.meydan.tv\/az\/wp-json\/wp\/v2\/posts\/322087\/revisions"}],"predecessor-version":[{"id":322088,"href":"https:\/\/www.meydan.tv\/az\/wp-json\/wp\/v2\/posts\/322087\/revisions\/322088"}],"wp:featuredmedia":[{"embeddable":true,"href":"https:\/\/www.meydan.tv\/az\/wp-json\/wp\/v2\/media\/226211"}],"wp:attachment":[{"href":"https:\/\/www.meydan.tv\/az\/wp-json\/wp\/v2\/media?parent=322087"}],"wp:term":[{"taxonomy":"category","embeddable":true,"href":"https:\/\/www.meydan.tv\/az\/wp-json\/wp\/v2\/categories?post=322087"},{"taxonomy":"post_tag","embeddable":true,"href":"https:\/\/www.meydan.tv\/az\/wp-json\/wp\/v2\/tags?post=322087"}],"curies":[{"name":"wp","href":"https:\/\/api.w.org\/{rel}","templated":true}]}}