{"id":322034,"date":"2024-12-03T20:46:12","date_gmt":"2024-12-03T16:46:12","guid":{"rendered":"https:\/\/www.meydan.tv\/?p=322034"},"modified":"2024-12-04T12:34:39","modified_gmt":"2024-12-04T08:34:39","slug":"azerbaycanda-elil-olmaq","status":"publish","type":"post","link":"https:\/\/www.meydan.tv\/az\/article\/azerbaycanda-elil-olmaq\/","title":{"rendered":"Az\u0259rbaycanda \u0259lil olmaq&#8230;"},"content":{"rendered":"\n<p><strong><em>\u201c\u00c7ox a\u011f\u0131r v\u0259ziyy\u0259td\u0259yik, bizi he\u00e7 kim e\u015fitm\u0259k ist\u0259mir\u201d<\/em><\/strong><\/p>\n\n\n\n<p><\/p>\n\n\n\n<p>3 dekabr- Beyn\u0259lxalq \u018flill\u0259r G\u00fcn\u00fcd\u00fcr. Az\u0259rbaycanda \u0259lil olma\u011f\u0131n \u00e7\u0259tinlikl\u0259rini bilm\u0259k ist\u0259yiriks\u0259, sad\u0259c\u0259 onlar\u0131 dinl\u0259m\u0259k laz\u0131md\u0131r. Bu \u015f\u0259xsl\u0259rin h\u00fcquqlar\u0131n\u0131n qorunmas\u0131 v\u0259 onlara daha yax\u015f\u0131 imkanlar\u0131n yarad\u0131lmas\u0131, h\u0259yat keyfiyy\u0259tinin yax\u015f\u0131la\u015fd\u0131r\u0131lmas\u0131 d\u00f6vl\u0259tin ba\u015fl\u0131ca v\u0259zif\u0259l\u0259rind\u0259n oldu\u011fu halda, el\u0259 d\u00f6vl\u0259t s\u0259viyy\u0259sind\u0259 h\u0259r add\u0131mba\u015f\u0131 ayr\u0131-se\u00e7kilikl\u0259rl\u0259 qar\u015f\u0131la\u015f\u0131rlar. \u0130nfrastruktur probleml\u0259ri, sosial t\u0259crid, t\u0259hsil v\u0259 i\u015f imkanlar\u0131n\u0131n m\u0259hdudlu\u011fu, sa\u011flaml\u0131q v\u0259 reabilitasiya xidm\u0259tl\u0259rinin yet\u0259rli s\u0259viyy\u0259d\u0259 olmamas\u0131 \u0259lilliyi olan \u015f\u0259xsl\u0259rin h\u0259yat\u0131n\u0131 a\u011f\u0131rla\u015fd\u0131r\u0131r.&nbsp;<\/p>\n\n\n\n<p>D\u00f6vl\u0259t Statistika Komit\u0259sinin m\u0259lumat\u0131na g\u00f6r\u0259, \u00f6lk\u0259d\u0259 503,6 min n\u0259f\u0259rd\u0259n \u00e7ox \u0259lilliyi olan \u015f\u0259xs m\u00f6vcuddur. Onlardan 456,4 min n\u0259f\u0259ri 18 v\u0259 yuxar\u0131 ya\u015fda olan \u015f\u0259xsl\u0259r t\u0259\u015fkil edir:<\/p>\n\n\n\n<p>&#8211; I d\u0259r\u0259c\u0259li \u0259lillil\u0259rin say\u0131 (orqanizmin funksiyalar\u0131n\u0131n 81-100 faizi pozulan) 62,9 min n\u0259f\u0259r;<\/p>\n\n\n\n<p>&#8211;&nbsp; II d\u0259r\u0259c\u0259li \u0259lill\u0259rin say\u0131 (orqanizmin funksiyalar\u0131n\u0131n 61-80 faizi pozulan) 274,4 min n\u0259f\u0259r;<\/p>\n\n\n\n<p>&#8211; III d\u0259r\u0259c\u0259li (orqanizmin funksiyalar\u0131n\u0131n 31-60 faiz pozulan) 119,1 min n\u0259f\u0259r t\u0259\u015fkil edir.<\/p>\n\n\n\n<p>47,2 min n\u0259f\u0259r is\u0259 18 ya\u015f\u0131nad\u0259k \u0259lilliyi m\u00fc\u0259yy\u0259n edilmi\u015f \u015f\u0259xsl\u0259rdir. &nbsp;<\/p>\n\n\n\n<p>Az\u0259rbaycanda \u0259lill\u0259rin h\u00fcquqlar\u0131 v\u0259 onlara d\u00fc\u015f\u0259n sosial t\u0259minatlar &#8220;\u018flilliyi olan \u015f\u0259xsl\u0259rin h\u00fcquqlar\u0131 haqq\u0131nda&#8221; Qanunla t\u0259nziml\u0259nir. \u018flilliyin qar\u015f\u0131s\u0131n\u0131n al\u0131nmas\u0131, onlar\u0131n reabilitasiyas\u0131, t\u0259hsili, m\u0259\u015f\u011fullu\u011fu, sosial t\u0259minatlar\u0131 v\u0259 sair kimi m\u00fch\u00fcm m\u0259s\u0259l\u0259l\u0259ri \u0259hat\u0259 ed\u0259n bu qanunun t\u0259tbiqi il\u0259 \u0259laq\u0259dar bir ne\u00e7\u0259 normativ h\u00fcquqi aktlar haz\u0131rlan\u0131b. H\u0259min h\u00fcquqi aktlarda s\u00f6z\u00fcged\u0259n \u015f\u0259xsl\u0259r \u00fc\u00e7\u00fcn sosial m\u00fcavin\u0259tl\u0259rd\u0259n v\u0259 t\u0259qa\u00fcdl\u0259rd\u0259n \u0259lav\u0259, dig\u0259r g\u00fcz\u0259\u015ftl\u0259r v\u0259 imtiyazlar, onlar\u0131n ya\u015fay\u0131\u015f s\u0259viyy\u0259sinin rahat t\u0259\u015fkili \u00fc\u00e7\u00fcn qaydalar m\u00fc\u0259yy\u0259nl\u0259\u015fib.<\/p>\n\n\n\n<ul class=\"wp-block-list\">\n<li>\u018fm\u0259k M\u0259c\u0259ll\u0259sin\u0259 g\u00f6r\u0259, orqanizmin funksiyalar\u0131n\u0131n 61-100 faiz pozulmas\u0131na g\u00f6r\u0259 (I v\u0259 II d\u0259r\u0259c\u0259li) \u0259lilliyi m\u00fc\u0259yy\u0259n edilmi\u015f i\u015f\u00e7il\u0259rin h\u0259ft\u0259lik i\u015f saat 36 saatdan \u00e7ox ola bilm\u0259z.&nbsp;<\/li>\n\n\n\n<li>M\u0259nzil M\u0259c\u0259ll\u0259sin\u0259 \u0259sas\u0259n, sosial xidm\u0259t sistemin\u0259 daxil olan binalarda \u0259lilliyi olan \u015f\u0259xsl\u0259rin ya\u015famas\u0131 \u00fc\u00e7\u00fcn imkan yarad\u0131lmal\u0131d\u0131r.<\/li>\n\n\n\n<li>\u201c\u018flilliyi olan \u015f\u0259xsl\u0259rin h\u00fcquqlar\u0131 haqq\u0131nda&#8221; Qanuna \u0259sas\u0259n, bel\u0259 \u015f\u0259xsl\u0259rin ya\u015fay\u0131\u015f yerin\u0259 ehtiyac\u0131 oldu\u011fu halda u\u00e7ota al\u0131nmal\u0131 v\u0259 m\u0259nzill\u0259 t\u0259min olunmal\u0131d\u0131r.&nbsp;<\/li>\n\n\n\n<li>Eyni zamanda el\u0259 ad\u0131\u00e7\u0259kil\u0259n qanuna, \u015e\u0259h\u0259rsalma v\u0259 Tikinti M\u0259c\u0259ll\u0259sin\u0259 v\u0259 \u201c\u0130nfrastruktur obyektl\u0259rinin \u0259lilliyi olan \u015f\u0259xsl\u0259rin istifad\u0259si \u00fc\u00e7\u00fcn a\u011flabatan uy\u011funla\u015fd\u0131r\u0131lmas\u0131 Qaydas\u0131\u201dna \u0259sas\u0259n, yol-n\u0259qliyyat, ya\u015fay\u0131\u015f binalar\u0131, pill\u0259k\u0259nl\u0259r, \u00e7\u0131x\u0131\u015f v\u0259 giri\u015fl\u0259r, d\u0259hlizl\u0259r, a\u00e7\u0131q ke\u00e7idl\u0259r, rampalar, liftl\u0259r v\u0259 dig\u0259r m\u00fc\u0259ssis\u0259 v\u0259 obyekl\u0259r, habel\u0259 \u0259lilliyi olan \u015f\u0259xsl\u0259rin ya\u015fad\u0131qlar\u0131 m\u0259nzill\u0259rin giri\u015f qap\u0131lar\u0131 onlar\u0131n rahat v\u0259 t\u0259hl\u00fck\u0259siz h\u0259r\u0259k\u0259ti \u00fc\u00e7\u00fcn a\u011flabatan uy\u011funla\u015fd\u0131r\u0131lmal\u0131d\u0131r.&nbsp;<\/li>\n\n\n\n<li>S\u00f6z\u00fcged\u0259n \u015f\u0259xsl\u0259r reabilitasiya vasit\u0259l\u0259ri il\u0259 t\u0259min edilm\u0259li, m\u00fcalic\u0259l\u0259ri pulsuz t\u0259\u015fkil edilm\u0259lidir.<\/li>\n\n\n\n<li>\u0130nkl\u00fcziv t\u0259hsil almaq imkanlar\u0131 yarad\u0131lmal\u0131d\u0131r. Ali v\u0259 pe\u015f\u0259\/ixtisas m\u0259kt\u0259bl\u0259rind\u0259 pulsuz t\u0259hsil is\u0259 yaln\u0131z \u015f\u0259hid ail\u0259l\u0259rinin \u00fczvl\u0259rin\u0259 v\u0259 m\u00fcharib\u0259 \u0259lill\u0259rin\u0259 \u015famil edilir.<strong>&nbsp;<\/strong><\/li>\n<\/ul>\n\n\n\n<p>Bir \u00e7ox sivil \u00f6lk\u0259nin qanunvericiliyi il\u0259 m\u00fcqayis\u0259d\u0259 Az\u0259rbaycanda \u0259lilliyi olan \u015f\u0259xsl\u0259rin g\u00fcz\u0259\u015ft v\u0259 imtiyazlar\u0131 \u00e7ox olmasa da, m\u00f6vcud olanlar\u0131n icras\u0131nda probleml\u0259r ya\u015fan\u0131r. Yaz\u0131da \u0259lilliyi olan \u015f\u0259xsl\u0259rin ya\u015fay\u0131\u015f \u015f\u0259raitinin nec\u0259 qurulmas\u0131na toxunaca\u011f\u0131q. Y\u0259ni onlar\u0131n m\u0259nzil, ev, s\u0131\u011f\u0131nacaq t\u0259minat\u0131, n\u0259qliyyata \u0259l\u00e7atanl\u0131\u011f\u0131 d\u00f6vl\u0259tin qay\u011f\u0131 siyas\u0259tind\u0259 nec\u0259 yer ald\u0131\u011f\u0131 ara\u015fd\u0131r\u0131l\u0131b.&nbsp;<\/p>\n\n\n\n<p><strong>H\u00f6kum\u0259t \u0259lill\u0259ri keyfiyy\u0259tli h\u0259yata layiq g\u00f6r\u00fcrm\u00fc?&nbsp;<\/strong><\/p>\n\n\n\n<p><em>\u201cBilirsiniz, biz evd\u0259n \u00e7\u0131xa bilmirik, \u0259sas problemimiz budur. \u018fg\u0259r \u0259lil evd\u0259n \u00e7\u00f6l\u0259 \u00e7\u0131xa bilmirs\u0259, \u00f6z probleminin h\u0259llinin arxas\u0131nca getm\u0259y\u0259 \u00e7\u0259tinlik \u00e7\u0259kirs\u0259, hans\u0131 layiqli h\u0259yat \u015f\u0259raitind\u0259n dan\u0131\u015fmaq olar? Sosialla\u015fmam\u0131z \u00fc\u00e7\u00fcn he\u00e7 bir imkan yarad\u0131lm\u0131r. \u00c7ox a\u011f\u0131r v\u0259ziyy\u0259td\u0259yik, bizi he\u00e7 kim e\u015fitm\u0259k ist\u0259mir\u201d<\/em>.<\/p>\n\n\n\n<p>Bu s\u00f6zl\u0259ri MeydanTV-y\u0259 birinci qrup \u0259lil Sevda S\u0259f\u0259r\u0259liyeva deyib. Onun s\u00f6zl\u0259rin\u0259 g\u00f6r\u0259, \u0259g\u0259r \u0259lilliyi olan \u015f\u0259xsin q\u0259yyumluq \u00fc\u00e7\u00fcn yax\u0131n qohumu yoxdursa, ba\u015fqa bir bax\u0131c\u0131 insan\u0131 saxlamaq \u00fc\u00e7\u00fcn 500-600 manat pul \u00f6d\u0259m\u0259lidir. S.S\u0259f\u0259r\u0259liyeva bildirib ki, I qrup \u0259lill\u0259r is\u0259 bel\u0259 bir imkana malik deyill\u0259r.\u00a0<\/p>\n\n\n<div class=\"wp-block-image\">\n<figure class=\"alignleft size-full is-resized\"><img decoding=\"async\" width=\"528\" height=\"528\" data-src=\"https:\/\/www.meydan.tv\/wp-content\/uploads\/39109.jpg\" alt=\"Sevda S\u0259f\u0259r\u0259liyeva\" class=\"wp-image-98893 lazyload\" style=\"--smush-placeholder-width: 528px; --smush-placeholder-aspect-ratio: 528\/528;width:367px;height:auto\" src=\"data:image\/svg+xml;base64,PHN2ZyB3aWR0aD0iMSIgaGVpZ2h0PSIxIiB4bWxucz0iaHR0cDovL3d3dy53My5vcmcvMjAwMC9zdmciPjwvc3ZnPg==\" \/><figcaption class=\"wp-element-caption\">Source: arxiv<\/figcaption><\/figure>\n<\/div>\n\n\n<p>Onun fikrinc\u0259, \u0259lill\u0259rin d\u0259r\u0259c\u0259l\u0259ri aras\u0131nda da a\u011f\u0131rl\u0131l\u0131q s\u0259viyy\u0259sin\u0259 g\u00f6r\u0259 kateqoriyala\u015fma getm\u0259lidir: <\/p>\n\n\n\n<p><em>\u201cI d\u0259r\u0259c\u0259 aras\u0131nda daha a\u011f\u0131r \u0259lil olan \u015f\u0259xsl\u0259r var. \u0130ndi Az\u0259rbaycanda orqanizmin funksiyalar\u0131n\u0131n 81-100 faizi pozulanlar\u0131n ham\u0131s\u0131na I d\u0259r\u0259c\u0259 verilir. Halbuki 100 faizl\u0259 81 faizin a\u011f\u0131rl\u0131l\u0131q d\u0259r\u0259c\u0259si bir deyil. Amma onlar\u0131 bir d\u0259r\u0259c\u0259d\u0259 t\u0259snifatla\u015fd\u0131r\u0131b ham\u0131s\u0131na eyni m\u0259bl\u0259\u011fi verirl\u0259r. \u018fn a\u011f\u0131r \u0259lilliyi olanlara \u0259lav\u0259 \u00f6d\u0259ni\u015fl\u0259r edilm\u0259lidir. Bir \u00e7ox \u00f6lk\u0259d\u0259 bu faizl\u0259rin \u00f6zl\u0259ri kateqoriyala\u015fd\u0131r\u0131l\u0131r v\u0259 buna uy\u011fun olaraq \u0259lav\u0259 xidm\u0259tl\u0259r ayr\u0131l\u0131r. Lakin Az\u0259rbaycanda bel\u0259 \u0259lav\u0259 xidm\u0259tl\u0259r yoxdur. Veril\u0259n m\u00fcavin\u0259tl\u0259 d\u0259rmanlar\u0131n\u0131, g\u00fcnd\u0259lik istifad\u0259 etdiyi tibbi vasit\u0259l\u0259rini, dolan\u0131\u015f\u0131q x\u0259rcl\u0259rini qar\u015f\u0131laya bilmir. H\u00f6kum\u0259t is\u0259 d\u0259rmanlar\u0131n he\u00e7 birini pulsuz \u00f6d\u0259mir\u201d<\/em>.\u00a0<\/p>\n\n\n\n<p>Yeri g\u0259lmi\u015fk\u0259n, h\u0259ssas qrupdan olan bel\u0259 \u015f\u0259xsl\u0259rin keyfiyy\u0259tli h\u0259yat ya\u015famas\u0131 \u00fc\u00e7\u00fcn \u015f\u0259xsi ya\u015fay\u0131\u015f yerin\u0259 malik olmas\u0131, infrastrukturun onun v\u0259ziyy\u0259tin\u0259 g\u00f6r\u0259 uy\u011funla\u015fd\u0131r\u0131lmas\u0131 vacib amill\u0259rd\u0259n biridir. H\u0259tta qanunda da bel\u0259 bir sosial t\u0259minat n\u0259z\u0259rd\u0259 tutulub. Lakin h\u00f6kum\u0259tin bu istiqam\u0259td\u0259 qay\u011f\u0131s\u0131, h\u0259l\u0259 ki, \u015f\u0259hid ail\u0259l\u0259ri v\u0259 m\u00fcharib\u0259 \u0259lill\u0259ri \u00fc\u00e7\u00fcn n\u0259z\u0259rd\u0259 tutulub. \u018frazi b\u00fct\u00f6vl\u00fcy\u00fc u\u011frunda sa\u011flaml\u0131qlar\u0131n\u0131 itir\u0259n m\u00fcharib\u0259 \u0259lill\u0259rinin d\u0259 ham\u0131s\u0131 m\u0259nzill\u0259 t\u0259minatda ciddi probleml\u0259rl\u0259 qar\u015f\u0131la\u015fd\u0131qlar\u0131n\u0131 deyirl\u0259r.&nbsp;<\/p>\n\n\n\n<p>M\u00fcsahibimiz d\u0259 deyir ki, 1998-ci ild\u0259n ev n\u00f6vb\u0259sind\u0259dir:\u00a0<\/p>\n\n\n\n<p><em>\u201cBiz\u0259 el\u0259 o vaxtdan bildirirdil\u0259r ki, m\u00fcharib\u0259 \u0259lill\u0259rinin ev t\u0259minat\u0131 yekunla\u015fd\u0131qdan sonra dig\u0259r ehtiyac\u0131 olanlara ke\u00e7\u0259c\u0259kl\u0259r. \u018fv\u0259zind\u0259 yenid\u0259n m\u00fcharib\u0259 oldu. Bu g\u00fcn a\u011f\u0131r \u015f\u0259raitd\u0259 ya\u015fayan y\u00fczl\u0259rl\u0259 \u0259lil \u015f\u0259xs var ki, onlar\u0131n ya\u015fay\u0131\u015f \u015f\u0259raitinin yax\u015f\u0131la\u015fd\u0131r\u0131lmas\u0131na b\u00f6y\u00fck ehtiyac var. Yax\u015f\u0131 olard\u0131 ki, \u0259lill\u0259rin sosial t\u0259minat\u0131na g\u00f6r\u0259 \u00f6nc\u0259likl\u0259ri n\u0259z\u0259r\u0259 al\u0131ns\u0131n. M\u00fc\u0259yy\u0259n n\u00f6vb\u0259liliy\u0259 uy\u011fun olaraq, \u015f\u0259hid ail\u0259l\u0259ri v\u0259 qazil\u0259rl\u0259 paralel, ehtiyac\u0131 olan dig\u0259r \u0259lill\u0259r\u0259 d\u0259 m\u0259nzil ayr\u0131ls\u0131n. T\u0259\u0259ss\u00fcf ki, bu \u00f6lk\u0259d\u0259 \u0259lill\u0259r h\u0259yat\u0131n \u00fcmidin\u0259 burax\u0131l\u0131b\u201d<\/em>.<\/p>\n\n\n\n<p>\u00d6lk\u0259 \u00fczr\u0259 m\u0259nzil v\u0259 avtomobill\u0259 t\u0259min olunan \u0259lil \u015f\u0259xsl\u0259rin statistikas\u0131 il\u0259 ba\u011fl\u0131 \u018fm\u0259k v\u0259 \u018fhalinin Sosial M\u00fcdafi\u0259si Nazirliyin\u0259 sor\u011fu \u00fcnvanlad\u0131q. Lakin qurum suallar\u0131m\u0131z\u0131 cavabs\u0131z qoydu.&nbsp;<\/p>\n\n\n\n<p>R\u0259smi r\u0259q\u0259ml\u0259rd\u0259 is\u0259 m\u0259lumatlar kifay\u0259t q\u0259d\u0259r \u00fcmumu verilib. \u018f\u018fSMN-nin hesabat\u0131nda postm\u00fcharib\u0259 d\u00f6vr\u00fcnd\u0259 (2020-2023) 6 min m\u0259nzilin \u015f\u0259hid ail\u0259l\u0259ri v\u0259 m\u00fcharib\u0259 \u0259lill\u0259rin\u0259 t\u0259qdim edildiyi g\u00f6st\u0259rilir. H\u0259min d\u00f6vrd\u0259 imtiyazl\u0131 \u015f\u0259xsl\u0259r\u0259 \u00fcmumilikd\u0259, 14,8 min m\u0259nzil verildiyi qeyd edilir.<\/p>\n\n\n\n<p>D\u00f6vl\u0259t Statistika Komit\u0259sinin hesabat\u0131nda is\u0259 postm\u00fcharib\u0259 d\u00f6vr\u00fcnd\u0259 13,5 min ail\u0259nin d\u00f6vl\u0259t hesab\u0131na m\u0259nzil \u0259ld\u0259 etdiyi g\u00f6st\u0259rilir.&nbsp;<\/p>\n\n\n\n<p>G\u00f6r\u00fcnd\u00fcy\u00fc kimi, bu iki d\u00f6vl\u0259t qurumunun r\u0259q\u0259ml\u0259rind\u0259 ciddi k\u0259narla\u015fma (1300 m\u0259nzil f\u0259rqi) var. Bel\u0259 olan halda, \u018f\u018fSM-nin qeyd etdiyi \u201cimtiyazl\u0131 \u015f\u0259xsl\u0259r\u201d kiml\u0259rdir? \u018fg\u0259r h\u0259min m\u0259nzill\u0259rin 6 min\u0259 yax\u0131n\u0131 qazil\u0259r\u0259 v\u0259 \u015f\u0259hid ail\u0259l\u0259rin\u0259 verilibs\u0259, dig\u0259r m\u0259nzill\u0259r m\u00fc\u0259yy\u0259n imtiyazl\u0131 \u015f\u0259xsl\u0259r\u0259 \u00e7at\u0131b. Nazirliyin hesabatlar\u0131ndan ayd\u0131n olur ki, bu \u201cimtiyazl\u0131 \u015f\u0259xsl\u0259r\u201din is\u0259 \u0259lilliyi olan \u015f\u0259xsl\u0259r\u0259 he\u00e7 bir aidiyy\u0259ti yoxdur. &nbsp;<\/p>\n\n\n\n<p>S\u00f6z\u00fcged\u0259n h\u0259ssas qruplar\u0131n daha \u00e7ox ehtiyac duydu\u011fu avtomill\u0259rl\u0259&nbsp; t\u0259minat\u0131 da yaln\u0131z m\u00fcharib\u0259 \u0259lill\u0259ri \u00fc\u00e7\u00fcn n\u0259z\u0259rd\u0259 tutulub. &nbsp;<\/p>\n\n\n\n<p><strong>\u018fg\u0259r \u0259lilliyi olan \u015f\u0259xsin ya\u015fay\u0131\u015f yeri yoxdursa, hara s\u0131\u011f\u0131na bil\u0259r?<\/strong><\/p>\n\n\n\n<p>\u018fg\u0259r ya\u015fay\u0131\u015f yeri olmayan \u0259lil \u015f\u0259xs m\u00fcvafiq icra qurumlar\u0131na m\u00fcraci\u0259t ed\u0259rs\u0259, o, ah\u0131llar, \u0259lilliyi olan \u015f\u0259xsl\u0259r v\u0259 bax\u0131ms\u0131z u\u015faqlar \u00fc\u00e7\u00fcn n\u0259z\u0259rd\u0259 tutulan sosial xidm\u0259t m\u00fc\u0259ssis\u0259l\u0259rin\u0259 yerl\u0259\u015fdirilm\u0259lidir. Haz\u0131rda respublika \u00fczr\u0259 8 bel\u0259 m\u00fc\u0259ssis\u0259 var, 2 m\u00fc\u0259ssis\u0259 is\u0259 sa\u011flaml\u0131q imkanlar\u0131 m\u0259hdud olan u\u015faqlar \u00fc\u00e7\u00fcn f\u0259aliyy\u0259t g\u00f6st\u0259rir.&nbsp;<\/p>\n\n\n\n<p>8 sosial xidm\u0259t m\u00fc\u0259ssis\u0259sind\u0259 c\u0259mi 1230 yer say\u0131 var. 2023-c\u00fc ilin statistikas\u0131na g\u00f6r\u0259, orada ya\u015fayanlar\u0131n say\u0131 846 n\u0259f\u0259r t\u0259\u015fkil edib. \u018flb\u0259tt\u0259, bu r\u0259q\u0259md\u0259ki say\u0131n he\u00e7 d\u0259 ham\u0131s\u0131 \u0259lilliyi olan \u015f\u0259xsl\u0259r deyil. Onlar\u0131n aras\u0131nda kims\u0259siz u\u015faqlar v\u0259 ah\u0131llar da yer al\u0131r.&nbsp; &nbsp;<\/p>\n\n\n\n<p>Sa\u011flaml\u0131q imkanlar\u0131 m\u0259hdud olan u\u015faqlar \u00fc\u00e7\u00fcn n\u0259z\u0259rd\u0259 tutulan 2 m\u00fc\u0259ssis\u0259d\u0259 is\u0259 c\u0259mi 370 yer say\u0131n\u0131n 295-d\u0259 ya\u015fay\u0131\u015f m\u00f6vcuddur. &nbsp;<\/p>\n\n\n\n<p>Statistika g\u00f6st\u0259rir ki, d\u00f6vl\u0259t t\u0259r\u0259find\u0259n \u0259lill\u0259rin layiqli h\u0259yat \u015f\u0259raiti il\u0259 t\u0259minat\u0131 a\u015fa\u011f\u0131 s\u0259viyy\u0259d\u0259dir. M\u00f6vcud sosial xidm\u0259tl\u0259rin keyfiyy\u0259ti is\u0259 m\u00fczakir\u0259 m\u00f6vzular\u0131ndan biridir. \u00c7\u00fcnki\u00a0 bel\u0259 m\u00fc\u0259ssis\u0259l\u0259rd\u0259 \u0259lill\u0259r\u0259 qar\u015f\u0131 davran\u0131\u015flarla ba\u011fl\u0131 g\u00f6r\u00fcnt\u00fcl\u0259r m\u00fct\u0259madi olaraq, media s\u0259hif\u0259l\u0259rind\u0259 i\u015f\u0131qland\u0131r\u0131l\u0131b. \u00a0<\/p>\n\n\n\n<p>M\u00fcsahibimiz S.S\u0259f\u0259r\u0259liyeva deyir ki, ya\u015fay\u0131\u015f yeri \u00fc\u00e7\u00fcn s\u0131\u011f\u0131nacaq tapmaq \u0259lilliyi olan \u015f\u0259xsl\u0259rin b\u00f6y\u00fck problemidir: <\/p>\n\n\n\n<p><em>\u201cBir d\u0259f\u0259 bir \u0259lil \u00fc\u00e7\u00fcn ya\u015fay\u0131\u015f yeri axtar\u0131rd\u0131q. \u00c7\u00fcnki v\u0259ziyy\u0259ti \u00e7ox pis idi. Hara m\u00fcraci\u0259t etdik, al\u0131nmad\u0131. S\u0131\u011f\u0131nacaq \u00fc\u00e7\u00fcn m\u00fcraci\u0259t ed\u0259nd\u0259 is\u0259 onu ruhi-\u0259s\u0259b dispanserin\u0259 g\u00f6nd\u0259rdil\u0259r. H\u0259tta ora da valideyni olan \u015f\u0259xsl\u0259ri q\u0259bul etmirl\u0259r. H\u0259min dispanser\u0259 yerl\u0259\u015fdiril\u0259n \u015f\u0259xsl\u0259rin is\u0259 ba\u015f\u0131na n\u0259 oyunlar g\u0259lir, bunlar\u0131 media ara\u015fd\u0131rmalar\u0131nda g\u00f6r\u00fcr\u00fck\u201d.<\/em><\/p>\n\n\n\n<p><strong>\u201cBizim \u00fc\u00e7\u00fcn probleml\u0259r evd\u0259n \u00e7\u0131xmam\u0131\u015f ba\u015flay\u0131r\u201d<\/strong><\/p>\n\n\n\n<p>Daha ciddi m\u0259s\u0259l\u0259l\u0259rd\u0259n biri d\u0259 infrastruktur obyektl\u0259rinin \u0259lilliyi olan \u015f\u0259xsl\u0259rin istifad\u0259si \u00fc\u00e7\u00fcn a\u011flabatan uy\u011funla\u015fd\u0131r\u0131lmamas\u0131d\u0131r. Halbuki bu m\u0259s\u0259l\u0259 onlar\u0131 sosial-psixoloji t\u0259cridd\u0259n qoruyan ba\u015fl\u0131ca faktorlardan biridir. \u0130nfrastrukturun uy\u011funla\u015fd\u0131r\u0131lmamas\u0131 \u0259lilliyi olan \u015f\u0259xsl\u0259rin t\u0259hsil almas\u0131na, sosialla\u015fmas\u0131na, qay\u011f\u0131lar\u0131n\u0131 h\u0259ll etm\u0259sin\u0259 ciddi mane\u0259dir. Baxmayaraq, qanunda obyektl\u0259rin layih\u0259l\u0259ndirilm\u0259si v\u0259 tikintisi zaman\u0131 \u0259lilliyi olan \u015f\u0259xsl\u0259rin t\u0259l\u0259bat\u0131n\u0131n n\u0259z\u0259r\u0259 al\u0131nmas\u0131 g\u00f6st\u0259rilir, lakin bu m\u00fcdd\u0259a ka\u011f\u0131z \u00fcz\u0259rind\u0259 yaz\u0131lm\u0131\u015f s\u00f6z olaraq qal\u0131r. Buna n\u0259zar\u0259t is\u0259 F\u00f6vq\u0259lad\u0259 Hallar Nazirliyinin m\u0259suliyy\u0259tind\u0259dir.\u00a0<\/p>\n\n\n\n<p>I qrup \u0259lil Orxan Ad\u0131g\u00f6z\u0259l MeydanTV-y\u0259 m\u00fcsahib\u0259sind\u0259 deyib ki, onlar \u00fc\u00e7\u00fcn probleml\u0259r evd\u0259n \u00e7\u0131xmam\u0131\u015f ba\u015flay\u0131r:<\/p>\n\n\n<div class=\"wp-block-image\">\n<figure class=\"alignright size-large is-resized\"><img decoding=\"async\" width=\"1200\" height=\"800\" data-src=\"https:\/\/www.meydan.tv\/wp-content\/uploads\/37636-1200x800.jpg\" alt=\"Orxan Ad\u0131g\u00f6z\u0259l\" class=\"wp-image-95247 lazyload\" style=\"--smush-placeholder-width: 1200px; --smush-placeholder-aspect-ratio: 1200\/800;width:416px;height:auto\" src=\"data:image\/svg+xml;base64,PHN2ZyB3aWR0aD0iMSIgaGVpZ2h0PSIxIiB4bWxucz0iaHR0cDovL3d3dy53My5vcmcvMjAwMC9zdmciPjwvc3ZnPg==\" \/><figcaption class=\"wp-element-caption\">Source: arxiv<\/figcaption><\/figure>\n<\/div>\n\n\n<p><em> \u201cM\u0259n sovet d\u00f6vr\u00fcnd\u0259 in\u015fa edilmi\u015f binan\u0131n 6-c\u0131 m\u0259rt\u0259b\u0259sind\u0259 ya\u015fay\u0131ram. Lift is\u0259 6-c\u0131 v\u0259 7-ci m\u0259rt\u0259b\u0259nin aras\u0131nda yerl\u0259\u015fir. Lift\u0259 minm\u0259k \u00fc\u00e7\u00fcn g\u0259r\u0259k kims\u0259 m\u0259n\u0259 k\u00f6m\u0259k edib qald\u0131rmal\u0131d\u0131r. Bizim \u00fc\u00e7\u00fcn probleml\u0259r evd\u0259n \u00e7\u0131xmam\u0131\u015f ba\u015flay\u0131r.\u00a0 Evin i\u00e7ind\u0259 hamam v\u0259 tualet buna uy\u011funla\u015fd\u0131r\u0131lmay\u0131b. K\u00fc\u00e7\u0259y\u0259 \u00e7\u0131xd\u0131qdan sonra is\u0259 bard\u00fcrl\u0259rin, yollar\u0131n, ia\u015f\u0259 obyekl\u0259tinin m\u00fcy\u0259ss\u0259r olmamaq durumu il\u0259 \u00fczl\u0259\u015firik\u201d.<\/em><\/p>\n\n\n\n<p>O.Ad\u0131g\u00f6z\u0259l bildirib ki, problemin k\u00f6k\u00fcnd\u0259 duran s\u0259b\u0259b infrastrukturun \u0259lilliyi olan \u015f\u0259xsl\u0259rin istifad\u0259si \u00fc\u00e7\u00fcn uy\u011funla\u015fd\u0131r\u0131lmas\u0131 meyarlar\u0131n\u0131n m\u00fc\u0259yy\u0259n olunmamas\u0131d\u0131r:&nbsp;<\/p>\n\n\n\n<p><em>\u201c\u018flillik d\u0259r\u0259c\u0259l\u0259rin\u0259 uy\u011fun olaraq, yol, ia\u015f\u0259 v\u0259 m\u0259nzil tikintisind\u0259 uy\u011funla\u015fma il\u0259 ba\u011fl\u0131 meyarlar yoxdur. Ona g\u00f6r\u0259 d\u0259, b\u0259zi obyektl\u0259rd\u0259 panduslar\u0131 nec\u0259 g\u0259ldi tikirl\u0259r, onlar\u0131 istifad\u0259 etm\u0259k m\u00fcmk\u00fcn deyil. \u00c7\u00fcnki tikintil\u0259rin nec\u0259 h\u0259yata ke\u00e7irilm\u0259si il\u0259 ba\u011fl\u0131 qaydalar m\u00fc\u0259yy\u0259nl\u0259\u015fm\u0259yib. M\u00fcy\u0259ss\u0259rlikl\u0259 ba\u011fl\u0131 qanunun q\u0259bulu yubad\u0131l\u0131r. Burada \u0259sas m\u0259qs\u0259d \u0259lil olan \u015f\u0259xsl\u0259rin, bu z\u00fcmr\u0259nin f\u0259al olma\u011f\u0131n\u0131n qar\u015f\u0131s\u0131n\u0131 almaqd\u0131r\u201d.\u00a0<\/em><\/p>\n\n\n\n<p>M\u00fcsahibimiz n\u0259qliyyat laz\u0131m olduqda, taksid\u0259n istifad\u0259 etm\u0259k m\u0259cburiyy\u0259tind\u0259 qald\u0131\u011f\u0131n\u0131 deyir:&nbsp;<\/p>\n\n\n\n<p><em>\u201c\u0130ctimai n\u0259qliyyatdan istifad\u0259 etm\u0259kd\u0259 d\u0259 probleml\u0259r ya\u015fay\u0131r\u0131q. Metropolitend\u0259 bel\u0259 bir xidm\u0259t var ki, 1 saat \u0259vv\u0259l m\u00fcraci\u0259t etdikd\u0259, onlar evind\u0259n ged\u0259c\u0259yin son \u00fcnvana kimi m\u00fc\u015fayi\u0259t edirl\u0259r. Amma avtobuslardan istifad\u0259 zaman\u0131 probleml\u0259r ya\u015fan\u0131r, burada s\u00fcr\u00fcc\u00fcl\u0259rin \u00e7oxu t\u0259limatland\u0131r\u0131lmay\u0131b. B\u0259z\u0259n \u0259lil arabas\u0131nda olan \u015f\u0259xsl\u0259ri do\u011fru-d\u00fczg\u00fcn yerl\u0259\u015fdir\u0259 bilmirl\u0259r.\u00a0 Ona g\u00f6r\u0259 d\u0259 \u00e7ox vaxt taksid\u0259n istifad\u0259 edir\u0259m\u201d.<\/em><\/p>\n\n\n\n<p><em>\u201c\u0130nfrastrukturla ba\u011fl\u0131 yaranan \u00e7\u0259tinlikl\u0259r eyni zamanda \u0259lil \u015f\u0259xsl\u0259rin t\u0259hsili \u00fc\u00e7\u00fcn d\u0259 mane\u0259 yarad\u0131r, sosialla\u015fa bilmirl\u0259r, n\u0259tic\u0259d\u0259 h\u0259r \u015feyd\u0259n k\u0259narda qal\u0131rlar. \u0130nkl\u00fcziv t\u0259hsill\u0259 ba\u011fl\u0131 m\u0259s\u0259l\u0259 aktivdir. Lakin m\u0259kt\u0259bl\u0259rin ikinci m\u0259rt\u0259b\u0259sin\u0259 \u00e7\u0131xma\u011fa lift yoxdursa, o zaman inkl\u00fcziv t\u0259hsil d\u0259 k\u0259narda qal\u0131r\u201d<\/em>,-dey\u0259 m\u00fcsahibimiz vur\u011fulay\u0131r.\u00a0<\/p>\n\n\n\n<p><strong>\u018flill\u0259r \u00fc\u00e7\u00fcn xo\u015fb\u0259xt \u00f6lk\u0259<\/strong><\/p>\n\n\n\n<p>\u018fm\u0259k v\u0259 \u018fhalinin Sosial M\u00fcdafi\u0259 Nazirliyi Meydan TV-nin \u00fcnvanlad\u0131\u011f\u0131 suallara h\u0259l\u0259 cavab verm\u0259yib.&nbsp;<\/p>\n\n\n\n<p>Sosioloq Rafiq T\u0259mr\u0259zov haz\u0131rda Almaniyada ya\u015fay\u0131r v\u0259 bu \u00f6lk\u0259nin \u0259lill\u0259r \u00fc\u00e7\u00fcn n\u0259z\u0259rd\u0259 tutulan t\u0259minatlar\u0131ndan istifad\u0259 edir. Az\u0259rbaycanda ya\u015fayark\u0259n, II qrup \u0259lilik d\u0259r\u0259c\u0259si alsa da, Almaniyada \u0259lilliyin a\u011f\u0131rl\u0131\u011f\u0131na g\u00f6r\u0259 kateqoriyala\u015fd\u0131\u011f\u0131n\u0131 deyir:&nbsp;<\/p>\n\n\n<div class=\"wp-block-image\">\n<figure class=\"alignleft size-full is-resized\"><img decoding=\"async\" width=\"400\" height=\"298\" data-src=\"https:\/\/www.meydan.tv\/wp-content\/uploads\/45032.jpg\" alt=\"Rafiq T\u0259mrazov\" class=\"wp-image-112990 lazyload\" style=\"--smush-placeholder-width: 400px; --smush-placeholder-aspect-ratio: 400\/298;width:354px;height:auto\" src=\"data:image\/svg+xml;base64,PHN2ZyB3aWR0aD0iMSIgaGVpZ2h0PSIxIiB4bWxucz0iaHR0cDovL3d3dy53My5vcmcvMjAwMC9zdmciPjwvc3ZnPg==\" \/><figcaption class=\"wp-element-caption\">Source: Turan<\/figcaption><\/figure>\n<\/div>\n\n\n<p><em>\u201cAlmaniyada \u0259lil kimi qeydiyyata d\u00fc\u015fd\u00fckd\u0259, v\u0259siq\u0259 verilir. \u018flillik faizi m\u00fc\u0259yy\u0259nl\u0259\u015fdikd\u0259n sonra a\u011f\u0131rl\u0131q d\u0259r\u0259c\u0259sin\u0259 g\u00f6r\u0259 kateqoriyalar m\u00fc\u0259yy\u0259n olunur. M\u0259s\u0259l\u0259n, 90 faiz \u0259lillik alan \u015f\u0259xsl\u0259r \u00fc\u00e7\u00fcn veril\u0259n B, C v\u0259 dig\u0259r bu kimi kateqoriyalar aras\u0131nda f\u0259rqli yana\u015fma m\u00f6vcuddur. Almaniyada \u0259lilliyi olan \u015f\u0259xsl\u0259rl\u0259 m\u0259\u015f\u011ful olmaq \u00fc\u00e7\u00fcn x\u00fcsusi d\u00f6vl\u0259t idar\u0259si var. Onlar \u0259lill\u0259rin ya\u015fam\u0131n\u0131n daha \u0259l\u00e7at\u0131ml\u0131 olmas\u0131 \u00fc\u00e7\u00fcn ya\u015fay\u0131\u015f yerinin yax\u015f\u0131la\u015fmas\u0131 istiqam\u0259tind\u0259 t\u0259dbirl\u0259r h\u0259yata ke\u00e7irirl\u0259r. H\u0259tta m\u0259nzilin\u0259 q\u0259d\u0259r bax\u0131\u015f ke\u00e7irib, onun hamam\u0131, tualeti, liftd\u0259n istifad\u0259si fiziki-psixoloji durumuna g\u00f6r\u0259 uy\u011funla\u015fd\u0131r\u0131l\u0131r. \u018fg\u0259r yerim\u0259kl\u0259 ba\u011fl\u0131 problemi varsa, x\u00fcsusi yataq, \u0259l arabas\u0131, x\u00fcsusi texniki tibbi avadanl\u0131qlar, geyiml\u0259r, ayaqqab\u0131lar v\u0259 sair bu kimi ehtiyaclar d\u00f6vl\u0259t t\u0259r\u0259find\u0259n y\u00fcks\u0259k s\u0259viyy\u0259d\u0259 qar\u015f\u0131lan\u0131r. \u00d6z\u00fc d\u0259 bu x\u0259rcl\u0259r kifay\u0259t q\u0259d\u0259r b\u00f6y\u00fck olur. M\u0259s\u0259l\u0259n, \u0259lilin x\u00fcsusi bir ortopedik ayaqqab\u0131ya ehitiyac\u0131 olursa, onu yay, q\u0131\u015f v\u0259 ev ayaqqab\u0131s\u0131 il\u0259 t\u0259min edirl\u0259r v\u0259 bu x\u0259rc bir \u00e7ox hallarda 5 min avronun \u00fcst\u00fcnd\u0259 olur\u201d.\u00a0<\/em><\/p>\n\n\n\n<p>R.T\u0259mr\u0259zovun s\u00f6zl\u0259rin\u0259 g\u00f6r\u0259, Almaniyada \u0259lill\u0259rin \u0259m\u0259k f\u0259aliyy\u0259tin\u0259, sosialla\u015fmas\u0131na \u00e7ox diqq\u0259t yetirilir:\u00a0<\/p>\n\n\n\n<p><em>\u201c\u00d6z t\u0259cr\u00fcb\u0259md\u0259n dan\u0131\u015f\u0131m. M\u0259n Almaniyada m\u00fchasibatl\u0131q \u00fczr\u0259 ixtisas ald\u0131m. Sertifikat\u0131 almaq \u00fc\u00e7\u00fcn 3 ayl\u0131q t\u0259cr\u00fcb\u0259d\u0259n ke\u00e7dim. Bundan sonra yeni i\u015fd\u0259 i\u015f\u0259g\u00f6t\u00fcr\u0259n m\u0259ni 3 ayl\u0131q pulsuz yoxlamal\u0131 idi. M\u0259n yeni i\u015f\u0259 ke\u00e7\u0259nd\u0259 \u0259lil oldu\u011fum \u00fc\u00e7\u00fcn d\u00f6vl\u0259t i\u015f\u0259g\u00f6t\u00fcr\u0259n\u0259 yoxlama m\u00fcdd\u0259tini ke\u00e7irm\u0259y\u0259 icaz\u0259 verm\u0259di v\u0259 h\u0259min maa\u015f\u0131 m\u00fc\u0259ssis\u0259y\u0259 3 ay \u0259rzind\u0259 M\u0259\u015f\u011fulluq Agentliyi \u00f6d\u0259di. Y\u0259ni i\u015f\u0259g\u00f6t\u00fcr\u0259nin h\u00fcququ pozulmas\u0131n dey\u0259, kompensasiyas\u0131n\u0131 verdi. Bu,\u00a0Almaniyada \u0259lill\u0259rin m\u0259\u015f\u011fullu\u011fu \u00fc\u00e7\u00fcn x\u00fcsusi \u015famil olunan h\u00fcquqdur\u201d.\u00a0<\/em><\/p>\n\n\n\n<p><em>\u201cAlmaniyada d\u00f6vl\u0259t qurumlar\u0131 ictimai t\u0259\u015fkilatlarla s\u0131x \u015f\u0259kild\u0259 \u0259m\u0259kda\u015fl\u0131q edir. \u018flill\u0259rin n\u0259 problemi \u00e7\u0131xarsa, onlar h\u0259ll etm\u0259kd\u0259 vasit\u0259\u00e7i olurlar. Bizd\u0259 qeyri-h\u00f6kum\u0259t t\u0259\u015fkilatlar\u0131 kimidir, amma modeli f\u0259rqlidir-ictimai v\u0259killik deyirl\u0259r. Bu t\u0259\u015fkilatlar d\u00f6vl\u0259t orqanlar\u0131n\u0131n f\u0259aliyy\u0259tinin s\u0259m\u0259r\u0259liliyini art\u0131rmaq \u00fc\u00e7\u00fcn Almaniya h\u00f6kum\u0259ti t\u0259r\u0259find\u0259n maliyy\u0259l\u0259\u015fdirilir. D\u00f6vl\u0259t qurumlar\u0131 bel\u0259 t\u0259\u015fkilatlar\u0131n h\u0259m ictimai n\u0259zar\u0259tind\u0259n, h\u0259m ictimai v\u0259killiyind\u0259n, h\u0259m d\u0259 m\u0259sl\u0259h\u0259tl\u0259r v\u0259 t\u0259klifl\u0259r almas\u0131ndan istifad\u0259 edirl\u0259r\u201d<\/em>,- dey\u0259 m\u00fcsahib qeyd edib. \u00a0<\/p>\n","protected":false},"excerpt":{"rendered":"<p>\u201c\u00c7ox a\u011f\u0131r v\u0259ziyy\u0259td\u0259yik, bizi he\u00e7 kim e\u015fitm\u0259k ist\u0259mir\u201d 3 dekabr- &#8230; <\/p>\n<p class=\"read-more-container\"><a title=\"Az\u0259rbaycanda \u0259lil olmaq&#8230;\" class=\"read-more button\" href=\"https:\/\/www.meydan.tv\/az\/article\/azerbaycanda-elil-olmaq\/#more-322034\" aria-label=\"Read more about Az\u0259rbaycanda \u0259lil olmaq&#8230;\">Davam\u0131<\/a><\/p>\n","protected":false},"author":12,"featured_media":322037,"comment_status":"closed","ping_status":"closed","sticky":false,"template":"","format":"standard","meta":{"_acf_changed":false,"_sitemap_exclude":false,"_sitemap_priority":"","_sitemap_frequency":"","footnotes":""},"categories":[62,79,56],"tags":[],"class_list":["post-322034","post","type-post","status-publish","format-standard","has-post-thumbnail","hentry","category-sosial","category-featured","category-xeberler","infinite-scroll-item","generate-columns","tablet-grid-50","mobile-grid-100","grid-parent","grid-33","no-featured-image-padding"],"acf":[],"yoast_head":"<!-- This site is optimized with the Yoast SEO plugin v27.4 - https:\/\/yoast.com\/product\/yoast-seo-wordpress\/ -->\n<title>Az\u0259rbaycanda \u0259lil olmaq... - MEYDAN.TV<\/title>\n<meta name=\"robots\" content=\"index, follow, max-snippet:-1, max-image-preview:large, max-video-preview:-1\" \/>\n<link rel=\"canonical\" href=\"https:\/\/www.meydan.tv\/az\/article\/azerbaycanda-elil-olmaq\/\" \/>\n<meta property=\"og:locale\" content=\"az_AZ\" \/>\n<meta property=\"og:type\" content=\"article\" \/>\n<meta property=\"og:title\" content=\"Az\u0259rbaycanda \u0259lil olmaq... - MEYDAN.TV\" \/>\n<meta property=\"og:description\" content=\"\u201c\u00c7ox a\u011f\u0131r v\u0259ziyy\u0259td\u0259yik, bizi he\u00e7 kim e\u015fitm\u0259k ist\u0259mir\u201d 3 dekabr- ... Davam\u0131\" \/>\n<meta property=\"og:url\" content=\"https:\/\/www.meydan.tv\/az\/article\/azerbaycanda-elil-olmaq\/\" \/>\n<meta property=\"og:site_name\" content=\"MEYDAN.TV\" \/>\n<meta property=\"article:published_time\" content=\"2024-12-03T16:46:12+00:00\" \/>\n<meta property=\"article:modified_time\" content=\"2024-12-04T08:34:39+00:00\" \/>\n<meta property=\"og:image\" content=\"https:\/\/www.meydan.tv\/wp-content\/uploads\/screenshot-2024-12-03-at-17.45.37-1200x590.png\" \/>\n\t<meta property=\"og:image:width\" content=\"1200\" \/>\n\t<meta property=\"og:image:height\" content=\"590\" \/>\n\t<meta property=\"og:image:type\" content=\"image\/png\" \/>\n<meta name=\"author\" content=\"aleks\" \/>\n<meta name=\"twitter:card\" content=\"summary_large_image\" \/>\n<script type=\"application\/ld+json\" class=\"yoast-schema-graph\">{\"@context\":\"https:\\\/\\\/schema.org\",\"@graph\":[{\"@type\":\"Article\",\"@id\":\"https:\\\/\\\/www.meydan.tv\\\/az\\\/article\\\/azerbaycanda-elil-olmaq\\\/#article\",\"isPartOf\":{\"@id\":\"https:\\\/\\\/www.meydan.tv\\\/az\\\/article\\\/azerbaycanda-elil-olmaq\\\/\"},\"author\":{\"name\":\"aleks\",\"@id\":\"https:\\\/\\\/www.meydan.tv\\\/az\\\/#\\\/schema\\\/person\\\/476e9360e593fa131d5d71d51866f8da\"},\"headline\":\"Az\u0259rbaycanda \u0259lil olmaq&#8230;\",\"datePublished\":\"2024-12-03T16:46:12+00:00\",\"dateModified\":\"2024-12-04T08:34:39+00:00\",\"mainEntityOfPage\":{\"@id\":\"https:\\\/\\\/www.meydan.tv\\\/az\\\/article\\\/azerbaycanda-elil-olmaq\\\/\"},\"wordCount\":3069,\"publisher\":{\"@id\":\"https:\\\/\\\/www.meydan.tv\\\/az\\\/#organization\"},\"image\":{\"@id\":\"https:\\\/\\\/www.meydan.tv\\\/az\\\/article\\\/azerbaycanda-elil-olmaq\\\/#primaryimage\"},\"thumbnailUrl\":\"https:\\\/\\\/www.meydan.tv\\\/wp-content\\\/uploads\\\/screenshot-2024-12-03-at-17.45.37.png\",\"articleSection\":[\"Sosial\",\"T\u00f6vsiy\u0259\",\"X\u0259b\u0259rl\u0259r\"],\"inLanguage\":\"az\"},{\"@type\":\"WebPage\",\"@id\":\"https:\\\/\\\/www.meydan.tv\\\/az\\\/article\\\/azerbaycanda-elil-olmaq\\\/\",\"url\":\"https:\\\/\\\/www.meydan.tv\\\/az\\\/article\\\/azerbaycanda-elil-olmaq\\\/\",\"name\":\"Az\u0259rbaycanda \u0259lil olmaq... - MEYDAN.TV\",\"isPartOf\":{\"@id\":\"https:\\\/\\\/www.meydan.tv\\\/az\\\/#website\"},\"primaryImageOfPage\":{\"@id\":\"https:\\\/\\\/www.meydan.tv\\\/az\\\/article\\\/azerbaycanda-elil-olmaq\\\/#primaryimage\"},\"image\":{\"@id\":\"https:\\\/\\\/www.meydan.tv\\\/az\\\/article\\\/azerbaycanda-elil-olmaq\\\/#primaryimage\"},\"thumbnailUrl\":\"https:\\\/\\\/www.meydan.tv\\\/wp-content\\\/uploads\\\/screenshot-2024-12-03-at-17.45.37.png\",\"datePublished\":\"2024-12-03T16:46:12+00:00\",\"dateModified\":\"2024-12-04T08:34:39+00:00\",\"breadcrumb\":{\"@id\":\"https:\\\/\\\/www.meydan.tv\\\/az\\\/article\\\/azerbaycanda-elil-olmaq\\\/#breadcrumb\"},\"inLanguage\":\"az\",\"potentialAction\":[{\"@type\":\"ReadAction\",\"target\":[\"https:\\\/\\\/www.meydan.tv\\\/az\\\/article\\\/azerbaycanda-elil-olmaq\\\/\"]}]},{\"@type\":\"ImageObject\",\"inLanguage\":\"az\",\"@id\":\"https:\\\/\\\/www.meydan.tv\\\/az\\\/article\\\/azerbaycanda-elil-olmaq\\\/#primaryimage\",\"url\":\"https:\\\/\\\/www.meydan.tv\\\/wp-content\\\/uploads\\\/screenshot-2024-12-03-at-17.45.37.png\",\"contentUrl\":\"https:\\\/\\\/www.meydan.tv\\\/wp-content\\\/uploads\\\/screenshot-2024-12-03-at-17.45.37.png\",\"width\":1960,\"height\":964,\"caption\":\"\u018flil. Foto: Reuters\"},{\"@type\":\"BreadcrumbList\",\"@id\":\"https:\\\/\\\/www.meydan.tv\\\/az\\\/article\\\/azerbaycanda-elil-olmaq\\\/#breadcrumb\",\"itemListElement\":[{\"@type\":\"ListItem\",\"position\":1,\"name\":\"Ana s\u0259hif\u0259\",\"item\":\"https:\\\/\\\/www.meydan.tv\\\/az\\\/\"},{\"@type\":\"ListItem\",\"position\":2,\"name\":\"X\u0259b\u0259rl\u0259r\",\"item\":\"https:\\\/\\\/www.meydan.tv\\\/az\\\/section\\\/xeberler\\\/\"},{\"@type\":\"ListItem\",\"position\":3,\"name\":\"Az\u0259rbaycanda \u0259lil olmaq&#8230;\"}]},{\"@type\":\"WebSite\",\"@id\":\"https:\\\/\\\/www.meydan.tv\\\/az\\\/#website\",\"url\":\"https:\\\/\\\/www.meydan.tv\\\/az\\\/\",\"name\":\"MEYDAN.TV\",\"description\":\"Meydan TV Az\u0259rbaycan\u0131n media m\u0259kan\u0131ndak\u0131 alternativ s\u0259sidir\",\"publisher\":{\"@id\":\"https:\\\/\\\/www.meydan.tv\\\/az\\\/#organization\"},\"potentialAction\":[{\"@type\":\"SearchAction\",\"target\":{\"@type\":\"EntryPoint\",\"urlTemplate\":\"https:\\\/\\\/www.meydan.tv\\\/az\\\/?s={search_term_string}\"},\"query-input\":{\"@type\":\"PropertyValueSpecification\",\"valueRequired\":true,\"valueName\":\"search_term_string\"}}],\"inLanguage\":\"az\"},{\"@type\":\"Organization\",\"@id\":\"https:\\\/\\\/www.meydan.tv\\\/az\\\/#organization\",\"name\":\"Meydan TV\",\"url\":\"https:\\\/\\\/www.meydan.tv\\\/az\\\/\",\"logo\":{\"@type\":\"ImageObject\",\"inLanguage\":\"az\",\"@id\":\"https:\\\/\\\/www.meydan.tv\\\/az\\\/#\\\/schema\\\/logo\\\/image\\\/\",\"url\":\"https:\\\/\\\/www.meydan.tv\\\/wp-content\\\/uploads\\\/2021\\\/07\\\/meydan-logo.svg\",\"contentUrl\":\"https:\\\/\\\/www.meydan.tv\\\/wp-content\\\/uploads\\\/2021\\\/07\\\/meydan-logo.svg\",\"width\":195,\"height\":46,\"caption\":\"Meydan TV\"},\"image\":{\"@id\":\"https:\\\/\\\/www.meydan.tv\\\/az\\\/#\\\/schema\\\/logo\\\/image\\\/\"}},{\"@type\":\"Person\",\"@id\":\"https:\\\/\\\/www.meydan.tv\\\/az\\\/#\\\/schema\\\/person\\\/476e9360e593fa131d5d71d51866f8da\",\"name\":\"aleks\"}]}<\/script>\n<!-- \/ Yoast SEO plugin. -->","yoast_head_json":{"title":"Az\u0259rbaycanda \u0259lil olmaq... - MEYDAN.TV","robots":{"index":"index","follow":"follow","max-snippet":"max-snippet:-1","max-image-preview":"max-image-preview:large","max-video-preview":"max-video-preview:-1"},"canonical":"https:\/\/www.meydan.tv\/az\/article\/azerbaycanda-elil-olmaq\/","og_locale":"az_AZ","og_type":"article","og_title":"Az\u0259rbaycanda \u0259lil olmaq... - MEYDAN.TV","og_description":"\u201c\u00c7ox a\u011f\u0131r v\u0259ziyy\u0259td\u0259yik, bizi he\u00e7 kim e\u015fitm\u0259k ist\u0259mir\u201d 3 dekabr- ... Davam\u0131","og_url":"https:\/\/www.meydan.tv\/az\/article\/azerbaycanda-elil-olmaq\/","og_site_name":"MEYDAN.TV","article_published_time":"2024-12-03T16:46:12+00:00","article_modified_time":"2024-12-04T08:34:39+00:00","og_image":[{"width":1200,"height":590,"url":"https:\/\/www.meydan.tv\/wp-content\/uploads\/screenshot-2024-12-03-at-17.45.37-1200x590.png","type":"image\/png"}],"author":"aleks","twitter_card":"summary_large_image","schema":{"@context":"https:\/\/schema.org","@graph":[{"@type":"Article","@id":"https:\/\/www.meydan.tv\/az\/article\/azerbaycanda-elil-olmaq\/#article","isPartOf":{"@id":"https:\/\/www.meydan.tv\/az\/article\/azerbaycanda-elil-olmaq\/"},"author":{"name":"aleks","@id":"https:\/\/www.meydan.tv\/az\/#\/schema\/person\/476e9360e593fa131d5d71d51866f8da"},"headline":"Az\u0259rbaycanda \u0259lil olmaq&#8230;","datePublished":"2024-12-03T16:46:12+00:00","dateModified":"2024-12-04T08:34:39+00:00","mainEntityOfPage":{"@id":"https:\/\/www.meydan.tv\/az\/article\/azerbaycanda-elil-olmaq\/"},"wordCount":3069,"publisher":{"@id":"https:\/\/www.meydan.tv\/az\/#organization"},"image":{"@id":"https:\/\/www.meydan.tv\/az\/article\/azerbaycanda-elil-olmaq\/#primaryimage"},"thumbnailUrl":"https:\/\/www.meydan.tv\/wp-content\/uploads\/screenshot-2024-12-03-at-17.45.37.png","articleSection":["Sosial","T\u00f6vsiy\u0259","X\u0259b\u0259rl\u0259r"],"inLanguage":"az"},{"@type":"WebPage","@id":"https:\/\/www.meydan.tv\/az\/article\/azerbaycanda-elil-olmaq\/","url":"https:\/\/www.meydan.tv\/az\/article\/azerbaycanda-elil-olmaq\/","name":"Az\u0259rbaycanda \u0259lil olmaq... - MEYDAN.TV","isPartOf":{"@id":"https:\/\/www.meydan.tv\/az\/#website"},"primaryImageOfPage":{"@id":"https:\/\/www.meydan.tv\/az\/article\/azerbaycanda-elil-olmaq\/#primaryimage"},"image":{"@id":"https:\/\/www.meydan.tv\/az\/article\/azerbaycanda-elil-olmaq\/#primaryimage"},"thumbnailUrl":"https:\/\/www.meydan.tv\/wp-content\/uploads\/screenshot-2024-12-03-at-17.45.37.png","datePublished":"2024-12-03T16:46:12+00:00","dateModified":"2024-12-04T08:34:39+00:00","breadcrumb":{"@id":"https:\/\/www.meydan.tv\/az\/article\/azerbaycanda-elil-olmaq\/#breadcrumb"},"inLanguage":"az","potentialAction":[{"@type":"ReadAction","target":["https:\/\/www.meydan.tv\/az\/article\/azerbaycanda-elil-olmaq\/"]}]},{"@type":"ImageObject","inLanguage":"az","@id":"https:\/\/www.meydan.tv\/az\/article\/azerbaycanda-elil-olmaq\/#primaryimage","url":"https:\/\/www.meydan.tv\/wp-content\/uploads\/screenshot-2024-12-03-at-17.45.37.png","contentUrl":"https:\/\/www.meydan.tv\/wp-content\/uploads\/screenshot-2024-12-03-at-17.45.37.png","width":1960,"height":964,"caption":"\u018flil. Foto: Reuters"},{"@type":"BreadcrumbList","@id":"https:\/\/www.meydan.tv\/az\/article\/azerbaycanda-elil-olmaq\/#breadcrumb","itemListElement":[{"@type":"ListItem","position":1,"name":"Ana s\u0259hif\u0259","item":"https:\/\/www.meydan.tv\/az\/"},{"@type":"ListItem","position":2,"name":"X\u0259b\u0259rl\u0259r","item":"https:\/\/www.meydan.tv\/az\/section\/xeberler\/"},{"@type":"ListItem","position":3,"name":"Az\u0259rbaycanda \u0259lil olmaq&#8230;"}]},{"@type":"WebSite","@id":"https:\/\/www.meydan.tv\/az\/#website","url":"https:\/\/www.meydan.tv\/az\/","name":"MEYDAN.TV","description":"Meydan TV Az\u0259rbaycan\u0131n media m\u0259kan\u0131ndak\u0131 alternativ s\u0259sidir","publisher":{"@id":"https:\/\/www.meydan.tv\/az\/#organization"},"potentialAction":[{"@type":"SearchAction","target":{"@type":"EntryPoint","urlTemplate":"https:\/\/www.meydan.tv\/az\/?s={search_term_string}"},"query-input":{"@type":"PropertyValueSpecification","valueRequired":true,"valueName":"search_term_string"}}],"inLanguage":"az"},{"@type":"Organization","@id":"https:\/\/www.meydan.tv\/az\/#organization","name":"Meydan TV","url":"https:\/\/www.meydan.tv\/az\/","logo":{"@type":"ImageObject","inLanguage":"az","@id":"https:\/\/www.meydan.tv\/az\/#\/schema\/logo\/image\/","url":"https:\/\/www.meydan.tv\/wp-content\/uploads\/2021\/07\/meydan-logo.svg","contentUrl":"https:\/\/www.meydan.tv\/wp-content\/uploads\/2021\/07\/meydan-logo.svg","width":195,"height":46,"caption":"Meydan TV"},"image":{"@id":"https:\/\/www.meydan.tv\/az\/#\/schema\/logo\/image\/"}},{"@type":"Person","@id":"https:\/\/www.meydan.tv\/az\/#\/schema\/person\/476e9360e593fa131d5d71d51866f8da","name":"aleks"}]}},"_links":{"self":[{"href":"https:\/\/www.meydan.tv\/az\/wp-json\/wp\/v2\/posts\/322034","targetHints":{"allow":["GET"]}}],"collection":[{"href":"https:\/\/www.meydan.tv\/az\/wp-json\/wp\/v2\/posts"}],"about":[{"href":"https:\/\/www.meydan.tv\/az\/wp-json\/wp\/v2\/types\/post"}],"author":[{"embeddable":true,"href":"https:\/\/www.meydan.tv\/az\/wp-json\/wp\/v2\/users\/12"}],"replies":[{"embeddable":true,"href":"https:\/\/www.meydan.tv\/az\/wp-json\/wp\/v2\/comments?post=322034"}],"version-history":[{"count":3,"href":"https:\/\/www.meydan.tv\/az\/wp-json\/wp\/v2\/posts\/322034\/revisions"}],"predecessor-version":[{"id":322081,"href":"https:\/\/www.meydan.tv\/az\/wp-json\/wp\/v2\/posts\/322034\/revisions\/322081"}],"wp:featuredmedia":[{"embeddable":true,"href":"https:\/\/www.meydan.tv\/az\/wp-json\/wp\/v2\/media\/322037"}],"wp:attachment":[{"href":"https:\/\/www.meydan.tv\/az\/wp-json\/wp\/v2\/media?parent=322034"}],"wp:term":[{"taxonomy":"category","embeddable":true,"href":"https:\/\/www.meydan.tv\/az\/wp-json\/wp\/v2\/categories?post=322034"},{"taxonomy":"post_tag","embeddable":true,"href":"https:\/\/www.meydan.tv\/az\/wp-json\/wp\/v2\/tags?post=322034"}],"curies":[{"name":"wp","href":"https:\/\/api.w.org\/{rel}","templated":true}]}}