{"id":322023,"date":"2024-12-03T19:02:23","date_gmt":"2024-12-03T15:02:23","guid":{"rendered":"https:\/\/www.meydan.tv\/?p=322023"},"modified":"2024-12-04T12:14:19","modified_gmt":"2024-12-04T08:14:19","slug":"huquq-mudafiecisi-rufet-seferov-saxlanilib","status":"publish","type":"post","link":"https:\/\/www.meydan.tv\/az\/article\/huquq-mudafiecisi-rufet-seferov-saxlanilib\/","title":{"rendered":"H\u00fcquq m\u00fcdafi\u0259\u00e7isi R\u00fcf\u0259t S\u0259f\u0259rova cinay\u0259t i\u015fi a\u00e7\u0131l\u0131b (Yenil\u0259nir)"},"content":{"rendered":"\n<figure class=\"wp-block-embed is-type-video is-provider-youtube wp-block-embed-youtube wp-embed-aspect-16-9 wp-has-aspect-ratio\"><div class=\"wp-block-embed__wrapper\">\n<iframe title=\"&#039;&#039;R\u00fcf\u0259t S\u0259f\u0259rov insanlar\u0131n haqlar\u0131n\u0131 m\u00fcdafi\u0259 etdiyi \u00fc\u00e7\u00fcn h\u0259bs edilib&#039;&#039;\" width=\"1200\" height=\"675\" data-src=\"https:\/\/www.youtube.com\/embed\/xuCTXiBBoaY?feature=oembed\" frameborder=\"0\" allow=\"accelerometer; autoplay; clipboard-write; encrypted-media; gyroscope; picture-in-picture; web-share\" referrerpolicy=\"strict-origin-when-cross-origin\" allowfullscreen src=\"data:image\/svg+xml;base64,PHN2ZyB3aWR0aD0iMSIgaGVpZ2h0PSIxIiB4bWxucz0iaHR0cDovL3d3dy53My5vcmcvMjAwMC9zdmciPjwvc3ZnPg==\" class=\"lazyload\" data-load-mode=\"1\"><\/iframe>\n<\/div><\/figure>\n\n\n\n<!--more-->\n\n\n\n<p><\/p>\n\n\n\n<p>H\u00fcquq m\u00fcdafi\u0259\u00e7isi R\u00fcf\u0259t S\u0259f\u0259rova qar\u015f\u0131 Cinay\u0259t M\u0259c\u0259ll\u0259sinin 178.3.2 (k\u00fclli miqdarda ziyan vurmaqla d\u0259l\u0259duzluq) v\u0259 221.1 (xuliqanl\u0131q) madd\u0259l\u0259ril\u0259 ittiham ir\u0259li s\u00fcr\u00fcl\u00fcb. Bu bar\u0259d\u0259 onun v\u0259kili El\u00e7in Sad\u0131qov m\u0259lumat verib.<\/p>\n\n\n\n<p>\u0130ddia olunur ki, h\u00fcquq m\u00fcdafi\u0259\u00e7isi torpaq satmaq ad\u0131yla Natiq \u0130mamverdiyev adl\u0131 \u015f\u0259xsd\u0259n pul al\u0131b, m\u00fcbahis\u0259 zaman\u0131 onu vurub.<\/p>\n\n\n\n<p>R\u00fcf\u0259t S\u0259f\u0259rov is\u0259 bu ittiham\u0131n saxta oldu\u011funu, bel\u0259 bir \u015f\u0259xsi \u00f6nc\u0259d\u0259n \u00fcmumiyy\u0259tl\u0259 tan\u0131mad\u0131\u011f\u0131n\u0131, dekabr\u0131n 3-d\u0259 ev\u0259 g\u0259l\u0259rk\u0259n ya\u015fad\u0131\u011f\u0131 binan\u0131n yan\u0131nda ona h\u00fccum etdiyini, ard\u0131nca da polisl\u0259rin onu tutub apard\u0131\u011f\u0131n\u0131 bildirir:<\/p>\n\n\n\n<p><em>\u201c\u0130ttiham tamamil\u0259 \u015f\u0259r v\u0259 b\u00f6htand\u0131r, h\u00fcquq m\u00fcdafi\u0259\u00e7isi kimi f\u0259aliyy\u0259timl\u0259 ba\u011fl\u0131d\u0131r\u201d.<\/em><\/p>\n\n\n\n<p>H\u00fcquq m\u00fcdafi\u0259\u00e7isinin ittiham olundu\u011fu madd\u0259l\u0259rin sanksiyas\u0131nda 10 il\u0259 q\u0259d\u0259r azadl\u0131qdan m\u0259hrumetm\u0259 c\u0259zas\u0131 n\u0259z\u0259rd\u0259 tutulub.&nbsp;<\/p>\n\n\n\n<hr class=\"wp-block-separator has-alpha-channel-opacity\"\/>\n\n\n\n<p>Haz\u0131rda Bin\u0259q\u0259di Rayon Polis \u0130dar\u0259sind\u0259 saxlan\u0131lan h\u00fcquq m\u00fcdafi\u0259\u00e7isi R\u00fcf\u0259t S\u0259f\u0259rov v\u0259kili El\u00e7in Sad\u0131qov vasit\u0259sil\u0259 yax\u0131nlar\u0131na v\u0259 ictimaiyy\u0259t\u0259 m\u00fcraci\u0259t edib.<\/p>\n\n\n\n<p>O bildirib ki, saxlan\u0131lma onun AB\u015e s\u0259f\u0259rini \u0259ng\u0259ll\u0259m\u0259k m\u0259qs\u0259dil\u0259 edilib:<\/p>\n\n\n\n<p><em>&#8220;H\u0259yat\u0131mdan naraz\u0131 deyil\u0259m. Dissident h\u0259yat\u0131n\u0131 \u00f6z\u00fcm se\u00e7mi\u015f\u0259m. \u0130nsanlar\u0131 v\u0259 insanl\u0131\u011f\u0131 m\u00fcdafi\u0259 etm\u0259k bir \u015f\u0259r\u0259fdir. \u0130ki g\u00fcn sonra AB\u015e-y\u0259 ged\u0259c\u0259kdim. Bel\u0259 ki, ilin g\u00fccl\u00fc h\u00fcquq m\u00fcdafi\u0259\u00e7isi kimi m\u00fckafata layiq g\u00f6r\u00fclm\u00fc\u015fd\u00fcm. B\u0259ri ba\u015fda m\u0259nim namiz\u0259dliyimi ver\u0259n AB\u015e-nin Az\u0259rbaycandak\u0131 s\u0259firi c\u0259nab Libbiy\u0259 v\u0259 namiz\u0259dliyimi d\u0259st\u0259kl\u0259y\u0259n AB\u015e D\u00f6vl\u0259t katibi c\u0259nab Blinken\u0259 \u00f6z d\u0259rin t\u0259\u015f\u0259kk\u00fcr\u00fcm\u00fc bildirir\u0259m&#8221;.<\/em><\/p>\n\n\n\n<p><em>&#8220;H\u0259bs edildikd\u0259n sonra bildim ki, vicdan m\u0259hbusu Famil X\u0259lilov azad edilib. Onu v\u0259 dig\u0259r siyasi, vicdan m\u0259hbuslar\u0131n\u0131 m\u00fcdafi\u0259 etdiyim \u00fc\u00e7\u00fcn xo\u015fb\u0259xt\u0259m. \u0130ctimaiyy\u0259td\u0259n xahi\u015fim budur ki, dig\u0259r vicdan v\u0259 siyasi m\u0259hbuslar\u0131n m\u00fcdafi\u0259sin\u0259 daha \u00e7ox vaxt ay\u0131rs\u0131nlar. Atam a\u011f\u0131r parkinson x\u0259st\u0259sidir v\u0259 \u0259m\u0259liyyatdan yeni \u00e7\u0131x\u0131b. H\u0259yat\u0131 t\u00fckd\u0259n as\u0131l\u0131d\u0131r, onu h\u0259r an itir\u0259 bil\u0259rik. Atamdan xahi\u015fim odur ki, azadl\u0131\u011fa \u00e7\u0131xana q\u0259d\u0259r m\u0259ni g\u00f6zl\u0259sin&#8221;<\/em>, &#8211; dey\u0259 o qeyd edib.<\/p>\n\n\n\n<hr class=\"wp-block-separator has-alpha-channel-opacity\"\/>\n\n\n\n<p>R\u00fcf\u0259t S\u0259f\u0259rov saxlan\u0131ld\u0131qdan sonra onun &#8220;Facebook&#8221; profilind\u0259n m\u0259lumat payla\u015f\u0131l\u0131b v\u0259 \u015f\u0259rl\u0259ndiyi bildirilib:<\/p>\n\n\n\n<p><em>&#8220;Bu g\u00fcn, ax\u015fam saatlar\u0131nda, he\u00e7 bir \u0259sas olmadan, tamamil\u0259 c\u0259f\u0259ng v\u0259 uydurma ittihamla m\u0259ni saxlay\u0131blar. B\u0259ri ba\u015fdan bildirir\u0259m ki, ittiham tamamil\u0259 \u015f\u0259r v\u0259 b\u00f6htand\u0131r, h\u00fcquq m\u00fcdafi\u0259\u00e7isi kimi f\u0259aliyy\u0259timl\u0259 ba\u011fl\u0131d\u0131r. Hadis\u0259 bar\u0259d\u0259 detallar\u0131 v\u0259kill\u0259rim a\u00e7\u0131qlayacaq&#8221;.<\/em><\/p>\n\n\n\n<p>Statusda qeyd olunur ki, m\u0259lumat S\u0259f\u0259rovun s\u00f6zl\u0259rin\u0259 \u0259sas\u0259n, profilin\u0259 n\u0259zar\u0259t ed\u0259n dostlar\u0131 t\u0259r\u0259find\u0259n yay\u0131l\u0131b.<\/p>\n\n\n\n<figure class=\"wp-block-image size-full\"><img decoding=\"async\" width=\"755\" height=\"708\" data-src=\"https:\/\/www.meydan.tv\/wp-content\/uploads\/img_4380.png\" alt=\"\" class=\"wp-image-322029 lazyload\" src=\"data:image\/svg+xml;base64,PHN2ZyB3aWR0aD0iMSIgaGVpZ2h0PSIxIiB4bWxucz0iaHR0cDovL3d3dy53My5vcmcvMjAwMC9zdmciPjwvc3ZnPg==\" style=\"--smush-placeholder-width: 755px; --smush-placeholder-aspect-ratio: 755\/708;\" \/><\/figure>\n\n\n\n<p><br><\/p>\n\n\n\n<hr class=\"wp-block-separator has-alpha-channel-opacity\"\/>\n\n\n\n<p><em><strong>D\u0130N saxlan\u0131lma s\u0259b\u0259bi kimi bir n\u0259f\u0259rl\u0259 onun aras\u0131nda m\u00fcnaqi\u015f\u0259 oldu\u011funu g\u00f6st\u0259rib<\/strong><\/em><\/p>\n\n\n\n<p>\u201cM\u00fcdafi\u0259 X\u0259tti\u201d insan haqlar\u0131 t\u0259\u015fkilat\u0131n\u0131n icra\u00e7\u0131 direktoru, h\u00fcquq m\u00fcdafi\u0259\u00e7isi R\u00fcf\u0259t S\u0259f\u0259rov saxlan\u0131l\u0131b. Bu bar\u0259d\u0259 Meydan TV-y\u0259 onun atas\u0131 Eldar Sabiro\u011flu m\u0259lumat verib. <\/p>\n\n\n\n<p>Atas\u0131n\u0131n bildirdiyin\u0259 g\u00f6r\u0259, R\u00fcf\u0259t S\u0259f\u0259rov dekabr\u0131n 3-d\u0259 ax\u015fam saat 17.30 rad\u0259l\u0259rind\u0259 ev\u0259 g\u0259l\u0259rk\u0259n ya\u015fad\u0131\u011f\u0131 binan\u0131n yax\u0131nl\u0131\u011f\u0131nda saxlan\u0131l\u0131b:<br><br><em>\u201cOnu tutub aparanda qon\u015fular g\u00f6r\u00fcb\u201d<\/em>.<\/p>\n\n\n\n<p>Ail\u0259 \u00fczvl\u0259ri deyir ki, R\u00fcf\u0259t S\u0259f\u0259rova h\u0259bs olunaca\u011f\u0131 bar\u0259d\u0259 d\u0259f\u0259l\u0259rl\u0259 x\u0259b\u0259rdarl\u0131q olunmu\u015fdu. T\u0259l\u0259b olunurdu ki, insan haqlar\u0131n\u0131n m\u00fcdafi\u0259sil\u0259 ba\u011fl\u0131 f\u0259aliyy\u0259tini dayand\u0131rs\u0131n.<\/p>\n\n\n\n<p>Daxili \u0130\u015fl\u0259r Nazirliyinin m\u0259tbuat xidm\u0259ti h\u00fcquq n\u00fcdafi\u0259\u00e7isinin saxland\u0131\u011f\u0131n\u0131 t\u0259sdiql\u0259yib. D\u0130N-in M\u0259tbuat Xidm\u0259tind\u0259n bildirilib ki, torpaq alq\u0131-satq\u0131s\u0131 il\u0259 \u0259laq\u0259dar R\u00fcf\u0259t S\u0259f\u0259rovla bir n\u0259f\u0259r aras\u0131nda m\u00fcnaqi\u015f\u0259 olub:<\/p>\n\n\n\n<p><em>\u201cBununla ba\u011fl\u0131 ara\u015fd\u0131rma apar\u0131l\u0131r\u201d<\/em>.<\/p>\n\n\n\n<p>H\u00fcquq m\u00fcdafi\u0259\u00e7isinin haz\u0131rda Bin\u0259q\u0259di rayonu, 5-ci polis b\u00f6lm\u0259sind\u0259 oldu\u011fu bildirilir.<\/p>\n\n\n\n<p>R\u00fcf\u0259t S\u0259f\u0259rov 2016-c\u0131 ild\u0259 \u00f6lk\u0259d\u0259ki qanunsuzluqlara, insan haqlar\u0131n\u0131n pozulmas\u0131na etiraz olaraq, Z\u0259rdab Rayon Prokurorlu\u011funun m\u00fcst\u0259ntiqi v\u0259zif\u0259sind\u0259n istefa verib. Bundan sonra Z\u0259rdab Rayon Prokurorlu\u011funda yoxlama, onun ya\u015fad\u0131\u011f\u0131 kiray\u0259 m\u0259nzild\u0259 is\u0259 axtar\u0131\u015f apar\u0131l\u0131b. <\/p>\n\n\n\n<p>M\u0259nzild\u0259n onun komp\u00fcteri, telefonu g\u00f6t\u00fcr\u00fcl\u00fcb. R\u00fcf\u0259t S\u0259f\u0259rov r\u00fc\u015fv\u0259t almaq ittiham\u0131 il\u0259 h\u0259bs olunub. O, 2016-c\u0131 ilin sentyabr\u0131nda L\u0259nk\u0259ran A\u011f\u0131r Cinay\u0259tl\u0259r M\u0259hk\u0259m\u0259sinin q\u0259rar\u0131 il\u0259 9 il m\u00fcdd\u0259tin\u0259 azadl\u0131qdan m\u0259hrum edilib. R\u00fcf\u0259t S\u0259f\u0259rov 2019-cu ild\u0259 \u0259fv f\u0259rman\u0131 il\u0259 azad olunub.<\/p>\n","protected":false},"excerpt":{"rendered":"","protected":false},"author":12,"featured_media":289571,"comment_status":"closed","ping_status":"closed","sticky":false,"template":"","format":"standard","meta":{"_acf_changed":false,"_sitemap_exclude":false,"_sitemap_priority":"","_sitemap_frequency":"","footnotes":""},"categories":[59,79,63,56],"tags":[],"class_list":["post-322023","post","type-post","status-publish","format-standard","has-post-thumbnail","hentry","category-siyaset","category-featured","category-video-2","category-xeberler","infinite-scroll-item","generate-columns","tablet-grid-50","mobile-grid-100","grid-parent","grid-33","no-featured-image-padding"],"acf":[],"yoast_head":"<!-- This site is optimized with the Yoast SEO plugin v27.4 - https:\/\/yoast.com\/product\/yoast-seo-wordpress\/ -->\n<title>H\u00fcquq m\u00fcdafi\u0259\u00e7isi R\u00fcf\u0259t S\u0259f\u0259rova cinay\u0259t i\u015fi a\u00e7\u0131l\u0131b (Yenil\u0259nir) - MEYDAN.TV<\/title>\n<meta name=\"robots\" content=\"index, follow, max-snippet:-1, max-image-preview:large, max-video-preview:-1\" \/>\n<link rel=\"canonical\" href=\"https:\/\/www.meydan.tv\/az\/article\/huquq-mudafiecisi-rufet-seferov-saxlanilib\/\" \/>\n<meta property=\"og:locale\" content=\"az_AZ\" \/>\n<meta property=\"og:type\" content=\"article\" \/>\n<meta property=\"og:title\" content=\"H\u00fcquq m\u00fcdafi\u0259\u00e7isi R\u00fcf\u0259t S\u0259f\u0259rova cinay\u0259t i\u015fi a\u00e7\u0131l\u0131b (Yenil\u0259nir) - MEYDAN.TV\" \/>\n<meta property=\"og:url\" content=\"https:\/\/www.meydan.tv\/az\/article\/huquq-mudafiecisi-rufet-seferov-saxlanilib\/\" \/>\n<meta property=\"og:site_name\" content=\"MEYDAN.TV\" \/>\n<meta property=\"article:published_time\" content=\"2024-12-03T15:02:23+00:00\" \/>\n<meta property=\"article:modified_time\" content=\"2024-12-04T08:14:19+00:00\" \/>\n<meta property=\"og:image\" content=\"https:\/\/www.meydan.tv\/wp-content\/uploads\/330290214_139926548704199_7269089420772270100_n.jpg\" \/>\n\t<meta property=\"og:image:width\" content=\"1200\" \/>\n\t<meta property=\"og:image:height\" content=\"800\" \/>\n\t<meta property=\"og:image:type\" content=\"image\/jpeg\" \/>\n<meta name=\"author\" content=\"aleks\" \/>\n<meta name=\"twitter:card\" content=\"summary_large_image\" \/>\n<script type=\"application\/ld+json\" class=\"yoast-schema-graph\">{\"@context\":\"https:\\\/\\\/schema.org\",\"@graph\":[{\"@type\":\"Article\",\"@id\":\"https:\\\/\\\/www.meydan.tv\\\/az\\\/article\\\/huquq-mudafiecisi-rufet-seferov-saxlanilib\\\/#article\",\"isPartOf\":{\"@id\":\"https:\\\/\\\/www.meydan.tv\\\/az\\\/article\\\/huquq-mudafiecisi-rufet-seferov-saxlanilib\\\/\"},\"author\":{\"name\":\"aleks\",\"@id\":\"https:\\\/\\\/www.meydan.tv\\\/az\\\/#\\\/schema\\\/person\\\/476e9360e593fa131d5d71d51866f8da\"},\"headline\":\"H\u00fcquq m\u00fcdafi\u0259\u00e7isi R\u00fcf\u0259t S\u0259f\u0259rova cinay\u0259t i\u015fi a\u00e7\u0131l\u0131b (Yenil\u0259nir)\",\"datePublished\":\"2024-12-03T15:02:23+00:00\",\"dateModified\":\"2024-12-04T08:14:19+00:00\",\"mainEntityOfPage\":{\"@id\":\"https:\\\/\\\/www.meydan.tv\\\/az\\\/article\\\/huquq-mudafiecisi-rufet-seferov-saxlanilib\\\/\"},\"wordCount\":922,\"publisher\":{\"@id\":\"https:\\\/\\\/www.meydan.tv\\\/az\\\/#organization\"},\"image\":{\"@id\":\"https:\\\/\\\/www.meydan.tv\\\/az\\\/article\\\/huquq-mudafiecisi-rufet-seferov-saxlanilib\\\/#primaryimage\"},\"thumbnailUrl\":\"https:\\\/\\\/www.meydan.tv\\\/wp-content\\\/uploads\\\/330290214_139926548704199_7269089420772270100_n-e1733389726431.jpg\",\"articleSection\":[\"Siyas\u0259t\",\"T\u00f6vsiy\u0259\",\"Video\",\"X\u0259b\u0259rl\u0259r\"],\"inLanguage\":\"az\"},{\"@type\":\"WebPage\",\"@id\":\"https:\\\/\\\/www.meydan.tv\\\/az\\\/article\\\/huquq-mudafiecisi-rufet-seferov-saxlanilib\\\/\",\"url\":\"https:\\\/\\\/www.meydan.tv\\\/az\\\/article\\\/huquq-mudafiecisi-rufet-seferov-saxlanilib\\\/\",\"name\":\"H\u00fcquq m\u00fcdafi\u0259\u00e7isi R\u00fcf\u0259t S\u0259f\u0259rova cinay\u0259t i\u015fi a\u00e7\u0131l\u0131b (Yenil\u0259nir) - MEYDAN.TV\",\"isPartOf\":{\"@id\":\"https:\\\/\\\/www.meydan.tv\\\/az\\\/#website\"},\"primaryImageOfPage\":{\"@id\":\"https:\\\/\\\/www.meydan.tv\\\/az\\\/article\\\/huquq-mudafiecisi-rufet-seferov-saxlanilib\\\/#primaryimage\"},\"image\":{\"@id\":\"https:\\\/\\\/www.meydan.tv\\\/az\\\/article\\\/huquq-mudafiecisi-rufet-seferov-saxlanilib\\\/#primaryimage\"},\"thumbnailUrl\":\"https:\\\/\\\/www.meydan.tv\\\/wp-content\\\/uploads\\\/330290214_139926548704199_7269089420772270100_n-e1733389726431.jpg\",\"datePublished\":\"2024-12-03T15:02:23+00:00\",\"dateModified\":\"2024-12-04T08:14:19+00:00\",\"breadcrumb\":{\"@id\":\"https:\\\/\\\/www.meydan.tv\\\/az\\\/article\\\/huquq-mudafiecisi-rufet-seferov-saxlanilib\\\/#breadcrumb\"},\"inLanguage\":\"az\",\"potentialAction\":[{\"@type\":\"ReadAction\",\"target\":[\"https:\\\/\\\/www.meydan.tv\\\/az\\\/article\\\/huquq-mudafiecisi-rufet-seferov-saxlanilib\\\/\"]}]},{\"@type\":\"ImageObject\",\"inLanguage\":\"az\",\"@id\":\"https:\\\/\\\/www.meydan.tv\\\/az\\\/article\\\/huquq-mudafiecisi-rufet-seferov-saxlanilib\\\/#primaryimage\",\"url\":\"https:\\\/\\\/www.meydan.tv\\\/wp-content\\\/uploads\\\/330290214_139926548704199_7269089420772270100_n-e1733389726431.jpg\",\"contentUrl\":\"https:\\\/\\\/www.meydan.tv\\\/wp-content\\\/uploads\\\/330290214_139926548704199_7269089420772270100_n-e1733389726431.jpg\",\"width\":1200,\"height\":656,\"caption\":\"Foto: R\u00fcf\u0259t S\u0259f\u0259rovun \u015f\u0259xsi arxivind\u0259n\"},{\"@type\":\"BreadcrumbList\",\"@id\":\"https:\\\/\\\/www.meydan.tv\\\/az\\\/article\\\/huquq-mudafiecisi-rufet-seferov-saxlanilib\\\/#breadcrumb\",\"itemListElement\":[{\"@type\":\"ListItem\",\"position\":1,\"name\":\"Ana s\u0259hif\u0259\",\"item\":\"https:\\\/\\\/www.meydan.tv\\\/az\\\/\"},{\"@type\":\"ListItem\",\"position\":2,\"name\":\"X\u0259b\u0259rl\u0259r\",\"item\":\"https:\\\/\\\/www.meydan.tv\\\/az\\\/section\\\/xeberler\\\/\"},{\"@type\":\"ListItem\",\"position\":3,\"name\":\"H\u00fcquq m\u00fcdafi\u0259\u00e7isi R\u00fcf\u0259t S\u0259f\u0259rova cinay\u0259t i\u015fi a\u00e7\u0131l\u0131b (Yenil\u0259nir)\"}]},{\"@type\":\"WebSite\",\"@id\":\"https:\\\/\\\/www.meydan.tv\\\/az\\\/#website\",\"url\":\"https:\\\/\\\/www.meydan.tv\\\/az\\\/\",\"name\":\"MEYDAN.TV\",\"description\":\"Meydan TV Az\u0259rbaycan\u0131n media m\u0259kan\u0131ndak\u0131 alternativ s\u0259sidir\",\"publisher\":{\"@id\":\"https:\\\/\\\/www.meydan.tv\\\/az\\\/#organization\"},\"potentialAction\":[{\"@type\":\"SearchAction\",\"target\":{\"@type\":\"EntryPoint\",\"urlTemplate\":\"https:\\\/\\\/www.meydan.tv\\\/az\\\/?s={search_term_string}\"},\"query-input\":{\"@type\":\"PropertyValueSpecification\",\"valueRequired\":true,\"valueName\":\"search_term_string\"}}],\"inLanguage\":\"az\"},{\"@type\":\"Organization\",\"@id\":\"https:\\\/\\\/www.meydan.tv\\\/az\\\/#organization\",\"name\":\"Meydan TV\",\"url\":\"https:\\\/\\\/www.meydan.tv\\\/az\\\/\",\"logo\":{\"@type\":\"ImageObject\",\"inLanguage\":\"az\",\"@id\":\"https:\\\/\\\/www.meydan.tv\\\/az\\\/#\\\/schema\\\/logo\\\/image\\\/\",\"url\":\"https:\\\/\\\/www.meydan.tv\\\/wp-content\\\/uploads\\\/2021\\\/07\\\/meydan-logo.svg\",\"contentUrl\":\"https:\\\/\\\/www.meydan.tv\\\/wp-content\\\/uploads\\\/2021\\\/07\\\/meydan-logo.svg\",\"width\":195,\"height\":46,\"caption\":\"Meydan TV\"},\"image\":{\"@id\":\"https:\\\/\\\/www.meydan.tv\\\/az\\\/#\\\/schema\\\/logo\\\/image\\\/\"}},{\"@type\":\"Person\",\"@id\":\"https:\\\/\\\/www.meydan.tv\\\/az\\\/#\\\/schema\\\/person\\\/476e9360e593fa131d5d71d51866f8da\",\"name\":\"aleks\"}]}<\/script>\n<!-- \/ Yoast SEO plugin. -->","yoast_head_json":{"title":"H\u00fcquq m\u00fcdafi\u0259\u00e7isi R\u00fcf\u0259t S\u0259f\u0259rova cinay\u0259t i\u015fi a\u00e7\u0131l\u0131b (Yenil\u0259nir) - MEYDAN.TV","robots":{"index":"index","follow":"follow","max-snippet":"max-snippet:-1","max-image-preview":"max-image-preview:large","max-video-preview":"max-video-preview:-1"},"canonical":"https:\/\/www.meydan.tv\/az\/article\/huquq-mudafiecisi-rufet-seferov-saxlanilib\/","og_locale":"az_AZ","og_type":"article","og_title":"H\u00fcquq m\u00fcdafi\u0259\u00e7isi R\u00fcf\u0259t S\u0259f\u0259rova cinay\u0259t i\u015fi a\u00e7\u0131l\u0131b (Yenil\u0259nir) - MEYDAN.TV","og_url":"https:\/\/www.meydan.tv\/az\/article\/huquq-mudafiecisi-rufet-seferov-saxlanilib\/","og_site_name":"MEYDAN.TV","article_published_time":"2024-12-03T15:02:23+00:00","article_modified_time":"2024-12-04T08:14:19+00:00","og_image":[{"width":1200,"height":800,"url":"https:\/\/www.meydan.tv\/wp-content\/uploads\/330290214_139926548704199_7269089420772270100_n.jpg","type":"image\/jpeg"}],"author":"aleks","twitter_card":"summary_large_image","schema":{"@context":"https:\/\/schema.org","@graph":[{"@type":"Article","@id":"https:\/\/www.meydan.tv\/az\/article\/huquq-mudafiecisi-rufet-seferov-saxlanilib\/#article","isPartOf":{"@id":"https:\/\/www.meydan.tv\/az\/article\/huquq-mudafiecisi-rufet-seferov-saxlanilib\/"},"author":{"name":"aleks","@id":"https:\/\/www.meydan.tv\/az\/#\/schema\/person\/476e9360e593fa131d5d71d51866f8da"},"headline":"H\u00fcquq m\u00fcdafi\u0259\u00e7isi R\u00fcf\u0259t S\u0259f\u0259rova cinay\u0259t i\u015fi a\u00e7\u0131l\u0131b (Yenil\u0259nir)","datePublished":"2024-12-03T15:02:23+00:00","dateModified":"2024-12-04T08:14:19+00:00","mainEntityOfPage":{"@id":"https:\/\/www.meydan.tv\/az\/article\/huquq-mudafiecisi-rufet-seferov-saxlanilib\/"},"wordCount":922,"publisher":{"@id":"https:\/\/www.meydan.tv\/az\/#organization"},"image":{"@id":"https:\/\/www.meydan.tv\/az\/article\/huquq-mudafiecisi-rufet-seferov-saxlanilib\/#primaryimage"},"thumbnailUrl":"https:\/\/www.meydan.tv\/wp-content\/uploads\/330290214_139926548704199_7269089420772270100_n-e1733389726431.jpg","articleSection":["Siyas\u0259t","T\u00f6vsiy\u0259","Video","X\u0259b\u0259rl\u0259r"],"inLanguage":"az"},{"@type":"WebPage","@id":"https:\/\/www.meydan.tv\/az\/article\/huquq-mudafiecisi-rufet-seferov-saxlanilib\/","url":"https:\/\/www.meydan.tv\/az\/article\/huquq-mudafiecisi-rufet-seferov-saxlanilib\/","name":"H\u00fcquq m\u00fcdafi\u0259\u00e7isi R\u00fcf\u0259t S\u0259f\u0259rova cinay\u0259t i\u015fi a\u00e7\u0131l\u0131b (Yenil\u0259nir) - MEYDAN.TV","isPartOf":{"@id":"https:\/\/www.meydan.tv\/az\/#website"},"primaryImageOfPage":{"@id":"https:\/\/www.meydan.tv\/az\/article\/huquq-mudafiecisi-rufet-seferov-saxlanilib\/#primaryimage"},"image":{"@id":"https:\/\/www.meydan.tv\/az\/article\/huquq-mudafiecisi-rufet-seferov-saxlanilib\/#primaryimage"},"thumbnailUrl":"https:\/\/www.meydan.tv\/wp-content\/uploads\/330290214_139926548704199_7269089420772270100_n-e1733389726431.jpg","datePublished":"2024-12-03T15:02:23+00:00","dateModified":"2024-12-04T08:14:19+00:00","breadcrumb":{"@id":"https:\/\/www.meydan.tv\/az\/article\/huquq-mudafiecisi-rufet-seferov-saxlanilib\/#breadcrumb"},"inLanguage":"az","potentialAction":[{"@type":"ReadAction","target":["https:\/\/www.meydan.tv\/az\/article\/huquq-mudafiecisi-rufet-seferov-saxlanilib\/"]}]},{"@type":"ImageObject","inLanguage":"az","@id":"https:\/\/www.meydan.tv\/az\/article\/huquq-mudafiecisi-rufet-seferov-saxlanilib\/#primaryimage","url":"https:\/\/www.meydan.tv\/wp-content\/uploads\/330290214_139926548704199_7269089420772270100_n-e1733389726431.jpg","contentUrl":"https:\/\/www.meydan.tv\/wp-content\/uploads\/330290214_139926548704199_7269089420772270100_n-e1733389726431.jpg","width":1200,"height":656,"caption":"Foto: R\u00fcf\u0259t S\u0259f\u0259rovun \u015f\u0259xsi arxivind\u0259n"},{"@type":"BreadcrumbList","@id":"https:\/\/www.meydan.tv\/az\/article\/huquq-mudafiecisi-rufet-seferov-saxlanilib\/#breadcrumb","itemListElement":[{"@type":"ListItem","position":1,"name":"Ana s\u0259hif\u0259","item":"https:\/\/www.meydan.tv\/az\/"},{"@type":"ListItem","position":2,"name":"X\u0259b\u0259rl\u0259r","item":"https:\/\/www.meydan.tv\/az\/section\/xeberler\/"},{"@type":"ListItem","position":3,"name":"H\u00fcquq m\u00fcdafi\u0259\u00e7isi R\u00fcf\u0259t S\u0259f\u0259rova cinay\u0259t i\u015fi a\u00e7\u0131l\u0131b (Yenil\u0259nir)"}]},{"@type":"WebSite","@id":"https:\/\/www.meydan.tv\/az\/#website","url":"https:\/\/www.meydan.tv\/az\/","name":"MEYDAN.TV","description":"Meydan TV Az\u0259rbaycan\u0131n media m\u0259kan\u0131ndak\u0131 alternativ s\u0259sidir","publisher":{"@id":"https:\/\/www.meydan.tv\/az\/#organization"},"potentialAction":[{"@type":"SearchAction","target":{"@type":"EntryPoint","urlTemplate":"https:\/\/www.meydan.tv\/az\/?s={search_term_string}"},"query-input":{"@type":"PropertyValueSpecification","valueRequired":true,"valueName":"search_term_string"}}],"inLanguage":"az"},{"@type":"Organization","@id":"https:\/\/www.meydan.tv\/az\/#organization","name":"Meydan TV","url":"https:\/\/www.meydan.tv\/az\/","logo":{"@type":"ImageObject","inLanguage":"az","@id":"https:\/\/www.meydan.tv\/az\/#\/schema\/logo\/image\/","url":"https:\/\/www.meydan.tv\/wp-content\/uploads\/2021\/07\/meydan-logo.svg","contentUrl":"https:\/\/www.meydan.tv\/wp-content\/uploads\/2021\/07\/meydan-logo.svg","width":195,"height":46,"caption":"Meydan TV"},"image":{"@id":"https:\/\/www.meydan.tv\/az\/#\/schema\/logo\/image\/"}},{"@type":"Person","@id":"https:\/\/www.meydan.tv\/az\/#\/schema\/person\/476e9360e593fa131d5d71d51866f8da","name":"aleks"}]}},"_links":{"self":[{"href":"https:\/\/www.meydan.tv\/az\/wp-json\/wp\/v2\/posts\/322023","targetHints":{"allow":["GET"]}}],"collection":[{"href":"https:\/\/www.meydan.tv\/az\/wp-json\/wp\/v2\/posts"}],"about":[{"href":"https:\/\/www.meydan.tv\/az\/wp-json\/wp\/v2\/types\/post"}],"author":[{"embeddable":true,"href":"https:\/\/www.meydan.tv\/az\/wp-json\/wp\/v2\/users\/12"}],"replies":[{"embeddable":true,"href":"https:\/\/www.meydan.tv\/az\/wp-json\/wp\/v2\/comments?post=322023"}],"version-history":[{"count":10,"href":"https:\/\/www.meydan.tv\/az\/wp-json\/wp\/v2\/posts\/322023\/revisions"}],"predecessor-version":[{"id":322075,"href":"https:\/\/www.meydan.tv\/az\/wp-json\/wp\/v2\/posts\/322023\/revisions\/322075"}],"wp:featuredmedia":[{"embeddable":true,"href":"https:\/\/www.meydan.tv\/az\/wp-json\/wp\/v2\/media\/289571"}],"wp:attachment":[{"href":"https:\/\/www.meydan.tv\/az\/wp-json\/wp\/v2\/media?parent=322023"}],"wp:term":[{"taxonomy":"category","embeddable":true,"href":"https:\/\/www.meydan.tv\/az\/wp-json\/wp\/v2\/categories?post=322023"},{"taxonomy":"post_tag","embeddable":true,"href":"https:\/\/www.meydan.tv\/az\/wp-json\/wp\/v2\/tags?post=322023"}],"curies":[{"name":"wp","href":"https:\/\/api.w.org\/{rel}","templated":true}]}}