{"id":322001,"date":"2024-12-03T13:57:09","date_gmt":"2024-12-03T09:57:09","guid":{"rendered":"https:\/\/www.meydan.tv\/?p=322001"},"modified":"2024-12-04T11:55:42","modified_gmt":"2024-12-04T07:55:42","slug":"hebsdeki-dini-inancli-fealin-4-gundur-acliq-etdiyi-bildirilir","status":"publish","type":"post","link":"https:\/\/www.meydan.tv\/az\/article\/hebsdeki-dini-inancli-fealin-4-gundur-acliq-etdiyi-bildirilir\/","title":{"rendered":"H\u0259bsd\u0259ki dini inancl\u0131 f\u0259al\u0131n 4 g\u00fcnd\u00fcr acl\u0131q etdiyi bildirilir"},"content":{"rendered":"\n<p><em>\u201cEl\u0259 ba\u015fmaqla \u00e7\u0131xar\u0131blar oradan\u2026\u201d<\/em><\/p>\n\n\n\n<p><\/p>\n\n\n\n<p>17 sayl\u0131 c\u0259za\u00e7\u0259km\u0259 m\u00fc\u0259ssis\u0259sind\u0259 saxlan\u0131lan dini inancl\u0131 m\u0259hbuslardan biri Natiq H\u0259\u015fimovun 4 g\u00fcnd\u00fcr orada acl\u0131q aksiyas\u0131 ke\u00e7irdiyi bildirilir. Bu bar\u0259d\u0259 Meydan TV-y\u0259 m\u0259lumat ver\u0259n yax\u0131nlar\u0131n\u0131n s\u00f6zl\u0259rin\u0259 g\u00f6r\u0259, sa\u011flaml\u0131\u011f\u0131nda ciddi probleml\u0259r olan Natiq H\u0259\u015fimov m\u00fcalic\u0259sin\u0259 imkan verilm\u0259m\u0259sin\u0259 etiraz olaraq, acl\u0131q edir.<\/p>\n\n\n\n<p>Acl\u0131\u011fa ba\u015flamas\u0131 haqda ail\u0259 \u00fczvl\u0259rin\u0259 d\u0259 telefon z\u0259ngi vasit\u0259sil\u0259 Natiq H\u0259\u015fimov \u00f6z\u00fc x\u0259b\u0259r verib.<\/p>\n\n\n<div class=\"wp-block-image\">\n<figure class=\"alignleft size-full is-resized\"><img decoding=\"async\" width=\"460\" height=\"500\" data-src=\"https:\/\/www.meydan.tv\/wp-content\/uploads\/bfr7cldqkokm9tkl5v5irlvxknlzb0iycj3axn95-750-500-resize.webp\" alt=\"\" class=\"wp-image-322002 lazyload\" style=\"--smush-placeholder-width: 460px; --smush-placeholder-aspect-ratio: 460\/500;width:397px;height:auto\" src=\"data:image\/svg+xml;base64,PHN2ZyB3aWR0aD0iMSIgaGVpZ2h0PSIxIiB4bWxucz0iaHR0cDovL3d3dy53My5vcmcvMjAwMC9zdmciPjwvc3ZnPg==\" \/><figcaption class=\"wp-element-caption\">Foto: Natiq H\u0259\u015fimovun \u015f\u0259xsi arxivind\u0259n<\/figcaption><\/figure>\n<\/div>\n\n\n<p><\/p>\n\n\n\n<p>Yax\u0131nlar\u0131 bildirir ki, 40 ya\u015fl\u0131 Natiq H\u0259\u015fimov a\u011f\u0131r \u015f\u0259k\u0259r x\u0259st\u0259sidir. B\u0259z\u0259n qanda \u015f\u0259k\u0259r 600-\u0259 qalx\u0131r, komaya d\u00fc\u015fm\u0259k t\u0259hl\u00fck\u0259si yaran\u0131r. Penitensiar Xidm\u0259tin \u018fm\u0259liyyat-Rejim \u0130dar\u0259sinin r\u0259isi Fikr\u0259t Qafarov bir m\u00fcdd\u0259t \u0259vv\u0259l c\u0259za\u00e7\u0259km\u0259 m\u00fc\u0259ssis\u0259sin\u0259 g\u0259l\u0259nd\u0259 onun v\u0259ziyy\u0259tini g\u00f6r\u00fcb v\u0259 M\u00fcalic\u0259 M\u00fc\u0259ssis\u0259sin\u0259 k\u00f6\u00e7\u00fcr\u00fclm\u0259si bar\u0259d\u0259 g\u00f6st\u0259ri\u015f verib:<br><\/p>\n\n\n\n<p><em>\u201cBir m\u00fcdd\u0259tdir M\u00fcalic\u0259 M\u00fc\u0259ssis\u0259sind\u0259 idi. Orada m\u00fcalic\u0259 olunurdu. Noyabr\u0131n 30-da s\u0259h\u0259r onu q\u0259fild\u0259n 17 sayl\u0131 c\u0259za\u00e7\u0259km\u0259 m\u00fc\u0259ssis\u0259sin\u0259 geri qaytar\u0131blar. \u018fvv\u0259ld\u0259n k\u00f6\u00e7\u00fcr\u00fclm\u0259 bar\u0259d\u0259 x\u0259b\u0259rdarl\u0131q etm\u0259yibl\u0259r. El\u0259 ba\u015fmaqla \u00e7\u0131xar\u0131blar oradan. B\u00fct\u00fcn d\u0259rmanlar\u0131 da orada qal\u0131b. M\u00fcalic\u0259si ba\u015fa \u00e7atmam\u0131\u015f, he\u00e7 bir s\u0259b\u0259b g\u00f6st\u0259rilm\u0259d\u0259n k\u00f6\u00e7\u00fcrd\u00fckl\u0259rin\u0259 g\u00f6r\u0259 noyabr\u0131n 30-dan \u2013 g\u0259tirdikl\u0259ri g\u00fcnd\u0259n acl\u0131\u011fa ba\u015flay\u0131b. \u0130nsulind\u0259n d\u0259 imtina edib. Yaln\u0131z su i\u00e7ir, onu da qaytar\u0131r. V\u0259ziyy\u0259ti \u00e7ox pisdir. Qollar\u0131na girib aya\u011fa qald\u0131r\u0131rlar\u201d.<\/em><\/p>\n\n\n\n<p>Natiq H\u0259\u015fimovun 30 ildir \u015f\u0259k\u0259rli diabetd\u0259n \u0259ziyy\u0259t \u00e7\u0259kdiyini v\u0259 II qrup \u0259lil oldu\u011funu dey\u0259n yax\u0131nlar\u0131 \u0259lav\u0259 edib ki, o, M\u00fcalic\u0259 M\u00fc\u0259ssis\u0259sinin Qulu v\u0259 V\u00fcsal\u0259 adl\u0131 h\u0259kiml\u0259rind\u0259n \u015fikay\u0259t\u00e7idir. Hesab edir ki, adlar\u0131 \u00e7\u0259kil\u0259n h\u0259kiml\u0259r ona qar\u015f\u0131 haqs\u0131zl\u0131q ed\u0259r\u0259k, geri qaytar\u0131lmas\u0131na g\u00f6st\u0259ri\u015f verib: <\/p>\n\n\n\n<p><em>\u201cDedi ki, ba\u015f\u0131na n\u0259s\u0259 pis hadis\u0259 g\u0259ls\u0259, bu adamlar m\u0259suliyy\u0259t da\u015f\u0131y\u0131r\u201d.<\/em><\/p>\n\n\n\n<p>1984-c\u00fc il t\u0259v\u0259ll\u00fcdl\u00fc Natiq H\u0259\u015fimov 2023-c\u00fc ilin may\u0131ndan h\u0259bsd\u0259dir. Onu Sumqay\u0131t \u015e\u0259h\u0259r Polis \u0130dar\u0259sinin \u0259m\u0259kda\u015flar\u0131 saxlay\u0131b. Yax\u0131nlar\u0131 deyir ki, dini inancl\u0131 f\u0259al idar\u0259d\u0259 i\u015fg\u0259nc\u0259l\u0259r\u0259 m\u0259ruz qal\u0131b, ondan \u00f6z\u00fcn\u0259 aid olmayan narkotik madd\u0259ni \u00fcz\u0259rin\u0259 g\u00f6t\u00fcrm\u0259k t\u0259l\u0259b olunub. <\/p>\n\n\n\n<p>Lakin o, raz\u0131la\u015fmay\u0131b, i\u015fg\u0259nc\u0259l\u0259r\u0259 d\u00f6z\u00fcb:<\/p>\n\n\n\n<p><em>\u201cAx\u0131rda onu ail\u0259sil\u0259 h\u0259d\u0259l\u0259yibl\u0259r, buna d\u00f6zm\u0259yib. Narkotiki boynuna qoyub, Cinay\u0259t M\u0259c\u0259ll\u0259sinin 234.4.3 (sat\u0131\u015f m\u0259qs\u0259dil\u0259 k\u00fclli miqdarda narkotik \u0259ld\u0259 etm\u0259, saxlama) madd\u0259sil\u0259 ittiham vermi\u015fdil\u0259r. Guya \u00fcst\u00fcnd\u0259 7 qram narkotik olub\u201d<\/em>.<\/p>\n\n\n\n<p>Sumqay\u0131t A\u011f\u0131r Cinay\u0259tl\u0259r M\u0259hk\u0259m\u0259sind\u0259 ittiham Cinay\u0259t M\u0259c\u0259ll\u0259sinin 234.1-1 (sat\u0131\u015f m\u0259qs\u0259di olmadan k\u00fclli miqdarda narkotik \u0259ld\u0259 etm\u0259, saxlama) madd\u0259sin\u0259 t\u00f6vsif edilib. Dini inancl\u0131 f\u0259al 3 il azadl\u0131qdan m\u0259hrum edilib.<\/p>\n\n\n\n<p>Natiq H\u0259\u015fimovun acl\u0131q aksiyas\u0131 ke\u00e7irm\u0259si bar\u0259d\u0259 deyil\u0259nl\u0259r\u0259 Penitensiar Xidm\u0259td\u0259n \u015f\u0259rh almaq m\u00fcmk\u00fcn olmay\u0131b.<\/p>\n","protected":false},"excerpt":{"rendered":"<p>\u201cEl\u0259 ba\u015fmaqla \u00e7\u0131xar\u0131blar oradan\u2026\u201d 17 sayl\u0131 c\u0259za\u00e7\u0259km\u0259 m\u00fc\u0259ssis\u0259sind\u0259 saxlan\u0131lan dini &#8230; <\/p>\n<p class=\"read-more-container\"><a title=\"H\u0259bsd\u0259ki dini inancl\u0131 f\u0259al\u0131n 4 g\u00fcnd\u00fcr acl\u0131q etdiyi bildirilir\" class=\"read-more button\" href=\"https:\/\/www.meydan.tv\/az\/article\/hebsdeki-dini-inancli-fealin-4-gundur-acliq-etdiyi-bildirilir\/#more-322001\" aria-label=\"Read more about H\u0259bsd\u0259ki dini inancl\u0131 f\u0259al\u0131n 4 g\u00fcnd\u00fcr acl\u0131q etdiyi bildirilir\">Davam\u0131<\/a><\/p>\n","protected":false},"author":12,"featured_media":210747,"comment_status":"closed","ping_status":"closed","sticky":false,"template":"","format":"standard","meta":{"_acf_changed":false,"_sitemap_exclude":false,"_sitemap_priority":"","_sitemap_frequency":"","footnotes":""},"categories":[59,56],"tags":[],"class_list":["post-322001","post","type-post","status-publish","format-standard","has-post-thumbnail","hentry","category-siyaset","category-xeberler","infinite-scroll-item","generate-columns","tablet-grid-50","mobile-grid-100","grid-parent","grid-33","no-featured-image-padding"],"acf":[],"yoast_head":"<!-- This site is optimized with the Yoast SEO plugin v27.4 - https:\/\/yoast.com\/product\/yoast-seo-wordpress\/ -->\n<title>H\u0259bsd\u0259ki dini inancl\u0131 f\u0259al\u0131n 4 g\u00fcnd\u00fcr acl\u0131q etdiyi bildirilir - MEYDAN.TV<\/title>\n<meta name=\"robots\" content=\"index, follow, max-snippet:-1, max-image-preview:large, max-video-preview:-1\" \/>\n<link rel=\"canonical\" href=\"https:\/\/www.meydan.tv\/az\/article\/hebsdeki-dini-inancli-fealin-4-gundur-acliq-etdiyi-bildirilir\/\" \/>\n<meta property=\"og:locale\" content=\"az_AZ\" \/>\n<meta property=\"og:type\" content=\"article\" \/>\n<meta property=\"og:title\" content=\"H\u0259bsd\u0259ki dini inancl\u0131 f\u0259al\u0131n 4 g\u00fcnd\u00fcr acl\u0131q etdiyi bildirilir - MEYDAN.TV\" \/>\n<meta property=\"og:description\" content=\"\u201cEl\u0259 ba\u015fmaqla \u00e7\u0131xar\u0131blar oradan\u2026\u201d 17 sayl\u0131 c\u0259za\u00e7\u0259km\u0259 m\u00fc\u0259ssis\u0259sind\u0259 saxlan\u0131lan dini ... Davam\u0131\" \/>\n<meta property=\"og:url\" content=\"https:\/\/www.meydan.tv\/az\/article\/hebsdeki-dini-inancli-fealin-4-gundur-acliq-etdiyi-bildirilir\/\" \/>\n<meta property=\"og:site_name\" content=\"MEYDAN.TV\" \/>\n<meta property=\"article:published_time\" content=\"2024-12-03T09:57:09+00:00\" \/>\n<meta property=\"article:modified_time\" content=\"2024-12-04T07:55:42+00:00\" \/>\n<meta property=\"og:image\" content=\"https:\/\/www.meydan.tv\/wp-content\/uploads\/49937dc3-818e-4d99-83f0-9ba18c1e1c48-scaled-e1664534385948.jpeg\" \/>\n\t<meta property=\"og:image:width\" content=\"2560\" \/>\n\t<meta property=\"og:image:height\" content=\"1561\" \/>\n\t<meta property=\"og:image:type\" content=\"image\/jpeg\" \/>\n<meta name=\"author\" content=\"aleks\" \/>\n<meta name=\"twitter:card\" content=\"summary_large_image\" \/>\n<script type=\"application\/ld+json\" class=\"yoast-schema-graph\">{\"@context\":\"https:\\\/\\\/schema.org\",\"@graph\":[{\"@type\":\"Article\",\"@id\":\"https:\\\/\\\/www.meydan.tv\\\/az\\\/article\\\/hebsdeki-dini-inancli-fealin-4-gundur-acliq-etdiyi-bildirilir\\\/#article\",\"isPartOf\":{\"@id\":\"https:\\\/\\\/www.meydan.tv\\\/az\\\/article\\\/hebsdeki-dini-inancli-fealin-4-gundur-acliq-etdiyi-bildirilir\\\/\"},\"author\":{\"name\":\"aleks\",\"@id\":\"https:\\\/\\\/www.meydan.tv\\\/az\\\/#\\\/schema\\\/person\\\/476e9360e593fa131d5d71d51866f8da\"},\"headline\":\"H\u0259bsd\u0259ki dini inancl\u0131 f\u0259al\u0131n 4 g\u00fcnd\u00fcr acl\u0131q etdiyi bildirilir\",\"datePublished\":\"2024-12-03T09:57:09+00:00\",\"dateModified\":\"2024-12-04T07:55:42+00:00\",\"mainEntityOfPage\":{\"@id\":\"https:\\\/\\\/www.meydan.tv\\\/az\\\/article\\\/hebsdeki-dini-inancli-fealin-4-gundur-acliq-etdiyi-bildirilir\\\/\"},\"wordCount\":611,\"publisher\":{\"@id\":\"https:\\\/\\\/www.meydan.tv\\\/az\\\/#organization\"},\"image\":{\"@id\":\"https:\\\/\\\/www.meydan.tv\\\/az\\\/article\\\/hebsdeki-dini-inancli-fealin-4-gundur-acliq-etdiyi-bildirilir\\\/#primaryimage\"},\"thumbnailUrl\":\"https:\\\/\\\/www.meydan.tv\\\/wp-content\\\/uploads\\\/49937dc3-818e-4d99-83f0-9ba18c1e1c48-scaled-e1664534385948.jpeg\",\"articleSection\":[\"Siyas\u0259t\",\"X\u0259b\u0259rl\u0259r\"],\"inLanguage\":\"az\"},{\"@type\":\"WebPage\",\"@id\":\"https:\\\/\\\/www.meydan.tv\\\/az\\\/article\\\/hebsdeki-dini-inancli-fealin-4-gundur-acliq-etdiyi-bildirilir\\\/\",\"url\":\"https:\\\/\\\/www.meydan.tv\\\/az\\\/article\\\/hebsdeki-dini-inancli-fealin-4-gundur-acliq-etdiyi-bildirilir\\\/\",\"name\":\"H\u0259bsd\u0259ki dini inancl\u0131 f\u0259al\u0131n 4 g\u00fcnd\u00fcr acl\u0131q etdiyi bildirilir - MEYDAN.TV\",\"isPartOf\":{\"@id\":\"https:\\\/\\\/www.meydan.tv\\\/az\\\/#website\"},\"primaryImageOfPage\":{\"@id\":\"https:\\\/\\\/www.meydan.tv\\\/az\\\/article\\\/hebsdeki-dini-inancli-fealin-4-gundur-acliq-etdiyi-bildirilir\\\/#primaryimage\"},\"image\":{\"@id\":\"https:\\\/\\\/www.meydan.tv\\\/az\\\/article\\\/hebsdeki-dini-inancli-fealin-4-gundur-acliq-etdiyi-bildirilir\\\/#primaryimage\"},\"thumbnailUrl\":\"https:\\\/\\\/www.meydan.tv\\\/wp-content\\\/uploads\\\/49937dc3-818e-4d99-83f0-9ba18c1e1c48-scaled-e1664534385948.jpeg\",\"datePublished\":\"2024-12-03T09:57:09+00:00\",\"dateModified\":\"2024-12-04T07:55:42+00:00\",\"breadcrumb\":{\"@id\":\"https:\\\/\\\/www.meydan.tv\\\/az\\\/article\\\/hebsdeki-dini-inancli-fealin-4-gundur-acliq-etdiyi-bildirilir\\\/#breadcrumb\"},\"inLanguage\":\"az\",\"potentialAction\":[{\"@type\":\"ReadAction\",\"target\":[\"https:\\\/\\\/www.meydan.tv\\\/az\\\/article\\\/hebsdeki-dini-inancli-fealin-4-gundur-acliq-etdiyi-bildirilir\\\/\"]}]},{\"@type\":\"ImageObject\",\"inLanguage\":\"az\",\"@id\":\"https:\\\/\\\/www.meydan.tv\\\/az\\\/article\\\/hebsdeki-dini-inancli-fealin-4-gundur-acliq-etdiyi-bildirilir\\\/#primaryimage\",\"url\":\"https:\\\/\\\/www.meydan.tv\\\/wp-content\\\/uploads\\\/49937dc3-818e-4d99-83f0-9ba18c1e1c48-scaled-e1664534385948.jpeg\",\"contentUrl\":\"https:\\\/\\\/www.meydan.tv\\\/wp-content\\\/uploads\\\/49937dc3-818e-4d99-83f0-9ba18c1e1c48-scaled-e1664534385948.jpeg\",\"width\":2560,\"height\":1561,\"caption\":\"Foto: Meydan TV\"},{\"@type\":\"BreadcrumbList\",\"@id\":\"https:\\\/\\\/www.meydan.tv\\\/az\\\/article\\\/hebsdeki-dini-inancli-fealin-4-gundur-acliq-etdiyi-bildirilir\\\/#breadcrumb\",\"itemListElement\":[{\"@type\":\"ListItem\",\"position\":1,\"name\":\"Ana s\u0259hif\u0259\",\"item\":\"https:\\\/\\\/www.meydan.tv\\\/az\\\/\"},{\"@type\":\"ListItem\",\"position\":2,\"name\":\"X\u0259b\u0259rl\u0259r\",\"item\":\"https:\\\/\\\/www.meydan.tv\\\/az\\\/section\\\/xeberler\\\/\"},{\"@type\":\"ListItem\",\"position\":3,\"name\":\"H\u0259bsd\u0259ki dini inancl\u0131 f\u0259al\u0131n 4 g\u00fcnd\u00fcr acl\u0131q etdiyi bildirilir\"}]},{\"@type\":\"WebSite\",\"@id\":\"https:\\\/\\\/www.meydan.tv\\\/az\\\/#website\",\"url\":\"https:\\\/\\\/www.meydan.tv\\\/az\\\/\",\"name\":\"MEYDAN.TV\",\"description\":\"Meydan TV Az\u0259rbaycan\u0131n media m\u0259kan\u0131ndak\u0131 alternativ s\u0259sidir\",\"publisher\":{\"@id\":\"https:\\\/\\\/www.meydan.tv\\\/az\\\/#organization\"},\"potentialAction\":[{\"@type\":\"SearchAction\",\"target\":{\"@type\":\"EntryPoint\",\"urlTemplate\":\"https:\\\/\\\/www.meydan.tv\\\/az\\\/?s={search_term_string}\"},\"query-input\":{\"@type\":\"PropertyValueSpecification\",\"valueRequired\":true,\"valueName\":\"search_term_string\"}}],\"inLanguage\":\"az\"},{\"@type\":\"Organization\",\"@id\":\"https:\\\/\\\/www.meydan.tv\\\/az\\\/#organization\",\"name\":\"Meydan TV\",\"url\":\"https:\\\/\\\/www.meydan.tv\\\/az\\\/\",\"logo\":{\"@type\":\"ImageObject\",\"inLanguage\":\"az\",\"@id\":\"https:\\\/\\\/www.meydan.tv\\\/az\\\/#\\\/schema\\\/logo\\\/image\\\/\",\"url\":\"https:\\\/\\\/www.meydan.tv\\\/wp-content\\\/uploads\\\/2021\\\/07\\\/meydan-logo.svg\",\"contentUrl\":\"https:\\\/\\\/www.meydan.tv\\\/wp-content\\\/uploads\\\/2021\\\/07\\\/meydan-logo.svg\",\"width\":195,\"height\":46,\"caption\":\"Meydan TV\"},\"image\":{\"@id\":\"https:\\\/\\\/www.meydan.tv\\\/az\\\/#\\\/schema\\\/logo\\\/image\\\/\"}},{\"@type\":\"Person\",\"@id\":\"https:\\\/\\\/www.meydan.tv\\\/az\\\/#\\\/schema\\\/person\\\/476e9360e593fa131d5d71d51866f8da\",\"name\":\"aleks\"}]}<\/script>\n<!-- \/ Yoast SEO plugin. -->","yoast_head_json":{"title":"H\u0259bsd\u0259ki dini inancl\u0131 f\u0259al\u0131n 4 g\u00fcnd\u00fcr acl\u0131q etdiyi bildirilir - MEYDAN.TV","robots":{"index":"index","follow":"follow","max-snippet":"max-snippet:-1","max-image-preview":"max-image-preview:large","max-video-preview":"max-video-preview:-1"},"canonical":"https:\/\/www.meydan.tv\/az\/article\/hebsdeki-dini-inancli-fealin-4-gundur-acliq-etdiyi-bildirilir\/","og_locale":"az_AZ","og_type":"article","og_title":"H\u0259bsd\u0259ki dini inancl\u0131 f\u0259al\u0131n 4 g\u00fcnd\u00fcr acl\u0131q etdiyi bildirilir - MEYDAN.TV","og_description":"\u201cEl\u0259 ba\u015fmaqla \u00e7\u0131xar\u0131blar oradan\u2026\u201d 17 sayl\u0131 c\u0259za\u00e7\u0259km\u0259 m\u00fc\u0259ssis\u0259sind\u0259 saxlan\u0131lan dini ... Davam\u0131","og_url":"https:\/\/www.meydan.tv\/az\/article\/hebsdeki-dini-inancli-fealin-4-gundur-acliq-etdiyi-bildirilir\/","og_site_name":"MEYDAN.TV","article_published_time":"2024-12-03T09:57:09+00:00","article_modified_time":"2024-12-04T07:55:42+00:00","og_image":[{"width":2560,"height":1561,"url":"https:\/\/www.meydan.tv\/wp-content\/uploads\/49937dc3-818e-4d99-83f0-9ba18c1e1c48-scaled-e1664534385948.jpeg","type":"image\/jpeg"}],"author":"aleks","twitter_card":"summary_large_image","schema":{"@context":"https:\/\/schema.org","@graph":[{"@type":"Article","@id":"https:\/\/www.meydan.tv\/az\/article\/hebsdeki-dini-inancli-fealin-4-gundur-acliq-etdiyi-bildirilir\/#article","isPartOf":{"@id":"https:\/\/www.meydan.tv\/az\/article\/hebsdeki-dini-inancli-fealin-4-gundur-acliq-etdiyi-bildirilir\/"},"author":{"name":"aleks","@id":"https:\/\/www.meydan.tv\/az\/#\/schema\/person\/476e9360e593fa131d5d71d51866f8da"},"headline":"H\u0259bsd\u0259ki dini inancl\u0131 f\u0259al\u0131n 4 g\u00fcnd\u00fcr acl\u0131q etdiyi bildirilir","datePublished":"2024-12-03T09:57:09+00:00","dateModified":"2024-12-04T07:55:42+00:00","mainEntityOfPage":{"@id":"https:\/\/www.meydan.tv\/az\/article\/hebsdeki-dini-inancli-fealin-4-gundur-acliq-etdiyi-bildirilir\/"},"wordCount":611,"publisher":{"@id":"https:\/\/www.meydan.tv\/az\/#organization"},"image":{"@id":"https:\/\/www.meydan.tv\/az\/article\/hebsdeki-dini-inancli-fealin-4-gundur-acliq-etdiyi-bildirilir\/#primaryimage"},"thumbnailUrl":"https:\/\/www.meydan.tv\/wp-content\/uploads\/49937dc3-818e-4d99-83f0-9ba18c1e1c48-scaled-e1664534385948.jpeg","articleSection":["Siyas\u0259t","X\u0259b\u0259rl\u0259r"],"inLanguage":"az"},{"@type":"WebPage","@id":"https:\/\/www.meydan.tv\/az\/article\/hebsdeki-dini-inancli-fealin-4-gundur-acliq-etdiyi-bildirilir\/","url":"https:\/\/www.meydan.tv\/az\/article\/hebsdeki-dini-inancli-fealin-4-gundur-acliq-etdiyi-bildirilir\/","name":"H\u0259bsd\u0259ki dini inancl\u0131 f\u0259al\u0131n 4 g\u00fcnd\u00fcr acl\u0131q etdiyi bildirilir - MEYDAN.TV","isPartOf":{"@id":"https:\/\/www.meydan.tv\/az\/#website"},"primaryImageOfPage":{"@id":"https:\/\/www.meydan.tv\/az\/article\/hebsdeki-dini-inancli-fealin-4-gundur-acliq-etdiyi-bildirilir\/#primaryimage"},"image":{"@id":"https:\/\/www.meydan.tv\/az\/article\/hebsdeki-dini-inancli-fealin-4-gundur-acliq-etdiyi-bildirilir\/#primaryimage"},"thumbnailUrl":"https:\/\/www.meydan.tv\/wp-content\/uploads\/49937dc3-818e-4d99-83f0-9ba18c1e1c48-scaled-e1664534385948.jpeg","datePublished":"2024-12-03T09:57:09+00:00","dateModified":"2024-12-04T07:55:42+00:00","breadcrumb":{"@id":"https:\/\/www.meydan.tv\/az\/article\/hebsdeki-dini-inancli-fealin-4-gundur-acliq-etdiyi-bildirilir\/#breadcrumb"},"inLanguage":"az","potentialAction":[{"@type":"ReadAction","target":["https:\/\/www.meydan.tv\/az\/article\/hebsdeki-dini-inancli-fealin-4-gundur-acliq-etdiyi-bildirilir\/"]}]},{"@type":"ImageObject","inLanguage":"az","@id":"https:\/\/www.meydan.tv\/az\/article\/hebsdeki-dini-inancli-fealin-4-gundur-acliq-etdiyi-bildirilir\/#primaryimage","url":"https:\/\/www.meydan.tv\/wp-content\/uploads\/49937dc3-818e-4d99-83f0-9ba18c1e1c48-scaled-e1664534385948.jpeg","contentUrl":"https:\/\/www.meydan.tv\/wp-content\/uploads\/49937dc3-818e-4d99-83f0-9ba18c1e1c48-scaled-e1664534385948.jpeg","width":2560,"height":1561,"caption":"Foto: Meydan TV"},{"@type":"BreadcrumbList","@id":"https:\/\/www.meydan.tv\/az\/article\/hebsdeki-dini-inancli-fealin-4-gundur-acliq-etdiyi-bildirilir\/#breadcrumb","itemListElement":[{"@type":"ListItem","position":1,"name":"Ana s\u0259hif\u0259","item":"https:\/\/www.meydan.tv\/az\/"},{"@type":"ListItem","position":2,"name":"X\u0259b\u0259rl\u0259r","item":"https:\/\/www.meydan.tv\/az\/section\/xeberler\/"},{"@type":"ListItem","position":3,"name":"H\u0259bsd\u0259ki dini inancl\u0131 f\u0259al\u0131n 4 g\u00fcnd\u00fcr acl\u0131q etdiyi bildirilir"}]},{"@type":"WebSite","@id":"https:\/\/www.meydan.tv\/az\/#website","url":"https:\/\/www.meydan.tv\/az\/","name":"MEYDAN.TV","description":"Meydan TV Az\u0259rbaycan\u0131n media m\u0259kan\u0131ndak\u0131 alternativ s\u0259sidir","publisher":{"@id":"https:\/\/www.meydan.tv\/az\/#organization"},"potentialAction":[{"@type":"SearchAction","target":{"@type":"EntryPoint","urlTemplate":"https:\/\/www.meydan.tv\/az\/?s={search_term_string}"},"query-input":{"@type":"PropertyValueSpecification","valueRequired":true,"valueName":"search_term_string"}}],"inLanguage":"az"},{"@type":"Organization","@id":"https:\/\/www.meydan.tv\/az\/#organization","name":"Meydan TV","url":"https:\/\/www.meydan.tv\/az\/","logo":{"@type":"ImageObject","inLanguage":"az","@id":"https:\/\/www.meydan.tv\/az\/#\/schema\/logo\/image\/","url":"https:\/\/www.meydan.tv\/wp-content\/uploads\/2021\/07\/meydan-logo.svg","contentUrl":"https:\/\/www.meydan.tv\/wp-content\/uploads\/2021\/07\/meydan-logo.svg","width":195,"height":46,"caption":"Meydan TV"},"image":{"@id":"https:\/\/www.meydan.tv\/az\/#\/schema\/logo\/image\/"}},{"@type":"Person","@id":"https:\/\/www.meydan.tv\/az\/#\/schema\/person\/476e9360e593fa131d5d71d51866f8da","name":"aleks"}]}},"_links":{"self":[{"href":"https:\/\/www.meydan.tv\/az\/wp-json\/wp\/v2\/posts\/322001","targetHints":{"allow":["GET"]}}],"collection":[{"href":"https:\/\/www.meydan.tv\/az\/wp-json\/wp\/v2\/posts"}],"about":[{"href":"https:\/\/www.meydan.tv\/az\/wp-json\/wp\/v2\/types\/post"}],"author":[{"embeddable":true,"href":"https:\/\/www.meydan.tv\/az\/wp-json\/wp\/v2\/users\/12"}],"replies":[{"embeddable":true,"href":"https:\/\/www.meydan.tv\/az\/wp-json\/wp\/v2\/comments?post=322001"}],"version-history":[{"count":3,"href":"https:\/\/www.meydan.tv\/az\/wp-json\/wp\/v2\/posts\/322001\/revisions"}],"predecessor-version":[{"id":322067,"href":"https:\/\/www.meydan.tv\/az\/wp-json\/wp\/v2\/posts\/322001\/revisions\/322067"}],"wp:featuredmedia":[{"embeddable":true,"href":"https:\/\/www.meydan.tv\/az\/wp-json\/wp\/v2\/media\/210747"}],"wp:attachment":[{"href":"https:\/\/www.meydan.tv\/az\/wp-json\/wp\/v2\/media?parent=322001"}],"wp:term":[{"taxonomy":"category","embeddable":true,"href":"https:\/\/www.meydan.tv\/az\/wp-json\/wp\/v2\/categories?post=322001"},{"taxonomy":"post_tag","embeddable":true,"href":"https:\/\/www.meydan.tv\/az\/wp-json\/wp\/v2\/tags?post=322001"}],"curies":[{"name":"wp","href":"https:\/\/api.w.org\/{rel}","templated":true}]}}