{"id":321847,"date":"2024-12-02T16:01:47","date_gmt":"2024-12-02T12:01:47","guid":{"rendered":"https:\/\/www.meydan.tv\/?p=321847"},"modified":"2024-12-02T21:12:24","modified_gmt":"2024-12-02T17:12:24","slug":"eli-kerimli-1500-manat-cerimelendi","status":"publish","type":"post","link":"https:\/\/www.meydan.tv\/az\/article\/eli-kerimli-1500-manat-cerimelendi\/","title":{"rendered":"\u018fli K\u0259rimlinin m\u0259hk\u0259m\u0259si: h\u0259bsl\u0259r, c\u0259rim\u0259l\u0259r, t\u0259zyiql\u0259r&#8230; (Yenil\u0259nib)"},"content":{"rendered":"\n<figure class=\"wp-block-embed is-type-video is-provider-youtube wp-block-embed-youtube wp-embed-aspect-16-9 wp-has-aspect-ratio\"><div class=\"wp-block-embed__wrapper\">\n<iframe title=\"\u018fli K\u0259rimlinin m\u0259hk\u0259m\u0259si qar\u015f\u0131s\u0131nda qar\u015f\u0131durma: saxlan\u0131lanlar var\" width=\"1200\" height=\"675\" data-src=\"https:\/\/www.youtube.com\/embed\/0QTf3wCOb9s?feature=oembed\" frameborder=\"0\" allow=\"accelerometer; autoplay; clipboard-write; encrypted-media; gyroscope; picture-in-picture; web-share\" referrerpolicy=\"strict-origin-when-cross-origin\" allowfullscreen src=\"data:image\/svg+xml;base64,PHN2ZyB3aWR0aD0iMSIgaGVpZ2h0PSIxIiB4bWxucz0iaHR0cDovL3d3dy53My5vcmcvMjAwMC9zdmciPjwvc3ZnPg==\" class=\"lazyload\" data-load-mode=\"1\"><\/iframe>\n<\/div><\/figure>\n\n\n\n<!--more-->\n\n\n\n<p><strong>AXCP s\u0259dri \u018fli K\u0259rimlinin m\u0259hk\u0259m\u0259si zaman\u0131 saxlan\u0131lan v\u0259 m\u0259hk\u0259m\u0259y\u0259 \u00e7\u0131xar\u0131lan c\u0259bh\u0259\u00e7il\u0259rl\u0259 ba\u011fl\u0131 q\u0259rar verilib.<\/strong><\/p>\n\n\n\n<p>Bar\u0259sind\u0259 q\u0259rar \u00e7\u0131xar\u0131lan c\u0259bh\u0259\u00e7il\u0259r \u0130nzibati X\u0259talar M\u0259c\u0259ll\u0259sinin 510 (x\u0131rda xuliqanl\u0131q) v\u0259 535.1-ci (polisin qanuni t\u0259l\u0259bin\u0259 tabe olmamaq) madd\u0259l\u0259ri il\u0259 ittiham olunublar.<\/p>\n\n\n\n<p>AXCP \u00fczvl\u0259rinin verdiyi m\u0259lumata g\u00f6r\u0259, partiya \u00fczvl\u0259ri R\u00f6v\u015f\u0259n Asvarov 15, Mikay\u0131l \u0130smay\u0131lov is\u0259 30 sutka inzibati h\u0259bs al\u0131b.<\/p>\n\n\n\n<p>Partiyan\u0131n dig\u0259r \u00fczvl\u0259ri El\u00e7in Hac\u0131v\u0259lli, R\u00f6v\u015f\u0259n R\u0259himov, El\u00e7in Nuru\u015fov v\u0259 R\u00f6v\u015f\u0259n S\u0259f\u0259rovun h\u0259r biri 200 manat c\u0259rim\u0259 edilib.<\/p>\n\n\n\n<p>R\u00f6v\u015f\u0259n R\u0259himov jurnalistl\u0259r\u0259 deyib ki, telefonu geri qaytar\u0131lmay\u0131b.<\/p>\n\n\n\n<p>Polis \u0259m\u0259kda\u015flar\u0131 ondan telefonunun \u015fifr\u0259sini d\u0259 al\u0131blar.<\/p>\n\n\n\n<p>N\u0259simi Rayon Polis \u0130dar\u0259sinin 20-ci Polis B\u00f6lm\u0259sind\u0259 saxlan\u0131lan AXCP \u00fczvl\u0259ri Ruslan \u018fmirov, Elm\u0259ddin Muradov v\u0259 Fuad Abdullayev s\u0259rb\u0259st burax\u0131l\u0131blar.<\/p>\n\n\n\n<p>Bu bar\u0259d\u0259 AXCP \u00fczvl\u0259ri Meydan TV-y\u0259 m\u0259lumat veribl\u0259r.<\/p>\n\n\n\n<p>AXCP \u00fczv\u00fc R\u00f6v\u015f\u0259n S\u0259f\u0259rov is\u0259 jurnalistl\u0259r\u0259 i\u015fg\u0259nc\u0259y\u0259 m\u0259ruz qald\u0131\u011f\u0131n\u0131 deyib.<\/p>\n\n\n\n<p>Onun g\u00f6z\u00fcn\u00fcn alt\u0131nda x\u0259sar\u0259t izl\u0259ri m\u00fc\u015fahid\u0259 olunub.<\/p>\n\n\n\n<p>O, Ruslan \u018fmirovun da b\u00f6lm\u0259d\u0259 i\u015fg\u0259nc\u0259y\u0259 m\u0259ruz qald\u0131\u011f\u0131n\u0131 deyib.<\/p>\n\n\n\n<figure class=\"wp-block-image size-large\"><img decoding=\"async\" width=\"1095\" height=\"821\" data-src=\"https:\/\/www.meydan.tv\/wp-content\/uploads\/img_4361-1095x821.jpeg\" alt=\"\" class=\"wp-image-321942 lazyload\" src=\"data:image\/svg+xml;base64,PHN2ZyB3aWR0aD0iMSIgaGVpZ2h0PSIxIiB4bWxucz0iaHR0cDovL3d3dy53My5vcmcvMjAwMC9zdmciPjwvc3ZnPg==\" style=\"--smush-placeholder-width: 1095px; --smush-placeholder-aspect-ratio: 1095\/821;\" \/><\/figure>\n\n\n\n<hr class=\"wp-block-separator has-alpha-channel-opacity\"\/>\n\n\n\n<p>AXCP s\u0259dri \u018fli K\u0259rimlinin m\u0259hk\u0259m\u0259si zaman\u0131 saxlan\u0131lan 12 c\u0259bh\u0259\u00e7id\u0259n 3 n\u0259f\u0259r &#8211; El\u00e7in Hac\u0131v\u0259lili (AXCP Goranboy t\u0259\u015fkilat\u0131n\u0131n s\u0259dri), t\u0259\u015fkilat\u0131n A\u011fda\u015f \u015f\u00f6b\u0259sinin \u00fczv\u00fc R\u00f6v\u015f\u0259n Asvarov, G\u00f6y\u00e7ay \u015f\u00f6b\u0259sinin \u00fczv\u00fc Mikay\u0131l \u0130smay\u0131lov N\u0259simi Rayon M\u0259hk\u0259m\u0259sin\u0259 \u00e7\u0131xar\u0131l\u0131b.<\/p>\n\n\n\n<p>Bu bar\u0259d\u0259 AXCP-d\u0259n Meydan TV-y\u0259 bildirilib.<\/p>\n\n\n\n<p>Onlar\u0131n haqq\u0131nda m\u0259hk\u0259m\u0259nin q\u0259rar ver\u0259c\u0259yi g\u00f6zl\u0259nilir.<\/p>\n\n\n\n<p>T\u0259\u015fkilat\u0131n \u00fczv\u00fc G\u00fclnara R\u0259himova deyib ki, onlara polis b\u00f6lm\u0259sind\u0259 zor t\u0259tbiq edilib, d\u0131rna\u011f\u0131 qopub, b\u0259d\u0259nind\u0259 m\u00fcxt\u0259lif x\u0259sar\u0259tl\u0259r var.<\/p>\n\n\n\n<p>AXCP s\u0259drinin m\u00fchafiz\u0259\u00e7isi Ruslan \u018fmirovun da d\u00f6y\u00fcld\u00fcy\u00fc bildirilir, amma onun haz\u0131rda harada saxlan\u0131ld\u0131\u011f\u0131 bilinmir.<\/p>\n\n\n\n<p>D\u0130N-d\u0259n m\u0259s\u0259l\u0259y\u0259 m\u00fcnasib\u0259t \u00f6yr\u0259nm\u0259k m\u00fcmk\u00fcn olmay\u0131b.<\/p>\n\n\n\n<hr class=\"wp-block-separator has-alpha-channel-opacity\"\/>\n\n\n\n<p><strong><em>Partiya s\u0259dri b\u00f6htan atmaqda t\u0259qsirli bilinib<\/em><\/strong><\/p>\n\n\n\n<p>Az\u0259rbaycan Xalq C\u0259bh\u0259sinin Partiyas\u0131n\u0131n (AXCP) s\u0259dri \u018fli K\u0259rimli bar\u0259sind\u0259 N\u0259simi Rayon M\u0259hk\u0259m\u0259sind\u0259 h\u00f6km \u00e7\u0131xar\u0131l\u0131b.<\/p>\n\n\n\n<p>Hakim Bab\u0259k P\u0259nahovun \u00e7\u0131xard\u0131\u011f\u0131 h\u00f6kml\u0259 \u018fli K\u0259rimli Cinay\u0259t M\u0259c\u0259ll\u0259sinin 147.1 (b\u00f6htan) madd\u0259sil\u0259 t\u0259qsirli bilinib v\u0259 1500 manat c\u0259rim\u0259l\u0259nib.<\/p>\n\n\n\n<p>Bu h\u00f6km AXCP-nin ke\u00e7mi\u015f \u00fczv\u00fc Ayd\u0131n \u018fliyevin x\u00fcsusi ittiham qaydas\u0131nda qald\u0131rd\u0131\u011f\u0131 iddia \u0259sas\u0131nda \u00e7\u0131xar\u0131l\u0131b.<\/p>\n\n\n\n<p>Ayd\u0131n \u018fliyev AXCP s\u0259drinin 6 ay azadl\u0131qdan m\u0259hrum edilm\u0259sini ist\u0259mi\u015fdi.<\/p>\n\n\n\n<p>\u018fli K\u0259rimli q\u0259rar\u0131 siyasi sifari\u015f say\u0131b v\u0259 h\u00f6kmd\u0259n apelyasiya \u015fikay\u0259ti ver\u0259c\u0259yini deyib.<\/p>\n\n\n\n<p>M\u0259hk\u0259m\u0259y\u0259 g\u0259l\u0259n AXCP \u00fczvl\u0259rind\u0259n is\u0259 12 n\u0259f\u0259rd\u0259n art\u0131q \u015f\u0259xs saxlan\u0131l\u0131b.<\/p>\n\n\n\n<p>Bunlar G\u00fclnar\u0259 R\u0259himova, Ruslan \u018fmirov, El\u00e7in Hac\u0131v\u0259lli, R\u00f6v\u015f\u0259n Asvarov, Vidadi Mirkamal (Milli \u015euran\u0131n \u00fczv\u00fc),&nbsp; R\u00f6v\u015f\u0259n S\u0259f\u0259rov, Elm\u0259ddin Muradov, \u015e\u0259k\u0259r \u015e\u00fck\u00fcr, R\u00f6v\u015f\u0259n R\u0259himov, T\u00fcnzal\u0259 \u018fmirov,&nbsp; M\u0259tan\u0259t Turan, Ziyaf\u0259t Abbasova (Milli M\u00fcqavim\u0259t H\u0259r\u0259kat\u0131 \u00fczv\u00fc) v\u0259 Sevda \u0130smay\u0131lovad\u0131r.<\/p>\n\n\n\n<p>Saxlan\u0131lanlardan Vidadi Mirkamal, T\u00fcnzal\u0259 \u018fmirova v\u0259 M\u0259tan\u0259t Turan s\u0259rb\u0259st burax\u0131l\u0131b, dig\u0259rl\u0259ri bar\u0259d\u0259 m\u0259lumat yoxdur.<\/p>\n\n\n\n<p>AXCP \u00fczv\u00fc M\u0259tan\u0259t Turan Meydan TV-y\u0259 bildirib ki, onlar\u0131 \u0259vv\u0259lc\u0259 N\u0259simi Rayon Polis \u0130dar\u0259sinin 20-ci Polis B\u00f6lm\u0259sin\u0259, daha sonra is\u0259 19-cu Polis B\u00f6lm\u0259sin\u0259 apar\u0131blar.<\/p>\n\n\n\n<p>O, b\u00f6lm\u0259d\u0259 t\u0259zyiq v\u0259 t\u0259hqirl\u0259 \u00fczl\u0259\u015fdikl\u0259rini deyib.<\/p>\n\n\n\n<p><strong>\u018fli K\u0259rimli niy\u0259 m\u0259hk\u0259m\u0259y\u0259 verilib?<\/strong><\/p>\n\n\n\n<p>AXCP-d\u0259n 2019-cu ild\u0259 xaric olunmu\u015f Ayd\u0131n \u018fliyevin \u018fli K\u0259rimliy\u0259 qar\u015f\u0131 x\u00fcsusi ittiham qaydas\u0131nda qald\u0131rd\u0131\u011f\u0131 iddiaya g\u00f6r\u0259, \u018fli K\u0259rimli m\u00fcxt\u0259lif internet kanallar\u0131nda \u00e7\u0131x\u0131\u015flar\u0131nda ona b\u00f6htan at\u0131b.<\/p>\n\n\n\n<p>O, AXCP s\u0259drinin Cinay\u0259t M\u0259c\u0259ll\u0259sinin 147 (b\u00f6htan) madd\u0259sil\u0259 c\u0259zaland\u0131r\u0131lmas\u0131n\u0131 t\u0259l\u0259b edib v\u0259 6 ay h\u0259bs edilm\u0259sini ist\u0259yib.<\/p>\n\n\n\n<p>\u018fli K\u0259rimli is\u0259 deyib ki, \u00e7\u0131x\u0131\u015flar\u0131nda b\u00f6htan, insan l\u0259yaq\u0259tini a\u015fa\u011f\u0131layan he\u00e7 n\u0259 olmay\u0131b.<\/p>\n\n\n\n<p>Onun s\u00f6zl\u0259rin\u0259 g\u00f6r\u0259, dedikl\u0259ri h\u0259qiq\u0259tdir v\u0259 korrekt \u015f\u0259kild\u0259 ifad\u0259 olunub: <\/p>\n\n\n\n<p><em>&#8220;A\u00e7\u0131q-a\u015fkar partiyan\u0131n siyasi kursuna qar\u015f\u0131 \u00e7\u0131x\u0131b. R\u0259yas\u0259t Hey\u0259ti d\u0259 buna g\u00f6r\u0259 onu uzaqla\u015fd\u0131r\u0131b\u201d.<\/em><\/p>\n\n\n\n<p>AXCP bu m\u0259hk\u0259m\u0259 prosesinin hakimiyy\u0259tin sifari\u015fil\u0259 ba\u015flad\u0131ld\u0131\u011f\u0131n\u0131 b\u0259yan edib.<\/p>\n\n\n\n<p><em>&#8220;Haz\u0131rda hakimiyy\u0259t AXCP-ni qanundan k\u0259nar qoymaq, onun s\u0259dri \u018fli K\u0259rimlini siyasi f\u0259aliyy\u0259td\u0259n m\u0259hrum etm\u0259k \u00fc\u00e7\u00fcn bir ne\u00e7\u0259 istiqam\u0259td\u0259 i\u015f apar\u0131r. Bu i\u015fl\u0259rd\u0259 is\u0259 vaxtil\u0259 partiyan\u0131n f\u0259al \u00fczv\u00fc v\u0259 N\u0259zar\u0259t-T\u0259fti\u015f Komissiyas\u0131n\u0131n s\u0259dri olmu\u015f, sonralar hakimiyy\u0259ty\u00f6nl\u00fc ictimai f\u0259aliyy\u0259t\u0259 ba\u015flad\u0131\u011f\u0131 \u00fc\u00e7\u00fcn partiyadan xaric edilmi\u015f Ayd\u0131n \u018fliyevd\u0259n istifad\u0259 edir\u201d<\/em>, \u2013 partiyan\u0131n b\u0259yanat\u0131nda bildirilir.<\/p>\n","protected":false},"excerpt":{"rendered":"","protected":false},"author":21,"featured_media":321932,"comment_status":"closed","ping_status":"closed","sticky":false,"template":"","format":"standard","meta":{"_acf_changed":false,"_sitemap_exclude":false,"_sitemap_priority":"","_sitemap_frequency":"","footnotes":""},"categories":[59,79,63,56],"tags":[],"class_list":["post-321847","post","type-post","status-publish","format-standard","has-post-thumbnail","hentry","category-siyaset","category-featured","category-video-2","category-xeberler","infinite-scroll-item","generate-columns","tablet-grid-50","mobile-grid-100","grid-parent","grid-33","no-featured-image-padding"],"acf":[],"yoast_head":"<!-- This site is optimized with the Yoast SEO plugin v27.4 - https:\/\/yoast.com\/product\/yoast-seo-wordpress\/ -->\n<title>\u018fli K\u0259rimlinin m\u0259hk\u0259m\u0259si: h\u0259bsl\u0259r, c\u0259rim\u0259l\u0259r, t\u0259zyiql\u0259r... (Yenil\u0259nib) - MEYDAN.TV<\/title>\n<meta name=\"description\" content=\"Bu h\u00f6km AXCP-nin ke\u00e7mi\u015f \u00fczv\u00fc Ayd\u0131n \u018fliyevin x\u00fcsusi ittiham qaydas\u0131nda qald\u0131rd\u0131\u011f\u0131 iddia \u0259sas\u0131nda \u00e7\u0131xar\u0131l\u0131b.\" \/>\n<meta name=\"robots\" content=\"index, follow, max-snippet:-1, max-image-preview:large, max-video-preview:-1\" \/>\n<link rel=\"canonical\" href=\"https:\/\/www.meydan.tv\/az\/article\/eli-kerimli-1500-manat-cerimelendi\/\" \/>\n<meta property=\"og:locale\" content=\"az_AZ\" \/>\n<meta property=\"og:type\" content=\"article\" \/>\n<meta property=\"og:title\" content=\"\u018fli K\u0259rimlinin m\u0259hk\u0259m\u0259si: h\u0259bsl\u0259r, c\u0259rim\u0259l\u0259r, t\u0259zyiql\u0259r... (Yenil\u0259nib) - MEYDAN.TV\" \/>\n<meta property=\"og:description\" content=\"Bu h\u00f6km AXCP-nin ke\u00e7mi\u015f \u00fczv\u00fc Ayd\u0131n \u018fliyevin x\u00fcsusi ittiham qaydas\u0131nda qald\u0131rd\u0131\u011f\u0131 iddia \u0259sas\u0131nda \u00e7\u0131xar\u0131l\u0131b.\" \/>\n<meta property=\"og:url\" content=\"https:\/\/www.meydan.tv\/az\/article\/eli-kerimli-1500-manat-cerimelendi\/\" \/>\n<meta property=\"og:site_name\" content=\"MEYDAN.TV\" \/>\n<meta property=\"article:published_time\" content=\"2024-12-02T12:01:47+00:00\" \/>\n<meta property=\"article:modified_time\" content=\"2024-12-02T17:12:24+00:00\" \/>\n<meta property=\"og:image\" content=\"https:\/\/www.meydan.tv\/wp-content\/uploads\/screenshot-2024-12-02-at-16.53.48-1200x664.png\" \/>\n\t<meta property=\"og:image:width\" content=\"1200\" \/>\n\t<meta property=\"og:image:height\" content=\"664\" \/>\n\t<meta property=\"og:image:type\" content=\"image\/png\" \/>\n<meta name=\"author\" content=\"mahmud\" \/>\n<meta name=\"twitter:card\" content=\"summary_large_image\" \/>\n<script type=\"application\/ld+json\" class=\"yoast-schema-graph\">{\"@context\":\"https:\\\/\\\/schema.org\",\"@graph\":[{\"@type\":\"Article\",\"@id\":\"https:\\\/\\\/www.meydan.tv\\\/az\\\/article\\\/eli-kerimli-1500-manat-cerimelendi\\\/#article\",\"isPartOf\":{\"@id\":\"https:\\\/\\\/www.meydan.tv\\\/az\\\/article\\\/eli-kerimli-1500-manat-cerimelendi\\\/\"},\"author\":{\"name\":\"mahmud\",\"@id\":\"https:\\\/\\\/www.meydan.tv\\\/az\\\/#\\\/schema\\\/person\\\/09863e516102a829e72bedcf3f84c6b0\"},\"headline\":\"\u018fli K\u0259rimlinin m\u0259hk\u0259m\u0259si: h\u0259bsl\u0259r, c\u0259rim\u0259l\u0259r, t\u0259zyiql\u0259r&#8230; (Yenil\u0259nib)\",\"datePublished\":\"2024-12-02T12:01:47+00:00\",\"dateModified\":\"2024-12-02T17:12:24+00:00\",\"mainEntityOfPage\":{\"@id\":\"https:\\\/\\\/www.meydan.tv\\\/az\\\/article\\\/eli-kerimli-1500-manat-cerimelendi\\\/\"},\"wordCount\":962,\"publisher\":{\"@id\":\"https:\\\/\\\/www.meydan.tv\\\/az\\\/#organization\"},\"image\":{\"@id\":\"https:\\\/\\\/www.meydan.tv\\\/az\\\/article\\\/eli-kerimli-1500-manat-cerimelendi\\\/#primaryimage\"},\"thumbnailUrl\":\"https:\\\/\\\/www.meydan.tv\\\/wp-content\\\/uploads\\\/screenshot-2024-12-02-at-16.53.48.png\",\"articleSection\":[\"Siyas\u0259t\",\"T\u00f6vsiy\u0259\",\"Video\",\"X\u0259b\u0259rl\u0259r\"],\"inLanguage\":\"az\"},{\"@type\":\"WebPage\",\"@id\":\"https:\\\/\\\/www.meydan.tv\\\/az\\\/article\\\/eli-kerimli-1500-manat-cerimelendi\\\/\",\"url\":\"https:\\\/\\\/www.meydan.tv\\\/az\\\/article\\\/eli-kerimli-1500-manat-cerimelendi\\\/\",\"name\":\"\u018fli K\u0259rimlinin m\u0259hk\u0259m\u0259si: h\u0259bsl\u0259r, c\u0259rim\u0259l\u0259r, t\u0259zyiql\u0259r... (Yenil\u0259nib) - MEYDAN.TV\",\"isPartOf\":{\"@id\":\"https:\\\/\\\/www.meydan.tv\\\/az\\\/#website\"},\"primaryImageOfPage\":{\"@id\":\"https:\\\/\\\/www.meydan.tv\\\/az\\\/article\\\/eli-kerimli-1500-manat-cerimelendi\\\/#primaryimage\"},\"image\":{\"@id\":\"https:\\\/\\\/www.meydan.tv\\\/az\\\/article\\\/eli-kerimli-1500-manat-cerimelendi\\\/#primaryimage\"},\"thumbnailUrl\":\"https:\\\/\\\/www.meydan.tv\\\/wp-content\\\/uploads\\\/screenshot-2024-12-02-at-16.53.48.png\",\"datePublished\":\"2024-12-02T12:01:47+00:00\",\"dateModified\":\"2024-12-02T17:12:24+00:00\",\"description\":\"Bu h\u00f6km AXCP-nin ke\u00e7mi\u015f \u00fczv\u00fc Ayd\u0131n \u018fliyevin x\u00fcsusi ittiham qaydas\u0131nda qald\u0131rd\u0131\u011f\u0131 iddia \u0259sas\u0131nda \u00e7\u0131xar\u0131l\u0131b.\",\"breadcrumb\":{\"@id\":\"https:\\\/\\\/www.meydan.tv\\\/az\\\/article\\\/eli-kerimli-1500-manat-cerimelendi\\\/#breadcrumb\"},\"inLanguage\":\"az\",\"potentialAction\":[{\"@type\":\"ReadAction\",\"target\":[\"https:\\\/\\\/www.meydan.tv\\\/az\\\/article\\\/eli-kerimli-1500-manat-cerimelendi\\\/\"]}]},{\"@type\":\"ImageObject\",\"inLanguage\":\"az\",\"@id\":\"https:\\\/\\\/www.meydan.tv\\\/az\\\/article\\\/eli-kerimli-1500-manat-cerimelendi\\\/#primaryimage\",\"url\":\"https:\\\/\\\/www.meydan.tv\\\/wp-content\\\/uploads\\\/screenshot-2024-12-02-at-16.53.48.png\",\"contentUrl\":\"https:\\\/\\\/www.meydan.tv\\\/wp-content\\\/uploads\\\/screenshot-2024-12-02-at-16.53.48.png\",\"width\":2386,\"height\":1320,\"caption\":\"\u018fli K\u0259rimli, Foto: Meydan TV\"},{\"@type\":\"BreadcrumbList\",\"@id\":\"https:\\\/\\\/www.meydan.tv\\\/az\\\/article\\\/eli-kerimli-1500-manat-cerimelendi\\\/#breadcrumb\",\"itemListElement\":[{\"@type\":\"ListItem\",\"position\":1,\"name\":\"Ana s\u0259hif\u0259\",\"item\":\"https:\\\/\\\/www.meydan.tv\\\/az\\\/\"},{\"@type\":\"ListItem\",\"position\":2,\"name\":\"Siyas\u0259t\",\"item\":\"https:\\\/\\\/www.meydan.tv\\\/az\\\/section\\\/siyaset\\\/\"},{\"@type\":\"ListItem\",\"position\":3,\"name\":\"\u018fli K\u0259rimlinin m\u0259hk\u0259m\u0259si: h\u0259bsl\u0259r, c\u0259rim\u0259l\u0259r, t\u0259zyiql\u0259r&#8230; (Yenil\u0259nib)\"}]},{\"@type\":\"WebSite\",\"@id\":\"https:\\\/\\\/www.meydan.tv\\\/az\\\/#website\",\"url\":\"https:\\\/\\\/www.meydan.tv\\\/az\\\/\",\"name\":\"MEYDAN.TV\",\"description\":\"Meydan TV Az\u0259rbaycan\u0131n media m\u0259kan\u0131ndak\u0131 alternativ s\u0259sidir\",\"publisher\":{\"@id\":\"https:\\\/\\\/www.meydan.tv\\\/az\\\/#organization\"},\"potentialAction\":[{\"@type\":\"SearchAction\",\"target\":{\"@type\":\"EntryPoint\",\"urlTemplate\":\"https:\\\/\\\/www.meydan.tv\\\/az\\\/?s={search_term_string}\"},\"query-input\":{\"@type\":\"PropertyValueSpecification\",\"valueRequired\":true,\"valueName\":\"search_term_string\"}}],\"inLanguage\":\"az\"},{\"@type\":\"Organization\",\"@id\":\"https:\\\/\\\/www.meydan.tv\\\/az\\\/#organization\",\"name\":\"Meydan TV\",\"url\":\"https:\\\/\\\/www.meydan.tv\\\/az\\\/\",\"logo\":{\"@type\":\"ImageObject\",\"inLanguage\":\"az\",\"@id\":\"https:\\\/\\\/www.meydan.tv\\\/az\\\/#\\\/schema\\\/logo\\\/image\\\/\",\"url\":\"https:\\\/\\\/www.meydan.tv\\\/wp-content\\\/uploads\\\/2021\\\/07\\\/meydan-logo.svg\",\"contentUrl\":\"https:\\\/\\\/www.meydan.tv\\\/wp-content\\\/uploads\\\/2021\\\/07\\\/meydan-logo.svg\",\"width\":195,\"height\":46,\"caption\":\"Meydan TV\"},\"image\":{\"@id\":\"https:\\\/\\\/www.meydan.tv\\\/az\\\/#\\\/schema\\\/logo\\\/image\\\/\"}},{\"@type\":\"Person\",\"@id\":\"https:\\\/\\\/www.meydan.tv\\\/az\\\/#\\\/schema\\\/person\\\/09863e516102a829e72bedcf3f84c6b0\",\"name\":\"mahmud\"}]}<\/script>\n<!-- \/ Yoast SEO plugin. -->","yoast_head_json":{"title":"\u018fli K\u0259rimlinin m\u0259hk\u0259m\u0259si: h\u0259bsl\u0259r, c\u0259rim\u0259l\u0259r, t\u0259zyiql\u0259r... (Yenil\u0259nib) - MEYDAN.TV","description":"Bu h\u00f6km AXCP-nin ke\u00e7mi\u015f \u00fczv\u00fc Ayd\u0131n \u018fliyevin x\u00fcsusi ittiham qaydas\u0131nda qald\u0131rd\u0131\u011f\u0131 iddia \u0259sas\u0131nda \u00e7\u0131xar\u0131l\u0131b.","robots":{"index":"index","follow":"follow","max-snippet":"max-snippet:-1","max-image-preview":"max-image-preview:large","max-video-preview":"max-video-preview:-1"},"canonical":"https:\/\/www.meydan.tv\/az\/article\/eli-kerimli-1500-manat-cerimelendi\/","og_locale":"az_AZ","og_type":"article","og_title":"\u018fli K\u0259rimlinin m\u0259hk\u0259m\u0259si: h\u0259bsl\u0259r, c\u0259rim\u0259l\u0259r, t\u0259zyiql\u0259r... (Yenil\u0259nib) - MEYDAN.TV","og_description":"Bu h\u00f6km AXCP-nin ke\u00e7mi\u015f \u00fczv\u00fc Ayd\u0131n \u018fliyevin x\u00fcsusi ittiham qaydas\u0131nda qald\u0131rd\u0131\u011f\u0131 iddia \u0259sas\u0131nda \u00e7\u0131xar\u0131l\u0131b.","og_url":"https:\/\/www.meydan.tv\/az\/article\/eli-kerimli-1500-manat-cerimelendi\/","og_site_name":"MEYDAN.TV","article_published_time":"2024-12-02T12:01:47+00:00","article_modified_time":"2024-12-02T17:12:24+00:00","og_image":[{"width":1200,"height":664,"url":"https:\/\/www.meydan.tv\/wp-content\/uploads\/screenshot-2024-12-02-at-16.53.48-1200x664.png","type":"image\/png"}],"author":"mahmud","twitter_card":"summary_large_image","schema":{"@context":"https:\/\/schema.org","@graph":[{"@type":"Article","@id":"https:\/\/www.meydan.tv\/az\/article\/eli-kerimli-1500-manat-cerimelendi\/#article","isPartOf":{"@id":"https:\/\/www.meydan.tv\/az\/article\/eli-kerimli-1500-manat-cerimelendi\/"},"author":{"name":"mahmud","@id":"https:\/\/www.meydan.tv\/az\/#\/schema\/person\/09863e516102a829e72bedcf3f84c6b0"},"headline":"\u018fli K\u0259rimlinin m\u0259hk\u0259m\u0259si: h\u0259bsl\u0259r, c\u0259rim\u0259l\u0259r, t\u0259zyiql\u0259r&#8230; (Yenil\u0259nib)","datePublished":"2024-12-02T12:01:47+00:00","dateModified":"2024-12-02T17:12:24+00:00","mainEntityOfPage":{"@id":"https:\/\/www.meydan.tv\/az\/article\/eli-kerimli-1500-manat-cerimelendi\/"},"wordCount":962,"publisher":{"@id":"https:\/\/www.meydan.tv\/az\/#organization"},"image":{"@id":"https:\/\/www.meydan.tv\/az\/article\/eli-kerimli-1500-manat-cerimelendi\/#primaryimage"},"thumbnailUrl":"https:\/\/www.meydan.tv\/wp-content\/uploads\/screenshot-2024-12-02-at-16.53.48.png","articleSection":["Siyas\u0259t","T\u00f6vsiy\u0259","Video","X\u0259b\u0259rl\u0259r"],"inLanguage":"az"},{"@type":"WebPage","@id":"https:\/\/www.meydan.tv\/az\/article\/eli-kerimli-1500-manat-cerimelendi\/","url":"https:\/\/www.meydan.tv\/az\/article\/eli-kerimli-1500-manat-cerimelendi\/","name":"\u018fli K\u0259rimlinin m\u0259hk\u0259m\u0259si: h\u0259bsl\u0259r, c\u0259rim\u0259l\u0259r, t\u0259zyiql\u0259r... (Yenil\u0259nib) - MEYDAN.TV","isPartOf":{"@id":"https:\/\/www.meydan.tv\/az\/#website"},"primaryImageOfPage":{"@id":"https:\/\/www.meydan.tv\/az\/article\/eli-kerimli-1500-manat-cerimelendi\/#primaryimage"},"image":{"@id":"https:\/\/www.meydan.tv\/az\/article\/eli-kerimli-1500-manat-cerimelendi\/#primaryimage"},"thumbnailUrl":"https:\/\/www.meydan.tv\/wp-content\/uploads\/screenshot-2024-12-02-at-16.53.48.png","datePublished":"2024-12-02T12:01:47+00:00","dateModified":"2024-12-02T17:12:24+00:00","description":"Bu h\u00f6km AXCP-nin ke\u00e7mi\u015f \u00fczv\u00fc Ayd\u0131n \u018fliyevin x\u00fcsusi ittiham qaydas\u0131nda qald\u0131rd\u0131\u011f\u0131 iddia \u0259sas\u0131nda \u00e7\u0131xar\u0131l\u0131b.","breadcrumb":{"@id":"https:\/\/www.meydan.tv\/az\/article\/eli-kerimli-1500-manat-cerimelendi\/#breadcrumb"},"inLanguage":"az","potentialAction":[{"@type":"ReadAction","target":["https:\/\/www.meydan.tv\/az\/article\/eli-kerimli-1500-manat-cerimelendi\/"]}]},{"@type":"ImageObject","inLanguage":"az","@id":"https:\/\/www.meydan.tv\/az\/article\/eli-kerimli-1500-manat-cerimelendi\/#primaryimage","url":"https:\/\/www.meydan.tv\/wp-content\/uploads\/screenshot-2024-12-02-at-16.53.48.png","contentUrl":"https:\/\/www.meydan.tv\/wp-content\/uploads\/screenshot-2024-12-02-at-16.53.48.png","width":2386,"height":1320,"caption":"\u018fli K\u0259rimli, Foto: Meydan TV"},{"@type":"BreadcrumbList","@id":"https:\/\/www.meydan.tv\/az\/article\/eli-kerimli-1500-manat-cerimelendi\/#breadcrumb","itemListElement":[{"@type":"ListItem","position":1,"name":"Ana s\u0259hif\u0259","item":"https:\/\/www.meydan.tv\/az\/"},{"@type":"ListItem","position":2,"name":"Siyas\u0259t","item":"https:\/\/www.meydan.tv\/az\/section\/siyaset\/"},{"@type":"ListItem","position":3,"name":"\u018fli K\u0259rimlinin m\u0259hk\u0259m\u0259si: h\u0259bsl\u0259r, c\u0259rim\u0259l\u0259r, t\u0259zyiql\u0259r&#8230; (Yenil\u0259nib)"}]},{"@type":"WebSite","@id":"https:\/\/www.meydan.tv\/az\/#website","url":"https:\/\/www.meydan.tv\/az\/","name":"MEYDAN.TV","description":"Meydan TV Az\u0259rbaycan\u0131n media m\u0259kan\u0131ndak\u0131 alternativ s\u0259sidir","publisher":{"@id":"https:\/\/www.meydan.tv\/az\/#organization"},"potentialAction":[{"@type":"SearchAction","target":{"@type":"EntryPoint","urlTemplate":"https:\/\/www.meydan.tv\/az\/?s={search_term_string}"},"query-input":{"@type":"PropertyValueSpecification","valueRequired":true,"valueName":"search_term_string"}}],"inLanguage":"az"},{"@type":"Organization","@id":"https:\/\/www.meydan.tv\/az\/#organization","name":"Meydan TV","url":"https:\/\/www.meydan.tv\/az\/","logo":{"@type":"ImageObject","inLanguage":"az","@id":"https:\/\/www.meydan.tv\/az\/#\/schema\/logo\/image\/","url":"https:\/\/www.meydan.tv\/wp-content\/uploads\/2021\/07\/meydan-logo.svg","contentUrl":"https:\/\/www.meydan.tv\/wp-content\/uploads\/2021\/07\/meydan-logo.svg","width":195,"height":46,"caption":"Meydan TV"},"image":{"@id":"https:\/\/www.meydan.tv\/az\/#\/schema\/logo\/image\/"}},{"@type":"Person","@id":"https:\/\/www.meydan.tv\/az\/#\/schema\/person\/09863e516102a829e72bedcf3f84c6b0","name":"mahmud"}]}},"_links":{"self":[{"href":"https:\/\/www.meydan.tv\/az\/wp-json\/wp\/v2\/posts\/321847","targetHints":{"allow":["GET"]}}],"collection":[{"href":"https:\/\/www.meydan.tv\/az\/wp-json\/wp\/v2\/posts"}],"about":[{"href":"https:\/\/www.meydan.tv\/az\/wp-json\/wp\/v2\/types\/post"}],"author":[{"embeddable":true,"href":"https:\/\/www.meydan.tv\/az\/wp-json\/wp\/v2\/users\/21"}],"replies":[{"embeddable":true,"href":"https:\/\/www.meydan.tv\/az\/wp-json\/wp\/v2\/comments?post=321847"}],"version-history":[{"count":14,"href":"https:\/\/www.meydan.tv\/az\/wp-json\/wp\/v2\/posts\/321847\/revisions"}],"predecessor-version":[{"id":321945,"href":"https:\/\/www.meydan.tv\/az\/wp-json\/wp\/v2\/posts\/321847\/revisions\/321945"}],"wp:featuredmedia":[{"embeddable":true,"href":"https:\/\/www.meydan.tv\/az\/wp-json\/wp\/v2\/media\/321932"}],"wp:attachment":[{"href":"https:\/\/www.meydan.tv\/az\/wp-json\/wp\/v2\/media?parent=321847"}],"wp:term":[{"taxonomy":"category","embeddable":true,"href":"https:\/\/www.meydan.tv\/az\/wp-json\/wp\/v2\/categories?post=321847"},{"taxonomy":"post_tag","embeddable":true,"href":"https:\/\/www.meydan.tv\/az\/wp-json\/wp\/v2\/tags?post=321847"}],"curies":[{"name":"wp","href":"https:\/\/api.w.org\/{rel}","templated":true}]}}