{"id":321711,"date":"2024-11-28T23:56:55","date_gmt":"2024-11-28T19:56:55","guid":{"rendered":"https:\/\/www.meydan.tv\/?p=321711"},"modified":"2024-11-28T23:56:57","modified_gmt":"2024-11-28T19:56:57","slug":"qarabag-avropa-liqasinda-novbeti-defe-meglub-olub","status":"publish","type":"post","link":"https:\/\/www.meydan.tv\/az\/article\/qarabag-avropa-liqasinda-novbeti-defe-meglub-olub\/","title":{"rendered":"&#8220;Qaraba\u011f&#8221; Avropa Liqas\u0131nda n\u00f6vb\u0259ti d\u0259f\u0259 m\u0259\u011flub olub"},"content":{"rendered":"\n<p><\/p>\n\n\n\n<p><em><strong>Komanda Bak\u0131da &#8220;Lion&#8221;a uduzub<\/strong><\/em><\/p>\n\n\n\n<p>&#8220;Qaraba\u011f\u201d noyabr\u0131n 28-da UEFA Avropa Liqas\u0131nda Fransan\u0131n \u201cLion\u201d komandas\u0131 il\u0259 qar\u015f\u0131la\u015f\u0131b.<\/p>\n\n\n\n<p>Liqa m\u0259rh\u0259l\u0259sinin 5-ci turunun oyunu saat 21:45-d\u0259 ba\u015flay\u0131b. Qar\u015f\u0131la\u015fma Tofiq B\u0259hramov ad\u0131na Respublika stadionunda ke\u00e7irilib.<\/p>\n\n\n\n<p>Oyun &#8220;Qaraba\u011f&#8221;\u0131n m\u0259\u011flubiyy\u0259ti il\u0259 ba\u015fa \u00e7at\u0131b. Qurban Qurbanovun ba\u015f m\u0259\u015fq\u00e7isi oldu\u011fu komanda Fransa t\u0259msil\u00e7isin\u0259 1:4 hesab\u0131 il\u0259 uduzub.<\/p>\n\n\n\n<p>Bu, Az\u0259rbaycan \u00e7empionunun cari m\u00f6vs\u00fcmd\u0259 Avropa Liqas\u0131n\u0131n liqa m\u0259rh\u0259l\u0259sind\u0259 4-c\u00fc m\u0259\u011flubiyy\u0259ti olub. &#8220;Qaraba\u011f&#8221; yegan\u0259 q\u0259l\u0259b\u0259sini s\u0259f\u0259rd\u0259, Norve\u00e7in &#8220;Bodo Qlimt&#8221; komandas\u0131 \u00fcz\u0259rind\u0259 qazan\u0131b (2:1).<\/p>\n","protected":false},"excerpt":{"rendered":"<p>Komanda Bak\u0131da &#8220;Lion&#8221;a uduzub &#8220;Qaraba\u011f\u201d noyabr\u0131n 28-da UEFA Avropa Liqas\u0131nda &#8230; <\/p>\n<p class=\"read-more-container\"><a title=\"&#8220;Qaraba\u011f&#8221; Avropa Liqas\u0131nda n\u00f6vb\u0259ti d\u0259f\u0259 m\u0259\u011flub olub\" class=\"read-more button\" href=\"https:\/\/www.meydan.tv\/az\/article\/qarabag-avropa-liqasinda-novbeti-defe-meglub-olub\/#more-321711\" aria-label=\"Read more about &#8220;Qaraba\u011f&#8221; Avropa Liqas\u0131nda n\u00f6vb\u0259ti d\u0259f\u0259 m\u0259\u011flub olub\">Davam\u0131<\/a><\/p>\n","protected":false},"author":21,"featured_media":321725,"comment_status":"closed","ping_status":"closed","sticky":false,"template":"","format":"standard","meta":{"_acf_changed":false,"_sitemap_exclude":false,"_sitemap_priority":"","_sitemap_frequency":"","footnotes":""},"categories":[112,56],"tags":[],"class_list":["post-321711","post","type-post","status-publish","format-standard","has-post-thumbnail","hentry","category-idman","category-xeberler","infinite-scroll-item","generate-columns","tablet-grid-50","mobile-grid-100","grid-parent","grid-33","no-featured-image-padding"],"acf":[],"yoast_head":"<!-- This site is optimized with the Yoast SEO plugin v27.5 - https:\/\/yoast.com\/product\/yoast-seo-wordpress\/ -->\n<title>&quot;Qaraba\u011f&quot; Avropa Liqas\u0131nda n\u00f6vb\u0259ti d\u0259f\u0259 m\u0259\u011flub olub - MEYDAN.TV<\/title>\n<meta name=\"description\" content=\"Komanda UEFA Avropa Liqas\u0131nda Fransan\u0131n \u201cLion\u201d komandas\u0131na uduzub.\" \/>\n<meta name=\"robots\" content=\"index, follow, max-snippet:-1, max-image-preview:large, max-video-preview:-1\" \/>\n<link rel=\"canonical\" href=\"https:\/\/www.meydan.tv\/az\/article\/qarabag-avropa-liqasinda-novbeti-defe-meglub-olub\/\" \/>\n<meta property=\"og:locale\" content=\"az_AZ\" \/>\n<meta property=\"og:type\" content=\"article\" \/>\n<meta property=\"og:title\" content=\"&quot;Qaraba\u011f&quot; Avropa Liqas\u0131nda n\u00f6vb\u0259ti d\u0259f\u0259 m\u0259\u011flub olub - MEYDAN.TV\" \/>\n<meta property=\"og:description\" content=\"Komanda UEFA Avropa Liqas\u0131nda Fransan\u0131n \u201cLion\u201d komandas\u0131na uduzub.\" \/>\n<meta property=\"og:url\" content=\"https:\/\/www.meydan.tv\/az\/article\/qarabag-avropa-liqasinda-novbeti-defe-meglub-olub\/\" \/>\n<meta property=\"og:site_name\" content=\"MEYDAN.TV\" \/>\n<meta property=\"article:published_time\" content=\"2024-11-28T19:56:55+00:00\" \/>\n<meta property=\"article:modified_time\" content=\"2024-11-28T19:56:57+00:00\" \/>\n<meta property=\"og:image\" content=\"https:\/\/www.meydan.tv\/wp-content\/uploads\/photo-2024-11-28-22-45-12.jpg\" \/>\n\t<meta property=\"og:image:width\" content=\"1279\" \/>\n\t<meta property=\"og:image:height\" content=\"451\" \/>\n\t<meta property=\"og:image:type\" content=\"image\/jpeg\" \/>\n<meta name=\"author\" content=\"mahmud\" \/>\n<meta name=\"twitter:card\" content=\"summary_large_image\" \/>\n<script type=\"application\/ld+json\" class=\"yoast-schema-graph\">{\"@context\":\"https:\\\/\\\/schema.org\",\"@graph\":[{\"@type\":\"Article\",\"@id\":\"https:\\\/\\\/www.meydan.tv\\\/az\\\/article\\\/qarabag-avropa-liqasinda-novbeti-defe-meglub-olub\\\/#article\",\"isPartOf\":{\"@id\":\"https:\\\/\\\/www.meydan.tv\\\/az\\\/article\\\/qarabag-avropa-liqasinda-novbeti-defe-meglub-olub\\\/\"},\"author\":{\"name\":\"mahmud\",\"@id\":\"https:\\\/\\\/www.meydan.tv\\\/az\\\/#\\\/schema\\\/person\\\/09863e516102a829e72bedcf3f84c6b0\"},\"headline\":\"&#8220;Qaraba\u011f&#8221; Avropa Liqas\u0131nda n\u00f6vb\u0259ti d\u0259f\u0259 m\u0259\u011flub olub\",\"datePublished\":\"2024-11-28T19:56:55+00:00\",\"dateModified\":\"2024-11-28T19:56:57+00:00\",\"mainEntityOfPage\":{\"@id\":\"https:\\\/\\\/www.meydan.tv\\\/az\\\/article\\\/qarabag-avropa-liqasinda-novbeti-defe-meglub-olub\\\/\"},\"wordCount\":126,\"publisher\":{\"@id\":\"https:\\\/\\\/www.meydan.tv\\\/az\\\/#organization\"},\"image\":{\"@id\":\"https:\\\/\\\/www.meydan.tv\\\/az\\\/article\\\/qarabag-avropa-liqasinda-novbeti-defe-meglub-olub\\\/#primaryimage\"},\"thumbnailUrl\":\"https:\\\/\\\/www.meydan.tv\\\/wp-content\\\/uploads\\\/photo-2024-11-28-22-45-12.jpg\",\"articleSection\":[\"\u0130dman\",\"X\u0259b\u0259rl\u0259r\"],\"inLanguage\":\"az\"},{\"@type\":\"WebPage\",\"@id\":\"https:\\\/\\\/www.meydan.tv\\\/az\\\/article\\\/qarabag-avropa-liqasinda-novbeti-defe-meglub-olub\\\/\",\"url\":\"https:\\\/\\\/www.meydan.tv\\\/az\\\/article\\\/qarabag-avropa-liqasinda-novbeti-defe-meglub-olub\\\/\",\"name\":\"\\\"Qaraba\u011f\\\" Avropa Liqas\u0131nda n\u00f6vb\u0259ti d\u0259f\u0259 m\u0259\u011flub olub - MEYDAN.TV\",\"isPartOf\":{\"@id\":\"https:\\\/\\\/www.meydan.tv\\\/az\\\/#website\"},\"primaryImageOfPage\":{\"@id\":\"https:\\\/\\\/www.meydan.tv\\\/az\\\/article\\\/qarabag-avropa-liqasinda-novbeti-defe-meglub-olub\\\/#primaryimage\"},\"image\":{\"@id\":\"https:\\\/\\\/www.meydan.tv\\\/az\\\/article\\\/qarabag-avropa-liqasinda-novbeti-defe-meglub-olub\\\/#primaryimage\"},\"thumbnailUrl\":\"https:\\\/\\\/www.meydan.tv\\\/wp-content\\\/uploads\\\/photo-2024-11-28-22-45-12.jpg\",\"datePublished\":\"2024-11-28T19:56:55+00:00\",\"dateModified\":\"2024-11-28T19:56:57+00:00\",\"description\":\"Komanda UEFA Avropa Liqas\u0131nda Fransan\u0131n \u201cLion\u201d komandas\u0131na uduzub.\",\"breadcrumb\":{\"@id\":\"https:\\\/\\\/www.meydan.tv\\\/az\\\/article\\\/qarabag-avropa-liqasinda-novbeti-defe-meglub-olub\\\/#breadcrumb\"},\"inLanguage\":\"az\",\"potentialAction\":[{\"@type\":\"ReadAction\",\"target\":[\"https:\\\/\\\/www.meydan.tv\\\/az\\\/article\\\/qarabag-avropa-liqasinda-novbeti-defe-meglub-olub\\\/\"]}]},{\"@type\":\"ImageObject\",\"inLanguage\":\"az\",\"@id\":\"https:\\\/\\\/www.meydan.tv\\\/az\\\/article\\\/qarabag-avropa-liqasinda-novbeti-defe-meglub-olub\\\/#primaryimage\",\"url\":\"https:\\\/\\\/www.meydan.tv\\\/wp-content\\\/uploads\\\/photo-2024-11-28-22-45-12.jpg\",\"contentUrl\":\"https:\\\/\\\/www.meydan.tv\\\/wp-content\\\/uploads\\\/photo-2024-11-28-22-45-12.jpg\",\"width\":1279,\"height\":451,\"caption\":\"Foto: Meydan TV\"},{\"@type\":\"BreadcrumbList\",\"@id\":\"https:\\\/\\\/www.meydan.tv\\\/az\\\/article\\\/qarabag-avropa-liqasinda-novbeti-defe-meglub-olub\\\/#breadcrumb\",\"itemListElement\":[{\"@type\":\"ListItem\",\"position\":1,\"name\":\"Ana s\u0259hif\u0259\",\"item\":\"https:\\\/\\\/www.meydan.tv\\\/az\\\/\"},{\"@type\":\"ListItem\",\"position\":2,\"name\":\"\u0130dman\",\"item\":\"https:\\\/\\\/www.meydan.tv\\\/az\\\/section\\\/idman\\\/\"},{\"@type\":\"ListItem\",\"position\":3,\"name\":\"&#8220;Qaraba\u011f&#8221; Avropa Liqas\u0131nda n\u00f6vb\u0259ti d\u0259f\u0259 m\u0259\u011flub olub\"}]},{\"@type\":\"WebSite\",\"@id\":\"https:\\\/\\\/www.meydan.tv\\\/az\\\/#website\",\"url\":\"https:\\\/\\\/www.meydan.tv\\\/az\\\/\",\"name\":\"MEYDAN.TV\",\"description\":\"Meydan TV Az\u0259rbaycan\u0131n media m\u0259kan\u0131ndak\u0131 alternativ s\u0259sidir\",\"publisher\":{\"@id\":\"https:\\\/\\\/www.meydan.tv\\\/az\\\/#organization\"},\"potentialAction\":[{\"@type\":\"SearchAction\",\"target\":{\"@type\":\"EntryPoint\",\"urlTemplate\":\"https:\\\/\\\/www.meydan.tv\\\/az\\\/?s={search_term_string}\"},\"query-input\":{\"@type\":\"PropertyValueSpecification\",\"valueRequired\":true,\"valueName\":\"search_term_string\"}}],\"inLanguage\":\"az\"},{\"@type\":\"Organization\",\"@id\":\"https:\\\/\\\/www.meydan.tv\\\/az\\\/#organization\",\"name\":\"Meydan TV\",\"url\":\"https:\\\/\\\/www.meydan.tv\\\/az\\\/\",\"logo\":{\"@type\":\"ImageObject\",\"inLanguage\":\"az\",\"@id\":\"https:\\\/\\\/www.meydan.tv\\\/az\\\/#\\\/schema\\\/logo\\\/image\\\/\",\"url\":\"https:\\\/\\\/www.meydan.tv\\\/wp-content\\\/uploads\\\/2021\\\/07\\\/meydan-logo.svg\",\"contentUrl\":\"https:\\\/\\\/www.meydan.tv\\\/wp-content\\\/uploads\\\/2021\\\/07\\\/meydan-logo.svg\",\"width\":195,\"height\":46,\"caption\":\"Meydan TV\"},\"image\":{\"@id\":\"https:\\\/\\\/www.meydan.tv\\\/az\\\/#\\\/schema\\\/logo\\\/image\\\/\"}},{\"@type\":\"Person\",\"@id\":\"https:\\\/\\\/www.meydan.tv\\\/az\\\/#\\\/schema\\\/person\\\/09863e516102a829e72bedcf3f84c6b0\",\"name\":\"mahmud\"}]}<\/script>\n<!-- \/ Yoast SEO plugin. -->","yoast_head_json":{"title":"\"Qaraba\u011f\" Avropa Liqas\u0131nda n\u00f6vb\u0259ti d\u0259f\u0259 m\u0259\u011flub olub - MEYDAN.TV","description":"Komanda UEFA Avropa Liqas\u0131nda Fransan\u0131n \u201cLion\u201d komandas\u0131na uduzub.","robots":{"index":"index","follow":"follow","max-snippet":"max-snippet:-1","max-image-preview":"max-image-preview:large","max-video-preview":"max-video-preview:-1"},"canonical":"https:\/\/www.meydan.tv\/az\/article\/qarabag-avropa-liqasinda-novbeti-defe-meglub-olub\/","og_locale":"az_AZ","og_type":"article","og_title":"\"Qaraba\u011f\" Avropa Liqas\u0131nda n\u00f6vb\u0259ti d\u0259f\u0259 m\u0259\u011flub olub - MEYDAN.TV","og_description":"Komanda UEFA Avropa Liqas\u0131nda Fransan\u0131n \u201cLion\u201d komandas\u0131na uduzub.","og_url":"https:\/\/www.meydan.tv\/az\/article\/qarabag-avropa-liqasinda-novbeti-defe-meglub-olub\/","og_site_name":"MEYDAN.TV","article_published_time":"2024-11-28T19:56:55+00:00","article_modified_time":"2024-11-28T19:56:57+00:00","og_image":[{"width":1279,"height":451,"url":"https:\/\/www.meydan.tv\/wp-content\/uploads\/photo-2024-11-28-22-45-12.jpg","type":"image\/jpeg"}],"author":"mahmud","twitter_card":"summary_large_image","schema":{"@context":"https:\/\/schema.org","@graph":[{"@type":"Article","@id":"https:\/\/www.meydan.tv\/az\/article\/qarabag-avropa-liqasinda-novbeti-defe-meglub-olub\/#article","isPartOf":{"@id":"https:\/\/www.meydan.tv\/az\/article\/qarabag-avropa-liqasinda-novbeti-defe-meglub-olub\/"},"author":{"name":"mahmud","@id":"https:\/\/www.meydan.tv\/az\/#\/schema\/person\/09863e516102a829e72bedcf3f84c6b0"},"headline":"&#8220;Qaraba\u011f&#8221; Avropa Liqas\u0131nda n\u00f6vb\u0259ti d\u0259f\u0259 m\u0259\u011flub olub","datePublished":"2024-11-28T19:56:55+00:00","dateModified":"2024-11-28T19:56:57+00:00","mainEntityOfPage":{"@id":"https:\/\/www.meydan.tv\/az\/article\/qarabag-avropa-liqasinda-novbeti-defe-meglub-olub\/"},"wordCount":126,"publisher":{"@id":"https:\/\/www.meydan.tv\/az\/#organization"},"image":{"@id":"https:\/\/www.meydan.tv\/az\/article\/qarabag-avropa-liqasinda-novbeti-defe-meglub-olub\/#primaryimage"},"thumbnailUrl":"https:\/\/www.meydan.tv\/wp-content\/uploads\/photo-2024-11-28-22-45-12.jpg","articleSection":["\u0130dman","X\u0259b\u0259rl\u0259r"],"inLanguage":"az"},{"@type":"WebPage","@id":"https:\/\/www.meydan.tv\/az\/article\/qarabag-avropa-liqasinda-novbeti-defe-meglub-olub\/","url":"https:\/\/www.meydan.tv\/az\/article\/qarabag-avropa-liqasinda-novbeti-defe-meglub-olub\/","name":"\"Qaraba\u011f\" Avropa Liqas\u0131nda n\u00f6vb\u0259ti d\u0259f\u0259 m\u0259\u011flub olub - MEYDAN.TV","isPartOf":{"@id":"https:\/\/www.meydan.tv\/az\/#website"},"primaryImageOfPage":{"@id":"https:\/\/www.meydan.tv\/az\/article\/qarabag-avropa-liqasinda-novbeti-defe-meglub-olub\/#primaryimage"},"image":{"@id":"https:\/\/www.meydan.tv\/az\/article\/qarabag-avropa-liqasinda-novbeti-defe-meglub-olub\/#primaryimage"},"thumbnailUrl":"https:\/\/www.meydan.tv\/wp-content\/uploads\/photo-2024-11-28-22-45-12.jpg","datePublished":"2024-11-28T19:56:55+00:00","dateModified":"2024-11-28T19:56:57+00:00","description":"Komanda UEFA Avropa Liqas\u0131nda Fransan\u0131n \u201cLion\u201d komandas\u0131na uduzub.","breadcrumb":{"@id":"https:\/\/www.meydan.tv\/az\/article\/qarabag-avropa-liqasinda-novbeti-defe-meglub-olub\/#breadcrumb"},"inLanguage":"az","potentialAction":[{"@type":"ReadAction","target":["https:\/\/www.meydan.tv\/az\/article\/qarabag-avropa-liqasinda-novbeti-defe-meglub-olub\/"]}]},{"@type":"ImageObject","inLanguage":"az","@id":"https:\/\/www.meydan.tv\/az\/article\/qarabag-avropa-liqasinda-novbeti-defe-meglub-olub\/#primaryimage","url":"https:\/\/www.meydan.tv\/wp-content\/uploads\/photo-2024-11-28-22-45-12.jpg","contentUrl":"https:\/\/www.meydan.tv\/wp-content\/uploads\/photo-2024-11-28-22-45-12.jpg","width":1279,"height":451,"caption":"Foto: Meydan TV"},{"@type":"BreadcrumbList","@id":"https:\/\/www.meydan.tv\/az\/article\/qarabag-avropa-liqasinda-novbeti-defe-meglub-olub\/#breadcrumb","itemListElement":[{"@type":"ListItem","position":1,"name":"Ana s\u0259hif\u0259","item":"https:\/\/www.meydan.tv\/az\/"},{"@type":"ListItem","position":2,"name":"\u0130dman","item":"https:\/\/www.meydan.tv\/az\/section\/idman\/"},{"@type":"ListItem","position":3,"name":"&#8220;Qaraba\u011f&#8221; Avropa Liqas\u0131nda n\u00f6vb\u0259ti d\u0259f\u0259 m\u0259\u011flub olub"}]},{"@type":"WebSite","@id":"https:\/\/www.meydan.tv\/az\/#website","url":"https:\/\/www.meydan.tv\/az\/","name":"MEYDAN.TV","description":"Meydan TV Az\u0259rbaycan\u0131n media m\u0259kan\u0131ndak\u0131 alternativ s\u0259sidir","publisher":{"@id":"https:\/\/www.meydan.tv\/az\/#organization"},"potentialAction":[{"@type":"SearchAction","target":{"@type":"EntryPoint","urlTemplate":"https:\/\/www.meydan.tv\/az\/?s={search_term_string}"},"query-input":{"@type":"PropertyValueSpecification","valueRequired":true,"valueName":"search_term_string"}}],"inLanguage":"az"},{"@type":"Organization","@id":"https:\/\/www.meydan.tv\/az\/#organization","name":"Meydan TV","url":"https:\/\/www.meydan.tv\/az\/","logo":{"@type":"ImageObject","inLanguage":"az","@id":"https:\/\/www.meydan.tv\/az\/#\/schema\/logo\/image\/","url":"https:\/\/www.meydan.tv\/wp-content\/uploads\/2021\/07\/meydan-logo.svg","contentUrl":"https:\/\/www.meydan.tv\/wp-content\/uploads\/2021\/07\/meydan-logo.svg","width":195,"height":46,"caption":"Meydan TV"},"image":{"@id":"https:\/\/www.meydan.tv\/az\/#\/schema\/logo\/image\/"}},{"@type":"Person","@id":"https:\/\/www.meydan.tv\/az\/#\/schema\/person\/09863e516102a829e72bedcf3f84c6b0","name":"mahmud"}]}},"_links":{"self":[{"href":"https:\/\/www.meydan.tv\/az\/wp-json\/wp\/v2\/posts\/321711","targetHints":{"allow":["GET"]}}],"collection":[{"href":"https:\/\/www.meydan.tv\/az\/wp-json\/wp\/v2\/posts"}],"about":[{"href":"https:\/\/www.meydan.tv\/az\/wp-json\/wp\/v2\/types\/post"}],"author":[{"embeddable":true,"href":"https:\/\/www.meydan.tv\/az\/wp-json\/wp\/v2\/users\/21"}],"replies":[{"embeddable":true,"href":"https:\/\/www.meydan.tv\/az\/wp-json\/wp\/v2\/comments?post=321711"}],"version-history":[{"count":1,"href":"https:\/\/www.meydan.tv\/az\/wp-json\/wp\/v2\/posts\/321711\/revisions"}],"predecessor-version":[{"id":321712,"href":"https:\/\/www.meydan.tv\/az\/wp-json\/wp\/v2\/posts\/321711\/revisions\/321712"}],"wp:featuredmedia":[{"embeddable":true,"href":"https:\/\/www.meydan.tv\/az\/wp-json\/wp\/v2\/media\/321725"}],"wp:attachment":[{"href":"https:\/\/www.meydan.tv\/az\/wp-json\/wp\/v2\/media?parent=321711"}],"wp:term":[{"taxonomy":"category","embeddable":true,"href":"https:\/\/www.meydan.tv\/az\/wp-json\/wp\/v2\/categories?post=321711"},{"taxonomy":"post_tag","embeddable":true,"href":"https:\/\/www.meydan.tv\/az\/wp-json\/wp\/v2\/tags?post=321711"}],"curies":[{"name":"wp","href":"https:\/\/api.w.org\/{rel}","templated":true}]}}