{"id":321690,"date":"2024-11-28T19:31:16","date_gmt":"2024-11-28T15:31:16","guid":{"rendered":"https:\/\/www.meydan.tv\/?p=321690"},"modified":"2024-11-28T19:31:19","modified_gmt":"2024-11-28T15:31:19","slug":"agadadas-agayev-xuliqanliq-ittihamini-qebul-etmir-her-sey-havada-qalib","status":"publish","type":"post","link":"https:\/\/www.meydan.tv\/az\/article\/agadadas-agayev-xuliqanliq-ittihamini-qebul-etmir-her-sey-havada-qalib\/","title":{"rendered":"A\u011fadada\u015f A\u011fayev xuliqanl\u0131q ittiham\u0131n\u0131 q\u0259bul etmir: \u201cH\u0259r \u015fey havada qal\u0131b\u201d"},"content":{"rendered":"\n<p><\/p>\n\n\n\n<p><strong><em>M\u00fc\u011f\u0259nni \u00f6z\u00fcn\u00fc t\u0259qsirli bilm\u0259diyini deyib<\/em><\/strong><\/p>\n\n\n\n<p>Xalq artisti, m\u00fc\u011f\u0259nni A\u011fadada\u015f A\u011fayev \u00f6z\u00fcn\u00fc t\u0259qsirli bilmir v\u0259 \u00f6z\u00fc il\u0259 ba\u011fl\u0131 cinay\u0259t i\u015fi \u00fczr\u0259 istintaqdan naraz\u0131d\u0131r. O, noyabr\u0131n 28-d\u0259 m\u0259hk\u0259m\u0259d\u0259 ittihama m\u00fcnasib\u0259t bildir\u0259rk\u0259n bar\u0259sind\u0259ki cinay\u0259t i\u015fini \u201cm\u0259ntiqd\u0259n k\u0259nar\u201d adland\u0131r\u0131b.<\/p>\n\n\n\n<p>A\u011fadada\u015f A\u011fayevin i\u015fin\u0259 Bin\u0259q\u0259di Rayon M\u0259hk\u0259m\u0259sind\u0259 hakim V\u00fcsal Ta\u011f\u0131yevin s\u0259drliyi il\u0259 bax\u0131l\u0131r. Noyabr\u0131n 28-d\u0259 hakim m\u0259hk\u0259m\u0259 istintaq\u0131n\u0131n ba\u015flad\u0131\u011f\u0131n\u0131 elan edib. Prokuror Bab\u0259k Zakirzad\u0259 ittiham akt\u0131n\u0131 elan edib.<\/p>\n\n\n\n<p>\u0130ttiham akt\u0131nda yaz\u0131l\u0131b ki, A\u011fadada\u015f A\u011fayev hadis\u0259 g\u00fcn\u00fc \u201cMedEra Hospital\u201d\u0131n m\u00fchafiz\u0259\u00e7isi Nur\u0259ddin C\u0259lilovu kobud formada \u00e7a\u011f\u0131r\u0131b. M\u00fchafiz\u0259\u00e7i \u00e7a\u011f\u0131r\u0131\u015f\u0131na cavab verm\u0259diyi \u00fc\u00e7\u00fcn uca s\u0259sl\u0259 onun \u00fcnvan\u0131na nalayiq ifad\u0259l\u0259r i\u015fl\u0259dib. Daha sonra is\u0259 \u0259s\u0259bl\u0259\u015f\u0259r\u0259k \u0259lind\u0259ki baltan\u0131 ona t\u0259r\u0259f at\u0131b. N\u0259tic\u0259d\u0259 balta h\u0259d\u0259fd\u0259n yay\u0131n\u0131b, hospitalda xadim\u0259 i\u015fl\u0259y\u0259n N\u0259zak\u0259t Pa\u015fayevan\u0131n aya\u011f\u0131na d\u0259yib.<\/p>\n\n\n\n<p>A\u011fadada\u015f A\u011fayev\u0259 qar\u015f\u0131 Cinay\u0259t M\u0259c\u0259ll\u0259sinin 221.3 (silah v\u0259 ya silah qismind\u0259 \u0259\u015fyadan istifad\u0259 etm\u0259kl\u0259 xuliqanl\u0131q) madd\u0259sil\u0259 ittiham ir\u0259li s\u00fcr\u00fcl\u00fcb. Bu madd\u0259d\u0259 5 il\u0259 q\u0259d\u0259r azadl\u0131qdan m\u0259hrumetm\u0259 c\u0259zas\u0131 var.<\/p>\n\n\n\n<p>A\u011fadada\u015f A\u011fayev ittihama m\u00fcnasib\u0259t bildir\u0259rk\u0259n \u00f6z\u00fcn\u00fc t\u0259qsirli bilm\u0259diyini vur\u011fulay\u0131b:<\/p>\n\n\n\n<p><em>\u201cM\u0259n bu i\u015fd\u0259n naraz\u0131yam. Bu i\u015f m\u0259ntiqd\u0259n k\u0259nard\u0131r. H\u0259r \u015fey havada qal\u0131b. D\u00fcnyada b\u0259lk\u0259 d\u0259 bel\u0259 \u015fey olmay\u0131b. M\u0259n k\u00f6m\u0259k ist\u0259mi\u015f\u0259m, amma bunu guya s\u00f6y\u00fc\u015fl\u0259 ist\u0259mi\u015f\u0259m. Bu, nec\u0259 ola bil\u0259r?\u201d<\/em><\/p>\n\n\n\n<p>Daha sonra m\u0259hk\u0259m\u0259d\u0259 dindirm\u0259l\u0259r m\u0259rh\u0259l\u0259si ba\u015flay\u0131b. Prokuror t\u0259klif edib ki, dindirm\u0259 \u0259vv\u0259lc\u0259 el\u0259 t\u0259qsirl\u0259ndiril\u0259n \u015f\u0259xsin \u00f6z\u00fcnd\u0259n ba\u015flas\u0131n, sonra z\u0259r\u0259r\u00e7\u0259kmi\u015fl\u0259r v\u0259 \u015fahidl\u0259r ifad\u0259 versin.<\/p>\n\n\n\n<p>A\u011fadada\u015f A\u011fayev haz\u0131rda \u00f6z\u00fcn\u00fc yax\u015f\u0131 hiss etm\u0259diyini, bu s\u0259b\u0259bd\u0259n ifad\u0259 verm\u0259y\u0259 haz\u0131r olmad\u0131\u011f\u0131n\u0131 deyib. V\u0259kili Asim Abbasov da m\u00fcv\u0259kkilinin durumunun n\u0259z\u0259r\u0259 al\u0131nmas\u0131n\u0131 ist\u0259yib.<\/p>\n\n\n\n<p>Bu s\u0259b\u0259bd\u0259n m\u0259hk\u0259m\u0259 prosesi dekabr\u0131n 3-n\u0259 q\u0259d\u0259r t\u0259xir\u0259 sal\u0131n\u0131b<\/p>\n","protected":false},"excerpt":{"rendered":"<p>M\u00fc\u011f\u0259nni \u00f6z\u00fcn\u00fc t\u0259qsirli bilm\u0259diyini deyib Xalq artisti, m\u00fc\u011f\u0259nni A\u011fadada\u015f A\u011fayev &#8230; <\/p>\n<p class=\"read-more-container\"><a title=\"A\u011fadada\u015f A\u011fayev xuliqanl\u0131q ittiham\u0131n\u0131 q\u0259bul etmir: \u201cH\u0259r \u015fey havada qal\u0131b\u201d\" class=\"read-more button\" href=\"https:\/\/www.meydan.tv\/az\/article\/agadadas-agayev-xuliqanliq-ittihamini-qebul-etmir-her-sey-havada-qalib\/#more-321690\" aria-label=\"Read more about A\u011fadada\u015f A\u011fayev xuliqanl\u0131q ittiham\u0131n\u0131 q\u0259bul etmir: \u201cH\u0259r \u015fey havada qal\u0131b\u201d\">Davam\u0131<\/a><\/p>\n","protected":false},"author":21,"featured_media":321691,"comment_status":"closed","ping_status":"closed","sticky":false,"template":"","format":"standard","meta":{"_acf_changed":false,"_sitemap_exclude":false,"_sitemap_priority":"","_sitemap_frequency":"","footnotes":""},"categories":[62,56],"tags":[],"class_list":["post-321690","post","type-post","status-publish","format-standard","has-post-thumbnail","hentry","category-sosial","category-xeberler","infinite-scroll-item","generate-columns","tablet-grid-50","mobile-grid-100","grid-parent","grid-33","no-featured-image-padding"],"acf":[],"yoast_head":"<!-- This site is optimized with the Yoast SEO plugin v27.4 - https:\/\/yoast.com\/product\/yoast-seo-wordpress\/ -->\n<title>A\u011fadada\u015f A\u011fayev xuliqanl\u0131q ittiham\u0131n\u0131 q\u0259bul etmir: \u201cH\u0259r \u015fey havada qal\u0131b\u201d - MEYDAN.TV<\/title>\n<meta name=\"description\" content=\"Xalq artisti, m\u00fc\u011f\u0259nni A\u011fadada\u015f A\u011fayev \u00f6z\u00fcn\u00fc t\u0259qsirli bilmir v\u0259 \u00f6z\u00fc il\u0259 ba\u011fl\u0131 cinay\u0259t i\u015fi \u00fczr\u0259 istintaqdan naraz\u0131d\u0131r.\" \/>\n<meta name=\"robots\" content=\"index, follow, max-snippet:-1, max-image-preview:large, max-video-preview:-1\" \/>\n<link rel=\"canonical\" href=\"https:\/\/www.meydan.tv\/az\/article\/agadadas-agayev-xuliqanliq-ittihamini-qebul-etmir-her-sey-havada-qalib\/\" \/>\n<meta property=\"og:locale\" content=\"az_AZ\" \/>\n<meta property=\"og:type\" content=\"article\" \/>\n<meta property=\"og:title\" content=\"A\u011fadada\u015f A\u011fayev xuliqanl\u0131q ittiham\u0131n\u0131 q\u0259bul etmir: \u201cH\u0259r \u015fey havada qal\u0131b\u201d - MEYDAN.TV\" \/>\n<meta property=\"og:description\" content=\"Xalq artisti, m\u00fc\u011f\u0259nni A\u011fadada\u015f A\u011fayev \u00f6z\u00fcn\u00fc t\u0259qsirli bilmir v\u0259 \u00f6z\u00fc il\u0259 ba\u011fl\u0131 cinay\u0259t i\u015fi \u00fczr\u0259 istintaqdan naraz\u0131d\u0131r.\" \/>\n<meta property=\"og:url\" content=\"https:\/\/www.meydan.tv\/az\/article\/agadadas-agayev-xuliqanliq-ittihamini-qebul-etmir-her-sey-havada-qalib\/\" \/>\n<meta property=\"og:site_name\" content=\"MEYDAN.TV\" \/>\n<meta property=\"article:published_time\" content=\"2024-11-28T15:31:16+00:00\" \/>\n<meta property=\"article:modified_time\" content=\"2024-11-28T15:31:19+00:00\" \/>\n<meta property=\"og:image\" content=\"https:\/\/www.meydan.tv\/wp-content\/uploads\/screenshot_2024-11-28_at_12.41.52.png\" \/>\n\t<meta property=\"og:image:width\" content=\"2076\" \/>\n\t<meta property=\"og:image:height\" content=\"1000\" \/>\n\t<meta property=\"og:image:type\" content=\"image\/png\" \/>\n<meta name=\"author\" content=\"mahmud\" \/>\n<meta name=\"twitter:card\" content=\"summary_large_image\" \/>\n<script type=\"application\/ld+json\" class=\"yoast-schema-graph\">{\"@context\":\"https:\\\/\\\/schema.org\",\"@graph\":[{\"@type\":\"Article\",\"@id\":\"https:\\\/\\\/www.meydan.tv\\\/az\\\/article\\\/agadadas-agayev-xuliqanliq-ittihamini-qebul-etmir-her-sey-havada-qalib\\\/#article\",\"isPartOf\":{\"@id\":\"https:\\\/\\\/www.meydan.tv\\\/az\\\/article\\\/agadadas-agayev-xuliqanliq-ittihamini-qebul-etmir-her-sey-havada-qalib\\\/\"},\"author\":{\"name\":\"mahmud\",\"@id\":\"https:\\\/\\\/www.meydan.tv\\\/az\\\/#\\\/schema\\\/person\\\/09863e516102a829e72bedcf3f84c6b0\"},\"headline\":\"A\u011fadada\u015f A\u011fayev xuliqanl\u0131q ittiham\u0131n\u0131 q\u0259bul etmir: \u201cH\u0259r \u015fey havada qal\u0131b\u201d\",\"datePublished\":\"2024-11-28T15:31:16+00:00\",\"dateModified\":\"2024-11-28T15:31:19+00:00\",\"mainEntityOfPage\":{\"@id\":\"https:\\\/\\\/www.meydan.tv\\\/az\\\/article\\\/agadadas-agayev-xuliqanliq-ittihamini-qebul-etmir-her-sey-havada-qalib\\\/\"},\"wordCount\":455,\"publisher\":{\"@id\":\"https:\\\/\\\/www.meydan.tv\\\/az\\\/#organization\"},\"image\":{\"@id\":\"https:\\\/\\\/www.meydan.tv\\\/az\\\/article\\\/agadadas-agayev-xuliqanliq-ittihamini-qebul-etmir-her-sey-havada-qalib\\\/#primaryimage\"},\"thumbnailUrl\":\"https:\\\/\\\/www.meydan.tv\\\/wp-content\\\/uploads\\\/screenshot_2024-11-28_at_12.41.52.png\",\"articleSection\":[\"Sosial\",\"X\u0259b\u0259rl\u0259r\"],\"inLanguage\":\"az\"},{\"@type\":\"WebPage\",\"@id\":\"https:\\\/\\\/www.meydan.tv\\\/az\\\/article\\\/agadadas-agayev-xuliqanliq-ittihamini-qebul-etmir-her-sey-havada-qalib\\\/\",\"url\":\"https:\\\/\\\/www.meydan.tv\\\/az\\\/article\\\/agadadas-agayev-xuliqanliq-ittihamini-qebul-etmir-her-sey-havada-qalib\\\/\",\"name\":\"A\u011fadada\u015f A\u011fayev xuliqanl\u0131q ittiham\u0131n\u0131 q\u0259bul etmir: \u201cH\u0259r \u015fey havada qal\u0131b\u201d - MEYDAN.TV\",\"isPartOf\":{\"@id\":\"https:\\\/\\\/www.meydan.tv\\\/az\\\/#website\"},\"primaryImageOfPage\":{\"@id\":\"https:\\\/\\\/www.meydan.tv\\\/az\\\/article\\\/agadadas-agayev-xuliqanliq-ittihamini-qebul-etmir-her-sey-havada-qalib\\\/#primaryimage\"},\"image\":{\"@id\":\"https:\\\/\\\/www.meydan.tv\\\/az\\\/article\\\/agadadas-agayev-xuliqanliq-ittihamini-qebul-etmir-her-sey-havada-qalib\\\/#primaryimage\"},\"thumbnailUrl\":\"https:\\\/\\\/www.meydan.tv\\\/wp-content\\\/uploads\\\/screenshot_2024-11-28_at_12.41.52.png\",\"datePublished\":\"2024-11-28T15:31:16+00:00\",\"dateModified\":\"2024-11-28T15:31:19+00:00\",\"description\":\"Xalq artisti, m\u00fc\u011f\u0259nni A\u011fadada\u015f A\u011fayev \u00f6z\u00fcn\u00fc t\u0259qsirli bilmir v\u0259 \u00f6z\u00fc il\u0259 ba\u011fl\u0131 cinay\u0259t i\u015fi \u00fczr\u0259 istintaqdan naraz\u0131d\u0131r.\",\"breadcrumb\":{\"@id\":\"https:\\\/\\\/www.meydan.tv\\\/az\\\/article\\\/agadadas-agayev-xuliqanliq-ittihamini-qebul-etmir-her-sey-havada-qalib\\\/#breadcrumb\"},\"inLanguage\":\"az\",\"potentialAction\":[{\"@type\":\"ReadAction\",\"target\":[\"https:\\\/\\\/www.meydan.tv\\\/az\\\/article\\\/agadadas-agayev-xuliqanliq-ittihamini-qebul-etmir-her-sey-havada-qalib\\\/\"]}]},{\"@type\":\"ImageObject\",\"inLanguage\":\"az\",\"@id\":\"https:\\\/\\\/www.meydan.tv\\\/az\\\/article\\\/agadadas-agayev-xuliqanliq-ittihamini-qebul-etmir-her-sey-havada-qalib\\\/#primaryimage\",\"url\":\"https:\\\/\\\/www.meydan.tv\\\/wp-content\\\/uploads\\\/screenshot_2024-11-28_at_12.41.52.png\",\"contentUrl\":\"https:\\\/\\\/www.meydan.tv\\\/wp-content\\\/uploads\\\/screenshot_2024-11-28_at_12.41.52.png\",\"width\":2076,\"height\":1000,\"caption\":\"A\u011fadada\u015f A\u011fayev m\u0259hk\u0259m\u0259d\u0259. Foto: Meydan TV\"},{\"@type\":\"BreadcrumbList\",\"@id\":\"https:\\\/\\\/www.meydan.tv\\\/az\\\/article\\\/agadadas-agayev-xuliqanliq-ittihamini-qebul-etmir-her-sey-havada-qalib\\\/#breadcrumb\",\"itemListElement\":[{\"@type\":\"ListItem\",\"position\":1,\"name\":\"Ana s\u0259hif\u0259\",\"item\":\"https:\\\/\\\/www.meydan.tv\\\/az\\\/\"},{\"@type\":\"ListItem\",\"position\":2,\"name\":\"X\u0259b\u0259rl\u0259r\",\"item\":\"https:\\\/\\\/www.meydan.tv\\\/az\\\/section\\\/xeberler\\\/\"},{\"@type\":\"ListItem\",\"position\":3,\"name\":\"A\u011fadada\u015f A\u011fayev xuliqanl\u0131q ittiham\u0131n\u0131 q\u0259bul etmir: \u201cH\u0259r \u015fey havada qal\u0131b\u201d\"}]},{\"@type\":\"WebSite\",\"@id\":\"https:\\\/\\\/www.meydan.tv\\\/az\\\/#website\",\"url\":\"https:\\\/\\\/www.meydan.tv\\\/az\\\/\",\"name\":\"MEYDAN.TV\",\"description\":\"Meydan TV Az\u0259rbaycan\u0131n media m\u0259kan\u0131ndak\u0131 alternativ s\u0259sidir\",\"publisher\":{\"@id\":\"https:\\\/\\\/www.meydan.tv\\\/az\\\/#organization\"},\"potentialAction\":[{\"@type\":\"SearchAction\",\"target\":{\"@type\":\"EntryPoint\",\"urlTemplate\":\"https:\\\/\\\/www.meydan.tv\\\/az\\\/?s={search_term_string}\"},\"query-input\":{\"@type\":\"PropertyValueSpecification\",\"valueRequired\":true,\"valueName\":\"search_term_string\"}}],\"inLanguage\":\"az\"},{\"@type\":\"Organization\",\"@id\":\"https:\\\/\\\/www.meydan.tv\\\/az\\\/#organization\",\"name\":\"Meydan TV\",\"url\":\"https:\\\/\\\/www.meydan.tv\\\/az\\\/\",\"logo\":{\"@type\":\"ImageObject\",\"inLanguage\":\"az\",\"@id\":\"https:\\\/\\\/www.meydan.tv\\\/az\\\/#\\\/schema\\\/logo\\\/image\\\/\",\"url\":\"https:\\\/\\\/www.meydan.tv\\\/wp-content\\\/uploads\\\/2021\\\/07\\\/meydan-logo.svg\",\"contentUrl\":\"https:\\\/\\\/www.meydan.tv\\\/wp-content\\\/uploads\\\/2021\\\/07\\\/meydan-logo.svg\",\"width\":195,\"height\":46,\"caption\":\"Meydan TV\"},\"image\":{\"@id\":\"https:\\\/\\\/www.meydan.tv\\\/az\\\/#\\\/schema\\\/logo\\\/image\\\/\"}},{\"@type\":\"Person\",\"@id\":\"https:\\\/\\\/www.meydan.tv\\\/az\\\/#\\\/schema\\\/person\\\/09863e516102a829e72bedcf3f84c6b0\",\"name\":\"mahmud\"}]}<\/script>\n<!-- \/ Yoast SEO plugin. -->","yoast_head_json":{"title":"A\u011fadada\u015f A\u011fayev xuliqanl\u0131q ittiham\u0131n\u0131 q\u0259bul etmir: \u201cH\u0259r \u015fey havada qal\u0131b\u201d - MEYDAN.TV","description":"Xalq artisti, m\u00fc\u011f\u0259nni A\u011fadada\u015f A\u011fayev \u00f6z\u00fcn\u00fc t\u0259qsirli bilmir v\u0259 \u00f6z\u00fc il\u0259 ba\u011fl\u0131 cinay\u0259t i\u015fi \u00fczr\u0259 istintaqdan naraz\u0131d\u0131r.","robots":{"index":"index","follow":"follow","max-snippet":"max-snippet:-1","max-image-preview":"max-image-preview:large","max-video-preview":"max-video-preview:-1"},"canonical":"https:\/\/www.meydan.tv\/az\/article\/agadadas-agayev-xuliqanliq-ittihamini-qebul-etmir-her-sey-havada-qalib\/","og_locale":"az_AZ","og_type":"article","og_title":"A\u011fadada\u015f A\u011fayev xuliqanl\u0131q ittiham\u0131n\u0131 q\u0259bul etmir: \u201cH\u0259r \u015fey havada qal\u0131b\u201d - MEYDAN.TV","og_description":"Xalq artisti, m\u00fc\u011f\u0259nni A\u011fadada\u015f A\u011fayev \u00f6z\u00fcn\u00fc t\u0259qsirli bilmir v\u0259 \u00f6z\u00fc il\u0259 ba\u011fl\u0131 cinay\u0259t i\u015fi \u00fczr\u0259 istintaqdan naraz\u0131d\u0131r.","og_url":"https:\/\/www.meydan.tv\/az\/article\/agadadas-agayev-xuliqanliq-ittihamini-qebul-etmir-her-sey-havada-qalib\/","og_site_name":"MEYDAN.TV","article_published_time":"2024-11-28T15:31:16+00:00","article_modified_time":"2024-11-28T15:31:19+00:00","og_image":[{"width":2076,"height":1000,"url":"https:\/\/www.meydan.tv\/wp-content\/uploads\/screenshot_2024-11-28_at_12.41.52.png","type":"image\/png"}],"author":"mahmud","twitter_card":"summary_large_image","schema":{"@context":"https:\/\/schema.org","@graph":[{"@type":"Article","@id":"https:\/\/www.meydan.tv\/az\/article\/agadadas-agayev-xuliqanliq-ittihamini-qebul-etmir-her-sey-havada-qalib\/#article","isPartOf":{"@id":"https:\/\/www.meydan.tv\/az\/article\/agadadas-agayev-xuliqanliq-ittihamini-qebul-etmir-her-sey-havada-qalib\/"},"author":{"name":"mahmud","@id":"https:\/\/www.meydan.tv\/az\/#\/schema\/person\/09863e516102a829e72bedcf3f84c6b0"},"headline":"A\u011fadada\u015f A\u011fayev xuliqanl\u0131q ittiham\u0131n\u0131 q\u0259bul etmir: \u201cH\u0259r \u015fey havada qal\u0131b\u201d","datePublished":"2024-11-28T15:31:16+00:00","dateModified":"2024-11-28T15:31:19+00:00","mainEntityOfPage":{"@id":"https:\/\/www.meydan.tv\/az\/article\/agadadas-agayev-xuliqanliq-ittihamini-qebul-etmir-her-sey-havada-qalib\/"},"wordCount":455,"publisher":{"@id":"https:\/\/www.meydan.tv\/az\/#organization"},"image":{"@id":"https:\/\/www.meydan.tv\/az\/article\/agadadas-agayev-xuliqanliq-ittihamini-qebul-etmir-her-sey-havada-qalib\/#primaryimage"},"thumbnailUrl":"https:\/\/www.meydan.tv\/wp-content\/uploads\/screenshot_2024-11-28_at_12.41.52.png","articleSection":["Sosial","X\u0259b\u0259rl\u0259r"],"inLanguage":"az"},{"@type":"WebPage","@id":"https:\/\/www.meydan.tv\/az\/article\/agadadas-agayev-xuliqanliq-ittihamini-qebul-etmir-her-sey-havada-qalib\/","url":"https:\/\/www.meydan.tv\/az\/article\/agadadas-agayev-xuliqanliq-ittihamini-qebul-etmir-her-sey-havada-qalib\/","name":"A\u011fadada\u015f A\u011fayev xuliqanl\u0131q ittiham\u0131n\u0131 q\u0259bul etmir: \u201cH\u0259r \u015fey havada qal\u0131b\u201d - MEYDAN.TV","isPartOf":{"@id":"https:\/\/www.meydan.tv\/az\/#website"},"primaryImageOfPage":{"@id":"https:\/\/www.meydan.tv\/az\/article\/agadadas-agayev-xuliqanliq-ittihamini-qebul-etmir-her-sey-havada-qalib\/#primaryimage"},"image":{"@id":"https:\/\/www.meydan.tv\/az\/article\/agadadas-agayev-xuliqanliq-ittihamini-qebul-etmir-her-sey-havada-qalib\/#primaryimage"},"thumbnailUrl":"https:\/\/www.meydan.tv\/wp-content\/uploads\/screenshot_2024-11-28_at_12.41.52.png","datePublished":"2024-11-28T15:31:16+00:00","dateModified":"2024-11-28T15:31:19+00:00","description":"Xalq artisti, m\u00fc\u011f\u0259nni A\u011fadada\u015f A\u011fayev \u00f6z\u00fcn\u00fc t\u0259qsirli bilmir v\u0259 \u00f6z\u00fc il\u0259 ba\u011fl\u0131 cinay\u0259t i\u015fi \u00fczr\u0259 istintaqdan naraz\u0131d\u0131r.","breadcrumb":{"@id":"https:\/\/www.meydan.tv\/az\/article\/agadadas-agayev-xuliqanliq-ittihamini-qebul-etmir-her-sey-havada-qalib\/#breadcrumb"},"inLanguage":"az","potentialAction":[{"@type":"ReadAction","target":["https:\/\/www.meydan.tv\/az\/article\/agadadas-agayev-xuliqanliq-ittihamini-qebul-etmir-her-sey-havada-qalib\/"]}]},{"@type":"ImageObject","inLanguage":"az","@id":"https:\/\/www.meydan.tv\/az\/article\/agadadas-agayev-xuliqanliq-ittihamini-qebul-etmir-her-sey-havada-qalib\/#primaryimage","url":"https:\/\/www.meydan.tv\/wp-content\/uploads\/screenshot_2024-11-28_at_12.41.52.png","contentUrl":"https:\/\/www.meydan.tv\/wp-content\/uploads\/screenshot_2024-11-28_at_12.41.52.png","width":2076,"height":1000,"caption":"A\u011fadada\u015f A\u011fayev m\u0259hk\u0259m\u0259d\u0259. Foto: Meydan TV"},{"@type":"BreadcrumbList","@id":"https:\/\/www.meydan.tv\/az\/article\/agadadas-agayev-xuliqanliq-ittihamini-qebul-etmir-her-sey-havada-qalib\/#breadcrumb","itemListElement":[{"@type":"ListItem","position":1,"name":"Ana s\u0259hif\u0259","item":"https:\/\/www.meydan.tv\/az\/"},{"@type":"ListItem","position":2,"name":"X\u0259b\u0259rl\u0259r","item":"https:\/\/www.meydan.tv\/az\/section\/xeberler\/"},{"@type":"ListItem","position":3,"name":"A\u011fadada\u015f A\u011fayev xuliqanl\u0131q ittiham\u0131n\u0131 q\u0259bul etmir: \u201cH\u0259r \u015fey havada qal\u0131b\u201d"}]},{"@type":"WebSite","@id":"https:\/\/www.meydan.tv\/az\/#website","url":"https:\/\/www.meydan.tv\/az\/","name":"MEYDAN.TV","description":"Meydan TV Az\u0259rbaycan\u0131n media m\u0259kan\u0131ndak\u0131 alternativ s\u0259sidir","publisher":{"@id":"https:\/\/www.meydan.tv\/az\/#organization"},"potentialAction":[{"@type":"SearchAction","target":{"@type":"EntryPoint","urlTemplate":"https:\/\/www.meydan.tv\/az\/?s={search_term_string}"},"query-input":{"@type":"PropertyValueSpecification","valueRequired":true,"valueName":"search_term_string"}}],"inLanguage":"az"},{"@type":"Organization","@id":"https:\/\/www.meydan.tv\/az\/#organization","name":"Meydan TV","url":"https:\/\/www.meydan.tv\/az\/","logo":{"@type":"ImageObject","inLanguage":"az","@id":"https:\/\/www.meydan.tv\/az\/#\/schema\/logo\/image\/","url":"https:\/\/www.meydan.tv\/wp-content\/uploads\/2021\/07\/meydan-logo.svg","contentUrl":"https:\/\/www.meydan.tv\/wp-content\/uploads\/2021\/07\/meydan-logo.svg","width":195,"height":46,"caption":"Meydan TV"},"image":{"@id":"https:\/\/www.meydan.tv\/az\/#\/schema\/logo\/image\/"}},{"@type":"Person","@id":"https:\/\/www.meydan.tv\/az\/#\/schema\/person\/09863e516102a829e72bedcf3f84c6b0","name":"mahmud"}]}},"_links":{"self":[{"href":"https:\/\/www.meydan.tv\/az\/wp-json\/wp\/v2\/posts\/321690","targetHints":{"allow":["GET"]}}],"collection":[{"href":"https:\/\/www.meydan.tv\/az\/wp-json\/wp\/v2\/posts"}],"about":[{"href":"https:\/\/www.meydan.tv\/az\/wp-json\/wp\/v2\/types\/post"}],"author":[{"embeddable":true,"href":"https:\/\/www.meydan.tv\/az\/wp-json\/wp\/v2\/users\/21"}],"replies":[{"embeddable":true,"href":"https:\/\/www.meydan.tv\/az\/wp-json\/wp\/v2\/comments?post=321690"}],"version-history":[{"count":2,"href":"https:\/\/www.meydan.tv\/az\/wp-json\/wp\/v2\/posts\/321690\/revisions"}],"predecessor-version":[{"id":321695,"href":"https:\/\/www.meydan.tv\/az\/wp-json\/wp\/v2\/posts\/321690\/revisions\/321695"}],"wp:featuredmedia":[{"embeddable":true,"href":"https:\/\/www.meydan.tv\/az\/wp-json\/wp\/v2\/media\/321691"}],"wp:attachment":[{"href":"https:\/\/www.meydan.tv\/az\/wp-json\/wp\/v2\/media?parent=321690"}],"wp:term":[{"taxonomy":"category","embeddable":true,"href":"https:\/\/www.meydan.tv\/az\/wp-json\/wp\/v2\/categories?post=321690"},{"taxonomy":"post_tag","embeddable":true,"href":"https:\/\/www.meydan.tv\/az\/wp-json\/wp\/v2\/tags?post=321690"}],"curies":[{"name":"wp","href":"https:\/\/api.w.org\/{rel}","templated":true}]}}